{"id":28004,"date":"2022-02-16T14:28:08","date_gmt":"2022-02-16T17:28:08","guid":{"rendered":"https:\/\/jornalfatosenoticias.com.br\/?p=28004"},"modified":"2022-02-16T14:28:12","modified_gmt":"2022-02-16T17:28:12","slug":"eleicao-chapa-quente-na-camara-municipal-de-fundao","status":"publish","type":"post","link":"https:\/\/jornalfatosenoticias.com.br\/index.php\/2022\/02\/16\/eleicao-chapa-quente-na-camara-municipal-de-fundao\/","title":{"rendered":"Elei\u00e7\u00e3o chapa quente na C\u00e2mara Municipal de Fund\u00e3o"},"content":{"rendered":"\n<p><em><span class=\"has-inline-color has-black-color\">Vereadores se revoltam com ato de autoritarismo do presidente da C\u00e2mara<\/span><\/em><\/p>\n\n\n\n<p>Em sess\u00e3o tumultuada, a C\u00e2mara de Vereadores de Fund\u00e3o teve mais um caso bem caracter\u00edstico da sua hist\u00f3ria. \u00c9 que a elei\u00e7\u00e3o da nova mesa diretora para o Bi\u00eanio 2023-2024, que aconteceria nesta ter\u00e7a-feira (15), acabou n\u00e3o ocorrendo em decorr\u00eancia da retirada da pauta, sem nenhuma justificativa jur\u00eddica, minutos antes da vota\u00e7\u00e3o, segundo vereadores da chapa concorrente.<br>Segundo o vereador Romenique Borges (Cidadania), a elei\u00e7\u00e3o da nova diretoria estava prevista para acontecer nesta ter\u00e7a-feira (15), por\u00e9m foi retirada de pauta aos 45 minutos do segundo tempo, logo ap\u00f3s o registro da segunda chapa composta pelos vereadores F\u00e9lix Tesch (Republicanos), Marcos Guilhermino (Republicanos) e A\u00e9lcio Peixoto (Pode).<\/p>\n\n\n\n<div class=\"wp-block-image\"><figure class=\"alignleft size-large\"><img decoding=\"async\" src=\"https:\/\/jornalfatosenoticias.com.br\/wp-content\/uploads\/2020\/02\/logo-Saudali.jpg\" alt=\"\" class=\"wp-image-27535\"\/><\/figure><\/div>\n\n\n\n<p>Para o vereador Romenique, o presidente recebeu informa\u00e7\u00f5es de que a chapa concorrente teria a maioria e, por isso, agiu de forma autorit\u00e1ria, sem parecer jur\u00eddico e nenhum motivo que justificasse tal atitude. Antes de abandonar o plen\u00e1rio, Romenique solicitou que o ato do presidente, ao qual qualificou como abuso de poder, fosse registrado em ata, encaminhado \u00e0 comiss\u00e3o de \u00e9tica da Casa e oficiado o Minist\u00e9rio P\u00fablico.<br>O vereador Aelcio disse que a elei\u00e7\u00e3o foi convocada pelo presidente, Sandro Lima. \u201cJ\u00e1 estava na pauta, mas foi retirada alguns minutos antes, sem nenhuma justificativa. Protocolamos a nossa chapa faltando 20 minutos antes do prazo de encerramento, \u00e0s 16h\u201d.<\/p>\n\n\n\n<div class=\"wp-block-image\"><figure class=\"alignright size-large\"><img decoding=\"async\" src=\"https:\/\/jornalfatosenoticias.com.br\/wp-content\/uploads\/2022\/02\/LOGO_PRECISAO-CONTABILIDADE.jpg\" alt=\"\" class=\"wp-image-27697\"\/><\/figure><\/div>\n\n\n\n<p>Os vereadores apoiadores da nova chapa: Paulinho Cole (Cidadania), F\u00e9lix Tesch (Republicanos), Vilcimar Corr\u00eaa (PDT), Aelcio Peixoto (Pode), Romenique Borges (Cidadania) e Marcos Guilhermino (Republicanos) em ato de resist\u00eancia e protesto, se retiraram da sess\u00e3o.<\/p>\n\n\n\n<p><strong><span class=\"has-inline-color has-black-color\">O que disse o presidente<br><\/span><\/strong>O presidente disse que estaria infringindo o art. 118 do Regimento Interno que diz que as mat\u00e9rias, para serem inclu\u00eddas na Ordem do Dia e votadas, precisam de, pelo menos, 48 horas de anteced\u00eancia.<\/p>\n\n\n\n<figure class=\"wp-block-image size-large\"><img decoding=\"async\" src=\"https:\/\/jornalfatosenoticias.com.br\/wp-content\/uploads\/2020\/02\/Serra-Grande-1024x160.png\" alt=\"\" class=\"wp-image-7836\"\/><\/figure>\n","protected":false},"excerpt":{"rendered":"<p>Vereadores se revoltam com ato de autoritarismo do presidente da C\u00e2mara Em sess\u00e3o tumultuada, a C\u00e2mara de Vereadores de Fund\u00e3o teve mais um caso bem caracter\u00edstico da sua hist\u00f3ria. \u00c9 que a elei\u00e7\u00e3o da nova mesa diretora para o Bi\u00eanio 2023-2024, que aconteceria nesta ter\u00e7a-feira (15), acabou n\u00e3o ocorrendo em decorr\u00eancia da retirada da pauta, [&hellip;]<\/p>\n","protected":false},"author":3,"featured_media":28005,"comment_status":"open","ping_status":"open","sticky":false,"template":"","format":"standard","meta":{"footnotes":""},"categories":[10],"tags":[13351,13349,13350,7913,4781],"class_list":["post-28004","post","type-post","status-publish","format-standard","has-post-thumbnail","hentry","category-politica","tag-autoritarismo","tag-camara-municipal-de-fundao","tag-velha-politica","tag-vereadores","tag-vergonha"],"yoast_head":"<!-- This site is optimized with the Yoast SEO plugin v26.5 - https:\/\/yoast.com\/wordpress\/plugins\/seo\/ -->\n<title>Elei\u00e7\u00e3o chapa quente na C\u00e2mara Municipal de Fund\u00e3o - Jornal Fatos e Not\u00edcias<\/title>\n<meta name=\"robots\" content=\"index, follow, max-snippet:-1, max-image-preview:large, max-video-preview:-1\" \/>\n<link rel=\"canonical\" href=\"https:\/\/jornalfatosenoticias.com.br\/index.php\/2022\/02\/16\/eleicao-chapa-quente-na-camara-municipal-de-fundao\/\" \/>\n<meta property=\"og:locale\" content=\"pt_BR\" \/>\n<meta property=\"og:type\" content=\"article\" \/>\n<meta property=\"og:title\" content=\"Elei\u00e7\u00e3o chapa quente na C\u00e2mara Municipal de Fund\u00e3o - Jornal Fatos e Not\u00edcias\" \/>\n<meta property=\"og:description\" content=\"Vereadores se revoltam com ato de autoritarismo do presidente da C\u00e2mara Em sess\u00e3o tumultuada, a C\u00e2mara de Vereadores de Fund\u00e3o teve mais um caso bem caracter\u00edstico da sua hist\u00f3ria. \u00c9 que a elei\u00e7\u00e3o da nova mesa diretora para o Bi\u00eanio 2023-2024, que aconteceria nesta ter\u00e7a-feira (15), acabou n\u00e3o ocorrendo em decorr\u00eancia da retirada da pauta, [&hellip;]\" \/>\n<meta property=\"og:url\" content=\"https:\/\/jornalfatosenoticias.com.br\/index.php\/2022\/02\/16\/eleicao-chapa-quente-na-camara-municipal-de-fundao\/\" \/>\n<meta property=\"og:site_name\" content=\"Jornal Fatos e Not\u00edcias\" \/>\n<meta property=\"article:published_time\" content=\"2022-02-16T17:28:08+00:00\" \/>\n<meta property=\"article:modified_time\" content=\"2022-02-16T17:28:12+00:00\" \/>\n<meta property=\"og:image\" content=\"https:\/\/jornalfatosenoticias.com.br\/wp-content\/uploads\/2022\/02\/vereadores-fundao.jpg\" \/>\n\t<meta property=\"og:image:width\" content=\"1000\" \/>\n\t<meta property=\"og:image:height\" content=\"635\" \/>\n\t<meta property=\"og:image:type\" content=\"image\/jpeg\" \/>\n<meta name=\"author\" content=\"Haroldo Filho\" \/>\n<meta name=\"twitter:card\" content=\"summary_large_image\" \/>\n<meta name=\"twitter:label1\" content=\"Escrito por\" \/>\n\t<meta name=\"twitter:data1\" content=\"Haroldo Filho\" \/>\n\t<meta name=\"twitter:label2\" content=\"Est. tempo de leitura\" \/>\n\t<meta name=\"twitter:data2\" content=\"2 minutos\" \/>\n<script type=\"application\/ld+json\" class=\"yoast-schema-graph\">{\"@context\":\"https:\/\/schema.org\",\"@graph\":[{\"@type\":\"Article\",\"@id\":\"https:\/\/jornalfatosenoticias.com.br\/index.php\/2022\/02\/16\/eleicao-chapa-quente-na-camara-municipal-de-fundao\/#article\",\"isPartOf\":{\"@id\":\"https:\/\/jornalfatosenoticias.com.br\/index.php\/2022\/02\/16\/eleicao-chapa-quente-na-camara-municipal-de-fundao\/\"},\"author\":{\"name\":\"Haroldo Filho\",\"@id\":\"https:\/\/jornalfatosenoticias.com.br\/#\/schema\/person\/05c46cc25b42a5c27e004fb0fa6b4965\"},\"headline\":\"Elei\u00e7\u00e3o chapa quente na C\u00e2mara Municipal de Fund\u00e3o\",\"datePublished\":\"2022-02-16T17:28:08+00:00\",\"dateModified\":\"2022-02-16T17:28:12+00:00\",\"mainEntityOfPage\":{\"@id\":\"https:\/\/jornalfatosenoticias.com.br\/index.php\/2022\/02\/16\/eleicao-chapa-quente-na-camara-municipal-de-fundao\/\"},\"wordCount\":336,\"commentCount\":0,\"publisher\":{\"@id\":\"https:\/\/jornalfatosenoticias.com.br\/#organization\"},\"image\":{\"@id\":\"https:\/\/jornalfatosenoticias.com.br\/index.php\/2022\/02\/16\/eleicao-chapa-quente-na-camara-municipal-de-fundao\/#primaryimage\"},\"thumbnailUrl\":\"https:\/\/jornalfatosenoticias.com.br\/wp-content\/uploads\/2022\/02\/vereadores-fundao.jpg\",\"keywords\":[\"autoritarismo\",\"C\u00e2mara Municipal de Fund\u00e3o\",\"velha pol\u00edtica\",\"vereadores\",\"vergonha\"],\"articleSection\":[\"Pol\u00edtica\"],\"inLanguage\":\"pt-BR\",\"potentialAction\":[{\"@type\":\"CommentAction\",\"name\":\"Comment\",\"target\":[\"https:\/\/jornalfatosenoticias.com.br\/index.php\/2022\/02\/16\/eleicao-chapa-quente-na-camara-municipal-de-fundao\/#respond\"]}]},{\"@type\":\"WebPage\",\"@id\":\"https:\/\/jornalfatosenoticias.com.br\/index.php\/2022\/02\/16\/eleicao-chapa-quente-na-camara-municipal-de-fundao\/\",\"url\":\"https:\/\/jornalfatosenoticias.com.br\/index.php\/2022\/02\/16\/eleicao-chapa-quente-na-camara-municipal-de-fundao\/\",\"name\":\"Elei\u00e7\u00e3o chapa quente na C\u00e2mara Municipal de Fund\u00e3o - Jornal Fatos e Not\u00edcias\",\"isPartOf\":{\"@id\":\"https:\/\/jornalfatosenoticias.com.br\/#website\"},\"primaryImageOfPage\":{\"@id\":\"https:\/\/jornalfatosenoticias.com.br\/index.php\/2022\/02\/16\/eleicao-chapa-quente-na-camara-municipal-de-fundao\/#primaryimage\"},\"image\":{\"@id\":\"https:\/\/jornalfatosenoticias.com.br\/index.php\/2022\/02\/16\/eleicao-chapa-quente-na-camara-municipal-de-fundao\/#primaryimage\"},\"thumbnailUrl\":\"https:\/\/jornalfatosenoticias.com.br\/wp-content\/uploads\/2022\/02\/vereadores-fundao.jpg\",\"datePublished\":\"2022-02-16T17:28:08+00:00\",\"dateModified\":\"2022-02-16T17:28:12+00:00\",\"breadcrumb\":{\"@id\":\"https:\/\/jornalfatosenoticias.com.br\/index.php\/2022\/02\/16\/eleicao-chapa-quente-na-camara-municipal-de-fundao\/#breadcrumb\"},\"inLanguage\":\"pt-BR\",\"potentialAction\":[{\"@type\":\"ReadAction\",\"target\":[\"https:\/\/jornalfatosenoticias.com.br\/index.php\/2022\/02\/16\/eleicao-chapa-quente-na-camara-municipal-de-fundao\/\"]}]},{\"@type\":\"ImageObject\",\"inLanguage\":\"pt-BR\",\"@id\":\"https:\/\/jornalfatosenoticias.com.br\/index.php\/2022\/02\/16\/eleicao-chapa-quente-na-camara-municipal-de-fundao\/#primaryimage\",\"url\":\"https:\/\/jornalfatosenoticias.com.br\/wp-content\/uploads\/2022\/02\/vereadores-fundao.jpg\",\"contentUrl\":\"https:\/\/jornalfatosenoticias.com.br\/wp-content\/uploads\/2022\/02\/vereadores-fundao.jpg\",\"width\":1000,\"height\":635},{\"@type\":\"BreadcrumbList\",\"@id\":\"https:\/\/jornalfatosenoticias.com.br\/index.php\/2022\/02\/16\/eleicao-chapa-quente-na-camara-municipal-de-fundao\/#breadcrumb\",\"itemListElement\":[{\"@type\":\"ListItem\",\"position\":1,\"name\":\"In\u00edcio\",\"item\":\"https:\/\/jornalfatosenoticias.com.br\/\"},{\"@type\":\"ListItem\",\"position\":2,\"name\":\"Elei\u00e7\u00e3o chapa quente na C\u00e2mara Municipal de Fund\u00e3o\"}]},{\"@type\":\"WebSite\",\"@id\":\"https:\/\/jornalfatosenoticias.com.br\/#website\",\"url\":\"https:\/\/jornalfatosenoticias.com.br\/\",\"name\":\"Jornal Fatos e Not\u00edcias\",\"description\":\"Not\u00edcias em geral\",\"publisher\":{\"@id\":\"https:\/\/jornalfatosenoticias.com.br\/#organization\"},\"potentialAction\":[{\"@type\":\"SearchAction\",\"target\":{\"@type\":\"EntryPoint\",\"urlTemplate\":\"https:\/\/jornalfatosenoticias.com.br\/?s={search_term_string}\"},\"query-input\":{\"@type\":\"PropertyValueSpecification\",\"valueRequired\":true,\"valueName\":\"search_term_string\"}}],\"inLanguage\":\"pt-BR\"},{\"@type\":\"Organization\",\"@id\":\"https:\/\/jornalfatosenoticias.com.br\/#organization\",\"name\":\"Jornal Fatos e Not\u00edcias\",\"url\":\"https:\/\/jornalfatosenoticias.com.br\/\",\"logo\":{\"@type\":\"ImageObject\",\"inLanguage\":\"pt-BR\",\"@id\":\"https:\/\/jornalfatosenoticias.com.br\/#\/schema\/logo\/image\/\",\"url\":\"https:\/\/jornalfatosenoticias.com.br\/wp-content\/uploads\/2020\/02\/logo120.png\",\"contentUrl\":\"https:\/\/jornalfatosenoticias.com.br\/wp-content\/uploads\/2020\/02\/logo120.png\",\"width\":1227,\"height\":120,\"caption\":\"Jornal Fatos e Not\u00edcias\"},\"image\":{\"@id\":\"https:\/\/jornalfatosenoticias.com.br\/#\/schema\/logo\/image\/\"}},{\"@type\":\"Person\",\"@id\":\"https:\/\/jornalfatosenoticias.com.br\/#\/schema\/person\/05c46cc25b42a5c27e004fb0fa6b4965\",\"name\":\"Haroldo Filho\",\"image\":{\"@type\":\"ImageObject\",\"inLanguage\":\"pt-BR\",\"@id\":\"https:\/\/jornalfatosenoticias.com.br\/#\/schema\/person\/image\/\",\"url\":\"https:\/\/jornalfatosenoticias.com.br\/wp-content\/uploads\/2025\/08\/WhatsApp-Image-2025-08-18-at-15.30.28-150x150.jpeg\",\"contentUrl\":\"https:\/\/jornalfatosenoticias.com.br\/wp-content\/uploads\/2025\/08\/WhatsApp-Image-2025-08-18-at-15.30.28-150x150.jpeg\",\"caption\":\"Haroldo Filho\"},\"description\":\"Jornalista \u2013 DRT: 0003818\/ES Coordenador-geral da ONG Educar para Crescer\",\"url\":\"https:\/\/jornalfatosenoticias.com.br\/index.php\/author\/haroldo\/\"}]}<\/script>\n<!-- \/ Yoast SEO plugin. -->","yoast_head_json":{"title":"Elei\u00e7\u00e3o chapa quente na C\u00e2mara Municipal de Fund\u00e3o - Jornal Fatos e Not\u00edcias","robots":{"index":"index","follow":"follow","max-snippet":"max-snippet:-1","max-image-preview":"max-image-preview:large","max-video-preview":"max-video-preview:-1"},"canonical":"https:\/\/jornalfatosenoticias.com.br\/index.php\/2022\/02\/16\/eleicao-chapa-quente-na-camara-municipal-de-fundao\/","og_locale":"pt_BR","og_type":"article","og_title":"Elei\u00e7\u00e3o chapa quente na C\u00e2mara Municipal de Fund\u00e3o - Jornal Fatos e Not\u00edcias","og_description":"Vereadores se revoltam com ato de autoritarismo do presidente da C\u00e2mara Em sess\u00e3o tumultuada, a C\u00e2mara de Vereadores de Fund\u00e3o teve mais um caso bem caracter\u00edstico da sua hist\u00f3ria. \u00c9 que a elei\u00e7\u00e3o da nova mesa diretora para o Bi\u00eanio 2023-2024, que aconteceria nesta ter\u00e7a-feira (15), acabou n\u00e3o ocorrendo em decorr\u00eancia da retirada da pauta, [&hellip;]","og_url":"https:\/\/jornalfatosenoticias.com.br\/index.php\/2022\/02\/16\/eleicao-chapa-quente-na-camara-municipal-de-fundao\/","og_site_name":"Jornal Fatos e Not\u00edcias","article_published_time":"2022-02-16T17:28:08+00:00","article_modified_time":"2022-02-16T17:28:12+00:00","og_image":[{"width":1000,"height":635,"url":"https:\/\/jornalfatosenoticias.com.br\/wp-content\/uploads\/2022\/02\/vereadores-fundao.jpg","type":"image\/jpeg"}],"author":"Haroldo Filho","twitter_card":"summary_large_image","twitter_misc":{"Escrito por":"Haroldo Filho","Est. tempo de leitura":"2 minutos"},"schema":{"@context":"https:\/\/schema.org","@graph":[{"@type":"Article","@id":"https:\/\/jornalfatosenoticias.com.br\/index.php\/2022\/02\/16\/eleicao-chapa-quente-na-camara-municipal-de-fundao\/#article","isPartOf":{"@id":"https:\/\/jornalfatosenoticias.com.br\/index.php\/2022\/02\/16\/eleicao-chapa-quente-na-camara-municipal-de-fundao\/"},"author":{"name":"Haroldo Filho","@id":"https:\/\/jornalfatosenoticias.com.br\/#\/schema\/person\/05c46cc25b42a5c27e004fb0fa6b4965"},"headline":"Elei\u00e7\u00e3o chapa quente na C\u00e2mara Municipal de Fund\u00e3o","datePublished":"2022-02-16T17:28:08+00:00","dateModified":"2022-02-16T17:28:12+00:00","mainEntityOfPage":{"@id":"https:\/\/jornalfatosenoticias.com.br\/index.php\/2022\/02\/16\/eleicao-chapa-quente-na-camara-municipal-de-fundao\/"},"wordCount":336,"commentCount":0,"publisher":{"@id":"https:\/\/jornalfatosenoticias.com.br\/#organization"},"image":{"@id":"https:\/\/jornalfatosenoticias.com.br\/index.php\/2022\/02\/16\/eleicao-chapa-quente-na-camara-municipal-de-fundao\/#primaryimage"},"thumbnailUrl":"https:\/\/jornalfatosenoticias.com.br\/wp-content\/uploads\/2022\/02\/vereadores-fundao.jpg","keywords":["autoritarismo","C\u00e2mara Municipal de Fund\u00e3o","velha pol\u00edtica","vereadores","vergonha"],"articleSection":["Pol\u00edtica"],"inLanguage":"pt-BR","potentialAction":[{"@type":"CommentAction","name":"Comment","target":["https:\/\/jornalfatosenoticias.com.br\/index.php\/2022\/02\/16\/eleicao-chapa-quente-na-camara-municipal-de-fundao\/#respond"]}]},{"@type":"WebPage","@id":"https:\/\/jornalfatosenoticias.com.br\/index.php\/2022\/02\/16\/eleicao-chapa-quente-na-camara-municipal-de-fundao\/","url":"https:\/\/jornalfatosenoticias.com.br\/index.php\/2022\/02\/16\/eleicao-chapa-quente-na-camara-municipal-de-fundao\/","name":"Elei\u00e7\u00e3o chapa quente na C\u00e2mara Municipal de Fund\u00e3o - Jornal Fatos e Not\u00edcias","isPartOf":{"@id":"https:\/\/jornalfatosenoticias.com.br\/#website"},"primaryImageOfPage":{"@id":"https:\/\/jornalfatosenoticias.com.br\/index.php\/2022\/02\/16\/eleicao-chapa-quente-na-camara-municipal-de-fundao\/#primaryimage"},"image":{"@id":"https:\/\/jornalfatosenoticias.com.br\/index.php\/2022\/02\/16\/eleicao-chapa-quente-na-camara-municipal-de-fundao\/#primaryimage"},"thumbnailUrl":"https:\/\/jornalfatosenoticias.com.br\/wp-content\/uploads\/2022\/02\/vereadores-fundao.jpg","datePublished":"2022-02-16T17:28:08+00:00","dateModified":"2022-02-16T17:28:12+00:00","breadcrumb":{"@id":"https:\/\/jornalfatosenoticias.com.br\/index.php\/2022\/02\/16\/eleicao-chapa-quente-na-camara-municipal-de-fundao\/#breadcrumb"},"inLanguage":"pt-BR","potentialAction":[{"@type":"ReadAction","target":["https:\/\/jornalfatosenoticias.com.br\/index.php\/2022\/02\/16\/eleicao-chapa-quente-na-camara-municipal-de-fundao\/"]}]},{"@type":"ImageObject","inLanguage":"pt-BR","@id":"https:\/\/jornalfatosenoticias.com.br\/index.php\/2022\/02\/16\/eleicao-chapa-quente-na-camara-municipal-de-fundao\/#primaryimage","url":"https:\/\/jornalfatosenoticias.com.br\/wp-content\/uploads\/2022\/02\/vereadores-fundao.jpg","contentUrl":"https:\/\/jornalfatosenoticias.com.br\/wp-content\/uploads\/2022\/02\/vereadores-fundao.jpg","width":1000,"height":635},{"@type":"BreadcrumbList","@id":"https:\/\/jornalfatosenoticias.com.br\/index.php\/2022\/02\/16\/eleicao-chapa-quente-na-camara-municipal-de-fundao\/#breadcrumb","itemListElement":[{"@type":"ListItem","position":1,"name":"In\u00edcio","item":"https:\/\/jornalfatosenoticias.com.br\/"},{"@type":"ListItem","position":2,"name":"Elei\u00e7\u00e3o chapa quente na C\u00e2mara Municipal de Fund\u00e3o"}]},{"@type":"WebSite","@id":"https:\/\/jornalfatosenoticias.com.br\/#website","url":"https:\/\/jornalfatosenoticias.com.br\/","name":"Jornal Fatos e Not\u00edcias","description":"Not\u00edcias em geral","publisher":{"@id":"https:\/\/jornalfatosenoticias.com.br\/#organization"},"potentialAction":[{"@type":"SearchAction","target":{"@type":"EntryPoint","urlTemplate":"https:\/\/jornalfatosenoticias.com.br\/?s={search_term_string}"},"query-input":{"@type":"PropertyValueSpecification","valueRequired":true,"valueName":"search_term_string"}}],"inLanguage":"pt-BR"},{"@type":"Organization","@id":"https:\/\/jornalfatosenoticias.com.br\/#organization","name":"Jornal Fatos e Not\u00edcias","url":"https:\/\/jornalfatosenoticias.com.br\/","logo":{"@type":"ImageObject","inLanguage":"pt-BR","@id":"https:\/\/jornalfatosenoticias.com.br\/#\/schema\/logo\/image\/","url":"https:\/\/jornalfatosenoticias.com.br\/wp-content\/uploads\/2020\/02\/logo120.png","contentUrl":"https:\/\/jornalfatosenoticias.com.br\/wp-content\/uploads\/2020\/02\/logo120.png","width":1227,"height":120,"caption":"Jornal Fatos e Not\u00edcias"},"image":{"@id":"https:\/\/jornalfatosenoticias.com.br\/#\/schema\/logo\/image\/"}},{"@type":"Person","@id":"https:\/\/jornalfatosenoticias.com.br\/#\/schema\/person\/05c46cc25b42a5c27e004fb0fa6b4965","name":"Haroldo Filho","image":{"@type":"ImageObject","inLanguage":"pt-BR","@id":"https:\/\/jornalfatosenoticias.com.br\/#\/schema\/person\/image\/","url":"https:\/\/jornalfatosenoticias.com.br\/wp-content\/uploads\/2025\/08\/WhatsApp-Image-2025-08-18-at-15.30.28-150x150.jpeg","contentUrl":"https:\/\/jornalfatosenoticias.com.br\/wp-content\/uploads\/2025\/08\/WhatsApp-Image-2025-08-18-at-15.30.28-150x150.jpeg","caption":"Haroldo Filho"},"description":"Jornalista \u2013 DRT: 0003818\/ES Coordenador-geral da ONG Educar para Crescer","url":"https:\/\/jornalfatosenoticias.com.br\/index.php\/author\/haroldo\/"}]}},"cc_featured_image_caption":{"caption_text":"(Foto: Divulga\u00e7\u00e3o) ","source_text":"","source_url":""},"jetpack_featured_media_url":"https:\/\/jornalfatosenoticias.com.br\/wp-content\/uploads\/2022\/02\/vereadores-fundao.jpg","_links":{"self":[{"href":"https:\/\/jornalfatosenoticias.com.br\/index.php\/wp-json\/wp\/v2\/posts\/28004","targetHints":{"allow":["GET"]}}],"collection":[{"href":"https:\/\/jornalfatosenoticias.com.br\/index.php\/wp-json\/wp\/v2\/posts"}],"about":[{"href":"https:\/\/jornalfatosenoticias.com.br\/index.php\/wp-json\/wp\/v2\/types\/post"}],"author":[{"embeddable":true,"href":"https:\/\/jornalfatosenoticias.com.br\/index.php\/wp-json\/wp\/v2\/users\/3"}],"replies":[{"embeddable":true,"href":"https:\/\/jornalfatosenoticias.com.br\/index.php\/wp-json\/wp\/v2\/comments?post=28004"}],"version-history":[{"count":0,"href":"https:\/\/jornalfatosenoticias.com.br\/index.php\/wp-json\/wp\/v2\/posts\/28004\/revisions"}],"wp:featuredmedia":[{"embeddable":true,"href":"https:\/\/jornalfatosenoticias.com.br\/index.php\/wp-json\/wp\/v2\/media\/28005"}],"wp:attachment":[{"href":"https:\/\/jornalfatosenoticias.com.br\/index.php\/wp-json\/wp\/v2\/media?parent=28004"}],"wp:term":[{"taxonomy":"category","embeddable":true,"href":"https:\/\/jornalfatosenoticias.com.br\/index.php\/wp-json\/wp\/v2\/categories?post=28004"},{"taxonomy":"post_tag","embeddable":true,"href":"https:\/\/jornalfatosenoticias.com.br\/index.php\/wp-json\/wp\/v2\/tags?post=28004"}],"curies":[{"name":"wp","href":"https:\/\/api.w.org\/{rel}","templated":true}]}}