{"id":28060,"date":"2022-02-18T15:17:58","date_gmt":"2022-02-18T18:17:58","guid":{"rendered":"https:\/\/jornalfatosenoticias.com.br\/?p=28060"},"modified":"2022-02-18T15:18:01","modified_gmt":"2022-02-18T18:18:01","slug":"sobrinha-neta-de-tarsila-do-amaral-e-coautora-de-livros-infantis-sobre-obras-da-artista","status":"publish","type":"post","link":"https:\/\/jornalfatosenoticias.com.br\/index.php\/2022\/02\/18\/sobrinha-neta-de-tarsila-do-amaral-e-coautora-de-livros-infantis-sobre-obras-da-artista\/","title":{"rendered":"Sobrinha-neta de Tarsila do Amaral \u00e9 coautora de livros infantis sobre obras da artista"},"content":{"rendered":"\n<p><em><span class=\"has-inline-color has-black-color\">Voltado ao p\u00fablico infantil, em ambos as crian\u00e7as aprendem cores e formas da modernista<\/span><\/em><\/p>\n\n\n\n<p>A editora Melhoramentos relan\u00e7ou dois livros para os pequenos se aproximarem dos trabalhos da artista pl\u00e1stica Tarsila do Amaral, T<em>arsilinha e as cores e Tarsilinha e as formas<\/em>. Os dois apresentam obras famosas da artista como Abapuru, A Cuca, Antropofagia, Caipirinha e Manac\u00e1. Em <em>Tarsilinha e as cores,<\/em> \u00e9 apresentada a beleza das cores que comp\u00f5em as pinturas da artista, instigando o leitor a comparar com o seu dia a dia. J\u00e1 o outro livro, al\u00e9m de ensinar as formas geom\u00e9tricas por meio dos elementos que comp\u00f5em as pinturas, ensina a desenhar uma s\u00e9rie de coisas, como o Sol, as casas e uma igreja.<br>Com ilustra\u00e7\u00e3o de Cris Alhadeff, as duas hist\u00f3rias foram escritas por Patr\u00edcia Engel Secco, autora premiada pelo International Board on Books for Young People (IBBY), e Tarsilinha do Amaral, sobrinha-neta da artista e palestrante especializada em sua vida e obra.<\/p>\n\n\n\n<figure class=\"wp-block-image size-large\"><img decoding=\"async\" src=\"https:\/\/jornalfatosenoticias.com.br\/wp-content\/uploads\/2022\/02\/Banner-1-1024x101.png\" alt=\"\" class=\"wp-image-27923\"\/><\/figure>\n\n\n\n<p><strong><span class=\"has-inline-color has-black-color\">Proximidade com as crian\u00e7as<br><\/span><\/strong>Na opini\u00e3o de Tarsilinha, um dos grandes sucessos das obras de sua tia vem da conex\u00e3o que ela tem com o p\u00fablico infantil. <\/p>\n\n\n\n<blockquote class=\"wp-block-quote is-layout-flow wp-block-quote-is-layout-flow\"><p><span class=\"has-inline-color has-luminous-vivid-orange-color\">\u201cSua inf\u00e2ncia \u00e9 marcante nas obras. Vemos muito do que ela viveu nas fazendas do pai, como as cores do interior, as paisagens rurais, a fauna e a flora. Na escola, as crian\u00e7as aprendem sobre sua vida, que tinha 40 gatos, subia em \u00e1rvore e catava maracuj\u00e1. Ent\u00e3o, achamos que seria maravilhoso trazer a pr\u00f3pria Tarsilinha para ter esse contato com as crian\u00e7as\u201d, diz.<\/span><\/p><\/blockquote>\n\n\n\n<p>A sobrinha-neta da artista conta ainda que se impressiona com o conhecimento dos pequenos sobre as pinturas. \u201cAt\u00e9 os menores sabem os nomes das obras e informa\u00e7\u00f5es que nem os pais conhecem.\u201d A autora, que tem o mesmo nome da artista, agradece pela homenagem que seus pais fizeram. \u201c\u00c9 muito legal quando encontro as crian\u00e7as e elas me confundem com a pintora. Eu acabo materializando minha tia e aproximando as crian\u00e7as deste mito que foi a Tarsila. \u00c9 m\u00e1gico\u201d.<\/p>\n\n\n\n<blockquote class=\"wp-block-quote is-layout-flow wp-block-quote-is-layout-flow\"><p><span class=\"has-inline-color has-luminous-vivid-orange-color\">\u201cAs pinturas de Tarsila do Amaral conversam muito com o p\u00fablico infantil porque s\u00e3o alegres, coloridas e trazem bastante da inf\u00e2ncia dela. \u00c9 muito legal ver as crian\u00e7as mergulhando nas obras e aprendendo com elas n\u00e3o s\u00f3 na sala de aula, mas agora tamb\u00e9m com seus pais\u201d, diz Patr\u00edcia.<\/span><\/p><\/blockquote>\n\n\n\n<figure class=\"wp-block-image size-large\"><img loading=\"lazy\" decoding=\"async\" width=\"1024\" height=\"103\" src=\"https:\/\/jornalfatosenoticias.com.br\/wp-content\/uploads\/2022\/02\/Arte-Autoescola-Galatas_endereco_portal-1024x103.png\" alt=\"\" class=\"wp-image-27869\" srcset=\"https:\/\/jornalfatosenoticias.com.br\/wp-content\/uploads\/2022\/02\/Arte-Autoescola-Galatas_endereco_portal-1024x103.png 1024w, https:\/\/jornalfatosenoticias.com.br\/wp-content\/uploads\/2022\/02\/Arte-Autoescola-Galatas_endereco_portal-300x30.png 300w, https:\/\/jornalfatosenoticias.com.br\/wp-content\/uploads\/2022\/02\/Arte-Autoescola-Galatas_endereco_portal-768x77.png 768w, https:\/\/jornalfatosenoticias.com.br\/wp-content\/uploads\/2022\/02\/Arte-Autoescola-Galatas_endereco_portal.png 1223w\" sizes=\"auto, (max-width: 1024px) 100vw, 1024px\" \/><\/figure>\n\n\n\n<p><strong><span class=\"has-inline-color has-black-color\">Ficha t\u00e9cnica<br><\/span><\/strong>Obra: <em>Tarsilinha e as Cores<\/em><br>Autor: Patr\u00edcia Engel Secco\/Tarsilinha do Amaral<br>Ilustrador: Cris Alhadeff<br>N\u00famero de p\u00e1ginas: 24<br>Pre\u00e7o sugerido: R\uff04 25,00<\/p>\n\n\n\n<p>Obra: <em>Tarsilinha e as Formas<\/em><br>Autor: Patr\u00edcia Engel Secco\/ Tarsilinha do Amaral<br>Ilustrador: Cris Alhadeff<br>N\u00famero de p\u00e1ginas: 24<br>Pre\u00e7o sugerido: R\uff04 25,00<\/p>\n\n\n\n<p><strong><span class=\"has-inline-color has-black-color\"><em>Assista:<\/em><\/span><\/strong><\/p>\n\n\n\n<figure class=\"wp-block-embed-youtube wp-block-embed is-type-video is-provider-youtube wp-embed-aspect-16-9 wp-has-aspect-ratio\"><div class=\"wp-block-embed__wrapper\">\n<iframe loading=\"lazy\" title=\"Contadora de hist\u00f3rias mirim entrevista escritor Ilan Brenman\" width=\"660\" height=\"371\" src=\"https:\/\/www.youtube.com\/embed\/xa0agn4eQ7M?feature=oembed\" frameborder=\"0\" allow=\"accelerometer; autoplay; clipboard-write; encrypted-media; gyroscope; picture-in-picture; web-share\" referrerpolicy=\"strict-origin-when-cross-origin\" allowfullscreen><\/iframe>\n<\/div><\/figure>\n\n\n\n<p><strong><em>Fonte: <a href=\"https:\/\/revistaeducacao.com.br\/2022\/02\/11\/tarsila-do-amaral-criancas\/#:~:text=e%20CulturaNot%C3%ADcias-,Relan%C3%A7amento%3A%20sobrinha%2Dneta%20de%20Tarsila%20do%20Amaral%20%C3%A9%20coautora%20de,infantis%20sobre%20obras%20da%20artista&amp;text=A%20editora%20Melhoramentos%20relan%C3%A7ou%20dois,e%20Tarsilinha%20e%20as%20formas.\">Revista Educa\u00e7\u00e3o<\/a><\/em><\/strong><\/p>\n","protected":false},"excerpt":{"rendered":"<p>Voltado ao p\u00fablico infantil, em ambos as crian\u00e7as aprendem cores e formas da modernista A editora Melhoramentos relan\u00e7ou dois livros para os pequenos se aproximarem dos trabalhos da artista pl\u00e1stica Tarsila do Amaral, Tarsilinha e as cores e Tarsilinha e as formas. Os dois apresentam obras famosas da artista como Abapuru, A Cuca, Antropofagia, Caipirinha [&hellip;]<\/p>\n","protected":false},"author":2,"featured_media":28061,"comment_status":"open","ping_status":"open","sticky":false,"template":"","format":"standard","meta":{"footnotes":""},"categories":[4],"tags":[13379,12365,6728,13380],"class_list":["post-28060","post","type-post","status-publish","format-standard","has-post-thumbnail","hentry","category-cultura","tag-editora-melhoramentos","tag-obra-literaria","tag-tarsila-do-amaral","tag-tarsilinha-do-amaral"],"yoast_head":"<!-- This site is optimized with the Yoast SEO plugin v26.5 - https:\/\/yoast.com\/wordpress\/plugins\/seo\/ -->\n<title>Sobrinha-neta de Tarsila do Amaral \u00e9 coautora de livros infantis sobre obras da artista - Jornal Fatos e Not\u00edcias<\/title>\n<meta name=\"robots\" content=\"index, follow, max-snippet:-1, max-image-preview:large, max-video-preview:-1\" \/>\n<link rel=\"canonical\" href=\"https:\/\/jornalfatosenoticias.com.br\/index.php\/2022\/02\/18\/sobrinha-neta-de-tarsila-do-amaral-e-coautora-de-livros-infantis-sobre-obras-da-artista\/\" \/>\n<meta property=\"og:locale\" content=\"pt_BR\" \/>\n<meta property=\"og:type\" content=\"article\" \/>\n<meta property=\"og:title\" content=\"Sobrinha-neta de Tarsila do Amaral \u00e9 coautora de livros infantis sobre obras da artista - Jornal Fatos e Not\u00edcias\" \/>\n<meta property=\"og:description\" content=\"Voltado ao p\u00fablico infantil, em ambos as crian\u00e7as aprendem cores e formas da modernista A editora Melhoramentos relan\u00e7ou dois livros para os pequenos se aproximarem dos trabalhos da artista pl\u00e1stica Tarsila do Amaral, Tarsilinha e as cores e Tarsilinha e as formas. Os dois apresentam obras famosas da artista como Abapuru, A Cuca, Antropofagia, Caipirinha [&hellip;]\" \/>\n<meta property=\"og:url\" content=\"https:\/\/jornalfatosenoticias.com.br\/index.php\/2022\/02\/18\/sobrinha-neta-de-tarsila-do-amaral-e-coautora-de-livros-infantis-sobre-obras-da-artista\/\" \/>\n<meta property=\"og:site_name\" content=\"Jornal Fatos e Not\u00edcias\" \/>\n<meta property=\"article:published_time\" content=\"2022-02-18T18:17:58+00:00\" \/>\n<meta property=\"article:modified_time\" content=\"2022-02-18T18:18:01+00:00\" \/>\n<meta property=\"og:image\" content=\"https:\/\/jornalfatosenoticias.com.br\/wp-content\/uploads\/2022\/02\/tarsilinha-do-amaral_CAPA.jpg\" \/>\n\t<meta property=\"og:image:width\" content=\"1000\" \/>\n\t<meta property=\"og:image:height\" content=\"511\" \/>\n\t<meta property=\"og:image:type\" content=\"image\/jpeg\" \/>\n<meta name=\"author\" content=\"Luzimara Fernandes\" \/>\n<meta name=\"twitter:card\" content=\"summary_large_image\" \/>\n<meta name=\"twitter:label1\" content=\"Escrito por\" \/>\n\t<meta name=\"twitter:data1\" content=\"Luzimara Fernandes\" \/>\n\t<meta name=\"twitter:label2\" content=\"Est. tempo de leitura\" \/>\n\t<meta name=\"twitter:data2\" content=\"2 minutos\" \/>\n<script type=\"application\/ld+json\" class=\"yoast-schema-graph\">{\"@context\":\"https:\/\/schema.org\",\"@graph\":[{\"@type\":\"Article\",\"@id\":\"https:\/\/jornalfatosenoticias.com.br\/index.php\/2022\/02\/18\/sobrinha-neta-de-tarsila-do-amaral-e-coautora-de-livros-infantis-sobre-obras-da-artista\/#article\",\"isPartOf\":{\"@id\":\"https:\/\/jornalfatosenoticias.com.br\/index.php\/2022\/02\/18\/sobrinha-neta-de-tarsila-do-amaral-e-coautora-de-livros-infantis-sobre-obras-da-artista\/\"},\"author\":{\"name\":\"Luzimara Fernandes\",\"@id\":\"https:\/\/jornalfatosenoticias.com.br\/#\/schema\/person\/d63837fa13ac8666eb9e74e0985d6f81\"},\"headline\":\"Sobrinha-neta de Tarsila do Amaral \u00e9 coautora de livros infantis sobre obras da artista\",\"datePublished\":\"2022-02-18T18:17:58+00:00\",\"dateModified\":\"2022-02-18T18:18:01+00:00\",\"mainEntityOfPage\":{\"@id\":\"https:\/\/jornalfatosenoticias.com.br\/index.php\/2022\/02\/18\/sobrinha-neta-de-tarsila-do-amaral-e-coautora-de-livros-infantis-sobre-obras-da-artista\/\"},\"wordCount\":484,\"commentCount\":0,\"publisher\":{\"@id\":\"https:\/\/jornalfatosenoticias.com.br\/#organization\"},\"image\":{\"@id\":\"https:\/\/jornalfatosenoticias.com.br\/index.php\/2022\/02\/18\/sobrinha-neta-de-tarsila-do-amaral-e-coautora-de-livros-infantis-sobre-obras-da-artista\/#primaryimage\"},\"thumbnailUrl\":\"https:\/\/jornalfatosenoticias.com.br\/wp-content\/uploads\/2022\/02\/tarsilinha-do-amaral_CAPA.jpg\",\"keywords\":[\"Editora Melhoramentos\",\"obra liter\u00e1ria\",\"Tarsila do Amaral\",\"Tarsilinha do Amaral\"],\"articleSection\":[\"Cultura\"],\"inLanguage\":\"pt-BR\",\"potentialAction\":[{\"@type\":\"CommentAction\",\"name\":\"Comment\",\"target\":[\"https:\/\/jornalfatosenoticias.com.br\/index.php\/2022\/02\/18\/sobrinha-neta-de-tarsila-do-amaral-e-coautora-de-livros-infantis-sobre-obras-da-artista\/#respond\"]}]},{\"@type\":\"WebPage\",\"@id\":\"https:\/\/jornalfatosenoticias.com.br\/index.php\/2022\/02\/18\/sobrinha-neta-de-tarsila-do-amaral-e-coautora-de-livros-infantis-sobre-obras-da-artista\/\",\"url\":\"https:\/\/jornalfatosenoticias.com.br\/index.php\/2022\/02\/18\/sobrinha-neta-de-tarsila-do-amaral-e-coautora-de-livros-infantis-sobre-obras-da-artista\/\",\"name\":\"Sobrinha-neta de Tarsila do Amaral \u00e9 coautora de livros infantis sobre obras da artista - Jornal Fatos e Not\u00edcias\",\"isPartOf\":{\"@id\":\"https:\/\/jornalfatosenoticias.com.br\/#website\"},\"primaryImageOfPage\":{\"@id\":\"https:\/\/jornalfatosenoticias.com.br\/index.php\/2022\/02\/18\/sobrinha-neta-de-tarsila-do-amaral-e-coautora-de-livros-infantis-sobre-obras-da-artista\/#primaryimage\"},\"image\":{\"@id\":\"https:\/\/jornalfatosenoticias.com.br\/index.php\/2022\/02\/18\/sobrinha-neta-de-tarsila-do-amaral-e-coautora-de-livros-infantis-sobre-obras-da-artista\/#primaryimage\"},\"thumbnailUrl\":\"https:\/\/jornalfatosenoticias.com.br\/wp-content\/uploads\/2022\/02\/tarsilinha-do-amaral_CAPA.jpg\",\"datePublished\":\"2022-02-18T18:17:58+00:00\",\"dateModified\":\"2022-02-18T18:18:01+00:00\",\"breadcrumb\":{\"@id\":\"https:\/\/jornalfatosenoticias.com.br\/index.php\/2022\/02\/18\/sobrinha-neta-de-tarsila-do-amaral-e-coautora-de-livros-infantis-sobre-obras-da-artista\/#breadcrumb\"},\"inLanguage\":\"pt-BR\",\"potentialAction\":[{\"@type\":\"ReadAction\",\"target\":[\"https:\/\/jornalfatosenoticias.com.br\/index.php\/2022\/02\/18\/sobrinha-neta-de-tarsila-do-amaral-e-coautora-de-livros-infantis-sobre-obras-da-artista\/\"]}]},{\"@type\":\"ImageObject\",\"inLanguage\":\"pt-BR\",\"@id\":\"https:\/\/jornalfatosenoticias.com.br\/index.php\/2022\/02\/18\/sobrinha-neta-de-tarsila-do-amaral-e-coautora-de-livros-infantis-sobre-obras-da-artista\/#primaryimage\",\"url\":\"https:\/\/jornalfatosenoticias.com.br\/wp-content\/uploads\/2022\/02\/tarsilinha-do-amaral_CAPA.jpg\",\"contentUrl\":\"https:\/\/jornalfatosenoticias.com.br\/wp-content\/uploads\/2022\/02\/tarsilinha-do-amaral_CAPA.jpg\",\"width\":1000,\"height\":511},{\"@type\":\"BreadcrumbList\",\"@id\":\"https:\/\/jornalfatosenoticias.com.br\/index.php\/2022\/02\/18\/sobrinha-neta-de-tarsila-do-amaral-e-coautora-de-livros-infantis-sobre-obras-da-artista\/#breadcrumb\",\"itemListElement\":[{\"@type\":\"ListItem\",\"position\":1,\"name\":\"In\u00edcio\",\"item\":\"https:\/\/jornalfatosenoticias.com.br\/\"},{\"@type\":\"ListItem\",\"position\":2,\"name\":\"Sobrinha-neta de Tarsila do Amaral \u00e9 coautora de livros infantis sobre obras da artista\"}]},{\"@type\":\"WebSite\",\"@id\":\"https:\/\/jornalfatosenoticias.com.br\/#website\",\"url\":\"https:\/\/jornalfatosenoticias.com.br\/\",\"name\":\"Jornal Fatos e Not\u00edcias\",\"description\":\"Not\u00edcias em geral\",\"publisher\":{\"@id\":\"https:\/\/jornalfatosenoticias.com.br\/#organization\"},\"potentialAction\":[{\"@type\":\"SearchAction\",\"target\":{\"@type\":\"EntryPoint\",\"urlTemplate\":\"https:\/\/jornalfatosenoticias.com.br\/?s={search_term_string}\"},\"query-input\":{\"@type\":\"PropertyValueSpecification\",\"valueRequired\":true,\"valueName\":\"search_term_string\"}}],\"inLanguage\":\"pt-BR\"},{\"@type\":\"Organization\",\"@id\":\"https:\/\/jornalfatosenoticias.com.br\/#organization\",\"name\":\"Jornal Fatos e Not\u00edcias\",\"url\":\"https:\/\/jornalfatosenoticias.com.br\/\",\"logo\":{\"@type\":\"ImageObject\",\"inLanguage\":\"pt-BR\",\"@id\":\"https:\/\/jornalfatosenoticias.com.br\/#\/schema\/logo\/image\/\",\"url\":\"https:\/\/jornalfatosenoticias.com.br\/wp-content\/uploads\/2020\/02\/logo120.png\",\"contentUrl\":\"https:\/\/jornalfatosenoticias.com.br\/wp-content\/uploads\/2020\/02\/logo120.png\",\"width\":1227,\"height\":120,\"caption\":\"Jornal Fatos e Not\u00edcias\"},\"image\":{\"@id\":\"https:\/\/jornalfatosenoticias.com.br\/#\/schema\/logo\/image\/\"}},{\"@type\":\"Person\",\"@id\":\"https:\/\/jornalfatosenoticias.com.br\/#\/schema\/person\/d63837fa13ac8666eb9e74e0985d6f81\",\"name\":\"Luzimara Fernandes\",\"image\":{\"@type\":\"ImageObject\",\"inLanguage\":\"pt-BR\",\"@id\":\"https:\/\/jornalfatosenoticias.com.br\/#\/schema\/person\/image\/\",\"url\":\"https:\/\/jornalfatosenoticias.com.br\/wp-content\/uploads\/2025\/05\/EU_portal.jpg\",\"contentUrl\":\"https:\/\/jornalfatosenoticias.com.br\/wp-content\/uploads\/2025\/05\/EU_portal.jpg\",\"caption\":\"Luzimara Fernandes\"},\"description\":\"Jornalista MTB 2358-ES\",\"sameAs\":[\"https:\/\/jornalfatosenoticias.com.br\"],\"url\":\"https:\/\/jornalfatosenoticias.com.br\/index.php\/author\/luzimara\/\"}]}<\/script>\n<!-- \/ Yoast SEO plugin. -->","yoast_head_json":{"title":"Sobrinha-neta de Tarsila do Amaral \u00e9 coautora de livros infantis sobre obras da artista - Jornal Fatos e Not\u00edcias","robots":{"index":"index","follow":"follow","max-snippet":"max-snippet:-1","max-image-preview":"max-image-preview:large","max-video-preview":"max-video-preview:-1"},"canonical":"https:\/\/jornalfatosenoticias.com.br\/index.php\/2022\/02\/18\/sobrinha-neta-de-tarsila-do-amaral-e-coautora-de-livros-infantis-sobre-obras-da-artista\/","og_locale":"pt_BR","og_type":"article","og_title":"Sobrinha-neta de Tarsila do Amaral \u00e9 coautora de livros infantis sobre obras da artista - Jornal Fatos e Not\u00edcias","og_description":"Voltado ao p\u00fablico infantil, em ambos as crian\u00e7as aprendem cores e formas da modernista A editora Melhoramentos relan\u00e7ou dois livros para os pequenos se aproximarem dos trabalhos da artista pl\u00e1stica Tarsila do Amaral, Tarsilinha e as cores e Tarsilinha e as formas. Os dois apresentam obras famosas da artista como Abapuru, A Cuca, Antropofagia, Caipirinha [&hellip;]","og_url":"https:\/\/jornalfatosenoticias.com.br\/index.php\/2022\/02\/18\/sobrinha-neta-de-tarsila-do-amaral-e-coautora-de-livros-infantis-sobre-obras-da-artista\/","og_site_name":"Jornal Fatos e Not\u00edcias","article_published_time":"2022-02-18T18:17:58+00:00","article_modified_time":"2022-02-18T18:18:01+00:00","og_image":[{"width":1000,"height":511,"url":"https:\/\/jornalfatosenoticias.com.br\/wp-content\/uploads\/2022\/02\/tarsilinha-do-amaral_CAPA.jpg","type":"image\/jpeg"}],"author":"Luzimara Fernandes","twitter_card":"summary_large_image","twitter_misc":{"Escrito por":"Luzimara Fernandes","Est. tempo de leitura":"2 minutos"},"schema":{"@context":"https:\/\/schema.org","@graph":[{"@type":"Article","@id":"https:\/\/jornalfatosenoticias.com.br\/index.php\/2022\/02\/18\/sobrinha-neta-de-tarsila-do-amaral-e-coautora-de-livros-infantis-sobre-obras-da-artista\/#article","isPartOf":{"@id":"https:\/\/jornalfatosenoticias.com.br\/index.php\/2022\/02\/18\/sobrinha-neta-de-tarsila-do-amaral-e-coautora-de-livros-infantis-sobre-obras-da-artista\/"},"author":{"name":"Luzimara Fernandes","@id":"https:\/\/jornalfatosenoticias.com.br\/#\/schema\/person\/d63837fa13ac8666eb9e74e0985d6f81"},"headline":"Sobrinha-neta de Tarsila do Amaral \u00e9 coautora de livros infantis sobre obras da artista","datePublished":"2022-02-18T18:17:58+00:00","dateModified":"2022-02-18T18:18:01+00:00","mainEntityOfPage":{"@id":"https:\/\/jornalfatosenoticias.com.br\/index.php\/2022\/02\/18\/sobrinha-neta-de-tarsila-do-amaral-e-coautora-de-livros-infantis-sobre-obras-da-artista\/"},"wordCount":484,"commentCount":0,"publisher":{"@id":"https:\/\/jornalfatosenoticias.com.br\/#organization"},"image":{"@id":"https:\/\/jornalfatosenoticias.com.br\/index.php\/2022\/02\/18\/sobrinha-neta-de-tarsila-do-amaral-e-coautora-de-livros-infantis-sobre-obras-da-artista\/#primaryimage"},"thumbnailUrl":"https:\/\/jornalfatosenoticias.com.br\/wp-content\/uploads\/2022\/02\/tarsilinha-do-amaral_CAPA.jpg","keywords":["Editora Melhoramentos","obra liter\u00e1ria","Tarsila do Amaral","Tarsilinha do Amaral"],"articleSection":["Cultura"],"inLanguage":"pt-BR","potentialAction":[{"@type":"CommentAction","name":"Comment","target":["https:\/\/jornalfatosenoticias.com.br\/index.php\/2022\/02\/18\/sobrinha-neta-de-tarsila-do-amaral-e-coautora-de-livros-infantis-sobre-obras-da-artista\/#respond"]}]},{"@type":"WebPage","@id":"https:\/\/jornalfatosenoticias.com.br\/index.php\/2022\/02\/18\/sobrinha-neta-de-tarsila-do-amaral-e-coautora-de-livros-infantis-sobre-obras-da-artista\/","url":"https:\/\/jornalfatosenoticias.com.br\/index.php\/2022\/02\/18\/sobrinha-neta-de-tarsila-do-amaral-e-coautora-de-livros-infantis-sobre-obras-da-artista\/","name":"Sobrinha-neta de Tarsila do Amaral \u00e9 coautora de livros infantis sobre obras da artista - Jornal Fatos e Not\u00edcias","isPartOf":{"@id":"https:\/\/jornalfatosenoticias.com.br\/#website"},"primaryImageOfPage":{"@id":"https:\/\/jornalfatosenoticias.com.br\/index.php\/2022\/02\/18\/sobrinha-neta-de-tarsila-do-amaral-e-coautora-de-livros-infantis-sobre-obras-da-artista\/#primaryimage"},"image":{"@id":"https:\/\/jornalfatosenoticias.com.br\/index.php\/2022\/02\/18\/sobrinha-neta-de-tarsila-do-amaral-e-coautora-de-livros-infantis-sobre-obras-da-artista\/#primaryimage"},"thumbnailUrl":"https:\/\/jornalfatosenoticias.com.br\/wp-content\/uploads\/2022\/02\/tarsilinha-do-amaral_CAPA.jpg","datePublished":"2022-02-18T18:17:58+00:00","dateModified":"2022-02-18T18:18:01+00:00","breadcrumb":{"@id":"https:\/\/jornalfatosenoticias.com.br\/index.php\/2022\/02\/18\/sobrinha-neta-de-tarsila-do-amaral-e-coautora-de-livros-infantis-sobre-obras-da-artista\/#breadcrumb"},"inLanguage":"pt-BR","potentialAction":[{"@type":"ReadAction","target":["https:\/\/jornalfatosenoticias.com.br\/index.php\/2022\/02\/18\/sobrinha-neta-de-tarsila-do-amaral-e-coautora-de-livros-infantis-sobre-obras-da-artista\/"]}]},{"@type":"ImageObject","inLanguage":"pt-BR","@id":"https:\/\/jornalfatosenoticias.com.br\/index.php\/2022\/02\/18\/sobrinha-neta-de-tarsila-do-amaral-e-coautora-de-livros-infantis-sobre-obras-da-artista\/#primaryimage","url":"https:\/\/jornalfatosenoticias.com.br\/wp-content\/uploads\/2022\/02\/tarsilinha-do-amaral_CAPA.jpg","contentUrl":"https:\/\/jornalfatosenoticias.com.br\/wp-content\/uploads\/2022\/02\/tarsilinha-do-amaral_CAPA.jpg","width":1000,"height":511},{"@type":"BreadcrumbList","@id":"https:\/\/jornalfatosenoticias.com.br\/index.php\/2022\/02\/18\/sobrinha-neta-de-tarsila-do-amaral-e-coautora-de-livros-infantis-sobre-obras-da-artista\/#breadcrumb","itemListElement":[{"@type":"ListItem","position":1,"name":"In\u00edcio","item":"https:\/\/jornalfatosenoticias.com.br\/"},{"@type":"ListItem","position":2,"name":"Sobrinha-neta de Tarsila do Amaral \u00e9 coautora de livros infantis sobre obras da artista"}]},{"@type":"WebSite","@id":"https:\/\/jornalfatosenoticias.com.br\/#website","url":"https:\/\/jornalfatosenoticias.com.br\/","name":"Jornal Fatos e Not\u00edcias","description":"Not\u00edcias em geral","publisher":{"@id":"https:\/\/jornalfatosenoticias.com.br\/#organization"},"potentialAction":[{"@type":"SearchAction","target":{"@type":"EntryPoint","urlTemplate":"https:\/\/jornalfatosenoticias.com.br\/?s={search_term_string}"},"query-input":{"@type":"PropertyValueSpecification","valueRequired":true,"valueName":"search_term_string"}}],"inLanguage":"pt-BR"},{"@type":"Organization","@id":"https:\/\/jornalfatosenoticias.com.br\/#organization","name":"Jornal Fatos e Not\u00edcias","url":"https:\/\/jornalfatosenoticias.com.br\/","logo":{"@type":"ImageObject","inLanguage":"pt-BR","@id":"https:\/\/jornalfatosenoticias.com.br\/#\/schema\/logo\/image\/","url":"https:\/\/jornalfatosenoticias.com.br\/wp-content\/uploads\/2020\/02\/logo120.png","contentUrl":"https:\/\/jornalfatosenoticias.com.br\/wp-content\/uploads\/2020\/02\/logo120.png","width":1227,"height":120,"caption":"Jornal Fatos e Not\u00edcias"},"image":{"@id":"https:\/\/jornalfatosenoticias.com.br\/#\/schema\/logo\/image\/"}},{"@type":"Person","@id":"https:\/\/jornalfatosenoticias.com.br\/#\/schema\/person\/d63837fa13ac8666eb9e74e0985d6f81","name":"Luzimara Fernandes","image":{"@type":"ImageObject","inLanguage":"pt-BR","@id":"https:\/\/jornalfatosenoticias.com.br\/#\/schema\/person\/image\/","url":"https:\/\/jornalfatosenoticias.com.br\/wp-content\/uploads\/2025\/05\/EU_portal.jpg","contentUrl":"https:\/\/jornalfatosenoticias.com.br\/wp-content\/uploads\/2025\/05\/EU_portal.jpg","caption":"Luzimara Fernandes"},"description":"Jornalista MTB 2358-ES","sameAs":["https:\/\/jornalfatosenoticias.com.br"],"url":"https:\/\/jornalfatosenoticias.com.br\/index.php\/author\/luzimara\/"}]}},"cc_featured_image_caption":{"caption_text":"(Foto: Divulga\u00e7\u00e3o) \r\n","source_text":"","source_url":""},"jetpack_featured_media_url":"https:\/\/jornalfatosenoticias.com.br\/wp-content\/uploads\/2022\/02\/tarsilinha-do-amaral_CAPA.jpg","_links":{"self":[{"href":"https:\/\/jornalfatosenoticias.com.br\/index.php\/wp-json\/wp\/v2\/posts\/28060","targetHints":{"allow":["GET"]}}],"collection":[{"href":"https:\/\/jornalfatosenoticias.com.br\/index.php\/wp-json\/wp\/v2\/posts"}],"about":[{"href":"https:\/\/jornalfatosenoticias.com.br\/index.php\/wp-json\/wp\/v2\/types\/post"}],"author":[{"embeddable":true,"href":"https:\/\/jornalfatosenoticias.com.br\/index.php\/wp-json\/wp\/v2\/users\/2"}],"replies":[{"embeddable":true,"href":"https:\/\/jornalfatosenoticias.com.br\/index.php\/wp-json\/wp\/v2\/comments?post=28060"}],"version-history":[{"count":0,"href":"https:\/\/jornalfatosenoticias.com.br\/index.php\/wp-json\/wp\/v2\/posts\/28060\/revisions"}],"wp:featuredmedia":[{"embeddable":true,"href":"https:\/\/jornalfatosenoticias.com.br\/index.php\/wp-json\/wp\/v2\/media\/28061"}],"wp:attachment":[{"href":"https:\/\/jornalfatosenoticias.com.br\/index.php\/wp-json\/wp\/v2\/media?parent=28060"}],"wp:term":[{"taxonomy":"category","embeddable":true,"href":"https:\/\/jornalfatosenoticias.com.br\/index.php\/wp-json\/wp\/v2\/categories?post=28060"},{"taxonomy":"post_tag","embeddable":true,"href":"https:\/\/jornalfatosenoticias.com.br\/index.php\/wp-json\/wp\/v2\/tags?post=28060"}],"curies":[{"name":"wp","href":"https:\/\/api.w.org\/{rel}","templated":true}]}}