{"id":28063,"date":"2022-02-18T15:26:05","date_gmt":"2022-02-18T18:26:05","guid":{"rendered":"https:\/\/jornalfatosenoticias.com.br\/?p=28063"},"modified":"2022-02-18T15:26:09","modified_gmt":"2022-02-18T18:26:09","slug":"forcas-de-carater-quais-sao-e-como-elas-contribuem-para-a-sua-felicidade","status":"publish","type":"post","link":"https:\/\/jornalfatosenoticias.com.br\/index.php\/2022\/02\/18\/forcas-de-carater-quais-sao-e-como-elas-contribuem-para-a-sua-felicidade\/","title":{"rendered":"For\u00e7as de car\u00e1ter: quais s\u00e3o e como elas contribuem para a sua felicidade"},"content":{"rendered":"\n<p>Voc\u00ea possui caracter\u00edsticas positivas pr\u00f3prias que afetam a forma como pensa, sente e se comporta e que podem ser a ponte para conduzi-lo a uma vida mais plena e feliz. A grande quest\u00e3o \u00e9: quais s\u00e3o elas e como melhor utiliz\u00e1-las em prol da sua melhor vers\u00e3o?<br>\u00c9 um caminho de autoconhecimento e, como tal, tem l\u00e1 seus desafios. Mas a boa not\u00edcia \u00e9 que \u00e9 poss\u00edvel identificar quais s\u00e3o as suas principais for\u00e7as de car\u00e1ter \u2014 as cinco primeiras s\u00e3o chamadas de for\u00e7as de assinatura \u2014 por meio da aplica\u00e7\u00e3o de um teste gratuito do VIA Institute On Character, uma organiza\u00e7\u00e3o internacional sem fins lucrativos. O teste lista 24 for\u00e7as, entre elas, amor, justi\u00e7a, integridade e criatividade (ver lista completa abaixo).<br>O m\u00e9dico psiquiatra Leonardo Machado, professor da Universidade Federal de Pernambuco (UFPE), explica que as for\u00e7as s\u00e3o tra\u00e7os universais que variam de intensidade de pessoa para pessoa e que, quando colocadas em pr\u00e1tica, elevam as emo\u00e7\u00f5es positivas e contribuem para a satisfa\u00e7\u00e3o com a vida. &#8220;Quando as ativamos, tendemos a nos sentir bem pelo pr\u00f3prio fato de a for\u00e7a estar sendo acionada, e n\u00e3o apenas pelos resultados concretos que elas podem trazer&#8221;, diz.<br>Embora as for\u00e7as sejam algo instintivo em n\u00f3s, podemos saber quais s\u00e3o as nossas principais e quais n\u00e3o temos com tanta intensidade. Isso pode ser um fator fundamental para tomada de decis\u00f5es, como escolher qual carreira seguir, ou mesmo ser um divisor de \u00e1guas em nossa vida pessoal.<\/p>\n\n\n\n<div class=\"wp-block-image\"><figure class=\"alignright size-large\"><img loading=\"lazy\" decoding=\"async\" width=\"300\" height=\"400\" src=\"https:\/\/jornalfatosenoticias.com.br\/wp-content\/uploads\/2022\/02\/forca-de-carater_vanessa-cristina-veit-aguiar.jpg\" alt=\"\" class=\"wp-image-28065\" srcset=\"https:\/\/jornalfatosenoticias.com.br\/wp-content\/uploads\/2022\/02\/forca-de-carater_vanessa-cristina-veit-aguiar.jpg 300w, https:\/\/jornalfatosenoticias.com.br\/wp-content\/uploads\/2022\/02\/forca-de-carater_vanessa-cristina-veit-aguiar-225x300.jpg 225w\" sizes=\"auto, (max-width: 300px) 100vw, 300px\" \/><figcaption><em><span class=\"has-inline-color has-black-color\">Vanessa Cristina Veit Aguiar descobriu que suas <br>for\u00e7as de assinatura s\u00e3o intelig\u00eancia social, perspectiva<br> e integridade (Foto: Arquivo pessoal)<\/span><\/em><\/figcaption><\/figure><\/div>\n\n\n\n<p>A advogada e mediadora paranaense Vanessa Cristina Veit Aguiar, 43, passou por uma mudan\u00e7a de rota profissional tendo a aplica\u00e7\u00e3o de suas for\u00e7as de car\u00e1ter como guia. Atuando por quase duas d\u00e9cadas com processos e lit\u00edgios, ela n\u00e3o se sentia realizada com a profiss\u00e3o. Com quadro cl\u00ednico de estresse e um diagn\u00f3stico de infertilidade na tentativa de engravidar do segundo filho, ela decidiu deixar a advocacia, chegando a pedir exonera\u00e7\u00e3o de um concurso p\u00fablico. Passou, ent\u00e3o, a se dedicar ao tratamento para engravidar e hoje tem uma filha de dois anos e meio, al\u00e9m de seu mais velho, de nove anos.<br>Ap\u00f3s a bem sucedida decis\u00e3o de investir no tratamento da gravidez, Vanessa desejou voltar ao mercado de trabalho. Para tanto, ingressou num curso de especializa\u00e7\u00e3o em psicologia positiva, quando teve a oportunidade de conhecer a ferramenta das for\u00e7as de car\u00e1ter. &#8220;Descobri que as minhas for\u00e7as de assinatura s\u00e3o intelig\u00eancia social, perspectiva e integridade \u2014 o que me fez entender o motivo pelo qual n\u00e3o me sentia motivada advogando com a \u00e1rea litigiosa. Em um ambiente litigioso e competitivo, a for\u00e7a de intelig\u00eancia social n\u00e3o \u00e9 eficiente. Pelo contr\u00e1rio, pode at\u00e9 atrapalhar&#8221;, considera ela.<br>Com o conhecimento de suas for\u00e7as, Vanessa elaborou um plano de transi\u00e7\u00e3o de carreira, sem precisar mudar de profiss\u00e3o. Hoje, ap\u00f3s se especializar em m\u00e9todos consensuais para solu\u00e7\u00e3o de conflitos, ela abriu seu pr\u00f3prio escrit\u00f3rio, onde atua na \u00e1rea de direito das fam\u00edlias, de forma colaborativa e extrajudicial. &#8220;Neste novo contexto, as minhas for\u00e7as s\u00e3o grandes aliadas e potencializam os meus atendimentos. Redescobri a advocacia e agora posso dizer que sou apaixonada pela minha profiss\u00e3o&#8221;.<\/p>\n\n\n\n<div class=\"wp-block-image\"><figure class=\"aligncenter size-large\"><img loading=\"lazy\" decoding=\"async\" width=\"300\" height=\"250\" src=\"https:\/\/jornalfatosenoticias.com.br\/wp-content\/uploads\/2022\/02\/FERRARI_MAQUINAS-E-FERRAMENTAS2-1.jpg\" alt=\"\" class=\"wp-image-27955\"\/><\/figure><\/div>\n\n\n\n<p><span class=\"has-inline-color has-black-color\"><strong>For\u00e7as de car\u00e1ter podem mudar<br><\/strong><\/span>Embora as for\u00e7as de assinatura sejam as nossas mais frequentes, \u00e9 importante considerar que elas podem mudar. A doutora em psicologia Ana Paula Porto Noronha, professora de p\u00f3s-gradua\u00e7\u00e3o da Universidade S\u00e3o Francisco (USF), explica que elas consistem no que \u00e9 mais representativo do indiv\u00edduo, nas carater\u00edsticas definidoras da sua exist\u00eancia, mas elas podem se alterar. &#8220;As pessoas s\u00e3o pass\u00edveis de desenvolvimento, em rea\u00e7\u00e3o ao curso natural da vida&#8221;, diz. Noronha ressalta ainda que as capacidades pessoais tamb\u00e9m podem ser desenvolvidas. &#8220;Em determinadas situa\u00e7\u00f5es, um trabalho psicol\u00f3gico de base \u00e9 indispens\u00e1vel, tanto para a identifica\u00e7\u00e3o como para o desenvolvimento de uma for\u00e7a. Voc\u00ea pode saber que tem persist\u00eancia, que continua uma a\u00e7\u00e3o at\u00e9 que o objetivo seja alcan\u00e7ado. Mas alguns indiv\u00edduos apenas descobrir\u00e3o sua perseveran\u00e7a com um aux\u00edlio profissional&#8221;.<\/p>\n\n\n\n<div class=\"wp-block-image\"><figure class=\"alignleft size-large\"><img loading=\"lazy\" decoding=\"async\" width=\"300\" height=\"400\" src=\"https:\/\/jornalfatosenoticias.com.br\/wp-content\/uploads\/2022\/02\/FORCA-DE-CARATER_henrique-rego.jpg\" alt=\"\" class=\"wp-image-28064\" srcset=\"https:\/\/jornalfatosenoticias.com.br\/wp-content\/uploads\/2022\/02\/FORCA-DE-CARATER_henrique-rego.jpg 300w, https:\/\/jornalfatosenoticias.com.br\/wp-content\/uploads\/2022\/02\/FORCA-DE-CARATER_henrique-rego-225x300.jpg 225w\" sizes=\"auto, (max-width: 300px) 100vw, 300px\" \/><figcaption><em><span class=\"has-inline-color has-black-color\">Al\u00e9m de ser m\u00e9dico e professor, hoje Henrique <br>Rego se denomina &#8220;especialista em gente&#8221; <br>(Foto: Arquivo pessoal)<\/span><\/em><\/figcaption><\/figure><\/div>\n\n\n\n<p>Amor, esperan\u00e7a e espiritualidade s\u00e3o as for\u00e7as que melhor definem hoje o m\u00e9dico Henrique Rego, 39, especializado em sa\u00fade integrativa e bem-estar e professor do curso de p\u00f3s-gradua\u00e7\u00e3o do Instituto de Ensino e Pesquisa do Hospital Albert Einstein, de S\u00e3o Paulo. Formado h\u00e1 15 anos, ele trabalhou como geriatra, cl\u00ednico e m\u00e9dico de fam\u00edlia em consult\u00f3rios e hospitais at\u00e9 identificar que queria atuar em sua profiss\u00e3o de forma mais abrangente, explorando as rela\u00e7\u00f5es e conex\u00f5es sociais, fomentando di\u00e1logos e compartilhando ideias.<br>&#8220;Olhando em retrospecto, vejo que minha evolu\u00e7\u00e3o para uma forma de trabalhar mais aut\u00eantica, leve e significativa foi acompanhada da minha decis\u00e3o por assumir e aceitar minhas for\u00e7as de assinatura. A partir desse maior reconhecimento delas e de outras for\u00e7as de car\u00e1ter, fui percebendo gradativamente meu gosto por atuar como professor, coaching e comunicador. Meus interesses foram fazendo mais sentido e pude ent\u00e3o direcionar minha aten\u00e7\u00e3o a novas formas de atuar profissionalmente&#8221;, diz.<br>Tamb\u00e9m foi com autoconhecimento e uso de suas for\u00e7as que Henrique ampliou a aplica\u00e7\u00e3o de seus conhecimentos at\u00e9 se tornar um &#8220;especialista em gente&#8221;, como se autodenomina. Hoje, al\u00e9m de sua atua\u00e7\u00e3o como m\u00e9dico e professor, ele desenvolve os pap\u00e9is de m\u00fasico, em um projeto chamado Medicina Musical, e palha\u00e7o, em trabalhos volunt\u00e1rios. &#8220;Sinto cada vez menos diferen\u00e7a no Henrique em cada um desses pap\u00e9is, pela certeza de que em tudo o que eu fa\u00e7o a minha inten\u00e7\u00e3o \u00e9 sempre a mesma: ajudar as pessoas a se lembrarem de quem elas realmente s\u00e3o, pois vejo que \u00e9 a\u00ed que est\u00e1 a chave da cura&#8221;.<\/p>\n\n\n\n<figure class=\"wp-block-image size-large\"><img loading=\"lazy\" decoding=\"async\" width=\"1024\" height=\"99\" src=\"https:\/\/jornalfatosenoticias.com.br\/wp-content\/uploads\/2020\/02\/Logo-Mizu-segunda-2-1024x99.png\" alt=\"\" class=\"wp-image-2353\" srcset=\"https:\/\/jornalfatosenoticias.com.br\/wp-content\/uploads\/2020\/02\/Logo-Mizu-segunda-2-1024x99.png 1024w, https:\/\/jornalfatosenoticias.com.br\/wp-content\/uploads\/2020\/02\/Logo-Mizu-segunda-2-300x29.png 300w, https:\/\/jornalfatosenoticias.com.br\/wp-content\/uploads\/2020\/02\/Logo-Mizu-segunda-2-768x74.png 768w, https:\/\/jornalfatosenoticias.com.br\/wp-content\/uploads\/2020\/02\/Logo-Mizu-segunda-2.png 1240w\" sizes=\"auto, (max-width: 1024px) 100vw, 1024px\" \/><\/figure>\n\n\n\n<p><strong><span class=\"has-inline-color has-black-color\">Quais s\u00e3o as for\u00e7as?<br><\/span><\/strong>Veja quais s\u00e3o as 24 for\u00e7as de car\u00e1ter divididas por pesquisadores em seis virtudes universais:<\/p>\n\n\n\n<p><strong><span class=\"has-inline-color has-black-color\">Sabedoria<\/span><\/strong><\/p>\n\n\n\n<ol class=\"wp-block-list\"><li>Criatividade<\/li><li>Curiosidade<\/li><li>Crit\u00e9rio<\/li><li>Amor ao aprendizado<\/li><li>Perspectiva<\/li><\/ol>\n\n\n\n<p><strong><span class=\"has-inline-color has-black-color\">Coragem<\/span><\/strong><\/p>\n\n\n\n<ol class=\"wp-block-list\" start=\"6\"><li>Bravura<\/li><li>Perseveran\u00e7a<\/li><li>Integridade<\/li><li>Vitalidade<\/li><\/ol>\n\n\n\n<p><strong><span class=\"has-inline-color has-black-color\">Humanidade<\/span><\/strong><\/p>\n\n\n\n<ol class=\"wp-block-list\" start=\"10\"><li>Amor<\/li><li>Generosidade<\/li><li>Intelig\u00eancia social<\/li><\/ol>\n\n\n\n<p><strong><span class=\"has-inline-color has-black-color\">Justi\u00e7a<\/span><\/strong><\/p>\n\n\n\n<ol class=\"wp-block-list\" start=\"13\"><li>Justi\u00e7a<\/li><li>Lideran\u00e7a<\/li><li>Trabalho em equipe<\/li><\/ol>\n\n\n\n<p><strong><span class=\"has-inline-color has-black-color\">Temperan\u00e7a<\/span><\/strong><\/p>\n\n\n\n<ol class=\"wp-block-list\" start=\"16\"><li>Perd\u00e3o<\/li><li>Humildade<\/li><li>Prud\u00eancia<\/li><li>Autocontrole<\/li><\/ol>\n\n\n\n<p><strong><span class=\"has-inline-color has-black-color\">Transcend\u00eancia<\/span><\/strong><\/p>\n\n\n\n<ol class=\"wp-block-list\" start=\"20\"><li>Aprecia\u00e7\u00e3o da beleza e da excel\u00eancia 21. Gratid\u00e3o<\/li><li>Esperan\u00e7a<\/li><li>Bom humor<\/li><li>Espiritualidade<\/li><\/ol>\n\n\n\n<p><strong><em>Fonte: <a href=\"https:\/\/www.uol.com.br\/vivabem\/noticias\/redacao\/2022\/02\/14\/forcas-de-carater-quais-sao-e-como-elas-contribuem-para-a-sua-felicidade.htm\">UOL<\/a><\/em><\/strong><\/p>\n","protected":false},"excerpt":{"rendered":"<p>Voc\u00ea possui caracter\u00edsticas positivas pr\u00f3prias que afetam a forma como pensa, sente e se comporta e que podem ser a ponte para conduzi-lo a uma vida mais plena e feliz. A grande quest\u00e3o \u00e9: quais s\u00e3o elas e como melhor utiliz\u00e1-las em prol da sua melhor vers\u00e3o?\u00c9 um caminho de autoconhecimento e, como tal, tem [&hellip;]<\/p>\n","protected":false},"author":2,"featured_media":28066,"comment_status":"open","ping_status":"open","sticky":false,"template":"","format":"standard","meta":{"footnotes":""},"categories":[2522],"tags":[1357,13381,13382],"class_list":["post-28063","post","type-post","status-publish","format-standard","has-post-thumbnail","hentry","category-comportamento","tag-felicidade","tag-forcas-de-carater","tag-vida-plena"],"yoast_head":"<!-- This site is optimized with the Yoast SEO plugin v26.5 - https:\/\/yoast.com\/wordpress\/plugins\/seo\/ -->\n<title>For\u00e7as de car\u00e1ter: quais s\u00e3o e como elas contribuem para a sua felicidade - Jornal Fatos e Not\u00edcias<\/title>\n<meta name=\"robots\" content=\"index, follow, max-snippet:-1, max-image-preview:large, max-video-preview:-1\" \/>\n<link rel=\"canonical\" href=\"https:\/\/jornalfatosenoticias.com.br\/index.php\/2022\/02\/18\/forcas-de-carater-quais-sao-e-como-elas-contribuem-para-a-sua-felicidade\/\" \/>\n<meta property=\"og:locale\" content=\"pt_BR\" \/>\n<meta property=\"og:type\" content=\"article\" \/>\n<meta property=\"og:title\" content=\"For\u00e7as de car\u00e1ter: quais s\u00e3o e como elas contribuem para a sua felicidade - Jornal Fatos e Not\u00edcias\" \/>\n<meta property=\"og:description\" content=\"Voc\u00ea possui caracter\u00edsticas positivas pr\u00f3prias que afetam a forma como pensa, sente e se comporta e que podem ser a ponte para conduzi-lo a uma vida mais plena e feliz. A grande quest\u00e3o \u00e9: quais s\u00e3o elas e como melhor utiliz\u00e1-las em prol da sua melhor vers\u00e3o?\u00c9 um caminho de autoconhecimento e, como tal, tem [&hellip;]\" \/>\n<meta property=\"og:url\" content=\"https:\/\/jornalfatosenoticias.com.br\/index.php\/2022\/02\/18\/forcas-de-carater-quais-sao-e-como-elas-contribuem-para-a-sua-felicidade\/\" \/>\n<meta property=\"og:site_name\" content=\"Jornal Fatos e Not\u00edcias\" \/>\n<meta property=\"article:published_time\" content=\"2022-02-18T18:26:05+00:00\" \/>\n<meta property=\"article:modified_time\" content=\"2022-02-18T18:26:09+00:00\" \/>\n<meta property=\"og:image\" content=\"https:\/\/jornalfatosenoticias.com.br\/wp-content\/uploads\/2022\/02\/FORCA-DE-CARATER1_istockphoto.jpg\" \/>\n\t<meta property=\"og:image:width\" content=\"1000\" \/>\n\t<meta property=\"og:image:height\" content=\"666\" \/>\n\t<meta property=\"og:image:type\" content=\"image\/jpeg\" \/>\n<meta name=\"author\" content=\"Luzimara Fernandes\" \/>\n<meta name=\"twitter:card\" content=\"summary_large_image\" \/>\n<meta name=\"twitter:label1\" content=\"Escrito por\" \/>\n\t<meta name=\"twitter:data1\" content=\"Luzimara Fernandes\" \/>\n\t<meta name=\"twitter:label2\" content=\"Est. tempo de leitura\" \/>\n\t<meta name=\"twitter:data2\" content=\"6 minutos\" \/>\n<script type=\"application\/ld+json\" class=\"yoast-schema-graph\">{\"@context\":\"https:\/\/schema.org\",\"@graph\":[{\"@type\":\"Article\",\"@id\":\"https:\/\/jornalfatosenoticias.com.br\/index.php\/2022\/02\/18\/forcas-de-carater-quais-sao-e-como-elas-contribuem-para-a-sua-felicidade\/#article\",\"isPartOf\":{\"@id\":\"https:\/\/jornalfatosenoticias.com.br\/index.php\/2022\/02\/18\/forcas-de-carater-quais-sao-e-como-elas-contribuem-para-a-sua-felicidade\/\"},\"author\":{\"name\":\"Luzimara Fernandes\",\"@id\":\"https:\/\/jornalfatosenoticias.com.br\/#\/schema\/person\/d63837fa13ac8666eb9e74e0985d6f81\"},\"headline\":\"For\u00e7as de car\u00e1ter: quais s\u00e3o e como elas contribuem para a sua felicidade\",\"datePublished\":\"2022-02-18T18:26:05+00:00\",\"dateModified\":\"2022-02-18T18:26:09+00:00\",\"mainEntityOfPage\":{\"@id\":\"https:\/\/jornalfatosenoticias.com.br\/index.php\/2022\/02\/18\/forcas-de-carater-quais-sao-e-como-elas-contribuem-para-a-sua-felicidade\/\"},\"wordCount\":1158,\"commentCount\":0,\"publisher\":{\"@id\":\"https:\/\/jornalfatosenoticias.com.br\/#organization\"},\"image\":{\"@id\":\"https:\/\/jornalfatosenoticias.com.br\/index.php\/2022\/02\/18\/forcas-de-carater-quais-sao-e-como-elas-contribuem-para-a-sua-felicidade\/#primaryimage\"},\"thumbnailUrl\":\"https:\/\/jornalfatosenoticias.com.br\/wp-content\/uploads\/2022\/02\/FORCA-DE-CARATER1_istockphoto.jpg\",\"keywords\":[\"felicidade\",\"for\u00e7as de car\u00e1ter\",\"vida plena\"],\"articleSection\":[\"Comportamento &amp; Equil\u00edbrio\"],\"inLanguage\":\"pt-BR\",\"potentialAction\":[{\"@type\":\"CommentAction\",\"name\":\"Comment\",\"target\":[\"https:\/\/jornalfatosenoticias.com.br\/index.php\/2022\/02\/18\/forcas-de-carater-quais-sao-e-como-elas-contribuem-para-a-sua-felicidade\/#respond\"]}]},{\"@type\":\"WebPage\",\"@id\":\"https:\/\/jornalfatosenoticias.com.br\/index.php\/2022\/02\/18\/forcas-de-carater-quais-sao-e-como-elas-contribuem-para-a-sua-felicidade\/\",\"url\":\"https:\/\/jornalfatosenoticias.com.br\/index.php\/2022\/02\/18\/forcas-de-carater-quais-sao-e-como-elas-contribuem-para-a-sua-felicidade\/\",\"name\":\"For\u00e7as de car\u00e1ter: quais s\u00e3o e como elas contribuem para a sua felicidade - Jornal Fatos e Not\u00edcias\",\"isPartOf\":{\"@id\":\"https:\/\/jornalfatosenoticias.com.br\/#website\"},\"primaryImageOfPage\":{\"@id\":\"https:\/\/jornalfatosenoticias.com.br\/index.php\/2022\/02\/18\/forcas-de-carater-quais-sao-e-como-elas-contribuem-para-a-sua-felicidade\/#primaryimage\"},\"image\":{\"@id\":\"https:\/\/jornalfatosenoticias.com.br\/index.php\/2022\/02\/18\/forcas-de-carater-quais-sao-e-como-elas-contribuem-para-a-sua-felicidade\/#primaryimage\"},\"thumbnailUrl\":\"https:\/\/jornalfatosenoticias.com.br\/wp-content\/uploads\/2022\/02\/FORCA-DE-CARATER1_istockphoto.jpg\",\"datePublished\":\"2022-02-18T18:26:05+00:00\",\"dateModified\":\"2022-02-18T18:26:09+00:00\",\"breadcrumb\":{\"@id\":\"https:\/\/jornalfatosenoticias.com.br\/index.php\/2022\/02\/18\/forcas-de-carater-quais-sao-e-como-elas-contribuem-para-a-sua-felicidade\/#breadcrumb\"},\"inLanguage\":\"pt-BR\",\"potentialAction\":[{\"@type\":\"ReadAction\",\"target\":[\"https:\/\/jornalfatosenoticias.com.br\/index.php\/2022\/02\/18\/forcas-de-carater-quais-sao-e-como-elas-contribuem-para-a-sua-felicidade\/\"]}]},{\"@type\":\"ImageObject\",\"inLanguage\":\"pt-BR\",\"@id\":\"https:\/\/jornalfatosenoticias.com.br\/index.php\/2022\/02\/18\/forcas-de-carater-quais-sao-e-como-elas-contribuem-para-a-sua-felicidade\/#primaryimage\",\"url\":\"https:\/\/jornalfatosenoticias.com.br\/wp-content\/uploads\/2022\/02\/FORCA-DE-CARATER1_istockphoto.jpg\",\"contentUrl\":\"https:\/\/jornalfatosenoticias.com.br\/wp-content\/uploads\/2022\/02\/FORCA-DE-CARATER1_istockphoto.jpg\",\"width\":1000,\"height\":666,\"caption\":\"Mirror reflection of a woman's face, studio shot\"},{\"@type\":\"BreadcrumbList\",\"@id\":\"https:\/\/jornalfatosenoticias.com.br\/index.php\/2022\/02\/18\/forcas-de-carater-quais-sao-e-como-elas-contribuem-para-a-sua-felicidade\/#breadcrumb\",\"itemListElement\":[{\"@type\":\"ListItem\",\"position\":1,\"name\":\"In\u00edcio\",\"item\":\"https:\/\/jornalfatosenoticias.com.br\/\"},{\"@type\":\"ListItem\",\"position\":2,\"name\":\"For\u00e7as de car\u00e1ter: quais s\u00e3o e como elas contribuem para a sua felicidade\"}]},{\"@type\":\"WebSite\",\"@id\":\"https:\/\/jornalfatosenoticias.com.br\/#website\",\"url\":\"https:\/\/jornalfatosenoticias.com.br\/\",\"name\":\"Jornal Fatos e Not\u00edcias\",\"description\":\"Not\u00edcias em geral\",\"publisher\":{\"@id\":\"https:\/\/jornalfatosenoticias.com.br\/#organization\"},\"potentialAction\":[{\"@type\":\"SearchAction\",\"target\":{\"@type\":\"EntryPoint\",\"urlTemplate\":\"https:\/\/jornalfatosenoticias.com.br\/?s={search_term_string}\"},\"query-input\":{\"@type\":\"PropertyValueSpecification\",\"valueRequired\":true,\"valueName\":\"search_term_string\"}}],\"inLanguage\":\"pt-BR\"},{\"@type\":\"Organization\",\"@id\":\"https:\/\/jornalfatosenoticias.com.br\/#organization\",\"name\":\"Jornal Fatos e Not\u00edcias\",\"url\":\"https:\/\/jornalfatosenoticias.com.br\/\",\"logo\":{\"@type\":\"ImageObject\",\"inLanguage\":\"pt-BR\",\"@id\":\"https:\/\/jornalfatosenoticias.com.br\/#\/schema\/logo\/image\/\",\"url\":\"https:\/\/jornalfatosenoticias.com.br\/wp-content\/uploads\/2020\/02\/logo120.png\",\"contentUrl\":\"https:\/\/jornalfatosenoticias.com.br\/wp-content\/uploads\/2020\/02\/logo120.png\",\"width\":1227,\"height\":120,\"caption\":\"Jornal Fatos e Not\u00edcias\"},\"image\":{\"@id\":\"https:\/\/jornalfatosenoticias.com.br\/#\/schema\/logo\/image\/\"}},{\"@type\":\"Person\",\"@id\":\"https:\/\/jornalfatosenoticias.com.br\/#\/schema\/person\/d63837fa13ac8666eb9e74e0985d6f81\",\"name\":\"Luzimara Fernandes\",\"image\":{\"@type\":\"ImageObject\",\"inLanguage\":\"pt-BR\",\"@id\":\"https:\/\/jornalfatosenoticias.com.br\/#\/schema\/person\/image\/\",\"url\":\"https:\/\/jornalfatosenoticias.com.br\/wp-content\/uploads\/2025\/05\/EU_portal.jpg\",\"contentUrl\":\"https:\/\/jornalfatosenoticias.com.br\/wp-content\/uploads\/2025\/05\/EU_portal.jpg\",\"caption\":\"Luzimara Fernandes\"},\"description\":\"Jornalista MTB 2358-ES\",\"sameAs\":[\"https:\/\/jornalfatosenoticias.com.br\"],\"url\":\"https:\/\/jornalfatosenoticias.com.br\/index.php\/author\/luzimara\/\"}]}<\/script>\n<!-- \/ Yoast SEO plugin. -->","yoast_head_json":{"title":"For\u00e7as de car\u00e1ter: quais s\u00e3o e como elas contribuem para a sua felicidade - Jornal Fatos e Not\u00edcias","robots":{"index":"index","follow":"follow","max-snippet":"max-snippet:-1","max-image-preview":"max-image-preview:large","max-video-preview":"max-video-preview:-1"},"canonical":"https:\/\/jornalfatosenoticias.com.br\/index.php\/2022\/02\/18\/forcas-de-carater-quais-sao-e-como-elas-contribuem-para-a-sua-felicidade\/","og_locale":"pt_BR","og_type":"article","og_title":"For\u00e7as de car\u00e1ter: quais s\u00e3o e como elas contribuem para a sua felicidade - Jornal Fatos e Not\u00edcias","og_description":"Voc\u00ea possui caracter\u00edsticas positivas pr\u00f3prias que afetam a forma como pensa, sente e se comporta e que podem ser a ponte para conduzi-lo a uma vida mais plena e feliz. A grande quest\u00e3o \u00e9: quais s\u00e3o elas e como melhor utiliz\u00e1-las em prol da sua melhor vers\u00e3o?\u00c9 um caminho de autoconhecimento e, como tal, tem [&hellip;]","og_url":"https:\/\/jornalfatosenoticias.com.br\/index.php\/2022\/02\/18\/forcas-de-carater-quais-sao-e-como-elas-contribuem-para-a-sua-felicidade\/","og_site_name":"Jornal Fatos e Not\u00edcias","article_published_time":"2022-02-18T18:26:05+00:00","article_modified_time":"2022-02-18T18:26:09+00:00","og_image":[{"width":1000,"height":666,"url":"https:\/\/jornalfatosenoticias.com.br\/wp-content\/uploads\/2022\/02\/FORCA-DE-CARATER1_istockphoto.jpg","type":"image\/jpeg"}],"author":"Luzimara Fernandes","twitter_card":"summary_large_image","twitter_misc":{"Escrito por":"Luzimara Fernandes","Est. tempo de leitura":"6 minutos"},"schema":{"@context":"https:\/\/schema.org","@graph":[{"@type":"Article","@id":"https:\/\/jornalfatosenoticias.com.br\/index.php\/2022\/02\/18\/forcas-de-carater-quais-sao-e-como-elas-contribuem-para-a-sua-felicidade\/#article","isPartOf":{"@id":"https:\/\/jornalfatosenoticias.com.br\/index.php\/2022\/02\/18\/forcas-de-carater-quais-sao-e-como-elas-contribuem-para-a-sua-felicidade\/"},"author":{"name":"Luzimara Fernandes","@id":"https:\/\/jornalfatosenoticias.com.br\/#\/schema\/person\/d63837fa13ac8666eb9e74e0985d6f81"},"headline":"For\u00e7as de car\u00e1ter: quais s\u00e3o e como elas contribuem para a sua felicidade","datePublished":"2022-02-18T18:26:05+00:00","dateModified":"2022-02-18T18:26:09+00:00","mainEntityOfPage":{"@id":"https:\/\/jornalfatosenoticias.com.br\/index.php\/2022\/02\/18\/forcas-de-carater-quais-sao-e-como-elas-contribuem-para-a-sua-felicidade\/"},"wordCount":1158,"commentCount":0,"publisher":{"@id":"https:\/\/jornalfatosenoticias.com.br\/#organization"},"image":{"@id":"https:\/\/jornalfatosenoticias.com.br\/index.php\/2022\/02\/18\/forcas-de-carater-quais-sao-e-como-elas-contribuem-para-a-sua-felicidade\/#primaryimage"},"thumbnailUrl":"https:\/\/jornalfatosenoticias.com.br\/wp-content\/uploads\/2022\/02\/FORCA-DE-CARATER1_istockphoto.jpg","keywords":["felicidade","for\u00e7as de car\u00e1ter","vida plena"],"articleSection":["Comportamento &amp; Equil\u00edbrio"],"inLanguage":"pt-BR","potentialAction":[{"@type":"CommentAction","name":"Comment","target":["https:\/\/jornalfatosenoticias.com.br\/index.php\/2022\/02\/18\/forcas-de-carater-quais-sao-e-como-elas-contribuem-para-a-sua-felicidade\/#respond"]}]},{"@type":"WebPage","@id":"https:\/\/jornalfatosenoticias.com.br\/index.php\/2022\/02\/18\/forcas-de-carater-quais-sao-e-como-elas-contribuem-para-a-sua-felicidade\/","url":"https:\/\/jornalfatosenoticias.com.br\/index.php\/2022\/02\/18\/forcas-de-carater-quais-sao-e-como-elas-contribuem-para-a-sua-felicidade\/","name":"For\u00e7as de car\u00e1ter: quais s\u00e3o e como elas contribuem para a sua felicidade - Jornal Fatos e Not\u00edcias","isPartOf":{"@id":"https:\/\/jornalfatosenoticias.com.br\/#website"},"primaryImageOfPage":{"@id":"https:\/\/jornalfatosenoticias.com.br\/index.php\/2022\/02\/18\/forcas-de-carater-quais-sao-e-como-elas-contribuem-para-a-sua-felicidade\/#primaryimage"},"image":{"@id":"https:\/\/jornalfatosenoticias.com.br\/index.php\/2022\/02\/18\/forcas-de-carater-quais-sao-e-como-elas-contribuem-para-a-sua-felicidade\/#primaryimage"},"thumbnailUrl":"https:\/\/jornalfatosenoticias.com.br\/wp-content\/uploads\/2022\/02\/FORCA-DE-CARATER1_istockphoto.jpg","datePublished":"2022-02-18T18:26:05+00:00","dateModified":"2022-02-18T18:26:09+00:00","breadcrumb":{"@id":"https:\/\/jornalfatosenoticias.com.br\/index.php\/2022\/02\/18\/forcas-de-carater-quais-sao-e-como-elas-contribuem-para-a-sua-felicidade\/#breadcrumb"},"inLanguage":"pt-BR","potentialAction":[{"@type":"ReadAction","target":["https:\/\/jornalfatosenoticias.com.br\/index.php\/2022\/02\/18\/forcas-de-carater-quais-sao-e-como-elas-contribuem-para-a-sua-felicidade\/"]}]},{"@type":"ImageObject","inLanguage":"pt-BR","@id":"https:\/\/jornalfatosenoticias.com.br\/index.php\/2022\/02\/18\/forcas-de-carater-quais-sao-e-como-elas-contribuem-para-a-sua-felicidade\/#primaryimage","url":"https:\/\/jornalfatosenoticias.com.br\/wp-content\/uploads\/2022\/02\/FORCA-DE-CARATER1_istockphoto.jpg","contentUrl":"https:\/\/jornalfatosenoticias.com.br\/wp-content\/uploads\/2022\/02\/FORCA-DE-CARATER1_istockphoto.jpg","width":1000,"height":666,"caption":"Mirror reflection of a woman's face, studio shot"},{"@type":"BreadcrumbList","@id":"https:\/\/jornalfatosenoticias.com.br\/index.php\/2022\/02\/18\/forcas-de-carater-quais-sao-e-como-elas-contribuem-para-a-sua-felicidade\/#breadcrumb","itemListElement":[{"@type":"ListItem","position":1,"name":"In\u00edcio","item":"https:\/\/jornalfatosenoticias.com.br\/"},{"@type":"ListItem","position":2,"name":"For\u00e7as de car\u00e1ter: quais s\u00e3o e como elas contribuem para a sua felicidade"}]},{"@type":"WebSite","@id":"https:\/\/jornalfatosenoticias.com.br\/#website","url":"https:\/\/jornalfatosenoticias.com.br\/","name":"Jornal Fatos e Not\u00edcias","description":"Not\u00edcias em geral","publisher":{"@id":"https:\/\/jornalfatosenoticias.com.br\/#organization"},"potentialAction":[{"@type":"SearchAction","target":{"@type":"EntryPoint","urlTemplate":"https:\/\/jornalfatosenoticias.com.br\/?s={search_term_string}"},"query-input":{"@type":"PropertyValueSpecification","valueRequired":true,"valueName":"search_term_string"}}],"inLanguage":"pt-BR"},{"@type":"Organization","@id":"https:\/\/jornalfatosenoticias.com.br\/#organization","name":"Jornal Fatos e Not\u00edcias","url":"https:\/\/jornalfatosenoticias.com.br\/","logo":{"@type":"ImageObject","inLanguage":"pt-BR","@id":"https:\/\/jornalfatosenoticias.com.br\/#\/schema\/logo\/image\/","url":"https:\/\/jornalfatosenoticias.com.br\/wp-content\/uploads\/2020\/02\/logo120.png","contentUrl":"https:\/\/jornalfatosenoticias.com.br\/wp-content\/uploads\/2020\/02\/logo120.png","width":1227,"height":120,"caption":"Jornal Fatos e Not\u00edcias"},"image":{"@id":"https:\/\/jornalfatosenoticias.com.br\/#\/schema\/logo\/image\/"}},{"@type":"Person","@id":"https:\/\/jornalfatosenoticias.com.br\/#\/schema\/person\/d63837fa13ac8666eb9e74e0985d6f81","name":"Luzimara Fernandes","image":{"@type":"ImageObject","inLanguage":"pt-BR","@id":"https:\/\/jornalfatosenoticias.com.br\/#\/schema\/person\/image\/","url":"https:\/\/jornalfatosenoticias.com.br\/wp-content\/uploads\/2025\/05\/EU_portal.jpg","contentUrl":"https:\/\/jornalfatosenoticias.com.br\/wp-content\/uploads\/2025\/05\/EU_portal.jpg","caption":"Luzimara Fernandes"},"description":"Jornalista MTB 2358-ES","sameAs":["https:\/\/jornalfatosenoticias.com.br"],"url":"https:\/\/jornalfatosenoticias.com.br\/index.php\/author\/luzimara\/"}]}},"cc_featured_image_caption":{"caption_text":"(Foto: iStock) \r\n","source_text":"","source_url":""},"jetpack_featured_media_url":"https:\/\/jornalfatosenoticias.com.br\/wp-content\/uploads\/2022\/02\/FORCA-DE-CARATER1_istockphoto.jpg","_links":{"self":[{"href":"https:\/\/jornalfatosenoticias.com.br\/index.php\/wp-json\/wp\/v2\/posts\/28063","targetHints":{"allow":["GET"]}}],"collection":[{"href":"https:\/\/jornalfatosenoticias.com.br\/index.php\/wp-json\/wp\/v2\/posts"}],"about":[{"href":"https:\/\/jornalfatosenoticias.com.br\/index.php\/wp-json\/wp\/v2\/types\/post"}],"author":[{"embeddable":true,"href":"https:\/\/jornalfatosenoticias.com.br\/index.php\/wp-json\/wp\/v2\/users\/2"}],"replies":[{"embeddable":true,"href":"https:\/\/jornalfatosenoticias.com.br\/index.php\/wp-json\/wp\/v2\/comments?post=28063"}],"version-history":[{"count":0,"href":"https:\/\/jornalfatosenoticias.com.br\/index.php\/wp-json\/wp\/v2\/posts\/28063\/revisions"}],"wp:featuredmedia":[{"embeddable":true,"href":"https:\/\/jornalfatosenoticias.com.br\/index.php\/wp-json\/wp\/v2\/media\/28066"}],"wp:attachment":[{"href":"https:\/\/jornalfatosenoticias.com.br\/index.php\/wp-json\/wp\/v2\/media?parent=28063"}],"wp:term":[{"taxonomy":"category","embeddable":true,"href":"https:\/\/jornalfatosenoticias.com.br\/index.php\/wp-json\/wp\/v2\/categories?post=28063"},{"taxonomy":"post_tag","embeddable":true,"href":"https:\/\/jornalfatosenoticias.com.br\/index.php\/wp-json\/wp\/v2\/tags?post=28063"}],"curies":[{"name":"wp","href":"https:\/\/api.w.org\/{rel}","templated":true}]}}