{"id":28075,"date":"2022-02-18T16:29:47","date_gmt":"2022-02-18T19:29:47","guid":{"rendered":"https:\/\/jornalfatosenoticias.com.br\/?p=28075"},"modified":"2022-02-18T16:29:48","modified_gmt":"2022-02-18T19:29:48","slug":"aquecimento-global-pode-fazer-desaparecer-mais-de-15-da-flora-mundial-ate-o-fim-deste-seculo-aponta-estudo","status":"publish","type":"post","link":"https:\/\/jornalfatosenoticias.com.br\/index.php\/2022\/02\/18\/aquecimento-global-pode-fazer-desaparecer-mais-de-15-da-flora-mundial-ate-o-fim-deste-seculo-aponta-estudo\/","title":{"rendered":"Aquecimento global pode fazer desaparecer mais de 15% da flora mundial at\u00e9 o fim deste s\u00e9culo, aponta estudo"},"content":{"rendered":"\n<p><em><span class=\"has-inline-color has-black-color\">Relat\u00f3rio do World Resources Institute (WRI) mostra cen\u00e1rio preocupante aos ecossistemas caso a emiss\u00e3o de gases do efeito estufa n\u00e3o for mitigada<\/span><\/em><\/p>\n\n\n\n<p>O combate as <a href=\"https:\/\/umsoplaneta.globo.com\/clima\/noticia\/2021\/04\/04\/o-que-sao-as-mudancas-climaticas.ghtml\"><strong>mudan\u00e7as clim\u00e1ticas<\/strong><\/a>\u00a0nos pr\u00f3ximos 80 anos ser\u00e1 crucial para mantermos vivos os ecossistemas mundiais &#8211; neste caso especificamente,\u00a0<strong>as esp\u00e9cies de plantas<\/strong>. \u00c9 isso que aponta um novo relat\u00f3rio da organiza\u00e7\u00e3o n\u00e3o governamental ligada ao meio ambiente<a href=\"https:\/\/www.wri.org\/\" target=\"_blank\" rel=\"noreferrer noopener\">\u00a0<\/a><strong><a href=\"https:\/\/www.wri.org\/\" target=\"_blank\" rel=\"noreferrer noopener\">World Resources Institute (WRI)<\/a>, que une os dados do\u00a0<a href=\"https:\/\/umsoplaneta.globo.com\/clima\/noticia\/2021\/04\/04\/o-que-e-o-ipcc.ghtml\">Painel Intergovernamental sobre Mudan\u00e7as Clim\u00e1ticas (IPCC)<\/a>.<\/strong><br>Segundo a proje\u00e7\u00e3o, <strong>mais de 15% da flora mundial pode deixar de existir at\u00e9 o fim do s\u00e9culo,<\/strong>\u00a0caso a temperatura m\u00e9dia global aumente mais que 2\u00b0C, em compara\u00e7\u00e3o aos n\u00edveis pr\u00e9-industriais. Hoje, aproximadamente<strong>\u00a08% das esp\u00e9cies vegetais do planeta j\u00e1 est\u00e3o sob forte risco de extin\u00e7\u00e3o.<\/strong>\u00a0Mas o cen\u00e1rio pode piorar: a pesquisa estima que a vegeta\u00e7\u00e3o deve perder mais da metade da sua<strong>\u00a0<a href=\"https:\/\/umsoplaneta.globo.com\/biodiversidade\/noticia\/2021\/05\/21\/biodiversidade-o-que-e-e-quais-ameacas-enfrenta.ghtml\">biodiversidade<\/a><\/strong> em breve.<\/p>\n\n\n\n<figure class=\"wp-block-image size-large\"><img loading=\"lazy\" decoding=\"async\" width=\"1024\" height=\"103\" src=\"https:\/\/jornalfatosenoticias.com.br\/wp-content\/uploads\/2022\/02\/Arte-Autoescola-Galatas_endereco_portal-1024x103.png\" alt=\"\" class=\"wp-image-27869\" srcset=\"https:\/\/jornalfatosenoticias.com.br\/wp-content\/uploads\/2022\/02\/Arte-Autoescola-Galatas_endereco_portal-1024x103.png 1024w, https:\/\/jornalfatosenoticias.com.br\/wp-content\/uploads\/2022\/02\/Arte-Autoescola-Galatas_endereco_portal-300x30.png 300w, https:\/\/jornalfatosenoticias.com.br\/wp-content\/uploads\/2022\/02\/Arte-Autoescola-Galatas_endereco_portal-768x77.png 768w, https:\/\/jornalfatosenoticias.com.br\/wp-content\/uploads\/2022\/02\/Arte-Autoescola-Galatas_endereco_portal.png 1223w\" sizes=\"auto, (max-width: 1024px) 100vw, 1024px\" \/><\/figure>\n\n\n\n<p>O porta-voz do WRI, Kelly Levin, destacou a urg\u00eancia de combatermos o <strong><a href=\"https:\/\/umsoplaneta.globo.com\/clima\/noticia\/2021\/04\/04\/bloco-1-o-que-e-o-aquecimento-global.ghtml\">aquecimento global.<\/a>\u00a0<\/strong>\u201cTodos n\u00f3s precisamos estar familiarizados com os esfor\u00e7os mundiais para manter a temperatura abaixo de 2\u00b0C. Cada fra\u00e7\u00e3o de grau importa para a popula\u00e7\u00e3o. Apesar de todos os esfor\u00e7os, j\u00e1 estamos observando diversas mudan\u00e7as clim\u00e1ticas. O aumento de 1,5\u00b0C j\u00e1 n\u00e3o traz seguran\u00e7a para o ecossistema\u201d, disse em entrevista \u00e0 CNN.<br>Em refer\u00eancia ao Brasil, Kelly mencionou o <strong><a href=\"https:\/\/umsoplaneta.globo.com\/biodiversidade\/noticia\/2021\/07\/15\/desmatamento-na-amazonia-as-causas-e-os-impactos-para-o-planeta.ghtml\"><strong>desmatamento<\/strong><\/a><strong>\u00a0das florestas causados pelos inc\u00eandios<\/strong><\/strong> em raz\u00e3o das altas temperaturas. \u201cSe voc\u00ea pensar na Am\u00e9rica do Norte, por exemplo, temos diversas \u00e1reas que sofreram inc\u00eandios involunt\u00e1rios. Tivemos um recorde na \u00faltima d\u00e9cada. Vemos a mesma coisa na Am\u00e9rica do Sul, e no Brasil, temos todos os impactos dos inc\u00eandios e o que isso prejudica o ambiente\u201d, disse a ambientalista \u00e0 CNN.<br>O relat\u00f3rio aponta a necessidade de medidas urgentes contra a emiss\u00e3o de gases do <strong><a href=\"https:\/\/umsoplaneta.globo.com\/clima\/noticia\/2021\/04\/04\/o-que-e-efeito-estufa.ghtml\">efeito estufa<\/a>\u00a0e destaca os compromissos de mitiga\u00e7\u00e3o firmados na\u00a0<a href=\"https:\/\/umsoplaneta.globo.com\/clima\/noticia\/2021\/10\/26\/cop26-entenda-o-que-e-e-sua-importancia.ghtml\">Confer\u00eancia das Na\u00e7\u00f5es Unidas sobre as Mudan\u00e7as Clim\u00e1ticas (COP26).<\/a><\/strong><\/p>\n\n\n\n<figure class=\"wp-block-image size-large\"><img decoding=\"async\" src=\"https:\/\/jornalfatosenoticias.com.br\/wp-content\/uploads\/2022\/02\/Banner-1-1024x101.png\" alt=\"\" class=\"wp-image-27923\"\/><\/figure>\n\n\n\n<p><strong><em>Fonte: <a href=\"https:\/\/umsoplaneta.globo.com\/biodiversidade\/noticia\/2022\/02\/12\/aquecimento-global-pode-fazer-desaparecer-mais-de-15percent-da-flora-mundial-ate-o-fim-deste-seculo-aponta-estudo.ghtml\">Um S\u00f3 Planeta<\/a><\/em><\/strong><\/p>\n","protected":false},"excerpt":{"rendered":"<p>Relat\u00f3rio do World Resources Institute (WRI) mostra cen\u00e1rio preocupante aos ecossistemas caso a emiss\u00e3o de gases do efeito estufa n\u00e3o for mitigada O combate as mudan\u00e7as clim\u00e1ticas\u00a0nos pr\u00f3ximos 80 anos ser\u00e1 crucial para mantermos vivos os ecossistemas mundiais &#8211; neste caso especificamente,\u00a0as esp\u00e9cies de plantas. \u00c9 isso que aponta um novo relat\u00f3rio da organiza\u00e7\u00e3o n\u00e3o [&hellip;]<\/p>\n","protected":false},"author":2,"featured_media":28076,"comment_status":"open","ping_status":"open","sticky":false,"template":"","format":"standard","meta":{"footnotes":""},"categories":[8],"tags":[362,1844,2292,13386,183,4262,360],"class_list":["post-28075","post","type-post","status-publish","format-standard","has-post-thumbnail","hentry","category-meio-ambiente","tag-aquecimento-global","tag-desmatamento","tag-efeito-estufa","tag-flora-mundial","tag-florestas","tag-incendios","tag-mudancas-climaticas"],"yoast_head":"<!-- This site is optimized with the Yoast SEO plugin v26.5 - https:\/\/yoast.com\/wordpress\/plugins\/seo\/ -->\n<title>Aquecimento global pode fazer desaparecer mais de 15% da flora mundial at\u00e9 o fim deste s\u00e9culo, aponta estudo - Jornal Fatos e Not\u00edcias<\/title>\n<meta name=\"robots\" content=\"index, follow, max-snippet:-1, max-image-preview:large, max-video-preview:-1\" \/>\n<link rel=\"canonical\" href=\"https:\/\/jornalfatosenoticias.com.br\/index.php\/2022\/02\/18\/aquecimento-global-pode-fazer-desaparecer-mais-de-15-da-flora-mundial-ate-o-fim-deste-seculo-aponta-estudo\/\" \/>\n<meta property=\"og:locale\" content=\"pt_BR\" \/>\n<meta property=\"og:type\" content=\"article\" \/>\n<meta property=\"og:title\" content=\"Aquecimento global pode fazer desaparecer mais de 15% da flora mundial at\u00e9 o fim deste s\u00e9culo, aponta estudo - Jornal Fatos e Not\u00edcias\" \/>\n<meta property=\"og:description\" content=\"Relat\u00f3rio do World Resources Institute (WRI) mostra cen\u00e1rio preocupante aos ecossistemas caso a emiss\u00e3o de gases do efeito estufa n\u00e3o for mitigada O combate as mudan\u00e7as clim\u00e1ticas\u00a0nos pr\u00f3ximos 80 anos ser\u00e1 crucial para mantermos vivos os ecossistemas mundiais &#8211; neste caso especificamente,\u00a0as esp\u00e9cies de plantas. \u00c9 isso que aponta um novo relat\u00f3rio da organiza\u00e7\u00e3o n\u00e3o [&hellip;]\" \/>\n<meta property=\"og:url\" content=\"https:\/\/jornalfatosenoticias.com.br\/index.php\/2022\/02\/18\/aquecimento-global-pode-fazer-desaparecer-mais-de-15-da-flora-mundial-ate-o-fim-deste-seculo-aponta-estudo\/\" \/>\n<meta property=\"og:site_name\" content=\"Jornal Fatos e Not\u00edcias\" \/>\n<meta property=\"article:published_time\" content=\"2022-02-18T19:29:47+00:00\" \/>\n<meta property=\"article:modified_time\" content=\"2022-02-18T19:29:48+00:00\" \/>\n<meta property=\"og:image\" content=\"https:\/\/jornalfatosenoticias.com.br\/wp-content\/uploads\/2022\/02\/aquecimento-global_plantas_getty-images.jpg\" \/>\n\t<meta property=\"og:image:width\" content=\"1000\" \/>\n\t<meta property=\"og:image:height\" content=\"613\" \/>\n\t<meta property=\"og:image:type\" content=\"image\/jpeg\" \/>\n<meta name=\"author\" content=\"Luzimara Fernandes\" \/>\n<meta name=\"twitter:card\" content=\"summary_large_image\" \/>\n<meta name=\"twitter:label1\" content=\"Escrito por\" \/>\n\t<meta name=\"twitter:data1\" content=\"Luzimara Fernandes\" \/>\n\t<meta name=\"twitter:label2\" content=\"Est. tempo de leitura\" \/>\n\t<meta name=\"twitter:data2\" content=\"2 minutos\" \/>\n<script type=\"application\/ld+json\" class=\"yoast-schema-graph\">{\"@context\":\"https:\/\/schema.org\",\"@graph\":[{\"@type\":\"Article\",\"@id\":\"https:\/\/jornalfatosenoticias.com.br\/index.php\/2022\/02\/18\/aquecimento-global-pode-fazer-desaparecer-mais-de-15-da-flora-mundial-ate-o-fim-deste-seculo-aponta-estudo\/#article\",\"isPartOf\":{\"@id\":\"https:\/\/jornalfatosenoticias.com.br\/index.php\/2022\/02\/18\/aquecimento-global-pode-fazer-desaparecer-mais-de-15-da-flora-mundial-ate-o-fim-deste-seculo-aponta-estudo\/\"},\"author\":{\"name\":\"Luzimara Fernandes\",\"@id\":\"https:\/\/jornalfatosenoticias.com.br\/#\/schema\/person\/d63837fa13ac8666eb9e74e0985d6f81\"},\"headline\":\"Aquecimento global pode fazer desaparecer mais de 15% da flora mundial at\u00e9 o fim deste s\u00e9culo, aponta estudo\",\"datePublished\":\"2022-02-18T19:29:47+00:00\",\"dateModified\":\"2022-02-18T19:29:48+00:00\",\"mainEntityOfPage\":{\"@id\":\"https:\/\/jornalfatosenoticias.com.br\/index.php\/2022\/02\/18\/aquecimento-global-pode-fazer-desaparecer-mais-de-15-da-flora-mundial-ate-o-fim-deste-seculo-aponta-estudo\/\"},\"wordCount\":378,\"commentCount\":0,\"publisher\":{\"@id\":\"https:\/\/jornalfatosenoticias.com.br\/#organization\"},\"image\":{\"@id\":\"https:\/\/jornalfatosenoticias.com.br\/index.php\/2022\/02\/18\/aquecimento-global-pode-fazer-desaparecer-mais-de-15-da-flora-mundial-ate-o-fim-deste-seculo-aponta-estudo\/#primaryimage\"},\"thumbnailUrl\":\"https:\/\/jornalfatosenoticias.com.br\/wp-content\/uploads\/2022\/02\/aquecimento-global_plantas_getty-images.jpg\",\"keywords\":[\"aquecimento global\",\"desmatamento\",\"efeito estufa\",\"flora mundial\",\"florestas\",\"inc\u00eandios\",\"mudan\u00e7as clim\u00e1ticas\"],\"articleSection\":[\"Meio ambiente\"],\"inLanguage\":\"pt-BR\",\"potentialAction\":[{\"@type\":\"CommentAction\",\"name\":\"Comment\",\"target\":[\"https:\/\/jornalfatosenoticias.com.br\/index.php\/2022\/02\/18\/aquecimento-global-pode-fazer-desaparecer-mais-de-15-da-flora-mundial-ate-o-fim-deste-seculo-aponta-estudo\/#respond\"]}]},{\"@type\":\"WebPage\",\"@id\":\"https:\/\/jornalfatosenoticias.com.br\/index.php\/2022\/02\/18\/aquecimento-global-pode-fazer-desaparecer-mais-de-15-da-flora-mundial-ate-o-fim-deste-seculo-aponta-estudo\/\",\"url\":\"https:\/\/jornalfatosenoticias.com.br\/index.php\/2022\/02\/18\/aquecimento-global-pode-fazer-desaparecer-mais-de-15-da-flora-mundial-ate-o-fim-deste-seculo-aponta-estudo\/\",\"name\":\"Aquecimento global pode fazer desaparecer mais de 15% da flora mundial at\u00e9 o fim deste s\u00e9culo, aponta estudo - Jornal Fatos e Not\u00edcias\",\"isPartOf\":{\"@id\":\"https:\/\/jornalfatosenoticias.com.br\/#website\"},\"primaryImageOfPage\":{\"@id\":\"https:\/\/jornalfatosenoticias.com.br\/index.php\/2022\/02\/18\/aquecimento-global-pode-fazer-desaparecer-mais-de-15-da-flora-mundial-ate-o-fim-deste-seculo-aponta-estudo\/#primaryimage\"},\"image\":{\"@id\":\"https:\/\/jornalfatosenoticias.com.br\/index.php\/2022\/02\/18\/aquecimento-global-pode-fazer-desaparecer-mais-de-15-da-flora-mundial-ate-o-fim-deste-seculo-aponta-estudo\/#primaryimage\"},\"thumbnailUrl\":\"https:\/\/jornalfatosenoticias.com.br\/wp-content\/uploads\/2022\/02\/aquecimento-global_plantas_getty-images.jpg\",\"datePublished\":\"2022-02-18T19:29:47+00:00\",\"dateModified\":\"2022-02-18T19:29:48+00:00\",\"breadcrumb\":{\"@id\":\"https:\/\/jornalfatosenoticias.com.br\/index.php\/2022\/02\/18\/aquecimento-global-pode-fazer-desaparecer-mais-de-15-da-flora-mundial-ate-o-fim-deste-seculo-aponta-estudo\/#breadcrumb\"},\"inLanguage\":\"pt-BR\",\"potentialAction\":[{\"@type\":\"ReadAction\",\"target\":[\"https:\/\/jornalfatosenoticias.com.br\/index.php\/2022\/02\/18\/aquecimento-global-pode-fazer-desaparecer-mais-de-15-da-flora-mundial-ate-o-fim-deste-seculo-aponta-estudo\/\"]}]},{\"@type\":\"ImageObject\",\"inLanguage\":\"pt-BR\",\"@id\":\"https:\/\/jornalfatosenoticias.com.br\/index.php\/2022\/02\/18\/aquecimento-global-pode-fazer-desaparecer-mais-de-15-da-flora-mundial-ate-o-fim-deste-seculo-aponta-estudo\/#primaryimage\",\"url\":\"https:\/\/jornalfatosenoticias.com.br\/wp-content\/uploads\/2022\/02\/aquecimento-global_plantas_getty-images.jpg\",\"contentUrl\":\"https:\/\/jornalfatosenoticias.com.br\/wp-content\/uploads\/2022\/02\/aquecimento-global_plantas_getty-images.jpg\",\"width\":1000,\"height\":613},{\"@type\":\"BreadcrumbList\",\"@id\":\"https:\/\/jornalfatosenoticias.com.br\/index.php\/2022\/02\/18\/aquecimento-global-pode-fazer-desaparecer-mais-de-15-da-flora-mundial-ate-o-fim-deste-seculo-aponta-estudo\/#breadcrumb\",\"itemListElement\":[{\"@type\":\"ListItem\",\"position\":1,\"name\":\"In\u00edcio\",\"item\":\"https:\/\/jornalfatosenoticias.com.br\/\"},{\"@type\":\"ListItem\",\"position\":2,\"name\":\"Aquecimento global pode fazer desaparecer mais de 15% da flora mundial at\u00e9 o fim deste s\u00e9culo, aponta estudo\"}]},{\"@type\":\"WebSite\",\"@id\":\"https:\/\/jornalfatosenoticias.com.br\/#website\",\"url\":\"https:\/\/jornalfatosenoticias.com.br\/\",\"name\":\"Jornal Fatos e Not\u00edcias\",\"description\":\"Not\u00edcias em geral\",\"publisher\":{\"@id\":\"https:\/\/jornalfatosenoticias.com.br\/#organization\"},\"potentialAction\":[{\"@type\":\"SearchAction\",\"target\":{\"@type\":\"EntryPoint\",\"urlTemplate\":\"https:\/\/jornalfatosenoticias.com.br\/?s={search_term_string}\"},\"query-input\":{\"@type\":\"PropertyValueSpecification\",\"valueRequired\":true,\"valueName\":\"search_term_string\"}}],\"inLanguage\":\"pt-BR\"},{\"@type\":\"Organization\",\"@id\":\"https:\/\/jornalfatosenoticias.com.br\/#organization\",\"name\":\"Jornal Fatos e Not\u00edcias\",\"url\":\"https:\/\/jornalfatosenoticias.com.br\/\",\"logo\":{\"@type\":\"ImageObject\",\"inLanguage\":\"pt-BR\",\"@id\":\"https:\/\/jornalfatosenoticias.com.br\/#\/schema\/logo\/image\/\",\"url\":\"https:\/\/jornalfatosenoticias.com.br\/wp-content\/uploads\/2020\/02\/logo120.png\",\"contentUrl\":\"https:\/\/jornalfatosenoticias.com.br\/wp-content\/uploads\/2020\/02\/logo120.png\",\"width\":1227,\"height\":120,\"caption\":\"Jornal Fatos e Not\u00edcias\"},\"image\":{\"@id\":\"https:\/\/jornalfatosenoticias.com.br\/#\/schema\/logo\/image\/\"}},{\"@type\":\"Person\",\"@id\":\"https:\/\/jornalfatosenoticias.com.br\/#\/schema\/person\/d63837fa13ac8666eb9e74e0985d6f81\",\"name\":\"Luzimara Fernandes\",\"image\":{\"@type\":\"ImageObject\",\"inLanguage\":\"pt-BR\",\"@id\":\"https:\/\/jornalfatosenoticias.com.br\/#\/schema\/person\/image\/\",\"url\":\"https:\/\/jornalfatosenoticias.com.br\/wp-content\/uploads\/2025\/05\/EU_portal.jpg\",\"contentUrl\":\"https:\/\/jornalfatosenoticias.com.br\/wp-content\/uploads\/2025\/05\/EU_portal.jpg\",\"caption\":\"Luzimara Fernandes\"},\"description\":\"Jornalista MTB 2358-ES\",\"sameAs\":[\"https:\/\/jornalfatosenoticias.com.br\"],\"url\":\"https:\/\/jornalfatosenoticias.com.br\/index.php\/author\/luzimara\/\"}]}<\/script>\n<!-- \/ Yoast SEO plugin. -->","yoast_head_json":{"title":"Aquecimento global pode fazer desaparecer mais de 15% da flora mundial at\u00e9 o fim deste s\u00e9culo, aponta estudo - Jornal Fatos e Not\u00edcias","robots":{"index":"index","follow":"follow","max-snippet":"max-snippet:-1","max-image-preview":"max-image-preview:large","max-video-preview":"max-video-preview:-1"},"canonical":"https:\/\/jornalfatosenoticias.com.br\/index.php\/2022\/02\/18\/aquecimento-global-pode-fazer-desaparecer-mais-de-15-da-flora-mundial-ate-o-fim-deste-seculo-aponta-estudo\/","og_locale":"pt_BR","og_type":"article","og_title":"Aquecimento global pode fazer desaparecer mais de 15% da flora mundial at\u00e9 o fim deste s\u00e9culo, aponta estudo - Jornal Fatos e Not\u00edcias","og_description":"Relat\u00f3rio do World Resources Institute (WRI) mostra cen\u00e1rio preocupante aos ecossistemas caso a emiss\u00e3o de gases do efeito estufa n\u00e3o for mitigada O combate as mudan\u00e7as clim\u00e1ticas\u00a0nos pr\u00f3ximos 80 anos ser\u00e1 crucial para mantermos vivos os ecossistemas mundiais &#8211; neste caso especificamente,\u00a0as esp\u00e9cies de plantas. \u00c9 isso que aponta um novo relat\u00f3rio da organiza\u00e7\u00e3o n\u00e3o [&hellip;]","og_url":"https:\/\/jornalfatosenoticias.com.br\/index.php\/2022\/02\/18\/aquecimento-global-pode-fazer-desaparecer-mais-de-15-da-flora-mundial-ate-o-fim-deste-seculo-aponta-estudo\/","og_site_name":"Jornal Fatos e Not\u00edcias","article_published_time":"2022-02-18T19:29:47+00:00","article_modified_time":"2022-02-18T19:29:48+00:00","og_image":[{"width":1000,"height":613,"url":"https:\/\/jornalfatosenoticias.com.br\/wp-content\/uploads\/2022\/02\/aquecimento-global_plantas_getty-images.jpg","type":"image\/jpeg"}],"author":"Luzimara Fernandes","twitter_card":"summary_large_image","twitter_misc":{"Escrito por":"Luzimara Fernandes","Est. tempo de leitura":"2 minutos"},"schema":{"@context":"https:\/\/schema.org","@graph":[{"@type":"Article","@id":"https:\/\/jornalfatosenoticias.com.br\/index.php\/2022\/02\/18\/aquecimento-global-pode-fazer-desaparecer-mais-de-15-da-flora-mundial-ate-o-fim-deste-seculo-aponta-estudo\/#article","isPartOf":{"@id":"https:\/\/jornalfatosenoticias.com.br\/index.php\/2022\/02\/18\/aquecimento-global-pode-fazer-desaparecer-mais-de-15-da-flora-mundial-ate-o-fim-deste-seculo-aponta-estudo\/"},"author":{"name":"Luzimara Fernandes","@id":"https:\/\/jornalfatosenoticias.com.br\/#\/schema\/person\/d63837fa13ac8666eb9e74e0985d6f81"},"headline":"Aquecimento global pode fazer desaparecer mais de 15% da flora mundial at\u00e9 o fim deste s\u00e9culo, aponta estudo","datePublished":"2022-02-18T19:29:47+00:00","dateModified":"2022-02-18T19:29:48+00:00","mainEntityOfPage":{"@id":"https:\/\/jornalfatosenoticias.com.br\/index.php\/2022\/02\/18\/aquecimento-global-pode-fazer-desaparecer-mais-de-15-da-flora-mundial-ate-o-fim-deste-seculo-aponta-estudo\/"},"wordCount":378,"commentCount":0,"publisher":{"@id":"https:\/\/jornalfatosenoticias.com.br\/#organization"},"image":{"@id":"https:\/\/jornalfatosenoticias.com.br\/index.php\/2022\/02\/18\/aquecimento-global-pode-fazer-desaparecer-mais-de-15-da-flora-mundial-ate-o-fim-deste-seculo-aponta-estudo\/#primaryimage"},"thumbnailUrl":"https:\/\/jornalfatosenoticias.com.br\/wp-content\/uploads\/2022\/02\/aquecimento-global_plantas_getty-images.jpg","keywords":["aquecimento global","desmatamento","efeito estufa","flora mundial","florestas","inc\u00eandios","mudan\u00e7as clim\u00e1ticas"],"articleSection":["Meio ambiente"],"inLanguage":"pt-BR","potentialAction":[{"@type":"CommentAction","name":"Comment","target":["https:\/\/jornalfatosenoticias.com.br\/index.php\/2022\/02\/18\/aquecimento-global-pode-fazer-desaparecer-mais-de-15-da-flora-mundial-ate-o-fim-deste-seculo-aponta-estudo\/#respond"]}]},{"@type":"WebPage","@id":"https:\/\/jornalfatosenoticias.com.br\/index.php\/2022\/02\/18\/aquecimento-global-pode-fazer-desaparecer-mais-de-15-da-flora-mundial-ate-o-fim-deste-seculo-aponta-estudo\/","url":"https:\/\/jornalfatosenoticias.com.br\/index.php\/2022\/02\/18\/aquecimento-global-pode-fazer-desaparecer-mais-de-15-da-flora-mundial-ate-o-fim-deste-seculo-aponta-estudo\/","name":"Aquecimento global pode fazer desaparecer mais de 15% da flora mundial at\u00e9 o fim deste s\u00e9culo, aponta estudo - Jornal Fatos e Not\u00edcias","isPartOf":{"@id":"https:\/\/jornalfatosenoticias.com.br\/#website"},"primaryImageOfPage":{"@id":"https:\/\/jornalfatosenoticias.com.br\/index.php\/2022\/02\/18\/aquecimento-global-pode-fazer-desaparecer-mais-de-15-da-flora-mundial-ate-o-fim-deste-seculo-aponta-estudo\/#primaryimage"},"image":{"@id":"https:\/\/jornalfatosenoticias.com.br\/index.php\/2022\/02\/18\/aquecimento-global-pode-fazer-desaparecer-mais-de-15-da-flora-mundial-ate-o-fim-deste-seculo-aponta-estudo\/#primaryimage"},"thumbnailUrl":"https:\/\/jornalfatosenoticias.com.br\/wp-content\/uploads\/2022\/02\/aquecimento-global_plantas_getty-images.jpg","datePublished":"2022-02-18T19:29:47+00:00","dateModified":"2022-02-18T19:29:48+00:00","breadcrumb":{"@id":"https:\/\/jornalfatosenoticias.com.br\/index.php\/2022\/02\/18\/aquecimento-global-pode-fazer-desaparecer-mais-de-15-da-flora-mundial-ate-o-fim-deste-seculo-aponta-estudo\/#breadcrumb"},"inLanguage":"pt-BR","potentialAction":[{"@type":"ReadAction","target":["https:\/\/jornalfatosenoticias.com.br\/index.php\/2022\/02\/18\/aquecimento-global-pode-fazer-desaparecer-mais-de-15-da-flora-mundial-ate-o-fim-deste-seculo-aponta-estudo\/"]}]},{"@type":"ImageObject","inLanguage":"pt-BR","@id":"https:\/\/jornalfatosenoticias.com.br\/index.php\/2022\/02\/18\/aquecimento-global-pode-fazer-desaparecer-mais-de-15-da-flora-mundial-ate-o-fim-deste-seculo-aponta-estudo\/#primaryimage","url":"https:\/\/jornalfatosenoticias.com.br\/wp-content\/uploads\/2022\/02\/aquecimento-global_plantas_getty-images.jpg","contentUrl":"https:\/\/jornalfatosenoticias.com.br\/wp-content\/uploads\/2022\/02\/aquecimento-global_plantas_getty-images.jpg","width":1000,"height":613},{"@type":"BreadcrumbList","@id":"https:\/\/jornalfatosenoticias.com.br\/index.php\/2022\/02\/18\/aquecimento-global-pode-fazer-desaparecer-mais-de-15-da-flora-mundial-ate-o-fim-deste-seculo-aponta-estudo\/#breadcrumb","itemListElement":[{"@type":"ListItem","position":1,"name":"In\u00edcio","item":"https:\/\/jornalfatosenoticias.com.br\/"},{"@type":"ListItem","position":2,"name":"Aquecimento global pode fazer desaparecer mais de 15% da flora mundial at\u00e9 o fim deste s\u00e9culo, aponta estudo"}]},{"@type":"WebSite","@id":"https:\/\/jornalfatosenoticias.com.br\/#website","url":"https:\/\/jornalfatosenoticias.com.br\/","name":"Jornal Fatos e Not\u00edcias","description":"Not\u00edcias em geral","publisher":{"@id":"https:\/\/jornalfatosenoticias.com.br\/#organization"},"potentialAction":[{"@type":"SearchAction","target":{"@type":"EntryPoint","urlTemplate":"https:\/\/jornalfatosenoticias.com.br\/?s={search_term_string}"},"query-input":{"@type":"PropertyValueSpecification","valueRequired":true,"valueName":"search_term_string"}}],"inLanguage":"pt-BR"},{"@type":"Organization","@id":"https:\/\/jornalfatosenoticias.com.br\/#organization","name":"Jornal Fatos e Not\u00edcias","url":"https:\/\/jornalfatosenoticias.com.br\/","logo":{"@type":"ImageObject","inLanguage":"pt-BR","@id":"https:\/\/jornalfatosenoticias.com.br\/#\/schema\/logo\/image\/","url":"https:\/\/jornalfatosenoticias.com.br\/wp-content\/uploads\/2020\/02\/logo120.png","contentUrl":"https:\/\/jornalfatosenoticias.com.br\/wp-content\/uploads\/2020\/02\/logo120.png","width":1227,"height":120,"caption":"Jornal Fatos e Not\u00edcias"},"image":{"@id":"https:\/\/jornalfatosenoticias.com.br\/#\/schema\/logo\/image\/"}},{"@type":"Person","@id":"https:\/\/jornalfatosenoticias.com.br\/#\/schema\/person\/d63837fa13ac8666eb9e74e0985d6f81","name":"Luzimara Fernandes","image":{"@type":"ImageObject","inLanguage":"pt-BR","@id":"https:\/\/jornalfatosenoticias.com.br\/#\/schema\/person\/image\/","url":"https:\/\/jornalfatosenoticias.com.br\/wp-content\/uploads\/2025\/05\/EU_portal.jpg","contentUrl":"https:\/\/jornalfatosenoticias.com.br\/wp-content\/uploads\/2025\/05\/EU_portal.jpg","caption":"Luzimara Fernandes"},"description":"Jornalista MTB 2358-ES","sameAs":["https:\/\/jornalfatosenoticias.com.br"],"url":"https:\/\/jornalfatosenoticias.com.br\/index.php\/author\/luzimara\/"}]}},"cc_featured_image_caption":{"caption_text":"(Foto: Getty Images) \r\n","source_text":"","source_url":""},"jetpack_featured_media_url":"https:\/\/jornalfatosenoticias.com.br\/wp-content\/uploads\/2022\/02\/aquecimento-global_plantas_getty-images.jpg","_links":{"self":[{"href":"https:\/\/jornalfatosenoticias.com.br\/index.php\/wp-json\/wp\/v2\/posts\/28075","targetHints":{"allow":["GET"]}}],"collection":[{"href":"https:\/\/jornalfatosenoticias.com.br\/index.php\/wp-json\/wp\/v2\/posts"}],"about":[{"href":"https:\/\/jornalfatosenoticias.com.br\/index.php\/wp-json\/wp\/v2\/types\/post"}],"author":[{"embeddable":true,"href":"https:\/\/jornalfatosenoticias.com.br\/index.php\/wp-json\/wp\/v2\/users\/2"}],"replies":[{"embeddable":true,"href":"https:\/\/jornalfatosenoticias.com.br\/index.php\/wp-json\/wp\/v2\/comments?post=28075"}],"version-history":[{"count":0,"href":"https:\/\/jornalfatosenoticias.com.br\/index.php\/wp-json\/wp\/v2\/posts\/28075\/revisions"}],"wp:featuredmedia":[{"embeddable":true,"href":"https:\/\/jornalfatosenoticias.com.br\/index.php\/wp-json\/wp\/v2\/media\/28076"}],"wp:attachment":[{"href":"https:\/\/jornalfatosenoticias.com.br\/index.php\/wp-json\/wp\/v2\/media?parent=28075"}],"wp:term":[{"taxonomy":"category","embeddable":true,"href":"https:\/\/jornalfatosenoticias.com.br\/index.php\/wp-json\/wp\/v2\/categories?post=28075"},{"taxonomy":"post_tag","embeddable":true,"href":"https:\/\/jornalfatosenoticias.com.br\/index.php\/wp-json\/wp\/v2\/tags?post=28075"}],"curies":[{"name":"wp","href":"https:\/\/api.w.org\/{rel}","templated":true}]}}