{"id":28087,"date":"2022-02-21T11:19:28","date_gmt":"2022-02-21T14:19:28","guid":{"rendered":"https:\/\/jornalfatosenoticias.com.br\/?p=28087"},"modified":"2022-02-21T11:19:29","modified_gmt":"2022-02-21T14:19:29","slug":"apos-aval-do-governo-bolsonaro-anac-divulga-homologacao-do-aeroporto-de-linhares","status":"publish","type":"post","link":"https:\/\/jornalfatosenoticias.com.br\/index.php\/2022\/02\/21\/apos-aval-do-governo-bolsonaro-anac-divulga-homologacao-do-aeroporto-de-linhares\/","title":{"rendered":"Ap\u00f3s aval do governo Bolsonaro: Anac divulga homologa\u00e7\u00e3o do aeroporto de Linhares"},"content":{"rendered":"\n<p><em><span class=\"has-inline-color has-black-color\">Com articula\u00e7\u00e3o do deputado federal Evair de Melo o sonho est\u00e1 virando realidade<\/span><\/em><\/p>\n\n\n\n<p>Com investimentos do governo federal, um sonho para o munic\u00edpio de Linhares e todo o Esp\u00edrito Santo, a homologa\u00e7\u00e3o da nova pista do Aeroporto de Linhares est\u00e1 se tornando realidade. Um dos maiores entusiastas da obra, o deputado federal e vice-l\u00edder do governo na C\u00e2mara, Evair de Melo falou sobre o feito.<\/p>\n\n\n\n<blockquote class=\"wp-block-quote is-layout-flow wp-block-quote-is-layout-flow\"><p><span class=\"has-inline-color has-luminous-vivid-orange-color\">&#8220;Luto h\u00e1 anos para que possamos entregar todo o espa\u00e7o o mais breve poss\u00edvel aos usu\u00e1rios e assim o faremos. Se o aeroporto est\u00e1 saindo do papel \u00e9 fruto do trabalho em conjunto da bancada capixaba com o governo federal&#8221;, declarou o parlamentar.<\/span><\/p><\/blockquote>\n\n\n\n<p>A nova pista do Aeroporto de Linhares tem 1.860 metros de extens\u00e3o e o terminal de passageiros ter\u00e1 capacidade de comportar cerca de sete mil pessoas por dia.<br>O empenho do deputado federal Evair de Melo foi fundamental para que o Aeroporto de Linhares fosse entregue \u00e0 popula\u00e7\u00e3o capixaba. Os recursos federais aplicados e a agilidade das an\u00e1lises e desburocratiza\u00e7\u00e3o do processo de execu\u00e7\u00e3o dos conv\u00eanios relativos ao aeroporto s\u00e3o frutos do comprometimento di\u00e1rio do parlamentar, conquistados por meio de articula\u00e7\u00e3o com o governo federal.<\/p>\n\n\n\n<div class=\"wp-block-image\"><figure class=\"alignright size-large is-resized\"><img loading=\"lazy\" decoding=\"async\" src=\"https:\/\/jornalfatosenoticias.com.br\/wp-content\/uploads\/2022\/02\/Precisao-Contabilidade-1024x724.jpg\" alt=\"\" class=\"wp-image-28088\" width=\"362\" height=\"256\"\/><\/figure><\/div>\n\n\n\n<p>A obra sempre foi uma das prioridades em seu mandato, todavia, com a chegada do ministro Tarc\u00edsio de Freitas \u00e0 Pasta da Infraestrutura e a ascens\u00e3o do parlamentar ao cargo de vice-l\u00edder do governo na C\u00e2mara dos Deputados \u2014 por indica\u00e7\u00e3o do Presidente Jair Bolsonaro \u2014 a articula\u00e7\u00e3o de Evair de Melo foi tida como extrema relev\u00e2ncia pelo governo federal e as provid\u00eancias e investimentos finalmente sa\u00edram do papel.<br>Na condi\u00e7\u00e3o de vice-l\u00edder do governo na C\u00e2mara dos Deputados, Evair de Melo liderou in\u00fameras reuni\u00f5es no \u00e2mbito do governo federal, realizou visitas ao canteiro de obras no aeroporto, protocolou of\u00edcios e realizou a\u00e7\u00f5es diretas entre a diretoria do aeroporto e os \u00f3rg\u00e3os federais visando agilizar os processos e finalizar as obras. Todo esse empenho realizado pelo deputado garantiu a conclus\u00e3o da obra da nova pista e a retomada da obra do novo terminal de passageiros.<\/p>\n\n\n\n<figure class=\"wp-block-image size-large\"><img loading=\"lazy\" decoding=\"async\" width=\"1024\" height=\"100\" src=\"https:\/\/jornalfatosenoticias.com.br\/wp-content\/uploads\/2020\/02\/banner_ferramentas-1024x100.jpg\" alt=\"\" class=\"wp-image-1258\" srcset=\"https:\/\/jornalfatosenoticias.com.br\/wp-content\/uploads\/2020\/02\/banner_ferramentas-1024x100.jpg 1024w, https:\/\/jornalfatosenoticias.com.br\/wp-content\/uploads\/2020\/02\/banner_ferramentas-300x29.jpg 300w, https:\/\/jornalfatosenoticias.com.br\/wp-content\/uploads\/2020\/02\/banner_ferramentas-768x75.jpg 768w, https:\/\/jornalfatosenoticias.com.br\/wp-content\/uploads\/2020\/02\/banner_ferramentas.jpg 1227w\" sizes=\"auto, (max-width: 1024px) 100vw, 1024px\" \/><\/figure>\n\n\n\n<p><strong><span class=\"has-inline-color has-black-color\">Bolsonaro sobrevoou o terminal de passageiros em visita ao ES em 2021<br><\/span><\/strong>O presidente Jair Bolsonaro, \u00e0 convite do deputado Evair de Melo, em visita ao ES, em junho de 2021, realizou um sobrevoo sobre o Aeroporto de Linhares, para vistoriar a nova pista de decolagens e pousos. Na \u00e9poca, as obras j\u00e1 tinham sido conclu\u00eddas e aguardavam homologa\u00e7\u00e3o. Evair de Melo, que acompanhou o Presidente, na ocasi\u00e3o agradeceu a oportunidade e destacou a import\u00e2ncia da agenda e do empenho de seu governo para garantir obras que se arrastavam prejudicando os capixabas.<\/p>\n\n\n\n<p><strong><em>Fonte: <a href=\"https:\/\/evairdemelo.com.br\/noticias\/golaco-do-governo-bolsonaro-anac-divulga-homologacao-do-aeroporto-de-linhares\">evairdemelo.com.br<\/a><\/em><\/strong><\/p>\n","protected":false},"excerpt":{"rendered":"<p>Com articula\u00e7\u00e3o do deputado federal Evair de Melo o sonho est\u00e1 virando realidade Com investimentos do governo federal, um sonho para o munic\u00edpio de Linhares e todo o Esp\u00edrito Santo, a homologa\u00e7\u00e3o da nova pista do Aeroporto de Linhares est\u00e1 se tornando realidade. Um dos maiores entusiastas da obra, o deputado federal e vice-l\u00edder do [&hellip;]<\/p>\n","protected":false},"author":2,"featured_media":28089,"comment_status":"open","ping_status":"open","sticky":false,"template":"","format":"standard","meta":{"footnotes":""},"categories":[9,10],"tags":[13391,187,13392,860,13393,1795],"class_list":["post-28087","post","type-post","status-publish","format-standard","has-post-thumbnail","hentry","category-economia","category-politica","tag-aeroporto-de-linhares","tag-anac","tag-evair-de-melo","tag-governo-federal","tag-homologacao","tag-jair-bolsonaro"],"yoast_head":"<!-- This site is optimized with the Yoast SEO plugin v26.5 - https:\/\/yoast.com\/wordpress\/plugins\/seo\/ -->\n<title>Ap\u00f3s aval do governo Bolsonaro: Anac divulga homologa\u00e7\u00e3o do aeroporto de Linhares - Jornal Fatos e Not\u00edcias<\/title>\n<meta name=\"robots\" content=\"index, follow, max-snippet:-1, max-image-preview:large, max-video-preview:-1\" \/>\n<link rel=\"canonical\" href=\"https:\/\/jornalfatosenoticias.com.br\/index.php\/2022\/02\/21\/apos-aval-do-governo-bolsonaro-anac-divulga-homologacao-do-aeroporto-de-linhares\/\" \/>\n<meta property=\"og:locale\" content=\"pt_BR\" \/>\n<meta property=\"og:type\" content=\"article\" \/>\n<meta property=\"og:title\" content=\"Ap\u00f3s aval do governo Bolsonaro: Anac divulga homologa\u00e7\u00e3o do aeroporto de Linhares - Jornal Fatos e Not\u00edcias\" \/>\n<meta property=\"og:description\" content=\"Com articula\u00e7\u00e3o do deputado federal Evair de Melo o sonho est\u00e1 virando realidade Com investimentos do governo federal, um sonho para o munic\u00edpio de Linhares e todo o Esp\u00edrito Santo, a homologa\u00e7\u00e3o da nova pista do Aeroporto de Linhares est\u00e1 se tornando realidade. Um dos maiores entusiastas da obra, o deputado federal e vice-l\u00edder do [&hellip;]\" \/>\n<meta property=\"og:url\" content=\"https:\/\/jornalfatosenoticias.com.br\/index.php\/2022\/02\/21\/apos-aval-do-governo-bolsonaro-anac-divulga-homologacao-do-aeroporto-de-linhares\/\" \/>\n<meta property=\"og:site_name\" content=\"Jornal Fatos e Not\u00edcias\" \/>\n<meta property=\"article:published_time\" content=\"2022-02-21T14:19:28+00:00\" \/>\n<meta property=\"article:modified_time\" content=\"2022-02-21T14:19:29+00:00\" \/>\n<meta property=\"og:image\" content=\"https:\/\/jornalfatosenoticias.com.br\/wp-content\/uploads\/2022\/02\/aeroporto-de-Linhares.jpg\" \/>\n\t<meta property=\"og:image:width\" content=\"1000\" \/>\n\t<meta property=\"og:image:height\" content=\"565\" \/>\n\t<meta property=\"og:image:type\" content=\"image\/jpeg\" \/>\n<meta name=\"author\" content=\"Luzimara Fernandes\" \/>\n<meta name=\"twitter:card\" content=\"summary_large_image\" \/>\n<meta name=\"twitter:label1\" content=\"Escrito por\" \/>\n\t<meta name=\"twitter:data1\" content=\"Luzimara Fernandes\" \/>\n\t<meta name=\"twitter:label2\" content=\"Est. tempo de leitura\" \/>\n\t<meta name=\"twitter:data2\" content=\"2 minutos\" \/>\n<script type=\"application\/ld+json\" class=\"yoast-schema-graph\">{\"@context\":\"https:\/\/schema.org\",\"@graph\":[{\"@type\":\"Article\",\"@id\":\"https:\/\/jornalfatosenoticias.com.br\/index.php\/2022\/02\/21\/apos-aval-do-governo-bolsonaro-anac-divulga-homologacao-do-aeroporto-de-linhares\/#article\",\"isPartOf\":{\"@id\":\"https:\/\/jornalfatosenoticias.com.br\/index.php\/2022\/02\/21\/apos-aval-do-governo-bolsonaro-anac-divulga-homologacao-do-aeroporto-de-linhares\/\"},\"author\":{\"name\":\"Luzimara Fernandes\",\"@id\":\"https:\/\/jornalfatosenoticias.com.br\/#\/schema\/person\/d63837fa13ac8666eb9e74e0985d6f81\"},\"headline\":\"Ap\u00f3s aval do governo Bolsonaro: Anac divulga homologa\u00e7\u00e3o do aeroporto de Linhares\",\"datePublished\":\"2022-02-21T14:19:28+00:00\",\"dateModified\":\"2022-02-21T14:19:29+00:00\",\"mainEntityOfPage\":{\"@id\":\"https:\/\/jornalfatosenoticias.com.br\/index.php\/2022\/02\/21\/apos-aval-do-governo-bolsonaro-anac-divulga-homologacao-do-aeroporto-de-linhares\/\"},\"wordCount\":479,\"commentCount\":0,\"publisher\":{\"@id\":\"https:\/\/jornalfatosenoticias.com.br\/#organization\"},\"image\":{\"@id\":\"https:\/\/jornalfatosenoticias.com.br\/index.php\/2022\/02\/21\/apos-aval-do-governo-bolsonaro-anac-divulga-homologacao-do-aeroporto-de-linhares\/#primaryimage\"},\"thumbnailUrl\":\"https:\/\/jornalfatosenoticias.com.br\/wp-content\/uploads\/2022\/02\/aeroporto-de-Linhares.jpg\",\"keywords\":[\"Aeroporto de Linhares\",\"anac\",\"Evair de Melo\",\"governo federal\",\"homologa\u00e7\u00e3o\",\"Jair Bolsonaro\"],\"articleSection\":[\"Economia\",\"Pol\u00edtica\"],\"inLanguage\":\"pt-BR\",\"potentialAction\":[{\"@type\":\"CommentAction\",\"name\":\"Comment\",\"target\":[\"https:\/\/jornalfatosenoticias.com.br\/index.php\/2022\/02\/21\/apos-aval-do-governo-bolsonaro-anac-divulga-homologacao-do-aeroporto-de-linhares\/#respond\"]}]},{\"@type\":\"WebPage\",\"@id\":\"https:\/\/jornalfatosenoticias.com.br\/index.php\/2022\/02\/21\/apos-aval-do-governo-bolsonaro-anac-divulga-homologacao-do-aeroporto-de-linhares\/\",\"url\":\"https:\/\/jornalfatosenoticias.com.br\/index.php\/2022\/02\/21\/apos-aval-do-governo-bolsonaro-anac-divulga-homologacao-do-aeroporto-de-linhares\/\",\"name\":\"Ap\u00f3s aval do governo Bolsonaro: Anac divulga homologa\u00e7\u00e3o do aeroporto de Linhares - Jornal Fatos e Not\u00edcias\",\"isPartOf\":{\"@id\":\"https:\/\/jornalfatosenoticias.com.br\/#website\"},\"primaryImageOfPage\":{\"@id\":\"https:\/\/jornalfatosenoticias.com.br\/index.php\/2022\/02\/21\/apos-aval-do-governo-bolsonaro-anac-divulga-homologacao-do-aeroporto-de-linhares\/#primaryimage\"},\"image\":{\"@id\":\"https:\/\/jornalfatosenoticias.com.br\/index.php\/2022\/02\/21\/apos-aval-do-governo-bolsonaro-anac-divulga-homologacao-do-aeroporto-de-linhares\/#primaryimage\"},\"thumbnailUrl\":\"https:\/\/jornalfatosenoticias.com.br\/wp-content\/uploads\/2022\/02\/aeroporto-de-Linhares.jpg\",\"datePublished\":\"2022-02-21T14:19:28+00:00\",\"dateModified\":\"2022-02-21T14:19:29+00:00\",\"breadcrumb\":{\"@id\":\"https:\/\/jornalfatosenoticias.com.br\/index.php\/2022\/02\/21\/apos-aval-do-governo-bolsonaro-anac-divulga-homologacao-do-aeroporto-de-linhares\/#breadcrumb\"},\"inLanguage\":\"pt-BR\",\"potentialAction\":[{\"@type\":\"ReadAction\",\"target\":[\"https:\/\/jornalfatosenoticias.com.br\/index.php\/2022\/02\/21\/apos-aval-do-governo-bolsonaro-anac-divulga-homologacao-do-aeroporto-de-linhares\/\"]}]},{\"@type\":\"ImageObject\",\"inLanguage\":\"pt-BR\",\"@id\":\"https:\/\/jornalfatosenoticias.com.br\/index.php\/2022\/02\/21\/apos-aval-do-governo-bolsonaro-anac-divulga-homologacao-do-aeroporto-de-linhares\/#primaryimage\",\"url\":\"https:\/\/jornalfatosenoticias.com.br\/wp-content\/uploads\/2022\/02\/aeroporto-de-Linhares.jpg\",\"contentUrl\":\"https:\/\/jornalfatosenoticias.com.br\/wp-content\/uploads\/2022\/02\/aeroporto-de-Linhares.jpg\",\"width\":1000,\"height\":565},{\"@type\":\"BreadcrumbList\",\"@id\":\"https:\/\/jornalfatosenoticias.com.br\/index.php\/2022\/02\/21\/apos-aval-do-governo-bolsonaro-anac-divulga-homologacao-do-aeroporto-de-linhares\/#breadcrumb\",\"itemListElement\":[{\"@type\":\"ListItem\",\"position\":1,\"name\":\"In\u00edcio\",\"item\":\"https:\/\/jornalfatosenoticias.com.br\/\"},{\"@type\":\"ListItem\",\"position\":2,\"name\":\"Ap\u00f3s aval do governo Bolsonaro: Anac divulga homologa\u00e7\u00e3o do aeroporto de Linhares\"}]},{\"@type\":\"WebSite\",\"@id\":\"https:\/\/jornalfatosenoticias.com.br\/#website\",\"url\":\"https:\/\/jornalfatosenoticias.com.br\/\",\"name\":\"Jornal Fatos e Not\u00edcias\",\"description\":\"Not\u00edcias em geral\",\"publisher\":{\"@id\":\"https:\/\/jornalfatosenoticias.com.br\/#organization\"},\"potentialAction\":[{\"@type\":\"SearchAction\",\"target\":{\"@type\":\"EntryPoint\",\"urlTemplate\":\"https:\/\/jornalfatosenoticias.com.br\/?s={search_term_string}\"},\"query-input\":{\"@type\":\"PropertyValueSpecification\",\"valueRequired\":true,\"valueName\":\"search_term_string\"}}],\"inLanguage\":\"pt-BR\"},{\"@type\":\"Organization\",\"@id\":\"https:\/\/jornalfatosenoticias.com.br\/#organization\",\"name\":\"Jornal Fatos e Not\u00edcias\",\"url\":\"https:\/\/jornalfatosenoticias.com.br\/\",\"logo\":{\"@type\":\"ImageObject\",\"inLanguage\":\"pt-BR\",\"@id\":\"https:\/\/jornalfatosenoticias.com.br\/#\/schema\/logo\/image\/\",\"url\":\"https:\/\/jornalfatosenoticias.com.br\/wp-content\/uploads\/2020\/02\/logo120.png\",\"contentUrl\":\"https:\/\/jornalfatosenoticias.com.br\/wp-content\/uploads\/2020\/02\/logo120.png\",\"width\":1227,\"height\":120,\"caption\":\"Jornal Fatos e Not\u00edcias\"},\"image\":{\"@id\":\"https:\/\/jornalfatosenoticias.com.br\/#\/schema\/logo\/image\/\"}},{\"@type\":\"Person\",\"@id\":\"https:\/\/jornalfatosenoticias.com.br\/#\/schema\/person\/d63837fa13ac8666eb9e74e0985d6f81\",\"name\":\"Luzimara Fernandes\",\"image\":{\"@type\":\"ImageObject\",\"inLanguage\":\"pt-BR\",\"@id\":\"https:\/\/jornalfatosenoticias.com.br\/#\/schema\/person\/image\/\",\"url\":\"https:\/\/jornalfatosenoticias.com.br\/wp-content\/uploads\/2025\/05\/EU_portal.jpg\",\"contentUrl\":\"https:\/\/jornalfatosenoticias.com.br\/wp-content\/uploads\/2025\/05\/EU_portal.jpg\",\"caption\":\"Luzimara Fernandes\"},\"description\":\"Jornalista MTB 2358-ES\",\"sameAs\":[\"https:\/\/jornalfatosenoticias.com.br\"],\"url\":\"https:\/\/jornalfatosenoticias.com.br\/index.php\/author\/luzimara\/\"}]}<\/script>\n<!-- \/ Yoast SEO plugin. -->","yoast_head_json":{"title":"Ap\u00f3s aval do governo Bolsonaro: Anac divulga homologa\u00e7\u00e3o do aeroporto de Linhares - Jornal Fatos e Not\u00edcias","robots":{"index":"index","follow":"follow","max-snippet":"max-snippet:-1","max-image-preview":"max-image-preview:large","max-video-preview":"max-video-preview:-1"},"canonical":"https:\/\/jornalfatosenoticias.com.br\/index.php\/2022\/02\/21\/apos-aval-do-governo-bolsonaro-anac-divulga-homologacao-do-aeroporto-de-linhares\/","og_locale":"pt_BR","og_type":"article","og_title":"Ap\u00f3s aval do governo Bolsonaro: Anac divulga homologa\u00e7\u00e3o do aeroporto de Linhares - Jornal Fatos e Not\u00edcias","og_description":"Com articula\u00e7\u00e3o do deputado federal Evair de Melo o sonho est\u00e1 virando realidade Com investimentos do governo federal, um sonho para o munic\u00edpio de Linhares e todo o Esp\u00edrito Santo, a homologa\u00e7\u00e3o da nova pista do Aeroporto de Linhares est\u00e1 se tornando realidade. Um dos maiores entusiastas da obra, o deputado federal e vice-l\u00edder do [&hellip;]","og_url":"https:\/\/jornalfatosenoticias.com.br\/index.php\/2022\/02\/21\/apos-aval-do-governo-bolsonaro-anac-divulga-homologacao-do-aeroporto-de-linhares\/","og_site_name":"Jornal Fatos e Not\u00edcias","article_published_time":"2022-02-21T14:19:28+00:00","article_modified_time":"2022-02-21T14:19:29+00:00","og_image":[{"width":1000,"height":565,"url":"https:\/\/jornalfatosenoticias.com.br\/wp-content\/uploads\/2022\/02\/aeroporto-de-Linhares.jpg","type":"image\/jpeg"}],"author":"Luzimara Fernandes","twitter_card":"summary_large_image","twitter_misc":{"Escrito por":"Luzimara Fernandes","Est. tempo de leitura":"2 minutos"},"schema":{"@context":"https:\/\/schema.org","@graph":[{"@type":"Article","@id":"https:\/\/jornalfatosenoticias.com.br\/index.php\/2022\/02\/21\/apos-aval-do-governo-bolsonaro-anac-divulga-homologacao-do-aeroporto-de-linhares\/#article","isPartOf":{"@id":"https:\/\/jornalfatosenoticias.com.br\/index.php\/2022\/02\/21\/apos-aval-do-governo-bolsonaro-anac-divulga-homologacao-do-aeroporto-de-linhares\/"},"author":{"name":"Luzimara Fernandes","@id":"https:\/\/jornalfatosenoticias.com.br\/#\/schema\/person\/d63837fa13ac8666eb9e74e0985d6f81"},"headline":"Ap\u00f3s aval do governo Bolsonaro: Anac divulga homologa\u00e7\u00e3o do aeroporto de Linhares","datePublished":"2022-02-21T14:19:28+00:00","dateModified":"2022-02-21T14:19:29+00:00","mainEntityOfPage":{"@id":"https:\/\/jornalfatosenoticias.com.br\/index.php\/2022\/02\/21\/apos-aval-do-governo-bolsonaro-anac-divulga-homologacao-do-aeroporto-de-linhares\/"},"wordCount":479,"commentCount":0,"publisher":{"@id":"https:\/\/jornalfatosenoticias.com.br\/#organization"},"image":{"@id":"https:\/\/jornalfatosenoticias.com.br\/index.php\/2022\/02\/21\/apos-aval-do-governo-bolsonaro-anac-divulga-homologacao-do-aeroporto-de-linhares\/#primaryimage"},"thumbnailUrl":"https:\/\/jornalfatosenoticias.com.br\/wp-content\/uploads\/2022\/02\/aeroporto-de-Linhares.jpg","keywords":["Aeroporto de Linhares","anac","Evair de Melo","governo federal","homologa\u00e7\u00e3o","Jair Bolsonaro"],"articleSection":["Economia","Pol\u00edtica"],"inLanguage":"pt-BR","potentialAction":[{"@type":"CommentAction","name":"Comment","target":["https:\/\/jornalfatosenoticias.com.br\/index.php\/2022\/02\/21\/apos-aval-do-governo-bolsonaro-anac-divulga-homologacao-do-aeroporto-de-linhares\/#respond"]}]},{"@type":"WebPage","@id":"https:\/\/jornalfatosenoticias.com.br\/index.php\/2022\/02\/21\/apos-aval-do-governo-bolsonaro-anac-divulga-homologacao-do-aeroporto-de-linhares\/","url":"https:\/\/jornalfatosenoticias.com.br\/index.php\/2022\/02\/21\/apos-aval-do-governo-bolsonaro-anac-divulga-homologacao-do-aeroporto-de-linhares\/","name":"Ap\u00f3s aval do governo Bolsonaro: Anac divulga homologa\u00e7\u00e3o do aeroporto de Linhares - Jornal Fatos e Not\u00edcias","isPartOf":{"@id":"https:\/\/jornalfatosenoticias.com.br\/#website"},"primaryImageOfPage":{"@id":"https:\/\/jornalfatosenoticias.com.br\/index.php\/2022\/02\/21\/apos-aval-do-governo-bolsonaro-anac-divulga-homologacao-do-aeroporto-de-linhares\/#primaryimage"},"image":{"@id":"https:\/\/jornalfatosenoticias.com.br\/index.php\/2022\/02\/21\/apos-aval-do-governo-bolsonaro-anac-divulga-homologacao-do-aeroporto-de-linhares\/#primaryimage"},"thumbnailUrl":"https:\/\/jornalfatosenoticias.com.br\/wp-content\/uploads\/2022\/02\/aeroporto-de-Linhares.jpg","datePublished":"2022-02-21T14:19:28+00:00","dateModified":"2022-02-21T14:19:29+00:00","breadcrumb":{"@id":"https:\/\/jornalfatosenoticias.com.br\/index.php\/2022\/02\/21\/apos-aval-do-governo-bolsonaro-anac-divulga-homologacao-do-aeroporto-de-linhares\/#breadcrumb"},"inLanguage":"pt-BR","potentialAction":[{"@type":"ReadAction","target":["https:\/\/jornalfatosenoticias.com.br\/index.php\/2022\/02\/21\/apos-aval-do-governo-bolsonaro-anac-divulga-homologacao-do-aeroporto-de-linhares\/"]}]},{"@type":"ImageObject","inLanguage":"pt-BR","@id":"https:\/\/jornalfatosenoticias.com.br\/index.php\/2022\/02\/21\/apos-aval-do-governo-bolsonaro-anac-divulga-homologacao-do-aeroporto-de-linhares\/#primaryimage","url":"https:\/\/jornalfatosenoticias.com.br\/wp-content\/uploads\/2022\/02\/aeroporto-de-Linhares.jpg","contentUrl":"https:\/\/jornalfatosenoticias.com.br\/wp-content\/uploads\/2022\/02\/aeroporto-de-Linhares.jpg","width":1000,"height":565},{"@type":"BreadcrumbList","@id":"https:\/\/jornalfatosenoticias.com.br\/index.php\/2022\/02\/21\/apos-aval-do-governo-bolsonaro-anac-divulga-homologacao-do-aeroporto-de-linhares\/#breadcrumb","itemListElement":[{"@type":"ListItem","position":1,"name":"In\u00edcio","item":"https:\/\/jornalfatosenoticias.com.br\/"},{"@type":"ListItem","position":2,"name":"Ap\u00f3s aval do governo Bolsonaro: Anac divulga homologa\u00e7\u00e3o do aeroporto de Linhares"}]},{"@type":"WebSite","@id":"https:\/\/jornalfatosenoticias.com.br\/#website","url":"https:\/\/jornalfatosenoticias.com.br\/","name":"Jornal Fatos e Not\u00edcias","description":"Not\u00edcias em geral","publisher":{"@id":"https:\/\/jornalfatosenoticias.com.br\/#organization"},"potentialAction":[{"@type":"SearchAction","target":{"@type":"EntryPoint","urlTemplate":"https:\/\/jornalfatosenoticias.com.br\/?s={search_term_string}"},"query-input":{"@type":"PropertyValueSpecification","valueRequired":true,"valueName":"search_term_string"}}],"inLanguage":"pt-BR"},{"@type":"Organization","@id":"https:\/\/jornalfatosenoticias.com.br\/#organization","name":"Jornal Fatos e Not\u00edcias","url":"https:\/\/jornalfatosenoticias.com.br\/","logo":{"@type":"ImageObject","inLanguage":"pt-BR","@id":"https:\/\/jornalfatosenoticias.com.br\/#\/schema\/logo\/image\/","url":"https:\/\/jornalfatosenoticias.com.br\/wp-content\/uploads\/2020\/02\/logo120.png","contentUrl":"https:\/\/jornalfatosenoticias.com.br\/wp-content\/uploads\/2020\/02\/logo120.png","width":1227,"height":120,"caption":"Jornal Fatos e Not\u00edcias"},"image":{"@id":"https:\/\/jornalfatosenoticias.com.br\/#\/schema\/logo\/image\/"}},{"@type":"Person","@id":"https:\/\/jornalfatosenoticias.com.br\/#\/schema\/person\/d63837fa13ac8666eb9e74e0985d6f81","name":"Luzimara Fernandes","image":{"@type":"ImageObject","inLanguage":"pt-BR","@id":"https:\/\/jornalfatosenoticias.com.br\/#\/schema\/person\/image\/","url":"https:\/\/jornalfatosenoticias.com.br\/wp-content\/uploads\/2025\/05\/EU_portal.jpg","contentUrl":"https:\/\/jornalfatosenoticias.com.br\/wp-content\/uploads\/2025\/05\/EU_portal.jpg","caption":"Luzimara Fernandes"},"description":"Jornalista MTB 2358-ES","sameAs":["https:\/\/jornalfatosenoticias.com.br"],"url":"https:\/\/jornalfatosenoticias.com.br\/index.php\/author\/luzimara\/"}]}},"cc_featured_image_caption":{"caption_text":"(Foto: evairdemelo.com.br) ","source_text":"","source_url":""},"jetpack_featured_media_url":"https:\/\/jornalfatosenoticias.com.br\/wp-content\/uploads\/2022\/02\/aeroporto-de-Linhares.jpg","_links":{"self":[{"href":"https:\/\/jornalfatosenoticias.com.br\/index.php\/wp-json\/wp\/v2\/posts\/28087","targetHints":{"allow":["GET"]}}],"collection":[{"href":"https:\/\/jornalfatosenoticias.com.br\/index.php\/wp-json\/wp\/v2\/posts"}],"about":[{"href":"https:\/\/jornalfatosenoticias.com.br\/index.php\/wp-json\/wp\/v2\/types\/post"}],"author":[{"embeddable":true,"href":"https:\/\/jornalfatosenoticias.com.br\/index.php\/wp-json\/wp\/v2\/users\/2"}],"replies":[{"embeddable":true,"href":"https:\/\/jornalfatosenoticias.com.br\/index.php\/wp-json\/wp\/v2\/comments?post=28087"}],"version-history":[{"count":0,"href":"https:\/\/jornalfatosenoticias.com.br\/index.php\/wp-json\/wp\/v2\/posts\/28087\/revisions"}],"wp:featuredmedia":[{"embeddable":true,"href":"https:\/\/jornalfatosenoticias.com.br\/index.php\/wp-json\/wp\/v2\/media\/28089"}],"wp:attachment":[{"href":"https:\/\/jornalfatosenoticias.com.br\/index.php\/wp-json\/wp\/v2\/media?parent=28087"}],"wp:term":[{"taxonomy":"category","embeddable":true,"href":"https:\/\/jornalfatosenoticias.com.br\/index.php\/wp-json\/wp\/v2\/categories?post=28087"},{"taxonomy":"post_tag","embeddable":true,"href":"https:\/\/jornalfatosenoticias.com.br\/index.php\/wp-json\/wp\/v2\/tags?post=28087"}],"curies":[{"name":"wp","href":"https:\/\/api.w.org\/{rel}","templated":true}]}}