{"id":28114,"date":"2022-02-21T13:24:17","date_gmt":"2022-02-21T16:24:17","guid":{"rendered":"https:\/\/jornalfatosenoticias.com.br\/?p=28114"},"modified":"2022-02-21T13:24:20","modified_gmt":"2022-02-21T16:24:20","slug":"incendios-arrasam-provincia-argentina-de-corrientes","status":"publish","type":"post","link":"https:\/\/jornalfatosenoticias.com.br\/index.php\/2022\/02\/21\/incendios-arrasam-provincia-argentina-de-corrientes\/","title":{"rendered":"Inc\u00eandios arrasam prov\u00edncia argentina de Corrientes"},"content":{"rendered":"\n<p><em><span class=\"has-inline-color has-black-color\">Cerca de 800 mil hectares j\u00e1 foram queimados<\/span><\/em><\/p>\n\n\n\n<p>Inc\u00eandios continuavam atingindo, nesta segunda-feira (21), a prov\u00edncia de Corrientes, na Argentina, onde j\u00e1 foram queimados cerca de 800 mil hectares, causando perdas de milh\u00f5es e danificando flora e fauna protegidas.<\/p>\n\n\n\n<blockquote class=\"wp-block-quote is-layout-flow wp-block-quote-is-layout-flow\"><p><span class=\"has-inline-color has-luminous-vivid-orange-color\">&#8220;A verdade \u00e9 que a prov\u00edncia vive uma cat\u00e1strofe com essa quest\u00e3o dos inc\u00eandios. H\u00e1 muita perda de animais, a quest\u00e3o da flora, da fauna. Al\u00e9m disso, essa era a nossa fonte de trabalho. Se perdermos isso, o que ser\u00e1 de n\u00f3s amanh\u00e3?&#8221;, disse \u00e0 Reuters Luis Candia, um vizinho que ajuda os bombeiros,com o rosto coberto para se proteger.<\/span><\/p><\/blockquote>\n\n\n\n<figure class=\"wp-block-image size-large\"><img loading=\"lazy\" decoding=\"async\" width=\"1024\" height=\"100\" src=\"https:\/\/jornalfatosenoticias.com.br\/wp-content\/uploads\/2020\/02\/banner_ferramentas-1024x100.jpg\" alt=\"\" class=\"wp-image-1258\" srcset=\"https:\/\/jornalfatosenoticias.com.br\/wp-content\/uploads\/2020\/02\/banner_ferramentas-1024x100.jpg 1024w, https:\/\/jornalfatosenoticias.com.br\/wp-content\/uploads\/2020\/02\/banner_ferramentas-300x29.jpg 300w, https:\/\/jornalfatosenoticias.com.br\/wp-content\/uploads\/2020\/02\/banner_ferramentas-768x75.jpg 768w, https:\/\/jornalfatosenoticias.com.br\/wp-content\/uploads\/2020\/02\/banner_ferramentas.jpg 1227w\" sizes=\"auto, (max-width: 1024px) 100vw, 1024px\" \/><\/figure>\n\n\n\n<p>H\u00e1 cerca de dois meses, bombeiros, brigadistas, policiais e volunt\u00e1rios combatem o inc\u00eandio, causado por seca devido ao fen\u00f4meno La Ni\u00f1a.<\/p>\n\n\n\n<blockquote class=\"wp-block-quote is-layout-flow wp-block-quote-is-layout-flow\"><p><span class=\"has-inline-color has-luminous-vivid-orange-color\">&#8220;Tudo se juntou: a seca de um ano e meio, as altas temperaturas, a falta de chuva e o estresse h\u00eddrico que as plantas j\u00e1 t\u00eam, o pr\u00f3prio solo&#8221;, disse \u00e0 Reuters Josefina Pi\u00f1eiro, moradora da regi\u00e3o.<\/span><\/p><\/blockquote>\n\n\n\n<p>Os inc\u00eandios atingiram na semana passada o Parque Nacional do Iber\u00e1, uma das maiores \u00e1reas \u00famidas de \u00e1gua doce do mundo, que abriga diversificada vida silvestre com esp\u00e9cies em fr\u00e1gil estado de conserva\u00e7\u00e3o, como cervos-do-pantanal, jacar\u00e9s e mais de 380 esp\u00e9cies de aves.<br>Imagens da regi\u00e3o mostraram grandes \u00e1reas de campos queimadas, animais fugindo do fogo ou mortos e trabalhadores exaustos lutando contra as chamas.<\/p>\n\n\n\n<figure class=\"wp-block-image size-large\"><img decoding=\"async\" src=\"https:\/\/jornalfatosenoticias.com.br\/wp-content\/uploads\/2022\/02\/Banner-1-1024x101.png\" alt=\"\" class=\"wp-image-27923\"\/><\/figure>\n\n\n\n<blockquote class=\"wp-block-quote is-layout-flow wp-block-quote-is-layout-flow\"><p><span class=\"has-inline-color has-luminous-vivid-orange-color\">&#8220;H\u00e1 uma perda muito importante na fauna, na flora, na parte el\u00e9trica. O inc\u00eandio causou estragos&#8221;, disse Orlando Bertoni, chefe de opera\u00e7\u00f5es da Defesa Civil de Corrientes, a uma r\u00e1dio local no fim de semana. &#8220;N\u00e3o temos escolha a n\u00e3o ser esperar pela natureza&#8221;.<\/span><\/p><\/blockquote>\n\n\n\n<div class=\"wp-block-image\"><figure class=\"aligncenter size-large\"><img decoding=\"async\" src=\"https:\/\/jornalfatosenoticias.com.br\/wp-content\/uploads\/2022\/02\/logo-Saudali.jpg\" alt=\"\" class=\"wp-image-27536\"\/><\/figure><\/div>\n\n\n\n<p><strong><em>Fonte: <a href=\"https:\/\/agenciabrasil.ebc.com.br\/internacional\/noticia\/2022-02\/incendios-arrasam-provincia-argentina-de-corrientes\">Ag\u00eancia Brasil<\/a><\/em><\/strong><\/p>\n","protected":false},"excerpt":{"rendered":"<p>Cerca de 800 mil hectares j\u00e1 foram queimados Inc\u00eandios continuavam atingindo, nesta segunda-feira (21), a prov\u00edncia de Corrientes, na Argentina, onde j\u00e1 foram queimados cerca de 800 mil hectares, causando perdas de milh\u00f5es e danificando flora e fauna protegidas. &#8220;A verdade \u00e9 que a prov\u00edncia vive uma cat\u00e1strofe com essa quest\u00e3o dos inc\u00eandios. H\u00e1 muita [&hellip;]<\/p>\n","protected":false},"author":2,"featured_media":28115,"comment_status":"open","ping_status":"open","sticky":false,"template":"","format":"standard","meta":{"footnotes":""},"categories":[41],"tags":[5995,13411,4262,13412,2134],"class_list":["post-28114","post","type-post","status-publish","format-standard","has-post-thumbnail","hentry","category-internacional","tag-argentina","tag-corrientes","tag-incendios","tag-la-nina","tag-seca"],"yoast_head":"<!-- This site is optimized with the Yoast SEO plugin v26.5 - https:\/\/yoast.com\/wordpress\/plugins\/seo\/ -->\n<title>Inc\u00eandios arrasam prov\u00edncia argentina de Corrientes - Jornal Fatos e Not\u00edcias<\/title>\n<meta name=\"robots\" content=\"index, follow, max-snippet:-1, max-image-preview:large, max-video-preview:-1\" \/>\n<link rel=\"canonical\" href=\"https:\/\/jornalfatosenoticias.com.br\/index.php\/2022\/02\/21\/incendios-arrasam-provincia-argentina-de-corrientes\/\" \/>\n<meta property=\"og:locale\" content=\"pt_BR\" \/>\n<meta property=\"og:type\" content=\"article\" \/>\n<meta property=\"og:title\" content=\"Inc\u00eandios arrasam prov\u00edncia argentina de Corrientes - Jornal Fatos e Not\u00edcias\" \/>\n<meta property=\"og:description\" content=\"Cerca de 800 mil hectares j\u00e1 foram queimados Inc\u00eandios continuavam atingindo, nesta segunda-feira (21), a prov\u00edncia de Corrientes, na Argentina, onde j\u00e1 foram queimados cerca de 800 mil hectares, causando perdas de milh\u00f5es e danificando flora e fauna protegidas. &#8220;A verdade \u00e9 que a prov\u00edncia vive uma cat\u00e1strofe com essa quest\u00e3o dos inc\u00eandios. H\u00e1 muita [&hellip;]\" \/>\n<meta property=\"og:url\" content=\"https:\/\/jornalfatosenoticias.com.br\/index.php\/2022\/02\/21\/incendios-arrasam-provincia-argentina-de-corrientes\/\" \/>\n<meta property=\"og:site_name\" content=\"Jornal Fatos e Not\u00edcias\" \/>\n<meta property=\"article:published_time\" content=\"2022-02-21T16:24:17+00:00\" \/>\n<meta property=\"article:modified_time\" content=\"2022-02-21T16:24:20+00:00\" \/>\n<meta property=\"og:image\" content=\"https:\/\/jornalfatosenoticias.com.br\/wp-content\/uploads\/2022\/02\/incendio-argentina.jpg\" \/>\n\t<meta property=\"og:image:width\" content=\"1000\" \/>\n\t<meta property=\"og:image:height\" content=\"600\" \/>\n\t<meta property=\"og:image:type\" content=\"image\/jpeg\" \/>\n<meta name=\"author\" content=\"Luzimara Fernandes\" \/>\n<meta name=\"twitter:card\" content=\"summary_large_image\" \/>\n<meta name=\"twitter:label1\" content=\"Escrito por\" \/>\n\t<meta name=\"twitter:data1\" content=\"Luzimara Fernandes\" \/>\n\t<meta name=\"twitter:label2\" content=\"Est. tempo de leitura\" \/>\n\t<meta name=\"twitter:data2\" content=\"1 minuto\" \/>\n<script type=\"application\/ld+json\" class=\"yoast-schema-graph\">{\"@context\":\"https:\/\/schema.org\",\"@graph\":[{\"@type\":\"Article\",\"@id\":\"https:\/\/jornalfatosenoticias.com.br\/index.php\/2022\/02\/21\/incendios-arrasam-provincia-argentina-de-corrientes\/#article\",\"isPartOf\":{\"@id\":\"https:\/\/jornalfatosenoticias.com.br\/index.php\/2022\/02\/21\/incendios-arrasam-provincia-argentina-de-corrientes\/\"},\"author\":{\"name\":\"Luzimara Fernandes\",\"@id\":\"https:\/\/jornalfatosenoticias.com.br\/#\/schema\/person\/d63837fa13ac8666eb9e74e0985d6f81\"},\"headline\":\"Inc\u00eandios arrasam prov\u00edncia argentina de Corrientes\",\"datePublished\":\"2022-02-21T16:24:17+00:00\",\"dateModified\":\"2022-02-21T16:24:20+00:00\",\"mainEntityOfPage\":{\"@id\":\"https:\/\/jornalfatosenoticias.com.br\/index.php\/2022\/02\/21\/incendios-arrasam-provincia-argentina-de-corrientes\/\"},\"wordCount\":304,\"commentCount\":0,\"publisher\":{\"@id\":\"https:\/\/jornalfatosenoticias.com.br\/#organization\"},\"image\":{\"@id\":\"https:\/\/jornalfatosenoticias.com.br\/index.php\/2022\/02\/21\/incendios-arrasam-provincia-argentina-de-corrientes\/#primaryimage\"},\"thumbnailUrl\":\"https:\/\/jornalfatosenoticias.com.br\/wp-content\/uploads\/2022\/02\/incendio-argentina.jpg\",\"keywords\":[\"Argentina\",\"Corrientes\",\"inc\u00eandios\",\"La Ni\u00f1a\",\"seca\"],\"articleSection\":[\"Internacional\"],\"inLanguage\":\"pt-BR\",\"potentialAction\":[{\"@type\":\"CommentAction\",\"name\":\"Comment\",\"target\":[\"https:\/\/jornalfatosenoticias.com.br\/index.php\/2022\/02\/21\/incendios-arrasam-provincia-argentina-de-corrientes\/#respond\"]}]},{\"@type\":\"WebPage\",\"@id\":\"https:\/\/jornalfatosenoticias.com.br\/index.php\/2022\/02\/21\/incendios-arrasam-provincia-argentina-de-corrientes\/\",\"url\":\"https:\/\/jornalfatosenoticias.com.br\/index.php\/2022\/02\/21\/incendios-arrasam-provincia-argentina-de-corrientes\/\",\"name\":\"Inc\u00eandios arrasam prov\u00edncia argentina de Corrientes - Jornal Fatos e Not\u00edcias\",\"isPartOf\":{\"@id\":\"https:\/\/jornalfatosenoticias.com.br\/#website\"},\"primaryImageOfPage\":{\"@id\":\"https:\/\/jornalfatosenoticias.com.br\/index.php\/2022\/02\/21\/incendios-arrasam-provincia-argentina-de-corrientes\/#primaryimage\"},\"image\":{\"@id\":\"https:\/\/jornalfatosenoticias.com.br\/index.php\/2022\/02\/21\/incendios-arrasam-provincia-argentina-de-corrientes\/#primaryimage\"},\"thumbnailUrl\":\"https:\/\/jornalfatosenoticias.com.br\/wp-content\/uploads\/2022\/02\/incendio-argentina.jpg\",\"datePublished\":\"2022-02-21T16:24:17+00:00\",\"dateModified\":\"2022-02-21T16:24:20+00:00\",\"breadcrumb\":{\"@id\":\"https:\/\/jornalfatosenoticias.com.br\/index.php\/2022\/02\/21\/incendios-arrasam-provincia-argentina-de-corrientes\/#breadcrumb\"},\"inLanguage\":\"pt-BR\",\"potentialAction\":[{\"@type\":\"ReadAction\",\"target\":[\"https:\/\/jornalfatosenoticias.com.br\/index.php\/2022\/02\/21\/incendios-arrasam-provincia-argentina-de-corrientes\/\"]}]},{\"@type\":\"ImageObject\",\"inLanguage\":\"pt-BR\",\"@id\":\"https:\/\/jornalfatosenoticias.com.br\/index.php\/2022\/02\/21\/incendios-arrasam-provincia-argentina-de-corrientes\/#primaryimage\",\"url\":\"https:\/\/jornalfatosenoticias.com.br\/wp-content\/uploads\/2022\/02\/incendio-argentina.jpg\",\"contentUrl\":\"https:\/\/jornalfatosenoticias.com.br\/wp-content\/uploads\/2022\/02\/incendio-argentina.jpg\",\"width\":1000,\"height\":600},{\"@type\":\"BreadcrumbList\",\"@id\":\"https:\/\/jornalfatosenoticias.com.br\/index.php\/2022\/02\/21\/incendios-arrasam-provincia-argentina-de-corrientes\/#breadcrumb\",\"itemListElement\":[{\"@type\":\"ListItem\",\"position\":1,\"name\":\"In\u00edcio\",\"item\":\"https:\/\/jornalfatosenoticias.com.br\/\"},{\"@type\":\"ListItem\",\"position\":2,\"name\":\"Inc\u00eandios arrasam prov\u00edncia argentina de Corrientes\"}]},{\"@type\":\"WebSite\",\"@id\":\"https:\/\/jornalfatosenoticias.com.br\/#website\",\"url\":\"https:\/\/jornalfatosenoticias.com.br\/\",\"name\":\"Jornal Fatos e Not\u00edcias\",\"description\":\"Not\u00edcias em geral\",\"publisher\":{\"@id\":\"https:\/\/jornalfatosenoticias.com.br\/#organization\"},\"potentialAction\":[{\"@type\":\"SearchAction\",\"target\":{\"@type\":\"EntryPoint\",\"urlTemplate\":\"https:\/\/jornalfatosenoticias.com.br\/?s={search_term_string}\"},\"query-input\":{\"@type\":\"PropertyValueSpecification\",\"valueRequired\":true,\"valueName\":\"search_term_string\"}}],\"inLanguage\":\"pt-BR\"},{\"@type\":\"Organization\",\"@id\":\"https:\/\/jornalfatosenoticias.com.br\/#organization\",\"name\":\"Jornal Fatos e Not\u00edcias\",\"url\":\"https:\/\/jornalfatosenoticias.com.br\/\",\"logo\":{\"@type\":\"ImageObject\",\"inLanguage\":\"pt-BR\",\"@id\":\"https:\/\/jornalfatosenoticias.com.br\/#\/schema\/logo\/image\/\",\"url\":\"https:\/\/jornalfatosenoticias.com.br\/wp-content\/uploads\/2020\/02\/logo120.png\",\"contentUrl\":\"https:\/\/jornalfatosenoticias.com.br\/wp-content\/uploads\/2020\/02\/logo120.png\",\"width\":1227,\"height\":120,\"caption\":\"Jornal Fatos e Not\u00edcias\"},\"image\":{\"@id\":\"https:\/\/jornalfatosenoticias.com.br\/#\/schema\/logo\/image\/\"}},{\"@type\":\"Person\",\"@id\":\"https:\/\/jornalfatosenoticias.com.br\/#\/schema\/person\/d63837fa13ac8666eb9e74e0985d6f81\",\"name\":\"Luzimara Fernandes\",\"image\":{\"@type\":\"ImageObject\",\"inLanguage\":\"pt-BR\",\"@id\":\"https:\/\/jornalfatosenoticias.com.br\/#\/schema\/person\/image\/\",\"url\":\"https:\/\/jornalfatosenoticias.com.br\/wp-content\/uploads\/2025\/05\/EU_portal.jpg\",\"contentUrl\":\"https:\/\/jornalfatosenoticias.com.br\/wp-content\/uploads\/2025\/05\/EU_portal.jpg\",\"caption\":\"Luzimara Fernandes\"},\"description\":\"Jornalista MTB 2358-ES\",\"sameAs\":[\"https:\/\/jornalfatosenoticias.com.br\"],\"url\":\"https:\/\/jornalfatosenoticias.com.br\/index.php\/author\/luzimara\/\"}]}<\/script>\n<!-- \/ Yoast SEO plugin. -->","yoast_head_json":{"title":"Inc\u00eandios arrasam prov\u00edncia argentina de Corrientes - Jornal Fatos e Not\u00edcias","robots":{"index":"index","follow":"follow","max-snippet":"max-snippet:-1","max-image-preview":"max-image-preview:large","max-video-preview":"max-video-preview:-1"},"canonical":"https:\/\/jornalfatosenoticias.com.br\/index.php\/2022\/02\/21\/incendios-arrasam-provincia-argentina-de-corrientes\/","og_locale":"pt_BR","og_type":"article","og_title":"Inc\u00eandios arrasam prov\u00edncia argentina de Corrientes - Jornal Fatos e Not\u00edcias","og_description":"Cerca de 800 mil hectares j\u00e1 foram queimados Inc\u00eandios continuavam atingindo, nesta segunda-feira (21), a prov\u00edncia de Corrientes, na Argentina, onde j\u00e1 foram queimados cerca de 800 mil hectares, causando perdas de milh\u00f5es e danificando flora e fauna protegidas. &#8220;A verdade \u00e9 que a prov\u00edncia vive uma cat\u00e1strofe com essa quest\u00e3o dos inc\u00eandios. H\u00e1 muita [&hellip;]","og_url":"https:\/\/jornalfatosenoticias.com.br\/index.php\/2022\/02\/21\/incendios-arrasam-provincia-argentina-de-corrientes\/","og_site_name":"Jornal Fatos e Not\u00edcias","article_published_time":"2022-02-21T16:24:17+00:00","article_modified_time":"2022-02-21T16:24:20+00:00","og_image":[{"width":1000,"height":600,"url":"https:\/\/jornalfatosenoticias.com.br\/wp-content\/uploads\/2022\/02\/incendio-argentina.jpg","type":"image\/jpeg"}],"author":"Luzimara Fernandes","twitter_card":"summary_large_image","twitter_misc":{"Escrito por":"Luzimara Fernandes","Est. tempo de leitura":"1 minuto"},"schema":{"@context":"https:\/\/schema.org","@graph":[{"@type":"Article","@id":"https:\/\/jornalfatosenoticias.com.br\/index.php\/2022\/02\/21\/incendios-arrasam-provincia-argentina-de-corrientes\/#article","isPartOf":{"@id":"https:\/\/jornalfatosenoticias.com.br\/index.php\/2022\/02\/21\/incendios-arrasam-provincia-argentina-de-corrientes\/"},"author":{"name":"Luzimara Fernandes","@id":"https:\/\/jornalfatosenoticias.com.br\/#\/schema\/person\/d63837fa13ac8666eb9e74e0985d6f81"},"headline":"Inc\u00eandios arrasam prov\u00edncia argentina de Corrientes","datePublished":"2022-02-21T16:24:17+00:00","dateModified":"2022-02-21T16:24:20+00:00","mainEntityOfPage":{"@id":"https:\/\/jornalfatosenoticias.com.br\/index.php\/2022\/02\/21\/incendios-arrasam-provincia-argentina-de-corrientes\/"},"wordCount":304,"commentCount":0,"publisher":{"@id":"https:\/\/jornalfatosenoticias.com.br\/#organization"},"image":{"@id":"https:\/\/jornalfatosenoticias.com.br\/index.php\/2022\/02\/21\/incendios-arrasam-provincia-argentina-de-corrientes\/#primaryimage"},"thumbnailUrl":"https:\/\/jornalfatosenoticias.com.br\/wp-content\/uploads\/2022\/02\/incendio-argentina.jpg","keywords":["Argentina","Corrientes","inc\u00eandios","La Ni\u00f1a","seca"],"articleSection":["Internacional"],"inLanguage":"pt-BR","potentialAction":[{"@type":"CommentAction","name":"Comment","target":["https:\/\/jornalfatosenoticias.com.br\/index.php\/2022\/02\/21\/incendios-arrasam-provincia-argentina-de-corrientes\/#respond"]}]},{"@type":"WebPage","@id":"https:\/\/jornalfatosenoticias.com.br\/index.php\/2022\/02\/21\/incendios-arrasam-provincia-argentina-de-corrientes\/","url":"https:\/\/jornalfatosenoticias.com.br\/index.php\/2022\/02\/21\/incendios-arrasam-provincia-argentina-de-corrientes\/","name":"Inc\u00eandios arrasam prov\u00edncia argentina de Corrientes - Jornal Fatos e Not\u00edcias","isPartOf":{"@id":"https:\/\/jornalfatosenoticias.com.br\/#website"},"primaryImageOfPage":{"@id":"https:\/\/jornalfatosenoticias.com.br\/index.php\/2022\/02\/21\/incendios-arrasam-provincia-argentina-de-corrientes\/#primaryimage"},"image":{"@id":"https:\/\/jornalfatosenoticias.com.br\/index.php\/2022\/02\/21\/incendios-arrasam-provincia-argentina-de-corrientes\/#primaryimage"},"thumbnailUrl":"https:\/\/jornalfatosenoticias.com.br\/wp-content\/uploads\/2022\/02\/incendio-argentina.jpg","datePublished":"2022-02-21T16:24:17+00:00","dateModified":"2022-02-21T16:24:20+00:00","breadcrumb":{"@id":"https:\/\/jornalfatosenoticias.com.br\/index.php\/2022\/02\/21\/incendios-arrasam-provincia-argentina-de-corrientes\/#breadcrumb"},"inLanguage":"pt-BR","potentialAction":[{"@type":"ReadAction","target":["https:\/\/jornalfatosenoticias.com.br\/index.php\/2022\/02\/21\/incendios-arrasam-provincia-argentina-de-corrientes\/"]}]},{"@type":"ImageObject","inLanguage":"pt-BR","@id":"https:\/\/jornalfatosenoticias.com.br\/index.php\/2022\/02\/21\/incendios-arrasam-provincia-argentina-de-corrientes\/#primaryimage","url":"https:\/\/jornalfatosenoticias.com.br\/wp-content\/uploads\/2022\/02\/incendio-argentina.jpg","contentUrl":"https:\/\/jornalfatosenoticias.com.br\/wp-content\/uploads\/2022\/02\/incendio-argentina.jpg","width":1000,"height":600},{"@type":"BreadcrumbList","@id":"https:\/\/jornalfatosenoticias.com.br\/index.php\/2022\/02\/21\/incendios-arrasam-provincia-argentina-de-corrientes\/#breadcrumb","itemListElement":[{"@type":"ListItem","position":1,"name":"In\u00edcio","item":"https:\/\/jornalfatosenoticias.com.br\/"},{"@type":"ListItem","position":2,"name":"Inc\u00eandios arrasam prov\u00edncia argentina de Corrientes"}]},{"@type":"WebSite","@id":"https:\/\/jornalfatosenoticias.com.br\/#website","url":"https:\/\/jornalfatosenoticias.com.br\/","name":"Jornal Fatos e Not\u00edcias","description":"Not\u00edcias em geral","publisher":{"@id":"https:\/\/jornalfatosenoticias.com.br\/#organization"},"potentialAction":[{"@type":"SearchAction","target":{"@type":"EntryPoint","urlTemplate":"https:\/\/jornalfatosenoticias.com.br\/?s={search_term_string}"},"query-input":{"@type":"PropertyValueSpecification","valueRequired":true,"valueName":"search_term_string"}}],"inLanguage":"pt-BR"},{"@type":"Organization","@id":"https:\/\/jornalfatosenoticias.com.br\/#organization","name":"Jornal Fatos e Not\u00edcias","url":"https:\/\/jornalfatosenoticias.com.br\/","logo":{"@type":"ImageObject","inLanguage":"pt-BR","@id":"https:\/\/jornalfatosenoticias.com.br\/#\/schema\/logo\/image\/","url":"https:\/\/jornalfatosenoticias.com.br\/wp-content\/uploads\/2020\/02\/logo120.png","contentUrl":"https:\/\/jornalfatosenoticias.com.br\/wp-content\/uploads\/2020\/02\/logo120.png","width":1227,"height":120,"caption":"Jornal Fatos e Not\u00edcias"},"image":{"@id":"https:\/\/jornalfatosenoticias.com.br\/#\/schema\/logo\/image\/"}},{"@type":"Person","@id":"https:\/\/jornalfatosenoticias.com.br\/#\/schema\/person\/d63837fa13ac8666eb9e74e0985d6f81","name":"Luzimara Fernandes","image":{"@type":"ImageObject","inLanguage":"pt-BR","@id":"https:\/\/jornalfatosenoticias.com.br\/#\/schema\/person\/image\/","url":"https:\/\/jornalfatosenoticias.com.br\/wp-content\/uploads\/2025\/05\/EU_portal.jpg","contentUrl":"https:\/\/jornalfatosenoticias.com.br\/wp-content\/uploads\/2025\/05\/EU_portal.jpg","caption":"Luzimara Fernandes"},"description":"Jornalista MTB 2358-ES","sameAs":["https:\/\/jornalfatosenoticias.com.br"],"url":"https:\/\/jornalfatosenoticias.com.br\/index.php\/author\/luzimara\/"}]}},"cc_featured_image_caption":{"caption_text":"(Foto: Reprodu\u00e7\u00e3o) ","source_text":"","source_url":""},"jetpack_featured_media_url":"https:\/\/jornalfatosenoticias.com.br\/wp-content\/uploads\/2022\/02\/incendio-argentina.jpg","_links":{"self":[{"href":"https:\/\/jornalfatosenoticias.com.br\/index.php\/wp-json\/wp\/v2\/posts\/28114","targetHints":{"allow":["GET"]}}],"collection":[{"href":"https:\/\/jornalfatosenoticias.com.br\/index.php\/wp-json\/wp\/v2\/posts"}],"about":[{"href":"https:\/\/jornalfatosenoticias.com.br\/index.php\/wp-json\/wp\/v2\/types\/post"}],"author":[{"embeddable":true,"href":"https:\/\/jornalfatosenoticias.com.br\/index.php\/wp-json\/wp\/v2\/users\/2"}],"replies":[{"embeddable":true,"href":"https:\/\/jornalfatosenoticias.com.br\/index.php\/wp-json\/wp\/v2\/comments?post=28114"}],"version-history":[{"count":0,"href":"https:\/\/jornalfatosenoticias.com.br\/index.php\/wp-json\/wp\/v2\/posts\/28114\/revisions"}],"wp:featuredmedia":[{"embeddable":true,"href":"https:\/\/jornalfatosenoticias.com.br\/index.php\/wp-json\/wp\/v2\/media\/28115"}],"wp:attachment":[{"href":"https:\/\/jornalfatosenoticias.com.br\/index.php\/wp-json\/wp\/v2\/media?parent=28114"}],"wp:term":[{"taxonomy":"category","embeddable":true,"href":"https:\/\/jornalfatosenoticias.com.br\/index.php\/wp-json\/wp\/v2\/categories?post=28114"},{"taxonomy":"post_tag","embeddable":true,"href":"https:\/\/jornalfatosenoticias.com.br\/index.php\/wp-json\/wp\/v2\/tags?post=28114"}],"curies":[{"name":"wp","href":"https:\/\/api.w.org\/{rel}","templated":true}]}}