{"id":28133,"date":"2022-02-22T10:28:54","date_gmt":"2022-02-22T13:28:54","guid":{"rendered":"https:\/\/jornalfatosenoticias.com.br\/?p=28133"},"modified":"2022-02-22T10:29:00","modified_gmt":"2022-02-22T13:29:00","slug":"majeski-aciona-mpf-para-apurar-irregularidades-ambientais-em-domingos-martins-e-santa-teresa","status":"publish","type":"post","link":"https:\/\/jornalfatosenoticias.com.br\/index.php\/2022\/02\/22\/majeski-aciona-mpf-para-apurar-irregularidades-ambientais-em-domingos-martins-e-santa-teresa\/","title":{"rendered":"Majeski aciona MPF para apurar irregularidades ambientais em Domingos Martins e Santa Teresa"},"content":{"rendered":"\n<p>O deputado estadual S\u00e9rgio Majeski (PSB) acionou o Minist\u00e9rio P\u00fablico Federal (MPF) para apurar irregularidades e crimes ambientais denunciados pela Associa\u00e7\u00e3o Juntos SOS Esp\u00edrito Santo Ambiental nos munic\u00edpios de Domingos Martins e Santa Teresa.<br>A representa\u00e7\u00e3o menciona a ocorr\u00eancia de desmatamentos, inclusive de \u00e1reas da Mata Atl\u00e2ntica, assoreamento de c\u00f3rregos e riachos, parcelamento e comercializa\u00e7\u00e3o ilegal de lotes rurais em desacordo com a legisla\u00e7\u00e3o em vigor e a poss\u00edvel omiss\u00e3o dos \u00f3rg\u00e3os p\u00fablicos respons\u00e1veis pela fiscaliza\u00e7\u00e3o.<\/p>\n\n\n\n<figure class=\"wp-block-image size-large\"><img loading=\"lazy\" decoding=\"async\" width=\"1024\" height=\"100\" src=\"https:\/\/jornalfatosenoticias.com.br\/wp-content\/uploads\/2020\/02\/banner_ferramentas-1024x100.jpg\" alt=\"\" class=\"wp-image-1258\" srcset=\"https:\/\/jornalfatosenoticias.com.br\/wp-content\/uploads\/2020\/02\/banner_ferramentas-1024x100.jpg 1024w, https:\/\/jornalfatosenoticias.com.br\/wp-content\/uploads\/2020\/02\/banner_ferramentas-300x29.jpg 300w, https:\/\/jornalfatosenoticias.com.br\/wp-content\/uploads\/2020\/02\/banner_ferramentas-768x75.jpg 768w, https:\/\/jornalfatosenoticias.com.br\/wp-content\/uploads\/2020\/02\/banner_ferramentas.jpg 1227w\" sizes=\"auto, (max-width: 1024px) 100vw, 1024px\" \/><\/figure>\n\n\n\n<blockquote class=\"wp-block-quote is-layout-flow wp-block-quote-is-layout-flow\"><p><span class=\"has-inline-color has-luminous-vivid-orange-color\">\u201cA legisla\u00e7\u00e3o tem uma s\u00e9rie de normas claras que precisam ser respeitadas. N\u00e3o \u00e9 poss\u00edvel que, com todo o esclarecimento existente sobre a import\u00e2ncia da preserva\u00e7\u00e3o do meio ambiente, ainda exista toler\u00e2ncia quanto aos crimes ambientais\u201d, destaca Majeski.<\/span><\/p><\/blockquote>\n\n\n\n<figure class=\"wp-block-image size-large\"><img decoding=\"async\" src=\"https:\/\/jornalfatosenoticias.com.br\/wp-content\/uploads\/2022\/02\/Banner-1-1024x101.png\" alt=\"\" class=\"wp-image-27923\"\/><\/figure>\n\n\n\n<p>Na den\u00fancia a Juntos SOS ES Ambiental aponta irregularidades na emiss\u00e3o de Autoriza\u00e7\u00e3o de Supress\u00e3o de Vegeta\u00e7\u00e3o e na dispensa de licenciamento ambiental, que de acordo com a legisla\u00e7\u00e3o s\u00e3o compet\u00eancias do Instituto de Meio Ambiente e Recursos H\u00eddricos do Estado do Esp\u00edrito Santo (Iema), do Instituto de Defesa Agropecu\u00e1ria e Florestal do Esp\u00edrito Santo (Idaf), da Prefeitura Municipal de Santa Teresa e da Prefeitura Municipal de Domingos Martins.<br>Em Santa Teresa, especificamente, o desmatamento na zona rural \u00e9 continuado para a implanta\u00e7\u00e3o de loteamentos, com a dispensa de licenciamento ambiental sendo usada de forma indevida.<\/p>\n\n\n\n<figure class=\"wp-block-image size-large\"><img decoding=\"async\" src=\"https:\/\/jornalfatosenoticias.com.br\/wp-content\/uploads\/2022\/02\/Precisao-Contabilidade-1024x724.jpg\" alt=\"\" class=\"wp-image-28088\"\/><\/figure>\n","protected":false},"excerpt":{"rendered":"<p>O deputado estadual S\u00e9rgio Majeski (PSB) acionou o Minist\u00e9rio P\u00fablico Federal (MPF) para apurar irregularidades e crimes ambientais denunciados pela Associa\u00e7\u00e3o Juntos SOS Esp\u00edrito Santo Ambiental nos munic\u00edpios de Domingos Martins e Santa Teresa.A representa\u00e7\u00e3o menciona a ocorr\u00eancia de desmatamentos, inclusive de \u00e1reas da Mata Atl\u00e2ntica, assoreamento de c\u00f3rregos e riachos, parcelamento e comercializa\u00e7\u00e3o ilegal [&hellip;]<\/p>\n","protected":false},"author":2,"featured_media":28134,"comment_status":"open","ping_status":"open","sticky":false,"template":"","format":"standard","meta":{"footnotes":""},"categories":[8,10],"tags":[2385,4090,5097,258,358,6678],"class_list":["post-28133","post","type-post","status-publish","format-standard","has-post-thumbnail","hentry","category-meio-ambiente","category-politica","tag-crimes-ambientais","tag-desmatamento-ilegal","tag-domingos-martins","tag-mata-atlantica","tag-santa-teresa","tag-sergio-majeski"],"yoast_head":"<!-- This site is optimized with the Yoast SEO plugin v26.5 - https:\/\/yoast.com\/wordpress\/plugins\/seo\/ -->\n<title>Majeski aciona MPF para apurar irregularidades ambientais em Domingos Martins e Santa Teresa - Jornal Fatos e Not\u00edcias<\/title>\n<meta name=\"robots\" content=\"index, follow, max-snippet:-1, max-image-preview:large, max-video-preview:-1\" \/>\n<link rel=\"canonical\" href=\"https:\/\/jornalfatosenoticias.com.br\/index.php\/2022\/02\/22\/majeski-aciona-mpf-para-apurar-irregularidades-ambientais-em-domingos-martins-e-santa-teresa\/\" \/>\n<meta property=\"og:locale\" content=\"pt_BR\" \/>\n<meta property=\"og:type\" content=\"article\" \/>\n<meta property=\"og:title\" content=\"Majeski aciona MPF para apurar irregularidades ambientais em Domingos Martins e Santa Teresa - Jornal Fatos e Not\u00edcias\" \/>\n<meta property=\"og:description\" content=\"O deputado estadual S\u00e9rgio Majeski (PSB) acionou o Minist\u00e9rio P\u00fablico Federal (MPF) para apurar irregularidades e crimes ambientais denunciados pela Associa\u00e7\u00e3o Juntos SOS Esp\u00edrito Santo Ambiental nos munic\u00edpios de Domingos Martins e Santa Teresa.A representa\u00e7\u00e3o menciona a ocorr\u00eancia de desmatamentos, inclusive de \u00e1reas da Mata Atl\u00e2ntica, assoreamento de c\u00f3rregos e riachos, parcelamento e comercializa\u00e7\u00e3o ilegal [&hellip;]\" \/>\n<meta property=\"og:url\" content=\"https:\/\/jornalfatosenoticias.com.br\/index.php\/2022\/02\/22\/majeski-aciona-mpf-para-apurar-irregularidades-ambientais-em-domingos-martins-e-santa-teresa\/\" \/>\n<meta property=\"og:site_name\" content=\"Jornal Fatos e Not\u00edcias\" \/>\n<meta property=\"article:published_time\" content=\"2022-02-22T13:28:54+00:00\" \/>\n<meta property=\"article:modified_time\" content=\"2022-02-22T13:29:00+00:00\" \/>\n<meta property=\"og:image\" content=\"https:\/\/jornalfatosenoticias.com.br\/wp-content\/uploads\/2022\/02\/Desmatamento-2.jpg\" \/>\n\t<meta property=\"og:image:width\" content=\"1000\" \/>\n\t<meta property=\"og:image:height\" content=\"674\" \/>\n\t<meta property=\"og:image:type\" content=\"image\/jpeg\" \/>\n<meta name=\"author\" content=\"Luzimara Fernandes\" \/>\n<meta name=\"twitter:card\" content=\"summary_large_image\" \/>\n<meta name=\"twitter:label1\" content=\"Escrito por\" \/>\n\t<meta name=\"twitter:data1\" content=\"Luzimara Fernandes\" \/>\n\t<meta name=\"twitter:label2\" content=\"Est. tempo de leitura\" \/>\n\t<meta name=\"twitter:data2\" content=\"1 minuto\" \/>\n<script type=\"application\/ld+json\" class=\"yoast-schema-graph\">{\"@context\":\"https:\/\/schema.org\",\"@graph\":[{\"@type\":\"Article\",\"@id\":\"https:\/\/jornalfatosenoticias.com.br\/index.php\/2022\/02\/22\/majeski-aciona-mpf-para-apurar-irregularidades-ambientais-em-domingos-martins-e-santa-teresa\/#article\",\"isPartOf\":{\"@id\":\"https:\/\/jornalfatosenoticias.com.br\/index.php\/2022\/02\/22\/majeski-aciona-mpf-para-apurar-irregularidades-ambientais-em-domingos-martins-e-santa-teresa\/\"},\"author\":{\"name\":\"Luzimara Fernandes\",\"@id\":\"https:\/\/jornalfatosenoticias.com.br\/#\/schema\/person\/d63837fa13ac8666eb9e74e0985d6f81\"},\"headline\":\"Majeski aciona MPF para apurar irregularidades ambientais em Domingos Martins e Santa Teresa\",\"datePublished\":\"2022-02-22T13:28:54+00:00\",\"dateModified\":\"2022-02-22T13:29:00+00:00\",\"mainEntityOfPage\":{\"@id\":\"https:\/\/jornalfatosenoticias.com.br\/index.php\/2022\/02\/22\/majeski-aciona-mpf-para-apurar-irregularidades-ambientais-em-domingos-martins-e-santa-teresa\/\"},\"wordCount\":259,\"commentCount\":0,\"publisher\":{\"@id\":\"https:\/\/jornalfatosenoticias.com.br\/#organization\"},\"image\":{\"@id\":\"https:\/\/jornalfatosenoticias.com.br\/index.php\/2022\/02\/22\/majeski-aciona-mpf-para-apurar-irregularidades-ambientais-em-domingos-martins-e-santa-teresa\/#primaryimage\"},\"thumbnailUrl\":\"https:\/\/jornalfatosenoticias.com.br\/wp-content\/uploads\/2022\/02\/Desmatamento-2.jpg\",\"keywords\":[\"crimes ambientais\",\"desmatamento ilegal\",\"Domingos Martins\",\"mata atl\u00e2ntica\",\"Santa Teresa\",\"S\u00e9rgio Majeski\"],\"articleSection\":[\"Meio ambiente\",\"Pol\u00edtica\"],\"inLanguage\":\"pt-BR\",\"potentialAction\":[{\"@type\":\"CommentAction\",\"name\":\"Comment\",\"target\":[\"https:\/\/jornalfatosenoticias.com.br\/index.php\/2022\/02\/22\/majeski-aciona-mpf-para-apurar-irregularidades-ambientais-em-domingos-martins-e-santa-teresa\/#respond\"]}]},{\"@type\":\"WebPage\",\"@id\":\"https:\/\/jornalfatosenoticias.com.br\/index.php\/2022\/02\/22\/majeski-aciona-mpf-para-apurar-irregularidades-ambientais-em-domingos-martins-e-santa-teresa\/\",\"url\":\"https:\/\/jornalfatosenoticias.com.br\/index.php\/2022\/02\/22\/majeski-aciona-mpf-para-apurar-irregularidades-ambientais-em-domingos-martins-e-santa-teresa\/\",\"name\":\"Majeski aciona MPF para apurar irregularidades ambientais em Domingos Martins e Santa Teresa - Jornal Fatos e Not\u00edcias\",\"isPartOf\":{\"@id\":\"https:\/\/jornalfatosenoticias.com.br\/#website\"},\"primaryImageOfPage\":{\"@id\":\"https:\/\/jornalfatosenoticias.com.br\/index.php\/2022\/02\/22\/majeski-aciona-mpf-para-apurar-irregularidades-ambientais-em-domingos-martins-e-santa-teresa\/#primaryimage\"},\"image\":{\"@id\":\"https:\/\/jornalfatosenoticias.com.br\/index.php\/2022\/02\/22\/majeski-aciona-mpf-para-apurar-irregularidades-ambientais-em-domingos-martins-e-santa-teresa\/#primaryimage\"},\"thumbnailUrl\":\"https:\/\/jornalfatosenoticias.com.br\/wp-content\/uploads\/2022\/02\/Desmatamento-2.jpg\",\"datePublished\":\"2022-02-22T13:28:54+00:00\",\"dateModified\":\"2022-02-22T13:29:00+00:00\",\"breadcrumb\":{\"@id\":\"https:\/\/jornalfatosenoticias.com.br\/index.php\/2022\/02\/22\/majeski-aciona-mpf-para-apurar-irregularidades-ambientais-em-domingos-martins-e-santa-teresa\/#breadcrumb\"},\"inLanguage\":\"pt-BR\",\"potentialAction\":[{\"@type\":\"ReadAction\",\"target\":[\"https:\/\/jornalfatosenoticias.com.br\/index.php\/2022\/02\/22\/majeski-aciona-mpf-para-apurar-irregularidades-ambientais-em-domingos-martins-e-santa-teresa\/\"]}]},{\"@type\":\"ImageObject\",\"inLanguage\":\"pt-BR\",\"@id\":\"https:\/\/jornalfatosenoticias.com.br\/index.php\/2022\/02\/22\/majeski-aciona-mpf-para-apurar-irregularidades-ambientais-em-domingos-martins-e-santa-teresa\/#primaryimage\",\"url\":\"https:\/\/jornalfatosenoticias.com.br\/wp-content\/uploads\/2022\/02\/Desmatamento-2.jpg\",\"contentUrl\":\"https:\/\/jornalfatosenoticias.com.br\/wp-content\/uploads\/2022\/02\/Desmatamento-2.jpg\",\"width\":1000,\"height\":674},{\"@type\":\"BreadcrumbList\",\"@id\":\"https:\/\/jornalfatosenoticias.com.br\/index.php\/2022\/02\/22\/majeski-aciona-mpf-para-apurar-irregularidades-ambientais-em-domingos-martins-e-santa-teresa\/#breadcrumb\",\"itemListElement\":[{\"@type\":\"ListItem\",\"position\":1,\"name\":\"In\u00edcio\",\"item\":\"https:\/\/jornalfatosenoticias.com.br\/\"},{\"@type\":\"ListItem\",\"position\":2,\"name\":\"Majeski aciona MPF para apurar irregularidades ambientais em Domingos Martins e Santa Teresa\"}]},{\"@type\":\"WebSite\",\"@id\":\"https:\/\/jornalfatosenoticias.com.br\/#website\",\"url\":\"https:\/\/jornalfatosenoticias.com.br\/\",\"name\":\"Jornal Fatos e Not\u00edcias\",\"description\":\"Not\u00edcias em geral\",\"publisher\":{\"@id\":\"https:\/\/jornalfatosenoticias.com.br\/#organization\"},\"potentialAction\":[{\"@type\":\"SearchAction\",\"target\":{\"@type\":\"EntryPoint\",\"urlTemplate\":\"https:\/\/jornalfatosenoticias.com.br\/?s={search_term_string}\"},\"query-input\":{\"@type\":\"PropertyValueSpecification\",\"valueRequired\":true,\"valueName\":\"search_term_string\"}}],\"inLanguage\":\"pt-BR\"},{\"@type\":\"Organization\",\"@id\":\"https:\/\/jornalfatosenoticias.com.br\/#organization\",\"name\":\"Jornal Fatos e Not\u00edcias\",\"url\":\"https:\/\/jornalfatosenoticias.com.br\/\",\"logo\":{\"@type\":\"ImageObject\",\"inLanguage\":\"pt-BR\",\"@id\":\"https:\/\/jornalfatosenoticias.com.br\/#\/schema\/logo\/image\/\",\"url\":\"https:\/\/jornalfatosenoticias.com.br\/wp-content\/uploads\/2020\/02\/logo120.png\",\"contentUrl\":\"https:\/\/jornalfatosenoticias.com.br\/wp-content\/uploads\/2020\/02\/logo120.png\",\"width\":1227,\"height\":120,\"caption\":\"Jornal Fatos e Not\u00edcias\"},\"image\":{\"@id\":\"https:\/\/jornalfatosenoticias.com.br\/#\/schema\/logo\/image\/\"}},{\"@type\":\"Person\",\"@id\":\"https:\/\/jornalfatosenoticias.com.br\/#\/schema\/person\/d63837fa13ac8666eb9e74e0985d6f81\",\"name\":\"Luzimara Fernandes\",\"image\":{\"@type\":\"ImageObject\",\"inLanguage\":\"pt-BR\",\"@id\":\"https:\/\/jornalfatosenoticias.com.br\/#\/schema\/person\/image\/\",\"url\":\"https:\/\/jornalfatosenoticias.com.br\/wp-content\/uploads\/2025\/05\/EU_portal.jpg\",\"contentUrl\":\"https:\/\/jornalfatosenoticias.com.br\/wp-content\/uploads\/2025\/05\/EU_portal.jpg\",\"caption\":\"Luzimara Fernandes\"},\"description\":\"Jornalista MTB 2358-ES\",\"sameAs\":[\"https:\/\/jornalfatosenoticias.com.br\"],\"url\":\"https:\/\/jornalfatosenoticias.com.br\/index.php\/author\/luzimara\/\"}]}<\/script>\n<!-- \/ Yoast SEO plugin. -->","yoast_head_json":{"title":"Majeski aciona MPF para apurar irregularidades ambientais em Domingos Martins e Santa Teresa - Jornal Fatos e Not\u00edcias","robots":{"index":"index","follow":"follow","max-snippet":"max-snippet:-1","max-image-preview":"max-image-preview:large","max-video-preview":"max-video-preview:-1"},"canonical":"https:\/\/jornalfatosenoticias.com.br\/index.php\/2022\/02\/22\/majeski-aciona-mpf-para-apurar-irregularidades-ambientais-em-domingos-martins-e-santa-teresa\/","og_locale":"pt_BR","og_type":"article","og_title":"Majeski aciona MPF para apurar irregularidades ambientais em Domingos Martins e Santa Teresa - Jornal Fatos e Not\u00edcias","og_description":"O deputado estadual S\u00e9rgio Majeski (PSB) acionou o Minist\u00e9rio P\u00fablico Federal (MPF) para apurar irregularidades e crimes ambientais denunciados pela Associa\u00e7\u00e3o Juntos SOS Esp\u00edrito Santo Ambiental nos munic\u00edpios de Domingos Martins e Santa Teresa.A representa\u00e7\u00e3o menciona a ocorr\u00eancia de desmatamentos, inclusive de \u00e1reas da Mata Atl\u00e2ntica, assoreamento de c\u00f3rregos e riachos, parcelamento e comercializa\u00e7\u00e3o ilegal [&hellip;]","og_url":"https:\/\/jornalfatosenoticias.com.br\/index.php\/2022\/02\/22\/majeski-aciona-mpf-para-apurar-irregularidades-ambientais-em-domingos-martins-e-santa-teresa\/","og_site_name":"Jornal Fatos e Not\u00edcias","article_published_time":"2022-02-22T13:28:54+00:00","article_modified_time":"2022-02-22T13:29:00+00:00","og_image":[{"width":1000,"height":674,"url":"https:\/\/jornalfatosenoticias.com.br\/wp-content\/uploads\/2022\/02\/Desmatamento-2.jpg","type":"image\/jpeg"}],"author":"Luzimara Fernandes","twitter_card":"summary_large_image","twitter_misc":{"Escrito por":"Luzimara Fernandes","Est. tempo de leitura":"1 minuto"},"schema":{"@context":"https:\/\/schema.org","@graph":[{"@type":"Article","@id":"https:\/\/jornalfatosenoticias.com.br\/index.php\/2022\/02\/22\/majeski-aciona-mpf-para-apurar-irregularidades-ambientais-em-domingos-martins-e-santa-teresa\/#article","isPartOf":{"@id":"https:\/\/jornalfatosenoticias.com.br\/index.php\/2022\/02\/22\/majeski-aciona-mpf-para-apurar-irregularidades-ambientais-em-domingos-martins-e-santa-teresa\/"},"author":{"name":"Luzimara Fernandes","@id":"https:\/\/jornalfatosenoticias.com.br\/#\/schema\/person\/d63837fa13ac8666eb9e74e0985d6f81"},"headline":"Majeski aciona MPF para apurar irregularidades ambientais em Domingos Martins e Santa Teresa","datePublished":"2022-02-22T13:28:54+00:00","dateModified":"2022-02-22T13:29:00+00:00","mainEntityOfPage":{"@id":"https:\/\/jornalfatosenoticias.com.br\/index.php\/2022\/02\/22\/majeski-aciona-mpf-para-apurar-irregularidades-ambientais-em-domingos-martins-e-santa-teresa\/"},"wordCount":259,"commentCount":0,"publisher":{"@id":"https:\/\/jornalfatosenoticias.com.br\/#organization"},"image":{"@id":"https:\/\/jornalfatosenoticias.com.br\/index.php\/2022\/02\/22\/majeski-aciona-mpf-para-apurar-irregularidades-ambientais-em-domingos-martins-e-santa-teresa\/#primaryimage"},"thumbnailUrl":"https:\/\/jornalfatosenoticias.com.br\/wp-content\/uploads\/2022\/02\/Desmatamento-2.jpg","keywords":["crimes ambientais","desmatamento ilegal","Domingos Martins","mata atl\u00e2ntica","Santa Teresa","S\u00e9rgio Majeski"],"articleSection":["Meio ambiente","Pol\u00edtica"],"inLanguage":"pt-BR","potentialAction":[{"@type":"CommentAction","name":"Comment","target":["https:\/\/jornalfatosenoticias.com.br\/index.php\/2022\/02\/22\/majeski-aciona-mpf-para-apurar-irregularidades-ambientais-em-domingos-martins-e-santa-teresa\/#respond"]}]},{"@type":"WebPage","@id":"https:\/\/jornalfatosenoticias.com.br\/index.php\/2022\/02\/22\/majeski-aciona-mpf-para-apurar-irregularidades-ambientais-em-domingos-martins-e-santa-teresa\/","url":"https:\/\/jornalfatosenoticias.com.br\/index.php\/2022\/02\/22\/majeski-aciona-mpf-para-apurar-irregularidades-ambientais-em-domingos-martins-e-santa-teresa\/","name":"Majeski aciona MPF para apurar irregularidades ambientais em Domingos Martins e Santa Teresa - Jornal Fatos e Not\u00edcias","isPartOf":{"@id":"https:\/\/jornalfatosenoticias.com.br\/#website"},"primaryImageOfPage":{"@id":"https:\/\/jornalfatosenoticias.com.br\/index.php\/2022\/02\/22\/majeski-aciona-mpf-para-apurar-irregularidades-ambientais-em-domingos-martins-e-santa-teresa\/#primaryimage"},"image":{"@id":"https:\/\/jornalfatosenoticias.com.br\/index.php\/2022\/02\/22\/majeski-aciona-mpf-para-apurar-irregularidades-ambientais-em-domingos-martins-e-santa-teresa\/#primaryimage"},"thumbnailUrl":"https:\/\/jornalfatosenoticias.com.br\/wp-content\/uploads\/2022\/02\/Desmatamento-2.jpg","datePublished":"2022-02-22T13:28:54+00:00","dateModified":"2022-02-22T13:29:00+00:00","breadcrumb":{"@id":"https:\/\/jornalfatosenoticias.com.br\/index.php\/2022\/02\/22\/majeski-aciona-mpf-para-apurar-irregularidades-ambientais-em-domingos-martins-e-santa-teresa\/#breadcrumb"},"inLanguage":"pt-BR","potentialAction":[{"@type":"ReadAction","target":["https:\/\/jornalfatosenoticias.com.br\/index.php\/2022\/02\/22\/majeski-aciona-mpf-para-apurar-irregularidades-ambientais-em-domingos-martins-e-santa-teresa\/"]}]},{"@type":"ImageObject","inLanguage":"pt-BR","@id":"https:\/\/jornalfatosenoticias.com.br\/index.php\/2022\/02\/22\/majeski-aciona-mpf-para-apurar-irregularidades-ambientais-em-domingos-martins-e-santa-teresa\/#primaryimage","url":"https:\/\/jornalfatosenoticias.com.br\/wp-content\/uploads\/2022\/02\/Desmatamento-2.jpg","contentUrl":"https:\/\/jornalfatosenoticias.com.br\/wp-content\/uploads\/2022\/02\/Desmatamento-2.jpg","width":1000,"height":674},{"@type":"BreadcrumbList","@id":"https:\/\/jornalfatosenoticias.com.br\/index.php\/2022\/02\/22\/majeski-aciona-mpf-para-apurar-irregularidades-ambientais-em-domingos-martins-e-santa-teresa\/#breadcrumb","itemListElement":[{"@type":"ListItem","position":1,"name":"In\u00edcio","item":"https:\/\/jornalfatosenoticias.com.br\/"},{"@type":"ListItem","position":2,"name":"Majeski aciona MPF para apurar irregularidades ambientais em Domingos Martins e Santa Teresa"}]},{"@type":"WebSite","@id":"https:\/\/jornalfatosenoticias.com.br\/#website","url":"https:\/\/jornalfatosenoticias.com.br\/","name":"Jornal Fatos e Not\u00edcias","description":"Not\u00edcias em geral","publisher":{"@id":"https:\/\/jornalfatosenoticias.com.br\/#organization"},"potentialAction":[{"@type":"SearchAction","target":{"@type":"EntryPoint","urlTemplate":"https:\/\/jornalfatosenoticias.com.br\/?s={search_term_string}"},"query-input":{"@type":"PropertyValueSpecification","valueRequired":true,"valueName":"search_term_string"}}],"inLanguage":"pt-BR"},{"@type":"Organization","@id":"https:\/\/jornalfatosenoticias.com.br\/#organization","name":"Jornal Fatos e Not\u00edcias","url":"https:\/\/jornalfatosenoticias.com.br\/","logo":{"@type":"ImageObject","inLanguage":"pt-BR","@id":"https:\/\/jornalfatosenoticias.com.br\/#\/schema\/logo\/image\/","url":"https:\/\/jornalfatosenoticias.com.br\/wp-content\/uploads\/2020\/02\/logo120.png","contentUrl":"https:\/\/jornalfatosenoticias.com.br\/wp-content\/uploads\/2020\/02\/logo120.png","width":1227,"height":120,"caption":"Jornal Fatos e Not\u00edcias"},"image":{"@id":"https:\/\/jornalfatosenoticias.com.br\/#\/schema\/logo\/image\/"}},{"@type":"Person","@id":"https:\/\/jornalfatosenoticias.com.br\/#\/schema\/person\/d63837fa13ac8666eb9e74e0985d6f81","name":"Luzimara Fernandes","image":{"@type":"ImageObject","inLanguage":"pt-BR","@id":"https:\/\/jornalfatosenoticias.com.br\/#\/schema\/person\/image\/","url":"https:\/\/jornalfatosenoticias.com.br\/wp-content\/uploads\/2025\/05\/EU_portal.jpg","contentUrl":"https:\/\/jornalfatosenoticias.com.br\/wp-content\/uploads\/2025\/05\/EU_portal.jpg","caption":"Luzimara Fernandes"},"description":"Jornalista MTB 2358-ES","sameAs":["https:\/\/jornalfatosenoticias.com.br"],"url":"https:\/\/jornalfatosenoticias.com.br\/index.php\/author\/luzimara\/"}]}},"cc_featured_image_caption":{"caption_text":"(Foto: Divulga\u00e7\u00e3o) ","source_text":"","source_url":""},"jetpack_featured_media_url":"https:\/\/jornalfatosenoticias.com.br\/wp-content\/uploads\/2022\/02\/Desmatamento-2.jpg","_links":{"self":[{"href":"https:\/\/jornalfatosenoticias.com.br\/index.php\/wp-json\/wp\/v2\/posts\/28133","targetHints":{"allow":["GET"]}}],"collection":[{"href":"https:\/\/jornalfatosenoticias.com.br\/index.php\/wp-json\/wp\/v2\/posts"}],"about":[{"href":"https:\/\/jornalfatosenoticias.com.br\/index.php\/wp-json\/wp\/v2\/types\/post"}],"author":[{"embeddable":true,"href":"https:\/\/jornalfatosenoticias.com.br\/index.php\/wp-json\/wp\/v2\/users\/2"}],"replies":[{"embeddable":true,"href":"https:\/\/jornalfatosenoticias.com.br\/index.php\/wp-json\/wp\/v2\/comments?post=28133"}],"version-history":[{"count":0,"href":"https:\/\/jornalfatosenoticias.com.br\/index.php\/wp-json\/wp\/v2\/posts\/28133\/revisions"}],"wp:featuredmedia":[{"embeddable":true,"href":"https:\/\/jornalfatosenoticias.com.br\/index.php\/wp-json\/wp\/v2\/media\/28134"}],"wp:attachment":[{"href":"https:\/\/jornalfatosenoticias.com.br\/index.php\/wp-json\/wp\/v2\/media?parent=28133"}],"wp:term":[{"taxonomy":"category","embeddable":true,"href":"https:\/\/jornalfatosenoticias.com.br\/index.php\/wp-json\/wp\/v2\/categories?post=28133"},{"taxonomy":"post_tag","embeddable":true,"href":"https:\/\/jornalfatosenoticias.com.br\/index.php\/wp-json\/wp\/v2\/tags?post=28133"}],"curies":[{"name":"wp","href":"https:\/\/api.w.org\/{rel}","templated":true}]}}