{"id":28148,"date":"2022-02-22T11:20:02","date_gmt":"2022-02-22T14:20:02","guid":{"rendered":"https:\/\/jornalfatosenoticias.com.br\/?p=28148"},"modified":"2022-02-22T11:20:06","modified_gmt":"2022-02-22T14:20:06","slug":"mcti-anuncia-r-280-milhoes-para-institutos-de-ciencia-e-tecnologia","status":"publish","type":"post","link":"https:\/\/jornalfatosenoticias.com.br\/index.php\/2022\/02\/22\/mcti-anuncia-r-280-milhoes-para-institutos-de-ciencia-e-tecnologia\/","title":{"rendered":"MCTI anuncia R$ 280 milh\u00f5es para institutos de ci\u00eancia e tecnologia"},"content":{"rendered":"\n<p><span class=\"has-inline-color has-black-color\"><em>Segundo ministro, verba cobrir\u00e1 d\u00e9ficit or\u00e7ament\u00e1rio para pesquisas<\/em><\/span><\/p>\n\n\n\n<p>O ministro da Ci\u00eancia, Tecnologia e Inova\u00e7\u00f5es, Marcos Pontes, afirmou ontem (21), durante entrevista ao programa <em>Sem Censura,<\/em> da <strong>TV Brasil,<\/strong> que os Institutos Nacionais de Ci\u00eancia e Tecnologia (INCTs) receber\u00e3o cerca de R$ 280 milh\u00f5es em verbas para pesquisa.<br>Segundo Pontes, a verba faz parte dos mais de R$ 1 bilh\u00e3o investidos no setor em 2022. O ministro revelou tamb\u00e9m que outros R$ 250 milh\u00f5es ser\u00e3o disponibilizados para financiar linhas de estudo diversas de n\u00edvel Produtividade em Pesquisa (PQ). No total, o Minist\u00e9rio da Ci\u00eancia, Tecnologia e Inova\u00e7\u00f5es (MCTI) conta com 130 INCTs, que estavam com defasagem de 30% no or\u00e7amento.<\/p>\n\n\n\n<figure class=\"wp-block-image size-large\"><img loading=\"lazy\" decoding=\"async\" width=\"729\" height=\"90\" src=\"https:\/\/jornalfatosenoticias.com.br\/wp-content\/uploads\/2020\/02\/Logo_Mizu.png\" alt=\"\" class=\"wp-image-1441\" srcset=\"https:\/\/jornalfatosenoticias.com.br\/wp-content\/uploads\/2020\/02\/Logo_Mizu.png 729w, https:\/\/jornalfatosenoticias.com.br\/wp-content\/uploads\/2020\/02\/Logo_Mizu-300x37.png 300w\" sizes=\"auto, (max-width: 729px) 100vw, 729px\" \/><\/figure>\n\n\n\n<blockquote class=\"wp-block-quote is-layout-flow wp-block-quote-is-layout-flow\"><p><span class=\"has-inline-color has-luminous-vivid-orange-color\">\u201cPrecisamos ter isso. Parece muito, mas a gente precisa ter muito mais\u201d, disse.<\/span><\/p><\/blockquote>\n\n\n\n<figure class=\"wp-block-image size-large\"><img loading=\"lazy\" decoding=\"async\" width=\"1000\" height=\"667\" src=\"https:\/\/jornalfatosenoticias.com.br\/wp-content\/uploads\/2022\/02\/marcos-pontes.jpg\" alt=\"\" class=\"wp-image-28150\" srcset=\"https:\/\/jornalfatosenoticias.com.br\/wp-content\/uploads\/2022\/02\/marcos-pontes.jpg 1000w, https:\/\/jornalfatosenoticias.com.br\/wp-content\/uploads\/2022\/02\/marcos-pontes-300x200.jpg 300w, https:\/\/jornalfatosenoticias.com.br\/wp-content\/uploads\/2022\/02\/marcos-pontes-768x512.jpg 768w\" sizes=\"auto, (max-width: 1000px) 100vw, 1000px\" \/><figcaption><em><span class=\"has-inline-color has-black-color\">O  ministro\u00a0da Ci\u00eancia, Tecnologia, Inova\u00e7\u00f5es e Comunica\u00e7\u00f5es, \u00a0Marcos Pontes participa do programa Sem Censura, da TV Brasil (Foto: Valter Campanato\/Ag\u00eancia Brasil)<\/span><\/em><\/figcaption><\/figure>\n\n\n\n<p>Durante a entrevista, o ministro afirmou que h\u00e1 mais de 70 mil vagas ociosas em atividades relacionadas \u00e0 tecnologia da informa\u00e7\u00e3o e comunica\u00e7\u00e3o (TIC), e que o MCTI oferece cursos e oficinas para especializar interessados em ingressar no setor.<br>O ministro tamb\u00e9m discutiu tamb\u00e9m a produ\u00e7\u00e3o nacional de vacinas, medicamentos e insumos m\u00e9dicos. Pontes frisou a import\u00e2ncia da autonomia da produ\u00e7\u00e3o nacional e do fomento da pesquisa cient\u00edfica no Brasil.<\/p>\n\n\n\n<figure class=\"wp-block-image size-large\"><img loading=\"lazy\" decoding=\"async\" width=\"1024\" height=\"100\" src=\"https:\/\/jornalfatosenoticias.com.br\/wp-content\/uploads\/2020\/02\/banner_ferramentas-1024x100.jpg\" alt=\"\" class=\"wp-image-1258\" srcset=\"https:\/\/jornalfatosenoticias.com.br\/wp-content\/uploads\/2020\/02\/banner_ferramentas-1024x100.jpg 1024w, https:\/\/jornalfatosenoticias.com.br\/wp-content\/uploads\/2020\/02\/banner_ferramentas-300x29.jpg 300w, https:\/\/jornalfatosenoticias.com.br\/wp-content\/uploads\/2020\/02\/banner_ferramentas-768x75.jpg 768w, https:\/\/jornalfatosenoticias.com.br\/wp-content\/uploads\/2020\/02\/banner_ferramentas.jpg 1227w\" sizes=\"auto, (max-width: 1024px) 100vw, 1024px\" \/><\/figure>\n\n\n\n<blockquote class=\"wp-block-quote is-layout-flow wp-block-quote-is-layout-flow\"><p><span class=\"has-inline-color has-luminous-vivid-orange-color\">\u201cN\u00f3s colocamos como estrat\u00e9gia deixar o Pa\u00eds independente na produ\u00e7\u00e3o de vacinas. Para resumir: se o planeta n\u00e3o vender vacina para a gente, n\u00f3s podemos vender vacinas para o planeta. E tamb\u00e9m reduzir nossa depend\u00eancia de medicamentos\u201d.<\/span><\/p><\/blockquote>\n\n\n\n<figure class=\"wp-block-image size-large\"><img loading=\"lazy\" decoding=\"async\" width=\"1024\" height=\"103\" src=\"https:\/\/jornalfatosenoticias.com.br\/wp-content\/uploads\/2022\/02\/Arte-Autoescola-Galatas_endereco_portal-1024x103.png\" alt=\"\" class=\"wp-image-27869\" srcset=\"https:\/\/jornalfatosenoticias.com.br\/wp-content\/uploads\/2022\/02\/Arte-Autoescola-Galatas_endereco_portal-1024x103.png 1024w, https:\/\/jornalfatosenoticias.com.br\/wp-content\/uploads\/2022\/02\/Arte-Autoescola-Galatas_endereco_portal-300x30.png 300w, https:\/\/jornalfatosenoticias.com.br\/wp-content\/uploads\/2022\/02\/Arte-Autoescola-Galatas_endereco_portal-768x77.png 768w, https:\/\/jornalfatosenoticias.com.br\/wp-content\/uploads\/2022\/02\/Arte-Autoescola-Galatas_endereco_portal.png 1223w\" sizes=\"auto, (max-width: 1024px) 100vw, 1024px\" \/><\/figure>\n\n\n\n<p>Marcos Pontes anunciou ainda que convidou o bilion\u00e1rio Richard Branson, da Virgin Galactic \u2014 empresa que oferece voos orbitais para turistas \u2014 para montar um centro de lan\u00e7amento no Brasil.<\/p>\n\n\n\n<h4 class=\"wp-block-heading\"><span class=\"has-inline-color has-black-color\">Veja o ministro Marcos Pontes no <em>Sem Censura:<\/em><\/span><\/h4>\n\n\n\n<figure class=\"wp-block-embed-youtube wp-block-embed is-type-video is-provider-youtube wp-embed-aspect-16-9 wp-has-aspect-ratio\"><div class=\"wp-block-embed__wrapper\">\n<iframe loading=\"lazy\" title=\"Sem Censura recebe o ministro Astronauta Marcos Pontes\" width=\"660\" height=\"371\" src=\"https:\/\/www.youtube.com\/embed\/82hMfwh5LJQ?feature=oembed\" frameborder=\"0\" allow=\"accelerometer; autoplay; clipboard-write; encrypted-media; gyroscope; picture-in-picture; web-share\" referrerpolicy=\"strict-origin-when-cross-origin\" allowfullscreen><\/iframe>\n<\/div><\/figure>\n\n\n\n<p><strong><em>Fonte: <a href=\"https:\/\/agenciabrasil.ebc.com.br\/geral\/noticia\/2022-02\/mcti-anuncia-r-280-milhoes-para-institutos-de-ciencia-e-tecnologia\">Ag\u00eancia Brasil<\/a><\/em><\/strong><\/p>\n","protected":false},"excerpt":{"rendered":"<p>Segundo ministro, verba cobrir\u00e1 d\u00e9ficit or\u00e7ament\u00e1rio para pesquisas O ministro da Ci\u00eancia, Tecnologia e Inova\u00e7\u00f5es, Marcos Pontes, afirmou ontem (21), durante entrevista ao programa Sem Censura, da TV Brasil, que os Institutos Nacionais de Ci\u00eancia e Tecnologia (INCTs) receber\u00e3o cerca de R$ 280 milh\u00f5es em verbas para pesquisa.Segundo Pontes, a verba faz parte dos mais [&hellip;]<\/p>\n","protected":false},"author":2,"featured_media":28149,"comment_status":"open","ping_status":"open","sticky":false,"template":"","format":"standard","meta":{"footnotes":""},"categories":[2,3],"tags":[12009,1743,4529,9397],"class_list":["post-28148","post","type-post","status-publish","format-standard","has-post-thumbnail","hentry","category-ciencia","category-tecnologia","tag-ciencia-e-tecnologia","tag-marcos-pontes","tag-mcti","tag-sem-censura"],"yoast_head":"<!-- This site is optimized with the Yoast SEO plugin v26.5 - https:\/\/yoast.com\/wordpress\/plugins\/seo\/ -->\n<title>MCTI anuncia R$ 280 milh\u00f5es para institutos de ci\u00eancia e tecnologia - Jornal Fatos e Not\u00edcias<\/title>\n<meta name=\"robots\" content=\"index, follow, max-snippet:-1, max-image-preview:large, max-video-preview:-1\" \/>\n<link rel=\"canonical\" href=\"https:\/\/jornalfatosenoticias.com.br\/index.php\/2022\/02\/22\/mcti-anuncia-r-280-milhoes-para-institutos-de-ciencia-e-tecnologia\/\" \/>\n<meta property=\"og:locale\" content=\"pt_BR\" \/>\n<meta property=\"og:type\" content=\"article\" \/>\n<meta property=\"og:title\" content=\"MCTI anuncia R$ 280 milh\u00f5es para institutos de ci\u00eancia e tecnologia - Jornal Fatos e Not\u00edcias\" \/>\n<meta property=\"og:description\" content=\"Segundo ministro, verba cobrir\u00e1 d\u00e9ficit or\u00e7ament\u00e1rio para pesquisas O ministro da Ci\u00eancia, Tecnologia e Inova\u00e7\u00f5es, Marcos Pontes, afirmou ontem (21), durante entrevista ao programa Sem Censura, da TV Brasil, que os Institutos Nacionais de Ci\u00eancia e Tecnologia (INCTs) receber\u00e3o cerca de R$ 280 milh\u00f5es em verbas para pesquisa.Segundo Pontes, a verba faz parte dos mais [&hellip;]\" \/>\n<meta property=\"og:url\" content=\"https:\/\/jornalfatosenoticias.com.br\/index.php\/2022\/02\/22\/mcti-anuncia-r-280-milhoes-para-institutos-de-ciencia-e-tecnologia\/\" \/>\n<meta property=\"og:site_name\" content=\"Jornal Fatos e Not\u00edcias\" \/>\n<meta property=\"article:published_time\" content=\"2022-02-22T14:20:02+00:00\" \/>\n<meta property=\"article:modified_time\" content=\"2022-02-22T14:20:06+00:00\" \/>\n<meta property=\"og:image\" content=\"https:\/\/jornalfatosenoticias.com.br\/wp-content\/uploads\/2022\/02\/ministro-da-ciencia-e-tecnologia.jpg\" \/>\n\t<meta property=\"og:image:width\" content=\"1000\" \/>\n\t<meta property=\"og:image:height\" content=\"598\" \/>\n\t<meta property=\"og:image:type\" content=\"image\/jpeg\" \/>\n<meta name=\"author\" content=\"Luzimara Fernandes\" \/>\n<meta name=\"twitter:card\" content=\"summary_large_image\" \/>\n<meta name=\"twitter:label1\" content=\"Escrito por\" \/>\n\t<meta name=\"twitter:data1\" content=\"Luzimara Fernandes\" \/>\n\t<meta name=\"twitter:label2\" content=\"Est. tempo de leitura\" \/>\n\t<meta name=\"twitter:data2\" content=\"2 minutos\" \/>\n<script type=\"application\/ld+json\" class=\"yoast-schema-graph\">{\"@context\":\"https:\/\/schema.org\",\"@graph\":[{\"@type\":\"Article\",\"@id\":\"https:\/\/jornalfatosenoticias.com.br\/index.php\/2022\/02\/22\/mcti-anuncia-r-280-milhoes-para-institutos-de-ciencia-e-tecnologia\/#article\",\"isPartOf\":{\"@id\":\"https:\/\/jornalfatosenoticias.com.br\/index.php\/2022\/02\/22\/mcti-anuncia-r-280-milhoes-para-institutos-de-ciencia-e-tecnologia\/\"},\"author\":{\"name\":\"Luzimara Fernandes\",\"@id\":\"https:\/\/jornalfatosenoticias.com.br\/#\/schema\/person\/d63837fa13ac8666eb9e74e0985d6f81\"},\"headline\":\"MCTI anuncia R$ 280 milh\u00f5es para institutos de ci\u00eancia e tecnologia\",\"datePublished\":\"2022-02-22T14:20:02+00:00\",\"dateModified\":\"2022-02-22T14:20:06+00:00\",\"mainEntityOfPage\":{\"@id\":\"https:\/\/jornalfatosenoticias.com.br\/index.php\/2022\/02\/22\/mcti-anuncia-r-280-milhoes-para-institutos-de-ciencia-e-tecnologia\/\"},\"wordCount\":349,\"commentCount\":0,\"publisher\":{\"@id\":\"https:\/\/jornalfatosenoticias.com.br\/#organization\"},\"image\":{\"@id\":\"https:\/\/jornalfatosenoticias.com.br\/index.php\/2022\/02\/22\/mcti-anuncia-r-280-milhoes-para-institutos-de-ciencia-e-tecnologia\/#primaryimage\"},\"thumbnailUrl\":\"https:\/\/jornalfatosenoticias.com.br\/wp-content\/uploads\/2022\/02\/ministro-da-ciencia-e-tecnologia.jpg\",\"keywords\":[\"Ci\u00eancia e tecnologia\",\"Marcos Pontes\",\"MCTI\",\"Sem Censura\"],\"articleSection\":[\"Ci\u00eancia\",\"Tecnologia &amp; Inova\u00e7\u00e3o\"],\"inLanguage\":\"pt-BR\",\"potentialAction\":[{\"@type\":\"CommentAction\",\"name\":\"Comment\",\"target\":[\"https:\/\/jornalfatosenoticias.com.br\/index.php\/2022\/02\/22\/mcti-anuncia-r-280-milhoes-para-institutos-de-ciencia-e-tecnologia\/#respond\"]}]},{\"@type\":\"WebPage\",\"@id\":\"https:\/\/jornalfatosenoticias.com.br\/index.php\/2022\/02\/22\/mcti-anuncia-r-280-milhoes-para-institutos-de-ciencia-e-tecnologia\/\",\"url\":\"https:\/\/jornalfatosenoticias.com.br\/index.php\/2022\/02\/22\/mcti-anuncia-r-280-milhoes-para-institutos-de-ciencia-e-tecnologia\/\",\"name\":\"MCTI anuncia R$ 280 milh\u00f5es para institutos de ci\u00eancia e tecnologia - Jornal Fatos e Not\u00edcias\",\"isPartOf\":{\"@id\":\"https:\/\/jornalfatosenoticias.com.br\/#website\"},\"primaryImageOfPage\":{\"@id\":\"https:\/\/jornalfatosenoticias.com.br\/index.php\/2022\/02\/22\/mcti-anuncia-r-280-milhoes-para-institutos-de-ciencia-e-tecnologia\/#primaryimage\"},\"image\":{\"@id\":\"https:\/\/jornalfatosenoticias.com.br\/index.php\/2022\/02\/22\/mcti-anuncia-r-280-milhoes-para-institutos-de-ciencia-e-tecnologia\/#primaryimage\"},\"thumbnailUrl\":\"https:\/\/jornalfatosenoticias.com.br\/wp-content\/uploads\/2022\/02\/ministro-da-ciencia-e-tecnologia.jpg\",\"datePublished\":\"2022-02-22T14:20:02+00:00\",\"dateModified\":\"2022-02-22T14:20:06+00:00\",\"breadcrumb\":{\"@id\":\"https:\/\/jornalfatosenoticias.com.br\/index.php\/2022\/02\/22\/mcti-anuncia-r-280-milhoes-para-institutos-de-ciencia-e-tecnologia\/#breadcrumb\"},\"inLanguage\":\"pt-BR\",\"potentialAction\":[{\"@type\":\"ReadAction\",\"target\":[\"https:\/\/jornalfatosenoticias.com.br\/index.php\/2022\/02\/22\/mcti-anuncia-r-280-milhoes-para-institutos-de-ciencia-e-tecnologia\/\"]}]},{\"@type\":\"ImageObject\",\"inLanguage\":\"pt-BR\",\"@id\":\"https:\/\/jornalfatosenoticias.com.br\/index.php\/2022\/02\/22\/mcti-anuncia-r-280-milhoes-para-institutos-de-ciencia-e-tecnologia\/#primaryimage\",\"url\":\"https:\/\/jornalfatosenoticias.com.br\/wp-content\/uploads\/2022\/02\/ministro-da-ciencia-e-tecnologia.jpg\",\"contentUrl\":\"https:\/\/jornalfatosenoticias.com.br\/wp-content\/uploads\/2022\/02\/ministro-da-ciencia-e-tecnologia.jpg\",\"width\":1000,\"height\":598,\"caption\":\"O ministro\u00a0da Ci\u00eancia, Tecnologia, Inova\u00e7\u00f5es e Comunica\u00e7\u00f5es, \u00a0Marcos Pontes participa do programa Sem Censura, da TV Brasil.\"},{\"@type\":\"BreadcrumbList\",\"@id\":\"https:\/\/jornalfatosenoticias.com.br\/index.php\/2022\/02\/22\/mcti-anuncia-r-280-milhoes-para-institutos-de-ciencia-e-tecnologia\/#breadcrumb\",\"itemListElement\":[{\"@type\":\"ListItem\",\"position\":1,\"name\":\"In\u00edcio\",\"item\":\"https:\/\/jornalfatosenoticias.com.br\/\"},{\"@type\":\"ListItem\",\"position\":2,\"name\":\"MCTI anuncia R$ 280 milh\u00f5es para institutos de ci\u00eancia e tecnologia\"}]},{\"@type\":\"WebSite\",\"@id\":\"https:\/\/jornalfatosenoticias.com.br\/#website\",\"url\":\"https:\/\/jornalfatosenoticias.com.br\/\",\"name\":\"Jornal Fatos e Not\u00edcias\",\"description\":\"Not\u00edcias em geral\",\"publisher\":{\"@id\":\"https:\/\/jornalfatosenoticias.com.br\/#organization\"},\"potentialAction\":[{\"@type\":\"SearchAction\",\"target\":{\"@type\":\"EntryPoint\",\"urlTemplate\":\"https:\/\/jornalfatosenoticias.com.br\/?s={search_term_string}\"},\"query-input\":{\"@type\":\"PropertyValueSpecification\",\"valueRequired\":true,\"valueName\":\"search_term_string\"}}],\"inLanguage\":\"pt-BR\"},{\"@type\":\"Organization\",\"@id\":\"https:\/\/jornalfatosenoticias.com.br\/#organization\",\"name\":\"Jornal Fatos e Not\u00edcias\",\"url\":\"https:\/\/jornalfatosenoticias.com.br\/\",\"logo\":{\"@type\":\"ImageObject\",\"inLanguage\":\"pt-BR\",\"@id\":\"https:\/\/jornalfatosenoticias.com.br\/#\/schema\/logo\/image\/\",\"url\":\"https:\/\/jornalfatosenoticias.com.br\/wp-content\/uploads\/2020\/02\/logo120.png\",\"contentUrl\":\"https:\/\/jornalfatosenoticias.com.br\/wp-content\/uploads\/2020\/02\/logo120.png\",\"width\":1227,\"height\":120,\"caption\":\"Jornal Fatos e Not\u00edcias\"},\"image\":{\"@id\":\"https:\/\/jornalfatosenoticias.com.br\/#\/schema\/logo\/image\/\"}},{\"@type\":\"Person\",\"@id\":\"https:\/\/jornalfatosenoticias.com.br\/#\/schema\/person\/d63837fa13ac8666eb9e74e0985d6f81\",\"name\":\"Luzimara Fernandes\",\"image\":{\"@type\":\"ImageObject\",\"inLanguage\":\"pt-BR\",\"@id\":\"https:\/\/jornalfatosenoticias.com.br\/#\/schema\/person\/image\/\",\"url\":\"https:\/\/jornalfatosenoticias.com.br\/wp-content\/uploads\/2025\/05\/EU_portal.jpg\",\"contentUrl\":\"https:\/\/jornalfatosenoticias.com.br\/wp-content\/uploads\/2025\/05\/EU_portal.jpg\",\"caption\":\"Luzimara Fernandes\"},\"description\":\"Jornalista MTB 2358-ES\",\"sameAs\":[\"https:\/\/jornalfatosenoticias.com.br\"],\"url\":\"https:\/\/jornalfatosenoticias.com.br\/index.php\/author\/luzimara\/\"}]}<\/script>\n<!-- \/ Yoast SEO plugin. -->","yoast_head_json":{"title":"MCTI anuncia R$ 280 milh\u00f5es para institutos de ci\u00eancia e tecnologia - Jornal Fatos e Not\u00edcias","robots":{"index":"index","follow":"follow","max-snippet":"max-snippet:-1","max-image-preview":"max-image-preview:large","max-video-preview":"max-video-preview:-1"},"canonical":"https:\/\/jornalfatosenoticias.com.br\/index.php\/2022\/02\/22\/mcti-anuncia-r-280-milhoes-para-institutos-de-ciencia-e-tecnologia\/","og_locale":"pt_BR","og_type":"article","og_title":"MCTI anuncia R$ 280 milh\u00f5es para institutos de ci\u00eancia e tecnologia - Jornal Fatos e Not\u00edcias","og_description":"Segundo ministro, verba cobrir\u00e1 d\u00e9ficit or\u00e7ament\u00e1rio para pesquisas O ministro da Ci\u00eancia, Tecnologia e Inova\u00e7\u00f5es, Marcos Pontes, afirmou ontem (21), durante entrevista ao programa Sem Censura, da TV Brasil, que os Institutos Nacionais de Ci\u00eancia e Tecnologia (INCTs) receber\u00e3o cerca de R$ 280 milh\u00f5es em verbas para pesquisa.Segundo Pontes, a verba faz parte dos mais [&hellip;]","og_url":"https:\/\/jornalfatosenoticias.com.br\/index.php\/2022\/02\/22\/mcti-anuncia-r-280-milhoes-para-institutos-de-ciencia-e-tecnologia\/","og_site_name":"Jornal Fatos e Not\u00edcias","article_published_time":"2022-02-22T14:20:02+00:00","article_modified_time":"2022-02-22T14:20:06+00:00","og_image":[{"width":1000,"height":598,"url":"https:\/\/jornalfatosenoticias.com.br\/wp-content\/uploads\/2022\/02\/ministro-da-ciencia-e-tecnologia.jpg","type":"image\/jpeg"}],"author":"Luzimara Fernandes","twitter_card":"summary_large_image","twitter_misc":{"Escrito por":"Luzimara Fernandes","Est. tempo de leitura":"2 minutos"},"schema":{"@context":"https:\/\/schema.org","@graph":[{"@type":"Article","@id":"https:\/\/jornalfatosenoticias.com.br\/index.php\/2022\/02\/22\/mcti-anuncia-r-280-milhoes-para-institutos-de-ciencia-e-tecnologia\/#article","isPartOf":{"@id":"https:\/\/jornalfatosenoticias.com.br\/index.php\/2022\/02\/22\/mcti-anuncia-r-280-milhoes-para-institutos-de-ciencia-e-tecnologia\/"},"author":{"name":"Luzimara Fernandes","@id":"https:\/\/jornalfatosenoticias.com.br\/#\/schema\/person\/d63837fa13ac8666eb9e74e0985d6f81"},"headline":"MCTI anuncia R$ 280 milh\u00f5es para institutos de ci\u00eancia e tecnologia","datePublished":"2022-02-22T14:20:02+00:00","dateModified":"2022-02-22T14:20:06+00:00","mainEntityOfPage":{"@id":"https:\/\/jornalfatosenoticias.com.br\/index.php\/2022\/02\/22\/mcti-anuncia-r-280-milhoes-para-institutos-de-ciencia-e-tecnologia\/"},"wordCount":349,"commentCount":0,"publisher":{"@id":"https:\/\/jornalfatosenoticias.com.br\/#organization"},"image":{"@id":"https:\/\/jornalfatosenoticias.com.br\/index.php\/2022\/02\/22\/mcti-anuncia-r-280-milhoes-para-institutos-de-ciencia-e-tecnologia\/#primaryimage"},"thumbnailUrl":"https:\/\/jornalfatosenoticias.com.br\/wp-content\/uploads\/2022\/02\/ministro-da-ciencia-e-tecnologia.jpg","keywords":["Ci\u00eancia e tecnologia","Marcos Pontes","MCTI","Sem Censura"],"articleSection":["Ci\u00eancia","Tecnologia &amp; Inova\u00e7\u00e3o"],"inLanguage":"pt-BR","potentialAction":[{"@type":"CommentAction","name":"Comment","target":["https:\/\/jornalfatosenoticias.com.br\/index.php\/2022\/02\/22\/mcti-anuncia-r-280-milhoes-para-institutos-de-ciencia-e-tecnologia\/#respond"]}]},{"@type":"WebPage","@id":"https:\/\/jornalfatosenoticias.com.br\/index.php\/2022\/02\/22\/mcti-anuncia-r-280-milhoes-para-institutos-de-ciencia-e-tecnologia\/","url":"https:\/\/jornalfatosenoticias.com.br\/index.php\/2022\/02\/22\/mcti-anuncia-r-280-milhoes-para-institutos-de-ciencia-e-tecnologia\/","name":"MCTI anuncia R$ 280 milh\u00f5es para institutos de ci\u00eancia e tecnologia - Jornal Fatos e Not\u00edcias","isPartOf":{"@id":"https:\/\/jornalfatosenoticias.com.br\/#website"},"primaryImageOfPage":{"@id":"https:\/\/jornalfatosenoticias.com.br\/index.php\/2022\/02\/22\/mcti-anuncia-r-280-milhoes-para-institutos-de-ciencia-e-tecnologia\/#primaryimage"},"image":{"@id":"https:\/\/jornalfatosenoticias.com.br\/index.php\/2022\/02\/22\/mcti-anuncia-r-280-milhoes-para-institutos-de-ciencia-e-tecnologia\/#primaryimage"},"thumbnailUrl":"https:\/\/jornalfatosenoticias.com.br\/wp-content\/uploads\/2022\/02\/ministro-da-ciencia-e-tecnologia.jpg","datePublished":"2022-02-22T14:20:02+00:00","dateModified":"2022-02-22T14:20:06+00:00","breadcrumb":{"@id":"https:\/\/jornalfatosenoticias.com.br\/index.php\/2022\/02\/22\/mcti-anuncia-r-280-milhoes-para-institutos-de-ciencia-e-tecnologia\/#breadcrumb"},"inLanguage":"pt-BR","potentialAction":[{"@type":"ReadAction","target":["https:\/\/jornalfatosenoticias.com.br\/index.php\/2022\/02\/22\/mcti-anuncia-r-280-milhoes-para-institutos-de-ciencia-e-tecnologia\/"]}]},{"@type":"ImageObject","inLanguage":"pt-BR","@id":"https:\/\/jornalfatosenoticias.com.br\/index.php\/2022\/02\/22\/mcti-anuncia-r-280-milhoes-para-institutos-de-ciencia-e-tecnologia\/#primaryimage","url":"https:\/\/jornalfatosenoticias.com.br\/wp-content\/uploads\/2022\/02\/ministro-da-ciencia-e-tecnologia.jpg","contentUrl":"https:\/\/jornalfatosenoticias.com.br\/wp-content\/uploads\/2022\/02\/ministro-da-ciencia-e-tecnologia.jpg","width":1000,"height":598,"caption":"O ministro\u00a0da Ci\u00eancia, Tecnologia, Inova\u00e7\u00f5es e Comunica\u00e7\u00f5es, \u00a0Marcos Pontes participa do programa Sem Censura, da TV Brasil."},{"@type":"BreadcrumbList","@id":"https:\/\/jornalfatosenoticias.com.br\/index.php\/2022\/02\/22\/mcti-anuncia-r-280-milhoes-para-institutos-de-ciencia-e-tecnologia\/#breadcrumb","itemListElement":[{"@type":"ListItem","position":1,"name":"In\u00edcio","item":"https:\/\/jornalfatosenoticias.com.br\/"},{"@type":"ListItem","position":2,"name":"MCTI anuncia R$ 280 milh\u00f5es para institutos de ci\u00eancia e tecnologia"}]},{"@type":"WebSite","@id":"https:\/\/jornalfatosenoticias.com.br\/#website","url":"https:\/\/jornalfatosenoticias.com.br\/","name":"Jornal Fatos e Not\u00edcias","description":"Not\u00edcias em geral","publisher":{"@id":"https:\/\/jornalfatosenoticias.com.br\/#organization"},"potentialAction":[{"@type":"SearchAction","target":{"@type":"EntryPoint","urlTemplate":"https:\/\/jornalfatosenoticias.com.br\/?s={search_term_string}"},"query-input":{"@type":"PropertyValueSpecification","valueRequired":true,"valueName":"search_term_string"}}],"inLanguage":"pt-BR"},{"@type":"Organization","@id":"https:\/\/jornalfatosenoticias.com.br\/#organization","name":"Jornal Fatos e Not\u00edcias","url":"https:\/\/jornalfatosenoticias.com.br\/","logo":{"@type":"ImageObject","inLanguage":"pt-BR","@id":"https:\/\/jornalfatosenoticias.com.br\/#\/schema\/logo\/image\/","url":"https:\/\/jornalfatosenoticias.com.br\/wp-content\/uploads\/2020\/02\/logo120.png","contentUrl":"https:\/\/jornalfatosenoticias.com.br\/wp-content\/uploads\/2020\/02\/logo120.png","width":1227,"height":120,"caption":"Jornal Fatos e Not\u00edcias"},"image":{"@id":"https:\/\/jornalfatosenoticias.com.br\/#\/schema\/logo\/image\/"}},{"@type":"Person","@id":"https:\/\/jornalfatosenoticias.com.br\/#\/schema\/person\/d63837fa13ac8666eb9e74e0985d6f81","name":"Luzimara Fernandes","image":{"@type":"ImageObject","inLanguage":"pt-BR","@id":"https:\/\/jornalfatosenoticias.com.br\/#\/schema\/person\/image\/","url":"https:\/\/jornalfatosenoticias.com.br\/wp-content\/uploads\/2025\/05\/EU_portal.jpg","contentUrl":"https:\/\/jornalfatosenoticias.com.br\/wp-content\/uploads\/2025\/05\/EU_portal.jpg","caption":"Luzimara Fernandes"},"description":"Jornalista MTB 2358-ES","sameAs":["https:\/\/jornalfatosenoticias.com.br"],"url":"https:\/\/jornalfatosenoticias.com.br\/index.php\/author\/luzimara\/"}]}},"cc_featured_image_caption":{"caption_text":"(Foto: Valter Campanato\/Ag\u00eancia Brasil)","source_text":"","source_url":""},"jetpack_featured_media_url":"https:\/\/jornalfatosenoticias.com.br\/wp-content\/uploads\/2022\/02\/ministro-da-ciencia-e-tecnologia.jpg","_links":{"self":[{"href":"https:\/\/jornalfatosenoticias.com.br\/index.php\/wp-json\/wp\/v2\/posts\/28148","targetHints":{"allow":["GET"]}}],"collection":[{"href":"https:\/\/jornalfatosenoticias.com.br\/index.php\/wp-json\/wp\/v2\/posts"}],"about":[{"href":"https:\/\/jornalfatosenoticias.com.br\/index.php\/wp-json\/wp\/v2\/types\/post"}],"author":[{"embeddable":true,"href":"https:\/\/jornalfatosenoticias.com.br\/index.php\/wp-json\/wp\/v2\/users\/2"}],"replies":[{"embeddable":true,"href":"https:\/\/jornalfatosenoticias.com.br\/index.php\/wp-json\/wp\/v2\/comments?post=28148"}],"version-history":[{"count":0,"href":"https:\/\/jornalfatosenoticias.com.br\/index.php\/wp-json\/wp\/v2\/posts\/28148\/revisions"}],"wp:featuredmedia":[{"embeddable":true,"href":"https:\/\/jornalfatosenoticias.com.br\/index.php\/wp-json\/wp\/v2\/media\/28149"}],"wp:attachment":[{"href":"https:\/\/jornalfatosenoticias.com.br\/index.php\/wp-json\/wp\/v2\/media?parent=28148"}],"wp:term":[{"taxonomy":"category","embeddable":true,"href":"https:\/\/jornalfatosenoticias.com.br\/index.php\/wp-json\/wp\/v2\/categories?post=28148"},{"taxonomy":"post_tag","embeddable":true,"href":"https:\/\/jornalfatosenoticias.com.br\/index.php\/wp-json\/wp\/v2\/tags?post=28148"}],"curies":[{"name":"wp","href":"https:\/\/api.w.org\/{rel}","templated":true}]}}