{"id":28228,"date":"2022-02-23T14:54:45","date_gmt":"2022-02-23T17:54:45","guid":{"rendered":"https:\/\/jornalfatosenoticias.com.br\/?p=28228"},"modified":"2022-02-23T14:54:52","modified_gmt":"2022-02-23T17:54:52","slug":"planeta-tem-nuvens-de-metal-de-onde-chovem-rubis-e-safiras-liquidas","status":"publish","type":"post","link":"https:\/\/jornalfatosenoticias.com.br\/index.php\/2022\/02\/23\/planeta-tem-nuvens-de-metal-de-onde-chovem-rubis-e-safiras-liquidas\/","title":{"rendered":"Planeta tem nuvens de metal de onde chovem rubis e safiras l\u00edquidas"},"content":{"rendered":"\n<p>Imagine um planeta no qual as <a href=\"https:\/\/olhardigital.com.br\/2021\/04\/27\/ciencia-e-espaco\/nuvens-geladas-podem-ter-aquecido-marte-o-bastante-para-sustentar-rios-e-lagos\/\" target=\"_blank\" rel=\"noreferrer noopener\">nuvens\u00a0<\/a>s\u00e3o feitas de metal, e delas chovem rubis e safiras l\u00edquidos. Parece cen\u00e1rio de filme de fantasia, mas um novo estudo indica que essa pode ser a realidade no exoplaneta denominado<a href=\"https:\/\/olhardigital.com.br\/2019\/08\/05\/ciencia-e-espaco\/exoplaneta-prestes-a-explodir-ganha-formato-oval-diz-pesquisa\/\" target=\"_blank\" rel=\"noreferrer noopener\">\u00a0WASP-121 b<\/a>, um \u201cJ\u00fapiter quente\u201d.<br><a href=\"https:\/\/olhardigital.com.br\/2019\/08\/05\/ciencia-e-espaco\/exoplaneta-prestes-a-explodir-ganha-formato-oval-diz-pesquisa\/\" target=\"_blank\" rel=\"noreferrer noopener\">O planeta<\/a> foi descoberto em 2015, e \u00e9 um gigante gasoso a 880 anos-luz da Terra. Esse mundo alien\u00edgena se encaixa na categoria denominada \u201cJ\u00fapiter quente\u201d, uma classe de corpos celestes com semelhan\u00e7as f\u00edsicas com J\u00fapiter, mas orbitam muito mais pr\u00f3ximos de suas estrelas (da\u00ed, sua natureza \u201cquente\u201d).<br>Agora, em uma nova pesquisa, cientistas usaram dados do <a href=\"https:\/\/olhardigital.com.br\/2022\/02\/04\/ciencia-e-espaco\/hubble-flagra-bercario-de-estrelas-na-constelacao-de-camaleao\/\" target=\"_blank\" rel=\"noreferrer noopener\">Telesc\u00f3pio Espacial Hubble\u00a0<\/a>para fazer a primeira medi\u00e7\u00e3o detalhada da atmosfera no lado noturno mais frio do planeta. E essa atmosfera noturna, segundo o estudo, parece ter uma s\u00e9rie de caracter\u00edsticas estranhas e not\u00e1veis, incluindo nuvens de metal e chuva feita do que poderia ser pedras preciosas liquefeitas.<\/p>\n\n\n\n<div class=\"wp-block-image\"><figure class=\"alignleft size-large is-resized\"><img loading=\"lazy\" decoding=\"async\" src=\"https:\/\/jornalfatosenoticias.com.br\/wp-content\/uploads\/2022\/02\/LOGO-ESTEIO-1024x730.png\" alt=\"\" class=\"wp-image-27942\" width=\"307\" height=\"219\" srcset=\"https:\/\/jornalfatosenoticias.com.br\/wp-content\/uploads\/2022\/02\/LOGO-ESTEIO-1024x730.png 1024w, https:\/\/jornalfatosenoticias.com.br\/wp-content\/uploads\/2022\/02\/LOGO-ESTEIO-300x214.png 300w, https:\/\/jornalfatosenoticias.com.br\/wp-content\/uploads\/2022\/02\/LOGO-ESTEIO-768x548.png 768w, https:\/\/jornalfatosenoticias.com.br\/wp-content\/uploads\/2022\/02\/LOGO-ESTEIO.png 1123w\" sizes=\"auto, (max-width: 307px) 100vw, 307px\" \/><\/figure><\/div>\n\n\n\n<blockquote class=\"wp-block-quote is-layout-flow wp-block-quote-is-layout-flow\"><p><span class=\"has-inline-color has-luminous-vivid-orange-color\">\u201c\u00c9 emocionante estudar planetas como o WASP-121 b que s\u00e3o muito diferentes daqueles do nosso sistema solar, porque nos permitem ver como as atmosferas se comportam em condi\u00e7\u00f5es extremas\u201d, disse a coautora Joanna Barstow, pesquisadora da Universidade Aberta no Reino Unido.<\/span><\/p><\/blockquote>\n\n\n\n<p><strong><span class=\"has-inline-color has-black-color\">Planeta WASP-121 b tem um lado sempre noturno<br><\/span><\/strong>Esse planeta tem um lado que est\u00e1 sempre de frente para sua estrela e outro lado virado para longe. O estudo descobriu que, no lado diurno de WASP-121 b, metais e minerais evaporam. Durante o dia a temperatura da atmosfera superior pode chegar a tr\u00eas mil graus Celsius, t\u00e3o quente que a \u00e1gua na atmosfera brilha e as mol\u00e9culas quebram.<\/p>\n\n\n\n<figure class=\"wp-block-image size-large\"><img loading=\"lazy\" decoding=\"async\" width=\"1000\" height=\"562\" src=\"https:\/\/jornalfatosenoticias.com.br\/wp-content\/uploads\/2022\/02\/WASP-121-b.jpg\" alt=\"\" class=\"wp-image-28229\" srcset=\"https:\/\/jornalfatosenoticias.com.br\/wp-content\/uploads\/2022\/02\/WASP-121-b.jpg 1000w, https:\/\/jornalfatosenoticias.com.br\/wp-content\/uploads\/2022\/02\/WASP-121-b-300x169.jpg 300w, https:\/\/jornalfatosenoticias.com.br\/wp-content\/uploads\/2022\/02\/WASP-121-b-768x432.jpg 768w\" sizes=\"auto, (max-width: 1000px) 100vw, 1000px\" \/><figcaption><em><span class=\"has-inline-color has-black-color\">Ilustra\u00e7\u00e3o art\u00edstica do planeta WASP-121 b (Foto: Nasa\/ESA\/J. Olmsted (STScI))<\/span><\/em><\/figcaption><\/figure>\n\n\n\n<p>No entanto, no lado noturno do planeta, a equipe descobriu que a temperatura atmosf\u00e9rica \u00e9 essencialmente a metade. Essa diferen\u00e7a de temperatura faz com que ventos fortes soprem de oeste para leste ao redor do planeta, puxando a \u00e1gua atrav\u00e9s da atmosfera do lado do dia para o lado da noite.<br>\u00c0 medida que as mol\u00e9culas de \u00e1gua s\u00e3o separadas em \u00e1tomos de <a href=\"https:\/\/olhardigital.com.br\/2021\/10\/29\/ciencia-e-espaco\/marte-colonia-hidrogenio\/\" target=\"_blank\" rel=\"noreferrer noopener\">hidrog\u00eanio\u00a0<\/a>e oxig\u00eanio pelo calor durante o dia, as temperaturas frias \u00e0 noite ent\u00e3o recombinam os \u00e1tomos em vapor de \u00e1gua. Essa \u00e1gua \u00e9 puxada de volta para o lado do dia pelos ventos e separada em um ciclo cont\u00ednuo.<\/p>\n\n\n\n<div class=\"wp-block-image\"><figure class=\"alignright size-large\"><img loading=\"lazy\" decoding=\"async\" width=\"300\" height=\"250\" src=\"https:\/\/jornalfatosenoticias.com.br\/wp-content\/uploads\/2022\/02\/FERRARI_MAQUINAS-E-FERRAMENTAS2.jpg\" alt=\"\" class=\"wp-image-27860\"\/><\/figure><\/div>\n\n\n\n<p>De acordo com os cientistas, as temperaturas do lado escuro nunca s\u00e3o baixas o suficiente para que nuvens de \u00e1gua se formem durante esse ciclo, mas isso n\u00e3o significa que n\u00e3o se formem nuvens: o \u201cdetalhe\u201d \u00e9 que elas s\u00e3o nuvens de metal.<br>Dados anteriores do Hubble mostraram sinais de metais, incluindo ferro, magn\u00e9sio, cromo e van\u00e1dio existentes como gases no lado diurno do planeta. Mas, neste estudo, publicado na segunda-feira (21) na revista <a href=\"https:\/\/www.mpg.de\/18278975\/MPIA-PR_WASP-121b_Mikal-Evans_2022_Article.pdf\" target=\"_blank\" rel=\"noreferrer noopener\"><em>Nature Astronomy<\/em><\/a><em>,<\/em> os pesquisadores descobriram que, \u00e0 beira da noite do planeta, fica frio o suficiente para esses metais se condensarem em nuvens.<br>E, assim como os ventos fortes puxam vapor de \u00e1gua e \u00e1tomos ao redor do planeta para se separarem e recombinarem, nuvens de metal soprar\u00e3o para o lado diurno do planeta e evaporar\u00e3o, condensar\u00e3o de volta \u00e0 noite e assim por diante.<br>Como dito, as nuvens de metal n\u00e3o s\u00e3o o \u00fanico fen\u00f4meno estranho que esses pesquisadores detectaram neste J\u00fapiter quente. Eles tamb\u00e9m encontraram evid\u00eancias de poss\u00edvel chuva na forma de joias l\u00edquidas.<\/p>\n\n\n\n<div class=\"wp-block-image\"><figure class=\"alignleft size-large is-resized\"><img loading=\"lazy\" decoding=\"async\" src=\"https:\/\/jornalfatosenoticias.com.br\/wp-content\/uploads\/2020\/02\/nova-logo-Marquetti.jpg\" alt=\"\" class=\"wp-image-22331\" width=\"330\" height=\"222\" srcset=\"https:\/\/jornalfatosenoticias.com.br\/wp-content\/uploads\/2020\/02\/nova-logo-Marquetti.jpg 643w, https:\/\/jornalfatosenoticias.com.br\/wp-content\/uploads\/2020\/02\/nova-logo-Marquetti-300x202.jpg 300w\" sizes=\"auto, (max-width: 330px) 100vw, 330px\" \/><\/figure><\/div>\n\n\n\n<p>Os cientistas ficaram surpresos que, entre os metais detectados na atmosfera do planeta, n\u00e3o encontraram alum\u00ednio ou tit\u00e2nio. Eles acham que essa descoberta surpreendente poderia ser explicada pelos metais condensando e chovendo em n\u00edveis mais baixos da atmosfera do planeta fora do escopo dessas observa\u00e7\u00f5es.<br>Este vapor condensado na chuva met\u00e1lica veria o alum\u00ednio condensar junto com o oxig\u00eanio, formando corundum, um composto met\u00e1lico que, quando contaminado por outros metais na atmosfera do planeta, formaria o que conhecemos na Terra como rubis ou safiras, segundo os cientistas.<\/p>\n\n\n\n<figure class=\"wp-block-image size-large\"><img decoding=\"async\" src=\"https:\/\/jornalfatosenoticias.com.br\/wp-content\/uploads\/2020\/02\/Serra-Grande-1024x160.png\" alt=\"\" class=\"wp-image-7836\"\/><\/figure>\n\n\n\n<blockquote class=\"wp-block-quote is-layout-flow wp-block-quote-is-layout-flow\"><p><span class=\"has-inline-color has-luminous-vivid-orange-color\">\u201cPara entender melhor este planeta, vamos observ\u00e1-lo com o Telesc\u00f3pio Espacial James Webb j\u00e1 no primeiro ano de sua opera\u00e7\u00e3o\u201d, disse o autor principal Thomas Mikal-Evans, pesquisador do Instituto Max Planck de Astronomia.<\/span><\/p><\/blockquote>\n\n\n\n<div class=\"wp-block-image\"><figure class=\"aligncenter size-large is-resized\"><img loading=\"lazy\" decoding=\"async\" src=\"https:\/\/jornalfatosenoticias.com.br\/wp-content\/uploads\/2022\/02\/Precisao-Contabilidade-1024x724.jpg\" alt=\"\" class=\"wp-image-28088\" width=\"360\" height=\"255\"\/><\/figure><\/div>\n\n\n\n<p><strong><em>Fonte: <a href=\"https:\/\/olhardigital.com.br\/2022\/02\/22\/ciencia-e-espaco\/planeta-tem-nuvens-de-metal-de-onde-chovem-rubis-e-safiras-liquidas\/\">Olhar Digital<\/a><\/em><\/strong><\/p>\n","protected":false},"excerpt":{"rendered":"<p>Imagine um planeta no qual as nuvens\u00a0s\u00e3o feitas de metal, e delas chovem rubis e safiras l\u00edquidos. Parece cen\u00e1rio de filme de fantasia, mas um novo estudo indica que essa pode ser a realidade no exoplaneta denominado\u00a0WASP-121 b, um \u201cJ\u00fapiter quente\u201d.O planeta foi descoberto em 2015, e \u00e9 um gigante gasoso a 880 anos-luz da [&hellip;]<\/p>\n","protected":false},"author":2,"featured_media":28230,"comment_status":"open","ping_status":"open","sticky":false,"template":"","format":"standard","meta":{"footnotes":""},"categories":[2],"tags":[7533,1444,13458,1128,2740,13459,13460],"class_list":["post-28228","post","type-post","status-publish","format-standard","has-post-thumbnail","hentry","category-ciencia","tag-exoplaneta","tag-exoplanetas","tag-jupiter-quente","tag-metal","tag-nuvens","tag-nuvens-de-metal","tag-wasp-121-b"],"yoast_head":"<!-- This site is optimized with the Yoast SEO plugin v26.5 - https:\/\/yoast.com\/wordpress\/plugins\/seo\/ -->\n<title>Planeta tem nuvens de metal de onde chovem rubis e safiras l\u00edquidas - Jornal Fatos e Not\u00edcias<\/title>\n<meta name=\"robots\" content=\"index, follow, max-snippet:-1, max-image-preview:large, max-video-preview:-1\" \/>\n<link rel=\"canonical\" href=\"https:\/\/jornalfatosenoticias.com.br\/index.php\/2022\/02\/23\/planeta-tem-nuvens-de-metal-de-onde-chovem-rubis-e-safiras-liquidas\/\" \/>\n<meta property=\"og:locale\" content=\"pt_BR\" \/>\n<meta property=\"og:type\" content=\"article\" \/>\n<meta property=\"og:title\" content=\"Planeta tem nuvens de metal de onde chovem rubis e safiras l\u00edquidas - Jornal Fatos e Not\u00edcias\" \/>\n<meta property=\"og:description\" content=\"Imagine um planeta no qual as nuvens\u00a0s\u00e3o feitas de metal, e delas chovem rubis e safiras l\u00edquidos. Parece cen\u00e1rio de filme de fantasia, mas um novo estudo indica que essa pode ser a realidade no exoplaneta denominado\u00a0WASP-121 b, um \u201cJ\u00fapiter quente\u201d.O planeta foi descoberto em 2015, e \u00e9 um gigante gasoso a 880 anos-luz da [&hellip;]\" \/>\n<meta property=\"og:url\" content=\"https:\/\/jornalfatosenoticias.com.br\/index.php\/2022\/02\/23\/planeta-tem-nuvens-de-metal-de-onde-chovem-rubis-e-safiras-liquidas\/\" \/>\n<meta property=\"og:site_name\" content=\"Jornal Fatos e Not\u00edcias\" \/>\n<meta property=\"article:published_time\" content=\"2022-02-23T17:54:45+00:00\" \/>\n<meta property=\"article:modified_time\" content=\"2022-02-23T17:54:52+00:00\" \/>\n<meta property=\"og:image\" content=\"https:\/\/jornalfatosenoticias.com.br\/wp-content\/uploads\/2022\/02\/Planeta-tem-nuvens-de-metal-de-onde-chovem-rubis-e-safiras-liquidas.png\" \/>\n\t<meta property=\"og:image:width\" content=\"1000\" \/>\n\t<meta property=\"og:image:height\" content=\"719\" \/>\n\t<meta property=\"og:image:type\" content=\"image\/png\" \/>\n<meta name=\"author\" content=\"Luzimara Fernandes\" \/>\n<meta name=\"twitter:card\" content=\"summary_large_image\" \/>\n<meta name=\"twitter:label1\" content=\"Escrito por\" \/>\n\t<meta name=\"twitter:data1\" content=\"Luzimara Fernandes\" \/>\n\t<meta name=\"twitter:label2\" content=\"Est. tempo de leitura\" \/>\n\t<meta name=\"twitter:data2\" content=\"4 minutos\" \/>\n<script type=\"application\/ld+json\" class=\"yoast-schema-graph\">{\"@context\":\"https:\/\/schema.org\",\"@graph\":[{\"@type\":\"Article\",\"@id\":\"https:\/\/jornalfatosenoticias.com.br\/index.php\/2022\/02\/23\/planeta-tem-nuvens-de-metal-de-onde-chovem-rubis-e-safiras-liquidas\/#article\",\"isPartOf\":{\"@id\":\"https:\/\/jornalfatosenoticias.com.br\/index.php\/2022\/02\/23\/planeta-tem-nuvens-de-metal-de-onde-chovem-rubis-e-safiras-liquidas\/\"},\"author\":{\"name\":\"Luzimara Fernandes\",\"@id\":\"https:\/\/jornalfatosenoticias.com.br\/#\/schema\/person\/d63837fa13ac8666eb9e74e0985d6f81\"},\"headline\":\"Planeta tem nuvens de metal de onde chovem rubis e safiras l\u00edquidas\",\"datePublished\":\"2022-02-23T17:54:45+00:00\",\"dateModified\":\"2022-02-23T17:54:52+00:00\",\"mainEntityOfPage\":{\"@id\":\"https:\/\/jornalfatosenoticias.com.br\/index.php\/2022\/02\/23\/planeta-tem-nuvens-de-metal-de-onde-chovem-rubis-e-safiras-liquidas\/\"},\"wordCount\":726,\"commentCount\":0,\"publisher\":{\"@id\":\"https:\/\/jornalfatosenoticias.com.br\/#organization\"},\"image\":{\"@id\":\"https:\/\/jornalfatosenoticias.com.br\/index.php\/2022\/02\/23\/planeta-tem-nuvens-de-metal-de-onde-chovem-rubis-e-safiras-liquidas\/#primaryimage\"},\"thumbnailUrl\":\"https:\/\/jornalfatosenoticias.com.br\/wp-content\/uploads\/2022\/02\/Planeta-tem-nuvens-de-metal-de-onde-chovem-rubis-e-safiras-liquidas.png\",\"keywords\":[\"exoplaneta\",\"exoplanetas\",\"J\u00fapiter quente\",\"metal\",\"nuvens\",\"nuvens de metal\",\"Wasp-121 B\"],\"articleSection\":[\"Ci\u00eancia\"],\"inLanguage\":\"pt-BR\",\"potentialAction\":[{\"@type\":\"CommentAction\",\"name\":\"Comment\",\"target\":[\"https:\/\/jornalfatosenoticias.com.br\/index.php\/2022\/02\/23\/planeta-tem-nuvens-de-metal-de-onde-chovem-rubis-e-safiras-liquidas\/#respond\"]}]},{\"@type\":\"WebPage\",\"@id\":\"https:\/\/jornalfatosenoticias.com.br\/index.php\/2022\/02\/23\/planeta-tem-nuvens-de-metal-de-onde-chovem-rubis-e-safiras-liquidas\/\",\"url\":\"https:\/\/jornalfatosenoticias.com.br\/index.php\/2022\/02\/23\/planeta-tem-nuvens-de-metal-de-onde-chovem-rubis-e-safiras-liquidas\/\",\"name\":\"Planeta tem nuvens de metal de onde chovem rubis e safiras l\u00edquidas - Jornal Fatos e Not\u00edcias\",\"isPartOf\":{\"@id\":\"https:\/\/jornalfatosenoticias.com.br\/#website\"},\"primaryImageOfPage\":{\"@id\":\"https:\/\/jornalfatosenoticias.com.br\/index.php\/2022\/02\/23\/planeta-tem-nuvens-de-metal-de-onde-chovem-rubis-e-safiras-liquidas\/#primaryimage\"},\"image\":{\"@id\":\"https:\/\/jornalfatosenoticias.com.br\/index.php\/2022\/02\/23\/planeta-tem-nuvens-de-metal-de-onde-chovem-rubis-e-safiras-liquidas\/#primaryimage\"},\"thumbnailUrl\":\"https:\/\/jornalfatosenoticias.com.br\/wp-content\/uploads\/2022\/02\/Planeta-tem-nuvens-de-metal-de-onde-chovem-rubis-e-safiras-liquidas.png\",\"datePublished\":\"2022-02-23T17:54:45+00:00\",\"dateModified\":\"2022-02-23T17:54:52+00:00\",\"breadcrumb\":{\"@id\":\"https:\/\/jornalfatosenoticias.com.br\/index.php\/2022\/02\/23\/planeta-tem-nuvens-de-metal-de-onde-chovem-rubis-e-safiras-liquidas\/#breadcrumb\"},\"inLanguage\":\"pt-BR\",\"potentialAction\":[{\"@type\":\"ReadAction\",\"target\":[\"https:\/\/jornalfatosenoticias.com.br\/index.php\/2022\/02\/23\/planeta-tem-nuvens-de-metal-de-onde-chovem-rubis-e-safiras-liquidas\/\"]}]},{\"@type\":\"ImageObject\",\"inLanguage\":\"pt-BR\",\"@id\":\"https:\/\/jornalfatosenoticias.com.br\/index.php\/2022\/02\/23\/planeta-tem-nuvens-de-metal-de-onde-chovem-rubis-e-safiras-liquidas\/#primaryimage\",\"url\":\"https:\/\/jornalfatosenoticias.com.br\/wp-content\/uploads\/2022\/02\/Planeta-tem-nuvens-de-metal-de-onde-chovem-rubis-e-safiras-liquidas.png\",\"contentUrl\":\"https:\/\/jornalfatosenoticias.com.br\/wp-content\/uploads\/2022\/02\/Planeta-tem-nuvens-de-metal-de-onde-chovem-rubis-e-safiras-liquidas.png\",\"width\":1000,\"height\":719},{\"@type\":\"BreadcrumbList\",\"@id\":\"https:\/\/jornalfatosenoticias.com.br\/index.php\/2022\/02\/23\/planeta-tem-nuvens-de-metal-de-onde-chovem-rubis-e-safiras-liquidas\/#breadcrumb\",\"itemListElement\":[{\"@type\":\"ListItem\",\"position\":1,\"name\":\"In\u00edcio\",\"item\":\"https:\/\/jornalfatosenoticias.com.br\/\"},{\"@type\":\"ListItem\",\"position\":2,\"name\":\"Planeta tem nuvens de metal de onde chovem rubis e safiras l\u00edquidas\"}]},{\"@type\":\"WebSite\",\"@id\":\"https:\/\/jornalfatosenoticias.com.br\/#website\",\"url\":\"https:\/\/jornalfatosenoticias.com.br\/\",\"name\":\"Jornal Fatos e Not\u00edcias\",\"description\":\"Not\u00edcias em geral\",\"publisher\":{\"@id\":\"https:\/\/jornalfatosenoticias.com.br\/#organization\"},\"potentialAction\":[{\"@type\":\"SearchAction\",\"target\":{\"@type\":\"EntryPoint\",\"urlTemplate\":\"https:\/\/jornalfatosenoticias.com.br\/?s={search_term_string}\"},\"query-input\":{\"@type\":\"PropertyValueSpecification\",\"valueRequired\":true,\"valueName\":\"search_term_string\"}}],\"inLanguage\":\"pt-BR\"},{\"@type\":\"Organization\",\"@id\":\"https:\/\/jornalfatosenoticias.com.br\/#organization\",\"name\":\"Jornal Fatos e Not\u00edcias\",\"url\":\"https:\/\/jornalfatosenoticias.com.br\/\",\"logo\":{\"@type\":\"ImageObject\",\"inLanguage\":\"pt-BR\",\"@id\":\"https:\/\/jornalfatosenoticias.com.br\/#\/schema\/logo\/image\/\",\"url\":\"https:\/\/jornalfatosenoticias.com.br\/wp-content\/uploads\/2020\/02\/logo120.png\",\"contentUrl\":\"https:\/\/jornalfatosenoticias.com.br\/wp-content\/uploads\/2020\/02\/logo120.png\",\"width\":1227,\"height\":120,\"caption\":\"Jornal Fatos e Not\u00edcias\"},\"image\":{\"@id\":\"https:\/\/jornalfatosenoticias.com.br\/#\/schema\/logo\/image\/\"}},{\"@type\":\"Person\",\"@id\":\"https:\/\/jornalfatosenoticias.com.br\/#\/schema\/person\/d63837fa13ac8666eb9e74e0985d6f81\",\"name\":\"Luzimara Fernandes\",\"image\":{\"@type\":\"ImageObject\",\"inLanguage\":\"pt-BR\",\"@id\":\"https:\/\/jornalfatosenoticias.com.br\/#\/schema\/person\/image\/\",\"url\":\"https:\/\/jornalfatosenoticias.com.br\/wp-content\/uploads\/2025\/05\/EU_portal.jpg\",\"contentUrl\":\"https:\/\/jornalfatosenoticias.com.br\/wp-content\/uploads\/2025\/05\/EU_portal.jpg\",\"caption\":\"Luzimara Fernandes\"},\"description\":\"Jornalista MTB 2358-ES\",\"sameAs\":[\"https:\/\/jornalfatosenoticias.com.br\"],\"url\":\"https:\/\/jornalfatosenoticias.com.br\/index.php\/author\/luzimara\/\"}]}<\/script>\n<!-- \/ Yoast SEO plugin. -->","yoast_head_json":{"title":"Planeta tem nuvens de metal de onde chovem rubis e safiras l\u00edquidas - Jornal Fatos e Not\u00edcias","robots":{"index":"index","follow":"follow","max-snippet":"max-snippet:-1","max-image-preview":"max-image-preview:large","max-video-preview":"max-video-preview:-1"},"canonical":"https:\/\/jornalfatosenoticias.com.br\/index.php\/2022\/02\/23\/planeta-tem-nuvens-de-metal-de-onde-chovem-rubis-e-safiras-liquidas\/","og_locale":"pt_BR","og_type":"article","og_title":"Planeta tem nuvens de metal de onde chovem rubis e safiras l\u00edquidas - Jornal Fatos e Not\u00edcias","og_description":"Imagine um planeta no qual as nuvens\u00a0s\u00e3o feitas de metal, e delas chovem rubis e safiras l\u00edquidos. Parece cen\u00e1rio de filme de fantasia, mas um novo estudo indica que essa pode ser a realidade no exoplaneta denominado\u00a0WASP-121 b, um \u201cJ\u00fapiter quente\u201d.O planeta foi descoberto em 2015, e \u00e9 um gigante gasoso a 880 anos-luz da [&hellip;]","og_url":"https:\/\/jornalfatosenoticias.com.br\/index.php\/2022\/02\/23\/planeta-tem-nuvens-de-metal-de-onde-chovem-rubis-e-safiras-liquidas\/","og_site_name":"Jornal Fatos e Not\u00edcias","article_published_time":"2022-02-23T17:54:45+00:00","article_modified_time":"2022-02-23T17:54:52+00:00","og_image":[{"width":1000,"height":719,"url":"https:\/\/jornalfatosenoticias.com.br\/wp-content\/uploads\/2022\/02\/Planeta-tem-nuvens-de-metal-de-onde-chovem-rubis-e-safiras-liquidas.png","type":"image\/png"}],"author":"Luzimara Fernandes","twitter_card":"summary_large_image","twitter_misc":{"Escrito por":"Luzimara Fernandes","Est. tempo de leitura":"4 minutos"},"schema":{"@context":"https:\/\/schema.org","@graph":[{"@type":"Article","@id":"https:\/\/jornalfatosenoticias.com.br\/index.php\/2022\/02\/23\/planeta-tem-nuvens-de-metal-de-onde-chovem-rubis-e-safiras-liquidas\/#article","isPartOf":{"@id":"https:\/\/jornalfatosenoticias.com.br\/index.php\/2022\/02\/23\/planeta-tem-nuvens-de-metal-de-onde-chovem-rubis-e-safiras-liquidas\/"},"author":{"name":"Luzimara Fernandes","@id":"https:\/\/jornalfatosenoticias.com.br\/#\/schema\/person\/d63837fa13ac8666eb9e74e0985d6f81"},"headline":"Planeta tem nuvens de metal de onde chovem rubis e safiras l\u00edquidas","datePublished":"2022-02-23T17:54:45+00:00","dateModified":"2022-02-23T17:54:52+00:00","mainEntityOfPage":{"@id":"https:\/\/jornalfatosenoticias.com.br\/index.php\/2022\/02\/23\/planeta-tem-nuvens-de-metal-de-onde-chovem-rubis-e-safiras-liquidas\/"},"wordCount":726,"commentCount":0,"publisher":{"@id":"https:\/\/jornalfatosenoticias.com.br\/#organization"},"image":{"@id":"https:\/\/jornalfatosenoticias.com.br\/index.php\/2022\/02\/23\/planeta-tem-nuvens-de-metal-de-onde-chovem-rubis-e-safiras-liquidas\/#primaryimage"},"thumbnailUrl":"https:\/\/jornalfatosenoticias.com.br\/wp-content\/uploads\/2022\/02\/Planeta-tem-nuvens-de-metal-de-onde-chovem-rubis-e-safiras-liquidas.png","keywords":["exoplaneta","exoplanetas","J\u00fapiter quente","metal","nuvens","nuvens de metal","Wasp-121 B"],"articleSection":["Ci\u00eancia"],"inLanguage":"pt-BR","potentialAction":[{"@type":"CommentAction","name":"Comment","target":["https:\/\/jornalfatosenoticias.com.br\/index.php\/2022\/02\/23\/planeta-tem-nuvens-de-metal-de-onde-chovem-rubis-e-safiras-liquidas\/#respond"]}]},{"@type":"WebPage","@id":"https:\/\/jornalfatosenoticias.com.br\/index.php\/2022\/02\/23\/planeta-tem-nuvens-de-metal-de-onde-chovem-rubis-e-safiras-liquidas\/","url":"https:\/\/jornalfatosenoticias.com.br\/index.php\/2022\/02\/23\/planeta-tem-nuvens-de-metal-de-onde-chovem-rubis-e-safiras-liquidas\/","name":"Planeta tem nuvens de metal de onde chovem rubis e safiras l\u00edquidas - Jornal Fatos e Not\u00edcias","isPartOf":{"@id":"https:\/\/jornalfatosenoticias.com.br\/#website"},"primaryImageOfPage":{"@id":"https:\/\/jornalfatosenoticias.com.br\/index.php\/2022\/02\/23\/planeta-tem-nuvens-de-metal-de-onde-chovem-rubis-e-safiras-liquidas\/#primaryimage"},"image":{"@id":"https:\/\/jornalfatosenoticias.com.br\/index.php\/2022\/02\/23\/planeta-tem-nuvens-de-metal-de-onde-chovem-rubis-e-safiras-liquidas\/#primaryimage"},"thumbnailUrl":"https:\/\/jornalfatosenoticias.com.br\/wp-content\/uploads\/2022\/02\/Planeta-tem-nuvens-de-metal-de-onde-chovem-rubis-e-safiras-liquidas.png","datePublished":"2022-02-23T17:54:45+00:00","dateModified":"2022-02-23T17:54:52+00:00","breadcrumb":{"@id":"https:\/\/jornalfatosenoticias.com.br\/index.php\/2022\/02\/23\/planeta-tem-nuvens-de-metal-de-onde-chovem-rubis-e-safiras-liquidas\/#breadcrumb"},"inLanguage":"pt-BR","potentialAction":[{"@type":"ReadAction","target":["https:\/\/jornalfatosenoticias.com.br\/index.php\/2022\/02\/23\/planeta-tem-nuvens-de-metal-de-onde-chovem-rubis-e-safiras-liquidas\/"]}]},{"@type":"ImageObject","inLanguage":"pt-BR","@id":"https:\/\/jornalfatosenoticias.com.br\/index.php\/2022\/02\/23\/planeta-tem-nuvens-de-metal-de-onde-chovem-rubis-e-safiras-liquidas\/#primaryimage","url":"https:\/\/jornalfatosenoticias.com.br\/wp-content\/uploads\/2022\/02\/Planeta-tem-nuvens-de-metal-de-onde-chovem-rubis-e-safiras-liquidas.png","contentUrl":"https:\/\/jornalfatosenoticias.com.br\/wp-content\/uploads\/2022\/02\/Planeta-tem-nuvens-de-metal-de-onde-chovem-rubis-e-safiras-liquidas.png","width":1000,"height":719},{"@type":"BreadcrumbList","@id":"https:\/\/jornalfatosenoticias.com.br\/index.php\/2022\/02\/23\/planeta-tem-nuvens-de-metal-de-onde-chovem-rubis-e-safiras-liquidas\/#breadcrumb","itemListElement":[{"@type":"ListItem","position":1,"name":"In\u00edcio","item":"https:\/\/jornalfatosenoticias.com.br\/"},{"@type":"ListItem","position":2,"name":"Planeta tem nuvens de metal de onde chovem rubis e safiras l\u00edquidas"}]},{"@type":"WebSite","@id":"https:\/\/jornalfatosenoticias.com.br\/#website","url":"https:\/\/jornalfatosenoticias.com.br\/","name":"Jornal Fatos e Not\u00edcias","description":"Not\u00edcias em geral","publisher":{"@id":"https:\/\/jornalfatosenoticias.com.br\/#organization"},"potentialAction":[{"@type":"SearchAction","target":{"@type":"EntryPoint","urlTemplate":"https:\/\/jornalfatosenoticias.com.br\/?s={search_term_string}"},"query-input":{"@type":"PropertyValueSpecification","valueRequired":true,"valueName":"search_term_string"}}],"inLanguage":"pt-BR"},{"@type":"Organization","@id":"https:\/\/jornalfatosenoticias.com.br\/#organization","name":"Jornal Fatos e Not\u00edcias","url":"https:\/\/jornalfatosenoticias.com.br\/","logo":{"@type":"ImageObject","inLanguage":"pt-BR","@id":"https:\/\/jornalfatosenoticias.com.br\/#\/schema\/logo\/image\/","url":"https:\/\/jornalfatosenoticias.com.br\/wp-content\/uploads\/2020\/02\/logo120.png","contentUrl":"https:\/\/jornalfatosenoticias.com.br\/wp-content\/uploads\/2020\/02\/logo120.png","width":1227,"height":120,"caption":"Jornal Fatos e Not\u00edcias"},"image":{"@id":"https:\/\/jornalfatosenoticias.com.br\/#\/schema\/logo\/image\/"}},{"@type":"Person","@id":"https:\/\/jornalfatosenoticias.com.br\/#\/schema\/person\/d63837fa13ac8666eb9e74e0985d6f81","name":"Luzimara Fernandes","image":{"@type":"ImageObject","inLanguage":"pt-BR","@id":"https:\/\/jornalfatosenoticias.com.br\/#\/schema\/person\/image\/","url":"https:\/\/jornalfatosenoticias.com.br\/wp-content\/uploads\/2025\/05\/EU_portal.jpg","contentUrl":"https:\/\/jornalfatosenoticias.com.br\/wp-content\/uploads\/2025\/05\/EU_portal.jpg","caption":"Luzimara Fernandes"},"description":"Jornalista MTB 2358-ES","sameAs":["https:\/\/jornalfatosenoticias.com.br"],"url":"https:\/\/jornalfatosenoticias.com.br\/index.php\/author\/luzimara\/"}]}},"cc_featured_image_caption":{"caption_text":"(Foto: Shutterstock)","source_text":"","source_url":""},"jetpack_featured_media_url":"https:\/\/jornalfatosenoticias.com.br\/wp-content\/uploads\/2022\/02\/Planeta-tem-nuvens-de-metal-de-onde-chovem-rubis-e-safiras-liquidas.png","_links":{"self":[{"href":"https:\/\/jornalfatosenoticias.com.br\/index.php\/wp-json\/wp\/v2\/posts\/28228","targetHints":{"allow":["GET"]}}],"collection":[{"href":"https:\/\/jornalfatosenoticias.com.br\/index.php\/wp-json\/wp\/v2\/posts"}],"about":[{"href":"https:\/\/jornalfatosenoticias.com.br\/index.php\/wp-json\/wp\/v2\/types\/post"}],"author":[{"embeddable":true,"href":"https:\/\/jornalfatosenoticias.com.br\/index.php\/wp-json\/wp\/v2\/users\/2"}],"replies":[{"embeddable":true,"href":"https:\/\/jornalfatosenoticias.com.br\/index.php\/wp-json\/wp\/v2\/comments?post=28228"}],"version-history":[{"count":0,"href":"https:\/\/jornalfatosenoticias.com.br\/index.php\/wp-json\/wp\/v2\/posts\/28228\/revisions"}],"wp:featuredmedia":[{"embeddable":true,"href":"https:\/\/jornalfatosenoticias.com.br\/index.php\/wp-json\/wp\/v2\/media\/28230"}],"wp:attachment":[{"href":"https:\/\/jornalfatosenoticias.com.br\/index.php\/wp-json\/wp\/v2\/media?parent=28228"}],"wp:term":[{"taxonomy":"category","embeddable":true,"href":"https:\/\/jornalfatosenoticias.com.br\/index.php\/wp-json\/wp\/v2\/categories?post=28228"},{"taxonomy":"post_tag","embeddable":true,"href":"https:\/\/jornalfatosenoticias.com.br\/index.php\/wp-json\/wp\/v2\/tags?post=28228"}],"curies":[{"name":"wp","href":"https:\/\/api.w.org\/{rel}","templated":true}]}}