{"id":28237,"date":"2022-02-24T14:03:15","date_gmt":"2022-02-24T17:03:15","guid":{"rendered":"https:\/\/jornalfatosenoticias.com.br\/?p=28237"},"modified":"2022-02-24T14:03:19","modified_gmt":"2022-02-24T17:03:19","slug":"precisamos-falar-sobre-moise-e-henry-parte-iii","status":"publish","type":"post","link":"https:\/\/jornalfatosenoticias.com.br\/index.php\/2022\/02\/24\/precisamos-falar-sobre-moise-e-henry-parte-iii\/","title":{"rendered":"Precisamos falar sobre Mo\u00efse e Henry \u2014 Parte III"},"content":{"rendered":"\n<p><em><span class=\"has-inline-color has-black-color\">Precisamos falar dessa que \u00e9 a barb\u00e1rie pol\u00edtica. Ela mata muitos, lentamente, usurpando seus futuros. Ela mata muitos de uma s\u00f3 vez em trag\u00e9dias anunciadas, cobrindo com a lama da falta de escr\u00fapulos e de dec\u00eancia da ocupa\u00e7\u00e3o desordenada e inadequada de Cadeiras dos Poderes<\/span><\/em><\/p>\n\n\n\n<p>Falamos, anteriormente, da barb\u00e1rie contra Mo\u00efse e Henry. E Joanna, Bernardo, Isabella, Jo\u00e3o Victor e a m\u00e3e Isamara, a Daniela Perez, a Ju\u00edza Viviane, o Durval, abatido com tr\u00eas tiros por ser preto com uma mochila na m\u00e3o, o J\u00f4natas, assassinado a tiros, que tentou se proteger da f\u00faria de matadores, com sua m\u00e3e embaixo da cama, etc., etc., etc. a lista \u00e9 enorme, a barb\u00e1rie, sustentada por um preconceito ou um estigma, prolifera por todos os cantos.<br>Essa \u00e9 a barb\u00e1rie concreta, que exibe suas v\u00edtimas em meio a muito sangue ou traumatismos de v\u00e1rios tipos, que tem sido de frequ\u00eancia insuport\u00e1vel. Parece que est\u00e3o nos acostumando. H\u00e1 uma inten\u00e7\u00e3o. Nosso tempo de indigna\u00e7\u00e3o e o tempo de intervalo entre um epis\u00f3dio e outros, ambos, s\u00e3o cada vez menores. E a Crian\u00e7a, a Mulher e algumas minorias, concentram o maior n\u00famero. Afinal, o prazer do triunfo maior \u00e9 dado pelo esmagamento do outro. Para isso, a condi\u00e7\u00e3o de ser vulner\u00e1vel \u00e9 sine qua non.<br>Para al\u00e9m das barb\u00e1ries vividas presencialmente no momento de f\u00faria de um, que se cr\u00ea superior, sobre o preconceito fantasmado, insuport\u00e1vel, do vulner\u00e1vel, temos a barb\u00e1rie silenciosa, lenta, e invis\u00edvel que vai se depositando numa cegueira adaptativa, decorrente da impot\u00eancia social.<br>Precisamos falar dessa que \u00e9 a barb\u00e1rie pol\u00edtica. Ela mata muitos, lentamente, usurpando seus futuros. Ela mata muitos de uma s\u00f3 vez em trag\u00e9dias anunciadas, cobrindo com a lama da falta de escr\u00fapulos e de dec\u00eancia da ocupa\u00e7\u00e3o desordenada e inadequada de Cadeiras dos Poderes. Para ganhar uma dessas Cadeiras, falam maravilhas, prometem com facilidade a solu\u00e7\u00e3o de todos os problemas, que se arrastam e se agravam por gera\u00e7\u00f5es. Uma Mulher, agora em Petr\u00f3polis, enterrou a filha que foi soterrada na lama, e que tinha o nome da av\u00f3, morta na lama 50 anos atr\u00e1s. \u00c9 a mesma lama. A da camada rasa que esconde a rocha por baixo. A situa\u00e7\u00e3o geol\u00f3gica ilustra a engana\u00e7\u00e3o de personagens cru\u00e9is que continuam sendo feitos de rocha, verdadeiramente. Quem sofre, quem chora, \u00e9 quem tem humanidade, quem \u00e9 humano.<\/p>\n\n\n\n<figure class=\"wp-block-image size-large\"><img loading=\"lazy\" decoding=\"async\" width=\"1000\" height=\"599\" src=\"https:\/\/jornalfatosenoticias.com.br\/wp-content\/uploads\/2022\/02\/petropolis_tragedia-PLAUCHEUR-AFP.jpg\" alt=\"\" class=\"wp-image-28238\" srcset=\"https:\/\/jornalfatosenoticias.com.br\/wp-content\/uploads\/2022\/02\/petropolis_tragedia-PLAUCHEUR-AFP.jpg 1000w, https:\/\/jornalfatosenoticias.com.br\/wp-content\/uploads\/2022\/02\/petropolis_tragedia-PLAUCHEUR-AFP-300x180.jpg 300w, https:\/\/jornalfatosenoticias.com.br\/wp-content\/uploads\/2022\/02\/petropolis_tragedia-PLAUCHEUR-AFP-768x460.jpg 768w\" sizes=\"auto, (max-width: 1000px) 100vw, 1000px\" \/><figcaption><em><span class=\"has-inline-color has-black-color\">Trag\u00e9dia em Petr\u00f3polis (Foto: Plaucheur\/AFP)<\/span><\/em><\/figcaption><\/figure>\n\n\n\n<p>A Barb\u00e1rie a que estamos sendo expostos h\u00e1 uma semana, com hist\u00f3rias e cenas chocantes, desumanas, que n\u00e3o s\u00e3o o resultado apenas de uma \u201cforte chuva\u201d, ou de um \u201cevento clim\u00e1tico extremo\u201d, s\u00e3o o resultado da empulha\u00e7\u00e3o de carreiras pol\u00edticas vazias, rasas como a fina camada de terra que encobre a pedra, a verdadeira. H\u00e1 uma dan\u00e7a de cadeiras dos mesmos personagens. Por que ser\u00e1 que as pessoas v\u00e3o morar penduradas numa encosta? \u00c9 escolha delas? Ou \u00e9 falta de escolha? Podem fazer sua casa no plano, mais distante, mas, e o transporte para chegar ao trabalho, e o tempo de sono e descanso para encarar o dia seguinte, e a \u00e1gua, a luz, o sinal de internet? Se apontamos para quem foi morar na encosta, estamos fazendo a mesma coisa que tem sido feita: a v\u00edtima \u00e9 a culpada. Mo\u00efse foi acusado de ter sido o culpado de sua pr\u00f3pria morte selvagem.<\/p>\n\n\n\n<figure class=\"wp-block-image size-large\"><img loading=\"lazy\" decoding=\"async\" width=\"1000\" height=\"563\" src=\"https:\/\/jornalfatosenoticias.com.br\/wp-content\/uploads\/2022\/02\/caso-moise-presos.jpg\" alt=\"\" class=\"wp-image-28239\" srcset=\"https:\/\/jornalfatosenoticias.com.br\/wp-content\/uploads\/2022\/02\/caso-moise-presos.jpg 1000w, https:\/\/jornalfatosenoticias.com.br\/wp-content\/uploads\/2022\/02\/caso-moise-presos-300x169.jpg 300w, https:\/\/jornalfatosenoticias.com.br\/wp-content\/uploads\/2022\/02\/caso-moise-presos-768x432.jpg 768w\" sizes=\"auto, (max-width: 1000px) 100vw, 1000px\" \/><figcaption><em><span class=\"has-inline-color has-black-color\">Tr\u00eas homens detidos pela morte do congol\u00eas Mo\u00efse Kabagambe s\u00e3o levados para pres\u00eddio de Benfica, no RJ (Foto: Reprodu\u00e7\u00e3o\/Henrique Coelho\/g1)<\/span><\/em><\/figcaption><\/figure>\n\n\n\n<p>Durval tamb\u00e9m, ele n\u00e3o podia ter mexido na mochila porque, assim, o vizinho n\u00e3o pensaria que ele ia pegar uma arma, e ele j\u00e1 empunhava a sua, engatilhada. Depois do primeiro tiro a dist\u00e2ncia, foi mais perto e deu mais dois tiros com Durval j\u00e1 no ch\u00e3o, sangrando. E, por pouco n\u00e3o ficou tipificado como homic\u00eddio culposo.<br>O Dolo, hoje, \u00e9 seletivo, n\u00e3o pelo m\u00e9rito, mas por quem pratica o crime. J\u00e1 surgiu inclusive uma nova tipifica\u00e7\u00e3o para o estupro: estupro culposo. De dif\u00edcil compreens\u00e3o l\u00f3gica, ali\u00e1s, il\u00f3gico mesmo, o estupro culposo \u00e9 aquele em que o estuprador estupra, mas sem a inten\u00e7\u00e3o de estuprar, sem saber que est\u00e1 estuprando, mesmo que tenha rasgado a roupa \u00edntima da menina\/mulher. Assim, o conceito de culposo traz uma atenua\u00e7\u00e3o do crime e da pena, quem sabe at\u00e9 um perd\u00e3o. Afinal, foi sem querer\u2026<\/p>\n\n\n\n<figure class=\"wp-block-image size-large\"><img loading=\"lazy\" decoding=\"async\" width=\"1000\" height=\"600\" src=\"https:\/\/jornalfatosenoticias.com.br\/wp-content\/uploads\/2022\/02\/CASO-DURVAL.jpg\" alt=\"\" class=\"wp-image-28240\" srcset=\"https:\/\/jornalfatosenoticias.com.br\/wp-content\/uploads\/2022\/02\/CASO-DURVAL.jpg 1000w, https:\/\/jornalfatosenoticias.com.br\/wp-content\/uploads\/2022\/02\/CASO-DURVAL-300x180.jpg 300w, https:\/\/jornalfatosenoticias.com.br\/wp-content\/uploads\/2022\/02\/CASO-DURVAL-768x461.jpg 768w\" sizes=\"auto, (max-width: 1000px) 100vw, 1000px\" \/><figcaption><em><span class=\"has-inline-color has-black-color\">Sargento da Marinha mata vizinho em condom\u00ednio no RJ e diz t\u00ea-lo confundido com bandido (Foto: Reprodu\u00e7\u00e3o\/Facebook\/O Globo)<\/span><\/em><\/figcaption><\/figure>\n\n\n\n<p>Cada vez mais nos afastamos do Princ\u00edpio da Responsabiliza\u00e7\u00e3o, essencial para a vida civil. O comprometimento \u00e9 muito monetizado. A Lei de Aliena\u00e7\u00e3o Parental \u00e9 emblem\u00e1tica nesse aspecto. A litig\u00e2ncia de m\u00e1 f\u00e9 praticada por Juristas e Operadores de Justi\u00e7a Interdisciplinares, sustenta um bezerro de ouro numa verdadeira cadeia alimentar, praticando mais uma viol\u00eancia contra as Mulheres\/M\u00e3es e as crian\u00e7as. A Viol\u00eancia Patrimonial \u00e9 uma das modalidades de obter o sil\u00eancio mumificado de denunciantes. A Inf\u00e2ncia toda passa e os processos se avolumam. Tem m\u00e3e com oito processos, com 13 processos, com 32 processos. Preferencialmente, nas Varas de Fam\u00edlia, mas vez por outra na Vara Criminal para conden\u00e1-la por denuncia\u00e7\u00e3o caluniosa, o que fica como reserva para o pr\u00f3ximo processo, estrategicamente, aberto que a faz perder a prerrogativa de r\u00e9 prim\u00e1ria e pode coloc\u00e1-la em regime de assinar presen\u00e7a junto com criminosos em condicional, ou, em deten\u00e7\u00e3o. Por que? Porque a n\u00e3o prova de materialidade definitiva, o abuso sexual intrafamiliar n\u00e3o deixa rastros, e, quando deixa, eles costumam ser negados e interpretados como histeria da m\u00e3e. Na maioria das vezes s\u00f3 resta a voz da Crian\u00e7a em suas v\u00e1rias comunica\u00e7\u00f5es, e, assim, todo \u201cinconclusivo\u201d \u00e9, imediatamente, acertado como \u201cn\u00e3o houve abuso\u201d. A Crian\u00e7a \u00e9 entregue para seu abusador sob os ausp\u00edcios de uma Ordem Judicial, e a M\u00e3e, responde criminalmente por denuncia\u00e7\u00e3o caluniosa. Esta \u00e9 uma barb\u00e1rie, invisibilizada, que perpassa classes que podem pagar um arsenal de processos.<br>Um crime n\u00e3o provado \u00e9 o resultado da defici\u00eancia de prova. Quem matou P.C. Farias e sua namorada? Ent\u00e3o eles n\u00e3o morreram? Se n\u00e3o houve autor, ent\u00e3o, n\u00e3o houve crime? Engolimos a vers\u00e3o de que um matou o outro, e o outro matou o um, provavelmente, combinando de apertar o gatilho no 3.<br>1, 2, 3\u2026<\/p>\n","protected":false},"excerpt":{"rendered":"<p>Precisamos falar dessa que \u00e9 a barb\u00e1rie pol\u00edtica. Ela mata muitos, lentamente, usurpando seus futuros. Ela mata muitos de uma s\u00f3 vez em trag\u00e9dias anunciadas, cobrindo com a lama da falta de escr\u00fapulos e de dec\u00eancia da ocupa\u00e7\u00e3o desordenada e inadequada de Cadeiras dos Poderes Falamos, anteriormente, da barb\u00e1rie contra Mo\u00efse e Henry. E Joanna, [&hellip;]<\/p>\n","protected":false},"author":8,"featured_media":28239,"comment_status":"open","ping_status":"open","sticky":false,"template":"","format":"standard","meta":{"footnotes":""},"categories":[2522],"tags":[13353,13463,13234,13464,2479],"class_list":["post-28237","post","type-post","status-publish","format-standard","has-post-thumbnail","hentry","category-comportamento","tag-barbaries","tag-desumanidade","tag-moise-kabagambe","tag-omissao-do-poder-publico","tag-violencia"],"yoast_head":"<!-- This site is optimized with the Yoast SEO plugin v26.5 - https:\/\/yoast.com\/wordpress\/plugins\/seo\/ -->\n<title>Precisamos falar sobre Mo\u00efse e Henry \u2014 Parte III - Jornal Fatos e Not\u00edcias<\/title>\n<meta name=\"robots\" content=\"index, follow, max-snippet:-1, max-image-preview:large, max-video-preview:-1\" \/>\n<link rel=\"canonical\" href=\"https:\/\/jornalfatosenoticias.com.br\/index.php\/2022\/02\/24\/precisamos-falar-sobre-moise-e-henry-parte-iii\/\" \/>\n<meta property=\"og:locale\" content=\"pt_BR\" \/>\n<meta property=\"og:type\" content=\"article\" \/>\n<meta property=\"og:title\" content=\"Precisamos falar sobre Mo\u00efse e Henry \u2014 Parte III - Jornal Fatos e Not\u00edcias\" \/>\n<meta property=\"og:description\" content=\"Precisamos falar dessa que \u00e9 a barb\u00e1rie pol\u00edtica. Ela mata muitos, lentamente, usurpando seus futuros. Ela mata muitos de uma s\u00f3 vez em trag\u00e9dias anunciadas, cobrindo com a lama da falta de escr\u00fapulos e de dec\u00eancia da ocupa\u00e7\u00e3o desordenada e inadequada de Cadeiras dos Poderes Falamos, anteriormente, da barb\u00e1rie contra Mo\u00efse e Henry. E Joanna, [&hellip;]\" \/>\n<meta property=\"og:url\" content=\"https:\/\/jornalfatosenoticias.com.br\/index.php\/2022\/02\/24\/precisamos-falar-sobre-moise-e-henry-parte-iii\/\" \/>\n<meta property=\"og:site_name\" content=\"Jornal Fatos e Not\u00edcias\" \/>\n<meta property=\"article:published_time\" content=\"2022-02-24T17:03:15+00:00\" \/>\n<meta property=\"article:modified_time\" content=\"2022-02-24T17:03:19+00:00\" \/>\n<meta property=\"og:image\" content=\"https:\/\/jornalfatosenoticias.com.br\/wp-content\/uploads\/2022\/02\/caso-moise-presos.jpg\" \/>\n\t<meta property=\"og:image:width\" content=\"1000\" \/>\n\t<meta property=\"og:image:height\" content=\"563\" \/>\n\t<meta property=\"og:image:type\" content=\"image\/jpeg\" \/>\n<meta name=\"author\" content=\"Ana Maria Iencarelli\" \/>\n<meta name=\"twitter:card\" content=\"summary_large_image\" \/>\n<meta name=\"twitter:label1\" content=\"Escrito por\" \/>\n\t<meta name=\"twitter:data1\" content=\"Ana Maria Iencarelli\" \/>\n\t<meta name=\"twitter:label2\" content=\"Est. tempo de leitura\" \/>\n\t<meta name=\"twitter:data2\" content=\"6 minutos\" \/>\n<script type=\"application\/ld+json\" class=\"yoast-schema-graph\">{\"@context\":\"https:\/\/schema.org\",\"@graph\":[{\"@type\":\"Article\",\"@id\":\"https:\/\/jornalfatosenoticias.com.br\/index.php\/2022\/02\/24\/precisamos-falar-sobre-moise-e-henry-parte-iii\/#article\",\"isPartOf\":{\"@id\":\"https:\/\/jornalfatosenoticias.com.br\/index.php\/2022\/02\/24\/precisamos-falar-sobre-moise-e-henry-parte-iii\/\"},\"author\":{\"name\":\"Ana Maria Iencarelli\",\"@id\":\"https:\/\/jornalfatosenoticias.com.br\/#\/schema\/person\/c33fcf5fb02d729d3fec92c6737a22d1\"},\"headline\":\"Precisamos falar sobre Mo\u00efse e Henry \u2014 Parte III\",\"datePublished\":\"2022-02-24T17:03:15+00:00\",\"dateModified\":\"2022-02-24T17:03:19+00:00\",\"mainEntityOfPage\":{\"@id\":\"https:\/\/jornalfatosenoticias.com.br\/index.php\/2022\/02\/24\/precisamos-falar-sobre-moise-e-henry-parte-iii\/\"},\"wordCount\":1143,\"commentCount\":0,\"publisher\":{\"@id\":\"https:\/\/jornalfatosenoticias.com.br\/#organization\"},\"image\":{\"@id\":\"https:\/\/jornalfatosenoticias.com.br\/index.php\/2022\/02\/24\/precisamos-falar-sobre-moise-e-henry-parte-iii\/#primaryimage\"},\"thumbnailUrl\":\"https:\/\/jornalfatosenoticias.com.br\/wp-content\/uploads\/2022\/02\/caso-moise-presos.jpg\",\"keywords\":[\"barb\u00e1ries\",\"desumanidade\",\"Mo\u00efse Kabagambe\",\"omiss\u00e3o do poder p\u00fablico\",\"viol\u00eancia\"],\"articleSection\":[\"Comportamento &amp; Equil\u00edbrio\"],\"inLanguage\":\"pt-BR\",\"potentialAction\":[{\"@type\":\"CommentAction\",\"name\":\"Comment\",\"target\":[\"https:\/\/jornalfatosenoticias.com.br\/index.php\/2022\/02\/24\/precisamos-falar-sobre-moise-e-henry-parte-iii\/#respond\"]}]},{\"@type\":\"WebPage\",\"@id\":\"https:\/\/jornalfatosenoticias.com.br\/index.php\/2022\/02\/24\/precisamos-falar-sobre-moise-e-henry-parte-iii\/\",\"url\":\"https:\/\/jornalfatosenoticias.com.br\/index.php\/2022\/02\/24\/precisamos-falar-sobre-moise-e-henry-parte-iii\/\",\"name\":\"Precisamos falar sobre Mo\u00efse e Henry \u2014 Parte III - Jornal Fatos e Not\u00edcias\",\"isPartOf\":{\"@id\":\"https:\/\/jornalfatosenoticias.com.br\/#website\"},\"primaryImageOfPage\":{\"@id\":\"https:\/\/jornalfatosenoticias.com.br\/index.php\/2022\/02\/24\/precisamos-falar-sobre-moise-e-henry-parte-iii\/#primaryimage\"},\"image\":{\"@id\":\"https:\/\/jornalfatosenoticias.com.br\/index.php\/2022\/02\/24\/precisamos-falar-sobre-moise-e-henry-parte-iii\/#primaryimage\"},\"thumbnailUrl\":\"https:\/\/jornalfatosenoticias.com.br\/wp-content\/uploads\/2022\/02\/caso-moise-presos.jpg\",\"datePublished\":\"2022-02-24T17:03:15+00:00\",\"dateModified\":\"2022-02-24T17:03:19+00:00\",\"breadcrumb\":{\"@id\":\"https:\/\/jornalfatosenoticias.com.br\/index.php\/2022\/02\/24\/precisamos-falar-sobre-moise-e-henry-parte-iii\/#breadcrumb\"},\"inLanguage\":\"pt-BR\",\"potentialAction\":[{\"@type\":\"ReadAction\",\"target\":[\"https:\/\/jornalfatosenoticias.com.br\/index.php\/2022\/02\/24\/precisamos-falar-sobre-moise-e-henry-parte-iii\/\"]}]},{\"@type\":\"ImageObject\",\"inLanguage\":\"pt-BR\",\"@id\":\"https:\/\/jornalfatosenoticias.com.br\/index.php\/2022\/02\/24\/precisamos-falar-sobre-moise-e-henry-parte-iii\/#primaryimage\",\"url\":\"https:\/\/jornalfatosenoticias.com.br\/wp-content\/uploads\/2022\/02\/caso-moise-presos.jpg\",\"contentUrl\":\"https:\/\/jornalfatosenoticias.com.br\/wp-content\/uploads\/2022\/02\/caso-moise-presos.jpg\",\"width\":1000,\"height\":563},{\"@type\":\"BreadcrumbList\",\"@id\":\"https:\/\/jornalfatosenoticias.com.br\/index.php\/2022\/02\/24\/precisamos-falar-sobre-moise-e-henry-parte-iii\/#breadcrumb\",\"itemListElement\":[{\"@type\":\"ListItem\",\"position\":1,\"name\":\"In\u00edcio\",\"item\":\"https:\/\/jornalfatosenoticias.com.br\/\"},{\"@type\":\"ListItem\",\"position\":2,\"name\":\"Precisamos falar sobre Mo\u00efse e Henry \u2014 Parte III\"}]},{\"@type\":\"WebSite\",\"@id\":\"https:\/\/jornalfatosenoticias.com.br\/#website\",\"url\":\"https:\/\/jornalfatosenoticias.com.br\/\",\"name\":\"Jornal Fatos e Not\u00edcias\",\"description\":\"Not\u00edcias em geral\",\"publisher\":{\"@id\":\"https:\/\/jornalfatosenoticias.com.br\/#organization\"},\"potentialAction\":[{\"@type\":\"SearchAction\",\"target\":{\"@type\":\"EntryPoint\",\"urlTemplate\":\"https:\/\/jornalfatosenoticias.com.br\/?s={search_term_string}\"},\"query-input\":{\"@type\":\"PropertyValueSpecification\",\"valueRequired\":true,\"valueName\":\"search_term_string\"}}],\"inLanguage\":\"pt-BR\"},{\"@type\":\"Organization\",\"@id\":\"https:\/\/jornalfatosenoticias.com.br\/#organization\",\"name\":\"Jornal Fatos e Not\u00edcias\",\"url\":\"https:\/\/jornalfatosenoticias.com.br\/\",\"logo\":{\"@type\":\"ImageObject\",\"inLanguage\":\"pt-BR\",\"@id\":\"https:\/\/jornalfatosenoticias.com.br\/#\/schema\/logo\/image\/\",\"url\":\"https:\/\/jornalfatosenoticias.com.br\/wp-content\/uploads\/2020\/02\/logo120.png\",\"contentUrl\":\"https:\/\/jornalfatosenoticias.com.br\/wp-content\/uploads\/2020\/02\/logo120.png\",\"width\":1227,\"height\":120,\"caption\":\"Jornal Fatos e Not\u00edcias\"},\"image\":{\"@id\":\"https:\/\/jornalfatosenoticias.com.br\/#\/schema\/logo\/image\/\"}},{\"@type\":\"Person\",\"@id\":\"https:\/\/jornalfatosenoticias.com.br\/#\/schema\/person\/c33fcf5fb02d729d3fec92c6737a22d1\",\"name\":\"Ana Maria Iencarelli\",\"image\":{\"@type\":\"ImageObject\",\"inLanguage\":\"pt-BR\",\"@id\":\"https:\/\/jornalfatosenoticias.com.br\/#\/schema\/person\/image\/\",\"url\":\"https:\/\/jornalfatosenoticias.com.br\/wp-content\/uploads\/2020\/02\/Ana-Maria-Iencarelli-1-150x150.jpg\",\"contentUrl\":\"https:\/\/jornalfatosenoticias.com.br\/wp-content\/uploads\/2020\/02\/Ana-Maria-Iencarelli-1-150x150.jpg\",\"caption\":\"Ana Maria Iencarelli\"},\"description\":\"Psicanalista Cl\u00ednica, especializada no atendimento a Crian\u00e7as e Adolescentes. Presidente da ONG Vozes de Anjos.\",\"url\":\"https:\/\/jornalfatosenoticias.com.br\/index.php\/author\/anamaria\/\"}]}<\/script>\n<!-- \/ Yoast SEO plugin. -->","yoast_head_json":{"title":"Precisamos falar sobre Mo\u00efse e Henry \u2014 Parte III - Jornal Fatos e Not\u00edcias","robots":{"index":"index","follow":"follow","max-snippet":"max-snippet:-1","max-image-preview":"max-image-preview:large","max-video-preview":"max-video-preview:-1"},"canonical":"https:\/\/jornalfatosenoticias.com.br\/index.php\/2022\/02\/24\/precisamos-falar-sobre-moise-e-henry-parte-iii\/","og_locale":"pt_BR","og_type":"article","og_title":"Precisamos falar sobre Mo\u00efse e Henry \u2014 Parte III - Jornal Fatos e Not\u00edcias","og_description":"Precisamos falar dessa que \u00e9 a barb\u00e1rie pol\u00edtica. Ela mata muitos, lentamente, usurpando seus futuros. Ela mata muitos de uma s\u00f3 vez em trag\u00e9dias anunciadas, cobrindo com a lama da falta de escr\u00fapulos e de dec\u00eancia da ocupa\u00e7\u00e3o desordenada e inadequada de Cadeiras dos Poderes Falamos, anteriormente, da barb\u00e1rie contra Mo\u00efse e Henry. E Joanna, [&hellip;]","og_url":"https:\/\/jornalfatosenoticias.com.br\/index.php\/2022\/02\/24\/precisamos-falar-sobre-moise-e-henry-parte-iii\/","og_site_name":"Jornal Fatos e Not\u00edcias","article_published_time":"2022-02-24T17:03:15+00:00","article_modified_time":"2022-02-24T17:03:19+00:00","og_image":[{"width":1000,"height":563,"url":"https:\/\/jornalfatosenoticias.com.br\/wp-content\/uploads\/2022\/02\/caso-moise-presos.jpg","type":"image\/jpeg"}],"author":"Ana Maria Iencarelli","twitter_card":"summary_large_image","twitter_misc":{"Escrito por":"Ana Maria Iencarelli","Est. tempo de leitura":"6 minutos"},"schema":{"@context":"https:\/\/schema.org","@graph":[{"@type":"Article","@id":"https:\/\/jornalfatosenoticias.com.br\/index.php\/2022\/02\/24\/precisamos-falar-sobre-moise-e-henry-parte-iii\/#article","isPartOf":{"@id":"https:\/\/jornalfatosenoticias.com.br\/index.php\/2022\/02\/24\/precisamos-falar-sobre-moise-e-henry-parte-iii\/"},"author":{"name":"Ana Maria Iencarelli","@id":"https:\/\/jornalfatosenoticias.com.br\/#\/schema\/person\/c33fcf5fb02d729d3fec92c6737a22d1"},"headline":"Precisamos falar sobre Mo\u00efse e Henry \u2014 Parte III","datePublished":"2022-02-24T17:03:15+00:00","dateModified":"2022-02-24T17:03:19+00:00","mainEntityOfPage":{"@id":"https:\/\/jornalfatosenoticias.com.br\/index.php\/2022\/02\/24\/precisamos-falar-sobre-moise-e-henry-parte-iii\/"},"wordCount":1143,"commentCount":0,"publisher":{"@id":"https:\/\/jornalfatosenoticias.com.br\/#organization"},"image":{"@id":"https:\/\/jornalfatosenoticias.com.br\/index.php\/2022\/02\/24\/precisamos-falar-sobre-moise-e-henry-parte-iii\/#primaryimage"},"thumbnailUrl":"https:\/\/jornalfatosenoticias.com.br\/wp-content\/uploads\/2022\/02\/caso-moise-presos.jpg","keywords":["barb\u00e1ries","desumanidade","Mo\u00efse Kabagambe","omiss\u00e3o do poder p\u00fablico","viol\u00eancia"],"articleSection":["Comportamento &amp; Equil\u00edbrio"],"inLanguage":"pt-BR","potentialAction":[{"@type":"CommentAction","name":"Comment","target":["https:\/\/jornalfatosenoticias.com.br\/index.php\/2022\/02\/24\/precisamos-falar-sobre-moise-e-henry-parte-iii\/#respond"]}]},{"@type":"WebPage","@id":"https:\/\/jornalfatosenoticias.com.br\/index.php\/2022\/02\/24\/precisamos-falar-sobre-moise-e-henry-parte-iii\/","url":"https:\/\/jornalfatosenoticias.com.br\/index.php\/2022\/02\/24\/precisamos-falar-sobre-moise-e-henry-parte-iii\/","name":"Precisamos falar sobre Mo\u00efse e Henry \u2014 Parte III - Jornal Fatos e Not\u00edcias","isPartOf":{"@id":"https:\/\/jornalfatosenoticias.com.br\/#website"},"primaryImageOfPage":{"@id":"https:\/\/jornalfatosenoticias.com.br\/index.php\/2022\/02\/24\/precisamos-falar-sobre-moise-e-henry-parte-iii\/#primaryimage"},"image":{"@id":"https:\/\/jornalfatosenoticias.com.br\/index.php\/2022\/02\/24\/precisamos-falar-sobre-moise-e-henry-parte-iii\/#primaryimage"},"thumbnailUrl":"https:\/\/jornalfatosenoticias.com.br\/wp-content\/uploads\/2022\/02\/caso-moise-presos.jpg","datePublished":"2022-02-24T17:03:15+00:00","dateModified":"2022-02-24T17:03:19+00:00","breadcrumb":{"@id":"https:\/\/jornalfatosenoticias.com.br\/index.php\/2022\/02\/24\/precisamos-falar-sobre-moise-e-henry-parte-iii\/#breadcrumb"},"inLanguage":"pt-BR","potentialAction":[{"@type":"ReadAction","target":["https:\/\/jornalfatosenoticias.com.br\/index.php\/2022\/02\/24\/precisamos-falar-sobre-moise-e-henry-parte-iii\/"]}]},{"@type":"ImageObject","inLanguage":"pt-BR","@id":"https:\/\/jornalfatosenoticias.com.br\/index.php\/2022\/02\/24\/precisamos-falar-sobre-moise-e-henry-parte-iii\/#primaryimage","url":"https:\/\/jornalfatosenoticias.com.br\/wp-content\/uploads\/2022\/02\/caso-moise-presos.jpg","contentUrl":"https:\/\/jornalfatosenoticias.com.br\/wp-content\/uploads\/2022\/02\/caso-moise-presos.jpg","width":1000,"height":563},{"@type":"BreadcrumbList","@id":"https:\/\/jornalfatosenoticias.com.br\/index.php\/2022\/02\/24\/precisamos-falar-sobre-moise-e-henry-parte-iii\/#breadcrumb","itemListElement":[{"@type":"ListItem","position":1,"name":"In\u00edcio","item":"https:\/\/jornalfatosenoticias.com.br\/"},{"@type":"ListItem","position":2,"name":"Precisamos falar sobre Mo\u00efse e Henry \u2014 Parte III"}]},{"@type":"WebSite","@id":"https:\/\/jornalfatosenoticias.com.br\/#website","url":"https:\/\/jornalfatosenoticias.com.br\/","name":"Jornal Fatos e Not\u00edcias","description":"Not\u00edcias em geral","publisher":{"@id":"https:\/\/jornalfatosenoticias.com.br\/#organization"},"potentialAction":[{"@type":"SearchAction","target":{"@type":"EntryPoint","urlTemplate":"https:\/\/jornalfatosenoticias.com.br\/?s={search_term_string}"},"query-input":{"@type":"PropertyValueSpecification","valueRequired":true,"valueName":"search_term_string"}}],"inLanguage":"pt-BR"},{"@type":"Organization","@id":"https:\/\/jornalfatosenoticias.com.br\/#organization","name":"Jornal Fatos e Not\u00edcias","url":"https:\/\/jornalfatosenoticias.com.br\/","logo":{"@type":"ImageObject","inLanguage":"pt-BR","@id":"https:\/\/jornalfatosenoticias.com.br\/#\/schema\/logo\/image\/","url":"https:\/\/jornalfatosenoticias.com.br\/wp-content\/uploads\/2020\/02\/logo120.png","contentUrl":"https:\/\/jornalfatosenoticias.com.br\/wp-content\/uploads\/2020\/02\/logo120.png","width":1227,"height":120,"caption":"Jornal Fatos e Not\u00edcias"},"image":{"@id":"https:\/\/jornalfatosenoticias.com.br\/#\/schema\/logo\/image\/"}},{"@type":"Person","@id":"https:\/\/jornalfatosenoticias.com.br\/#\/schema\/person\/c33fcf5fb02d729d3fec92c6737a22d1","name":"Ana Maria Iencarelli","image":{"@type":"ImageObject","inLanguage":"pt-BR","@id":"https:\/\/jornalfatosenoticias.com.br\/#\/schema\/person\/image\/","url":"https:\/\/jornalfatosenoticias.com.br\/wp-content\/uploads\/2020\/02\/Ana-Maria-Iencarelli-1-150x150.jpg","contentUrl":"https:\/\/jornalfatosenoticias.com.br\/wp-content\/uploads\/2020\/02\/Ana-Maria-Iencarelli-1-150x150.jpg","caption":"Ana Maria Iencarelli"},"description":"Psicanalista Cl\u00ednica, especializada no atendimento a Crian\u00e7as e Adolescentes. Presidente da ONG Vozes de Anjos.","url":"https:\/\/jornalfatosenoticias.com.br\/index.php\/author\/anamaria\/"}]}},"cc_featured_image_caption":{"caption_text":"","source_text":"","source_url":""},"jetpack_featured_media_url":"https:\/\/jornalfatosenoticias.com.br\/wp-content\/uploads\/2022\/02\/caso-moise-presos.jpg","_links":{"self":[{"href":"https:\/\/jornalfatosenoticias.com.br\/index.php\/wp-json\/wp\/v2\/posts\/28237","targetHints":{"allow":["GET"]}}],"collection":[{"href":"https:\/\/jornalfatosenoticias.com.br\/index.php\/wp-json\/wp\/v2\/posts"}],"about":[{"href":"https:\/\/jornalfatosenoticias.com.br\/index.php\/wp-json\/wp\/v2\/types\/post"}],"author":[{"embeddable":true,"href":"https:\/\/jornalfatosenoticias.com.br\/index.php\/wp-json\/wp\/v2\/users\/8"}],"replies":[{"embeddable":true,"href":"https:\/\/jornalfatosenoticias.com.br\/index.php\/wp-json\/wp\/v2\/comments?post=28237"}],"version-history":[{"count":0,"href":"https:\/\/jornalfatosenoticias.com.br\/index.php\/wp-json\/wp\/v2\/posts\/28237\/revisions"}],"wp:featuredmedia":[{"embeddable":true,"href":"https:\/\/jornalfatosenoticias.com.br\/index.php\/wp-json\/wp\/v2\/media\/28239"}],"wp:attachment":[{"href":"https:\/\/jornalfatosenoticias.com.br\/index.php\/wp-json\/wp\/v2\/media?parent=28237"}],"wp:term":[{"taxonomy":"category","embeddable":true,"href":"https:\/\/jornalfatosenoticias.com.br\/index.php\/wp-json\/wp\/v2\/categories?post=28237"},{"taxonomy":"post_tag","embeddable":true,"href":"https:\/\/jornalfatosenoticias.com.br\/index.php\/wp-json\/wp\/v2\/tags?post=28237"}],"curies":[{"name":"wp","href":"https:\/\/api.w.org\/{rel}","templated":true}]}}