{"id":28242,"date":"2022-02-24T14:12:29","date_gmt":"2022-02-24T17:12:29","guid":{"rendered":"https:\/\/jornalfatosenoticias.com.br\/?p=28242"},"modified":"2022-02-24T14:12:32","modified_gmt":"2022-02-24T17:12:32","slug":"senador-girao-critica-ministros-do-supremo-tribunal-federal","status":"publish","type":"post","link":"https:\/\/jornalfatosenoticias.com.br\/index.php\/2022\/02\/24\/senador-girao-critica-ministros-do-supremo-tribunal-federal\/","title":{"rendered":"Senador Gir\u00e3o critica ministros do Supremo Tribunal Federal"},"content":{"rendered":"\n<p><em><span class=\"has-inline-color has-black-color\">O senador Eduardo Gir\u00e3o (Podemos-CE) disse que ministros do STF est\u00e3o cometendo &#8220;abusos&#8221; e exercendo atividades pol\u00edtico-partid\u00e1rias, a\u00e7\u00f5es pass\u00edveis de impeachment<\/span><\/em><\/p>\n\n\n\n<p>O senador Eduardo Gir\u00e3o (Podemos-CE) criticou, em pronunciamento nesta quarta-feira (23), os ministros do Supremo Tribunal Federal (STF) por estarem \u2014 segundo ele \u2014 descumprindo a lei pelo cometimento de &#8220;abusos&#8221; e por exercerem atividades pol\u00edtico-partid\u00e1rias. A\u00e7\u00f5es pass\u00edveis de impeachment, de acordo com o parlamentar.<\/p>\n\n\n\n<blockquote class=\"wp-block-quote is-layout-flow wp-block-quote-is-layout-flow\"><p><span class=\"has-inline-color has-luminous-vivid-orange-color\">\u201cO art. 39, da Lei 10.079, de 1950, que trata da abertura do processo de impeachment, define cinco condi\u00e7\u00f5es para o afastamento de ministros do Supremo Tribunal Federal (STF). Uma delas \u00e9 o exerc\u00edcio de atividades pol\u00edtico-partid\u00e1rias, condi\u00e7\u00e3o essa muito clara e objetiva \u2014 disse.<\/span><\/p><\/blockquote>\n\n\n\n<figure class=\"wp-block-image size-large\"><img loading=\"lazy\" decoding=\"async\" width=\"1000\" height=\"543\" src=\"https:\/\/jornalfatosenoticias.com.br\/wp-content\/uploads\/2022\/02\/Togas-462.jpg\" alt=\"\" class=\"wp-image-28243\" srcset=\"https:\/\/jornalfatosenoticias.com.br\/wp-content\/uploads\/2022\/02\/Togas-462.jpg 1000w, https:\/\/jornalfatosenoticias.com.br\/wp-content\/uploads\/2022\/02\/Togas-462-300x163.jpg 300w, https:\/\/jornalfatosenoticias.com.br\/wp-content\/uploads\/2022\/02\/Togas-462-768x417.jpg 768w\" sizes=\"auto, (max-width: 1000px) 100vw, 1000px\" \/><figcaption><em><span class=\"has-inline-color has-black-color\">Ministros Alexandre de Moraes, Edson Fachin e Lu\u00eds Roberto Barroso (Foto: Informa Para\u00edba)<\/span><\/em><\/figcaption><\/figure>\n\n\n\n<p>Para o senador, o direito de ampla defesa e do contradit\u00f3rio est\u00e1 sendo desrespeitado pelo STF. Ele citou como exemplo, o ministro Alexandre de Moraes que \u201cno mesmo inqu\u00e9rito, indicia, julga e condena e manda prender parlamentar por crime de opini\u00e3o&#8221;.<\/p>\n\n\n\n<div class=\"wp-block-image\"><figure class=\"alignright size-large is-resized\"><img loading=\"lazy\" decoding=\"async\" src=\"https:\/\/jornalfatosenoticias.com.br\/wp-content\/uploads\/2020\/02\/nova-logo-Marquetti.jpg\" alt=\"\" class=\"wp-image-22331\" width=\"295\" height=\"199\" srcset=\"https:\/\/jornalfatosenoticias.com.br\/wp-content\/uploads\/2020\/02\/nova-logo-Marquetti.jpg 643w, https:\/\/jornalfatosenoticias.com.br\/wp-content\/uploads\/2020\/02\/nova-logo-Marquetti-300x202.jpg 300w\" sizes=\"auto, (max-width: 295px) 100vw, 295px\" \/><\/figure><\/div>\n\n\n\n<p>J\u00e1 os ministros Dias Toffoli e Gilmar Mendes, ao emitir opini\u00f5es em p\u00fablico, estariam interferindo em outros poderes da Rep\u00fablica. No entendimento do senador, na pr\u00e1tica, &#8220;o Brasil j\u00e1 vive um sistema semipresidencialista, com enorme poder de controle moderador exercido pelo pr\u00f3prio STF\u201d.<\/p>\n\n\n\n<figure class=\"wp-block-image size-large\"><img loading=\"lazy\" decoding=\"async\" width=\"1000\" height=\"479\" src=\"https:\/\/jornalfatosenoticias.com.br\/wp-content\/uploads\/2022\/02\/Tofoli-e-gilmar-mendes-462.jpeg\" alt=\"\" class=\"wp-image-28244\" srcset=\"https:\/\/jornalfatosenoticias.com.br\/wp-content\/uploads\/2022\/02\/Tofoli-e-gilmar-mendes-462.jpeg 1000w, https:\/\/jornalfatosenoticias.com.br\/wp-content\/uploads\/2022\/02\/Tofoli-e-gilmar-mendes-462-300x144.jpeg 300w, https:\/\/jornalfatosenoticias.com.br\/wp-content\/uploads\/2022\/02\/Tofoli-e-gilmar-mendes-462-768x368.jpeg 768w\" sizes=\"auto, (max-width: 1000px) 100vw, 1000px\" \/><figcaption><em><span class=\"has-inline-color has-black-color\">Ministros Dias Toffoli e Gilmar Mendes (Foto: Informa Para\u00edba)<\/span><\/em><\/figcaption><\/figure>\n\n\n\n<p>O parlamentar tamb\u00e9m afirmou que o ministro Edson Fachin &#8220;muda a interpreta\u00e7\u00e3o das regras de julgamento ocorrido em tr\u00eas inst\u00e2ncias, anulando temporariamente condena\u00e7\u00f5es justas e legalmente indiscut\u00edveis&#8221;.<br>Gir\u00e3o ainda mencionou a palestra do ministro Lu\u00eds Roberto Barroso, numa universidade do Texas (EUA), que tratou do tema Livrando-se de um presidente. O ministro \u201cconseguiu extrapolar o j\u00e1 inaceit\u00e1vel ativismo pol\u00edtico numa escandalosa milit\u00e2ncia partid\u00e1ria\u201d, na avalia\u00e7\u00e3o do parlamentar.<\/p>\n\n\n\n<div class=\"wp-block-image\"><figure class=\"alignleft size-large\"><img decoding=\"async\" src=\"https:\/\/jornalfatosenoticias.com.br\/wp-content\/uploads\/2020\/02\/logo_esteio.jpg\" alt=\"\" class=\"wp-image-1214\"\/><\/figure><\/div>\n\n\n\n<blockquote class=\"wp-block-quote is-layout-flow wp-block-quote-is-layout-flow\"><p><span class=\"has-inline-color has-luminous-vivid-orange-color\">\u201cA omiss\u00e3o do Senado Federal est\u00e1, na pr\u00e1tica, delegando a 11 pessoas que n\u00e3o foram eleitas pelo voto popular, diferentemente de n\u00f3s, um poder ditatorial. Mandam e desmandam. Muitas vezes legislam no nosso lugar. Finalizando, lembramos, mais uma vez, uma das mais s\u00e9rias advert\u00eancias feita, h\u00e1 90 anos, pelo advogado, jurista, diplomata, escritor, jornalista, tradutor, orador, senador e patrono desta Casa, Ruy Barbosa: a pior ditadura \u00e9 a do Poder Judici\u00e1rio. Contra ela, n\u00e3o h\u00e1 a quem recorrer\u201d, concluiu.<\/span><\/p><\/blockquote>\n\n\n\n<figure class=\"wp-block-image size-large\"><img loading=\"lazy\" decoding=\"async\" width=\"1024\" height=\"100\" src=\"https:\/\/jornalfatosenoticias.com.br\/wp-content\/uploads\/2020\/02\/banner_ferramentas-1024x100.jpg\" alt=\"\" class=\"wp-image-1258\" srcset=\"https:\/\/jornalfatosenoticias.com.br\/wp-content\/uploads\/2020\/02\/banner_ferramentas-1024x100.jpg 1024w, https:\/\/jornalfatosenoticias.com.br\/wp-content\/uploads\/2020\/02\/banner_ferramentas-300x29.jpg 300w, https:\/\/jornalfatosenoticias.com.br\/wp-content\/uploads\/2020\/02\/banner_ferramentas-768x75.jpg 768w, https:\/\/jornalfatosenoticias.com.br\/wp-content\/uploads\/2020\/02\/banner_ferramentas.jpg 1227w\" sizes=\"auto, (max-width: 1024px) 100vw, 1024px\" \/><\/figure>\n\n\n\n<p><em><span class=\"has-inline-color has-black-color\"><strong>Foto de capa: <\/strong>Marcos Oliveira\/Ag\u00eancia Senado<\/span><\/em><\/p>\n\n\n\n<p><strong><em>Fonte: <a href=\"https:\/\/www12.senado.leg.br\/noticias\/materias\/2022\/02\/23\/girao-critica-ministros-do-supremo-tribunal-federal\">Ag\u00eancia Senado<\/a><\/em><\/strong><\/p>\n","protected":false},"excerpt":{"rendered":"<p>O senador Eduardo Gir\u00e3o (Podemos-CE) disse que ministros do STF est\u00e3o cometendo &#8220;abusos&#8221; e exercendo atividades pol\u00edtico-partid\u00e1rias, a\u00e7\u00f5es pass\u00edveis de impeachment O senador Eduardo Gir\u00e3o (Podemos-CE) criticou, em pronunciamento nesta quarta-feira (23), os ministros do Supremo Tribunal Federal (STF) por estarem \u2014 segundo ele \u2014 descumprindo a lei pelo cometimento de &#8220;abusos&#8221; e por exercerem [&hellip;]<\/p>\n","protected":false},"author":3,"featured_media":28245,"comment_status":"open","ping_status":"open","sticky":false,"template":"","format":"standard","meta":{"footnotes":""},"categories":[10],"tags":[13465,13467,2140,13466],"class_list":["post-28242","post","type-post","status-publish","format-standard","has-post-thumbnail","hentry","category-politica","tag-abuso-de-poder","tag-eduardo-girao","tag-impeachment","tag-ministros-stf"],"yoast_head":"<!-- This site is optimized with the Yoast SEO plugin v26.5 - https:\/\/yoast.com\/wordpress\/plugins\/seo\/ -->\n<title>Senador Gir\u00e3o critica ministros do Supremo Tribunal Federal - Jornal Fatos e Not\u00edcias<\/title>\n<meta name=\"robots\" content=\"index, follow, max-snippet:-1, max-image-preview:large, max-video-preview:-1\" \/>\n<link rel=\"canonical\" href=\"https:\/\/jornalfatosenoticias.com.br\/index.php\/2022\/02\/24\/senador-girao-critica-ministros-do-supremo-tribunal-federal\/\" \/>\n<meta property=\"og:locale\" content=\"pt_BR\" \/>\n<meta property=\"og:type\" content=\"article\" \/>\n<meta property=\"og:title\" content=\"Senador Gir\u00e3o critica ministros do Supremo Tribunal Federal - Jornal Fatos e Not\u00edcias\" \/>\n<meta property=\"og:description\" content=\"O senador Eduardo Gir\u00e3o (Podemos-CE) disse que ministros do STF est\u00e3o cometendo &#8220;abusos&#8221; e exercendo atividades pol\u00edtico-partid\u00e1rias, a\u00e7\u00f5es pass\u00edveis de impeachment O senador Eduardo Gir\u00e3o (Podemos-CE) criticou, em pronunciamento nesta quarta-feira (23), os ministros do Supremo Tribunal Federal (STF) por estarem \u2014 segundo ele \u2014 descumprindo a lei pelo cometimento de &#8220;abusos&#8221; e por exercerem [&hellip;]\" \/>\n<meta property=\"og:url\" content=\"https:\/\/jornalfatosenoticias.com.br\/index.php\/2022\/02\/24\/senador-girao-critica-ministros-do-supremo-tribunal-federal\/\" \/>\n<meta property=\"og:site_name\" content=\"Jornal Fatos e Not\u00edcias\" \/>\n<meta property=\"article:published_time\" content=\"2022-02-24T17:12:29+00:00\" \/>\n<meta property=\"article:modified_time\" content=\"2022-02-24T17:12:32+00:00\" \/>\n<meta property=\"og:image\" content=\"https:\/\/jornalfatosenoticias.com.br\/wp-content\/uploads\/2022\/02\/EDUARDO-GIRAO.jpg\" \/>\n\t<meta property=\"og:image:width\" content=\"1000\" \/>\n\t<meta property=\"og:image:height\" content=\"662\" \/>\n\t<meta property=\"og:image:type\" content=\"image\/jpeg\" \/>\n<meta name=\"author\" content=\"Haroldo Filho\" \/>\n<meta name=\"twitter:card\" content=\"summary_large_image\" \/>\n<meta name=\"twitter:label1\" content=\"Escrito por\" \/>\n\t<meta name=\"twitter:data1\" content=\"Haroldo Filho\" \/>\n\t<meta name=\"twitter:label2\" content=\"Est. tempo de leitura\" \/>\n\t<meta name=\"twitter:data2\" content=\"2 minutos\" \/>\n<script type=\"application\/ld+json\" class=\"yoast-schema-graph\">{\"@context\":\"https:\/\/schema.org\",\"@graph\":[{\"@type\":\"Article\",\"@id\":\"https:\/\/jornalfatosenoticias.com.br\/index.php\/2022\/02\/24\/senador-girao-critica-ministros-do-supremo-tribunal-federal\/#article\",\"isPartOf\":{\"@id\":\"https:\/\/jornalfatosenoticias.com.br\/index.php\/2022\/02\/24\/senador-girao-critica-ministros-do-supremo-tribunal-federal\/\"},\"author\":{\"name\":\"Haroldo Filho\",\"@id\":\"https:\/\/jornalfatosenoticias.com.br\/#\/schema\/person\/05c46cc25b42a5c27e004fb0fa6b4965\"},\"headline\":\"Senador Gir\u00e3o critica ministros do Supremo Tribunal Federal\",\"datePublished\":\"2022-02-24T17:12:29+00:00\",\"dateModified\":\"2022-02-24T17:12:32+00:00\",\"mainEntityOfPage\":{\"@id\":\"https:\/\/jornalfatosenoticias.com.br\/index.php\/2022\/02\/24\/senador-girao-critica-ministros-do-supremo-tribunal-federal\/\"},\"wordCount\":421,\"commentCount\":0,\"publisher\":{\"@id\":\"https:\/\/jornalfatosenoticias.com.br\/#organization\"},\"image\":{\"@id\":\"https:\/\/jornalfatosenoticias.com.br\/index.php\/2022\/02\/24\/senador-girao-critica-ministros-do-supremo-tribunal-federal\/#primaryimage\"},\"thumbnailUrl\":\"https:\/\/jornalfatosenoticias.com.br\/wp-content\/uploads\/2022\/02\/EDUARDO-GIRAO.jpg\",\"keywords\":[\"abuso de poder\",\"Eduardo Gir\u00e3o\",\"impeachment\",\"ministros STF\"],\"articleSection\":[\"Pol\u00edtica\"],\"inLanguage\":\"pt-BR\",\"potentialAction\":[{\"@type\":\"CommentAction\",\"name\":\"Comment\",\"target\":[\"https:\/\/jornalfatosenoticias.com.br\/index.php\/2022\/02\/24\/senador-girao-critica-ministros-do-supremo-tribunal-federal\/#respond\"]}]},{\"@type\":\"WebPage\",\"@id\":\"https:\/\/jornalfatosenoticias.com.br\/index.php\/2022\/02\/24\/senador-girao-critica-ministros-do-supremo-tribunal-federal\/\",\"url\":\"https:\/\/jornalfatosenoticias.com.br\/index.php\/2022\/02\/24\/senador-girao-critica-ministros-do-supremo-tribunal-federal\/\",\"name\":\"Senador Gir\u00e3o critica ministros do Supremo Tribunal Federal - Jornal Fatos e Not\u00edcias\",\"isPartOf\":{\"@id\":\"https:\/\/jornalfatosenoticias.com.br\/#website\"},\"primaryImageOfPage\":{\"@id\":\"https:\/\/jornalfatosenoticias.com.br\/index.php\/2022\/02\/24\/senador-girao-critica-ministros-do-supremo-tribunal-federal\/#primaryimage\"},\"image\":{\"@id\":\"https:\/\/jornalfatosenoticias.com.br\/index.php\/2022\/02\/24\/senador-girao-critica-ministros-do-supremo-tribunal-federal\/#primaryimage\"},\"thumbnailUrl\":\"https:\/\/jornalfatosenoticias.com.br\/wp-content\/uploads\/2022\/02\/EDUARDO-GIRAO.jpg\",\"datePublished\":\"2022-02-24T17:12:29+00:00\",\"dateModified\":\"2022-02-24T17:12:32+00:00\",\"breadcrumb\":{\"@id\":\"https:\/\/jornalfatosenoticias.com.br\/index.php\/2022\/02\/24\/senador-girao-critica-ministros-do-supremo-tribunal-federal\/#breadcrumb\"},\"inLanguage\":\"pt-BR\",\"potentialAction\":[{\"@type\":\"ReadAction\",\"target\":[\"https:\/\/jornalfatosenoticias.com.br\/index.php\/2022\/02\/24\/senador-girao-critica-ministros-do-supremo-tribunal-federal\/\"]}]},{\"@type\":\"ImageObject\",\"inLanguage\":\"pt-BR\",\"@id\":\"https:\/\/jornalfatosenoticias.com.br\/index.php\/2022\/02\/24\/senador-girao-critica-ministros-do-supremo-tribunal-federal\/#primaryimage\",\"url\":\"https:\/\/jornalfatosenoticias.com.br\/wp-content\/uploads\/2022\/02\/EDUARDO-GIRAO.jpg\",\"contentUrl\":\"https:\/\/jornalfatosenoticias.com.br\/wp-content\/uploads\/2022\/02\/EDUARDO-GIRAO.jpg\",\"width\":1000,\"height\":662},{\"@type\":\"BreadcrumbList\",\"@id\":\"https:\/\/jornalfatosenoticias.com.br\/index.php\/2022\/02\/24\/senador-girao-critica-ministros-do-supremo-tribunal-federal\/#breadcrumb\",\"itemListElement\":[{\"@type\":\"ListItem\",\"position\":1,\"name\":\"In\u00edcio\",\"item\":\"https:\/\/jornalfatosenoticias.com.br\/\"},{\"@type\":\"ListItem\",\"position\":2,\"name\":\"Senador Gir\u00e3o critica ministros do Supremo Tribunal Federal\"}]},{\"@type\":\"WebSite\",\"@id\":\"https:\/\/jornalfatosenoticias.com.br\/#website\",\"url\":\"https:\/\/jornalfatosenoticias.com.br\/\",\"name\":\"Jornal Fatos e Not\u00edcias\",\"description\":\"Not\u00edcias em geral\",\"publisher\":{\"@id\":\"https:\/\/jornalfatosenoticias.com.br\/#organization\"},\"potentialAction\":[{\"@type\":\"SearchAction\",\"target\":{\"@type\":\"EntryPoint\",\"urlTemplate\":\"https:\/\/jornalfatosenoticias.com.br\/?s={search_term_string}\"},\"query-input\":{\"@type\":\"PropertyValueSpecification\",\"valueRequired\":true,\"valueName\":\"search_term_string\"}}],\"inLanguage\":\"pt-BR\"},{\"@type\":\"Organization\",\"@id\":\"https:\/\/jornalfatosenoticias.com.br\/#organization\",\"name\":\"Jornal Fatos e Not\u00edcias\",\"url\":\"https:\/\/jornalfatosenoticias.com.br\/\",\"logo\":{\"@type\":\"ImageObject\",\"inLanguage\":\"pt-BR\",\"@id\":\"https:\/\/jornalfatosenoticias.com.br\/#\/schema\/logo\/image\/\",\"url\":\"https:\/\/jornalfatosenoticias.com.br\/wp-content\/uploads\/2020\/02\/logo120.png\",\"contentUrl\":\"https:\/\/jornalfatosenoticias.com.br\/wp-content\/uploads\/2020\/02\/logo120.png\",\"width\":1227,\"height\":120,\"caption\":\"Jornal Fatos e Not\u00edcias\"},\"image\":{\"@id\":\"https:\/\/jornalfatosenoticias.com.br\/#\/schema\/logo\/image\/\"}},{\"@type\":\"Person\",\"@id\":\"https:\/\/jornalfatosenoticias.com.br\/#\/schema\/person\/05c46cc25b42a5c27e004fb0fa6b4965\",\"name\":\"Haroldo Filho\",\"image\":{\"@type\":\"ImageObject\",\"inLanguage\":\"pt-BR\",\"@id\":\"https:\/\/jornalfatosenoticias.com.br\/#\/schema\/person\/image\/\",\"url\":\"https:\/\/jornalfatosenoticias.com.br\/wp-content\/uploads\/2025\/08\/WhatsApp-Image-2025-08-18-at-15.30.28-150x150.jpeg\",\"contentUrl\":\"https:\/\/jornalfatosenoticias.com.br\/wp-content\/uploads\/2025\/08\/WhatsApp-Image-2025-08-18-at-15.30.28-150x150.jpeg\",\"caption\":\"Haroldo Filho\"},\"description\":\"Jornalista \u2013 DRT: 0003818\/ES Coordenador-geral da ONG Educar para Crescer\",\"url\":\"https:\/\/jornalfatosenoticias.com.br\/index.php\/author\/haroldo\/\"}]}<\/script>\n<!-- \/ Yoast SEO plugin. -->","yoast_head_json":{"title":"Senador Gir\u00e3o critica ministros do Supremo Tribunal Federal - Jornal Fatos e Not\u00edcias","robots":{"index":"index","follow":"follow","max-snippet":"max-snippet:-1","max-image-preview":"max-image-preview:large","max-video-preview":"max-video-preview:-1"},"canonical":"https:\/\/jornalfatosenoticias.com.br\/index.php\/2022\/02\/24\/senador-girao-critica-ministros-do-supremo-tribunal-federal\/","og_locale":"pt_BR","og_type":"article","og_title":"Senador Gir\u00e3o critica ministros do Supremo Tribunal Federal - Jornal Fatos e Not\u00edcias","og_description":"O senador Eduardo Gir\u00e3o (Podemos-CE) disse que ministros do STF est\u00e3o cometendo &#8220;abusos&#8221; e exercendo atividades pol\u00edtico-partid\u00e1rias, a\u00e7\u00f5es pass\u00edveis de impeachment O senador Eduardo Gir\u00e3o (Podemos-CE) criticou, em pronunciamento nesta quarta-feira (23), os ministros do Supremo Tribunal Federal (STF) por estarem \u2014 segundo ele \u2014 descumprindo a lei pelo cometimento de &#8220;abusos&#8221; e por exercerem [&hellip;]","og_url":"https:\/\/jornalfatosenoticias.com.br\/index.php\/2022\/02\/24\/senador-girao-critica-ministros-do-supremo-tribunal-federal\/","og_site_name":"Jornal Fatos e Not\u00edcias","article_published_time":"2022-02-24T17:12:29+00:00","article_modified_time":"2022-02-24T17:12:32+00:00","og_image":[{"width":1000,"height":662,"url":"https:\/\/jornalfatosenoticias.com.br\/wp-content\/uploads\/2022\/02\/EDUARDO-GIRAO.jpg","type":"image\/jpeg"}],"author":"Haroldo Filho","twitter_card":"summary_large_image","twitter_misc":{"Escrito por":"Haroldo Filho","Est. tempo de leitura":"2 minutos"},"schema":{"@context":"https:\/\/schema.org","@graph":[{"@type":"Article","@id":"https:\/\/jornalfatosenoticias.com.br\/index.php\/2022\/02\/24\/senador-girao-critica-ministros-do-supremo-tribunal-federal\/#article","isPartOf":{"@id":"https:\/\/jornalfatosenoticias.com.br\/index.php\/2022\/02\/24\/senador-girao-critica-ministros-do-supremo-tribunal-federal\/"},"author":{"name":"Haroldo Filho","@id":"https:\/\/jornalfatosenoticias.com.br\/#\/schema\/person\/05c46cc25b42a5c27e004fb0fa6b4965"},"headline":"Senador Gir\u00e3o critica ministros do Supremo Tribunal Federal","datePublished":"2022-02-24T17:12:29+00:00","dateModified":"2022-02-24T17:12:32+00:00","mainEntityOfPage":{"@id":"https:\/\/jornalfatosenoticias.com.br\/index.php\/2022\/02\/24\/senador-girao-critica-ministros-do-supremo-tribunal-federal\/"},"wordCount":421,"commentCount":0,"publisher":{"@id":"https:\/\/jornalfatosenoticias.com.br\/#organization"},"image":{"@id":"https:\/\/jornalfatosenoticias.com.br\/index.php\/2022\/02\/24\/senador-girao-critica-ministros-do-supremo-tribunal-federal\/#primaryimage"},"thumbnailUrl":"https:\/\/jornalfatosenoticias.com.br\/wp-content\/uploads\/2022\/02\/EDUARDO-GIRAO.jpg","keywords":["abuso de poder","Eduardo Gir\u00e3o","impeachment","ministros STF"],"articleSection":["Pol\u00edtica"],"inLanguage":"pt-BR","potentialAction":[{"@type":"CommentAction","name":"Comment","target":["https:\/\/jornalfatosenoticias.com.br\/index.php\/2022\/02\/24\/senador-girao-critica-ministros-do-supremo-tribunal-federal\/#respond"]}]},{"@type":"WebPage","@id":"https:\/\/jornalfatosenoticias.com.br\/index.php\/2022\/02\/24\/senador-girao-critica-ministros-do-supremo-tribunal-federal\/","url":"https:\/\/jornalfatosenoticias.com.br\/index.php\/2022\/02\/24\/senador-girao-critica-ministros-do-supremo-tribunal-federal\/","name":"Senador Gir\u00e3o critica ministros do Supremo Tribunal Federal - Jornal Fatos e Not\u00edcias","isPartOf":{"@id":"https:\/\/jornalfatosenoticias.com.br\/#website"},"primaryImageOfPage":{"@id":"https:\/\/jornalfatosenoticias.com.br\/index.php\/2022\/02\/24\/senador-girao-critica-ministros-do-supremo-tribunal-federal\/#primaryimage"},"image":{"@id":"https:\/\/jornalfatosenoticias.com.br\/index.php\/2022\/02\/24\/senador-girao-critica-ministros-do-supremo-tribunal-federal\/#primaryimage"},"thumbnailUrl":"https:\/\/jornalfatosenoticias.com.br\/wp-content\/uploads\/2022\/02\/EDUARDO-GIRAO.jpg","datePublished":"2022-02-24T17:12:29+00:00","dateModified":"2022-02-24T17:12:32+00:00","breadcrumb":{"@id":"https:\/\/jornalfatosenoticias.com.br\/index.php\/2022\/02\/24\/senador-girao-critica-ministros-do-supremo-tribunal-federal\/#breadcrumb"},"inLanguage":"pt-BR","potentialAction":[{"@type":"ReadAction","target":["https:\/\/jornalfatosenoticias.com.br\/index.php\/2022\/02\/24\/senador-girao-critica-ministros-do-supremo-tribunal-federal\/"]}]},{"@type":"ImageObject","inLanguage":"pt-BR","@id":"https:\/\/jornalfatosenoticias.com.br\/index.php\/2022\/02\/24\/senador-girao-critica-ministros-do-supremo-tribunal-federal\/#primaryimage","url":"https:\/\/jornalfatosenoticias.com.br\/wp-content\/uploads\/2022\/02\/EDUARDO-GIRAO.jpg","contentUrl":"https:\/\/jornalfatosenoticias.com.br\/wp-content\/uploads\/2022\/02\/EDUARDO-GIRAO.jpg","width":1000,"height":662},{"@type":"BreadcrumbList","@id":"https:\/\/jornalfatosenoticias.com.br\/index.php\/2022\/02\/24\/senador-girao-critica-ministros-do-supremo-tribunal-federal\/#breadcrumb","itemListElement":[{"@type":"ListItem","position":1,"name":"In\u00edcio","item":"https:\/\/jornalfatosenoticias.com.br\/"},{"@type":"ListItem","position":2,"name":"Senador Gir\u00e3o critica ministros do Supremo Tribunal Federal"}]},{"@type":"WebSite","@id":"https:\/\/jornalfatosenoticias.com.br\/#website","url":"https:\/\/jornalfatosenoticias.com.br\/","name":"Jornal Fatos e Not\u00edcias","description":"Not\u00edcias em geral","publisher":{"@id":"https:\/\/jornalfatosenoticias.com.br\/#organization"},"potentialAction":[{"@type":"SearchAction","target":{"@type":"EntryPoint","urlTemplate":"https:\/\/jornalfatosenoticias.com.br\/?s={search_term_string}"},"query-input":{"@type":"PropertyValueSpecification","valueRequired":true,"valueName":"search_term_string"}}],"inLanguage":"pt-BR"},{"@type":"Organization","@id":"https:\/\/jornalfatosenoticias.com.br\/#organization","name":"Jornal Fatos e Not\u00edcias","url":"https:\/\/jornalfatosenoticias.com.br\/","logo":{"@type":"ImageObject","inLanguage":"pt-BR","@id":"https:\/\/jornalfatosenoticias.com.br\/#\/schema\/logo\/image\/","url":"https:\/\/jornalfatosenoticias.com.br\/wp-content\/uploads\/2020\/02\/logo120.png","contentUrl":"https:\/\/jornalfatosenoticias.com.br\/wp-content\/uploads\/2020\/02\/logo120.png","width":1227,"height":120,"caption":"Jornal Fatos e Not\u00edcias"},"image":{"@id":"https:\/\/jornalfatosenoticias.com.br\/#\/schema\/logo\/image\/"}},{"@type":"Person","@id":"https:\/\/jornalfatosenoticias.com.br\/#\/schema\/person\/05c46cc25b42a5c27e004fb0fa6b4965","name":"Haroldo Filho","image":{"@type":"ImageObject","inLanguage":"pt-BR","@id":"https:\/\/jornalfatosenoticias.com.br\/#\/schema\/person\/image\/","url":"https:\/\/jornalfatosenoticias.com.br\/wp-content\/uploads\/2025\/08\/WhatsApp-Image-2025-08-18-at-15.30.28-150x150.jpeg","contentUrl":"https:\/\/jornalfatosenoticias.com.br\/wp-content\/uploads\/2025\/08\/WhatsApp-Image-2025-08-18-at-15.30.28-150x150.jpeg","caption":"Haroldo Filho"},"description":"Jornalista \u2013 DRT: 0003818\/ES Coordenador-geral da ONG Educar para Crescer","url":"https:\/\/jornalfatosenoticias.com.br\/index.php\/author\/haroldo\/"}]}},"cc_featured_image_caption":{"caption_text":"Eduardo Gir\u00e3o ","source_text":"","source_url":""},"jetpack_featured_media_url":"https:\/\/jornalfatosenoticias.com.br\/wp-content\/uploads\/2022\/02\/EDUARDO-GIRAO.jpg","_links":{"self":[{"href":"https:\/\/jornalfatosenoticias.com.br\/index.php\/wp-json\/wp\/v2\/posts\/28242","targetHints":{"allow":["GET"]}}],"collection":[{"href":"https:\/\/jornalfatosenoticias.com.br\/index.php\/wp-json\/wp\/v2\/posts"}],"about":[{"href":"https:\/\/jornalfatosenoticias.com.br\/index.php\/wp-json\/wp\/v2\/types\/post"}],"author":[{"embeddable":true,"href":"https:\/\/jornalfatosenoticias.com.br\/index.php\/wp-json\/wp\/v2\/users\/3"}],"replies":[{"embeddable":true,"href":"https:\/\/jornalfatosenoticias.com.br\/index.php\/wp-json\/wp\/v2\/comments?post=28242"}],"version-history":[{"count":0,"href":"https:\/\/jornalfatosenoticias.com.br\/index.php\/wp-json\/wp\/v2\/posts\/28242\/revisions"}],"wp:featuredmedia":[{"embeddable":true,"href":"https:\/\/jornalfatosenoticias.com.br\/index.php\/wp-json\/wp\/v2\/media\/28245"}],"wp:attachment":[{"href":"https:\/\/jornalfatosenoticias.com.br\/index.php\/wp-json\/wp\/v2\/media?parent=28242"}],"wp:term":[{"taxonomy":"category","embeddable":true,"href":"https:\/\/jornalfatosenoticias.com.br\/index.php\/wp-json\/wp\/v2\/categories?post=28242"},{"taxonomy":"post_tag","embeddable":true,"href":"https:\/\/jornalfatosenoticias.com.br\/index.php\/wp-json\/wp\/v2\/tags?post=28242"}],"curies":[{"name":"wp","href":"https:\/\/api.w.org\/{rel}","templated":true}]}}