{"id":28363,"date":"2022-03-01T12:36:07","date_gmt":"2022-03-01T15:36:07","guid":{"rendered":"https:\/\/jornalfatosenoticias.com.br\/?p=28363"},"modified":"2022-03-01T12:36:09","modified_gmt":"2022-03-01T15:36:09","slug":"sapo-da-amazonia-que-tem-nariz-de-anta-e-cor-de-chocolate-e-descrito-pela-primeira-vez-por-cientistas","status":"publish","type":"post","link":"https:\/\/jornalfatosenoticias.com.br\/index.php\/2022\/03\/01\/sapo-da-amazonia-que-tem-nariz-de-anta-e-cor-de-chocolate-e-descrito-pela-primeira-vez-por-cientistas\/","title":{"rendered":"Sapo da Amaz\u00f4nia que tem &#8220;nariz de anta&#8221; e cor de chocolate \u00e9 descrito pela primeira vez por cientistas"},"content":{"rendered":"\n<p><em><span class=\"has-inline-color has-black-color\">Encontrado na floresta amaz\u00f4nica, o animal \u00e9 um velho conhecido de comunidades peruanas, mas s\u00f3 agora pesquisadores conseguiram descrever a esp\u00e9cie oficialmente<\/span><\/em><\/p>\n\n\n\n<p>Sua pele lisa e acastanhada lhe confere uma apar\u00eancia de chocolate e seu nariz lembra os tra\u00e7os faciais da anta amaz\u00f4nica, <strong>uma das \u00faltimas remanescentes da megafauna da\u00a0<\/strong><a href=\"https:\/\/umsoplaneta.globo.com\/biodiversidade\/noticia\/2021\/07\/26\/floresta-amazonica-caracteristicas-onde-fica-animais-e-vegetacao-tipica.ghtml\"><strong>Amaz\u00f4nia.<\/strong><\/a> No entanto<strong>, s<\/strong>eu tamanho e comportamento evasivo tornaram este animal um desconhecido para a Ci\u00eancia. N\u00e3o mais.<strong>\u00a0Pela primeira vez, pesquisadores descreveram oficialmente a esp\u00e9cie\u00a0<em>Synapturanus danta,\u00a0<\/em>o sapo-anta.<\/strong><br>Para isso, eles contaram com ajuda de guias da <em>Comunidad Nativa Tres Esquinas<\/em> do Per, que h\u00e1 muito tempo conhecem o pequeno sapo com o focinho comprido que tem a habilidade de escavar buracos para se abrigar no subsolo, o que sempre dificultou a busca dos bi\u00f3logos que se aventuravam em encontr\u00e1-lo.<br>\u201cEsses sapos s\u00e3o realmente dif\u00edceis de encontrar, e isso os leva a serem pouco estudados\u201d, diz Michelle Thompson, pesquisadora do <em>Keller Science Action Center no Field Museum<\/em> de Chicago (EUA) e uma das autoras do estudo que descreve o sapo na revista <strong><a href=\"https:\/\/evolsyst.pensoft.net\/article\/80281\/\" target=\"_blank\" rel=\"noreferrer noopener\"><em>Evolutionary Systematics<\/em><\/a><\/strong>. \u201c\u00c9 um exemplo da diversidade oculta da Amaz\u00f4nia, e \u00e9 importante document\u00e1-la para entender a import\u00e2ncia do ecossistema\u201d.<\/p>\n\n\n\n<figure class=\"wp-block-image size-large\"><img loading=\"lazy\" decoding=\"async\" width=\"1000\" height=\"666\" src=\"https:\/\/jornalfatosenoticias.com.br\/wp-content\/uploads\/2022\/03\/sapo-da-amazonia2_tufeiras.jpg\" alt=\"\" class=\"wp-image-28364\" srcset=\"https:\/\/jornalfatosenoticias.com.br\/wp-content\/uploads\/2022\/03\/sapo-da-amazonia2_tufeiras.jpg 1000w, https:\/\/jornalfatosenoticias.com.br\/wp-content\/uploads\/2022\/03\/sapo-da-amazonia2_tufeiras-300x200.jpg 300w, https:\/\/jornalfatosenoticias.com.br\/wp-content\/uploads\/2022\/03\/sapo-da-amazonia2_tufeiras-768x511.jpg 768w\" sizes=\"auto, (max-width: 1000px) 100vw, 1000px\" \/><figcaption><em><span class=\"has-inline-color has-black-color\">Turfeiras: habitat da nova esp\u00e9cie de sapo (Foto: Michelle Thompson\/Museu Field)<\/span><\/em><\/figcaption><\/figure>\n\n\n\n<p>Durante a expedi\u00e7\u00e3o para preencher a lacuna de conhecimento sobre a diversidade da &#8220;herpetofauna&#8221; (anf\u00edbios e r\u00e9pteis), os pesquisadores foram levados a turfeiras (\u00e1reas alagadi\u00e7as), onde pesquisaram durante a noite, quando os sapos ficam mais ativos. Embora eles fossem dif\u00edceis de ver porque vivem no subsolo, e mesmo sob a luz da lanterna sua cor se confunde com a terra, os pesquisadores puderam ouvir o barulho que estavam fazendo.<\/p>\n\n\n\n<figure class=\"wp-block-image size-large\"><img loading=\"lazy\" decoding=\"async\" width=\"1024\" height=\"103\" src=\"https:\/\/jornalfatosenoticias.com.br\/wp-content\/uploads\/2022\/02\/Arte-Autoescola-Galatas_endereco_portal-1024x103.png\" alt=\"\" class=\"wp-image-27869\" srcset=\"https:\/\/jornalfatosenoticias.com.br\/wp-content\/uploads\/2022\/02\/Arte-Autoescola-Galatas_endereco_portal-1024x103.png 1024w, https:\/\/jornalfatosenoticias.com.br\/wp-content\/uploads\/2022\/02\/Arte-Autoescola-Galatas_endereco_portal-300x30.png 300w, https:\/\/jornalfatosenoticias.com.br\/wp-content\/uploads\/2022\/02\/Arte-Autoescola-Galatas_endereco_portal-768x77.png 768w, https:\/\/jornalfatosenoticias.com.br\/wp-content\/uploads\/2022\/02\/Arte-Autoescola-Galatas_endereco_portal.png 1223w\" sizes=\"auto, (max-width: 1024px) 100vw, 1024px\" \/><\/figure>\n\n\n\n<blockquote class=\"wp-block-quote is-layout-flow wp-block-quote-is-layout-flow\"><p><span class=\"has-inline-color has-luminous-vivid-orange-color\">\u201cOuvimos um bip-bip-bip vindo do subsolo e suspeitamos que poderia ser uma nova esp\u00e9cie de sapo escavador, porque recentemente outras esp\u00e9cies de seu g\u00eanero foram descritas\u201d, diz Thompson. Foram mais de tr\u00eas noites de buscas, at\u00e9 que finalmente um esp\u00e9cime saltou de sua pequena toca e todos gritaram &#8220;algu\u00e9m pegue!&#8217;\u201d.<\/span><\/p><\/blockquote>\n\n\n\n<figure class=\"wp-block-image size-large\"><img loading=\"lazy\" decoding=\"async\" width=\"1000\" height=\"628\" src=\"https:\/\/jornalfatosenoticias.com.br\/wp-content\/uploads\/2022\/03\/sapo-da-amazonia3.jpg\" alt=\"\" class=\"wp-image-28365\" srcset=\"https:\/\/jornalfatosenoticias.com.br\/wp-content\/uploads\/2022\/03\/sapo-da-amazonia3.jpg 1000w, https:\/\/jornalfatosenoticias.com.br\/wp-content\/uploads\/2022\/03\/sapo-da-amazonia3-300x188.jpg 300w, https:\/\/jornalfatosenoticias.com.br\/wp-content\/uploads\/2022\/03\/sapo-da-amazonia3-768x482.jpg 768w, https:\/\/jornalfatosenoticias.com.br\/wp-content\/uploads\/2022\/03\/sapo-da-amazonia3-350x220.jpg 350w\" sizes=\"auto, (max-width: 1000px) 100vw, 1000px\" \/><figcaption><em><span class=\"has-inline-color has-black-color\">Dimens\u00f5es: medindo um sapo anta juvenil na r\u00e9gua (Foto: Germ\u00e1n Ch\u00e1vez\/Divulga\u00e7\u00e3o)<\/span><\/em><\/figcaption><\/figure>\n\n\n\n<p>Tudo na vida desta esp\u00e9cie acontece debaixo da terra. Eles se abrigam l\u00e1, comem e p\u00f5e seus ovos no subterr\u00e2neo e, nesse processo, contribuem para a ciclagem de nutrientes do solo, importante para manter <strong>a<\/strong> <strong>sa\u00fade do ecossistema.<\/strong><\/p>\n\n\n\n<div class=\"wp-block-image\"><figure class=\"aligncenter size-large\"><img decoding=\"async\" src=\"https:\/\/jornalfatosenoticias.com.br\/wp-content\/uploads\/2022\/02\/Serra-Pack-459.png\" alt=\"\" class=\"wp-image-27471\"\/><\/figure><\/div>\n\n\n\n<p>O estudo faz parte de um invent\u00e1rio liderado por cientistas do Field Museum, um programa no qual bi\u00f3logos e cientistas sociais passam algumas semanas na Amaz\u00f4nia para aprender quais esp\u00e9cies vivem l\u00e1, como a comunidade local administra a terra, <strong><a href=\"https:\/\/umsoplaneta.globo.com\/biodiversidade\/noticia\/2021\/06\/19\/entenda-a-importancia-da-preservacao-dos-oceanos.ghtml\">e como podem ajudar a preservar a \u00e1rea.<\/a><\/strong><\/p>\n\n\n\n<blockquote class=\"wp-block-quote is-layout-flow wp-block-quote-is-layout-flow\"><p><span class=\"has-inline-color has-luminous-vivid-orange-color\">&#8220;Existe uma grande oportunidade de conserva\u00e7\u00e3o nas bacias hidrogr\u00e1ficas e \u00e1reas adjacentes. Este sapo anta \u00e9 outra evid\u00eancia de por que os cientistas e a popula\u00e7\u00e3o local precisam trabalhar juntos para proteger esta regi\u00e3o\u201d, diz a cientista.<\/span><\/p><\/blockquote>\n\n\n\n<figure class=\"wp-block-image size-large\"><img loading=\"lazy\" decoding=\"async\" width=\"1024\" height=\"100\" src=\"https:\/\/jornalfatosenoticias.com.br\/wp-content\/uploads\/2020\/02\/banner_ferramentas-1024x100.jpg\" alt=\"\" class=\"wp-image-1258\" srcset=\"https:\/\/jornalfatosenoticias.com.br\/wp-content\/uploads\/2020\/02\/banner_ferramentas-1024x100.jpg 1024w, https:\/\/jornalfatosenoticias.com.br\/wp-content\/uploads\/2020\/02\/banner_ferramentas-300x29.jpg 300w, https:\/\/jornalfatosenoticias.com.br\/wp-content\/uploads\/2020\/02\/banner_ferramentas-768x75.jpg 768w, https:\/\/jornalfatosenoticias.com.br\/wp-content\/uploads\/2020\/02\/banner_ferramentas.jpg 1227w\" sizes=\"auto, (max-width: 1024px) 100vw, 1024px\" \/><\/figure>\n\n\n\n<p><strong><em>Fonte: <a href=\"https:\/\/umsoplaneta.globo.com\/biodiversidade\/noticia\/2022\/02\/24\/sapo-da-amazonia-que-tem-nariz-de-anta-e-cor-de-chocolate-e-descrito-pela-primeira-vez-por-cientistas.ghtml\">Um S\u00f3 Planeta<\/a><\/em><\/strong><\/p>\n","protected":false},"excerpt":{"rendered":"<p>Encontrado na floresta amaz\u00f4nica, o animal \u00e9 um velho conhecido de comunidades peruanas, mas s\u00f3 agora pesquisadores conseguiram descrever a esp\u00e9cie oficialmente Sua pele lisa e acastanhada lhe confere uma apar\u00eancia de chocolate e seu nariz lembra os tra\u00e7os faciais da anta amaz\u00f4nica, uma das \u00faltimas remanescentes da megafauna da\u00a0Amaz\u00f4nia. No entanto, seu tamanho e [&hellip;]<\/p>\n","protected":false},"author":2,"featured_media":28366,"comment_status":"open","ping_status":"open","sticky":false,"template":"","format":"standard","meta":{"footnotes":""},"categories":[2],"tags":[13513,1896,11181,13512],"class_list":["post-28363","post","type-post","status-publish","format-standard","has-post-thumbnail","hentry","category-ciencia","tag-cor-de-chocolate","tag-floresta-amazonica","tag-nova-especie-de-sapos-encontrada-na-amazonia","tag-sapo-anta"],"yoast_head":"<!-- This site is optimized with the Yoast SEO plugin v26.5 - https:\/\/yoast.com\/wordpress\/plugins\/seo\/ -->\n<title>Sapo da Amaz\u00f4nia que tem &quot;nariz de anta&quot; e cor de chocolate \u00e9 descrito pela primeira vez por cientistas - Jornal Fatos e Not\u00edcias<\/title>\n<meta name=\"robots\" content=\"index, follow, max-snippet:-1, max-image-preview:large, max-video-preview:-1\" \/>\n<link rel=\"canonical\" href=\"https:\/\/jornalfatosenoticias.com.br\/index.php\/2022\/03\/01\/sapo-da-amazonia-que-tem-nariz-de-anta-e-cor-de-chocolate-e-descrito-pela-primeira-vez-por-cientistas\/\" \/>\n<meta property=\"og:locale\" content=\"pt_BR\" \/>\n<meta property=\"og:type\" content=\"article\" \/>\n<meta property=\"og:title\" content=\"Sapo da Amaz\u00f4nia que tem &quot;nariz de anta&quot; e cor de chocolate \u00e9 descrito pela primeira vez por cientistas - Jornal Fatos e Not\u00edcias\" \/>\n<meta property=\"og:description\" content=\"Encontrado na floresta amaz\u00f4nica, o animal \u00e9 um velho conhecido de comunidades peruanas, mas s\u00f3 agora pesquisadores conseguiram descrever a esp\u00e9cie oficialmente Sua pele lisa e acastanhada lhe confere uma apar\u00eancia de chocolate e seu nariz lembra os tra\u00e7os faciais da anta amaz\u00f4nica, uma das \u00faltimas remanescentes da megafauna da\u00a0Amaz\u00f4nia. No entanto, seu tamanho e [&hellip;]\" \/>\n<meta property=\"og:url\" content=\"https:\/\/jornalfatosenoticias.com.br\/index.php\/2022\/03\/01\/sapo-da-amazonia-que-tem-nariz-de-anta-e-cor-de-chocolate-e-descrito-pela-primeira-vez-por-cientistas\/\" \/>\n<meta property=\"og:site_name\" content=\"Jornal Fatos e Not\u00edcias\" \/>\n<meta property=\"article:published_time\" content=\"2022-03-01T15:36:07+00:00\" \/>\n<meta property=\"article:modified_time\" content=\"2022-03-01T15:36:09+00:00\" \/>\n<meta property=\"og:image\" content=\"https:\/\/jornalfatosenoticias.com.br\/wp-content\/uploads\/2022\/03\/sapo-da-amazonia.jpg\" \/>\n\t<meta property=\"og:image:width\" content=\"1000\" \/>\n\t<meta property=\"og:image:height\" content=\"634\" \/>\n\t<meta property=\"og:image:type\" content=\"image\/jpeg\" \/>\n<meta name=\"author\" content=\"Luzimara Fernandes\" \/>\n<meta name=\"twitter:card\" content=\"summary_large_image\" \/>\n<meta name=\"twitter:label1\" content=\"Escrito por\" \/>\n\t<meta name=\"twitter:data1\" content=\"Luzimara Fernandes\" \/>\n\t<meta name=\"twitter:label2\" content=\"Est. tempo de leitura\" \/>\n\t<meta name=\"twitter:data2\" content=\"3 minutos\" \/>\n<script type=\"application\/ld+json\" class=\"yoast-schema-graph\">{\"@context\":\"https:\/\/schema.org\",\"@graph\":[{\"@type\":\"Article\",\"@id\":\"https:\/\/jornalfatosenoticias.com.br\/index.php\/2022\/03\/01\/sapo-da-amazonia-que-tem-nariz-de-anta-e-cor-de-chocolate-e-descrito-pela-primeira-vez-por-cientistas\/#article\",\"isPartOf\":{\"@id\":\"https:\/\/jornalfatosenoticias.com.br\/index.php\/2022\/03\/01\/sapo-da-amazonia-que-tem-nariz-de-anta-e-cor-de-chocolate-e-descrito-pela-primeira-vez-por-cientistas\/\"},\"author\":{\"name\":\"Luzimara Fernandes\",\"@id\":\"https:\/\/jornalfatosenoticias.com.br\/#\/schema\/person\/d63837fa13ac8666eb9e74e0985d6f81\"},\"headline\":\"Sapo da Amaz\u00f4nia que tem &#8220;nariz de anta&#8221; e cor de chocolate \u00e9 descrito pela primeira vez por cientistas\",\"datePublished\":\"2022-03-01T15:36:07+00:00\",\"dateModified\":\"2022-03-01T15:36:09+00:00\",\"mainEntityOfPage\":{\"@id\":\"https:\/\/jornalfatosenoticias.com.br\/index.php\/2022\/03\/01\/sapo-da-amazonia-que-tem-nariz-de-anta-e-cor-de-chocolate-e-descrito-pela-primeira-vez-por-cientistas\/\"},\"wordCount\":525,\"commentCount\":0,\"publisher\":{\"@id\":\"https:\/\/jornalfatosenoticias.com.br\/#organization\"},\"image\":{\"@id\":\"https:\/\/jornalfatosenoticias.com.br\/index.php\/2022\/03\/01\/sapo-da-amazonia-que-tem-nariz-de-anta-e-cor-de-chocolate-e-descrito-pela-primeira-vez-por-cientistas\/#primaryimage\"},\"thumbnailUrl\":\"https:\/\/jornalfatosenoticias.com.br\/wp-content\/uploads\/2022\/03\/sapo-da-amazonia.jpg\",\"keywords\":[\"cor de chocolate\",\"floresta amaz\u00f4nica\",\"nova esp\u00e9cie de sapos encontrada na Amaz\u00f4nia\",\"sapo-anta\"],\"articleSection\":[\"Ci\u00eancia\"],\"inLanguage\":\"pt-BR\",\"potentialAction\":[{\"@type\":\"CommentAction\",\"name\":\"Comment\",\"target\":[\"https:\/\/jornalfatosenoticias.com.br\/index.php\/2022\/03\/01\/sapo-da-amazonia-que-tem-nariz-de-anta-e-cor-de-chocolate-e-descrito-pela-primeira-vez-por-cientistas\/#respond\"]}]},{\"@type\":\"WebPage\",\"@id\":\"https:\/\/jornalfatosenoticias.com.br\/index.php\/2022\/03\/01\/sapo-da-amazonia-que-tem-nariz-de-anta-e-cor-de-chocolate-e-descrito-pela-primeira-vez-por-cientistas\/\",\"url\":\"https:\/\/jornalfatosenoticias.com.br\/index.php\/2022\/03\/01\/sapo-da-amazonia-que-tem-nariz-de-anta-e-cor-de-chocolate-e-descrito-pela-primeira-vez-por-cientistas\/\",\"name\":\"Sapo da Amaz\u00f4nia que tem \\\"nariz de anta\\\" e cor de chocolate \u00e9 descrito pela primeira vez por cientistas - Jornal Fatos e Not\u00edcias\",\"isPartOf\":{\"@id\":\"https:\/\/jornalfatosenoticias.com.br\/#website\"},\"primaryImageOfPage\":{\"@id\":\"https:\/\/jornalfatosenoticias.com.br\/index.php\/2022\/03\/01\/sapo-da-amazonia-que-tem-nariz-de-anta-e-cor-de-chocolate-e-descrito-pela-primeira-vez-por-cientistas\/#primaryimage\"},\"image\":{\"@id\":\"https:\/\/jornalfatosenoticias.com.br\/index.php\/2022\/03\/01\/sapo-da-amazonia-que-tem-nariz-de-anta-e-cor-de-chocolate-e-descrito-pela-primeira-vez-por-cientistas\/#primaryimage\"},\"thumbnailUrl\":\"https:\/\/jornalfatosenoticias.com.br\/wp-content\/uploads\/2022\/03\/sapo-da-amazonia.jpg\",\"datePublished\":\"2022-03-01T15:36:07+00:00\",\"dateModified\":\"2022-03-01T15:36:09+00:00\",\"breadcrumb\":{\"@id\":\"https:\/\/jornalfatosenoticias.com.br\/index.php\/2022\/03\/01\/sapo-da-amazonia-que-tem-nariz-de-anta-e-cor-de-chocolate-e-descrito-pela-primeira-vez-por-cientistas\/#breadcrumb\"},\"inLanguage\":\"pt-BR\",\"potentialAction\":[{\"@type\":\"ReadAction\",\"target\":[\"https:\/\/jornalfatosenoticias.com.br\/index.php\/2022\/03\/01\/sapo-da-amazonia-que-tem-nariz-de-anta-e-cor-de-chocolate-e-descrito-pela-primeira-vez-por-cientistas\/\"]}]},{\"@type\":\"ImageObject\",\"inLanguage\":\"pt-BR\",\"@id\":\"https:\/\/jornalfatosenoticias.com.br\/index.php\/2022\/03\/01\/sapo-da-amazonia-que-tem-nariz-de-anta-e-cor-de-chocolate-e-descrito-pela-primeira-vez-por-cientistas\/#primaryimage\",\"url\":\"https:\/\/jornalfatosenoticias.com.br\/wp-content\/uploads\/2022\/03\/sapo-da-amazonia.jpg\",\"contentUrl\":\"https:\/\/jornalfatosenoticias.com.br\/wp-content\/uploads\/2022\/03\/sapo-da-amazonia.jpg\",\"width\":1000,\"height\":634},{\"@type\":\"BreadcrumbList\",\"@id\":\"https:\/\/jornalfatosenoticias.com.br\/index.php\/2022\/03\/01\/sapo-da-amazonia-que-tem-nariz-de-anta-e-cor-de-chocolate-e-descrito-pela-primeira-vez-por-cientistas\/#breadcrumb\",\"itemListElement\":[{\"@type\":\"ListItem\",\"position\":1,\"name\":\"In\u00edcio\",\"item\":\"https:\/\/jornalfatosenoticias.com.br\/\"},{\"@type\":\"ListItem\",\"position\":2,\"name\":\"Sapo da Amaz\u00f4nia que tem &#8220;nariz de anta&#8221; e cor de chocolate \u00e9 descrito pela primeira vez por cientistas\"}]},{\"@type\":\"WebSite\",\"@id\":\"https:\/\/jornalfatosenoticias.com.br\/#website\",\"url\":\"https:\/\/jornalfatosenoticias.com.br\/\",\"name\":\"Jornal Fatos e Not\u00edcias\",\"description\":\"Not\u00edcias em geral\",\"publisher\":{\"@id\":\"https:\/\/jornalfatosenoticias.com.br\/#organization\"},\"potentialAction\":[{\"@type\":\"SearchAction\",\"target\":{\"@type\":\"EntryPoint\",\"urlTemplate\":\"https:\/\/jornalfatosenoticias.com.br\/?s={search_term_string}\"},\"query-input\":{\"@type\":\"PropertyValueSpecification\",\"valueRequired\":true,\"valueName\":\"search_term_string\"}}],\"inLanguage\":\"pt-BR\"},{\"@type\":\"Organization\",\"@id\":\"https:\/\/jornalfatosenoticias.com.br\/#organization\",\"name\":\"Jornal Fatos e Not\u00edcias\",\"url\":\"https:\/\/jornalfatosenoticias.com.br\/\",\"logo\":{\"@type\":\"ImageObject\",\"inLanguage\":\"pt-BR\",\"@id\":\"https:\/\/jornalfatosenoticias.com.br\/#\/schema\/logo\/image\/\",\"url\":\"https:\/\/jornalfatosenoticias.com.br\/wp-content\/uploads\/2020\/02\/logo120.png\",\"contentUrl\":\"https:\/\/jornalfatosenoticias.com.br\/wp-content\/uploads\/2020\/02\/logo120.png\",\"width\":1227,\"height\":120,\"caption\":\"Jornal Fatos e Not\u00edcias\"},\"image\":{\"@id\":\"https:\/\/jornalfatosenoticias.com.br\/#\/schema\/logo\/image\/\"}},{\"@type\":\"Person\",\"@id\":\"https:\/\/jornalfatosenoticias.com.br\/#\/schema\/person\/d63837fa13ac8666eb9e74e0985d6f81\",\"name\":\"Luzimara Fernandes\",\"image\":{\"@type\":\"ImageObject\",\"inLanguage\":\"pt-BR\",\"@id\":\"https:\/\/jornalfatosenoticias.com.br\/#\/schema\/person\/image\/\",\"url\":\"https:\/\/jornalfatosenoticias.com.br\/wp-content\/uploads\/2025\/05\/EU_portal.jpg\",\"contentUrl\":\"https:\/\/jornalfatosenoticias.com.br\/wp-content\/uploads\/2025\/05\/EU_portal.jpg\",\"caption\":\"Luzimara Fernandes\"},\"description\":\"Jornalista MTB 2358-ES\",\"sameAs\":[\"https:\/\/jornalfatosenoticias.com.br\"],\"url\":\"https:\/\/jornalfatosenoticias.com.br\/index.php\/author\/luzimara\/\"}]}<\/script>\n<!-- \/ Yoast SEO plugin. -->","yoast_head_json":{"title":"Sapo da Amaz\u00f4nia que tem \"nariz de anta\" e cor de chocolate \u00e9 descrito pela primeira vez por cientistas - Jornal Fatos e Not\u00edcias","robots":{"index":"index","follow":"follow","max-snippet":"max-snippet:-1","max-image-preview":"max-image-preview:large","max-video-preview":"max-video-preview:-1"},"canonical":"https:\/\/jornalfatosenoticias.com.br\/index.php\/2022\/03\/01\/sapo-da-amazonia-que-tem-nariz-de-anta-e-cor-de-chocolate-e-descrito-pela-primeira-vez-por-cientistas\/","og_locale":"pt_BR","og_type":"article","og_title":"Sapo da Amaz\u00f4nia que tem \"nariz de anta\" e cor de chocolate \u00e9 descrito pela primeira vez por cientistas - Jornal Fatos e Not\u00edcias","og_description":"Encontrado na floresta amaz\u00f4nica, o animal \u00e9 um velho conhecido de comunidades peruanas, mas s\u00f3 agora pesquisadores conseguiram descrever a esp\u00e9cie oficialmente Sua pele lisa e acastanhada lhe confere uma apar\u00eancia de chocolate e seu nariz lembra os tra\u00e7os faciais da anta amaz\u00f4nica, uma das \u00faltimas remanescentes da megafauna da\u00a0Amaz\u00f4nia. No entanto, seu tamanho e [&hellip;]","og_url":"https:\/\/jornalfatosenoticias.com.br\/index.php\/2022\/03\/01\/sapo-da-amazonia-que-tem-nariz-de-anta-e-cor-de-chocolate-e-descrito-pela-primeira-vez-por-cientistas\/","og_site_name":"Jornal Fatos e Not\u00edcias","article_published_time":"2022-03-01T15:36:07+00:00","article_modified_time":"2022-03-01T15:36:09+00:00","og_image":[{"width":1000,"height":634,"url":"https:\/\/jornalfatosenoticias.com.br\/wp-content\/uploads\/2022\/03\/sapo-da-amazonia.jpg","type":"image\/jpeg"}],"author":"Luzimara Fernandes","twitter_card":"summary_large_image","twitter_misc":{"Escrito por":"Luzimara Fernandes","Est. tempo de leitura":"3 minutos"},"schema":{"@context":"https:\/\/schema.org","@graph":[{"@type":"Article","@id":"https:\/\/jornalfatosenoticias.com.br\/index.php\/2022\/03\/01\/sapo-da-amazonia-que-tem-nariz-de-anta-e-cor-de-chocolate-e-descrito-pela-primeira-vez-por-cientistas\/#article","isPartOf":{"@id":"https:\/\/jornalfatosenoticias.com.br\/index.php\/2022\/03\/01\/sapo-da-amazonia-que-tem-nariz-de-anta-e-cor-de-chocolate-e-descrito-pela-primeira-vez-por-cientistas\/"},"author":{"name":"Luzimara Fernandes","@id":"https:\/\/jornalfatosenoticias.com.br\/#\/schema\/person\/d63837fa13ac8666eb9e74e0985d6f81"},"headline":"Sapo da Amaz\u00f4nia que tem &#8220;nariz de anta&#8221; e cor de chocolate \u00e9 descrito pela primeira vez por cientistas","datePublished":"2022-03-01T15:36:07+00:00","dateModified":"2022-03-01T15:36:09+00:00","mainEntityOfPage":{"@id":"https:\/\/jornalfatosenoticias.com.br\/index.php\/2022\/03\/01\/sapo-da-amazonia-que-tem-nariz-de-anta-e-cor-de-chocolate-e-descrito-pela-primeira-vez-por-cientistas\/"},"wordCount":525,"commentCount":0,"publisher":{"@id":"https:\/\/jornalfatosenoticias.com.br\/#organization"},"image":{"@id":"https:\/\/jornalfatosenoticias.com.br\/index.php\/2022\/03\/01\/sapo-da-amazonia-que-tem-nariz-de-anta-e-cor-de-chocolate-e-descrito-pela-primeira-vez-por-cientistas\/#primaryimage"},"thumbnailUrl":"https:\/\/jornalfatosenoticias.com.br\/wp-content\/uploads\/2022\/03\/sapo-da-amazonia.jpg","keywords":["cor de chocolate","floresta amaz\u00f4nica","nova esp\u00e9cie de sapos encontrada na Amaz\u00f4nia","sapo-anta"],"articleSection":["Ci\u00eancia"],"inLanguage":"pt-BR","potentialAction":[{"@type":"CommentAction","name":"Comment","target":["https:\/\/jornalfatosenoticias.com.br\/index.php\/2022\/03\/01\/sapo-da-amazonia-que-tem-nariz-de-anta-e-cor-de-chocolate-e-descrito-pela-primeira-vez-por-cientistas\/#respond"]}]},{"@type":"WebPage","@id":"https:\/\/jornalfatosenoticias.com.br\/index.php\/2022\/03\/01\/sapo-da-amazonia-que-tem-nariz-de-anta-e-cor-de-chocolate-e-descrito-pela-primeira-vez-por-cientistas\/","url":"https:\/\/jornalfatosenoticias.com.br\/index.php\/2022\/03\/01\/sapo-da-amazonia-que-tem-nariz-de-anta-e-cor-de-chocolate-e-descrito-pela-primeira-vez-por-cientistas\/","name":"Sapo da Amaz\u00f4nia que tem \"nariz de anta\" e cor de chocolate \u00e9 descrito pela primeira vez por cientistas - Jornal Fatos e Not\u00edcias","isPartOf":{"@id":"https:\/\/jornalfatosenoticias.com.br\/#website"},"primaryImageOfPage":{"@id":"https:\/\/jornalfatosenoticias.com.br\/index.php\/2022\/03\/01\/sapo-da-amazonia-que-tem-nariz-de-anta-e-cor-de-chocolate-e-descrito-pela-primeira-vez-por-cientistas\/#primaryimage"},"image":{"@id":"https:\/\/jornalfatosenoticias.com.br\/index.php\/2022\/03\/01\/sapo-da-amazonia-que-tem-nariz-de-anta-e-cor-de-chocolate-e-descrito-pela-primeira-vez-por-cientistas\/#primaryimage"},"thumbnailUrl":"https:\/\/jornalfatosenoticias.com.br\/wp-content\/uploads\/2022\/03\/sapo-da-amazonia.jpg","datePublished":"2022-03-01T15:36:07+00:00","dateModified":"2022-03-01T15:36:09+00:00","breadcrumb":{"@id":"https:\/\/jornalfatosenoticias.com.br\/index.php\/2022\/03\/01\/sapo-da-amazonia-que-tem-nariz-de-anta-e-cor-de-chocolate-e-descrito-pela-primeira-vez-por-cientistas\/#breadcrumb"},"inLanguage":"pt-BR","potentialAction":[{"@type":"ReadAction","target":["https:\/\/jornalfatosenoticias.com.br\/index.php\/2022\/03\/01\/sapo-da-amazonia-que-tem-nariz-de-anta-e-cor-de-chocolate-e-descrito-pela-primeira-vez-por-cientistas\/"]}]},{"@type":"ImageObject","inLanguage":"pt-BR","@id":"https:\/\/jornalfatosenoticias.com.br\/index.php\/2022\/03\/01\/sapo-da-amazonia-que-tem-nariz-de-anta-e-cor-de-chocolate-e-descrito-pela-primeira-vez-por-cientistas\/#primaryimage","url":"https:\/\/jornalfatosenoticias.com.br\/wp-content\/uploads\/2022\/03\/sapo-da-amazonia.jpg","contentUrl":"https:\/\/jornalfatosenoticias.com.br\/wp-content\/uploads\/2022\/03\/sapo-da-amazonia.jpg","width":1000,"height":634},{"@type":"BreadcrumbList","@id":"https:\/\/jornalfatosenoticias.com.br\/index.php\/2022\/03\/01\/sapo-da-amazonia-que-tem-nariz-de-anta-e-cor-de-chocolate-e-descrito-pela-primeira-vez-por-cientistas\/#breadcrumb","itemListElement":[{"@type":"ListItem","position":1,"name":"In\u00edcio","item":"https:\/\/jornalfatosenoticias.com.br\/"},{"@type":"ListItem","position":2,"name":"Sapo da Amaz\u00f4nia que tem &#8220;nariz de anta&#8221; e cor de chocolate \u00e9 descrito pela primeira vez por cientistas"}]},{"@type":"WebSite","@id":"https:\/\/jornalfatosenoticias.com.br\/#website","url":"https:\/\/jornalfatosenoticias.com.br\/","name":"Jornal Fatos e Not\u00edcias","description":"Not\u00edcias em geral","publisher":{"@id":"https:\/\/jornalfatosenoticias.com.br\/#organization"},"potentialAction":[{"@type":"SearchAction","target":{"@type":"EntryPoint","urlTemplate":"https:\/\/jornalfatosenoticias.com.br\/?s={search_term_string}"},"query-input":{"@type":"PropertyValueSpecification","valueRequired":true,"valueName":"search_term_string"}}],"inLanguage":"pt-BR"},{"@type":"Organization","@id":"https:\/\/jornalfatosenoticias.com.br\/#organization","name":"Jornal Fatos e Not\u00edcias","url":"https:\/\/jornalfatosenoticias.com.br\/","logo":{"@type":"ImageObject","inLanguage":"pt-BR","@id":"https:\/\/jornalfatosenoticias.com.br\/#\/schema\/logo\/image\/","url":"https:\/\/jornalfatosenoticias.com.br\/wp-content\/uploads\/2020\/02\/logo120.png","contentUrl":"https:\/\/jornalfatosenoticias.com.br\/wp-content\/uploads\/2020\/02\/logo120.png","width":1227,"height":120,"caption":"Jornal Fatos e Not\u00edcias"},"image":{"@id":"https:\/\/jornalfatosenoticias.com.br\/#\/schema\/logo\/image\/"}},{"@type":"Person","@id":"https:\/\/jornalfatosenoticias.com.br\/#\/schema\/person\/d63837fa13ac8666eb9e74e0985d6f81","name":"Luzimara Fernandes","image":{"@type":"ImageObject","inLanguage":"pt-BR","@id":"https:\/\/jornalfatosenoticias.com.br\/#\/schema\/person\/image\/","url":"https:\/\/jornalfatosenoticias.com.br\/wp-content\/uploads\/2025\/05\/EU_portal.jpg","contentUrl":"https:\/\/jornalfatosenoticias.com.br\/wp-content\/uploads\/2025\/05\/EU_portal.jpg","caption":"Luzimara Fernandes"},"description":"Jornalista MTB 2358-ES","sameAs":["https:\/\/jornalfatosenoticias.com.br"],"url":"https:\/\/jornalfatosenoticias.com.br\/index.php\/author\/luzimara\/"}]}},"cc_featured_image_caption":{"caption_text":"(Foto: Germ\u00e1n Ch\u00e1vez\/Divulga\u00e7\u00e3o)","source_text":"","source_url":""},"jetpack_featured_media_url":"https:\/\/jornalfatosenoticias.com.br\/wp-content\/uploads\/2022\/03\/sapo-da-amazonia.jpg","_links":{"self":[{"href":"https:\/\/jornalfatosenoticias.com.br\/index.php\/wp-json\/wp\/v2\/posts\/28363","targetHints":{"allow":["GET"]}}],"collection":[{"href":"https:\/\/jornalfatosenoticias.com.br\/index.php\/wp-json\/wp\/v2\/posts"}],"about":[{"href":"https:\/\/jornalfatosenoticias.com.br\/index.php\/wp-json\/wp\/v2\/types\/post"}],"author":[{"embeddable":true,"href":"https:\/\/jornalfatosenoticias.com.br\/index.php\/wp-json\/wp\/v2\/users\/2"}],"replies":[{"embeddable":true,"href":"https:\/\/jornalfatosenoticias.com.br\/index.php\/wp-json\/wp\/v2\/comments?post=28363"}],"version-history":[{"count":0,"href":"https:\/\/jornalfatosenoticias.com.br\/index.php\/wp-json\/wp\/v2\/posts\/28363\/revisions"}],"wp:featuredmedia":[{"embeddable":true,"href":"https:\/\/jornalfatosenoticias.com.br\/index.php\/wp-json\/wp\/v2\/media\/28366"}],"wp:attachment":[{"href":"https:\/\/jornalfatosenoticias.com.br\/index.php\/wp-json\/wp\/v2\/media?parent=28363"}],"wp:term":[{"taxonomy":"category","embeddable":true,"href":"https:\/\/jornalfatosenoticias.com.br\/index.php\/wp-json\/wp\/v2\/categories?post=28363"},{"taxonomy":"post_tag","embeddable":true,"href":"https:\/\/jornalfatosenoticias.com.br\/index.php\/wp-json\/wp\/v2\/tags?post=28363"}],"curies":[{"name":"wp","href":"https:\/\/api.w.org\/{rel}","templated":true}]}}