{"id":28375,"date":"2022-03-01T13:55:06","date_gmt":"2022-03-01T16:55:06","guid":{"rendered":"https:\/\/jornalfatosenoticias.com.br\/?p=28375"},"modified":"2022-03-01T13:55:10","modified_gmt":"2022-03-01T16:55:10","slug":"plastico-corresponde-a-485-dos-itens-encontrados-no-mar-do-brasil","status":"publish","type":"post","link":"https:\/\/jornalfatosenoticias.com.br\/index.php\/2022\/03\/01\/plastico-corresponde-a-485-dos-itens-encontrados-no-mar-do-brasil\/","title":{"rendered":"Pl\u00e1stico corresponde a 48,5% dos itens encontrados no mar do Brasil"},"content":{"rendered":"\n<p><em><span class=\"has-inline-color has-black-color\">22 milh\u00f5es de toneladas de pl\u00e1stico poluem o meio ambiente a cada ano<\/span><\/em><\/p>\n\n\n\n<p>Um diagn\u00f3stico feito pelo programa Lixo Fora D\u2019\u00c1gua, da Associa\u00e7\u00e3o Brasileira de Empresas de Limpeza P\u00fablica e Res\u00edduos Especiais (Abrelpe), mostrou que os res\u00edduos pl\u00e1sticos correspondem a 48,5% dos materiais que vazam para o mar. Segundo o levantamento, os 15 itens mais encontrados nas an\u00e1lises representam 80,3% dos res\u00edduos que v\u00e3o parar na costa brasileira.<br>Depois do pl\u00e1stico, a guimba (ou bituca) de cigarro e o isopor aparecem em segundo e terceiro lugares entre os itens mais encontrados. Os outros 19,7% abrangem artigos como roupas e apetrechos de pesca, entre outros. Todos fazem parte de uma amostra que soma 16.733 itens retirados da areia, da praia e de manguezais.<\/p>\n\n\n\n<div class=\"wp-block-image\"><figure class=\"alignright size-large is-resized\"><img loading=\"lazy\" decoding=\"async\" src=\"https:\/\/jornalfatosenoticias.com.br\/wp-content\/uploads\/2022\/02\/Precisao-Contabilidade-1024x724.jpg\" alt=\"\" class=\"wp-image-28088\" width=\"353\" height=\"249\"\/><\/figure><\/div>\n\n\n\n<p>O levantamento faz parte de um trabalho feito pela Abrelpe desde 2018 em 11 cidades da costa onde vivem 14 milh\u00f5es de habitantes. O programa iniciou as a\u00e7\u00f5es de monitoramento, preven\u00e7\u00e3o e combate ao lixo no mar e nos demais corpos h\u00eddricos na cidade de Santos (SP) e atualmente abrange os munic\u00edpios de Balne\u00e1rio Cambori\u00fa (SC), Bertioga (SP), Fortaleza (CE), Ipojuca (PE), Rio de Janeiro (RJ), S\u00e3o Lu\u00eds (MA), Manaus (AM), <strong><span class=\"has-inline-color has-black-color\">Serra (ES) <\/span><\/strong>e munic\u00edpios da Ba\u00eda da Ilha Grande, no Rio de Janeiro.<\/p>\n\n\n\n<p><strong><span class=\"has-inline-color has-black-color\">Metodologia<br><\/span><\/strong>A metodologia desenvolvida no \u00e2mbito do projeto Lixo Fora D\u2019\u00c1gua tamb\u00e9m est\u00e1 presente no Caribe, sendo aplicada em cidades da Costa Rica, Col\u00f4mbia e Rep\u00fablica Dominicana.<\/p>\n\n\n\n<figure class=\"wp-block-image size-large\"><img loading=\"lazy\" decoding=\"async\" width=\"729\" height=\"90\" src=\"https:\/\/jornalfatosenoticias.com.br\/wp-content\/uploads\/2020\/02\/Logo_Mizu.png\" alt=\"\" class=\"wp-image-1441\" srcset=\"https:\/\/jornalfatosenoticias.com.br\/wp-content\/uploads\/2020\/02\/Logo_Mizu.png 729w, https:\/\/jornalfatosenoticias.com.br\/wp-content\/uploads\/2020\/02\/Logo_Mizu-300x37.png 300w\" sizes=\"auto, (max-width: 729px) 100vw, 729px\" \/><\/figure>\n\n\n\n<blockquote class=\"wp-block-quote is-layout-flow wp-block-quote-is-layout-flow\"><p><span class=\"has-inline-color has-luminous-vivid-orange-color\">\u201cCerca de 22 milh\u00f5es de toneladas de pl\u00e1sticos vazam para o meio ambiente a cada ano em todo o mundo, e em torno de cinco a 12 milh\u00f5es de toneladas de res\u00edduos pl\u00e1sticos t\u00eam os oceanos como destino. Cerca de 80% desse total s\u00e3o oriundos de atividades humanas desenvolvidas no continente, seja no litoral ou em regi\u00f5es onde correm rios que desaguam em ambientes marinhos, sendo resultado de falhas que ocorrem nos sistemas de limpeza urbana e gest\u00e3o de res\u00edduos nas \u00e1reas urbanas das cidades\u201d, disse o diretor-presidente da Abrelpe, Carlos Silva Filho.<\/span><\/p><\/blockquote>\n\n\n\n<figure class=\"wp-block-image size-large\"><img loading=\"lazy\" decoding=\"async\" width=\"1024\" height=\"100\" src=\"https:\/\/jornalfatosenoticias.com.br\/wp-content\/uploads\/2020\/02\/banner_ferramentas-1024x100.jpg\" alt=\"\" class=\"wp-image-1258\" srcset=\"https:\/\/jornalfatosenoticias.com.br\/wp-content\/uploads\/2020\/02\/banner_ferramentas-1024x100.jpg 1024w, https:\/\/jornalfatosenoticias.com.br\/wp-content\/uploads\/2020\/02\/banner_ferramentas-300x29.jpg 300w, https:\/\/jornalfatosenoticias.com.br\/wp-content\/uploads\/2020\/02\/banner_ferramentas-768x75.jpg 768w, https:\/\/jornalfatosenoticias.com.br\/wp-content\/uploads\/2020\/02\/banner_ferramentas.jpg 1227w\" sizes=\"auto, (max-width: 1024px) 100vw, 1024px\" \/><\/figure>\n\n\n\n<p>Segundo as estimativas da entidade, mais de dois milh\u00f5es de toneladas de res\u00edduos s\u00f3lidos urbanos v\u00e3o parar nos rios e mares todos os anos no Brasil.<\/p>\n\n\n\n<blockquote class=\"wp-block-quote is-layout-flow wp-block-quote-is-layout-flow\"><p><span class=\"has-inline-color has-luminous-vivid-orange-color\">\u201cRessalta-se, por\u00e9m, que esse total pode ser ainda maior j\u00e1 que as 30 milh\u00f5es de toneladas de lixo que seguem para destina\u00e7\u00e3o inadequada, ou seja, lix\u00f5es e aterros controlados, que ainda existem em todo o pa\u00eds, podem acarretar um acr\u00e9scimo de tr\u00eas milh\u00f5es de toneladas de lixo no mar a cada ano\u201d, afirmou a Abrelpe.<\/span><\/p><\/blockquote>\n\n\n\n<div class=\"wp-block-image\"><figure class=\"alignleft size-large is-resized\"><img loading=\"lazy\" decoding=\"async\" src=\"https:\/\/jornalfatosenoticias.com.br\/wp-content\/uploads\/2020\/02\/nova-logo-Marquetti.jpg\" alt=\"\" class=\"wp-image-22331\" width=\"354\" height=\"239\" srcset=\"https:\/\/jornalfatosenoticias.com.br\/wp-content\/uploads\/2020\/02\/nova-logo-Marquetti.jpg 643w, https:\/\/jornalfatosenoticias.com.br\/wp-content\/uploads\/2020\/02\/nova-logo-Marquetti-300x202.jpg 300w\" sizes=\"auto, (max-width: 354px) 100vw, 354px\" \/><\/figure><\/div>\n\n\n\n<p>Acrescentou que o programa tamb\u00e9m visa identificar as principais fontes de origem dos res\u00edduos e estudar como as cidades podem aprimorar a gest\u00e3o de res\u00edduos s\u00f3lidos em terra para prevenir a polui\u00e7\u00e3o marinha.<\/p>\n\n\n\n<p><strong><span class=\"has-inline-color has-vivid-green-cyan-color\">Vazamento de lixo<br><\/span><\/strong>Segundo um dos relat\u00f3rios, as tr\u00eas principais fontes de vazamento de lixo no mar s\u00e3o as comunidades nas \u00e1reas de ocupa\u00e7\u00e3o irregular, pr\u00f3ximas aos cursos d\u2019\u00e1gua, os canais de drenagem que atravessam a malha urbana e a pr\u00f3pria orla da praia em sua faixa de areia.<\/p>\n\n\n\n<blockquote class=\"wp-block-quote is-layout-flow wp-block-quote-is-layout-flow\"><p><span class=\"has-inline-color has-luminous-vivid-orange-color\">\u201cOs resultados do programa Lixo Fora D\u2019\u00e1gua permitem afirmar que a melhor solu\u00e7\u00e3o para o problema do lixo no mar reside justamente no aperfei\u00e7oamento dos sistemas e infraestrutura de limpeza urbana nas cidades, que deve acontecer junto a programas permanentes de educa\u00e7\u00e3o ambiental implementados em todas as camadas da popula\u00e7\u00e3o\u201d, explicou o presidente da Abrelpe.<\/span><\/p><\/blockquote>\n\n\n\n<div class=\"wp-block-image\"><figure class=\"aligncenter size-large is-resized\"><img loading=\"lazy\" decoding=\"async\" src=\"https:\/\/jornalfatosenoticias.com.br\/wp-content\/uploads\/2022\/02\/LOGO-ESTEIO-1024x730.png\" alt=\"\" class=\"wp-image-27942\" width=\"284\" height=\"202\" srcset=\"https:\/\/jornalfatosenoticias.com.br\/wp-content\/uploads\/2022\/02\/LOGO-ESTEIO-1024x730.png 1024w, https:\/\/jornalfatosenoticias.com.br\/wp-content\/uploads\/2022\/02\/LOGO-ESTEIO-300x214.png 300w, https:\/\/jornalfatosenoticias.com.br\/wp-content\/uploads\/2022\/02\/LOGO-ESTEIO-768x548.png 768w, https:\/\/jornalfatosenoticias.com.br\/wp-content\/uploads\/2022\/02\/LOGO-ESTEIO.png 1123w\" sizes=\"auto, (max-width: 284px) 100vw, 284px\" \/><\/figure><\/div>\n\n\n\n<p><strong><em>Fonte: <a href=\"https:\/\/agenciabrasil.ebc.com.br\/geral\/noticia\/2022-03\/plastico-corresponde-485-dos-itens-encontrados-no-mar-do-brasil\">Ag\u00eancia Brasil<\/a><\/em><\/strong><\/p>\n","protected":false},"excerpt":{"rendered":"<p>22 milh\u00f5es de toneladas de pl\u00e1stico poluem o meio ambiente a cada ano Um diagn\u00f3stico feito pelo programa Lixo Fora D\u2019\u00c1gua, da Associa\u00e7\u00e3o Brasileira de Empresas de Limpeza P\u00fablica e Res\u00edduos Especiais (Abrelpe), mostrou que os res\u00edduos pl\u00e1sticos correspondem a 48,5% dos materiais que vazam para o mar. Segundo o levantamento, os 15 itens mais [&hellip;]<\/p>\n","protected":false},"author":2,"featured_media":28376,"comment_status":"open","ping_status":"open","sticky":false,"template":"","format":"standard","meta":{"footnotes":""},"categories":[8],"tags":[13515,137,577,1279,12410],"class_list":["post-28375","post","type-post","status-publish","format-standard","has-post-thumbnail","hentry","category-meio-ambiente","tag-abrelpe","tag-mar","tag-plastico","tag-poluicao","tag-poluicao-do-mar"],"yoast_head":"<!-- This site is optimized with the Yoast SEO plugin v26.5 - https:\/\/yoast.com\/wordpress\/plugins\/seo\/ -->\n<title>Pl\u00e1stico corresponde a 48,5% dos itens encontrados no mar do Brasil - Jornal Fatos e Not\u00edcias<\/title>\n<meta name=\"robots\" content=\"index, follow, max-snippet:-1, max-image-preview:large, max-video-preview:-1\" \/>\n<link rel=\"canonical\" href=\"https:\/\/jornalfatosenoticias.com.br\/index.php\/2022\/03\/01\/plastico-corresponde-a-485-dos-itens-encontrados-no-mar-do-brasil\/\" \/>\n<meta property=\"og:locale\" content=\"pt_BR\" \/>\n<meta property=\"og:type\" content=\"article\" \/>\n<meta property=\"og:title\" content=\"Pl\u00e1stico corresponde a 48,5% dos itens encontrados no mar do Brasil - Jornal Fatos e Not\u00edcias\" \/>\n<meta property=\"og:description\" content=\"22 milh\u00f5es de toneladas de pl\u00e1stico poluem o meio ambiente a cada ano Um diagn\u00f3stico feito pelo programa Lixo Fora D\u2019\u00c1gua, da Associa\u00e7\u00e3o Brasileira de Empresas de Limpeza P\u00fablica e Res\u00edduos Especiais (Abrelpe), mostrou que os res\u00edduos pl\u00e1sticos correspondem a 48,5% dos materiais que vazam para o mar. Segundo o levantamento, os 15 itens mais [&hellip;]\" \/>\n<meta property=\"og:url\" content=\"https:\/\/jornalfatosenoticias.com.br\/index.php\/2022\/03\/01\/plastico-corresponde-a-485-dos-itens-encontrados-no-mar-do-brasil\/\" \/>\n<meta property=\"og:site_name\" content=\"Jornal Fatos e Not\u00edcias\" \/>\n<meta property=\"article:published_time\" content=\"2022-03-01T16:55:06+00:00\" \/>\n<meta property=\"article:modified_time\" content=\"2022-03-01T16:55:10+00:00\" \/>\n<meta property=\"og:image\" content=\"https:\/\/jornalfatosenoticias.com.br\/wp-content\/uploads\/2022\/03\/plasticos.jpg\" \/>\n\t<meta property=\"og:image:width\" content=\"1000\" \/>\n\t<meta property=\"og:image:height\" content=\"598\" \/>\n\t<meta property=\"og:image:type\" content=\"image\/jpeg\" \/>\n<meta name=\"author\" content=\"Luzimara Fernandes\" \/>\n<meta name=\"twitter:card\" content=\"summary_large_image\" \/>\n<meta name=\"twitter:label1\" content=\"Escrito por\" \/>\n\t<meta name=\"twitter:data1\" content=\"Luzimara Fernandes\" \/>\n\t<meta name=\"twitter:label2\" content=\"Est. tempo de leitura\" \/>\n\t<meta name=\"twitter:data2\" content=\"3 minutos\" \/>\n<script type=\"application\/ld+json\" class=\"yoast-schema-graph\">{\"@context\":\"https:\/\/schema.org\",\"@graph\":[{\"@type\":\"Article\",\"@id\":\"https:\/\/jornalfatosenoticias.com.br\/index.php\/2022\/03\/01\/plastico-corresponde-a-485-dos-itens-encontrados-no-mar-do-brasil\/#article\",\"isPartOf\":{\"@id\":\"https:\/\/jornalfatosenoticias.com.br\/index.php\/2022\/03\/01\/plastico-corresponde-a-485-dos-itens-encontrados-no-mar-do-brasil\/\"},\"author\":{\"name\":\"Luzimara Fernandes\",\"@id\":\"https:\/\/jornalfatosenoticias.com.br\/#\/schema\/person\/d63837fa13ac8666eb9e74e0985d6f81\"},\"headline\":\"Pl\u00e1stico corresponde a 48,5% dos itens encontrados no mar do Brasil\",\"datePublished\":\"2022-03-01T16:55:06+00:00\",\"dateModified\":\"2022-03-01T16:55:10+00:00\",\"mainEntityOfPage\":{\"@id\":\"https:\/\/jornalfatosenoticias.com.br\/index.php\/2022\/03\/01\/plastico-corresponde-a-485-dos-itens-encontrados-no-mar-do-brasil\/\"},\"wordCount\":613,\"commentCount\":0,\"publisher\":{\"@id\":\"https:\/\/jornalfatosenoticias.com.br\/#organization\"},\"image\":{\"@id\":\"https:\/\/jornalfatosenoticias.com.br\/index.php\/2022\/03\/01\/plastico-corresponde-a-485-dos-itens-encontrados-no-mar-do-brasil\/#primaryimage\"},\"thumbnailUrl\":\"https:\/\/jornalfatosenoticias.com.br\/wp-content\/uploads\/2022\/03\/plasticos.jpg\",\"keywords\":[\"Abrelpe\",\"mar\",\"pl\u00e1stico\",\"polui\u00e7\u00e3o\",\"polui\u00e7\u00e3o do mar\"],\"articleSection\":[\"Meio ambiente\"],\"inLanguage\":\"pt-BR\",\"potentialAction\":[{\"@type\":\"CommentAction\",\"name\":\"Comment\",\"target\":[\"https:\/\/jornalfatosenoticias.com.br\/index.php\/2022\/03\/01\/plastico-corresponde-a-485-dos-itens-encontrados-no-mar-do-brasil\/#respond\"]}]},{\"@type\":\"WebPage\",\"@id\":\"https:\/\/jornalfatosenoticias.com.br\/index.php\/2022\/03\/01\/plastico-corresponde-a-485-dos-itens-encontrados-no-mar-do-brasil\/\",\"url\":\"https:\/\/jornalfatosenoticias.com.br\/index.php\/2022\/03\/01\/plastico-corresponde-a-485-dos-itens-encontrados-no-mar-do-brasil\/\",\"name\":\"Pl\u00e1stico corresponde a 48,5% dos itens encontrados no mar do Brasil - Jornal Fatos e Not\u00edcias\",\"isPartOf\":{\"@id\":\"https:\/\/jornalfatosenoticias.com.br\/#website\"},\"primaryImageOfPage\":{\"@id\":\"https:\/\/jornalfatosenoticias.com.br\/index.php\/2022\/03\/01\/plastico-corresponde-a-485-dos-itens-encontrados-no-mar-do-brasil\/#primaryimage\"},\"image\":{\"@id\":\"https:\/\/jornalfatosenoticias.com.br\/index.php\/2022\/03\/01\/plastico-corresponde-a-485-dos-itens-encontrados-no-mar-do-brasil\/#primaryimage\"},\"thumbnailUrl\":\"https:\/\/jornalfatosenoticias.com.br\/wp-content\/uploads\/2022\/03\/plasticos.jpg\",\"datePublished\":\"2022-03-01T16:55:06+00:00\",\"dateModified\":\"2022-03-01T16:55:10+00:00\",\"breadcrumb\":{\"@id\":\"https:\/\/jornalfatosenoticias.com.br\/index.php\/2022\/03\/01\/plastico-corresponde-a-485-dos-itens-encontrados-no-mar-do-brasil\/#breadcrumb\"},\"inLanguage\":\"pt-BR\",\"potentialAction\":[{\"@type\":\"ReadAction\",\"target\":[\"https:\/\/jornalfatosenoticias.com.br\/index.php\/2022\/03\/01\/plastico-corresponde-a-485-dos-itens-encontrados-no-mar-do-brasil\/\"]}]},{\"@type\":\"ImageObject\",\"inLanguage\":\"pt-BR\",\"@id\":\"https:\/\/jornalfatosenoticias.com.br\/index.php\/2022\/03\/01\/plastico-corresponde-a-485-dos-itens-encontrados-no-mar-do-brasil\/#primaryimage\",\"url\":\"https:\/\/jornalfatosenoticias.com.br\/wp-content\/uploads\/2022\/03\/plasticos.jpg\",\"contentUrl\":\"https:\/\/jornalfatosenoticias.com.br\/wp-content\/uploads\/2022\/03\/plasticos.jpg\",\"width\":1000,\"height\":598,\"caption\":\"According to the world bank in a preliminary report findings on poverty calculates the poverty line at 0.88 cents a day whilst 49.9% people live below poverty line in Timor-Leste. Most waste is dumped directly onto pavements and garbage are seldom collected. Rivers filled wih plastic will spill the waste near and into the sea. Photo by Martine Perret\/UNMIT 3 December 2008\"},{\"@type\":\"BreadcrumbList\",\"@id\":\"https:\/\/jornalfatosenoticias.com.br\/index.php\/2022\/03\/01\/plastico-corresponde-a-485-dos-itens-encontrados-no-mar-do-brasil\/#breadcrumb\",\"itemListElement\":[{\"@type\":\"ListItem\",\"position\":1,\"name\":\"In\u00edcio\",\"item\":\"https:\/\/jornalfatosenoticias.com.br\/\"},{\"@type\":\"ListItem\",\"position\":2,\"name\":\"Pl\u00e1stico corresponde a 48,5% dos itens encontrados no mar do Brasil\"}]},{\"@type\":\"WebSite\",\"@id\":\"https:\/\/jornalfatosenoticias.com.br\/#website\",\"url\":\"https:\/\/jornalfatosenoticias.com.br\/\",\"name\":\"Jornal Fatos e Not\u00edcias\",\"description\":\"Not\u00edcias em geral\",\"publisher\":{\"@id\":\"https:\/\/jornalfatosenoticias.com.br\/#organization\"},\"potentialAction\":[{\"@type\":\"SearchAction\",\"target\":{\"@type\":\"EntryPoint\",\"urlTemplate\":\"https:\/\/jornalfatosenoticias.com.br\/?s={search_term_string}\"},\"query-input\":{\"@type\":\"PropertyValueSpecification\",\"valueRequired\":true,\"valueName\":\"search_term_string\"}}],\"inLanguage\":\"pt-BR\"},{\"@type\":\"Organization\",\"@id\":\"https:\/\/jornalfatosenoticias.com.br\/#organization\",\"name\":\"Jornal Fatos e Not\u00edcias\",\"url\":\"https:\/\/jornalfatosenoticias.com.br\/\",\"logo\":{\"@type\":\"ImageObject\",\"inLanguage\":\"pt-BR\",\"@id\":\"https:\/\/jornalfatosenoticias.com.br\/#\/schema\/logo\/image\/\",\"url\":\"https:\/\/jornalfatosenoticias.com.br\/wp-content\/uploads\/2020\/02\/logo120.png\",\"contentUrl\":\"https:\/\/jornalfatosenoticias.com.br\/wp-content\/uploads\/2020\/02\/logo120.png\",\"width\":1227,\"height\":120,\"caption\":\"Jornal Fatos e Not\u00edcias\"},\"image\":{\"@id\":\"https:\/\/jornalfatosenoticias.com.br\/#\/schema\/logo\/image\/\"}},{\"@type\":\"Person\",\"@id\":\"https:\/\/jornalfatosenoticias.com.br\/#\/schema\/person\/d63837fa13ac8666eb9e74e0985d6f81\",\"name\":\"Luzimara Fernandes\",\"image\":{\"@type\":\"ImageObject\",\"inLanguage\":\"pt-BR\",\"@id\":\"https:\/\/jornalfatosenoticias.com.br\/#\/schema\/person\/image\/\",\"url\":\"https:\/\/jornalfatosenoticias.com.br\/wp-content\/uploads\/2025\/05\/EU_portal.jpg\",\"contentUrl\":\"https:\/\/jornalfatosenoticias.com.br\/wp-content\/uploads\/2025\/05\/EU_portal.jpg\",\"caption\":\"Luzimara Fernandes\"},\"description\":\"Jornalista MTB 2358-ES\",\"sameAs\":[\"https:\/\/jornalfatosenoticias.com.br\"],\"url\":\"https:\/\/jornalfatosenoticias.com.br\/index.php\/author\/luzimara\/\"}]}<\/script>\n<!-- \/ Yoast SEO plugin. -->","yoast_head_json":{"title":"Pl\u00e1stico corresponde a 48,5% dos itens encontrados no mar do Brasil - Jornal Fatos e Not\u00edcias","robots":{"index":"index","follow":"follow","max-snippet":"max-snippet:-1","max-image-preview":"max-image-preview:large","max-video-preview":"max-video-preview:-1"},"canonical":"https:\/\/jornalfatosenoticias.com.br\/index.php\/2022\/03\/01\/plastico-corresponde-a-485-dos-itens-encontrados-no-mar-do-brasil\/","og_locale":"pt_BR","og_type":"article","og_title":"Pl\u00e1stico corresponde a 48,5% dos itens encontrados no mar do Brasil - Jornal Fatos e Not\u00edcias","og_description":"22 milh\u00f5es de toneladas de pl\u00e1stico poluem o meio ambiente a cada ano Um diagn\u00f3stico feito pelo programa Lixo Fora D\u2019\u00c1gua, da Associa\u00e7\u00e3o Brasileira de Empresas de Limpeza P\u00fablica e Res\u00edduos Especiais (Abrelpe), mostrou que os res\u00edduos pl\u00e1sticos correspondem a 48,5% dos materiais que vazam para o mar. Segundo o levantamento, os 15 itens mais [&hellip;]","og_url":"https:\/\/jornalfatosenoticias.com.br\/index.php\/2022\/03\/01\/plastico-corresponde-a-485-dos-itens-encontrados-no-mar-do-brasil\/","og_site_name":"Jornal Fatos e Not\u00edcias","article_published_time":"2022-03-01T16:55:06+00:00","article_modified_time":"2022-03-01T16:55:10+00:00","og_image":[{"width":1000,"height":598,"url":"https:\/\/jornalfatosenoticias.com.br\/wp-content\/uploads\/2022\/03\/plasticos.jpg","type":"image\/jpeg"}],"author":"Luzimara Fernandes","twitter_card":"summary_large_image","twitter_misc":{"Escrito por":"Luzimara Fernandes","Est. tempo de leitura":"3 minutos"},"schema":{"@context":"https:\/\/schema.org","@graph":[{"@type":"Article","@id":"https:\/\/jornalfatosenoticias.com.br\/index.php\/2022\/03\/01\/plastico-corresponde-a-485-dos-itens-encontrados-no-mar-do-brasil\/#article","isPartOf":{"@id":"https:\/\/jornalfatosenoticias.com.br\/index.php\/2022\/03\/01\/plastico-corresponde-a-485-dos-itens-encontrados-no-mar-do-brasil\/"},"author":{"name":"Luzimara Fernandes","@id":"https:\/\/jornalfatosenoticias.com.br\/#\/schema\/person\/d63837fa13ac8666eb9e74e0985d6f81"},"headline":"Pl\u00e1stico corresponde a 48,5% dos itens encontrados no mar do Brasil","datePublished":"2022-03-01T16:55:06+00:00","dateModified":"2022-03-01T16:55:10+00:00","mainEntityOfPage":{"@id":"https:\/\/jornalfatosenoticias.com.br\/index.php\/2022\/03\/01\/plastico-corresponde-a-485-dos-itens-encontrados-no-mar-do-brasil\/"},"wordCount":613,"commentCount":0,"publisher":{"@id":"https:\/\/jornalfatosenoticias.com.br\/#organization"},"image":{"@id":"https:\/\/jornalfatosenoticias.com.br\/index.php\/2022\/03\/01\/plastico-corresponde-a-485-dos-itens-encontrados-no-mar-do-brasil\/#primaryimage"},"thumbnailUrl":"https:\/\/jornalfatosenoticias.com.br\/wp-content\/uploads\/2022\/03\/plasticos.jpg","keywords":["Abrelpe","mar","pl\u00e1stico","polui\u00e7\u00e3o","polui\u00e7\u00e3o do mar"],"articleSection":["Meio ambiente"],"inLanguage":"pt-BR","potentialAction":[{"@type":"CommentAction","name":"Comment","target":["https:\/\/jornalfatosenoticias.com.br\/index.php\/2022\/03\/01\/plastico-corresponde-a-485-dos-itens-encontrados-no-mar-do-brasil\/#respond"]}]},{"@type":"WebPage","@id":"https:\/\/jornalfatosenoticias.com.br\/index.php\/2022\/03\/01\/plastico-corresponde-a-485-dos-itens-encontrados-no-mar-do-brasil\/","url":"https:\/\/jornalfatosenoticias.com.br\/index.php\/2022\/03\/01\/plastico-corresponde-a-485-dos-itens-encontrados-no-mar-do-brasil\/","name":"Pl\u00e1stico corresponde a 48,5% dos itens encontrados no mar do Brasil - Jornal Fatos e Not\u00edcias","isPartOf":{"@id":"https:\/\/jornalfatosenoticias.com.br\/#website"},"primaryImageOfPage":{"@id":"https:\/\/jornalfatosenoticias.com.br\/index.php\/2022\/03\/01\/plastico-corresponde-a-485-dos-itens-encontrados-no-mar-do-brasil\/#primaryimage"},"image":{"@id":"https:\/\/jornalfatosenoticias.com.br\/index.php\/2022\/03\/01\/plastico-corresponde-a-485-dos-itens-encontrados-no-mar-do-brasil\/#primaryimage"},"thumbnailUrl":"https:\/\/jornalfatosenoticias.com.br\/wp-content\/uploads\/2022\/03\/plasticos.jpg","datePublished":"2022-03-01T16:55:06+00:00","dateModified":"2022-03-01T16:55:10+00:00","breadcrumb":{"@id":"https:\/\/jornalfatosenoticias.com.br\/index.php\/2022\/03\/01\/plastico-corresponde-a-485-dos-itens-encontrados-no-mar-do-brasil\/#breadcrumb"},"inLanguage":"pt-BR","potentialAction":[{"@type":"ReadAction","target":["https:\/\/jornalfatosenoticias.com.br\/index.php\/2022\/03\/01\/plastico-corresponde-a-485-dos-itens-encontrados-no-mar-do-brasil\/"]}]},{"@type":"ImageObject","inLanguage":"pt-BR","@id":"https:\/\/jornalfatosenoticias.com.br\/index.php\/2022\/03\/01\/plastico-corresponde-a-485-dos-itens-encontrados-no-mar-do-brasil\/#primaryimage","url":"https:\/\/jornalfatosenoticias.com.br\/wp-content\/uploads\/2022\/03\/plasticos.jpg","contentUrl":"https:\/\/jornalfatosenoticias.com.br\/wp-content\/uploads\/2022\/03\/plasticos.jpg","width":1000,"height":598,"caption":"According to the world bank in a preliminary report findings on poverty calculates the poverty line at 0.88 cents a day whilst 49.9% people live below poverty line in Timor-Leste. Most waste is dumped directly onto pavements and garbage are seldom collected. Rivers filled wih plastic will spill the waste near and into the sea. Photo by Martine Perret\/UNMIT 3 December 2008"},{"@type":"BreadcrumbList","@id":"https:\/\/jornalfatosenoticias.com.br\/index.php\/2022\/03\/01\/plastico-corresponde-a-485-dos-itens-encontrados-no-mar-do-brasil\/#breadcrumb","itemListElement":[{"@type":"ListItem","position":1,"name":"In\u00edcio","item":"https:\/\/jornalfatosenoticias.com.br\/"},{"@type":"ListItem","position":2,"name":"Pl\u00e1stico corresponde a 48,5% dos itens encontrados no mar do Brasil"}]},{"@type":"WebSite","@id":"https:\/\/jornalfatosenoticias.com.br\/#website","url":"https:\/\/jornalfatosenoticias.com.br\/","name":"Jornal Fatos e Not\u00edcias","description":"Not\u00edcias em geral","publisher":{"@id":"https:\/\/jornalfatosenoticias.com.br\/#organization"},"potentialAction":[{"@type":"SearchAction","target":{"@type":"EntryPoint","urlTemplate":"https:\/\/jornalfatosenoticias.com.br\/?s={search_term_string}"},"query-input":{"@type":"PropertyValueSpecification","valueRequired":true,"valueName":"search_term_string"}}],"inLanguage":"pt-BR"},{"@type":"Organization","@id":"https:\/\/jornalfatosenoticias.com.br\/#organization","name":"Jornal Fatos e Not\u00edcias","url":"https:\/\/jornalfatosenoticias.com.br\/","logo":{"@type":"ImageObject","inLanguage":"pt-BR","@id":"https:\/\/jornalfatosenoticias.com.br\/#\/schema\/logo\/image\/","url":"https:\/\/jornalfatosenoticias.com.br\/wp-content\/uploads\/2020\/02\/logo120.png","contentUrl":"https:\/\/jornalfatosenoticias.com.br\/wp-content\/uploads\/2020\/02\/logo120.png","width":1227,"height":120,"caption":"Jornal Fatos e Not\u00edcias"},"image":{"@id":"https:\/\/jornalfatosenoticias.com.br\/#\/schema\/logo\/image\/"}},{"@type":"Person","@id":"https:\/\/jornalfatosenoticias.com.br\/#\/schema\/person\/d63837fa13ac8666eb9e74e0985d6f81","name":"Luzimara Fernandes","image":{"@type":"ImageObject","inLanguage":"pt-BR","@id":"https:\/\/jornalfatosenoticias.com.br\/#\/schema\/person\/image\/","url":"https:\/\/jornalfatosenoticias.com.br\/wp-content\/uploads\/2025\/05\/EU_portal.jpg","contentUrl":"https:\/\/jornalfatosenoticias.com.br\/wp-content\/uploads\/2025\/05\/EU_portal.jpg","caption":"Luzimara Fernandes"},"description":"Jornalista MTB 2358-ES","sameAs":["https:\/\/jornalfatosenoticias.com.br"],"url":"https:\/\/jornalfatosenoticias.com.br\/index.php\/author\/luzimara\/"}]}},"cc_featured_image_caption":{"caption_text":"(Foto: Martine Perret\/ONU Meio Ambiente)","source_text":"","source_url":""},"jetpack_featured_media_url":"https:\/\/jornalfatosenoticias.com.br\/wp-content\/uploads\/2022\/03\/plasticos.jpg","_links":{"self":[{"href":"https:\/\/jornalfatosenoticias.com.br\/index.php\/wp-json\/wp\/v2\/posts\/28375","targetHints":{"allow":["GET"]}}],"collection":[{"href":"https:\/\/jornalfatosenoticias.com.br\/index.php\/wp-json\/wp\/v2\/posts"}],"about":[{"href":"https:\/\/jornalfatosenoticias.com.br\/index.php\/wp-json\/wp\/v2\/types\/post"}],"author":[{"embeddable":true,"href":"https:\/\/jornalfatosenoticias.com.br\/index.php\/wp-json\/wp\/v2\/users\/2"}],"replies":[{"embeddable":true,"href":"https:\/\/jornalfatosenoticias.com.br\/index.php\/wp-json\/wp\/v2\/comments?post=28375"}],"version-history":[{"count":0,"href":"https:\/\/jornalfatosenoticias.com.br\/index.php\/wp-json\/wp\/v2\/posts\/28375\/revisions"}],"wp:featuredmedia":[{"embeddable":true,"href":"https:\/\/jornalfatosenoticias.com.br\/index.php\/wp-json\/wp\/v2\/media\/28376"}],"wp:attachment":[{"href":"https:\/\/jornalfatosenoticias.com.br\/index.php\/wp-json\/wp\/v2\/media?parent=28375"}],"wp:term":[{"taxonomy":"category","embeddable":true,"href":"https:\/\/jornalfatosenoticias.com.br\/index.php\/wp-json\/wp\/v2\/categories?post=28375"},{"taxonomy":"post_tag","embeddable":true,"href":"https:\/\/jornalfatosenoticias.com.br\/index.php\/wp-json\/wp\/v2\/tags?post=28375"}],"curies":[{"name":"wp","href":"https:\/\/api.w.org\/{rel}","templated":true}]}}