{"id":28378,"date":"2022-03-01T14:09:19","date_gmt":"2022-03-01T17:09:19","guid":{"rendered":"https:\/\/jornalfatosenoticias.com.br\/?p=28378"},"modified":"2022-03-01T14:09:23","modified_gmt":"2022-03-01T17:09:23","slug":"caes-sentem-saudade-de-parceiros-falecidos-diz-pesquisa","status":"publish","type":"post","link":"https:\/\/jornalfatosenoticias.com.br\/index.php\/2022\/03\/01\/caes-sentem-saudade-de-parceiros-falecidos-diz-pesquisa\/","title":{"rendered":"C\u00e3es sentem saudade de parceiros falecidos, diz pesquisa"},"content":{"rendered":"\n<p>Perder um <a href=\"https:\/\/olhardigital.com.br\/tag\/cachorro\/\" target=\"_blank\" rel=\"noreferrer noopener\">cachorro<\/a>\u00a0\u00e9 muito triste, mas n\u00f3s\u00a0<a href=\"https:\/\/olhardigital.com.br\/tag\/humanos\/\" target=\"_blank\" rel=\"noreferrer noopener\">humanos<\/a> n\u00e3o somos os \u00fanicos a sentir a falta do companheiro fiel. Uma pesquisa mostrou que os outros c\u00e3es tamb\u00e9m sentem saudades dos amigos caninos.<\/p>\n\n\n\n<blockquote class=\"wp-block-quote is-layout-flow wp-block-quote-is-layout-flow\"><p><span class=\"has-inline-color has-luminous-vivid-orange-color\">\u201cEssas descobertas indicam que um c\u00e3o pode mostrar padr\u00f5es comportamentais e emocionais relacionados ao luto quando um coespec\u00edfico pr\u00f3ximo morre, com aspectos deste \u00faltimo possivelmente relacionados ao estado emocional do dono\u201d, relatam os cientistas respons\u00e1veis pelo <a href=\"https:\/\/olhardigital.com.br\/tag\/estudos\/\" target=\"_blank\" rel=\"noreferrer noopener\">estudo<\/a>.<\/span><\/p><\/blockquote>\n\n\n\n<div class=\"wp-block-image\"><figure class=\"alignleft size-large\"><img loading=\"lazy\" decoding=\"async\" width=\"300\" height=\"250\" src=\"https:\/\/jornalfatosenoticias.com.br\/wp-content\/uploads\/2022\/02\/Banner-2.png\" alt=\"\" class=\"wp-image-27877\"\/><\/figure><\/div>\n\n\n\n<p>A pesquisa avaliou 426 donos de diversos c\u00e3es na <a href=\"https:\/\/olhardigital.com.br\/tag\/italia\/\" target=\"_blank\" rel=\"noreferrer noopener\">It\u00e1lia<\/a> para entender como funciona este processo de luto canino. Apesar de donos de cachorros j\u00e1 saberem que seus animais de estima\u00e7\u00e3o sentiam falta dos companheiros, para o mundo cient\u00edfico essas rea\u00e7\u00f5es emocionais s\u00e3o muito novas.<br>Os volunt\u00e1rios da pesquisa responderam um question\u00e1rio sobre o <a href=\"https:\/\/olhardigital.com.br\/tag\/luto\/\" target=\"_blank\" rel=\"noreferrer noopener\">luto<\/a> dos seus c\u00e3es. Cerca de 67% dos tutores relataram que seus cachorros come\u00e7aram a buscar mais aten\u00e7\u00e3o, enquanto outros 57% diminu\u00edram o n\u00famero de brincadeiras, e outros 46% notaram um decl\u00ednio em todas as atividades do c\u00e3o sobrevivente.<br>Al\u00e9m disso, cerca de 35% dos c\u00e3es passaram mais tempo dormindo, 32% perderam o apetite e outros 30% passaram a chorar e latir mais do que o comum. Ainda foi poss\u00edvel notar que o tempo de conviv\u00eancia com os c\u00e3es perdidos n\u00e3o afetou os <a href=\"https:\/\/olhardigital.com.br\/tag\/sintomas\/\" target=\"_blank\" rel=\"noreferrer noopener\">sintomas<\/a>\u00a0dos cachorros que sobreviveram.<\/p>\n\n\n\n<figure class=\"wp-block-image size-large\"><img loading=\"lazy\" decoding=\"async\" width=\"1000\" height=\"625\" src=\"https:\/\/jornalfatosenoticias.com.br\/wp-content\/uploads\/2022\/03\/Cachorro-Comendo2.jpg\" alt=\"\" class=\"wp-image-28379\" srcset=\"https:\/\/jornalfatosenoticias.com.br\/wp-content\/uploads\/2022\/03\/Cachorro-Comendo2.jpg 1000w, https:\/\/jornalfatosenoticias.com.br\/wp-content\/uploads\/2022\/03\/Cachorro-Comendo2-300x188.jpg 300w, https:\/\/jornalfatosenoticias.com.br\/wp-content\/uploads\/2022\/03\/Cachorro-Comendo2-768x480.jpg 768w, https:\/\/jornalfatosenoticias.com.br\/wp-content\/uploads\/2022\/03\/Cachorro-Comendo2-350x220.jpg 350w\" sizes=\"auto, (max-width: 1000px) 100vw, 1000px\" \/><figcaption><em><span class=\"has-inline-color has-black-color\">Pesquisa aponta que c\u00e3es sentem saudades de cachorros falecidos (Foto: Dmytro Zinkevych\/Shutterstock)<\/span><\/em><\/figcaption><\/figure>\n\n\n\n<p>Os <a href=\"https:\/\/olhardigital.com.br\/tag\/pesquisadores\/\" target=\"_blank\" rel=\"noreferrer noopener\">pesquisadores<\/a> ainda apontaram que a saudade dos c\u00e3es sobreviventes \u00e9 muito influenciada pelo comportamento do tutor. Conforme os donos dos cachorros sentiram mais tristeza, o c\u00e3o tamb\u00e9m se demonstrou mais triste.<\/p>\n\n\n\n<figure class=\"wp-block-image size-large\"><img loading=\"lazy\" decoding=\"async\" width=\"1024\" height=\"100\" src=\"https:\/\/jornalfatosenoticias.com.br\/wp-content\/uploads\/2020\/02\/banner_ferramentas-1024x100.jpg\" alt=\"\" class=\"wp-image-1258\" srcset=\"https:\/\/jornalfatosenoticias.com.br\/wp-content\/uploads\/2020\/02\/banner_ferramentas-1024x100.jpg 1024w, https:\/\/jornalfatosenoticias.com.br\/wp-content\/uploads\/2020\/02\/banner_ferramentas-300x29.jpg 300w, https:\/\/jornalfatosenoticias.com.br\/wp-content\/uploads\/2020\/02\/banner_ferramentas-768x75.jpg 768w, https:\/\/jornalfatosenoticias.com.br\/wp-content\/uploads\/2020\/02\/banner_ferramentas.jpg 1227w\" sizes=\"auto, (max-width: 1024px) 100vw, 1024px\" \/><\/figure>\n\n\n\n<blockquote class=\"wp-block-quote is-layout-flow wp-block-quote-is-layout-flow\"><p><span class=\"has-inline-color has-luminous-vivid-orange-color\">\u201cN\u00e3o surpreendentemente, um cont\u00e1gio emocional tamb\u00e9m pode ser considerado, uma vez que o estresse parece contagioso entre c\u00e3es e donos. Nossos resultados podem sugerir que os c\u00e3es est\u00e3o respondendo \u00e0 \u2018perda\u2019 de um afiliado, mais do que \u00e0 \u2018morte\u2019 em si\u201d, diz o estudo.<\/span><\/p><\/blockquote>\n\n\n\n<figure class=\"wp-block-image size-large\"><img loading=\"lazy\" decoding=\"async\" width=\"1024\" height=\"103\" src=\"https:\/\/jornalfatosenoticias.com.br\/wp-content\/uploads\/2022\/02\/Arte-Autoescola-Galatas_endereco_portal-1024x103.png\" alt=\"\" class=\"wp-image-27869\" srcset=\"https:\/\/jornalfatosenoticias.com.br\/wp-content\/uploads\/2022\/02\/Arte-Autoescola-Galatas_endereco_portal-1024x103.png 1024w, https:\/\/jornalfatosenoticias.com.br\/wp-content\/uploads\/2022\/02\/Arte-Autoescola-Galatas_endereco_portal-300x30.png 300w, https:\/\/jornalfatosenoticias.com.br\/wp-content\/uploads\/2022\/02\/Arte-Autoescola-Galatas_endereco_portal-768x77.png 768w, https:\/\/jornalfatosenoticias.com.br\/wp-content\/uploads\/2022\/02\/Arte-Autoescola-Galatas_endereco_portal.png 1223w\" sizes=\"auto, (max-width: 1024px) 100vw, 1024px\" \/><\/figure>\n\n\n\n<p><strong><em>Fonte: <a href=\"https:\/\/olhardigital.com.br\/2022\/02\/25\/medicina-e-saude\/caes-sentem-saudade-de-parceiros-falecidos-diz-pesquisa\/\">Olhar Digital<\/a><\/em><\/strong><\/p>\n","protected":false},"excerpt":{"rendered":"<p>Perder um cachorro\u00a0\u00e9 muito triste, mas n\u00f3s\u00a0humanos n\u00e3o somos os \u00fanicos a sentir a falta do companheiro fiel. Uma pesquisa mostrou que os outros c\u00e3es tamb\u00e9m sentem saudades dos amigos caninos. \u201cEssas descobertas indicam que um c\u00e3o pode mostrar padr\u00f5es comportamentais e emocionais relacionados ao luto quando um coespec\u00edfico pr\u00f3ximo morre, com aspectos deste \u00faltimo [&hellip;]<\/p>\n","protected":false},"author":2,"featured_media":28380,"comment_status":"open","ping_status":"open","sticky":false,"template":"","format":"standard","meta":{"footnotes":""},"categories":[9710],"tags":[3072,754,10795],"class_list":["post-28378","post","type-post","status-publish","format-standard","has-post-thumbnail","hentry","category-pets","tag-cachorros","tag-caes","tag-luto"],"yoast_head":"<!-- This site is optimized with the Yoast SEO plugin v26.5 - https:\/\/yoast.com\/wordpress\/plugins\/seo\/ -->\n<title>C\u00e3es sentem saudade de parceiros falecidos, diz pesquisa - Jornal Fatos e Not\u00edcias<\/title>\n<meta name=\"robots\" content=\"index, follow, max-snippet:-1, max-image-preview:large, max-video-preview:-1\" \/>\n<link rel=\"canonical\" href=\"https:\/\/jornalfatosenoticias.com.br\/index.php\/2022\/03\/01\/caes-sentem-saudade-de-parceiros-falecidos-diz-pesquisa\/\" \/>\n<meta property=\"og:locale\" content=\"pt_BR\" \/>\n<meta property=\"og:type\" content=\"article\" \/>\n<meta property=\"og:title\" content=\"C\u00e3es sentem saudade de parceiros falecidos, diz pesquisa - Jornal Fatos e Not\u00edcias\" \/>\n<meta property=\"og:description\" content=\"Perder um cachorro\u00a0\u00e9 muito triste, mas n\u00f3s\u00a0humanos n\u00e3o somos os \u00fanicos a sentir a falta do companheiro fiel. Uma pesquisa mostrou que os outros c\u00e3es tamb\u00e9m sentem saudades dos amigos caninos. \u201cEssas descobertas indicam que um c\u00e3o pode mostrar padr\u00f5es comportamentais e emocionais relacionados ao luto quando um coespec\u00edfico pr\u00f3ximo morre, com aspectos deste \u00faltimo [&hellip;]\" \/>\n<meta property=\"og:url\" content=\"https:\/\/jornalfatosenoticias.com.br\/index.php\/2022\/03\/01\/caes-sentem-saudade-de-parceiros-falecidos-diz-pesquisa\/\" \/>\n<meta property=\"og:site_name\" content=\"Jornal Fatos e Not\u00edcias\" \/>\n<meta property=\"article:published_time\" content=\"2022-03-01T17:09:19+00:00\" \/>\n<meta property=\"article:modified_time\" content=\"2022-03-01T17:09:23+00:00\" \/>\n<meta property=\"og:image\" content=\"https:\/\/jornalfatosenoticias.com.br\/wp-content\/uploads\/2022\/03\/cachorro-1.jpg\" \/>\n\t<meta property=\"og:image:width\" content=\"1000\" \/>\n\t<meta property=\"og:image:height\" content=\"450\" \/>\n\t<meta property=\"og:image:type\" content=\"image\/jpeg\" \/>\n<meta name=\"author\" content=\"Luzimara Fernandes\" \/>\n<meta name=\"twitter:card\" content=\"summary_large_image\" \/>\n<meta name=\"twitter:label1\" content=\"Escrito por\" \/>\n\t<meta name=\"twitter:data1\" content=\"Luzimara Fernandes\" \/>\n\t<meta name=\"twitter:label2\" content=\"Est. tempo de leitura\" \/>\n\t<meta name=\"twitter:data2\" content=\"2 minutos\" \/>\n<script type=\"application\/ld+json\" class=\"yoast-schema-graph\">{\"@context\":\"https:\/\/schema.org\",\"@graph\":[{\"@type\":\"Article\",\"@id\":\"https:\/\/jornalfatosenoticias.com.br\/index.php\/2022\/03\/01\/caes-sentem-saudade-de-parceiros-falecidos-diz-pesquisa\/#article\",\"isPartOf\":{\"@id\":\"https:\/\/jornalfatosenoticias.com.br\/index.php\/2022\/03\/01\/caes-sentem-saudade-de-parceiros-falecidos-diz-pesquisa\/\"},\"author\":{\"name\":\"Luzimara Fernandes\",\"@id\":\"https:\/\/jornalfatosenoticias.com.br\/#\/schema\/person\/d63837fa13ac8666eb9e74e0985d6f81\"},\"headline\":\"C\u00e3es sentem saudade de parceiros falecidos, diz pesquisa\",\"datePublished\":\"2022-03-01T17:09:19+00:00\",\"dateModified\":\"2022-03-01T17:09:23+00:00\",\"mainEntityOfPage\":{\"@id\":\"https:\/\/jornalfatosenoticias.com.br\/index.php\/2022\/03\/01\/caes-sentem-saudade-de-parceiros-falecidos-diz-pesquisa\/\"},\"wordCount\":342,\"commentCount\":0,\"publisher\":{\"@id\":\"https:\/\/jornalfatosenoticias.com.br\/#organization\"},\"image\":{\"@id\":\"https:\/\/jornalfatosenoticias.com.br\/index.php\/2022\/03\/01\/caes-sentem-saudade-de-parceiros-falecidos-diz-pesquisa\/#primaryimage\"},\"thumbnailUrl\":\"https:\/\/jornalfatosenoticias.com.br\/wp-content\/uploads\/2022\/03\/cachorro-1.jpg\",\"keywords\":[\"cachorros\",\"c\u00e3es\",\"luto\"],\"articleSection\":[\"Pets\"],\"inLanguage\":\"pt-BR\",\"potentialAction\":[{\"@type\":\"CommentAction\",\"name\":\"Comment\",\"target\":[\"https:\/\/jornalfatosenoticias.com.br\/index.php\/2022\/03\/01\/caes-sentem-saudade-de-parceiros-falecidos-diz-pesquisa\/#respond\"]}]},{\"@type\":\"WebPage\",\"@id\":\"https:\/\/jornalfatosenoticias.com.br\/index.php\/2022\/03\/01\/caes-sentem-saudade-de-parceiros-falecidos-diz-pesquisa\/\",\"url\":\"https:\/\/jornalfatosenoticias.com.br\/index.php\/2022\/03\/01\/caes-sentem-saudade-de-parceiros-falecidos-diz-pesquisa\/\",\"name\":\"C\u00e3es sentem saudade de parceiros falecidos, diz pesquisa - Jornal Fatos e Not\u00edcias\",\"isPartOf\":{\"@id\":\"https:\/\/jornalfatosenoticias.com.br\/#website\"},\"primaryImageOfPage\":{\"@id\":\"https:\/\/jornalfatosenoticias.com.br\/index.php\/2022\/03\/01\/caes-sentem-saudade-de-parceiros-falecidos-diz-pesquisa\/#primaryimage\"},\"image\":{\"@id\":\"https:\/\/jornalfatosenoticias.com.br\/index.php\/2022\/03\/01\/caes-sentem-saudade-de-parceiros-falecidos-diz-pesquisa\/#primaryimage\"},\"thumbnailUrl\":\"https:\/\/jornalfatosenoticias.com.br\/wp-content\/uploads\/2022\/03\/cachorro-1.jpg\",\"datePublished\":\"2022-03-01T17:09:19+00:00\",\"dateModified\":\"2022-03-01T17:09:23+00:00\",\"breadcrumb\":{\"@id\":\"https:\/\/jornalfatosenoticias.com.br\/index.php\/2022\/03\/01\/caes-sentem-saudade-de-parceiros-falecidos-diz-pesquisa\/#breadcrumb\"},\"inLanguage\":\"pt-BR\",\"potentialAction\":[{\"@type\":\"ReadAction\",\"target\":[\"https:\/\/jornalfatosenoticias.com.br\/index.php\/2022\/03\/01\/caes-sentem-saudade-de-parceiros-falecidos-diz-pesquisa\/\"]}]},{\"@type\":\"ImageObject\",\"inLanguage\":\"pt-BR\",\"@id\":\"https:\/\/jornalfatosenoticias.com.br\/index.php\/2022\/03\/01\/caes-sentem-saudade-de-parceiros-falecidos-diz-pesquisa\/#primaryimage\",\"url\":\"https:\/\/jornalfatosenoticias.com.br\/wp-content\/uploads\/2022\/03\/cachorro-1.jpg\",\"contentUrl\":\"https:\/\/jornalfatosenoticias.com.br\/wp-content\/uploads\/2022\/03\/cachorro-1.jpg\",\"width\":1000,\"height\":450},{\"@type\":\"BreadcrumbList\",\"@id\":\"https:\/\/jornalfatosenoticias.com.br\/index.php\/2022\/03\/01\/caes-sentem-saudade-de-parceiros-falecidos-diz-pesquisa\/#breadcrumb\",\"itemListElement\":[{\"@type\":\"ListItem\",\"position\":1,\"name\":\"In\u00edcio\",\"item\":\"https:\/\/jornalfatosenoticias.com.br\/\"},{\"@type\":\"ListItem\",\"position\":2,\"name\":\"C\u00e3es sentem saudade de parceiros falecidos, diz pesquisa\"}]},{\"@type\":\"WebSite\",\"@id\":\"https:\/\/jornalfatosenoticias.com.br\/#website\",\"url\":\"https:\/\/jornalfatosenoticias.com.br\/\",\"name\":\"Jornal Fatos e Not\u00edcias\",\"description\":\"Not\u00edcias em geral\",\"publisher\":{\"@id\":\"https:\/\/jornalfatosenoticias.com.br\/#organization\"},\"potentialAction\":[{\"@type\":\"SearchAction\",\"target\":{\"@type\":\"EntryPoint\",\"urlTemplate\":\"https:\/\/jornalfatosenoticias.com.br\/?s={search_term_string}\"},\"query-input\":{\"@type\":\"PropertyValueSpecification\",\"valueRequired\":true,\"valueName\":\"search_term_string\"}}],\"inLanguage\":\"pt-BR\"},{\"@type\":\"Organization\",\"@id\":\"https:\/\/jornalfatosenoticias.com.br\/#organization\",\"name\":\"Jornal Fatos e Not\u00edcias\",\"url\":\"https:\/\/jornalfatosenoticias.com.br\/\",\"logo\":{\"@type\":\"ImageObject\",\"inLanguage\":\"pt-BR\",\"@id\":\"https:\/\/jornalfatosenoticias.com.br\/#\/schema\/logo\/image\/\",\"url\":\"https:\/\/jornalfatosenoticias.com.br\/wp-content\/uploads\/2020\/02\/logo120.png\",\"contentUrl\":\"https:\/\/jornalfatosenoticias.com.br\/wp-content\/uploads\/2020\/02\/logo120.png\",\"width\":1227,\"height\":120,\"caption\":\"Jornal Fatos e Not\u00edcias\"},\"image\":{\"@id\":\"https:\/\/jornalfatosenoticias.com.br\/#\/schema\/logo\/image\/\"}},{\"@type\":\"Person\",\"@id\":\"https:\/\/jornalfatosenoticias.com.br\/#\/schema\/person\/d63837fa13ac8666eb9e74e0985d6f81\",\"name\":\"Luzimara Fernandes\",\"image\":{\"@type\":\"ImageObject\",\"inLanguage\":\"pt-BR\",\"@id\":\"https:\/\/jornalfatosenoticias.com.br\/#\/schema\/person\/image\/\",\"url\":\"https:\/\/jornalfatosenoticias.com.br\/wp-content\/uploads\/2025\/05\/EU_portal.jpg\",\"contentUrl\":\"https:\/\/jornalfatosenoticias.com.br\/wp-content\/uploads\/2025\/05\/EU_portal.jpg\",\"caption\":\"Luzimara Fernandes\"},\"description\":\"Jornalista MTB 2358-ES\",\"sameAs\":[\"https:\/\/jornalfatosenoticias.com.br\"],\"url\":\"https:\/\/jornalfatosenoticias.com.br\/index.php\/author\/luzimara\/\"}]}<\/script>\n<!-- \/ Yoast SEO plugin. -->","yoast_head_json":{"title":"C\u00e3es sentem saudade de parceiros falecidos, diz pesquisa - Jornal Fatos e Not\u00edcias","robots":{"index":"index","follow":"follow","max-snippet":"max-snippet:-1","max-image-preview":"max-image-preview:large","max-video-preview":"max-video-preview:-1"},"canonical":"https:\/\/jornalfatosenoticias.com.br\/index.php\/2022\/03\/01\/caes-sentem-saudade-de-parceiros-falecidos-diz-pesquisa\/","og_locale":"pt_BR","og_type":"article","og_title":"C\u00e3es sentem saudade de parceiros falecidos, diz pesquisa - Jornal Fatos e Not\u00edcias","og_description":"Perder um cachorro\u00a0\u00e9 muito triste, mas n\u00f3s\u00a0humanos n\u00e3o somos os \u00fanicos a sentir a falta do companheiro fiel. Uma pesquisa mostrou que os outros c\u00e3es tamb\u00e9m sentem saudades dos amigos caninos. \u201cEssas descobertas indicam que um c\u00e3o pode mostrar padr\u00f5es comportamentais e emocionais relacionados ao luto quando um coespec\u00edfico pr\u00f3ximo morre, com aspectos deste \u00faltimo [&hellip;]","og_url":"https:\/\/jornalfatosenoticias.com.br\/index.php\/2022\/03\/01\/caes-sentem-saudade-de-parceiros-falecidos-diz-pesquisa\/","og_site_name":"Jornal Fatos e Not\u00edcias","article_published_time":"2022-03-01T17:09:19+00:00","article_modified_time":"2022-03-01T17:09:23+00:00","og_image":[{"width":1000,"height":450,"url":"https:\/\/jornalfatosenoticias.com.br\/wp-content\/uploads\/2022\/03\/cachorro-1.jpg","type":"image\/jpeg"}],"author":"Luzimara Fernandes","twitter_card":"summary_large_image","twitter_misc":{"Escrito por":"Luzimara Fernandes","Est. tempo de leitura":"2 minutos"},"schema":{"@context":"https:\/\/schema.org","@graph":[{"@type":"Article","@id":"https:\/\/jornalfatosenoticias.com.br\/index.php\/2022\/03\/01\/caes-sentem-saudade-de-parceiros-falecidos-diz-pesquisa\/#article","isPartOf":{"@id":"https:\/\/jornalfatosenoticias.com.br\/index.php\/2022\/03\/01\/caes-sentem-saudade-de-parceiros-falecidos-diz-pesquisa\/"},"author":{"name":"Luzimara Fernandes","@id":"https:\/\/jornalfatosenoticias.com.br\/#\/schema\/person\/d63837fa13ac8666eb9e74e0985d6f81"},"headline":"C\u00e3es sentem saudade de parceiros falecidos, diz pesquisa","datePublished":"2022-03-01T17:09:19+00:00","dateModified":"2022-03-01T17:09:23+00:00","mainEntityOfPage":{"@id":"https:\/\/jornalfatosenoticias.com.br\/index.php\/2022\/03\/01\/caes-sentem-saudade-de-parceiros-falecidos-diz-pesquisa\/"},"wordCount":342,"commentCount":0,"publisher":{"@id":"https:\/\/jornalfatosenoticias.com.br\/#organization"},"image":{"@id":"https:\/\/jornalfatosenoticias.com.br\/index.php\/2022\/03\/01\/caes-sentem-saudade-de-parceiros-falecidos-diz-pesquisa\/#primaryimage"},"thumbnailUrl":"https:\/\/jornalfatosenoticias.com.br\/wp-content\/uploads\/2022\/03\/cachorro-1.jpg","keywords":["cachorros","c\u00e3es","luto"],"articleSection":["Pets"],"inLanguage":"pt-BR","potentialAction":[{"@type":"CommentAction","name":"Comment","target":["https:\/\/jornalfatosenoticias.com.br\/index.php\/2022\/03\/01\/caes-sentem-saudade-de-parceiros-falecidos-diz-pesquisa\/#respond"]}]},{"@type":"WebPage","@id":"https:\/\/jornalfatosenoticias.com.br\/index.php\/2022\/03\/01\/caes-sentem-saudade-de-parceiros-falecidos-diz-pesquisa\/","url":"https:\/\/jornalfatosenoticias.com.br\/index.php\/2022\/03\/01\/caes-sentem-saudade-de-parceiros-falecidos-diz-pesquisa\/","name":"C\u00e3es sentem saudade de parceiros falecidos, diz pesquisa - Jornal Fatos e Not\u00edcias","isPartOf":{"@id":"https:\/\/jornalfatosenoticias.com.br\/#website"},"primaryImageOfPage":{"@id":"https:\/\/jornalfatosenoticias.com.br\/index.php\/2022\/03\/01\/caes-sentem-saudade-de-parceiros-falecidos-diz-pesquisa\/#primaryimage"},"image":{"@id":"https:\/\/jornalfatosenoticias.com.br\/index.php\/2022\/03\/01\/caes-sentem-saudade-de-parceiros-falecidos-diz-pesquisa\/#primaryimage"},"thumbnailUrl":"https:\/\/jornalfatosenoticias.com.br\/wp-content\/uploads\/2022\/03\/cachorro-1.jpg","datePublished":"2022-03-01T17:09:19+00:00","dateModified":"2022-03-01T17:09:23+00:00","breadcrumb":{"@id":"https:\/\/jornalfatosenoticias.com.br\/index.php\/2022\/03\/01\/caes-sentem-saudade-de-parceiros-falecidos-diz-pesquisa\/#breadcrumb"},"inLanguage":"pt-BR","potentialAction":[{"@type":"ReadAction","target":["https:\/\/jornalfatosenoticias.com.br\/index.php\/2022\/03\/01\/caes-sentem-saudade-de-parceiros-falecidos-diz-pesquisa\/"]}]},{"@type":"ImageObject","inLanguage":"pt-BR","@id":"https:\/\/jornalfatosenoticias.com.br\/index.php\/2022\/03\/01\/caes-sentem-saudade-de-parceiros-falecidos-diz-pesquisa\/#primaryimage","url":"https:\/\/jornalfatosenoticias.com.br\/wp-content\/uploads\/2022\/03\/cachorro-1.jpg","contentUrl":"https:\/\/jornalfatosenoticias.com.br\/wp-content\/uploads\/2022\/03\/cachorro-1.jpg","width":1000,"height":450},{"@type":"BreadcrumbList","@id":"https:\/\/jornalfatosenoticias.com.br\/index.php\/2022\/03\/01\/caes-sentem-saudade-de-parceiros-falecidos-diz-pesquisa\/#breadcrumb","itemListElement":[{"@type":"ListItem","position":1,"name":"In\u00edcio","item":"https:\/\/jornalfatosenoticias.com.br\/"},{"@type":"ListItem","position":2,"name":"C\u00e3es sentem saudade de parceiros falecidos, diz pesquisa"}]},{"@type":"WebSite","@id":"https:\/\/jornalfatosenoticias.com.br\/#website","url":"https:\/\/jornalfatosenoticias.com.br\/","name":"Jornal Fatos e Not\u00edcias","description":"Not\u00edcias em geral","publisher":{"@id":"https:\/\/jornalfatosenoticias.com.br\/#organization"},"potentialAction":[{"@type":"SearchAction","target":{"@type":"EntryPoint","urlTemplate":"https:\/\/jornalfatosenoticias.com.br\/?s={search_term_string}"},"query-input":{"@type":"PropertyValueSpecification","valueRequired":true,"valueName":"search_term_string"}}],"inLanguage":"pt-BR"},{"@type":"Organization","@id":"https:\/\/jornalfatosenoticias.com.br\/#organization","name":"Jornal Fatos e Not\u00edcias","url":"https:\/\/jornalfatosenoticias.com.br\/","logo":{"@type":"ImageObject","inLanguage":"pt-BR","@id":"https:\/\/jornalfatosenoticias.com.br\/#\/schema\/logo\/image\/","url":"https:\/\/jornalfatosenoticias.com.br\/wp-content\/uploads\/2020\/02\/logo120.png","contentUrl":"https:\/\/jornalfatosenoticias.com.br\/wp-content\/uploads\/2020\/02\/logo120.png","width":1227,"height":120,"caption":"Jornal Fatos e Not\u00edcias"},"image":{"@id":"https:\/\/jornalfatosenoticias.com.br\/#\/schema\/logo\/image\/"}},{"@type":"Person","@id":"https:\/\/jornalfatosenoticias.com.br\/#\/schema\/person\/d63837fa13ac8666eb9e74e0985d6f81","name":"Luzimara Fernandes","image":{"@type":"ImageObject","inLanguage":"pt-BR","@id":"https:\/\/jornalfatosenoticias.com.br\/#\/schema\/person\/image\/","url":"https:\/\/jornalfatosenoticias.com.br\/wp-content\/uploads\/2025\/05\/EU_portal.jpg","contentUrl":"https:\/\/jornalfatosenoticias.com.br\/wp-content\/uploads\/2025\/05\/EU_portal.jpg","caption":"Luzimara Fernandes"},"description":"Jornalista MTB 2358-ES","sameAs":["https:\/\/jornalfatosenoticias.com.br"],"url":"https:\/\/jornalfatosenoticias.com.br\/index.php\/author\/luzimara\/"}]}},"cc_featured_image_caption":{"caption_text":"(Foto: Shutterstock)","source_text":"","source_url":""},"jetpack_featured_media_url":"https:\/\/jornalfatosenoticias.com.br\/wp-content\/uploads\/2022\/03\/cachorro-1.jpg","_links":{"self":[{"href":"https:\/\/jornalfatosenoticias.com.br\/index.php\/wp-json\/wp\/v2\/posts\/28378","targetHints":{"allow":["GET"]}}],"collection":[{"href":"https:\/\/jornalfatosenoticias.com.br\/index.php\/wp-json\/wp\/v2\/posts"}],"about":[{"href":"https:\/\/jornalfatosenoticias.com.br\/index.php\/wp-json\/wp\/v2\/types\/post"}],"author":[{"embeddable":true,"href":"https:\/\/jornalfatosenoticias.com.br\/index.php\/wp-json\/wp\/v2\/users\/2"}],"replies":[{"embeddable":true,"href":"https:\/\/jornalfatosenoticias.com.br\/index.php\/wp-json\/wp\/v2\/comments?post=28378"}],"version-history":[{"count":0,"href":"https:\/\/jornalfatosenoticias.com.br\/index.php\/wp-json\/wp\/v2\/posts\/28378\/revisions"}],"wp:featuredmedia":[{"embeddable":true,"href":"https:\/\/jornalfatosenoticias.com.br\/index.php\/wp-json\/wp\/v2\/media\/28380"}],"wp:attachment":[{"href":"https:\/\/jornalfatosenoticias.com.br\/index.php\/wp-json\/wp\/v2\/media?parent=28378"}],"wp:term":[{"taxonomy":"category","embeddable":true,"href":"https:\/\/jornalfatosenoticias.com.br\/index.php\/wp-json\/wp\/v2\/categories?post=28378"},{"taxonomy":"post_tag","embeddable":true,"href":"https:\/\/jornalfatosenoticias.com.br\/index.php\/wp-json\/wp\/v2\/tags?post=28378"}],"curies":[{"name":"wp","href":"https:\/\/api.w.org\/{rel}","templated":true}]}}