{"id":28393,"date":"2022-03-02T13:02:47","date_gmt":"2022-03-02T16:02:47","guid":{"rendered":"https:\/\/jornalfatosenoticias.com.br\/?p=28393"},"modified":"2022-03-02T13:02:48","modified_gmt":"2022-03-02T16:02:48","slug":"curiosity-fotografa-pequena-flor-na-superficie-de-marte","status":"publish","type":"post","link":"https:\/\/jornalfatosenoticias.com.br\/index.php\/2022\/03\/02\/curiosity-fotografa-pequena-flor-na-superficie-de-marte\/","title":{"rendered":"Curiosity fotografa pequena \u201cflor\u201d na superf\u00edcie de Marte"},"content":{"rendered":"\n<p>Mais um surpreendente conjunto de imagens do <a href=\"https:\/\/olhardigital.com.br\/2021\/11\/25\/ciencia-e-espaco\/sonda-insight-investiga-subsolo-de-marte-pela-analise-de-ruidos-sismicos\/\" target=\"_blank\" rel=\"noreferrer noopener\">solo<\/a> de Marte foi captado pela miss\u00e3o Curiosity. Divulgadas na \u00faltima sexta-feira (25), as fotos s\u00e3o de um objeto que parece uma pequena \u201cflor\u201d nascida na superf\u00edcie do planeta vermelho. A equipe do <a href=\"https:\/\/olhardigital.com.br\/2021\/12\/02\/ciencia-e-espaco\/confira-a-nova-selfie-em-360o-feita-pelo-rover-curiosity-em-marte\/\" target=\"_blank\" rel=\"noreferrer noopener\">rover<\/a> relatou que a descoberta tem estruturas delicadas, tendo se formado por minerais precipitados de \u00e1gua.<br>N\u00e3o \u00e9 a primeira vez que o rob\u00f4 da <a href=\"https:\/\/olhardigital.com.br\/2022\/02\/24\/ciencia-e-espaco\/novo-telescopio-espacial-da-nasa-conta-com-tecnologia-inovadora-para-examinar-exoplanetas\/\" target=\"_blank\" rel=\"noreferrer noopener\">Nasa<\/a>, que explora o planeta h\u00e1 quase uma d\u00e9cada, v\u00ea esse tipo de forma\u00e7\u00e3o, chamada de \u201caglomerado de cristais diagen\u00e9ticos\u201d. Diagen\u00e9tica significa a recombina\u00e7\u00e3o ou rearranjo de minerais, e essas caracter\u00edsticas consistem em aglomerados tridimensionais cristalizados, provavelmente feitos de uma combina\u00e7\u00e3o de minerais.<br>A cientista da Nasa Abigail Fraeman, vice-diretora da miss\u00e3o Curiosity, disse no Twitter que as forma\u00e7\u00f5es vistas anteriormente eram de sulfatos \u2014 sais inorg\u00e2nicos derivados do \u00e1cido sulf\u00farico. <\/p>\n\n\n\n<figure class=\"wp-block-image size-large\"><img decoding=\"async\" src=\"https:\/\/jornalfatosenoticias.com.br\/wp-content\/uploads\/2022\/02\/Banner-1-1-1024x101.png\" alt=\"\" class=\"wp-image-27960\"\/><\/figure>\n\n\n\n<figure class=\"wp-block-embed-twitter wp-block-embed is-type-rich is-provider-twitter\"><div class=\"wp-block-embed__wrapper\">\n<blockquote class=\"twitter-tweet\" data-width=\"550\" data-dnt=\"true\"><p lang=\"en\" dir=\"ltr\">(1\/3) Your Friday moment of zen: A beautiful new microscopic image from <a href=\"https:\/\/twitter.com\/MarsCuriosity?ref_src=twsrc%5Etfw\">@MarsCuriosity<\/a> shows teeny, tiny delicate structures that formed by mineral precipitating from water. <br><br>(Penny approximately for scale added me)<a href=\"https:\/\/t.co\/cs7t11BWAj\">https:\/\/t.co\/cs7t11BWAj<\/a> <a href=\"https:\/\/t.co\/AU20LjY5pQ\">pic.twitter.com\/AU20LjY5pQ<\/a><\/p>&mdash; Abigail Fraeman (@abbyfrae) <a href=\"https:\/\/twitter.com\/abbyfrae\/status\/1497375698985521153?ref_src=twsrc%5Etfw\">February 26, 2022<\/a><\/blockquote><script async src=\"https:\/\/platform.twitter.com\/widgets.js\" charset=\"utf-8\"><\/script>\n<\/div><\/figure>\n\n\n\n<p>An\u00e1lises de caracter\u00edsticas anteriores como esta encontradas em Marte demonstram que, originalmente, a estrutura foi criada dentro de uma rocha, que foi corro\u00edda ao longo do tempo. Esses aglomerados minerais, no entanto, parecem ser resistentes \u00e0 eros\u00e3o.<\/p>\n\n\n\n<figure class=\"wp-block-image size-large\"><img loading=\"lazy\" decoding=\"async\" width=\"1024\" height=\"100\" src=\"https:\/\/jornalfatosenoticias.com.br\/wp-content\/uploads\/2020\/02\/banner_ferramentas-1024x100.jpg\" alt=\"\" class=\"wp-image-1258\" srcset=\"https:\/\/jornalfatosenoticias.com.br\/wp-content\/uploads\/2020\/02\/banner_ferramentas-1024x100.jpg 1024w, https:\/\/jornalfatosenoticias.com.br\/wp-content\/uploads\/2020\/02\/banner_ferramentas-300x29.jpg 300w, https:\/\/jornalfatosenoticias.com.br\/wp-content\/uploads\/2020\/02\/banner_ferramentas-768x75.jpg 768w, https:\/\/jornalfatosenoticias.com.br\/wp-content\/uploads\/2020\/02\/banner_ferramentas.jpg 1227w\" sizes=\"auto, (max-width: 1024px) 100vw, 1024px\" \/><\/figure>\n\n\n\n<p><strong><span class=\"has-inline-color has-black-color\">Outras miss\u00f5es rob\u00f3ticas j\u00e1 encontraram forma\u00e7\u00f5es parecidas em Marte<br><\/span><\/strong>Outro nome para essas caracter\u00edsticas \u00e9 \u201cconcre\u00e7\u00e3o\u201d. Em 2004 o rover <a href=\"https:\/\/olhardigital.com.br\/2022\/01\/25\/ciencia-e-espaco\/ha-18-anos-rover-opportunity-pousava-em-marte\/\" target=\"_blank\" rel=\"noreferrer noopener\">Opportunity<\/a>, da Nasa, descobriu concre\u00e7\u00f5es minerais no solo marciano que foram carinhosamente apelidadas de \u201cmirtilos\u201d, j\u00e1 que eram pequenas e redondas.<br>J\u00e1 a nova concre\u00e7\u00e3o descoberta foi batizada de \u201cBlackthorn Salt\u201d (algo como Sal de Espinheiro Negro, em tradu\u00e7\u00e3o livre). Eles usaram o instrumento <em>Mars Hand Lens Imager<\/em> (MAHLI) do rover para capturar essas imagens de enquadramento fechado. <\/p>\n\n\n\n<figure class=\"wp-block-embed-twitter wp-block-embed is-type-rich is-provider-twitter\"><div class=\"wp-block-embed__wrapper\">\nhttps:\/\/twitter.com\/stim3on\/status\/1497336806991437826?ref_src=twsrc%5Etfw%7Ctwcamp%5Etweetembed%7Ctwterm%5E1497336806991437826%7Ctwgr%5E%7Ctwcon%5Es1_&#038;ref_url=https%3A%2F%2Folhardigital.com.br%2F2022%2F02%2F27%2Fciencia-e-espaco%2Fcuriosity-registra-pequena-flor-mineral-em-marte%2F\n<\/div><\/figure>\n\n\n\n<p>Em 2013, o Curiosity j\u00e1 havia encontrado outra cristaliza\u00e7\u00e3o mineral em forma de flor. Antes, em 2008, o rover Spirit detectou forma\u00e7\u00f5es semelhantes, que foram apelidadas de \u201ccouve-flor\u201d devido \u00e0s suas protuber\u00e2ncias.<\/p>\n\n\n\n<figure class=\"wp-block-image size-large\"><img loading=\"lazy\" decoding=\"async\" width=\"729\" height=\"90\" src=\"https:\/\/jornalfatosenoticias.com.br\/wp-content\/uploads\/2020\/02\/Logo_Mizu.png\" alt=\"\" class=\"wp-image-1441\" srcset=\"https:\/\/jornalfatosenoticias.com.br\/wp-content\/uploads\/2020\/02\/Logo_Mizu.png 729w, https:\/\/jornalfatosenoticias.com.br\/wp-content\/uploads\/2020\/02\/Logo_Mizu-300x37.png 300w\" sizes=\"auto, (max-width: 729px) 100vw, 729px\" \/><\/figure>\n\n\n\n<p><strong><em>Fonte: <a href=\"https:\/\/olhardigital.com.br\/2022\/02\/27\/ciencia-e-espaco\/curiosity-registra-pequena-flor-mineral-em-marte\/\">Olhar Digital<\/a><\/em><\/strong><\/p>\n","protected":false},"excerpt":{"rendered":"<p>Mais um surpreendente conjunto de imagens do solo de Marte foi captado pela miss\u00e3o Curiosity. Divulgadas na \u00faltima sexta-feira (25), as fotos s\u00e3o de um objeto que parece uma pequena \u201cflor\u201d nascida na superf\u00edcie do planeta vermelho. A equipe do rover relatou que a descoberta tem estruturas delicadas, tendo se formado por minerais precipitados de [&hellip;]<\/p>\n","protected":false},"author":2,"featured_media":28396,"comment_status":"open","ping_status":"open","sticky":false,"template":"","format":"standard","meta":{"footnotes":""},"categories":[2],"tags":[433,7760,64,434,7298,13519],"class_list":["post-28393","post","type-post","status-publish","format-standard","has-post-thumbnail","hentry","category-ciencia","tag-curiosity","tag-exploracao-de-marte","tag-flor","tag-marte","tag-mineral","tag-solo-marciano"],"yoast_head":"<!-- This site is optimized with the Yoast SEO plugin v26.5 - https:\/\/yoast.com\/wordpress\/plugins\/seo\/ -->\n<title>Curiosity fotografa pequena \u201cflor\u201d na superf\u00edcie de Marte - Jornal Fatos e Not\u00edcias<\/title>\n<meta name=\"robots\" content=\"index, follow, max-snippet:-1, max-image-preview:large, max-video-preview:-1\" \/>\n<link rel=\"canonical\" href=\"https:\/\/jornalfatosenoticias.com.br\/index.php\/2022\/03\/02\/curiosity-fotografa-pequena-flor-na-superficie-de-marte\/\" \/>\n<meta property=\"og:locale\" content=\"pt_BR\" \/>\n<meta property=\"og:type\" content=\"article\" \/>\n<meta property=\"og:title\" content=\"Curiosity fotografa pequena \u201cflor\u201d na superf\u00edcie de Marte - Jornal Fatos e Not\u00edcias\" \/>\n<meta property=\"og:description\" content=\"Mais um surpreendente conjunto de imagens do solo de Marte foi captado pela miss\u00e3o Curiosity. Divulgadas na \u00faltima sexta-feira (25), as fotos s\u00e3o de um objeto que parece uma pequena \u201cflor\u201d nascida na superf\u00edcie do planeta vermelho. A equipe do rover relatou que a descoberta tem estruturas delicadas, tendo se formado por minerais precipitados de [&hellip;]\" \/>\n<meta property=\"og:url\" content=\"https:\/\/jornalfatosenoticias.com.br\/index.php\/2022\/03\/02\/curiosity-fotografa-pequena-flor-na-superficie-de-marte\/\" \/>\n<meta property=\"og:site_name\" content=\"Jornal Fatos e Not\u00edcias\" \/>\n<meta property=\"article:published_time\" content=\"2022-03-02T16:02:47+00:00\" \/>\n<meta property=\"article:modified_time\" content=\"2022-03-02T16:02:48+00:00\" \/>\n<meta property=\"og:image\" content=\"https:\/\/jornalfatosenoticias.com.br\/wp-content\/uploads\/2022\/03\/Flor-mineral-Marte.jpg\" \/>\n\t<meta property=\"og:image:width\" content=\"1000\" \/>\n\t<meta property=\"og:image:height\" content=\"405\" \/>\n\t<meta property=\"og:image:type\" content=\"image\/jpeg\" \/>\n<meta name=\"author\" content=\"Luzimara Fernandes\" \/>\n<meta name=\"twitter:card\" content=\"summary_large_image\" \/>\n<meta name=\"twitter:label1\" content=\"Escrito por\" \/>\n\t<meta name=\"twitter:data1\" content=\"Luzimara Fernandes\" \/>\n\t<meta name=\"twitter:label2\" content=\"Est. tempo de leitura\" \/>\n\t<meta name=\"twitter:data2\" content=\"2 minutos\" \/>\n<script type=\"application\/ld+json\" class=\"yoast-schema-graph\">{\"@context\":\"https:\/\/schema.org\",\"@graph\":[{\"@type\":\"Article\",\"@id\":\"https:\/\/jornalfatosenoticias.com.br\/index.php\/2022\/03\/02\/curiosity-fotografa-pequena-flor-na-superficie-de-marte\/#article\",\"isPartOf\":{\"@id\":\"https:\/\/jornalfatosenoticias.com.br\/index.php\/2022\/03\/02\/curiosity-fotografa-pequena-flor-na-superficie-de-marte\/\"},\"author\":{\"name\":\"Luzimara Fernandes\",\"@id\":\"https:\/\/jornalfatosenoticias.com.br\/#\/schema\/person\/d63837fa13ac8666eb9e74e0985d6f81\"},\"headline\":\"Curiosity fotografa pequena \u201cflor\u201d na superf\u00edcie de Marte\",\"datePublished\":\"2022-03-02T16:02:47+00:00\",\"dateModified\":\"2022-03-02T16:02:48+00:00\",\"mainEntityOfPage\":{\"@id\":\"https:\/\/jornalfatosenoticias.com.br\/index.php\/2022\/03\/02\/curiosity-fotografa-pequena-flor-na-superficie-de-marte\/\"},\"wordCount\":382,\"commentCount\":0,\"publisher\":{\"@id\":\"https:\/\/jornalfatosenoticias.com.br\/#organization\"},\"image\":{\"@id\":\"https:\/\/jornalfatosenoticias.com.br\/index.php\/2022\/03\/02\/curiosity-fotografa-pequena-flor-na-superficie-de-marte\/#primaryimage\"},\"thumbnailUrl\":\"https:\/\/jornalfatosenoticias.com.br\/wp-content\/uploads\/2022\/03\/Flor-mineral-Marte.jpg\",\"keywords\":[\"Curiosity\",\"explora\u00e7\u00e3o de Marte\",\"flor\",\"Marte\",\"mineral\",\"solo marciano\"],\"articleSection\":[\"Ci\u00eancia\"],\"inLanguage\":\"pt-BR\",\"potentialAction\":[{\"@type\":\"CommentAction\",\"name\":\"Comment\",\"target\":[\"https:\/\/jornalfatosenoticias.com.br\/index.php\/2022\/03\/02\/curiosity-fotografa-pequena-flor-na-superficie-de-marte\/#respond\"]}]},{\"@type\":\"WebPage\",\"@id\":\"https:\/\/jornalfatosenoticias.com.br\/index.php\/2022\/03\/02\/curiosity-fotografa-pequena-flor-na-superficie-de-marte\/\",\"url\":\"https:\/\/jornalfatosenoticias.com.br\/index.php\/2022\/03\/02\/curiosity-fotografa-pequena-flor-na-superficie-de-marte\/\",\"name\":\"Curiosity fotografa pequena \u201cflor\u201d na superf\u00edcie de Marte - Jornal Fatos e Not\u00edcias\",\"isPartOf\":{\"@id\":\"https:\/\/jornalfatosenoticias.com.br\/#website\"},\"primaryImageOfPage\":{\"@id\":\"https:\/\/jornalfatosenoticias.com.br\/index.php\/2022\/03\/02\/curiosity-fotografa-pequena-flor-na-superficie-de-marte\/#primaryimage\"},\"image\":{\"@id\":\"https:\/\/jornalfatosenoticias.com.br\/index.php\/2022\/03\/02\/curiosity-fotografa-pequena-flor-na-superficie-de-marte\/#primaryimage\"},\"thumbnailUrl\":\"https:\/\/jornalfatosenoticias.com.br\/wp-content\/uploads\/2022\/03\/Flor-mineral-Marte.jpg\",\"datePublished\":\"2022-03-02T16:02:47+00:00\",\"dateModified\":\"2022-03-02T16:02:48+00:00\",\"breadcrumb\":{\"@id\":\"https:\/\/jornalfatosenoticias.com.br\/index.php\/2022\/03\/02\/curiosity-fotografa-pequena-flor-na-superficie-de-marte\/#breadcrumb\"},\"inLanguage\":\"pt-BR\",\"potentialAction\":[{\"@type\":\"ReadAction\",\"target\":[\"https:\/\/jornalfatosenoticias.com.br\/index.php\/2022\/03\/02\/curiosity-fotografa-pequena-flor-na-superficie-de-marte\/\"]}]},{\"@type\":\"ImageObject\",\"inLanguage\":\"pt-BR\",\"@id\":\"https:\/\/jornalfatosenoticias.com.br\/index.php\/2022\/03\/02\/curiosity-fotografa-pequena-flor-na-superficie-de-marte\/#primaryimage\",\"url\":\"https:\/\/jornalfatosenoticias.com.br\/wp-content\/uploads\/2022\/03\/Flor-mineral-Marte.jpg\",\"contentUrl\":\"https:\/\/jornalfatosenoticias.com.br\/wp-content\/uploads\/2022\/03\/Flor-mineral-Marte.jpg\",\"width\":1000,\"height\":405},{\"@type\":\"BreadcrumbList\",\"@id\":\"https:\/\/jornalfatosenoticias.com.br\/index.php\/2022\/03\/02\/curiosity-fotografa-pequena-flor-na-superficie-de-marte\/#breadcrumb\",\"itemListElement\":[{\"@type\":\"ListItem\",\"position\":1,\"name\":\"In\u00edcio\",\"item\":\"https:\/\/jornalfatosenoticias.com.br\/\"},{\"@type\":\"ListItem\",\"position\":2,\"name\":\"Curiosity fotografa pequena \u201cflor\u201d na superf\u00edcie de Marte\"}]},{\"@type\":\"WebSite\",\"@id\":\"https:\/\/jornalfatosenoticias.com.br\/#website\",\"url\":\"https:\/\/jornalfatosenoticias.com.br\/\",\"name\":\"Jornal Fatos e Not\u00edcias\",\"description\":\"Not\u00edcias em geral\",\"publisher\":{\"@id\":\"https:\/\/jornalfatosenoticias.com.br\/#organization\"},\"potentialAction\":[{\"@type\":\"SearchAction\",\"target\":{\"@type\":\"EntryPoint\",\"urlTemplate\":\"https:\/\/jornalfatosenoticias.com.br\/?s={search_term_string}\"},\"query-input\":{\"@type\":\"PropertyValueSpecification\",\"valueRequired\":true,\"valueName\":\"search_term_string\"}}],\"inLanguage\":\"pt-BR\"},{\"@type\":\"Organization\",\"@id\":\"https:\/\/jornalfatosenoticias.com.br\/#organization\",\"name\":\"Jornal Fatos e Not\u00edcias\",\"url\":\"https:\/\/jornalfatosenoticias.com.br\/\",\"logo\":{\"@type\":\"ImageObject\",\"inLanguage\":\"pt-BR\",\"@id\":\"https:\/\/jornalfatosenoticias.com.br\/#\/schema\/logo\/image\/\",\"url\":\"https:\/\/jornalfatosenoticias.com.br\/wp-content\/uploads\/2020\/02\/logo120.png\",\"contentUrl\":\"https:\/\/jornalfatosenoticias.com.br\/wp-content\/uploads\/2020\/02\/logo120.png\",\"width\":1227,\"height\":120,\"caption\":\"Jornal Fatos e Not\u00edcias\"},\"image\":{\"@id\":\"https:\/\/jornalfatosenoticias.com.br\/#\/schema\/logo\/image\/\"}},{\"@type\":\"Person\",\"@id\":\"https:\/\/jornalfatosenoticias.com.br\/#\/schema\/person\/d63837fa13ac8666eb9e74e0985d6f81\",\"name\":\"Luzimara Fernandes\",\"image\":{\"@type\":\"ImageObject\",\"inLanguage\":\"pt-BR\",\"@id\":\"https:\/\/jornalfatosenoticias.com.br\/#\/schema\/person\/image\/\",\"url\":\"https:\/\/jornalfatosenoticias.com.br\/wp-content\/uploads\/2025\/05\/EU_portal.jpg\",\"contentUrl\":\"https:\/\/jornalfatosenoticias.com.br\/wp-content\/uploads\/2025\/05\/EU_portal.jpg\",\"caption\":\"Luzimara Fernandes\"},\"description\":\"Jornalista MTB 2358-ES\",\"sameAs\":[\"https:\/\/jornalfatosenoticias.com.br\"],\"url\":\"https:\/\/jornalfatosenoticias.com.br\/index.php\/author\/luzimara\/\"}]}<\/script>\n<!-- \/ Yoast SEO plugin. -->","yoast_head_json":{"title":"Curiosity fotografa pequena \u201cflor\u201d na superf\u00edcie de Marte - Jornal Fatos e Not\u00edcias","robots":{"index":"index","follow":"follow","max-snippet":"max-snippet:-1","max-image-preview":"max-image-preview:large","max-video-preview":"max-video-preview:-1"},"canonical":"https:\/\/jornalfatosenoticias.com.br\/index.php\/2022\/03\/02\/curiosity-fotografa-pequena-flor-na-superficie-de-marte\/","og_locale":"pt_BR","og_type":"article","og_title":"Curiosity fotografa pequena \u201cflor\u201d na superf\u00edcie de Marte - Jornal Fatos e Not\u00edcias","og_description":"Mais um surpreendente conjunto de imagens do solo de Marte foi captado pela miss\u00e3o Curiosity. Divulgadas na \u00faltima sexta-feira (25), as fotos s\u00e3o de um objeto que parece uma pequena \u201cflor\u201d nascida na superf\u00edcie do planeta vermelho. A equipe do rover relatou que a descoberta tem estruturas delicadas, tendo se formado por minerais precipitados de [&hellip;]","og_url":"https:\/\/jornalfatosenoticias.com.br\/index.php\/2022\/03\/02\/curiosity-fotografa-pequena-flor-na-superficie-de-marte\/","og_site_name":"Jornal Fatos e Not\u00edcias","article_published_time":"2022-03-02T16:02:47+00:00","article_modified_time":"2022-03-02T16:02:48+00:00","og_image":[{"width":1000,"height":405,"url":"https:\/\/jornalfatosenoticias.com.br\/wp-content\/uploads\/2022\/03\/Flor-mineral-Marte.jpg","type":"image\/jpeg"}],"author":"Luzimara Fernandes","twitter_card":"summary_large_image","twitter_misc":{"Escrito por":"Luzimara Fernandes","Est. tempo de leitura":"2 minutos"},"schema":{"@context":"https:\/\/schema.org","@graph":[{"@type":"Article","@id":"https:\/\/jornalfatosenoticias.com.br\/index.php\/2022\/03\/02\/curiosity-fotografa-pequena-flor-na-superficie-de-marte\/#article","isPartOf":{"@id":"https:\/\/jornalfatosenoticias.com.br\/index.php\/2022\/03\/02\/curiosity-fotografa-pequena-flor-na-superficie-de-marte\/"},"author":{"name":"Luzimara Fernandes","@id":"https:\/\/jornalfatosenoticias.com.br\/#\/schema\/person\/d63837fa13ac8666eb9e74e0985d6f81"},"headline":"Curiosity fotografa pequena \u201cflor\u201d na superf\u00edcie de Marte","datePublished":"2022-03-02T16:02:47+00:00","dateModified":"2022-03-02T16:02:48+00:00","mainEntityOfPage":{"@id":"https:\/\/jornalfatosenoticias.com.br\/index.php\/2022\/03\/02\/curiosity-fotografa-pequena-flor-na-superficie-de-marte\/"},"wordCount":382,"commentCount":0,"publisher":{"@id":"https:\/\/jornalfatosenoticias.com.br\/#organization"},"image":{"@id":"https:\/\/jornalfatosenoticias.com.br\/index.php\/2022\/03\/02\/curiosity-fotografa-pequena-flor-na-superficie-de-marte\/#primaryimage"},"thumbnailUrl":"https:\/\/jornalfatosenoticias.com.br\/wp-content\/uploads\/2022\/03\/Flor-mineral-Marte.jpg","keywords":["Curiosity","explora\u00e7\u00e3o de Marte","flor","Marte","mineral","solo marciano"],"articleSection":["Ci\u00eancia"],"inLanguage":"pt-BR","potentialAction":[{"@type":"CommentAction","name":"Comment","target":["https:\/\/jornalfatosenoticias.com.br\/index.php\/2022\/03\/02\/curiosity-fotografa-pequena-flor-na-superficie-de-marte\/#respond"]}]},{"@type":"WebPage","@id":"https:\/\/jornalfatosenoticias.com.br\/index.php\/2022\/03\/02\/curiosity-fotografa-pequena-flor-na-superficie-de-marte\/","url":"https:\/\/jornalfatosenoticias.com.br\/index.php\/2022\/03\/02\/curiosity-fotografa-pequena-flor-na-superficie-de-marte\/","name":"Curiosity fotografa pequena \u201cflor\u201d na superf\u00edcie de Marte - Jornal Fatos e Not\u00edcias","isPartOf":{"@id":"https:\/\/jornalfatosenoticias.com.br\/#website"},"primaryImageOfPage":{"@id":"https:\/\/jornalfatosenoticias.com.br\/index.php\/2022\/03\/02\/curiosity-fotografa-pequena-flor-na-superficie-de-marte\/#primaryimage"},"image":{"@id":"https:\/\/jornalfatosenoticias.com.br\/index.php\/2022\/03\/02\/curiosity-fotografa-pequena-flor-na-superficie-de-marte\/#primaryimage"},"thumbnailUrl":"https:\/\/jornalfatosenoticias.com.br\/wp-content\/uploads\/2022\/03\/Flor-mineral-Marte.jpg","datePublished":"2022-03-02T16:02:47+00:00","dateModified":"2022-03-02T16:02:48+00:00","breadcrumb":{"@id":"https:\/\/jornalfatosenoticias.com.br\/index.php\/2022\/03\/02\/curiosity-fotografa-pequena-flor-na-superficie-de-marte\/#breadcrumb"},"inLanguage":"pt-BR","potentialAction":[{"@type":"ReadAction","target":["https:\/\/jornalfatosenoticias.com.br\/index.php\/2022\/03\/02\/curiosity-fotografa-pequena-flor-na-superficie-de-marte\/"]}]},{"@type":"ImageObject","inLanguage":"pt-BR","@id":"https:\/\/jornalfatosenoticias.com.br\/index.php\/2022\/03\/02\/curiosity-fotografa-pequena-flor-na-superficie-de-marte\/#primaryimage","url":"https:\/\/jornalfatosenoticias.com.br\/wp-content\/uploads\/2022\/03\/Flor-mineral-Marte.jpg","contentUrl":"https:\/\/jornalfatosenoticias.com.br\/wp-content\/uploads\/2022\/03\/Flor-mineral-Marte.jpg","width":1000,"height":405},{"@type":"BreadcrumbList","@id":"https:\/\/jornalfatosenoticias.com.br\/index.php\/2022\/03\/02\/curiosity-fotografa-pequena-flor-na-superficie-de-marte\/#breadcrumb","itemListElement":[{"@type":"ListItem","position":1,"name":"In\u00edcio","item":"https:\/\/jornalfatosenoticias.com.br\/"},{"@type":"ListItem","position":2,"name":"Curiosity fotografa pequena \u201cflor\u201d na superf\u00edcie de Marte"}]},{"@type":"WebSite","@id":"https:\/\/jornalfatosenoticias.com.br\/#website","url":"https:\/\/jornalfatosenoticias.com.br\/","name":"Jornal Fatos e Not\u00edcias","description":"Not\u00edcias em geral","publisher":{"@id":"https:\/\/jornalfatosenoticias.com.br\/#organization"},"potentialAction":[{"@type":"SearchAction","target":{"@type":"EntryPoint","urlTemplate":"https:\/\/jornalfatosenoticias.com.br\/?s={search_term_string}"},"query-input":{"@type":"PropertyValueSpecification","valueRequired":true,"valueName":"search_term_string"}}],"inLanguage":"pt-BR"},{"@type":"Organization","@id":"https:\/\/jornalfatosenoticias.com.br\/#organization","name":"Jornal Fatos e Not\u00edcias","url":"https:\/\/jornalfatosenoticias.com.br\/","logo":{"@type":"ImageObject","inLanguage":"pt-BR","@id":"https:\/\/jornalfatosenoticias.com.br\/#\/schema\/logo\/image\/","url":"https:\/\/jornalfatosenoticias.com.br\/wp-content\/uploads\/2020\/02\/logo120.png","contentUrl":"https:\/\/jornalfatosenoticias.com.br\/wp-content\/uploads\/2020\/02\/logo120.png","width":1227,"height":120,"caption":"Jornal Fatos e Not\u00edcias"},"image":{"@id":"https:\/\/jornalfatosenoticias.com.br\/#\/schema\/logo\/image\/"}},{"@type":"Person","@id":"https:\/\/jornalfatosenoticias.com.br\/#\/schema\/person\/d63837fa13ac8666eb9e74e0985d6f81","name":"Luzimara Fernandes","image":{"@type":"ImageObject","inLanguage":"pt-BR","@id":"https:\/\/jornalfatosenoticias.com.br\/#\/schema\/person\/image\/","url":"https:\/\/jornalfatosenoticias.com.br\/wp-content\/uploads\/2025\/05\/EU_portal.jpg","contentUrl":"https:\/\/jornalfatosenoticias.com.br\/wp-content\/uploads\/2025\/05\/EU_portal.jpg","caption":"Luzimara Fernandes"},"description":"Jornalista MTB 2358-ES","sameAs":["https:\/\/jornalfatosenoticias.com.br"],"url":"https:\/\/jornalfatosenoticias.com.br\/index.php\/author\/luzimara\/"}]}},"cc_featured_image_caption":{"caption_text":"(Foto: Divulga\u00e7\u00e3o Nasa) ","source_text":"","source_url":""},"jetpack_featured_media_url":"https:\/\/jornalfatosenoticias.com.br\/wp-content\/uploads\/2022\/03\/Flor-mineral-Marte.jpg","_links":{"self":[{"href":"https:\/\/jornalfatosenoticias.com.br\/index.php\/wp-json\/wp\/v2\/posts\/28393","targetHints":{"allow":["GET"]}}],"collection":[{"href":"https:\/\/jornalfatosenoticias.com.br\/index.php\/wp-json\/wp\/v2\/posts"}],"about":[{"href":"https:\/\/jornalfatosenoticias.com.br\/index.php\/wp-json\/wp\/v2\/types\/post"}],"author":[{"embeddable":true,"href":"https:\/\/jornalfatosenoticias.com.br\/index.php\/wp-json\/wp\/v2\/users\/2"}],"replies":[{"embeddable":true,"href":"https:\/\/jornalfatosenoticias.com.br\/index.php\/wp-json\/wp\/v2\/comments?post=28393"}],"version-history":[{"count":0,"href":"https:\/\/jornalfatosenoticias.com.br\/index.php\/wp-json\/wp\/v2\/posts\/28393\/revisions"}],"wp:featuredmedia":[{"embeddable":true,"href":"https:\/\/jornalfatosenoticias.com.br\/index.php\/wp-json\/wp\/v2\/media\/28396"}],"wp:attachment":[{"href":"https:\/\/jornalfatosenoticias.com.br\/index.php\/wp-json\/wp\/v2\/media?parent=28393"}],"wp:term":[{"taxonomy":"category","embeddable":true,"href":"https:\/\/jornalfatosenoticias.com.br\/index.php\/wp-json\/wp\/v2\/categories?post=28393"},{"taxonomy":"post_tag","embeddable":true,"href":"https:\/\/jornalfatosenoticias.com.br\/index.php\/wp-json\/wp\/v2\/tags?post=28393"}],"curies":[{"name":"wp","href":"https:\/\/api.w.org\/{rel}","templated":true}]}}