{"id":2843,"date":"2020-04-06T13:43:30","date_gmt":"2020-04-06T16:43:30","guid":{"rendered":"https:\/\/jornalfatosenoticias.com.br\/?p=2843"},"modified":"2020-04-06T13:43:36","modified_gmt":"2020-04-06T16:43:36","slug":"maior-viveiro-da-america-latina-e-inaugurado-no-parana","status":"publish","type":"post","link":"https:\/\/jornalfatosenoticias.com.br\/index.php\/2020\/04\/06\/maior-viveiro-da-america-latina-e-inaugurado-no-parana\/","title":{"rendered":"Maior viveiro da Am\u00e9rica Latina \u00e9 inaugurado no Paran\u00e1"},"content":{"rendered":"\n<h6 class=\"wp-block-heading\"><em>Parque recebeu quase 300 aves resgatadas<\/em><\/h6>\n\n\n\n<p>A soltura de 276 aves marcou, na \u00faltima ter\u00e7a-feira (31), a inaugura\u00e7\u00e3o do maior viveiro da Am\u00e9rica Latina para ambienta\u00e7\u00e3o de animais v\u00edtimas de tr\u00e1fico e maus-tratos. O ambiente tem cerca de cinco mil metros quadrados de Mata Atl\u00e2ntica recuperada e estruturada, dentro do Parque das Aves, em Foz do Igua\u00e7u, no Paran\u00e1.<br>A diretora t\u00e9cnica do local, Paloma Bosso, explica que o lugar foi concebido para receber animais que n\u00e3o t\u00eam condi\u00e7\u00f5es de ser reinseridos em ambiente natural sem supervis\u00e3o. Muitos sofreram mutila\u00e7\u00f5es que os tornariam presas f\u00e1ceis. \u201c\u00c9 o caso de v\u00e1rias aves da esp\u00e9cie Periquit\u00e3o Maracan\u00e3 que recebemos aqui. Eles tiveram os membros inferiores amputados por peda\u00e7os de linha com cerol, utilizados pela ave adulta na constru\u00e7\u00e3o dos ninhos\u201d, explicou em entrevista \u00e0 Ag\u00eancia Brasil.<br>Ao todo, 12 esp\u00e9cies diferentes da fam\u00edlia dos papagaios ocuparam o novo viveiro. Segundo Paloma, apesar de serem a maioria periquitos, as esp\u00e9cies variam em tamanho, mas convivem pacificamente, sem possibilidade de agress\u00e3o. \u201cEles agora poder\u00e3o explorar o recinto naturalmente e desenvolver a habilidade de voo. \u00c9 um fragmento da Mata Atl\u00e2ntica que est\u00e1 dispon\u00edvel exclusivamente para eles\u201d, disse.<\/p>\n\n\n\n<figure class=\"wp-block-image size-large\"><img loading=\"lazy\" decoding=\"async\" width=\"1000\" height=\"595\" src=\"https:\/\/jornalfatosenoticias.com.br\/wp-content\/uploads\/2020\/04\/Parque-das-Aves.jpg\" alt=\"\" class=\"wp-image-2844\" srcset=\"https:\/\/jornalfatosenoticias.com.br\/wp-content\/uploads\/2020\/04\/Parque-das-Aves.jpg 1000w, https:\/\/jornalfatosenoticias.com.br\/wp-content\/uploads\/2020\/04\/Parque-das-Aves-300x179.jpg 300w, https:\/\/jornalfatosenoticias.com.br\/wp-content\/uploads\/2020\/04\/Parque-das-Aves-768x457.jpg 768w\" sizes=\"auto, (max-width: 1000px) 100vw, 1000px\" \/><figcaption><em>O novo viveiro foi batizado de Cecropia (Foto: Viveiro Cecropia)<\/em><\/figcaption><\/figure>\n\n\n\n<p><br>O novo viveiro foi batizado de Cecropia, que \u00e9 o nome cient\u00edfico da emba\u00faba, uma esp\u00e9cie de \u00e1rvore que teve um papel fundamental na regenera\u00e7\u00e3o da \u00e1rea, antes da mata secund\u00e1ria. O objetivo \u00e9 tornar o ambiente o mais equilibrado poss\u00edvel, inclusive, com a inser\u00e7\u00e3o futura de outras esp\u00e9cies de animais.<br>Nesse primeiro momento, as aves ser\u00e3o monitoradas pela equipe t\u00e9cnica do parque durante o per\u00edodo de adapta\u00e7\u00e3o ao novo ambiente. \u201cS\u00e3o animais que, ap\u00f3s o resgate, j\u00e1 passaram por v\u00e1rias etapas, desde a quarentena, at\u00e9 o momento em que foram classificados em grupos para intera\u00e7\u00e3o, em ambientes menores, dentro do pr\u00f3prio viveiro. Agora as grades desses ambientes foram abertas para que eles fiquem \u00e0 vontade para explorar todo o espa\u00e7o\u201d, explicou Paloma.<br>A \u00faltima etapa do projeto ser\u00e1 a abertura do viveiro para visita\u00e7\u00e3o, na qual as pessoas poder\u00e3o vivenciar a proximidade com essas aves. Mas isso acontecer\u00e1 somente depois que o Parque for reaberto \u00e0 visita\u00e7\u00e3o, interrompida por causa da pandemia do novo coronav\u00edrus. \u201cN\u00f3s decidimos seguir com o planejamento, j\u00e1 que essa etapa envolveu uma parte pequena da equipe, que p\u00f4de trabalhar com toda a seguran\u00e7a sanit\u00e1ria exigida\u201d, concluiu.<\/p>\n\n\n\n<p><strong><em>Fonte: <a href=\"https:\/\/ciclovivo.com.br\/planeta\/meio-ambiente\/maior-viveiro-aves-resgatadas\/\">CicloVivo<\/a><\/em><\/strong><\/p>\n","protected":false},"excerpt":{"rendered":"<p>Parque recebeu quase 300 aves resgatadas A soltura de 276 aves marcou, na \u00faltima ter\u00e7a-feira (31), a inaugura\u00e7\u00e3o do maior viveiro da Am\u00e9rica Latina para ambienta\u00e7\u00e3o de animais v\u00edtimas de tr\u00e1fico e maus-tratos. O ambiente tem cerca de cinco mil metros quadrados de Mata Atl\u00e2ntica recuperada e estruturada, dentro do Parque das Aves, em Foz [&hellip;]<\/p>\n","protected":false},"author":2,"featured_media":2845,"comment_status":"open","ping_status":"open","sticky":false,"template":"","format":"standard","meta":{"footnotes":""},"categories":[8],"tags":[258,52,1460,1459,1461,1462],"class_list":["post-2843","post","type-post","status-publish","format-standard","has-post-thumbnail","hentry","category-meio-ambiente","tag-mata-atlantica","tag-maus-tratos","tag-parana","tag-parque-das-aves","tag-periquitos","tag-trafico-de-animais"],"yoast_head":"<!-- This site is optimized with the Yoast SEO plugin v26.5 - https:\/\/yoast.com\/wordpress\/plugins\/seo\/ -->\n<title>Maior viveiro da Am\u00e9rica Latina \u00e9 inaugurado no Paran\u00e1 - Jornal Fatos e Not\u00edcias<\/title>\n<meta name=\"robots\" content=\"index, follow, max-snippet:-1, max-image-preview:large, max-video-preview:-1\" \/>\n<link rel=\"canonical\" href=\"https:\/\/jornalfatosenoticias.com.br\/index.php\/2020\/04\/06\/maior-viveiro-da-america-latina-e-inaugurado-no-parana\/\" \/>\n<meta property=\"og:locale\" content=\"pt_BR\" \/>\n<meta property=\"og:type\" content=\"article\" \/>\n<meta property=\"og:title\" content=\"Maior viveiro da Am\u00e9rica Latina \u00e9 inaugurado no Paran\u00e1 - Jornal Fatos e Not\u00edcias\" \/>\n<meta property=\"og:description\" content=\"Parque recebeu quase 300 aves resgatadas A soltura de 276 aves marcou, na \u00faltima ter\u00e7a-feira (31), a inaugura\u00e7\u00e3o do maior viveiro da Am\u00e9rica Latina para ambienta\u00e7\u00e3o de animais v\u00edtimas de tr\u00e1fico e maus-tratos. O ambiente tem cerca de cinco mil metros quadrados de Mata Atl\u00e2ntica recuperada e estruturada, dentro do Parque das Aves, em Foz [&hellip;]\" \/>\n<meta property=\"og:url\" content=\"https:\/\/jornalfatosenoticias.com.br\/index.php\/2020\/04\/06\/maior-viveiro-da-america-latina-e-inaugurado-no-parana\/\" \/>\n<meta property=\"og:site_name\" content=\"Jornal Fatos e Not\u00edcias\" \/>\n<meta property=\"article:published_time\" content=\"2020-04-06T16:43:30+00:00\" \/>\n<meta property=\"article:modified_time\" content=\"2020-04-06T16:43:36+00:00\" \/>\n<meta property=\"og:image\" content=\"https:\/\/jornalfatosenoticias.com.br\/wp-content\/uploads\/2020\/04\/Parque-das-Aves-capa.jpg\" \/>\n\t<meta property=\"og:image:width\" content=\"1000\" \/>\n\t<meta property=\"og:image:height\" content=\"670\" \/>\n\t<meta property=\"og:image:type\" content=\"image\/jpeg\" \/>\n<meta name=\"author\" content=\"Luzimara Fernandes\" \/>\n<meta name=\"twitter:card\" content=\"summary_large_image\" \/>\n<meta name=\"twitter:label1\" content=\"Escrito por\" \/>\n\t<meta name=\"twitter:data1\" content=\"Luzimara Fernandes\" \/>\n\t<meta name=\"twitter:label2\" content=\"Est. tempo de leitura\" \/>\n\t<meta name=\"twitter:data2\" content=\"2 minutos\" \/>\n<script type=\"application\/ld+json\" class=\"yoast-schema-graph\">{\"@context\":\"https:\/\/schema.org\",\"@graph\":[{\"@type\":\"Article\",\"@id\":\"https:\/\/jornalfatosenoticias.com.br\/index.php\/2020\/04\/06\/maior-viveiro-da-america-latina-e-inaugurado-no-parana\/#article\",\"isPartOf\":{\"@id\":\"https:\/\/jornalfatosenoticias.com.br\/index.php\/2020\/04\/06\/maior-viveiro-da-america-latina-e-inaugurado-no-parana\/\"},\"author\":{\"name\":\"Luzimara Fernandes\",\"@id\":\"https:\/\/jornalfatosenoticias.com.br\/#\/schema\/person\/d63837fa13ac8666eb9e74e0985d6f81\"},\"headline\":\"Maior viveiro da Am\u00e9rica Latina \u00e9 inaugurado no Paran\u00e1\",\"datePublished\":\"2020-04-06T16:43:30+00:00\",\"dateModified\":\"2020-04-06T16:43:36+00:00\",\"mainEntityOfPage\":{\"@id\":\"https:\/\/jornalfatosenoticias.com.br\/index.php\/2020\/04\/06\/maior-viveiro-da-america-latina-e-inaugurado-no-parana\/\"},\"wordCount\":449,\"commentCount\":0,\"publisher\":{\"@id\":\"https:\/\/jornalfatosenoticias.com.br\/#organization\"},\"image\":{\"@id\":\"https:\/\/jornalfatosenoticias.com.br\/index.php\/2020\/04\/06\/maior-viveiro-da-america-latina-e-inaugurado-no-parana\/#primaryimage\"},\"thumbnailUrl\":\"https:\/\/jornalfatosenoticias.com.br\/wp-content\/uploads\/2020\/04\/Parque-das-Aves-capa.jpg\",\"keywords\":[\"mata atl\u00e2ntica\",\"maus-tratos\",\"Paran\u00e1\",\"Parque das Aves\",\"periquitos\",\"tr\u00e1fico de animais\"],\"articleSection\":[\"Meio ambiente\"],\"inLanguage\":\"pt-BR\",\"potentialAction\":[{\"@type\":\"CommentAction\",\"name\":\"Comment\",\"target\":[\"https:\/\/jornalfatosenoticias.com.br\/index.php\/2020\/04\/06\/maior-viveiro-da-america-latina-e-inaugurado-no-parana\/#respond\"]}]},{\"@type\":\"WebPage\",\"@id\":\"https:\/\/jornalfatosenoticias.com.br\/index.php\/2020\/04\/06\/maior-viveiro-da-america-latina-e-inaugurado-no-parana\/\",\"url\":\"https:\/\/jornalfatosenoticias.com.br\/index.php\/2020\/04\/06\/maior-viveiro-da-america-latina-e-inaugurado-no-parana\/\",\"name\":\"Maior viveiro da Am\u00e9rica Latina \u00e9 inaugurado no Paran\u00e1 - Jornal Fatos e Not\u00edcias\",\"isPartOf\":{\"@id\":\"https:\/\/jornalfatosenoticias.com.br\/#website\"},\"primaryImageOfPage\":{\"@id\":\"https:\/\/jornalfatosenoticias.com.br\/index.php\/2020\/04\/06\/maior-viveiro-da-america-latina-e-inaugurado-no-parana\/#primaryimage\"},\"image\":{\"@id\":\"https:\/\/jornalfatosenoticias.com.br\/index.php\/2020\/04\/06\/maior-viveiro-da-america-latina-e-inaugurado-no-parana\/#primaryimage\"},\"thumbnailUrl\":\"https:\/\/jornalfatosenoticias.com.br\/wp-content\/uploads\/2020\/04\/Parque-das-Aves-capa.jpg\",\"datePublished\":\"2020-04-06T16:43:30+00:00\",\"dateModified\":\"2020-04-06T16:43:36+00:00\",\"breadcrumb\":{\"@id\":\"https:\/\/jornalfatosenoticias.com.br\/index.php\/2020\/04\/06\/maior-viveiro-da-america-latina-e-inaugurado-no-parana\/#breadcrumb\"},\"inLanguage\":\"pt-BR\",\"potentialAction\":[{\"@type\":\"ReadAction\",\"target\":[\"https:\/\/jornalfatosenoticias.com.br\/index.php\/2020\/04\/06\/maior-viveiro-da-america-latina-e-inaugurado-no-parana\/\"]}]},{\"@type\":\"ImageObject\",\"inLanguage\":\"pt-BR\",\"@id\":\"https:\/\/jornalfatosenoticias.com.br\/index.php\/2020\/04\/06\/maior-viveiro-da-america-latina-e-inaugurado-no-parana\/#primaryimage\",\"url\":\"https:\/\/jornalfatosenoticias.com.br\/wp-content\/uploads\/2020\/04\/Parque-das-Aves-capa.jpg\",\"contentUrl\":\"https:\/\/jornalfatosenoticias.com.br\/wp-content\/uploads\/2020\/04\/Parque-das-Aves-capa.jpg\",\"width\":1000,\"height\":670},{\"@type\":\"BreadcrumbList\",\"@id\":\"https:\/\/jornalfatosenoticias.com.br\/index.php\/2020\/04\/06\/maior-viveiro-da-america-latina-e-inaugurado-no-parana\/#breadcrumb\",\"itemListElement\":[{\"@type\":\"ListItem\",\"position\":1,\"name\":\"In\u00edcio\",\"item\":\"https:\/\/jornalfatosenoticias.com.br\/\"},{\"@type\":\"ListItem\",\"position\":2,\"name\":\"Maior viveiro da Am\u00e9rica Latina \u00e9 inaugurado no Paran\u00e1\"}]},{\"@type\":\"WebSite\",\"@id\":\"https:\/\/jornalfatosenoticias.com.br\/#website\",\"url\":\"https:\/\/jornalfatosenoticias.com.br\/\",\"name\":\"Jornal Fatos e Not\u00edcias\",\"description\":\"Not\u00edcias em geral\",\"publisher\":{\"@id\":\"https:\/\/jornalfatosenoticias.com.br\/#organization\"},\"potentialAction\":[{\"@type\":\"SearchAction\",\"target\":{\"@type\":\"EntryPoint\",\"urlTemplate\":\"https:\/\/jornalfatosenoticias.com.br\/?s={search_term_string}\"},\"query-input\":{\"@type\":\"PropertyValueSpecification\",\"valueRequired\":true,\"valueName\":\"search_term_string\"}}],\"inLanguage\":\"pt-BR\"},{\"@type\":\"Organization\",\"@id\":\"https:\/\/jornalfatosenoticias.com.br\/#organization\",\"name\":\"Jornal Fatos e Not\u00edcias\",\"url\":\"https:\/\/jornalfatosenoticias.com.br\/\",\"logo\":{\"@type\":\"ImageObject\",\"inLanguage\":\"pt-BR\",\"@id\":\"https:\/\/jornalfatosenoticias.com.br\/#\/schema\/logo\/image\/\",\"url\":\"https:\/\/jornalfatosenoticias.com.br\/wp-content\/uploads\/2020\/02\/logo120.png\",\"contentUrl\":\"https:\/\/jornalfatosenoticias.com.br\/wp-content\/uploads\/2020\/02\/logo120.png\",\"width\":1227,\"height\":120,\"caption\":\"Jornal Fatos e Not\u00edcias\"},\"image\":{\"@id\":\"https:\/\/jornalfatosenoticias.com.br\/#\/schema\/logo\/image\/\"}},{\"@type\":\"Person\",\"@id\":\"https:\/\/jornalfatosenoticias.com.br\/#\/schema\/person\/d63837fa13ac8666eb9e74e0985d6f81\",\"name\":\"Luzimara Fernandes\",\"image\":{\"@type\":\"ImageObject\",\"inLanguage\":\"pt-BR\",\"@id\":\"https:\/\/jornalfatosenoticias.com.br\/#\/schema\/person\/image\/\",\"url\":\"https:\/\/jornalfatosenoticias.com.br\/wp-content\/uploads\/2025\/05\/EU_portal.jpg\",\"contentUrl\":\"https:\/\/jornalfatosenoticias.com.br\/wp-content\/uploads\/2025\/05\/EU_portal.jpg\",\"caption\":\"Luzimara Fernandes\"},\"description\":\"Jornalista MTB 2358-ES\",\"sameAs\":[\"https:\/\/jornalfatosenoticias.com.br\"],\"url\":\"https:\/\/jornalfatosenoticias.com.br\/index.php\/author\/luzimara\/\"}]}<\/script>\n<!-- \/ Yoast SEO plugin. -->","yoast_head_json":{"title":"Maior viveiro da Am\u00e9rica Latina \u00e9 inaugurado no Paran\u00e1 - Jornal Fatos e Not\u00edcias","robots":{"index":"index","follow":"follow","max-snippet":"max-snippet:-1","max-image-preview":"max-image-preview:large","max-video-preview":"max-video-preview:-1"},"canonical":"https:\/\/jornalfatosenoticias.com.br\/index.php\/2020\/04\/06\/maior-viveiro-da-america-latina-e-inaugurado-no-parana\/","og_locale":"pt_BR","og_type":"article","og_title":"Maior viveiro da Am\u00e9rica Latina \u00e9 inaugurado no Paran\u00e1 - Jornal Fatos e Not\u00edcias","og_description":"Parque recebeu quase 300 aves resgatadas A soltura de 276 aves marcou, na \u00faltima ter\u00e7a-feira (31), a inaugura\u00e7\u00e3o do maior viveiro da Am\u00e9rica Latina para ambienta\u00e7\u00e3o de animais v\u00edtimas de tr\u00e1fico e maus-tratos. O ambiente tem cerca de cinco mil metros quadrados de Mata Atl\u00e2ntica recuperada e estruturada, dentro do Parque das Aves, em Foz [&hellip;]","og_url":"https:\/\/jornalfatosenoticias.com.br\/index.php\/2020\/04\/06\/maior-viveiro-da-america-latina-e-inaugurado-no-parana\/","og_site_name":"Jornal Fatos e Not\u00edcias","article_published_time":"2020-04-06T16:43:30+00:00","article_modified_time":"2020-04-06T16:43:36+00:00","og_image":[{"width":1000,"height":670,"url":"https:\/\/jornalfatosenoticias.com.br\/wp-content\/uploads\/2020\/04\/Parque-das-Aves-capa.jpg","type":"image\/jpeg"}],"author":"Luzimara Fernandes","twitter_card":"summary_large_image","twitter_misc":{"Escrito por":"Luzimara Fernandes","Est. tempo de leitura":"2 minutos"},"schema":{"@context":"https:\/\/schema.org","@graph":[{"@type":"Article","@id":"https:\/\/jornalfatosenoticias.com.br\/index.php\/2020\/04\/06\/maior-viveiro-da-america-latina-e-inaugurado-no-parana\/#article","isPartOf":{"@id":"https:\/\/jornalfatosenoticias.com.br\/index.php\/2020\/04\/06\/maior-viveiro-da-america-latina-e-inaugurado-no-parana\/"},"author":{"name":"Luzimara Fernandes","@id":"https:\/\/jornalfatosenoticias.com.br\/#\/schema\/person\/d63837fa13ac8666eb9e74e0985d6f81"},"headline":"Maior viveiro da Am\u00e9rica Latina \u00e9 inaugurado no Paran\u00e1","datePublished":"2020-04-06T16:43:30+00:00","dateModified":"2020-04-06T16:43:36+00:00","mainEntityOfPage":{"@id":"https:\/\/jornalfatosenoticias.com.br\/index.php\/2020\/04\/06\/maior-viveiro-da-america-latina-e-inaugurado-no-parana\/"},"wordCount":449,"commentCount":0,"publisher":{"@id":"https:\/\/jornalfatosenoticias.com.br\/#organization"},"image":{"@id":"https:\/\/jornalfatosenoticias.com.br\/index.php\/2020\/04\/06\/maior-viveiro-da-america-latina-e-inaugurado-no-parana\/#primaryimage"},"thumbnailUrl":"https:\/\/jornalfatosenoticias.com.br\/wp-content\/uploads\/2020\/04\/Parque-das-Aves-capa.jpg","keywords":["mata atl\u00e2ntica","maus-tratos","Paran\u00e1","Parque das Aves","periquitos","tr\u00e1fico de animais"],"articleSection":["Meio ambiente"],"inLanguage":"pt-BR","potentialAction":[{"@type":"CommentAction","name":"Comment","target":["https:\/\/jornalfatosenoticias.com.br\/index.php\/2020\/04\/06\/maior-viveiro-da-america-latina-e-inaugurado-no-parana\/#respond"]}]},{"@type":"WebPage","@id":"https:\/\/jornalfatosenoticias.com.br\/index.php\/2020\/04\/06\/maior-viveiro-da-america-latina-e-inaugurado-no-parana\/","url":"https:\/\/jornalfatosenoticias.com.br\/index.php\/2020\/04\/06\/maior-viveiro-da-america-latina-e-inaugurado-no-parana\/","name":"Maior viveiro da Am\u00e9rica Latina \u00e9 inaugurado no Paran\u00e1 - Jornal Fatos e Not\u00edcias","isPartOf":{"@id":"https:\/\/jornalfatosenoticias.com.br\/#website"},"primaryImageOfPage":{"@id":"https:\/\/jornalfatosenoticias.com.br\/index.php\/2020\/04\/06\/maior-viveiro-da-america-latina-e-inaugurado-no-parana\/#primaryimage"},"image":{"@id":"https:\/\/jornalfatosenoticias.com.br\/index.php\/2020\/04\/06\/maior-viveiro-da-america-latina-e-inaugurado-no-parana\/#primaryimage"},"thumbnailUrl":"https:\/\/jornalfatosenoticias.com.br\/wp-content\/uploads\/2020\/04\/Parque-das-Aves-capa.jpg","datePublished":"2020-04-06T16:43:30+00:00","dateModified":"2020-04-06T16:43:36+00:00","breadcrumb":{"@id":"https:\/\/jornalfatosenoticias.com.br\/index.php\/2020\/04\/06\/maior-viveiro-da-america-latina-e-inaugurado-no-parana\/#breadcrumb"},"inLanguage":"pt-BR","potentialAction":[{"@type":"ReadAction","target":["https:\/\/jornalfatosenoticias.com.br\/index.php\/2020\/04\/06\/maior-viveiro-da-america-latina-e-inaugurado-no-parana\/"]}]},{"@type":"ImageObject","inLanguage":"pt-BR","@id":"https:\/\/jornalfatosenoticias.com.br\/index.php\/2020\/04\/06\/maior-viveiro-da-america-latina-e-inaugurado-no-parana\/#primaryimage","url":"https:\/\/jornalfatosenoticias.com.br\/wp-content\/uploads\/2020\/04\/Parque-das-Aves-capa.jpg","contentUrl":"https:\/\/jornalfatosenoticias.com.br\/wp-content\/uploads\/2020\/04\/Parque-das-Aves-capa.jpg","width":1000,"height":670},{"@type":"BreadcrumbList","@id":"https:\/\/jornalfatosenoticias.com.br\/index.php\/2020\/04\/06\/maior-viveiro-da-america-latina-e-inaugurado-no-parana\/#breadcrumb","itemListElement":[{"@type":"ListItem","position":1,"name":"In\u00edcio","item":"https:\/\/jornalfatosenoticias.com.br\/"},{"@type":"ListItem","position":2,"name":"Maior viveiro da Am\u00e9rica Latina \u00e9 inaugurado no Paran\u00e1"}]},{"@type":"WebSite","@id":"https:\/\/jornalfatosenoticias.com.br\/#website","url":"https:\/\/jornalfatosenoticias.com.br\/","name":"Jornal Fatos e Not\u00edcias","description":"Not\u00edcias em geral","publisher":{"@id":"https:\/\/jornalfatosenoticias.com.br\/#organization"},"potentialAction":[{"@type":"SearchAction","target":{"@type":"EntryPoint","urlTemplate":"https:\/\/jornalfatosenoticias.com.br\/?s={search_term_string}"},"query-input":{"@type":"PropertyValueSpecification","valueRequired":true,"valueName":"search_term_string"}}],"inLanguage":"pt-BR"},{"@type":"Organization","@id":"https:\/\/jornalfatosenoticias.com.br\/#organization","name":"Jornal Fatos e Not\u00edcias","url":"https:\/\/jornalfatosenoticias.com.br\/","logo":{"@type":"ImageObject","inLanguage":"pt-BR","@id":"https:\/\/jornalfatosenoticias.com.br\/#\/schema\/logo\/image\/","url":"https:\/\/jornalfatosenoticias.com.br\/wp-content\/uploads\/2020\/02\/logo120.png","contentUrl":"https:\/\/jornalfatosenoticias.com.br\/wp-content\/uploads\/2020\/02\/logo120.png","width":1227,"height":120,"caption":"Jornal Fatos e Not\u00edcias"},"image":{"@id":"https:\/\/jornalfatosenoticias.com.br\/#\/schema\/logo\/image\/"}},{"@type":"Person","@id":"https:\/\/jornalfatosenoticias.com.br\/#\/schema\/person\/d63837fa13ac8666eb9e74e0985d6f81","name":"Luzimara Fernandes","image":{"@type":"ImageObject","inLanguage":"pt-BR","@id":"https:\/\/jornalfatosenoticias.com.br\/#\/schema\/person\/image\/","url":"https:\/\/jornalfatosenoticias.com.br\/wp-content\/uploads\/2025\/05\/EU_portal.jpg","contentUrl":"https:\/\/jornalfatosenoticias.com.br\/wp-content\/uploads\/2025\/05\/EU_portal.jpg","caption":"Luzimara Fernandes"},"description":"Jornalista MTB 2358-ES","sameAs":["https:\/\/jornalfatosenoticias.com.br"],"url":"https:\/\/jornalfatosenoticias.com.br\/index.php\/author\/luzimara\/"}]}},"cc_featured_image_caption":{"caption_text":"(Foto: Viveiro Cecropia)","source_text":"","source_url":""},"jetpack_featured_media_url":"https:\/\/jornalfatosenoticias.com.br\/wp-content\/uploads\/2020\/04\/Parque-das-Aves-capa.jpg","_links":{"self":[{"href":"https:\/\/jornalfatosenoticias.com.br\/index.php\/wp-json\/wp\/v2\/posts\/2843","targetHints":{"allow":["GET"]}}],"collection":[{"href":"https:\/\/jornalfatosenoticias.com.br\/index.php\/wp-json\/wp\/v2\/posts"}],"about":[{"href":"https:\/\/jornalfatosenoticias.com.br\/index.php\/wp-json\/wp\/v2\/types\/post"}],"author":[{"embeddable":true,"href":"https:\/\/jornalfatosenoticias.com.br\/index.php\/wp-json\/wp\/v2\/users\/2"}],"replies":[{"embeddable":true,"href":"https:\/\/jornalfatosenoticias.com.br\/index.php\/wp-json\/wp\/v2\/comments?post=2843"}],"version-history":[{"count":0,"href":"https:\/\/jornalfatosenoticias.com.br\/index.php\/wp-json\/wp\/v2\/posts\/2843\/revisions"}],"wp:featuredmedia":[{"embeddable":true,"href":"https:\/\/jornalfatosenoticias.com.br\/index.php\/wp-json\/wp\/v2\/media\/2845"}],"wp:attachment":[{"href":"https:\/\/jornalfatosenoticias.com.br\/index.php\/wp-json\/wp\/v2\/media?parent=2843"}],"wp:term":[{"taxonomy":"category","embeddable":true,"href":"https:\/\/jornalfatosenoticias.com.br\/index.php\/wp-json\/wp\/v2\/categories?post=2843"},{"taxonomy":"post_tag","embeddable":true,"href":"https:\/\/jornalfatosenoticias.com.br\/index.php\/wp-json\/wp\/v2\/tags?post=2843"}],"curies":[{"name":"wp","href":"https:\/\/api.w.org\/{rel}","templated":true}]}}