{"id":28527,"date":"2022-03-04T12:39:26","date_gmt":"2022-03-04T15:39:26","guid":{"rendered":"https:\/\/jornalfatosenoticias.com.br\/?p=28527"},"modified":"2022-03-04T12:39:32","modified_gmt":"2022-03-04T15:39:32","slug":"ufopa-obtem-patente-para-batom-produzido-com-pigmento-da-casca-do-jambo","status":"publish","type":"post","link":"https:\/\/jornalfatosenoticias.com.br\/index.php\/2022\/03\/04\/ufopa-obtem-patente-para-batom-produzido-com-pigmento-da-casca-do-jambo\/","title":{"rendered":"Ufopa obt\u00e9m patente para batom produzido com pigmento da casca do jambo"},"content":{"rendered":"\n<p><span class=\"has-inline-color has-black-color\"><em>A concess\u00e3o da carta-patente \u00e9 a etapa final do processo de prote\u00e7\u00e3o da inven\u00e7\u00e3o e significa o atendimento de todos os pr\u00e9-requisitos de patenteabilidade<\/em><\/span><\/p>\n\n\n\n<p>A Universidade Federal do Oeste do Par\u00e1 (Ufopa) conseguiu aprova\u00e7\u00e3o junto ao Instituto Nacional da Propriedade Industrial (Inpi) da carta-patente de inven\u00e7\u00e3o intitulada &#8220;Produto cosm\u00e9tico para colorir os l\u00e1bios baseado em pigmento extra\u00eddo das cascas do fruto do jambeiro-vermelho (<em>Syzygium malaccense<\/em>)&#8221;, que tem como inventores a professora Kariane Mendes Nunes (Instituto de Sa\u00fade Coletiva \u2014 Isco\/Ufopa), Leopoldo Clemente Baratto (Universidade Federal do Rio de Janeiro \u2014 UFRJ), Bruna Carvalho Cantal de Souza (aluna da Ufopa) e Walberson da Silva Reatgui (ex-aluno da Ufopa, atualmente cursando mestrando na Universidade de Bras\u00edlia \u2014 UnB).<\/p>\n\n\n\n<figure class=\"wp-block-image size-large\"><img decoding=\"async\" src=\"https:\/\/jornalfatosenoticias.com.br\/wp-content\/uploads\/2022\/02\/Banner-1-1024x101.png\" alt=\"\" class=\"wp-image-27923\"\/><\/figure>\n\n\n\n<blockquote class=\"wp-block-quote is-layout-flow wp-block-quote-is-layout-flow\"><p><span class=\"has-inline-color has-luminous-vivid-orange-color\">&#8220;Esse trabalho surge num momento em que n\u00f3s come\u00e7amos, dentro da universidade, juntamente com o professor Leopoldo Baratto (UFRJ), com os discentes Bruna Cantal e Walberson, que est\u00e3o no mercado, formados e agora t\u00eam a possibilidade de ter em seus curr\u00edculos uma patente de um produto tecnol\u00f3gico, uma patente de inven\u00e7\u00e3o. O que n\u00f3s desejamos, al\u00e9m de estarmos muito felizes com essa not\u00edcia, \u00e9 colocar esse produto no mercado, movimentar a bioeconomia da nossa regi\u00e3o. Acho que isso \u00e9 muito importante, tanto como resultado para a Universidade Federal do Oeste do Par\u00e1, quanto tamb\u00e9m para o nosso crescimento e, claro, do nosso portf\u00f3lio enquanto pesquisadores da regi\u00e3o da Amaz\u00f4nia com bioprodutos da nossa biodiversidade&#8221;, afirmou a professora Kariane Nunes.<\/span><\/p><\/blockquote>\n\n\n\n<div class=\"wp-block-image\"><figure class=\"alignleft size-large\"><img loading=\"lazy\" decoding=\"async\" width=\"300\" height=\"250\" src=\"https:\/\/jornalfatosenoticias.com.br\/wp-content\/uploads\/2022\/02\/FERRARI_MAQUINAS-E-FERRAMENTAS2.jpg\" alt=\"\" class=\"wp-image-27860\"\/><\/figure><\/div>\n\n\n\n<p>O professor Leopoldo Baratto, que tamb\u00e9m est\u00e1 envolvido na pesquisa, responde ao questionamento: &#8220;Quais seriam as vantagens de se utilizar esse pigmento na formula\u00e7\u00e3o de um batom? Primeiro seria a substitui\u00e7\u00e3o de pigmentos sint\u00e9ticos, que muitas vezes cont\u00eam metais pesados, os quais podem ser nocivos \u00e0 sa\u00fade, por um pigmento de origem natural, fazendo uso de uma subst\u00e2ncia facilmente encontrada na natureza; e, segundo, essa subst\u00e2ncia tamb\u00e9m tem propriedades antioxidantes, o que ajudaria a preservar ainda mais esse produto. A grande dificuldade que n\u00f3s encontramos na realiza\u00e7\u00e3o desse batom foi justamente a sua alta capacidade de oxida\u00e7\u00e3o, pois o pigmento muda de colora\u00e7\u00e3o com o passar do tempo; devido \u00e0 oxida\u00e7\u00e3o da mol\u00e9cula, ela vai escurecendo e perde a cor original&#8221;, explica.<br>A decis\u00e3o foi publicada na <em>Revista de Propriedade Industrial (RPI)<\/em> n\u00ba 2664, no dia 25 de janeiro de 2022. O processo de pedido de patente, sob n\u00ba BR102017001576-9, foi iniciado pela Ag\u00eancia de Inova\u00e7\u00e3o Tecnol\u00f3gica (AIT) da Ufopa h\u00e1 cinco anos, em 25 de janeiro de 2017.<\/p>\n\n\n\n<figure class=\"wp-block-image size-large\"><img loading=\"lazy\" decoding=\"async\" width=\"729\" height=\"90\" src=\"https:\/\/jornalfatosenoticias.com.br\/wp-content\/uploads\/2020\/02\/Logo_Mizu.png\" alt=\"\" class=\"wp-image-1441\" srcset=\"https:\/\/jornalfatosenoticias.com.br\/wp-content\/uploads\/2020\/02\/Logo_Mizu.png 729w, https:\/\/jornalfatosenoticias.com.br\/wp-content\/uploads\/2020\/02\/Logo_Mizu-300x37.png 300w\" sizes=\"auto, (max-width: 729px) 100vw, 729px\" \/><\/figure>\n\n\n\n<blockquote class=\"wp-block-quote is-layout-flow wp-block-quote-is-layout-flow\"><p><span class=\"has-inline-color has-luminous-vivid-orange-color\">&#8220;A concess\u00e3o da carta-patente \u00e9 a etapa final do processo de prote\u00e7\u00e3o da inven\u00e7\u00e3o e significa o atendimento de todos os pr\u00e9-requisitos de patenteabilidade, como novidade, atividade inventiva, ato inventivo e aplica\u00e7\u00e3o industrial&#8221;, informou o diretor em exerc\u00edcio da AIT, Di\u00f3genes Moraes da Costa. Ele explica o que \u00e9 uma carta-patente: &#8220;Carta-patente \u00e9 o documento que oficializa o pedido de registro, que a \u00faltima etapa do pedido. O Inpi deferiu o pedido, j\u00e1 foi analisado e detectado que nosso pedido preenche todos os pr\u00e9-requisitos, falta agora apenas a expedi\u00e7\u00e3o dessa carta. Para isso temos que efetuar o pagamento da taxa (retribui\u00e7\u00e3o), mas nosso pedido est\u00e1 foi aprovado&#8221;, finalizou.<\/span><\/p><\/blockquote>\n\n\n\n<figure class=\"wp-block-image size-large\"><img loading=\"lazy\" decoding=\"async\" width=\"1024\" height=\"103\" src=\"https:\/\/jornalfatosenoticias.com.br\/wp-content\/uploads\/2022\/02\/Arte-Autoescola-Galatas_endereco_portal-1024x103.png\" alt=\"\" class=\"wp-image-27869\" srcset=\"https:\/\/jornalfatosenoticias.com.br\/wp-content\/uploads\/2022\/02\/Arte-Autoescola-Galatas_endereco_portal-1024x103.png 1024w, https:\/\/jornalfatosenoticias.com.br\/wp-content\/uploads\/2022\/02\/Arte-Autoescola-Galatas_endereco_portal-300x30.png 300w, https:\/\/jornalfatosenoticias.com.br\/wp-content\/uploads\/2022\/02\/Arte-Autoescola-Galatas_endereco_portal-768x77.png 768w, https:\/\/jornalfatosenoticias.com.br\/wp-content\/uploads\/2022\/02\/Arte-Autoescola-Galatas_endereco_portal.png 1223w\" sizes=\"auto, (max-width: 1024px) 100vw, 1024px\" \/><\/figure>\n\n\n\n<p>De acordo com a AIT, a ag\u00eancia j\u00e1 iniciou o processo para pagamento da Guia de Recolhimento da Uni\u00e3o (GRU) referente \u00e0 retribui\u00e7\u00e3o 212, requisito necess\u00e1rio para expedi\u00e7\u00e3o de carta-patente ou certificado de adi\u00e7\u00e3o de inven\u00e7\u00e3o, no prazo ordin\u00e1rio, o que ocorre cerca de 20 dias ap\u00f3s a liquida\u00e7\u00e3o do documento. <\/p>\n\n\n\n<figure class=\"wp-block-image size-large\"><img loading=\"lazy\" decoding=\"async\" width=\"1000\" height=\"666\" src=\"https:\/\/jornalfatosenoticias.com.br\/wp-content\/uploads\/2022\/03\/BATOM_flor-do-jambo.jpg\" alt=\"\" class=\"wp-image-28528\" srcset=\"https:\/\/jornalfatosenoticias.com.br\/wp-content\/uploads\/2022\/03\/BATOM_flor-do-jambo.jpg 1000w, https:\/\/jornalfatosenoticias.com.br\/wp-content\/uploads\/2022\/03\/BATOM_flor-do-jambo-300x200.jpg 300w, https:\/\/jornalfatosenoticias.com.br\/wp-content\/uploads\/2022\/03\/BATOM_flor-do-jambo-768x511.jpg 768w\" sizes=\"auto, (max-width: 1000px) 100vw, 1000px\" \/><figcaption><em><span class=\"has-inline-color has-black-color\">Fruto do jambeiro-vermelho e do produto desenvolvido no laborat\u00f3rio (Foto: Divulga\u00e7\u00e3o)<\/span><\/em><\/figcaption><\/figure>\n\n\n\n<blockquote class=\"wp-block-quote is-layout-flow wp-block-quote-is-layout-flow\"><p><span class=\"has-inline-color has-luminous-vivid-orange-color\">&#8220;Estar envolvido no processo de obten\u00e7\u00e3o desta patente foi um marco importante e com um enorme diferencial na minha vida acad\u00eamica e profissional, tendo em vista que pude obter conhecimento te\u00f3rico e pr\u00e1tico na produ\u00e7\u00e3o de cosm\u00e9ticos naturais, \u00e1rea pela qual me apaixonei e ainda prossigo trabalhando com o desenvolvimento do meu doutorado, atuando tamb\u00e9m como pesquisador-empreendedor na produ\u00e7\u00e3o de nanocosm\u00e9ticos, a\u00e7\u00e3o que foi inspirada a partir dos trabalhos da confec\u00e7\u00e3o da patente&#8221;, comemorou Walberson da Silva Reatgui.<\/span><\/p><\/blockquote>\n\n\n\n<div class=\"wp-block-image\"><figure class=\"alignright size-large is-resized\"><img loading=\"lazy\" decoding=\"async\" src=\"https:\/\/jornalfatosenoticias.com.br\/wp-content\/uploads\/2022\/02\/Serra-Pack-459.png\" alt=\"\" class=\"wp-image-27471\" width=\"310\" height=\"124\"\/><\/figure><\/div>\n\n\n\n<p><strong><span class=\"has-inline-color has-black-color\">Validade da patente<br><\/span><\/strong>A carta-patente \u00e9 expedida e, como regra geral, as patentes de inven\u00e7\u00e3o t\u00eam prazo de validade de 20 anos, contados a partir do dep\u00f3sito do pedido junto ao Instituto Nacional da Propriedade Industrial (Inpi).<\/p>\n\n\n\n<figure class=\"wp-block-image size-large\"><img decoding=\"async\" src=\"https:\/\/jornalfatosenoticias.com.br\/wp-content\/uploads\/2020\/02\/Serra-Grande-1024x160.png\" alt=\"\" class=\"wp-image-7836\"\/><\/figure>\n\n\n\n<p><em><strong>Fonte: <a href=\"https:\/\/portalamazonia.com\/estados\/para\/ufopa-obtem-patente-para-batom-produzido-com-pigmento-da-casca-do-jambo\">Portal Amaz\u00f4nia<\/a><\/strong><\/em><\/p>\n","protected":false},"excerpt":{"rendered":"<p>A concess\u00e3o da carta-patente \u00e9 a etapa final do processo de prote\u00e7\u00e3o da inven\u00e7\u00e3o e significa o atendimento de todos os pr\u00e9-requisitos de patenteabilidade A Universidade Federal do Oeste do Par\u00e1 (Ufopa) conseguiu aprova\u00e7\u00e3o junto ao Instituto Nacional da Propriedade Industrial (Inpi) da carta-patente de inven\u00e7\u00e3o intitulada &#8220;Produto cosm\u00e9tico para colorir os l\u00e1bios baseado em [&hellip;]<\/p>\n","protected":false},"author":2,"featured_media":28528,"comment_status":"open","ping_status":"open","sticky":false,"template":"","format":"standard","meta":{"footnotes":""},"categories":[2,7],"tags":[13596,13597,345,13598,3708,13599,940,8005,115,4249],"class_list":["post-28527","post","type-post","status-publish","format-standard","has-post-thumbnail","hentry","category-ciencia","category-educacao","tag-batom-de-jambo","tag-cosmetico","tag-educacao","tag-flor-de-jambo","tag-fruta","tag-jambo","tag-para","tag-patente","tag-pesquisa","tag-ufopa"],"yoast_head":"<!-- This site is optimized with the Yoast SEO plugin v26.5 - https:\/\/yoast.com\/wordpress\/plugins\/seo\/ -->\n<title>Ufopa obt\u00e9m patente para batom produzido com pigmento da casca do jambo - Jornal Fatos e Not\u00edcias<\/title>\n<meta name=\"robots\" content=\"index, follow, max-snippet:-1, max-image-preview:large, max-video-preview:-1\" \/>\n<link rel=\"canonical\" href=\"https:\/\/jornalfatosenoticias.com.br\/index.php\/2022\/03\/04\/ufopa-obtem-patente-para-batom-produzido-com-pigmento-da-casca-do-jambo\/\" \/>\n<meta property=\"og:locale\" content=\"pt_BR\" \/>\n<meta property=\"og:type\" content=\"article\" \/>\n<meta property=\"og:title\" content=\"Ufopa obt\u00e9m patente para batom produzido com pigmento da casca do jambo - Jornal Fatos e Not\u00edcias\" \/>\n<meta property=\"og:description\" content=\"A concess\u00e3o da carta-patente \u00e9 a etapa final do processo de prote\u00e7\u00e3o da inven\u00e7\u00e3o e significa o atendimento de todos os pr\u00e9-requisitos de patenteabilidade A Universidade Federal do Oeste do Par\u00e1 (Ufopa) conseguiu aprova\u00e7\u00e3o junto ao Instituto Nacional da Propriedade Industrial (Inpi) da carta-patente de inven\u00e7\u00e3o intitulada &#8220;Produto cosm\u00e9tico para colorir os l\u00e1bios baseado em [&hellip;]\" \/>\n<meta property=\"og:url\" content=\"https:\/\/jornalfatosenoticias.com.br\/index.php\/2022\/03\/04\/ufopa-obtem-patente-para-batom-produzido-com-pigmento-da-casca-do-jambo\/\" \/>\n<meta property=\"og:site_name\" content=\"Jornal Fatos e Not\u00edcias\" \/>\n<meta property=\"article:published_time\" content=\"2022-03-04T15:39:26+00:00\" \/>\n<meta property=\"article:modified_time\" content=\"2022-03-04T15:39:32+00:00\" \/>\n<meta property=\"og:image\" content=\"https:\/\/jornalfatosenoticias.com.br\/wp-content\/uploads\/2022\/03\/BATOM_flor-do-jambo.jpg\" \/>\n\t<meta property=\"og:image:width\" content=\"1000\" \/>\n\t<meta property=\"og:image:height\" content=\"666\" \/>\n\t<meta property=\"og:image:type\" content=\"image\/jpeg\" \/>\n<meta name=\"author\" content=\"Luzimara Fernandes\" \/>\n<meta name=\"twitter:card\" content=\"summary_large_image\" \/>\n<meta name=\"twitter:label1\" content=\"Escrito por\" \/>\n\t<meta name=\"twitter:data1\" content=\"Luzimara Fernandes\" \/>\n\t<meta name=\"twitter:label2\" content=\"Est. tempo de leitura\" \/>\n\t<meta name=\"twitter:data2\" content=\"4 minutos\" \/>\n<script type=\"application\/ld+json\" class=\"yoast-schema-graph\">{\"@context\":\"https:\/\/schema.org\",\"@graph\":[{\"@type\":\"Article\",\"@id\":\"https:\/\/jornalfatosenoticias.com.br\/index.php\/2022\/03\/04\/ufopa-obtem-patente-para-batom-produzido-com-pigmento-da-casca-do-jambo\/#article\",\"isPartOf\":{\"@id\":\"https:\/\/jornalfatosenoticias.com.br\/index.php\/2022\/03\/04\/ufopa-obtem-patente-para-batom-produzido-com-pigmento-da-casca-do-jambo\/\"},\"author\":{\"name\":\"Luzimara Fernandes\",\"@id\":\"https:\/\/jornalfatosenoticias.com.br\/#\/schema\/person\/d63837fa13ac8666eb9e74e0985d6f81\"},\"headline\":\"Ufopa obt\u00e9m patente para batom produzido com pigmento da casca do jambo\",\"datePublished\":\"2022-03-04T15:39:26+00:00\",\"dateModified\":\"2022-03-04T15:39:32+00:00\",\"mainEntityOfPage\":{\"@id\":\"https:\/\/jornalfatosenoticias.com.br\/index.php\/2022\/03\/04\/ufopa-obtem-patente-para-batom-produzido-com-pigmento-da-casca-do-jambo\/\"},\"wordCount\":768,\"commentCount\":0,\"publisher\":{\"@id\":\"https:\/\/jornalfatosenoticias.com.br\/#organization\"},\"image\":{\"@id\":\"https:\/\/jornalfatosenoticias.com.br\/index.php\/2022\/03\/04\/ufopa-obtem-patente-para-batom-produzido-com-pigmento-da-casca-do-jambo\/#primaryimage\"},\"thumbnailUrl\":\"https:\/\/jornalfatosenoticias.com.br\/wp-content\/uploads\/2022\/03\/BATOM_flor-do-jambo.jpg\",\"keywords\":[\"batom de jambo\",\"cosm\u00e9tico\",\"educa\u00e7\u00e3o\",\"flor de jambo\",\"fruta\",\"jambo\",\"Par\u00e1\",\"patente\",\"pesquisa\",\"Ufopa\"],\"articleSection\":[\"Ci\u00eancia\",\"Educa\u00e7\u00e3o\"],\"inLanguage\":\"pt-BR\",\"potentialAction\":[{\"@type\":\"CommentAction\",\"name\":\"Comment\",\"target\":[\"https:\/\/jornalfatosenoticias.com.br\/index.php\/2022\/03\/04\/ufopa-obtem-patente-para-batom-produzido-com-pigmento-da-casca-do-jambo\/#respond\"]}]},{\"@type\":\"WebPage\",\"@id\":\"https:\/\/jornalfatosenoticias.com.br\/index.php\/2022\/03\/04\/ufopa-obtem-patente-para-batom-produzido-com-pigmento-da-casca-do-jambo\/\",\"url\":\"https:\/\/jornalfatosenoticias.com.br\/index.php\/2022\/03\/04\/ufopa-obtem-patente-para-batom-produzido-com-pigmento-da-casca-do-jambo\/\",\"name\":\"Ufopa obt\u00e9m patente para batom produzido com pigmento da casca do jambo - Jornal Fatos e Not\u00edcias\",\"isPartOf\":{\"@id\":\"https:\/\/jornalfatosenoticias.com.br\/#website\"},\"primaryImageOfPage\":{\"@id\":\"https:\/\/jornalfatosenoticias.com.br\/index.php\/2022\/03\/04\/ufopa-obtem-patente-para-batom-produzido-com-pigmento-da-casca-do-jambo\/#primaryimage\"},\"image\":{\"@id\":\"https:\/\/jornalfatosenoticias.com.br\/index.php\/2022\/03\/04\/ufopa-obtem-patente-para-batom-produzido-com-pigmento-da-casca-do-jambo\/#primaryimage\"},\"thumbnailUrl\":\"https:\/\/jornalfatosenoticias.com.br\/wp-content\/uploads\/2022\/03\/BATOM_flor-do-jambo.jpg\",\"datePublished\":\"2022-03-04T15:39:26+00:00\",\"dateModified\":\"2022-03-04T15:39:32+00:00\",\"breadcrumb\":{\"@id\":\"https:\/\/jornalfatosenoticias.com.br\/index.php\/2022\/03\/04\/ufopa-obtem-patente-para-batom-produzido-com-pigmento-da-casca-do-jambo\/#breadcrumb\"},\"inLanguage\":\"pt-BR\",\"potentialAction\":[{\"@type\":\"ReadAction\",\"target\":[\"https:\/\/jornalfatosenoticias.com.br\/index.php\/2022\/03\/04\/ufopa-obtem-patente-para-batom-produzido-com-pigmento-da-casca-do-jambo\/\"]}]},{\"@type\":\"ImageObject\",\"inLanguage\":\"pt-BR\",\"@id\":\"https:\/\/jornalfatosenoticias.com.br\/index.php\/2022\/03\/04\/ufopa-obtem-patente-para-batom-produzido-com-pigmento-da-casca-do-jambo\/#primaryimage\",\"url\":\"https:\/\/jornalfatosenoticias.com.br\/wp-content\/uploads\/2022\/03\/BATOM_flor-do-jambo.jpg\",\"contentUrl\":\"https:\/\/jornalfatosenoticias.com.br\/wp-content\/uploads\/2022\/03\/BATOM_flor-do-jambo.jpg\",\"width\":1000,\"height\":666},{\"@type\":\"BreadcrumbList\",\"@id\":\"https:\/\/jornalfatosenoticias.com.br\/index.php\/2022\/03\/04\/ufopa-obtem-patente-para-batom-produzido-com-pigmento-da-casca-do-jambo\/#breadcrumb\",\"itemListElement\":[{\"@type\":\"ListItem\",\"position\":1,\"name\":\"In\u00edcio\",\"item\":\"https:\/\/jornalfatosenoticias.com.br\/\"},{\"@type\":\"ListItem\",\"position\":2,\"name\":\"Ufopa obt\u00e9m patente para batom produzido com pigmento da casca do jambo\"}]},{\"@type\":\"WebSite\",\"@id\":\"https:\/\/jornalfatosenoticias.com.br\/#website\",\"url\":\"https:\/\/jornalfatosenoticias.com.br\/\",\"name\":\"Jornal Fatos e Not\u00edcias\",\"description\":\"Not\u00edcias em geral\",\"publisher\":{\"@id\":\"https:\/\/jornalfatosenoticias.com.br\/#organization\"},\"potentialAction\":[{\"@type\":\"SearchAction\",\"target\":{\"@type\":\"EntryPoint\",\"urlTemplate\":\"https:\/\/jornalfatosenoticias.com.br\/?s={search_term_string}\"},\"query-input\":{\"@type\":\"PropertyValueSpecification\",\"valueRequired\":true,\"valueName\":\"search_term_string\"}}],\"inLanguage\":\"pt-BR\"},{\"@type\":\"Organization\",\"@id\":\"https:\/\/jornalfatosenoticias.com.br\/#organization\",\"name\":\"Jornal Fatos e Not\u00edcias\",\"url\":\"https:\/\/jornalfatosenoticias.com.br\/\",\"logo\":{\"@type\":\"ImageObject\",\"inLanguage\":\"pt-BR\",\"@id\":\"https:\/\/jornalfatosenoticias.com.br\/#\/schema\/logo\/image\/\",\"url\":\"https:\/\/jornalfatosenoticias.com.br\/wp-content\/uploads\/2020\/02\/logo120.png\",\"contentUrl\":\"https:\/\/jornalfatosenoticias.com.br\/wp-content\/uploads\/2020\/02\/logo120.png\",\"width\":1227,\"height\":120,\"caption\":\"Jornal Fatos e Not\u00edcias\"},\"image\":{\"@id\":\"https:\/\/jornalfatosenoticias.com.br\/#\/schema\/logo\/image\/\"}},{\"@type\":\"Person\",\"@id\":\"https:\/\/jornalfatosenoticias.com.br\/#\/schema\/person\/d63837fa13ac8666eb9e74e0985d6f81\",\"name\":\"Luzimara Fernandes\",\"image\":{\"@type\":\"ImageObject\",\"inLanguage\":\"pt-BR\",\"@id\":\"https:\/\/jornalfatosenoticias.com.br\/#\/schema\/person\/image\/\",\"url\":\"https:\/\/jornalfatosenoticias.com.br\/wp-content\/uploads\/2025\/05\/EU_portal.jpg\",\"contentUrl\":\"https:\/\/jornalfatosenoticias.com.br\/wp-content\/uploads\/2025\/05\/EU_portal.jpg\",\"caption\":\"Luzimara Fernandes\"},\"description\":\"Jornalista MTB 2358-ES\",\"sameAs\":[\"https:\/\/jornalfatosenoticias.com.br\"],\"url\":\"https:\/\/jornalfatosenoticias.com.br\/index.php\/author\/luzimara\/\"}]}<\/script>\n<!-- \/ Yoast SEO plugin. -->","yoast_head_json":{"title":"Ufopa obt\u00e9m patente para batom produzido com pigmento da casca do jambo - Jornal Fatos e Not\u00edcias","robots":{"index":"index","follow":"follow","max-snippet":"max-snippet:-1","max-image-preview":"max-image-preview:large","max-video-preview":"max-video-preview:-1"},"canonical":"https:\/\/jornalfatosenoticias.com.br\/index.php\/2022\/03\/04\/ufopa-obtem-patente-para-batom-produzido-com-pigmento-da-casca-do-jambo\/","og_locale":"pt_BR","og_type":"article","og_title":"Ufopa obt\u00e9m patente para batom produzido com pigmento da casca do jambo - Jornal Fatos e Not\u00edcias","og_description":"A concess\u00e3o da carta-patente \u00e9 a etapa final do processo de prote\u00e7\u00e3o da inven\u00e7\u00e3o e significa o atendimento de todos os pr\u00e9-requisitos de patenteabilidade A Universidade Federal do Oeste do Par\u00e1 (Ufopa) conseguiu aprova\u00e7\u00e3o junto ao Instituto Nacional da Propriedade Industrial (Inpi) da carta-patente de inven\u00e7\u00e3o intitulada &#8220;Produto cosm\u00e9tico para colorir os l\u00e1bios baseado em [&hellip;]","og_url":"https:\/\/jornalfatosenoticias.com.br\/index.php\/2022\/03\/04\/ufopa-obtem-patente-para-batom-produzido-com-pigmento-da-casca-do-jambo\/","og_site_name":"Jornal Fatos e Not\u00edcias","article_published_time":"2022-03-04T15:39:26+00:00","article_modified_time":"2022-03-04T15:39:32+00:00","og_image":[{"width":1000,"height":666,"url":"https:\/\/jornalfatosenoticias.com.br\/wp-content\/uploads\/2022\/03\/BATOM_flor-do-jambo.jpg","type":"image\/jpeg"}],"author":"Luzimara Fernandes","twitter_card":"summary_large_image","twitter_misc":{"Escrito por":"Luzimara Fernandes","Est. tempo de leitura":"4 minutos"},"schema":{"@context":"https:\/\/schema.org","@graph":[{"@type":"Article","@id":"https:\/\/jornalfatosenoticias.com.br\/index.php\/2022\/03\/04\/ufopa-obtem-patente-para-batom-produzido-com-pigmento-da-casca-do-jambo\/#article","isPartOf":{"@id":"https:\/\/jornalfatosenoticias.com.br\/index.php\/2022\/03\/04\/ufopa-obtem-patente-para-batom-produzido-com-pigmento-da-casca-do-jambo\/"},"author":{"name":"Luzimara Fernandes","@id":"https:\/\/jornalfatosenoticias.com.br\/#\/schema\/person\/d63837fa13ac8666eb9e74e0985d6f81"},"headline":"Ufopa obt\u00e9m patente para batom produzido com pigmento da casca do jambo","datePublished":"2022-03-04T15:39:26+00:00","dateModified":"2022-03-04T15:39:32+00:00","mainEntityOfPage":{"@id":"https:\/\/jornalfatosenoticias.com.br\/index.php\/2022\/03\/04\/ufopa-obtem-patente-para-batom-produzido-com-pigmento-da-casca-do-jambo\/"},"wordCount":768,"commentCount":0,"publisher":{"@id":"https:\/\/jornalfatosenoticias.com.br\/#organization"},"image":{"@id":"https:\/\/jornalfatosenoticias.com.br\/index.php\/2022\/03\/04\/ufopa-obtem-patente-para-batom-produzido-com-pigmento-da-casca-do-jambo\/#primaryimage"},"thumbnailUrl":"https:\/\/jornalfatosenoticias.com.br\/wp-content\/uploads\/2022\/03\/BATOM_flor-do-jambo.jpg","keywords":["batom de jambo","cosm\u00e9tico","educa\u00e7\u00e3o","flor de jambo","fruta","jambo","Par\u00e1","patente","pesquisa","Ufopa"],"articleSection":["Ci\u00eancia","Educa\u00e7\u00e3o"],"inLanguage":"pt-BR","potentialAction":[{"@type":"CommentAction","name":"Comment","target":["https:\/\/jornalfatosenoticias.com.br\/index.php\/2022\/03\/04\/ufopa-obtem-patente-para-batom-produzido-com-pigmento-da-casca-do-jambo\/#respond"]}]},{"@type":"WebPage","@id":"https:\/\/jornalfatosenoticias.com.br\/index.php\/2022\/03\/04\/ufopa-obtem-patente-para-batom-produzido-com-pigmento-da-casca-do-jambo\/","url":"https:\/\/jornalfatosenoticias.com.br\/index.php\/2022\/03\/04\/ufopa-obtem-patente-para-batom-produzido-com-pigmento-da-casca-do-jambo\/","name":"Ufopa obt\u00e9m patente para batom produzido com pigmento da casca do jambo - Jornal Fatos e Not\u00edcias","isPartOf":{"@id":"https:\/\/jornalfatosenoticias.com.br\/#website"},"primaryImageOfPage":{"@id":"https:\/\/jornalfatosenoticias.com.br\/index.php\/2022\/03\/04\/ufopa-obtem-patente-para-batom-produzido-com-pigmento-da-casca-do-jambo\/#primaryimage"},"image":{"@id":"https:\/\/jornalfatosenoticias.com.br\/index.php\/2022\/03\/04\/ufopa-obtem-patente-para-batom-produzido-com-pigmento-da-casca-do-jambo\/#primaryimage"},"thumbnailUrl":"https:\/\/jornalfatosenoticias.com.br\/wp-content\/uploads\/2022\/03\/BATOM_flor-do-jambo.jpg","datePublished":"2022-03-04T15:39:26+00:00","dateModified":"2022-03-04T15:39:32+00:00","breadcrumb":{"@id":"https:\/\/jornalfatosenoticias.com.br\/index.php\/2022\/03\/04\/ufopa-obtem-patente-para-batom-produzido-com-pigmento-da-casca-do-jambo\/#breadcrumb"},"inLanguage":"pt-BR","potentialAction":[{"@type":"ReadAction","target":["https:\/\/jornalfatosenoticias.com.br\/index.php\/2022\/03\/04\/ufopa-obtem-patente-para-batom-produzido-com-pigmento-da-casca-do-jambo\/"]}]},{"@type":"ImageObject","inLanguage":"pt-BR","@id":"https:\/\/jornalfatosenoticias.com.br\/index.php\/2022\/03\/04\/ufopa-obtem-patente-para-batom-produzido-com-pigmento-da-casca-do-jambo\/#primaryimage","url":"https:\/\/jornalfatosenoticias.com.br\/wp-content\/uploads\/2022\/03\/BATOM_flor-do-jambo.jpg","contentUrl":"https:\/\/jornalfatosenoticias.com.br\/wp-content\/uploads\/2022\/03\/BATOM_flor-do-jambo.jpg","width":1000,"height":666},{"@type":"BreadcrumbList","@id":"https:\/\/jornalfatosenoticias.com.br\/index.php\/2022\/03\/04\/ufopa-obtem-patente-para-batom-produzido-com-pigmento-da-casca-do-jambo\/#breadcrumb","itemListElement":[{"@type":"ListItem","position":1,"name":"In\u00edcio","item":"https:\/\/jornalfatosenoticias.com.br\/"},{"@type":"ListItem","position":2,"name":"Ufopa obt\u00e9m patente para batom produzido com pigmento da casca do jambo"}]},{"@type":"WebSite","@id":"https:\/\/jornalfatosenoticias.com.br\/#website","url":"https:\/\/jornalfatosenoticias.com.br\/","name":"Jornal Fatos e Not\u00edcias","description":"Not\u00edcias em geral","publisher":{"@id":"https:\/\/jornalfatosenoticias.com.br\/#organization"},"potentialAction":[{"@type":"SearchAction","target":{"@type":"EntryPoint","urlTemplate":"https:\/\/jornalfatosenoticias.com.br\/?s={search_term_string}"},"query-input":{"@type":"PropertyValueSpecification","valueRequired":true,"valueName":"search_term_string"}}],"inLanguage":"pt-BR"},{"@type":"Organization","@id":"https:\/\/jornalfatosenoticias.com.br\/#organization","name":"Jornal Fatos e Not\u00edcias","url":"https:\/\/jornalfatosenoticias.com.br\/","logo":{"@type":"ImageObject","inLanguage":"pt-BR","@id":"https:\/\/jornalfatosenoticias.com.br\/#\/schema\/logo\/image\/","url":"https:\/\/jornalfatosenoticias.com.br\/wp-content\/uploads\/2020\/02\/logo120.png","contentUrl":"https:\/\/jornalfatosenoticias.com.br\/wp-content\/uploads\/2020\/02\/logo120.png","width":1227,"height":120,"caption":"Jornal Fatos e Not\u00edcias"},"image":{"@id":"https:\/\/jornalfatosenoticias.com.br\/#\/schema\/logo\/image\/"}},{"@type":"Person","@id":"https:\/\/jornalfatosenoticias.com.br\/#\/schema\/person\/d63837fa13ac8666eb9e74e0985d6f81","name":"Luzimara Fernandes","image":{"@type":"ImageObject","inLanguage":"pt-BR","@id":"https:\/\/jornalfatosenoticias.com.br\/#\/schema\/person\/image\/","url":"https:\/\/jornalfatosenoticias.com.br\/wp-content\/uploads\/2025\/05\/EU_portal.jpg","contentUrl":"https:\/\/jornalfatosenoticias.com.br\/wp-content\/uploads\/2025\/05\/EU_portal.jpg","caption":"Luzimara Fernandes"},"description":"Jornalista MTB 2358-ES","sameAs":["https:\/\/jornalfatosenoticias.com.br"],"url":"https:\/\/jornalfatosenoticias.com.br\/index.php\/author\/luzimara\/"}]}},"cc_featured_image_caption":{"caption_text":"","source_text":"","source_url":""},"jetpack_featured_media_url":"https:\/\/jornalfatosenoticias.com.br\/wp-content\/uploads\/2022\/03\/BATOM_flor-do-jambo.jpg","_links":{"self":[{"href":"https:\/\/jornalfatosenoticias.com.br\/index.php\/wp-json\/wp\/v2\/posts\/28527","targetHints":{"allow":["GET"]}}],"collection":[{"href":"https:\/\/jornalfatosenoticias.com.br\/index.php\/wp-json\/wp\/v2\/posts"}],"about":[{"href":"https:\/\/jornalfatosenoticias.com.br\/index.php\/wp-json\/wp\/v2\/types\/post"}],"author":[{"embeddable":true,"href":"https:\/\/jornalfatosenoticias.com.br\/index.php\/wp-json\/wp\/v2\/users\/2"}],"replies":[{"embeddable":true,"href":"https:\/\/jornalfatosenoticias.com.br\/index.php\/wp-json\/wp\/v2\/comments?post=28527"}],"version-history":[{"count":0,"href":"https:\/\/jornalfatosenoticias.com.br\/index.php\/wp-json\/wp\/v2\/posts\/28527\/revisions"}],"wp:featuredmedia":[{"embeddable":true,"href":"https:\/\/jornalfatosenoticias.com.br\/index.php\/wp-json\/wp\/v2\/media\/28528"}],"wp:attachment":[{"href":"https:\/\/jornalfatosenoticias.com.br\/index.php\/wp-json\/wp\/v2\/media?parent=28527"}],"wp:term":[{"taxonomy":"category","embeddable":true,"href":"https:\/\/jornalfatosenoticias.com.br\/index.php\/wp-json\/wp\/v2\/categories?post=28527"},{"taxonomy":"post_tag","embeddable":true,"href":"https:\/\/jornalfatosenoticias.com.br\/index.php\/wp-json\/wp\/v2\/tags?post=28527"}],"curies":[{"name":"wp","href":"https:\/\/api.w.org\/{rel}","templated":true}]}}