{"id":28537,"date":"2022-03-08T13:47:56","date_gmt":"2022-03-08T16:47:56","guid":{"rendered":"https:\/\/jornalfatosenoticias.com.br\/?p=28537"},"modified":"2022-03-08T13:48:01","modified_gmt":"2022-03-08T16:48:01","slug":"otan-diz-que-vai-impedir-que-moscou-expanda-a-agressao","status":"publish","type":"post","link":"https:\/\/jornalfatosenoticias.com.br\/index.php\/2022\/03\/08\/otan-diz-que-vai-impedir-que-moscou-expanda-a-agressao\/","title":{"rendered":"Otan diz que vai impedir que Moscou expanda a agress\u00e3o"},"content":{"rendered":"\n<p><em><span class=\"has-inline-color has-black-color\">Declara\u00e7\u00e3o \u00e9 do secret\u00e1rio-geral da alian\u00e7a militar<\/span><\/em><\/p>\n\n\n\n<p>O secret\u00e1rio-geral da Organiza\u00e7\u00e3o do Tratado do Atl\u00e2ntico Norte (Otan), Jens Stoltenberg, est\u00e1 hoje (8) em Riga, capital da Let\u00f4nia, pa\u00eds-membro da alian\u00e7a militar. Stoltenberg falou sobre a invas\u00e3o russa na Ucr\u00e2nia e refor\u00e7ou o apoio prestado pelos aliados do bloco aos ucranianos.<\/p>\n\n\n\n<blockquote class=\"wp-block-quote is-layout-flow wp-block-quote-is-layout-flow\"><p><span class=\"has-inline-color has-luminous-vivid-orange-color\">\u201cSomos a organiza\u00e7\u00e3o de defesa mais poderosa do mundo. Estamos mobilizando centenas de soldados adicionais e vamos defender e proteger cada polegada da Let\u00f4nia e de cada territ\u00f3rio aliado\u201d, garantiu.<\/span><\/p><\/blockquote>\n\n\n\n<div class=\"wp-block-image\"><figure class=\"alignright size-large is-resized\"><img loading=\"lazy\" decoding=\"async\" src=\"https:\/\/jornalfatosenoticias.com.br\/wp-content\/uploads\/2020\/02\/nova-logo-Marquetti.jpg\" alt=\"\" class=\"wp-image-22331\" width=\"376\" height=\"253\" srcset=\"https:\/\/jornalfatosenoticias.com.br\/wp-content\/uploads\/2020\/02\/nova-logo-Marquetti.jpg 643w, https:\/\/jornalfatosenoticias.com.br\/wp-content\/uploads\/2020\/02\/nova-logo-Marquetti-300x202.jpg 300w\" sizes=\"auto, (max-width: 376px) 100vw, 376px\" \/><\/figure><\/div>\n\n\n\n<p>Jens Stoltenberg disse ainda que a Otan est\u00e1 preparada para proteger seus 30 pa\u00edses-membros e que vai impedir que Moscou expanda a agress\u00e3o. \u201cTemos a alian\u00e7a mais forte da hist\u00f3ria\u201d, afirmou.<br>A Otan vem apoiando a Ucr\u00e2nia de diferentes maneiras, h\u00e1 anos. Desde a anexa\u00e7\u00e3o da Crimeia, em 2014, a alian\u00e7a militar treina soldados e fornece armamentos e equipamentos militares.<\/p>\n\n\n\n<blockquote class=\"wp-block-quote is-layout-flow wp-block-quote-is-layout-flow\"><p><span class=\"has-inline-color has-luminous-vivid-orange-color\">\u201cFazemos tudo para ajudar os ucranianos na luta contra os invasores russos. Os aliados impuseram san\u00e7\u00f5es sem precedentes e agora estamos vendo os efeitos. O rublo [moeda oficial da R\u00fassia] est\u00e1 em baixa hist\u00f3rica, muitas empresas est\u00e3o deixando a R\u00fassia. A gente tem que acabar com esse conflito. Estamos aumentando nossa presen\u00e7a na Let\u00f4nia e em outras partes do leste da alian\u00e7a, para que a R\u00fassia entenda que estamos protegendo cada polegada do nosso territ\u00f3rio\u201d, disse Stoltenberg.<\/span><\/p><\/blockquote>\n\n\n\n<figure class=\"wp-block-image size-large\"><img loading=\"lazy\" decoding=\"async\" width=\"1024\" height=\"103\" src=\"https:\/\/jornalfatosenoticias.com.br\/wp-content\/uploads\/2022\/02\/Arte-Autoescola-Galatas_endereco_portal-1024x103.png\" alt=\"\" class=\"wp-image-27869\" srcset=\"https:\/\/jornalfatosenoticias.com.br\/wp-content\/uploads\/2022\/02\/Arte-Autoescola-Galatas_endereco_portal-1024x103.png 1024w, https:\/\/jornalfatosenoticias.com.br\/wp-content\/uploads\/2022\/02\/Arte-Autoescola-Galatas_endereco_portal-300x30.png 300w, https:\/\/jornalfatosenoticias.com.br\/wp-content\/uploads\/2022\/02\/Arte-Autoescola-Galatas_endereco_portal-768x77.png 768w, https:\/\/jornalfatosenoticias.com.br\/wp-content\/uploads\/2022\/02\/Arte-Autoescola-Galatas_endereco_portal.png 1223w\" sizes=\"auto, (max-width: 1024px) 100vw, 1024px\" \/><\/figure>\n\n\n\n<p><strong><span class=\"has-inline-color has-vivid-red-color\">Est\u00f4nia<br><\/span><\/strong>O secret\u00e1rio de Estado dos Estados Unidos, Antony Blinken, tamb\u00e9m foi aos Pa\u00edses B\u00e1lticos, numa demonstra\u00e7\u00e3o de preocupa\u00e7\u00e3o do Ocidente com a invas\u00e3o da Ucr\u00e2nia. Blinken, que est\u00e1 em Tallinn, capital da Est\u00f4nia, participou hoje de uma entrevista coletiva ao lado da primeira-ministra do pa\u00eds, Kaja Kallas, onde refor\u00e7ou o apoio dos Estados Unidos aos ucranianos.<br>Blinken disse que a Est\u00f4nia e os Estados Unidos v\u00e3o continuar trabalhando para aumentar a assist\u00eancia humanit\u00e1ria e de seguran\u00e7a na Ucr\u00e2nia.<\/p>\n\n\n\n<figure class=\"wp-block-image size-large\"><img loading=\"lazy\" decoding=\"async\" width=\"729\" height=\"90\" src=\"https:\/\/jornalfatosenoticias.com.br\/wp-content\/uploads\/2020\/02\/Logo_Mizu.png\" alt=\"\" class=\"wp-image-1441\" srcset=\"https:\/\/jornalfatosenoticias.com.br\/wp-content\/uploads\/2020\/02\/Logo_Mizu.png 729w, https:\/\/jornalfatosenoticias.com.br\/wp-content\/uploads\/2020\/02\/Logo_Mizu-300x37.png 300w\" sizes=\"auto, (max-width: 729px) 100vw, 729px\" \/><\/figure>\n\n\n\n<blockquote class=\"wp-block-quote is-layout-flow wp-block-quote-is-layout-flow\"><p><span class=\"has-inline-color has-luminous-vivid-orange-color\">\u201cTudo o que vi no B\u00e1ltico, esse apoio ao povo ucraniano, a gente v\u00ea as cores azul e amarela nas casas, nos pr\u00e9dios. Isso \u00e9 uma mensagem poderosa de solidariedade. Essa n\u00e3o \u00e9 a guerra do povo russo, n\u00e3o \u00e9 uma guerra de libera\u00e7\u00e3o, \u00e9 a guerra do [Vladimir] Putin para subjugar um pa\u00eds democr\u00e1tico. Ent\u00e3o ele vai ser responsabilizado pelo mundo\u201d, disse o secret\u00e1rio.<\/span><\/p><\/blockquote>\n\n\n\n<div class=\"wp-block-image\"><figure class=\"alignleft size-large\"><img decoding=\"async\" src=\"https:\/\/jornalfatosenoticias.com.br\/wp-content\/uploads\/2020\/02\/logo_esteio.jpg\" alt=\"\" class=\"wp-image-1214\"\/><\/figure><\/div>\n\n\n\n<p>O secret\u00e1rio disse ainda que a R\u00fassia est\u00e1 utilizando a depend\u00eancia energ\u00e9tica como arma de guerra e que \u00e9 a hora de o Ocidente combater essa estrat\u00e9gia.<br>A primeira-ministra da Est\u00f4nia, Kaja Kallas, disse que a nova situa\u00e7\u00e3o de seguran\u00e7a requer mudan\u00e7a por parte dos europeus, incluindo a defesa da Est\u00f4nia.<\/p>\n\n\n\n<blockquote class=\"wp-block-quote is-layout-flow wp-block-quote-is-layout-flow\"><p><span class=\"has-inline-color has-luminous-vivid-orange-color\">\u201cA Otan tem que se adaptar r\u00e1pido e as decis\u00f5es t\u00eam que incluir uma estrat\u00e9gia de defesa da regi\u00e3o, para fortalecer nossas defesas na terra, no mar e no ar\u201d, disse, ressaltando que o pa\u00eds est\u00e1 aumentando o percentual do or\u00e7amento destinado \u00e0 defesa de 2% para 2,44% do Produto Interno Bruto (PIB).<\/span><\/p><\/blockquote>\n\n\n\n<figure class=\"wp-block-image size-large\"><img decoding=\"async\" src=\"https:\/\/jornalfatosenoticias.com.br\/wp-content\/uploads\/2020\/02\/Serra-Grande-1024x160.png\" alt=\"\" class=\"wp-image-7836\"\/><\/figure>\n\n\n\n<p><strong><em>Fonte: <a href=\"https:\/\/agenciabrasil.ebc.com.br\/internacional\/noticia\/2022-03\/otan-diz-que-vai-impedir-que-moscou-expanda-agressao\">Ag\u00eancia Brasil<\/a><\/em><\/strong><\/p>\n","protected":false},"excerpt":{"rendered":"<p>Declara\u00e7\u00e3o \u00e9 do secret\u00e1rio-geral da alian\u00e7a militar O secret\u00e1rio-geral da Organiza\u00e7\u00e3o do Tratado do Atl\u00e2ntico Norte (Otan), Jens Stoltenberg, est\u00e1 hoje (8) em Riga, capital da Let\u00f4nia, pa\u00eds-membro da alian\u00e7a militar. Stoltenberg falou sobre a invas\u00e3o russa na Ucr\u00e2nia e refor\u00e7ou o apoio prestado pelos aliados do bloco aos ucranianos. \u201cSomos a organiza\u00e7\u00e3o de defesa [&hellip;]<\/p>\n","protected":false},"author":2,"featured_media":28538,"comment_status":"open","ping_status":"open","sticky":false,"template":"","format":"standard","meta":{"footnotes":""},"categories":[41],"tags":[4491,13461,13602,13603,11535,12964,13462,991,10577],"class_list":["post-28537","post","type-post","status-publish","format-standard","has-post-thumbnail","hentry","category-internacional","tag-guerra","tag-invasao-da-ucrania","tag-jens-stoltenberg","tag-kaja-kallas","tag-letonia","tag-operacao-militar","tag-otan","tag-russia","tag-ucrania"],"yoast_head":"<!-- This site is optimized with the Yoast SEO plugin v26.5 - https:\/\/yoast.com\/wordpress\/plugins\/seo\/ -->\n<title>Otan diz que vai impedir que Moscou expanda a agress\u00e3o - Jornal Fatos e Not\u00edcias<\/title>\n<meta name=\"robots\" content=\"index, follow, max-snippet:-1, max-image-preview:large, max-video-preview:-1\" \/>\n<link rel=\"canonical\" href=\"https:\/\/jornalfatosenoticias.com.br\/index.php\/2022\/03\/08\/otan-diz-que-vai-impedir-que-moscou-expanda-a-agressao\/\" \/>\n<meta property=\"og:locale\" content=\"pt_BR\" \/>\n<meta property=\"og:type\" content=\"article\" \/>\n<meta property=\"og:title\" content=\"Otan diz que vai impedir que Moscou expanda a agress\u00e3o - Jornal Fatos e Not\u00edcias\" \/>\n<meta property=\"og:description\" content=\"Declara\u00e7\u00e3o \u00e9 do secret\u00e1rio-geral da alian\u00e7a militar O secret\u00e1rio-geral da Organiza\u00e7\u00e3o do Tratado do Atl\u00e2ntico Norte (Otan), Jens Stoltenberg, est\u00e1 hoje (8) em Riga, capital da Let\u00f4nia, pa\u00eds-membro da alian\u00e7a militar. Stoltenberg falou sobre a invas\u00e3o russa na Ucr\u00e2nia e refor\u00e7ou o apoio prestado pelos aliados do bloco aos ucranianos. \u201cSomos a organiza\u00e7\u00e3o de defesa [&hellip;]\" \/>\n<meta property=\"og:url\" content=\"https:\/\/jornalfatosenoticias.com.br\/index.php\/2022\/03\/08\/otan-diz-que-vai-impedir-que-moscou-expanda-a-agressao\/\" \/>\n<meta property=\"og:site_name\" content=\"Jornal Fatos e Not\u00edcias\" \/>\n<meta property=\"article:published_time\" content=\"2022-03-08T16:47:56+00:00\" \/>\n<meta property=\"article:modified_time\" content=\"2022-03-08T16:48:01+00:00\" \/>\n<meta property=\"og:image\" content=\"https:\/\/jornalfatosenoticias.com.br\/wp-content\/uploads\/2022\/03\/OTAN_ukraine-crisis.jpg\" \/>\n\t<meta property=\"og:image:width\" content=\"1000\" \/>\n\t<meta property=\"og:image:height\" content=\"598\" \/>\n\t<meta property=\"og:image:type\" content=\"image\/jpeg\" \/>\n<meta name=\"author\" content=\"Luzimara Fernandes\" \/>\n<meta name=\"twitter:card\" content=\"summary_large_image\" \/>\n<meta name=\"twitter:label1\" content=\"Escrito por\" \/>\n\t<meta name=\"twitter:data1\" content=\"Luzimara Fernandes\" \/>\n\t<meta name=\"twitter:label2\" content=\"Est. tempo de leitura\" \/>\n\t<meta name=\"twitter:data2\" content=\"3 minutos\" \/>\n<script type=\"application\/ld+json\" class=\"yoast-schema-graph\">{\"@context\":\"https:\/\/schema.org\",\"@graph\":[{\"@type\":\"Article\",\"@id\":\"https:\/\/jornalfatosenoticias.com.br\/index.php\/2022\/03\/08\/otan-diz-que-vai-impedir-que-moscou-expanda-a-agressao\/#article\",\"isPartOf\":{\"@id\":\"https:\/\/jornalfatosenoticias.com.br\/index.php\/2022\/03\/08\/otan-diz-que-vai-impedir-que-moscou-expanda-a-agressao\/\"},\"author\":{\"name\":\"Luzimara Fernandes\",\"@id\":\"https:\/\/jornalfatosenoticias.com.br\/#\/schema\/person\/d63837fa13ac8666eb9e74e0985d6f81\"},\"headline\":\"Otan diz que vai impedir que Moscou expanda a agress\u00e3o\",\"datePublished\":\"2022-03-08T16:47:56+00:00\",\"dateModified\":\"2022-03-08T16:48:01+00:00\",\"mainEntityOfPage\":{\"@id\":\"https:\/\/jornalfatosenoticias.com.br\/index.php\/2022\/03\/08\/otan-diz-que-vai-impedir-que-moscou-expanda-a-agressao\/\"},\"wordCount\":544,\"commentCount\":0,\"publisher\":{\"@id\":\"https:\/\/jornalfatosenoticias.com.br\/#organization\"},\"image\":{\"@id\":\"https:\/\/jornalfatosenoticias.com.br\/index.php\/2022\/03\/08\/otan-diz-que-vai-impedir-que-moscou-expanda-a-agressao\/#primaryimage\"},\"thumbnailUrl\":\"https:\/\/jornalfatosenoticias.com.br\/wp-content\/uploads\/2022\/03\/OTAN_ukraine-crisis.jpg\",\"keywords\":[\"guerra\",\"invas\u00e3o da Ucr\u00e2nia\",\"Jens Stoltenberg\",\"Kaja Kallas\",\"Let\u00f4nia\",\"opera\u00e7\u00e3o militar\",\"Otan\",\"R\u00fassia\",\"Ucr\u00e2nia\"],\"articleSection\":[\"Internacional\"],\"inLanguage\":\"pt-BR\",\"potentialAction\":[{\"@type\":\"CommentAction\",\"name\":\"Comment\",\"target\":[\"https:\/\/jornalfatosenoticias.com.br\/index.php\/2022\/03\/08\/otan-diz-que-vai-impedir-que-moscou-expanda-a-agressao\/#respond\"]}]},{\"@type\":\"WebPage\",\"@id\":\"https:\/\/jornalfatosenoticias.com.br\/index.php\/2022\/03\/08\/otan-diz-que-vai-impedir-que-moscou-expanda-a-agressao\/\",\"url\":\"https:\/\/jornalfatosenoticias.com.br\/index.php\/2022\/03\/08\/otan-diz-que-vai-impedir-que-moscou-expanda-a-agressao\/\",\"name\":\"Otan diz que vai impedir que Moscou expanda a agress\u00e3o - Jornal Fatos e Not\u00edcias\",\"isPartOf\":{\"@id\":\"https:\/\/jornalfatosenoticias.com.br\/#website\"},\"primaryImageOfPage\":{\"@id\":\"https:\/\/jornalfatosenoticias.com.br\/index.php\/2022\/03\/08\/otan-diz-que-vai-impedir-que-moscou-expanda-a-agressao\/#primaryimage\"},\"image\":{\"@id\":\"https:\/\/jornalfatosenoticias.com.br\/index.php\/2022\/03\/08\/otan-diz-que-vai-impedir-que-moscou-expanda-a-agressao\/#primaryimage\"},\"thumbnailUrl\":\"https:\/\/jornalfatosenoticias.com.br\/wp-content\/uploads\/2022\/03\/OTAN_ukraine-crisis.jpg\",\"datePublished\":\"2022-03-08T16:47:56+00:00\",\"dateModified\":\"2022-03-08T16:48:01+00:00\",\"breadcrumb\":{\"@id\":\"https:\/\/jornalfatosenoticias.com.br\/index.php\/2022\/03\/08\/otan-diz-que-vai-impedir-que-moscou-expanda-a-agressao\/#breadcrumb\"},\"inLanguage\":\"pt-BR\",\"potentialAction\":[{\"@type\":\"ReadAction\",\"target\":[\"https:\/\/jornalfatosenoticias.com.br\/index.php\/2022\/03\/08\/otan-diz-que-vai-impedir-que-moscou-expanda-a-agressao\/\"]}]},{\"@type\":\"ImageObject\",\"inLanguage\":\"pt-BR\",\"@id\":\"https:\/\/jornalfatosenoticias.com.br\/index.php\/2022\/03\/08\/otan-diz-que-vai-impedir-que-moscou-expanda-a-agressao\/#primaryimage\",\"url\":\"https:\/\/jornalfatosenoticias.com.br\/wp-content\/uploads\/2022\/03\/OTAN_ukraine-crisis.jpg\",\"contentUrl\":\"https:\/\/jornalfatosenoticias.com.br\/wp-content\/uploads\/2022\/03\/OTAN_ukraine-crisis.jpg\",\"width\":1000,\"height\":598},{\"@type\":\"BreadcrumbList\",\"@id\":\"https:\/\/jornalfatosenoticias.com.br\/index.php\/2022\/03\/08\/otan-diz-que-vai-impedir-que-moscou-expanda-a-agressao\/#breadcrumb\",\"itemListElement\":[{\"@type\":\"ListItem\",\"position\":1,\"name\":\"In\u00edcio\",\"item\":\"https:\/\/jornalfatosenoticias.com.br\/\"},{\"@type\":\"ListItem\",\"position\":2,\"name\":\"Otan diz que vai impedir que Moscou expanda a agress\u00e3o\"}]},{\"@type\":\"WebSite\",\"@id\":\"https:\/\/jornalfatosenoticias.com.br\/#website\",\"url\":\"https:\/\/jornalfatosenoticias.com.br\/\",\"name\":\"Jornal Fatos e Not\u00edcias\",\"description\":\"Not\u00edcias em geral\",\"publisher\":{\"@id\":\"https:\/\/jornalfatosenoticias.com.br\/#organization\"},\"potentialAction\":[{\"@type\":\"SearchAction\",\"target\":{\"@type\":\"EntryPoint\",\"urlTemplate\":\"https:\/\/jornalfatosenoticias.com.br\/?s={search_term_string}\"},\"query-input\":{\"@type\":\"PropertyValueSpecification\",\"valueRequired\":true,\"valueName\":\"search_term_string\"}}],\"inLanguage\":\"pt-BR\"},{\"@type\":\"Organization\",\"@id\":\"https:\/\/jornalfatosenoticias.com.br\/#organization\",\"name\":\"Jornal Fatos e Not\u00edcias\",\"url\":\"https:\/\/jornalfatosenoticias.com.br\/\",\"logo\":{\"@type\":\"ImageObject\",\"inLanguage\":\"pt-BR\",\"@id\":\"https:\/\/jornalfatosenoticias.com.br\/#\/schema\/logo\/image\/\",\"url\":\"https:\/\/jornalfatosenoticias.com.br\/wp-content\/uploads\/2020\/02\/logo120.png\",\"contentUrl\":\"https:\/\/jornalfatosenoticias.com.br\/wp-content\/uploads\/2020\/02\/logo120.png\",\"width\":1227,\"height\":120,\"caption\":\"Jornal Fatos e Not\u00edcias\"},\"image\":{\"@id\":\"https:\/\/jornalfatosenoticias.com.br\/#\/schema\/logo\/image\/\"}},{\"@type\":\"Person\",\"@id\":\"https:\/\/jornalfatosenoticias.com.br\/#\/schema\/person\/d63837fa13ac8666eb9e74e0985d6f81\",\"name\":\"Luzimara Fernandes\",\"image\":{\"@type\":\"ImageObject\",\"inLanguage\":\"pt-BR\",\"@id\":\"https:\/\/jornalfatosenoticias.com.br\/#\/schema\/person\/image\/\",\"url\":\"https:\/\/jornalfatosenoticias.com.br\/wp-content\/uploads\/2025\/05\/EU_portal.jpg\",\"contentUrl\":\"https:\/\/jornalfatosenoticias.com.br\/wp-content\/uploads\/2025\/05\/EU_portal.jpg\",\"caption\":\"Luzimara Fernandes\"},\"description\":\"Jornalista MTB 2358-ES\",\"sameAs\":[\"https:\/\/jornalfatosenoticias.com.br\"],\"url\":\"https:\/\/jornalfatosenoticias.com.br\/index.php\/author\/luzimara\/\"}]}<\/script>\n<!-- \/ Yoast SEO plugin. -->","yoast_head_json":{"title":"Otan diz que vai impedir que Moscou expanda a agress\u00e3o - Jornal Fatos e Not\u00edcias","robots":{"index":"index","follow":"follow","max-snippet":"max-snippet:-1","max-image-preview":"max-image-preview:large","max-video-preview":"max-video-preview:-1"},"canonical":"https:\/\/jornalfatosenoticias.com.br\/index.php\/2022\/03\/08\/otan-diz-que-vai-impedir-que-moscou-expanda-a-agressao\/","og_locale":"pt_BR","og_type":"article","og_title":"Otan diz que vai impedir que Moscou expanda a agress\u00e3o - Jornal Fatos e Not\u00edcias","og_description":"Declara\u00e7\u00e3o \u00e9 do secret\u00e1rio-geral da alian\u00e7a militar O secret\u00e1rio-geral da Organiza\u00e7\u00e3o do Tratado do Atl\u00e2ntico Norte (Otan), Jens Stoltenberg, est\u00e1 hoje (8) em Riga, capital da Let\u00f4nia, pa\u00eds-membro da alian\u00e7a militar. Stoltenberg falou sobre a invas\u00e3o russa na Ucr\u00e2nia e refor\u00e7ou o apoio prestado pelos aliados do bloco aos ucranianos. \u201cSomos a organiza\u00e7\u00e3o de defesa [&hellip;]","og_url":"https:\/\/jornalfatosenoticias.com.br\/index.php\/2022\/03\/08\/otan-diz-que-vai-impedir-que-moscou-expanda-a-agressao\/","og_site_name":"Jornal Fatos e Not\u00edcias","article_published_time":"2022-03-08T16:47:56+00:00","article_modified_time":"2022-03-08T16:48:01+00:00","og_image":[{"width":1000,"height":598,"url":"https:\/\/jornalfatosenoticias.com.br\/wp-content\/uploads\/2022\/03\/OTAN_ukraine-crisis.jpg","type":"image\/jpeg"}],"author":"Luzimara Fernandes","twitter_card":"summary_large_image","twitter_misc":{"Escrito por":"Luzimara Fernandes","Est. tempo de leitura":"3 minutos"},"schema":{"@context":"https:\/\/schema.org","@graph":[{"@type":"Article","@id":"https:\/\/jornalfatosenoticias.com.br\/index.php\/2022\/03\/08\/otan-diz-que-vai-impedir-que-moscou-expanda-a-agressao\/#article","isPartOf":{"@id":"https:\/\/jornalfatosenoticias.com.br\/index.php\/2022\/03\/08\/otan-diz-que-vai-impedir-que-moscou-expanda-a-agressao\/"},"author":{"name":"Luzimara Fernandes","@id":"https:\/\/jornalfatosenoticias.com.br\/#\/schema\/person\/d63837fa13ac8666eb9e74e0985d6f81"},"headline":"Otan diz que vai impedir que Moscou expanda a agress\u00e3o","datePublished":"2022-03-08T16:47:56+00:00","dateModified":"2022-03-08T16:48:01+00:00","mainEntityOfPage":{"@id":"https:\/\/jornalfatosenoticias.com.br\/index.php\/2022\/03\/08\/otan-diz-que-vai-impedir-que-moscou-expanda-a-agressao\/"},"wordCount":544,"commentCount":0,"publisher":{"@id":"https:\/\/jornalfatosenoticias.com.br\/#organization"},"image":{"@id":"https:\/\/jornalfatosenoticias.com.br\/index.php\/2022\/03\/08\/otan-diz-que-vai-impedir-que-moscou-expanda-a-agressao\/#primaryimage"},"thumbnailUrl":"https:\/\/jornalfatosenoticias.com.br\/wp-content\/uploads\/2022\/03\/OTAN_ukraine-crisis.jpg","keywords":["guerra","invas\u00e3o da Ucr\u00e2nia","Jens Stoltenberg","Kaja Kallas","Let\u00f4nia","opera\u00e7\u00e3o militar","Otan","R\u00fassia","Ucr\u00e2nia"],"articleSection":["Internacional"],"inLanguage":"pt-BR","potentialAction":[{"@type":"CommentAction","name":"Comment","target":["https:\/\/jornalfatosenoticias.com.br\/index.php\/2022\/03\/08\/otan-diz-que-vai-impedir-que-moscou-expanda-a-agressao\/#respond"]}]},{"@type":"WebPage","@id":"https:\/\/jornalfatosenoticias.com.br\/index.php\/2022\/03\/08\/otan-diz-que-vai-impedir-que-moscou-expanda-a-agressao\/","url":"https:\/\/jornalfatosenoticias.com.br\/index.php\/2022\/03\/08\/otan-diz-que-vai-impedir-que-moscou-expanda-a-agressao\/","name":"Otan diz que vai impedir que Moscou expanda a agress\u00e3o - Jornal Fatos e Not\u00edcias","isPartOf":{"@id":"https:\/\/jornalfatosenoticias.com.br\/#website"},"primaryImageOfPage":{"@id":"https:\/\/jornalfatosenoticias.com.br\/index.php\/2022\/03\/08\/otan-diz-que-vai-impedir-que-moscou-expanda-a-agressao\/#primaryimage"},"image":{"@id":"https:\/\/jornalfatosenoticias.com.br\/index.php\/2022\/03\/08\/otan-diz-que-vai-impedir-que-moscou-expanda-a-agressao\/#primaryimage"},"thumbnailUrl":"https:\/\/jornalfatosenoticias.com.br\/wp-content\/uploads\/2022\/03\/OTAN_ukraine-crisis.jpg","datePublished":"2022-03-08T16:47:56+00:00","dateModified":"2022-03-08T16:48:01+00:00","breadcrumb":{"@id":"https:\/\/jornalfatosenoticias.com.br\/index.php\/2022\/03\/08\/otan-diz-que-vai-impedir-que-moscou-expanda-a-agressao\/#breadcrumb"},"inLanguage":"pt-BR","potentialAction":[{"@type":"ReadAction","target":["https:\/\/jornalfatosenoticias.com.br\/index.php\/2022\/03\/08\/otan-diz-que-vai-impedir-que-moscou-expanda-a-agressao\/"]}]},{"@type":"ImageObject","inLanguage":"pt-BR","@id":"https:\/\/jornalfatosenoticias.com.br\/index.php\/2022\/03\/08\/otan-diz-que-vai-impedir-que-moscou-expanda-a-agressao\/#primaryimage","url":"https:\/\/jornalfatosenoticias.com.br\/wp-content\/uploads\/2022\/03\/OTAN_ukraine-crisis.jpg","contentUrl":"https:\/\/jornalfatosenoticias.com.br\/wp-content\/uploads\/2022\/03\/OTAN_ukraine-crisis.jpg","width":1000,"height":598},{"@type":"BreadcrumbList","@id":"https:\/\/jornalfatosenoticias.com.br\/index.php\/2022\/03\/08\/otan-diz-que-vai-impedir-que-moscou-expanda-a-agressao\/#breadcrumb","itemListElement":[{"@type":"ListItem","position":1,"name":"In\u00edcio","item":"https:\/\/jornalfatosenoticias.com.br\/"},{"@type":"ListItem","position":2,"name":"Otan diz que vai impedir que Moscou expanda a agress\u00e3o"}]},{"@type":"WebSite","@id":"https:\/\/jornalfatosenoticias.com.br\/#website","url":"https:\/\/jornalfatosenoticias.com.br\/","name":"Jornal Fatos e Not\u00edcias","description":"Not\u00edcias em geral","publisher":{"@id":"https:\/\/jornalfatosenoticias.com.br\/#organization"},"potentialAction":[{"@type":"SearchAction","target":{"@type":"EntryPoint","urlTemplate":"https:\/\/jornalfatosenoticias.com.br\/?s={search_term_string}"},"query-input":{"@type":"PropertyValueSpecification","valueRequired":true,"valueName":"search_term_string"}}],"inLanguage":"pt-BR"},{"@type":"Organization","@id":"https:\/\/jornalfatosenoticias.com.br\/#organization","name":"Jornal Fatos e Not\u00edcias","url":"https:\/\/jornalfatosenoticias.com.br\/","logo":{"@type":"ImageObject","inLanguage":"pt-BR","@id":"https:\/\/jornalfatosenoticias.com.br\/#\/schema\/logo\/image\/","url":"https:\/\/jornalfatosenoticias.com.br\/wp-content\/uploads\/2020\/02\/logo120.png","contentUrl":"https:\/\/jornalfatosenoticias.com.br\/wp-content\/uploads\/2020\/02\/logo120.png","width":1227,"height":120,"caption":"Jornal Fatos e Not\u00edcias"},"image":{"@id":"https:\/\/jornalfatosenoticias.com.br\/#\/schema\/logo\/image\/"}},{"@type":"Person","@id":"https:\/\/jornalfatosenoticias.com.br\/#\/schema\/person\/d63837fa13ac8666eb9e74e0985d6f81","name":"Luzimara Fernandes","image":{"@type":"ImageObject","inLanguage":"pt-BR","@id":"https:\/\/jornalfatosenoticias.com.br\/#\/schema\/person\/image\/","url":"https:\/\/jornalfatosenoticias.com.br\/wp-content\/uploads\/2025\/05\/EU_portal.jpg","contentUrl":"https:\/\/jornalfatosenoticias.com.br\/wp-content\/uploads\/2025\/05\/EU_portal.jpg","caption":"Luzimara Fernandes"},"description":"Jornalista MTB 2358-ES","sameAs":["https:\/\/jornalfatosenoticias.com.br"],"url":"https:\/\/jornalfatosenoticias.com.br\/index.php\/author\/luzimara\/"}]}},"cc_featured_image_caption":{"caption_text":"(Foto: Reuters\/Johanna Geron\/Direitos Reservados)","source_text":"","source_url":""},"jetpack_featured_media_url":"https:\/\/jornalfatosenoticias.com.br\/wp-content\/uploads\/2022\/03\/OTAN_ukraine-crisis.jpg","_links":{"self":[{"href":"https:\/\/jornalfatosenoticias.com.br\/index.php\/wp-json\/wp\/v2\/posts\/28537","targetHints":{"allow":["GET"]}}],"collection":[{"href":"https:\/\/jornalfatosenoticias.com.br\/index.php\/wp-json\/wp\/v2\/posts"}],"about":[{"href":"https:\/\/jornalfatosenoticias.com.br\/index.php\/wp-json\/wp\/v2\/types\/post"}],"author":[{"embeddable":true,"href":"https:\/\/jornalfatosenoticias.com.br\/index.php\/wp-json\/wp\/v2\/users\/2"}],"replies":[{"embeddable":true,"href":"https:\/\/jornalfatosenoticias.com.br\/index.php\/wp-json\/wp\/v2\/comments?post=28537"}],"version-history":[{"count":0,"href":"https:\/\/jornalfatosenoticias.com.br\/index.php\/wp-json\/wp\/v2\/posts\/28537\/revisions"}],"wp:featuredmedia":[{"embeddable":true,"href":"https:\/\/jornalfatosenoticias.com.br\/index.php\/wp-json\/wp\/v2\/media\/28538"}],"wp:attachment":[{"href":"https:\/\/jornalfatosenoticias.com.br\/index.php\/wp-json\/wp\/v2\/media?parent=28537"}],"wp:term":[{"taxonomy":"category","embeddable":true,"href":"https:\/\/jornalfatosenoticias.com.br\/index.php\/wp-json\/wp\/v2\/categories?post=28537"},{"taxonomy":"post_tag","embeddable":true,"href":"https:\/\/jornalfatosenoticias.com.br\/index.php\/wp-json\/wp\/v2\/tags?post=28537"}],"curies":[{"name":"wp","href":"https:\/\/api.w.org\/{rel}","templated":true}]}}