{"id":2864,"date":"2020-04-07T09:20:28","date_gmt":"2020-04-07T12:20:28","guid":{"rendered":"https:\/\/jornalfatosenoticias.com.br\/?p=2864"},"modified":"2020-04-07T09:20:32","modified_gmt":"2020-04-07T12:20:32","slug":"senadores-votarao-tres-projetos-nesta-semana","status":"publish","type":"post","link":"https:\/\/jornalfatosenoticias.com.br\/index.php\/2020\/04\/07\/senadores-votarao-tres-projetos-nesta-semana\/","title":{"rendered":"Senadores votar\u00e3o tr\u00eas projetos nesta semana"},"content":{"rendered":"\n<h6 class=\"wp-block-heading\"><em>Or\u00e7amento de Guerra fica para semana que vem<\/em><\/h6>\n\n\n\n<p>O Senado definiu ontem (6) a pauta de vota\u00e7\u00f5es da semana ap\u00f3s reuni\u00e3o entre os l\u00edderes partid\u00e1rios e de bancada. Tr\u00eas projetos ser\u00e3o votados, todos de autoria de senadores e relacionados ao combate \u00e0 crise gerada pela epidemia do novo coronav\u00edrus. Os l\u00edderes tamb\u00e9m definiram que a vota\u00e7\u00e3o da proposta de emenda \u00e0 Constitui\u00e7\u00e3o (PEC) conhecida como Or\u00e7amento de Guerra ser\u00e1 feita na segunda-feira da pr\u00f3xima semana, dia 13.<br>Hoje (7) ser\u00e1 votado um projeto de lei do senador Jorginho Mello (PL-SC) que institui o Programa Nacional de Apoio \u00e0s Microempresas e Empresas de Pequeno Porte. O programa prev\u00ea aux\u00edlio no desenvolvimento de pequenos neg\u00f3cios por meio de financiamentos.<br>Na quarta-feira (8) ser\u00e3o realizadas duas sess\u00f5es, cada uma com um item na pauta. A primeira sess\u00e3o votar\u00e1 um projeto que estabelece medidas de desonera\u00e7\u00e3o da folha de pagamento para garantir a subsist\u00eancia dos empreendimentos e a manuten\u00e7\u00e3o de empregos durante a pandemia do covid-19. Esse projeto \u00e9 de autoria do senador Iraj\u00e1 (PSD-TO).<br>A segunda vota\u00e7\u00e3o do dia ser\u00e1 de um projeto que visa atender empresas em dificuldades financeiras devido ao arrefecimento da economia, causado pelo estado de calamidade decretado em raz\u00e3o do coronav\u00edrus. Ele trata da concess\u00e3o de empr\u00e9stimos para empresas do setor privado para quita\u00e7\u00e3o de folha de pagamento no per\u00edodo de at\u00e9 tr\u00eas meses. O projeto \u00e9 do senador Omar Aziz (PSD-AM).<\/p>\n\n\n\n<h4 class=\"wp-block-heading\">PEC do Or\u00e7amento de Guerra<\/h4>\n\n\n\n<p>Os senadores votar\u00e3o a PEC do Or\u00e7amento de Guerra na pr\u00f3xima semana. A PEC cria um instrumento para impedir que os gastos emergenciais gerados em virtude do estado de calamidade p\u00fablica sejam misturados ao Or\u00e7amento da Uni\u00e3o.<br>A medida flexibiliza travas fiscais e or\u00e7ament\u00e1rias para dar mais agilidade \u00e0 execu\u00e7\u00e3o de despesas com pessoal, obras, servi\u00e7os e compras do Poder Executivo. O texto j\u00e1 foi aprovado pela C\u00e2mara e depende da aprova\u00e7\u00e3o do Senado para seguir para a san\u00e7\u00e3o presidencial.<\/p>\n\n\n\n<p><strong><em>Fonte: <a href=\"https:\/\/agenciabrasil.ebc.com.br\/politica\/noticia\/2020-04\/senadores-votarao-tres-projetos-nesta-semana\">Ag\u00eancia Brasil<\/a><\/em><\/strong><\/p>\n","protected":false},"excerpt":{"rendered":"<p>Or\u00e7amento de Guerra fica para semana que vem O Senado definiu ontem (6) a pauta de vota\u00e7\u00f5es da semana ap\u00f3s reuni\u00e3o entre os l\u00edderes partid\u00e1rios e de bancada. Tr\u00eas projetos ser\u00e3o votados, todos de autoria de senadores e relacionados ao combate \u00e0 crise gerada pela epidemia do novo coronav\u00edrus. Os l\u00edderes tamb\u00e9m definiram que a [&hellip;]<\/p>\n","protected":false},"author":2,"featured_media":2865,"comment_status":"open","ping_status":"open","sticky":false,"template":"","format":"standard","meta":{"footnotes":""},"categories":[10],"tags":[1474,330,1475,1476,486],"class_list":["post-2864","post","type-post","status-publish","format-standard","has-post-thumbnail","hentry","category-politica","tag-orcamento-da-uniao","tag-pandemia","tag-pec","tag-sancao-presidencial","tag-senado"],"yoast_head":"<!-- This site is optimized with the Yoast SEO plugin v26.5 - https:\/\/yoast.com\/wordpress\/plugins\/seo\/ -->\n<title>Senadores votar\u00e3o tr\u00eas projetos nesta semana - Jornal Fatos e Not\u00edcias<\/title>\n<meta name=\"robots\" content=\"index, follow, max-snippet:-1, max-image-preview:large, max-video-preview:-1\" \/>\n<link rel=\"canonical\" href=\"https:\/\/jornalfatosenoticias.com.br\/index.php\/2020\/04\/07\/senadores-votarao-tres-projetos-nesta-semana\/\" \/>\n<meta property=\"og:locale\" content=\"pt_BR\" \/>\n<meta property=\"og:type\" content=\"article\" \/>\n<meta property=\"og:title\" content=\"Senadores votar\u00e3o tr\u00eas projetos nesta semana - Jornal Fatos e Not\u00edcias\" \/>\n<meta property=\"og:description\" content=\"Or\u00e7amento de Guerra fica para semana que vem O Senado definiu ontem (6) a pauta de vota\u00e7\u00f5es da semana ap\u00f3s reuni\u00e3o entre os l\u00edderes partid\u00e1rios e de bancada. Tr\u00eas projetos ser\u00e3o votados, todos de autoria de senadores e relacionados ao combate \u00e0 crise gerada pela epidemia do novo coronav\u00edrus. Os l\u00edderes tamb\u00e9m definiram que a [&hellip;]\" \/>\n<meta property=\"og:url\" content=\"https:\/\/jornalfatosenoticias.com.br\/index.php\/2020\/04\/07\/senadores-votarao-tres-projetos-nesta-semana\/\" \/>\n<meta property=\"og:site_name\" content=\"Jornal Fatos e Not\u00edcias\" \/>\n<meta property=\"article:published_time\" content=\"2020-04-07T12:20:28+00:00\" \/>\n<meta property=\"article:modified_time\" content=\"2020-04-07T12:20:32+00:00\" \/>\n<meta property=\"og:image\" content=\"https:\/\/jornalfatosenoticias.com.br\/wp-content\/uploads\/2020\/04\/monumentos_brasilia.jpg\" \/>\n\t<meta property=\"og:image:width\" content=\"1000\" \/>\n\t<meta property=\"og:image:height\" content=\"598\" \/>\n\t<meta property=\"og:image:type\" content=\"image\/jpeg\" \/>\n<meta name=\"author\" content=\"Luzimara Fernandes\" \/>\n<meta name=\"twitter:card\" content=\"summary_large_image\" \/>\n<meta name=\"twitter:label1\" content=\"Escrito por\" \/>\n\t<meta name=\"twitter:data1\" content=\"Luzimara Fernandes\" \/>\n\t<meta name=\"twitter:label2\" content=\"Est. tempo de leitura\" \/>\n\t<meta name=\"twitter:data2\" content=\"2 minutos\" \/>\n<script type=\"application\/ld+json\" class=\"yoast-schema-graph\">{\"@context\":\"https:\/\/schema.org\",\"@graph\":[{\"@type\":\"Article\",\"@id\":\"https:\/\/jornalfatosenoticias.com.br\/index.php\/2020\/04\/07\/senadores-votarao-tres-projetos-nesta-semana\/#article\",\"isPartOf\":{\"@id\":\"https:\/\/jornalfatosenoticias.com.br\/index.php\/2020\/04\/07\/senadores-votarao-tres-projetos-nesta-semana\/\"},\"author\":{\"name\":\"Luzimara Fernandes\",\"@id\":\"https:\/\/jornalfatosenoticias.com.br\/#\/schema\/person\/d63837fa13ac8666eb9e74e0985d6f81\"},\"headline\":\"Senadores votar\u00e3o tr\u00eas projetos nesta semana\",\"datePublished\":\"2020-04-07T12:20:28+00:00\",\"dateModified\":\"2020-04-07T12:20:32+00:00\",\"mainEntityOfPage\":{\"@id\":\"https:\/\/jornalfatosenoticias.com.br\/index.php\/2020\/04\/07\/senadores-votarao-tres-projetos-nesta-semana\/\"},\"wordCount\":366,\"commentCount\":0,\"publisher\":{\"@id\":\"https:\/\/jornalfatosenoticias.com.br\/#organization\"},\"image\":{\"@id\":\"https:\/\/jornalfatosenoticias.com.br\/index.php\/2020\/04\/07\/senadores-votarao-tres-projetos-nesta-semana\/#primaryimage\"},\"thumbnailUrl\":\"https:\/\/jornalfatosenoticias.com.br\/wp-content\/uploads\/2020\/04\/monumentos_brasilia.jpg\",\"keywords\":[\"Or\u00e7amento da Uni\u00e3o\",\"pandemia\",\"PEC\",\"san\u00e7\u00e3o presidencial\",\"Senado\"],\"articleSection\":[\"Pol\u00edtica\"],\"inLanguage\":\"pt-BR\",\"potentialAction\":[{\"@type\":\"CommentAction\",\"name\":\"Comment\",\"target\":[\"https:\/\/jornalfatosenoticias.com.br\/index.php\/2020\/04\/07\/senadores-votarao-tres-projetos-nesta-semana\/#respond\"]}]},{\"@type\":\"WebPage\",\"@id\":\"https:\/\/jornalfatosenoticias.com.br\/index.php\/2020\/04\/07\/senadores-votarao-tres-projetos-nesta-semana\/\",\"url\":\"https:\/\/jornalfatosenoticias.com.br\/index.php\/2020\/04\/07\/senadores-votarao-tres-projetos-nesta-semana\/\",\"name\":\"Senadores votar\u00e3o tr\u00eas projetos nesta semana - Jornal Fatos e Not\u00edcias\",\"isPartOf\":{\"@id\":\"https:\/\/jornalfatosenoticias.com.br\/#website\"},\"primaryImageOfPage\":{\"@id\":\"https:\/\/jornalfatosenoticias.com.br\/index.php\/2020\/04\/07\/senadores-votarao-tres-projetos-nesta-semana\/#primaryimage\"},\"image\":{\"@id\":\"https:\/\/jornalfatosenoticias.com.br\/index.php\/2020\/04\/07\/senadores-votarao-tres-projetos-nesta-semana\/#primaryimage\"},\"thumbnailUrl\":\"https:\/\/jornalfatosenoticias.com.br\/wp-content\/uploads\/2020\/04\/monumentos_brasilia.jpg\",\"datePublished\":\"2020-04-07T12:20:28+00:00\",\"dateModified\":\"2020-04-07T12:20:32+00:00\",\"breadcrumb\":{\"@id\":\"https:\/\/jornalfatosenoticias.com.br\/index.php\/2020\/04\/07\/senadores-votarao-tres-projetos-nesta-semana\/#breadcrumb\"},\"inLanguage\":\"pt-BR\",\"potentialAction\":[{\"@type\":\"ReadAction\",\"target\":[\"https:\/\/jornalfatosenoticias.com.br\/index.php\/2020\/04\/07\/senadores-votarao-tres-projetos-nesta-semana\/\"]}]},{\"@type\":\"ImageObject\",\"inLanguage\":\"pt-BR\",\"@id\":\"https:\/\/jornalfatosenoticias.com.br\/index.php\/2020\/04\/07\/senadores-votarao-tres-projetos-nesta-semana\/#primaryimage\",\"url\":\"https:\/\/jornalfatosenoticias.com.br\/wp-content\/uploads\/2020\/04\/monumentos_brasilia.jpg\",\"contentUrl\":\"https:\/\/jornalfatosenoticias.com.br\/wp-content\/uploads\/2020\/04\/monumentos_brasilia.jpg\",\"width\":1000,\"height\":598,\"caption\":\"A c\u00fapula menor, voltada para baixo, abriga o Plen\u00e1rio do Senado Federal.\"},{\"@type\":\"BreadcrumbList\",\"@id\":\"https:\/\/jornalfatosenoticias.com.br\/index.php\/2020\/04\/07\/senadores-votarao-tres-projetos-nesta-semana\/#breadcrumb\",\"itemListElement\":[{\"@type\":\"ListItem\",\"position\":1,\"name\":\"In\u00edcio\",\"item\":\"https:\/\/jornalfatosenoticias.com.br\/\"},{\"@type\":\"ListItem\",\"position\":2,\"name\":\"Senadores votar\u00e3o tr\u00eas projetos nesta semana\"}]},{\"@type\":\"WebSite\",\"@id\":\"https:\/\/jornalfatosenoticias.com.br\/#website\",\"url\":\"https:\/\/jornalfatosenoticias.com.br\/\",\"name\":\"Jornal Fatos e Not\u00edcias\",\"description\":\"Not\u00edcias em geral\",\"publisher\":{\"@id\":\"https:\/\/jornalfatosenoticias.com.br\/#organization\"},\"potentialAction\":[{\"@type\":\"SearchAction\",\"target\":{\"@type\":\"EntryPoint\",\"urlTemplate\":\"https:\/\/jornalfatosenoticias.com.br\/?s={search_term_string}\"},\"query-input\":{\"@type\":\"PropertyValueSpecification\",\"valueRequired\":true,\"valueName\":\"search_term_string\"}}],\"inLanguage\":\"pt-BR\"},{\"@type\":\"Organization\",\"@id\":\"https:\/\/jornalfatosenoticias.com.br\/#organization\",\"name\":\"Jornal Fatos e Not\u00edcias\",\"url\":\"https:\/\/jornalfatosenoticias.com.br\/\",\"logo\":{\"@type\":\"ImageObject\",\"inLanguage\":\"pt-BR\",\"@id\":\"https:\/\/jornalfatosenoticias.com.br\/#\/schema\/logo\/image\/\",\"url\":\"https:\/\/jornalfatosenoticias.com.br\/wp-content\/uploads\/2020\/02\/logo120.png\",\"contentUrl\":\"https:\/\/jornalfatosenoticias.com.br\/wp-content\/uploads\/2020\/02\/logo120.png\",\"width\":1227,\"height\":120,\"caption\":\"Jornal Fatos e Not\u00edcias\"},\"image\":{\"@id\":\"https:\/\/jornalfatosenoticias.com.br\/#\/schema\/logo\/image\/\"}},{\"@type\":\"Person\",\"@id\":\"https:\/\/jornalfatosenoticias.com.br\/#\/schema\/person\/d63837fa13ac8666eb9e74e0985d6f81\",\"name\":\"Luzimara Fernandes\",\"image\":{\"@type\":\"ImageObject\",\"inLanguage\":\"pt-BR\",\"@id\":\"https:\/\/jornalfatosenoticias.com.br\/#\/schema\/person\/image\/\",\"url\":\"https:\/\/jornalfatosenoticias.com.br\/wp-content\/uploads\/2025\/05\/EU_portal.jpg\",\"contentUrl\":\"https:\/\/jornalfatosenoticias.com.br\/wp-content\/uploads\/2025\/05\/EU_portal.jpg\",\"caption\":\"Luzimara Fernandes\"},\"description\":\"Jornalista MTB 2358-ES\",\"sameAs\":[\"https:\/\/jornalfatosenoticias.com.br\"],\"url\":\"https:\/\/jornalfatosenoticias.com.br\/index.php\/author\/luzimara\/\"}]}<\/script>\n<!-- \/ Yoast SEO plugin. -->","yoast_head_json":{"title":"Senadores votar\u00e3o tr\u00eas projetos nesta semana - Jornal Fatos e Not\u00edcias","robots":{"index":"index","follow":"follow","max-snippet":"max-snippet:-1","max-image-preview":"max-image-preview:large","max-video-preview":"max-video-preview:-1"},"canonical":"https:\/\/jornalfatosenoticias.com.br\/index.php\/2020\/04\/07\/senadores-votarao-tres-projetos-nesta-semana\/","og_locale":"pt_BR","og_type":"article","og_title":"Senadores votar\u00e3o tr\u00eas projetos nesta semana - Jornal Fatos e Not\u00edcias","og_description":"Or\u00e7amento de Guerra fica para semana que vem O Senado definiu ontem (6) a pauta de vota\u00e7\u00f5es da semana ap\u00f3s reuni\u00e3o entre os l\u00edderes partid\u00e1rios e de bancada. Tr\u00eas projetos ser\u00e3o votados, todos de autoria de senadores e relacionados ao combate \u00e0 crise gerada pela epidemia do novo coronav\u00edrus. Os l\u00edderes tamb\u00e9m definiram que a [&hellip;]","og_url":"https:\/\/jornalfatosenoticias.com.br\/index.php\/2020\/04\/07\/senadores-votarao-tres-projetos-nesta-semana\/","og_site_name":"Jornal Fatos e Not\u00edcias","article_published_time":"2020-04-07T12:20:28+00:00","article_modified_time":"2020-04-07T12:20:32+00:00","og_image":[{"width":1000,"height":598,"url":"https:\/\/jornalfatosenoticias.com.br\/wp-content\/uploads\/2020\/04\/monumentos_brasilia.jpg","type":"image\/jpeg"}],"author":"Luzimara Fernandes","twitter_card":"summary_large_image","twitter_misc":{"Escrito por":"Luzimara Fernandes","Est. tempo de leitura":"2 minutos"},"schema":{"@context":"https:\/\/schema.org","@graph":[{"@type":"Article","@id":"https:\/\/jornalfatosenoticias.com.br\/index.php\/2020\/04\/07\/senadores-votarao-tres-projetos-nesta-semana\/#article","isPartOf":{"@id":"https:\/\/jornalfatosenoticias.com.br\/index.php\/2020\/04\/07\/senadores-votarao-tres-projetos-nesta-semana\/"},"author":{"name":"Luzimara Fernandes","@id":"https:\/\/jornalfatosenoticias.com.br\/#\/schema\/person\/d63837fa13ac8666eb9e74e0985d6f81"},"headline":"Senadores votar\u00e3o tr\u00eas projetos nesta semana","datePublished":"2020-04-07T12:20:28+00:00","dateModified":"2020-04-07T12:20:32+00:00","mainEntityOfPage":{"@id":"https:\/\/jornalfatosenoticias.com.br\/index.php\/2020\/04\/07\/senadores-votarao-tres-projetos-nesta-semana\/"},"wordCount":366,"commentCount":0,"publisher":{"@id":"https:\/\/jornalfatosenoticias.com.br\/#organization"},"image":{"@id":"https:\/\/jornalfatosenoticias.com.br\/index.php\/2020\/04\/07\/senadores-votarao-tres-projetos-nesta-semana\/#primaryimage"},"thumbnailUrl":"https:\/\/jornalfatosenoticias.com.br\/wp-content\/uploads\/2020\/04\/monumentos_brasilia.jpg","keywords":["Or\u00e7amento da Uni\u00e3o","pandemia","PEC","san\u00e7\u00e3o presidencial","Senado"],"articleSection":["Pol\u00edtica"],"inLanguage":"pt-BR","potentialAction":[{"@type":"CommentAction","name":"Comment","target":["https:\/\/jornalfatosenoticias.com.br\/index.php\/2020\/04\/07\/senadores-votarao-tres-projetos-nesta-semana\/#respond"]}]},{"@type":"WebPage","@id":"https:\/\/jornalfatosenoticias.com.br\/index.php\/2020\/04\/07\/senadores-votarao-tres-projetos-nesta-semana\/","url":"https:\/\/jornalfatosenoticias.com.br\/index.php\/2020\/04\/07\/senadores-votarao-tres-projetos-nesta-semana\/","name":"Senadores votar\u00e3o tr\u00eas projetos nesta semana - Jornal Fatos e Not\u00edcias","isPartOf":{"@id":"https:\/\/jornalfatosenoticias.com.br\/#website"},"primaryImageOfPage":{"@id":"https:\/\/jornalfatosenoticias.com.br\/index.php\/2020\/04\/07\/senadores-votarao-tres-projetos-nesta-semana\/#primaryimage"},"image":{"@id":"https:\/\/jornalfatosenoticias.com.br\/index.php\/2020\/04\/07\/senadores-votarao-tres-projetos-nesta-semana\/#primaryimage"},"thumbnailUrl":"https:\/\/jornalfatosenoticias.com.br\/wp-content\/uploads\/2020\/04\/monumentos_brasilia.jpg","datePublished":"2020-04-07T12:20:28+00:00","dateModified":"2020-04-07T12:20:32+00:00","breadcrumb":{"@id":"https:\/\/jornalfatosenoticias.com.br\/index.php\/2020\/04\/07\/senadores-votarao-tres-projetos-nesta-semana\/#breadcrumb"},"inLanguage":"pt-BR","potentialAction":[{"@type":"ReadAction","target":["https:\/\/jornalfatosenoticias.com.br\/index.php\/2020\/04\/07\/senadores-votarao-tres-projetos-nesta-semana\/"]}]},{"@type":"ImageObject","inLanguage":"pt-BR","@id":"https:\/\/jornalfatosenoticias.com.br\/index.php\/2020\/04\/07\/senadores-votarao-tres-projetos-nesta-semana\/#primaryimage","url":"https:\/\/jornalfatosenoticias.com.br\/wp-content\/uploads\/2020\/04\/monumentos_brasilia.jpg","contentUrl":"https:\/\/jornalfatosenoticias.com.br\/wp-content\/uploads\/2020\/04\/monumentos_brasilia.jpg","width":1000,"height":598,"caption":"A c\u00fapula menor, voltada para baixo, abriga o Plen\u00e1rio do Senado Federal."},{"@type":"BreadcrumbList","@id":"https:\/\/jornalfatosenoticias.com.br\/index.php\/2020\/04\/07\/senadores-votarao-tres-projetos-nesta-semana\/#breadcrumb","itemListElement":[{"@type":"ListItem","position":1,"name":"In\u00edcio","item":"https:\/\/jornalfatosenoticias.com.br\/"},{"@type":"ListItem","position":2,"name":"Senadores votar\u00e3o tr\u00eas projetos nesta semana"}]},{"@type":"WebSite","@id":"https:\/\/jornalfatosenoticias.com.br\/#website","url":"https:\/\/jornalfatosenoticias.com.br\/","name":"Jornal Fatos e Not\u00edcias","description":"Not\u00edcias em geral","publisher":{"@id":"https:\/\/jornalfatosenoticias.com.br\/#organization"},"potentialAction":[{"@type":"SearchAction","target":{"@type":"EntryPoint","urlTemplate":"https:\/\/jornalfatosenoticias.com.br\/?s={search_term_string}"},"query-input":{"@type":"PropertyValueSpecification","valueRequired":true,"valueName":"search_term_string"}}],"inLanguage":"pt-BR"},{"@type":"Organization","@id":"https:\/\/jornalfatosenoticias.com.br\/#organization","name":"Jornal Fatos e Not\u00edcias","url":"https:\/\/jornalfatosenoticias.com.br\/","logo":{"@type":"ImageObject","inLanguage":"pt-BR","@id":"https:\/\/jornalfatosenoticias.com.br\/#\/schema\/logo\/image\/","url":"https:\/\/jornalfatosenoticias.com.br\/wp-content\/uploads\/2020\/02\/logo120.png","contentUrl":"https:\/\/jornalfatosenoticias.com.br\/wp-content\/uploads\/2020\/02\/logo120.png","width":1227,"height":120,"caption":"Jornal Fatos e Not\u00edcias"},"image":{"@id":"https:\/\/jornalfatosenoticias.com.br\/#\/schema\/logo\/image\/"}},{"@type":"Person","@id":"https:\/\/jornalfatosenoticias.com.br\/#\/schema\/person\/d63837fa13ac8666eb9e74e0985d6f81","name":"Luzimara Fernandes","image":{"@type":"ImageObject","inLanguage":"pt-BR","@id":"https:\/\/jornalfatosenoticias.com.br\/#\/schema\/person\/image\/","url":"https:\/\/jornalfatosenoticias.com.br\/wp-content\/uploads\/2025\/05\/EU_portal.jpg","contentUrl":"https:\/\/jornalfatosenoticias.com.br\/wp-content\/uploads\/2025\/05\/EU_portal.jpg","caption":"Luzimara Fernandes"},"description":"Jornalista MTB 2358-ES","sameAs":["https:\/\/jornalfatosenoticias.com.br"],"url":"https:\/\/jornalfatosenoticias.com.br\/index.php\/author\/luzimara\/"}]}},"cc_featured_image_caption":{"caption_text":"(Foto: Marcello Casal Jr\/Ag\u00eancia Brasil)","source_text":"","source_url":""},"jetpack_featured_media_url":"https:\/\/jornalfatosenoticias.com.br\/wp-content\/uploads\/2020\/04\/monumentos_brasilia.jpg","_links":{"self":[{"href":"https:\/\/jornalfatosenoticias.com.br\/index.php\/wp-json\/wp\/v2\/posts\/2864","targetHints":{"allow":["GET"]}}],"collection":[{"href":"https:\/\/jornalfatosenoticias.com.br\/index.php\/wp-json\/wp\/v2\/posts"}],"about":[{"href":"https:\/\/jornalfatosenoticias.com.br\/index.php\/wp-json\/wp\/v2\/types\/post"}],"author":[{"embeddable":true,"href":"https:\/\/jornalfatosenoticias.com.br\/index.php\/wp-json\/wp\/v2\/users\/2"}],"replies":[{"embeddable":true,"href":"https:\/\/jornalfatosenoticias.com.br\/index.php\/wp-json\/wp\/v2\/comments?post=2864"}],"version-history":[{"count":0,"href":"https:\/\/jornalfatosenoticias.com.br\/index.php\/wp-json\/wp\/v2\/posts\/2864\/revisions"}],"wp:featuredmedia":[{"embeddable":true,"href":"https:\/\/jornalfatosenoticias.com.br\/index.php\/wp-json\/wp\/v2\/media\/2865"}],"wp:attachment":[{"href":"https:\/\/jornalfatosenoticias.com.br\/index.php\/wp-json\/wp\/v2\/media?parent=2864"}],"wp:term":[{"taxonomy":"category","embeddable":true,"href":"https:\/\/jornalfatosenoticias.com.br\/index.php\/wp-json\/wp\/v2\/categories?post=2864"},{"taxonomy":"post_tag","embeddable":true,"href":"https:\/\/jornalfatosenoticias.com.br\/index.php\/wp-json\/wp\/v2\/tags?post=2864"}],"curies":[{"name":"wp","href":"https:\/\/api.w.org\/{rel}","templated":true}]}}