{"id":28725,"date":"2022-03-14T11:19:49","date_gmt":"2022-03-14T14:19:49","guid":{"rendered":"https:\/\/jornalfatosenoticias.com.br\/?p=28725"},"modified":"2022-03-14T11:19:53","modified_gmt":"2022-03-14T14:19:53","slug":"nascidos-de-1968-a-1983-podem-agendar-saque-de-valores-esquecidos","status":"publish","type":"post","link":"https:\/\/jornalfatosenoticias.com.br\/index.php\/2022\/03\/14\/nascidos-de-1968-a-1983-podem-agendar-saque-de-valores-esquecidos\/","title":{"rendered":"Nascidos de 1968 a 1983 podem agendar saque de valores esquecidos"},"content":{"rendered":"\n<p><em><span class=\"has-inline-color has-black-color\">\u00c9 necess\u00e1rio login prata ou ouro no Portal Gov.br para fazer retirada<\/span><\/em><\/p>\n\n\n\n<figure class=\"wp-block-image size-large is-resized\"><img loading=\"lazy\" decoding=\"async\" src=\"https:\/\/jornalfatosenoticias.com.br\/wp-content\/uploads\/2020\/02\/banner_ferramentas-1024x100.jpg\" alt=\"\" class=\"wp-image-1258\" width=\"522\" height=\"50\" srcset=\"https:\/\/jornalfatosenoticias.com.br\/wp-content\/uploads\/2020\/02\/banner_ferramentas-1024x100.jpg 1024w, https:\/\/jornalfatosenoticias.com.br\/wp-content\/uploads\/2020\/02\/banner_ferramentas-300x29.jpg 300w, https:\/\/jornalfatosenoticias.com.br\/wp-content\/uploads\/2020\/02\/banner_ferramentas-768x75.jpg 768w, https:\/\/jornalfatosenoticias.com.br\/wp-content\/uploads\/2020\/02\/banner_ferramentas.jpg 1227w\" sizes=\"auto, (max-width: 522px) 100vw, 522px\" \/><\/figure>\n\n\n\n<p>A partir de hoje (14), as pessoas nascidas entre 1968 e 1983 ou empresas abertas nesse per\u00edodo poder\u00e3o pedir o saque de recursos esquecidos em institui\u00e7\u00f5es financeiras. O processo deve ser feito no <em>site<\/em> <strong><a href=\"http:\/\/valoresareceber.bcb.gov.br\/\" target=\"_blank\" rel=\"noreferrer noopener\">Valores a Receber<\/a><\/strong>, criado pelo Banco Central (BC) para consulta e agendamento da retirada de saldos residuais.<br>A consulta foi aberta na noite de 13 de fevereiro. Na ocasi\u00e3o, o pr\u00f3prio sistema informou a data e o hor\u00e1rio em que usu\u00e1rios com recursos a sacar devem retornar ao site para fazer o agendamento. O processo vai at\u00e9 sexta-feira (18). Quem perder o prazo ou o hor\u00e1rio poder\u00e1 fazer uma repescagem no s\u00e1bado (19), das 4h \u00e0s 24h. O usu\u00e1rio que perder a repescagem s\u00f3 poder\u00e1 retornar a partir de 28 de mar\u00e7o.<br>Ap\u00f3s o pedido de saque, a institui\u00e7\u00e3o financeira ter\u00e1 at\u00e9 12 dias \u00fateis para fazer a transfer\u00eancia. A expectativa \u00e9 que pagamentos realizados por meio de Pix ocorram mais r\u00e1pido.<\/p>\n\n\n\n<div class=\"wp-block-image\"><figure class=\"alignleft size-large is-resized\"><img loading=\"lazy\" decoding=\"async\" src=\"https:\/\/jornalfatosenoticias.com.br\/wp-content\/uploads\/2022\/02\/Precisao-Contabilidade-1024x724.jpg\" alt=\"\" class=\"wp-image-28088\" width=\"372\" height=\"263\"\/><\/figure><\/div>\n\n\n\n<p>Para agendar o saque, o usu\u00e1rio dever\u00e1 ter conta n\u00edvel prata ou ouro no Portal Gov.br. Identifica\u00e7\u00e3o segura para acessar servi\u00e7os p\u00fablicos digitais, a conta Gov.br est\u00e1 dispon\u00edvel a todos os cidad\u00e3os brasileiros. O <em>login<\/em> tem tr\u00eas n\u00edveis de seguran\u00e7a: bronze, para servi\u00e7os menos sens\u00edveis; prata, que permite o acesso a muitos servi\u00e7os digitais; e ouro, que permite o acesso a todos os servi\u00e7os digitais.<br>Segundo o BC, cerca de 114 milh\u00f5es de pessoas e 2,7 milh\u00f5es de empresas acessaram o sistema de consultas criado para o resgate do dinheiro. Desse total, 25,9 milh\u00f5es de pessoas f\u00edsicas e 253 mil empresas descobriram que t\u00eam recursos a receber.<\/p>\n\n\n\n<h4 class=\"wp-block-heading\"><span class=\"has-inline-color has-vivid-red-color\">Confira abaixo o passo a passo para a retirada do dinheiro:<\/span><\/h4>\n\n\n\n<p><strong><span class=\"has-inline-color has-black-color\">Passo 1<br><\/span><\/strong>Acessar o <em>site<\/em> <strong><a href=\"http:\/\/valoresareceber.bcb.gov.br\/\">valoresareceber.bcb.gov.br<\/a><\/strong> na data e no per\u00edodo de saque informado na primeira consulta. Quem esqueceu a data pode repetir o processo, sem esperar o dia 7 de mar\u00e7o.<\/p>\n\n\n\n<figure class=\"wp-block-image size-large is-resized\"><img loading=\"lazy\" decoding=\"async\" src=\"https:\/\/jornalfatosenoticias.com.br\/wp-content\/uploads\/2020\/02\/Logo_Mizu.png\" alt=\"\" class=\"wp-image-1441\" width=\"446\" height=\"55\" srcset=\"https:\/\/jornalfatosenoticias.com.br\/wp-content\/uploads\/2020\/02\/Logo_Mizu.png 729w, https:\/\/jornalfatosenoticias.com.br\/wp-content\/uploads\/2020\/02\/Logo_Mizu-300x37.png 300w\" sizes=\"auto, (max-width: 446px) 100vw, 446px\" \/><\/figure>\n\n\n\n<p><strong><span class=\"has-inline-color has-black-color\">Passo 2<br><\/span><\/strong>Fazer <em>login<\/em> com a conta Gov.br (n\u00edvel prata ou ouro). Se o cidad\u00e3o ainda n\u00e3o tiver conta nesse n\u00edvel, deve fazer logo o cadastro ou aumentar o n\u00edvel de seguran\u00e7a (no caso de contas tipo bronze) no site ou no aplicativo Gov.br. O BC aconselha ao correntista n\u00e3o deixar para criar a conta e ajustar o n\u00edvel no dia de agendar o resgate. <strong><a href=\"http:\/\/faq-login-unico.servicos.gov.br\/en\/latest\/_perguntasdafaq\/obtermaisconfiabilidadenacontadeacesso.html\" target=\"_blank\" rel=\"noreferrer noopener\">Confira aqui<\/a><\/strong> como aumentar o n\u00edvel do login Gov.br.<\/p>\n\n\n\n<p><strong><span class=\"has-inline-color has-black-color\">Passo 3<br><\/span><\/strong>Ler e aceitar o termo de responsabilidade<\/p>\n\n\n\n<p><strong><span class=\"has-inline-color has-black-color\">Passo 4<br><\/span><\/strong>Verificar o valor a receber, a institui\u00e7\u00e3o que deve devolver o valor e a origem (tipo) do valor a receber. O sistema poder\u00e1 fornecer informa\u00e7\u00f5es adicionais, se for o caso. A primeira etapa da consulta s\u00f3 informava a exist\u00eancia de valores a receber, sem dar detalhes.<\/p>\n\n\n\n<div class=\"wp-block-image\"><figure class=\"alignleft size-large\"><img decoding=\"async\" src=\"https:\/\/jornalfatosenoticias.com.br\/wp-content\/uploads\/2020\/02\/logo_esteio.jpg\" alt=\"\" class=\"wp-image-1214\"\/><\/figure><\/div>\n\n\n\n<p><strong><span class=\"has-inline-color has-black-color\">Passo 5<br><\/span><\/strong>Clicar na op\u00e7\u00e3o indicada pelo sistema:<\/p>\n\n\n\n<p><strong><span class=\"has-inline-color has-black-color\">&#8220;Solicitar por aqui&#8221;:<\/span><\/strong> para devolu\u00e7\u00e3o do valor por meio de Pix em at\u00e9 12 dias \u00fateis. O usu\u00e1rio dever\u00e1 escolher uma das chaves Pix, informar os dados pessoais e guardar o n\u00famero de protocolo, caso precise entrar em contato com a institui\u00e7\u00e3o.<\/p>\n\n\n\n<div class=\"wp-block-image\"><figure class=\"alignright size-large is-resized\"><img loading=\"lazy\" decoding=\"async\" src=\"https:\/\/jornalfatosenoticias.com.br\/wp-content\/uploads\/2020\/02\/nova-logo-Marquetti.jpg\" alt=\"\" class=\"wp-image-22331\" width=\"355\" height=\"239\" srcset=\"https:\/\/jornalfatosenoticias.com.br\/wp-content\/uploads\/2020\/02\/nova-logo-Marquetti.jpg 643w, https:\/\/jornalfatosenoticias.com.br\/wp-content\/uploads\/2020\/02\/nova-logo-Marquetti-300x202.jpg 300w\" sizes=\"auto, (max-width: 355px) 100vw, 355px\" \/><\/figure><\/div>\n\n\n\n<p><strong><span class=\"has-inline-color has-black-color\">&#8220;Solicitar via institui\u00e7\u00e3o&#8221;:<\/span><\/strong> a institui\u00e7\u00e3o financeira n\u00e3o oferece a devolu\u00e7\u00e3o por Pix. O usu\u00e1rio dever\u00e1 entrar em contato pelo telefone ou <em>e-mail<\/em> informado para combinar com a institui\u00e7\u00e3o a forma de retirada: Transfer\u00eancia Eletr\u00f4nica Dispon\u00edvel (TED) ou Documento de Cr\u00e9dito (DOC).<br>Importante: Na tela de informa\u00e7\u00f5es dos valores a receber, o cidad\u00e3o deve clicar no nome da institui\u00e7\u00e3o para consultar os canais de atendimento.<\/p>\n\n\n\n<p><strong><span class=\"has-inline-color has-black-color\">Calend\u00e1rio<br><\/span><\/strong>Para evitar excesso de procura no <em>site,<\/em> o Banco Central escalonou o pedido de saque conforme a idade do correntista ou a data de funda\u00e7\u00e3o da empresa. A cada semana, um p\u00fablico diferente ser\u00e1 atendido.<br>O prazo de agendamento para pessoas nascidas at\u00e9 1968 ou empresas fundadas antes desse ano ocorreu de 7 a 11 de mar\u00e7o, com repescagem no \u00faltimo s\u00e1bado (12). Para quem nasceu a partir de 1984 ou abriu empresa nesse ano, a data vai de 21 e 25 de mar\u00e7o, com repescagem em 26 de mar\u00e7o. As repescagens tamb\u00e9m ocorrer\u00e3o aos s\u00e1bados no mesmo hor\u00e1rio, das 4h \u00e0s 24h.<\/p>\n\n\n\n<figure class=\"wp-block-image size-large is-resized\"><img loading=\"lazy\" decoding=\"async\" src=\"https:\/\/jornalfatosenoticias.com.br\/wp-content\/uploads\/2020\/02\/Serra-Grande-1024x160.png\" alt=\"\" class=\"wp-image-7836\" width=\"385\" height=\"60\"\/><\/figure>\n\n\n\n<p>Quem perder o s\u00e1bado de repescagem poder\u00e1 pedir o resgate a partir de 28 de mar\u00e7o, independentemente da data de nascimento ou de cria\u00e7\u00e3o da empresa. O BC esclarece que o cidad\u00e3o ou empresa que perder os prazos n\u00e3o precisa se preocupar. O direito a receber os recursos \u00e9 definitivo e eles continuar\u00e3o guardados pelas institui\u00e7\u00f5es financeiras at\u00e9 o correntista pedir o saque.<br>Nesta primeira fase, est\u00e3o sendo liberados R$ 3,9 bilh\u00f5es esquecidos em institui\u00e7\u00f5es financeiras. Em maio, haver\u00e1 nova rodada de consultas, com mais R$ 4,1 bilh\u00f5es dispon\u00edveis.<br>Al\u00e9m dos valores residuais em bancos, o cidad\u00e3o pode ter outras fontes de dinheiro esquecido, como cotas de fundos p\u00fablicos, revis\u00e3o de benef\u00edcios da Previd\u00eancia Social, restitui\u00e7\u00f5es na malha fina do Imposto de Renda e at\u00e9 pequenos pr\u00eamios de loterias. A <strong><strong>Ag\u00eancia Brasil<\/strong>\u00a0<a href=\"https:\/\/agenciabrasil.ebc.com.br\/economia\/noticia\/2022-02\/fundos-publicos-e-inss-tambem-sao-fontes-de-dinheiro-esquecido\" target=\"_blank\" rel=\"noreferrer noopener\">preparou\u00a0guia<\/a><\/strong> para facilitar a busca por recursos adicionais.<\/p>\n\n\n\n<figure class=\"wp-block-image size-large is-resized\"><img loading=\"lazy\" decoding=\"async\" src=\"https:\/\/jornalfatosenoticias.com.br\/wp-content\/uploads\/2022\/02\/Arte-Autoescola-Galatas_endereco_portal-1024x103.png\" alt=\"\" class=\"wp-image-27869\" width=\"527\" height=\"53\" srcset=\"https:\/\/jornalfatosenoticias.com.br\/wp-content\/uploads\/2022\/02\/Arte-Autoescola-Galatas_endereco_portal-1024x103.png 1024w, https:\/\/jornalfatosenoticias.com.br\/wp-content\/uploads\/2022\/02\/Arte-Autoescola-Galatas_endereco_portal-300x30.png 300w, https:\/\/jornalfatosenoticias.com.br\/wp-content\/uploads\/2022\/02\/Arte-Autoescola-Galatas_endereco_portal-768x77.png 768w, https:\/\/jornalfatosenoticias.com.br\/wp-content\/uploads\/2022\/02\/Arte-Autoescola-Galatas_endereco_portal.png 1223w\" sizes=\"auto, (max-width: 527px) 100vw, 527px\" \/><\/figure>\n\n\n\n<p><strong><em>Fonte: <a href=\"https:\/\/agenciabrasil.ebc.com.br\/economia\/noticia\/2022-03\/nascidos-de-1968-1983-podem-agendar-saque-de-valores-esquecidos\">Ag\u00eancia Brasil<\/a><\/em><\/strong><\/p>\n","protected":false},"excerpt":{"rendered":"<p>\u00c9 necess\u00e1rio login prata ou ouro no Portal Gov.br para fazer retirada A partir de hoje (14), as pessoas nascidas entre 1968 e 1983 ou empresas abertas nesse per\u00edodo poder\u00e3o pedir o saque de recursos esquecidos em institui\u00e7\u00f5es financeiras. O processo deve ser feito no site Valores a Receber, criado pelo Banco Central (BC) para [&hellip;]<\/p>\n","protected":false},"author":2,"featured_media":28726,"comment_status":"open","ping_status":"open","sticky":false,"template":"","format":"standard","meta":{"footnotes":""},"categories":[9],"tags":[13533,13700,13701,13702],"class_list":["post-28725","post","type-post","status-publish","format-standard","has-post-thumbnail","hentry","category-economia","tag-agendamento","tag-nascidos-de-1968-a-1983","tag-saque","tag-valores-esquecidos"],"yoast_head":"<!-- This site is optimized with the Yoast SEO plugin v26.5 - https:\/\/yoast.com\/wordpress\/plugins\/seo\/ -->\n<title>Nascidos de 1968 a 1983 podem agendar saque de valores esquecidos - Jornal Fatos e Not\u00edcias<\/title>\n<meta name=\"robots\" content=\"index, follow, max-snippet:-1, max-image-preview:large, max-video-preview:-1\" \/>\n<link rel=\"canonical\" href=\"https:\/\/jornalfatosenoticias.com.br\/index.php\/2022\/03\/14\/nascidos-de-1968-a-1983-podem-agendar-saque-de-valores-esquecidos\/\" \/>\n<meta property=\"og:locale\" content=\"pt_BR\" \/>\n<meta property=\"og:type\" content=\"article\" \/>\n<meta property=\"og:title\" content=\"Nascidos de 1968 a 1983 podem agendar saque de valores esquecidos - Jornal Fatos e Not\u00edcias\" \/>\n<meta property=\"og:description\" content=\"\u00c9 necess\u00e1rio login prata ou ouro no Portal Gov.br para fazer retirada A partir de hoje (14), as pessoas nascidas entre 1968 e 1983 ou empresas abertas nesse per\u00edodo poder\u00e3o pedir o saque de recursos esquecidos em institui\u00e7\u00f5es financeiras. O processo deve ser feito no site Valores a Receber, criado pelo Banco Central (BC) para [&hellip;]\" \/>\n<meta property=\"og:url\" content=\"https:\/\/jornalfatosenoticias.com.br\/index.php\/2022\/03\/14\/nascidos-de-1968-a-1983-podem-agendar-saque-de-valores-esquecidos\/\" \/>\n<meta property=\"og:site_name\" content=\"Jornal Fatos e Not\u00edcias\" \/>\n<meta property=\"article:published_time\" content=\"2022-03-14T14:19:49+00:00\" \/>\n<meta property=\"article:modified_time\" content=\"2022-03-14T14:19:53+00:00\" \/>\n<meta property=\"og:image\" content=\"https:\/\/jornalfatosenoticias.com.br\/wp-content\/uploads\/2022\/03\/real_moeda-dinheiro_jfcrz_abr.jpg\" \/>\n\t<meta property=\"og:image:width\" content=\"1000\" \/>\n\t<meta property=\"og:image:height\" content=\"598\" \/>\n\t<meta property=\"og:image:type\" content=\"image\/jpeg\" \/>\n<meta name=\"author\" content=\"Luzimara Fernandes\" \/>\n<meta name=\"twitter:card\" content=\"summary_large_image\" \/>\n<meta name=\"twitter:label1\" content=\"Escrito por\" \/>\n\t<meta name=\"twitter:data1\" content=\"Luzimara Fernandes\" \/>\n\t<meta name=\"twitter:label2\" content=\"Est. tempo de leitura\" \/>\n\t<meta name=\"twitter:data2\" content=\"4 minutos\" \/>\n<script type=\"application\/ld+json\" class=\"yoast-schema-graph\">{\"@context\":\"https:\/\/schema.org\",\"@graph\":[{\"@type\":\"Article\",\"@id\":\"https:\/\/jornalfatosenoticias.com.br\/index.php\/2022\/03\/14\/nascidos-de-1968-a-1983-podem-agendar-saque-de-valores-esquecidos\/#article\",\"isPartOf\":{\"@id\":\"https:\/\/jornalfatosenoticias.com.br\/index.php\/2022\/03\/14\/nascidos-de-1968-a-1983-podem-agendar-saque-de-valores-esquecidos\/\"},\"author\":{\"name\":\"Luzimara Fernandes\",\"@id\":\"https:\/\/jornalfatosenoticias.com.br\/#\/schema\/person\/d63837fa13ac8666eb9e74e0985d6f81\"},\"headline\":\"Nascidos de 1968 a 1983 podem agendar saque de valores esquecidos\",\"datePublished\":\"2022-03-14T14:19:49+00:00\",\"dateModified\":\"2022-03-14T14:19:53+00:00\",\"mainEntityOfPage\":{\"@id\":\"https:\/\/jornalfatosenoticias.com.br\/index.php\/2022\/03\/14\/nascidos-de-1968-a-1983-podem-agendar-saque-de-valores-esquecidos\/\"},\"wordCount\":896,\"commentCount\":0,\"publisher\":{\"@id\":\"https:\/\/jornalfatosenoticias.com.br\/#organization\"},\"image\":{\"@id\":\"https:\/\/jornalfatosenoticias.com.br\/index.php\/2022\/03\/14\/nascidos-de-1968-a-1983-podem-agendar-saque-de-valores-esquecidos\/#primaryimage\"},\"thumbnailUrl\":\"https:\/\/jornalfatosenoticias.com.br\/wp-content\/uploads\/2022\/03\/real_moeda-dinheiro_jfcrz_abr.jpg\",\"keywords\":[\"agendamento\",\"nascidos de 1968 a 1983\",\"saque\",\"valores esquecidos\"],\"articleSection\":[\"Economia\"],\"inLanguage\":\"pt-BR\",\"potentialAction\":[{\"@type\":\"CommentAction\",\"name\":\"Comment\",\"target\":[\"https:\/\/jornalfatosenoticias.com.br\/index.php\/2022\/03\/14\/nascidos-de-1968-a-1983-podem-agendar-saque-de-valores-esquecidos\/#respond\"]}]},{\"@type\":\"WebPage\",\"@id\":\"https:\/\/jornalfatosenoticias.com.br\/index.php\/2022\/03\/14\/nascidos-de-1968-a-1983-podem-agendar-saque-de-valores-esquecidos\/\",\"url\":\"https:\/\/jornalfatosenoticias.com.br\/index.php\/2022\/03\/14\/nascidos-de-1968-a-1983-podem-agendar-saque-de-valores-esquecidos\/\",\"name\":\"Nascidos de 1968 a 1983 podem agendar saque de valores esquecidos - Jornal Fatos e Not\u00edcias\",\"isPartOf\":{\"@id\":\"https:\/\/jornalfatosenoticias.com.br\/#website\"},\"primaryImageOfPage\":{\"@id\":\"https:\/\/jornalfatosenoticias.com.br\/index.php\/2022\/03\/14\/nascidos-de-1968-a-1983-podem-agendar-saque-de-valores-esquecidos\/#primaryimage\"},\"image\":{\"@id\":\"https:\/\/jornalfatosenoticias.com.br\/index.php\/2022\/03\/14\/nascidos-de-1968-a-1983-podem-agendar-saque-de-valores-esquecidos\/#primaryimage\"},\"thumbnailUrl\":\"https:\/\/jornalfatosenoticias.com.br\/wp-content\/uploads\/2022\/03\/real_moeda-dinheiro_jfcrz_abr.jpg\",\"datePublished\":\"2022-03-14T14:19:49+00:00\",\"dateModified\":\"2022-03-14T14:19:53+00:00\",\"breadcrumb\":{\"@id\":\"https:\/\/jornalfatosenoticias.com.br\/index.php\/2022\/03\/14\/nascidos-de-1968-a-1983-podem-agendar-saque-de-valores-esquecidos\/#breadcrumb\"},\"inLanguage\":\"pt-BR\",\"potentialAction\":[{\"@type\":\"ReadAction\",\"target\":[\"https:\/\/jornalfatosenoticias.com.br\/index.php\/2022\/03\/14\/nascidos-de-1968-a-1983-podem-agendar-saque-de-valores-esquecidos\/\"]}]},{\"@type\":\"ImageObject\",\"inLanguage\":\"pt-BR\",\"@id\":\"https:\/\/jornalfatosenoticias.com.br\/index.php\/2022\/03\/14\/nascidos-de-1968-a-1983-podem-agendar-saque-de-valores-esquecidos\/#primaryimage\",\"url\":\"https:\/\/jornalfatosenoticias.com.br\/wp-content\/uploads\/2022\/03\/real_moeda-dinheiro_jfcrz_abr.jpg\",\"contentUrl\":\"https:\/\/jornalfatosenoticias.com.br\/wp-content\/uploads\/2022\/03\/real_moeda-dinheiro_jfcrz_abr.jpg\",\"width\":1000,\"height\":598,\"caption\":\"Dinheiro, Real Moeda brasileira\"},{\"@type\":\"BreadcrumbList\",\"@id\":\"https:\/\/jornalfatosenoticias.com.br\/index.php\/2022\/03\/14\/nascidos-de-1968-a-1983-podem-agendar-saque-de-valores-esquecidos\/#breadcrumb\",\"itemListElement\":[{\"@type\":\"ListItem\",\"position\":1,\"name\":\"In\u00edcio\",\"item\":\"https:\/\/jornalfatosenoticias.com.br\/\"},{\"@type\":\"ListItem\",\"position\":2,\"name\":\"Nascidos de 1968 a 1983 podem agendar saque de valores esquecidos\"}]},{\"@type\":\"WebSite\",\"@id\":\"https:\/\/jornalfatosenoticias.com.br\/#website\",\"url\":\"https:\/\/jornalfatosenoticias.com.br\/\",\"name\":\"Jornal Fatos e Not\u00edcias\",\"description\":\"Not\u00edcias em geral\",\"publisher\":{\"@id\":\"https:\/\/jornalfatosenoticias.com.br\/#organization\"},\"potentialAction\":[{\"@type\":\"SearchAction\",\"target\":{\"@type\":\"EntryPoint\",\"urlTemplate\":\"https:\/\/jornalfatosenoticias.com.br\/?s={search_term_string}\"},\"query-input\":{\"@type\":\"PropertyValueSpecification\",\"valueRequired\":true,\"valueName\":\"search_term_string\"}}],\"inLanguage\":\"pt-BR\"},{\"@type\":\"Organization\",\"@id\":\"https:\/\/jornalfatosenoticias.com.br\/#organization\",\"name\":\"Jornal Fatos e Not\u00edcias\",\"url\":\"https:\/\/jornalfatosenoticias.com.br\/\",\"logo\":{\"@type\":\"ImageObject\",\"inLanguage\":\"pt-BR\",\"@id\":\"https:\/\/jornalfatosenoticias.com.br\/#\/schema\/logo\/image\/\",\"url\":\"https:\/\/jornalfatosenoticias.com.br\/wp-content\/uploads\/2020\/02\/logo120.png\",\"contentUrl\":\"https:\/\/jornalfatosenoticias.com.br\/wp-content\/uploads\/2020\/02\/logo120.png\",\"width\":1227,\"height\":120,\"caption\":\"Jornal Fatos e Not\u00edcias\"},\"image\":{\"@id\":\"https:\/\/jornalfatosenoticias.com.br\/#\/schema\/logo\/image\/\"}},{\"@type\":\"Person\",\"@id\":\"https:\/\/jornalfatosenoticias.com.br\/#\/schema\/person\/d63837fa13ac8666eb9e74e0985d6f81\",\"name\":\"Luzimara Fernandes\",\"image\":{\"@type\":\"ImageObject\",\"inLanguage\":\"pt-BR\",\"@id\":\"https:\/\/jornalfatosenoticias.com.br\/#\/schema\/person\/image\/\",\"url\":\"https:\/\/jornalfatosenoticias.com.br\/wp-content\/uploads\/2025\/05\/EU_portal.jpg\",\"contentUrl\":\"https:\/\/jornalfatosenoticias.com.br\/wp-content\/uploads\/2025\/05\/EU_portal.jpg\",\"caption\":\"Luzimara Fernandes\"},\"description\":\"Jornalista MTB 2358-ES\",\"sameAs\":[\"https:\/\/jornalfatosenoticias.com.br\"],\"url\":\"https:\/\/jornalfatosenoticias.com.br\/index.php\/author\/luzimara\/\"}]}<\/script>\n<!-- \/ Yoast SEO plugin. -->","yoast_head_json":{"title":"Nascidos de 1968 a 1983 podem agendar saque de valores esquecidos - Jornal Fatos e Not\u00edcias","robots":{"index":"index","follow":"follow","max-snippet":"max-snippet:-1","max-image-preview":"max-image-preview:large","max-video-preview":"max-video-preview:-1"},"canonical":"https:\/\/jornalfatosenoticias.com.br\/index.php\/2022\/03\/14\/nascidos-de-1968-a-1983-podem-agendar-saque-de-valores-esquecidos\/","og_locale":"pt_BR","og_type":"article","og_title":"Nascidos de 1968 a 1983 podem agendar saque de valores esquecidos - Jornal Fatos e Not\u00edcias","og_description":"\u00c9 necess\u00e1rio login prata ou ouro no Portal Gov.br para fazer retirada A partir de hoje (14), as pessoas nascidas entre 1968 e 1983 ou empresas abertas nesse per\u00edodo poder\u00e3o pedir o saque de recursos esquecidos em institui\u00e7\u00f5es financeiras. O processo deve ser feito no site Valores a Receber, criado pelo Banco Central (BC) para [&hellip;]","og_url":"https:\/\/jornalfatosenoticias.com.br\/index.php\/2022\/03\/14\/nascidos-de-1968-a-1983-podem-agendar-saque-de-valores-esquecidos\/","og_site_name":"Jornal Fatos e Not\u00edcias","article_published_time":"2022-03-14T14:19:49+00:00","article_modified_time":"2022-03-14T14:19:53+00:00","og_image":[{"width":1000,"height":598,"url":"https:\/\/jornalfatosenoticias.com.br\/wp-content\/uploads\/2022\/03\/real_moeda-dinheiro_jfcrz_abr.jpg","type":"image\/jpeg"}],"author":"Luzimara Fernandes","twitter_card":"summary_large_image","twitter_misc":{"Escrito por":"Luzimara Fernandes","Est. tempo de leitura":"4 minutos"},"schema":{"@context":"https:\/\/schema.org","@graph":[{"@type":"Article","@id":"https:\/\/jornalfatosenoticias.com.br\/index.php\/2022\/03\/14\/nascidos-de-1968-a-1983-podem-agendar-saque-de-valores-esquecidos\/#article","isPartOf":{"@id":"https:\/\/jornalfatosenoticias.com.br\/index.php\/2022\/03\/14\/nascidos-de-1968-a-1983-podem-agendar-saque-de-valores-esquecidos\/"},"author":{"name":"Luzimara Fernandes","@id":"https:\/\/jornalfatosenoticias.com.br\/#\/schema\/person\/d63837fa13ac8666eb9e74e0985d6f81"},"headline":"Nascidos de 1968 a 1983 podem agendar saque de valores esquecidos","datePublished":"2022-03-14T14:19:49+00:00","dateModified":"2022-03-14T14:19:53+00:00","mainEntityOfPage":{"@id":"https:\/\/jornalfatosenoticias.com.br\/index.php\/2022\/03\/14\/nascidos-de-1968-a-1983-podem-agendar-saque-de-valores-esquecidos\/"},"wordCount":896,"commentCount":0,"publisher":{"@id":"https:\/\/jornalfatosenoticias.com.br\/#organization"},"image":{"@id":"https:\/\/jornalfatosenoticias.com.br\/index.php\/2022\/03\/14\/nascidos-de-1968-a-1983-podem-agendar-saque-de-valores-esquecidos\/#primaryimage"},"thumbnailUrl":"https:\/\/jornalfatosenoticias.com.br\/wp-content\/uploads\/2022\/03\/real_moeda-dinheiro_jfcrz_abr.jpg","keywords":["agendamento","nascidos de 1968 a 1983","saque","valores esquecidos"],"articleSection":["Economia"],"inLanguage":"pt-BR","potentialAction":[{"@type":"CommentAction","name":"Comment","target":["https:\/\/jornalfatosenoticias.com.br\/index.php\/2022\/03\/14\/nascidos-de-1968-a-1983-podem-agendar-saque-de-valores-esquecidos\/#respond"]}]},{"@type":"WebPage","@id":"https:\/\/jornalfatosenoticias.com.br\/index.php\/2022\/03\/14\/nascidos-de-1968-a-1983-podem-agendar-saque-de-valores-esquecidos\/","url":"https:\/\/jornalfatosenoticias.com.br\/index.php\/2022\/03\/14\/nascidos-de-1968-a-1983-podem-agendar-saque-de-valores-esquecidos\/","name":"Nascidos de 1968 a 1983 podem agendar saque de valores esquecidos - Jornal Fatos e Not\u00edcias","isPartOf":{"@id":"https:\/\/jornalfatosenoticias.com.br\/#website"},"primaryImageOfPage":{"@id":"https:\/\/jornalfatosenoticias.com.br\/index.php\/2022\/03\/14\/nascidos-de-1968-a-1983-podem-agendar-saque-de-valores-esquecidos\/#primaryimage"},"image":{"@id":"https:\/\/jornalfatosenoticias.com.br\/index.php\/2022\/03\/14\/nascidos-de-1968-a-1983-podem-agendar-saque-de-valores-esquecidos\/#primaryimage"},"thumbnailUrl":"https:\/\/jornalfatosenoticias.com.br\/wp-content\/uploads\/2022\/03\/real_moeda-dinheiro_jfcrz_abr.jpg","datePublished":"2022-03-14T14:19:49+00:00","dateModified":"2022-03-14T14:19:53+00:00","breadcrumb":{"@id":"https:\/\/jornalfatosenoticias.com.br\/index.php\/2022\/03\/14\/nascidos-de-1968-a-1983-podem-agendar-saque-de-valores-esquecidos\/#breadcrumb"},"inLanguage":"pt-BR","potentialAction":[{"@type":"ReadAction","target":["https:\/\/jornalfatosenoticias.com.br\/index.php\/2022\/03\/14\/nascidos-de-1968-a-1983-podem-agendar-saque-de-valores-esquecidos\/"]}]},{"@type":"ImageObject","inLanguage":"pt-BR","@id":"https:\/\/jornalfatosenoticias.com.br\/index.php\/2022\/03\/14\/nascidos-de-1968-a-1983-podem-agendar-saque-de-valores-esquecidos\/#primaryimage","url":"https:\/\/jornalfatosenoticias.com.br\/wp-content\/uploads\/2022\/03\/real_moeda-dinheiro_jfcrz_abr.jpg","contentUrl":"https:\/\/jornalfatosenoticias.com.br\/wp-content\/uploads\/2022\/03\/real_moeda-dinheiro_jfcrz_abr.jpg","width":1000,"height":598,"caption":"Dinheiro, Real Moeda brasileira"},{"@type":"BreadcrumbList","@id":"https:\/\/jornalfatosenoticias.com.br\/index.php\/2022\/03\/14\/nascidos-de-1968-a-1983-podem-agendar-saque-de-valores-esquecidos\/#breadcrumb","itemListElement":[{"@type":"ListItem","position":1,"name":"In\u00edcio","item":"https:\/\/jornalfatosenoticias.com.br\/"},{"@type":"ListItem","position":2,"name":"Nascidos de 1968 a 1983 podem agendar saque de valores esquecidos"}]},{"@type":"WebSite","@id":"https:\/\/jornalfatosenoticias.com.br\/#website","url":"https:\/\/jornalfatosenoticias.com.br\/","name":"Jornal Fatos e Not\u00edcias","description":"Not\u00edcias em geral","publisher":{"@id":"https:\/\/jornalfatosenoticias.com.br\/#organization"},"potentialAction":[{"@type":"SearchAction","target":{"@type":"EntryPoint","urlTemplate":"https:\/\/jornalfatosenoticias.com.br\/?s={search_term_string}"},"query-input":{"@type":"PropertyValueSpecification","valueRequired":true,"valueName":"search_term_string"}}],"inLanguage":"pt-BR"},{"@type":"Organization","@id":"https:\/\/jornalfatosenoticias.com.br\/#organization","name":"Jornal Fatos e Not\u00edcias","url":"https:\/\/jornalfatosenoticias.com.br\/","logo":{"@type":"ImageObject","inLanguage":"pt-BR","@id":"https:\/\/jornalfatosenoticias.com.br\/#\/schema\/logo\/image\/","url":"https:\/\/jornalfatosenoticias.com.br\/wp-content\/uploads\/2020\/02\/logo120.png","contentUrl":"https:\/\/jornalfatosenoticias.com.br\/wp-content\/uploads\/2020\/02\/logo120.png","width":1227,"height":120,"caption":"Jornal Fatos e Not\u00edcias"},"image":{"@id":"https:\/\/jornalfatosenoticias.com.br\/#\/schema\/logo\/image\/"}},{"@type":"Person","@id":"https:\/\/jornalfatosenoticias.com.br\/#\/schema\/person\/d63837fa13ac8666eb9e74e0985d6f81","name":"Luzimara Fernandes","image":{"@type":"ImageObject","inLanguage":"pt-BR","@id":"https:\/\/jornalfatosenoticias.com.br\/#\/schema\/person\/image\/","url":"https:\/\/jornalfatosenoticias.com.br\/wp-content\/uploads\/2025\/05\/EU_portal.jpg","contentUrl":"https:\/\/jornalfatosenoticias.com.br\/wp-content\/uploads\/2025\/05\/EU_portal.jpg","caption":"Luzimara Fernandes"},"description":"Jornalista MTB 2358-ES","sameAs":["https:\/\/jornalfatosenoticias.com.br"],"url":"https:\/\/jornalfatosenoticias.com.br\/index.php\/author\/luzimara\/"}]}},"cc_featured_image_caption":{"caption_text":"(Foto: Jos\u00e9 Cruz\/Ag\u00eancia Brasil) ","source_text":"","source_url":""},"jetpack_featured_media_url":"https:\/\/jornalfatosenoticias.com.br\/wp-content\/uploads\/2022\/03\/real_moeda-dinheiro_jfcrz_abr.jpg","_links":{"self":[{"href":"https:\/\/jornalfatosenoticias.com.br\/index.php\/wp-json\/wp\/v2\/posts\/28725","targetHints":{"allow":["GET"]}}],"collection":[{"href":"https:\/\/jornalfatosenoticias.com.br\/index.php\/wp-json\/wp\/v2\/posts"}],"about":[{"href":"https:\/\/jornalfatosenoticias.com.br\/index.php\/wp-json\/wp\/v2\/types\/post"}],"author":[{"embeddable":true,"href":"https:\/\/jornalfatosenoticias.com.br\/index.php\/wp-json\/wp\/v2\/users\/2"}],"replies":[{"embeddable":true,"href":"https:\/\/jornalfatosenoticias.com.br\/index.php\/wp-json\/wp\/v2\/comments?post=28725"}],"version-history":[{"count":0,"href":"https:\/\/jornalfatosenoticias.com.br\/index.php\/wp-json\/wp\/v2\/posts\/28725\/revisions"}],"wp:featuredmedia":[{"embeddable":true,"href":"https:\/\/jornalfatosenoticias.com.br\/index.php\/wp-json\/wp\/v2\/media\/28726"}],"wp:attachment":[{"href":"https:\/\/jornalfatosenoticias.com.br\/index.php\/wp-json\/wp\/v2\/media?parent=28725"}],"wp:term":[{"taxonomy":"category","embeddable":true,"href":"https:\/\/jornalfatosenoticias.com.br\/index.php\/wp-json\/wp\/v2\/categories?post=28725"},{"taxonomy":"post_tag","embeddable":true,"href":"https:\/\/jornalfatosenoticias.com.br\/index.php\/wp-json\/wp\/v2\/tags?post=28725"}],"curies":[{"name":"wp","href":"https:\/\/api.w.org\/{rel}","templated":true}]}}