{"id":28749,"date":"2022-03-14T13:09:41","date_gmt":"2022-03-14T16:09:41","guid":{"rendered":"https:\/\/jornalfatosenoticias.com.br\/?p=28749"},"modified":"2022-03-14T13:09:45","modified_gmt":"2022-03-14T16:09:45","slug":"286-anos-depois-comeca-a-ser-desvendada-a-mumia-sereia-do-japao","status":"publish","type":"post","link":"https:\/\/jornalfatosenoticias.com.br\/index.php\/2022\/03\/14\/286-anos-depois-comeca-a-ser-desvendada-a-mumia-sereia-do-japao\/","title":{"rendered":"286 anos depois, come\u00e7a a ser desvendada a &#8216;m\u00famia sereia&#8217; do Jap\u00e3o"},"content":{"rendered":"\n<p><em><span class=\"has-inline-color has-black-color\">Adorado por suas &#8216;propriedades medicinais&#8217;, o peculiar corpo mumificado conta com o torso de macaco, cauda de peixe, al\u00e9m de cabelo e unhas humanos<\/span><\/em><\/p>\n\n\n\n<figure class=\"wp-block-image size-large is-resized\"><img loading=\"lazy\" decoding=\"async\" src=\"https:\/\/jornalfatosenoticias.com.br\/wp-content\/uploads\/2020\/02\/banner_ferramentas-1024x100.jpg\" alt=\"\" class=\"wp-image-1258\" width=\"428\" height=\"41\" srcset=\"https:\/\/jornalfatosenoticias.com.br\/wp-content\/uploads\/2020\/02\/banner_ferramentas-1024x100.jpg 1024w, https:\/\/jornalfatosenoticias.com.br\/wp-content\/uploads\/2020\/02\/banner_ferramentas-300x29.jpg 300w, https:\/\/jornalfatosenoticias.com.br\/wp-content\/uploads\/2020\/02\/banner_ferramentas-768x75.jpg 768w, https:\/\/jornalfatosenoticias.com.br\/wp-content\/uploads\/2020\/02\/banner_ferramentas.jpg 1227w\" sizes=\"auto, (max-width: 428px) 100vw, 428px\" \/><\/figure>\n\n\n\n<p>Entre 1736 e 1741, um pescador teria capturado um <a href=\"https:\/\/pt.wikipedia.org\/wiki\/M%C3%83%C2%BAmia\" rel=\"noreferrer noopener\" target=\"_blank\">esp\u00e9cime bizarro<\/a>\u00a0de 30,5 cent\u00edmetros de comprimento em uma regi\u00e3o desconhecida do Jap\u00e3o. O corpo\u00a0<a href=\"https:\/\/aventurasnahistoria.uol.com.br\/noticias\/reportagem\/historia-mumia-egipcia-inet-nefere-celulas-intactas.phtml\" rel=\"noreferrer noopener\" target=\"_blank\">estranhamente mumificado<\/a> supostamente foi, ent\u00e3o, vendido a uma fam\u00edlia rica.<br>\u00c9 isso que se sabe sobre a hist\u00f3ria da <a href=\"https:\/\/aventurasnahistoria.uol.com.br\/noticias\/vitrine\/corpo-hibrido-bizarra-mumia-da-princesa-com-cabeca-de-crocodilo.phtml\" rel=\"noreferrer noopener\" target=\"_blank\">famosa \u201cm\u00famia<\/a>\u00a0sereia\u201d japonesa, adorada h\u00e1 s\u00e9culos no pa\u00eds, aparentemente em decorr\u00eancia de suas propriedades medicinais em um templo na\u00a0<a href=\"https:\/\/pt.wikipedia.org\/wiki\/Okayama\" rel=\"noreferrer noopener\" target=\"_blank\">prov\u00edncia de Okayama<\/a>.<br>As poucas informa\u00e7\u00f5es sobre o artefato curioso est\u00e3o em uma nota, que foi deixada dentro da caixa que a guarda no local religioso. Como ela foi parar no templo? Ningu\u00e9m sabe responder a essa pergunta tamb\u00e9m.<br>No entanto, basta olhar para o corpo estranhamente preservado para se ter curiosidade sobre ele. Com o torso de um macaco e uma cauda de peixe, a &#8220;sereia&#8221; ainda conta com cabelos e unhas humanas.<\/p>\n\n\n\n<div class=\"wp-block-jetpack-slideshow aligncenter\" data-effect=\"slide\"><div class=\"wp-block-jetpack-slideshow_container swiper-container\"><ul class=\"wp-block-jetpack-slideshow_swiper-wrapper swiper-wrapper\"><li class=\"wp-block-jetpack-slideshow_slide swiper-slide\"><figure><img loading=\"lazy\" decoding=\"async\" width=\"1000\" height=\"562\" alt=\"\" class=\"wp-block-jetpack-slideshow_image wp-image-28750\" data-id=\"28750\" src=\"https:\/\/jornalfatosenoticias.com.br\/wp-content\/uploads\/2022\/03\/mumia-sereia_1.jpg\" srcset=\"https:\/\/jornalfatosenoticias.com.br\/wp-content\/uploads\/2022\/03\/mumia-sereia_1.jpg 1000w, https:\/\/jornalfatosenoticias.com.br\/wp-content\/uploads\/2022\/03\/mumia-sereia_1-300x169.jpg 300w, https:\/\/jornalfatosenoticias.com.br\/wp-content\/uploads\/2022\/03\/mumia-sereia_1-768x432.jpg 768w\" sizes=\"auto, (max-width: 1000px) 100vw, 1000px\" \/><figcaption class=\"wp-block-jetpack-slideshow_caption gallery-caption\">A &#8220;m\u00famia sereia&#8221; do Jap\u00e3o (Foto: Divulga\u00e7\u00e3o\/V\u00eddeo\/The Asahi Shimbun) <\/figcaption><\/figure><\/li><li class=\"wp-block-jetpack-slideshow_slide swiper-slide\"><figure><img loading=\"lazy\" decoding=\"async\" width=\"1000\" height=\"562\" alt=\"\" class=\"wp-block-jetpack-slideshow_image wp-image-28751\" data-id=\"28751\" src=\"https:\/\/jornalfatosenoticias.com.br\/wp-content\/uploads\/2022\/03\/mumia-sereia_2.jpg\" srcset=\"https:\/\/jornalfatosenoticias.com.br\/wp-content\/uploads\/2022\/03\/mumia-sereia_2.jpg 1000w, https:\/\/jornalfatosenoticias.com.br\/wp-content\/uploads\/2022\/03\/mumia-sereia_2-300x169.jpg 300w, https:\/\/jornalfatosenoticias.com.br\/wp-content\/uploads\/2022\/03\/mumia-sereia_2-768x432.jpg 768w\" sizes=\"auto, (max-width: 1000px) 100vw, 1000px\" \/><figcaption class=\"wp-block-jetpack-slideshow_caption gallery-caption\">O esp\u00e9cime de &#8220;m\u00famia sereia&#8221;  (Foto: Divulga\u00e7\u00e3o\/V\u00eddeo\/The Asahi Shimbun) <\/figcaption><\/figure><\/li><\/ul><a class=\"wp-block-jetpack-slideshow_button-prev swiper-button-prev swiper-button-white\" role=\"button\"><\/a><a class=\"wp-block-jetpack-slideshow_button-next swiper-button-next swiper-button-white\" role=\"button\"><\/a><a aria-label=\"Pause Slideshow\" class=\"wp-block-jetpack-slideshow_button-pause\" role=\"button\"><\/a><div class=\"wp-block-jetpack-slideshow_pagination swiper-pagination swiper-pagination-white\"><\/div><\/div><\/div>\n\n\n\n<div class=\"wp-block-image\"><figure class=\"alignleft size-large\"><img loading=\"lazy\" decoding=\"async\" width=\"300\" height=\"250\" src=\"https:\/\/jornalfatosenoticias.com.br\/wp-content\/uploads\/2022\/02\/Banner-2.png\" alt=\"\" class=\"wp-image-27877\"\/><\/figure><\/div>\n\n\n\n<p>Envolta de teorias conspirat\u00f3rias, a m\u00famia finalmente come\u00e7ou a ser estudada recentemente ap\u00f3s <strong>Hiroshi Kinoshita,<\/strong> membro do conselho da Okayama Folklore Society, tomar conhecimento dela por meio de uma enciclop\u00e9dia de criaturas m\u00edticas, onde viu uma foto do esp\u00e9cime.<br>O especialista teve que convencer o templo a dar permiss\u00e3o para que o esp\u00e9cime se tornasse objeto de pesquisa, iniciada pelo paleont\u00f3logo da Universidade de Ci\u00eancias e Artes Kurashiki, <strong>Takafumi Kato, <\/strong>e seus colegas, que passaram a investigar as origens do peculiar artefato.<\/p>\n\n\n\n<figure class=\"wp-block-image size-large is-resized\"><img loading=\"lazy\" decoding=\"async\" src=\"https:\/\/jornalfatosenoticias.com.br\/wp-content\/uploads\/2022\/02\/Arte-Autoescola-Galatas_endereco_portal-1024x103.png\" alt=\"\" class=\"wp-image-27869\" width=\"348\" height=\"35\" srcset=\"https:\/\/jornalfatosenoticias.com.br\/wp-content\/uploads\/2022\/02\/Arte-Autoescola-Galatas_endereco_portal-1024x103.png 1024w, https:\/\/jornalfatosenoticias.com.br\/wp-content\/uploads\/2022\/02\/Arte-Autoescola-Galatas_endereco_portal-300x30.png 300w, https:\/\/jornalfatosenoticias.com.br\/wp-content\/uploads\/2022\/02\/Arte-Autoescola-Galatas_endereco_portal-768x77.png 768w, https:\/\/jornalfatosenoticias.com.br\/wp-content\/uploads\/2022\/02\/Arte-Autoescola-Galatas_endereco_portal.png 1223w\" sizes=\"auto, (max-width: 348px) 100vw, 348px\" \/><\/figure>\n\n\n\n<p><strong><span class=\"has-inline-color has-black-color\">Estudando a &#8216;m\u00famia sereia&#8217;<br><\/span><\/strong>Para iniciar as pesquisas, os cientistas submeteram os restos mortais incomuns a uma tomografia computadorizada, em que eles foram fotografados minuciosamente. O procedimento foi realizado no dia 2 de fevereiro deste ano, como reportou o jornal japon\u00eas The Asahi Shimbun.<\/p>\n\n\n\n<figure class=\"wp-block-image size-large is-resized\"><img loading=\"lazy\" decoding=\"async\" src=\"https:\/\/jornalfatosenoticias.com.br\/wp-content\/uploads\/2020\/02\/Logo_Mizu.png\" alt=\"\" class=\"wp-image-1441\" width=\"333\" height=\"41\" srcset=\"https:\/\/jornalfatosenoticias.com.br\/wp-content\/uploads\/2020\/02\/Logo_Mizu.png 729w, https:\/\/jornalfatosenoticias.com.br\/wp-content\/uploads\/2020\/02\/Logo_Mizu-300x37.png 300w\" sizes=\"auto, (max-width: 333px) 100vw, 333px\" \/><\/figure>\n\n\n\n<p>A expectativa \u00e9 que amostras de DNA sejam coletadas da m\u00famia para que as esp\u00e9cies combinadas para sua forma\u00e7\u00e3o sejam identificadas, no pr\u00f3ximo passo do projeto de pesquisa que quer entender o item m\u00edstico da prov\u00edncia de Okayama.<br>Os resultados das investiga\u00e7\u00f5es devem ser divulgados no final deste ano e os sacerdotes do templo esperam que o estudo possa contribuir para o legado da sereia, al\u00e9m de ajudar na preserva\u00e7\u00e3o do folclore local.<\/p>\n\n\n\n<div class=\"wp-block-image\"><figure class=\"aligncenter size-large is-resized\"><img loading=\"lazy\" decoding=\"async\" src=\"https:\/\/jornalfatosenoticias.com.br\/wp-content\/uploads\/2022\/02\/Serra-Pack-459.png\" alt=\"\" class=\"wp-image-27471\" width=\"410\" height=\"164\"\/><\/figure><\/div>\n\n\n\n<blockquote class=\"wp-block-quote is-layout-flow wp-block-quote-is-layout-flow\"><p><span class=\"has-inline-color has-luminous-vivid-orange-color\">&#8220;Espero que o projeto de pesquisa possa deixar registros cient\u00edficos para as gera\u00e7\u00f5es futuras\u201d, afirmou <strong>Kozen Kuida, <\/strong>o sacerdote-chefe do templo, \u00e0 publica\u00e7\u00e3o japonesa.<\/span><\/p><\/blockquote>\n\n\n\n<p>O religioso acrescentou que a m\u00famia \u00e9 entendida como um press\u00e1gio de boa sa\u00fade pelos moradores da regi\u00e3o. Ele explicou: \u201cN\u00f3s o adoramos, esperando que isso ajudasse a aliviar a pandemia de coronav\u00edrus, mesmo que apenas levemente\u201d.<br>Isso provavelmente porque o esp\u00e9cime possui algumas caracter\u00edsticas similares a criaturas m\u00edsticas do folclore japon\u00eas geralmente associadas a curas milagrosas e aumento da longevidade, como destacou o portal LiveScience.<\/p>\n\n\n\n<div class=\"wp-block-image\"><figure class=\"alignright size-large is-resized\"><img loading=\"lazy\" decoding=\"async\" src=\"https:\/\/jornalfatosenoticias.com.br\/wp-content\/uploads\/2022\/02\/Precisao-Contabilidade-1024x724.jpg\" alt=\"\" class=\"wp-image-28088\" width=\"341\" height=\"241\"\/><\/figure><\/div>\n\n\n\n<p>Alguns exemplos importantes s\u00e3o seres conhecidos como Amabies, sereias com bicos no lugar de bocas que contam com tr\u00eas barbatanas, e os Ningyos, que s\u00e3o tidos como criaturas parecidas com peixes, por\u00e9m com cabe\u00e7as humanas.<br>Uma lenda famosa no Jap\u00e3o, intitulada de &#8220;Yao Bikuni&#8221;, conta a hist\u00f3ria de uma mulher que acidentalmente comeu a carne de um Ningyo inteiro e, por este motivo, teria vivido por 800 anos, ajudando na cren\u00e7a sobre as propriedades m\u00e1gicas dessas criaturas.<\/p>\n\n\n\n<figure class=\"wp-block-image size-large is-resized\"><img loading=\"lazy\" decoding=\"async\" src=\"https:\/\/jornalfatosenoticias.com.br\/wp-content\/uploads\/2020\/02\/Serra-Grande-1024x160.png\" alt=\"\" class=\"wp-image-7836\" width=\"417\" height=\"65\"\/><\/figure>\n\n\n\n<p><strong><em>Fonte:<a href=\"https:\/\/aventurasnahistoria.uol.com.br\/noticias\/reportagem\/286-anos-depois-desvendada-mumia-sereia-do-japao.phtml\"> Aventuras na Hist\u00f3ria<\/a><\/em><\/strong><\/p>\n","protected":false},"excerpt":{"rendered":"<p>Adorado por suas &#8216;propriedades medicinais&#8217;, o peculiar corpo mumificado conta com o torso de macaco, cauda de peixe, al\u00e9m de cabelo e unhas humanos Entre 1736 e 1741, um pescador teria capturado um esp\u00e9cime bizarro\u00a0de 30,5 cent\u00edmetros de comprimento em uma regi\u00e3o desconhecida do Jap\u00e3o. O corpo\u00a0estranhamente mumificado supostamente foi, ent\u00e3o, vendido a uma fam\u00edlia [&hellip;]<\/p>\n","protected":false},"author":2,"featured_media":28750,"comment_status":"open","ping_status":"open","sticky":false,"template":"","format":"standard","meta":{"footnotes":""},"categories":[9808],"tags":[1478,233,4394,1668,13713],"class_list":["post-28749","post","type-post","status-publish","format-standard","has-post-thumbnail","hentry","category-paleo-arqueologia","tag-arqueologia","tag-japao","tag-lenda","tag-mumia","tag-sereia"],"yoast_head":"<!-- This site is optimized with the Yoast SEO plugin v26.5 - https:\/\/yoast.com\/wordpress\/plugins\/seo\/ -->\n<title>286 anos depois, come\u00e7a a ser desvendada a &#039;m\u00famia sereia&#039; do Jap\u00e3o - Jornal Fatos e Not\u00edcias<\/title>\n<meta name=\"robots\" content=\"index, follow, max-snippet:-1, max-image-preview:large, max-video-preview:-1\" \/>\n<link rel=\"canonical\" href=\"https:\/\/jornalfatosenoticias.com.br\/index.php\/2022\/03\/14\/286-anos-depois-comeca-a-ser-desvendada-a-mumia-sereia-do-japao\/\" \/>\n<meta property=\"og:locale\" content=\"pt_BR\" \/>\n<meta property=\"og:type\" content=\"article\" \/>\n<meta property=\"og:title\" content=\"286 anos depois, come\u00e7a a ser desvendada a &#039;m\u00famia sereia&#039; do Jap\u00e3o - Jornal Fatos e Not\u00edcias\" \/>\n<meta property=\"og:description\" content=\"Adorado por suas &#8216;propriedades medicinais&#8217;, o peculiar corpo mumificado conta com o torso de macaco, cauda de peixe, al\u00e9m de cabelo e unhas humanos Entre 1736 e 1741, um pescador teria capturado um esp\u00e9cime bizarro\u00a0de 30,5 cent\u00edmetros de comprimento em uma regi\u00e3o desconhecida do Jap\u00e3o. O corpo\u00a0estranhamente mumificado supostamente foi, ent\u00e3o, vendido a uma fam\u00edlia [&hellip;]\" \/>\n<meta property=\"og:url\" content=\"https:\/\/jornalfatosenoticias.com.br\/index.php\/2022\/03\/14\/286-anos-depois-comeca-a-ser-desvendada-a-mumia-sereia-do-japao\/\" \/>\n<meta property=\"og:site_name\" content=\"Jornal Fatos e Not\u00edcias\" \/>\n<meta property=\"article:published_time\" content=\"2022-03-14T16:09:41+00:00\" \/>\n<meta property=\"article:modified_time\" content=\"2022-03-14T16:09:45+00:00\" \/>\n<meta property=\"og:image\" content=\"https:\/\/jornalfatosenoticias.com.br\/wp-content\/uploads\/2022\/03\/mumia-sereia_1.jpg\" \/>\n\t<meta property=\"og:image:width\" content=\"1000\" \/>\n\t<meta property=\"og:image:height\" content=\"562\" \/>\n\t<meta property=\"og:image:type\" content=\"image\/jpeg\" \/>\n<meta name=\"author\" content=\"Luzimara Fernandes\" \/>\n<meta name=\"twitter:card\" content=\"summary_large_image\" \/>\n<meta name=\"twitter:label1\" content=\"Escrito por\" \/>\n\t<meta name=\"twitter:data1\" content=\"Luzimara Fernandes\" \/>\n\t<meta name=\"twitter:label2\" content=\"Est. tempo de leitura\" \/>\n\t<meta name=\"twitter:data2\" content=\"3 minutos\" \/>\n<script type=\"application\/ld+json\" class=\"yoast-schema-graph\">{\"@context\":\"https:\/\/schema.org\",\"@graph\":[{\"@type\":\"Article\",\"@id\":\"https:\/\/jornalfatosenoticias.com.br\/index.php\/2022\/03\/14\/286-anos-depois-comeca-a-ser-desvendada-a-mumia-sereia-do-japao\/#article\",\"isPartOf\":{\"@id\":\"https:\/\/jornalfatosenoticias.com.br\/index.php\/2022\/03\/14\/286-anos-depois-comeca-a-ser-desvendada-a-mumia-sereia-do-japao\/\"},\"author\":{\"name\":\"Luzimara Fernandes\",\"@id\":\"https:\/\/jornalfatosenoticias.com.br\/#\/schema\/person\/d63837fa13ac8666eb9e74e0985d6f81\"},\"headline\":\"286 anos depois, come\u00e7a a ser desvendada a &#8216;m\u00famia sereia&#8217; do Jap\u00e3o\",\"datePublished\":\"2022-03-14T16:09:41+00:00\",\"dateModified\":\"2022-03-14T16:09:45+00:00\",\"mainEntityOfPage\":{\"@id\":\"https:\/\/jornalfatosenoticias.com.br\/index.php\/2022\/03\/14\/286-anos-depois-comeca-a-ser-desvendada-a-mumia-sereia-do-japao\/\"},\"wordCount\":628,\"commentCount\":0,\"publisher\":{\"@id\":\"https:\/\/jornalfatosenoticias.com.br\/#organization\"},\"image\":{\"@id\":\"https:\/\/jornalfatosenoticias.com.br\/index.php\/2022\/03\/14\/286-anos-depois-comeca-a-ser-desvendada-a-mumia-sereia-do-japao\/#primaryimage\"},\"thumbnailUrl\":\"https:\/\/jornalfatosenoticias.com.br\/wp-content\/uploads\/2022\/03\/mumia-sereia_1.jpg\",\"keywords\":[\"arqueologia\",\"jap\u00e3o\",\"lenda\",\"m\u00famia\",\"sereia\"],\"articleSection\":[\"Paleo &amp; Arqueologia\"],\"inLanguage\":\"pt-BR\",\"potentialAction\":[{\"@type\":\"CommentAction\",\"name\":\"Comment\",\"target\":[\"https:\/\/jornalfatosenoticias.com.br\/index.php\/2022\/03\/14\/286-anos-depois-comeca-a-ser-desvendada-a-mumia-sereia-do-japao\/#respond\"]}]},{\"@type\":\"WebPage\",\"@id\":\"https:\/\/jornalfatosenoticias.com.br\/index.php\/2022\/03\/14\/286-anos-depois-comeca-a-ser-desvendada-a-mumia-sereia-do-japao\/\",\"url\":\"https:\/\/jornalfatosenoticias.com.br\/index.php\/2022\/03\/14\/286-anos-depois-comeca-a-ser-desvendada-a-mumia-sereia-do-japao\/\",\"name\":\"286 anos depois, come\u00e7a a ser desvendada a 'm\u00famia sereia' do Jap\u00e3o - Jornal Fatos e Not\u00edcias\",\"isPartOf\":{\"@id\":\"https:\/\/jornalfatosenoticias.com.br\/#website\"},\"primaryImageOfPage\":{\"@id\":\"https:\/\/jornalfatosenoticias.com.br\/index.php\/2022\/03\/14\/286-anos-depois-comeca-a-ser-desvendada-a-mumia-sereia-do-japao\/#primaryimage\"},\"image\":{\"@id\":\"https:\/\/jornalfatosenoticias.com.br\/index.php\/2022\/03\/14\/286-anos-depois-comeca-a-ser-desvendada-a-mumia-sereia-do-japao\/#primaryimage\"},\"thumbnailUrl\":\"https:\/\/jornalfatosenoticias.com.br\/wp-content\/uploads\/2022\/03\/mumia-sereia_1.jpg\",\"datePublished\":\"2022-03-14T16:09:41+00:00\",\"dateModified\":\"2022-03-14T16:09:45+00:00\",\"breadcrumb\":{\"@id\":\"https:\/\/jornalfatosenoticias.com.br\/index.php\/2022\/03\/14\/286-anos-depois-comeca-a-ser-desvendada-a-mumia-sereia-do-japao\/#breadcrumb\"},\"inLanguage\":\"pt-BR\",\"potentialAction\":[{\"@type\":\"ReadAction\",\"target\":[\"https:\/\/jornalfatosenoticias.com.br\/index.php\/2022\/03\/14\/286-anos-depois-comeca-a-ser-desvendada-a-mumia-sereia-do-japao\/\"]}]},{\"@type\":\"ImageObject\",\"inLanguage\":\"pt-BR\",\"@id\":\"https:\/\/jornalfatosenoticias.com.br\/index.php\/2022\/03\/14\/286-anos-depois-comeca-a-ser-desvendada-a-mumia-sereia-do-japao\/#primaryimage\",\"url\":\"https:\/\/jornalfatosenoticias.com.br\/wp-content\/uploads\/2022\/03\/mumia-sereia_1.jpg\",\"contentUrl\":\"https:\/\/jornalfatosenoticias.com.br\/wp-content\/uploads\/2022\/03\/mumia-sereia_1.jpg\",\"width\":1000,\"height\":562,\"caption\":\"A \\\"m\u00famia sereia\\\" do Jap\u00e3o (Foto: Divulga\u00e7\u00e3o\/V\u00eddeo\/The Asahi Shimbun)\"},{\"@type\":\"BreadcrumbList\",\"@id\":\"https:\/\/jornalfatosenoticias.com.br\/index.php\/2022\/03\/14\/286-anos-depois-comeca-a-ser-desvendada-a-mumia-sereia-do-japao\/#breadcrumb\",\"itemListElement\":[{\"@type\":\"ListItem\",\"position\":1,\"name\":\"In\u00edcio\",\"item\":\"https:\/\/jornalfatosenoticias.com.br\/\"},{\"@type\":\"ListItem\",\"position\":2,\"name\":\"286 anos depois, come\u00e7a a ser desvendada a &#8216;m\u00famia sereia&#8217; do Jap\u00e3o\"}]},{\"@type\":\"WebSite\",\"@id\":\"https:\/\/jornalfatosenoticias.com.br\/#website\",\"url\":\"https:\/\/jornalfatosenoticias.com.br\/\",\"name\":\"Jornal Fatos e Not\u00edcias\",\"description\":\"Not\u00edcias em geral\",\"publisher\":{\"@id\":\"https:\/\/jornalfatosenoticias.com.br\/#organization\"},\"potentialAction\":[{\"@type\":\"SearchAction\",\"target\":{\"@type\":\"EntryPoint\",\"urlTemplate\":\"https:\/\/jornalfatosenoticias.com.br\/?s={search_term_string}\"},\"query-input\":{\"@type\":\"PropertyValueSpecification\",\"valueRequired\":true,\"valueName\":\"search_term_string\"}}],\"inLanguage\":\"pt-BR\"},{\"@type\":\"Organization\",\"@id\":\"https:\/\/jornalfatosenoticias.com.br\/#organization\",\"name\":\"Jornal Fatos e Not\u00edcias\",\"url\":\"https:\/\/jornalfatosenoticias.com.br\/\",\"logo\":{\"@type\":\"ImageObject\",\"inLanguage\":\"pt-BR\",\"@id\":\"https:\/\/jornalfatosenoticias.com.br\/#\/schema\/logo\/image\/\",\"url\":\"https:\/\/jornalfatosenoticias.com.br\/wp-content\/uploads\/2020\/02\/logo120.png\",\"contentUrl\":\"https:\/\/jornalfatosenoticias.com.br\/wp-content\/uploads\/2020\/02\/logo120.png\",\"width\":1227,\"height\":120,\"caption\":\"Jornal Fatos e Not\u00edcias\"},\"image\":{\"@id\":\"https:\/\/jornalfatosenoticias.com.br\/#\/schema\/logo\/image\/\"}},{\"@type\":\"Person\",\"@id\":\"https:\/\/jornalfatosenoticias.com.br\/#\/schema\/person\/d63837fa13ac8666eb9e74e0985d6f81\",\"name\":\"Luzimara Fernandes\",\"image\":{\"@type\":\"ImageObject\",\"inLanguage\":\"pt-BR\",\"@id\":\"https:\/\/jornalfatosenoticias.com.br\/#\/schema\/person\/image\/\",\"url\":\"https:\/\/jornalfatosenoticias.com.br\/wp-content\/uploads\/2025\/05\/EU_portal.jpg\",\"contentUrl\":\"https:\/\/jornalfatosenoticias.com.br\/wp-content\/uploads\/2025\/05\/EU_portal.jpg\",\"caption\":\"Luzimara Fernandes\"},\"description\":\"Jornalista MTB 2358-ES\",\"sameAs\":[\"https:\/\/jornalfatosenoticias.com.br\"],\"url\":\"https:\/\/jornalfatosenoticias.com.br\/index.php\/author\/luzimara\/\"}]}<\/script>\n<!-- \/ Yoast SEO plugin. -->","yoast_head_json":{"title":"286 anos depois, come\u00e7a a ser desvendada a 'm\u00famia sereia' do Jap\u00e3o - Jornal Fatos e Not\u00edcias","robots":{"index":"index","follow":"follow","max-snippet":"max-snippet:-1","max-image-preview":"max-image-preview:large","max-video-preview":"max-video-preview:-1"},"canonical":"https:\/\/jornalfatosenoticias.com.br\/index.php\/2022\/03\/14\/286-anos-depois-comeca-a-ser-desvendada-a-mumia-sereia-do-japao\/","og_locale":"pt_BR","og_type":"article","og_title":"286 anos depois, come\u00e7a a ser desvendada a 'm\u00famia sereia' do Jap\u00e3o - Jornal Fatos e Not\u00edcias","og_description":"Adorado por suas &#8216;propriedades medicinais&#8217;, o peculiar corpo mumificado conta com o torso de macaco, cauda de peixe, al\u00e9m de cabelo e unhas humanos Entre 1736 e 1741, um pescador teria capturado um esp\u00e9cime bizarro\u00a0de 30,5 cent\u00edmetros de comprimento em uma regi\u00e3o desconhecida do Jap\u00e3o. O corpo\u00a0estranhamente mumificado supostamente foi, ent\u00e3o, vendido a uma fam\u00edlia [&hellip;]","og_url":"https:\/\/jornalfatosenoticias.com.br\/index.php\/2022\/03\/14\/286-anos-depois-comeca-a-ser-desvendada-a-mumia-sereia-do-japao\/","og_site_name":"Jornal Fatos e Not\u00edcias","article_published_time":"2022-03-14T16:09:41+00:00","article_modified_time":"2022-03-14T16:09:45+00:00","og_image":[{"width":1000,"height":562,"url":"https:\/\/jornalfatosenoticias.com.br\/wp-content\/uploads\/2022\/03\/mumia-sereia_1.jpg","type":"image\/jpeg"}],"author":"Luzimara Fernandes","twitter_card":"summary_large_image","twitter_misc":{"Escrito por":"Luzimara Fernandes","Est. tempo de leitura":"3 minutos"},"schema":{"@context":"https:\/\/schema.org","@graph":[{"@type":"Article","@id":"https:\/\/jornalfatosenoticias.com.br\/index.php\/2022\/03\/14\/286-anos-depois-comeca-a-ser-desvendada-a-mumia-sereia-do-japao\/#article","isPartOf":{"@id":"https:\/\/jornalfatosenoticias.com.br\/index.php\/2022\/03\/14\/286-anos-depois-comeca-a-ser-desvendada-a-mumia-sereia-do-japao\/"},"author":{"name":"Luzimara Fernandes","@id":"https:\/\/jornalfatosenoticias.com.br\/#\/schema\/person\/d63837fa13ac8666eb9e74e0985d6f81"},"headline":"286 anos depois, come\u00e7a a ser desvendada a &#8216;m\u00famia sereia&#8217; do Jap\u00e3o","datePublished":"2022-03-14T16:09:41+00:00","dateModified":"2022-03-14T16:09:45+00:00","mainEntityOfPage":{"@id":"https:\/\/jornalfatosenoticias.com.br\/index.php\/2022\/03\/14\/286-anos-depois-comeca-a-ser-desvendada-a-mumia-sereia-do-japao\/"},"wordCount":628,"commentCount":0,"publisher":{"@id":"https:\/\/jornalfatosenoticias.com.br\/#organization"},"image":{"@id":"https:\/\/jornalfatosenoticias.com.br\/index.php\/2022\/03\/14\/286-anos-depois-comeca-a-ser-desvendada-a-mumia-sereia-do-japao\/#primaryimage"},"thumbnailUrl":"https:\/\/jornalfatosenoticias.com.br\/wp-content\/uploads\/2022\/03\/mumia-sereia_1.jpg","keywords":["arqueologia","jap\u00e3o","lenda","m\u00famia","sereia"],"articleSection":["Paleo &amp; Arqueologia"],"inLanguage":"pt-BR","potentialAction":[{"@type":"CommentAction","name":"Comment","target":["https:\/\/jornalfatosenoticias.com.br\/index.php\/2022\/03\/14\/286-anos-depois-comeca-a-ser-desvendada-a-mumia-sereia-do-japao\/#respond"]}]},{"@type":"WebPage","@id":"https:\/\/jornalfatosenoticias.com.br\/index.php\/2022\/03\/14\/286-anos-depois-comeca-a-ser-desvendada-a-mumia-sereia-do-japao\/","url":"https:\/\/jornalfatosenoticias.com.br\/index.php\/2022\/03\/14\/286-anos-depois-comeca-a-ser-desvendada-a-mumia-sereia-do-japao\/","name":"286 anos depois, come\u00e7a a ser desvendada a 'm\u00famia sereia' do Jap\u00e3o - Jornal Fatos e Not\u00edcias","isPartOf":{"@id":"https:\/\/jornalfatosenoticias.com.br\/#website"},"primaryImageOfPage":{"@id":"https:\/\/jornalfatosenoticias.com.br\/index.php\/2022\/03\/14\/286-anos-depois-comeca-a-ser-desvendada-a-mumia-sereia-do-japao\/#primaryimage"},"image":{"@id":"https:\/\/jornalfatosenoticias.com.br\/index.php\/2022\/03\/14\/286-anos-depois-comeca-a-ser-desvendada-a-mumia-sereia-do-japao\/#primaryimage"},"thumbnailUrl":"https:\/\/jornalfatosenoticias.com.br\/wp-content\/uploads\/2022\/03\/mumia-sereia_1.jpg","datePublished":"2022-03-14T16:09:41+00:00","dateModified":"2022-03-14T16:09:45+00:00","breadcrumb":{"@id":"https:\/\/jornalfatosenoticias.com.br\/index.php\/2022\/03\/14\/286-anos-depois-comeca-a-ser-desvendada-a-mumia-sereia-do-japao\/#breadcrumb"},"inLanguage":"pt-BR","potentialAction":[{"@type":"ReadAction","target":["https:\/\/jornalfatosenoticias.com.br\/index.php\/2022\/03\/14\/286-anos-depois-comeca-a-ser-desvendada-a-mumia-sereia-do-japao\/"]}]},{"@type":"ImageObject","inLanguage":"pt-BR","@id":"https:\/\/jornalfatosenoticias.com.br\/index.php\/2022\/03\/14\/286-anos-depois-comeca-a-ser-desvendada-a-mumia-sereia-do-japao\/#primaryimage","url":"https:\/\/jornalfatosenoticias.com.br\/wp-content\/uploads\/2022\/03\/mumia-sereia_1.jpg","contentUrl":"https:\/\/jornalfatosenoticias.com.br\/wp-content\/uploads\/2022\/03\/mumia-sereia_1.jpg","width":1000,"height":562,"caption":"A \"m\u00famia sereia\" do Jap\u00e3o (Foto: Divulga\u00e7\u00e3o\/V\u00eddeo\/The Asahi Shimbun)"},{"@type":"BreadcrumbList","@id":"https:\/\/jornalfatosenoticias.com.br\/index.php\/2022\/03\/14\/286-anos-depois-comeca-a-ser-desvendada-a-mumia-sereia-do-japao\/#breadcrumb","itemListElement":[{"@type":"ListItem","position":1,"name":"In\u00edcio","item":"https:\/\/jornalfatosenoticias.com.br\/"},{"@type":"ListItem","position":2,"name":"286 anos depois, come\u00e7a a ser desvendada a &#8216;m\u00famia sereia&#8217; do Jap\u00e3o"}]},{"@type":"WebSite","@id":"https:\/\/jornalfatosenoticias.com.br\/#website","url":"https:\/\/jornalfatosenoticias.com.br\/","name":"Jornal Fatos e Not\u00edcias","description":"Not\u00edcias em geral","publisher":{"@id":"https:\/\/jornalfatosenoticias.com.br\/#organization"},"potentialAction":[{"@type":"SearchAction","target":{"@type":"EntryPoint","urlTemplate":"https:\/\/jornalfatosenoticias.com.br\/?s={search_term_string}"},"query-input":{"@type":"PropertyValueSpecification","valueRequired":true,"valueName":"search_term_string"}}],"inLanguage":"pt-BR"},{"@type":"Organization","@id":"https:\/\/jornalfatosenoticias.com.br\/#organization","name":"Jornal Fatos e Not\u00edcias","url":"https:\/\/jornalfatosenoticias.com.br\/","logo":{"@type":"ImageObject","inLanguage":"pt-BR","@id":"https:\/\/jornalfatosenoticias.com.br\/#\/schema\/logo\/image\/","url":"https:\/\/jornalfatosenoticias.com.br\/wp-content\/uploads\/2020\/02\/logo120.png","contentUrl":"https:\/\/jornalfatosenoticias.com.br\/wp-content\/uploads\/2020\/02\/logo120.png","width":1227,"height":120,"caption":"Jornal Fatos e Not\u00edcias"},"image":{"@id":"https:\/\/jornalfatosenoticias.com.br\/#\/schema\/logo\/image\/"}},{"@type":"Person","@id":"https:\/\/jornalfatosenoticias.com.br\/#\/schema\/person\/d63837fa13ac8666eb9e74e0985d6f81","name":"Luzimara Fernandes","image":{"@type":"ImageObject","inLanguage":"pt-BR","@id":"https:\/\/jornalfatosenoticias.com.br\/#\/schema\/person\/image\/","url":"https:\/\/jornalfatosenoticias.com.br\/wp-content\/uploads\/2025\/05\/EU_portal.jpg","contentUrl":"https:\/\/jornalfatosenoticias.com.br\/wp-content\/uploads\/2025\/05\/EU_portal.jpg","caption":"Luzimara Fernandes"},"description":"Jornalista MTB 2358-ES","sameAs":["https:\/\/jornalfatosenoticias.com.br"],"url":"https:\/\/jornalfatosenoticias.com.br\/index.php\/author\/luzimara\/"}]}},"cc_featured_image_caption":{"caption_text":"","source_text":"","source_url":""},"jetpack_featured_media_url":"https:\/\/jornalfatosenoticias.com.br\/wp-content\/uploads\/2022\/03\/mumia-sereia_1.jpg","_links":{"self":[{"href":"https:\/\/jornalfatosenoticias.com.br\/index.php\/wp-json\/wp\/v2\/posts\/28749","targetHints":{"allow":["GET"]}}],"collection":[{"href":"https:\/\/jornalfatosenoticias.com.br\/index.php\/wp-json\/wp\/v2\/posts"}],"about":[{"href":"https:\/\/jornalfatosenoticias.com.br\/index.php\/wp-json\/wp\/v2\/types\/post"}],"author":[{"embeddable":true,"href":"https:\/\/jornalfatosenoticias.com.br\/index.php\/wp-json\/wp\/v2\/users\/2"}],"replies":[{"embeddable":true,"href":"https:\/\/jornalfatosenoticias.com.br\/index.php\/wp-json\/wp\/v2\/comments?post=28749"}],"version-history":[{"count":0,"href":"https:\/\/jornalfatosenoticias.com.br\/index.php\/wp-json\/wp\/v2\/posts\/28749\/revisions"}],"wp:featuredmedia":[{"embeddable":true,"href":"https:\/\/jornalfatosenoticias.com.br\/index.php\/wp-json\/wp\/v2\/media\/28750"}],"wp:attachment":[{"href":"https:\/\/jornalfatosenoticias.com.br\/index.php\/wp-json\/wp\/v2\/media?parent=28749"}],"wp:term":[{"taxonomy":"category","embeddable":true,"href":"https:\/\/jornalfatosenoticias.com.br\/index.php\/wp-json\/wp\/v2\/categories?post=28749"},{"taxonomy":"post_tag","embeddable":true,"href":"https:\/\/jornalfatosenoticias.com.br\/index.php\/wp-json\/wp\/v2\/tags?post=28749"}],"curies":[{"name":"wp","href":"https:\/\/api.w.org\/{rel}","templated":true}]}}