{"id":28753,"date":"2022-03-14T13:13:40","date_gmt":"2022-03-14T16:13:40","guid":{"rendered":"https:\/\/jornalfatosenoticias.com.br\/?p=28753"},"modified":"2022-03-14T13:13:43","modified_gmt":"2022-03-14T16:13:43","slug":"medicamento-para-tratar-atrofia-espinhal-muscular-e-incluido-no-sus","status":"publish","type":"post","link":"https:\/\/jornalfatosenoticias.com.br\/index.php\/2022\/03\/14\/medicamento-para-tratar-atrofia-espinhal-muscular-e-incluido-no-sus\/","title":{"rendered":"Medicamento para tratar atrofia espinhal muscular \u00e9 inclu\u00eddo no SUS"},"content":{"rendered":"\n<p><em><span class=\"has-inline-color has-black-color\">O risdiplam \u00e9 espec\u00edfico para o tipo l da doen\u00e7a<\/span><\/em><\/p>\n\n\n\n<figure class=\"wp-block-image size-large is-resized\"><img loading=\"lazy\" decoding=\"async\" src=\"https:\/\/jornalfatosenoticias.com.br\/wp-content\/uploads\/2022\/02\/Banner-1-1024x101.png\" alt=\"\" class=\"wp-image-27923\" width=\"373\" height=\"36\"\/><\/figure>\n\n\n\n<p>O medicamento risdiplam, para tratamento de Atrofia Muscular Espinhal (AME) tipo I, est\u00e1 incorporado a partir desta segunda-feira (14) ao Sistema \u00danico de Sa\u00fade (SUS).<br>A portaria da Secretaria de Ci\u00eancia, Tecnologia, Inova\u00e7\u00e3o e Insumos Estrat\u00e9gicos em Sa\u00fade do Minist\u00e9rio da Sa\u00fade, determinando a inclus\u00e3o do medicamento, est\u00e1 publicada no <strong><a href=\"https:\/\/www.in.gov.br\/en\/web\/dou\/-\/portaria-sctie\/ms-n-19-de-11-de-marco-de-2022-385483004\" target=\"_blank\" rel=\"noreferrer noopener\"><em>Di\u00e1rio Oficial da Uni\u00e3o<\/em><\/a>\u00a0<\/strong>de hoje.<\/p>\n\n\n\n<div class=\"wp-block-image\"><figure class=\"alignleft size-large\"><img decoding=\"async\" src=\"https:\/\/jornalfatosenoticias.com.br\/wp-content\/uploads\/2020\/02\/logo_esteio.jpg\" alt=\"\" class=\"wp-image-1214\"\/><\/figure><\/div>\n\n\n\n<p>Segundo Minist\u00e9rio da Sa\u00fade, a AME \u00e9 uma doen\u00e7a gen\u00e9tica que interfere na capacidade do corpo de produzir uma prote\u00edna considerada essencial para a sobreviv\u00eancia dos neur\u00f4nios motores. Sem ela, os neur\u00f4nios morrem e as pessoas v\u00e3o perdendo controle e for\u00e7a musculares, ficando incapacitados de se moverem, engolirem ou mesmo respirarem. O quadro \u00e9 degenerativo e n\u00e3o tem cura.<br>A Atrofia Muscular Espinhal possui quatro subtipos, distintos conforme a idade de in\u00edcio dos sintomas. O tipo 1 \u00e9 o mais grave da doen\u00e7a. A sua incid\u00eancia \u00e9 de um caso para cada seis a 11 mil nascidos vivos.<\/p>\n\n\n\n<figure class=\"wp-block-image size-large is-resized\"><img loading=\"lazy\" decoding=\"async\" src=\"https:\/\/jornalfatosenoticias.com.br\/wp-content\/uploads\/2020\/02\/Logo-Mizu-segunda-2-1024x99.png\" alt=\"\" class=\"wp-image-2353\" width=\"415\" height=\"40\" srcset=\"https:\/\/jornalfatosenoticias.com.br\/wp-content\/uploads\/2020\/02\/Logo-Mizu-segunda-2-1024x99.png 1024w, https:\/\/jornalfatosenoticias.com.br\/wp-content\/uploads\/2020\/02\/Logo-Mizu-segunda-2-300x29.png 300w, https:\/\/jornalfatosenoticias.com.br\/wp-content\/uploads\/2020\/02\/Logo-Mizu-segunda-2-768x74.png 768w, https:\/\/jornalfatosenoticias.com.br\/wp-content\/uploads\/2020\/02\/Logo-Mizu-segunda-2.png 1240w\" sizes=\"auto, (max-width: 415px) 100vw, 415px\" \/><\/figure>\n\n\n\n<p><strong><em>Fonte: <a href=\"https:\/\/agenciabrasil.ebc.com.br\/saude\/noticia\/2022-03\/medicamento-para-tratar-atrofia-espinhal-muscular-e-incluido-no-sus\">Ag\u00eancia Brasil<\/a><\/em><\/strong><\/p>\n","protected":false},"excerpt":{"rendered":"<p>O risdiplam \u00e9 espec\u00edfico para o tipo l da doen\u00e7a O medicamento risdiplam, para tratamento de Atrofia Muscular Espinhal (AME) tipo I, est\u00e1 incorporado a partir desta segunda-feira (14) ao Sistema \u00danico de Sa\u00fade (SUS).A portaria da Secretaria de Ci\u00eancia, Tecnologia, Inova\u00e7\u00e3o e Insumos Estrat\u00e9gicos em Sa\u00fade do Minist\u00e9rio da Sa\u00fade, determinando a inclus\u00e3o do [&hellip;]<\/p>\n","protected":false},"author":2,"featured_media":28754,"comment_status":"open","ping_status":"open","sticky":false,"template":"","format":"standard","meta":{"footnotes":""},"categories":[11],"tags":[4434,1884,13714,126],"class_list":["post-28753","post","type-post","status-publish","format-standard","has-post-thumbnail","hentry","category-saude","tag-ame","tag-medicamento","tag-ridisplam","tag-sus"],"yoast_head":"<!-- This site is optimized with the Yoast SEO plugin v26.5 - https:\/\/yoast.com\/wordpress\/plugins\/seo\/ -->\n<title>Medicamento para tratar atrofia espinhal muscular \u00e9 inclu\u00eddo no SUS - Jornal Fatos e Not\u00edcias<\/title>\n<meta name=\"robots\" content=\"index, follow, max-snippet:-1, max-image-preview:large, max-video-preview:-1\" \/>\n<link rel=\"canonical\" href=\"https:\/\/jornalfatosenoticias.com.br\/index.php\/2022\/03\/14\/medicamento-para-tratar-atrofia-espinhal-muscular-e-incluido-no-sus\/\" \/>\n<meta property=\"og:locale\" content=\"pt_BR\" \/>\n<meta property=\"og:type\" content=\"article\" \/>\n<meta property=\"og:title\" content=\"Medicamento para tratar atrofia espinhal muscular \u00e9 inclu\u00eddo no SUS - Jornal Fatos e Not\u00edcias\" \/>\n<meta property=\"og:description\" content=\"O risdiplam \u00e9 espec\u00edfico para o tipo l da doen\u00e7a O medicamento risdiplam, para tratamento de Atrofia Muscular Espinhal (AME) tipo I, est\u00e1 incorporado a partir desta segunda-feira (14) ao Sistema \u00danico de Sa\u00fade (SUS).A portaria da Secretaria de Ci\u00eancia, Tecnologia, Inova\u00e7\u00e3o e Insumos Estrat\u00e9gicos em Sa\u00fade do Minist\u00e9rio da Sa\u00fade, determinando a inclus\u00e3o do [&hellip;]\" \/>\n<meta property=\"og:url\" content=\"https:\/\/jornalfatosenoticias.com.br\/index.php\/2022\/03\/14\/medicamento-para-tratar-atrofia-espinhal-muscular-e-incluido-no-sus\/\" \/>\n<meta property=\"og:site_name\" content=\"Jornal Fatos e Not\u00edcias\" \/>\n<meta property=\"article:published_time\" content=\"2022-03-14T16:13:40+00:00\" \/>\n<meta property=\"article:modified_time\" content=\"2022-03-14T16:13:43+00:00\" \/>\n<meta property=\"og:image\" content=\"https:\/\/jornalfatosenoticias.com.br\/wp-content\/uploads\/2022\/03\/Medicamento-para-tratar-atrofia-espinhal-muscular-e-incluido-no-SUS.jpg\" \/>\n\t<meta property=\"og:image:width\" content=\"1000\" \/>\n\t<meta property=\"og:image:height\" content=\"561\" \/>\n\t<meta property=\"og:image:type\" content=\"image\/jpeg\" \/>\n<meta name=\"author\" content=\"Luzimara Fernandes\" \/>\n<meta name=\"twitter:card\" content=\"summary_large_image\" \/>\n<meta name=\"twitter:label1\" content=\"Escrito por\" \/>\n\t<meta name=\"twitter:data1\" content=\"Luzimara Fernandes\" \/>\n\t<meta name=\"twitter:label2\" content=\"Est. tempo de leitura\" \/>\n\t<meta name=\"twitter:data2\" content=\"1 minuto\" \/>\n<script type=\"application\/ld+json\" class=\"yoast-schema-graph\">{\"@context\":\"https:\/\/schema.org\",\"@graph\":[{\"@type\":\"Article\",\"@id\":\"https:\/\/jornalfatosenoticias.com.br\/index.php\/2022\/03\/14\/medicamento-para-tratar-atrofia-espinhal-muscular-e-incluido-no-sus\/#article\",\"isPartOf\":{\"@id\":\"https:\/\/jornalfatosenoticias.com.br\/index.php\/2022\/03\/14\/medicamento-para-tratar-atrofia-espinhal-muscular-e-incluido-no-sus\/\"},\"author\":{\"name\":\"Luzimara Fernandes\",\"@id\":\"https:\/\/jornalfatosenoticias.com.br\/#\/schema\/person\/d63837fa13ac8666eb9e74e0985d6f81\"},\"headline\":\"Medicamento para tratar atrofia espinhal muscular \u00e9 inclu\u00eddo no SUS\",\"datePublished\":\"2022-03-14T16:13:40+00:00\",\"dateModified\":\"2022-03-14T16:13:43+00:00\",\"mainEntityOfPage\":{\"@id\":\"https:\/\/jornalfatosenoticias.com.br\/index.php\/2022\/03\/14\/medicamento-para-tratar-atrofia-espinhal-muscular-e-incluido-no-sus\/\"},\"wordCount\":196,\"commentCount\":0,\"publisher\":{\"@id\":\"https:\/\/jornalfatosenoticias.com.br\/#organization\"},\"image\":{\"@id\":\"https:\/\/jornalfatosenoticias.com.br\/index.php\/2022\/03\/14\/medicamento-para-tratar-atrofia-espinhal-muscular-e-incluido-no-sus\/#primaryimage\"},\"thumbnailUrl\":\"https:\/\/jornalfatosenoticias.com.br\/wp-content\/uploads\/2022\/03\/Medicamento-para-tratar-atrofia-espinhal-muscular-e-incluido-no-SUS.jpg\",\"keywords\":[\"AME\",\"medicamento\",\"Ridisplam\",\"SUS\"],\"articleSection\":[\"Sa\u00fade\"],\"inLanguage\":\"pt-BR\",\"potentialAction\":[{\"@type\":\"CommentAction\",\"name\":\"Comment\",\"target\":[\"https:\/\/jornalfatosenoticias.com.br\/index.php\/2022\/03\/14\/medicamento-para-tratar-atrofia-espinhal-muscular-e-incluido-no-sus\/#respond\"]}]},{\"@type\":\"WebPage\",\"@id\":\"https:\/\/jornalfatosenoticias.com.br\/index.php\/2022\/03\/14\/medicamento-para-tratar-atrofia-espinhal-muscular-e-incluido-no-sus\/\",\"url\":\"https:\/\/jornalfatosenoticias.com.br\/index.php\/2022\/03\/14\/medicamento-para-tratar-atrofia-espinhal-muscular-e-incluido-no-sus\/\",\"name\":\"Medicamento para tratar atrofia espinhal muscular \u00e9 inclu\u00eddo no SUS - Jornal Fatos e Not\u00edcias\",\"isPartOf\":{\"@id\":\"https:\/\/jornalfatosenoticias.com.br\/#website\"},\"primaryImageOfPage\":{\"@id\":\"https:\/\/jornalfatosenoticias.com.br\/index.php\/2022\/03\/14\/medicamento-para-tratar-atrofia-espinhal-muscular-e-incluido-no-sus\/#primaryimage\"},\"image\":{\"@id\":\"https:\/\/jornalfatosenoticias.com.br\/index.php\/2022\/03\/14\/medicamento-para-tratar-atrofia-espinhal-muscular-e-incluido-no-sus\/#primaryimage\"},\"thumbnailUrl\":\"https:\/\/jornalfatosenoticias.com.br\/wp-content\/uploads\/2022\/03\/Medicamento-para-tratar-atrofia-espinhal-muscular-e-incluido-no-SUS.jpg\",\"datePublished\":\"2022-03-14T16:13:40+00:00\",\"dateModified\":\"2022-03-14T16:13:43+00:00\",\"breadcrumb\":{\"@id\":\"https:\/\/jornalfatosenoticias.com.br\/index.php\/2022\/03\/14\/medicamento-para-tratar-atrofia-espinhal-muscular-e-incluido-no-sus\/#breadcrumb\"},\"inLanguage\":\"pt-BR\",\"potentialAction\":[{\"@type\":\"ReadAction\",\"target\":[\"https:\/\/jornalfatosenoticias.com.br\/index.php\/2022\/03\/14\/medicamento-para-tratar-atrofia-espinhal-muscular-e-incluido-no-sus\/\"]}]},{\"@type\":\"ImageObject\",\"inLanguage\":\"pt-BR\",\"@id\":\"https:\/\/jornalfatosenoticias.com.br\/index.php\/2022\/03\/14\/medicamento-para-tratar-atrofia-espinhal-muscular-e-incluido-no-sus\/#primaryimage\",\"url\":\"https:\/\/jornalfatosenoticias.com.br\/wp-content\/uploads\/2022\/03\/Medicamento-para-tratar-atrofia-espinhal-muscular-e-incluido-no-SUS.jpg\",\"contentUrl\":\"https:\/\/jornalfatosenoticias.com.br\/wp-content\/uploads\/2022\/03\/Medicamento-para-tratar-atrofia-espinhal-muscular-e-incluido-no-SUS.jpg\",\"width\":1000,\"height\":561},{\"@type\":\"BreadcrumbList\",\"@id\":\"https:\/\/jornalfatosenoticias.com.br\/index.php\/2022\/03\/14\/medicamento-para-tratar-atrofia-espinhal-muscular-e-incluido-no-sus\/#breadcrumb\",\"itemListElement\":[{\"@type\":\"ListItem\",\"position\":1,\"name\":\"In\u00edcio\",\"item\":\"https:\/\/jornalfatosenoticias.com.br\/\"},{\"@type\":\"ListItem\",\"position\":2,\"name\":\"Medicamento para tratar atrofia espinhal muscular \u00e9 inclu\u00eddo no SUS\"}]},{\"@type\":\"WebSite\",\"@id\":\"https:\/\/jornalfatosenoticias.com.br\/#website\",\"url\":\"https:\/\/jornalfatosenoticias.com.br\/\",\"name\":\"Jornal Fatos e Not\u00edcias\",\"description\":\"Not\u00edcias em geral\",\"publisher\":{\"@id\":\"https:\/\/jornalfatosenoticias.com.br\/#organization\"},\"potentialAction\":[{\"@type\":\"SearchAction\",\"target\":{\"@type\":\"EntryPoint\",\"urlTemplate\":\"https:\/\/jornalfatosenoticias.com.br\/?s={search_term_string}\"},\"query-input\":{\"@type\":\"PropertyValueSpecification\",\"valueRequired\":true,\"valueName\":\"search_term_string\"}}],\"inLanguage\":\"pt-BR\"},{\"@type\":\"Organization\",\"@id\":\"https:\/\/jornalfatosenoticias.com.br\/#organization\",\"name\":\"Jornal Fatos e Not\u00edcias\",\"url\":\"https:\/\/jornalfatosenoticias.com.br\/\",\"logo\":{\"@type\":\"ImageObject\",\"inLanguage\":\"pt-BR\",\"@id\":\"https:\/\/jornalfatosenoticias.com.br\/#\/schema\/logo\/image\/\",\"url\":\"https:\/\/jornalfatosenoticias.com.br\/wp-content\/uploads\/2020\/02\/logo120.png\",\"contentUrl\":\"https:\/\/jornalfatosenoticias.com.br\/wp-content\/uploads\/2020\/02\/logo120.png\",\"width\":1227,\"height\":120,\"caption\":\"Jornal Fatos e Not\u00edcias\"},\"image\":{\"@id\":\"https:\/\/jornalfatosenoticias.com.br\/#\/schema\/logo\/image\/\"}},{\"@type\":\"Person\",\"@id\":\"https:\/\/jornalfatosenoticias.com.br\/#\/schema\/person\/d63837fa13ac8666eb9e74e0985d6f81\",\"name\":\"Luzimara Fernandes\",\"image\":{\"@type\":\"ImageObject\",\"inLanguage\":\"pt-BR\",\"@id\":\"https:\/\/jornalfatosenoticias.com.br\/#\/schema\/person\/image\/\",\"url\":\"https:\/\/jornalfatosenoticias.com.br\/wp-content\/uploads\/2025\/05\/EU_portal.jpg\",\"contentUrl\":\"https:\/\/jornalfatosenoticias.com.br\/wp-content\/uploads\/2025\/05\/EU_portal.jpg\",\"caption\":\"Luzimara Fernandes\"},\"description\":\"Jornalista MTB 2358-ES\",\"sameAs\":[\"https:\/\/jornalfatosenoticias.com.br\"],\"url\":\"https:\/\/jornalfatosenoticias.com.br\/index.php\/author\/luzimara\/\"}]}<\/script>\n<!-- \/ Yoast SEO plugin. -->","yoast_head_json":{"title":"Medicamento para tratar atrofia espinhal muscular \u00e9 inclu\u00eddo no SUS - Jornal Fatos e Not\u00edcias","robots":{"index":"index","follow":"follow","max-snippet":"max-snippet:-1","max-image-preview":"max-image-preview:large","max-video-preview":"max-video-preview:-1"},"canonical":"https:\/\/jornalfatosenoticias.com.br\/index.php\/2022\/03\/14\/medicamento-para-tratar-atrofia-espinhal-muscular-e-incluido-no-sus\/","og_locale":"pt_BR","og_type":"article","og_title":"Medicamento para tratar atrofia espinhal muscular \u00e9 inclu\u00eddo no SUS - Jornal Fatos e Not\u00edcias","og_description":"O risdiplam \u00e9 espec\u00edfico para o tipo l da doen\u00e7a O medicamento risdiplam, para tratamento de Atrofia Muscular Espinhal (AME) tipo I, est\u00e1 incorporado a partir desta segunda-feira (14) ao Sistema \u00danico de Sa\u00fade (SUS).A portaria da Secretaria de Ci\u00eancia, Tecnologia, Inova\u00e7\u00e3o e Insumos Estrat\u00e9gicos em Sa\u00fade do Minist\u00e9rio da Sa\u00fade, determinando a inclus\u00e3o do [&hellip;]","og_url":"https:\/\/jornalfatosenoticias.com.br\/index.php\/2022\/03\/14\/medicamento-para-tratar-atrofia-espinhal-muscular-e-incluido-no-sus\/","og_site_name":"Jornal Fatos e Not\u00edcias","article_published_time":"2022-03-14T16:13:40+00:00","article_modified_time":"2022-03-14T16:13:43+00:00","og_image":[{"width":1000,"height":561,"url":"https:\/\/jornalfatosenoticias.com.br\/wp-content\/uploads\/2022\/03\/Medicamento-para-tratar-atrofia-espinhal-muscular-e-incluido-no-SUS.jpg","type":"image\/jpeg"}],"author":"Luzimara Fernandes","twitter_card":"summary_large_image","twitter_misc":{"Escrito por":"Luzimara Fernandes","Est. tempo de leitura":"1 minuto"},"schema":{"@context":"https:\/\/schema.org","@graph":[{"@type":"Article","@id":"https:\/\/jornalfatosenoticias.com.br\/index.php\/2022\/03\/14\/medicamento-para-tratar-atrofia-espinhal-muscular-e-incluido-no-sus\/#article","isPartOf":{"@id":"https:\/\/jornalfatosenoticias.com.br\/index.php\/2022\/03\/14\/medicamento-para-tratar-atrofia-espinhal-muscular-e-incluido-no-sus\/"},"author":{"name":"Luzimara Fernandes","@id":"https:\/\/jornalfatosenoticias.com.br\/#\/schema\/person\/d63837fa13ac8666eb9e74e0985d6f81"},"headline":"Medicamento para tratar atrofia espinhal muscular \u00e9 inclu\u00eddo no SUS","datePublished":"2022-03-14T16:13:40+00:00","dateModified":"2022-03-14T16:13:43+00:00","mainEntityOfPage":{"@id":"https:\/\/jornalfatosenoticias.com.br\/index.php\/2022\/03\/14\/medicamento-para-tratar-atrofia-espinhal-muscular-e-incluido-no-sus\/"},"wordCount":196,"commentCount":0,"publisher":{"@id":"https:\/\/jornalfatosenoticias.com.br\/#organization"},"image":{"@id":"https:\/\/jornalfatosenoticias.com.br\/index.php\/2022\/03\/14\/medicamento-para-tratar-atrofia-espinhal-muscular-e-incluido-no-sus\/#primaryimage"},"thumbnailUrl":"https:\/\/jornalfatosenoticias.com.br\/wp-content\/uploads\/2022\/03\/Medicamento-para-tratar-atrofia-espinhal-muscular-e-incluido-no-SUS.jpg","keywords":["AME","medicamento","Ridisplam","SUS"],"articleSection":["Sa\u00fade"],"inLanguage":"pt-BR","potentialAction":[{"@type":"CommentAction","name":"Comment","target":["https:\/\/jornalfatosenoticias.com.br\/index.php\/2022\/03\/14\/medicamento-para-tratar-atrofia-espinhal-muscular-e-incluido-no-sus\/#respond"]}]},{"@type":"WebPage","@id":"https:\/\/jornalfatosenoticias.com.br\/index.php\/2022\/03\/14\/medicamento-para-tratar-atrofia-espinhal-muscular-e-incluido-no-sus\/","url":"https:\/\/jornalfatosenoticias.com.br\/index.php\/2022\/03\/14\/medicamento-para-tratar-atrofia-espinhal-muscular-e-incluido-no-sus\/","name":"Medicamento para tratar atrofia espinhal muscular \u00e9 inclu\u00eddo no SUS - Jornal Fatos e Not\u00edcias","isPartOf":{"@id":"https:\/\/jornalfatosenoticias.com.br\/#website"},"primaryImageOfPage":{"@id":"https:\/\/jornalfatosenoticias.com.br\/index.php\/2022\/03\/14\/medicamento-para-tratar-atrofia-espinhal-muscular-e-incluido-no-sus\/#primaryimage"},"image":{"@id":"https:\/\/jornalfatosenoticias.com.br\/index.php\/2022\/03\/14\/medicamento-para-tratar-atrofia-espinhal-muscular-e-incluido-no-sus\/#primaryimage"},"thumbnailUrl":"https:\/\/jornalfatosenoticias.com.br\/wp-content\/uploads\/2022\/03\/Medicamento-para-tratar-atrofia-espinhal-muscular-e-incluido-no-SUS.jpg","datePublished":"2022-03-14T16:13:40+00:00","dateModified":"2022-03-14T16:13:43+00:00","breadcrumb":{"@id":"https:\/\/jornalfatosenoticias.com.br\/index.php\/2022\/03\/14\/medicamento-para-tratar-atrofia-espinhal-muscular-e-incluido-no-sus\/#breadcrumb"},"inLanguage":"pt-BR","potentialAction":[{"@type":"ReadAction","target":["https:\/\/jornalfatosenoticias.com.br\/index.php\/2022\/03\/14\/medicamento-para-tratar-atrofia-espinhal-muscular-e-incluido-no-sus\/"]}]},{"@type":"ImageObject","inLanguage":"pt-BR","@id":"https:\/\/jornalfatosenoticias.com.br\/index.php\/2022\/03\/14\/medicamento-para-tratar-atrofia-espinhal-muscular-e-incluido-no-sus\/#primaryimage","url":"https:\/\/jornalfatosenoticias.com.br\/wp-content\/uploads\/2022\/03\/Medicamento-para-tratar-atrofia-espinhal-muscular-e-incluido-no-SUS.jpg","contentUrl":"https:\/\/jornalfatosenoticias.com.br\/wp-content\/uploads\/2022\/03\/Medicamento-para-tratar-atrofia-espinhal-muscular-e-incluido-no-SUS.jpg","width":1000,"height":561},{"@type":"BreadcrumbList","@id":"https:\/\/jornalfatosenoticias.com.br\/index.php\/2022\/03\/14\/medicamento-para-tratar-atrofia-espinhal-muscular-e-incluido-no-sus\/#breadcrumb","itemListElement":[{"@type":"ListItem","position":1,"name":"In\u00edcio","item":"https:\/\/jornalfatosenoticias.com.br\/"},{"@type":"ListItem","position":2,"name":"Medicamento para tratar atrofia espinhal muscular \u00e9 inclu\u00eddo no SUS"}]},{"@type":"WebSite","@id":"https:\/\/jornalfatosenoticias.com.br\/#website","url":"https:\/\/jornalfatosenoticias.com.br\/","name":"Jornal Fatos e Not\u00edcias","description":"Not\u00edcias em geral","publisher":{"@id":"https:\/\/jornalfatosenoticias.com.br\/#organization"},"potentialAction":[{"@type":"SearchAction","target":{"@type":"EntryPoint","urlTemplate":"https:\/\/jornalfatosenoticias.com.br\/?s={search_term_string}"},"query-input":{"@type":"PropertyValueSpecification","valueRequired":true,"valueName":"search_term_string"}}],"inLanguage":"pt-BR"},{"@type":"Organization","@id":"https:\/\/jornalfatosenoticias.com.br\/#organization","name":"Jornal Fatos e Not\u00edcias","url":"https:\/\/jornalfatosenoticias.com.br\/","logo":{"@type":"ImageObject","inLanguage":"pt-BR","@id":"https:\/\/jornalfatosenoticias.com.br\/#\/schema\/logo\/image\/","url":"https:\/\/jornalfatosenoticias.com.br\/wp-content\/uploads\/2020\/02\/logo120.png","contentUrl":"https:\/\/jornalfatosenoticias.com.br\/wp-content\/uploads\/2020\/02\/logo120.png","width":1227,"height":120,"caption":"Jornal Fatos e Not\u00edcias"},"image":{"@id":"https:\/\/jornalfatosenoticias.com.br\/#\/schema\/logo\/image\/"}},{"@type":"Person","@id":"https:\/\/jornalfatosenoticias.com.br\/#\/schema\/person\/d63837fa13ac8666eb9e74e0985d6f81","name":"Luzimara Fernandes","image":{"@type":"ImageObject","inLanguage":"pt-BR","@id":"https:\/\/jornalfatosenoticias.com.br\/#\/schema\/person\/image\/","url":"https:\/\/jornalfatosenoticias.com.br\/wp-content\/uploads\/2025\/05\/EU_portal.jpg","contentUrl":"https:\/\/jornalfatosenoticias.com.br\/wp-content\/uploads\/2025\/05\/EU_portal.jpg","caption":"Luzimara Fernandes"},"description":"Jornalista MTB 2358-ES","sameAs":["https:\/\/jornalfatosenoticias.com.br"],"url":"https:\/\/jornalfatosenoticias.com.br\/index.php\/author\/luzimara\/"}]}},"cc_featured_image_caption":{"caption_text":"(Foto: Reprodu\u00e7\u00e3o Internet) \r\n","source_text":"","source_url":""},"jetpack_featured_media_url":"https:\/\/jornalfatosenoticias.com.br\/wp-content\/uploads\/2022\/03\/Medicamento-para-tratar-atrofia-espinhal-muscular-e-incluido-no-SUS.jpg","_links":{"self":[{"href":"https:\/\/jornalfatosenoticias.com.br\/index.php\/wp-json\/wp\/v2\/posts\/28753","targetHints":{"allow":["GET"]}}],"collection":[{"href":"https:\/\/jornalfatosenoticias.com.br\/index.php\/wp-json\/wp\/v2\/posts"}],"about":[{"href":"https:\/\/jornalfatosenoticias.com.br\/index.php\/wp-json\/wp\/v2\/types\/post"}],"author":[{"embeddable":true,"href":"https:\/\/jornalfatosenoticias.com.br\/index.php\/wp-json\/wp\/v2\/users\/2"}],"replies":[{"embeddable":true,"href":"https:\/\/jornalfatosenoticias.com.br\/index.php\/wp-json\/wp\/v2\/comments?post=28753"}],"version-history":[{"count":0,"href":"https:\/\/jornalfatosenoticias.com.br\/index.php\/wp-json\/wp\/v2\/posts\/28753\/revisions"}],"wp:featuredmedia":[{"embeddable":true,"href":"https:\/\/jornalfatosenoticias.com.br\/index.php\/wp-json\/wp\/v2\/media\/28754"}],"wp:attachment":[{"href":"https:\/\/jornalfatosenoticias.com.br\/index.php\/wp-json\/wp\/v2\/media?parent=28753"}],"wp:term":[{"taxonomy":"category","embeddable":true,"href":"https:\/\/jornalfatosenoticias.com.br\/index.php\/wp-json\/wp\/v2\/categories?post=28753"},{"taxonomy":"post_tag","embeddable":true,"href":"https:\/\/jornalfatosenoticias.com.br\/index.php\/wp-json\/wp\/v2\/tags?post=28753"}],"curies":[{"name":"wp","href":"https:\/\/api.w.org\/{rel}","templated":true}]}}