{"id":28829,"date":"2022-03-15T10:18:57","date_gmt":"2022-03-15T13:18:57","guid":{"rendered":"https:\/\/jornalfatosenoticias.com.br\/?p=28829"},"modified":"2022-03-15T10:20:49","modified_gmt":"2022-03-15T13:20:49","slug":"deputados-votam-contra-a-obrigatoriedade-da-transparencia-ambiental","status":"publish","type":"post","link":"https:\/\/jornalfatosenoticias.com.br\/index.php\/2022\/03\/15\/deputados-votam-contra-a-obrigatoriedade-da-transparencia-ambiental\/","title":{"rendered":"Deputados votam contra a obrigatoriedade da transpar\u00eancia ambiental"},"content":{"rendered":"\n<p><em><span class=\"has-inline-color has-luminous-vivid-orange-color\"><strong>Texto:<\/strong> Eraylton Moreschi<\/span><\/em><\/p>\n\n\n\n<div class=\"wp-block-image\"><figure class=\"aligncenter size-large is-resized\"><img loading=\"lazy\" decoding=\"async\" src=\"https:\/\/jornalfatosenoticias.com.br\/wp-content\/uploads\/2020\/02\/Serra-Grande-1024x160.png\" alt=\"\" class=\"wp-image-7836\" width=\"314\" height=\"49\"\/><\/figure><\/div>\n\n\n\n<p>O que leva um bloco de deputados a apoiar medidas que impe\u00e7am a transpar\u00eancia das a\u00e7\u00f5es de um governo? Apenas refrescando a mente dos edis, que deram voto favor\u00e1vel ao <strong>Veto Total ao Aut\u00f3grafo de Lei n\u00ba 318\/2021,<\/strong> de autoria do deputado <em>S\u00e9rgio Majeski,<\/em> que &#8220;torna obrigat\u00f3ria a divulga\u00e7\u00e3o de dados ambientais no <strong>Portal da Transpar\u00eancia <\/strong>pelo governo do Estado do Esp\u00edrito Santo&#8221;.<br>Legislar, fiscalizar e propor pol\u00edticas s\u00e3o as tr\u00eas fun\u00e7\u00f5es b\u00e1sicas de um parlamentar. Vejam que eu disse fiscalizar que, no sentido amplo da palavra, significa tamb\u00e9m, tornar p\u00fablico todas as a\u00e7\u00f5es do Executivo. Infelizmente, a \u00fanica coisa que nos resta \u00e9 lamentar a a\u00e7\u00e3o desses aventureiros pol\u00edticos e trabalhar bastante pela renova\u00e7\u00e3o de uma legislatura moderna e mais comprometida com as causas de interesses do cidad\u00e3o capixaba. Como dizia Belchior: <em><span class=\"has-inline-color has-black-color\">\u201cQuem nasce Z\u00e9 n\u00e3o morre Jhony, n\u00e3o\u201d.<\/span><\/em><\/p>\n\n\n\n<div class=\"wp-block-image\"><figure class=\"alignright size-large is-resized\"><img loading=\"lazy\" decoding=\"async\" src=\"https:\/\/jornalfatosenoticias.com.br\/wp-content\/uploads\/2020\/02\/nova-logo-Marquetti.jpg\" alt=\"\" class=\"wp-image-22331\" width=\"327\" height=\"220\" srcset=\"https:\/\/jornalfatosenoticias.com.br\/wp-content\/uploads\/2020\/02\/nova-logo-Marquetti.jpg 643w, https:\/\/jornalfatosenoticias.com.br\/wp-content\/uploads\/2020\/02\/nova-logo-Marquetti-300x202.jpg 300w\" sizes=\"auto, (max-width: 327px) 100vw, 327px\" \/><\/figure><\/div>\n\n\n\n<p>O munic\u00edpio da Serra, apesar de ter tr\u00eas representantes na Assembleia Legislativa, por d\u00e9cadas est\u00e1 \u00f3rf\u00e3o. O eleitor serrano precisa rever sua percep\u00e7\u00e3o pol\u00edtica, pois a renova\u00e7\u00e3o \u00e9 fundamental em todas as \u00e1reas da sociedade e, na pol\u00edtica, ela \u00e9 essencial. Nesses \u00faltimos mandatos, a Serra vem amargando o dissabor da insignific\u00e2ncia pol\u00edtica. \u00c9 s\u00f3 olhar os representantes na Assembleia Legislativa (Ales), tr\u00eas marionetes do governador que, consequentemente, jogam o maior munic\u00edpio \u2014 em popula\u00e7\u00e3o e em economia \u2014 \u00e0 margem do cen\u00e1rio pol\u00edtico do Estado.<br><strong>Deputados que votaram favor\u00e1veis ao Veto: <\/strong><em>Bruno Lamas, Xambinho, Quintino, Dary Pagung, Dr. H\u00e9rcules, Freitas, Rafael Favatto, Janete de S\u00e1, Luciano Machado, Luiz Dur\u00e3o, Marcos Garcia, Marcos Madureira, Em\u00edlio Mameri, Raquel Lessa, Marcos Mansur.<\/em><\/p>\n\n\n\n<figure class=\"wp-block-image size-large\"><img loading=\"lazy\" decoding=\"async\" width=\"1000\" height=\"550\" src=\"https:\/\/jornalfatosenoticias.com.br\/wp-content\/uploads\/2022\/03\/bruno-lamas.jpg\" alt=\"\" class=\"wp-image-28830\" srcset=\"https:\/\/jornalfatosenoticias.com.br\/wp-content\/uploads\/2022\/03\/bruno-lamas.jpg 1000w, https:\/\/jornalfatosenoticias.com.br\/wp-content\/uploads\/2022\/03\/bruno-lamas-300x165.jpg 300w, https:\/\/jornalfatosenoticias.com.br\/wp-content\/uploads\/2022\/03\/bruno-lamas-768x422.jpg 768w\" sizes=\"auto, (max-width: 1000px) 100vw, 1000px\" \/><figcaption><em><span class=\"has-inline-color has-black-color\">Deputado Bruno Lamas foi um dos que votaram favor\u00e1veis ao veto (Foto: Divulga\u00e7\u00e3o Ales)<\/span><\/em><\/figcaption><\/figure>\n\n\n\n<p>Como presidente da <em><strong>ONG Juntos SOS ES,<\/strong><\/em> eu, <strong>Eraylton Moreschi,<\/strong> acho que o mais deplor\u00e1vel \u00e9 o deputado, presidente da Comiss\u00e3o de Meio Ambiente, Rafael Favatto, que era a <em>FAVOR DA TRANSPAR\u00caNCIA,<\/em> ter mudado seu voto e o vice-presidente, Bruno Lamas, votarem contra a \u201cobrigatoriedade da divulga\u00e7\u00e3o de dados ambientais no Portal da Transfer\u00eancia pelo governo do Estado do Esp\u00edrito Santo\u201d.<\/p>\n\n\n\n<div class=\"wp-block-image\"><figure class=\"alignleft size-large\"><img decoding=\"async\" src=\"https:\/\/jornalfatosenoticias.com.br\/wp-content\/uploads\/2020\/02\/logo_esteio.jpg\" alt=\"\" class=\"wp-image-1214\"\/><\/figure><\/div>\n\n\n\n<p>Em nome da popula\u00e7\u00e3o capixaba, o<strong> Fatos &amp; Not\u00edcias<\/strong> e a <strong>ONG Juntos SOS ES<\/strong>, parabenizam os deputados <strong><em><span class=\"has-inline-color has-vivid-red-color\">Assum\u00e7\u00e3o, Danilo Bahiense, Fabr\u00edcio Gandini, Iriny Lopes, S\u00e9rgio Majeski, Theodorico Ferra\u00e7o, Torino Marques e Adilson Esp\u00edndula,<\/span><\/em><\/strong> pelo bom exemplo de cidadania e comprometimento com as causas ambientais.<br>Por isso deixo aqui a minha indigna\u00e7\u00e3o e um questionamento ao governador Renato Casagrande. Governador da informa\u00e7\u00e3o zero, onde ser\u00e1 a comemora\u00e7\u00e3o?<\/p>\n\n\n\n<div class=\"wp-block-image\"><figure class=\"alignleft size-large is-resized\"><img loading=\"lazy\" decoding=\"async\" src=\"https:\/\/jornalfatosenoticias.com.br\/wp-content\/uploads\/2021\/02\/Eraylton-402.jpg\" alt=\"\" class=\"wp-image-14172\" width=\"253\" height=\"168\" srcset=\"https:\/\/jornalfatosenoticias.com.br\/wp-content\/uploads\/2021\/02\/Eraylton-402.jpg 1000w, https:\/\/jornalfatosenoticias.com.br\/wp-content\/uploads\/2021\/02\/Eraylton-402-300x200.jpg 300w, https:\/\/jornalfatosenoticias.com.br\/wp-content\/uploads\/2021\/02\/Eraylton-402-768x512.jpg 768w\" sizes=\"auto, (max-width: 253px) 100vw, 253px\" \/><figcaption><em><span class=\"has-inline-color has-black-color\"><strong>Eraylton Moreschi<br><\/strong>Presidente da ONG Juntos SOS ES<\/span><\/em><\/figcaption><\/figure><\/div>\n","protected":false},"excerpt":{"rendered":"<p>Texto: Eraylton Moreschi O que leva um bloco de deputados a apoiar medidas que impe\u00e7am a transpar\u00eancia das a\u00e7\u00f5es de um governo? Apenas refrescando a mente dos edis, que deram voto favor\u00e1vel ao Veto Total ao Aut\u00f3grafo de Lei n\u00ba 318\/2021, de autoria do deputado S\u00e9rgio Majeski, que &#8220;torna obrigat\u00f3ria a divulga\u00e7\u00e3o de dados ambientais [&hellip;]<\/p>\n","protected":false},"author":2,"featured_media":28831,"comment_status":"open","ping_status":"open","sticky":false,"template":"","format":"standard","meta":{"footnotes":""},"categories":[10],"tags":[11823,7389,9769,945,13731],"class_list":["post-28829","post","type-post","status-publish","format-standard","has-post-thumbnail","hentry","category-politica","tag-deputados","tag-eraylton-moreschi-jr","tag-juntos-sos-es-ambiental-3","tag-meio-ambiente","tag-transparencia-ambiental"],"yoast_head":"<!-- This site is optimized with the Yoast SEO plugin v26.5 - https:\/\/yoast.com\/wordpress\/plugins\/seo\/ -->\n<title>Deputados votam contra a obrigatoriedade da transpar\u00eancia ambiental - Jornal Fatos e Not\u00edcias<\/title>\n<meta name=\"robots\" content=\"index, follow, max-snippet:-1, max-image-preview:large, max-video-preview:-1\" \/>\n<link rel=\"canonical\" href=\"https:\/\/jornalfatosenoticias.com.br\/index.php\/2022\/03\/15\/deputados-votam-contra-a-obrigatoriedade-da-transparencia-ambiental\/\" \/>\n<meta property=\"og:locale\" content=\"pt_BR\" \/>\n<meta property=\"og:type\" content=\"article\" \/>\n<meta property=\"og:title\" content=\"Deputados votam contra a obrigatoriedade da transpar\u00eancia ambiental - Jornal Fatos e Not\u00edcias\" \/>\n<meta property=\"og:description\" content=\"Texto: Eraylton Moreschi O que leva um bloco de deputados a apoiar medidas que impe\u00e7am a transpar\u00eancia das a\u00e7\u00f5es de um governo? Apenas refrescando a mente dos edis, que deram voto favor\u00e1vel ao Veto Total ao Aut\u00f3grafo de Lei n\u00ba 318\/2021, de autoria do deputado S\u00e9rgio Majeski, que &#8220;torna obrigat\u00f3ria a divulga\u00e7\u00e3o de dados ambientais [&hellip;]\" \/>\n<meta property=\"og:url\" content=\"https:\/\/jornalfatosenoticias.com.br\/index.php\/2022\/03\/15\/deputados-votam-contra-a-obrigatoriedade-da-transparencia-ambiental\/\" \/>\n<meta property=\"og:site_name\" content=\"Jornal Fatos e Not\u00edcias\" \/>\n<meta property=\"article:published_time\" content=\"2022-03-15T13:18:57+00:00\" \/>\n<meta property=\"article:modified_time\" content=\"2022-03-15T13:20:49+00:00\" \/>\n<meta property=\"og:image\" content=\"https:\/\/jornalfatosenoticias.com.br\/wp-content\/uploads\/2022\/03\/Transparencia-ambiental-01.jpg\" \/>\n\t<meta property=\"og:image:width\" content=\"1000\" \/>\n\t<meta property=\"og:image:height\" content=\"750\" \/>\n\t<meta property=\"og:image:type\" content=\"image\/jpeg\" \/>\n<meta name=\"author\" content=\"Luzimara Fernandes\" \/>\n<meta name=\"twitter:card\" content=\"summary_large_image\" \/>\n<meta name=\"twitter:label1\" content=\"Escrito por\" \/>\n\t<meta name=\"twitter:data1\" content=\"Luzimara Fernandes\" \/>\n\t<meta name=\"twitter:label2\" content=\"Est. tempo de leitura\" \/>\n\t<meta name=\"twitter:data2\" content=\"2 minutos\" \/>\n<script type=\"application\/ld+json\" class=\"yoast-schema-graph\">{\"@context\":\"https:\/\/schema.org\",\"@graph\":[{\"@type\":\"Article\",\"@id\":\"https:\/\/jornalfatosenoticias.com.br\/index.php\/2022\/03\/15\/deputados-votam-contra-a-obrigatoriedade-da-transparencia-ambiental\/#article\",\"isPartOf\":{\"@id\":\"https:\/\/jornalfatosenoticias.com.br\/index.php\/2022\/03\/15\/deputados-votam-contra-a-obrigatoriedade-da-transparencia-ambiental\/\"},\"author\":{\"name\":\"Luzimara Fernandes\",\"@id\":\"https:\/\/jornalfatosenoticias.com.br\/#\/schema\/person\/d63837fa13ac8666eb9e74e0985d6f81\"},\"headline\":\"Deputados votam contra a obrigatoriedade da transpar\u00eancia ambiental\",\"datePublished\":\"2022-03-15T13:18:57+00:00\",\"dateModified\":\"2022-03-15T13:20:49+00:00\",\"mainEntityOfPage\":{\"@id\":\"https:\/\/jornalfatosenoticias.com.br\/index.php\/2022\/03\/15\/deputados-votam-contra-a-obrigatoriedade-da-transparencia-ambiental\/\"},\"wordCount\":474,\"commentCount\":0,\"publisher\":{\"@id\":\"https:\/\/jornalfatosenoticias.com.br\/#organization\"},\"image\":{\"@id\":\"https:\/\/jornalfatosenoticias.com.br\/index.php\/2022\/03\/15\/deputados-votam-contra-a-obrigatoriedade-da-transparencia-ambiental\/#primaryimage\"},\"thumbnailUrl\":\"https:\/\/jornalfatosenoticias.com.br\/wp-content\/uploads\/2022\/03\/Transparencia-ambiental-01.jpg\",\"keywords\":[\"deputados\",\"Eraylton Moreschi Jr\",\"Juntos SOS ES Ambiental\",\"meio ambiente\",\"transpar\u00eancia ambiental\"],\"articleSection\":[\"Pol\u00edtica\"],\"inLanguage\":\"pt-BR\",\"potentialAction\":[{\"@type\":\"CommentAction\",\"name\":\"Comment\",\"target\":[\"https:\/\/jornalfatosenoticias.com.br\/index.php\/2022\/03\/15\/deputados-votam-contra-a-obrigatoriedade-da-transparencia-ambiental\/#respond\"]}]},{\"@type\":\"WebPage\",\"@id\":\"https:\/\/jornalfatosenoticias.com.br\/index.php\/2022\/03\/15\/deputados-votam-contra-a-obrigatoriedade-da-transparencia-ambiental\/\",\"url\":\"https:\/\/jornalfatosenoticias.com.br\/index.php\/2022\/03\/15\/deputados-votam-contra-a-obrigatoriedade-da-transparencia-ambiental\/\",\"name\":\"Deputados votam contra a obrigatoriedade da transpar\u00eancia ambiental - Jornal Fatos e Not\u00edcias\",\"isPartOf\":{\"@id\":\"https:\/\/jornalfatosenoticias.com.br\/#website\"},\"primaryImageOfPage\":{\"@id\":\"https:\/\/jornalfatosenoticias.com.br\/index.php\/2022\/03\/15\/deputados-votam-contra-a-obrigatoriedade-da-transparencia-ambiental\/#primaryimage\"},\"image\":{\"@id\":\"https:\/\/jornalfatosenoticias.com.br\/index.php\/2022\/03\/15\/deputados-votam-contra-a-obrigatoriedade-da-transparencia-ambiental\/#primaryimage\"},\"thumbnailUrl\":\"https:\/\/jornalfatosenoticias.com.br\/wp-content\/uploads\/2022\/03\/Transparencia-ambiental-01.jpg\",\"datePublished\":\"2022-03-15T13:18:57+00:00\",\"dateModified\":\"2022-03-15T13:20:49+00:00\",\"breadcrumb\":{\"@id\":\"https:\/\/jornalfatosenoticias.com.br\/index.php\/2022\/03\/15\/deputados-votam-contra-a-obrigatoriedade-da-transparencia-ambiental\/#breadcrumb\"},\"inLanguage\":\"pt-BR\",\"potentialAction\":[{\"@type\":\"ReadAction\",\"target\":[\"https:\/\/jornalfatosenoticias.com.br\/index.php\/2022\/03\/15\/deputados-votam-contra-a-obrigatoriedade-da-transparencia-ambiental\/\"]}]},{\"@type\":\"ImageObject\",\"inLanguage\":\"pt-BR\",\"@id\":\"https:\/\/jornalfatosenoticias.com.br\/index.php\/2022\/03\/15\/deputados-votam-contra-a-obrigatoriedade-da-transparencia-ambiental\/#primaryimage\",\"url\":\"https:\/\/jornalfatosenoticias.com.br\/wp-content\/uploads\/2022\/03\/Transparencia-ambiental-01.jpg\",\"contentUrl\":\"https:\/\/jornalfatosenoticias.com.br\/wp-content\/uploads\/2022\/03\/Transparencia-ambiental-01.jpg\",\"width\":1000,\"height\":750},{\"@type\":\"BreadcrumbList\",\"@id\":\"https:\/\/jornalfatosenoticias.com.br\/index.php\/2022\/03\/15\/deputados-votam-contra-a-obrigatoriedade-da-transparencia-ambiental\/#breadcrumb\",\"itemListElement\":[{\"@type\":\"ListItem\",\"position\":1,\"name\":\"In\u00edcio\",\"item\":\"https:\/\/jornalfatosenoticias.com.br\/\"},{\"@type\":\"ListItem\",\"position\":2,\"name\":\"Deputados votam contra a obrigatoriedade da transpar\u00eancia ambiental\"}]},{\"@type\":\"WebSite\",\"@id\":\"https:\/\/jornalfatosenoticias.com.br\/#website\",\"url\":\"https:\/\/jornalfatosenoticias.com.br\/\",\"name\":\"Jornal Fatos e Not\u00edcias\",\"description\":\"Not\u00edcias em geral\",\"publisher\":{\"@id\":\"https:\/\/jornalfatosenoticias.com.br\/#organization\"},\"potentialAction\":[{\"@type\":\"SearchAction\",\"target\":{\"@type\":\"EntryPoint\",\"urlTemplate\":\"https:\/\/jornalfatosenoticias.com.br\/?s={search_term_string}\"},\"query-input\":{\"@type\":\"PropertyValueSpecification\",\"valueRequired\":true,\"valueName\":\"search_term_string\"}}],\"inLanguage\":\"pt-BR\"},{\"@type\":\"Organization\",\"@id\":\"https:\/\/jornalfatosenoticias.com.br\/#organization\",\"name\":\"Jornal Fatos e Not\u00edcias\",\"url\":\"https:\/\/jornalfatosenoticias.com.br\/\",\"logo\":{\"@type\":\"ImageObject\",\"inLanguage\":\"pt-BR\",\"@id\":\"https:\/\/jornalfatosenoticias.com.br\/#\/schema\/logo\/image\/\",\"url\":\"https:\/\/jornalfatosenoticias.com.br\/wp-content\/uploads\/2020\/02\/logo120.png\",\"contentUrl\":\"https:\/\/jornalfatosenoticias.com.br\/wp-content\/uploads\/2020\/02\/logo120.png\",\"width\":1227,\"height\":120,\"caption\":\"Jornal Fatos e Not\u00edcias\"},\"image\":{\"@id\":\"https:\/\/jornalfatosenoticias.com.br\/#\/schema\/logo\/image\/\"}},{\"@type\":\"Person\",\"@id\":\"https:\/\/jornalfatosenoticias.com.br\/#\/schema\/person\/d63837fa13ac8666eb9e74e0985d6f81\",\"name\":\"Luzimara Fernandes\",\"image\":{\"@type\":\"ImageObject\",\"inLanguage\":\"pt-BR\",\"@id\":\"https:\/\/jornalfatosenoticias.com.br\/#\/schema\/person\/image\/\",\"url\":\"https:\/\/jornalfatosenoticias.com.br\/wp-content\/uploads\/2025\/05\/EU_portal.jpg\",\"contentUrl\":\"https:\/\/jornalfatosenoticias.com.br\/wp-content\/uploads\/2025\/05\/EU_portal.jpg\",\"caption\":\"Luzimara Fernandes\"},\"description\":\"Jornalista MTB 2358-ES\",\"sameAs\":[\"https:\/\/jornalfatosenoticias.com.br\"],\"url\":\"https:\/\/jornalfatosenoticias.com.br\/index.php\/author\/luzimara\/\"}]}<\/script>\n<!-- \/ Yoast SEO plugin. -->","yoast_head_json":{"title":"Deputados votam contra a obrigatoriedade da transpar\u00eancia ambiental - Jornal Fatos e Not\u00edcias","robots":{"index":"index","follow":"follow","max-snippet":"max-snippet:-1","max-image-preview":"max-image-preview:large","max-video-preview":"max-video-preview:-1"},"canonical":"https:\/\/jornalfatosenoticias.com.br\/index.php\/2022\/03\/15\/deputados-votam-contra-a-obrigatoriedade-da-transparencia-ambiental\/","og_locale":"pt_BR","og_type":"article","og_title":"Deputados votam contra a obrigatoriedade da transpar\u00eancia ambiental - Jornal Fatos e Not\u00edcias","og_description":"Texto: Eraylton Moreschi O que leva um bloco de deputados a apoiar medidas que impe\u00e7am a transpar\u00eancia das a\u00e7\u00f5es de um governo? Apenas refrescando a mente dos edis, que deram voto favor\u00e1vel ao Veto Total ao Aut\u00f3grafo de Lei n\u00ba 318\/2021, de autoria do deputado S\u00e9rgio Majeski, que &#8220;torna obrigat\u00f3ria a divulga\u00e7\u00e3o de dados ambientais [&hellip;]","og_url":"https:\/\/jornalfatosenoticias.com.br\/index.php\/2022\/03\/15\/deputados-votam-contra-a-obrigatoriedade-da-transparencia-ambiental\/","og_site_name":"Jornal Fatos e Not\u00edcias","article_published_time":"2022-03-15T13:18:57+00:00","article_modified_time":"2022-03-15T13:20:49+00:00","og_image":[{"width":1000,"height":750,"url":"https:\/\/jornalfatosenoticias.com.br\/wp-content\/uploads\/2022\/03\/Transparencia-ambiental-01.jpg","type":"image\/jpeg"}],"author":"Luzimara Fernandes","twitter_card":"summary_large_image","twitter_misc":{"Escrito por":"Luzimara Fernandes","Est. tempo de leitura":"2 minutos"},"schema":{"@context":"https:\/\/schema.org","@graph":[{"@type":"Article","@id":"https:\/\/jornalfatosenoticias.com.br\/index.php\/2022\/03\/15\/deputados-votam-contra-a-obrigatoriedade-da-transparencia-ambiental\/#article","isPartOf":{"@id":"https:\/\/jornalfatosenoticias.com.br\/index.php\/2022\/03\/15\/deputados-votam-contra-a-obrigatoriedade-da-transparencia-ambiental\/"},"author":{"name":"Luzimara Fernandes","@id":"https:\/\/jornalfatosenoticias.com.br\/#\/schema\/person\/d63837fa13ac8666eb9e74e0985d6f81"},"headline":"Deputados votam contra a obrigatoriedade da transpar\u00eancia ambiental","datePublished":"2022-03-15T13:18:57+00:00","dateModified":"2022-03-15T13:20:49+00:00","mainEntityOfPage":{"@id":"https:\/\/jornalfatosenoticias.com.br\/index.php\/2022\/03\/15\/deputados-votam-contra-a-obrigatoriedade-da-transparencia-ambiental\/"},"wordCount":474,"commentCount":0,"publisher":{"@id":"https:\/\/jornalfatosenoticias.com.br\/#organization"},"image":{"@id":"https:\/\/jornalfatosenoticias.com.br\/index.php\/2022\/03\/15\/deputados-votam-contra-a-obrigatoriedade-da-transparencia-ambiental\/#primaryimage"},"thumbnailUrl":"https:\/\/jornalfatosenoticias.com.br\/wp-content\/uploads\/2022\/03\/Transparencia-ambiental-01.jpg","keywords":["deputados","Eraylton Moreschi Jr","Juntos SOS ES Ambiental","meio ambiente","transpar\u00eancia ambiental"],"articleSection":["Pol\u00edtica"],"inLanguage":"pt-BR","potentialAction":[{"@type":"CommentAction","name":"Comment","target":["https:\/\/jornalfatosenoticias.com.br\/index.php\/2022\/03\/15\/deputados-votam-contra-a-obrigatoriedade-da-transparencia-ambiental\/#respond"]}]},{"@type":"WebPage","@id":"https:\/\/jornalfatosenoticias.com.br\/index.php\/2022\/03\/15\/deputados-votam-contra-a-obrigatoriedade-da-transparencia-ambiental\/","url":"https:\/\/jornalfatosenoticias.com.br\/index.php\/2022\/03\/15\/deputados-votam-contra-a-obrigatoriedade-da-transparencia-ambiental\/","name":"Deputados votam contra a obrigatoriedade da transpar\u00eancia ambiental - Jornal Fatos e Not\u00edcias","isPartOf":{"@id":"https:\/\/jornalfatosenoticias.com.br\/#website"},"primaryImageOfPage":{"@id":"https:\/\/jornalfatosenoticias.com.br\/index.php\/2022\/03\/15\/deputados-votam-contra-a-obrigatoriedade-da-transparencia-ambiental\/#primaryimage"},"image":{"@id":"https:\/\/jornalfatosenoticias.com.br\/index.php\/2022\/03\/15\/deputados-votam-contra-a-obrigatoriedade-da-transparencia-ambiental\/#primaryimage"},"thumbnailUrl":"https:\/\/jornalfatosenoticias.com.br\/wp-content\/uploads\/2022\/03\/Transparencia-ambiental-01.jpg","datePublished":"2022-03-15T13:18:57+00:00","dateModified":"2022-03-15T13:20:49+00:00","breadcrumb":{"@id":"https:\/\/jornalfatosenoticias.com.br\/index.php\/2022\/03\/15\/deputados-votam-contra-a-obrigatoriedade-da-transparencia-ambiental\/#breadcrumb"},"inLanguage":"pt-BR","potentialAction":[{"@type":"ReadAction","target":["https:\/\/jornalfatosenoticias.com.br\/index.php\/2022\/03\/15\/deputados-votam-contra-a-obrigatoriedade-da-transparencia-ambiental\/"]}]},{"@type":"ImageObject","inLanguage":"pt-BR","@id":"https:\/\/jornalfatosenoticias.com.br\/index.php\/2022\/03\/15\/deputados-votam-contra-a-obrigatoriedade-da-transparencia-ambiental\/#primaryimage","url":"https:\/\/jornalfatosenoticias.com.br\/wp-content\/uploads\/2022\/03\/Transparencia-ambiental-01.jpg","contentUrl":"https:\/\/jornalfatosenoticias.com.br\/wp-content\/uploads\/2022\/03\/Transparencia-ambiental-01.jpg","width":1000,"height":750},{"@type":"BreadcrumbList","@id":"https:\/\/jornalfatosenoticias.com.br\/index.php\/2022\/03\/15\/deputados-votam-contra-a-obrigatoriedade-da-transparencia-ambiental\/#breadcrumb","itemListElement":[{"@type":"ListItem","position":1,"name":"In\u00edcio","item":"https:\/\/jornalfatosenoticias.com.br\/"},{"@type":"ListItem","position":2,"name":"Deputados votam contra a obrigatoriedade da transpar\u00eancia ambiental"}]},{"@type":"WebSite","@id":"https:\/\/jornalfatosenoticias.com.br\/#website","url":"https:\/\/jornalfatosenoticias.com.br\/","name":"Jornal Fatos e Not\u00edcias","description":"Not\u00edcias em geral","publisher":{"@id":"https:\/\/jornalfatosenoticias.com.br\/#organization"},"potentialAction":[{"@type":"SearchAction","target":{"@type":"EntryPoint","urlTemplate":"https:\/\/jornalfatosenoticias.com.br\/?s={search_term_string}"},"query-input":{"@type":"PropertyValueSpecification","valueRequired":true,"valueName":"search_term_string"}}],"inLanguage":"pt-BR"},{"@type":"Organization","@id":"https:\/\/jornalfatosenoticias.com.br\/#organization","name":"Jornal Fatos e Not\u00edcias","url":"https:\/\/jornalfatosenoticias.com.br\/","logo":{"@type":"ImageObject","inLanguage":"pt-BR","@id":"https:\/\/jornalfatosenoticias.com.br\/#\/schema\/logo\/image\/","url":"https:\/\/jornalfatosenoticias.com.br\/wp-content\/uploads\/2020\/02\/logo120.png","contentUrl":"https:\/\/jornalfatosenoticias.com.br\/wp-content\/uploads\/2020\/02\/logo120.png","width":1227,"height":120,"caption":"Jornal Fatos e Not\u00edcias"},"image":{"@id":"https:\/\/jornalfatosenoticias.com.br\/#\/schema\/logo\/image\/"}},{"@type":"Person","@id":"https:\/\/jornalfatosenoticias.com.br\/#\/schema\/person\/d63837fa13ac8666eb9e74e0985d6f81","name":"Luzimara Fernandes","image":{"@type":"ImageObject","inLanguage":"pt-BR","@id":"https:\/\/jornalfatosenoticias.com.br\/#\/schema\/person\/image\/","url":"https:\/\/jornalfatosenoticias.com.br\/wp-content\/uploads\/2025\/05\/EU_portal.jpg","contentUrl":"https:\/\/jornalfatosenoticias.com.br\/wp-content\/uploads\/2025\/05\/EU_portal.jpg","caption":"Luzimara Fernandes"},"description":"Jornalista MTB 2358-ES","sameAs":["https:\/\/jornalfatosenoticias.com.br"],"url":"https:\/\/jornalfatosenoticias.com.br\/index.php\/author\/luzimara\/"}]}},"cc_featured_image_caption":{"caption_text":"","source_text":"","source_url":""},"jetpack_featured_media_url":"https:\/\/jornalfatosenoticias.com.br\/wp-content\/uploads\/2022\/03\/Transparencia-ambiental-01.jpg","_links":{"self":[{"href":"https:\/\/jornalfatosenoticias.com.br\/index.php\/wp-json\/wp\/v2\/posts\/28829","targetHints":{"allow":["GET"]}}],"collection":[{"href":"https:\/\/jornalfatosenoticias.com.br\/index.php\/wp-json\/wp\/v2\/posts"}],"about":[{"href":"https:\/\/jornalfatosenoticias.com.br\/index.php\/wp-json\/wp\/v2\/types\/post"}],"author":[{"embeddable":true,"href":"https:\/\/jornalfatosenoticias.com.br\/index.php\/wp-json\/wp\/v2\/users\/2"}],"replies":[{"embeddable":true,"href":"https:\/\/jornalfatosenoticias.com.br\/index.php\/wp-json\/wp\/v2\/comments?post=28829"}],"version-history":[{"count":0,"href":"https:\/\/jornalfatosenoticias.com.br\/index.php\/wp-json\/wp\/v2\/posts\/28829\/revisions"}],"wp:featuredmedia":[{"embeddable":true,"href":"https:\/\/jornalfatosenoticias.com.br\/index.php\/wp-json\/wp\/v2\/media\/28831"}],"wp:attachment":[{"href":"https:\/\/jornalfatosenoticias.com.br\/index.php\/wp-json\/wp\/v2\/media?parent=28829"}],"wp:term":[{"taxonomy":"category","embeddable":true,"href":"https:\/\/jornalfatosenoticias.com.br\/index.php\/wp-json\/wp\/v2\/categories?post=28829"},{"taxonomy":"post_tag","embeddable":true,"href":"https:\/\/jornalfatosenoticias.com.br\/index.php\/wp-json\/wp\/v2\/tags?post=28829"}],"curies":[{"name":"wp","href":"https:\/\/api.w.org\/{rel}","templated":true}]}}