{"id":28841,"date":"2022-03-17T13:30:30","date_gmt":"2022-03-17T16:30:30","guid":{"rendered":"https:\/\/jornalfatosenoticias.com.br\/?p=28841"},"modified":"2022-03-17T14:15:59","modified_gmt":"2022-03-17T17:15:59","slug":"movimento-salvem-o-parque","status":"publish","type":"post","link":"https:\/\/jornalfatosenoticias.com.br\/index.php\/2022\/03\/17\/movimento-salvem-o-parque\/","title":{"rendered":"Movimento \u201cSalve o Parque\u201d"},"content":{"rendered":"\n<p><em><span class=\"has-inline-color has-black-color\">Parque Tem\u00e1tico Augusto Ruschi, em Santa Teresa, corre risco de ser privatizado pelo Governo do Estadual sem consultar popula\u00e7\u00e3o do munic\u00edpio<\/span><\/em><\/p>\n\n\n\n<div class=\"wp-block-image\"><figure class=\"aligncenter size-large is-resized\"><img loading=\"lazy\" decoding=\"async\" src=\"https:\/\/jornalfatosenoticias.com.br\/wp-content\/uploads\/2020\/02\/Logo-Mizu-segunda-2-1024x99.png\" alt=\"\" class=\"wp-image-2353\" width=\"311\" height=\"30\" srcset=\"https:\/\/jornalfatosenoticias.com.br\/wp-content\/uploads\/2020\/02\/Logo-Mizu-segunda-2-1024x99.png 1024w, https:\/\/jornalfatosenoticias.com.br\/wp-content\/uploads\/2020\/02\/Logo-Mizu-segunda-2-300x29.png 300w, https:\/\/jornalfatosenoticias.com.br\/wp-content\/uploads\/2020\/02\/Logo-Mizu-segunda-2-768x74.png 768w, https:\/\/jornalfatosenoticias.com.br\/wp-content\/uploads\/2020\/02\/Logo-Mizu-segunda-2.png 1240w\" sizes=\"auto, (max-width: 311px) 100vw, 311px\" \/><\/figure><\/div>\n\n\n\n<p>\u201cSalve o Parque\u201d \u00e9 um movimento que come\u00e7ou em 2013 com uma A\u00e7\u00e3o Popular impetrada por Andr\u00e9 Ruschi, filho de nosso querido patrono da ecologia brasileira, o teresense Augusto Ruschi, com o objetivo de reaver uma \u00e1rea de 100 mil m\u00b2 doada ao governo do Estado para ser a casa de campo do governador e que este doou para o Sistema S, em 2010, para constru\u00e7\u00e3o de um hotel, sem considerar a opini\u00e3o p\u00fablica e sem nenhum estudo de impacto sobre o empreendimento.<br>Em um contrato de comodato, o governo entregou o terreno ao munic\u00edpio para constru\u00e7\u00e3o do Parque Tem\u00e1tico Augusto Ruschi que, posteriormente, foi chamado de Parque Ecotur\u00edstico de Santa Teresa. Com dinheiro do Minist\u00e9rio do Turismo, o Parque foi constru\u00eddo e, mesmo antes de ser entregue para uso da popula\u00e7\u00e3o, o munic\u00edpio devolveu a \u00e1rea ao Estado e este doou os 100 mil m\u00b2 do Parque para o Sesc construir um hotel Senac.<\/p>\n\n\n\n<figure class=\"wp-block-image size-large\"><img loading=\"lazy\" decoding=\"async\" width=\"1000\" height=\"483\" src=\"https:\/\/jornalfatosenoticias.com.br\/wp-content\/uploads\/2022\/03\/augusto-ruschi-observando-beija-flores-arquivo-inma-museu.jpg\" alt=\"\" class=\"wp-image-28842\" srcset=\"https:\/\/jornalfatosenoticias.com.br\/wp-content\/uploads\/2022\/03\/augusto-ruschi-observando-beija-flores-arquivo-inma-museu.jpg 1000w, https:\/\/jornalfatosenoticias.com.br\/wp-content\/uploads\/2022\/03\/augusto-ruschi-observando-beija-flores-arquivo-inma-museu-300x145.jpg 300w, https:\/\/jornalfatosenoticias.com.br\/wp-content\/uploads\/2022\/03\/augusto-ruschi-observando-beija-flores-arquivo-inma-museu-768x371.jpg 768w\" sizes=\"auto, (max-width: 1000px) 100vw, 1000px\" \/><figcaption><em><span class=\"has-inline-color has-black-color\">Augusto Ruschi observando beija-flores (Foto: Arquivo\/Inma Museu)<\/span><\/em><\/figcaption><\/figure>\n\n\n\n<p>Para os l\u00edderes do movimento, o Parque foi tirado do povo para ser doado a uma institui\u00e7\u00e3o (Sesc) de Direito Privado que n\u00e3o paga impostos, recebe verba p\u00fablica para custear suas atividades e usa alunos como m\u00e3o de obra barata. Al\u00e9m disso tudo, ainda querem doar um bem do povo para a constru\u00e7\u00e3o de seus empreendimentos, fazendo do Sesc, um ente bilion\u00e1rio, com benef\u00edcios que nenhuma outra empresa recebeu. Dito isto, \u00e9 \u00f3bvio que a concorr\u00eancia ser\u00e1 desleal e a amea\u00e7a de fal\u00eancia de empreendimentos locais como restaurantes e pousadas, que investem no munic\u00edpio teresense h\u00e1 anos, ser\u00e1 grande demais. Assim como foi verificado em outras localidades, onde este hotel se instalou, a chance do munic\u00edpio perder \u2014 em v\u00e1rios aspectos \u2014 \u00e9 bem maior do que ganhar.<\/p>\n\n\n\n<div class=\"wp-block-image\"><figure class=\"aligncenter size-large\"><img decoding=\"async\" src=\"https:\/\/jornalfatosenoticias.com.br\/wp-content\/uploads\/2022\/02\/Serra-Pack-459.png\" alt=\"\" class=\"wp-image-27471\"\/><\/figure><\/div>\n\n\n\n<p>O movimento \u2018Salve o Parque\u2019 n\u00e3o \u00e9 um movimento partid\u00e1rio e nem politiqueiro. \u00c9 um movimento leg\u00edtimo do povo pelo povo. Est\u00e1 crescendo a cada dia com o apoio de ONGs ambientais, v\u00e1rios setores da sociedade civil que come\u00e7am a entender a import\u00e2ncia da preserva\u00e7\u00e3o daquela \u00e1rea para melhorar a qualidade de vida dos teresenses, de parlamentares, advogados e ve\u00edculos de comunica\u00e7\u00e3o como o<span class=\"has-inline-color has-black-color\"><strong><em> Fatos &amp; Not\u00edcias.<\/em><\/strong><\/span><\/p>\n","protected":false},"excerpt":{"rendered":"<p>Parque Tem\u00e1tico Augusto Ruschi, em Santa Teresa, corre risco de ser privatizado pelo Governo do Estadual sem consultar popula\u00e7\u00e3o do munic\u00edpio \u201cSalve o Parque\u201d \u00e9 um movimento que come\u00e7ou em 2013 com uma A\u00e7\u00e3o Popular impetrada por Andr\u00e9 Ruschi, filho de nosso querido patrono da ecologia brasileira, o teresense Augusto Ruschi, com o objetivo de [&hellip;]<\/p>\n","protected":false},"author":3,"featured_media":28843,"comment_status":"open","ping_status":"open","sticky":false,"template":"","format":"standard","meta":{"footnotes":""},"categories":[8],"tags":[11565,4851,13735,13733,13734,358],"class_list":["post-28841","post","type-post","status-publish","format-standard","has-post-thumbnail","hentry","category-meio-ambiente","tag-augusto-ruschi","tag-beija-flor","tag-naturalista-capixaba","tag-parque-tematico-augusto-ruschi","tag-salvem-o-parque","tag-santa-teresa"],"yoast_head":"<!-- This site is optimized with the Yoast SEO plugin v26.5 - https:\/\/yoast.com\/wordpress\/plugins\/seo\/ -->\n<title>Movimento \u201cSalve o Parque\u201d - Jornal Fatos e Not\u00edcias<\/title>\n<meta name=\"robots\" content=\"index, follow, max-snippet:-1, max-image-preview:large, max-video-preview:-1\" \/>\n<link rel=\"canonical\" href=\"https:\/\/jornalfatosenoticias.com.br\/index.php\/2022\/03\/17\/movimento-salvem-o-parque\/\" \/>\n<meta property=\"og:locale\" content=\"pt_BR\" \/>\n<meta property=\"og:type\" content=\"article\" \/>\n<meta property=\"og:title\" content=\"Movimento \u201cSalve o Parque\u201d - Jornal Fatos e Not\u00edcias\" \/>\n<meta property=\"og:description\" content=\"Parque Tem\u00e1tico Augusto Ruschi, em Santa Teresa, corre risco de ser privatizado pelo Governo do Estadual sem consultar popula\u00e7\u00e3o do munic\u00edpio \u201cSalve o Parque\u201d \u00e9 um movimento que come\u00e7ou em 2013 com uma A\u00e7\u00e3o Popular impetrada por Andr\u00e9 Ruschi, filho de nosso querido patrono da ecologia brasileira, o teresense Augusto Ruschi, com o objetivo de [&hellip;]\" \/>\n<meta property=\"og:url\" content=\"https:\/\/jornalfatosenoticias.com.br\/index.php\/2022\/03\/17\/movimento-salvem-o-parque\/\" \/>\n<meta property=\"og:site_name\" content=\"Jornal Fatos e Not\u00edcias\" \/>\n<meta property=\"article:published_time\" content=\"2022-03-17T16:30:30+00:00\" \/>\n<meta property=\"article:modified_time\" content=\"2022-03-17T17:15:59+00:00\" \/>\n<meta property=\"og:image\" content=\"https:\/\/jornalfatosenoticias.com.br\/wp-content\/uploads\/2022\/03\/santa-teresa_carmen-barcelos.jpg\" \/>\n\t<meta property=\"og:image:width\" content=\"640\" \/>\n\t<meta property=\"og:image:height\" content=\"352\" \/>\n\t<meta property=\"og:image:type\" content=\"image\/jpeg\" \/>\n<meta name=\"author\" content=\"Haroldo Filho\" \/>\n<meta name=\"twitter:card\" content=\"summary_large_image\" \/>\n<meta name=\"twitter:label1\" content=\"Escrito por\" \/>\n\t<meta name=\"twitter:data1\" content=\"Haroldo Filho\" \/>\n\t<meta name=\"twitter:label2\" content=\"Est. tempo de leitura\" \/>\n\t<meta name=\"twitter:data2\" content=\"2 minutos\" \/>\n<script type=\"application\/ld+json\" class=\"yoast-schema-graph\">{\"@context\":\"https:\/\/schema.org\",\"@graph\":[{\"@type\":\"Article\",\"@id\":\"https:\/\/jornalfatosenoticias.com.br\/index.php\/2022\/03\/17\/movimento-salvem-o-parque\/#article\",\"isPartOf\":{\"@id\":\"https:\/\/jornalfatosenoticias.com.br\/index.php\/2022\/03\/17\/movimento-salvem-o-parque\/\"},\"author\":{\"name\":\"Haroldo Filho\",\"@id\":\"https:\/\/jornalfatosenoticias.com.br\/#\/schema\/person\/05c46cc25b42a5c27e004fb0fa6b4965\"},\"headline\":\"Movimento \u201cSalve o Parque\u201d\",\"datePublished\":\"2022-03-17T16:30:30+00:00\",\"dateModified\":\"2022-03-17T17:15:59+00:00\",\"mainEntityOfPage\":{\"@id\":\"https:\/\/jornalfatosenoticias.com.br\/index.php\/2022\/03\/17\/movimento-salvem-o-parque\/\"},\"wordCount\":413,\"commentCount\":0,\"publisher\":{\"@id\":\"https:\/\/jornalfatosenoticias.com.br\/#organization\"},\"image\":{\"@id\":\"https:\/\/jornalfatosenoticias.com.br\/index.php\/2022\/03\/17\/movimento-salvem-o-parque\/#primaryimage\"},\"thumbnailUrl\":\"https:\/\/jornalfatosenoticias.com.br\/wp-content\/uploads\/2022\/03\/santa-teresa_carmen-barcelos.jpg\",\"keywords\":[\"Augusto Ruschi\",\"beija-flor\",\"naturalista capixaba\",\"Parque Tem\u00e1tico Augusto Ruschi\",\"Salvem o Parque\",\"Santa Teresa\"],\"articleSection\":[\"Meio ambiente\"],\"inLanguage\":\"pt-BR\",\"potentialAction\":[{\"@type\":\"CommentAction\",\"name\":\"Comment\",\"target\":[\"https:\/\/jornalfatosenoticias.com.br\/index.php\/2022\/03\/17\/movimento-salvem-o-parque\/#respond\"]}]},{\"@type\":\"WebPage\",\"@id\":\"https:\/\/jornalfatosenoticias.com.br\/index.php\/2022\/03\/17\/movimento-salvem-o-parque\/\",\"url\":\"https:\/\/jornalfatosenoticias.com.br\/index.php\/2022\/03\/17\/movimento-salvem-o-parque\/\",\"name\":\"Movimento \u201cSalve o Parque\u201d - Jornal Fatos e Not\u00edcias\",\"isPartOf\":{\"@id\":\"https:\/\/jornalfatosenoticias.com.br\/#website\"},\"primaryImageOfPage\":{\"@id\":\"https:\/\/jornalfatosenoticias.com.br\/index.php\/2022\/03\/17\/movimento-salvem-o-parque\/#primaryimage\"},\"image\":{\"@id\":\"https:\/\/jornalfatosenoticias.com.br\/index.php\/2022\/03\/17\/movimento-salvem-o-parque\/#primaryimage\"},\"thumbnailUrl\":\"https:\/\/jornalfatosenoticias.com.br\/wp-content\/uploads\/2022\/03\/santa-teresa_carmen-barcelos.jpg\",\"datePublished\":\"2022-03-17T16:30:30+00:00\",\"dateModified\":\"2022-03-17T17:15:59+00:00\",\"breadcrumb\":{\"@id\":\"https:\/\/jornalfatosenoticias.com.br\/index.php\/2022\/03\/17\/movimento-salvem-o-parque\/#breadcrumb\"},\"inLanguage\":\"pt-BR\",\"potentialAction\":[{\"@type\":\"ReadAction\",\"target\":[\"https:\/\/jornalfatosenoticias.com.br\/index.php\/2022\/03\/17\/movimento-salvem-o-parque\/\"]}]},{\"@type\":\"ImageObject\",\"inLanguage\":\"pt-BR\",\"@id\":\"https:\/\/jornalfatosenoticias.com.br\/index.php\/2022\/03\/17\/movimento-salvem-o-parque\/#primaryimage\",\"url\":\"https:\/\/jornalfatosenoticias.com.br\/wp-content\/uploads\/2022\/03\/santa-teresa_carmen-barcelos.jpg\",\"contentUrl\":\"https:\/\/jornalfatosenoticias.com.br\/wp-content\/uploads\/2022\/03\/santa-teresa_carmen-barcelos.jpg\",\"width\":640,\"height\":352},{\"@type\":\"BreadcrumbList\",\"@id\":\"https:\/\/jornalfatosenoticias.com.br\/index.php\/2022\/03\/17\/movimento-salvem-o-parque\/#breadcrumb\",\"itemListElement\":[{\"@type\":\"ListItem\",\"position\":1,\"name\":\"In\u00edcio\",\"item\":\"https:\/\/jornalfatosenoticias.com.br\/\"},{\"@type\":\"ListItem\",\"position\":2,\"name\":\"Movimento \u201cSalve o Parque\u201d\"}]},{\"@type\":\"WebSite\",\"@id\":\"https:\/\/jornalfatosenoticias.com.br\/#website\",\"url\":\"https:\/\/jornalfatosenoticias.com.br\/\",\"name\":\"Jornal Fatos e Not\u00edcias\",\"description\":\"Not\u00edcias em geral\",\"publisher\":{\"@id\":\"https:\/\/jornalfatosenoticias.com.br\/#organization\"},\"potentialAction\":[{\"@type\":\"SearchAction\",\"target\":{\"@type\":\"EntryPoint\",\"urlTemplate\":\"https:\/\/jornalfatosenoticias.com.br\/?s={search_term_string}\"},\"query-input\":{\"@type\":\"PropertyValueSpecification\",\"valueRequired\":true,\"valueName\":\"search_term_string\"}}],\"inLanguage\":\"pt-BR\"},{\"@type\":\"Organization\",\"@id\":\"https:\/\/jornalfatosenoticias.com.br\/#organization\",\"name\":\"Jornal Fatos e Not\u00edcias\",\"url\":\"https:\/\/jornalfatosenoticias.com.br\/\",\"logo\":{\"@type\":\"ImageObject\",\"inLanguage\":\"pt-BR\",\"@id\":\"https:\/\/jornalfatosenoticias.com.br\/#\/schema\/logo\/image\/\",\"url\":\"https:\/\/jornalfatosenoticias.com.br\/wp-content\/uploads\/2020\/02\/logo120.png\",\"contentUrl\":\"https:\/\/jornalfatosenoticias.com.br\/wp-content\/uploads\/2020\/02\/logo120.png\",\"width\":1227,\"height\":120,\"caption\":\"Jornal Fatos e Not\u00edcias\"},\"image\":{\"@id\":\"https:\/\/jornalfatosenoticias.com.br\/#\/schema\/logo\/image\/\"}},{\"@type\":\"Person\",\"@id\":\"https:\/\/jornalfatosenoticias.com.br\/#\/schema\/person\/05c46cc25b42a5c27e004fb0fa6b4965\",\"name\":\"Haroldo Filho\",\"image\":{\"@type\":\"ImageObject\",\"inLanguage\":\"pt-BR\",\"@id\":\"https:\/\/jornalfatosenoticias.com.br\/#\/schema\/person\/image\/\",\"url\":\"https:\/\/jornalfatosenoticias.com.br\/wp-content\/uploads\/2025\/08\/WhatsApp-Image-2025-08-18-at-15.30.28-150x150.jpeg\",\"contentUrl\":\"https:\/\/jornalfatosenoticias.com.br\/wp-content\/uploads\/2025\/08\/WhatsApp-Image-2025-08-18-at-15.30.28-150x150.jpeg\",\"caption\":\"Haroldo Filho\"},\"description\":\"Jornalista \u2013 DRT: 0003818\/ES Coordenador-geral da ONG Educar para Crescer\",\"url\":\"https:\/\/jornalfatosenoticias.com.br\/index.php\/author\/haroldo\/\"}]}<\/script>\n<!-- \/ Yoast SEO plugin. -->","yoast_head_json":{"title":"Movimento \u201cSalve o Parque\u201d - Jornal Fatos e Not\u00edcias","robots":{"index":"index","follow":"follow","max-snippet":"max-snippet:-1","max-image-preview":"max-image-preview:large","max-video-preview":"max-video-preview:-1"},"canonical":"https:\/\/jornalfatosenoticias.com.br\/index.php\/2022\/03\/17\/movimento-salvem-o-parque\/","og_locale":"pt_BR","og_type":"article","og_title":"Movimento \u201cSalve o Parque\u201d - Jornal Fatos e Not\u00edcias","og_description":"Parque Tem\u00e1tico Augusto Ruschi, em Santa Teresa, corre risco de ser privatizado pelo Governo do Estadual sem consultar popula\u00e7\u00e3o do munic\u00edpio \u201cSalve o Parque\u201d \u00e9 um movimento que come\u00e7ou em 2013 com uma A\u00e7\u00e3o Popular impetrada por Andr\u00e9 Ruschi, filho de nosso querido patrono da ecologia brasileira, o teresense Augusto Ruschi, com o objetivo de [&hellip;]","og_url":"https:\/\/jornalfatosenoticias.com.br\/index.php\/2022\/03\/17\/movimento-salvem-o-parque\/","og_site_name":"Jornal Fatos e Not\u00edcias","article_published_time":"2022-03-17T16:30:30+00:00","article_modified_time":"2022-03-17T17:15:59+00:00","og_image":[{"width":640,"height":352,"url":"https:\/\/jornalfatosenoticias.com.br\/wp-content\/uploads\/2022\/03\/santa-teresa_carmen-barcelos.jpg","type":"image\/jpeg"}],"author":"Haroldo Filho","twitter_card":"summary_large_image","twitter_misc":{"Escrito por":"Haroldo Filho","Est. tempo de leitura":"2 minutos"},"schema":{"@context":"https:\/\/schema.org","@graph":[{"@type":"Article","@id":"https:\/\/jornalfatosenoticias.com.br\/index.php\/2022\/03\/17\/movimento-salvem-o-parque\/#article","isPartOf":{"@id":"https:\/\/jornalfatosenoticias.com.br\/index.php\/2022\/03\/17\/movimento-salvem-o-parque\/"},"author":{"name":"Haroldo Filho","@id":"https:\/\/jornalfatosenoticias.com.br\/#\/schema\/person\/05c46cc25b42a5c27e004fb0fa6b4965"},"headline":"Movimento \u201cSalve o Parque\u201d","datePublished":"2022-03-17T16:30:30+00:00","dateModified":"2022-03-17T17:15:59+00:00","mainEntityOfPage":{"@id":"https:\/\/jornalfatosenoticias.com.br\/index.php\/2022\/03\/17\/movimento-salvem-o-parque\/"},"wordCount":413,"commentCount":0,"publisher":{"@id":"https:\/\/jornalfatosenoticias.com.br\/#organization"},"image":{"@id":"https:\/\/jornalfatosenoticias.com.br\/index.php\/2022\/03\/17\/movimento-salvem-o-parque\/#primaryimage"},"thumbnailUrl":"https:\/\/jornalfatosenoticias.com.br\/wp-content\/uploads\/2022\/03\/santa-teresa_carmen-barcelos.jpg","keywords":["Augusto Ruschi","beija-flor","naturalista capixaba","Parque Tem\u00e1tico Augusto Ruschi","Salvem o Parque","Santa Teresa"],"articleSection":["Meio ambiente"],"inLanguage":"pt-BR","potentialAction":[{"@type":"CommentAction","name":"Comment","target":["https:\/\/jornalfatosenoticias.com.br\/index.php\/2022\/03\/17\/movimento-salvem-o-parque\/#respond"]}]},{"@type":"WebPage","@id":"https:\/\/jornalfatosenoticias.com.br\/index.php\/2022\/03\/17\/movimento-salvem-o-parque\/","url":"https:\/\/jornalfatosenoticias.com.br\/index.php\/2022\/03\/17\/movimento-salvem-o-parque\/","name":"Movimento \u201cSalve o Parque\u201d - Jornal Fatos e Not\u00edcias","isPartOf":{"@id":"https:\/\/jornalfatosenoticias.com.br\/#website"},"primaryImageOfPage":{"@id":"https:\/\/jornalfatosenoticias.com.br\/index.php\/2022\/03\/17\/movimento-salvem-o-parque\/#primaryimage"},"image":{"@id":"https:\/\/jornalfatosenoticias.com.br\/index.php\/2022\/03\/17\/movimento-salvem-o-parque\/#primaryimage"},"thumbnailUrl":"https:\/\/jornalfatosenoticias.com.br\/wp-content\/uploads\/2022\/03\/santa-teresa_carmen-barcelos.jpg","datePublished":"2022-03-17T16:30:30+00:00","dateModified":"2022-03-17T17:15:59+00:00","breadcrumb":{"@id":"https:\/\/jornalfatosenoticias.com.br\/index.php\/2022\/03\/17\/movimento-salvem-o-parque\/#breadcrumb"},"inLanguage":"pt-BR","potentialAction":[{"@type":"ReadAction","target":["https:\/\/jornalfatosenoticias.com.br\/index.php\/2022\/03\/17\/movimento-salvem-o-parque\/"]}]},{"@type":"ImageObject","inLanguage":"pt-BR","@id":"https:\/\/jornalfatosenoticias.com.br\/index.php\/2022\/03\/17\/movimento-salvem-o-parque\/#primaryimage","url":"https:\/\/jornalfatosenoticias.com.br\/wp-content\/uploads\/2022\/03\/santa-teresa_carmen-barcelos.jpg","contentUrl":"https:\/\/jornalfatosenoticias.com.br\/wp-content\/uploads\/2022\/03\/santa-teresa_carmen-barcelos.jpg","width":640,"height":352},{"@type":"BreadcrumbList","@id":"https:\/\/jornalfatosenoticias.com.br\/index.php\/2022\/03\/17\/movimento-salvem-o-parque\/#breadcrumb","itemListElement":[{"@type":"ListItem","position":1,"name":"In\u00edcio","item":"https:\/\/jornalfatosenoticias.com.br\/"},{"@type":"ListItem","position":2,"name":"Movimento \u201cSalve o Parque\u201d"}]},{"@type":"WebSite","@id":"https:\/\/jornalfatosenoticias.com.br\/#website","url":"https:\/\/jornalfatosenoticias.com.br\/","name":"Jornal Fatos e Not\u00edcias","description":"Not\u00edcias em geral","publisher":{"@id":"https:\/\/jornalfatosenoticias.com.br\/#organization"},"potentialAction":[{"@type":"SearchAction","target":{"@type":"EntryPoint","urlTemplate":"https:\/\/jornalfatosenoticias.com.br\/?s={search_term_string}"},"query-input":{"@type":"PropertyValueSpecification","valueRequired":true,"valueName":"search_term_string"}}],"inLanguage":"pt-BR"},{"@type":"Organization","@id":"https:\/\/jornalfatosenoticias.com.br\/#organization","name":"Jornal Fatos e Not\u00edcias","url":"https:\/\/jornalfatosenoticias.com.br\/","logo":{"@type":"ImageObject","inLanguage":"pt-BR","@id":"https:\/\/jornalfatosenoticias.com.br\/#\/schema\/logo\/image\/","url":"https:\/\/jornalfatosenoticias.com.br\/wp-content\/uploads\/2020\/02\/logo120.png","contentUrl":"https:\/\/jornalfatosenoticias.com.br\/wp-content\/uploads\/2020\/02\/logo120.png","width":1227,"height":120,"caption":"Jornal Fatos e Not\u00edcias"},"image":{"@id":"https:\/\/jornalfatosenoticias.com.br\/#\/schema\/logo\/image\/"}},{"@type":"Person","@id":"https:\/\/jornalfatosenoticias.com.br\/#\/schema\/person\/05c46cc25b42a5c27e004fb0fa6b4965","name":"Haroldo Filho","image":{"@type":"ImageObject","inLanguage":"pt-BR","@id":"https:\/\/jornalfatosenoticias.com.br\/#\/schema\/person\/image\/","url":"https:\/\/jornalfatosenoticias.com.br\/wp-content\/uploads\/2025\/08\/WhatsApp-Image-2025-08-18-at-15.30.28-150x150.jpeg","contentUrl":"https:\/\/jornalfatosenoticias.com.br\/wp-content\/uploads\/2025\/08\/WhatsApp-Image-2025-08-18-at-15.30.28-150x150.jpeg","caption":"Haroldo Filho"},"description":"Jornalista \u2013 DRT: 0003818\/ES Coordenador-geral da ONG Educar para Crescer","url":"https:\/\/jornalfatosenoticias.com.br\/index.php\/author\/haroldo\/"}]}},"cc_featured_image_caption":{"caption_text":"(Foto: Carmem Barcelos)","source_text":"","source_url":""},"jetpack_featured_media_url":"https:\/\/jornalfatosenoticias.com.br\/wp-content\/uploads\/2022\/03\/santa-teresa_carmen-barcelos.jpg","_links":{"self":[{"href":"https:\/\/jornalfatosenoticias.com.br\/index.php\/wp-json\/wp\/v2\/posts\/28841","targetHints":{"allow":["GET"]}}],"collection":[{"href":"https:\/\/jornalfatosenoticias.com.br\/index.php\/wp-json\/wp\/v2\/posts"}],"about":[{"href":"https:\/\/jornalfatosenoticias.com.br\/index.php\/wp-json\/wp\/v2\/types\/post"}],"author":[{"embeddable":true,"href":"https:\/\/jornalfatosenoticias.com.br\/index.php\/wp-json\/wp\/v2\/users\/3"}],"replies":[{"embeddable":true,"href":"https:\/\/jornalfatosenoticias.com.br\/index.php\/wp-json\/wp\/v2\/comments?post=28841"}],"version-history":[{"count":0,"href":"https:\/\/jornalfatosenoticias.com.br\/index.php\/wp-json\/wp\/v2\/posts\/28841\/revisions"}],"wp:featuredmedia":[{"embeddable":true,"href":"https:\/\/jornalfatosenoticias.com.br\/index.php\/wp-json\/wp\/v2\/media\/28843"}],"wp:attachment":[{"href":"https:\/\/jornalfatosenoticias.com.br\/index.php\/wp-json\/wp\/v2\/media?parent=28841"}],"wp:term":[{"taxonomy":"category","embeddable":true,"href":"https:\/\/jornalfatosenoticias.com.br\/index.php\/wp-json\/wp\/v2\/categories?post=28841"},{"taxonomy":"post_tag","embeddable":true,"href":"https:\/\/jornalfatosenoticias.com.br\/index.php\/wp-json\/wp\/v2\/tags?post=28841"}],"curies":[{"name":"wp","href":"https:\/\/api.w.org\/{rel}","templated":true}]}}