{"id":28845,"date":"2022-03-17T13:42:10","date_gmt":"2022-03-17T16:42:10","guid":{"rendered":"https:\/\/jornalfatosenoticias.com.br\/?p=28845"},"modified":"2022-03-17T13:42:11","modified_gmt":"2022-03-17T16:42:11","slug":"voce-sabe-o-que-e-empatia","status":"publish","type":"post","link":"https:\/\/jornalfatosenoticias.com.br\/index.php\/2022\/03\/17\/voce-sabe-o-que-e-empatia\/","title":{"rendered":"Voc\u00ea sabe o que \u00e9 EMPATIA?"},"content":{"rendered":"\n<p><em><span class=\"has-inline-color has-luminous-vivid-orange-color\"><strong>Coluna <\/strong>\u2014 Na Minha Opini\u00e3o<\/span><\/em><\/p>\n\n\n\n<div class=\"wp-block-image\"><figure class=\"aligncenter size-large is-resized\"><img loading=\"lazy\" decoding=\"async\" src=\"https:\/\/jornalfatosenoticias.com.br\/wp-content\/uploads\/2020\/02\/Serra-Grande-1024x160.png\" alt=\"\" class=\"wp-image-7836\" width=\"340\" height=\"53\"\/><\/figure><\/div>\n\n\n\n<p>Recentemente a classe pol\u00edtica reagiu com vigor a uma exposi\u00e7\u00e3o p\u00fablica de \u00e1udio encaminhado pelo deputado estadual por S\u00e3o Paulo, Arthur do Val, conhecido como \u201cMam\u00e3e Falei\u201d, em grupo privado de WhatsApp, onde ele manifesta a percep\u00e7\u00e3o que teve em viagem \u00e0 fronteira da Ucr\u00e2nia, que est\u00e1 em Guerra com a R\u00fassia.<br>Em raz\u00e3o da invas\u00e3o russa \u00e0 Ucr\u00e2nia, sua popula\u00e7\u00e3o est\u00e1 sendo for\u00e7ada a deixar o pa\u00eds, ocorrendo a separa\u00e7\u00e3o das fam\u00edlias, j\u00e1 que os homens ucranianos com idade entre 18 e 60 anos est\u00e3o impedidos de deixar o pa\u00eds.<br>Alegando ter viajado para prestar ajuda humanit\u00e1ria ao povo ucraniano, Arthur do Val teceu coment\u00e1rios maldosos sobre as mulheres ucranianas, dizendo que elas s\u00e3o f\u00e1ceis, porque s\u00e3o pobres. Para quem n\u00e3o conhece Arthur do Val, ele faz parte do Movimento Brasil Livre, que hoje mais se identifica como o Movimento do Kim Kataguiri, que se elegeu deputado federal com base na amplitude da exposi\u00e7\u00e3o que o trabalho dele alcan\u00e7ou com as articula\u00e7\u00f5es que pediam o impeachment da presidente Dilma Rousseff.<\/p>\n\n\n\n<div class=\"wp-block-image\"><figure class=\"aligncenter size-large is-resized\"><img loading=\"lazy\" decoding=\"async\" src=\"https:\/\/jornalfatosenoticias.com.br\/wp-content\/uploads\/2022\/02\/Banner-1-1024x101.png\" alt=\"\" class=\"wp-image-27923\" width=\"377\" height=\"36\"\/><\/figure><\/div>\n\n\n\n<figure class=\"wp-block-image size-large\"><img loading=\"lazy\" decoding=\"async\" width=\"758\" height=\"1000\" src=\"https:\/\/jornalfatosenoticias.com.br\/wp-content\/uploads\/2022\/03\/neucimar-fraga-em-grupo-de-whatsapp.jpg\" alt=\"\" class=\"wp-image-28846\" srcset=\"https:\/\/jornalfatosenoticias.com.br\/wp-content\/uploads\/2022\/03\/neucimar-fraga-em-grupo-de-whatsapp.jpg 758w, https:\/\/jornalfatosenoticias.com.br\/wp-content\/uploads\/2022\/03\/neucimar-fraga-em-grupo-de-whatsapp-227x300.jpg 227w\" sizes=\"auto, (max-width: 758px) 100vw, 758px\" \/><figcaption><em><span class=\"has-inline-color has-black-color\">Mensagem compartilhada pelo deputado Neucimar Fraga em grupo de WhatsApp (Foto: Reprodu\u00e7\u00e3o\/WhatsApp)<\/span><\/em><\/figcaption><\/figure>\n\n\n\n<div class=\"wp-block-image\"><figure class=\"aligncenter size-large is-resized\"><img loading=\"lazy\" decoding=\"async\" src=\"https:\/\/jornalfatosenoticias.com.br\/wp-content\/uploads\/2020\/02\/banner_ferramentas-1024x100.jpg\" alt=\"\" class=\"wp-image-1258\" width=\"482\" height=\"46\" srcset=\"https:\/\/jornalfatosenoticias.com.br\/wp-content\/uploads\/2020\/02\/banner_ferramentas-1024x100.jpg 1024w, https:\/\/jornalfatosenoticias.com.br\/wp-content\/uploads\/2020\/02\/banner_ferramentas-300x29.jpg 300w, https:\/\/jornalfatosenoticias.com.br\/wp-content\/uploads\/2020\/02\/banner_ferramentas-768x75.jpg 768w, https:\/\/jornalfatosenoticias.com.br\/wp-content\/uploads\/2020\/02\/banner_ferramentas.jpg 1227w\" sizes=\"auto, (max-width: 482px) 100vw, 482px\" \/><\/figure><\/div>\n\n\n\n<p>O deputado federal Neucimar Fraga, este do Esp\u00edrito Santo, para nossa tristeza, tamb\u00e9m demonstrou falta de sensibilidade e aus\u00eancia de considera\u00e7\u00e3o pelo sofrimento do povo ucraniano, principalmente das mulheres, que est\u00e3o sendo expostas a todo tipo de humilha\u00e7\u00e3o e constrangimento e, porque n\u00e3o dizer, com suas vidas sujeitas ao risco iminente da morte.<br>Num ambiente de guerra, onde pessoas est\u00e3o morrendo como v\u00edtimas de balas e explos\u00f5es, onde mulheres s\u00e3o violentadas, onde crian\u00e7as e velhos n\u00e3o s\u00e3o preservados, algu\u00e9m consegue olhar para esse cen\u00e1rio e ver beleza, e ver gra\u00e7a capaz de gerar piada de mal gosto. O comportamento das nobres autoridades \u00e9, no m\u00ednimo, desconfort\u00e1vel, gerando indigna\u00e7\u00e3o em muita gente.<br>Existem situa\u00e7\u00f5es do dia a dia onde as pessoas t\u00eam sua intimidade desnudada e, muitas vezes, acabam mostrando um lado obscuro e abjeto, que escondiam debaixo de sua vida social. Na intimidade alguns homens p\u00fablicos t\u00eam mostrado que seus gestos n\u00e3o s\u00e3o dignos de serem al\u00e7ados \u00e0 condi\u00e7\u00e3o de representantes do povo brasileiro.<\/p>\n\n\n\n<div class=\"wp-block-image\"><figure class=\"aligncenter size-large is-resized\"><img loading=\"lazy\" decoding=\"async\" src=\"https:\/\/jornalfatosenoticias.com.br\/wp-content\/uploads\/2022\/03\/logo-Suinco-1024x390.jpg\" alt=\"\" class=\"wp-image-28785\" width=\"367\" height=\"139\"\/><\/figure><\/div>\n\n\n\n<p>O caso tamb\u00e9m acaba abrindo espa\u00e7o para oportunistas de plant\u00e3o, que abrem suas bocas para criticar as condutas indecorosas dos citados pol\u00edticos, cabendo aqui o uso de um ditado popular muito difundido entre os matutos, que costumam dizer: \u201cO macaco senta sobre o pr\u00f3prio rabo e critica o rabo do outro\u201d.<br>N\u00e3o precisamos ir longe para vermos exemplos de pol\u00edtico que abandonou a esposa ap\u00f3s o resultado das elei\u00e7\u00f5es, logo que descobriu ter sido agraciado com um mandato parlamentar. Outros, saem por a\u00ed anunciando em alto e bom tom que s\u00e3o defensores da fam\u00edlia, enquanto h\u00e1 boatos de que as fam\u00edlias deles n\u00e3o s\u00e3o preservadas e que os mesmos n\u00e3o vivem intensamente uma rela\u00e7\u00e3o familiar est\u00e1vel.<br>Voltando ao foco principal de nosso texto, que \u00e9 conceituar empatia, o dicion\u00e1rio virtual nos socorre para declarar que empatia \u00e9 a capacidade de se colocar no lugar de outra pessoa. \u00c9 a capacidade de se identificar emocionalmente com o outro.<\/p>\n\n\n\n<div class=\"wp-block-image\"><figure class=\"aligncenter size-large is-resized\"><img loading=\"lazy\" decoding=\"async\" src=\"https:\/\/jornalfatosenoticias.com.br\/wp-content\/uploads\/2022\/02\/Arte-Autoescola-Galatas_endereco_portal-1024x103.png\" alt=\"\" class=\"wp-image-27869\" width=\"398\" height=\"40\" srcset=\"https:\/\/jornalfatosenoticias.com.br\/wp-content\/uploads\/2022\/02\/Arte-Autoescola-Galatas_endereco_portal-1024x103.png 1024w, https:\/\/jornalfatosenoticias.com.br\/wp-content\/uploads\/2022\/02\/Arte-Autoescola-Galatas_endereco_portal-300x30.png 300w, https:\/\/jornalfatosenoticias.com.br\/wp-content\/uploads\/2022\/02\/Arte-Autoescola-Galatas_endereco_portal-768x77.png 768w, https:\/\/jornalfatosenoticias.com.br\/wp-content\/uploads\/2022\/02\/Arte-Autoescola-Galatas_endereco_portal.png 1223w\" sizes=\"auto, (max-width: 398px) 100vw, 398px\" \/><\/figure><\/div>\n\n\n\n<p>Nesse quesito, a nota \u00e9 zero para as ilustres autoridades p\u00fablicas que \u2014 a despeito de saberem que a popula\u00e7\u00e3o ucraniana est\u00e1 enfrentando uma Guerra, onde vidas est\u00e3o sendo ceifadas, onde fam\u00edlias est\u00e3o sendo destru\u00eddas \u2014 e, as mulheres, certamente m\u00e3es, esposas, filhas, irm\u00e3s, est\u00e3o enfrentando o risco da morte durante todo o tempo, s\u00e3o v\u00edtimas de canalhices e manifesta\u00e7\u00f5es machistas e aviltantes, como foi tornado p\u00fablico nos \u00faltimos dias.<br>Que DEUS tenha Piedade do povo ucraniano, que est\u00e1 sendo impedido de exercer a Liberdade e de escolher o seu pr\u00f3prio destino. Desejo que o mundo possa olhar para essa gente e ter consci\u00eancia da dimens\u00e3o dos danos que est\u00e3o sofrendo, e que possam contar com a nossa condol\u00eancia e respeito, pois \u00e9 o que cada um de n\u00f3s pode fazer com rela\u00e7\u00e3o \u00e0 Ucr\u00e2nia.<\/p>\n\n\n\n<div class=\"wp-block-image\"><figure class=\"alignleft size-large is-resized\"><img loading=\"lazy\" decoding=\"async\" src=\"https:\/\/jornalfatosenoticias.com.br\/wp-content\/uploads\/2022\/03\/delegado_Marcio2-removebg-preview.png\" alt=\"\" class=\"wp-image-28454\" width=\"278\" height=\"270\" srcset=\"https:\/\/jornalfatosenoticias.com.br\/wp-content\/uploads\/2022\/03\/delegado_Marcio2-removebg-preview.png 507w, https:\/\/jornalfatosenoticias.com.br\/wp-content\/uploads\/2022\/03\/delegado_Marcio2-removebg-preview-300x291.png 300w\" sizes=\"auto, (max-width: 278px) 100vw, 278px\" \/><figcaption><span class=\"has-inline-color has-black-color\"><em>Delegado Federal M\u00e1rcio Greik<\/em><br><\/span><\/figcaption><\/figure><\/div>\n","protected":false},"excerpt":{"rendered":"<p>Coluna \u2014 Na Minha Opini\u00e3o Recentemente a classe pol\u00edtica reagiu com vigor a uma exposi\u00e7\u00e3o p\u00fablica de \u00e1udio encaminhado pelo deputado estadual por S\u00e3o Paulo, Arthur do Val, conhecido como \u201cMam\u00e3e Falei\u201d, em grupo privado de WhatsApp, onde ele manifesta a percep\u00e7\u00e3o que teve em viagem \u00e0 fronteira da Ucr\u00e2nia, que est\u00e1 em Guerra com [&hellip;]<\/p>\n","protected":false},"author":2,"featured_media":28847,"comment_status":"open","ping_status":"open","sticky":false,"template":"","format":"standard","meta":{"footnotes":""},"categories":[10],"tags":[13737,13736,342,13738,13000,13739],"class_list":["post-28845","post","type-post","status-publish","format-standard","has-post-thumbnail","hentry","category-politica","tag-arthur-do-val","tag-classe-politica","tag-empatia","tag-falas-sexistas","tag-neucimar-fraga","tag-sexismo"],"yoast_head":"<!-- This site is optimized with the Yoast SEO plugin v26.5 - https:\/\/yoast.com\/wordpress\/plugins\/seo\/ -->\n<title>Voc\u00ea sabe o que \u00e9 EMPATIA? - Jornal Fatos e Not\u00edcias<\/title>\n<meta name=\"robots\" content=\"index, follow, max-snippet:-1, max-image-preview:large, max-video-preview:-1\" \/>\n<link rel=\"canonical\" href=\"https:\/\/jornalfatosenoticias.com.br\/index.php\/2022\/03\/17\/voce-sabe-o-que-e-empatia\/\" \/>\n<meta property=\"og:locale\" content=\"pt_BR\" \/>\n<meta property=\"og:type\" content=\"article\" \/>\n<meta property=\"og:title\" content=\"Voc\u00ea sabe o que \u00e9 EMPATIA? - Jornal Fatos e Not\u00edcias\" \/>\n<meta property=\"og:description\" content=\"Coluna \u2014 Na Minha Opini\u00e3o Recentemente a classe pol\u00edtica reagiu com vigor a uma exposi\u00e7\u00e3o p\u00fablica de \u00e1udio encaminhado pelo deputado estadual por S\u00e3o Paulo, Arthur do Val, conhecido como \u201cMam\u00e3e Falei\u201d, em grupo privado de WhatsApp, onde ele manifesta a percep\u00e7\u00e3o que teve em viagem \u00e0 fronteira da Ucr\u00e2nia, que est\u00e1 em Guerra com [&hellip;]\" \/>\n<meta property=\"og:url\" content=\"https:\/\/jornalfatosenoticias.com.br\/index.php\/2022\/03\/17\/voce-sabe-o-que-e-empatia\/\" \/>\n<meta property=\"og:site_name\" content=\"Jornal Fatos e Not\u00edcias\" \/>\n<meta property=\"article:published_time\" content=\"2022-03-17T16:42:10+00:00\" \/>\n<meta property=\"article:modified_time\" content=\"2022-03-17T16:42:11+00:00\" \/>\n<meta property=\"og:image\" content=\"https:\/\/jornalfatosenoticias.com.br\/wp-content\/uploads\/2022\/03\/arthur-do-val.jpg\" \/>\n\t<meta property=\"og:image:width\" content=\"1000\" \/>\n\t<meta property=\"og:image:height\" content=\"562\" \/>\n\t<meta property=\"og:image:type\" content=\"image\/jpeg\" \/>\n<meta name=\"author\" content=\"Luzimara Fernandes\" \/>\n<meta name=\"twitter:card\" content=\"summary_large_image\" \/>\n<meta name=\"twitter:label1\" content=\"Escrito por\" \/>\n\t<meta name=\"twitter:data1\" content=\"Luzimara Fernandes\" \/>\n\t<meta name=\"twitter:label2\" content=\"Est. tempo de leitura\" \/>\n\t<meta name=\"twitter:data2\" content=\"4 minutos\" \/>\n<script type=\"application\/ld+json\" class=\"yoast-schema-graph\">{\"@context\":\"https:\/\/schema.org\",\"@graph\":[{\"@type\":\"Article\",\"@id\":\"https:\/\/jornalfatosenoticias.com.br\/index.php\/2022\/03\/17\/voce-sabe-o-que-e-empatia\/#article\",\"isPartOf\":{\"@id\":\"https:\/\/jornalfatosenoticias.com.br\/index.php\/2022\/03\/17\/voce-sabe-o-que-e-empatia\/\"},\"author\":{\"name\":\"Luzimara Fernandes\",\"@id\":\"https:\/\/jornalfatosenoticias.com.br\/#\/schema\/person\/d63837fa13ac8666eb9e74e0985d6f81\"},\"headline\":\"Voc\u00ea sabe o que \u00e9 EMPATIA?\",\"datePublished\":\"2022-03-17T16:42:10+00:00\",\"dateModified\":\"2022-03-17T16:42:11+00:00\",\"mainEntityOfPage\":{\"@id\":\"https:\/\/jornalfatosenoticias.com.br\/index.php\/2022\/03\/17\/voce-sabe-o-que-e-empatia\/\"},\"wordCount\":736,\"commentCount\":0,\"publisher\":{\"@id\":\"https:\/\/jornalfatosenoticias.com.br\/#organization\"},\"image\":{\"@id\":\"https:\/\/jornalfatosenoticias.com.br\/index.php\/2022\/03\/17\/voce-sabe-o-que-e-empatia\/#primaryimage\"},\"thumbnailUrl\":\"https:\/\/jornalfatosenoticias.com.br\/wp-content\/uploads\/2022\/03\/arthur-do-val.jpg\",\"keywords\":[\"Arthur do Val\",\"classe pol\u00edtica\",\"empatia\",\"falas sexistas\",\"Neucimar Fraga\",\"sexismo\"],\"articleSection\":[\"Pol\u00edtica\"],\"inLanguage\":\"pt-BR\",\"potentialAction\":[{\"@type\":\"CommentAction\",\"name\":\"Comment\",\"target\":[\"https:\/\/jornalfatosenoticias.com.br\/index.php\/2022\/03\/17\/voce-sabe-o-que-e-empatia\/#respond\"]}]},{\"@type\":\"WebPage\",\"@id\":\"https:\/\/jornalfatosenoticias.com.br\/index.php\/2022\/03\/17\/voce-sabe-o-que-e-empatia\/\",\"url\":\"https:\/\/jornalfatosenoticias.com.br\/index.php\/2022\/03\/17\/voce-sabe-o-que-e-empatia\/\",\"name\":\"Voc\u00ea sabe o que \u00e9 EMPATIA? - Jornal Fatos e Not\u00edcias\",\"isPartOf\":{\"@id\":\"https:\/\/jornalfatosenoticias.com.br\/#website\"},\"primaryImageOfPage\":{\"@id\":\"https:\/\/jornalfatosenoticias.com.br\/index.php\/2022\/03\/17\/voce-sabe-o-que-e-empatia\/#primaryimage\"},\"image\":{\"@id\":\"https:\/\/jornalfatosenoticias.com.br\/index.php\/2022\/03\/17\/voce-sabe-o-que-e-empatia\/#primaryimage\"},\"thumbnailUrl\":\"https:\/\/jornalfatosenoticias.com.br\/wp-content\/uploads\/2022\/03\/arthur-do-val.jpg\",\"datePublished\":\"2022-03-17T16:42:10+00:00\",\"dateModified\":\"2022-03-17T16:42:11+00:00\",\"breadcrumb\":{\"@id\":\"https:\/\/jornalfatosenoticias.com.br\/index.php\/2022\/03\/17\/voce-sabe-o-que-e-empatia\/#breadcrumb\"},\"inLanguage\":\"pt-BR\",\"potentialAction\":[{\"@type\":\"ReadAction\",\"target\":[\"https:\/\/jornalfatosenoticias.com.br\/index.php\/2022\/03\/17\/voce-sabe-o-que-e-empatia\/\"]}]},{\"@type\":\"ImageObject\",\"inLanguage\":\"pt-BR\",\"@id\":\"https:\/\/jornalfatosenoticias.com.br\/index.php\/2022\/03\/17\/voce-sabe-o-que-e-empatia\/#primaryimage\",\"url\":\"https:\/\/jornalfatosenoticias.com.br\/wp-content\/uploads\/2022\/03\/arthur-do-val.jpg\",\"contentUrl\":\"https:\/\/jornalfatosenoticias.com.br\/wp-content\/uploads\/2022\/03\/arthur-do-val.jpg\",\"width\":1000,\"height\":562},{\"@type\":\"BreadcrumbList\",\"@id\":\"https:\/\/jornalfatosenoticias.com.br\/index.php\/2022\/03\/17\/voce-sabe-o-que-e-empatia\/#breadcrumb\",\"itemListElement\":[{\"@type\":\"ListItem\",\"position\":1,\"name\":\"In\u00edcio\",\"item\":\"https:\/\/jornalfatosenoticias.com.br\/\"},{\"@type\":\"ListItem\",\"position\":2,\"name\":\"Voc\u00ea sabe o que \u00e9 EMPATIA?\"}]},{\"@type\":\"WebSite\",\"@id\":\"https:\/\/jornalfatosenoticias.com.br\/#website\",\"url\":\"https:\/\/jornalfatosenoticias.com.br\/\",\"name\":\"Jornal Fatos e Not\u00edcias\",\"description\":\"Not\u00edcias em geral\",\"publisher\":{\"@id\":\"https:\/\/jornalfatosenoticias.com.br\/#organization\"},\"potentialAction\":[{\"@type\":\"SearchAction\",\"target\":{\"@type\":\"EntryPoint\",\"urlTemplate\":\"https:\/\/jornalfatosenoticias.com.br\/?s={search_term_string}\"},\"query-input\":{\"@type\":\"PropertyValueSpecification\",\"valueRequired\":true,\"valueName\":\"search_term_string\"}}],\"inLanguage\":\"pt-BR\"},{\"@type\":\"Organization\",\"@id\":\"https:\/\/jornalfatosenoticias.com.br\/#organization\",\"name\":\"Jornal Fatos e Not\u00edcias\",\"url\":\"https:\/\/jornalfatosenoticias.com.br\/\",\"logo\":{\"@type\":\"ImageObject\",\"inLanguage\":\"pt-BR\",\"@id\":\"https:\/\/jornalfatosenoticias.com.br\/#\/schema\/logo\/image\/\",\"url\":\"https:\/\/jornalfatosenoticias.com.br\/wp-content\/uploads\/2020\/02\/logo120.png\",\"contentUrl\":\"https:\/\/jornalfatosenoticias.com.br\/wp-content\/uploads\/2020\/02\/logo120.png\",\"width\":1227,\"height\":120,\"caption\":\"Jornal Fatos e Not\u00edcias\"},\"image\":{\"@id\":\"https:\/\/jornalfatosenoticias.com.br\/#\/schema\/logo\/image\/\"}},{\"@type\":\"Person\",\"@id\":\"https:\/\/jornalfatosenoticias.com.br\/#\/schema\/person\/d63837fa13ac8666eb9e74e0985d6f81\",\"name\":\"Luzimara Fernandes\",\"image\":{\"@type\":\"ImageObject\",\"inLanguage\":\"pt-BR\",\"@id\":\"https:\/\/jornalfatosenoticias.com.br\/#\/schema\/person\/image\/\",\"url\":\"https:\/\/jornalfatosenoticias.com.br\/wp-content\/uploads\/2025\/05\/EU_portal.jpg\",\"contentUrl\":\"https:\/\/jornalfatosenoticias.com.br\/wp-content\/uploads\/2025\/05\/EU_portal.jpg\",\"caption\":\"Luzimara Fernandes\"},\"description\":\"Jornalista MTB 2358-ES\",\"sameAs\":[\"https:\/\/jornalfatosenoticias.com.br\"],\"url\":\"https:\/\/jornalfatosenoticias.com.br\/index.php\/author\/luzimara\/\"}]}<\/script>\n<!-- \/ Yoast SEO plugin. -->","yoast_head_json":{"title":"Voc\u00ea sabe o que \u00e9 EMPATIA? - Jornal Fatos e Not\u00edcias","robots":{"index":"index","follow":"follow","max-snippet":"max-snippet:-1","max-image-preview":"max-image-preview:large","max-video-preview":"max-video-preview:-1"},"canonical":"https:\/\/jornalfatosenoticias.com.br\/index.php\/2022\/03\/17\/voce-sabe-o-que-e-empatia\/","og_locale":"pt_BR","og_type":"article","og_title":"Voc\u00ea sabe o que \u00e9 EMPATIA? - Jornal Fatos e Not\u00edcias","og_description":"Coluna \u2014 Na Minha Opini\u00e3o Recentemente a classe pol\u00edtica reagiu com vigor a uma exposi\u00e7\u00e3o p\u00fablica de \u00e1udio encaminhado pelo deputado estadual por S\u00e3o Paulo, Arthur do Val, conhecido como \u201cMam\u00e3e Falei\u201d, em grupo privado de WhatsApp, onde ele manifesta a percep\u00e7\u00e3o que teve em viagem \u00e0 fronteira da Ucr\u00e2nia, que est\u00e1 em Guerra com [&hellip;]","og_url":"https:\/\/jornalfatosenoticias.com.br\/index.php\/2022\/03\/17\/voce-sabe-o-que-e-empatia\/","og_site_name":"Jornal Fatos e Not\u00edcias","article_published_time":"2022-03-17T16:42:10+00:00","article_modified_time":"2022-03-17T16:42:11+00:00","og_image":[{"width":1000,"height":562,"url":"https:\/\/jornalfatosenoticias.com.br\/wp-content\/uploads\/2022\/03\/arthur-do-val.jpg","type":"image\/jpeg"}],"author":"Luzimara Fernandes","twitter_card":"summary_large_image","twitter_misc":{"Escrito por":"Luzimara Fernandes","Est. tempo de leitura":"4 minutos"},"schema":{"@context":"https:\/\/schema.org","@graph":[{"@type":"Article","@id":"https:\/\/jornalfatosenoticias.com.br\/index.php\/2022\/03\/17\/voce-sabe-o-que-e-empatia\/#article","isPartOf":{"@id":"https:\/\/jornalfatosenoticias.com.br\/index.php\/2022\/03\/17\/voce-sabe-o-que-e-empatia\/"},"author":{"name":"Luzimara Fernandes","@id":"https:\/\/jornalfatosenoticias.com.br\/#\/schema\/person\/d63837fa13ac8666eb9e74e0985d6f81"},"headline":"Voc\u00ea sabe o que \u00e9 EMPATIA?","datePublished":"2022-03-17T16:42:10+00:00","dateModified":"2022-03-17T16:42:11+00:00","mainEntityOfPage":{"@id":"https:\/\/jornalfatosenoticias.com.br\/index.php\/2022\/03\/17\/voce-sabe-o-que-e-empatia\/"},"wordCount":736,"commentCount":0,"publisher":{"@id":"https:\/\/jornalfatosenoticias.com.br\/#organization"},"image":{"@id":"https:\/\/jornalfatosenoticias.com.br\/index.php\/2022\/03\/17\/voce-sabe-o-que-e-empatia\/#primaryimage"},"thumbnailUrl":"https:\/\/jornalfatosenoticias.com.br\/wp-content\/uploads\/2022\/03\/arthur-do-val.jpg","keywords":["Arthur do Val","classe pol\u00edtica","empatia","falas sexistas","Neucimar Fraga","sexismo"],"articleSection":["Pol\u00edtica"],"inLanguage":"pt-BR","potentialAction":[{"@type":"CommentAction","name":"Comment","target":["https:\/\/jornalfatosenoticias.com.br\/index.php\/2022\/03\/17\/voce-sabe-o-que-e-empatia\/#respond"]}]},{"@type":"WebPage","@id":"https:\/\/jornalfatosenoticias.com.br\/index.php\/2022\/03\/17\/voce-sabe-o-que-e-empatia\/","url":"https:\/\/jornalfatosenoticias.com.br\/index.php\/2022\/03\/17\/voce-sabe-o-que-e-empatia\/","name":"Voc\u00ea sabe o que \u00e9 EMPATIA? - Jornal Fatos e Not\u00edcias","isPartOf":{"@id":"https:\/\/jornalfatosenoticias.com.br\/#website"},"primaryImageOfPage":{"@id":"https:\/\/jornalfatosenoticias.com.br\/index.php\/2022\/03\/17\/voce-sabe-o-que-e-empatia\/#primaryimage"},"image":{"@id":"https:\/\/jornalfatosenoticias.com.br\/index.php\/2022\/03\/17\/voce-sabe-o-que-e-empatia\/#primaryimage"},"thumbnailUrl":"https:\/\/jornalfatosenoticias.com.br\/wp-content\/uploads\/2022\/03\/arthur-do-val.jpg","datePublished":"2022-03-17T16:42:10+00:00","dateModified":"2022-03-17T16:42:11+00:00","breadcrumb":{"@id":"https:\/\/jornalfatosenoticias.com.br\/index.php\/2022\/03\/17\/voce-sabe-o-que-e-empatia\/#breadcrumb"},"inLanguage":"pt-BR","potentialAction":[{"@type":"ReadAction","target":["https:\/\/jornalfatosenoticias.com.br\/index.php\/2022\/03\/17\/voce-sabe-o-que-e-empatia\/"]}]},{"@type":"ImageObject","inLanguage":"pt-BR","@id":"https:\/\/jornalfatosenoticias.com.br\/index.php\/2022\/03\/17\/voce-sabe-o-que-e-empatia\/#primaryimage","url":"https:\/\/jornalfatosenoticias.com.br\/wp-content\/uploads\/2022\/03\/arthur-do-val.jpg","contentUrl":"https:\/\/jornalfatosenoticias.com.br\/wp-content\/uploads\/2022\/03\/arthur-do-val.jpg","width":1000,"height":562},{"@type":"BreadcrumbList","@id":"https:\/\/jornalfatosenoticias.com.br\/index.php\/2022\/03\/17\/voce-sabe-o-que-e-empatia\/#breadcrumb","itemListElement":[{"@type":"ListItem","position":1,"name":"In\u00edcio","item":"https:\/\/jornalfatosenoticias.com.br\/"},{"@type":"ListItem","position":2,"name":"Voc\u00ea sabe o que \u00e9 EMPATIA?"}]},{"@type":"WebSite","@id":"https:\/\/jornalfatosenoticias.com.br\/#website","url":"https:\/\/jornalfatosenoticias.com.br\/","name":"Jornal Fatos e Not\u00edcias","description":"Not\u00edcias em geral","publisher":{"@id":"https:\/\/jornalfatosenoticias.com.br\/#organization"},"potentialAction":[{"@type":"SearchAction","target":{"@type":"EntryPoint","urlTemplate":"https:\/\/jornalfatosenoticias.com.br\/?s={search_term_string}"},"query-input":{"@type":"PropertyValueSpecification","valueRequired":true,"valueName":"search_term_string"}}],"inLanguage":"pt-BR"},{"@type":"Organization","@id":"https:\/\/jornalfatosenoticias.com.br\/#organization","name":"Jornal Fatos e Not\u00edcias","url":"https:\/\/jornalfatosenoticias.com.br\/","logo":{"@type":"ImageObject","inLanguage":"pt-BR","@id":"https:\/\/jornalfatosenoticias.com.br\/#\/schema\/logo\/image\/","url":"https:\/\/jornalfatosenoticias.com.br\/wp-content\/uploads\/2020\/02\/logo120.png","contentUrl":"https:\/\/jornalfatosenoticias.com.br\/wp-content\/uploads\/2020\/02\/logo120.png","width":1227,"height":120,"caption":"Jornal Fatos e Not\u00edcias"},"image":{"@id":"https:\/\/jornalfatosenoticias.com.br\/#\/schema\/logo\/image\/"}},{"@type":"Person","@id":"https:\/\/jornalfatosenoticias.com.br\/#\/schema\/person\/d63837fa13ac8666eb9e74e0985d6f81","name":"Luzimara Fernandes","image":{"@type":"ImageObject","inLanguage":"pt-BR","@id":"https:\/\/jornalfatosenoticias.com.br\/#\/schema\/person\/image\/","url":"https:\/\/jornalfatosenoticias.com.br\/wp-content\/uploads\/2025\/05\/EU_portal.jpg","contentUrl":"https:\/\/jornalfatosenoticias.com.br\/wp-content\/uploads\/2025\/05\/EU_portal.jpg","caption":"Luzimara Fernandes"},"description":"Jornalista MTB 2358-ES","sameAs":["https:\/\/jornalfatosenoticias.com.br"],"url":"https:\/\/jornalfatosenoticias.com.br\/index.php\/author\/luzimara\/"}]}},"cc_featured_image_caption":{"caption_text":"(Foto: Reprodu\u00e7\u00e3o\/WhatsApp)","source_text":"","source_url":""},"jetpack_featured_media_url":"https:\/\/jornalfatosenoticias.com.br\/wp-content\/uploads\/2022\/03\/arthur-do-val.jpg","_links":{"self":[{"href":"https:\/\/jornalfatosenoticias.com.br\/index.php\/wp-json\/wp\/v2\/posts\/28845","targetHints":{"allow":["GET"]}}],"collection":[{"href":"https:\/\/jornalfatosenoticias.com.br\/index.php\/wp-json\/wp\/v2\/posts"}],"about":[{"href":"https:\/\/jornalfatosenoticias.com.br\/index.php\/wp-json\/wp\/v2\/types\/post"}],"author":[{"embeddable":true,"href":"https:\/\/jornalfatosenoticias.com.br\/index.php\/wp-json\/wp\/v2\/users\/2"}],"replies":[{"embeddable":true,"href":"https:\/\/jornalfatosenoticias.com.br\/index.php\/wp-json\/wp\/v2\/comments?post=28845"}],"version-history":[{"count":0,"href":"https:\/\/jornalfatosenoticias.com.br\/index.php\/wp-json\/wp\/v2\/posts\/28845\/revisions"}],"wp:featuredmedia":[{"embeddable":true,"href":"https:\/\/jornalfatosenoticias.com.br\/index.php\/wp-json\/wp\/v2\/media\/28847"}],"wp:attachment":[{"href":"https:\/\/jornalfatosenoticias.com.br\/index.php\/wp-json\/wp\/v2\/media?parent=28845"}],"wp:term":[{"taxonomy":"category","embeddable":true,"href":"https:\/\/jornalfatosenoticias.com.br\/index.php\/wp-json\/wp\/v2\/categories?post=28845"},{"taxonomy":"post_tag","embeddable":true,"href":"https:\/\/jornalfatosenoticias.com.br\/index.php\/wp-json\/wp\/v2\/tags?post=28845"}],"curies":[{"name":"wp","href":"https:\/\/api.w.org\/{rel}","templated":true}]}}