{"id":28849,"date":"2022-03-17T13:45:45","date_gmt":"2022-03-17T16:45:45","guid":{"rendered":"https:\/\/jornalfatosenoticias.com.br\/?p=28849"},"modified":"2022-03-17T13:45:46","modified_gmt":"2022-03-17T16:45:46","slug":"doce-de-pao-de-mel-na-travessa","status":"publish","type":"post","link":"https:\/\/jornalfatosenoticias.com.br\/index.php\/2022\/03\/17\/doce-de-pao-de-mel-na-travessa\/","title":{"rendered":"Doce de p\u00e3o de mel na travessa"},"content":{"rendered":"\n<p>Geladinho e cremoso, o doce de p\u00e3o de mel na travessa \u00e9 arrasador! Ningu\u00e9m vai conseguir comer um peda\u00e7o s\u00f3. Confira a receita e prepare a qualquer momento!<\/p>\n\n\n\n<p><strong><span class=\"has-inline-color has-black-color\">Ingredientes<\/span><\/strong><\/p>\n\n\n\n<ul class=\"wp-block-list\"><li>\u00bd pacote de p\u00e3o de mel sem recheio (250g)<\/li><li>\u00bd x\u00edcara (ch\u00e1) de chocolate em p\u00f3<\/li><li>1 colher (ch\u00e1) de canela em p\u00f3<\/li><li>1 lata de leite condensado<\/li><li>2 x\u00edcaras (ch\u00e1) de leite em p\u00f3<\/li><li>1 lata de creme de leite (300g)<\/li><li>1 x\u00edcara (ch\u00e1) de doce de leite cremoso<\/li><\/ul>\n\n\n\n<p><strong><span class=\"has-inline-color has-black-color\">Cobertura<\/span><\/strong><\/p>\n\n\n\n<ul class=\"wp-block-list\"><li>1 x\u00edcara (ch\u00e1) de chocolate meio amargo picado<\/li><li>1 colher (sopa) de manteiga<\/li><\/ul>\n\n\n\n<p><strong><span class=\"has-inline-color has-black-color\">Modo de preparo<br><\/span><\/strong>Bata no liquidificador o biscoito at\u00e9 triturar, apertando a tecla pulsar. Despeje em uma vasilha, acrescente o chocolate, a canela, o leite em p\u00f3 e misture. Adicione o leite condensado, o creme de leite e mexa at\u00e9 ficar homog\u00eaneo. Despeje metade em um refrat\u00e1rio oval m\u00e9dio, alisando com uma esp\u00e1tula. Espalhe o doce de leite e cubra com a massa restante. Leve \u00e0 geladeira por tr\u00eas horas. Para a cobertura, derreta o chocolate com a manteiga em banho-maria. Espalhe sobre o doce e leve \u00e0 geladeira por mais uma hora. Retire e sirva.<\/p>\n\n\n\n<p><span class=\"has-inline-color has-black-color\"><em>Rendimento: 8 por\u00e7\u00f5es<br><\/em><strong><em>Fonte: <a href=\"https:\/\/www.terra.com.br\/vida-e-estilo\/culinaria\/receitas\/doce-de-pao-de-mel-na-travessa,42eca27e351b3a44af296eab676a34b25wedhf4p.html\">Terra<\/a><\/em><\/strong><\/span><\/p>\n","protected":false},"excerpt":{"rendered":"<p>Geladinho e cremoso, o doce de p\u00e3o de mel na travessa \u00e9 arrasador! Ningu\u00e9m vai conseguir comer um peda\u00e7o s\u00f3. Confira a receita e prepare a qualquer momento! Ingredientes \u00bd pacote de p\u00e3o de mel sem recheio (250g) \u00bd x\u00edcara (ch\u00e1) de chocolate em p\u00f3 1 colher (ch\u00e1) de canela em p\u00f3 1 lata de [&hellip;]<\/p>\n","protected":false},"author":10,"featured_media":28850,"comment_status":"open","ping_status":"open","sticky":false,"template":"","format":"standard","meta":{"footnotes":""},"categories":[745],"tags":[13740,4338,5816,13741],"class_list":["post-28849","post","type-post","status-publish","format-standard","has-post-thumbnail","hentry","category-gastronomia","tag-doce-de-pao-de-mel","tag-receitas","tag-sobremesa","tag-travessa"],"yoast_head":"<!-- This site is optimized with the Yoast SEO plugin v26.5 - https:\/\/yoast.com\/wordpress\/plugins\/seo\/ -->\n<title>Doce de p\u00e3o de mel na travessa - Jornal Fatos e Not\u00edcias<\/title>\n<meta name=\"robots\" content=\"index, follow, max-snippet:-1, max-image-preview:large, max-video-preview:-1\" \/>\n<link rel=\"canonical\" href=\"https:\/\/jornalfatosenoticias.com.br\/index.php\/2022\/03\/17\/doce-de-pao-de-mel-na-travessa\/\" \/>\n<meta property=\"og:locale\" content=\"pt_BR\" \/>\n<meta property=\"og:type\" content=\"article\" \/>\n<meta property=\"og:title\" content=\"Doce de p\u00e3o de mel na travessa - Jornal Fatos e Not\u00edcias\" \/>\n<meta property=\"og:description\" content=\"Geladinho e cremoso, o doce de p\u00e3o de mel na travessa \u00e9 arrasador! Ningu\u00e9m vai conseguir comer um peda\u00e7o s\u00f3. Confira a receita e prepare a qualquer momento! Ingredientes \u00bd pacote de p\u00e3o de mel sem recheio (250g) \u00bd x\u00edcara (ch\u00e1) de chocolate em p\u00f3 1 colher (ch\u00e1) de canela em p\u00f3 1 lata de [&hellip;]\" \/>\n<meta property=\"og:url\" content=\"https:\/\/jornalfatosenoticias.com.br\/index.php\/2022\/03\/17\/doce-de-pao-de-mel-na-travessa\/\" \/>\n<meta property=\"og:site_name\" content=\"Jornal Fatos e Not\u00edcias\" \/>\n<meta property=\"article:published_time\" content=\"2022-03-17T16:45:45+00:00\" \/>\n<meta property=\"article:modified_time\" content=\"2022-03-17T16:45:46+00:00\" \/>\n<meta property=\"og:image\" content=\"https:\/\/jornalfatosenoticias.com.br\/wp-content\/uploads\/2022\/03\/doce-pao-de-mel-travessa.jpg\" \/>\n\t<meta property=\"og:image:width\" content=\"1000\" \/>\n\t<meta property=\"og:image:height\" content=\"523\" \/>\n\t<meta property=\"og:image:type\" content=\"image\/jpeg\" \/>\n<meta name=\"author\" content=\"Gabriela Messner Aresi Oliveira\" \/>\n<meta name=\"twitter:card\" content=\"summary_large_image\" \/>\n<meta name=\"twitter:label1\" content=\"Escrito por\" \/>\n\t<meta name=\"twitter:data1\" content=\"Gabriela Messner Aresi Oliveira\" \/>\n\t<meta name=\"twitter:label2\" content=\"Est. tempo de leitura\" \/>\n\t<meta name=\"twitter:data2\" content=\"1 minuto\" \/>\n<script type=\"application\/ld+json\" class=\"yoast-schema-graph\">{\"@context\":\"https:\/\/schema.org\",\"@graph\":[{\"@type\":\"Article\",\"@id\":\"https:\/\/jornalfatosenoticias.com.br\/index.php\/2022\/03\/17\/doce-de-pao-de-mel-na-travessa\/#article\",\"isPartOf\":{\"@id\":\"https:\/\/jornalfatosenoticias.com.br\/index.php\/2022\/03\/17\/doce-de-pao-de-mel-na-travessa\/\"},\"author\":{\"name\":\"Gabriela Messner Aresi Oliveira\",\"@id\":\"https:\/\/jornalfatosenoticias.com.br\/#\/schema\/person\/8e0fe72f7a2b1f60eecd0c7d1dc4d8f1\"},\"headline\":\"Doce de p\u00e3o de mel na travessa\",\"datePublished\":\"2022-03-17T16:45:45+00:00\",\"dateModified\":\"2022-03-17T16:45:46+00:00\",\"mainEntityOfPage\":{\"@id\":\"https:\/\/jornalfatosenoticias.com.br\/index.php\/2022\/03\/17\/doce-de-pao-de-mel-na-travessa\/\"},\"wordCount\":203,\"commentCount\":0,\"publisher\":{\"@id\":\"https:\/\/jornalfatosenoticias.com.br\/#organization\"},\"image\":{\"@id\":\"https:\/\/jornalfatosenoticias.com.br\/index.php\/2022\/03\/17\/doce-de-pao-de-mel-na-travessa\/#primaryimage\"},\"thumbnailUrl\":\"https:\/\/jornalfatosenoticias.com.br\/wp-content\/uploads\/2022\/03\/doce-pao-de-mel-travessa.jpg\",\"keywords\":[\"doce de p\u00e3o de mel\",\"receitas\",\"sobremesa\",\"travessa\"],\"articleSection\":[\"Gastronomia\"],\"inLanguage\":\"pt-BR\",\"potentialAction\":[{\"@type\":\"CommentAction\",\"name\":\"Comment\",\"target\":[\"https:\/\/jornalfatosenoticias.com.br\/index.php\/2022\/03\/17\/doce-de-pao-de-mel-na-travessa\/#respond\"]}]},{\"@type\":\"WebPage\",\"@id\":\"https:\/\/jornalfatosenoticias.com.br\/index.php\/2022\/03\/17\/doce-de-pao-de-mel-na-travessa\/\",\"url\":\"https:\/\/jornalfatosenoticias.com.br\/index.php\/2022\/03\/17\/doce-de-pao-de-mel-na-travessa\/\",\"name\":\"Doce de p\u00e3o de mel na travessa - Jornal Fatos e Not\u00edcias\",\"isPartOf\":{\"@id\":\"https:\/\/jornalfatosenoticias.com.br\/#website\"},\"primaryImageOfPage\":{\"@id\":\"https:\/\/jornalfatosenoticias.com.br\/index.php\/2022\/03\/17\/doce-de-pao-de-mel-na-travessa\/#primaryimage\"},\"image\":{\"@id\":\"https:\/\/jornalfatosenoticias.com.br\/index.php\/2022\/03\/17\/doce-de-pao-de-mel-na-travessa\/#primaryimage\"},\"thumbnailUrl\":\"https:\/\/jornalfatosenoticias.com.br\/wp-content\/uploads\/2022\/03\/doce-pao-de-mel-travessa.jpg\",\"datePublished\":\"2022-03-17T16:45:45+00:00\",\"dateModified\":\"2022-03-17T16:45:46+00:00\",\"breadcrumb\":{\"@id\":\"https:\/\/jornalfatosenoticias.com.br\/index.php\/2022\/03\/17\/doce-de-pao-de-mel-na-travessa\/#breadcrumb\"},\"inLanguage\":\"pt-BR\",\"potentialAction\":[{\"@type\":\"ReadAction\",\"target\":[\"https:\/\/jornalfatosenoticias.com.br\/index.php\/2022\/03\/17\/doce-de-pao-de-mel-na-travessa\/\"]}]},{\"@type\":\"ImageObject\",\"inLanguage\":\"pt-BR\",\"@id\":\"https:\/\/jornalfatosenoticias.com.br\/index.php\/2022\/03\/17\/doce-de-pao-de-mel-na-travessa\/#primaryimage\",\"url\":\"https:\/\/jornalfatosenoticias.com.br\/wp-content\/uploads\/2022\/03\/doce-pao-de-mel-travessa.jpg\",\"contentUrl\":\"https:\/\/jornalfatosenoticias.com.br\/wp-content\/uploads\/2022\/03\/doce-pao-de-mel-travessa.jpg\",\"width\":1000,\"height\":523},{\"@type\":\"BreadcrumbList\",\"@id\":\"https:\/\/jornalfatosenoticias.com.br\/index.php\/2022\/03\/17\/doce-de-pao-de-mel-na-travessa\/#breadcrumb\",\"itemListElement\":[{\"@type\":\"ListItem\",\"position\":1,\"name\":\"In\u00edcio\",\"item\":\"https:\/\/jornalfatosenoticias.com.br\/\"},{\"@type\":\"ListItem\",\"position\":2,\"name\":\"Doce de p\u00e3o de mel na travessa\"}]},{\"@type\":\"WebSite\",\"@id\":\"https:\/\/jornalfatosenoticias.com.br\/#website\",\"url\":\"https:\/\/jornalfatosenoticias.com.br\/\",\"name\":\"Jornal Fatos e Not\u00edcias\",\"description\":\"Not\u00edcias em geral\",\"publisher\":{\"@id\":\"https:\/\/jornalfatosenoticias.com.br\/#organization\"},\"potentialAction\":[{\"@type\":\"SearchAction\",\"target\":{\"@type\":\"EntryPoint\",\"urlTemplate\":\"https:\/\/jornalfatosenoticias.com.br\/?s={search_term_string}\"},\"query-input\":{\"@type\":\"PropertyValueSpecification\",\"valueRequired\":true,\"valueName\":\"search_term_string\"}}],\"inLanguage\":\"pt-BR\"},{\"@type\":\"Organization\",\"@id\":\"https:\/\/jornalfatosenoticias.com.br\/#organization\",\"name\":\"Jornal Fatos e Not\u00edcias\",\"url\":\"https:\/\/jornalfatosenoticias.com.br\/\",\"logo\":{\"@type\":\"ImageObject\",\"inLanguage\":\"pt-BR\",\"@id\":\"https:\/\/jornalfatosenoticias.com.br\/#\/schema\/logo\/image\/\",\"url\":\"https:\/\/jornalfatosenoticias.com.br\/wp-content\/uploads\/2020\/02\/logo120.png\",\"contentUrl\":\"https:\/\/jornalfatosenoticias.com.br\/wp-content\/uploads\/2020\/02\/logo120.png\",\"width\":1227,\"height\":120,\"caption\":\"Jornal Fatos e Not\u00edcias\"},\"image\":{\"@id\":\"https:\/\/jornalfatosenoticias.com.br\/#\/schema\/logo\/image\/\"}},{\"@type\":\"Person\",\"@id\":\"https:\/\/jornalfatosenoticias.com.br\/#\/schema\/person\/8e0fe72f7a2b1f60eecd0c7d1dc4d8f1\",\"name\":\"Gabriela Messner Aresi Oliveira\",\"image\":{\"@type\":\"ImageObject\",\"inLanguage\":\"pt-BR\",\"@id\":\"https:\/\/jornalfatosenoticias.com.br\/#\/schema\/person\/image\/\",\"url\":\"https:\/\/jornalfatosenoticias.com.br\/wp-content\/uploads\/2020\/03\/Gabriela-messner-150x150.jpg\",\"contentUrl\":\"https:\/\/jornalfatosenoticias.com.br\/wp-content\/uploads\/2020\/03\/Gabriela-messner-150x150.jpg\",\"caption\":\"Gabriela Messner Aresi Oliveira\"},\"url\":\"https:\/\/jornalfatosenoticias.com.br\/index.php\/author\/gabriela\/\"}]}<\/script>\n<!-- \/ Yoast SEO plugin. -->","yoast_head_json":{"title":"Doce de p\u00e3o de mel na travessa - Jornal Fatos e Not\u00edcias","robots":{"index":"index","follow":"follow","max-snippet":"max-snippet:-1","max-image-preview":"max-image-preview:large","max-video-preview":"max-video-preview:-1"},"canonical":"https:\/\/jornalfatosenoticias.com.br\/index.php\/2022\/03\/17\/doce-de-pao-de-mel-na-travessa\/","og_locale":"pt_BR","og_type":"article","og_title":"Doce de p\u00e3o de mel na travessa - Jornal Fatos e Not\u00edcias","og_description":"Geladinho e cremoso, o doce de p\u00e3o de mel na travessa \u00e9 arrasador! Ningu\u00e9m vai conseguir comer um peda\u00e7o s\u00f3. Confira a receita e prepare a qualquer momento! Ingredientes \u00bd pacote de p\u00e3o de mel sem recheio (250g) \u00bd x\u00edcara (ch\u00e1) de chocolate em p\u00f3 1 colher (ch\u00e1) de canela em p\u00f3 1 lata de [&hellip;]","og_url":"https:\/\/jornalfatosenoticias.com.br\/index.php\/2022\/03\/17\/doce-de-pao-de-mel-na-travessa\/","og_site_name":"Jornal Fatos e Not\u00edcias","article_published_time":"2022-03-17T16:45:45+00:00","article_modified_time":"2022-03-17T16:45:46+00:00","og_image":[{"width":1000,"height":523,"url":"https:\/\/jornalfatosenoticias.com.br\/wp-content\/uploads\/2022\/03\/doce-pao-de-mel-travessa.jpg","type":"image\/jpeg"}],"author":"Gabriela Messner Aresi Oliveira","twitter_card":"summary_large_image","twitter_misc":{"Escrito por":"Gabriela Messner Aresi Oliveira","Est. tempo de leitura":"1 minuto"},"schema":{"@context":"https:\/\/schema.org","@graph":[{"@type":"Article","@id":"https:\/\/jornalfatosenoticias.com.br\/index.php\/2022\/03\/17\/doce-de-pao-de-mel-na-travessa\/#article","isPartOf":{"@id":"https:\/\/jornalfatosenoticias.com.br\/index.php\/2022\/03\/17\/doce-de-pao-de-mel-na-travessa\/"},"author":{"name":"Gabriela Messner Aresi Oliveira","@id":"https:\/\/jornalfatosenoticias.com.br\/#\/schema\/person\/8e0fe72f7a2b1f60eecd0c7d1dc4d8f1"},"headline":"Doce de p\u00e3o de mel na travessa","datePublished":"2022-03-17T16:45:45+00:00","dateModified":"2022-03-17T16:45:46+00:00","mainEntityOfPage":{"@id":"https:\/\/jornalfatosenoticias.com.br\/index.php\/2022\/03\/17\/doce-de-pao-de-mel-na-travessa\/"},"wordCount":203,"commentCount":0,"publisher":{"@id":"https:\/\/jornalfatosenoticias.com.br\/#organization"},"image":{"@id":"https:\/\/jornalfatosenoticias.com.br\/index.php\/2022\/03\/17\/doce-de-pao-de-mel-na-travessa\/#primaryimage"},"thumbnailUrl":"https:\/\/jornalfatosenoticias.com.br\/wp-content\/uploads\/2022\/03\/doce-pao-de-mel-travessa.jpg","keywords":["doce de p\u00e3o de mel","receitas","sobremesa","travessa"],"articleSection":["Gastronomia"],"inLanguage":"pt-BR","potentialAction":[{"@type":"CommentAction","name":"Comment","target":["https:\/\/jornalfatosenoticias.com.br\/index.php\/2022\/03\/17\/doce-de-pao-de-mel-na-travessa\/#respond"]}]},{"@type":"WebPage","@id":"https:\/\/jornalfatosenoticias.com.br\/index.php\/2022\/03\/17\/doce-de-pao-de-mel-na-travessa\/","url":"https:\/\/jornalfatosenoticias.com.br\/index.php\/2022\/03\/17\/doce-de-pao-de-mel-na-travessa\/","name":"Doce de p\u00e3o de mel na travessa - Jornal Fatos e Not\u00edcias","isPartOf":{"@id":"https:\/\/jornalfatosenoticias.com.br\/#website"},"primaryImageOfPage":{"@id":"https:\/\/jornalfatosenoticias.com.br\/index.php\/2022\/03\/17\/doce-de-pao-de-mel-na-travessa\/#primaryimage"},"image":{"@id":"https:\/\/jornalfatosenoticias.com.br\/index.php\/2022\/03\/17\/doce-de-pao-de-mel-na-travessa\/#primaryimage"},"thumbnailUrl":"https:\/\/jornalfatosenoticias.com.br\/wp-content\/uploads\/2022\/03\/doce-pao-de-mel-travessa.jpg","datePublished":"2022-03-17T16:45:45+00:00","dateModified":"2022-03-17T16:45:46+00:00","breadcrumb":{"@id":"https:\/\/jornalfatosenoticias.com.br\/index.php\/2022\/03\/17\/doce-de-pao-de-mel-na-travessa\/#breadcrumb"},"inLanguage":"pt-BR","potentialAction":[{"@type":"ReadAction","target":["https:\/\/jornalfatosenoticias.com.br\/index.php\/2022\/03\/17\/doce-de-pao-de-mel-na-travessa\/"]}]},{"@type":"ImageObject","inLanguage":"pt-BR","@id":"https:\/\/jornalfatosenoticias.com.br\/index.php\/2022\/03\/17\/doce-de-pao-de-mel-na-travessa\/#primaryimage","url":"https:\/\/jornalfatosenoticias.com.br\/wp-content\/uploads\/2022\/03\/doce-pao-de-mel-travessa.jpg","contentUrl":"https:\/\/jornalfatosenoticias.com.br\/wp-content\/uploads\/2022\/03\/doce-pao-de-mel-travessa.jpg","width":1000,"height":523},{"@type":"BreadcrumbList","@id":"https:\/\/jornalfatosenoticias.com.br\/index.php\/2022\/03\/17\/doce-de-pao-de-mel-na-travessa\/#breadcrumb","itemListElement":[{"@type":"ListItem","position":1,"name":"In\u00edcio","item":"https:\/\/jornalfatosenoticias.com.br\/"},{"@type":"ListItem","position":2,"name":"Doce de p\u00e3o de mel na travessa"}]},{"@type":"WebSite","@id":"https:\/\/jornalfatosenoticias.com.br\/#website","url":"https:\/\/jornalfatosenoticias.com.br\/","name":"Jornal Fatos e Not\u00edcias","description":"Not\u00edcias em geral","publisher":{"@id":"https:\/\/jornalfatosenoticias.com.br\/#organization"},"potentialAction":[{"@type":"SearchAction","target":{"@type":"EntryPoint","urlTemplate":"https:\/\/jornalfatosenoticias.com.br\/?s={search_term_string}"},"query-input":{"@type":"PropertyValueSpecification","valueRequired":true,"valueName":"search_term_string"}}],"inLanguage":"pt-BR"},{"@type":"Organization","@id":"https:\/\/jornalfatosenoticias.com.br\/#organization","name":"Jornal Fatos e Not\u00edcias","url":"https:\/\/jornalfatosenoticias.com.br\/","logo":{"@type":"ImageObject","inLanguage":"pt-BR","@id":"https:\/\/jornalfatosenoticias.com.br\/#\/schema\/logo\/image\/","url":"https:\/\/jornalfatosenoticias.com.br\/wp-content\/uploads\/2020\/02\/logo120.png","contentUrl":"https:\/\/jornalfatosenoticias.com.br\/wp-content\/uploads\/2020\/02\/logo120.png","width":1227,"height":120,"caption":"Jornal Fatos e Not\u00edcias"},"image":{"@id":"https:\/\/jornalfatosenoticias.com.br\/#\/schema\/logo\/image\/"}},{"@type":"Person","@id":"https:\/\/jornalfatosenoticias.com.br\/#\/schema\/person\/8e0fe72f7a2b1f60eecd0c7d1dc4d8f1","name":"Gabriela Messner Aresi Oliveira","image":{"@type":"ImageObject","inLanguage":"pt-BR","@id":"https:\/\/jornalfatosenoticias.com.br\/#\/schema\/person\/image\/","url":"https:\/\/jornalfatosenoticias.com.br\/wp-content\/uploads\/2020\/03\/Gabriela-messner-150x150.jpg","contentUrl":"https:\/\/jornalfatosenoticias.com.br\/wp-content\/uploads\/2020\/03\/Gabriela-messner-150x150.jpg","caption":"Gabriela Messner Aresi Oliveira"},"url":"https:\/\/jornalfatosenoticias.com.br\/index.php\/author\/gabriela\/"}]}},"cc_featured_image_caption":{"caption_text":"(Foto: Guia da Cozinha) ","source_text":"","source_url":""},"jetpack_featured_media_url":"https:\/\/jornalfatosenoticias.com.br\/wp-content\/uploads\/2022\/03\/doce-pao-de-mel-travessa.jpg","_links":{"self":[{"href":"https:\/\/jornalfatosenoticias.com.br\/index.php\/wp-json\/wp\/v2\/posts\/28849","targetHints":{"allow":["GET"]}}],"collection":[{"href":"https:\/\/jornalfatosenoticias.com.br\/index.php\/wp-json\/wp\/v2\/posts"}],"about":[{"href":"https:\/\/jornalfatosenoticias.com.br\/index.php\/wp-json\/wp\/v2\/types\/post"}],"author":[{"embeddable":true,"href":"https:\/\/jornalfatosenoticias.com.br\/index.php\/wp-json\/wp\/v2\/users\/10"}],"replies":[{"embeddable":true,"href":"https:\/\/jornalfatosenoticias.com.br\/index.php\/wp-json\/wp\/v2\/comments?post=28849"}],"version-history":[{"count":0,"href":"https:\/\/jornalfatosenoticias.com.br\/index.php\/wp-json\/wp\/v2\/posts\/28849\/revisions"}],"wp:featuredmedia":[{"embeddable":true,"href":"https:\/\/jornalfatosenoticias.com.br\/index.php\/wp-json\/wp\/v2\/media\/28850"}],"wp:attachment":[{"href":"https:\/\/jornalfatosenoticias.com.br\/index.php\/wp-json\/wp\/v2\/media?parent=28849"}],"wp:term":[{"taxonomy":"category","embeddable":true,"href":"https:\/\/jornalfatosenoticias.com.br\/index.php\/wp-json\/wp\/v2\/categories?post=28849"},{"taxonomy":"post_tag","embeddable":true,"href":"https:\/\/jornalfatosenoticias.com.br\/index.php\/wp-json\/wp\/v2\/tags?post=28849"}],"curies":[{"name":"wp","href":"https:\/\/api.w.org\/{rel}","templated":true}]}}