{"id":28929,"date":"2022-03-18T14:30:00","date_gmt":"2022-03-18T17:30:00","guid":{"rendered":"https:\/\/jornalfatosenoticias.com.br\/?p=28929"},"modified":"2022-03-18T14:30:01","modified_gmt":"2022-03-18T17:30:01","slug":"usina-solar-em-forma-de-flor-e-inaugurada-na-coreia-do-sul","status":"publish","type":"post","link":"https:\/\/jornalfatosenoticias.com.br\/index.php\/2022\/03\/18\/usina-solar-em-forma-de-flor-e-inaugurada-na-coreia-do-sul\/","title":{"rendered":"Usina solar em forma de flor \u00e9 inaugurada na Coreia do Sul"},"content":{"rendered":"\n<p><em><span class=\"has-inline-color has-black-color\">A usina flutuante gera energia suficiente para abastecer 60 mil pessoas<\/span><\/em><\/p>\n\n\n\n<div class=\"wp-block-image\"><figure class=\"aligncenter size-large is-resized\"><img loading=\"lazy\" decoding=\"async\" src=\"https:\/\/jornalfatosenoticias.com.br\/wp-content\/uploads\/2020\/02\/banner_ferramentas-1024x100.jpg\" alt=\"\" class=\"wp-image-1258\" width=\"440\" height=\"42\" srcset=\"https:\/\/jornalfatosenoticias.com.br\/wp-content\/uploads\/2020\/02\/banner_ferramentas-1024x100.jpg 1024w, https:\/\/jornalfatosenoticias.com.br\/wp-content\/uploads\/2020\/02\/banner_ferramentas-300x29.jpg 300w, https:\/\/jornalfatosenoticias.com.br\/wp-content\/uploads\/2020\/02\/banner_ferramentas-768x75.jpg 768w, https:\/\/jornalfatosenoticias.com.br\/wp-content\/uploads\/2020\/02\/banner_ferramentas.jpg 1227w\" sizes=\"auto, (max-width: 440px) 100vw, 440px\" \/><\/figure><\/div>\n\n\n\n<p>Cerca de 92 mil pain\u00e9is solares flutuantes est\u00e3o gerando energia renov\u00e1vel em um reservat\u00f3rio em Hapcheon, na Coreia do Sul. O mais inusitado \u00e9 que as placas formam desenhos similares a uma flor, criando um belo efeito na \u00e1gua. Esta particularidade busca atrair turistas.<br>Fazer com que mais pessoas se interessem pelo modo que produzimos energia pode ser uma forma de incentivar a transi\u00e7\u00e3o energ\u00e9tica para as renov\u00e1veis. Neste sentido, os pain\u00e9is solares em formato de flor podem ser uma t\u00e1tica interessante. Anos atr\u00e1s, tamb\u00e9m a China desenvolveu um projeto peculiar: uma <a href=\"https:\/\/ciclovivo.com.br\/planeta\/desenvolvimento\/usina-solar-em-forma-de-panda-e-inaugurada-na-china\/\" target=\"_blank\" rel=\"noreferrer noopener\">usina solar em forma de panda<\/a>.<\/p>\n\n\n\n<div class=\"wp-block-image\"><figure class=\"alignright size-large is-resized\"><img loading=\"lazy\" decoding=\"async\" src=\"https:\/\/jornalfatosenoticias.com.br\/wp-content\/uploads\/2022\/02\/Serra-Pack-459.png\" alt=\"\" class=\"wp-image-27471\" width=\"325\" height=\"130\"\/><\/figure><\/div>\n\n\n\n<p>Segundo o presidente da Coreia do Sul, Moon Jae-in, a energia solar flutuante \u00e9 parte importante de um plano mais amplo de investimento em renov\u00e1veis. A ideia \u00e9 que o pa\u00eds alcance uma gera\u00e7\u00e3o total de 9,4 gigawatts de eletricidade s\u00f3 com produ\u00e7\u00e3o de energias \u201climpas\u201d e se torne neutro em carbono at\u00e9 2050.<br>No caso da usina em forma de flor, o projeto solar \u00e9 capaz de gerar 41,5 megawatts. Isso \u00e9 suficiente para abastecer 60 mil pessoas \u2014 mais do que a popula\u00e7\u00e3o total do condado de Hapcheon. \u00c9 tamb\u00e9m a maior usina solar flutuante da Coreia do Sul. <\/p>\n\n\n\n<figure class=\"wp-block-image size-large\"><img loading=\"lazy\" decoding=\"async\" width=\"1000\" height=\"562\" src=\"https:\/\/jornalfatosenoticias.com.br\/wp-content\/uploads\/2022\/03\/paineis-flor-2.jpg\" alt=\"\" class=\"wp-image-28930\" srcset=\"https:\/\/jornalfatosenoticias.com.br\/wp-content\/uploads\/2022\/03\/paineis-flor-2.jpg 1000w, https:\/\/jornalfatosenoticias.com.br\/wp-content\/uploads\/2022\/03\/paineis-flor-2-300x169.jpg 300w, https:\/\/jornalfatosenoticias.com.br\/wp-content\/uploads\/2022\/03\/paineis-flor-2-768x432.jpg 768w\" sizes=\"auto, (max-width: 1000px) 100vw, 1000px\" \/><figcaption><em><span class=\"has-inline-color has-black-color\">(Foto: Scotra)<\/span><\/em><\/figcaption><\/figure>\n\n\n\n<div class=\"wp-block-image\"><figure class=\"aligncenter size-large is-resized\"><img loading=\"lazy\" decoding=\"async\" src=\"https:\/\/jornalfatosenoticias.com.br\/wp-content\/uploads\/2022\/02\/Arte-Autoescola-Galatas_endereco_portal-1024x103.png\" alt=\"\" class=\"wp-image-27869\" width=\"338\" height=\"34\" srcset=\"https:\/\/jornalfatosenoticias.com.br\/wp-content\/uploads\/2022\/02\/Arte-Autoescola-Galatas_endereco_portal-1024x103.png 1024w, https:\/\/jornalfatosenoticias.com.br\/wp-content\/uploads\/2022\/02\/Arte-Autoescola-Galatas_endereco_portal-300x30.png 300w, https:\/\/jornalfatosenoticias.com.br\/wp-content\/uploads\/2022\/02\/Arte-Autoescola-Galatas_endereco_portal-768x77.png 768w, https:\/\/jornalfatosenoticias.com.br\/wp-content\/uploads\/2022\/02\/Arte-Autoescola-Galatas_endereco_portal.png 1223w\" sizes=\"auto, (max-width: 338px) 100vw, 338px\" \/><\/figure><\/div>\n\n\n\n<blockquote class=\"wp-block-quote is-layout-flow wp-block-quote-is-layout-flow\"><p><span class=\"has-inline-color has-luminous-vivid-orange-color\">\u201cOs tr\u00eas picos da Montanha Hwangmaesan refletidos no Lago Hapcheon formam a forma de uma flor de ameixa. Espalhados na superf\u00edcie deste lago est\u00e3o pain\u00e9is fotovoltaicos que tamb\u00e9m se assemelham a flores de ameixeira de uma pintura a tinta e aguada\u201d, poetizou o presidente Moon.<\/span><\/p><\/blockquote>\n\n\n\n<div class=\"wp-block-image\"><figure class=\"aligncenter size-large is-resized\"><img loading=\"lazy\" decoding=\"async\" src=\"https:\/\/jornalfatosenoticias.com.br\/wp-content\/uploads\/2022\/02\/Banner-1-1024x101.png\" alt=\"\" class=\"wp-image-27923\" width=\"474\" height=\"46\"\/><\/figure><\/div>\n\n\n\n<p>Mais um ponto interessante deste projeto \u00e9 que 4% de seu financiamento \u00e9 proveniente dos pr\u00f3prios moradores de Hapcheon. O reservat\u00f3rio de Hapcheon \u00e9 administrado pela estatal Korea Water Resources Corp e a popula\u00e7\u00e3o ingressou em um esquema de investimento de 20 anos e 10% de retorno anual, o que deve gerar renda para idosos residentes.<br>Ali\u00e1s, foram os pr\u00f3prios moradores que solicitaram que os pain\u00e9is fossem dispostos em forma de flores para tornar o local mais atraente visualmente. <\/p>\n\n\n\n<div class=\"wp-block-image\"><figure class=\"aligncenter size-large is-resized\"><img loading=\"lazy\" decoding=\"async\" src=\"https:\/\/jornalfatosenoticias.com.br\/wp-content\/uploads\/2020\/02\/Logo_Mizu.png\" alt=\"\" class=\"wp-image-1441\" width=\"374\" height=\"46\" srcset=\"https:\/\/jornalfatosenoticias.com.br\/wp-content\/uploads\/2020\/02\/Logo_Mizu.png 729w, https:\/\/jornalfatosenoticias.com.br\/wp-content\/uploads\/2020\/02\/Logo_Mizu-300x37.png 300w\" sizes=\"auto, (max-width: 374px) 100vw, 374px\" \/><\/figure><\/div>\n\n\n\n<figure class=\"wp-block-image size-large\"><img loading=\"lazy\" decoding=\"async\" width=\"1000\" height=\"707\" src=\"https:\/\/jornalfatosenoticias.com.br\/wp-content\/uploads\/2022\/03\/paineis-flor-3.jpg\" alt=\"\" class=\"wp-image-28931\" srcset=\"https:\/\/jornalfatosenoticias.com.br\/wp-content\/uploads\/2022\/03\/paineis-flor-3.jpg 1000w, https:\/\/jornalfatosenoticias.com.br\/wp-content\/uploads\/2022\/03\/paineis-flor-3-300x212.jpg 300w, https:\/\/jornalfatosenoticias.com.br\/wp-content\/uploads\/2022\/03\/paineis-flor-3-768x543.jpg 768w\" sizes=\"auto, (max-width: 1000px) 100vw, 1000px\" \/><figcaption><em><span class=\"has-inline-color has-black-color\">(Foto: Q Cells)<\/span><\/em><\/figcaption><\/figure>\n\n\n\n<div class=\"wp-block-image\"><figure class=\"alignleft size-large is-resized\"><img loading=\"lazy\" decoding=\"async\" src=\"https:\/\/jornalfatosenoticias.com.br\/wp-content\/uploads\/2022\/02\/Precisao-Contabilidade-1024x724.jpg\" alt=\"\" class=\"wp-image-28088\" width=\"328\" height=\"232\"\/><\/figure><\/div>\n\n\n\n<p>As empresas sul-coreanas Hanwha Q-Cells e Scotra foram respons\u00e1veis por fornecer os pain\u00e9is solares e as estruturas flutuantes para montar o sistema. Antes disso, a Scotra j\u00e1 havia constru\u00eddo uma matriz flutuante piloto de 500 kW na pr\u00f3pria barragem de Hapcheon.<br>Entre os benef\u00edcios de instalar pain\u00e9is solares na superf\u00edcie da \u00e1gua est\u00e1 o fato de\u00a0<a href=\"https:\/\/ciclovivo.com.br\/planeta\/energia\/tetos-verdes-tornam-paineis-solares-mais-eficientes-revela-estudo\/\" target=\"_blank\" rel=\"noreferrer noopener\">reduzir o calor dos pain\u00e9is<\/a>, tornando-os de 10 a 15% mais eficientes,\u00a0<a href=\"https:\/\/ciclovivo.com.br\/planeta\/energia\/paineis-solares-flutuantes-agua-evaporacao\/\" target=\"_blank\" rel=\"noreferrer noopener\">diminuir a evapora\u00e7\u00e3o da \u00e1gua<\/a>\u00a0na barragem e ajudar a conter a prolifera\u00e7\u00e3o de algas.<\/p>\n\n\n\n<div class=\"wp-block-image\"><figure class=\"aligncenter size-large is-resized\"><img loading=\"lazy\" decoding=\"async\" src=\"https:\/\/jornalfatosenoticias.com.br\/wp-content\/uploads\/2020\/02\/Suinco-1024x389.jpg\" alt=\"\" class=\"wp-image-28883\" width=\"440\" height=\"167\" srcset=\"https:\/\/jornalfatosenoticias.com.br\/wp-content\/uploads\/2020\/02\/Suinco-1024x389.jpg 1024w, https:\/\/jornalfatosenoticias.com.br\/wp-content\/uploads\/2020\/02\/Suinco-300x114.jpg 300w, https:\/\/jornalfatosenoticias.com.br\/wp-content\/uploads\/2020\/02\/Suinco-768x292.jpg 768w, https:\/\/jornalfatosenoticias.com.br\/wp-content\/uploads\/2020\/02\/Suinco.jpg 1220w\" sizes=\"auto, (max-width: 440px) 100vw, 440px\" \/><\/figure><\/div>\n\n\n\n<p><strong><em>Fonte: <a href=\"https:\/\/ciclovivo.com.br\/planeta\/energia\/usina-solar-em-forma-de-flor-e-inaugurada-na-coreia-do-sul\/\">CicloVivo<\/a><\/em><\/strong><\/p>\n","protected":false},"excerpt":{"rendered":"<p>A usina flutuante gera energia suficiente para abastecer 60 mil pessoas Cerca de 92 mil pain\u00e9is solares flutuantes est\u00e3o gerando energia renov\u00e1vel em um reservat\u00f3rio em Hapcheon, na Coreia do Sul. O mais inusitado \u00e9 que as placas formam desenhos similares a uma flor, criando um belo efeito na \u00e1gua. Esta particularidade busca atrair turistas.Fazer [&hellip;]<\/p>\n","protected":false},"author":2,"featured_media":28932,"comment_status":"open","ping_status":"open","sticky":false,"template":"","format":"standard","meta":{"footnotes":""},"categories":[41,3],"tags":[3441,10790,13779,10296,533],"class_list":["post-28929","post","type-post","status-publish","format-standard","has-post-thumbnail","hentry","category-internacional","category-tecnologia","tag-coreia-do-sul","tag-energia-sustentavel","tag-forma-de-flor","tag-usina-flutuante","tag-usina-solar"],"yoast_head":"<!-- This site is optimized with the Yoast SEO plugin v26.5 - https:\/\/yoast.com\/wordpress\/plugins\/seo\/ -->\n<title>Usina solar em forma de flor \u00e9 inaugurada na Coreia do Sul - Jornal Fatos e Not\u00edcias<\/title>\n<meta name=\"robots\" content=\"index, follow, max-snippet:-1, max-image-preview:large, max-video-preview:-1\" \/>\n<link rel=\"canonical\" href=\"https:\/\/jornalfatosenoticias.com.br\/index.php\/2022\/03\/18\/usina-solar-em-forma-de-flor-e-inaugurada-na-coreia-do-sul\/\" \/>\n<meta property=\"og:locale\" content=\"pt_BR\" \/>\n<meta property=\"og:type\" content=\"article\" \/>\n<meta property=\"og:title\" content=\"Usina solar em forma de flor \u00e9 inaugurada na Coreia do Sul - Jornal Fatos e Not\u00edcias\" \/>\n<meta property=\"og:description\" content=\"A usina flutuante gera energia suficiente para abastecer 60 mil pessoas Cerca de 92 mil pain\u00e9is solares flutuantes est\u00e3o gerando energia renov\u00e1vel em um reservat\u00f3rio em Hapcheon, na Coreia do Sul. O mais inusitado \u00e9 que as placas formam desenhos similares a uma flor, criando um belo efeito na \u00e1gua. Esta particularidade busca atrair turistas.Fazer [&hellip;]\" \/>\n<meta property=\"og:url\" content=\"https:\/\/jornalfatosenoticias.com.br\/index.php\/2022\/03\/18\/usina-solar-em-forma-de-flor-e-inaugurada-na-coreia-do-sul\/\" \/>\n<meta property=\"og:site_name\" content=\"Jornal Fatos e Not\u00edcias\" \/>\n<meta property=\"article:published_time\" content=\"2022-03-18T17:30:00+00:00\" \/>\n<meta property=\"article:modified_time\" content=\"2022-03-18T17:30:01+00:00\" \/>\n<meta property=\"og:image\" content=\"https:\/\/jornalfatosenoticias.com.br\/wp-content\/uploads\/2022\/03\/paineis-solares-flor.jpg\" \/>\n\t<meta property=\"og:image:width\" content=\"1000\" \/>\n\t<meta property=\"og:image:height\" content=\"589\" \/>\n\t<meta property=\"og:image:type\" content=\"image\/jpeg\" \/>\n<meta name=\"author\" content=\"Luzimara Fernandes\" \/>\n<meta name=\"twitter:card\" content=\"summary_large_image\" \/>\n<meta name=\"twitter:label1\" content=\"Escrito por\" \/>\n\t<meta name=\"twitter:data1\" content=\"Luzimara Fernandes\" \/>\n\t<meta name=\"twitter:label2\" content=\"Est. tempo de leitura\" \/>\n\t<meta name=\"twitter:data2\" content=\"2 minutos\" \/>\n<script type=\"application\/ld+json\" class=\"yoast-schema-graph\">{\"@context\":\"https:\/\/schema.org\",\"@graph\":[{\"@type\":\"Article\",\"@id\":\"https:\/\/jornalfatosenoticias.com.br\/index.php\/2022\/03\/18\/usina-solar-em-forma-de-flor-e-inaugurada-na-coreia-do-sul\/#article\",\"isPartOf\":{\"@id\":\"https:\/\/jornalfatosenoticias.com.br\/index.php\/2022\/03\/18\/usina-solar-em-forma-de-flor-e-inaugurada-na-coreia-do-sul\/\"},\"author\":{\"name\":\"Luzimara Fernandes\",\"@id\":\"https:\/\/jornalfatosenoticias.com.br\/#\/schema\/person\/d63837fa13ac8666eb9e74e0985d6f81\"},\"headline\":\"Usina solar em forma de flor \u00e9 inaugurada na Coreia do Sul\",\"datePublished\":\"2022-03-18T17:30:00+00:00\",\"dateModified\":\"2022-03-18T17:30:01+00:00\",\"mainEntityOfPage\":{\"@id\":\"https:\/\/jornalfatosenoticias.com.br\/index.php\/2022\/03\/18\/usina-solar-em-forma-de-flor-e-inaugurada-na-coreia-do-sul\/\"},\"wordCount\":451,\"commentCount\":0,\"publisher\":{\"@id\":\"https:\/\/jornalfatosenoticias.com.br\/#organization\"},\"image\":{\"@id\":\"https:\/\/jornalfatosenoticias.com.br\/index.php\/2022\/03\/18\/usina-solar-em-forma-de-flor-e-inaugurada-na-coreia-do-sul\/#primaryimage\"},\"thumbnailUrl\":\"https:\/\/jornalfatosenoticias.com.br\/wp-content\/uploads\/2022\/03\/paineis-solares-flor.jpg\",\"keywords\":[\"Coreia do Sul\",\"energia sustent\u00e1vel\",\"forma de flor\",\"usina flutuante\",\"usina solar\"],\"articleSection\":[\"Internacional\",\"Tecnologia &amp; Inova\u00e7\u00e3o\"],\"inLanguage\":\"pt-BR\",\"potentialAction\":[{\"@type\":\"CommentAction\",\"name\":\"Comment\",\"target\":[\"https:\/\/jornalfatosenoticias.com.br\/index.php\/2022\/03\/18\/usina-solar-em-forma-de-flor-e-inaugurada-na-coreia-do-sul\/#respond\"]}]},{\"@type\":\"WebPage\",\"@id\":\"https:\/\/jornalfatosenoticias.com.br\/index.php\/2022\/03\/18\/usina-solar-em-forma-de-flor-e-inaugurada-na-coreia-do-sul\/\",\"url\":\"https:\/\/jornalfatosenoticias.com.br\/index.php\/2022\/03\/18\/usina-solar-em-forma-de-flor-e-inaugurada-na-coreia-do-sul\/\",\"name\":\"Usina solar em forma de flor \u00e9 inaugurada na Coreia do Sul - Jornal Fatos e Not\u00edcias\",\"isPartOf\":{\"@id\":\"https:\/\/jornalfatosenoticias.com.br\/#website\"},\"primaryImageOfPage\":{\"@id\":\"https:\/\/jornalfatosenoticias.com.br\/index.php\/2022\/03\/18\/usina-solar-em-forma-de-flor-e-inaugurada-na-coreia-do-sul\/#primaryimage\"},\"image\":{\"@id\":\"https:\/\/jornalfatosenoticias.com.br\/index.php\/2022\/03\/18\/usina-solar-em-forma-de-flor-e-inaugurada-na-coreia-do-sul\/#primaryimage\"},\"thumbnailUrl\":\"https:\/\/jornalfatosenoticias.com.br\/wp-content\/uploads\/2022\/03\/paineis-solares-flor.jpg\",\"datePublished\":\"2022-03-18T17:30:00+00:00\",\"dateModified\":\"2022-03-18T17:30:01+00:00\",\"breadcrumb\":{\"@id\":\"https:\/\/jornalfatosenoticias.com.br\/index.php\/2022\/03\/18\/usina-solar-em-forma-de-flor-e-inaugurada-na-coreia-do-sul\/#breadcrumb\"},\"inLanguage\":\"pt-BR\",\"potentialAction\":[{\"@type\":\"ReadAction\",\"target\":[\"https:\/\/jornalfatosenoticias.com.br\/index.php\/2022\/03\/18\/usina-solar-em-forma-de-flor-e-inaugurada-na-coreia-do-sul\/\"]}]},{\"@type\":\"ImageObject\",\"inLanguage\":\"pt-BR\",\"@id\":\"https:\/\/jornalfatosenoticias.com.br\/index.php\/2022\/03\/18\/usina-solar-em-forma-de-flor-e-inaugurada-na-coreia-do-sul\/#primaryimage\",\"url\":\"https:\/\/jornalfatosenoticias.com.br\/wp-content\/uploads\/2022\/03\/paineis-solares-flor.jpg\",\"contentUrl\":\"https:\/\/jornalfatosenoticias.com.br\/wp-content\/uploads\/2022\/03\/paineis-solares-flor.jpg\",\"width\":1000,\"height\":589},{\"@type\":\"BreadcrumbList\",\"@id\":\"https:\/\/jornalfatosenoticias.com.br\/index.php\/2022\/03\/18\/usina-solar-em-forma-de-flor-e-inaugurada-na-coreia-do-sul\/#breadcrumb\",\"itemListElement\":[{\"@type\":\"ListItem\",\"position\":1,\"name\":\"In\u00edcio\",\"item\":\"https:\/\/jornalfatosenoticias.com.br\/\"},{\"@type\":\"ListItem\",\"position\":2,\"name\":\"Usina solar em forma de flor \u00e9 inaugurada na Coreia do Sul\"}]},{\"@type\":\"WebSite\",\"@id\":\"https:\/\/jornalfatosenoticias.com.br\/#website\",\"url\":\"https:\/\/jornalfatosenoticias.com.br\/\",\"name\":\"Jornal Fatos e Not\u00edcias\",\"description\":\"Not\u00edcias em geral\",\"publisher\":{\"@id\":\"https:\/\/jornalfatosenoticias.com.br\/#organization\"},\"potentialAction\":[{\"@type\":\"SearchAction\",\"target\":{\"@type\":\"EntryPoint\",\"urlTemplate\":\"https:\/\/jornalfatosenoticias.com.br\/?s={search_term_string}\"},\"query-input\":{\"@type\":\"PropertyValueSpecification\",\"valueRequired\":true,\"valueName\":\"search_term_string\"}}],\"inLanguage\":\"pt-BR\"},{\"@type\":\"Organization\",\"@id\":\"https:\/\/jornalfatosenoticias.com.br\/#organization\",\"name\":\"Jornal Fatos e Not\u00edcias\",\"url\":\"https:\/\/jornalfatosenoticias.com.br\/\",\"logo\":{\"@type\":\"ImageObject\",\"inLanguage\":\"pt-BR\",\"@id\":\"https:\/\/jornalfatosenoticias.com.br\/#\/schema\/logo\/image\/\",\"url\":\"https:\/\/jornalfatosenoticias.com.br\/wp-content\/uploads\/2020\/02\/logo120.png\",\"contentUrl\":\"https:\/\/jornalfatosenoticias.com.br\/wp-content\/uploads\/2020\/02\/logo120.png\",\"width\":1227,\"height\":120,\"caption\":\"Jornal Fatos e Not\u00edcias\"},\"image\":{\"@id\":\"https:\/\/jornalfatosenoticias.com.br\/#\/schema\/logo\/image\/\"}},{\"@type\":\"Person\",\"@id\":\"https:\/\/jornalfatosenoticias.com.br\/#\/schema\/person\/d63837fa13ac8666eb9e74e0985d6f81\",\"name\":\"Luzimara Fernandes\",\"image\":{\"@type\":\"ImageObject\",\"inLanguage\":\"pt-BR\",\"@id\":\"https:\/\/jornalfatosenoticias.com.br\/#\/schema\/person\/image\/\",\"url\":\"https:\/\/jornalfatosenoticias.com.br\/wp-content\/uploads\/2025\/05\/EU_portal.jpg\",\"contentUrl\":\"https:\/\/jornalfatosenoticias.com.br\/wp-content\/uploads\/2025\/05\/EU_portal.jpg\",\"caption\":\"Luzimara Fernandes\"},\"description\":\"Jornalista MTB 2358-ES\",\"sameAs\":[\"https:\/\/jornalfatosenoticias.com.br\"],\"url\":\"https:\/\/jornalfatosenoticias.com.br\/index.php\/author\/luzimara\/\"}]}<\/script>\n<!-- \/ Yoast SEO plugin. -->","yoast_head_json":{"title":"Usina solar em forma de flor \u00e9 inaugurada na Coreia do Sul - Jornal Fatos e Not\u00edcias","robots":{"index":"index","follow":"follow","max-snippet":"max-snippet:-1","max-image-preview":"max-image-preview:large","max-video-preview":"max-video-preview:-1"},"canonical":"https:\/\/jornalfatosenoticias.com.br\/index.php\/2022\/03\/18\/usina-solar-em-forma-de-flor-e-inaugurada-na-coreia-do-sul\/","og_locale":"pt_BR","og_type":"article","og_title":"Usina solar em forma de flor \u00e9 inaugurada na Coreia do Sul - Jornal Fatos e Not\u00edcias","og_description":"A usina flutuante gera energia suficiente para abastecer 60 mil pessoas Cerca de 92 mil pain\u00e9is solares flutuantes est\u00e3o gerando energia renov\u00e1vel em um reservat\u00f3rio em Hapcheon, na Coreia do Sul. O mais inusitado \u00e9 que as placas formam desenhos similares a uma flor, criando um belo efeito na \u00e1gua. Esta particularidade busca atrair turistas.Fazer [&hellip;]","og_url":"https:\/\/jornalfatosenoticias.com.br\/index.php\/2022\/03\/18\/usina-solar-em-forma-de-flor-e-inaugurada-na-coreia-do-sul\/","og_site_name":"Jornal Fatos e Not\u00edcias","article_published_time":"2022-03-18T17:30:00+00:00","article_modified_time":"2022-03-18T17:30:01+00:00","og_image":[{"width":1000,"height":589,"url":"https:\/\/jornalfatosenoticias.com.br\/wp-content\/uploads\/2022\/03\/paineis-solares-flor.jpg","type":"image\/jpeg"}],"author":"Luzimara Fernandes","twitter_card":"summary_large_image","twitter_misc":{"Escrito por":"Luzimara Fernandes","Est. tempo de leitura":"2 minutos"},"schema":{"@context":"https:\/\/schema.org","@graph":[{"@type":"Article","@id":"https:\/\/jornalfatosenoticias.com.br\/index.php\/2022\/03\/18\/usina-solar-em-forma-de-flor-e-inaugurada-na-coreia-do-sul\/#article","isPartOf":{"@id":"https:\/\/jornalfatosenoticias.com.br\/index.php\/2022\/03\/18\/usina-solar-em-forma-de-flor-e-inaugurada-na-coreia-do-sul\/"},"author":{"name":"Luzimara Fernandes","@id":"https:\/\/jornalfatosenoticias.com.br\/#\/schema\/person\/d63837fa13ac8666eb9e74e0985d6f81"},"headline":"Usina solar em forma de flor \u00e9 inaugurada na Coreia do Sul","datePublished":"2022-03-18T17:30:00+00:00","dateModified":"2022-03-18T17:30:01+00:00","mainEntityOfPage":{"@id":"https:\/\/jornalfatosenoticias.com.br\/index.php\/2022\/03\/18\/usina-solar-em-forma-de-flor-e-inaugurada-na-coreia-do-sul\/"},"wordCount":451,"commentCount":0,"publisher":{"@id":"https:\/\/jornalfatosenoticias.com.br\/#organization"},"image":{"@id":"https:\/\/jornalfatosenoticias.com.br\/index.php\/2022\/03\/18\/usina-solar-em-forma-de-flor-e-inaugurada-na-coreia-do-sul\/#primaryimage"},"thumbnailUrl":"https:\/\/jornalfatosenoticias.com.br\/wp-content\/uploads\/2022\/03\/paineis-solares-flor.jpg","keywords":["Coreia do Sul","energia sustent\u00e1vel","forma de flor","usina flutuante","usina solar"],"articleSection":["Internacional","Tecnologia &amp; Inova\u00e7\u00e3o"],"inLanguage":"pt-BR","potentialAction":[{"@type":"CommentAction","name":"Comment","target":["https:\/\/jornalfatosenoticias.com.br\/index.php\/2022\/03\/18\/usina-solar-em-forma-de-flor-e-inaugurada-na-coreia-do-sul\/#respond"]}]},{"@type":"WebPage","@id":"https:\/\/jornalfatosenoticias.com.br\/index.php\/2022\/03\/18\/usina-solar-em-forma-de-flor-e-inaugurada-na-coreia-do-sul\/","url":"https:\/\/jornalfatosenoticias.com.br\/index.php\/2022\/03\/18\/usina-solar-em-forma-de-flor-e-inaugurada-na-coreia-do-sul\/","name":"Usina solar em forma de flor \u00e9 inaugurada na Coreia do Sul - Jornal Fatos e Not\u00edcias","isPartOf":{"@id":"https:\/\/jornalfatosenoticias.com.br\/#website"},"primaryImageOfPage":{"@id":"https:\/\/jornalfatosenoticias.com.br\/index.php\/2022\/03\/18\/usina-solar-em-forma-de-flor-e-inaugurada-na-coreia-do-sul\/#primaryimage"},"image":{"@id":"https:\/\/jornalfatosenoticias.com.br\/index.php\/2022\/03\/18\/usina-solar-em-forma-de-flor-e-inaugurada-na-coreia-do-sul\/#primaryimage"},"thumbnailUrl":"https:\/\/jornalfatosenoticias.com.br\/wp-content\/uploads\/2022\/03\/paineis-solares-flor.jpg","datePublished":"2022-03-18T17:30:00+00:00","dateModified":"2022-03-18T17:30:01+00:00","breadcrumb":{"@id":"https:\/\/jornalfatosenoticias.com.br\/index.php\/2022\/03\/18\/usina-solar-em-forma-de-flor-e-inaugurada-na-coreia-do-sul\/#breadcrumb"},"inLanguage":"pt-BR","potentialAction":[{"@type":"ReadAction","target":["https:\/\/jornalfatosenoticias.com.br\/index.php\/2022\/03\/18\/usina-solar-em-forma-de-flor-e-inaugurada-na-coreia-do-sul\/"]}]},{"@type":"ImageObject","inLanguage":"pt-BR","@id":"https:\/\/jornalfatosenoticias.com.br\/index.php\/2022\/03\/18\/usina-solar-em-forma-de-flor-e-inaugurada-na-coreia-do-sul\/#primaryimage","url":"https:\/\/jornalfatosenoticias.com.br\/wp-content\/uploads\/2022\/03\/paineis-solares-flor.jpg","contentUrl":"https:\/\/jornalfatosenoticias.com.br\/wp-content\/uploads\/2022\/03\/paineis-solares-flor.jpg","width":1000,"height":589},{"@type":"BreadcrumbList","@id":"https:\/\/jornalfatosenoticias.com.br\/index.php\/2022\/03\/18\/usina-solar-em-forma-de-flor-e-inaugurada-na-coreia-do-sul\/#breadcrumb","itemListElement":[{"@type":"ListItem","position":1,"name":"In\u00edcio","item":"https:\/\/jornalfatosenoticias.com.br\/"},{"@type":"ListItem","position":2,"name":"Usina solar em forma de flor \u00e9 inaugurada na Coreia do Sul"}]},{"@type":"WebSite","@id":"https:\/\/jornalfatosenoticias.com.br\/#website","url":"https:\/\/jornalfatosenoticias.com.br\/","name":"Jornal Fatos e Not\u00edcias","description":"Not\u00edcias em geral","publisher":{"@id":"https:\/\/jornalfatosenoticias.com.br\/#organization"},"potentialAction":[{"@type":"SearchAction","target":{"@type":"EntryPoint","urlTemplate":"https:\/\/jornalfatosenoticias.com.br\/?s={search_term_string}"},"query-input":{"@type":"PropertyValueSpecification","valueRequired":true,"valueName":"search_term_string"}}],"inLanguage":"pt-BR"},{"@type":"Organization","@id":"https:\/\/jornalfatosenoticias.com.br\/#organization","name":"Jornal Fatos e Not\u00edcias","url":"https:\/\/jornalfatosenoticias.com.br\/","logo":{"@type":"ImageObject","inLanguage":"pt-BR","@id":"https:\/\/jornalfatosenoticias.com.br\/#\/schema\/logo\/image\/","url":"https:\/\/jornalfatosenoticias.com.br\/wp-content\/uploads\/2020\/02\/logo120.png","contentUrl":"https:\/\/jornalfatosenoticias.com.br\/wp-content\/uploads\/2020\/02\/logo120.png","width":1227,"height":120,"caption":"Jornal Fatos e Not\u00edcias"},"image":{"@id":"https:\/\/jornalfatosenoticias.com.br\/#\/schema\/logo\/image\/"}},{"@type":"Person","@id":"https:\/\/jornalfatosenoticias.com.br\/#\/schema\/person\/d63837fa13ac8666eb9e74e0985d6f81","name":"Luzimara Fernandes","image":{"@type":"ImageObject","inLanguage":"pt-BR","@id":"https:\/\/jornalfatosenoticias.com.br\/#\/schema\/person\/image\/","url":"https:\/\/jornalfatosenoticias.com.br\/wp-content\/uploads\/2025\/05\/EU_portal.jpg","contentUrl":"https:\/\/jornalfatosenoticias.com.br\/wp-content\/uploads\/2025\/05\/EU_portal.jpg","caption":"Luzimara Fernandes"},"description":"Jornalista MTB 2358-ES","sameAs":["https:\/\/jornalfatosenoticias.com.br"],"url":"https:\/\/jornalfatosenoticias.com.br\/index.php\/author\/luzimara\/"}]}},"cc_featured_image_caption":{"caption_text":"(Foto: Minist\u00e9rio do Meio Ambiente) ","source_text":"","source_url":""},"jetpack_featured_media_url":"https:\/\/jornalfatosenoticias.com.br\/wp-content\/uploads\/2022\/03\/paineis-solares-flor.jpg","_links":{"self":[{"href":"https:\/\/jornalfatosenoticias.com.br\/index.php\/wp-json\/wp\/v2\/posts\/28929","targetHints":{"allow":["GET"]}}],"collection":[{"href":"https:\/\/jornalfatosenoticias.com.br\/index.php\/wp-json\/wp\/v2\/posts"}],"about":[{"href":"https:\/\/jornalfatosenoticias.com.br\/index.php\/wp-json\/wp\/v2\/types\/post"}],"author":[{"embeddable":true,"href":"https:\/\/jornalfatosenoticias.com.br\/index.php\/wp-json\/wp\/v2\/users\/2"}],"replies":[{"embeddable":true,"href":"https:\/\/jornalfatosenoticias.com.br\/index.php\/wp-json\/wp\/v2\/comments?post=28929"}],"version-history":[{"count":0,"href":"https:\/\/jornalfatosenoticias.com.br\/index.php\/wp-json\/wp\/v2\/posts\/28929\/revisions"}],"wp:featuredmedia":[{"embeddable":true,"href":"https:\/\/jornalfatosenoticias.com.br\/index.php\/wp-json\/wp\/v2\/media\/28932"}],"wp:attachment":[{"href":"https:\/\/jornalfatosenoticias.com.br\/index.php\/wp-json\/wp\/v2\/media?parent=28929"}],"wp:term":[{"taxonomy":"category","embeddable":true,"href":"https:\/\/jornalfatosenoticias.com.br\/index.php\/wp-json\/wp\/v2\/categories?post=28929"},{"taxonomy":"post_tag","embeddable":true,"href":"https:\/\/jornalfatosenoticias.com.br\/index.php\/wp-json\/wp\/v2\/tags?post=28929"}],"curies":[{"name":"wp","href":"https:\/\/api.w.org\/{rel}","templated":true}]}}