{"id":28934,"date":"2022-03-22T12:58:59","date_gmt":"2022-03-22T15:58:59","guid":{"rendered":"https:\/\/jornalfatosenoticias.com.br\/?p=28934"},"modified":"2022-03-22T13:18:55","modified_gmt":"2022-03-22T16:18:55","slug":"o-desespero-da-esquerda","status":"publish","type":"post","link":"https:\/\/jornalfatosenoticias.com.br\/index.php\/2022\/03\/22\/o-desespero-da-esquerda\/","title":{"rendered":"O desespero da esquerda"},"content":{"rendered":"\n<div class=\"wp-block-image\"><figure class=\"aligncenter size-large is-resized\"><img loading=\"lazy\" decoding=\"async\" src=\"https:\/\/jornalfatosenoticias.com.br\/wp-content\/uploads\/2022\/02\/Arte-Autoescola-Galatas_endereco_portal-1024x103.png\" alt=\"\" class=\"wp-image-27869\" width=\"437\" height=\"44\" srcset=\"https:\/\/jornalfatosenoticias.com.br\/wp-content\/uploads\/2022\/02\/Arte-Autoescola-Galatas_endereco_portal-1024x103.png 1024w, https:\/\/jornalfatosenoticias.com.br\/wp-content\/uploads\/2022\/02\/Arte-Autoescola-Galatas_endereco_portal-300x30.png 300w, https:\/\/jornalfatosenoticias.com.br\/wp-content\/uploads\/2022\/02\/Arte-Autoescola-Galatas_endereco_portal-768x77.png 768w, https:\/\/jornalfatosenoticias.com.br\/wp-content\/uploads\/2022\/02\/Arte-Autoescola-Galatas_endereco_portal.png 1223w\" sizes=\"auto, (max-width: 437px) 100vw, 437px\" \/><\/figure><\/div>\n\n\n\n<p>\u00c9 not\u00f3rio o desespero da esquerda em todas as inst\u00e2ncias e esferas do poder p\u00fablico. N\u00f3s, brasileiros, estamos tendo que conviver com a tirania de ministros do Supremo Tribunal Federal (STF), que est\u00e3o saindo de suas atribui\u00e7\u00f5es e servindo de cabos eleitorais. Causa asco em todos n\u00f3s cidad\u00e3os ver um ministro da alta corte decidindo de forma arbitr\u00e1ria e prepotente pelo bloqueio do Telegram sem qualquer crime, ou seja, sem nenhuma sustenta\u00e7\u00e3o jur\u00eddica. Ser\u00e1 que j\u00e1 n\u00e3o estamos sob as garras da opress\u00e3o? Afinal, o controle da comunica\u00e7\u00e3o e o comprometimento da liberdade de imprensa s\u00e3o dois t\u00f3picos que o ex-condenado e candidato a presidente da Rep\u00fablica, tem ventilado nas suas redes sociais e essa medida do Alexandre de Moraes retrata muito bem o que o ex-condenado prega em todas as suas falas.<\/p>\n\n\n\n<figure class=\"wp-block-image size-large\"><img loading=\"lazy\" decoding=\"async\" width=\"1000\" height=\"452\" src=\"https:\/\/jornalfatosenoticias.com.br\/wp-content\/uploads\/2022\/03\/Pronampe-466-BBB.jpg\" alt=\"\" class=\"wp-image-28935\" srcset=\"https:\/\/jornalfatosenoticias.com.br\/wp-content\/uploads\/2022\/03\/Pronampe-466-BBB.jpg 1000w, https:\/\/jornalfatosenoticias.com.br\/wp-content\/uploads\/2022\/03\/Pronampe-466-BBB-300x136.jpg 300w, https:\/\/jornalfatosenoticias.com.br\/wp-content\/uploads\/2022\/03\/Pronampe-466-BBB-768x347.jpg 768w\" sizes=\"auto, (max-width: 1000px) 100vw, 1000px\" \/><figcaption><em><span class=\"has-inline-color has-black-color\">O Pronampe atende micro e pequenas empresas (Foto: Isac N\u00f3brega\/PR)<\/span><\/em><\/figcaption><\/figure>\n\n\n\n<p>Convenhamos, o desespero da esquerda \u00e9 a reelei\u00e7\u00e3o do presidente <a href=\"https:\/\/www.moneytimes.com.br\/tag\/jair-bolsonaro\/\"><strong>Jair<\/strong> <\/a><strong><a href=\"https:\/\/www.moneytimes.com.br\/tag\/jair-bolsonaro\/\">Messias<\/a> <\/strong><a href=\"https:\/\/www.moneytimes.com.br\/tag\/jair-bolsonaro\/\"><strong>Bolsonaro<\/strong><\/a>, j\u00e1 que a urna funer\u00e1ria que o PT e todos os outros partidos que o apoiam (PSB, PDT, PCdoB, PCO) repousar\u00e3o, ser\u00e1 concretada, fazendo-os, na vida p\u00f3s-morte, se \u00e9 que existe, pensar no mal que fizeram a todo brasileiro de bem. Aquele que quando precisou de atendimento m\u00e9dico e morreu na fila do hospital e das crian\u00e7as e jovens que tiveram seus diretos \u00e0 educa\u00e7\u00e3o tomados pela corrup\u00e7\u00e3o que varreu o Pa\u00eds.<\/p>\n\n\n\n<div class=\"wp-block-image\"><figure class=\"alignright size-large is-resized\"><img loading=\"lazy\" decoding=\"async\" src=\"https:\/\/jornalfatosenoticias.com.br\/wp-content\/uploads\/2022\/02\/Precisao-Contabilidade-1024x724.jpg\" alt=\"\" class=\"wp-image-28088\" width=\"331\" height=\"234\"\/><\/figure><\/div>\n\n\n\n<p>Pagamos at\u00e9 hoje pelas irresponsabilidades do PT e dos partidos que o apoiaram. Um exemplo \u00e9 a constru\u00e7\u00e3o do Porto de Mariel em Cuba (preju\u00edzo de R$ 3,5 bilh\u00f5es ao Banco Nacional de Desenvolvimento Econ\u00f4mico e Social \u2014 BNDES, e o Brasil recebeu charutos como garantia no contrato) e a realiza\u00e7\u00e3o da Copa de 2014, que exauriu R$ 38 bilh\u00f5es dos cofres p\u00fablicos, s\u00f3 R$ 8,384 bilh\u00f5es foram para a constru\u00e7\u00e3o dos est\u00e1dios, beneficiando empreiteiras que viraram instrumentos de corrup\u00e7\u00e3o (Odebrecht, Engevix, Mendes J\u00fanior, Construcap, OAS, Andrade Gutierrez e Galv\u00e3o Engenharia, s\u00f3 para ficar nos casos mais escabrosos). Outro caso \u00e9 o do BNDES e da Petrobras que, juntos, na era petista, amargaram de preju\u00edzo o montante de R$ 1,4 trilh\u00e3o, sem falar de outras institui\u00e7\u00f5es que tiveram o mesmo fim.<\/p>\n\n\n\n<div class=\"wp-block-image\"><figure class=\"aligncenter size-large is-resized\"><img loading=\"lazy\" decoding=\"async\" src=\"https:\/\/jornalfatosenoticias.com.br\/wp-content\/uploads\/2020\/02\/Serra-Grande-1024x160.png\" alt=\"\" class=\"wp-image-7836\" width=\"436\" height=\"68\"\/><\/figure><\/div>\n\n\n\n<figure class=\"wp-block-image size-large\"><img loading=\"lazy\" decoding=\"async\" width=\"1000\" height=\"561\" src=\"https:\/\/jornalfatosenoticias.com.br\/wp-content\/uploads\/2022\/03\/Infra-466.jpeg\" alt=\"\" class=\"wp-image-28936\" srcset=\"https:\/\/jornalfatosenoticias.com.br\/wp-content\/uploads\/2022\/03\/Infra-466.jpeg 1000w, https:\/\/jornalfatosenoticias.com.br\/wp-content\/uploads\/2022\/03\/Infra-466-300x168.jpeg 300w, https:\/\/jornalfatosenoticias.com.br\/wp-content\/uploads\/2022\/03\/Infra-466-768x431.jpeg 768w\" sizes=\"auto, (max-width: 1000px) 100vw, 1000px\" \/><figcaption><em><span class=\"has-inline-color has-black-color\">Em 2020, foram entregues 86 obras pelo Minist\u00e9rio da Infraestrutura (Foto: Minist\u00e9rio da Infraestrutura)<\/span><\/em><\/figcaption><\/figure>\n\n\n\n<div class=\"wp-block-image\"><figure class=\"alignleft size-large\"><img decoding=\"async\" src=\"https:\/\/jornalfatosenoticias.com.br\/wp-content\/uploads\/2020\/02\/logo_esteio.jpg\" alt=\"\" class=\"wp-image-1214\"\/><\/figure><\/div>\n\n\n\n<p>Chega, cansamos! Acredito que Deus \u00e9 brasileiro porque nossa realidade atual \u00e9 outra, o foco do presidente e de sua equipe \u00e9 o bem comum, e isso \u00e9 n\u00edtido e not\u00f3rio, basta ver as medidas e as a\u00e7\u00f5es que est\u00e3o sendo tomadas pelo chefe do Executivo. Nossa rela\u00e7\u00e3o com a comunidade internacional est\u00e1 s\u00f3lida e confi\u00e1vel, com independ\u00eancia e imparcialidade pol\u00edtica; as obras infraestruturais de rodovias e ferrovias, com apoio do Ex\u00e9rcito e investimentos privados, est\u00e3o sendo executadas e conclu\u00eddas com anteced\u00eancia; a transposi\u00e7\u00e3o do Rio S\u00e3o Francisco virou realidade com a \u00e1gua chegando at\u00e9 o nordestino, que viveu ref\u00e9m dos caminh\u00f5es-pipas, de propriedades de pol\u00edticos da regi\u00e3o (ind\u00fastria da seca); os recursos para o combate \u00e0 covid n\u00e3o faltaram; Existe linha de cr\u00e9dito em apoio \u00e0s microempresas e <a href=\"https:\/\/www.moneytimes.com.br\/tag\/empresas\/\"><strong>empresas<\/strong><\/a> de pequeno porte atrav\u00e9s do Pronampe, que beneficia mais de 517 empresas com R$ 37,5 bilh\u00f5es em recursos para gerar neg\u00f3cios e salvar empregos. <\/p>\n\n\n\n<div class=\"wp-block-image\"><figure class=\"aligncenter size-large is-resized\"><img loading=\"lazy\" decoding=\"async\" src=\"https:\/\/jornalfatosenoticias.com.br\/wp-content\/uploads\/2022\/02\/Banner-1-1024x101.png\" alt=\"\" class=\"wp-image-27923\" width=\"502\" height=\"49\"\/><\/figure><\/div>\n\n\n\n<figure class=\"wp-block-image size-large\"><img loading=\"lazy\" decoding=\"async\" width=\"1000\" height=\"667\" src=\"https:\/\/jornalfatosenoticias.com.br\/wp-content\/uploads\/2022\/03\/Israel-466-BBB.jpg\" alt=\"\" class=\"wp-image-28937\" srcset=\"https:\/\/jornalfatosenoticias.com.br\/wp-content\/uploads\/2022\/03\/Israel-466-BBB.jpg 1000w, https:\/\/jornalfatosenoticias.com.br\/wp-content\/uploads\/2022\/03\/Israel-466-BBB-300x200.jpg 300w, https:\/\/jornalfatosenoticias.com.br\/wp-content\/uploads\/2022\/03\/Israel-466-BBB-768x512.jpg 768w\" sizes=\"auto, (max-width: 1000px) 100vw, 1000px\" \/><figcaption><em><span class=\"has-inline-color has-black-color\">Presidente Bolsonaro com primeiro ministro de Israel Benjamin Netanyahu (Foto: Alan Santos\/PR)<\/span><\/em><\/figcaption><\/figure>\n\n\n\n<div class=\"wp-block-image\"><figure class=\"alignright size-large is-resized\"><img loading=\"lazy\" decoding=\"async\" src=\"https:\/\/jornalfatosenoticias.com.br\/wp-content\/uploads\/2020\/02\/nova-logo-Marquetti.jpg\" alt=\"\" class=\"wp-image-22331\" width=\"340\" height=\"229\" srcset=\"https:\/\/jornalfatosenoticias.com.br\/wp-content\/uploads\/2020\/02\/nova-logo-Marquetti.jpg 643w, https:\/\/jornalfatosenoticias.com.br\/wp-content\/uploads\/2020\/02\/nova-logo-Marquetti-300x202.jpg 300w\" sizes=\"auto, (max-width: 340px) 100vw, 340px\" \/><\/figure><\/div>\n\n\n\n<p>A lista \u00e9 grande, por isso, finalizo, informando aos propriet\u00e1rios de ve\u00edculos automotores, que a transfer\u00eancia digital ser\u00e1 realidade em breve com a implementa\u00e7\u00e3o do DUT DIGITAL.<br>N\u00e3o estou rasgando ceda para A ou B, apenas colocando na balan\u00e7a o que acho ser o melhor para n\u00f3s brasileiros. Por fim, num sol escaldante, qual a \u00e1rvore que voc\u00ea procura para se proteger, a seca, sem galhos e sem folhas ou a frondosa para se refrescar?<\/p>\n\n\n\n<div class=\"wp-block-image\"><figure class=\"aligncenter size-large is-resized\"><img loading=\"lazy\" decoding=\"async\" src=\"https:\/\/jornalfatosenoticias.com.br\/wp-content\/uploads\/2020\/02\/banner_ferramentas-1024x100.jpg\" alt=\"\" class=\"wp-image-1258\" width=\"552\" height=\"53\" srcset=\"https:\/\/jornalfatosenoticias.com.br\/wp-content\/uploads\/2020\/02\/banner_ferramentas-1024x100.jpg 1024w, https:\/\/jornalfatosenoticias.com.br\/wp-content\/uploads\/2020\/02\/banner_ferramentas-300x29.jpg 300w, https:\/\/jornalfatosenoticias.com.br\/wp-content\/uploads\/2020\/02\/banner_ferramentas-768x75.jpg 768w, https:\/\/jornalfatosenoticias.com.br\/wp-content\/uploads\/2020\/02\/banner_ferramentas.jpg 1227w\" sizes=\"auto, (max-width: 552px) 100vw, 552px\" \/><\/figure><\/div>\n","protected":false},"excerpt":{"rendered":"<p>\u00c9 not\u00f3rio o desespero da esquerda em todas as inst\u00e2ncias e esferas do poder p\u00fablico. N\u00f3s, brasileiros, estamos tendo que conviver com a tirania de ministros do Supremo Tribunal Federal (STF), que est\u00e3o saindo de suas atribui\u00e7\u00f5es e servindo de cabos eleitorais. Causa asco em todos n\u00f3s cidad\u00e3os ver um ministro da alta corte decidindo [&hellip;]<\/p>\n","protected":false},"author":3,"featured_media":28937,"comment_status":"open","ping_status":"open","sticky":false,"template":"","format":"standard","meta":{"footnotes":""},"categories":[10],"tags":[240,1795,1502,545],"class_list":["post-28934","post","type-post","status-publish","format-standard","has-post-thumbnail","hentry","category-politica","tag-economia","tag-jair-bolsonaro","tag-paulo-guedes","tag-politica"],"yoast_head":"<!-- This site is optimized with the Yoast SEO plugin v26.5 - https:\/\/yoast.com\/wordpress\/plugins\/seo\/ -->\n<title>O desespero da esquerda - Jornal Fatos e Not\u00edcias<\/title>\n<meta name=\"robots\" content=\"index, follow, max-snippet:-1, max-image-preview:large, max-video-preview:-1\" \/>\n<link rel=\"canonical\" href=\"https:\/\/jornalfatosenoticias.com.br\/index.php\/2022\/03\/22\/o-desespero-da-esquerda\/\" \/>\n<meta property=\"og:locale\" content=\"pt_BR\" \/>\n<meta property=\"og:type\" content=\"article\" \/>\n<meta property=\"og:title\" content=\"O desespero da esquerda - Jornal Fatos e Not\u00edcias\" \/>\n<meta property=\"og:description\" content=\"\u00c9 not\u00f3rio o desespero da esquerda em todas as inst\u00e2ncias e esferas do poder p\u00fablico. N\u00f3s, brasileiros, estamos tendo que conviver com a tirania de ministros do Supremo Tribunal Federal (STF), que est\u00e3o saindo de suas atribui\u00e7\u00f5es e servindo de cabos eleitorais. Causa asco em todos n\u00f3s cidad\u00e3os ver um ministro da alta corte decidindo [&hellip;]\" \/>\n<meta property=\"og:url\" content=\"https:\/\/jornalfatosenoticias.com.br\/index.php\/2022\/03\/22\/o-desespero-da-esquerda\/\" \/>\n<meta property=\"og:site_name\" content=\"Jornal Fatos e Not\u00edcias\" \/>\n<meta property=\"article:published_time\" content=\"2022-03-22T15:58:59+00:00\" \/>\n<meta property=\"article:modified_time\" content=\"2022-03-22T16:18:55+00:00\" \/>\n<meta property=\"og:image\" content=\"https:\/\/jornalfatosenoticias.com.br\/wp-content\/uploads\/2022\/03\/Israel-466-BBB.jpg\" \/>\n\t<meta property=\"og:image:width\" content=\"1000\" \/>\n\t<meta property=\"og:image:height\" content=\"667\" \/>\n\t<meta property=\"og:image:type\" content=\"image\/jpeg\" \/>\n<meta name=\"author\" content=\"Haroldo Filho\" \/>\n<meta name=\"twitter:card\" content=\"summary_large_image\" \/>\n<meta name=\"twitter:label1\" content=\"Escrito por\" \/>\n\t<meta name=\"twitter:data1\" content=\"Haroldo Filho\" \/>\n\t<meta name=\"twitter:label2\" content=\"Est. tempo de leitura\" \/>\n\t<meta name=\"twitter:data2\" content=\"3 minutos\" \/>\n<script type=\"application\/ld+json\" class=\"yoast-schema-graph\">{\"@context\":\"https:\/\/schema.org\",\"@graph\":[{\"@type\":\"Article\",\"@id\":\"https:\/\/jornalfatosenoticias.com.br\/index.php\/2022\/03\/22\/o-desespero-da-esquerda\/#article\",\"isPartOf\":{\"@id\":\"https:\/\/jornalfatosenoticias.com.br\/index.php\/2022\/03\/22\/o-desespero-da-esquerda\/\"},\"author\":{\"name\":\"Haroldo Filho\",\"@id\":\"https:\/\/jornalfatosenoticias.com.br\/#\/schema\/person\/05c46cc25b42a5c27e004fb0fa6b4965\"},\"headline\":\"O desespero da esquerda\",\"datePublished\":\"2022-03-22T15:58:59+00:00\",\"dateModified\":\"2022-03-22T16:18:55+00:00\",\"mainEntityOfPage\":{\"@id\":\"https:\/\/jornalfatosenoticias.com.br\/index.php\/2022\/03\/22\/o-desespero-da-esquerda\/\"},\"wordCount\":675,\"commentCount\":0,\"publisher\":{\"@id\":\"https:\/\/jornalfatosenoticias.com.br\/#organization\"},\"image\":{\"@id\":\"https:\/\/jornalfatosenoticias.com.br\/index.php\/2022\/03\/22\/o-desespero-da-esquerda\/#primaryimage\"},\"thumbnailUrl\":\"https:\/\/jornalfatosenoticias.com.br\/wp-content\/uploads\/2022\/03\/Israel-466-BBB.jpg\",\"keywords\":[\"economia\",\"Jair Bolsonaro\",\"Paulo Guedes\",\"pol\u00edtica\"],\"articleSection\":[\"Pol\u00edtica\"],\"inLanguage\":\"pt-BR\",\"potentialAction\":[{\"@type\":\"CommentAction\",\"name\":\"Comment\",\"target\":[\"https:\/\/jornalfatosenoticias.com.br\/index.php\/2022\/03\/22\/o-desespero-da-esquerda\/#respond\"]}]},{\"@type\":\"WebPage\",\"@id\":\"https:\/\/jornalfatosenoticias.com.br\/index.php\/2022\/03\/22\/o-desespero-da-esquerda\/\",\"url\":\"https:\/\/jornalfatosenoticias.com.br\/index.php\/2022\/03\/22\/o-desespero-da-esquerda\/\",\"name\":\"O desespero da esquerda - Jornal Fatos e Not\u00edcias\",\"isPartOf\":{\"@id\":\"https:\/\/jornalfatosenoticias.com.br\/#website\"},\"primaryImageOfPage\":{\"@id\":\"https:\/\/jornalfatosenoticias.com.br\/index.php\/2022\/03\/22\/o-desespero-da-esquerda\/#primaryimage\"},\"image\":{\"@id\":\"https:\/\/jornalfatosenoticias.com.br\/index.php\/2022\/03\/22\/o-desespero-da-esquerda\/#primaryimage\"},\"thumbnailUrl\":\"https:\/\/jornalfatosenoticias.com.br\/wp-content\/uploads\/2022\/03\/Israel-466-BBB.jpg\",\"datePublished\":\"2022-03-22T15:58:59+00:00\",\"dateModified\":\"2022-03-22T16:18:55+00:00\",\"breadcrumb\":{\"@id\":\"https:\/\/jornalfatosenoticias.com.br\/index.php\/2022\/03\/22\/o-desespero-da-esquerda\/#breadcrumb\"},\"inLanguage\":\"pt-BR\",\"potentialAction\":[{\"@type\":\"ReadAction\",\"target\":[\"https:\/\/jornalfatosenoticias.com.br\/index.php\/2022\/03\/22\/o-desespero-da-esquerda\/\"]}]},{\"@type\":\"ImageObject\",\"inLanguage\":\"pt-BR\",\"@id\":\"https:\/\/jornalfatosenoticias.com.br\/index.php\/2022\/03\/22\/o-desespero-da-esquerda\/#primaryimage\",\"url\":\"https:\/\/jornalfatosenoticias.com.br\/wp-content\/uploads\/2022\/03\/Israel-466-BBB.jpg\",\"contentUrl\":\"https:\/\/jornalfatosenoticias.com.br\/wp-content\/uploads\/2022\/03\/Israel-466-BBB.jpg\",\"width\":1000,\"height\":667},{\"@type\":\"BreadcrumbList\",\"@id\":\"https:\/\/jornalfatosenoticias.com.br\/index.php\/2022\/03\/22\/o-desespero-da-esquerda\/#breadcrumb\",\"itemListElement\":[{\"@type\":\"ListItem\",\"position\":1,\"name\":\"In\u00edcio\",\"item\":\"https:\/\/jornalfatosenoticias.com.br\/\"},{\"@type\":\"ListItem\",\"position\":2,\"name\":\"O desespero da esquerda\"}]},{\"@type\":\"WebSite\",\"@id\":\"https:\/\/jornalfatosenoticias.com.br\/#website\",\"url\":\"https:\/\/jornalfatosenoticias.com.br\/\",\"name\":\"Jornal Fatos e Not\u00edcias\",\"description\":\"Not\u00edcias em geral\",\"publisher\":{\"@id\":\"https:\/\/jornalfatosenoticias.com.br\/#organization\"},\"potentialAction\":[{\"@type\":\"SearchAction\",\"target\":{\"@type\":\"EntryPoint\",\"urlTemplate\":\"https:\/\/jornalfatosenoticias.com.br\/?s={search_term_string}\"},\"query-input\":{\"@type\":\"PropertyValueSpecification\",\"valueRequired\":true,\"valueName\":\"search_term_string\"}}],\"inLanguage\":\"pt-BR\"},{\"@type\":\"Organization\",\"@id\":\"https:\/\/jornalfatosenoticias.com.br\/#organization\",\"name\":\"Jornal Fatos e Not\u00edcias\",\"url\":\"https:\/\/jornalfatosenoticias.com.br\/\",\"logo\":{\"@type\":\"ImageObject\",\"inLanguage\":\"pt-BR\",\"@id\":\"https:\/\/jornalfatosenoticias.com.br\/#\/schema\/logo\/image\/\",\"url\":\"https:\/\/jornalfatosenoticias.com.br\/wp-content\/uploads\/2020\/02\/logo120.png\",\"contentUrl\":\"https:\/\/jornalfatosenoticias.com.br\/wp-content\/uploads\/2020\/02\/logo120.png\",\"width\":1227,\"height\":120,\"caption\":\"Jornal Fatos e Not\u00edcias\"},\"image\":{\"@id\":\"https:\/\/jornalfatosenoticias.com.br\/#\/schema\/logo\/image\/\"}},{\"@type\":\"Person\",\"@id\":\"https:\/\/jornalfatosenoticias.com.br\/#\/schema\/person\/05c46cc25b42a5c27e004fb0fa6b4965\",\"name\":\"Haroldo Filho\",\"image\":{\"@type\":\"ImageObject\",\"inLanguage\":\"pt-BR\",\"@id\":\"https:\/\/jornalfatosenoticias.com.br\/#\/schema\/person\/image\/\",\"url\":\"https:\/\/jornalfatosenoticias.com.br\/wp-content\/uploads\/2025\/08\/WhatsApp-Image-2025-08-18-at-15.30.28-150x150.jpeg\",\"contentUrl\":\"https:\/\/jornalfatosenoticias.com.br\/wp-content\/uploads\/2025\/08\/WhatsApp-Image-2025-08-18-at-15.30.28-150x150.jpeg\",\"caption\":\"Haroldo Filho\"},\"description\":\"Jornalista \u2013 DRT: 0003818\/ES Coordenador-geral da ONG Educar para Crescer\",\"url\":\"https:\/\/jornalfatosenoticias.com.br\/index.php\/author\/haroldo\/\"}]}<\/script>\n<!-- \/ Yoast SEO plugin. -->","yoast_head_json":{"title":"O desespero da esquerda - Jornal Fatos e Not\u00edcias","robots":{"index":"index","follow":"follow","max-snippet":"max-snippet:-1","max-image-preview":"max-image-preview:large","max-video-preview":"max-video-preview:-1"},"canonical":"https:\/\/jornalfatosenoticias.com.br\/index.php\/2022\/03\/22\/o-desespero-da-esquerda\/","og_locale":"pt_BR","og_type":"article","og_title":"O desespero da esquerda - Jornal Fatos e Not\u00edcias","og_description":"\u00c9 not\u00f3rio o desespero da esquerda em todas as inst\u00e2ncias e esferas do poder p\u00fablico. N\u00f3s, brasileiros, estamos tendo que conviver com a tirania de ministros do Supremo Tribunal Federal (STF), que est\u00e3o saindo de suas atribui\u00e7\u00f5es e servindo de cabos eleitorais. Causa asco em todos n\u00f3s cidad\u00e3os ver um ministro da alta corte decidindo [&hellip;]","og_url":"https:\/\/jornalfatosenoticias.com.br\/index.php\/2022\/03\/22\/o-desespero-da-esquerda\/","og_site_name":"Jornal Fatos e Not\u00edcias","article_published_time":"2022-03-22T15:58:59+00:00","article_modified_time":"2022-03-22T16:18:55+00:00","og_image":[{"width":1000,"height":667,"url":"https:\/\/jornalfatosenoticias.com.br\/wp-content\/uploads\/2022\/03\/Israel-466-BBB.jpg","type":"image\/jpeg"}],"author":"Haroldo Filho","twitter_card":"summary_large_image","twitter_misc":{"Escrito por":"Haroldo Filho","Est. tempo de leitura":"3 minutos"},"schema":{"@context":"https:\/\/schema.org","@graph":[{"@type":"Article","@id":"https:\/\/jornalfatosenoticias.com.br\/index.php\/2022\/03\/22\/o-desespero-da-esquerda\/#article","isPartOf":{"@id":"https:\/\/jornalfatosenoticias.com.br\/index.php\/2022\/03\/22\/o-desespero-da-esquerda\/"},"author":{"name":"Haroldo Filho","@id":"https:\/\/jornalfatosenoticias.com.br\/#\/schema\/person\/05c46cc25b42a5c27e004fb0fa6b4965"},"headline":"O desespero da esquerda","datePublished":"2022-03-22T15:58:59+00:00","dateModified":"2022-03-22T16:18:55+00:00","mainEntityOfPage":{"@id":"https:\/\/jornalfatosenoticias.com.br\/index.php\/2022\/03\/22\/o-desespero-da-esquerda\/"},"wordCount":675,"commentCount":0,"publisher":{"@id":"https:\/\/jornalfatosenoticias.com.br\/#organization"},"image":{"@id":"https:\/\/jornalfatosenoticias.com.br\/index.php\/2022\/03\/22\/o-desespero-da-esquerda\/#primaryimage"},"thumbnailUrl":"https:\/\/jornalfatosenoticias.com.br\/wp-content\/uploads\/2022\/03\/Israel-466-BBB.jpg","keywords":["economia","Jair Bolsonaro","Paulo Guedes","pol\u00edtica"],"articleSection":["Pol\u00edtica"],"inLanguage":"pt-BR","potentialAction":[{"@type":"CommentAction","name":"Comment","target":["https:\/\/jornalfatosenoticias.com.br\/index.php\/2022\/03\/22\/o-desespero-da-esquerda\/#respond"]}]},{"@type":"WebPage","@id":"https:\/\/jornalfatosenoticias.com.br\/index.php\/2022\/03\/22\/o-desespero-da-esquerda\/","url":"https:\/\/jornalfatosenoticias.com.br\/index.php\/2022\/03\/22\/o-desespero-da-esquerda\/","name":"O desespero da esquerda - Jornal Fatos e Not\u00edcias","isPartOf":{"@id":"https:\/\/jornalfatosenoticias.com.br\/#website"},"primaryImageOfPage":{"@id":"https:\/\/jornalfatosenoticias.com.br\/index.php\/2022\/03\/22\/o-desespero-da-esquerda\/#primaryimage"},"image":{"@id":"https:\/\/jornalfatosenoticias.com.br\/index.php\/2022\/03\/22\/o-desespero-da-esquerda\/#primaryimage"},"thumbnailUrl":"https:\/\/jornalfatosenoticias.com.br\/wp-content\/uploads\/2022\/03\/Israel-466-BBB.jpg","datePublished":"2022-03-22T15:58:59+00:00","dateModified":"2022-03-22T16:18:55+00:00","breadcrumb":{"@id":"https:\/\/jornalfatosenoticias.com.br\/index.php\/2022\/03\/22\/o-desespero-da-esquerda\/#breadcrumb"},"inLanguage":"pt-BR","potentialAction":[{"@type":"ReadAction","target":["https:\/\/jornalfatosenoticias.com.br\/index.php\/2022\/03\/22\/o-desespero-da-esquerda\/"]}]},{"@type":"ImageObject","inLanguage":"pt-BR","@id":"https:\/\/jornalfatosenoticias.com.br\/index.php\/2022\/03\/22\/o-desespero-da-esquerda\/#primaryimage","url":"https:\/\/jornalfatosenoticias.com.br\/wp-content\/uploads\/2022\/03\/Israel-466-BBB.jpg","contentUrl":"https:\/\/jornalfatosenoticias.com.br\/wp-content\/uploads\/2022\/03\/Israel-466-BBB.jpg","width":1000,"height":667},{"@type":"BreadcrumbList","@id":"https:\/\/jornalfatosenoticias.com.br\/index.php\/2022\/03\/22\/o-desespero-da-esquerda\/#breadcrumb","itemListElement":[{"@type":"ListItem","position":1,"name":"In\u00edcio","item":"https:\/\/jornalfatosenoticias.com.br\/"},{"@type":"ListItem","position":2,"name":"O desespero da esquerda"}]},{"@type":"WebSite","@id":"https:\/\/jornalfatosenoticias.com.br\/#website","url":"https:\/\/jornalfatosenoticias.com.br\/","name":"Jornal Fatos e Not\u00edcias","description":"Not\u00edcias em geral","publisher":{"@id":"https:\/\/jornalfatosenoticias.com.br\/#organization"},"potentialAction":[{"@type":"SearchAction","target":{"@type":"EntryPoint","urlTemplate":"https:\/\/jornalfatosenoticias.com.br\/?s={search_term_string}"},"query-input":{"@type":"PropertyValueSpecification","valueRequired":true,"valueName":"search_term_string"}}],"inLanguage":"pt-BR"},{"@type":"Organization","@id":"https:\/\/jornalfatosenoticias.com.br\/#organization","name":"Jornal Fatos e Not\u00edcias","url":"https:\/\/jornalfatosenoticias.com.br\/","logo":{"@type":"ImageObject","inLanguage":"pt-BR","@id":"https:\/\/jornalfatosenoticias.com.br\/#\/schema\/logo\/image\/","url":"https:\/\/jornalfatosenoticias.com.br\/wp-content\/uploads\/2020\/02\/logo120.png","contentUrl":"https:\/\/jornalfatosenoticias.com.br\/wp-content\/uploads\/2020\/02\/logo120.png","width":1227,"height":120,"caption":"Jornal Fatos e Not\u00edcias"},"image":{"@id":"https:\/\/jornalfatosenoticias.com.br\/#\/schema\/logo\/image\/"}},{"@type":"Person","@id":"https:\/\/jornalfatosenoticias.com.br\/#\/schema\/person\/05c46cc25b42a5c27e004fb0fa6b4965","name":"Haroldo Filho","image":{"@type":"ImageObject","inLanguage":"pt-BR","@id":"https:\/\/jornalfatosenoticias.com.br\/#\/schema\/person\/image\/","url":"https:\/\/jornalfatosenoticias.com.br\/wp-content\/uploads\/2025\/08\/WhatsApp-Image-2025-08-18-at-15.30.28-150x150.jpeg","contentUrl":"https:\/\/jornalfatosenoticias.com.br\/wp-content\/uploads\/2025\/08\/WhatsApp-Image-2025-08-18-at-15.30.28-150x150.jpeg","caption":"Haroldo Filho"},"description":"Jornalista \u2013 DRT: 0003818\/ES Coordenador-geral da ONG Educar para Crescer","url":"https:\/\/jornalfatosenoticias.com.br\/index.php\/author\/haroldo\/"}]}},"cc_featured_image_caption":{"caption_text":"","source_text":"","source_url":""},"jetpack_featured_media_url":"https:\/\/jornalfatosenoticias.com.br\/wp-content\/uploads\/2022\/03\/Israel-466-BBB.jpg","_links":{"self":[{"href":"https:\/\/jornalfatosenoticias.com.br\/index.php\/wp-json\/wp\/v2\/posts\/28934","targetHints":{"allow":["GET"]}}],"collection":[{"href":"https:\/\/jornalfatosenoticias.com.br\/index.php\/wp-json\/wp\/v2\/posts"}],"about":[{"href":"https:\/\/jornalfatosenoticias.com.br\/index.php\/wp-json\/wp\/v2\/types\/post"}],"author":[{"embeddable":true,"href":"https:\/\/jornalfatosenoticias.com.br\/index.php\/wp-json\/wp\/v2\/users\/3"}],"replies":[{"embeddable":true,"href":"https:\/\/jornalfatosenoticias.com.br\/index.php\/wp-json\/wp\/v2\/comments?post=28934"}],"version-history":[{"count":0,"href":"https:\/\/jornalfatosenoticias.com.br\/index.php\/wp-json\/wp\/v2\/posts\/28934\/revisions"}],"wp:featuredmedia":[{"embeddable":true,"href":"https:\/\/jornalfatosenoticias.com.br\/index.php\/wp-json\/wp\/v2\/media\/28937"}],"wp:attachment":[{"href":"https:\/\/jornalfatosenoticias.com.br\/index.php\/wp-json\/wp\/v2\/media?parent=28934"}],"wp:term":[{"taxonomy":"category","embeddable":true,"href":"https:\/\/jornalfatosenoticias.com.br\/index.php\/wp-json\/wp\/v2\/categories?post=28934"},{"taxonomy":"post_tag","embeddable":true,"href":"https:\/\/jornalfatosenoticias.com.br\/index.php\/wp-json\/wp\/v2\/tags?post=28934"}],"curies":[{"name":"wp","href":"https:\/\/api.w.org\/{rel}","templated":true}]}}