{"id":28981,"date":"2022-03-22T16:09:54","date_gmt":"2022-03-22T19:09:54","guid":{"rendered":"https:\/\/jornalfatosenoticias.com.br\/?p=28981"},"modified":"2022-03-22T16:09:56","modified_gmt":"2022-03-22T19:09:56","slug":"pre-natal-tem-metas-descumpridas-em-65-dos-municipios","status":"publish","type":"post","link":"https:\/\/jornalfatosenoticias.com.br\/index.php\/2022\/03\/22\/pre-natal-tem-metas-descumpridas-em-65-dos-municipios\/","title":{"rendered":"Pr\u00e9-natal tem metas descumpridas em 65% dos munic\u00edpios"},"content":{"rendered":"\n<p><em><span class=\"has-inline-color has-black-color\">Mais da metade dos munic\u00edpios (52%) tamb\u00e9m n\u00e3o atingiu a meta de testar suas gestantes para HIV e s\u00edfilis<\/span><\/em><\/p>\n\n\n\n<div class=\"wp-block-image\"><figure class=\"aligncenter size-large is-resized\"><img loading=\"lazy\" decoding=\"async\" src=\"https:\/\/jornalfatosenoticias.com.br\/wp-content\/uploads\/2020\/02\/banner_ferramentas-1024x100.jpg\" alt=\"\" class=\"wp-image-1258\" width=\"430\" height=\"41\" srcset=\"https:\/\/jornalfatosenoticias.com.br\/wp-content\/uploads\/2020\/02\/banner_ferramentas-1024x100.jpg 1024w, https:\/\/jornalfatosenoticias.com.br\/wp-content\/uploads\/2020\/02\/banner_ferramentas-300x29.jpg 300w, https:\/\/jornalfatosenoticias.com.br\/wp-content\/uploads\/2020\/02\/banner_ferramentas-768x75.jpg 768w, https:\/\/jornalfatosenoticias.com.br\/wp-content\/uploads\/2020\/02\/banner_ferramentas.jpg 1227w\" sizes=\"auto, (max-width: 430px) 100vw, 430px\" \/><\/figure><\/div>\n\n\n\n<p>Quase dois ter\u00e7os dos munic\u00edpios brasileiros (65%) n\u00e3o cumpriram a meta de pr\u00e9-natal adequado no SUS, que, entre outras coisas, prev\u00ea que ao menos 60% das gestantes fa\u00e7am seis consultas, sendo a primeira at\u00e9 a 20\u00aa semana de gravidez. Mais da metade das cidades (52%) tamb\u00e9m n\u00e3o atingiu a meta de testar suas gestantes para HIV e s\u00edfilis, e 63% n\u00e3o oferecerem atendimento odontol\u00f3gico para seis em cada 10 gr\u00e1vidas. Al\u00e9m disso, 93% n\u00e3o ofertaram teste citopatol\u00f3gico (Papanicolaou) para 40% das mulheres com idade de 25 a 64 anos, outra meta n\u00e3o alcan\u00e7ada.<br>Os dados foram extra\u00eddos do Sistema de Informa\u00e7\u00f5es em Sa\u00fade para a Aten\u00e7\u00e3o B\u00e1sica (Sisab) e se referem ao \u00faltimo quadrimestre de 2021 (setembro a dezembro). Ao todo s\u00e3o mais de 3.600 munic\u00edpios que descumpriram as metas estabelecidas pelo programa Previne Brasil, do Minist\u00e9rio da Sa\u00fade. O alerta vem no momento em que o Brasil registra um recorde de mortes maternas, tornando praticamente imposs\u00edvel atingir a meta global da ONU (Organiza\u00e7\u00e3o das Na\u00e7\u00f5es Unidas) de reduzir a taxa de mortalidade para 30 casos por 100 mil nascidos vivos at\u00e9 2030. Dados preliminares mostram que em 2021 a taxa de mortalidade no pa\u00eds foi de 123,4 por 100 mil nascidos vivos \u2014 estima-se que 40% destas mortes estejam relacionadas \u00e0 pandemia de covid.<\/p>\n\n\n\n<div class=\"wp-block-image\"><figure class=\"alignleft size-large is-resized\"><img loading=\"lazy\" decoding=\"async\" src=\"https:\/\/jornalfatosenoticias.com.br\/wp-content\/uploads\/2020\/02\/nova-logo-Marquetti.jpg\" alt=\"\" class=\"wp-image-22331\" width=\"377\" height=\"254\" srcset=\"https:\/\/jornalfatosenoticias.com.br\/wp-content\/uploads\/2020\/02\/nova-logo-Marquetti.jpg 643w, https:\/\/jornalfatosenoticias.com.br\/wp-content\/uploads\/2020\/02\/nova-logo-Marquetti-300x202.jpg 300w\" sizes=\"auto, (max-width: 377px) 100vw, 377px\" \/><\/figure><\/div>\n\n\n\n<p>Segundo an\u00e1lise da Impulso Gov, organiza\u00e7\u00e3o sem fins lucrativos que atua fomentando uso de dados e tecnologia na gest\u00e3o p\u00fablica, se as falhas persistirem, al\u00e9m do preju\u00edzo na vida de pacientes, haver\u00e1 um impacto no or\u00e7amento dos munic\u00edpios. O Previne Brasil foi institu\u00eddo em 2019, mas o seu in\u00edcio foi adiado devido \u00e0 pandemia. A partir de janeiro deste ano, o Minist\u00e9rio da Sa\u00fade passou a calcular uma parte dos repasses federais aos munic\u00edpios de acordo com o desempenho em sete indicadores, come\u00e7ando no primeiro quadrimestre pelos referentes ao pr\u00e9-natal e exames de HIV e s\u00edfilis em gestantes.<br>Segundo a Impulso, se as regras estivessem valendo em dezembro de 2021, 36% dos munic\u00edpios n\u00e3o teriam cumprido nenhuma meta. O volume de recursos recebidos teria ca\u00eddo 44% (de R$ 638,9 milh\u00f5es para R$ 282,1 milh\u00f5es). <\/p>\n\n\n\n<div class=\"wp-block-image\"><figure class=\"aligncenter size-large is-resized\"><img loading=\"lazy\" decoding=\"async\" src=\"https:\/\/jornalfatosenoticias.com.br\/wp-content\/uploads\/2020\/02\/Logo-Mizu-segunda-2-1024x99.png\" alt=\"\" class=\"wp-image-2353\" width=\"384\" height=\"37\" srcset=\"https:\/\/jornalfatosenoticias.com.br\/wp-content\/uploads\/2020\/02\/Logo-Mizu-segunda-2-1024x99.png 1024w, https:\/\/jornalfatosenoticias.com.br\/wp-content\/uploads\/2020\/02\/Logo-Mizu-segunda-2-300x29.png 300w, https:\/\/jornalfatosenoticias.com.br\/wp-content\/uploads\/2020\/02\/Logo-Mizu-segunda-2-768x74.png 768w, https:\/\/jornalfatosenoticias.com.br\/wp-content\/uploads\/2020\/02\/Logo-Mizu-segunda-2.png 1240w\" sizes=\"auto, (max-width: 384px) 100vw, 384px\" \/><\/figure><\/div>\n\n\n\n<blockquote class=\"wp-block-quote is-layout-flow wp-block-quote-is-layout-flow\"><p><span class=\"has-inline-color has-luminous-vivid-orange-color\">&#8220;Esses resultados de redu\u00e7\u00f5es de cobertura nos cuidados de gestantes e crian\u00e7as no Brasil s\u00e3o alarmantes e requereriam a\u00e7\u00f5es imediatas e intensivas por parte do governo federal&#8221;, afirma a m\u00e9dica L\u00edgia Giovanella, pesquisadora da Fiocruz e especialista em aten\u00e7\u00e3o prim\u00e1ria.<\/span><\/p><\/blockquote>\n\n\n\n<div class=\"wp-block-image\"><figure class=\"alignright size-large\"><img decoding=\"async\" src=\"https:\/\/jornalfatosenoticias.com.br\/wp-content\/uploads\/2020\/02\/logo_esteio.jpg\" alt=\"\" class=\"wp-image-1214\"\/><\/figure><\/div>\n\n\n\n<p>Segundo Raphael C\u00e2mara, secret\u00e1rio da Aten\u00e7\u00e3o Prim\u00e1ria do Minist\u00e9rio da Sa\u00fade, nenhum munic\u00edpio perder\u00e1 recursos com o Previne Brasil, em rela\u00e7\u00e3o ao que recebia em 2019. &#8220;Se voc\u00ea recebia X j\u00e1 corrigido pela infla\u00e7\u00e3o e voc\u00ea fez um p\u00e9ssimo trabalho, vai continua recebendo X. Agora a gente est\u00e1 premiando quem est\u00e1 performando melhor&#8221;. Ele afirma que todos munic\u00edpios tiveram tempo suficiente para se capacitar nos \u00faltimos anos e que receberam apoio do Minist\u00e9rio da Sa\u00fade. <\/p>\n\n\n\n<blockquote class=\"wp-block-quote is-layout-flow wp-block-quote-is-layout-flow\"><p><span class=\"has-inline-color has-luminous-vivid-orange-color\">&#8220;Vamos encerrar o m\u00eas com 27 oficinas do Previne Brasil nos 27 estados. Quem quer trabalhar bem est\u00e1 trabalhando bem e ser\u00e1 recompensado por isso. N\u00e3o tem desculpa. Eles tiveram tempo at\u00e9 demais para se adaptarem&#8221;. Ainda segundo C\u00e2mara, com as mudan\u00e7as, a expectativa \u00e9 que a piora dos indicadores se reverta. &#8220;N\u00e3o d\u00e1 para a gente continuar pagando recursos de forma plena para quem n\u00e3o est\u00e1 trabalhando bem&#8221;.<\/span><\/p><\/blockquote>\n\n\n\n<div class=\"wp-block-image\"><figure class=\"alignleft size-large is-resized\"><img loading=\"lazy\" decoding=\"async\" src=\"https:\/\/jornalfatosenoticias.com.br\/wp-content\/uploads\/2022\/02\/Precisao-Contabilidade-1024x724.jpg\" alt=\"\" class=\"wp-image-28088\" width=\"317\" height=\"224\"\/><\/figure><\/div>\n\n\n\n<p>Para Jo\u00e3o Abreu, diretor-executivo da Impulso, o baixo cumprimento das metas est\u00e1 relacionado \u00e0 dificuldade de buscar informa\u00e7\u00f5es nos diversos sistemas de sa\u00fade. Muitos munic\u00edpios desconhecem quantas gr\u00e1vidas est\u00e3o com o pr\u00e9-natal em dia ou quantos hipertensos e diab\u00e9ticos est\u00e3o sem acompanhamento. &#8220;O que a gente mais escuta n\u00e3o \u00e9 que eles precisam de tr\u00eas vezes mais m\u00e9dicos ou enfermeiras para cumprirem as metas. Eles precisam de informa\u00e7\u00e3o&#8221;, conta.<br>Ele diz que muitas cidades pequenas t\u00eam que olhar ficha por ficha de pacientes para buscar dados para pol\u00edticas. <\/p>\n\n\n\n<blockquote class=\"wp-block-quote is-layout-flow wp-block-quote-is-layout-flow\"><p><span class=\"has-inline-color has-luminous-vivid-orange-color\">&#8220;Em geral, s\u00f3 cidades mais organizadas conseguem navegar pelos sistemas de informa\u00e7\u00e3o&#8221;, explica.<\/span><\/p><\/blockquote>\n\n\n\n<div class=\"wp-block-image\"><figure class=\"alignright size-large\"><img loading=\"lazy\" decoding=\"async\" width=\"300\" height=\"250\" src=\"https:\/\/jornalfatosenoticias.com.br\/wp-content\/uploads\/2022\/02\/Banner-2.png\" alt=\"\" class=\"wp-image-27877\"\/><\/figure><\/div>\n\n\n\n<p>O caso de Bra\u00fana, munic\u00edpio no interior paulista com cerca de 5.700 habitantes, \u00e9 um exemplo. Segundo a enfermeira M\u00e1rcia Oshiro, da Estrat\u00e9gia de Sa\u00fade da Fam\u00edlia, a cidade j\u00e1 cumpria informalmente as metas do Previne Brasil, mas o maior obst\u00e1culo estava na digita\u00e7\u00e3o dos dados no sistema do minist\u00e9rio.<\/p>\n\n\n\n<blockquote class=\"wp-block-quote is-layout-flow wp-block-quote-is-layout-flow\"><p><span class=\"has-inline-color has-luminous-vivid-orange-color\">&#8220;Fazemos h\u00e1 muito tempo busca ativa das gestantes, acompanhamento do pr\u00e9-natal e puerp\u00e9rio, inclusive com nutricionista. A gente tem muita produ\u00e7\u00e3o, mas n\u00e3o estava acertando na parte burocr\u00e1tica. Aparecia zerado no sistema do minist\u00e9rio, n\u00e3o era computado o trabalho&#8221;, diz Oshiro.<\/span><\/p><\/blockquote>\n\n\n\n<div class=\"wp-block-image\"><figure class=\"aligncenter size-large is-resized\"><img loading=\"lazy\" decoding=\"async\" src=\"https:\/\/jornalfatosenoticias.com.br\/wp-content\/uploads\/2020\/02\/Serra-Grande-1024x160.png\" alt=\"\" class=\"wp-image-7836\" width=\"417\" height=\"65\"\/><\/figure><\/div>\n\n\n\n<p>A partir das orienta\u00e7\u00f5es da Impulso, o munic\u00edpio atingiu as metas e algumas das suas experi\u00eancias viraram modelo para outras cidades. Sobre a quest\u00e3o das dificuldades de acesso aos sistemas de informa\u00e7\u00e3o e de digitaliza\u00e7\u00e3o, C\u00e2mara diz que o minist\u00e9rio disponibilizou cerca de R$ 500 milh\u00f5es para informatizar as unidades de sa\u00fade. <\/p>\n\n\n\n<div class=\"wp-block-image\"><figure class=\"aligncenter size-large is-resized\"><img loading=\"lazy\" decoding=\"async\" src=\"https:\/\/jornalfatosenoticias.com.br\/wp-content\/uploads\/2022\/02\/Serra-Pack-459.png\" alt=\"\" class=\"wp-image-27471\" width=\"435\" height=\"174\"\/><\/figure><\/div>\n\n\n\n<blockquote class=\"wp-block-quote is-layout-flow wp-block-quote-is-layout-flow\"><p><span class=\"has-inline-color has-luminous-vivid-orange-color\">&#8220;No final, sabe quanto foi gasto? Menos de 10%. Por qu\u00ea? Ou o gestor n\u00e3o quis ou n\u00e3o soube fazer a compra. Claro, fora locais muito espec\u00edficos, nos rinc\u00f5es, no meio da floresta, onde n\u00e3o h\u00e1 nem cabeamento de internet&#8221;.<\/span><\/p><\/blockquote>\n\n\n\n<div class=\"wp-block-image\"><figure class=\"aligncenter size-large is-resized\"><img loading=\"lazy\" decoding=\"async\" src=\"https:\/\/jornalfatosenoticias.com.br\/wp-content\/uploads\/2022\/03\/logo-Suinco-1024x390.jpg\" alt=\"\" class=\"wp-image-28785\" width=\"381\" height=\"145\"\/><\/figure><\/div>\n\n\n\n<p>J\u00e1 para Jo\u00e3o Abreu o Previne Brasil criou incentivos para a melhoria dos indicadores da aten\u00e7\u00e3o prim\u00e1ria, o que \u00e9 positivo, mas n\u00e3o comunicou de forma efetiva nem criou mecanismos para tirar a pol\u00edtica do papel.<br>O instituto criou uma plataforma gratuita para centralizar dados e an\u00e1lises sobre o Previne Brasil e apresent\u00e1-los de maneira simples aos munic\u00edpios.<br>A iniciativa foi financiada pela Funda\u00e7\u00e3o Behring, Instituto Opy de Sa\u00fade, Instituto Dynamo, Sanofi e Novo Nordisk e teve apoio institucional da Frente Nacional de Prefeitos. As organiza\u00e7\u00f5es Umane, Artem\u00edsia e Instituto Votorantim tamb\u00e9m apoiaram a fase inicial do projeto.<br>Segundo as regras do Previne Brasil, s\u00e3o utilizados tr\u00eas crit\u00e9rios para determinar quanto dinheiro ser\u00e1 enviado aos munic\u00edpios, entre os quais o cumprimento de metas em sete indicadores. A cada quadrimestre o minist\u00e9rio avalia o desempenho e calcula uma nota de zero a dez para a cidade. Se ela n\u00e3o atinge as metas, a nota cai e ela passa a receber repasse proporcional nos meses seguintes at\u00e9 a pr\u00f3xima avalia\u00e7\u00e3o. Se melhorar, receber\u00e1 mais.<br>A mudan\u00e7a do modelo \u00e9 criticada por especialistas de aten\u00e7\u00e3o prim\u00e1ria. Para Giovanella, o fato de as transfer\u00eancias de recursos estarem atreladas ao n\u00famero de pessoas cadastradas nas equipes de aten\u00e7\u00e3o prim\u00e1ria, n\u00e3o mais no n\u00famero de residentes do munic\u00edpio, rompe com o princ\u00edpio de universalidade do SUS, porque quem n\u00e3o estiver cadastrado n\u00e3o ter\u00e1 acesso aos servi\u00e7os.<\/p>\n\n\n\n<div class=\"wp-block-image\"><figure class=\"aligncenter size-large is-resized\"><img loading=\"lazy\" decoding=\"async\" src=\"https:\/\/jornalfatosenoticias.com.br\/wp-content\/uploads\/2022\/02\/Arte-Autoescola-Galatas_endereco_portal-1024x103.png\" alt=\"\" class=\"wp-image-27869\" width=\"518\" height=\"52\" srcset=\"https:\/\/jornalfatosenoticias.com.br\/wp-content\/uploads\/2022\/02\/Arte-Autoescola-Galatas_endereco_portal-1024x103.png 1024w, https:\/\/jornalfatosenoticias.com.br\/wp-content\/uploads\/2022\/02\/Arte-Autoescola-Galatas_endereco_portal-300x30.png 300w, https:\/\/jornalfatosenoticias.com.br\/wp-content\/uploads\/2022\/02\/Arte-Autoescola-Galatas_endereco_portal-768x77.png 768w, https:\/\/jornalfatosenoticias.com.br\/wp-content\/uploads\/2022\/02\/Arte-Autoescola-Galatas_endereco_portal.png 1223w\" sizes=\"auto, (max-width: 518px) 100vw, 518px\" \/><\/figure><\/div>\n\n\n\n<p>A extin\u00e7\u00e3o do apoio financeiro aos munic\u00edpios voltado ao custeio dos N\u00facleos Ampliados de Sa\u00fade da Fam\u00edlia (Nafs), que complementavam as equipes, foi outro retrocesso, segundo a m\u00e9dica. Para Giovanella, as baixas coberturas de pr\u00e9-natal e de vacina\u00e7\u00e3o infantil apontadas no levantamento foram agravadas pela falta de uma coordena\u00e7\u00e3o nacional do Minist\u00e9rio da Sa\u00fade durante a pandemia de covid-19.<br>C\u00e2mara, no entanto, afirma que munic\u00edpios nunca tiveram tanto recurso para aten\u00e7\u00e3o prim\u00e1ria, em especial para a sa\u00fade materno-infantil, e que muitos deles, por problemas de gest\u00e3o, n\u00e3o conseguiram gastar a verba emergencial destinada durante a pandemia.<br>Na avalia\u00e7\u00e3o do secret\u00e1rio, as cr\u00edticas em rela\u00e7\u00e3o ao Previne Brasil n\u00e3o se justificam. Ele diz que muitos gestores de sa\u00fade que antes criticavam o programa agora pedem desculpas.<\/p>\n\n\n\n<p><strong><em>Fonte: <a href=\"https:\/\/www.otempo.com.br\/brasil\/pre-natal-correto-no-sus-tem-metas-descumpridas-em-65-das-cidades-1.2636992\">O Tempo<\/a><\/em><\/strong><\/p>\n","protected":false},"excerpt":{"rendered":"<p>Mais da metade dos munic\u00edpios (52%) tamb\u00e9m n\u00e3o atingiu a meta de testar suas gestantes para HIV e s\u00edfilis Quase dois ter\u00e7os dos munic\u00edpios brasileiros (65%) n\u00e3o cumpriram a meta de pr\u00e9-natal adequado no SUS, que, entre outras coisas, prev\u00ea que ao menos 60% das gestantes fa\u00e7am seis consultas, sendo a primeira at\u00e9 a 20\u00aa [&hellip;]<\/p>\n","protected":false},"author":2,"featured_media":28982,"comment_status":"open","ping_status":"open","sticky":false,"template":"","format":"standard","meta":{"footnotes":""},"categories":[11],"tags":[12976,3013,13798,447,1598,5770,13799],"class_list":["post-28981","post","type-post","status-publish","format-standard","has-post-thumbnail","hentry","category-saude","tag-dados","tag-gestantes","tag-metas","tag-ministerio-da-saude","tag-municipios","tag-pre-natal","tag-sisab"],"yoast_head":"<!-- This site is optimized with the Yoast SEO plugin v26.5 - https:\/\/yoast.com\/wordpress\/plugins\/seo\/ -->\n<title>Pr\u00e9-natal tem metas descumpridas em 65% dos munic\u00edpios - Jornal Fatos e Not\u00edcias<\/title>\n<meta name=\"robots\" content=\"index, follow, max-snippet:-1, max-image-preview:large, max-video-preview:-1\" \/>\n<link rel=\"canonical\" href=\"https:\/\/jornalfatosenoticias.com.br\/index.php\/2022\/03\/22\/pre-natal-tem-metas-descumpridas-em-65-dos-municipios\/\" \/>\n<meta property=\"og:locale\" content=\"pt_BR\" \/>\n<meta property=\"og:type\" content=\"article\" \/>\n<meta property=\"og:title\" content=\"Pr\u00e9-natal tem metas descumpridas em 65% dos munic\u00edpios - Jornal Fatos e Not\u00edcias\" \/>\n<meta property=\"og:description\" content=\"Mais da metade dos munic\u00edpios (52%) tamb\u00e9m n\u00e3o atingiu a meta de testar suas gestantes para HIV e s\u00edfilis Quase dois ter\u00e7os dos munic\u00edpios brasileiros (65%) n\u00e3o cumpriram a meta de pr\u00e9-natal adequado no SUS, que, entre outras coisas, prev\u00ea que ao menos 60% das gestantes fa\u00e7am seis consultas, sendo a primeira at\u00e9 a 20\u00aa [&hellip;]\" \/>\n<meta property=\"og:url\" content=\"https:\/\/jornalfatosenoticias.com.br\/index.php\/2022\/03\/22\/pre-natal-tem-metas-descumpridas-em-65-dos-municipios\/\" \/>\n<meta property=\"og:site_name\" content=\"Jornal Fatos e Not\u00edcias\" \/>\n<meta property=\"article:published_time\" content=\"2022-03-22T19:09:54+00:00\" \/>\n<meta property=\"article:modified_time\" content=\"2022-03-22T19:09:56+00:00\" \/>\n<meta property=\"og:image\" content=\"https:\/\/jornalfatosenoticias.com.br\/wp-content\/uploads\/2022\/03\/PrE-natal-correto-no-SUS.jpg\" \/>\n\t<meta property=\"og:image:width\" content=\"1000\" \/>\n\t<meta property=\"og:image:height\" content=\"666\" \/>\n\t<meta property=\"og:image:type\" content=\"image\/jpeg\" \/>\n<meta name=\"author\" content=\"Luzimara Fernandes\" \/>\n<meta name=\"twitter:card\" content=\"summary_large_image\" \/>\n<meta name=\"twitter:label1\" content=\"Escrito por\" \/>\n\t<meta name=\"twitter:data1\" content=\"Luzimara Fernandes\" \/>\n\t<meta name=\"twitter:label2\" content=\"Est. tempo de leitura\" \/>\n\t<meta name=\"twitter:data2\" content=\"7 minutos\" \/>\n<script type=\"application\/ld+json\" class=\"yoast-schema-graph\">{\"@context\":\"https:\/\/schema.org\",\"@graph\":[{\"@type\":\"Article\",\"@id\":\"https:\/\/jornalfatosenoticias.com.br\/index.php\/2022\/03\/22\/pre-natal-tem-metas-descumpridas-em-65-dos-municipios\/#article\",\"isPartOf\":{\"@id\":\"https:\/\/jornalfatosenoticias.com.br\/index.php\/2022\/03\/22\/pre-natal-tem-metas-descumpridas-em-65-dos-municipios\/\"},\"author\":{\"name\":\"Luzimara Fernandes\",\"@id\":\"https:\/\/jornalfatosenoticias.com.br\/#\/schema\/person\/d63837fa13ac8666eb9e74e0985d6f81\"},\"headline\":\"Pr\u00e9-natal tem metas descumpridas em 65% dos munic\u00edpios\",\"datePublished\":\"2022-03-22T19:09:54+00:00\",\"dateModified\":\"2022-03-22T19:09:56+00:00\",\"mainEntityOfPage\":{\"@id\":\"https:\/\/jornalfatosenoticias.com.br\/index.php\/2022\/03\/22\/pre-natal-tem-metas-descumpridas-em-65-dos-municipios\/\"},\"wordCount\":1349,\"commentCount\":0,\"publisher\":{\"@id\":\"https:\/\/jornalfatosenoticias.com.br\/#organization\"},\"image\":{\"@id\":\"https:\/\/jornalfatosenoticias.com.br\/index.php\/2022\/03\/22\/pre-natal-tem-metas-descumpridas-em-65-dos-municipios\/#primaryimage\"},\"thumbnailUrl\":\"https:\/\/jornalfatosenoticias.com.br\/wp-content\/uploads\/2022\/03\/PrE-natal-correto-no-SUS.jpg\",\"keywords\":[\"dados\",\"gestantes\",\"metas\",\"Minist\u00e9rio da Sa\u00fade\",\"munic\u00edpios\",\"pr\u00e9-natal\",\"Sisab\"],\"articleSection\":[\"Sa\u00fade\"],\"inLanguage\":\"pt-BR\",\"potentialAction\":[{\"@type\":\"CommentAction\",\"name\":\"Comment\",\"target\":[\"https:\/\/jornalfatosenoticias.com.br\/index.php\/2022\/03\/22\/pre-natal-tem-metas-descumpridas-em-65-dos-municipios\/#respond\"]}]},{\"@type\":\"WebPage\",\"@id\":\"https:\/\/jornalfatosenoticias.com.br\/index.php\/2022\/03\/22\/pre-natal-tem-metas-descumpridas-em-65-dos-municipios\/\",\"url\":\"https:\/\/jornalfatosenoticias.com.br\/index.php\/2022\/03\/22\/pre-natal-tem-metas-descumpridas-em-65-dos-municipios\/\",\"name\":\"Pr\u00e9-natal tem metas descumpridas em 65% dos munic\u00edpios - Jornal Fatos e Not\u00edcias\",\"isPartOf\":{\"@id\":\"https:\/\/jornalfatosenoticias.com.br\/#website\"},\"primaryImageOfPage\":{\"@id\":\"https:\/\/jornalfatosenoticias.com.br\/index.php\/2022\/03\/22\/pre-natal-tem-metas-descumpridas-em-65-dos-municipios\/#primaryimage\"},\"image\":{\"@id\":\"https:\/\/jornalfatosenoticias.com.br\/index.php\/2022\/03\/22\/pre-natal-tem-metas-descumpridas-em-65-dos-municipios\/#primaryimage\"},\"thumbnailUrl\":\"https:\/\/jornalfatosenoticias.com.br\/wp-content\/uploads\/2022\/03\/PrE-natal-correto-no-SUS.jpg\",\"datePublished\":\"2022-03-22T19:09:54+00:00\",\"dateModified\":\"2022-03-22T19:09:56+00:00\",\"breadcrumb\":{\"@id\":\"https:\/\/jornalfatosenoticias.com.br\/index.php\/2022\/03\/22\/pre-natal-tem-metas-descumpridas-em-65-dos-municipios\/#breadcrumb\"},\"inLanguage\":\"pt-BR\",\"potentialAction\":[{\"@type\":\"ReadAction\",\"target\":[\"https:\/\/jornalfatosenoticias.com.br\/index.php\/2022\/03\/22\/pre-natal-tem-metas-descumpridas-em-65-dos-municipios\/\"]}]},{\"@type\":\"ImageObject\",\"inLanguage\":\"pt-BR\",\"@id\":\"https:\/\/jornalfatosenoticias.com.br\/index.php\/2022\/03\/22\/pre-natal-tem-metas-descumpridas-em-65-dos-municipios\/#primaryimage\",\"url\":\"https:\/\/jornalfatosenoticias.com.br\/wp-content\/uploads\/2022\/03\/PrE-natal-correto-no-SUS.jpg\",\"contentUrl\":\"https:\/\/jornalfatosenoticias.com.br\/wp-content\/uploads\/2022\/03\/PrE-natal-correto-no-SUS.jpg\",\"width\":1000,\"height\":666},{\"@type\":\"BreadcrumbList\",\"@id\":\"https:\/\/jornalfatosenoticias.com.br\/index.php\/2022\/03\/22\/pre-natal-tem-metas-descumpridas-em-65-dos-municipios\/#breadcrumb\",\"itemListElement\":[{\"@type\":\"ListItem\",\"position\":1,\"name\":\"In\u00edcio\",\"item\":\"https:\/\/jornalfatosenoticias.com.br\/\"},{\"@type\":\"ListItem\",\"position\":2,\"name\":\"Pr\u00e9-natal tem metas descumpridas em 65% dos munic\u00edpios\"}]},{\"@type\":\"WebSite\",\"@id\":\"https:\/\/jornalfatosenoticias.com.br\/#website\",\"url\":\"https:\/\/jornalfatosenoticias.com.br\/\",\"name\":\"Jornal Fatos e Not\u00edcias\",\"description\":\"Not\u00edcias em geral\",\"publisher\":{\"@id\":\"https:\/\/jornalfatosenoticias.com.br\/#organization\"},\"potentialAction\":[{\"@type\":\"SearchAction\",\"target\":{\"@type\":\"EntryPoint\",\"urlTemplate\":\"https:\/\/jornalfatosenoticias.com.br\/?s={search_term_string}\"},\"query-input\":{\"@type\":\"PropertyValueSpecification\",\"valueRequired\":true,\"valueName\":\"search_term_string\"}}],\"inLanguage\":\"pt-BR\"},{\"@type\":\"Organization\",\"@id\":\"https:\/\/jornalfatosenoticias.com.br\/#organization\",\"name\":\"Jornal Fatos e Not\u00edcias\",\"url\":\"https:\/\/jornalfatosenoticias.com.br\/\",\"logo\":{\"@type\":\"ImageObject\",\"inLanguage\":\"pt-BR\",\"@id\":\"https:\/\/jornalfatosenoticias.com.br\/#\/schema\/logo\/image\/\",\"url\":\"https:\/\/jornalfatosenoticias.com.br\/wp-content\/uploads\/2020\/02\/logo120.png\",\"contentUrl\":\"https:\/\/jornalfatosenoticias.com.br\/wp-content\/uploads\/2020\/02\/logo120.png\",\"width\":1227,\"height\":120,\"caption\":\"Jornal Fatos e Not\u00edcias\"},\"image\":{\"@id\":\"https:\/\/jornalfatosenoticias.com.br\/#\/schema\/logo\/image\/\"}},{\"@type\":\"Person\",\"@id\":\"https:\/\/jornalfatosenoticias.com.br\/#\/schema\/person\/d63837fa13ac8666eb9e74e0985d6f81\",\"name\":\"Luzimara Fernandes\",\"image\":{\"@type\":\"ImageObject\",\"inLanguage\":\"pt-BR\",\"@id\":\"https:\/\/jornalfatosenoticias.com.br\/#\/schema\/person\/image\/\",\"url\":\"https:\/\/jornalfatosenoticias.com.br\/wp-content\/uploads\/2025\/05\/EU_portal.jpg\",\"contentUrl\":\"https:\/\/jornalfatosenoticias.com.br\/wp-content\/uploads\/2025\/05\/EU_portal.jpg\",\"caption\":\"Luzimara Fernandes\"},\"description\":\"Jornalista MTB 2358-ES\",\"sameAs\":[\"https:\/\/jornalfatosenoticias.com.br\"],\"url\":\"https:\/\/jornalfatosenoticias.com.br\/index.php\/author\/luzimara\/\"}]}<\/script>\n<!-- \/ Yoast SEO plugin. -->","yoast_head_json":{"title":"Pr\u00e9-natal tem metas descumpridas em 65% dos munic\u00edpios - Jornal Fatos e Not\u00edcias","robots":{"index":"index","follow":"follow","max-snippet":"max-snippet:-1","max-image-preview":"max-image-preview:large","max-video-preview":"max-video-preview:-1"},"canonical":"https:\/\/jornalfatosenoticias.com.br\/index.php\/2022\/03\/22\/pre-natal-tem-metas-descumpridas-em-65-dos-municipios\/","og_locale":"pt_BR","og_type":"article","og_title":"Pr\u00e9-natal tem metas descumpridas em 65% dos munic\u00edpios - Jornal Fatos e Not\u00edcias","og_description":"Mais da metade dos munic\u00edpios (52%) tamb\u00e9m n\u00e3o atingiu a meta de testar suas gestantes para HIV e s\u00edfilis Quase dois ter\u00e7os dos munic\u00edpios brasileiros (65%) n\u00e3o cumpriram a meta de pr\u00e9-natal adequado no SUS, que, entre outras coisas, prev\u00ea que ao menos 60% das gestantes fa\u00e7am seis consultas, sendo a primeira at\u00e9 a 20\u00aa [&hellip;]","og_url":"https:\/\/jornalfatosenoticias.com.br\/index.php\/2022\/03\/22\/pre-natal-tem-metas-descumpridas-em-65-dos-municipios\/","og_site_name":"Jornal Fatos e Not\u00edcias","article_published_time":"2022-03-22T19:09:54+00:00","article_modified_time":"2022-03-22T19:09:56+00:00","og_image":[{"width":1000,"height":666,"url":"https:\/\/jornalfatosenoticias.com.br\/wp-content\/uploads\/2022\/03\/PrE-natal-correto-no-SUS.jpg","type":"image\/jpeg"}],"author":"Luzimara Fernandes","twitter_card":"summary_large_image","twitter_misc":{"Escrito por":"Luzimara Fernandes","Est. tempo de leitura":"7 minutos"},"schema":{"@context":"https:\/\/schema.org","@graph":[{"@type":"Article","@id":"https:\/\/jornalfatosenoticias.com.br\/index.php\/2022\/03\/22\/pre-natal-tem-metas-descumpridas-em-65-dos-municipios\/#article","isPartOf":{"@id":"https:\/\/jornalfatosenoticias.com.br\/index.php\/2022\/03\/22\/pre-natal-tem-metas-descumpridas-em-65-dos-municipios\/"},"author":{"name":"Luzimara Fernandes","@id":"https:\/\/jornalfatosenoticias.com.br\/#\/schema\/person\/d63837fa13ac8666eb9e74e0985d6f81"},"headline":"Pr\u00e9-natal tem metas descumpridas em 65% dos munic\u00edpios","datePublished":"2022-03-22T19:09:54+00:00","dateModified":"2022-03-22T19:09:56+00:00","mainEntityOfPage":{"@id":"https:\/\/jornalfatosenoticias.com.br\/index.php\/2022\/03\/22\/pre-natal-tem-metas-descumpridas-em-65-dos-municipios\/"},"wordCount":1349,"commentCount":0,"publisher":{"@id":"https:\/\/jornalfatosenoticias.com.br\/#organization"},"image":{"@id":"https:\/\/jornalfatosenoticias.com.br\/index.php\/2022\/03\/22\/pre-natal-tem-metas-descumpridas-em-65-dos-municipios\/#primaryimage"},"thumbnailUrl":"https:\/\/jornalfatosenoticias.com.br\/wp-content\/uploads\/2022\/03\/PrE-natal-correto-no-SUS.jpg","keywords":["dados","gestantes","metas","Minist\u00e9rio da Sa\u00fade","munic\u00edpios","pr\u00e9-natal","Sisab"],"articleSection":["Sa\u00fade"],"inLanguage":"pt-BR","potentialAction":[{"@type":"CommentAction","name":"Comment","target":["https:\/\/jornalfatosenoticias.com.br\/index.php\/2022\/03\/22\/pre-natal-tem-metas-descumpridas-em-65-dos-municipios\/#respond"]}]},{"@type":"WebPage","@id":"https:\/\/jornalfatosenoticias.com.br\/index.php\/2022\/03\/22\/pre-natal-tem-metas-descumpridas-em-65-dos-municipios\/","url":"https:\/\/jornalfatosenoticias.com.br\/index.php\/2022\/03\/22\/pre-natal-tem-metas-descumpridas-em-65-dos-municipios\/","name":"Pr\u00e9-natal tem metas descumpridas em 65% dos munic\u00edpios - Jornal Fatos e Not\u00edcias","isPartOf":{"@id":"https:\/\/jornalfatosenoticias.com.br\/#website"},"primaryImageOfPage":{"@id":"https:\/\/jornalfatosenoticias.com.br\/index.php\/2022\/03\/22\/pre-natal-tem-metas-descumpridas-em-65-dos-municipios\/#primaryimage"},"image":{"@id":"https:\/\/jornalfatosenoticias.com.br\/index.php\/2022\/03\/22\/pre-natal-tem-metas-descumpridas-em-65-dos-municipios\/#primaryimage"},"thumbnailUrl":"https:\/\/jornalfatosenoticias.com.br\/wp-content\/uploads\/2022\/03\/PrE-natal-correto-no-SUS.jpg","datePublished":"2022-03-22T19:09:54+00:00","dateModified":"2022-03-22T19:09:56+00:00","breadcrumb":{"@id":"https:\/\/jornalfatosenoticias.com.br\/index.php\/2022\/03\/22\/pre-natal-tem-metas-descumpridas-em-65-dos-municipios\/#breadcrumb"},"inLanguage":"pt-BR","potentialAction":[{"@type":"ReadAction","target":["https:\/\/jornalfatosenoticias.com.br\/index.php\/2022\/03\/22\/pre-natal-tem-metas-descumpridas-em-65-dos-municipios\/"]}]},{"@type":"ImageObject","inLanguage":"pt-BR","@id":"https:\/\/jornalfatosenoticias.com.br\/index.php\/2022\/03\/22\/pre-natal-tem-metas-descumpridas-em-65-dos-municipios\/#primaryimage","url":"https:\/\/jornalfatosenoticias.com.br\/wp-content\/uploads\/2022\/03\/PrE-natal-correto-no-SUS.jpg","contentUrl":"https:\/\/jornalfatosenoticias.com.br\/wp-content\/uploads\/2022\/03\/PrE-natal-correto-no-SUS.jpg","width":1000,"height":666},{"@type":"BreadcrumbList","@id":"https:\/\/jornalfatosenoticias.com.br\/index.php\/2022\/03\/22\/pre-natal-tem-metas-descumpridas-em-65-dos-municipios\/#breadcrumb","itemListElement":[{"@type":"ListItem","position":1,"name":"In\u00edcio","item":"https:\/\/jornalfatosenoticias.com.br\/"},{"@type":"ListItem","position":2,"name":"Pr\u00e9-natal tem metas descumpridas em 65% dos munic\u00edpios"}]},{"@type":"WebSite","@id":"https:\/\/jornalfatosenoticias.com.br\/#website","url":"https:\/\/jornalfatosenoticias.com.br\/","name":"Jornal Fatos e Not\u00edcias","description":"Not\u00edcias em geral","publisher":{"@id":"https:\/\/jornalfatosenoticias.com.br\/#organization"},"potentialAction":[{"@type":"SearchAction","target":{"@type":"EntryPoint","urlTemplate":"https:\/\/jornalfatosenoticias.com.br\/?s={search_term_string}"},"query-input":{"@type":"PropertyValueSpecification","valueRequired":true,"valueName":"search_term_string"}}],"inLanguage":"pt-BR"},{"@type":"Organization","@id":"https:\/\/jornalfatosenoticias.com.br\/#organization","name":"Jornal Fatos e Not\u00edcias","url":"https:\/\/jornalfatosenoticias.com.br\/","logo":{"@type":"ImageObject","inLanguage":"pt-BR","@id":"https:\/\/jornalfatosenoticias.com.br\/#\/schema\/logo\/image\/","url":"https:\/\/jornalfatosenoticias.com.br\/wp-content\/uploads\/2020\/02\/logo120.png","contentUrl":"https:\/\/jornalfatosenoticias.com.br\/wp-content\/uploads\/2020\/02\/logo120.png","width":1227,"height":120,"caption":"Jornal Fatos e Not\u00edcias"},"image":{"@id":"https:\/\/jornalfatosenoticias.com.br\/#\/schema\/logo\/image\/"}},{"@type":"Person","@id":"https:\/\/jornalfatosenoticias.com.br\/#\/schema\/person\/d63837fa13ac8666eb9e74e0985d6f81","name":"Luzimara Fernandes","image":{"@type":"ImageObject","inLanguage":"pt-BR","@id":"https:\/\/jornalfatosenoticias.com.br\/#\/schema\/person\/image\/","url":"https:\/\/jornalfatosenoticias.com.br\/wp-content\/uploads\/2025\/05\/EU_portal.jpg","contentUrl":"https:\/\/jornalfatosenoticias.com.br\/wp-content\/uploads\/2025\/05\/EU_portal.jpg","caption":"Luzimara Fernandes"},"description":"Jornalista MTB 2358-ES","sameAs":["https:\/\/jornalfatosenoticias.com.br"],"url":"https:\/\/jornalfatosenoticias.com.br\/index.php\/author\/luzimara\/"}]}},"cc_featured_image_caption":{"caption_text":"(Foto: Ana Nascimento\/MDS\/Portal Brasil) \r\n","source_text":"","source_url":""},"jetpack_featured_media_url":"https:\/\/jornalfatosenoticias.com.br\/wp-content\/uploads\/2022\/03\/PrE-natal-correto-no-SUS.jpg","_links":{"self":[{"href":"https:\/\/jornalfatosenoticias.com.br\/index.php\/wp-json\/wp\/v2\/posts\/28981","targetHints":{"allow":["GET"]}}],"collection":[{"href":"https:\/\/jornalfatosenoticias.com.br\/index.php\/wp-json\/wp\/v2\/posts"}],"about":[{"href":"https:\/\/jornalfatosenoticias.com.br\/index.php\/wp-json\/wp\/v2\/types\/post"}],"author":[{"embeddable":true,"href":"https:\/\/jornalfatosenoticias.com.br\/index.php\/wp-json\/wp\/v2\/users\/2"}],"replies":[{"embeddable":true,"href":"https:\/\/jornalfatosenoticias.com.br\/index.php\/wp-json\/wp\/v2\/comments?post=28981"}],"version-history":[{"count":0,"href":"https:\/\/jornalfatosenoticias.com.br\/index.php\/wp-json\/wp\/v2\/posts\/28981\/revisions"}],"wp:featuredmedia":[{"embeddable":true,"href":"https:\/\/jornalfatosenoticias.com.br\/index.php\/wp-json\/wp\/v2\/media\/28982"}],"wp:attachment":[{"href":"https:\/\/jornalfatosenoticias.com.br\/index.php\/wp-json\/wp\/v2\/media?parent=28981"}],"wp:term":[{"taxonomy":"category","embeddable":true,"href":"https:\/\/jornalfatosenoticias.com.br\/index.php\/wp-json\/wp\/v2\/categories?post=28981"},{"taxonomy":"post_tag","embeddable":true,"href":"https:\/\/jornalfatosenoticias.com.br\/index.php\/wp-json\/wp\/v2\/tags?post=28981"}],"curies":[{"name":"wp","href":"https:\/\/api.w.org\/{rel}","templated":true}]}}