{"id":29027,"date":"2022-03-24T13:23:44","date_gmt":"2022-03-24T16:23:44","guid":{"rendered":"https:\/\/jornalfatosenoticias.com.br\/?p=29027"},"modified":"2022-03-24T13:23:46","modified_gmt":"2022-03-24T16:23:46","slug":"precisamos-falar-sobre-moise-e-henry-parte-vii","status":"publish","type":"post","link":"https:\/\/jornalfatosenoticias.com.br\/index.php\/2022\/03\/24\/precisamos-falar-sobre-moise-e-henry-parte-vii\/","title":{"rendered":"Precisamos falar sobre Mo\u00efse e Henry \u2014 Parte VII"},"content":{"rendered":"\n<p><em><span class=\"has-inline-color has-black-color\">Ter leis n\u00e3o \u00e9 suficiente quando se tem a cobertura do \u201csegredo de justi\u00e7a\u201d pela pr\u00f3pria vulnerabilidade da Crian\u00e7a, tudo sustentado pela Cultura da Desimport\u00e2ncia dos pequenos<\/span><\/em><\/p>\n\n\n\n<div class=\"wp-block-image\"><figure class=\"aligncenter size-large is-resized\"><img loading=\"lazy\" decoding=\"async\" src=\"https:\/\/jornalfatosenoticias.com.br\/wp-content\/uploads\/2020\/02\/banner_ferramentas-1024x100.jpg\" alt=\"\" class=\"wp-image-1258\" width=\"379\" height=\"36\" srcset=\"https:\/\/jornalfatosenoticias.com.br\/wp-content\/uploads\/2020\/02\/banner_ferramentas-1024x100.jpg 1024w, https:\/\/jornalfatosenoticias.com.br\/wp-content\/uploads\/2020\/02\/banner_ferramentas-300x29.jpg 300w, https:\/\/jornalfatosenoticias.com.br\/wp-content\/uploads\/2020\/02\/banner_ferramentas-768x75.jpg 768w, https:\/\/jornalfatosenoticias.com.br\/wp-content\/uploads\/2020\/02\/banner_ferramentas.jpg 1227w\" sizes=\"auto, (max-width: 379px) 100vw, 379px\" \/><\/figure><\/div>\n\n\n\n<p>Quando, no artigo anterior dessa s\u00e9rie, elenquei as institui\u00e7\u00f5es Internacionais e as Nacionais que j\u00e1 se posicionaram ao lado da Crian\u00e7a e da Mulher, cometi um lapso ao n\u00e3o incluir algumas Institui\u00e7\u00f5es e Tratados, aos quais somos signat\u00e1rios. O Conselho Nacional de Sa\u00fade (CNS) em sua Recomenda\u00e7\u00e3o 003, a Lei 13.431\/2017, assim como o Instituto Maria da Penha e a Secretaria da Mulher na C\u00e2mara, incans\u00e1veis, s\u00e3o dois lugares que t\u00eam dado assist\u00eancia \u00e0s V\u00edtimas de Viol\u00eancia, sob todas as suas formas.<br>A agressividade \u00e9 constitutiva da mente humana que emite ordens de movimento de defesa ou de ataque para o corpo executar. Quando nascemos, \u00e9 a agressividade que garante o primeiro movimento que inaugura a respira\u00e7\u00e3o pulmonar, e choramos de raiva. O volume de decib\u00e9is desse choro \u00e9 indicativo da for\u00e7a que estamos fazendo, e da potencial for\u00e7a que teremos ao longo da vida para ser usada quando se fizer necess\u00e1rio.<br>A raiva, enquanto express\u00e3o de agressividade, \u00e9 saud\u00e1vel. O \u00f3dio, n\u00e3o. No entanto, assistimos hoje \u00e0 recrimina\u00e7\u00e3o total da raiva, como se fosse apenas negativa, retirando dessa fonte de energia de vida o seu papel que exerce ao longo da vida. <\/p>\n\n\n\n<div class=\"wp-block-image\"><figure class=\"alignleft size-large is-resized\"><img loading=\"lazy\" decoding=\"async\" src=\"https:\/\/jornalfatosenoticias.com.br\/wp-content\/uploads\/2022\/02\/Precisao-Contabilidade-1024x724.jpg\" alt=\"\" class=\"wp-image-28088\" width=\"334\" height=\"236\"\/><\/figure><\/div>\n\n\n\n<p>Assim, uma m\u00e3e que manifesta sua raiva, suas raivas, por ser espancada pelo marido, inclusive na frente das crian\u00e7as, ou ao constatar que o pai vem abusando sexualmente de um filho ou uma filha, \u00e9 definida por psic\u00f3logos e operadores de justi\u00e7a como descontrolada, narcisista, portadora de doen\u00e7a mental. E lhe \u00e9 exigido que se relacione, amigavelmente, com o ex-marido, mesmo que tenha recebido uma Medida Protetiva pela Lei Maria da Penha. Obrigada a se submeter a t\u00e9cnicas de media\u00e7\u00e3o, e de cunho esot\u00e9rico que desresponsabiliza o autor das agress\u00f5es f\u00edsicas e sexuais, a dita \u201calienadora\u201d, que recebe essa alcunha por ter denunciado um homem com quem formava uma fam\u00edlia, \u00e9 assolada por uma avalanche de processos infind\u00e1veis, por toda a inf\u00e2ncia de sua Crian\u00e7a. Vale ressaltar que essa avalanche \u00e9 movida por litig\u00e2ncia sequencial, enquanto o processo criminal pelos crimes de viol\u00eancia dom\u00e9stica e abuso sexual, \u00e9, precocemente, arquivado.<\/p>\n\n\n\n<div class=\"wp-block-image\"><figure class=\"aligncenter size-large is-resized\"><img loading=\"lazy\" decoding=\"async\" src=\"https:\/\/jornalfatosenoticias.com.br\/wp-content\/uploads\/2020\/02\/Logo_Mizu.png\" alt=\"\" class=\"wp-image-1441\" width=\"341\" height=\"42\" srcset=\"https:\/\/jornalfatosenoticias.com.br\/wp-content\/uploads\/2020\/02\/Logo_Mizu.png 729w, https:\/\/jornalfatosenoticias.com.br\/wp-content\/uploads\/2020\/02\/Logo_Mizu-300x37.png 300w\" sizes=\"auto, (max-width: 341px) 100vw, 341px\" \/><\/figure><\/div>\n\n\n\n<figure class=\"wp-block-image size-large\"><img loading=\"lazy\" decoding=\"async\" width=\"850\" height=\"850\" src=\"https:\/\/jornalfatosenoticias.com.br\/wp-content\/uploads\/2022\/03\/estupro_brasil.jpg\" alt=\"\" class=\"wp-image-29028\" srcset=\"https:\/\/jornalfatosenoticias.com.br\/wp-content\/uploads\/2022\/03\/estupro_brasil.jpg 850w, https:\/\/jornalfatosenoticias.com.br\/wp-content\/uploads\/2022\/03\/estupro_brasil-300x300.jpg 300w, https:\/\/jornalfatosenoticias.com.br\/wp-content\/uploads\/2022\/03\/estupro_brasil-150x150.jpg 150w, https:\/\/jornalfatosenoticias.com.br\/wp-content\/uploads\/2022\/03\/estupro_brasil-768x768.jpg 768w\" sizes=\"auto, (max-width: 850px) 100vw, 850px\" \/><figcaption><em><span class=\"has-inline-color has-black-color\">Manifesta\u00e7\u00e3o de revolta ao estupro em S\u00e3o Paulo. Entidades cobram toler\u00e2ncia zero com o crime (Foto: Kevin David\/Raw Image\/Folhapress)<\/span><\/em><\/figcaption><\/figure>\n\n\n\n<p>Leis, Conven\u00e7\u00f5es Internacionais e Recomenda\u00e7\u00f5es de Institui\u00e7\u00f5es de Prote\u00e7\u00e3o \u00e0 Crian\u00e7a, n\u00e3o t\u00eam impedido a avassaladora viola\u00e7\u00e3o de Direitos Fundamentais, viola\u00e7\u00e3o que cobrar\u00e1 em sequelas em adultos, mutilados sociais, resultantes desse holocausto disfar\u00e7ado em invisibilidade. A Conven\u00e7\u00e3o de Haia, por exemplo, veio para garantir a perman\u00eancia e retorno da Crian\u00e7a em seu pa\u00eds de resid\u00eancia habitual. Mas a Conven\u00e7\u00e3o de Haia d\u00e1 espa\u00e7o para a exce\u00e7\u00e3o em seu art.13, atendendo e cuidando das crian\u00e7as que sofrem maus-tratos, neglig\u00eancia, abuso sexual, e todas as formas de viol\u00eancia, por parte do genitor estrangeiro. Contudo, h\u00e1 mais de duas mil m\u00e3es que tiveram seus filhos repatriados e s\u00e3o ou ser\u00e3o acusadas de \u201csequestro internacional de crian\u00e7a\u201d. O crime delas foi voltar para sua p\u00e1tria, nosso pa\u00eds, para colocar a salvo sua crian\u00e7a, v\u00edtima de viol\u00eancia f\u00edsica ou sexual. A Exce\u00e7\u00e3o se torna uma negocia\u00e7\u00e3o pol\u00edtica, com amea\u00e7as comerciais. E a crian\u00e7a \u00e9 repatriada, entregue ao pai estrangeiro, enquanto a m\u00e3e \u00e9 banida e proibida de entrar no pa\u00eds onde morava e teve o filho da uni\u00e3o com um estrangeiro. A crian\u00e7a importa menos que containers de laranjas. Infelizmente.<\/p>\n\n\n\n<div class=\"wp-block-image\"><figure class=\"aligncenter size-large is-resized\"><img loading=\"lazy\" decoding=\"async\" src=\"https:\/\/jornalfatosenoticias.com.br\/wp-content\/uploads\/2022\/02\/Arte-Autoescola-Galatas_endereco_portal-1024x103.png\" alt=\"\" class=\"wp-image-27869\" width=\"379\" height=\"38\" srcset=\"https:\/\/jornalfatosenoticias.com.br\/wp-content\/uploads\/2022\/02\/Arte-Autoescola-Galatas_endereco_portal-1024x103.png 1024w, https:\/\/jornalfatosenoticias.com.br\/wp-content\/uploads\/2022\/02\/Arte-Autoescola-Galatas_endereco_portal-300x30.png 300w, https:\/\/jornalfatosenoticias.com.br\/wp-content\/uploads\/2022\/02\/Arte-Autoescola-Galatas_endereco_portal-768x77.png 768w, https:\/\/jornalfatosenoticias.com.br\/wp-content\/uploads\/2022\/02\/Arte-Autoescola-Galatas_endereco_portal.png 1223w\" sizes=\"auto, (max-width: 379px) 100vw, 379px\" \/><\/figure><\/div>\n\n\n\n<p>Ter leis n\u00e3o \u00e9 suficiente quando se tem a cobertura do \u201csegredo de justi\u00e7a\u201d pela pr\u00f3pria vulnerabilidade da Crian\u00e7a, tudo sustentado pela Cultura da Desimport\u00e2ncia dos pequenos. Parece n\u00e3o haver vontade pol\u00edtica, ou haver uma vontade pol\u00edtica escusa que se alastra com a permissividade da in\u00e9rcia e da omiss\u00e3o de muitos. Quando se tem um agressor e um agredido, ficar neutro \u00e9 refor\u00e7ar o agressor e abandonar o agredido. Que seja por identifica\u00e7\u00e3o com o agressor, ou por medo desse agressor.<\/p>\n\n\n\n<figure class=\"wp-block-image size-large\"><img loading=\"lazy\" decoding=\"async\" width=\"1000\" height=\"623\" src=\"https:\/\/jornalfatosenoticias.com.br\/wp-content\/uploads\/2022\/03\/Manifestacao-contra-a-cultura-do-estupro.jpg\" alt=\"\" class=\"wp-image-29029\" srcset=\"https:\/\/jornalfatosenoticias.com.br\/wp-content\/uploads\/2022\/03\/Manifestacao-contra-a-cultura-do-estupro.jpg 1000w, https:\/\/jornalfatosenoticias.com.br\/wp-content\/uploads\/2022\/03\/Manifestacao-contra-a-cultura-do-estupro-300x187.jpg 300w, https:\/\/jornalfatosenoticias.com.br\/wp-content\/uploads\/2022\/03\/Manifestacao-contra-a-cultura-do-estupro-768x478.jpg 768w\" sizes=\"auto, (max-width: 1000px) 100vw, 1000px\" \/><figcaption><em><span class=\"has-inline-color has-black-color\">Manifesta\u00e7\u00e3o &#8216;Por Todas Elas&#8217; (Foto: George Campos\/USP Imagens)<\/span><\/em><\/figcaption><\/figure>\n\n\n\n<div class=\"wp-block-image\"><figure class=\"alignright size-large\"><img loading=\"lazy\" decoding=\"async\" width=\"300\" height=\"250\" src=\"https:\/\/jornalfatosenoticias.com.br\/wp-content\/uploads\/2022\/02\/Banner-2.png\" alt=\"\" class=\"wp-image-27877\"\/><\/figure><\/div>\n\n\n\n<p>Executar o afastamento judicial da m\u00e3e de uma Crian\u00e7a, t\u00e3o usual hoje que atinge at\u00e9 os beb\u00eas em amamenta\u00e7\u00e3o materna, tem consequ\u00eancias desastrosas. Para uma Crian\u00e7a ter e viver uma aus\u00eancia da m\u00e3e em todas as ocasi\u00f5es em que as outras Crian\u00e7as est\u00e3o com suas m\u00e3es, causa danos irrevers\u00edveis porque a Crian\u00e7a ainda n\u00e3o tem os recursos necess\u00e1rios para fazer frente e suportar o olhar de recrimina\u00e7\u00e3o, as palavras maliciosas, a exclus\u00e3o praticada pela imaturidade das outras Crian\u00e7as do seu entorno. A vergonha que se abate sobre a Crian\u00e7a ao ser exposta pela aus\u00eancia continuada da m\u00e3e, \u00e9 corrosiva para a mente em crescimento. Essa aus\u00eancia \u00e9 sentida pela Crian\u00e7a como sendo uma culpa dela, um defeito seu, uma viv\u00eancia de menos valia que trar\u00e1 muitos buracos em sua autoestima. Pensar o que as pessoas est\u00e3o pensando sobre ela e sobre sua m\u00e3e \u00e9 tarefa ingl\u00f3ria que acaba por retir\u00e1-la da realidade que est\u00e1 acontecendo e jogando a Crian\u00e7a para o isolamento.<br>Sequenciamos v\u00e1rios temas que est\u00e3o implicados nos epis\u00f3dios de massacre que vitimaram Mo\u00efse e Henry, assim como Joanna, Bernardo, Jo\u00e3o Victor, Isabella, e tantas outras Crian\u00e7as. Vozes do al\u00e9m s\u00e3o mais aud\u00edveis e cr\u00edveis que as vozes das Crian\u00e7as quando relatam abusos sexuais intrafamiliares. <\/p>\n\n\n\n<div class=\"wp-block-image\"><figure class=\"aligncenter size-large is-resized\"><img loading=\"lazy\" decoding=\"async\" src=\"https:\/\/jornalfatosenoticias.com.br\/wp-content\/uploads\/2020\/02\/Serra-Grande-1024x160.png\" alt=\"\" class=\"wp-image-7836\" width=\"391\" height=\"61\"\/><\/figure><\/div>\n\n\n\n<p>As Crian\u00e7as desrespeitadas na guerra de lama, na guerra dos m\u00edsseis, na guerra dos tiroteios entre bandidos e policiais ou bandidos e bandidos, ou nas guerras intrafamiliares que usam e exploram seus pequenos corpos sem atrativos de sensualidade, mas alvos do prazer de torturar pelo prazer da sensa\u00e7\u00e3o secreta de Poder. A inexist\u00eancia de Pol\u00edticas P\u00fablicas consistentes, consequentes, e continuadas, que fundem uma Cultura do Cuidado.<br>Est\u00e1 pautada para algumas horas a vota\u00e7\u00e3o no Senado de um PL, o 7352\/2017, que continua defendendo a fal\u00e1cia dogm\u00e1tica da aliena\u00e7\u00e3o parental, alega\u00e7\u00e3o usada para encobrir abusos sexuais e viol\u00eancia dom\u00e9stica, al\u00e9m de neglig\u00eancia, de mentiras, de abandono, e que causa tanta dor e adoecimento mental. Mais uma armadilha que enganou at\u00e9 m\u00e3es j\u00e1 calejadas pelos horrores dessa lei. Por que estamos insistindo na exposi\u00e7\u00e3o de nossas Crian\u00e7as a horrores? In d\u00fabio, por que n\u00e3o favorece a Crian\u00e7a? Ser\u00e1 que ningu\u00e9m sabe o que quer dizer vulnerabilidade? A quem estamos servindo?<\/p>\n\n\n\n<div class=\"wp-block-image\"><figure class=\"alignleft size-large is-resized\"><img loading=\"lazy\" decoding=\"async\" src=\"https:\/\/jornalfatosenoticias.com.br\/wp-content\/uploads\/2020\/02\/nova-logo-Marquetti.jpg\" alt=\"\" class=\"wp-image-22331\" width=\"363\" height=\"244\" srcset=\"https:\/\/jornalfatosenoticias.com.br\/wp-content\/uploads\/2020\/02\/nova-logo-Marquetti.jpg 643w, https:\/\/jornalfatosenoticias.com.br\/wp-content\/uploads\/2020\/02\/nova-logo-Marquetti-300x202.jpg 300w\" sizes=\"auto, (max-width: 363px) 100vw, 363px\" \/><\/figure><\/div>\n\n\n\n<p>No pr\u00f3ximo artigo, abordaremos a quest\u00e3o da perversidade de profissionais que s\u00e3o pagos pelo dinheiro p\u00fablico para fazer valer a Prote\u00e7\u00e3o Integral da Crian\u00e7a, mas vivem a servi\u00e7o do esmagamento da Crian\u00e7a, usando o conhecimento em desvio de seu prop\u00f3sito ou arremedos de retalhos mal costurados de conhecimento para torturar e aniquilar as Crian\u00e7as.<\/p>\n\n\n\n<div class=\"wp-block-image\"><figure class=\"aligncenter size-large is-resized\"><img loading=\"lazy\" decoding=\"async\" src=\"https:\/\/jornalfatosenoticias.com.br\/wp-content\/uploads\/2022\/03\/logo-Suinco-1024x390.jpg\" alt=\"\" class=\"wp-image-28785\" width=\"282\" height=\"107\"\/><\/figure><\/div>\n\n\n\n<p><\/p>\n","protected":false},"excerpt":{"rendered":"<p>Ter leis n\u00e3o \u00e9 suficiente quando se tem a cobertura do \u201csegredo de justi\u00e7a\u201d pela pr\u00f3pria vulnerabilidade da Crian\u00e7a, tudo sustentado pela Cultura da Desimport\u00e2ncia dos pequenos Quando, no artigo anterior dessa s\u00e9rie, elenquei as institui\u00e7\u00f5es Internacionais e as Nacionais que j\u00e1 se posicionaram ao lado da Crian\u00e7a e da Mulher, cometi um lapso ao [&hellip;]<\/p>\n","protected":false},"author":8,"featured_media":29030,"comment_status":"open","ping_status":"open","sticky":false,"template":"","format":"standard","meta":{"footnotes":""},"categories":[2522],"tags":[9851,3238,13818,327,1041,1368],"class_list":["post-29027","post","type-post","status-publish","format-standard","has-post-thumbnail","hentry","category-comportamento","tag-injustica","tag-leis","tag-leis-ineficientes","tag-violencia-contra-a-mulher","tag-violencia-domestica","tag-vulnerabilidade"],"yoast_head":"<!-- This site is optimized with the Yoast SEO plugin v26.5 - https:\/\/yoast.com\/wordpress\/plugins\/seo\/ -->\n<title>Precisamos falar sobre Mo\u00efse e Henry \u2014 Parte VII - Jornal Fatos e Not\u00edcias<\/title>\n<meta name=\"robots\" content=\"index, follow, max-snippet:-1, max-image-preview:large, max-video-preview:-1\" \/>\n<link rel=\"canonical\" href=\"https:\/\/jornalfatosenoticias.com.br\/index.php\/2022\/03\/24\/precisamos-falar-sobre-moise-e-henry-parte-vii\/\" \/>\n<meta property=\"og:locale\" content=\"pt_BR\" \/>\n<meta property=\"og:type\" content=\"article\" \/>\n<meta property=\"og:title\" content=\"Precisamos falar sobre Mo\u00efse e Henry \u2014 Parte VII - Jornal Fatos e Not\u00edcias\" \/>\n<meta property=\"og:description\" content=\"Ter leis n\u00e3o \u00e9 suficiente quando se tem a cobertura do \u201csegredo de justi\u00e7a\u201d pela pr\u00f3pria vulnerabilidade da Crian\u00e7a, tudo sustentado pela Cultura da Desimport\u00e2ncia dos pequenos Quando, no artigo anterior dessa s\u00e9rie, elenquei as institui\u00e7\u00f5es Internacionais e as Nacionais que j\u00e1 se posicionaram ao lado da Crian\u00e7a e da Mulher, cometi um lapso ao [&hellip;]\" \/>\n<meta property=\"og:url\" content=\"https:\/\/jornalfatosenoticias.com.br\/index.php\/2022\/03\/24\/precisamos-falar-sobre-moise-e-henry-parte-vii\/\" \/>\n<meta property=\"og:site_name\" content=\"Jornal Fatos e Not\u00edcias\" \/>\n<meta property=\"article:published_time\" content=\"2022-03-24T16:23:44+00:00\" \/>\n<meta property=\"article:modified_time\" content=\"2022-03-24T16:23:46+00:00\" \/>\n<meta property=\"og:image\" content=\"https:\/\/jornalfatosenoticias.com.br\/wp-content\/uploads\/2022\/03\/tipos-de-violencia-domestica-saiba-como-identificar.jpg\" \/>\n\t<meta property=\"og:image:width\" content=\"1000\" \/>\n\t<meta property=\"og:image:height\" content=\"571\" \/>\n\t<meta property=\"og:image:type\" content=\"image\/jpeg\" \/>\n<meta name=\"author\" content=\"Ana Maria Iencarelli\" \/>\n<meta name=\"twitter:card\" content=\"summary_large_image\" \/>\n<meta name=\"twitter:label1\" content=\"Escrito por\" \/>\n\t<meta name=\"twitter:data1\" content=\"Ana Maria Iencarelli\" \/>\n\t<meta name=\"twitter:label2\" content=\"Est. tempo de leitura\" \/>\n\t<meta name=\"twitter:data2\" content=\"6 minutos\" \/>\n<script type=\"application\/ld+json\" class=\"yoast-schema-graph\">{\"@context\":\"https:\/\/schema.org\",\"@graph\":[{\"@type\":\"Article\",\"@id\":\"https:\/\/jornalfatosenoticias.com.br\/index.php\/2022\/03\/24\/precisamos-falar-sobre-moise-e-henry-parte-vii\/#article\",\"isPartOf\":{\"@id\":\"https:\/\/jornalfatosenoticias.com.br\/index.php\/2022\/03\/24\/precisamos-falar-sobre-moise-e-henry-parte-vii\/\"},\"author\":{\"name\":\"Ana Maria Iencarelli\",\"@id\":\"https:\/\/jornalfatosenoticias.com.br\/#\/schema\/person\/c33fcf5fb02d729d3fec92c6737a22d1\"},\"headline\":\"Precisamos falar sobre Mo\u00efse e Henry \u2014 Parte VII\",\"datePublished\":\"2022-03-24T16:23:44+00:00\",\"dateModified\":\"2022-03-24T16:23:46+00:00\",\"mainEntityOfPage\":{\"@id\":\"https:\/\/jornalfatosenoticias.com.br\/index.php\/2022\/03\/24\/precisamos-falar-sobre-moise-e-henry-parte-vii\/\"},\"wordCount\":1247,\"commentCount\":0,\"publisher\":{\"@id\":\"https:\/\/jornalfatosenoticias.com.br\/#organization\"},\"image\":{\"@id\":\"https:\/\/jornalfatosenoticias.com.br\/index.php\/2022\/03\/24\/precisamos-falar-sobre-moise-e-henry-parte-vii\/#primaryimage\"},\"thumbnailUrl\":\"https:\/\/jornalfatosenoticias.com.br\/wp-content\/uploads\/2022\/03\/tipos-de-violencia-domestica-saiba-como-identificar.jpg\",\"keywords\":[\"injusti\u00e7a\",\"leis\",\"leis ineficientes\",\"viol\u00eancia contra a mulher\",\"viol\u00eancia dom\u00e9stica\",\"vulnerabilidade\"],\"articleSection\":[\"Comportamento &amp; Equil\u00edbrio\"],\"inLanguage\":\"pt-BR\",\"potentialAction\":[{\"@type\":\"CommentAction\",\"name\":\"Comment\",\"target\":[\"https:\/\/jornalfatosenoticias.com.br\/index.php\/2022\/03\/24\/precisamos-falar-sobre-moise-e-henry-parte-vii\/#respond\"]}]},{\"@type\":\"WebPage\",\"@id\":\"https:\/\/jornalfatosenoticias.com.br\/index.php\/2022\/03\/24\/precisamos-falar-sobre-moise-e-henry-parte-vii\/\",\"url\":\"https:\/\/jornalfatosenoticias.com.br\/index.php\/2022\/03\/24\/precisamos-falar-sobre-moise-e-henry-parte-vii\/\",\"name\":\"Precisamos falar sobre Mo\u00efse e Henry \u2014 Parte VII - Jornal Fatos e Not\u00edcias\",\"isPartOf\":{\"@id\":\"https:\/\/jornalfatosenoticias.com.br\/#website\"},\"primaryImageOfPage\":{\"@id\":\"https:\/\/jornalfatosenoticias.com.br\/index.php\/2022\/03\/24\/precisamos-falar-sobre-moise-e-henry-parte-vii\/#primaryimage\"},\"image\":{\"@id\":\"https:\/\/jornalfatosenoticias.com.br\/index.php\/2022\/03\/24\/precisamos-falar-sobre-moise-e-henry-parte-vii\/#primaryimage\"},\"thumbnailUrl\":\"https:\/\/jornalfatosenoticias.com.br\/wp-content\/uploads\/2022\/03\/tipos-de-violencia-domestica-saiba-como-identificar.jpg\",\"datePublished\":\"2022-03-24T16:23:44+00:00\",\"dateModified\":\"2022-03-24T16:23:46+00:00\",\"breadcrumb\":{\"@id\":\"https:\/\/jornalfatosenoticias.com.br\/index.php\/2022\/03\/24\/precisamos-falar-sobre-moise-e-henry-parte-vii\/#breadcrumb\"},\"inLanguage\":\"pt-BR\",\"potentialAction\":[{\"@type\":\"ReadAction\",\"target\":[\"https:\/\/jornalfatosenoticias.com.br\/index.php\/2022\/03\/24\/precisamos-falar-sobre-moise-e-henry-parte-vii\/\"]}]},{\"@type\":\"ImageObject\",\"inLanguage\":\"pt-BR\",\"@id\":\"https:\/\/jornalfatosenoticias.com.br\/index.php\/2022\/03\/24\/precisamos-falar-sobre-moise-e-henry-parte-vii\/#primaryimage\",\"url\":\"https:\/\/jornalfatosenoticias.com.br\/wp-content\/uploads\/2022\/03\/tipos-de-violencia-domestica-saiba-como-identificar.jpg\",\"contentUrl\":\"https:\/\/jornalfatosenoticias.com.br\/wp-content\/uploads\/2022\/03\/tipos-de-violencia-domestica-saiba-como-identificar.jpg\",\"width\":1000,\"height\":571},{\"@type\":\"BreadcrumbList\",\"@id\":\"https:\/\/jornalfatosenoticias.com.br\/index.php\/2022\/03\/24\/precisamos-falar-sobre-moise-e-henry-parte-vii\/#breadcrumb\",\"itemListElement\":[{\"@type\":\"ListItem\",\"position\":1,\"name\":\"In\u00edcio\",\"item\":\"https:\/\/jornalfatosenoticias.com.br\/\"},{\"@type\":\"ListItem\",\"position\":2,\"name\":\"Precisamos falar sobre Mo\u00efse e Henry \u2014 Parte VII\"}]},{\"@type\":\"WebSite\",\"@id\":\"https:\/\/jornalfatosenoticias.com.br\/#website\",\"url\":\"https:\/\/jornalfatosenoticias.com.br\/\",\"name\":\"Jornal Fatos e Not\u00edcias\",\"description\":\"Not\u00edcias em geral\",\"publisher\":{\"@id\":\"https:\/\/jornalfatosenoticias.com.br\/#organization\"},\"potentialAction\":[{\"@type\":\"SearchAction\",\"target\":{\"@type\":\"EntryPoint\",\"urlTemplate\":\"https:\/\/jornalfatosenoticias.com.br\/?s={search_term_string}\"},\"query-input\":{\"@type\":\"PropertyValueSpecification\",\"valueRequired\":true,\"valueName\":\"search_term_string\"}}],\"inLanguage\":\"pt-BR\"},{\"@type\":\"Organization\",\"@id\":\"https:\/\/jornalfatosenoticias.com.br\/#organization\",\"name\":\"Jornal Fatos e Not\u00edcias\",\"url\":\"https:\/\/jornalfatosenoticias.com.br\/\",\"logo\":{\"@type\":\"ImageObject\",\"inLanguage\":\"pt-BR\",\"@id\":\"https:\/\/jornalfatosenoticias.com.br\/#\/schema\/logo\/image\/\",\"url\":\"https:\/\/jornalfatosenoticias.com.br\/wp-content\/uploads\/2020\/02\/logo120.png\",\"contentUrl\":\"https:\/\/jornalfatosenoticias.com.br\/wp-content\/uploads\/2020\/02\/logo120.png\",\"width\":1227,\"height\":120,\"caption\":\"Jornal Fatos e Not\u00edcias\"},\"image\":{\"@id\":\"https:\/\/jornalfatosenoticias.com.br\/#\/schema\/logo\/image\/\"}},{\"@type\":\"Person\",\"@id\":\"https:\/\/jornalfatosenoticias.com.br\/#\/schema\/person\/c33fcf5fb02d729d3fec92c6737a22d1\",\"name\":\"Ana Maria Iencarelli\",\"image\":{\"@type\":\"ImageObject\",\"inLanguage\":\"pt-BR\",\"@id\":\"https:\/\/jornalfatosenoticias.com.br\/#\/schema\/person\/image\/\",\"url\":\"https:\/\/jornalfatosenoticias.com.br\/wp-content\/uploads\/2020\/02\/Ana-Maria-Iencarelli-1-150x150.jpg\",\"contentUrl\":\"https:\/\/jornalfatosenoticias.com.br\/wp-content\/uploads\/2020\/02\/Ana-Maria-Iencarelli-1-150x150.jpg\",\"caption\":\"Ana Maria Iencarelli\"},\"description\":\"Psicanalista Cl\u00ednica, especializada no atendimento a Crian\u00e7as e Adolescentes. Presidente da ONG Vozes de Anjos.\",\"url\":\"https:\/\/jornalfatosenoticias.com.br\/index.php\/author\/anamaria\/\"}]}<\/script>\n<!-- \/ Yoast SEO plugin. -->","yoast_head_json":{"title":"Precisamos falar sobre Mo\u00efse e Henry \u2014 Parte VII - Jornal Fatos e Not\u00edcias","robots":{"index":"index","follow":"follow","max-snippet":"max-snippet:-1","max-image-preview":"max-image-preview:large","max-video-preview":"max-video-preview:-1"},"canonical":"https:\/\/jornalfatosenoticias.com.br\/index.php\/2022\/03\/24\/precisamos-falar-sobre-moise-e-henry-parte-vii\/","og_locale":"pt_BR","og_type":"article","og_title":"Precisamos falar sobre Mo\u00efse e Henry \u2014 Parte VII - Jornal Fatos e Not\u00edcias","og_description":"Ter leis n\u00e3o \u00e9 suficiente quando se tem a cobertura do \u201csegredo de justi\u00e7a\u201d pela pr\u00f3pria vulnerabilidade da Crian\u00e7a, tudo sustentado pela Cultura da Desimport\u00e2ncia dos pequenos Quando, no artigo anterior dessa s\u00e9rie, elenquei as institui\u00e7\u00f5es Internacionais e as Nacionais que j\u00e1 se posicionaram ao lado da Crian\u00e7a e da Mulher, cometi um lapso ao [&hellip;]","og_url":"https:\/\/jornalfatosenoticias.com.br\/index.php\/2022\/03\/24\/precisamos-falar-sobre-moise-e-henry-parte-vii\/","og_site_name":"Jornal Fatos e Not\u00edcias","article_published_time":"2022-03-24T16:23:44+00:00","article_modified_time":"2022-03-24T16:23:46+00:00","og_image":[{"width":1000,"height":571,"url":"https:\/\/jornalfatosenoticias.com.br\/wp-content\/uploads\/2022\/03\/tipos-de-violencia-domestica-saiba-como-identificar.jpg","type":"image\/jpeg"}],"author":"Ana Maria Iencarelli","twitter_card":"summary_large_image","twitter_misc":{"Escrito por":"Ana Maria Iencarelli","Est. tempo de leitura":"6 minutos"},"schema":{"@context":"https:\/\/schema.org","@graph":[{"@type":"Article","@id":"https:\/\/jornalfatosenoticias.com.br\/index.php\/2022\/03\/24\/precisamos-falar-sobre-moise-e-henry-parte-vii\/#article","isPartOf":{"@id":"https:\/\/jornalfatosenoticias.com.br\/index.php\/2022\/03\/24\/precisamos-falar-sobre-moise-e-henry-parte-vii\/"},"author":{"name":"Ana Maria Iencarelli","@id":"https:\/\/jornalfatosenoticias.com.br\/#\/schema\/person\/c33fcf5fb02d729d3fec92c6737a22d1"},"headline":"Precisamos falar sobre Mo\u00efse e Henry \u2014 Parte VII","datePublished":"2022-03-24T16:23:44+00:00","dateModified":"2022-03-24T16:23:46+00:00","mainEntityOfPage":{"@id":"https:\/\/jornalfatosenoticias.com.br\/index.php\/2022\/03\/24\/precisamos-falar-sobre-moise-e-henry-parte-vii\/"},"wordCount":1247,"commentCount":0,"publisher":{"@id":"https:\/\/jornalfatosenoticias.com.br\/#organization"},"image":{"@id":"https:\/\/jornalfatosenoticias.com.br\/index.php\/2022\/03\/24\/precisamos-falar-sobre-moise-e-henry-parte-vii\/#primaryimage"},"thumbnailUrl":"https:\/\/jornalfatosenoticias.com.br\/wp-content\/uploads\/2022\/03\/tipos-de-violencia-domestica-saiba-como-identificar.jpg","keywords":["injusti\u00e7a","leis","leis ineficientes","viol\u00eancia contra a mulher","viol\u00eancia dom\u00e9stica","vulnerabilidade"],"articleSection":["Comportamento &amp; Equil\u00edbrio"],"inLanguage":"pt-BR","potentialAction":[{"@type":"CommentAction","name":"Comment","target":["https:\/\/jornalfatosenoticias.com.br\/index.php\/2022\/03\/24\/precisamos-falar-sobre-moise-e-henry-parte-vii\/#respond"]}]},{"@type":"WebPage","@id":"https:\/\/jornalfatosenoticias.com.br\/index.php\/2022\/03\/24\/precisamos-falar-sobre-moise-e-henry-parte-vii\/","url":"https:\/\/jornalfatosenoticias.com.br\/index.php\/2022\/03\/24\/precisamos-falar-sobre-moise-e-henry-parte-vii\/","name":"Precisamos falar sobre Mo\u00efse e Henry \u2014 Parte VII - Jornal Fatos e Not\u00edcias","isPartOf":{"@id":"https:\/\/jornalfatosenoticias.com.br\/#website"},"primaryImageOfPage":{"@id":"https:\/\/jornalfatosenoticias.com.br\/index.php\/2022\/03\/24\/precisamos-falar-sobre-moise-e-henry-parte-vii\/#primaryimage"},"image":{"@id":"https:\/\/jornalfatosenoticias.com.br\/index.php\/2022\/03\/24\/precisamos-falar-sobre-moise-e-henry-parte-vii\/#primaryimage"},"thumbnailUrl":"https:\/\/jornalfatosenoticias.com.br\/wp-content\/uploads\/2022\/03\/tipos-de-violencia-domestica-saiba-como-identificar.jpg","datePublished":"2022-03-24T16:23:44+00:00","dateModified":"2022-03-24T16:23:46+00:00","breadcrumb":{"@id":"https:\/\/jornalfatosenoticias.com.br\/index.php\/2022\/03\/24\/precisamos-falar-sobre-moise-e-henry-parte-vii\/#breadcrumb"},"inLanguage":"pt-BR","potentialAction":[{"@type":"ReadAction","target":["https:\/\/jornalfatosenoticias.com.br\/index.php\/2022\/03\/24\/precisamos-falar-sobre-moise-e-henry-parte-vii\/"]}]},{"@type":"ImageObject","inLanguage":"pt-BR","@id":"https:\/\/jornalfatosenoticias.com.br\/index.php\/2022\/03\/24\/precisamos-falar-sobre-moise-e-henry-parte-vii\/#primaryimage","url":"https:\/\/jornalfatosenoticias.com.br\/wp-content\/uploads\/2022\/03\/tipos-de-violencia-domestica-saiba-como-identificar.jpg","contentUrl":"https:\/\/jornalfatosenoticias.com.br\/wp-content\/uploads\/2022\/03\/tipos-de-violencia-domestica-saiba-como-identificar.jpg","width":1000,"height":571},{"@type":"BreadcrumbList","@id":"https:\/\/jornalfatosenoticias.com.br\/index.php\/2022\/03\/24\/precisamos-falar-sobre-moise-e-henry-parte-vii\/#breadcrumb","itemListElement":[{"@type":"ListItem","position":1,"name":"In\u00edcio","item":"https:\/\/jornalfatosenoticias.com.br\/"},{"@type":"ListItem","position":2,"name":"Precisamos falar sobre Mo\u00efse e Henry \u2014 Parte VII"}]},{"@type":"WebSite","@id":"https:\/\/jornalfatosenoticias.com.br\/#website","url":"https:\/\/jornalfatosenoticias.com.br\/","name":"Jornal Fatos e Not\u00edcias","description":"Not\u00edcias em geral","publisher":{"@id":"https:\/\/jornalfatosenoticias.com.br\/#organization"},"potentialAction":[{"@type":"SearchAction","target":{"@type":"EntryPoint","urlTemplate":"https:\/\/jornalfatosenoticias.com.br\/?s={search_term_string}"},"query-input":{"@type":"PropertyValueSpecification","valueRequired":true,"valueName":"search_term_string"}}],"inLanguage":"pt-BR"},{"@type":"Organization","@id":"https:\/\/jornalfatosenoticias.com.br\/#organization","name":"Jornal Fatos e Not\u00edcias","url":"https:\/\/jornalfatosenoticias.com.br\/","logo":{"@type":"ImageObject","inLanguage":"pt-BR","@id":"https:\/\/jornalfatosenoticias.com.br\/#\/schema\/logo\/image\/","url":"https:\/\/jornalfatosenoticias.com.br\/wp-content\/uploads\/2020\/02\/logo120.png","contentUrl":"https:\/\/jornalfatosenoticias.com.br\/wp-content\/uploads\/2020\/02\/logo120.png","width":1227,"height":120,"caption":"Jornal Fatos e Not\u00edcias"},"image":{"@id":"https:\/\/jornalfatosenoticias.com.br\/#\/schema\/logo\/image\/"}},{"@type":"Person","@id":"https:\/\/jornalfatosenoticias.com.br\/#\/schema\/person\/c33fcf5fb02d729d3fec92c6737a22d1","name":"Ana Maria Iencarelli","image":{"@type":"ImageObject","inLanguage":"pt-BR","@id":"https:\/\/jornalfatosenoticias.com.br\/#\/schema\/person\/image\/","url":"https:\/\/jornalfatosenoticias.com.br\/wp-content\/uploads\/2020\/02\/Ana-Maria-Iencarelli-1-150x150.jpg","contentUrl":"https:\/\/jornalfatosenoticias.com.br\/wp-content\/uploads\/2020\/02\/Ana-Maria-Iencarelli-1-150x150.jpg","caption":"Ana Maria Iencarelli"},"description":"Psicanalista Cl\u00ednica, especializada no atendimento a Crian\u00e7as e Adolescentes. Presidente da ONG Vozes de Anjos.","url":"https:\/\/jornalfatosenoticias.com.br\/index.php\/author\/anamaria\/"}]}},"cc_featured_image_caption":{"caption_text":"(Foto: Getty Images\/iStockphoto)","source_text":"","source_url":""},"jetpack_featured_media_url":"https:\/\/jornalfatosenoticias.com.br\/wp-content\/uploads\/2022\/03\/tipos-de-violencia-domestica-saiba-como-identificar.jpg","_links":{"self":[{"href":"https:\/\/jornalfatosenoticias.com.br\/index.php\/wp-json\/wp\/v2\/posts\/29027","targetHints":{"allow":["GET"]}}],"collection":[{"href":"https:\/\/jornalfatosenoticias.com.br\/index.php\/wp-json\/wp\/v2\/posts"}],"about":[{"href":"https:\/\/jornalfatosenoticias.com.br\/index.php\/wp-json\/wp\/v2\/types\/post"}],"author":[{"embeddable":true,"href":"https:\/\/jornalfatosenoticias.com.br\/index.php\/wp-json\/wp\/v2\/users\/8"}],"replies":[{"embeddable":true,"href":"https:\/\/jornalfatosenoticias.com.br\/index.php\/wp-json\/wp\/v2\/comments?post=29027"}],"version-history":[{"count":0,"href":"https:\/\/jornalfatosenoticias.com.br\/index.php\/wp-json\/wp\/v2\/posts\/29027\/revisions"}],"wp:featuredmedia":[{"embeddable":true,"href":"https:\/\/jornalfatosenoticias.com.br\/index.php\/wp-json\/wp\/v2\/media\/29030"}],"wp:attachment":[{"href":"https:\/\/jornalfatosenoticias.com.br\/index.php\/wp-json\/wp\/v2\/media?parent=29027"}],"wp:term":[{"taxonomy":"category","embeddable":true,"href":"https:\/\/jornalfatosenoticias.com.br\/index.php\/wp-json\/wp\/v2\/categories?post=29027"},{"taxonomy":"post_tag","embeddable":true,"href":"https:\/\/jornalfatosenoticias.com.br\/index.php\/wp-json\/wp\/v2\/tags?post=29027"}],"curies":[{"name":"wp","href":"https:\/\/api.w.org\/{rel}","templated":true}]}}