{"id":29056,"date":"2022-03-24T14:19:23","date_gmt":"2022-03-24T17:19:23","guid":{"rendered":"https:\/\/jornalfatosenoticias.com.br\/?p=29056"},"modified":"2022-03-24T14:19:25","modified_gmt":"2022-03-24T17:19:25","slug":"estudante-brasileira-cria-bioplastico-ecologico-feito-de-buriti","status":"publish","type":"post","link":"https:\/\/jornalfatosenoticias.com.br\/index.php\/2022\/03\/24\/estudante-brasileira-cria-bioplastico-ecologico-feito-de-buriti\/","title":{"rendered":"Estudante brasileira cria biopl\u00e1stico ecol\u00f3gico feito de buriti"},"content":{"rendered":"\n<p><em><span class=\"has-inline-color has-black-color\">Com apenas 17 anos, a maranhense Ana Beatriz de Castro Silva desenvolveu um pol\u00edmero natural utilizando o buriti<\/span><\/em><\/p>\n\n\n\n<div class=\"wp-block-image\"><figure class=\"aligncenter size-large is-resized\"><img loading=\"lazy\" decoding=\"async\" src=\"https:\/\/jornalfatosenoticias.com.br\/wp-content\/uploads\/2020\/02\/Serra-Grande-1024x160.png\" alt=\"\" class=\"wp-image-7836\" width=\"366\" height=\"57\"\/><\/figure><\/div>\n\n\n\n<p>Uma jovem estudante de apenas 17 anos desenvolveu um novo tipo de biopl\u00e1stico biodegrad\u00e1vel a partir do buriti, uma esp\u00e9cie de palmeira origin\u00e1ria da Amaz\u00f4nia. Enquanto cursava o terceiro ano do ensino m\u00e9dio, Ana Beatriz de Castro Silva criou tr\u00eas materiais usando diferentes partes do buriti, como a casca, a entrecasca e a polpa do fruto. Cada <a href=\"https:\/\/ciclovivo.com.br\/planeta\/desenvolvimento\/tipos-de-plastico\/?amp=1\" target=\"_blank\" rel=\"noreferrer noopener\">biopol\u00edmero<\/a> obteve uma resist\u00eancia, transpar\u00eancia e flexibilidade diferentes.<br>O buriti (<em>Mauritia flexuosa<\/em>) \u00e9 uma esp\u00e9cie de palmeira origin\u00e1ria da Amaz\u00f4nia encontrada em diversas partes do Brasil, particularmente no Cerrado. Seu fruto \u00e9 rico em vitaminas, c\u00e1lcio, ferro e prote\u00ednas. <\/p>\n\n\n\n<div class=\"wp-block-image\"><figure class=\"alignleft size-large\"><img decoding=\"async\" src=\"https:\/\/jornalfatosenoticias.com.br\/wp-content\/uploads\/2020\/02\/logo_esteio.jpg\" alt=\"\" class=\"wp-image-1214\"\/><\/figure><\/div>\n\n\n\n<p>O \u00f3leo extra\u00eddo do fruto \u00e9 rico em caroteno e tem valor medicinal. Tamb\u00e9m \u00e9 utilizado para amaciar, colorir e aromatizar diversos produtos de higiene e beleza. Suas folhas servem para confeccionar artigos como esteiras, tapetes e chap\u00e9us.<br>Segundo a Empresa Brasileira de Pesquisa Agropecu\u00e1ria (Embrapa), cada palmeira do buriti chega a produzir de cinco a sete cachos por ano e, em cada cacho, nascem de 400 a 500 frutos. A colheita do buriti garante <a href=\"https:\/\/ciclovivo.com.br\/planeta\/meio-ambiente\/floresta-em-pe-tem-potencial-de-gerar-recursos-maior-que-pecuaria-e-madeira-na-amazonia\/?amp=1\" target=\"_blank\" rel=\"noreferrer noopener\">renda para muitas fam\u00edlias brasileiras<\/a>.<\/p>\n\n\n\n<figure class=\"wp-block-image size-large\"><img loading=\"lazy\" decoding=\"async\" width=\"1000\" height=\"574\" src=\"https:\/\/jornalfatosenoticias.com.br\/wp-content\/uploads\/2022\/03\/bioplastico-buriti-2.jpg\" alt=\"\" class=\"wp-image-29059\" srcset=\"https:\/\/jornalfatosenoticias.com.br\/wp-content\/uploads\/2022\/03\/bioplastico-buriti-2.jpg 1000w, https:\/\/jornalfatosenoticias.com.br\/wp-content\/uploads\/2022\/03\/bioplastico-buriti-2-300x172.jpg 300w, https:\/\/jornalfatosenoticias.com.br\/wp-content\/uploads\/2022\/03\/bioplastico-buriti-2-768x441.jpg 768w\" sizes=\"auto, (max-width: 1000px) 100vw, 1000px\" \/><figcaption><em><span class=\"has-inline-color has-black-color\">Buriti (Mauritia flexuosa) (Foto: Reprodu\u00e7\u00e3o Biop\u00f3sito\/YouTube)<\/span><\/em><\/figcaption><\/figure>\n\n\n\n<p><strong><span class=\"has-inline-color has-black-color\">Pol\u00edmeros ecol\u00f3gicos<br><\/span><\/strong>Com a casca do fruto (epicarpo), Ana Beatriz conseguiu produzir um pl\u00e1stico resistente, prop\u00edcio para aplica\u00e7\u00e3o em revestimentos de pisos e paredes. A entrecasca (mesocarpo) deu origem a uma textura especial e transparente, parecida com a do acr\u00edlico. J\u00e1 a polpa do fruto (endocarpo) foi ideal para desenvolver um biofilme: pel\u00edcula flex\u00edvel que pode ser usada na produ\u00e7\u00e3o de <a href=\"https:\/\/ciclovivo.com.br\/inovacao\/tecnologia\/estudantes-prototipo-sacola-de-amido\/?amp=1\" target=\"_blank\" rel=\"noreferrer noopener\">sacolas compost\u00e1veis<\/a>, por exemplo.<\/p>\n\n\n\n<div class=\"wp-block-image\"><figure class=\"aligncenter size-large is-resized\"><img loading=\"lazy\" decoding=\"async\" src=\"https:\/\/jornalfatosenoticias.com.br\/wp-content\/uploads\/2022\/02\/Serra-Pack-459.png\" alt=\"\" class=\"wp-image-27471\" width=\"273\" height=\"109\"\/><\/figure><\/div>\n\n\n\n<figure class=\"wp-block-image size-large\"><img loading=\"lazy\" decoding=\"async\" width=\"1000\" height=\"501\" src=\"https:\/\/jornalfatosenoticias.com.br\/wp-content\/uploads\/2022\/03\/bioplastico-buriti-3.jpg\" alt=\"\" class=\"wp-image-29058\" srcset=\"https:\/\/jornalfatosenoticias.com.br\/wp-content\/uploads\/2022\/03\/bioplastico-buriti-3.jpg 1000w, https:\/\/jornalfatosenoticias.com.br\/wp-content\/uploads\/2022\/03\/bioplastico-buriti-3-300x150.jpg 300w, https:\/\/jornalfatosenoticias.com.br\/wp-content\/uploads\/2022\/03\/bioplastico-buriti-3-768x385.jpg 768w\" sizes=\"auto, (max-width: 1000px) 100vw, 1000px\" \/><figcaption><em><span class=\"has-inline-color has-black-color\">Amostras de biopl\u00e1sticos criados pela estudante (Foto: Reprodu\u00e7\u00e3o Biop\u00f3sito\/YouTube)<\/span><\/em><\/figcaption><\/figure>\n\n\n\n<p>Depois de produzir os biopol\u00edmeros, a estudante fez a caracteriza\u00e7\u00e3o biotecnol\u00f3gica. Ela testou a opacidade, a resist\u00eancia qu\u00edmica, as propriedades mec\u00e2nicas e a capacidade de degrada\u00e7\u00e3o em solo. Os resultados mostram que a produ\u00e7\u00e3o do biopl\u00e1stico a partir do buriti \u00e9 bastante vi\u00e1vel. Sua tecnologia pode ser tanto usada para o desenvolvimento socioambiental como para a cria\u00e7\u00e3o de <a href=\"https:\/\/ciclovivo.com.br\/planeta\/desenvolvimento\/brasil-recicla-apenas-128-plastico-que-produz\/?amp=1\" target=\"_blank\" rel=\"noreferrer noopener\">alternativas ao pl\u00e1stico para a ind\u00fastria<\/a>.<\/p>\n\n\n\n<div class=\"wp-block-image\"><figure class=\"alignright size-large is-resized\"><img loading=\"lazy\" decoding=\"async\" src=\"https:\/\/jornalfatosenoticias.com.br\/wp-content\/uploads\/2020\/02\/nova-logo-Marquetti.jpg\" alt=\"\" class=\"wp-image-22331\" width=\"276\" height=\"186\" srcset=\"https:\/\/jornalfatosenoticias.com.br\/wp-content\/uploads\/2020\/02\/nova-logo-Marquetti.jpg 643w, https:\/\/jornalfatosenoticias.com.br\/wp-content\/uploads\/2020\/02\/nova-logo-Marquetti-300x202.jpg 300w\" sizes=\"auto, (max-width: 276px) 100vw, 276px\" \/><\/figure><\/div>\n\n\n\n<p><strong><span class=\"has-inline-color has-black-color\">Biodegrad\u00e1vel<br><\/span><\/strong>Ana Beatriz tamb\u00e9m testou o per\u00edodo de decomposi\u00e7\u00e3o do material, que se degradou em apenas 15 dias na \u00e1gua e em at\u00e9 20 dias no solo. Segundo a estudante, o material ainda ajuda na aduba\u00e7\u00e3o de plantas, servindo como um <a href=\"https:\/\/ciclovivo.com.br\/mao-na-massa\/horta\/saiba_como_fazer_adubo_organico_liquido\/?amp=1\" target=\"_blank\" rel=\"noreferrer noopener\">fertilizante natural<\/a>.<\/p>\n\n\n\n<figure class=\"wp-block-image size-large\"><img loading=\"lazy\" decoding=\"async\" width=\"1000\" height=\"582\" src=\"https:\/\/jornalfatosenoticias.com.br\/wp-content\/uploads\/2022\/03\/Ana-Beatriz-de-Castro-Silva-Estudante-do-Maranhao-bioplastico-buriti.jpeg\" alt=\"\" class=\"wp-image-29057\" srcset=\"https:\/\/jornalfatosenoticias.com.br\/wp-content\/uploads\/2022\/03\/Ana-Beatriz-de-Castro-Silva-Estudante-do-Maranhao-bioplastico-buriti.jpeg 1000w, https:\/\/jornalfatosenoticias.com.br\/wp-content\/uploads\/2022\/03\/Ana-Beatriz-de-Castro-Silva-Estudante-do-Maranhao-bioplastico-buriti-300x175.jpeg 300w, https:\/\/jornalfatosenoticias.com.br\/wp-content\/uploads\/2022\/03\/Ana-Beatriz-de-Castro-Silva-Estudante-do-Maranhao-bioplastico-buriti-768x447.jpeg 768w\" sizes=\"auto, (max-width: 1000px) 100vw, 1000px\" \/><figcaption><em><span class=\"has-inline-color has-black-color\">A estudante Ana Beatriz de Castro Silva coletando buritis (Foto: Biocomp\u00f3sito)<\/span><\/em><\/figcaption><\/figure>\n\n\n\n<p><strong><span class=\"has-inline-color has-black-color\">Pesquisa n\u00e3o para por a\u00ed<br><\/span><\/strong>A estudante pretende dar continuidade \u00e0 pesquisa, desenvolvendo uma pele artificial com a mesma mat\u00e9ria-prima. \u201cN\u00e3o quero parar, quero que realmente essa pesquisa se transforme em produtos que beneficiem a sociedade\u201d, diz.<\/p>\n\n\n\n<p><em><span class=\"has-inline-color has-black-color\">Neste v\u00eddeo, a jovem estudante explica todos os detalhes da pesquisa.<\/span><\/em><\/p>\n\n\n\n<figure class=\"wp-block-embed-youtube wp-block-embed is-type-video is-provider-youtube wp-embed-aspect-16-9 wp-has-aspect-ratio\"><div class=\"wp-block-embed__wrapper\">\n<iframe loading=\"lazy\" title=\"Biotec - Biotecnologia Aplicada ao Fruto do Buriti (Mauritia Flexuosa)\" width=\"660\" height=\"371\" src=\"https:\/\/www.youtube.com\/embed\/lv32eUzs6YY?feature=oembed\" frameborder=\"0\" allow=\"accelerometer; autoplay; clipboard-write; encrypted-media; gyroscope; picture-in-picture; web-share\" referrerpolicy=\"strict-origin-when-cross-origin\" allowfullscreen><\/iframe>\n<\/div><\/figure>\n\n\n\n<p>O projeto de Ana Beatriz foi realizado enquanto ela estudava no Centro Educacional Arteceb, na cidade de Imperatriz (MA). O seu projeto \u00e9 um dos destaques da 20\u00aa edi\u00e7\u00e3o da Feira Brasileira de Ci\u00eancias e Engenharia (Febrace), que acontece at\u00e9 o dia 26 de mar\u00e7o pela\u00a0<a href=\"https:\/\/virtual.febrace.org.br\/\" target=\"_blank\" rel=\"noreferrer noopener\">Plataforma Febrace Virtual<\/a>.<\/p>\n\n\n\n<div class=\"wp-block-image\"><figure class=\"aligncenter size-large is-resized\"><img loading=\"lazy\" decoding=\"async\" src=\"https:\/\/jornalfatosenoticias.com.br\/wp-content\/uploads\/2020\/02\/Logo_Mizu.png\" alt=\"\" class=\"wp-image-1441\" width=\"333\" height=\"41\" srcset=\"https:\/\/jornalfatosenoticias.com.br\/wp-content\/uploads\/2020\/02\/Logo_Mizu.png 729w, https:\/\/jornalfatosenoticias.com.br\/wp-content\/uploads\/2020\/02\/Logo_Mizu-300x37.png 300w\" sizes=\"auto, (max-width: 333px) 100vw, 333px\" \/><\/figure><\/div>\n\n\n\n<p><strong><em>Fonte: <a href=\"https:\/\/ciclovivo.com.br\/inovacao\/inspiracao\/estudante-brasileira-cria-bioplastico-ecologico-feito-de-buriti\/?amp=1\">CicloVivo<\/a><\/em><\/strong><\/p>\n","protected":false},"excerpt":{"rendered":"<p>Com apenas 17 anos, a maranhense Ana Beatriz de Castro Silva desenvolveu um pol\u00edmero natural utilizando o buriti Uma jovem estudante de apenas 17 anos desenvolveu um novo tipo de biopl\u00e1stico biodegrad\u00e1vel a partir do buriti, uma esp\u00e9cie de palmeira origin\u00e1ria da Amaz\u00f4nia. Enquanto cursava o terceiro ano do ensino m\u00e9dio, Ana Beatriz de Castro [&hellip;]<\/p>\n","protected":false},"author":2,"featured_media":29060,"comment_status":"open","ping_status":"open","sticky":false,"template":"","format":"standard","meta":{"footnotes":""},"categories":[7,3],"tags":[5250,13828,13827,13829],"class_list":["post-29056","post","type-post","status-publish","format-standard","has-post-thumbnail","hentry","category-educacao","category-tecnologia","tag-bioplastico","tag-bioplastico-ecologico","tag-buriti","tag-polimero"],"yoast_head":"<!-- This site is optimized with the Yoast SEO plugin v26.5 - https:\/\/yoast.com\/wordpress\/plugins\/seo\/ -->\n<title>Estudante brasileira cria biopl\u00e1stico ecol\u00f3gico feito de buriti - Jornal Fatos e Not\u00edcias<\/title>\n<meta name=\"robots\" content=\"index, follow, max-snippet:-1, max-image-preview:large, max-video-preview:-1\" \/>\n<link rel=\"canonical\" href=\"https:\/\/jornalfatosenoticias.com.br\/index.php\/2022\/03\/24\/estudante-brasileira-cria-bioplastico-ecologico-feito-de-buriti\/\" \/>\n<meta property=\"og:locale\" content=\"pt_BR\" \/>\n<meta property=\"og:type\" content=\"article\" \/>\n<meta property=\"og:title\" content=\"Estudante brasileira cria biopl\u00e1stico ecol\u00f3gico feito de buriti - Jornal Fatos e Not\u00edcias\" \/>\n<meta property=\"og:description\" content=\"Com apenas 17 anos, a maranhense Ana Beatriz de Castro Silva desenvolveu um pol\u00edmero natural utilizando o buriti Uma jovem estudante de apenas 17 anos desenvolveu um novo tipo de biopl\u00e1stico biodegrad\u00e1vel a partir do buriti, uma esp\u00e9cie de palmeira origin\u00e1ria da Amaz\u00f4nia. Enquanto cursava o terceiro ano do ensino m\u00e9dio, Ana Beatriz de Castro [&hellip;]\" \/>\n<meta property=\"og:url\" content=\"https:\/\/jornalfatosenoticias.com.br\/index.php\/2022\/03\/24\/estudante-brasileira-cria-bioplastico-ecologico-feito-de-buriti\/\" \/>\n<meta property=\"og:site_name\" content=\"Jornal Fatos e Not\u00edcias\" \/>\n<meta property=\"article:published_time\" content=\"2022-03-24T17:19:23+00:00\" \/>\n<meta property=\"article:modified_time\" content=\"2022-03-24T17:19:25+00:00\" \/>\n<meta property=\"og:image\" content=\"https:\/\/jornalfatosenoticias.com.br\/wp-content\/uploads\/2022\/03\/Estudante-brasileira-cria-bioplastico-ecologico-feito-de-buriti-1.jpg\" \/>\n\t<meta property=\"og:image:width\" content=\"1000\" \/>\n\t<meta property=\"og:image:height\" content=\"666\" \/>\n\t<meta property=\"og:image:type\" content=\"image\/jpeg\" \/>\n<meta name=\"author\" content=\"Luzimara Fernandes\" \/>\n<meta name=\"twitter:card\" content=\"summary_large_image\" \/>\n<meta name=\"twitter:label1\" content=\"Escrito por\" \/>\n\t<meta name=\"twitter:data1\" content=\"Luzimara Fernandes\" \/>\n\t<meta name=\"twitter:label2\" content=\"Est. tempo de leitura\" \/>\n\t<meta name=\"twitter:data2\" content=\"3 minutos\" \/>\n<script type=\"application\/ld+json\" class=\"yoast-schema-graph\">{\"@context\":\"https:\/\/schema.org\",\"@graph\":[{\"@type\":\"Article\",\"@id\":\"https:\/\/jornalfatosenoticias.com.br\/index.php\/2022\/03\/24\/estudante-brasileira-cria-bioplastico-ecologico-feito-de-buriti\/#article\",\"isPartOf\":{\"@id\":\"https:\/\/jornalfatosenoticias.com.br\/index.php\/2022\/03\/24\/estudante-brasileira-cria-bioplastico-ecologico-feito-de-buriti\/\"},\"author\":{\"name\":\"Luzimara Fernandes\",\"@id\":\"https:\/\/jornalfatosenoticias.com.br\/#\/schema\/person\/d63837fa13ac8666eb9e74e0985d6f81\"},\"headline\":\"Estudante brasileira cria biopl\u00e1stico ecol\u00f3gico feito de buriti\",\"datePublished\":\"2022-03-24T17:19:23+00:00\",\"dateModified\":\"2022-03-24T17:19:25+00:00\",\"mainEntityOfPage\":{\"@id\":\"https:\/\/jornalfatosenoticias.com.br\/index.php\/2022\/03\/24\/estudante-brasileira-cria-bioplastico-ecologico-feito-de-buriti\/\"},\"wordCount\":564,\"commentCount\":0,\"publisher\":{\"@id\":\"https:\/\/jornalfatosenoticias.com.br\/#organization\"},\"image\":{\"@id\":\"https:\/\/jornalfatosenoticias.com.br\/index.php\/2022\/03\/24\/estudante-brasileira-cria-bioplastico-ecologico-feito-de-buriti\/#primaryimage\"},\"thumbnailUrl\":\"https:\/\/jornalfatosenoticias.com.br\/wp-content\/uploads\/2022\/03\/Estudante-brasileira-cria-bioplastico-ecologico-feito-de-buriti-1.jpg\",\"keywords\":[\"biopl\u00e1stico\",\"biopl\u00e1stico ecol\u00f3gico\",\"buriti\",\"pol\u00edmero\"],\"articleSection\":[\"Educa\u00e7\u00e3o\",\"Tecnologia &amp; Inova\u00e7\u00e3o\"],\"inLanguage\":\"pt-BR\",\"potentialAction\":[{\"@type\":\"CommentAction\",\"name\":\"Comment\",\"target\":[\"https:\/\/jornalfatosenoticias.com.br\/index.php\/2022\/03\/24\/estudante-brasileira-cria-bioplastico-ecologico-feito-de-buriti\/#respond\"]}]},{\"@type\":\"WebPage\",\"@id\":\"https:\/\/jornalfatosenoticias.com.br\/index.php\/2022\/03\/24\/estudante-brasileira-cria-bioplastico-ecologico-feito-de-buriti\/\",\"url\":\"https:\/\/jornalfatosenoticias.com.br\/index.php\/2022\/03\/24\/estudante-brasileira-cria-bioplastico-ecologico-feito-de-buriti\/\",\"name\":\"Estudante brasileira cria biopl\u00e1stico ecol\u00f3gico feito de buriti - Jornal Fatos e Not\u00edcias\",\"isPartOf\":{\"@id\":\"https:\/\/jornalfatosenoticias.com.br\/#website\"},\"primaryImageOfPage\":{\"@id\":\"https:\/\/jornalfatosenoticias.com.br\/index.php\/2022\/03\/24\/estudante-brasileira-cria-bioplastico-ecologico-feito-de-buriti\/#primaryimage\"},\"image\":{\"@id\":\"https:\/\/jornalfatosenoticias.com.br\/index.php\/2022\/03\/24\/estudante-brasileira-cria-bioplastico-ecologico-feito-de-buriti\/#primaryimage\"},\"thumbnailUrl\":\"https:\/\/jornalfatosenoticias.com.br\/wp-content\/uploads\/2022\/03\/Estudante-brasileira-cria-bioplastico-ecologico-feito-de-buriti-1.jpg\",\"datePublished\":\"2022-03-24T17:19:23+00:00\",\"dateModified\":\"2022-03-24T17:19:25+00:00\",\"breadcrumb\":{\"@id\":\"https:\/\/jornalfatosenoticias.com.br\/index.php\/2022\/03\/24\/estudante-brasileira-cria-bioplastico-ecologico-feito-de-buriti\/#breadcrumb\"},\"inLanguage\":\"pt-BR\",\"potentialAction\":[{\"@type\":\"ReadAction\",\"target\":[\"https:\/\/jornalfatosenoticias.com.br\/index.php\/2022\/03\/24\/estudante-brasileira-cria-bioplastico-ecologico-feito-de-buriti\/\"]}]},{\"@type\":\"ImageObject\",\"inLanguage\":\"pt-BR\",\"@id\":\"https:\/\/jornalfatosenoticias.com.br\/index.php\/2022\/03\/24\/estudante-brasileira-cria-bioplastico-ecologico-feito-de-buriti\/#primaryimage\",\"url\":\"https:\/\/jornalfatosenoticias.com.br\/wp-content\/uploads\/2022\/03\/Estudante-brasileira-cria-bioplastico-ecologico-feito-de-buriti-1.jpg\",\"contentUrl\":\"https:\/\/jornalfatosenoticias.com.br\/wp-content\/uploads\/2022\/03\/Estudante-brasileira-cria-bioplastico-ecologico-feito-de-buriti-1.jpg\",\"width\":1000,\"height\":666},{\"@type\":\"BreadcrumbList\",\"@id\":\"https:\/\/jornalfatosenoticias.com.br\/index.php\/2022\/03\/24\/estudante-brasileira-cria-bioplastico-ecologico-feito-de-buriti\/#breadcrumb\",\"itemListElement\":[{\"@type\":\"ListItem\",\"position\":1,\"name\":\"In\u00edcio\",\"item\":\"https:\/\/jornalfatosenoticias.com.br\/\"},{\"@type\":\"ListItem\",\"position\":2,\"name\":\"Estudante brasileira cria biopl\u00e1stico ecol\u00f3gico feito de buriti\"}]},{\"@type\":\"WebSite\",\"@id\":\"https:\/\/jornalfatosenoticias.com.br\/#website\",\"url\":\"https:\/\/jornalfatosenoticias.com.br\/\",\"name\":\"Jornal Fatos e Not\u00edcias\",\"description\":\"Not\u00edcias em geral\",\"publisher\":{\"@id\":\"https:\/\/jornalfatosenoticias.com.br\/#organization\"},\"potentialAction\":[{\"@type\":\"SearchAction\",\"target\":{\"@type\":\"EntryPoint\",\"urlTemplate\":\"https:\/\/jornalfatosenoticias.com.br\/?s={search_term_string}\"},\"query-input\":{\"@type\":\"PropertyValueSpecification\",\"valueRequired\":true,\"valueName\":\"search_term_string\"}}],\"inLanguage\":\"pt-BR\"},{\"@type\":\"Organization\",\"@id\":\"https:\/\/jornalfatosenoticias.com.br\/#organization\",\"name\":\"Jornal Fatos e Not\u00edcias\",\"url\":\"https:\/\/jornalfatosenoticias.com.br\/\",\"logo\":{\"@type\":\"ImageObject\",\"inLanguage\":\"pt-BR\",\"@id\":\"https:\/\/jornalfatosenoticias.com.br\/#\/schema\/logo\/image\/\",\"url\":\"https:\/\/jornalfatosenoticias.com.br\/wp-content\/uploads\/2020\/02\/logo120.png\",\"contentUrl\":\"https:\/\/jornalfatosenoticias.com.br\/wp-content\/uploads\/2020\/02\/logo120.png\",\"width\":1227,\"height\":120,\"caption\":\"Jornal Fatos e Not\u00edcias\"},\"image\":{\"@id\":\"https:\/\/jornalfatosenoticias.com.br\/#\/schema\/logo\/image\/\"}},{\"@type\":\"Person\",\"@id\":\"https:\/\/jornalfatosenoticias.com.br\/#\/schema\/person\/d63837fa13ac8666eb9e74e0985d6f81\",\"name\":\"Luzimara Fernandes\",\"image\":{\"@type\":\"ImageObject\",\"inLanguage\":\"pt-BR\",\"@id\":\"https:\/\/jornalfatosenoticias.com.br\/#\/schema\/person\/image\/\",\"url\":\"https:\/\/jornalfatosenoticias.com.br\/wp-content\/uploads\/2025\/05\/EU_portal.jpg\",\"contentUrl\":\"https:\/\/jornalfatosenoticias.com.br\/wp-content\/uploads\/2025\/05\/EU_portal.jpg\",\"caption\":\"Luzimara Fernandes\"},\"description\":\"Jornalista MTB 2358-ES\",\"sameAs\":[\"https:\/\/jornalfatosenoticias.com.br\"],\"url\":\"https:\/\/jornalfatosenoticias.com.br\/index.php\/author\/luzimara\/\"}]}<\/script>\n<!-- \/ Yoast SEO plugin. -->","yoast_head_json":{"title":"Estudante brasileira cria biopl\u00e1stico ecol\u00f3gico feito de buriti - Jornal Fatos e Not\u00edcias","robots":{"index":"index","follow":"follow","max-snippet":"max-snippet:-1","max-image-preview":"max-image-preview:large","max-video-preview":"max-video-preview:-1"},"canonical":"https:\/\/jornalfatosenoticias.com.br\/index.php\/2022\/03\/24\/estudante-brasileira-cria-bioplastico-ecologico-feito-de-buriti\/","og_locale":"pt_BR","og_type":"article","og_title":"Estudante brasileira cria biopl\u00e1stico ecol\u00f3gico feito de buriti - Jornal Fatos e Not\u00edcias","og_description":"Com apenas 17 anos, a maranhense Ana Beatriz de Castro Silva desenvolveu um pol\u00edmero natural utilizando o buriti Uma jovem estudante de apenas 17 anos desenvolveu um novo tipo de biopl\u00e1stico biodegrad\u00e1vel a partir do buriti, uma esp\u00e9cie de palmeira origin\u00e1ria da Amaz\u00f4nia. Enquanto cursava o terceiro ano do ensino m\u00e9dio, Ana Beatriz de Castro [&hellip;]","og_url":"https:\/\/jornalfatosenoticias.com.br\/index.php\/2022\/03\/24\/estudante-brasileira-cria-bioplastico-ecologico-feito-de-buriti\/","og_site_name":"Jornal Fatos e Not\u00edcias","article_published_time":"2022-03-24T17:19:23+00:00","article_modified_time":"2022-03-24T17:19:25+00:00","og_image":[{"width":1000,"height":666,"url":"https:\/\/jornalfatosenoticias.com.br\/wp-content\/uploads\/2022\/03\/Estudante-brasileira-cria-bioplastico-ecologico-feito-de-buriti-1.jpg","type":"image\/jpeg"}],"author":"Luzimara Fernandes","twitter_card":"summary_large_image","twitter_misc":{"Escrito por":"Luzimara Fernandes","Est. tempo de leitura":"3 minutos"},"schema":{"@context":"https:\/\/schema.org","@graph":[{"@type":"Article","@id":"https:\/\/jornalfatosenoticias.com.br\/index.php\/2022\/03\/24\/estudante-brasileira-cria-bioplastico-ecologico-feito-de-buriti\/#article","isPartOf":{"@id":"https:\/\/jornalfatosenoticias.com.br\/index.php\/2022\/03\/24\/estudante-brasileira-cria-bioplastico-ecologico-feito-de-buriti\/"},"author":{"name":"Luzimara Fernandes","@id":"https:\/\/jornalfatosenoticias.com.br\/#\/schema\/person\/d63837fa13ac8666eb9e74e0985d6f81"},"headline":"Estudante brasileira cria biopl\u00e1stico ecol\u00f3gico feito de buriti","datePublished":"2022-03-24T17:19:23+00:00","dateModified":"2022-03-24T17:19:25+00:00","mainEntityOfPage":{"@id":"https:\/\/jornalfatosenoticias.com.br\/index.php\/2022\/03\/24\/estudante-brasileira-cria-bioplastico-ecologico-feito-de-buriti\/"},"wordCount":564,"commentCount":0,"publisher":{"@id":"https:\/\/jornalfatosenoticias.com.br\/#organization"},"image":{"@id":"https:\/\/jornalfatosenoticias.com.br\/index.php\/2022\/03\/24\/estudante-brasileira-cria-bioplastico-ecologico-feito-de-buriti\/#primaryimage"},"thumbnailUrl":"https:\/\/jornalfatosenoticias.com.br\/wp-content\/uploads\/2022\/03\/Estudante-brasileira-cria-bioplastico-ecologico-feito-de-buriti-1.jpg","keywords":["biopl\u00e1stico","biopl\u00e1stico ecol\u00f3gico","buriti","pol\u00edmero"],"articleSection":["Educa\u00e7\u00e3o","Tecnologia &amp; Inova\u00e7\u00e3o"],"inLanguage":"pt-BR","potentialAction":[{"@type":"CommentAction","name":"Comment","target":["https:\/\/jornalfatosenoticias.com.br\/index.php\/2022\/03\/24\/estudante-brasileira-cria-bioplastico-ecologico-feito-de-buriti\/#respond"]}]},{"@type":"WebPage","@id":"https:\/\/jornalfatosenoticias.com.br\/index.php\/2022\/03\/24\/estudante-brasileira-cria-bioplastico-ecologico-feito-de-buriti\/","url":"https:\/\/jornalfatosenoticias.com.br\/index.php\/2022\/03\/24\/estudante-brasileira-cria-bioplastico-ecologico-feito-de-buriti\/","name":"Estudante brasileira cria biopl\u00e1stico ecol\u00f3gico feito de buriti - Jornal Fatos e Not\u00edcias","isPartOf":{"@id":"https:\/\/jornalfatosenoticias.com.br\/#website"},"primaryImageOfPage":{"@id":"https:\/\/jornalfatosenoticias.com.br\/index.php\/2022\/03\/24\/estudante-brasileira-cria-bioplastico-ecologico-feito-de-buriti\/#primaryimage"},"image":{"@id":"https:\/\/jornalfatosenoticias.com.br\/index.php\/2022\/03\/24\/estudante-brasileira-cria-bioplastico-ecologico-feito-de-buriti\/#primaryimage"},"thumbnailUrl":"https:\/\/jornalfatosenoticias.com.br\/wp-content\/uploads\/2022\/03\/Estudante-brasileira-cria-bioplastico-ecologico-feito-de-buriti-1.jpg","datePublished":"2022-03-24T17:19:23+00:00","dateModified":"2022-03-24T17:19:25+00:00","breadcrumb":{"@id":"https:\/\/jornalfatosenoticias.com.br\/index.php\/2022\/03\/24\/estudante-brasileira-cria-bioplastico-ecologico-feito-de-buriti\/#breadcrumb"},"inLanguage":"pt-BR","potentialAction":[{"@type":"ReadAction","target":["https:\/\/jornalfatosenoticias.com.br\/index.php\/2022\/03\/24\/estudante-brasileira-cria-bioplastico-ecologico-feito-de-buriti\/"]}]},{"@type":"ImageObject","inLanguage":"pt-BR","@id":"https:\/\/jornalfatosenoticias.com.br\/index.php\/2022\/03\/24\/estudante-brasileira-cria-bioplastico-ecologico-feito-de-buriti\/#primaryimage","url":"https:\/\/jornalfatosenoticias.com.br\/wp-content\/uploads\/2022\/03\/Estudante-brasileira-cria-bioplastico-ecologico-feito-de-buriti-1.jpg","contentUrl":"https:\/\/jornalfatosenoticias.com.br\/wp-content\/uploads\/2022\/03\/Estudante-brasileira-cria-bioplastico-ecologico-feito-de-buriti-1.jpg","width":1000,"height":666},{"@type":"BreadcrumbList","@id":"https:\/\/jornalfatosenoticias.com.br\/index.php\/2022\/03\/24\/estudante-brasileira-cria-bioplastico-ecologico-feito-de-buriti\/#breadcrumb","itemListElement":[{"@type":"ListItem","position":1,"name":"In\u00edcio","item":"https:\/\/jornalfatosenoticias.com.br\/"},{"@type":"ListItem","position":2,"name":"Estudante brasileira cria biopl\u00e1stico ecol\u00f3gico feito de buriti"}]},{"@type":"WebSite","@id":"https:\/\/jornalfatosenoticias.com.br\/#website","url":"https:\/\/jornalfatosenoticias.com.br\/","name":"Jornal Fatos e Not\u00edcias","description":"Not\u00edcias em geral","publisher":{"@id":"https:\/\/jornalfatosenoticias.com.br\/#organization"},"potentialAction":[{"@type":"SearchAction","target":{"@type":"EntryPoint","urlTemplate":"https:\/\/jornalfatosenoticias.com.br\/?s={search_term_string}"},"query-input":{"@type":"PropertyValueSpecification","valueRequired":true,"valueName":"search_term_string"}}],"inLanguage":"pt-BR"},{"@type":"Organization","@id":"https:\/\/jornalfatosenoticias.com.br\/#organization","name":"Jornal Fatos e Not\u00edcias","url":"https:\/\/jornalfatosenoticias.com.br\/","logo":{"@type":"ImageObject","inLanguage":"pt-BR","@id":"https:\/\/jornalfatosenoticias.com.br\/#\/schema\/logo\/image\/","url":"https:\/\/jornalfatosenoticias.com.br\/wp-content\/uploads\/2020\/02\/logo120.png","contentUrl":"https:\/\/jornalfatosenoticias.com.br\/wp-content\/uploads\/2020\/02\/logo120.png","width":1227,"height":120,"caption":"Jornal Fatos e Not\u00edcias"},"image":{"@id":"https:\/\/jornalfatosenoticias.com.br\/#\/schema\/logo\/image\/"}},{"@type":"Person","@id":"https:\/\/jornalfatosenoticias.com.br\/#\/schema\/person\/d63837fa13ac8666eb9e74e0985d6f81","name":"Luzimara Fernandes","image":{"@type":"ImageObject","inLanguage":"pt-BR","@id":"https:\/\/jornalfatosenoticias.com.br\/#\/schema\/person\/image\/","url":"https:\/\/jornalfatosenoticias.com.br\/wp-content\/uploads\/2025\/05\/EU_portal.jpg","contentUrl":"https:\/\/jornalfatosenoticias.com.br\/wp-content\/uploads\/2025\/05\/EU_portal.jpg","caption":"Luzimara Fernandes"},"description":"Jornalista MTB 2358-ES","sameAs":["https:\/\/jornalfatosenoticias.com.br"],"url":"https:\/\/jornalfatosenoticias.com.br\/index.php\/author\/luzimara\/"}]}},"cc_featured_image_caption":{"caption_text":"(Foto: Reprodu\u00e7\u00e3o Biop\u00f3sito\/YouTube) ","source_text":"","source_url":""},"jetpack_featured_media_url":"https:\/\/jornalfatosenoticias.com.br\/wp-content\/uploads\/2022\/03\/Estudante-brasileira-cria-bioplastico-ecologico-feito-de-buriti-1.jpg","_links":{"self":[{"href":"https:\/\/jornalfatosenoticias.com.br\/index.php\/wp-json\/wp\/v2\/posts\/29056","targetHints":{"allow":["GET"]}}],"collection":[{"href":"https:\/\/jornalfatosenoticias.com.br\/index.php\/wp-json\/wp\/v2\/posts"}],"about":[{"href":"https:\/\/jornalfatosenoticias.com.br\/index.php\/wp-json\/wp\/v2\/types\/post"}],"author":[{"embeddable":true,"href":"https:\/\/jornalfatosenoticias.com.br\/index.php\/wp-json\/wp\/v2\/users\/2"}],"replies":[{"embeddable":true,"href":"https:\/\/jornalfatosenoticias.com.br\/index.php\/wp-json\/wp\/v2\/comments?post=29056"}],"version-history":[{"count":0,"href":"https:\/\/jornalfatosenoticias.com.br\/index.php\/wp-json\/wp\/v2\/posts\/29056\/revisions"}],"wp:featuredmedia":[{"embeddable":true,"href":"https:\/\/jornalfatosenoticias.com.br\/index.php\/wp-json\/wp\/v2\/media\/29060"}],"wp:attachment":[{"href":"https:\/\/jornalfatosenoticias.com.br\/index.php\/wp-json\/wp\/v2\/media?parent=29056"}],"wp:term":[{"taxonomy":"category","embeddable":true,"href":"https:\/\/jornalfatosenoticias.com.br\/index.php\/wp-json\/wp\/v2\/categories?post=29056"},{"taxonomy":"post_tag","embeddable":true,"href":"https:\/\/jornalfatosenoticias.com.br\/index.php\/wp-json\/wp\/v2\/tags?post=29056"}],"curies":[{"name":"wp","href":"https:\/\/api.w.org\/{rel}","templated":true}]}}