{"id":29139,"date":"2022-03-28T14:14:16","date_gmt":"2022-03-28T17:14:16","guid":{"rendered":"https:\/\/jornalfatosenoticias.com.br\/?p=29139"},"modified":"2022-03-28T14:14:20","modified_gmt":"2022-03-28T17:14:20","slug":"passaros-estao-botando-ovos-mais-cedo-por-causa-do-aquecimento-global","status":"publish","type":"post","link":"https:\/\/jornalfatosenoticias.com.br\/index.php\/2022\/03\/28\/passaros-estao-botando-ovos-mais-cedo-por-causa-do-aquecimento-global\/","title":{"rendered":"P\u00e1ssaros est\u00e3o botando ovos mais cedo por causa do aquecimento global"},"content":{"rendered":"\n<p><em><span class=\"has-inline-color has-black-color\">P\u00e1ssaros da regi\u00e3o de Chicago est\u00e3o botando ovos cada vez mais cedo em resposta \u00e0s mudan\u00e7as causadas pelo aquecimento global<\/span><\/em><\/p>\n\n\n\n<div class=\"wp-block-image\"><figure class=\"aligncenter size-large is-resized\"><img loading=\"lazy\" decoding=\"async\" src=\"https:\/\/jornalfatosenoticias.com.br\/wp-content\/uploads\/2022\/02\/Arte-Autoescola-Galatas_endereco_portal-1024x103.png\" alt=\"\" class=\"wp-image-27869\" width=\"378\" height=\"38\" srcset=\"https:\/\/jornalfatosenoticias.com.br\/wp-content\/uploads\/2022\/02\/Arte-Autoescola-Galatas_endereco_portal-1024x103.png 1024w, https:\/\/jornalfatosenoticias.com.br\/wp-content\/uploads\/2022\/02\/Arte-Autoescola-Galatas_endereco_portal-300x30.png 300w, https:\/\/jornalfatosenoticias.com.br\/wp-content\/uploads\/2022\/02\/Arte-Autoescola-Galatas_endereco_portal-768x77.png 768w, https:\/\/jornalfatosenoticias.com.br\/wp-content\/uploads\/2022\/02\/Arte-Autoescola-Galatas_endereco_portal.png 1223w\" sizes=\"auto, (max-width: 378px) 100vw, 378px\" \/><\/figure><\/div>\n\n\n\n<p>Em mais um efeito atrelado ao aquecimento global, pesquisadores descobriram que 72 esp\u00e9cies de p\u00e1ssaros est\u00e3o botando ovos um m\u00eas mais cedo do que h\u00e1 100 anos. O motivo para isso \u00e9 simples: os animais est\u00e3o adaptando seus per\u00edodos de reprodu\u00e7\u00e3o \u00e0 disponibilidade de larvas e outros alimentos \u2014 estes afetados pelas mudan\u00e7as clim\u00e1ticas.<br>Basicamente, os tr\u00eas especialistas coletaram dados de dois per\u00edodos distintos \u2014 1880 a 1920 e 1990 a 2015, contemplando quase um s\u00e9culo de tempo pesquisado. De acordo com Bates, esse vazio no meio dos dois per\u00edodos n\u00e3o foi intencional, mas foi a\u00ed que entrou a expertise de Fidino.<\/p>\n\n\n\n<div class=\"wp-block-image\"><figure class=\"aligncenter size-large is-resized\"><img loading=\"lazy\" decoding=\"async\" src=\"https:\/\/jornalfatosenoticias.com.br\/wp-content\/uploads\/2022\/02\/Serra-Pack-459.png\" alt=\"\" class=\"wp-image-27471\" width=\"360\" height=\"144\"\/><\/figure><\/div>\n\n\n\n<blockquote class=\"wp-block-quote is-layout-flow wp-block-quote-is-layout-flow\"><p><span class=\"has-inline-color has-luminous-vivid-orange-color\">\u201cPor causa dessa amostra desigual, tivemos que compartilhar um pouco de informa\u00e7\u00f5es das esp\u00e9cies dentro de nosso modelo estat\u00edstico, o que poderia nos ajudar a melhorar as estimativas para os p\u00e1ssaros mais raros\u201d, disse o especialista. \u201cPercebemos rapidamente que poderiam haver alguns pontos fora da curva nos dados que, se n\u00e3o fossem contabilizados, poderiam impactar amplamente nos resultados. Por isso, tivemos que construir um modelo que reduzisse a influ\u00eancia de qualquer esp\u00e9cie excludente, caso encontr\u00e1ssemos alguma\u201d.<\/span><\/p><\/blockquote>\n\n\n\n<div class=\"wp-block-image\"><figure class=\"alignright size-large is-resized\"><img loading=\"lazy\" decoding=\"async\" src=\"https:\/\/jornalfatosenoticias.com.br\/wp-content\/uploads\/2020\/02\/nova-logo-Marquetti.jpg\" alt=\"\" class=\"wp-image-22331\" width=\"319\" height=\"215\" srcset=\"https:\/\/jornalfatosenoticias.com.br\/wp-content\/uploads\/2020\/02\/nova-logo-Marquetti.jpg 643w, https:\/\/jornalfatosenoticias.com.br\/wp-content\/uploads\/2020\/02\/nova-logo-Marquetti-300x202.jpg 300w\" sizes=\"auto, (max-width: 319px) 100vw, 319px\" \/><\/figure><\/div>\n\n\n\n<p>A conclus\u00e3o do modelo estat\u00edstico surpreendeu os tr\u00eas: um ter\u00e7o das esp\u00e9cies pesquisadas estava come\u00e7ando a construir ninhos em m\u00e9dia 25 dias antes do esperado se comparados h\u00e1 100 anos. A partir da\u00ed, os pesquisadores come\u00e7aram a procurar os motivos para isso, efetivamente chegando nos insetos e larvas que servem de alimento aos animais voadores.<br>Isso porque as mudan\u00e7as clim\u00e1ticas ocorridas dentro do per\u00edodo analisado casam quase que perfeitamente com as altera\u00e7\u00f5es nas ocorr\u00eancias de reprodu\u00e7\u00e3o de insetos. E os insetos come\u00e7aram a aparecer antes em resposta a plantas de variados tipos \u2014 comida, para eles \u2014 come\u00e7arem a brotar tamb\u00e9m antes.<\/p>\n\n\n\n<figure class=\"wp-block-image size-large\"><img loading=\"lazy\" decoding=\"async\" width=\"1000\" height=\"669\" src=\"https:\/\/jornalfatosenoticias.com.br\/wp-content\/uploads\/2022\/03\/Passaros-estao-botando-ovos-mais-cedo-por-causa-do-aquecimento-global2.jpg\" alt=\"\" class=\"wp-image-29140\" srcset=\"https:\/\/jornalfatosenoticias.com.br\/wp-content\/uploads\/2022\/03\/Passaros-estao-botando-ovos-mais-cedo-por-causa-do-aquecimento-global2.jpg 1000w, https:\/\/jornalfatosenoticias.com.br\/wp-content\/uploads\/2022\/03\/Passaros-estao-botando-ovos-mais-cedo-por-causa-do-aquecimento-global2-300x201.jpg 300w, https:\/\/jornalfatosenoticias.com.br\/wp-content\/uploads\/2022\/03\/Passaros-estao-botando-ovos-mais-cedo-por-causa-do-aquecimento-global2-768x514.jpg 768w\" sizes=\"auto, (max-width: 1000px) 100vw, 1000px\" \/><figcaption><em><span class=\"has-inline-color has-black-color\">P\u00e1ssaros da regi\u00e3o de Chicago est\u00e3o botando ovos cada vez mais cedo em resposta \u00e0s mudan\u00e7as causadas pelo aquecimento global (Foto: Chicago Tribune\/Reprodu\u00e7\u00e3o)<\/span><\/em><\/figcaption><\/figure>\n\n\n\n<div class=\"wp-block-image\"><figure class=\"aligncenter size-large is-resized\"><img loading=\"lazy\" decoding=\"async\" src=\"https:\/\/jornalfatosenoticias.com.br\/wp-content\/uploads\/2020\/02\/Serra-Grande-1024x160.png\" alt=\"\" class=\"wp-image-7836\" width=\"373\" height=\"58\"\/><\/figure><\/div>\n\n\n\n<blockquote class=\"wp-block-quote is-layout-flow wp-block-quote-is-layout-flow\"><p><span class=\"has-inline-color has-luminous-vivid-orange-color\">\u201cNa regi\u00e3o que n\u00f3s estudamos h\u00e1 um volume de mais ou menos 150 esp\u00e9cies de p\u00e1ssaros, todos com hist\u00f3ricos evolucion\u00e1rios diferentes e biologias exclusivas, ent\u00e3o tudo se resume aos detalhes\u201d, disse Bates. \u201cEssas mudan\u00e7as nas datas dos ninhos podem resultar neles competindo por comida e recursos de uma forma que, antes, eles n\u00e3o faziam. Existe todo tipo de nuance que precisamos saber em termos de como os animais est\u00e3o respondendo \u00e0s mudan\u00e7as clim\u00e1ticas\u201d.<\/span><\/p><\/blockquote>\n\n\n\n<div class=\"wp-block-image\"><figure class=\"aligncenter size-large is-resized\"><img loading=\"lazy\" decoding=\"async\" src=\"https:\/\/jornalfatosenoticias.com.br\/wp-content\/uploads\/2020\/02\/banner_ferramentas-1024x100.jpg\" alt=\"\" class=\"wp-image-1258\" width=\"357\" height=\"34\" srcset=\"https:\/\/jornalfatosenoticias.com.br\/wp-content\/uploads\/2020\/02\/banner_ferramentas-1024x100.jpg 1024w, https:\/\/jornalfatosenoticias.com.br\/wp-content\/uploads\/2020\/02\/banner_ferramentas-300x29.jpg 300w, https:\/\/jornalfatosenoticias.com.br\/wp-content\/uploads\/2020\/02\/banner_ferramentas-768x75.jpg 768w, https:\/\/jornalfatosenoticias.com.br\/wp-content\/uploads\/2020\/02\/banner_ferramentas.jpg 1227w\" sizes=\"auto, (max-width: 357px) 100vw, 357px\" \/><\/figure><\/div>\n\n\n\n<p><strong><em>Fonte: <a href=\"https:\/\/olhardigital.com.br\/2022\/03\/25\/ciencia-e-espaco\/passaros-estao-botando-ovos-mais-cedo-por-causa-do-aquecimento-global\/amp\/\">Olhar Digital<\/a><\/em><\/strong><\/p>\n","protected":false},"excerpt":{"rendered":"<p>P\u00e1ssaros da regi\u00e3o de Chicago est\u00e3o botando ovos cada vez mais cedo em resposta \u00e0s mudan\u00e7as causadas pelo aquecimento global Em mais um efeito atrelado ao aquecimento global, pesquisadores descobriram que 72 esp\u00e9cies de p\u00e1ssaros est\u00e3o botando ovos um m\u00eas mais cedo do que h\u00e1 100 anos. O motivo para isso \u00e9 simples: os animais [&hellip;]<\/p>\n","protected":false},"author":2,"featured_media":29141,"comment_status":"open","ping_status":"open","sticky":false,"template":"","format":"standard","meta":{"footnotes":""},"categories":[2,8],"tags":[1264,362,72,360,180],"class_list":["post-29139","post","type-post","status-publish","format-standard","has-post-thumbnail","hentry","category-ciencia","category-meio-ambiente","tag-animais","tag-aquecimento-global","tag-clima","tag-mudancas-climaticas","tag-passaros"],"yoast_head":"<!-- This site is optimized with the Yoast SEO plugin v26.5 - https:\/\/yoast.com\/wordpress\/plugins\/seo\/ -->\n<title>P\u00e1ssaros est\u00e3o botando ovos mais cedo por causa do aquecimento global - Jornal Fatos e Not\u00edcias<\/title>\n<meta name=\"robots\" content=\"index, follow, max-snippet:-1, max-image-preview:large, max-video-preview:-1\" \/>\n<link rel=\"canonical\" href=\"https:\/\/jornalfatosenoticias.com.br\/index.php\/2022\/03\/28\/passaros-estao-botando-ovos-mais-cedo-por-causa-do-aquecimento-global\/\" \/>\n<meta property=\"og:locale\" content=\"pt_BR\" \/>\n<meta property=\"og:type\" content=\"article\" \/>\n<meta property=\"og:title\" content=\"P\u00e1ssaros est\u00e3o botando ovos mais cedo por causa do aquecimento global - Jornal Fatos e Not\u00edcias\" \/>\n<meta property=\"og:description\" content=\"P\u00e1ssaros da regi\u00e3o de Chicago est\u00e3o botando ovos cada vez mais cedo em resposta \u00e0s mudan\u00e7as causadas pelo aquecimento global Em mais um efeito atrelado ao aquecimento global, pesquisadores descobriram que 72 esp\u00e9cies de p\u00e1ssaros est\u00e3o botando ovos um m\u00eas mais cedo do que h\u00e1 100 anos. O motivo para isso \u00e9 simples: os animais [&hellip;]\" \/>\n<meta property=\"og:url\" content=\"https:\/\/jornalfatosenoticias.com.br\/index.php\/2022\/03\/28\/passaros-estao-botando-ovos-mais-cedo-por-causa-do-aquecimento-global\/\" \/>\n<meta property=\"og:site_name\" content=\"Jornal Fatos e Not\u00edcias\" \/>\n<meta property=\"article:published_time\" content=\"2022-03-28T17:14:16+00:00\" \/>\n<meta property=\"article:modified_time\" content=\"2022-03-28T17:14:20+00:00\" \/>\n<meta property=\"og:image\" content=\"https:\/\/jornalfatosenoticias.com.br\/wp-content\/uploads\/2022\/03\/Passaros-estao-botando-ovos-mais-cedo-por-causa-do-aquecimento-global.jpg\" \/>\n\t<meta property=\"og:image:width\" content=\"1000\" \/>\n\t<meta property=\"og:image:height\" content=\"625\" \/>\n\t<meta property=\"og:image:type\" content=\"image\/jpeg\" \/>\n<meta name=\"author\" content=\"Luzimara Fernandes\" \/>\n<meta name=\"twitter:card\" content=\"summary_large_image\" \/>\n<meta name=\"twitter:label1\" content=\"Escrito por\" \/>\n\t<meta name=\"twitter:data1\" content=\"Luzimara Fernandes\" \/>\n\t<meta name=\"twitter:label2\" content=\"Est. tempo de leitura\" \/>\n\t<meta name=\"twitter:data2\" content=\"2 minutos\" \/>\n<script type=\"application\/ld+json\" class=\"yoast-schema-graph\">{\"@context\":\"https:\/\/schema.org\",\"@graph\":[{\"@type\":\"Article\",\"@id\":\"https:\/\/jornalfatosenoticias.com.br\/index.php\/2022\/03\/28\/passaros-estao-botando-ovos-mais-cedo-por-causa-do-aquecimento-global\/#article\",\"isPartOf\":{\"@id\":\"https:\/\/jornalfatosenoticias.com.br\/index.php\/2022\/03\/28\/passaros-estao-botando-ovos-mais-cedo-por-causa-do-aquecimento-global\/\"},\"author\":{\"name\":\"Luzimara Fernandes\",\"@id\":\"https:\/\/jornalfatosenoticias.com.br\/#\/schema\/person\/d63837fa13ac8666eb9e74e0985d6f81\"},\"headline\":\"P\u00e1ssaros est\u00e3o botando ovos mais cedo por causa do aquecimento global\",\"datePublished\":\"2022-03-28T17:14:16+00:00\",\"dateModified\":\"2022-03-28T17:14:20+00:00\",\"mainEntityOfPage\":{\"@id\":\"https:\/\/jornalfatosenoticias.com.br\/index.php\/2022\/03\/28\/passaros-estao-botando-ovos-mais-cedo-por-causa-do-aquecimento-global\/\"},\"wordCount\":458,\"commentCount\":0,\"publisher\":{\"@id\":\"https:\/\/jornalfatosenoticias.com.br\/#organization\"},\"image\":{\"@id\":\"https:\/\/jornalfatosenoticias.com.br\/index.php\/2022\/03\/28\/passaros-estao-botando-ovos-mais-cedo-por-causa-do-aquecimento-global\/#primaryimage\"},\"thumbnailUrl\":\"https:\/\/jornalfatosenoticias.com.br\/wp-content\/uploads\/2022\/03\/Passaros-estao-botando-ovos-mais-cedo-por-causa-do-aquecimento-global.jpg\",\"keywords\":[\"animais\",\"aquecimento global\",\"clima\",\"mudan\u00e7as clim\u00e1ticas\",\"p\u00e1ssaros\"],\"articleSection\":[\"Ci\u00eancia\",\"Meio ambiente\"],\"inLanguage\":\"pt-BR\",\"potentialAction\":[{\"@type\":\"CommentAction\",\"name\":\"Comment\",\"target\":[\"https:\/\/jornalfatosenoticias.com.br\/index.php\/2022\/03\/28\/passaros-estao-botando-ovos-mais-cedo-por-causa-do-aquecimento-global\/#respond\"]}]},{\"@type\":\"WebPage\",\"@id\":\"https:\/\/jornalfatosenoticias.com.br\/index.php\/2022\/03\/28\/passaros-estao-botando-ovos-mais-cedo-por-causa-do-aquecimento-global\/\",\"url\":\"https:\/\/jornalfatosenoticias.com.br\/index.php\/2022\/03\/28\/passaros-estao-botando-ovos-mais-cedo-por-causa-do-aquecimento-global\/\",\"name\":\"P\u00e1ssaros est\u00e3o botando ovos mais cedo por causa do aquecimento global - Jornal Fatos e Not\u00edcias\",\"isPartOf\":{\"@id\":\"https:\/\/jornalfatosenoticias.com.br\/#website\"},\"primaryImageOfPage\":{\"@id\":\"https:\/\/jornalfatosenoticias.com.br\/index.php\/2022\/03\/28\/passaros-estao-botando-ovos-mais-cedo-por-causa-do-aquecimento-global\/#primaryimage\"},\"image\":{\"@id\":\"https:\/\/jornalfatosenoticias.com.br\/index.php\/2022\/03\/28\/passaros-estao-botando-ovos-mais-cedo-por-causa-do-aquecimento-global\/#primaryimage\"},\"thumbnailUrl\":\"https:\/\/jornalfatosenoticias.com.br\/wp-content\/uploads\/2022\/03\/Passaros-estao-botando-ovos-mais-cedo-por-causa-do-aquecimento-global.jpg\",\"datePublished\":\"2022-03-28T17:14:16+00:00\",\"dateModified\":\"2022-03-28T17:14:20+00:00\",\"breadcrumb\":{\"@id\":\"https:\/\/jornalfatosenoticias.com.br\/index.php\/2022\/03\/28\/passaros-estao-botando-ovos-mais-cedo-por-causa-do-aquecimento-global\/#breadcrumb\"},\"inLanguage\":\"pt-BR\",\"potentialAction\":[{\"@type\":\"ReadAction\",\"target\":[\"https:\/\/jornalfatosenoticias.com.br\/index.php\/2022\/03\/28\/passaros-estao-botando-ovos-mais-cedo-por-causa-do-aquecimento-global\/\"]}]},{\"@type\":\"ImageObject\",\"inLanguage\":\"pt-BR\",\"@id\":\"https:\/\/jornalfatosenoticias.com.br\/index.php\/2022\/03\/28\/passaros-estao-botando-ovos-mais-cedo-por-causa-do-aquecimento-global\/#primaryimage\",\"url\":\"https:\/\/jornalfatosenoticias.com.br\/wp-content\/uploads\/2022\/03\/Passaros-estao-botando-ovos-mais-cedo-por-causa-do-aquecimento-global.jpg\",\"contentUrl\":\"https:\/\/jornalfatosenoticias.com.br\/wp-content\/uploads\/2022\/03\/Passaros-estao-botando-ovos-mais-cedo-por-causa-do-aquecimento-global.jpg\",\"width\":1000,\"height\":625},{\"@type\":\"BreadcrumbList\",\"@id\":\"https:\/\/jornalfatosenoticias.com.br\/index.php\/2022\/03\/28\/passaros-estao-botando-ovos-mais-cedo-por-causa-do-aquecimento-global\/#breadcrumb\",\"itemListElement\":[{\"@type\":\"ListItem\",\"position\":1,\"name\":\"In\u00edcio\",\"item\":\"https:\/\/jornalfatosenoticias.com.br\/\"},{\"@type\":\"ListItem\",\"position\":2,\"name\":\"P\u00e1ssaros est\u00e3o botando ovos mais cedo por causa do aquecimento global\"}]},{\"@type\":\"WebSite\",\"@id\":\"https:\/\/jornalfatosenoticias.com.br\/#website\",\"url\":\"https:\/\/jornalfatosenoticias.com.br\/\",\"name\":\"Jornal Fatos e Not\u00edcias\",\"description\":\"Not\u00edcias em geral\",\"publisher\":{\"@id\":\"https:\/\/jornalfatosenoticias.com.br\/#organization\"},\"potentialAction\":[{\"@type\":\"SearchAction\",\"target\":{\"@type\":\"EntryPoint\",\"urlTemplate\":\"https:\/\/jornalfatosenoticias.com.br\/?s={search_term_string}\"},\"query-input\":{\"@type\":\"PropertyValueSpecification\",\"valueRequired\":true,\"valueName\":\"search_term_string\"}}],\"inLanguage\":\"pt-BR\"},{\"@type\":\"Organization\",\"@id\":\"https:\/\/jornalfatosenoticias.com.br\/#organization\",\"name\":\"Jornal Fatos e Not\u00edcias\",\"url\":\"https:\/\/jornalfatosenoticias.com.br\/\",\"logo\":{\"@type\":\"ImageObject\",\"inLanguage\":\"pt-BR\",\"@id\":\"https:\/\/jornalfatosenoticias.com.br\/#\/schema\/logo\/image\/\",\"url\":\"https:\/\/jornalfatosenoticias.com.br\/wp-content\/uploads\/2020\/02\/logo120.png\",\"contentUrl\":\"https:\/\/jornalfatosenoticias.com.br\/wp-content\/uploads\/2020\/02\/logo120.png\",\"width\":1227,\"height\":120,\"caption\":\"Jornal Fatos e Not\u00edcias\"},\"image\":{\"@id\":\"https:\/\/jornalfatosenoticias.com.br\/#\/schema\/logo\/image\/\"}},{\"@type\":\"Person\",\"@id\":\"https:\/\/jornalfatosenoticias.com.br\/#\/schema\/person\/d63837fa13ac8666eb9e74e0985d6f81\",\"name\":\"Luzimara Fernandes\",\"image\":{\"@type\":\"ImageObject\",\"inLanguage\":\"pt-BR\",\"@id\":\"https:\/\/jornalfatosenoticias.com.br\/#\/schema\/person\/image\/\",\"url\":\"https:\/\/jornalfatosenoticias.com.br\/wp-content\/uploads\/2025\/05\/EU_portal.jpg\",\"contentUrl\":\"https:\/\/jornalfatosenoticias.com.br\/wp-content\/uploads\/2025\/05\/EU_portal.jpg\",\"caption\":\"Luzimara Fernandes\"},\"description\":\"Jornalista MTB 2358-ES\",\"sameAs\":[\"https:\/\/jornalfatosenoticias.com.br\"],\"url\":\"https:\/\/jornalfatosenoticias.com.br\/index.php\/author\/luzimara\/\"}]}<\/script>\n<!-- \/ Yoast SEO plugin. -->","yoast_head_json":{"title":"P\u00e1ssaros est\u00e3o botando ovos mais cedo por causa do aquecimento global - Jornal Fatos e Not\u00edcias","robots":{"index":"index","follow":"follow","max-snippet":"max-snippet:-1","max-image-preview":"max-image-preview:large","max-video-preview":"max-video-preview:-1"},"canonical":"https:\/\/jornalfatosenoticias.com.br\/index.php\/2022\/03\/28\/passaros-estao-botando-ovos-mais-cedo-por-causa-do-aquecimento-global\/","og_locale":"pt_BR","og_type":"article","og_title":"P\u00e1ssaros est\u00e3o botando ovos mais cedo por causa do aquecimento global - Jornal Fatos e Not\u00edcias","og_description":"P\u00e1ssaros da regi\u00e3o de Chicago est\u00e3o botando ovos cada vez mais cedo em resposta \u00e0s mudan\u00e7as causadas pelo aquecimento global Em mais um efeito atrelado ao aquecimento global, pesquisadores descobriram que 72 esp\u00e9cies de p\u00e1ssaros est\u00e3o botando ovos um m\u00eas mais cedo do que h\u00e1 100 anos. O motivo para isso \u00e9 simples: os animais [&hellip;]","og_url":"https:\/\/jornalfatosenoticias.com.br\/index.php\/2022\/03\/28\/passaros-estao-botando-ovos-mais-cedo-por-causa-do-aquecimento-global\/","og_site_name":"Jornal Fatos e Not\u00edcias","article_published_time":"2022-03-28T17:14:16+00:00","article_modified_time":"2022-03-28T17:14:20+00:00","og_image":[{"width":1000,"height":625,"url":"https:\/\/jornalfatosenoticias.com.br\/wp-content\/uploads\/2022\/03\/Passaros-estao-botando-ovos-mais-cedo-por-causa-do-aquecimento-global.jpg","type":"image\/jpeg"}],"author":"Luzimara Fernandes","twitter_card":"summary_large_image","twitter_misc":{"Escrito por":"Luzimara Fernandes","Est. tempo de leitura":"2 minutos"},"schema":{"@context":"https:\/\/schema.org","@graph":[{"@type":"Article","@id":"https:\/\/jornalfatosenoticias.com.br\/index.php\/2022\/03\/28\/passaros-estao-botando-ovos-mais-cedo-por-causa-do-aquecimento-global\/#article","isPartOf":{"@id":"https:\/\/jornalfatosenoticias.com.br\/index.php\/2022\/03\/28\/passaros-estao-botando-ovos-mais-cedo-por-causa-do-aquecimento-global\/"},"author":{"name":"Luzimara Fernandes","@id":"https:\/\/jornalfatosenoticias.com.br\/#\/schema\/person\/d63837fa13ac8666eb9e74e0985d6f81"},"headline":"P\u00e1ssaros est\u00e3o botando ovos mais cedo por causa do aquecimento global","datePublished":"2022-03-28T17:14:16+00:00","dateModified":"2022-03-28T17:14:20+00:00","mainEntityOfPage":{"@id":"https:\/\/jornalfatosenoticias.com.br\/index.php\/2022\/03\/28\/passaros-estao-botando-ovos-mais-cedo-por-causa-do-aquecimento-global\/"},"wordCount":458,"commentCount":0,"publisher":{"@id":"https:\/\/jornalfatosenoticias.com.br\/#organization"},"image":{"@id":"https:\/\/jornalfatosenoticias.com.br\/index.php\/2022\/03\/28\/passaros-estao-botando-ovos-mais-cedo-por-causa-do-aquecimento-global\/#primaryimage"},"thumbnailUrl":"https:\/\/jornalfatosenoticias.com.br\/wp-content\/uploads\/2022\/03\/Passaros-estao-botando-ovos-mais-cedo-por-causa-do-aquecimento-global.jpg","keywords":["animais","aquecimento global","clima","mudan\u00e7as clim\u00e1ticas","p\u00e1ssaros"],"articleSection":["Ci\u00eancia","Meio ambiente"],"inLanguage":"pt-BR","potentialAction":[{"@type":"CommentAction","name":"Comment","target":["https:\/\/jornalfatosenoticias.com.br\/index.php\/2022\/03\/28\/passaros-estao-botando-ovos-mais-cedo-por-causa-do-aquecimento-global\/#respond"]}]},{"@type":"WebPage","@id":"https:\/\/jornalfatosenoticias.com.br\/index.php\/2022\/03\/28\/passaros-estao-botando-ovos-mais-cedo-por-causa-do-aquecimento-global\/","url":"https:\/\/jornalfatosenoticias.com.br\/index.php\/2022\/03\/28\/passaros-estao-botando-ovos-mais-cedo-por-causa-do-aquecimento-global\/","name":"P\u00e1ssaros est\u00e3o botando ovos mais cedo por causa do aquecimento global - Jornal Fatos e Not\u00edcias","isPartOf":{"@id":"https:\/\/jornalfatosenoticias.com.br\/#website"},"primaryImageOfPage":{"@id":"https:\/\/jornalfatosenoticias.com.br\/index.php\/2022\/03\/28\/passaros-estao-botando-ovos-mais-cedo-por-causa-do-aquecimento-global\/#primaryimage"},"image":{"@id":"https:\/\/jornalfatosenoticias.com.br\/index.php\/2022\/03\/28\/passaros-estao-botando-ovos-mais-cedo-por-causa-do-aquecimento-global\/#primaryimage"},"thumbnailUrl":"https:\/\/jornalfatosenoticias.com.br\/wp-content\/uploads\/2022\/03\/Passaros-estao-botando-ovos-mais-cedo-por-causa-do-aquecimento-global.jpg","datePublished":"2022-03-28T17:14:16+00:00","dateModified":"2022-03-28T17:14:20+00:00","breadcrumb":{"@id":"https:\/\/jornalfatosenoticias.com.br\/index.php\/2022\/03\/28\/passaros-estao-botando-ovos-mais-cedo-por-causa-do-aquecimento-global\/#breadcrumb"},"inLanguage":"pt-BR","potentialAction":[{"@type":"ReadAction","target":["https:\/\/jornalfatosenoticias.com.br\/index.php\/2022\/03\/28\/passaros-estao-botando-ovos-mais-cedo-por-causa-do-aquecimento-global\/"]}]},{"@type":"ImageObject","inLanguage":"pt-BR","@id":"https:\/\/jornalfatosenoticias.com.br\/index.php\/2022\/03\/28\/passaros-estao-botando-ovos-mais-cedo-por-causa-do-aquecimento-global\/#primaryimage","url":"https:\/\/jornalfatosenoticias.com.br\/wp-content\/uploads\/2022\/03\/Passaros-estao-botando-ovos-mais-cedo-por-causa-do-aquecimento-global.jpg","contentUrl":"https:\/\/jornalfatosenoticias.com.br\/wp-content\/uploads\/2022\/03\/Passaros-estao-botando-ovos-mais-cedo-por-causa-do-aquecimento-global.jpg","width":1000,"height":625},{"@type":"BreadcrumbList","@id":"https:\/\/jornalfatosenoticias.com.br\/index.php\/2022\/03\/28\/passaros-estao-botando-ovos-mais-cedo-por-causa-do-aquecimento-global\/#breadcrumb","itemListElement":[{"@type":"ListItem","position":1,"name":"In\u00edcio","item":"https:\/\/jornalfatosenoticias.com.br\/"},{"@type":"ListItem","position":2,"name":"P\u00e1ssaros est\u00e3o botando ovos mais cedo por causa do aquecimento global"}]},{"@type":"WebSite","@id":"https:\/\/jornalfatosenoticias.com.br\/#website","url":"https:\/\/jornalfatosenoticias.com.br\/","name":"Jornal Fatos e Not\u00edcias","description":"Not\u00edcias em geral","publisher":{"@id":"https:\/\/jornalfatosenoticias.com.br\/#organization"},"potentialAction":[{"@type":"SearchAction","target":{"@type":"EntryPoint","urlTemplate":"https:\/\/jornalfatosenoticias.com.br\/?s={search_term_string}"},"query-input":{"@type":"PropertyValueSpecification","valueRequired":true,"valueName":"search_term_string"}}],"inLanguage":"pt-BR"},{"@type":"Organization","@id":"https:\/\/jornalfatosenoticias.com.br\/#organization","name":"Jornal Fatos e Not\u00edcias","url":"https:\/\/jornalfatosenoticias.com.br\/","logo":{"@type":"ImageObject","inLanguage":"pt-BR","@id":"https:\/\/jornalfatosenoticias.com.br\/#\/schema\/logo\/image\/","url":"https:\/\/jornalfatosenoticias.com.br\/wp-content\/uploads\/2020\/02\/logo120.png","contentUrl":"https:\/\/jornalfatosenoticias.com.br\/wp-content\/uploads\/2020\/02\/logo120.png","width":1227,"height":120,"caption":"Jornal Fatos e Not\u00edcias"},"image":{"@id":"https:\/\/jornalfatosenoticias.com.br\/#\/schema\/logo\/image\/"}},{"@type":"Person","@id":"https:\/\/jornalfatosenoticias.com.br\/#\/schema\/person\/d63837fa13ac8666eb9e74e0985d6f81","name":"Luzimara Fernandes","image":{"@type":"ImageObject","inLanguage":"pt-BR","@id":"https:\/\/jornalfatosenoticias.com.br\/#\/schema\/person\/image\/","url":"https:\/\/jornalfatosenoticias.com.br\/wp-content\/uploads\/2025\/05\/EU_portal.jpg","contentUrl":"https:\/\/jornalfatosenoticias.com.br\/wp-content\/uploads\/2025\/05\/EU_portal.jpg","caption":"Luzimara Fernandes"},"description":"Jornalista MTB 2358-ES","sameAs":["https:\/\/jornalfatosenoticias.com.br"],"url":"https:\/\/jornalfatosenoticias.com.br\/index.php\/author\/luzimara\/"}]}},"cc_featured_image_caption":{"caption_text":"(Foto: Wikimedia Commons\/Reprodu\u00e7\u00e3o)","source_text":"","source_url":""},"jetpack_featured_media_url":"https:\/\/jornalfatosenoticias.com.br\/wp-content\/uploads\/2022\/03\/Passaros-estao-botando-ovos-mais-cedo-por-causa-do-aquecimento-global.jpg","_links":{"self":[{"href":"https:\/\/jornalfatosenoticias.com.br\/index.php\/wp-json\/wp\/v2\/posts\/29139","targetHints":{"allow":["GET"]}}],"collection":[{"href":"https:\/\/jornalfatosenoticias.com.br\/index.php\/wp-json\/wp\/v2\/posts"}],"about":[{"href":"https:\/\/jornalfatosenoticias.com.br\/index.php\/wp-json\/wp\/v2\/types\/post"}],"author":[{"embeddable":true,"href":"https:\/\/jornalfatosenoticias.com.br\/index.php\/wp-json\/wp\/v2\/users\/2"}],"replies":[{"embeddable":true,"href":"https:\/\/jornalfatosenoticias.com.br\/index.php\/wp-json\/wp\/v2\/comments?post=29139"}],"version-history":[{"count":0,"href":"https:\/\/jornalfatosenoticias.com.br\/index.php\/wp-json\/wp\/v2\/posts\/29139\/revisions"}],"wp:featuredmedia":[{"embeddable":true,"href":"https:\/\/jornalfatosenoticias.com.br\/index.php\/wp-json\/wp\/v2\/media\/29141"}],"wp:attachment":[{"href":"https:\/\/jornalfatosenoticias.com.br\/index.php\/wp-json\/wp\/v2\/media?parent=29139"}],"wp:term":[{"taxonomy":"category","embeddable":true,"href":"https:\/\/jornalfatosenoticias.com.br\/index.php\/wp-json\/wp\/v2\/categories?post=29139"},{"taxonomy":"post_tag","embeddable":true,"href":"https:\/\/jornalfatosenoticias.com.br\/index.php\/wp-json\/wp\/v2\/tags?post=29139"}],"curies":[{"name":"wp","href":"https:\/\/api.w.org\/{rel}","templated":true}]}}