{"id":29168,"date":"2022-03-28T16:18:48","date_gmt":"2022-03-28T19:18:48","guid":{"rendered":"https:\/\/jornalfatosenoticias.com.br\/?p=29168"},"modified":"2022-03-28T16:18:49","modified_gmt":"2022-03-28T19:18:49","slug":"solar-orbiter-registra-imagem-do-sol-de-maior-resolucao-da-historia","status":"publish","type":"post","link":"https:\/\/jornalfatosenoticias.com.br\/index.php\/2022\/03\/28\/solar-orbiter-registra-imagem-do-sol-de-maior-resolucao-da-historia\/","title":{"rendered":"Solar Orbiter registra imagem do Sol de maior resolu\u00e7\u00e3o da hist\u00f3ria"},"content":{"rendered":"\n<p><em><span class=\"has-inline-color has-black-color\">A miss\u00e3o Solar Orbiter da ESA enfrentar\u00e1 o Sol a partir da \u00f3rbita de Merc\u00fario na sua maior aproxima\u00e7\u00e3o<\/span><\/em><\/p>\n\n\n\n<div class=\"wp-block-image\"><figure class=\"aligncenter size-large is-resized\"><img loading=\"lazy\" decoding=\"async\" src=\"https:\/\/jornalfatosenoticias.com.br\/wp-content\/uploads\/2020\/02\/Logo-Mizu-segunda-2-1024x99.png\" alt=\"\" class=\"wp-image-2353\" width=\"405\" height=\"39\" srcset=\"https:\/\/jornalfatosenoticias.com.br\/wp-content\/uploads\/2020\/02\/Logo-Mizu-segunda-2-1024x99.png 1024w, https:\/\/jornalfatosenoticias.com.br\/wp-content\/uploads\/2020\/02\/Logo-Mizu-segunda-2-300x29.png 300w, https:\/\/jornalfatosenoticias.com.br\/wp-content\/uploads\/2020\/02\/Logo-Mizu-segunda-2-768x74.png 768w, https:\/\/jornalfatosenoticias.com.br\/wp-content\/uploads\/2020\/02\/Logo-Mizu-segunda-2.png 1240w\" sizes=\"auto, (max-width: 405px) 100vw, 405px\" \/><\/figure><\/div>\n\n\n\n<p>No in\u00edcio deste m\u00eas, a sonda Solar Orbiter, da Ag\u00eancia Espacial Europeia (ESA) em parceria com a <a href=\"https:\/\/olhardigital.com.br\/2022\/03\/21\/ciencia-e-espaco\/marco-historico-cosmico-nasa-confirma-5-mil-exoplanetas\/amp\/\" target=\"_blank\" rel=\"noreferrer noopener\">Nasa<\/a>, capturou o Sol em detalhes sem precedentes, enquanto cruzava a \u201c<a href=\"https:\/\/olhardigital.com.br\/2022\/03\/08\/ciencia-e-espaco\/solar-orbiter-acaba-de-cruzar-a-fronteira-entre-a-terra-e-o-sol\/amp\/\" target=\"_blank\" rel=\"noreferrer noopener\">fronteira<\/a>\u201d entre o astro-rei e a Terra.<br>Uma das fotos, feita pelo instrumento Extreme Ultraviolet Imager (EUI), \u00e9 a imagem de maior resolu\u00e7\u00e3o j\u00e1 obtida do disco completo do Sol, contando com a coroa, sua atmosfera externa.<br>Outra imagem, tirada pelo instrumento Spectral Imaging of the Coronal Environment (SPICE), tirada no comprimento de onda Lyman-beta da luz ultravioleta que \u00e9 emitida por g\u00e1s hidrog\u00eanio, representa o primeiro registro do Sol desse tipo em 50 anos.<\/p>\n\n\n\n<h4 class=\"wp-block-heading\"><span class=\"has-inline-color has-black-color\">Imagem do Sol \u00e9 formada por mosaico contendo 25 fotos feitas pelo Solar Orbiter<\/span><\/h4>\n\n\n\n<figure class=\"wp-block-image size-large is-resized\"><img loading=\"lazy\" decoding=\"async\" src=\"https:\/\/jornalfatosenoticias.com.br\/wp-content\/uploads\/2022\/03\/solar-orbiter-spice3.gif\" alt=\"\" class=\"wp-image-29169\" width=\"680\" height=\"680\"\/><figcaption><em><span class=\"has-inline-color has-black-color\">Solar Orbiter usa o instrumento Spectral Imaging of the Coronal Environment (SPICE) para registrar imagens in\u00e9ditas do Sol (Foto: ESA &amp; Nasa\/Solar Orbiter\/equipe SPICE; Processamento de dados: G.)<\/span><\/em><\/figcaption><\/figure>\n\n\n\n<div class=\"wp-block-image\"><figure class=\"alignleft size-large is-resized\"><img loading=\"lazy\" decoding=\"async\" src=\"https:\/\/jornalfatosenoticias.com.br\/wp-content\/uploads\/2020\/02\/nova-logo-Marquetti.jpg\" alt=\"\" class=\"wp-image-22331\" width=\"330\" height=\"222\" srcset=\"https:\/\/jornalfatosenoticias.com.br\/wp-content\/uploads\/2020\/02\/nova-logo-Marquetti.jpg 643w, https:\/\/jornalfatosenoticias.com.br\/wp-content\/uploads\/2020\/02\/nova-logo-Marquetti-300x202.jpg 300w\" sizes=\"auto, (max-width: 330px) 100vw, 330px\" \/><\/figure><\/div>\n\n\n\n<p>As imagens foram obtidas quando o Solar Orbiter estava a uma dist\u00e2ncia de aproximadamente 75 milh\u00f5es de quil\u00f4metros, no meio caminho entre o nosso mundo e sua estrela-m\u00e3e. A c\u00e2mera do EUI faz fotos de uma resolu\u00e7\u00e3o espacial t\u00e3o alta que, a essa dist\u00e2ncia, \u00e9 necess\u00e1rio um mosaico de 25 imagens individuais para cobrir todo o Sol.<br>Tiradas uma ap\u00f3s a outra, as fotos que formam a imagem completa foram capturadas em um per\u00edodo de mais de quatro horas, porque cada ladrilho leva cerca de 10 minutos, incluindo o tempo para a espa\u00e7onave apontar de um segmento para o outro.<br>No total, a imagem final cont\u00e9m mais de 83 milh\u00f5es de pixels em uma grade de 9148 x 9112 pixels. Para efeito de compara\u00e7\u00e3o, essa imagem tem uma resolu\u00e7\u00e3o dez vezes melhor do que uma tela de TV 4K pode exibir.<br>EUI capta imagens do Sol em um comprimento de onda de 17 nan\u00f4metros, na regi\u00e3o ultravioleta extrema do espectro eletromagn\u00e9tico. Isso revela a atmosfera superior da nossa estrela, a coroa, que tem uma temperatura de cerca de um milh\u00e3o de graus Celsius.<br>Nas posi\u00e7\u00f5es de duas horas (perto da imagem da Terra para escala) e oito horas nas bordas do Sol, filamentos escuros podem ser vistos projetando-se para longe da superf\u00edcie. Essas \u201cproemin\u00eancias\u201d s\u00e3o propensas a entrar em erup\u00e7\u00e3o, lan\u00e7ando enormes quantidades de g\u00e1s coronal no espa\u00e7o e criando <a href=\"https:\/\/olhardigital.com.br\/2020\/01\/17\/ciencia-e-espaco\/tempestades-solares-ameacam-telecomunicacoes-na-terra\/amp\/\" target=\"_blank\" rel=\"noreferrer noopener\">tempestades solares<\/a>.<\/p>\n\n\n\n<div class=\"wp-block-image\"><figure class=\"aligncenter size-large is-resized\"><img loading=\"lazy\" decoding=\"async\" src=\"https:\/\/jornalfatosenoticias.com.br\/wp-content\/uploads\/2020\/02\/Serra-Grande-1024x160.png\" alt=\"\" class=\"wp-image-7836\" width=\"468\" height=\"73\"\/><\/figure><\/div>\n\n\n\n<figure class=\"wp-block-image size-large\"><img loading=\"lazy\" decoding=\"async\" width=\"1000\" height=\"996\" src=\"https:\/\/jornalfatosenoticias.com.br\/wp-content\/uploads\/2022\/03\/foto-sol-solar-orbiter2.jpg\" alt=\"\" class=\"wp-image-29170\" srcset=\"https:\/\/jornalfatosenoticias.com.br\/wp-content\/uploads\/2022\/03\/foto-sol-solar-orbiter2.jpg 1000w, https:\/\/jornalfatosenoticias.com.br\/wp-content\/uploads\/2022\/03\/foto-sol-solar-orbiter2-300x300.jpg 300w, https:\/\/jornalfatosenoticias.com.br\/wp-content\/uploads\/2022\/03\/foto-sol-solar-orbiter2-150x150.jpg 150w, https:\/\/jornalfatosenoticias.com.br\/wp-content\/uploads\/2022\/03\/foto-sol-solar-orbiter2-768x765.jpg 768w\" sizes=\"auto, (max-width: 1000px) 100vw, 1000px\" \/><figcaption><em><span class=\"has-inline-color has-black-color\">Foto de maior resolu\u00e7\u00e3o da hist\u00f3ria contemplando o Sol por completo (Foto: Equipe da ESA &amp; Nasa\/Solar Orbiter\/EUI; Processamento de dados: E. Kraaikamp (ROB))<\/span><\/em><\/figcaption><\/figure>\n\n\n\n<div class=\"wp-block-image\"><figure class=\"alignright size-large\"><img decoding=\"async\" src=\"https:\/\/jornalfatosenoticias.com.br\/wp-content\/uploads\/2020\/02\/logo_esteio.jpg\" alt=\"\" class=\"wp-image-1214\"\/><\/figure><\/div>\n\n\n\n<p>Segundo a ESA, o SPICE foi projetado para tra\u00e7ar as camadas atmosf\u00e9ricas do Sol, desde a coroa at\u00e9 uma camada conhecida como cromosfera, pr\u00f3xima da superf\u00edcie. O instrumento faz isso observando os diferentes comprimentos de onda da luz ultravioleta extrema que vem de diferentes \u00e1tomos.<br>Na sequ\u00eancia de imagens SPICE, o roxo corresponde ao g\u00e1s <a href=\"https:\/\/olhardigital.com.br\/2021\/10\/29\/ciencia-e-espaco\/marte-colonia-hidrogenio\/amp\/\" target=\"_blank\" rel=\"noreferrer noopener\">hidrog\u00eanio<\/a> a uma temperatura de 10.000\u00b0C, o azul ao carbono a 32.000\u00b0C, o verde ao oxig\u00eanio a 320.000\u00b0C e o amarelo ao neon a 630.000\u00b0C.<br>Isso permitir\u00e1 que os f\u00edsicos solares rastreiem as poderosas erup\u00e7\u00f5es que ocorrem na coroa atrav\u00e9s das camadas atmosf\u00e9ricas inferiores. Tamb\u00e9m permitir\u00e1 que eles estudem uma das observa\u00e7\u00f5es mais intrigantes sobre o Sol: como a temperatura se eleva atrav\u00e9s das camadas atmosf\u00e9ricas ascendentes.<br>Normalmente, a temperatura cai \u00e0 medida que voc\u00ea se afasta de um objeto quente. Mas acima do sol, a coroa atinge um milh\u00e3o de graus Celsius, enquanto a superf\u00edcie \u00e9 apenas cerca de 5000\u00b0C. Investigar esse mist\u00e9rio \u00e9 um dos principais objetivos cient\u00edficos do Solar Orbiter.<\/p>\n\n\n\n<div class=\"wp-block-image\"><figure class=\"aligncenter size-large is-resized\"><img loading=\"lazy\" decoding=\"async\" src=\"https:\/\/jornalfatosenoticias.com.br\/wp-content\/uploads\/2022\/03\/logo-Suinco-1024x390.jpg\" alt=\"\" class=\"wp-image-28785\" width=\"383\" height=\"145\"\/><\/figure><\/div>\n\n\n\n<p><strong><em>Fonte: <a href=\"https:\/\/olhardigital.com.br\/2022\/03\/25\/ciencia-e-espaco\/solar-orbiter-registra-imagem-do-sol-de-maior-resolucao-da-historia\/amp\/\">Olhar Digital<\/a><\/em><\/strong><\/p>\n","protected":false},"excerpt":{"rendered":"<p>A miss\u00e3o Solar Orbiter da ESA enfrentar\u00e1 o Sol a partir da \u00f3rbita de Merc\u00fario na sua maior aproxima\u00e7\u00e3o No in\u00edcio deste m\u00eas, a sonda Solar Orbiter, da Ag\u00eancia Espacial Europeia (ESA) em parceria com a Nasa, capturou o Sol em detalhes sem precedentes, enquanto cruzava a \u201cfronteira\u201d entre o astro-rei e a Terra.Uma das [&hellip;]<\/p>\n","protected":false},"author":2,"featured_media":29171,"comment_status":"open","ping_status":"open","sticky":false,"template":"","format":"standard","meta":{"footnotes":""},"categories":[2],"tags":[5204,13103,3391,164,466,13866,13867,13868],"class_list":["post-29168","post","type-post","status-publish","format-standard","has-post-thumbnail","hentry","category-ciencia","tag-agencia-espacial-europeia","tag-erupcao-solar","tag-esa","tag-nasa","tag-sol","tag-solar-orbiter","tag-sonda-solar","tag-tempestade-solar"],"yoast_head":"<!-- This site is optimized with the Yoast SEO plugin v26.5 - https:\/\/yoast.com\/wordpress\/plugins\/seo\/ -->\n<title>Solar Orbiter registra imagem do Sol de maior resolu\u00e7\u00e3o da hist\u00f3ria - Jornal Fatos e Not\u00edcias<\/title>\n<meta name=\"robots\" content=\"index, follow, max-snippet:-1, max-image-preview:large, max-video-preview:-1\" \/>\n<link rel=\"canonical\" href=\"https:\/\/jornalfatosenoticias.com.br\/index.php\/2022\/03\/28\/solar-orbiter-registra-imagem-do-sol-de-maior-resolucao-da-historia\/\" \/>\n<meta property=\"og:locale\" content=\"pt_BR\" \/>\n<meta property=\"og:type\" content=\"article\" \/>\n<meta property=\"og:title\" content=\"Solar Orbiter registra imagem do Sol de maior resolu\u00e7\u00e3o da hist\u00f3ria - Jornal Fatos e Not\u00edcias\" \/>\n<meta property=\"og:description\" content=\"A miss\u00e3o Solar Orbiter da ESA enfrentar\u00e1 o Sol a partir da \u00f3rbita de Merc\u00fario na sua maior aproxima\u00e7\u00e3o No in\u00edcio deste m\u00eas, a sonda Solar Orbiter, da Ag\u00eancia Espacial Europeia (ESA) em parceria com a Nasa, capturou o Sol em detalhes sem precedentes, enquanto cruzava a \u201cfronteira\u201d entre o astro-rei e a Terra.Uma das [&hellip;]\" \/>\n<meta property=\"og:url\" content=\"https:\/\/jornalfatosenoticias.com.br\/index.php\/2022\/03\/28\/solar-orbiter-registra-imagem-do-sol-de-maior-resolucao-da-historia\/\" \/>\n<meta property=\"og:site_name\" content=\"Jornal Fatos e Not\u00edcias\" \/>\n<meta property=\"article:published_time\" content=\"2022-03-28T19:18:48+00:00\" \/>\n<meta property=\"article:modified_time\" content=\"2022-03-28T19:18:49+00:00\" \/>\n<meta property=\"og:image\" content=\"https:\/\/jornalfatosenoticias.com.br\/wp-content\/uploads\/2022\/03\/solar-orbiter.jpg\" \/>\n\t<meta property=\"og:image:width\" content=\"1000\" \/>\n\t<meta property=\"og:image:height\" content=\"706\" \/>\n\t<meta property=\"og:image:type\" content=\"image\/jpeg\" \/>\n<meta name=\"author\" content=\"Luzimara Fernandes\" \/>\n<meta name=\"twitter:card\" content=\"summary_large_image\" \/>\n<meta name=\"twitter:label1\" content=\"Escrito por\" \/>\n\t<meta name=\"twitter:data1\" content=\"Luzimara Fernandes\" \/>\n\t<meta name=\"twitter:label2\" content=\"Est. tempo de leitura\" \/>\n\t<meta name=\"twitter:data2\" content=\"3 minutos\" \/>\n<script type=\"application\/ld+json\" class=\"yoast-schema-graph\">{\"@context\":\"https:\/\/schema.org\",\"@graph\":[{\"@type\":\"Article\",\"@id\":\"https:\/\/jornalfatosenoticias.com.br\/index.php\/2022\/03\/28\/solar-orbiter-registra-imagem-do-sol-de-maior-resolucao-da-historia\/#article\",\"isPartOf\":{\"@id\":\"https:\/\/jornalfatosenoticias.com.br\/index.php\/2022\/03\/28\/solar-orbiter-registra-imagem-do-sol-de-maior-resolucao-da-historia\/\"},\"author\":{\"name\":\"Luzimara Fernandes\",\"@id\":\"https:\/\/jornalfatosenoticias.com.br\/#\/schema\/person\/d63837fa13ac8666eb9e74e0985d6f81\"},\"headline\":\"Solar Orbiter registra imagem do Sol de maior resolu\u00e7\u00e3o da hist\u00f3ria\",\"datePublished\":\"2022-03-28T19:18:48+00:00\",\"dateModified\":\"2022-03-28T19:18:49+00:00\",\"mainEntityOfPage\":{\"@id\":\"https:\/\/jornalfatosenoticias.com.br\/index.php\/2022\/03\/28\/solar-orbiter-registra-imagem-do-sol-de-maior-resolucao-da-historia\/\"},\"wordCount\":652,\"commentCount\":0,\"publisher\":{\"@id\":\"https:\/\/jornalfatosenoticias.com.br\/#organization\"},\"image\":{\"@id\":\"https:\/\/jornalfatosenoticias.com.br\/index.php\/2022\/03\/28\/solar-orbiter-registra-imagem-do-sol-de-maior-resolucao-da-historia\/#primaryimage\"},\"thumbnailUrl\":\"https:\/\/jornalfatosenoticias.com.br\/wp-content\/uploads\/2022\/03\/solar-orbiter.jpg\",\"keywords\":[\"Ag\u00eancia Espacial Europeia\",\"erup\u00e7\u00e3o solar\",\"ESA\",\"Nasa\",\"Sol\",\"Solar Orbiter\",\"sonda solar\",\"tempestade solar\"],\"articleSection\":[\"Ci\u00eancia\"],\"inLanguage\":\"pt-BR\",\"potentialAction\":[{\"@type\":\"CommentAction\",\"name\":\"Comment\",\"target\":[\"https:\/\/jornalfatosenoticias.com.br\/index.php\/2022\/03\/28\/solar-orbiter-registra-imagem-do-sol-de-maior-resolucao-da-historia\/#respond\"]}]},{\"@type\":\"WebPage\",\"@id\":\"https:\/\/jornalfatosenoticias.com.br\/index.php\/2022\/03\/28\/solar-orbiter-registra-imagem-do-sol-de-maior-resolucao-da-historia\/\",\"url\":\"https:\/\/jornalfatosenoticias.com.br\/index.php\/2022\/03\/28\/solar-orbiter-registra-imagem-do-sol-de-maior-resolucao-da-historia\/\",\"name\":\"Solar Orbiter registra imagem do Sol de maior resolu\u00e7\u00e3o da hist\u00f3ria - Jornal Fatos e Not\u00edcias\",\"isPartOf\":{\"@id\":\"https:\/\/jornalfatosenoticias.com.br\/#website\"},\"primaryImageOfPage\":{\"@id\":\"https:\/\/jornalfatosenoticias.com.br\/index.php\/2022\/03\/28\/solar-orbiter-registra-imagem-do-sol-de-maior-resolucao-da-historia\/#primaryimage\"},\"image\":{\"@id\":\"https:\/\/jornalfatosenoticias.com.br\/index.php\/2022\/03\/28\/solar-orbiter-registra-imagem-do-sol-de-maior-resolucao-da-historia\/#primaryimage\"},\"thumbnailUrl\":\"https:\/\/jornalfatosenoticias.com.br\/wp-content\/uploads\/2022\/03\/solar-orbiter.jpg\",\"datePublished\":\"2022-03-28T19:18:48+00:00\",\"dateModified\":\"2022-03-28T19:18:49+00:00\",\"breadcrumb\":{\"@id\":\"https:\/\/jornalfatosenoticias.com.br\/index.php\/2022\/03\/28\/solar-orbiter-registra-imagem-do-sol-de-maior-resolucao-da-historia\/#breadcrumb\"},\"inLanguage\":\"pt-BR\",\"potentialAction\":[{\"@type\":\"ReadAction\",\"target\":[\"https:\/\/jornalfatosenoticias.com.br\/index.php\/2022\/03\/28\/solar-orbiter-registra-imagem-do-sol-de-maior-resolucao-da-historia\/\"]}]},{\"@type\":\"ImageObject\",\"inLanguage\":\"pt-BR\",\"@id\":\"https:\/\/jornalfatosenoticias.com.br\/index.php\/2022\/03\/28\/solar-orbiter-registra-imagem-do-sol-de-maior-resolucao-da-historia\/#primaryimage\",\"url\":\"https:\/\/jornalfatosenoticias.com.br\/wp-content\/uploads\/2022\/03\/solar-orbiter.jpg\",\"contentUrl\":\"https:\/\/jornalfatosenoticias.com.br\/wp-content\/uploads\/2022\/03\/solar-orbiter.jpg\",\"width\":1000,\"height\":706},{\"@type\":\"BreadcrumbList\",\"@id\":\"https:\/\/jornalfatosenoticias.com.br\/index.php\/2022\/03\/28\/solar-orbiter-registra-imagem-do-sol-de-maior-resolucao-da-historia\/#breadcrumb\",\"itemListElement\":[{\"@type\":\"ListItem\",\"position\":1,\"name\":\"In\u00edcio\",\"item\":\"https:\/\/jornalfatosenoticias.com.br\/\"},{\"@type\":\"ListItem\",\"position\":2,\"name\":\"Solar Orbiter registra imagem do Sol de maior resolu\u00e7\u00e3o da hist\u00f3ria\"}]},{\"@type\":\"WebSite\",\"@id\":\"https:\/\/jornalfatosenoticias.com.br\/#website\",\"url\":\"https:\/\/jornalfatosenoticias.com.br\/\",\"name\":\"Jornal Fatos e Not\u00edcias\",\"description\":\"Not\u00edcias em geral\",\"publisher\":{\"@id\":\"https:\/\/jornalfatosenoticias.com.br\/#organization\"},\"potentialAction\":[{\"@type\":\"SearchAction\",\"target\":{\"@type\":\"EntryPoint\",\"urlTemplate\":\"https:\/\/jornalfatosenoticias.com.br\/?s={search_term_string}\"},\"query-input\":{\"@type\":\"PropertyValueSpecification\",\"valueRequired\":true,\"valueName\":\"search_term_string\"}}],\"inLanguage\":\"pt-BR\"},{\"@type\":\"Organization\",\"@id\":\"https:\/\/jornalfatosenoticias.com.br\/#organization\",\"name\":\"Jornal Fatos e Not\u00edcias\",\"url\":\"https:\/\/jornalfatosenoticias.com.br\/\",\"logo\":{\"@type\":\"ImageObject\",\"inLanguage\":\"pt-BR\",\"@id\":\"https:\/\/jornalfatosenoticias.com.br\/#\/schema\/logo\/image\/\",\"url\":\"https:\/\/jornalfatosenoticias.com.br\/wp-content\/uploads\/2020\/02\/logo120.png\",\"contentUrl\":\"https:\/\/jornalfatosenoticias.com.br\/wp-content\/uploads\/2020\/02\/logo120.png\",\"width\":1227,\"height\":120,\"caption\":\"Jornal Fatos e Not\u00edcias\"},\"image\":{\"@id\":\"https:\/\/jornalfatosenoticias.com.br\/#\/schema\/logo\/image\/\"}},{\"@type\":\"Person\",\"@id\":\"https:\/\/jornalfatosenoticias.com.br\/#\/schema\/person\/d63837fa13ac8666eb9e74e0985d6f81\",\"name\":\"Luzimara Fernandes\",\"image\":{\"@type\":\"ImageObject\",\"inLanguage\":\"pt-BR\",\"@id\":\"https:\/\/jornalfatosenoticias.com.br\/#\/schema\/person\/image\/\",\"url\":\"https:\/\/jornalfatosenoticias.com.br\/wp-content\/uploads\/2025\/05\/EU_portal.jpg\",\"contentUrl\":\"https:\/\/jornalfatosenoticias.com.br\/wp-content\/uploads\/2025\/05\/EU_portal.jpg\",\"caption\":\"Luzimara Fernandes\"},\"description\":\"Jornalista MTB 2358-ES\",\"sameAs\":[\"https:\/\/jornalfatosenoticias.com.br\"],\"url\":\"https:\/\/jornalfatosenoticias.com.br\/index.php\/author\/luzimara\/\"}]}<\/script>\n<!-- \/ Yoast SEO plugin. -->","yoast_head_json":{"title":"Solar Orbiter registra imagem do Sol de maior resolu\u00e7\u00e3o da hist\u00f3ria - Jornal Fatos e Not\u00edcias","robots":{"index":"index","follow":"follow","max-snippet":"max-snippet:-1","max-image-preview":"max-image-preview:large","max-video-preview":"max-video-preview:-1"},"canonical":"https:\/\/jornalfatosenoticias.com.br\/index.php\/2022\/03\/28\/solar-orbiter-registra-imagem-do-sol-de-maior-resolucao-da-historia\/","og_locale":"pt_BR","og_type":"article","og_title":"Solar Orbiter registra imagem do Sol de maior resolu\u00e7\u00e3o da hist\u00f3ria - Jornal Fatos e Not\u00edcias","og_description":"A miss\u00e3o Solar Orbiter da ESA enfrentar\u00e1 o Sol a partir da \u00f3rbita de Merc\u00fario na sua maior aproxima\u00e7\u00e3o No in\u00edcio deste m\u00eas, a sonda Solar Orbiter, da Ag\u00eancia Espacial Europeia (ESA) em parceria com a Nasa, capturou o Sol em detalhes sem precedentes, enquanto cruzava a \u201cfronteira\u201d entre o astro-rei e a Terra.Uma das [&hellip;]","og_url":"https:\/\/jornalfatosenoticias.com.br\/index.php\/2022\/03\/28\/solar-orbiter-registra-imagem-do-sol-de-maior-resolucao-da-historia\/","og_site_name":"Jornal Fatos e Not\u00edcias","article_published_time":"2022-03-28T19:18:48+00:00","article_modified_time":"2022-03-28T19:18:49+00:00","og_image":[{"width":1000,"height":706,"url":"https:\/\/jornalfatosenoticias.com.br\/wp-content\/uploads\/2022\/03\/solar-orbiter.jpg","type":"image\/jpeg"}],"author":"Luzimara Fernandes","twitter_card":"summary_large_image","twitter_misc":{"Escrito por":"Luzimara Fernandes","Est. tempo de leitura":"3 minutos"},"schema":{"@context":"https:\/\/schema.org","@graph":[{"@type":"Article","@id":"https:\/\/jornalfatosenoticias.com.br\/index.php\/2022\/03\/28\/solar-orbiter-registra-imagem-do-sol-de-maior-resolucao-da-historia\/#article","isPartOf":{"@id":"https:\/\/jornalfatosenoticias.com.br\/index.php\/2022\/03\/28\/solar-orbiter-registra-imagem-do-sol-de-maior-resolucao-da-historia\/"},"author":{"name":"Luzimara Fernandes","@id":"https:\/\/jornalfatosenoticias.com.br\/#\/schema\/person\/d63837fa13ac8666eb9e74e0985d6f81"},"headline":"Solar Orbiter registra imagem do Sol de maior resolu\u00e7\u00e3o da hist\u00f3ria","datePublished":"2022-03-28T19:18:48+00:00","dateModified":"2022-03-28T19:18:49+00:00","mainEntityOfPage":{"@id":"https:\/\/jornalfatosenoticias.com.br\/index.php\/2022\/03\/28\/solar-orbiter-registra-imagem-do-sol-de-maior-resolucao-da-historia\/"},"wordCount":652,"commentCount":0,"publisher":{"@id":"https:\/\/jornalfatosenoticias.com.br\/#organization"},"image":{"@id":"https:\/\/jornalfatosenoticias.com.br\/index.php\/2022\/03\/28\/solar-orbiter-registra-imagem-do-sol-de-maior-resolucao-da-historia\/#primaryimage"},"thumbnailUrl":"https:\/\/jornalfatosenoticias.com.br\/wp-content\/uploads\/2022\/03\/solar-orbiter.jpg","keywords":["Ag\u00eancia Espacial Europeia","erup\u00e7\u00e3o solar","ESA","Nasa","Sol","Solar Orbiter","sonda solar","tempestade solar"],"articleSection":["Ci\u00eancia"],"inLanguage":"pt-BR","potentialAction":[{"@type":"CommentAction","name":"Comment","target":["https:\/\/jornalfatosenoticias.com.br\/index.php\/2022\/03\/28\/solar-orbiter-registra-imagem-do-sol-de-maior-resolucao-da-historia\/#respond"]}]},{"@type":"WebPage","@id":"https:\/\/jornalfatosenoticias.com.br\/index.php\/2022\/03\/28\/solar-orbiter-registra-imagem-do-sol-de-maior-resolucao-da-historia\/","url":"https:\/\/jornalfatosenoticias.com.br\/index.php\/2022\/03\/28\/solar-orbiter-registra-imagem-do-sol-de-maior-resolucao-da-historia\/","name":"Solar Orbiter registra imagem do Sol de maior resolu\u00e7\u00e3o da hist\u00f3ria - Jornal Fatos e Not\u00edcias","isPartOf":{"@id":"https:\/\/jornalfatosenoticias.com.br\/#website"},"primaryImageOfPage":{"@id":"https:\/\/jornalfatosenoticias.com.br\/index.php\/2022\/03\/28\/solar-orbiter-registra-imagem-do-sol-de-maior-resolucao-da-historia\/#primaryimage"},"image":{"@id":"https:\/\/jornalfatosenoticias.com.br\/index.php\/2022\/03\/28\/solar-orbiter-registra-imagem-do-sol-de-maior-resolucao-da-historia\/#primaryimage"},"thumbnailUrl":"https:\/\/jornalfatosenoticias.com.br\/wp-content\/uploads\/2022\/03\/solar-orbiter.jpg","datePublished":"2022-03-28T19:18:48+00:00","dateModified":"2022-03-28T19:18:49+00:00","breadcrumb":{"@id":"https:\/\/jornalfatosenoticias.com.br\/index.php\/2022\/03\/28\/solar-orbiter-registra-imagem-do-sol-de-maior-resolucao-da-historia\/#breadcrumb"},"inLanguage":"pt-BR","potentialAction":[{"@type":"ReadAction","target":["https:\/\/jornalfatosenoticias.com.br\/index.php\/2022\/03\/28\/solar-orbiter-registra-imagem-do-sol-de-maior-resolucao-da-historia\/"]}]},{"@type":"ImageObject","inLanguage":"pt-BR","@id":"https:\/\/jornalfatosenoticias.com.br\/index.php\/2022\/03\/28\/solar-orbiter-registra-imagem-do-sol-de-maior-resolucao-da-historia\/#primaryimage","url":"https:\/\/jornalfatosenoticias.com.br\/wp-content\/uploads\/2022\/03\/solar-orbiter.jpg","contentUrl":"https:\/\/jornalfatosenoticias.com.br\/wp-content\/uploads\/2022\/03\/solar-orbiter.jpg","width":1000,"height":706},{"@type":"BreadcrumbList","@id":"https:\/\/jornalfatosenoticias.com.br\/index.php\/2022\/03\/28\/solar-orbiter-registra-imagem-do-sol-de-maior-resolucao-da-historia\/#breadcrumb","itemListElement":[{"@type":"ListItem","position":1,"name":"In\u00edcio","item":"https:\/\/jornalfatosenoticias.com.br\/"},{"@type":"ListItem","position":2,"name":"Solar Orbiter registra imagem do Sol de maior resolu\u00e7\u00e3o da hist\u00f3ria"}]},{"@type":"WebSite","@id":"https:\/\/jornalfatosenoticias.com.br\/#website","url":"https:\/\/jornalfatosenoticias.com.br\/","name":"Jornal Fatos e Not\u00edcias","description":"Not\u00edcias em geral","publisher":{"@id":"https:\/\/jornalfatosenoticias.com.br\/#organization"},"potentialAction":[{"@type":"SearchAction","target":{"@type":"EntryPoint","urlTemplate":"https:\/\/jornalfatosenoticias.com.br\/?s={search_term_string}"},"query-input":{"@type":"PropertyValueSpecification","valueRequired":true,"valueName":"search_term_string"}}],"inLanguage":"pt-BR"},{"@type":"Organization","@id":"https:\/\/jornalfatosenoticias.com.br\/#organization","name":"Jornal Fatos e Not\u00edcias","url":"https:\/\/jornalfatosenoticias.com.br\/","logo":{"@type":"ImageObject","inLanguage":"pt-BR","@id":"https:\/\/jornalfatosenoticias.com.br\/#\/schema\/logo\/image\/","url":"https:\/\/jornalfatosenoticias.com.br\/wp-content\/uploads\/2020\/02\/logo120.png","contentUrl":"https:\/\/jornalfatosenoticias.com.br\/wp-content\/uploads\/2020\/02\/logo120.png","width":1227,"height":120,"caption":"Jornal Fatos e Not\u00edcias"},"image":{"@id":"https:\/\/jornalfatosenoticias.com.br\/#\/schema\/logo\/image\/"}},{"@type":"Person","@id":"https:\/\/jornalfatosenoticias.com.br\/#\/schema\/person\/d63837fa13ac8666eb9e74e0985d6f81","name":"Luzimara Fernandes","image":{"@type":"ImageObject","inLanguage":"pt-BR","@id":"https:\/\/jornalfatosenoticias.com.br\/#\/schema\/person\/image\/","url":"https:\/\/jornalfatosenoticias.com.br\/wp-content\/uploads\/2025\/05\/EU_portal.jpg","contentUrl":"https:\/\/jornalfatosenoticias.com.br\/wp-content\/uploads\/2025\/05\/EU_portal.jpg","caption":"Luzimara Fernandes"},"description":"Jornalista MTB 2358-ES","sameAs":["https:\/\/jornalfatosenoticias.com.br"],"url":"https:\/\/jornalfatosenoticias.com.br\/index.php\/author\/luzimara\/"}]}},"cc_featured_image_caption":{"caption_text":"(Foto: Medialab ESA\/ATG)","source_text":"","source_url":""},"jetpack_featured_media_url":"https:\/\/jornalfatosenoticias.com.br\/wp-content\/uploads\/2022\/03\/solar-orbiter.jpg","_links":{"self":[{"href":"https:\/\/jornalfatosenoticias.com.br\/index.php\/wp-json\/wp\/v2\/posts\/29168","targetHints":{"allow":["GET"]}}],"collection":[{"href":"https:\/\/jornalfatosenoticias.com.br\/index.php\/wp-json\/wp\/v2\/posts"}],"about":[{"href":"https:\/\/jornalfatosenoticias.com.br\/index.php\/wp-json\/wp\/v2\/types\/post"}],"author":[{"embeddable":true,"href":"https:\/\/jornalfatosenoticias.com.br\/index.php\/wp-json\/wp\/v2\/users\/2"}],"replies":[{"embeddable":true,"href":"https:\/\/jornalfatosenoticias.com.br\/index.php\/wp-json\/wp\/v2\/comments?post=29168"}],"version-history":[{"count":0,"href":"https:\/\/jornalfatosenoticias.com.br\/index.php\/wp-json\/wp\/v2\/posts\/29168\/revisions"}],"wp:featuredmedia":[{"embeddable":true,"href":"https:\/\/jornalfatosenoticias.com.br\/index.php\/wp-json\/wp\/v2\/media\/29171"}],"wp:attachment":[{"href":"https:\/\/jornalfatosenoticias.com.br\/index.php\/wp-json\/wp\/v2\/media?parent=29168"}],"wp:term":[{"taxonomy":"category","embeddable":true,"href":"https:\/\/jornalfatosenoticias.com.br\/index.php\/wp-json\/wp\/v2\/categories?post=29168"},{"taxonomy":"post_tag","embeddable":true,"href":"https:\/\/jornalfatosenoticias.com.br\/index.php\/wp-json\/wp\/v2\/tags?post=29168"}],"curies":[{"name":"wp","href":"https:\/\/api.w.org\/{rel}","templated":true}]}}