{"id":29184,"date":"2022-03-29T13:43:13","date_gmt":"2022-03-29T16:43:13","guid":{"rendered":"https:\/\/jornalfatosenoticias.com.br\/?p=29184"},"modified":"2022-03-29T13:43:17","modified_gmt":"2022-03-29T16:43:17","slug":"caged-brasil-cria-328-mil-empregos-com-carteira-assinada-em-fevereiro","status":"publish","type":"post","link":"https:\/\/jornalfatosenoticias.com.br\/index.php\/2022\/03\/29\/caged-brasil-cria-328-mil-empregos-com-carteira-assinada-em-fevereiro\/","title":{"rendered":"Caged: Brasil cria 328 mil empregos com carteira assinada em fevereiro"},"content":{"rendered":"\n<p><em><span class=\"has-inline-color has-black-color\">Trata-se do segundo melhor resultado para o m\u00eas desde 2010<\/span><\/em><\/p>\n\n\n\n<div class=\"wp-block-image\"><figure class=\"aligncenter size-large is-resized\"><img loading=\"lazy\" decoding=\"async\" src=\"https:\/\/jornalfatosenoticias.com.br\/wp-content\/uploads\/2020\/02\/Logo-Mizu-segunda-2-1024x99.png\" alt=\"\" class=\"wp-image-2353\" width=\"426\" height=\"41\" srcset=\"https:\/\/jornalfatosenoticias.com.br\/wp-content\/uploads\/2020\/02\/Logo-Mizu-segunda-2-1024x99.png 1024w, https:\/\/jornalfatosenoticias.com.br\/wp-content\/uploads\/2020\/02\/Logo-Mizu-segunda-2-300x29.png 300w, https:\/\/jornalfatosenoticias.com.br\/wp-content\/uploads\/2020\/02\/Logo-Mizu-segunda-2-768x74.png 768w, https:\/\/jornalfatosenoticias.com.br\/wp-content\/uploads\/2020\/02\/Logo-Mizu-segunda-2.png 1240w\" sizes=\"auto, (max-width: 426px) 100vw, 426px\" \/><\/figure><\/div>\n\n\n\n<p>O Brasil fechou o m\u00eas de fevereiro de 2022 com a cria\u00e7\u00e3o de 328.507 empregos formais, segundo balan\u00e7o do Cadastro Geral de Empregados e Desempregados (Novo Caged), apresentado hoje (29) pelo Minist\u00e9rio do Trabalho e Previd\u00eancia.<br>O saldo de fevereiro foi resultado de 2,013 milh\u00f5es de contrata\u00e7\u00f5es e 1,685 milh\u00e3o de desligamentos. Segundo a pasta foi o melhor resultado para o m\u00eas da s\u00e9rie iniciada em 2010, perdendo apenas para 2021, quando o saldo foi de 397.915 postos.<br>De acordo com o secret\u00e1rio-executivo do minist\u00e9rio, Bruno Dalcolmo, esta foi a primeira vez que o total mensal de admiss\u00f5es superou dois milh\u00f5es de vagas, considerando a s\u00e9rie com declara\u00e7\u00f5es feitas dentro do prazo. O secret\u00e1rio, entretanto, destacou que o resultado n\u00e3o pode ser considerado estrutural e que a tend\u00eancia \u00e9 de redu\u00e7\u00e3o nas contrata\u00e7\u00f5es.<\/p>\n\n\n\n<div class=\"wp-block-image\"><figure class=\"aligncenter size-large\"><img loading=\"lazy\" decoding=\"async\" width=\"300\" height=\"250\" src=\"https:\/\/jornalfatosenoticias.com.br\/wp-content\/uploads\/2022\/02\/FERRARI_MAQUINAS-E-FERRAMENTAS2.jpg\" alt=\"\" class=\"wp-image-27860\"\/><\/figure><\/div>\n\n\n\n<blockquote class=\"wp-block-quote is-layout-flow wp-block-quote-is-layout-flow\"><p><span class=\"has-inline-color has-luminous-vivid-orange-color\">\u201cO que vemos aqui em fevereiro de 2022 do ponto de vista das admiss\u00f5es \u00e9 algo importante a ser notado. Pela primeira vez estamos acima de dois milh\u00f5es de contrata\u00e7\u00f5es. \u00c9 claro que n\u00e3o \u00e9 poss\u00edvel se afirmar que \u00e9 algo estrutural e que permanecer\u00e1 nesse patamar\u201d, disse. \u201cTemos j\u00e1 registrado que \u00e9 natural que se espere alguma desacelera\u00e7\u00e3o com rela\u00e7\u00e3o ao n\u00edvel de contrata\u00e7\u00e3o do ano passado. \u00c9 um processo natural, as empresas n\u00e3o continuar\u00e3o contratando naquele ritmo do ano passado para sempre\u201d, acrescentou.<\/span><\/p><\/blockquote>\n\n\n\n<div class=\"wp-block-image\"><figure class=\"alignleft size-large is-resized\"><img loading=\"lazy\" decoding=\"async\" src=\"https:\/\/jornalfatosenoticias.com.br\/wp-content\/uploads\/2020\/02\/nova-logo-Marquetti.jpg\" alt=\"\" class=\"wp-image-22331\" width=\"355\" height=\"239\" srcset=\"https:\/\/jornalfatosenoticias.com.br\/wp-content\/uploads\/2020\/02\/nova-logo-Marquetti.jpg 643w, https:\/\/jornalfatosenoticias.com.br\/wp-content\/uploads\/2020\/02\/nova-logo-Marquetti-300x202.jpg 300w\" sizes=\"auto, (max-width: 355px) 100vw, 355px\" \/><\/figure><\/div>\n\n\n\n<p>Os n\u00fameros mostram que, no m\u00eas de fevereiro, os cinco grupamentos de atividade econ\u00f4mica apresentaram saldo positivo, com destaque para o setor de servi\u00e7os, com gera\u00e7\u00e3o de 215.421 novos postos com carteira assinada, distribu\u00eddos principalmente nas atividades de administra\u00e7\u00e3o p\u00fablica, defesa e seguridade social, educa\u00e7\u00e3o, sa\u00fade humana e servi\u00e7os sociais.<br>A ind\u00fastria geral fechou o m\u00eas com 43 mil novos postos, concentrados especialmente na ind\u00fastria de transforma\u00e7\u00e3o, que gerou 38.575 postos. A constru\u00e7\u00e3o fechou o m\u00eas com 39.453 novos empregos. Na sequ\u00eancia v\u00eam a agricultura, pecu\u00e1ria, produ\u00e7\u00e3o florestal, pesca e aquicultura que gerou 17.415 postos; e o com\u00e9rcio, com 13.219 postos.<br>Com o resultado de fevereiro, o estoque de empregos formais ativos ficou em 41.157.217 v\u00ednculos, uma varia\u00e7\u00e3o positiva de 0,8% em rela\u00e7\u00e3o ao estoque do m\u00eas anterior. No acumulado de 2022, foi saldo registrado \u00e9 de 478.862 empregos com carteira assinada, decorrente de 3.818.888 admiss\u00f5es e de 3.340.026 desligamentos.<\/p>\n\n\n\n<div class=\"wp-block-image\"><figure class=\"aligncenter size-large\"><img decoding=\"async\" src=\"https:\/\/jornalfatosenoticias.com.br\/wp-content\/uploads\/2020\/02\/logo_esteio.jpg\" alt=\"\" class=\"wp-image-1214\"\/><\/figure><\/div>\n\n\n\n<p><strong><span class=\"has-inline-color has-black-color\">Sal\u00e1rio<br><\/span><\/strong>Os dados do novo Caged mostram ainda que o sal\u00e1rio m\u00e9dio de admiss\u00e3o em fevereiro de 2022 foi de R$ 1.878,66. O valor \u00e9 menor que o registrado em janeiro, com um decr\u00e9scimo de R$ 61,14, o que equivale a uma varia\u00e7\u00e3o de -3,15%.<\/p>\n\n\n\n<div class=\"wp-block-image\"><figure class=\"aligncenter size-large is-resized\"><img loading=\"lazy\" decoding=\"async\" src=\"https:\/\/jornalfatosenoticias.com.br\/wp-content\/uploads\/2022\/02\/Arte-Autoescola-Galatas_endereco_portal-1024x103.png\" alt=\"\" class=\"wp-image-27869\" width=\"358\" height=\"36\" srcset=\"https:\/\/jornalfatosenoticias.com.br\/wp-content\/uploads\/2022\/02\/Arte-Autoescola-Galatas_endereco_portal-1024x103.png 1024w, https:\/\/jornalfatosenoticias.com.br\/wp-content\/uploads\/2022\/02\/Arte-Autoescola-Galatas_endereco_portal-300x30.png 300w, https:\/\/jornalfatosenoticias.com.br\/wp-content\/uploads\/2022\/02\/Arte-Autoescola-Galatas_endereco_portal-768x77.png 768w, https:\/\/jornalfatosenoticias.com.br\/wp-content\/uploads\/2022\/02\/Arte-Autoescola-Galatas_endereco_portal.png 1223w\" sizes=\"auto, (max-width: 358px) 100vw, 358px\" \/><\/figure><\/div>\n\n\n\n<p><strong><span class=\"has-inline-color has-black-color\">Trabalho intermitente<br><\/span><\/strong>Em fevereiro, o novo Caged registrou 25.396 admiss\u00f5es e 16.568 desligamentos na modalidade de trabalho intermitente, gerando saldo de 8.828 empregos.<br>Foram 5.287 estabelecimentos contratantes e 36 empregados celebraram mais de um contrato na condi\u00e7\u00e3o de trabalhador intermitente.<\/p>\n\n\n\n<div class=\"wp-block-image\"><figure class=\"aligncenter size-large is-resized\"><img loading=\"lazy\" decoding=\"async\" src=\"https:\/\/jornalfatosenoticias.com.br\/wp-content\/uploads\/2022\/02\/Serra-Pack-459.png\" alt=\"\" class=\"wp-image-27471\" width=\"393\" height=\"157\"\/><\/figure><\/div>\n\n\n\n<blockquote class=\"wp-block-quote is-layout-flow wp-block-quote-is-layout-flow\"><p><span class=\"has-inline-color has-luminous-vivid-orange-color\">\u201cDo ponto de vista das atividades econ\u00f4micas, o saldo de emprego na modalidade de trabalho intermitente distribuiu-se por: servi\u00e7os (6.906 postos), constru\u00e7\u00e3o (1.115 postos), ind\u00fastria geral (422 postos), agropecu\u00e1ria (207 postos) e com\u00e9rcio (178 postos)\u201d, informou a pasta.<\/span><\/p><\/blockquote>\n\n\n\n<div class=\"wp-block-image\"><figure class=\"alignright size-large is-resized\"><img loading=\"lazy\" decoding=\"async\" src=\"https:\/\/jornalfatosenoticias.com.br\/wp-content\/uploads\/2022\/03\/logo-Suinco-1024x390.jpg\" alt=\"\" class=\"wp-image-28785\" width=\"352\" height=\"133\"\/><\/figure><\/div>\n\n\n\n<p>Em rela\u00e7\u00e3o ao trabalho em regime de tempo parcial, foram registradas 26.104 admiss\u00f5es e 16.586 desligamentos, um saldo de 9.518 empregos. Foram registrados 9.493 estabelecimentos contratantes e 158 empregados celebraram mais de um contrato em regime de tempo parcial.<br>O saldo de emprego em regime de tempo parcial ficou assim distribu\u00eddo por setor: servi\u00e7os (5.615 postos), ind\u00fastria geral (2.286 postos), com\u00e9rcio (1.167 postos), constru\u00e7\u00e3o (241 postos) e Agropecu\u00e1ria (209 postos).<\/p>\n\n\n\n<div class=\"wp-block-image\"><figure class=\"aligncenter size-large is-resized\"><img loading=\"lazy\" decoding=\"async\" src=\"https:\/\/jornalfatosenoticias.com.br\/wp-content\/uploads\/2022\/02\/Precisao-Contabilidade-1024x724.jpg\" alt=\"\" class=\"wp-image-28088\" width=\"359\" height=\"254\"\/><\/figure><\/div>\n\n\n\n<p><strong><span class=\"has-inline-color has-black-color\">Regi\u00f5es<br><\/span><\/strong>Em fevereiro, 25 das 27 unidades da Federa\u00e7\u00e3o fecharam o m\u00eas com saldo positivo de empregos. Os destaques foram: S\u00e3o Paulo, com 98.262 postos; Minas Gerais, com 36.677 novos postos; e Paran\u00e1, com 28.506 postos.<br>Os estados com menor saldo registrado foram o Amap\u00e1, que apresentou um saldo positivo de 158 postos; seguido de Alagoas e Para\u00edba que apresentaram saldo negativo, ou seja, fecharam 600 postos e 1.451 postos, respectivamente.<br>Entre as regi\u00f5es, a Sudeste fechou fevereiro com 162.442 novos postos. Na sequ\u00eancia vem o Sul, com 82.898 postos de trabalho; Centro-Oeste, 40.930 postos; Nordeste, com 28.085 postos; e a Regi\u00e3o Norte, com 12.727 postos.<\/p>\n\n\n\n<div class=\"wp-block-image\"><figure class=\"aligncenter size-large is-resized\"><img loading=\"lazy\" decoding=\"async\" src=\"https:\/\/jornalfatosenoticias.com.br\/wp-content\/uploads\/2020\/02\/Serra-Grande-1024x160.png\" alt=\"\" class=\"wp-image-7836\" width=\"455\" height=\"71\"\/><\/figure><\/div>\n\n\n\n<p><strong><em>Fonte: <a href=\"https:\/\/agenciabrasil.ebc.com.br\/economia\/noticia\/2022-03\/caged-brasil-cria-328-mil-empregos-com-carteira-assinada-em-fevereiro\">Ag\u00eancia Brasil<\/a><\/em><\/strong><\/p>\n","protected":false},"excerpt":{"rendered":"<p>Trata-se do segundo melhor resultado para o m\u00eas desde 2010 O Brasil fechou o m\u00eas de fevereiro de 2022 com a cria\u00e7\u00e3o de 328.507 empregos formais, segundo balan\u00e7o do Cadastro Geral de Empregados e Desempregados (Novo Caged), apresentado hoje (29) pelo Minist\u00e9rio do Trabalho e Previd\u00eancia.O saldo de fevereiro foi resultado de 2,013 milh\u00f5es de [&hellip;]<\/p>\n","protected":false},"author":2,"featured_media":21928,"comment_status":"open","ping_status":"open","sticky":false,"template":"","format":"standard","meta":{"footnotes":""},"categories":[9],"tags":[13077,13078,1971,947,13877,13878],"class_list":["post-29184","post","type-post","status-publish","format-standard","has-post-thumbnail","hentry","category-economia","tag-caged","tag-carteira-assinada","tag-desemprego","tag-empregos","tag-ministerio-do-trabalho","tag-novo-caged"],"yoast_head":"<!-- This site is optimized with the Yoast SEO plugin v26.5 - https:\/\/yoast.com\/wordpress\/plugins\/seo\/ -->\n<title>Caged: Brasil cria 328 mil empregos com carteira assinada em fevereiro - Jornal Fatos e Not\u00edcias<\/title>\n<meta name=\"robots\" content=\"index, follow, max-snippet:-1, max-image-preview:large, max-video-preview:-1\" \/>\n<link rel=\"canonical\" href=\"https:\/\/jornalfatosenoticias.com.br\/index.php\/2022\/03\/29\/caged-brasil-cria-328-mil-empregos-com-carteira-assinada-em-fevereiro\/\" \/>\n<meta property=\"og:locale\" content=\"pt_BR\" \/>\n<meta property=\"og:type\" content=\"article\" \/>\n<meta property=\"og:title\" content=\"Caged: Brasil cria 328 mil empregos com carteira assinada em fevereiro - Jornal Fatos e Not\u00edcias\" \/>\n<meta property=\"og:description\" content=\"Trata-se do segundo melhor resultado para o m\u00eas desde 2010 O Brasil fechou o m\u00eas de fevereiro de 2022 com a cria\u00e7\u00e3o de 328.507 empregos formais, segundo balan\u00e7o do Cadastro Geral de Empregados e Desempregados (Novo Caged), apresentado hoje (29) pelo Minist\u00e9rio do Trabalho e Previd\u00eancia.O saldo de fevereiro foi resultado de 2,013 milh\u00f5es de [&hellip;]\" \/>\n<meta property=\"og:url\" content=\"https:\/\/jornalfatosenoticias.com.br\/index.php\/2022\/03\/29\/caged-brasil-cria-328-mil-empregos-com-carteira-assinada-em-fevereiro\/\" \/>\n<meta property=\"og:site_name\" content=\"Jornal Fatos e Not\u00edcias\" \/>\n<meta property=\"article:published_time\" content=\"2022-03-29T16:43:13+00:00\" \/>\n<meta property=\"article:modified_time\" content=\"2022-03-29T16:43:17+00:00\" \/>\n<meta property=\"og:image\" content=\"https:\/\/jornalfatosenoticias.com.br\/wp-content\/uploads\/2021\/08\/carteira_de_trabalho_fgts.jpg\" \/>\n\t<meta property=\"og:image:width\" content=\"1000\" \/>\n\t<meta property=\"og:image:height\" content=\"598\" \/>\n\t<meta property=\"og:image:type\" content=\"image\/jpeg\" \/>\n<meta name=\"author\" content=\"Luzimara Fernandes\" \/>\n<meta name=\"twitter:card\" content=\"summary_large_image\" \/>\n<meta name=\"twitter:label1\" content=\"Escrito por\" \/>\n\t<meta name=\"twitter:data1\" content=\"Luzimara Fernandes\" \/>\n\t<meta name=\"twitter:label2\" content=\"Est. tempo de leitura\" \/>\n\t<meta name=\"twitter:data2\" content=\"4 minutos\" \/>\n<script type=\"application\/ld+json\" class=\"yoast-schema-graph\">{\"@context\":\"https:\/\/schema.org\",\"@graph\":[{\"@type\":\"Article\",\"@id\":\"https:\/\/jornalfatosenoticias.com.br\/index.php\/2022\/03\/29\/caged-brasil-cria-328-mil-empregos-com-carteira-assinada-em-fevereiro\/#article\",\"isPartOf\":{\"@id\":\"https:\/\/jornalfatosenoticias.com.br\/index.php\/2022\/03\/29\/caged-brasil-cria-328-mil-empregos-com-carteira-assinada-em-fevereiro\/\"},\"author\":{\"name\":\"Luzimara Fernandes\",\"@id\":\"https:\/\/jornalfatosenoticias.com.br\/#\/schema\/person\/d63837fa13ac8666eb9e74e0985d6f81\"},\"headline\":\"Caged: Brasil cria 328 mil empregos com carteira assinada em fevereiro\",\"datePublished\":\"2022-03-29T16:43:13+00:00\",\"dateModified\":\"2022-03-29T16:43:17+00:00\",\"mainEntityOfPage\":{\"@id\":\"https:\/\/jornalfatosenoticias.com.br\/index.php\/2022\/03\/29\/caged-brasil-cria-328-mil-empregos-com-carteira-assinada-em-fevereiro\/\"},\"wordCount\":714,\"commentCount\":0,\"publisher\":{\"@id\":\"https:\/\/jornalfatosenoticias.com.br\/#organization\"},\"image\":{\"@id\":\"https:\/\/jornalfatosenoticias.com.br\/index.php\/2022\/03\/29\/caged-brasil-cria-328-mil-empregos-com-carteira-assinada-em-fevereiro\/#primaryimage\"},\"thumbnailUrl\":\"https:\/\/jornalfatosenoticias.com.br\/wp-content\/uploads\/2021\/08\/carteira_de_trabalho_fgts.jpg\",\"keywords\":[\"Caged\",\"carteira assinada\",\"desemprego\",\"empregos\",\"Minist\u00e9rio do Trabalho\",\"Novo Caged\"],\"articleSection\":[\"Economia\"],\"inLanguage\":\"pt-BR\",\"potentialAction\":[{\"@type\":\"CommentAction\",\"name\":\"Comment\",\"target\":[\"https:\/\/jornalfatosenoticias.com.br\/index.php\/2022\/03\/29\/caged-brasil-cria-328-mil-empregos-com-carteira-assinada-em-fevereiro\/#respond\"]}]},{\"@type\":\"WebPage\",\"@id\":\"https:\/\/jornalfatosenoticias.com.br\/index.php\/2022\/03\/29\/caged-brasil-cria-328-mil-empregos-com-carteira-assinada-em-fevereiro\/\",\"url\":\"https:\/\/jornalfatosenoticias.com.br\/index.php\/2022\/03\/29\/caged-brasil-cria-328-mil-empregos-com-carteira-assinada-em-fevereiro\/\",\"name\":\"Caged: Brasil cria 328 mil empregos com carteira assinada em fevereiro - Jornal Fatos e Not\u00edcias\",\"isPartOf\":{\"@id\":\"https:\/\/jornalfatosenoticias.com.br\/#website\"},\"primaryImageOfPage\":{\"@id\":\"https:\/\/jornalfatosenoticias.com.br\/index.php\/2022\/03\/29\/caged-brasil-cria-328-mil-empregos-com-carteira-assinada-em-fevereiro\/#primaryimage\"},\"image\":{\"@id\":\"https:\/\/jornalfatosenoticias.com.br\/index.php\/2022\/03\/29\/caged-brasil-cria-328-mil-empregos-com-carteira-assinada-em-fevereiro\/#primaryimage\"},\"thumbnailUrl\":\"https:\/\/jornalfatosenoticias.com.br\/wp-content\/uploads\/2021\/08\/carteira_de_trabalho_fgts.jpg\",\"datePublished\":\"2022-03-29T16:43:13+00:00\",\"dateModified\":\"2022-03-29T16:43:17+00:00\",\"breadcrumb\":{\"@id\":\"https:\/\/jornalfatosenoticias.com.br\/index.php\/2022\/03\/29\/caged-brasil-cria-328-mil-empregos-com-carteira-assinada-em-fevereiro\/#breadcrumb\"},\"inLanguage\":\"pt-BR\",\"potentialAction\":[{\"@type\":\"ReadAction\",\"target\":[\"https:\/\/jornalfatosenoticias.com.br\/index.php\/2022\/03\/29\/caged-brasil-cria-328-mil-empregos-com-carteira-assinada-em-fevereiro\/\"]}]},{\"@type\":\"ImageObject\",\"inLanguage\":\"pt-BR\",\"@id\":\"https:\/\/jornalfatosenoticias.com.br\/index.php\/2022\/03\/29\/caged-brasil-cria-328-mil-empregos-com-carteira-assinada-em-fevereiro\/#primaryimage\",\"url\":\"https:\/\/jornalfatosenoticias.com.br\/wp-content\/uploads\/2021\/08\/carteira_de_trabalho_fgts.jpg\",\"contentUrl\":\"https:\/\/jornalfatosenoticias.com.br\/wp-content\/uploads\/2021\/08\/carteira_de_trabalho_fgts.jpg\",\"width\":1000,\"height\":598,\"caption\":\"carteira de trabalho\"},{\"@type\":\"BreadcrumbList\",\"@id\":\"https:\/\/jornalfatosenoticias.com.br\/index.php\/2022\/03\/29\/caged-brasil-cria-328-mil-empregos-com-carteira-assinada-em-fevereiro\/#breadcrumb\",\"itemListElement\":[{\"@type\":\"ListItem\",\"position\":1,\"name\":\"In\u00edcio\",\"item\":\"https:\/\/jornalfatosenoticias.com.br\/\"},{\"@type\":\"ListItem\",\"position\":2,\"name\":\"Caged: Brasil cria 328 mil empregos com carteira assinada em fevereiro\"}]},{\"@type\":\"WebSite\",\"@id\":\"https:\/\/jornalfatosenoticias.com.br\/#website\",\"url\":\"https:\/\/jornalfatosenoticias.com.br\/\",\"name\":\"Jornal Fatos e Not\u00edcias\",\"description\":\"Not\u00edcias em geral\",\"publisher\":{\"@id\":\"https:\/\/jornalfatosenoticias.com.br\/#organization\"},\"potentialAction\":[{\"@type\":\"SearchAction\",\"target\":{\"@type\":\"EntryPoint\",\"urlTemplate\":\"https:\/\/jornalfatosenoticias.com.br\/?s={search_term_string}\"},\"query-input\":{\"@type\":\"PropertyValueSpecification\",\"valueRequired\":true,\"valueName\":\"search_term_string\"}}],\"inLanguage\":\"pt-BR\"},{\"@type\":\"Organization\",\"@id\":\"https:\/\/jornalfatosenoticias.com.br\/#organization\",\"name\":\"Jornal Fatos e Not\u00edcias\",\"url\":\"https:\/\/jornalfatosenoticias.com.br\/\",\"logo\":{\"@type\":\"ImageObject\",\"inLanguage\":\"pt-BR\",\"@id\":\"https:\/\/jornalfatosenoticias.com.br\/#\/schema\/logo\/image\/\",\"url\":\"https:\/\/jornalfatosenoticias.com.br\/wp-content\/uploads\/2020\/02\/logo120.png\",\"contentUrl\":\"https:\/\/jornalfatosenoticias.com.br\/wp-content\/uploads\/2020\/02\/logo120.png\",\"width\":1227,\"height\":120,\"caption\":\"Jornal Fatos e Not\u00edcias\"},\"image\":{\"@id\":\"https:\/\/jornalfatosenoticias.com.br\/#\/schema\/logo\/image\/\"}},{\"@type\":\"Person\",\"@id\":\"https:\/\/jornalfatosenoticias.com.br\/#\/schema\/person\/d63837fa13ac8666eb9e74e0985d6f81\",\"name\":\"Luzimara Fernandes\",\"image\":{\"@type\":\"ImageObject\",\"inLanguage\":\"pt-BR\",\"@id\":\"https:\/\/jornalfatosenoticias.com.br\/#\/schema\/person\/image\/\",\"url\":\"https:\/\/jornalfatosenoticias.com.br\/wp-content\/uploads\/2025\/05\/EU_portal.jpg\",\"contentUrl\":\"https:\/\/jornalfatosenoticias.com.br\/wp-content\/uploads\/2025\/05\/EU_portal.jpg\",\"caption\":\"Luzimara Fernandes\"},\"description\":\"Jornalista MTB 2358-ES\",\"sameAs\":[\"https:\/\/jornalfatosenoticias.com.br\"],\"url\":\"https:\/\/jornalfatosenoticias.com.br\/index.php\/author\/luzimara\/\"}]}<\/script>\n<!-- \/ Yoast SEO plugin. -->","yoast_head_json":{"title":"Caged: Brasil cria 328 mil empregos com carteira assinada em fevereiro - Jornal Fatos e Not\u00edcias","robots":{"index":"index","follow":"follow","max-snippet":"max-snippet:-1","max-image-preview":"max-image-preview:large","max-video-preview":"max-video-preview:-1"},"canonical":"https:\/\/jornalfatosenoticias.com.br\/index.php\/2022\/03\/29\/caged-brasil-cria-328-mil-empregos-com-carteira-assinada-em-fevereiro\/","og_locale":"pt_BR","og_type":"article","og_title":"Caged: Brasil cria 328 mil empregos com carteira assinada em fevereiro - Jornal Fatos e Not\u00edcias","og_description":"Trata-se do segundo melhor resultado para o m\u00eas desde 2010 O Brasil fechou o m\u00eas de fevereiro de 2022 com a cria\u00e7\u00e3o de 328.507 empregos formais, segundo balan\u00e7o do Cadastro Geral de Empregados e Desempregados (Novo Caged), apresentado hoje (29) pelo Minist\u00e9rio do Trabalho e Previd\u00eancia.O saldo de fevereiro foi resultado de 2,013 milh\u00f5es de [&hellip;]","og_url":"https:\/\/jornalfatosenoticias.com.br\/index.php\/2022\/03\/29\/caged-brasil-cria-328-mil-empregos-com-carteira-assinada-em-fevereiro\/","og_site_name":"Jornal Fatos e Not\u00edcias","article_published_time":"2022-03-29T16:43:13+00:00","article_modified_time":"2022-03-29T16:43:17+00:00","og_image":[{"width":1000,"height":598,"url":"https:\/\/jornalfatosenoticias.com.br\/wp-content\/uploads\/2021\/08\/carteira_de_trabalho_fgts.jpg","type":"image\/jpeg"}],"author":"Luzimara Fernandes","twitter_card":"summary_large_image","twitter_misc":{"Escrito por":"Luzimara Fernandes","Est. tempo de leitura":"4 minutos"},"schema":{"@context":"https:\/\/schema.org","@graph":[{"@type":"Article","@id":"https:\/\/jornalfatosenoticias.com.br\/index.php\/2022\/03\/29\/caged-brasil-cria-328-mil-empregos-com-carteira-assinada-em-fevereiro\/#article","isPartOf":{"@id":"https:\/\/jornalfatosenoticias.com.br\/index.php\/2022\/03\/29\/caged-brasil-cria-328-mil-empregos-com-carteira-assinada-em-fevereiro\/"},"author":{"name":"Luzimara Fernandes","@id":"https:\/\/jornalfatosenoticias.com.br\/#\/schema\/person\/d63837fa13ac8666eb9e74e0985d6f81"},"headline":"Caged: Brasil cria 328 mil empregos com carteira assinada em fevereiro","datePublished":"2022-03-29T16:43:13+00:00","dateModified":"2022-03-29T16:43:17+00:00","mainEntityOfPage":{"@id":"https:\/\/jornalfatosenoticias.com.br\/index.php\/2022\/03\/29\/caged-brasil-cria-328-mil-empregos-com-carteira-assinada-em-fevereiro\/"},"wordCount":714,"commentCount":0,"publisher":{"@id":"https:\/\/jornalfatosenoticias.com.br\/#organization"},"image":{"@id":"https:\/\/jornalfatosenoticias.com.br\/index.php\/2022\/03\/29\/caged-brasil-cria-328-mil-empregos-com-carteira-assinada-em-fevereiro\/#primaryimage"},"thumbnailUrl":"https:\/\/jornalfatosenoticias.com.br\/wp-content\/uploads\/2021\/08\/carteira_de_trabalho_fgts.jpg","keywords":["Caged","carteira assinada","desemprego","empregos","Minist\u00e9rio do Trabalho","Novo Caged"],"articleSection":["Economia"],"inLanguage":"pt-BR","potentialAction":[{"@type":"CommentAction","name":"Comment","target":["https:\/\/jornalfatosenoticias.com.br\/index.php\/2022\/03\/29\/caged-brasil-cria-328-mil-empregos-com-carteira-assinada-em-fevereiro\/#respond"]}]},{"@type":"WebPage","@id":"https:\/\/jornalfatosenoticias.com.br\/index.php\/2022\/03\/29\/caged-brasil-cria-328-mil-empregos-com-carteira-assinada-em-fevereiro\/","url":"https:\/\/jornalfatosenoticias.com.br\/index.php\/2022\/03\/29\/caged-brasil-cria-328-mil-empregos-com-carteira-assinada-em-fevereiro\/","name":"Caged: Brasil cria 328 mil empregos com carteira assinada em fevereiro - Jornal Fatos e Not\u00edcias","isPartOf":{"@id":"https:\/\/jornalfatosenoticias.com.br\/#website"},"primaryImageOfPage":{"@id":"https:\/\/jornalfatosenoticias.com.br\/index.php\/2022\/03\/29\/caged-brasil-cria-328-mil-empregos-com-carteira-assinada-em-fevereiro\/#primaryimage"},"image":{"@id":"https:\/\/jornalfatosenoticias.com.br\/index.php\/2022\/03\/29\/caged-brasil-cria-328-mil-empregos-com-carteira-assinada-em-fevereiro\/#primaryimage"},"thumbnailUrl":"https:\/\/jornalfatosenoticias.com.br\/wp-content\/uploads\/2021\/08\/carteira_de_trabalho_fgts.jpg","datePublished":"2022-03-29T16:43:13+00:00","dateModified":"2022-03-29T16:43:17+00:00","breadcrumb":{"@id":"https:\/\/jornalfatosenoticias.com.br\/index.php\/2022\/03\/29\/caged-brasil-cria-328-mil-empregos-com-carteira-assinada-em-fevereiro\/#breadcrumb"},"inLanguage":"pt-BR","potentialAction":[{"@type":"ReadAction","target":["https:\/\/jornalfatosenoticias.com.br\/index.php\/2022\/03\/29\/caged-brasil-cria-328-mil-empregos-com-carteira-assinada-em-fevereiro\/"]}]},{"@type":"ImageObject","inLanguage":"pt-BR","@id":"https:\/\/jornalfatosenoticias.com.br\/index.php\/2022\/03\/29\/caged-brasil-cria-328-mil-empregos-com-carteira-assinada-em-fevereiro\/#primaryimage","url":"https:\/\/jornalfatosenoticias.com.br\/wp-content\/uploads\/2021\/08\/carteira_de_trabalho_fgts.jpg","contentUrl":"https:\/\/jornalfatosenoticias.com.br\/wp-content\/uploads\/2021\/08\/carteira_de_trabalho_fgts.jpg","width":1000,"height":598,"caption":"carteira de trabalho"},{"@type":"BreadcrumbList","@id":"https:\/\/jornalfatosenoticias.com.br\/index.php\/2022\/03\/29\/caged-brasil-cria-328-mil-empregos-com-carteira-assinada-em-fevereiro\/#breadcrumb","itemListElement":[{"@type":"ListItem","position":1,"name":"In\u00edcio","item":"https:\/\/jornalfatosenoticias.com.br\/"},{"@type":"ListItem","position":2,"name":"Caged: Brasil cria 328 mil empregos com carteira assinada em fevereiro"}]},{"@type":"WebSite","@id":"https:\/\/jornalfatosenoticias.com.br\/#website","url":"https:\/\/jornalfatosenoticias.com.br\/","name":"Jornal Fatos e Not\u00edcias","description":"Not\u00edcias em geral","publisher":{"@id":"https:\/\/jornalfatosenoticias.com.br\/#organization"},"potentialAction":[{"@type":"SearchAction","target":{"@type":"EntryPoint","urlTemplate":"https:\/\/jornalfatosenoticias.com.br\/?s={search_term_string}"},"query-input":{"@type":"PropertyValueSpecification","valueRequired":true,"valueName":"search_term_string"}}],"inLanguage":"pt-BR"},{"@type":"Organization","@id":"https:\/\/jornalfatosenoticias.com.br\/#organization","name":"Jornal Fatos e Not\u00edcias","url":"https:\/\/jornalfatosenoticias.com.br\/","logo":{"@type":"ImageObject","inLanguage":"pt-BR","@id":"https:\/\/jornalfatosenoticias.com.br\/#\/schema\/logo\/image\/","url":"https:\/\/jornalfatosenoticias.com.br\/wp-content\/uploads\/2020\/02\/logo120.png","contentUrl":"https:\/\/jornalfatosenoticias.com.br\/wp-content\/uploads\/2020\/02\/logo120.png","width":1227,"height":120,"caption":"Jornal Fatos e Not\u00edcias"},"image":{"@id":"https:\/\/jornalfatosenoticias.com.br\/#\/schema\/logo\/image\/"}},{"@type":"Person","@id":"https:\/\/jornalfatosenoticias.com.br\/#\/schema\/person\/d63837fa13ac8666eb9e74e0985d6f81","name":"Luzimara Fernandes","image":{"@type":"ImageObject","inLanguage":"pt-BR","@id":"https:\/\/jornalfatosenoticias.com.br\/#\/schema\/person\/image\/","url":"https:\/\/jornalfatosenoticias.com.br\/wp-content\/uploads\/2025\/05\/EU_portal.jpg","contentUrl":"https:\/\/jornalfatosenoticias.com.br\/wp-content\/uploads\/2025\/05\/EU_portal.jpg","caption":"Luzimara Fernandes"},"description":"Jornalista MTB 2358-ES","sameAs":["https:\/\/jornalfatosenoticias.com.br"],"url":"https:\/\/jornalfatosenoticias.com.br\/index.php\/author\/luzimara\/"}]}},"cc_featured_image_caption":{"caption_text":"(Foto: Ag\u00eancia Bras\u00edlia)","source_text":"","source_url":""},"jetpack_featured_media_url":"https:\/\/jornalfatosenoticias.com.br\/wp-content\/uploads\/2021\/08\/carteira_de_trabalho_fgts.jpg","_links":{"self":[{"href":"https:\/\/jornalfatosenoticias.com.br\/index.php\/wp-json\/wp\/v2\/posts\/29184","targetHints":{"allow":["GET"]}}],"collection":[{"href":"https:\/\/jornalfatosenoticias.com.br\/index.php\/wp-json\/wp\/v2\/posts"}],"about":[{"href":"https:\/\/jornalfatosenoticias.com.br\/index.php\/wp-json\/wp\/v2\/types\/post"}],"author":[{"embeddable":true,"href":"https:\/\/jornalfatosenoticias.com.br\/index.php\/wp-json\/wp\/v2\/users\/2"}],"replies":[{"embeddable":true,"href":"https:\/\/jornalfatosenoticias.com.br\/index.php\/wp-json\/wp\/v2\/comments?post=29184"}],"version-history":[{"count":0,"href":"https:\/\/jornalfatosenoticias.com.br\/index.php\/wp-json\/wp\/v2\/posts\/29184\/revisions"}],"wp:featuredmedia":[{"embeddable":true,"href":"https:\/\/jornalfatosenoticias.com.br\/index.php\/wp-json\/wp\/v2\/media\/21928"}],"wp:attachment":[{"href":"https:\/\/jornalfatosenoticias.com.br\/index.php\/wp-json\/wp\/v2\/media?parent=29184"}],"wp:term":[{"taxonomy":"category","embeddable":true,"href":"https:\/\/jornalfatosenoticias.com.br\/index.php\/wp-json\/wp\/v2\/categories?post=29184"},{"taxonomy":"post_tag","embeddable":true,"href":"https:\/\/jornalfatosenoticias.com.br\/index.php\/wp-json\/wp\/v2\/tags?post=29184"}],"curies":[{"name":"wp","href":"https:\/\/api.w.org\/{rel}","templated":true}]}}