{"id":29190,"date":"2022-03-29T14:27:19","date_gmt":"2022-03-29T17:27:19","guid":{"rendered":"https:\/\/jornalfatosenoticias.com.br\/?p=29190"},"modified":"2022-03-29T14:27:20","modified_gmt":"2022-03-29T17:27:20","slug":"mec-lanca-disque-100-brasil-na-escola","status":"publish","type":"post","link":"https:\/\/jornalfatosenoticias.com.br\/index.php\/2022\/03\/29\/mec-lanca-disque-100-brasil-na-escola\/","title":{"rendered":"MEC lan\u00e7a Disque 100 Brasil na Escola"},"content":{"rendered":"\n<p><em><span class=\"has-inline-color has-black-color\">O canal Disque 100 integra estrat\u00e9gia nacional de educa\u00e7\u00e3o para o enfrentamento do abandono e da evas\u00e3o escolar<\/span><\/em><\/p>\n\n\n\n<div class=\"wp-block-image\"><figure class=\"aligncenter size-large is-resized\"><img loading=\"lazy\" decoding=\"async\" src=\"https:\/\/jornalfatosenoticias.com.br\/wp-content\/uploads\/2022\/02\/Banner-1-1024x101.png\" alt=\"\" class=\"wp-image-27923\" width=\"424\" height=\"41\"\/><\/figure><\/div>\n\n\n\n<p>O Minist\u00e9rio da Educa\u00e7\u00e3o (MEC) lan\u00e7ou, nesta segunda-feira (28), em parceria com o Minist\u00e9rio da Mulher, Fam\u00edlia e Direitos Humanos (MMFDH), a campanha Disque 100 Brasil na Escola. O canal do MMFDH que recebe, analisa e encaminha den\u00fancias de viola\u00e7\u00f5es de direitos humanos, juntamente com o MEC, buscar\u00e1 identificar situa\u00e7\u00f5es de crian\u00e7as e adolescentes que n\u00e3o est\u00e3o matriculados na rede de ensino ou que est\u00e3o sem frequentar a escola.<br>As notifica\u00e7\u00f5es recebidas ser\u00e3o encaminhadas ao Conselho Tutelar da localidade para a busca ativa e o acompanhamento de cada situa\u00e7\u00e3o. O MEC tamb\u00e9m, em parceria com as secretarias estaduais, municipais e o Distrito Federal, acompanhar\u00e1 os registros, realizando o monitoramento para apoiar a\u00e7\u00f5es que possam garantir o direito \u00e0 educa\u00e7\u00e3o.<\/p>\n\n\n\n<div class=\"wp-block-image\"><figure class=\"aligncenter size-large is-resized\"><img loading=\"lazy\" decoding=\"async\" src=\"https:\/\/jornalfatosenoticias.com.br\/wp-content\/uploads\/2022\/02\/Arte-Autoescola-Galatas_endereco_portal-1024x103.png\" alt=\"\" class=\"wp-image-27869\" width=\"418\" height=\"42\" srcset=\"https:\/\/jornalfatosenoticias.com.br\/wp-content\/uploads\/2022\/02\/Arte-Autoescola-Galatas_endereco_portal-1024x103.png 1024w, https:\/\/jornalfatosenoticias.com.br\/wp-content\/uploads\/2022\/02\/Arte-Autoescola-Galatas_endereco_portal-300x30.png 300w, https:\/\/jornalfatosenoticias.com.br\/wp-content\/uploads\/2022\/02\/Arte-Autoescola-Galatas_endereco_portal-768x77.png 768w, https:\/\/jornalfatosenoticias.com.br\/wp-content\/uploads\/2022\/02\/Arte-Autoescola-Galatas_endereco_portal.png 1223w\" sizes=\"auto, (max-width: 418px) 100vw, 418px\" \/><\/figure><\/div>\n\n\n\n<div class=\"wp-block-image\"><figure class=\"alignleft size-large\"><img decoding=\"async\" src=\"https:\/\/jornalfatosenoticias.com.br\/wp-content\/uploads\/2020\/02\/logo_esteio.jpg\" alt=\"\" class=\"wp-image-1214\"\/><\/figure><\/div>\n\n\n\n<p>Segundo o secret\u00e1rio de Educa\u00e7\u00e3o B\u00e1sica do MEC, Mauro Rabelo, o acesso \u00e0 educa\u00e7\u00e3o b\u00e1sica obrigat\u00f3ria \u00e9 um direito p\u00fablico subjetivo, podendo qualquer cidad\u00e3o, grupo de cidad\u00e3os, associa\u00e7\u00e3o comunit\u00e1ria, organiza\u00e7\u00e3o sindical, entidade de classe ou outra legalmente constitu\u00edda e, ainda, o Minist\u00e9rio P\u00fablico, acionar o poder p\u00fablico para exigi-lo.<\/p>\n\n\n\n<blockquote class=\"wp-block-quote is-layout-flow wp-block-quote-is-layout-flow\"><p><span class=\"has-inline-color has-luminous-vivid-orange-color\">\u201cPrecisamos unir esfor\u00e7os, n\u00f3s do MEC, os sistemas de ensino, os professores, familiares e toda a sociedade, para trazer nossos estudantes de volta \u00e0s escolas e fortalecer esses v\u00ednculos. A a\u00e7\u00e3o nos permitir\u00e1 elaborar pol\u00edticas p\u00fablicas efetivas e colocar em pr\u00e1tica, de forma coordenada, iniciativas para o enfrentamento \u00e0 evas\u00e3o e ao abandono escolar. Vamos, juntos, garantir que nenhuma crian\u00e7a fique fora da escola\u201d, destaca o secret\u00e1rio.<\/span><\/p><\/blockquote>\n\n\n\n<div class=\"wp-block-image\"><figure class=\"alignright size-large is-resized\"><img loading=\"lazy\" decoding=\"async\" src=\"https:\/\/jornalfatosenoticias.com.br\/wp-content\/uploads\/2022\/03\/logo-Suinco-1024x390.jpg\" alt=\"\" class=\"wp-image-28785\" width=\"320\" height=\"121\"\/><\/figure><\/div>\n\n\n\n<p>Os objetivos da campanha Disque 100 Brasil na Escola s\u00e3o: reduzir os \u00edndices de abandono e evas\u00e3o escolar, por meio de um canal de comunica\u00e7\u00e3o oficial e estruturado para as den\u00fancias; promover o engajamento da sociedade em geral no enfrentamento de situa\u00e7\u00f5es de evas\u00e3o e abandono escolar; e viabilizar o encaminhamento de situa\u00e7\u00f5es de risco de abandono e evas\u00e3o escolar \u00e0 rede de prote\u00e7\u00e3o.<br>Voc\u00ea pode ajudar nessa miss\u00e3o e contribuir para a garantia do direito \u00e0 educa\u00e7\u00e3o. Conhe\u00e7a o Disque 100 Brasil na Escola, acessando o site do MEC ou os canais do Disque 100. Ligue. Denuncie.<\/p>\n\n\n\n<div class=\"wp-block-image\"><figure class=\"aligncenter size-large is-resized\"><img loading=\"lazy\" decoding=\"async\" src=\"https:\/\/jornalfatosenoticias.com.br\/wp-content\/uploads\/2022\/02\/Serra-Pack-459.png\" alt=\"\" class=\"wp-image-27471\" width=\"370\" height=\"148\"\/><\/figure><\/div>\n\n\n\n<p><strong><em>Fonte: <a href=\"https:\/\/www.gov.br\/mec\/pt-br\/assuntos\/noticias\/mec-lanca-disque-100-brasil-na-escola\">MEC<\/a><\/em><\/strong><\/p>\n","protected":false},"excerpt":{"rendered":"<p>O canal Disque 100 integra estrat\u00e9gia nacional de educa\u00e7\u00e3o para o enfrentamento do abandono e da evas\u00e3o escolar O Minist\u00e9rio da Educa\u00e7\u00e3o (MEC) lan\u00e7ou, nesta segunda-feira (28), em parceria com o Minist\u00e9rio da Mulher, Fam\u00edlia e Direitos Humanos (MMFDH), a campanha Disque 100 Brasil na Escola. O canal do MMFDH que recebe, analisa e encaminha [&hellip;]<\/p>\n","protected":false},"author":2,"featured_media":29191,"comment_status":"open","ping_status":"open","sticky":false,"template":"","format":"standard","meta":{"footnotes":""},"categories":[7],"tags":[1040,829,3141,13880,283,13881],"class_list":["post-29190","post","type-post","status-publish","format-standard","has-post-thumbnail","hentry","category-educacao","tag-abuso-infantil","tag-campanha","tag-direitos-humanos","tag-disque-100-brasil-na-escola","tag-mec","tag-violacao-dos-direitos-humanos"],"yoast_head":"<!-- This site is optimized with the Yoast SEO plugin v26.5 - https:\/\/yoast.com\/wordpress\/plugins\/seo\/ -->\n<title>MEC lan\u00e7a Disque 100 Brasil na Escola - Jornal Fatos e Not\u00edcias<\/title>\n<meta name=\"robots\" content=\"index, follow, max-snippet:-1, max-image-preview:large, max-video-preview:-1\" \/>\n<link rel=\"canonical\" href=\"https:\/\/jornalfatosenoticias.com.br\/index.php\/2022\/03\/29\/mec-lanca-disque-100-brasil-na-escola\/\" \/>\n<meta property=\"og:locale\" content=\"pt_BR\" \/>\n<meta property=\"og:type\" content=\"article\" \/>\n<meta property=\"og:title\" content=\"MEC lan\u00e7a Disque 100 Brasil na Escola - Jornal Fatos e Not\u00edcias\" \/>\n<meta property=\"og:description\" content=\"O canal Disque 100 integra estrat\u00e9gia nacional de educa\u00e7\u00e3o para o enfrentamento do abandono e da evas\u00e3o escolar O Minist\u00e9rio da Educa\u00e7\u00e3o (MEC) lan\u00e7ou, nesta segunda-feira (28), em parceria com o Minist\u00e9rio da Mulher, Fam\u00edlia e Direitos Humanos (MMFDH), a campanha Disque 100 Brasil na Escola. O canal do MMFDH que recebe, analisa e encaminha [&hellip;]\" \/>\n<meta property=\"og:url\" content=\"https:\/\/jornalfatosenoticias.com.br\/index.php\/2022\/03\/29\/mec-lanca-disque-100-brasil-na-escola\/\" \/>\n<meta property=\"og:site_name\" content=\"Jornal Fatos e Not\u00edcias\" \/>\n<meta property=\"article:published_time\" content=\"2022-03-29T17:27:19+00:00\" \/>\n<meta property=\"article:modified_time\" content=\"2022-03-29T17:27:20+00:00\" \/>\n<meta property=\"og:image\" content=\"https:\/\/jornalfatosenoticias.com.br\/wp-content\/uploads\/2022\/03\/DISQUE-100-NA-ESCOLA.jpeg\" \/>\n\t<meta property=\"og:image:width\" content=\"1000\" \/>\n\t<meta property=\"og:image:height\" content=\"661\" \/>\n\t<meta property=\"og:image:type\" content=\"image\/jpeg\" \/>\n<meta name=\"author\" content=\"Luzimara Fernandes\" \/>\n<meta name=\"twitter:card\" content=\"summary_large_image\" \/>\n<meta name=\"twitter:label1\" content=\"Escrito por\" \/>\n\t<meta name=\"twitter:data1\" content=\"Luzimara Fernandes\" \/>\n\t<meta name=\"twitter:label2\" content=\"Est. tempo de leitura\" \/>\n\t<meta name=\"twitter:data2\" content=\"2 minutos\" \/>\n<script type=\"application\/ld+json\" class=\"yoast-schema-graph\">{\"@context\":\"https:\/\/schema.org\",\"@graph\":[{\"@type\":\"Article\",\"@id\":\"https:\/\/jornalfatosenoticias.com.br\/index.php\/2022\/03\/29\/mec-lanca-disque-100-brasil-na-escola\/#article\",\"isPartOf\":{\"@id\":\"https:\/\/jornalfatosenoticias.com.br\/index.php\/2022\/03\/29\/mec-lanca-disque-100-brasil-na-escola\/\"},\"author\":{\"name\":\"Luzimara Fernandes\",\"@id\":\"https:\/\/jornalfatosenoticias.com.br\/#\/schema\/person\/d63837fa13ac8666eb9e74e0985d6f81\"},\"headline\":\"MEC lan\u00e7a Disque 100 Brasil na Escola\",\"datePublished\":\"2022-03-29T17:27:19+00:00\",\"dateModified\":\"2022-03-29T17:27:20+00:00\",\"mainEntityOfPage\":{\"@id\":\"https:\/\/jornalfatosenoticias.com.br\/index.php\/2022\/03\/29\/mec-lanca-disque-100-brasil-na-escola\/\"},\"wordCount\":407,\"commentCount\":0,\"publisher\":{\"@id\":\"https:\/\/jornalfatosenoticias.com.br\/#organization\"},\"image\":{\"@id\":\"https:\/\/jornalfatosenoticias.com.br\/index.php\/2022\/03\/29\/mec-lanca-disque-100-brasil-na-escola\/#primaryimage\"},\"thumbnailUrl\":\"https:\/\/jornalfatosenoticias.com.br\/wp-content\/uploads\/2022\/03\/DISQUE-100-NA-ESCOLA.jpeg\",\"keywords\":[\"abuso infantil\",\"campanha\",\"direitos humanos\",\"Disque 100 Brasil na Escola\",\"MEC\",\"viola\u00e7\u00e3o dos direitos humanos\"],\"articleSection\":[\"Educa\u00e7\u00e3o\"],\"inLanguage\":\"pt-BR\",\"potentialAction\":[{\"@type\":\"CommentAction\",\"name\":\"Comment\",\"target\":[\"https:\/\/jornalfatosenoticias.com.br\/index.php\/2022\/03\/29\/mec-lanca-disque-100-brasil-na-escola\/#respond\"]}]},{\"@type\":\"WebPage\",\"@id\":\"https:\/\/jornalfatosenoticias.com.br\/index.php\/2022\/03\/29\/mec-lanca-disque-100-brasil-na-escola\/\",\"url\":\"https:\/\/jornalfatosenoticias.com.br\/index.php\/2022\/03\/29\/mec-lanca-disque-100-brasil-na-escola\/\",\"name\":\"MEC lan\u00e7a Disque 100 Brasil na Escola - Jornal Fatos e Not\u00edcias\",\"isPartOf\":{\"@id\":\"https:\/\/jornalfatosenoticias.com.br\/#website\"},\"primaryImageOfPage\":{\"@id\":\"https:\/\/jornalfatosenoticias.com.br\/index.php\/2022\/03\/29\/mec-lanca-disque-100-brasil-na-escola\/#primaryimage\"},\"image\":{\"@id\":\"https:\/\/jornalfatosenoticias.com.br\/index.php\/2022\/03\/29\/mec-lanca-disque-100-brasil-na-escola\/#primaryimage\"},\"thumbnailUrl\":\"https:\/\/jornalfatosenoticias.com.br\/wp-content\/uploads\/2022\/03\/DISQUE-100-NA-ESCOLA.jpeg\",\"datePublished\":\"2022-03-29T17:27:19+00:00\",\"dateModified\":\"2022-03-29T17:27:20+00:00\",\"breadcrumb\":{\"@id\":\"https:\/\/jornalfatosenoticias.com.br\/index.php\/2022\/03\/29\/mec-lanca-disque-100-brasil-na-escola\/#breadcrumb\"},\"inLanguage\":\"pt-BR\",\"potentialAction\":[{\"@type\":\"ReadAction\",\"target\":[\"https:\/\/jornalfatosenoticias.com.br\/index.php\/2022\/03\/29\/mec-lanca-disque-100-brasil-na-escola\/\"]}]},{\"@type\":\"ImageObject\",\"inLanguage\":\"pt-BR\",\"@id\":\"https:\/\/jornalfatosenoticias.com.br\/index.php\/2022\/03\/29\/mec-lanca-disque-100-brasil-na-escola\/#primaryimage\",\"url\":\"https:\/\/jornalfatosenoticias.com.br\/wp-content\/uploads\/2022\/03\/DISQUE-100-NA-ESCOLA.jpeg\",\"contentUrl\":\"https:\/\/jornalfatosenoticias.com.br\/wp-content\/uploads\/2022\/03\/DISQUE-100-NA-ESCOLA.jpeg\",\"width\":1000,\"height\":661},{\"@type\":\"BreadcrumbList\",\"@id\":\"https:\/\/jornalfatosenoticias.com.br\/index.php\/2022\/03\/29\/mec-lanca-disque-100-brasil-na-escola\/#breadcrumb\",\"itemListElement\":[{\"@type\":\"ListItem\",\"position\":1,\"name\":\"In\u00edcio\",\"item\":\"https:\/\/jornalfatosenoticias.com.br\/\"},{\"@type\":\"ListItem\",\"position\":2,\"name\":\"MEC lan\u00e7a Disque 100 Brasil na Escola\"}]},{\"@type\":\"WebSite\",\"@id\":\"https:\/\/jornalfatosenoticias.com.br\/#website\",\"url\":\"https:\/\/jornalfatosenoticias.com.br\/\",\"name\":\"Jornal Fatos e Not\u00edcias\",\"description\":\"Not\u00edcias em geral\",\"publisher\":{\"@id\":\"https:\/\/jornalfatosenoticias.com.br\/#organization\"},\"potentialAction\":[{\"@type\":\"SearchAction\",\"target\":{\"@type\":\"EntryPoint\",\"urlTemplate\":\"https:\/\/jornalfatosenoticias.com.br\/?s={search_term_string}\"},\"query-input\":{\"@type\":\"PropertyValueSpecification\",\"valueRequired\":true,\"valueName\":\"search_term_string\"}}],\"inLanguage\":\"pt-BR\"},{\"@type\":\"Organization\",\"@id\":\"https:\/\/jornalfatosenoticias.com.br\/#organization\",\"name\":\"Jornal Fatos e Not\u00edcias\",\"url\":\"https:\/\/jornalfatosenoticias.com.br\/\",\"logo\":{\"@type\":\"ImageObject\",\"inLanguage\":\"pt-BR\",\"@id\":\"https:\/\/jornalfatosenoticias.com.br\/#\/schema\/logo\/image\/\",\"url\":\"https:\/\/jornalfatosenoticias.com.br\/wp-content\/uploads\/2020\/02\/logo120.png\",\"contentUrl\":\"https:\/\/jornalfatosenoticias.com.br\/wp-content\/uploads\/2020\/02\/logo120.png\",\"width\":1227,\"height\":120,\"caption\":\"Jornal Fatos e Not\u00edcias\"},\"image\":{\"@id\":\"https:\/\/jornalfatosenoticias.com.br\/#\/schema\/logo\/image\/\"}},{\"@type\":\"Person\",\"@id\":\"https:\/\/jornalfatosenoticias.com.br\/#\/schema\/person\/d63837fa13ac8666eb9e74e0985d6f81\",\"name\":\"Luzimara Fernandes\",\"image\":{\"@type\":\"ImageObject\",\"inLanguage\":\"pt-BR\",\"@id\":\"https:\/\/jornalfatosenoticias.com.br\/#\/schema\/person\/image\/\",\"url\":\"https:\/\/jornalfatosenoticias.com.br\/wp-content\/uploads\/2025\/05\/EU_portal.jpg\",\"contentUrl\":\"https:\/\/jornalfatosenoticias.com.br\/wp-content\/uploads\/2025\/05\/EU_portal.jpg\",\"caption\":\"Luzimara Fernandes\"},\"description\":\"Jornalista MTB 2358-ES\",\"sameAs\":[\"https:\/\/jornalfatosenoticias.com.br\"],\"url\":\"https:\/\/jornalfatosenoticias.com.br\/index.php\/author\/luzimara\/\"}]}<\/script>\n<!-- \/ Yoast SEO plugin. -->","yoast_head_json":{"title":"MEC lan\u00e7a Disque 100 Brasil na Escola - Jornal Fatos e Not\u00edcias","robots":{"index":"index","follow":"follow","max-snippet":"max-snippet:-1","max-image-preview":"max-image-preview:large","max-video-preview":"max-video-preview:-1"},"canonical":"https:\/\/jornalfatosenoticias.com.br\/index.php\/2022\/03\/29\/mec-lanca-disque-100-brasil-na-escola\/","og_locale":"pt_BR","og_type":"article","og_title":"MEC lan\u00e7a Disque 100 Brasil na Escola - Jornal Fatos e Not\u00edcias","og_description":"O canal Disque 100 integra estrat\u00e9gia nacional de educa\u00e7\u00e3o para o enfrentamento do abandono e da evas\u00e3o escolar O Minist\u00e9rio da Educa\u00e7\u00e3o (MEC) lan\u00e7ou, nesta segunda-feira (28), em parceria com o Minist\u00e9rio da Mulher, Fam\u00edlia e Direitos Humanos (MMFDH), a campanha Disque 100 Brasil na Escola. O canal do MMFDH que recebe, analisa e encaminha [&hellip;]","og_url":"https:\/\/jornalfatosenoticias.com.br\/index.php\/2022\/03\/29\/mec-lanca-disque-100-brasil-na-escola\/","og_site_name":"Jornal Fatos e Not\u00edcias","article_published_time":"2022-03-29T17:27:19+00:00","article_modified_time":"2022-03-29T17:27:20+00:00","og_image":[{"width":1000,"height":661,"url":"https:\/\/jornalfatosenoticias.com.br\/wp-content\/uploads\/2022\/03\/DISQUE-100-NA-ESCOLA.jpeg","type":"image\/jpeg"}],"author":"Luzimara Fernandes","twitter_card":"summary_large_image","twitter_misc":{"Escrito por":"Luzimara Fernandes","Est. tempo de leitura":"2 minutos"},"schema":{"@context":"https:\/\/schema.org","@graph":[{"@type":"Article","@id":"https:\/\/jornalfatosenoticias.com.br\/index.php\/2022\/03\/29\/mec-lanca-disque-100-brasil-na-escola\/#article","isPartOf":{"@id":"https:\/\/jornalfatosenoticias.com.br\/index.php\/2022\/03\/29\/mec-lanca-disque-100-brasil-na-escola\/"},"author":{"name":"Luzimara Fernandes","@id":"https:\/\/jornalfatosenoticias.com.br\/#\/schema\/person\/d63837fa13ac8666eb9e74e0985d6f81"},"headline":"MEC lan\u00e7a Disque 100 Brasil na Escola","datePublished":"2022-03-29T17:27:19+00:00","dateModified":"2022-03-29T17:27:20+00:00","mainEntityOfPage":{"@id":"https:\/\/jornalfatosenoticias.com.br\/index.php\/2022\/03\/29\/mec-lanca-disque-100-brasil-na-escola\/"},"wordCount":407,"commentCount":0,"publisher":{"@id":"https:\/\/jornalfatosenoticias.com.br\/#organization"},"image":{"@id":"https:\/\/jornalfatosenoticias.com.br\/index.php\/2022\/03\/29\/mec-lanca-disque-100-brasil-na-escola\/#primaryimage"},"thumbnailUrl":"https:\/\/jornalfatosenoticias.com.br\/wp-content\/uploads\/2022\/03\/DISQUE-100-NA-ESCOLA.jpeg","keywords":["abuso infantil","campanha","direitos humanos","Disque 100 Brasil na Escola","MEC","viola\u00e7\u00e3o dos direitos humanos"],"articleSection":["Educa\u00e7\u00e3o"],"inLanguage":"pt-BR","potentialAction":[{"@type":"CommentAction","name":"Comment","target":["https:\/\/jornalfatosenoticias.com.br\/index.php\/2022\/03\/29\/mec-lanca-disque-100-brasil-na-escola\/#respond"]}]},{"@type":"WebPage","@id":"https:\/\/jornalfatosenoticias.com.br\/index.php\/2022\/03\/29\/mec-lanca-disque-100-brasil-na-escola\/","url":"https:\/\/jornalfatosenoticias.com.br\/index.php\/2022\/03\/29\/mec-lanca-disque-100-brasil-na-escola\/","name":"MEC lan\u00e7a Disque 100 Brasil na Escola - Jornal Fatos e Not\u00edcias","isPartOf":{"@id":"https:\/\/jornalfatosenoticias.com.br\/#website"},"primaryImageOfPage":{"@id":"https:\/\/jornalfatosenoticias.com.br\/index.php\/2022\/03\/29\/mec-lanca-disque-100-brasil-na-escola\/#primaryimage"},"image":{"@id":"https:\/\/jornalfatosenoticias.com.br\/index.php\/2022\/03\/29\/mec-lanca-disque-100-brasil-na-escola\/#primaryimage"},"thumbnailUrl":"https:\/\/jornalfatosenoticias.com.br\/wp-content\/uploads\/2022\/03\/DISQUE-100-NA-ESCOLA.jpeg","datePublished":"2022-03-29T17:27:19+00:00","dateModified":"2022-03-29T17:27:20+00:00","breadcrumb":{"@id":"https:\/\/jornalfatosenoticias.com.br\/index.php\/2022\/03\/29\/mec-lanca-disque-100-brasil-na-escola\/#breadcrumb"},"inLanguage":"pt-BR","potentialAction":[{"@type":"ReadAction","target":["https:\/\/jornalfatosenoticias.com.br\/index.php\/2022\/03\/29\/mec-lanca-disque-100-brasil-na-escola\/"]}]},{"@type":"ImageObject","inLanguage":"pt-BR","@id":"https:\/\/jornalfatosenoticias.com.br\/index.php\/2022\/03\/29\/mec-lanca-disque-100-brasil-na-escola\/#primaryimage","url":"https:\/\/jornalfatosenoticias.com.br\/wp-content\/uploads\/2022\/03\/DISQUE-100-NA-ESCOLA.jpeg","contentUrl":"https:\/\/jornalfatosenoticias.com.br\/wp-content\/uploads\/2022\/03\/DISQUE-100-NA-ESCOLA.jpeg","width":1000,"height":661},{"@type":"BreadcrumbList","@id":"https:\/\/jornalfatosenoticias.com.br\/index.php\/2022\/03\/29\/mec-lanca-disque-100-brasil-na-escola\/#breadcrumb","itemListElement":[{"@type":"ListItem","position":1,"name":"In\u00edcio","item":"https:\/\/jornalfatosenoticias.com.br\/"},{"@type":"ListItem","position":2,"name":"MEC lan\u00e7a Disque 100 Brasil na Escola"}]},{"@type":"WebSite","@id":"https:\/\/jornalfatosenoticias.com.br\/#website","url":"https:\/\/jornalfatosenoticias.com.br\/","name":"Jornal Fatos e Not\u00edcias","description":"Not\u00edcias em geral","publisher":{"@id":"https:\/\/jornalfatosenoticias.com.br\/#organization"},"potentialAction":[{"@type":"SearchAction","target":{"@type":"EntryPoint","urlTemplate":"https:\/\/jornalfatosenoticias.com.br\/?s={search_term_string}"},"query-input":{"@type":"PropertyValueSpecification","valueRequired":true,"valueName":"search_term_string"}}],"inLanguage":"pt-BR"},{"@type":"Organization","@id":"https:\/\/jornalfatosenoticias.com.br\/#organization","name":"Jornal Fatos e Not\u00edcias","url":"https:\/\/jornalfatosenoticias.com.br\/","logo":{"@type":"ImageObject","inLanguage":"pt-BR","@id":"https:\/\/jornalfatosenoticias.com.br\/#\/schema\/logo\/image\/","url":"https:\/\/jornalfatosenoticias.com.br\/wp-content\/uploads\/2020\/02\/logo120.png","contentUrl":"https:\/\/jornalfatosenoticias.com.br\/wp-content\/uploads\/2020\/02\/logo120.png","width":1227,"height":120,"caption":"Jornal Fatos e Not\u00edcias"},"image":{"@id":"https:\/\/jornalfatosenoticias.com.br\/#\/schema\/logo\/image\/"}},{"@type":"Person","@id":"https:\/\/jornalfatosenoticias.com.br\/#\/schema\/person\/d63837fa13ac8666eb9e74e0985d6f81","name":"Luzimara Fernandes","image":{"@type":"ImageObject","inLanguage":"pt-BR","@id":"https:\/\/jornalfatosenoticias.com.br\/#\/schema\/person\/image\/","url":"https:\/\/jornalfatosenoticias.com.br\/wp-content\/uploads\/2025\/05\/EU_portal.jpg","contentUrl":"https:\/\/jornalfatosenoticias.com.br\/wp-content\/uploads\/2025\/05\/EU_portal.jpg","caption":"Luzimara Fernandes"},"description":"Jornalista MTB 2358-ES","sameAs":["https:\/\/jornalfatosenoticias.com.br"],"url":"https:\/\/jornalfatosenoticias.com.br\/index.php\/author\/luzimara\/"}]}},"cc_featured_image_caption":{"caption_text":"(Foto: Divulga\u00e7\u00e3o\/MEC)","source_text":"","source_url":""},"jetpack_featured_media_url":"https:\/\/jornalfatosenoticias.com.br\/wp-content\/uploads\/2022\/03\/DISQUE-100-NA-ESCOLA.jpeg","_links":{"self":[{"href":"https:\/\/jornalfatosenoticias.com.br\/index.php\/wp-json\/wp\/v2\/posts\/29190","targetHints":{"allow":["GET"]}}],"collection":[{"href":"https:\/\/jornalfatosenoticias.com.br\/index.php\/wp-json\/wp\/v2\/posts"}],"about":[{"href":"https:\/\/jornalfatosenoticias.com.br\/index.php\/wp-json\/wp\/v2\/types\/post"}],"author":[{"embeddable":true,"href":"https:\/\/jornalfatosenoticias.com.br\/index.php\/wp-json\/wp\/v2\/users\/2"}],"replies":[{"embeddable":true,"href":"https:\/\/jornalfatosenoticias.com.br\/index.php\/wp-json\/wp\/v2\/comments?post=29190"}],"version-history":[{"count":0,"href":"https:\/\/jornalfatosenoticias.com.br\/index.php\/wp-json\/wp\/v2\/posts\/29190\/revisions"}],"wp:featuredmedia":[{"embeddable":true,"href":"https:\/\/jornalfatosenoticias.com.br\/index.php\/wp-json\/wp\/v2\/media\/29191"}],"wp:attachment":[{"href":"https:\/\/jornalfatosenoticias.com.br\/index.php\/wp-json\/wp\/v2\/media?parent=29190"}],"wp:term":[{"taxonomy":"category","embeddable":true,"href":"https:\/\/jornalfatosenoticias.com.br\/index.php\/wp-json\/wp\/v2\/categories?post=29190"},{"taxonomy":"post_tag","embeddable":true,"href":"https:\/\/jornalfatosenoticias.com.br\/index.php\/wp-json\/wp\/v2\/tags?post=29190"}],"curies":[{"name":"wp","href":"https:\/\/api.w.org\/{rel}","templated":true}]}}