{"id":29193,"date":"2022-03-29T14:46:48","date_gmt":"2022-03-29T17:46:48","guid":{"rendered":"https:\/\/jornalfatosenoticias.com.br\/?p=29193"},"modified":"2022-03-29T14:46:52","modified_gmt":"2022-03-29T17:46:52","slug":"raias-gigantes-ameacadas-de-extincao-vivem-na-baia-de-guanabara","status":"publish","type":"post","link":"https:\/\/jornalfatosenoticias.com.br\/index.php\/2022\/03\/29\/raias-gigantes-ameacadas-de-extincao-vivem-na-baia-de-guanabara\/","title":{"rendered":"Raias gigantes amea\u00e7adas de extin\u00e7\u00e3o vivem na Ba\u00eda de Guanabara"},"content":{"rendered":"\n<p><em><span class=\"has-inline-color has-black-color\">Ainda n\u00e3o existe explica\u00e7\u00e3o para tamanha concentra\u00e7\u00e3o numa \u00e1rea t\u00e3o castigada por d\u00e9cadas de polui\u00e7\u00e3o e descaso<\/span><\/em><\/p>\n\n\n\n<div class=\"wp-block-image\"><figure class=\"aligncenter size-large is-resized\"><img loading=\"lazy\" decoding=\"async\" src=\"https:\/\/jornalfatosenoticias.com.br\/wp-content\/uploads\/2022\/02\/Arte-Autoescola-Galatas_endereco_portal-1024x103.png\" alt=\"\" class=\"wp-image-27869\" width=\"407\" height=\"41\" srcset=\"https:\/\/jornalfatosenoticias.com.br\/wp-content\/uploads\/2022\/02\/Arte-Autoescola-Galatas_endereco_portal-1024x103.png 1024w, https:\/\/jornalfatosenoticias.com.br\/wp-content\/uploads\/2022\/02\/Arte-Autoescola-Galatas_endereco_portal-300x30.png 300w, https:\/\/jornalfatosenoticias.com.br\/wp-content\/uploads\/2022\/02\/Arte-Autoescola-Galatas_endereco_portal-768x77.png 768w, https:\/\/jornalfatosenoticias.com.br\/wp-content\/uploads\/2022\/02\/Arte-Autoescola-Galatas_endereco_portal.png 1223w\" sizes=\"auto, (max-width: 407px) 100vw, 407px\" \/><\/figure><\/div>\n\n\n\n<p>H\u00e1 mais riqueza e mist\u00e9rio no centro do Rio de Janeiro do que a vista alcan\u00e7a. Na orla, as \u00e1guas da Ba\u00eda da Guanabara, que de t\u00e3o turvas parecem sem vida, abrigam alguns dos peixes mais espetaculares do mundo. S\u00e3o raias gigantes amea\u00e7adas de extin\u00e7\u00e3o, que encantam ao nadar como se fossem borboletas com quase tr\u00eas metros de envergadura. Vivem por l\u00e1 em tamanha quantidade que surpreenderam os bi\u00f3logos que as descobriram.<br>O recanto das raias-borboletas (<em>Gymnura altavela<\/em>) em pleno Centro se estende da Pra\u00e7a XV at\u00e9 a cabeceira da pista do Aeroporto Santos Dumont, onde se reproduzem e se refugiam.<\/p>\n\n\n\n<figure class=\"wp-block-image size-large\"><img loading=\"lazy\" decoding=\"async\" width=\"1000\" height=\"599\" src=\"https:\/\/jornalfatosenoticias.com.br\/wp-content\/uploads\/2022\/03\/raia-2.jpg\" alt=\"\" class=\"wp-image-29194\" srcset=\"https:\/\/jornalfatosenoticias.com.br\/wp-content\/uploads\/2022\/03\/raia-2.jpg 1000w, https:\/\/jornalfatosenoticias.com.br\/wp-content\/uploads\/2022\/03\/raia-2-300x180.jpg 300w, https:\/\/jornalfatosenoticias.com.br\/wp-content\/uploads\/2022\/03\/raia-2-768x460.jpg 768w\" sizes=\"auto, (max-width: 1000px) 100vw, 1000px\" \/><figcaption><em><span class=\"has-inline-color has-black-color\">Riqueza amea\u00e7ada. Raia-viola-de-focinho-curto na polu\u00edda Ba\u00eda: diferentes esp\u00e9cies, algumas com risco de extin\u00e7\u00e3o, se concentram em frente ao Centro (Foto: Ricardo Gomes\/Instituto Mar Urbano)<\/span><\/em><\/figcaption><\/figure>\n\n\n\n<p><strong><span class=\"has-inline-color has-vivid-green-cyan-color\">Proje\u00e7\u00e3o no cristo<br><\/span><\/strong>Mais de cem animais j\u00e1 foram fotografados e filmados juntos, numa \u00fanica noite, pelo bi\u00f3logo marinho e diretor do Instituto Mar Urbano (IMU), Ricardo Gomes, que h\u00e1 tr\u00eas d\u00e9cadas mergulha na Guanabara. Al\u00e9m das borboletas, raias de outras esp\u00e9cies tamb\u00e9m se re\u00fanem na regi\u00e3o.<br>Por ora, ainda n\u00e3o existe explica\u00e7\u00e3o para tamanha concentra\u00e7\u00e3o numa \u00e1rea t\u00e3o castigada por d\u00e9cadas de polui\u00e7\u00e3o e descaso.<\/p>\n\n\n\n<div class=\"wp-block-image\"><figure class=\"aligncenter size-large is-resized\"><img loading=\"lazy\" decoding=\"async\" src=\"https:\/\/jornalfatosenoticias.com.br\/wp-content\/uploads\/2022\/02\/Precisao-Contabilidade-1024x724.jpg\" alt=\"\" class=\"wp-image-28088\" width=\"343\" height=\"242\"\/><\/figure><\/div>\n\n\n\n<blockquote class=\"wp-block-quote is-layout-flow wp-block-quote-is-layout-flow\"><p><span class=\"has-inline-color has-luminous-vivid-orange-color\">&#8220;\u00c9 um verdadeiro mist\u00e9rio. No meio daquela \u00e1gua turva e t\u00e3o suja d\u00e1 esperan\u00e7a ver que a vida insiste em resistir, em formas espetaculares&#8221;, afirma Gomes.<\/span><\/p><\/blockquote>\n\n\n\n<div class=\"wp-block-image\"><figure class=\"alignleft size-large\"><img decoding=\"async\" src=\"https:\/\/jornalfatosenoticias.com.br\/wp-content\/uploads\/2020\/02\/logo_esteio.jpg\" alt=\"\" class=\"wp-image-1214\"\/><\/figure><\/div>\n\n\n\n<p>A poucos passos do vaiv\u00e9m das multid\u00f5es pedestres e de avi\u00f5es em manobras de pouso e decolagem, peixes encontraram um mar de tranquilidade \u2014 que pode estar com os dias contados, caso o Santos Dumont sofra obras de amplia\u00e7\u00e3o, alertam bi\u00f3logos.<br>Estudos anteriores j\u00e1 haviam mostrado o perigo da amplia\u00e7\u00e3o do aeroporto para tartarugas e aves marinhas. Agora, bi\u00f3logos como Gomes revelam que os danos podem ser ainda maiores.<\/p>\n\n\n\n<blockquote class=\"wp-block-quote is-layout-flow wp-block-quote-is-layout-flow\"><p><span class=\"has-inline-color has-luminous-vivid-orange-color\">&#8220;O reduto das raias e de uma s\u00e9rie de outras esp\u00e9cies valiosas de peixes ser\u00e1 destru\u00eddo, caso a pista do Santos Dumont seja ampliada. Mergulhamos com regularidade nas \u00e1guas do Centro e sempre nos maravilhamos com o que vemos&#8221;, afirma o bi\u00f3logo, um dos autores do rec\u00e9m-lan\u00e7ado \u201cGuia de Identifica\u00e7\u00e3o Simplificado das Raias da Guanabara\u201d.<\/span><\/p><\/blockquote>\n\n\n\n<div class=\"wp-block-image\"><figure class=\"alignright size-large is-resized\"><img loading=\"lazy\" decoding=\"async\" src=\"https:\/\/jornalfatosenoticias.com.br\/wp-content\/uploads\/2020\/02\/nova-logo-Marquetti.jpg\" alt=\"\" class=\"wp-image-22331\" width=\"322\" height=\"217\" srcset=\"https:\/\/jornalfatosenoticias.com.br\/wp-content\/uploads\/2020\/02\/nova-logo-Marquetti.jpg 643w, https:\/\/jornalfatosenoticias.com.br\/wp-content\/uploads\/2020\/02\/nova-logo-Marquetti-300x202.jpg 300w\" sizes=\"auto, (max-width: 322px) 100vw, 322px\" \/><\/figure><\/div>\n\n\n\n<p>O guia, que poder\u00e1 ser baixado gratuitamente na internet a partir de amanh\u00e3, no site do IMU (institutomarurbano.com.br), traz essas descobertas. Em abril, o IMU tamb\u00e9m vai lan\u00e7ar um filme sobre o para\u00edso das raias na Ba\u00eda, resultado de uma expedi\u00e7\u00e3o apoiada pela OceanPact.<br>As raias da Guanabara, que parecem voar dentro d\u2019\u00e1gua, v\u00e3o ganhar os c\u00e9us amanh\u00e3. Fotos feitas por Ricardo Gomes ser\u00e3o projetadas no Cristo Redentor, durante a cerim\u00f4nia inaugural da plataforma de sustentabilidade urbana Rio2030.<br>Coautor do guia, o tamb\u00e9m bi\u00f3logo e mergulhador Nathan Lagares Ara\u00fajo lembra que, com sete esp\u00e9cies registradas, a Ba\u00eda de Guanabara \u00e9 a quinta ba\u00eda com maior diversidade de raias do mundo. Boa parte dessa riqueza biol\u00f3gica se reproduz e busca abrigo justamente na cabeceira da pista do Santos Dumont.<br>Na cabeceira da pista voltada para a Pra\u00e7a XV concentra-se o abrigo das raias. J\u00e1 a parte virada para a dire\u00e7\u00e3o do Flamengo tem como prosseguimento um enorme muro de pedra submerso que se transformou em uma esp\u00e9cie de recife artificial. Naquele local, segundo Ricardo Gomes, \u00e9 mais f\u00e1cil encontrar garoupas do que no cristalino mar de Angra dos Reis. Al\u00e9m de garoupas, h\u00e1 robalos, sargos-de-bei\u00e7o, marimbas, moreias e esp\u00e9cies ornamentais, como os coloridos paru e peixe-frade.<\/p>\n\n\n\n<div class=\"wp-block-image\"><figure class=\"aligncenter size-large is-resized\"><img loading=\"lazy\" decoding=\"async\" src=\"https:\/\/jornalfatosenoticias.com.br\/wp-content\/uploads\/2022\/02\/Banner-1-1024x101.png\" alt=\"\" class=\"wp-image-27923\" width=\"434\" height=\"42\"\/><\/figure><\/div>\n\n\n\n<p>As raias s\u00e3o definidas como esp\u00e9cies bandeiras, ou seja, est\u00e3o no topo da cadeia alimentar. Sua presen\u00e7a \u00e9 um indicador consistente de que o ecossistema local \u00e9 capaz de abrigar toda uma comunidade marinha.<br>Entre as raias existentes na Ba\u00eda de Guanabara est\u00e1 outro exemplar gigante, a raia-chita (<em>Aetobatus narinari)<\/em>, tamb\u00e9m amea\u00e7ada de extin\u00e7\u00e3o, conhecida pela beleza de sua colora\u00e7\u00e3o. Negra e coberta por pintas brancas, ela chega a medir mais de tr\u00eas metros de envergadura.<br>\u00c0 beira da costa carioca, ainda tem lugar de destaque na fauna local a treme-treme <em>(Narcine brasiliensis)<\/em>, uma raia el\u00e9trica, nativa do Brasil. Sabe-se muito pouco sobre o animal, que mede cerca de 50 cent\u00edmetros e tem capacidade de emitir descargas el\u00e9tricas e capturar suas presas. A Ba\u00eda de Guanabara tamb\u00e9m tem uma popula\u00e7\u00e3o de raias-viola. Essas s\u00e3o as mais conhecidas, vendidas em feira e mercados.<br>Segundo Gomes, sequer se sabe o verdadeiro estado de conserva\u00e7\u00e3o das raias-viola, que, de t\u00e3o exploradas, est\u00e3o se tornando raras e podem desaparecer se a pesca comercial n\u00e3o for controlada. O bi\u00f3logo diz ainda que, muitas vezes, carne de outras raias e tubar\u00f5es \u00e9 vendida irregularmente como viola.<\/p>\n\n\n\n<div class=\"wp-block-image\"><figure class=\"aligncenter size-large\"><img loading=\"lazy\" decoding=\"async\" width=\"300\" height=\"250\" src=\"https:\/\/jornalfatosenoticias.com.br\/wp-content\/uploads\/2022\/02\/FERRARI_MAQUINAS-E-FERRAMENTAS2.jpg\" alt=\"\" class=\"wp-image-27860\"\/><\/figure><\/div>\n\n\n\n<blockquote class=\"wp-block-quote is-layout-flow wp-block-quote-is-layout-flow\"><p><span class=\"has-inline-color has-luminous-vivid-orange-color\">&#8220;Isso \u00e9 patrim\u00f4nio da cidade. Em muitos lugares do mundo, a ind\u00fastria do turismo gera emprego e renda com a observa\u00e7\u00e3o de animais marinhos. Junto ao Santos Dumont e na Pra\u00e7a XV temos uma concentra\u00e7\u00e3o de raias maior do que as observadas em lugares paradis\u00edacos, como a Indon\u00e9sia e o Hava\u00ed&#8221;, enfatiza Gomes.<\/span><\/p><\/blockquote>\n\n\n\n<div class=\"wp-block-image\"><figure class=\"alignleft size-large is-resized\"><img loading=\"lazy\" decoding=\"async\" src=\"https:\/\/jornalfatosenoticias.com.br\/wp-content\/uploads\/2022\/02\/Serra-Pack-459.png\" alt=\"\" class=\"wp-image-27471\" width=\"371\" height=\"148\"\/><\/figure><\/div>\n\n\n\n<p><strong><span class=\"has-inline-color has-vivid-green-cyan-color\">Amea\u00e7as \u00e0 ba\u00eda<br><\/span><\/strong>Nathan Ara\u00fajo salienta que o guia foi lan\u00e7ado justamente para estimular a popula\u00e7\u00e3o do Rio e seus visitantes a conhecerem e valorizarem a fauna da cidade, \u00fanica no mundo quando o assunto \u00e9 biodiversidade urbana.<\/p>\n\n\n\n<blockquote class=\"wp-block-quote is-layout-flow wp-block-quote-is-layout-flow\"><p><span class=\"has-inline-color has-luminous-vivid-orange-color\">&#8220;Acreditamos que pode haver mais esp\u00e9cies de raias. A ba\u00eda est\u00e1 doente, mas n\u00e3o est\u00e1 morta, ela \u00e9 o lar de centenas de esp\u00e9cies marinhas que vivem no limite sob constante amea\u00e7a. A mais recente \u00e9 justamente o projeto de ampliar o Santos Dumont&#8221;, salienta Ara\u00fajo.<\/span><\/p><\/blockquote>\n\n\n\n<div class=\"wp-block-image\"><figure class=\"alignright size-large is-resized\"><img loading=\"lazy\" decoding=\"async\" src=\"https:\/\/jornalfatosenoticias.com.br\/wp-content\/uploads\/2022\/03\/logo-Suinco-1024x390.jpg\" alt=\"\" class=\"wp-image-28785\" width=\"373\" height=\"141\"\/><\/figure><\/div>\n\n\n\n<p>Nenhuma das sete esp\u00e9cies encontradas na Ba\u00eda de Guanabara oferece perigo ao ser humano. Eles n\u00e3o atacam e o temido ferr\u00e3o na ponta do rabo s\u00f3 \u00e9 um risco, se a pessoa tenta tocar ou intimidar o animal. As raias s\u00e3o v\u00edtimas. Sofrem com a polui\u00e7\u00e3o, a perda de habitat e a pesca comercial. E, agora, com a amea\u00e7a de seu local de ref\u00fagio ser destru\u00eddo.<br>Os pesquisadores temem que, se perderem seu habitat, as raias-borboletas da Guanabara poder\u00e3o vir a ter o mesmo destino de seu parente peixe-serra <em>(Pristis perotteti)<\/em>, que desapareceu h\u00e1 mais de uma d\u00e9cada.<\/p>\n\n\n\n<div class=\"wp-block-image\"><figure class=\"aligncenter size-large is-resized\"><img loading=\"lazy\" decoding=\"async\" src=\"https:\/\/jornalfatosenoticias.com.br\/wp-content\/uploads\/2020\/02\/Serra-Grande-1024x160.png\" alt=\"\" class=\"wp-image-7836\" width=\"385\" height=\"60\"\/><\/figure><\/div>\n\n\n\n<blockquote class=\"wp-block-quote is-layout-flow wp-block-quote-is-layout-flow\"><p><span class=\"has-inline-color has-luminous-vivid-orange-color\">&#8220;A regi\u00e3o do Centro \u00e9 o cora\u00e7\u00e3o da Ba\u00eda de Guanabara. N\u00e3o podemos deixar que seja destru\u00eddo. Ao contr\u00e1rio, precisamos salv\u00e1-lo&#8221;, diz Gomes.<\/span><\/p><\/blockquote>\n\n\n\n<div class=\"wp-block-image\"><figure class=\"aligncenter size-large is-resized\"><img loading=\"lazy\" decoding=\"async\" src=\"https:\/\/jornalfatosenoticias.com.br\/wp-content\/uploads\/2020\/02\/Logo_Mizu.png\" alt=\"\" class=\"wp-image-1441\" width=\"438\" height=\"54\" srcset=\"https:\/\/jornalfatosenoticias.com.br\/wp-content\/uploads\/2020\/02\/Logo_Mizu.png 729w, https:\/\/jornalfatosenoticias.com.br\/wp-content\/uploads\/2020\/02\/Logo_Mizu-300x37.png 300w\" sizes=\"auto, (max-width: 438px) 100vw, 438px\" \/><\/figure><\/div>\n\n\n\n<p><strong><em>Fonte: <a href=\"https:\/\/umsoplaneta.globo.com\/biodiversidade\/noticia\/2022\/03\/26\/raias-gigantes-ameacadas-de-extincao-vivem-na-baia-de-guanabara-e-quantidade-em-meio-a-poluicao-impressiona-biologos.ghtml\">Um S\u00f3 Planeta<\/a><\/em><\/strong><\/p>\n","protected":false},"excerpt":{"rendered":"<p>Ainda n\u00e3o existe explica\u00e7\u00e3o para tamanha concentra\u00e7\u00e3o numa \u00e1rea t\u00e3o castigada por d\u00e9cadas de polui\u00e7\u00e3o e descaso H\u00e1 mais riqueza e mist\u00e9rio no centro do Rio de Janeiro do que a vista alcan\u00e7a. Na orla, as \u00e1guas da Ba\u00eda da Guanabara, que de t\u00e3o turvas parecem sem vida, abrigam alguns dos peixes mais espetaculares do [&hellip;]<\/p>\n","protected":false},"author":2,"featured_media":29195,"comment_status":"open","ping_status":"open","sticky":false,"template":"","format":"standard","meta":{"footnotes":""},"categories":[8],"tags":[10177,2828,13883,1279,13882,289],"class_list":["post-29193","post","type-post","status-publish","format-standard","has-post-thumbnail","hentry","category-meio-ambiente","tag-ameacadas-de-extincao","tag-baia-de-guanabara","tag-instituto-mar-urbano","tag-poluicao","tag-raias-gigantes","tag-rio-de-janeiro"],"yoast_head":"<!-- This site is optimized with the Yoast SEO plugin v26.5 - https:\/\/yoast.com\/wordpress\/plugins\/seo\/ -->\n<title>Raias gigantes amea\u00e7adas de extin\u00e7\u00e3o vivem na Ba\u00eda de Guanabara - Jornal Fatos e Not\u00edcias<\/title>\n<meta name=\"robots\" content=\"index, follow, max-snippet:-1, max-image-preview:large, max-video-preview:-1\" \/>\n<link rel=\"canonical\" href=\"https:\/\/jornalfatosenoticias.com.br\/index.php\/2022\/03\/29\/raias-gigantes-ameacadas-de-extincao-vivem-na-baia-de-guanabara\/\" \/>\n<meta property=\"og:locale\" content=\"pt_BR\" \/>\n<meta property=\"og:type\" content=\"article\" \/>\n<meta property=\"og:title\" content=\"Raias gigantes amea\u00e7adas de extin\u00e7\u00e3o vivem na Ba\u00eda de Guanabara - Jornal Fatos e Not\u00edcias\" \/>\n<meta property=\"og:description\" content=\"Ainda n\u00e3o existe explica\u00e7\u00e3o para tamanha concentra\u00e7\u00e3o numa \u00e1rea t\u00e3o castigada por d\u00e9cadas de polui\u00e7\u00e3o e descaso H\u00e1 mais riqueza e mist\u00e9rio no centro do Rio de Janeiro do que a vista alcan\u00e7a. Na orla, as \u00e1guas da Ba\u00eda da Guanabara, que de t\u00e3o turvas parecem sem vida, abrigam alguns dos peixes mais espetaculares do [&hellip;]\" \/>\n<meta property=\"og:url\" content=\"https:\/\/jornalfatosenoticias.com.br\/index.php\/2022\/03\/29\/raias-gigantes-ameacadas-de-extincao-vivem-na-baia-de-guanabara\/\" \/>\n<meta property=\"og:site_name\" content=\"Jornal Fatos e Not\u00edcias\" \/>\n<meta property=\"article:published_time\" content=\"2022-03-29T17:46:48+00:00\" \/>\n<meta property=\"article:modified_time\" content=\"2022-03-29T17:46:52+00:00\" \/>\n<meta property=\"og:image\" content=\"https:\/\/jornalfatosenoticias.com.br\/wp-content\/uploads\/2022\/03\/raia-gigante.jpg\" \/>\n\t<meta property=\"og:image:width\" content=\"1000\" \/>\n\t<meta property=\"og:image:height\" content=\"602\" \/>\n\t<meta property=\"og:image:type\" content=\"image\/jpeg\" \/>\n<meta name=\"author\" content=\"Luzimara Fernandes\" \/>\n<meta name=\"twitter:card\" content=\"summary_large_image\" \/>\n<meta name=\"twitter:label1\" content=\"Escrito por\" \/>\n\t<meta name=\"twitter:data1\" content=\"Luzimara Fernandes\" \/>\n\t<meta name=\"twitter:label2\" content=\"Est. tempo de leitura\" \/>\n\t<meta name=\"twitter:data2\" content=\"6 minutos\" \/>\n<script type=\"application\/ld+json\" class=\"yoast-schema-graph\">{\"@context\":\"https:\/\/schema.org\",\"@graph\":[{\"@type\":\"Article\",\"@id\":\"https:\/\/jornalfatosenoticias.com.br\/index.php\/2022\/03\/29\/raias-gigantes-ameacadas-de-extincao-vivem-na-baia-de-guanabara\/#article\",\"isPartOf\":{\"@id\":\"https:\/\/jornalfatosenoticias.com.br\/index.php\/2022\/03\/29\/raias-gigantes-ameacadas-de-extincao-vivem-na-baia-de-guanabara\/\"},\"author\":{\"name\":\"Luzimara Fernandes\",\"@id\":\"https:\/\/jornalfatosenoticias.com.br\/#\/schema\/person\/d63837fa13ac8666eb9e74e0985d6f81\"},\"headline\":\"Raias gigantes amea\u00e7adas de extin\u00e7\u00e3o vivem na Ba\u00eda de Guanabara\",\"datePublished\":\"2022-03-29T17:46:48+00:00\",\"dateModified\":\"2022-03-29T17:46:52+00:00\",\"mainEntityOfPage\":{\"@id\":\"https:\/\/jornalfatosenoticias.com.br\/index.php\/2022\/03\/29\/raias-gigantes-ameacadas-de-extincao-vivem-na-baia-de-guanabara\/\"},\"wordCount\":1152,\"commentCount\":0,\"publisher\":{\"@id\":\"https:\/\/jornalfatosenoticias.com.br\/#organization\"},\"image\":{\"@id\":\"https:\/\/jornalfatosenoticias.com.br\/index.php\/2022\/03\/29\/raias-gigantes-ameacadas-de-extincao-vivem-na-baia-de-guanabara\/#primaryimage\"},\"thumbnailUrl\":\"https:\/\/jornalfatosenoticias.com.br\/wp-content\/uploads\/2022\/03\/raia-gigante.jpg\",\"keywords\":[\"amea\u00e7adas de extin\u00e7\u00e3o\",\"Ba\u00eda de Guanabara\",\"Instituto Mar Urbano\",\"polui\u00e7\u00e3o\",\"raias gigantes\",\"Rio de Janeiro\"],\"articleSection\":[\"Meio ambiente\"],\"inLanguage\":\"pt-BR\",\"potentialAction\":[{\"@type\":\"CommentAction\",\"name\":\"Comment\",\"target\":[\"https:\/\/jornalfatosenoticias.com.br\/index.php\/2022\/03\/29\/raias-gigantes-ameacadas-de-extincao-vivem-na-baia-de-guanabara\/#respond\"]}]},{\"@type\":\"WebPage\",\"@id\":\"https:\/\/jornalfatosenoticias.com.br\/index.php\/2022\/03\/29\/raias-gigantes-ameacadas-de-extincao-vivem-na-baia-de-guanabara\/\",\"url\":\"https:\/\/jornalfatosenoticias.com.br\/index.php\/2022\/03\/29\/raias-gigantes-ameacadas-de-extincao-vivem-na-baia-de-guanabara\/\",\"name\":\"Raias gigantes amea\u00e7adas de extin\u00e7\u00e3o vivem na Ba\u00eda de Guanabara - Jornal Fatos e Not\u00edcias\",\"isPartOf\":{\"@id\":\"https:\/\/jornalfatosenoticias.com.br\/#website\"},\"primaryImageOfPage\":{\"@id\":\"https:\/\/jornalfatosenoticias.com.br\/index.php\/2022\/03\/29\/raias-gigantes-ameacadas-de-extincao-vivem-na-baia-de-guanabara\/#primaryimage\"},\"image\":{\"@id\":\"https:\/\/jornalfatosenoticias.com.br\/index.php\/2022\/03\/29\/raias-gigantes-ameacadas-de-extincao-vivem-na-baia-de-guanabara\/#primaryimage\"},\"thumbnailUrl\":\"https:\/\/jornalfatosenoticias.com.br\/wp-content\/uploads\/2022\/03\/raia-gigante.jpg\",\"datePublished\":\"2022-03-29T17:46:48+00:00\",\"dateModified\":\"2022-03-29T17:46:52+00:00\",\"breadcrumb\":{\"@id\":\"https:\/\/jornalfatosenoticias.com.br\/index.php\/2022\/03\/29\/raias-gigantes-ameacadas-de-extincao-vivem-na-baia-de-guanabara\/#breadcrumb\"},\"inLanguage\":\"pt-BR\",\"potentialAction\":[{\"@type\":\"ReadAction\",\"target\":[\"https:\/\/jornalfatosenoticias.com.br\/index.php\/2022\/03\/29\/raias-gigantes-ameacadas-de-extincao-vivem-na-baia-de-guanabara\/\"]}]},{\"@type\":\"ImageObject\",\"inLanguage\":\"pt-BR\",\"@id\":\"https:\/\/jornalfatosenoticias.com.br\/index.php\/2022\/03\/29\/raias-gigantes-ameacadas-de-extincao-vivem-na-baia-de-guanabara\/#primaryimage\",\"url\":\"https:\/\/jornalfatosenoticias.com.br\/wp-content\/uploads\/2022\/03\/raia-gigante.jpg\",\"contentUrl\":\"https:\/\/jornalfatosenoticias.com.br\/wp-content\/uploads\/2022\/03\/raia-gigante.jpg\",\"width\":1000,\"height\":602},{\"@type\":\"BreadcrumbList\",\"@id\":\"https:\/\/jornalfatosenoticias.com.br\/index.php\/2022\/03\/29\/raias-gigantes-ameacadas-de-extincao-vivem-na-baia-de-guanabara\/#breadcrumb\",\"itemListElement\":[{\"@type\":\"ListItem\",\"position\":1,\"name\":\"In\u00edcio\",\"item\":\"https:\/\/jornalfatosenoticias.com.br\/\"},{\"@type\":\"ListItem\",\"position\":2,\"name\":\"Raias gigantes amea\u00e7adas de extin\u00e7\u00e3o vivem na Ba\u00eda de Guanabara\"}]},{\"@type\":\"WebSite\",\"@id\":\"https:\/\/jornalfatosenoticias.com.br\/#website\",\"url\":\"https:\/\/jornalfatosenoticias.com.br\/\",\"name\":\"Jornal Fatos e Not\u00edcias\",\"description\":\"Not\u00edcias em geral\",\"publisher\":{\"@id\":\"https:\/\/jornalfatosenoticias.com.br\/#organization\"},\"potentialAction\":[{\"@type\":\"SearchAction\",\"target\":{\"@type\":\"EntryPoint\",\"urlTemplate\":\"https:\/\/jornalfatosenoticias.com.br\/?s={search_term_string}\"},\"query-input\":{\"@type\":\"PropertyValueSpecification\",\"valueRequired\":true,\"valueName\":\"search_term_string\"}}],\"inLanguage\":\"pt-BR\"},{\"@type\":\"Organization\",\"@id\":\"https:\/\/jornalfatosenoticias.com.br\/#organization\",\"name\":\"Jornal Fatos e Not\u00edcias\",\"url\":\"https:\/\/jornalfatosenoticias.com.br\/\",\"logo\":{\"@type\":\"ImageObject\",\"inLanguage\":\"pt-BR\",\"@id\":\"https:\/\/jornalfatosenoticias.com.br\/#\/schema\/logo\/image\/\",\"url\":\"https:\/\/jornalfatosenoticias.com.br\/wp-content\/uploads\/2020\/02\/logo120.png\",\"contentUrl\":\"https:\/\/jornalfatosenoticias.com.br\/wp-content\/uploads\/2020\/02\/logo120.png\",\"width\":1227,\"height\":120,\"caption\":\"Jornal Fatos e Not\u00edcias\"},\"image\":{\"@id\":\"https:\/\/jornalfatosenoticias.com.br\/#\/schema\/logo\/image\/\"}},{\"@type\":\"Person\",\"@id\":\"https:\/\/jornalfatosenoticias.com.br\/#\/schema\/person\/d63837fa13ac8666eb9e74e0985d6f81\",\"name\":\"Luzimara Fernandes\",\"image\":{\"@type\":\"ImageObject\",\"inLanguage\":\"pt-BR\",\"@id\":\"https:\/\/jornalfatosenoticias.com.br\/#\/schema\/person\/image\/\",\"url\":\"https:\/\/jornalfatosenoticias.com.br\/wp-content\/uploads\/2025\/05\/EU_portal.jpg\",\"contentUrl\":\"https:\/\/jornalfatosenoticias.com.br\/wp-content\/uploads\/2025\/05\/EU_portal.jpg\",\"caption\":\"Luzimara Fernandes\"},\"description\":\"Jornalista MTB 2358-ES\",\"sameAs\":[\"https:\/\/jornalfatosenoticias.com.br\"],\"url\":\"https:\/\/jornalfatosenoticias.com.br\/index.php\/author\/luzimara\/\"}]}<\/script>\n<!-- \/ Yoast SEO plugin. -->","yoast_head_json":{"title":"Raias gigantes amea\u00e7adas de extin\u00e7\u00e3o vivem na Ba\u00eda de Guanabara - Jornal Fatos e Not\u00edcias","robots":{"index":"index","follow":"follow","max-snippet":"max-snippet:-1","max-image-preview":"max-image-preview:large","max-video-preview":"max-video-preview:-1"},"canonical":"https:\/\/jornalfatosenoticias.com.br\/index.php\/2022\/03\/29\/raias-gigantes-ameacadas-de-extincao-vivem-na-baia-de-guanabara\/","og_locale":"pt_BR","og_type":"article","og_title":"Raias gigantes amea\u00e7adas de extin\u00e7\u00e3o vivem na Ba\u00eda de Guanabara - Jornal Fatos e Not\u00edcias","og_description":"Ainda n\u00e3o existe explica\u00e7\u00e3o para tamanha concentra\u00e7\u00e3o numa \u00e1rea t\u00e3o castigada por d\u00e9cadas de polui\u00e7\u00e3o e descaso H\u00e1 mais riqueza e mist\u00e9rio no centro do Rio de Janeiro do que a vista alcan\u00e7a. Na orla, as \u00e1guas da Ba\u00eda da Guanabara, que de t\u00e3o turvas parecem sem vida, abrigam alguns dos peixes mais espetaculares do [&hellip;]","og_url":"https:\/\/jornalfatosenoticias.com.br\/index.php\/2022\/03\/29\/raias-gigantes-ameacadas-de-extincao-vivem-na-baia-de-guanabara\/","og_site_name":"Jornal Fatos e Not\u00edcias","article_published_time":"2022-03-29T17:46:48+00:00","article_modified_time":"2022-03-29T17:46:52+00:00","og_image":[{"width":1000,"height":602,"url":"https:\/\/jornalfatosenoticias.com.br\/wp-content\/uploads\/2022\/03\/raia-gigante.jpg","type":"image\/jpeg"}],"author":"Luzimara Fernandes","twitter_card":"summary_large_image","twitter_misc":{"Escrito por":"Luzimara Fernandes","Est. tempo de leitura":"6 minutos"},"schema":{"@context":"https:\/\/schema.org","@graph":[{"@type":"Article","@id":"https:\/\/jornalfatosenoticias.com.br\/index.php\/2022\/03\/29\/raias-gigantes-ameacadas-de-extincao-vivem-na-baia-de-guanabara\/#article","isPartOf":{"@id":"https:\/\/jornalfatosenoticias.com.br\/index.php\/2022\/03\/29\/raias-gigantes-ameacadas-de-extincao-vivem-na-baia-de-guanabara\/"},"author":{"name":"Luzimara Fernandes","@id":"https:\/\/jornalfatosenoticias.com.br\/#\/schema\/person\/d63837fa13ac8666eb9e74e0985d6f81"},"headline":"Raias gigantes amea\u00e7adas de extin\u00e7\u00e3o vivem na Ba\u00eda de Guanabara","datePublished":"2022-03-29T17:46:48+00:00","dateModified":"2022-03-29T17:46:52+00:00","mainEntityOfPage":{"@id":"https:\/\/jornalfatosenoticias.com.br\/index.php\/2022\/03\/29\/raias-gigantes-ameacadas-de-extincao-vivem-na-baia-de-guanabara\/"},"wordCount":1152,"commentCount":0,"publisher":{"@id":"https:\/\/jornalfatosenoticias.com.br\/#organization"},"image":{"@id":"https:\/\/jornalfatosenoticias.com.br\/index.php\/2022\/03\/29\/raias-gigantes-ameacadas-de-extincao-vivem-na-baia-de-guanabara\/#primaryimage"},"thumbnailUrl":"https:\/\/jornalfatosenoticias.com.br\/wp-content\/uploads\/2022\/03\/raia-gigante.jpg","keywords":["amea\u00e7adas de extin\u00e7\u00e3o","Ba\u00eda de Guanabara","Instituto Mar Urbano","polui\u00e7\u00e3o","raias gigantes","Rio de Janeiro"],"articleSection":["Meio ambiente"],"inLanguage":"pt-BR","potentialAction":[{"@type":"CommentAction","name":"Comment","target":["https:\/\/jornalfatosenoticias.com.br\/index.php\/2022\/03\/29\/raias-gigantes-ameacadas-de-extincao-vivem-na-baia-de-guanabara\/#respond"]}]},{"@type":"WebPage","@id":"https:\/\/jornalfatosenoticias.com.br\/index.php\/2022\/03\/29\/raias-gigantes-ameacadas-de-extincao-vivem-na-baia-de-guanabara\/","url":"https:\/\/jornalfatosenoticias.com.br\/index.php\/2022\/03\/29\/raias-gigantes-ameacadas-de-extincao-vivem-na-baia-de-guanabara\/","name":"Raias gigantes amea\u00e7adas de extin\u00e7\u00e3o vivem na Ba\u00eda de Guanabara - Jornal Fatos e Not\u00edcias","isPartOf":{"@id":"https:\/\/jornalfatosenoticias.com.br\/#website"},"primaryImageOfPage":{"@id":"https:\/\/jornalfatosenoticias.com.br\/index.php\/2022\/03\/29\/raias-gigantes-ameacadas-de-extincao-vivem-na-baia-de-guanabara\/#primaryimage"},"image":{"@id":"https:\/\/jornalfatosenoticias.com.br\/index.php\/2022\/03\/29\/raias-gigantes-ameacadas-de-extincao-vivem-na-baia-de-guanabara\/#primaryimage"},"thumbnailUrl":"https:\/\/jornalfatosenoticias.com.br\/wp-content\/uploads\/2022\/03\/raia-gigante.jpg","datePublished":"2022-03-29T17:46:48+00:00","dateModified":"2022-03-29T17:46:52+00:00","breadcrumb":{"@id":"https:\/\/jornalfatosenoticias.com.br\/index.php\/2022\/03\/29\/raias-gigantes-ameacadas-de-extincao-vivem-na-baia-de-guanabara\/#breadcrumb"},"inLanguage":"pt-BR","potentialAction":[{"@type":"ReadAction","target":["https:\/\/jornalfatosenoticias.com.br\/index.php\/2022\/03\/29\/raias-gigantes-ameacadas-de-extincao-vivem-na-baia-de-guanabara\/"]}]},{"@type":"ImageObject","inLanguage":"pt-BR","@id":"https:\/\/jornalfatosenoticias.com.br\/index.php\/2022\/03\/29\/raias-gigantes-ameacadas-de-extincao-vivem-na-baia-de-guanabara\/#primaryimage","url":"https:\/\/jornalfatosenoticias.com.br\/wp-content\/uploads\/2022\/03\/raia-gigante.jpg","contentUrl":"https:\/\/jornalfatosenoticias.com.br\/wp-content\/uploads\/2022\/03\/raia-gigante.jpg","width":1000,"height":602},{"@type":"BreadcrumbList","@id":"https:\/\/jornalfatosenoticias.com.br\/index.php\/2022\/03\/29\/raias-gigantes-ameacadas-de-extincao-vivem-na-baia-de-guanabara\/#breadcrumb","itemListElement":[{"@type":"ListItem","position":1,"name":"In\u00edcio","item":"https:\/\/jornalfatosenoticias.com.br\/"},{"@type":"ListItem","position":2,"name":"Raias gigantes amea\u00e7adas de extin\u00e7\u00e3o vivem na Ba\u00eda de Guanabara"}]},{"@type":"WebSite","@id":"https:\/\/jornalfatosenoticias.com.br\/#website","url":"https:\/\/jornalfatosenoticias.com.br\/","name":"Jornal Fatos e Not\u00edcias","description":"Not\u00edcias em geral","publisher":{"@id":"https:\/\/jornalfatosenoticias.com.br\/#organization"},"potentialAction":[{"@type":"SearchAction","target":{"@type":"EntryPoint","urlTemplate":"https:\/\/jornalfatosenoticias.com.br\/?s={search_term_string}"},"query-input":{"@type":"PropertyValueSpecification","valueRequired":true,"valueName":"search_term_string"}}],"inLanguage":"pt-BR"},{"@type":"Organization","@id":"https:\/\/jornalfatosenoticias.com.br\/#organization","name":"Jornal Fatos e Not\u00edcias","url":"https:\/\/jornalfatosenoticias.com.br\/","logo":{"@type":"ImageObject","inLanguage":"pt-BR","@id":"https:\/\/jornalfatosenoticias.com.br\/#\/schema\/logo\/image\/","url":"https:\/\/jornalfatosenoticias.com.br\/wp-content\/uploads\/2020\/02\/logo120.png","contentUrl":"https:\/\/jornalfatosenoticias.com.br\/wp-content\/uploads\/2020\/02\/logo120.png","width":1227,"height":120,"caption":"Jornal Fatos e Not\u00edcias"},"image":{"@id":"https:\/\/jornalfatosenoticias.com.br\/#\/schema\/logo\/image\/"}},{"@type":"Person","@id":"https:\/\/jornalfatosenoticias.com.br\/#\/schema\/person\/d63837fa13ac8666eb9e74e0985d6f81","name":"Luzimara Fernandes","image":{"@type":"ImageObject","inLanguage":"pt-BR","@id":"https:\/\/jornalfatosenoticias.com.br\/#\/schema\/person\/image\/","url":"https:\/\/jornalfatosenoticias.com.br\/wp-content\/uploads\/2025\/05\/EU_portal.jpg","contentUrl":"https:\/\/jornalfatosenoticias.com.br\/wp-content\/uploads\/2025\/05\/EU_portal.jpg","caption":"Luzimara Fernandes"},"description":"Jornalista MTB 2358-ES","sameAs":["https:\/\/jornalfatosenoticias.com.br"],"url":"https:\/\/jornalfatosenoticias.com.br\/index.php\/author\/luzimara\/"}]}},"cc_featured_image_caption":{"caption_text":"(Foto: Ricardo Gomes\/Instituto Mar Urbano) ","source_text":"","source_url":""},"jetpack_featured_media_url":"https:\/\/jornalfatosenoticias.com.br\/wp-content\/uploads\/2022\/03\/raia-gigante.jpg","_links":{"self":[{"href":"https:\/\/jornalfatosenoticias.com.br\/index.php\/wp-json\/wp\/v2\/posts\/29193","targetHints":{"allow":["GET"]}}],"collection":[{"href":"https:\/\/jornalfatosenoticias.com.br\/index.php\/wp-json\/wp\/v2\/posts"}],"about":[{"href":"https:\/\/jornalfatosenoticias.com.br\/index.php\/wp-json\/wp\/v2\/types\/post"}],"author":[{"embeddable":true,"href":"https:\/\/jornalfatosenoticias.com.br\/index.php\/wp-json\/wp\/v2\/users\/2"}],"replies":[{"embeddable":true,"href":"https:\/\/jornalfatosenoticias.com.br\/index.php\/wp-json\/wp\/v2\/comments?post=29193"}],"version-history":[{"count":0,"href":"https:\/\/jornalfatosenoticias.com.br\/index.php\/wp-json\/wp\/v2\/posts\/29193\/revisions"}],"wp:featuredmedia":[{"embeddable":true,"href":"https:\/\/jornalfatosenoticias.com.br\/index.php\/wp-json\/wp\/v2\/media\/29195"}],"wp:attachment":[{"href":"https:\/\/jornalfatosenoticias.com.br\/index.php\/wp-json\/wp\/v2\/media?parent=29193"}],"wp:term":[{"taxonomy":"category","embeddable":true,"href":"https:\/\/jornalfatosenoticias.com.br\/index.php\/wp-json\/wp\/v2\/categories?post=29193"},{"taxonomy":"post_tag","embeddable":true,"href":"https:\/\/jornalfatosenoticias.com.br\/index.php\/wp-json\/wp\/v2\/tags?post=29193"}],"curies":[{"name":"wp","href":"https:\/\/api.w.org\/{rel}","templated":true}]}}