{"id":29208,"date":"2022-03-29T16:08:39","date_gmt":"2022-03-29T19:08:39","guid":{"rendered":"https:\/\/jornalfatosenoticias.com.br\/?p=29208"},"modified":"2022-03-29T16:08:40","modified_gmt":"2022-03-29T19:08:40","slug":"a-piscina-sagrada-que-se-alinhava-com-as-estrelas-ha-25-mil-de-anos","status":"publish","type":"post","link":"https:\/\/jornalfatosenoticias.com.br\/index.php\/2022\/03\/29\/a-piscina-sagrada-que-se-alinhava-com-as-estrelas-ha-25-mil-de-anos\/","title":{"rendered":"A piscina sagrada que se alinhava com as estrelas h\u00e1 2,5 mil de anos"},"content":{"rendered":"\n<p><em><span class=\"has-inline-color has-black-color\">Pesquisadores acreditavam que local seria antigo porto militar, mas descobriram que o lago com uma est\u00e1tua do deus fen\u00edcio Ba&#8217;al servia, na verdade, para fins religiosos<\/span><\/em><\/p>\n\n\n\n<div class=\"wp-block-image\"><figure class=\"aligncenter size-large is-resized\"><img loading=\"lazy\" decoding=\"async\" src=\"https:\/\/jornalfatosenoticias.com.br\/wp-content\/uploads\/2020\/02\/banner_ferramentas-1024x100.jpg\" alt=\"\" class=\"wp-image-1258\" width=\"430\" height=\"41\" srcset=\"https:\/\/jornalfatosenoticias.com.br\/wp-content\/uploads\/2020\/02\/banner_ferramentas-1024x100.jpg 1024w, https:\/\/jornalfatosenoticias.com.br\/wp-content\/uploads\/2020\/02\/banner_ferramentas-300x29.jpg 300w, https:\/\/jornalfatosenoticias.com.br\/wp-content\/uploads\/2020\/02\/banner_ferramentas-768x75.jpg 768w, https:\/\/jornalfatosenoticias.com.br\/wp-content\/uploads\/2020\/02\/banner_ferramentas.jpg 1227w\" sizes=\"auto, (max-width: 430px) 100vw, 430px\" \/><\/figure><\/div>\n\n\n\n<p>A regi\u00e3o da <strong><strong><a href=\"https:\/\/www.hypeness.com.br\/2017\/01\/italia-oferece-casas-gratuitas-para-quem-pretende-se-mudar-para-a-sicilia\/\" target=\"_blank\" rel=\"noreferrer noopener\">Sic\u00edlia<\/a><\/strong>,<\/strong> no atual territ\u00f3rio a It\u00e1lia, foi dominada e ocupada pelos fen\u00edcios mil\u00eanios atr\u00e1s. Entretanto, havia uma constru\u00e7\u00e3o desse povo que h\u00e1 mais de cinquenta anos seguia como um enigma para os <a href=\"https:\/\/revistagalileu.globo.com\/Ciencia\/Arqueologia\/noticia\/2022\/03\/arqueologos-acham-artefatos-excepcionais-em-naufragio-de-17-mil-anos.html\" target=\"_blank\" rel=\"noreferrer noopener\"><strong>arque\u00f3logos<\/strong><\/a> da regi\u00e3o. O que antes se acreditava ser um porto militar era na verdade uma <strong><a href=\"https:\/\/revistagalileu.globo.com\/Ciencia\/Espaco\/noticia\/2021\/06\/maior-e-mais-profunda-piscina-do-mundo-servira-para-treinar-astronautas.html\" target=\"_blank\" rel=\"noreferrer noopener\">piscina<\/a><\/strong> para nata\u00e7\u00e3o com fins sagrados e cient\u00edficos dos fen\u00edcios.<\/p>\n\n\n\n<p><strong><span class=\"has-inline-color has-black-color\">\u201cProfundo conhecimento do c\u00e9u\u201d<br><\/span><\/strong>A piscina sagrada foi constru\u00edda na Ilha da M\u00f3cia h\u00e1 2,5 mil anos e, ap\u00f3s escava\u00e7\u00f5es, foi descoberta uma est\u00e1tua do deus fen\u00edcio Baal no local. A imagem divina da entidade considerada uma das principais dentro da teologia dos fen\u00edcios acabou mudando a perspectiva dos pesquisadores sobre o tema.<br>O local de adora\u00e7\u00e3o de Baal era alimentado com \u00e1guas doces. <\/p>\n\n\n\n<div class=\"wp-block-image\"><figure class=\"aligncenter size-large is-resized\"><img loading=\"lazy\" decoding=\"async\" src=\"https:\/\/jornalfatosenoticias.com.br\/wp-content\/uploads\/2022\/02\/Arte-Autoescola-Galatas_endereco_portal-1024x103.png\" alt=\"\" class=\"wp-image-27869\" width=\"467\" height=\"47\" srcset=\"https:\/\/jornalfatosenoticias.com.br\/wp-content\/uploads\/2022\/02\/Arte-Autoescola-Galatas_endereco_portal-1024x103.png 1024w, https:\/\/jornalfatosenoticias.com.br\/wp-content\/uploads\/2022\/02\/Arte-Autoescola-Galatas_endereco_portal-300x30.png 300w, https:\/\/jornalfatosenoticias.com.br\/wp-content\/uploads\/2022\/02\/Arte-Autoescola-Galatas_endereco_portal-768x77.png 768w, https:\/\/jornalfatosenoticias.com.br\/wp-content\/uploads\/2022\/02\/Arte-Autoescola-Galatas_endereco_portal.png 1223w\" sizes=\"auto, (max-width: 467px) 100vw, 467px\" \/><\/figure><\/div>\n\n\n\n<blockquote class=\"wp-block-quote is-layout-flow wp-block-quote-is-layout-flow\"><p><span class=\"has-inline-color has-luminous-vivid-orange-color\">\u201cIsso revelou que n\u00e3o poderia ter servido como porto, pois n\u00e3o estava ligado ao mar. Em vez disso, era alimentado por fontes naturais\u201d, explica o pesquisador Lorenzo Nigro, professor da Universidade de Roma La Sapienza. <\/span><\/p><\/blockquote>\n\n\n\n<p>Al\u00e9m disso, os fen\u00edcios herdaram um profundo conhecimento astron\u00f4mico dos sum\u00e9rios e aplicaram suas ideias na constru\u00e7\u00e3o de seus templos. <\/p>\n\n\n\n<div class=\"wp-block-image\"><figure class=\"aligncenter size-large is-resized\"><img loading=\"lazy\" decoding=\"async\" src=\"https:\/\/jornalfatosenoticias.com.br\/wp-content\/uploads\/2022\/02\/Serra-Pack-459.png\" alt=\"\" class=\"wp-image-27471\" width=\"360\" height=\"144\"\/><\/figure><\/div>\n\n\n\n<blockquote class=\"wp-block-quote is-layout-flow wp-block-quote-is-layout-flow\"><p><span class=\"has-inline-color has-luminous-vivid-orange-color\">\u201cO templo \u00e9 alinhado com a ascens\u00e3o da Constela\u00e7\u00e3o de \u00d3rion no solst\u00edcio de inverno do hemisf\u00e9rio norte, al\u00e9m de outros equipamentos ligados com outros fen\u00f4menos astron\u00f4micos. Isso mostra um profundo conhecimento do c\u00e9u pelas diversas civiliza\u00e7\u00f5es antigas\u201d, explica.<\/span><\/p><\/blockquote>\n\n\n\n<figure class=\"wp-block-image size-large\"><img loading=\"lazy\" decoding=\"async\" width=\"1000\" height=\"708\" src=\"https:\/\/jornalfatosenoticias.com.br\/wp-content\/uploads\/2022\/03\/piscina-sagrada2.jpg\" alt=\"\" class=\"wp-image-29209\" srcset=\"https:\/\/jornalfatosenoticias.com.br\/wp-content\/uploads\/2022\/03\/piscina-sagrada2.jpg 1000w, https:\/\/jornalfatosenoticias.com.br\/wp-content\/uploads\/2022\/03\/piscina-sagrada2-300x212.jpg 300w, https:\/\/jornalfatosenoticias.com.br\/wp-content\/uploads\/2022\/03\/piscina-sagrada2-768x544.jpg 768w\" sizes=\"auto, (max-width: 1000px) 100vw, 1000px\" \/><figcaption><em><span class=\"has-inline-color has-black-color\">Piscina simbolizava avan\u00e7os urbanos da domina\u00e7\u00e3o fen\u00edcia no Mediterr\u00e2neo (Foto: Reprodu\u00e7\u00e3o\/Antiquity)<\/span><\/em><\/figcaption><\/figure>\n\n\n\n<p>O estudo aponta que o local adorava o deus fen\u00edcio Ba\u2019al, mas tamb\u00e9m mostra evid\u00eancias de outras culturas na regi\u00e3o, como a dos gregos, que posteriormente dominariam a ilha da Sic\u00edlia em um grande conflito entre Cartago, na Tun\u00edsia, e Atenas, na Gr\u00e9cia.<\/p>\n\n\n\n<blockquote class=\"wp-block-quote is-layout-flow wp-block-quote-is-layout-flow\"><p><span class=\"has-inline-color has-luminous-vivid-orange-color\">\u201cAs descobertas recentes na ilha da M\u00f3cia tem implica\u00e7\u00f5es profundas, em especial com a confirma\u00e7\u00e3o do assentamento fen\u00edcio na regi\u00e3o e seu desenvolvimento simbolizado por esse tipo de monumento. O aspecto religioso e astron\u00f4mico da piscina mostra a import\u00e2ncia da ilha, e mostra os aspectos desse local como um polo de intera\u00e7\u00f5es culturais e novas ideias, sendo parte importante da domina\u00e7\u00e3o fen\u00edcia no \u00e2mbito pol\u00edtico e econ\u00f4mico na regi\u00e3o\u201d, diz a conclus\u00e3o do artigo, que foi publicado na revista <em><a href=\"https:\/\/www.cambridge.org\/core\/journals\/antiquity\/article\/sacred-pool-of-baal-a-reinterpretation-of-the-kothon-at-motya\/329646E6561765FD30A9D6EC5FD5B6CB#article\" target=\"_blank\" rel=\"noreferrer noopener\">Antiquity.<\/a><\/em><\/span><\/p><\/blockquote>\n\n\n\n<div class=\"wp-block-image\"><figure class=\"aligncenter size-large is-resized\"><img loading=\"lazy\" decoding=\"async\" src=\"https:\/\/jornalfatosenoticias.com.br\/wp-content\/uploads\/2020\/02\/Logo-Mizu-segunda-2-1024x99.png\" alt=\"\" class=\"wp-image-2353\" width=\"552\" height=\"53\" srcset=\"https:\/\/jornalfatosenoticias.com.br\/wp-content\/uploads\/2020\/02\/Logo-Mizu-segunda-2-1024x99.png 1024w, https:\/\/jornalfatosenoticias.com.br\/wp-content\/uploads\/2020\/02\/Logo-Mizu-segunda-2-300x29.png 300w, https:\/\/jornalfatosenoticias.com.br\/wp-content\/uploads\/2020\/02\/Logo-Mizu-segunda-2-768x74.png 768w, https:\/\/jornalfatosenoticias.com.br\/wp-content\/uploads\/2020\/02\/Logo-Mizu-segunda-2.png 1240w\" sizes=\"auto, (max-width: 552px) 100vw, 552px\" \/><\/figure><\/div>\n\n\n\n<p><strong><em>Fonte: <a href=\"https:\/\/www.hypeness.com.br\/2022\/03\/a-piscina-sagrada-que-se-alinhava-com-as-estrelas-ha-25-mil-de-anos\/\">Hypeness<\/a><\/em><\/strong><\/p>\n","protected":false},"excerpt":{"rendered":"<p>Pesquisadores acreditavam que local seria antigo porto militar, mas descobriram que o lago com uma est\u00e1tua do deus fen\u00edcio Ba&#8217;al servia, na verdade, para fins religiosos A regi\u00e3o da Sic\u00edlia, no atual territ\u00f3rio a It\u00e1lia, foi dominada e ocupada pelos fen\u00edcios mil\u00eanios atr\u00e1s. Entretanto, havia uma constru\u00e7\u00e3o desse povo que h\u00e1 mais de cinquenta anos [&hellip;]<\/p>\n","protected":false},"author":2,"featured_media":29210,"comment_status":"open","ping_status":"open","sticky":false,"template":"","format":"standard","meta":{"footnotes":""},"categories":[9808],"tags":[1478,790,9663,249,124,13887],"class_list":["post-29208","post","type-post","status-publish","format-standard","has-post-thumbnail","hentry","category-paleo-arqueologia","tag-arqueologia","tag-estrelas","tag-fenicios","tag-historia","tag-italia","tag-piscina"],"yoast_head":"<!-- This site is optimized with the Yoast SEO plugin v26.5 - https:\/\/yoast.com\/wordpress\/plugins\/seo\/ -->\n<title>A piscina sagrada que se alinhava com as estrelas h\u00e1 2,5 mil de anos - Jornal Fatos e Not\u00edcias<\/title>\n<meta name=\"robots\" content=\"index, follow, max-snippet:-1, max-image-preview:large, max-video-preview:-1\" \/>\n<link rel=\"canonical\" href=\"https:\/\/jornalfatosenoticias.com.br\/index.php\/2022\/03\/29\/a-piscina-sagrada-que-se-alinhava-com-as-estrelas-ha-25-mil-de-anos\/\" \/>\n<meta property=\"og:locale\" content=\"pt_BR\" \/>\n<meta property=\"og:type\" content=\"article\" \/>\n<meta property=\"og:title\" content=\"A piscina sagrada que se alinhava com as estrelas h\u00e1 2,5 mil de anos - Jornal Fatos e Not\u00edcias\" \/>\n<meta property=\"og:description\" content=\"Pesquisadores acreditavam que local seria antigo porto militar, mas descobriram que o lago com uma est\u00e1tua do deus fen\u00edcio Ba&#8217;al servia, na verdade, para fins religiosos A regi\u00e3o da Sic\u00edlia, no atual territ\u00f3rio a It\u00e1lia, foi dominada e ocupada pelos fen\u00edcios mil\u00eanios atr\u00e1s. Entretanto, havia uma constru\u00e7\u00e3o desse povo que h\u00e1 mais de cinquenta anos [&hellip;]\" \/>\n<meta property=\"og:url\" content=\"https:\/\/jornalfatosenoticias.com.br\/index.php\/2022\/03\/29\/a-piscina-sagrada-que-se-alinhava-com-as-estrelas-ha-25-mil-de-anos\/\" \/>\n<meta property=\"og:site_name\" content=\"Jornal Fatos e Not\u00edcias\" \/>\n<meta property=\"article:published_time\" content=\"2022-03-29T19:08:39+00:00\" \/>\n<meta property=\"article:modified_time\" content=\"2022-03-29T19:08:40+00:00\" \/>\n<meta property=\"og:image\" content=\"https:\/\/jornalfatosenoticias.com.br\/wp-content\/uploads\/2022\/03\/piscina-sagrada.jpg\" \/>\n\t<meta property=\"og:image:width\" content=\"1000\" \/>\n\t<meta property=\"og:image:height\" content=\"464\" \/>\n\t<meta property=\"og:image:type\" content=\"image\/jpeg\" \/>\n<meta name=\"author\" content=\"Luzimara Fernandes\" \/>\n<meta name=\"twitter:card\" content=\"summary_large_image\" \/>\n<meta name=\"twitter:label1\" content=\"Escrito por\" \/>\n\t<meta name=\"twitter:data1\" content=\"Luzimara Fernandes\" \/>\n\t<meta name=\"twitter:label2\" content=\"Est. tempo de leitura\" \/>\n\t<meta name=\"twitter:data2\" content=\"2 minutos\" \/>\n<script type=\"application\/ld+json\" class=\"yoast-schema-graph\">{\"@context\":\"https:\/\/schema.org\",\"@graph\":[{\"@type\":\"Article\",\"@id\":\"https:\/\/jornalfatosenoticias.com.br\/index.php\/2022\/03\/29\/a-piscina-sagrada-que-se-alinhava-com-as-estrelas-ha-25-mil-de-anos\/#article\",\"isPartOf\":{\"@id\":\"https:\/\/jornalfatosenoticias.com.br\/index.php\/2022\/03\/29\/a-piscina-sagrada-que-se-alinhava-com-as-estrelas-ha-25-mil-de-anos\/\"},\"author\":{\"name\":\"Luzimara Fernandes\",\"@id\":\"https:\/\/jornalfatosenoticias.com.br\/#\/schema\/person\/d63837fa13ac8666eb9e74e0985d6f81\"},\"headline\":\"A piscina sagrada que se alinhava com as estrelas h\u00e1 2,5 mil de anos\",\"datePublished\":\"2022-03-29T19:08:39+00:00\",\"dateModified\":\"2022-03-29T19:08:40+00:00\",\"mainEntityOfPage\":{\"@id\":\"https:\/\/jornalfatosenoticias.com.br\/index.php\/2022\/03\/29\/a-piscina-sagrada-que-se-alinhava-com-as-estrelas-ha-25-mil-de-anos\/\"},\"wordCount\":460,\"commentCount\":0,\"publisher\":{\"@id\":\"https:\/\/jornalfatosenoticias.com.br\/#organization\"},\"image\":{\"@id\":\"https:\/\/jornalfatosenoticias.com.br\/index.php\/2022\/03\/29\/a-piscina-sagrada-que-se-alinhava-com-as-estrelas-ha-25-mil-de-anos\/#primaryimage\"},\"thumbnailUrl\":\"https:\/\/jornalfatosenoticias.com.br\/wp-content\/uploads\/2022\/03\/piscina-sagrada.jpg\",\"keywords\":[\"arqueologia\",\"estrelas\",\"fen\u00edcios\",\"hist\u00f3ria\",\"It\u00e1lia\",\"piscina\"],\"articleSection\":[\"Paleo &amp; Arqueologia\"],\"inLanguage\":\"pt-BR\",\"potentialAction\":[{\"@type\":\"CommentAction\",\"name\":\"Comment\",\"target\":[\"https:\/\/jornalfatosenoticias.com.br\/index.php\/2022\/03\/29\/a-piscina-sagrada-que-se-alinhava-com-as-estrelas-ha-25-mil-de-anos\/#respond\"]}]},{\"@type\":\"WebPage\",\"@id\":\"https:\/\/jornalfatosenoticias.com.br\/index.php\/2022\/03\/29\/a-piscina-sagrada-que-se-alinhava-com-as-estrelas-ha-25-mil-de-anos\/\",\"url\":\"https:\/\/jornalfatosenoticias.com.br\/index.php\/2022\/03\/29\/a-piscina-sagrada-que-se-alinhava-com-as-estrelas-ha-25-mil-de-anos\/\",\"name\":\"A piscina sagrada que se alinhava com as estrelas h\u00e1 2,5 mil de anos - Jornal Fatos e Not\u00edcias\",\"isPartOf\":{\"@id\":\"https:\/\/jornalfatosenoticias.com.br\/#website\"},\"primaryImageOfPage\":{\"@id\":\"https:\/\/jornalfatosenoticias.com.br\/index.php\/2022\/03\/29\/a-piscina-sagrada-que-se-alinhava-com-as-estrelas-ha-25-mil-de-anos\/#primaryimage\"},\"image\":{\"@id\":\"https:\/\/jornalfatosenoticias.com.br\/index.php\/2022\/03\/29\/a-piscina-sagrada-que-se-alinhava-com-as-estrelas-ha-25-mil-de-anos\/#primaryimage\"},\"thumbnailUrl\":\"https:\/\/jornalfatosenoticias.com.br\/wp-content\/uploads\/2022\/03\/piscina-sagrada.jpg\",\"datePublished\":\"2022-03-29T19:08:39+00:00\",\"dateModified\":\"2022-03-29T19:08:40+00:00\",\"breadcrumb\":{\"@id\":\"https:\/\/jornalfatosenoticias.com.br\/index.php\/2022\/03\/29\/a-piscina-sagrada-que-se-alinhava-com-as-estrelas-ha-25-mil-de-anos\/#breadcrumb\"},\"inLanguage\":\"pt-BR\",\"potentialAction\":[{\"@type\":\"ReadAction\",\"target\":[\"https:\/\/jornalfatosenoticias.com.br\/index.php\/2022\/03\/29\/a-piscina-sagrada-que-se-alinhava-com-as-estrelas-ha-25-mil-de-anos\/\"]}]},{\"@type\":\"ImageObject\",\"inLanguage\":\"pt-BR\",\"@id\":\"https:\/\/jornalfatosenoticias.com.br\/index.php\/2022\/03\/29\/a-piscina-sagrada-que-se-alinhava-com-as-estrelas-ha-25-mil-de-anos\/#primaryimage\",\"url\":\"https:\/\/jornalfatosenoticias.com.br\/wp-content\/uploads\/2022\/03\/piscina-sagrada.jpg\",\"contentUrl\":\"https:\/\/jornalfatosenoticias.com.br\/wp-content\/uploads\/2022\/03\/piscina-sagrada.jpg\",\"width\":1000,\"height\":464},{\"@type\":\"BreadcrumbList\",\"@id\":\"https:\/\/jornalfatosenoticias.com.br\/index.php\/2022\/03\/29\/a-piscina-sagrada-que-se-alinhava-com-as-estrelas-ha-25-mil-de-anos\/#breadcrumb\",\"itemListElement\":[{\"@type\":\"ListItem\",\"position\":1,\"name\":\"In\u00edcio\",\"item\":\"https:\/\/jornalfatosenoticias.com.br\/\"},{\"@type\":\"ListItem\",\"position\":2,\"name\":\"A piscina sagrada que se alinhava com as estrelas h\u00e1 2,5 mil de anos\"}]},{\"@type\":\"WebSite\",\"@id\":\"https:\/\/jornalfatosenoticias.com.br\/#website\",\"url\":\"https:\/\/jornalfatosenoticias.com.br\/\",\"name\":\"Jornal Fatos e Not\u00edcias\",\"description\":\"Not\u00edcias em geral\",\"publisher\":{\"@id\":\"https:\/\/jornalfatosenoticias.com.br\/#organization\"},\"potentialAction\":[{\"@type\":\"SearchAction\",\"target\":{\"@type\":\"EntryPoint\",\"urlTemplate\":\"https:\/\/jornalfatosenoticias.com.br\/?s={search_term_string}\"},\"query-input\":{\"@type\":\"PropertyValueSpecification\",\"valueRequired\":true,\"valueName\":\"search_term_string\"}}],\"inLanguage\":\"pt-BR\"},{\"@type\":\"Organization\",\"@id\":\"https:\/\/jornalfatosenoticias.com.br\/#organization\",\"name\":\"Jornal Fatos e Not\u00edcias\",\"url\":\"https:\/\/jornalfatosenoticias.com.br\/\",\"logo\":{\"@type\":\"ImageObject\",\"inLanguage\":\"pt-BR\",\"@id\":\"https:\/\/jornalfatosenoticias.com.br\/#\/schema\/logo\/image\/\",\"url\":\"https:\/\/jornalfatosenoticias.com.br\/wp-content\/uploads\/2020\/02\/logo120.png\",\"contentUrl\":\"https:\/\/jornalfatosenoticias.com.br\/wp-content\/uploads\/2020\/02\/logo120.png\",\"width\":1227,\"height\":120,\"caption\":\"Jornal Fatos e Not\u00edcias\"},\"image\":{\"@id\":\"https:\/\/jornalfatosenoticias.com.br\/#\/schema\/logo\/image\/\"}},{\"@type\":\"Person\",\"@id\":\"https:\/\/jornalfatosenoticias.com.br\/#\/schema\/person\/d63837fa13ac8666eb9e74e0985d6f81\",\"name\":\"Luzimara Fernandes\",\"image\":{\"@type\":\"ImageObject\",\"inLanguage\":\"pt-BR\",\"@id\":\"https:\/\/jornalfatosenoticias.com.br\/#\/schema\/person\/image\/\",\"url\":\"https:\/\/jornalfatosenoticias.com.br\/wp-content\/uploads\/2025\/05\/EU_portal.jpg\",\"contentUrl\":\"https:\/\/jornalfatosenoticias.com.br\/wp-content\/uploads\/2025\/05\/EU_portal.jpg\",\"caption\":\"Luzimara Fernandes\"},\"description\":\"Jornalista MTB 2358-ES\",\"sameAs\":[\"https:\/\/jornalfatosenoticias.com.br\"],\"url\":\"https:\/\/jornalfatosenoticias.com.br\/index.php\/author\/luzimara\/\"}]}<\/script>\n<!-- \/ Yoast SEO plugin. -->","yoast_head_json":{"title":"A piscina sagrada que se alinhava com as estrelas h\u00e1 2,5 mil de anos - Jornal Fatos e Not\u00edcias","robots":{"index":"index","follow":"follow","max-snippet":"max-snippet:-1","max-image-preview":"max-image-preview:large","max-video-preview":"max-video-preview:-1"},"canonical":"https:\/\/jornalfatosenoticias.com.br\/index.php\/2022\/03\/29\/a-piscina-sagrada-que-se-alinhava-com-as-estrelas-ha-25-mil-de-anos\/","og_locale":"pt_BR","og_type":"article","og_title":"A piscina sagrada que se alinhava com as estrelas h\u00e1 2,5 mil de anos - Jornal Fatos e Not\u00edcias","og_description":"Pesquisadores acreditavam que local seria antigo porto militar, mas descobriram que o lago com uma est\u00e1tua do deus fen\u00edcio Ba&#8217;al servia, na verdade, para fins religiosos A regi\u00e3o da Sic\u00edlia, no atual territ\u00f3rio a It\u00e1lia, foi dominada e ocupada pelos fen\u00edcios mil\u00eanios atr\u00e1s. Entretanto, havia uma constru\u00e7\u00e3o desse povo que h\u00e1 mais de cinquenta anos [&hellip;]","og_url":"https:\/\/jornalfatosenoticias.com.br\/index.php\/2022\/03\/29\/a-piscina-sagrada-que-se-alinhava-com-as-estrelas-ha-25-mil-de-anos\/","og_site_name":"Jornal Fatos e Not\u00edcias","article_published_time":"2022-03-29T19:08:39+00:00","article_modified_time":"2022-03-29T19:08:40+00:00","og_image":[{"width":1000,"height":464,"url":"https:\/\/jornalfatosenoticias.com.br\/wp-content\/uploads\/2022\/03\/piscina-sagrada.jpg","type":"image\/jpeg"}],"author":"Luzimara Fernandes","twitter_card":"summary_large_image","twitter_misc":{"Escrito por":"Luzimara Fernandes","Est. tempo de leitura":"2 minutos"},"schema":{"@context":"https:\/\/schema.org","@graph":[{"@type":"Article","@id":"https:\/\/jornalfatosenoticias.com.br\/index.php\/2022\/03\/29\/a-piscina-sagrada-que-se-alinhava-com-as-estrelas-ha-25-mil-de-anos\/#article","isPartOf":{"@id":"https:\/\/jornalfatosenoticias.com.br\/index.php\/2022\/03\/29\/a-piscina-sagrada-que-se-alinhava-com-as-estrelas-ha-25-mil-de-anos\/"},"author":{"name":"Luzimara Fernandes","@id":"https:\/\/jornalfatosenoticias.com.br\/#\/schema\/person\/d63837fa13ac8666eb9e74e0985d6f81"},"headline":"A piscina sagrada que se alinhava com as estrelas h\u00e1 2,5 mil de anos","datePublished":"2022-03-29T19:08:39+00:00","dateModified":"2022-03-29T19:08:40+00:00","mainEntityOfPage":{"@id":"https:\/\/jornalfatosenoticias.com.br\/index.php\/2022\/03\/29\/a-piscina-sagrada-que-se-alinhava-com-as-estrelas-ha-25-mil-de-anos\/"},"wordCount":460,"commentCount":0,"publisher":{"@id":"https:\/\/jornalfatosenoticias.com.br\/#organization"},"image":{"@id":"https:\/\/jornalfatosenoticias.com.br\/index.php\/2022\/03\/29\/a-piscina-sagrada-que-se-alinhava-com-as-estrelas-ha-25-mil-de-anos\/#primaryimage"},"thumbnailUrl":"https:\/\/jornalfatosenoticias.com.br\/wp-content\/uploads\/2022\/03\/piscina-sagrada.jpg","keywords":["arqueologia","estrelas","fen\u00edcios","hist\u00f3ria","It\u00e1lia","piscina"],"articleSection":["Paleo &amp; Arqueologia"],"inLanguage":"pt-BR","potentialAction":[{"@type":"CommentAction","name":"Comment","target":["https:\/\/jornalfatosenoticias.com.br\/index.php\/2022\/03\/29\/a-piscina-sagrada-que-se-alinhava-com-as-estrelas-ha-25-mil-de-anos\/#respond"]}]},{"@type":"WebPage","@id":"https:\/\/jornalfatosenoticias.com.br\/index.php\/2022\/03\/29\/a-piscina-sagrada-que-se-alinhava-com-as-estrelas-ha-25-mil-de-anos\/","url":"https:\/\/jornalfatosenoticias.com.br\/index.php\/2022\/03\/29\/a-piscina-sagrada-que-se-alinhava-com-as-estrelas-ha-25-mil-de-anos\/","name":"A piscina sagrada que se alinhava com as estrelas h\u00e1 2,5 mil de anos - Jornal Fatos e Not\u00edcias","isPartOf":{"@id":"https:\/\/jornalfatosenoticias.com.br\/#website"},"primaryImageOfPage":{"@id":"https:\/\/jornalfatosenoticias.com.br\/index.php\/2022\/03\/29\/a-piscina-sagrada-que-se-alinhava-com-as-estrelas-ha-25-mil-de-anos\/#primaryimage"},"image":{"@id":"https:\/\/jornalfatosenoticias.com.br\/index.php\/2022\/03\/29\/a-piscina-sagrada-que-se-alinhava-com-as-estrelas-ha-25-mil-de-anos\/#primaryimage"},"thumbnailUrl":"https:\/\/jornalfatosenoticias.com.br\/wp-content\/uploads\/2022\/03\/piscina-sagrada.jpg","datePublished":"2022-03-29T19:08:39+00:00","dateModified":"2022-03-29T19:08:40+00:00","breadcrumb":{"@id":"https:\/\/jornalfatosenoticias.com.br\/index.php\/2022\/03\/29\/a-piscina-sagrada-que-se-alinhava-com-as-estrelas-ha-25-mil-de-anos\/#breadcrumb"},"inLanguage":"pt-BR","potentialAction":[{"@type":"ReadAction","target":["https:\/\/jornalfatosenoticias.com.br\/index.php\/2022\/03\/29\/a-piscina-sagrada-que-se-alinhava-com-as-estrelas-ha-25-mil-de-anos\/"]}]},{"@type":"ImageObject","inLanguage":"pt-BR","@id":"https:\/\/jornalfatosenoticias.com.br\/index.php\/2022\/03\/29\/a-piscina-sagrada-que-se-alinhava-com-as-estrelas-ha-25-mil-de-anos\/#primaryimage","url":"https:\/\/jornalfatosenoticias.com.br\/wp-content\/uploads\/2022\/03\/piscina-sagrada.jpg","contentUrl":"https:\/\/jornalfatosenoticias.com.br\/wp-content\/uploads\/2022\/03\/piscina-sagrada.jpg","width":1000,"height":464},{"@type":"BreadcrumbList","@id":"https:\/\/jornalfatosenoticias.com.br\/index.php\/2022\/03\/29\/a-piscina-sagrada-que-se-alinhava-com-as-estrelas-ha-25-mil-de-anos\/#breadcrumb","itemListElement":[{"@type":"ListItem","position":1,"name":"In\u00edcio","item":"https:\/\/jornalfatosenoticias.com.br\/"},{"@type":"ListItem","position":2,"name":"A piscina sagrada que se alinhava com as estrelas h\u00e1 2,5 mil de anos"}]},{"@type":"WebSite","@id":"https:\/\/jornalfatosenoticias.com.br\/#website","url":"https:\/\/jornalfatosenoticias.com.br\/","name":"Jornal Fatos e Not\u00edcias","description":"Not\u00edcias em geral","publisher":{"@id":"https:\/\/jornalfatosenoticias.com.br\/#organization"},"potentialAction":[{"@type":"SearchAction","target":{"@type":"EntryPoint","urlTemplate":"https:\/\/jornalfatosenoticias.com.br\/?s={search_term_string}"},"query-input":{"@type":"PropertyValueSpecification","valueRequired":true,"valueName":"search_term_string"}}],"inLanguage":"pt-BR"},{"@type":"Organization","@id":"https:\/\/jornalfatosenoticias.com.br\/#organization","name":"Jornal Fatos e Not\u00edcias","url":"https:\/\/jornalfatosenoticias.com.br\/","logo":{"@type":"ImageObject","inLanguage":"pt-BR","@id":"https:\/\/jornalfatosenoticias.com.br\/#\/schema\/logo\/image\/","url":"https:\/\/jornalfatosenoticias.com.br\/wp-content\/uploads\/2020\/02\/logo120.png","contentUrl":"https:\/\/jornalfatosenoticias.com.br\/wp-content\/uploads\/2020\/02\/logo120.png","width":1227,"height":120,"caption":"Jornal Fatos e Not\u00edcias"},"image":{"@id":"https:\/\/jornalfatosenoticias.com.br\/#\/schema\/logo\/image\/"}},{"@type":"Person","@id":"https:\/\/jornalfatosenoticias.com.br\/#\/schema\/person\/d63837fa13ac8666eb9e74e0985d6f81","name":"Luzimara Fernandes","image":{"@type":"ImageObject","inLanguage":"pt-BR","@id":"https:\/\/jornalfatosenoticias.com.br\/#\/schema\/person\/image\/","url":"https:\/\/jornalfatosenoticias.com.br\/wp-content\/uploads\/2025\/05\/EU_portal.jpg","contentUrl":"https:\/\/jornalfatosenoticias.com.br\/wp-content\/uploads\/2025\/05\/EU_portal.jpg","caption":"Luzimara Fernandes"},"description":"Jornalista MTB 2358-ES","sameAs":["https:\/\/jornalfatosenoticias.com.br"],"url":"https:\/\/jornalfatosenoticias.com.br\/index.php\/author\/luzimara\/"}]}},"cc_featured_image_caption":{"caption_text":"(Foto: Reprodu\u00e7\u00e3o\/Antiquity) \r\n","source_text":"","source_url":""},"jetpack_featured_media_url":"https:\/\/jornalfatosenoticias.com.br\/wp-content\/uploads\/2022\/03\/piscina-sagrada.jpg","_links":{"self":[{"href":"https:\/\/jornalfatosenoticias.com.br\/index.php\/wp-json\/wp\/v2\/posts\/29208","targetHints":{"allow":["GET"]}}],"collection":[{"href":"https:\/\/jornalfatosenoticias.com.br\/index.php\/wp-json\/wp\/v2\/posts"}],"about":[{"href":"https:\/\/jornalfatosenoticias.com.br\/index.php\/wp-json\/wp\/v2\/types\/post"}],"author":[{"embeddable":true,"href":"https:\/\/jornalfatosenoticias.com.br\/index.php\/wp-json\/wp\/v2\/users\/2"}],"replies":[{"embeddable":true,"href":"https:\/\/jornalfatosenoticias.com.br\/index.php\/wp-json\/wp\/v2\/comments?post=29208"}],"version-history":[{"count":0,"href":"https:\/\/jornalfatosenoticias.com.br\/index.php\/wp-json\/wp\/v2\/posts\/29208\/revisions"}],"wp:featuredmedia":[{"embeddable":true,"href":"https:\/\/jornalfatosenoticias.com.br\/index.php\/wp-json\/wp\/v2\/media\/29210"}],"wp:attachment":[{"href":"https:\/\/jornalfatosenoticias.com.br\/index.php\/wp-json\/wp\/v2\/media?parent=29208"}],"wp:term":[{"taxonomy":"category","embeddable":true,"href":"https:\/\/jornalfatosenoticias.com.br\/index.php\/wp-json\/wp\/v2\/categories?post=29208"},{"taxonomy":"post_tag","embeddable":true,"href":"https:\/\/jornalfatosenoticias.com.br\/index.php\/wp-json\/wp\/v2\/tags?post=29208"}],"curies":[{"name":"wp","href":"https:\/\/api.w.org\/{rel}","templated":true}]}}