{"id":29265,"date":"2022-03-31T14:10:51","date_gmt":"2022-03-31T17:10:51","guid":{"rendered":"https:\/\/jornalfatosenoticias.com.br\/?p=29265"},"modified":"2022-03-31T14:10:55","modified_gmt":"2022-03-31T17:10:55","slug":"precisamos-falar-sobre-moise-e-henry-parte-viii","status":"publish","type":"post","link":"https:\/\/jornalfatosenoticias.com.br\/index.php\/2022\/03\/31\/precisamos-falar-sobre-moise-e-henry-parte-viii\/","title":{"rendered":"Precisamos falar sobre Mo\u00efse e Henry \u2014 Parte VIII"},"content":{"rendered":"\n<p><em><span class=\"has-inline-color has-black-color\">Para manter a v\u00edtima em sil\u00eancio, o abusador costuma fazer amea\u00e7as de viol\u00eancia f\u00edsica e mental, al\u00e9m de chantagens. \u00c9 frequente tamb\u00e9m que usem presentes, dinheiro ou outro tipo de material para construir uma boa rela\u00e7\u00e3o com a v\u00edtima<\/span><\/em><\/p>\n\n\n\n<div class=\"wp-block-image\"><figure class=\"aligncenter size-large is-resized\"><img loading=\"lazy\" decoding=\"async\" src=\"https:\/\/jornalfatosenoticias.com.br\/wp-content\/uploads\/2022\/02\/Banner-1-1024x101.png\" alt=\"\" class=\"wp-image-27923\" width=\"417\" height=\"40\"\/><\/figure><\/div>\n\n\n\n<p>A cada segundo morrem no mundo 10 Crian\u00e7as de fome ou doen\u00e7a cur\u00e1vel. Pode ter uma superficial apar\u00eancia de neglig\u00eancia, de atitude culposa, sem a inten\u00e7\u00e3o de matar. Mas, com todos os indicativos, temos, sim, um dolo. Assim como \u00e9 dolo usar o conhecimento como arma contra crian\u00e7as j\u00e1 vitimadas por algu\u00e9m que elas amam e obedecem.<br>\u00c9 tamb\u00e9m barb\u00e1rie, mesmo que sem sangue, as fraudes escoradas na Ci\u00eancia, em afirma\u00e7\u00f5es resultantes de distor\u00e7\u00f5es guiadas pela falta de l\u00f3gica ou pela intencionalidade de triunfar. Vale usar falsas afirma\u00e7\u00f5es que surgem de pseudoci\u00eancias. Mas que vendem dogmas.<\/p>\n\n\n\n<figure class=\"wp-block-image size-large\"><img loading=\"lazy\" decoding=\"async\" width=\"1000\" height=\"666\" src=\"https:\/\/jornalfatosenoticias.com.br\/wp-content\/uploads\/2022\/03\/crianca-desnutrida-Iemen.jpg\" alt=\"\" class=\"wp-image-29266\" srcset=\"https:\/\/jornalfatosenoticias.com.br\/wp-content\/uploads\/2022\/03\/crianca-desnutrida-Iemen.jpg 1000w, https:\/\/jornalfatosenoticias.com.br\/wp-content\/uploads\/2022\/03\/crianca-desnutrida-Iemen-300x200.jpg 300w, https:\/\/jornalfatosenoticias.com.br\/wp-content\/uploads\/2022\/03\/crianca-desnutrida-Iemen-768x511.jpg 768w\" sizes=\"auto, (max-width: 1000px) 100vw, 1000px\" \/><figcaption><em><span class=\"has-inline-color has-black-color\">Pai d\u00e1 \u00e1gua para filha desnutrida em um centro de alimenta\u00e7\u00e3o em um hospital em Hodeida, no I\u00eamen (Foto: Hani Mohammed\/AP)<\/span><\/em><\/figcaption><\/figure>\n\n\n\n<div class=\"wp-block-image\"><figure class=\"aligncenter size-large is-resized\"><img loading=\"lazy\" decoding=\"async\" src=\"https:\/\/jornalfatosenoticias.com.br\/wp-content\/uploads\/2022\/02\/Arte-Autoescola-Galatas_endereco_portal-1024x103.png\" alt=\"\" class=\"wp-image-27869\" width=\"477\" height=\"48\" srcset=\"https:\/\/jornalfatosenoticias.com.br\/wp-content\/uploads\/2022\/02\/Arte-Autoescola-Galatas_endereco_portal-1024x103.png 1024w, https:\/\/jornalfatosenoticias.com.br\/wp-content\/uploads\/2022\/02\/Arte-Autoescola-Galatas_endereco_portal-300x30.png 300w, https:\/\/jornalfatosenoticias.com.br\/wp-content\/uploads\/2022\/02\/Arte-Autoescola-Galatas_endereco_portal-768x77.png 768w, https:\/\/jornalfatosenoticias.com.br\/wp-content\/uploads\/2022\/02\/Arte-Autoescola-Galatas_endereco_portal.png 1223w\" sizes=\"auto, (max-width: 477px) 100vw, 477px\" \/><\/figure><\/div>\n\n\n\n<p>Para as\/os peritas\/os \u201cforenses\u201d o preconceito de que toda mulher\/m\u00e3e que faz den\u00fancia de abuso sexual intrafamiliar, vitimando um filho ou filha, \u00e9 louca, vingativa, interesseira. Partindo dessa falsa premissa, a voz dessa mulher\/m\u00e3e \u00e9, completamente, desconsiderada e desqualificada. Para corroborar o preconceito de \u201cmulher louca\u201d, esses profissionais trazem recheios ainda mais fraudulentos, atribuindo \u00e0 mulher\/m\u00e3e doen\u00e7as mentais severas para dar uma ideia de consist\u00eancia \u00e0 desqualifica\u00e7\u00e3o da voz dela.<br>O ataque \u00e9 duplo. O conhecimento te\u00f3rico se transforma numa arma poderosa. Do alto de um saber que n\u00e3o precisa de bom senso, esses operadores de justi\u00e7a se arvoram a afirmar teses que resultam de Sofismas criados por eles mesmos. Assim a N\u00c3O cient\u00edfica tese de que a crian\u00e7a decorou um texto que a m\u00e3e preparou, para repetir um relato que n\u00e3o aconteceu, despreza a realidade do desenvolvimento cognitivo. N\u00e3o sabemos como uma pessoa que estudou Psicologia pode defender uma tese que contraria todas as teorias cient\u00edficas que descrevem o desenvolvimento cognitivo da Crian\u00e7a. Falta honestidade afirmar que quando a Crian\u00e7a descreve uma cena de abuso que ela sofreu, com detalhes, com refer\u00eancia a sensa\u00e7\u00f5es, elencando gostos e cheiros de s\u00eamen, que isso seja, fraudulentamente, escrito como uma falsa mem\u00f3ria. <\/p>\n\n\n\n<div class=\"wp-block-image\"><figure class=\"alignright size-large is-resized\"><img loading=\"lazy\" decoding=\"async\" src=\"https:\/\/jornalfatosenoticias.com.br\/wp-content\/uploads\/2022\/03\/logo-Suinco-1024x390.jpg\" alt=\"\" class=\"wp-image-28785\" width=\"346\" height=\"131\"\/><\/figure><\/div>\n\n\n\n<p>Essa capacidade de arquivar o mundo s\u00f3 \u00e9 poss\u00edvel como uso do racioc\u00ednio concreto, com a experi\u00eancia. Todos os Profissionais de Psicologia sabem disso. Estudaram essas Teorias do Desenvolvimento Infantil. N\u00e3o \u00e9 poss\u00edvel ouvir algu\u00e9m dizer que uma Crian\u00e7a relatou \u201cfalsas mem\u00f3rias\u201d ao descrever pr\u00e1ticas de abuso sexual intrafamiliar. Mas essa \u201cperita\u201d deixa na penumbra o fato da Crian\u00e7a desenhar a cena abusiva ou o pai com um \u00f3rg\u00e3o genital ereto e grande, de onde pingam gotas que explica serem a gosma branca que sai do piu-piu do papai, (sic). Ou fazer a encena\u00e7\u00e3o de ato sexual com os bonecos que lhe s\u00e3o oferecidos. Como explicar tamanha capacidade mn\u00eamica para guardar, com coer\u00eancia um script alheio a sua experi\u00eancia? Isso n\u00e3o seria poss\u00edvel. Equivale a afirmar que uma Crian\u00e7a decidiu que vai dar um helic\u00f3ptero para a m\u00e3e, comprado com as moedas de seu cofrinho, porque ela adquiriu a\u00e7\u00f5es PP que valorizaram muito e teve um bom lucro. A Crian\u00e7a justificaria que em seu cofrinho tem muitas moedas que t\u00eam aquela parte dourada que vale muito, ent\u00e3o vai conseguir comprar o helic\u00f3ptero para dar de presente no dia das m\u00e3es. Assim como uma Crian\u00e7a de seis, sete anos n\u00e3o sabe o que s\u00e3o a\u00e7\u00f5es PP, ela tamb\u00e9m n\u00e3o sabe que o adulto tem ere\u00e7\u00e3o e ejacula\u00e7\u00e3o. Mas ningu\u00e9m se importa com isso, e, seguindo o dogma, foi a m\u00e3e alienadora que implantou falsas mem\u00f3rias, como se fosse um chip subcut\u00e2neo que passa a funcionar com as peritas, e s\u00f3 com as peritas.<\/p>\n\n\n\n<div class=\"wp-block-image\"><figure class=\"aligncenter size-large is-resized\"><img loading=\"lazy\" decoding=\"async\" src=\"https:\/\/jornalfatosenoticias.com.br\/wp-content\/uploads\/2020\/02\/Logo-Mizu-segunda-2-1024x99.png\" alt=\"\" class=\"wp-image-2353\" width=\"467\" height=\"45\" srcset=\"https:\/\/jornalfatosenoticias.com.br\/wp-content\/uploads\/2020\/02\/Logo-Mizu-segunda-2-1024x99.png 1024w, https:\/\/jornalfatosenoticias.com.br\/wp-content\/uploads\/2020\/02\/Logo-Mizu-segunda-2-300x29.png 300w, https:\/\/jornalfatosenoticias.com.br\/wp-content\/uploads\/2020\/02\/Logo-Mizu-segunda-2-768x74.png 768w, https:\/\/jornalfatosenoticias.com.br\/wp-content\/uploads\/2020\/02\/Logo-Mizu-segunda-2.png 1240w\" sizes=\"auto, (max-width: 467px) 100vw, 467px\" \/><\/figure><\/div>\n\n\n\n<figure class=\"wp-block-image size-large\"><img loading=\"lazy\" decoding=\"async\" width=\"1000\" height=\"669\" src=\"https:\/\/jornalfatosenoticias.com.br\/wp-content\/uploads\/2022\/03\/desenho-de-crianca-que-sofreu-abuso.jpg\" alt=\"\" class=\"wp-image-29267\" srcset=\"https:\/\/jornalfatosenoticias.com.br\/wp-content\/uploads\/2022\/03\/desenho-de-crianca-que-sofreu-abuso.jpg 1000w, https:\/\/jornalfatosenoticias.com.br\/wp-content\/uploads\/2022\/03\/desenho-de-crianca-que-sofreu-abuso-300x201.jpg 300w, https:\/\/jornalfatosenoticias.com.br\/wp-content\/uploads\/2022\/03\/desenho-de-crianca-que-sofreu-abuso-768x514.jpg 768w\" sizes=\"auto, (max-width: 1000px) 100vw, 1000px\" \/><figcaption><em><span class=\"has-inline-color has-black-color\">Desenho de v\u00edtima enfatizando p\u00eanis do autor e mostrando desejo dela que ele seja preso (Foto: Suelen Gon\u00e7alves\/G1 AM)<\/span><\/em><\/figcaption><\/figure>\n\n\n\n<div class=\"wp-block-image\"><figure class=\"alignleft size-large is-resized\"><img loading=\"lazy\" decoding=\"async\" src=\"https:\/\/jornalfatosenoticias.com.br\/wp-content\/uploads\/2022\/02\/Precisao-Contabilidade-1024x724.jpg\" alt=\"\" class=\"wp-image-28088\" width=\"305\" height=\"216\"\/><\/figure><\/div>\n\n\n\n<p>Interessante observar que somente as Crian\u00e7as que sofreram abuso sexual incestuoso, intrafamiliar, s\u00e3o portadoras dessa implanta\u00e7\u00e3o de falsas mem\u00f3rias. Quando o abusador \u00e9 extrafamiliar, ningu\u00e9m duvida da voz da Crian\u00e7a, ela \u00e9 merecedora de todo o cr\u00e9dito. Qual seria a diferen\u00e7a? Por que se confia quando ela fala do motorista da van escolar, de um professor, de um vizinho, de um desconhecido que estava na padaria, e \u00e9 fantasia e implanta\u00e7\u00e3o de falsas mem\u00f3rias quando ela, com um enorme sofrimento, refere um abusador dentro da fam\u00edlia?<br>Essas afirma\u00e7\u00f5es infundadas sobre o desenvolvimento infantil s\u00e3o espalhadas como verdades cient\u00edficas. Curioso \u00e9 que s\u00e3o il\u00f3gicas, sem necessitar de conhecimento acad\u00eamico espec\u00edfico, contest\u00e1veis pelo simples e acess\u00edvel bom senso. O mal-estar dessa perversidade, abusar sexualmente de um filho ou filha, \u00e9 t\u00e3o insuport\u00e1vel que nos cega at\u00e9 para o \u00f3bvio. E preferimos nos esconder no negacionismo.<\/p>\n\n\n\n<figure class=\"wp-block-image size-large\"><img loading=\"lazy\" decoding=\"async\" width=\"1000\" height=\"562\" src=\"https:\/\/jornalfatosenoticias.com.br\/wp-content\/uploads\/2022\/03\/abuso-sexual-infantil_comportamento.jpg\" alt=\"\" class=\"wp-image-29268\" srcset=\"https:\/\/jornalfatosenoticias.com.br\/wp-content\/uploads\/2022\/03\/abuso-sexual-infantil_comportamento.jpg 1000w, https:\/\/jornalfatosenoticias.com.br\/wp-content\/uploads\/2022\/03\/abuso-sexual-infantil_comportamento-300x169.jpg 300w, https:\/\/jornalfatosenoticias.com.br\/wp-content\/uploads\/2022\/03\/abuso-sexual-infantil_comportamento-768x432.jpg 768w\" sizes=\"auto, (max-width: 1000px) 100vw, 1000px\" \/><figcaption><em><span class=\"has-inline-color has-black-color\">\u00c9 poss\u00edvel identificar sinais de abuso sexual em crian\u00e7as e adolescentes? (Foto: Freepik)<\/span><\/em><\/figcaption><\/figure>\n\n\n\n<div class=\"wp-block-image\"><figure class=\"alignright size-large\"><img loading=\"lazy\" decoding=\"async\" width=\"300\" height=\"250\" src=\"https:\/\/jornalfatosenoticias.com.br\/wp-content\/uploads\/2022\/02\/FERRARI_MAQUINAS-E-FERRAMENTAS2.jpg\" alt=\"\" class=\"wp-image-27860\"\/><\/figure><\/div>\n\n\n\n<p>No entanto, se para uns o sofrimento diante de tamanha aberra\u00e7\u00e3o humana \u00e9 insuport\u00e1vel, para outros \u00e9 fonte de ganho financeiro. A monetiza\u00e7\u00e3o desse comportamento \u00e9 uma realidade que se utiliza de beb\u00eas, os mais rent\u00e1veis, a adolescentes quase adultos. Para ter mais garantia de impunidade, grupos sociais e lideran\u00e7as que disseminam ensinamentos sobre como ganhar com a explora\u00e7\u00e3o de Crian\u00e7as v\u00edtimas de viola\u00e7\u00e3o de seus corpos, v\u00eam se conglomerando, misturando profissionais de v\u00e1rias forma\u00e7\u00f5es, que se protegem e blindam contra qualquer tentativa de den\u00fancia a Conselhos e\/ou Entidades P\u00fablicas.<br>A lama do conhecimento desviado de seu prop\u00f3sito.<\/p>\n\n\n\n<div class=\"wp-block-image\"><figure class=\"aligncenter size-large is-resized\"><img loading=\"lazy\" decoding=\"async\" src=\"https:\/\/jornalfatosenoticias.com.br\/wp-content\/uploads\/2020\/02\/Serra-Grande-1024x160.png\" alt=\"\" class=\"wp-image-7836\" width=\"424\" height=\"66\"\/><\/figure><\/div>\n","protected":false},"excerpt":{"rendered":"<p>Para manter a v\u00edtima em sil\u00eancio, o abusador costuma fazer amea\u00e7as de viol\u00eancia f\u00edsica e mental, al\u00e9m de chantagens. \u00c9 frequente tamb\u00e9m que usem presentes, dinheiro ou outro tipo de material para construir uma boa rela\u00e7\u00e3o com a v\u00edtima A cada segundo morrem no mundo 10 Crian\u00e7as de fome ou doen\u00e7a cur\u00e1vel. Pode ter uma [&hellip;]<\/p>\n","protected":false},"author":8,"featured_media":29268,"comment_status":"open","ping_status":"open","sticky":false,"template":"","format":"standard","meta":{"footnotes":""},"categories":[2522],"tags":[4400,8606,4417,1203,2479],"class_list":["post-29265","post","type-post","status-publish","format-standard","has-post-thumbnail","hentry","category-comportamento","tag-abuso-sexual-infantil","tag-desnutricao-infantil","tag-estupro","tag-fome","tag-violencia"],"yoast_head":"<!-- This site is optimized with the Yoast SEO plugin v26.5 - https:\/\/yoast.com\/wordpress\/plugins\/seo\/ -->\n<title>Precisamos falar sobre Mo\u00efse e Henry \u2014 Parte VIII - Jornal Fatos e Not\u00edcias<\/title>\n<meta name=\"robots\" content=\"index, follow, max-snippet:-1, max-image-preview:large, max-video-preview:-1\" \/>\n<link rel=\"canonical\" href=\"https:\/\/jornalfatosenoticias.com.br\/index.php\/2022\/03\/31\/precisamos-falar-sobre-moise-e-henry-parte-viii\/\" \/>\n<meta property=\"og:locale\" content=\"pt_BR\" \/>\n<meta property=\"og:type\" content=\"article\" \/>\n<meta property=\"og:title\" content=\"Precisamos falar sobre Mo\u00efse e Henry \u2014 Parte VIII - Jornal Fatos e Not\u00edcias\" \/>\n<meta property=\"og:description\" content=\"Para manter a v\u00edtima em sil\u00eancio, o abusador costuma fazer amea\u00e7as de viol\u00eancia f\u00edsica e mental, al\u00e9m de chantagens. \u00c9 frequente tamb\u00e9m que usem presentes, dinheiro ou outro tipo de material para construir uma boa rela\u00e7\u00e3o com a v\u00edtima A cada segundo morrem no mundo 10 Crian\u00e7as de fome ou doen\u00e7a cur\u00e1vel. Pode ter uma [&hellip;]\" \/>\n<meta property=\"og:url\" content=\"https:\/\/jornalfatosenoticias.com.br\/index.php\/2022\/03\/31\/precisamos-falar-sobre-moise-e-henry-parte-viii\/\" \/>\n<meta property=\"og:site_name\" content=\"Jornal Fatos e Not\u00edcias\" \/>\n<meta property=\"article:published_time\" content=\"2022-03-31T17:10:51+00:00\" \/>\n<meta property=\"article:modified_time\" content=\"2022-03-31T17:10:55+00:00\" \/>\n<meta property=\"og:image\" content=\"https:\/\/jornalfatosenoticias.com.br\/wp-content\/uploads\/2022\/03\/abuso-sexual-infantil_comportamento.jpg\" \/>\n\t<meta property=\"og:image:width\" content=\"1000\" \/>\n\t<meta property=\"og:image:height\" content=\"562\" \/>\n\t<meta property=\"og:image:type\" content=\"image\/jpeg\" \/>\n<meta name=\"author\" content=\"Ana Maria Iencarelli\" \/>\n<meta name=\"twitter:card\" content=\"summary_large_image\" \/>\n<meta name=\"twitter:label1\" content=\"Escrito por\" \/>\n\t<meta name=\"twitter:data1\" content=\"Ana Maria Iencarelli\" \/>\n\t<meta name=\"twitter:label2\" content=\"Est. tempo de leitura\" \/>\n\t<meta name=\"twitter:data2\" content=\"5 minutos\" \/>\n<script type=\"application\/ld+json\" class=\"yoast-schema-graph\">{\"@context\":\"https:\/\/schema.org\",\"@graph\":[{\"@type\":\"Article\",\"@id\":\"https:\/\/jornalfatosenoticias.com.br\/index.php\/2022\/03\/31\/precisamos-falar-sobre-moise-e-henry-parte-viii\/#article\",\"isPartOf\":{\"@id\":\"https:\/\/jornalfatosenoticias.com.br\/index.php\/2022\/03\/31\/precisamos-falar-sobre-moise-e-henry-parte-viii\/\"},\"author\":{\"name\":\"Ana Maria Iencarelli\",\"@id\":\"https:\/\/jornalfatosenoticias.com.br\/#\/schema\/person\/c33fcf5fb02d729d3fec92c6737a22d1\"},\"headline\":\"Precisamos falar sobre Mo\u00efse e Henry \u2014 Parte VIII\",\"datePublished\":\"2022-03-31T17:10:51+00:00\",\"dateModified\":\"2022-03-31T17:10:55+00:00\",\"mainEntityOfPage\":{\"@id\":\"https:\/\/jornalfatosenoticias.com.br\/index.php\/2022\/03\/31\/precisamos-falar-sobre-moise-e-henry-parte-viii\/\"},\"wordCount\":1010,\"commentCount\":0,\"publisher\":{\"@id\":\"https:\/\/jornalfatosenoticias.com.br\/#organization\"},\"image\":{\"@id\":\"https:\/\/jornalfatosenoticias.com.br\/index.php\/2022\/03\/31\/precisamos-falar-sobre-moise-e-henry-parte-viii\/#primaryimage\"},\"thumbnailUrl\":\"https:\/\/jornalfatosenoticias.com.br\/wp-content\/uploads\/2022\/03\/abuso-sexual-infantil_comportamento.jpg\",\"keywords\":[\"abuso sexual infantil\",\"desnutri\u00e7\u00e3o infantil\",\"estupro\",\"fome\",\"viol\u00eancia\"],\"articleSection\":[\"Comportamento &amp; Equil\u00edbrio\"],\"inLanguage\":\"pt-BR\",\"potentialAction\":[{\"@type\":\"CommentAction\",\"name\":\"Comment\",\"target\":[\"https:\/\/jornalfatosenoticias.com.br\/index.php\/2022\/03\/31\/precisamos-falar-sobre-moise-e-henry-parte-viii\/#respond\"]}]},{\"@type\":\"WebPage\",\"@id\":\"https:\/\/jornalfatosenoticias.com.br\/index.php\/2022\/03\/31\/precisamos-falar-sobre-moise-e-henry-parte-viii\/\",\"url\":\"https:\/\/jornalfatosenoticias.com.br\/index.php\/2022\/03\/31\/precisamos-falar-sobre-moise-e-henry-parte-viii\/\",\"name\":\"Precisamos falar sobre Mo\u00efse e Henry \u2014 Parte VIII - Jornal Fatos e Not\u00edcias\",\"isPartOf\":{\"@id\":\"https:\/\/jornalfatosenoticias.com.br\/#website\"},\"primaryImageOfPage\":{\"@id\":\"https:\/\/jornalfatosenoticias.com.br\/index.php\/2022\/03\/31\/precisamos-falar-sobre-moise-e-henry-parte-viii\/#primaryimage\"},\"image\":{\"@id\":\"https:\/\/jornalfatosenoticias.com.br\/index.php\/2022\/03\/31\/precisamos-falar-sobre-moise-e-henry-parte-viii\/#primaryimage\"},\"thumbnailUrl\":\"https:\/\/jornalfatosenoticias.com.br\/wp-content\/uploads\/2022\/03\/abuso-sexual-infantil_comportamento.jpg\",\"datePublished\":\"2022-03-31T17:10:51+00:00\",\"dateModified\":\"2022-03-31T17:10:55+00:00\",\"breadcrumb\":{\"@id\":\"https:\/\/jornalfatosenoticias.com.br\/index.php\/2022\/03\/31\/precisamos-falar-sobre-moise-e-henry-parte-viii\/#breadcrumb\"},\"inLanguage\":\"pt-BR\",\"potentialAction\":[{\"@type\":\"ReadAction\",\"target\":[\"https:\/\/jornalfatosenoticias.com.br\/index.php\/2022\/03\/31\/precisamos-falar-sobre-moise-e-henry-parte-viii\/\"]}]},{\"@type\":\"ImageObject\",\"inLanguage\":\"pt-BR\",\"@id\":\"https:\/\/jornalfatosenoticias.com.br\/index.php\/2022\/03\/31\/precisamos-falar-sobre-moise-e-henry-parte-viii\/#primaryimage\",\"url\":\"https:\/\/jornalfatosenoticias.com.br\/wp-content\/uploads\/2022\/03\/abuso-sexual-infantil_comportamento.jpg\",\"contentUrl\":\"https:\/\/jornalfatosenoticias.com.br\/wp-content\/uploads\/2022\/03\/abuso-sexual-infantil_comportamento.jpg\",\"width\":1000,\"height\":562},{\"@type\":\"BreadcrumbList\",\"@id\":\"https:\/\/jornalfatosenoticias.com.br\/index.php\/2022\/03\/31\/precisamos-falar-sobre-moise-e-henry-parte-viii\/#breadcrumb\",\"itemListElement\":[{\"@type\":\"ListItem\",\"position\":1,\"name\":\"In\u00edcio\",\"item\":\"https:\/\/jornalfatosenoticias.com.br\/\"},{\"@type\":\"ListItem\",\"position\":2,\"name\":\"Precisamos falar sobre Mo\u00efse e Henry \u2014 Parte VIII\"}]},{\"@type\":\"WebSite\",\"@id\":\"https:\/\/jornalfatosenoticias.com.br\/#website\",\"url\":\"https:\/\/jornalfatosenoticias.com.br\/\",\"name\":\"Jornal Fatos e Not\u00edcias\",\"description\":\"Not\u00edcias em geral\",\"publisher\":{\"@id\":\"https:\/\/jornalfatosenoticias.com.br\/#organization\"},\"potentialAction\":[{\"@type\":\"SearchAction\",\"target\":{\"@type\":\"EntryPoint\",\"urlTemplate\":\"https:\/\/jornalfatosenoticias.com.br\/?s={search_term_string}\"},\"query-input\":{\"@type\":\"PropertyValueSpecification\",\"valueRequired\":true,\"valueName\":\"search_term_string\"}}],\"inLanguage\":\"pt-BR\"},{\"@type\":\"Organization\",\"@id\":\"https:\/\/jornalfatosenoticias.com.br\/#organization\",\"name\":\"Jornal Fatos e Not\u00edcias\",\"url\":\"https:\/\/jornalfatosenoticias.com.br\/\",\"logo\":{\"@type\":\"ImageObject\",\"inLanguage\":\"pt-BR\",\"@id\":\"https:\/\/jornalfatosenoticias.com.br\/#\/schema\/logo\/image\/\",\"url\":\"https:\/\/jornalfatosenoticias.com.br\/wp-content\/uploads\/2020\/02\/logo120.png\",\"contentUrl\":\"https:\/\/jornalfatosenoticias.com.br\/wp-content\/uploads\/2020\/02\/logo120.png\",\"width\":1227,\"height\":120,\"caption\":\"Jornal Fatos e Not\u00edcias\"},\"image\":{\"@id\":\"https:\/\/jornalfatosenoticias.com.br\/#\/schema\/logo\/image\/\"}},{\"@type\":\"Person\",\"@id\":\"https:\/\/jornalfatosenoticias.com.br\/#\/schema\/person\/c33fcf5fb02d729d3fec92c6737a22d1\",\"name\":\"Ana Maria Iencarelli\",\"image\":{\"@type\":\"ImageObject\",\"inLanguage\":\"pt-BR\",\"@id\":\"https:\/\/jornalfatosenoticias.com.br\/#\/schema\/person\/image\/\",\"url\":\"https:\/\/jornalfatosenoticias.com.br\/wp-content\/uploads\/2020\/02\/Ana-Maria-Iencarelli-1-150x150.jpg\",\"contentUrl\":\"https:\/\/jornalfatosenoticias.com.br\/wp-content\/uploads\/2020\/02\/Ana-Maria-Iencarelli-1-150x150.jpg\",\"caption\":\"Ana Maria Iencarelli\"},\"description\":\"Psicanalista Cl\u00ednica, especializada no atendimento a Crian\u00e7as e Adolescentes. Presidente da ONG Vozes de Anjos.\",\"url\":\"https:\/\/jornalfatosenoticias.com.br\/index.php\/author\/anamaria\/\"}]}<\/script>\n<!-- \/ Yoast SEO plugin. -->","yoast_head_json":{"title":"Precisamos falar sobre Mo\u00efse e Henry \u2014 Parte VIII - Jornal Fatos e Not\u00edcias","robots":{"index":"index","follow":"follow","max-snippet":"max-snippet:-1","max-image-preview":"max-image-preview:large","max-video-preview":"max-video-preview:-1"},"canonical":"https:\/\/jornalfatosenoticias.com.br\/index.php\/2022\/03\/31\/precisamos-falar-sobre-moise-e-henry-parte-viii\/","og_locale":"pt_BR","og_type":"article","og_title":"Precisamos falar sobre Mo\u00efse e Henry \u2014 Parte VIII - Jornal Fatos e Not\u00edcias","og_description":"Para manter a v\u00edtima em sil\u00eancio, o abusador costuma fazer amea\u00e7as de viol\u00eancia f\u00edsica e mental, al\u00e9m de chantagens. \u00c9 frequente tamb\u00e9m que usem presentes, dinheiro ou outro tipo de material para construir uma boa rela\u00e7\u00e3o com a v\u00edtima A cada segundo morrem no mundo 10 Crian\u00e7as de fome ou doen\u00e7a cur\u00e1vel. Pode ter uma [&hellip;]","og_url":"https:\/\/jornalfatosenoticias.com.br\/index.php\/2022\/03\/31\/precisamos-falar-sobre-moise-e-henry-parte-viii\/","og_site_name":"Jornal Fatos e Not\u00edcias","article_published_time":"2022-03-31T17:10:51+00:00","article_modified_time":"2022-03-31T17:10:55+00:00","og_image":[{"width":1000,"height":562,"url":"https:\/\/jornalfatosenoticias.com.br\/wp-content\/uploads\/2022\/03\/abuso-sexual-infantil_comportamento.jpg","type":"image\/jpeg"}],"author":"Ana Maria Iencarelli","twitter_card":"summary_large_image","twitter_misc":{"Escrito por":"Ana Maria Iencarelli","Est. tempo de leitura":"5 minutos"},"schema":{"@context":"https:\/\/schema.org","@graph":[{"@type":"Article","@id":"https:\/\/jornalfatosenoticias.com.br\/index.php\/2022\/03\/31\/precisamos-falar-sobre-moise-e-henry-parte-viii\/#article","isPartOf":{"@id":"https:\/\/jornalfatosenoticias.com.br\/index.php\/2022\/03\/31\/precisamos-falar-sobre-moise-e-henry-parte-viii\/"},"author":{"name":"Ana Maria Iencarelli","@id":"https:\/\/jornalfatosenoticias.com.br\/#\/schema\/person\/c33fcf5fb02d729d3fec92c6737a22d1"},"headline":"Precisamos falar sobre Mo\u00efse e Henry \u2014 Parte VIII","datePublished":"2022-03-31T17:10:51+00:00","dateModified":"2022-03-31T17:10:55+00:00","mainEntityOfPage":{"@id":"https:\/\/jornalfatosenoticias.com.br\/index.php\/2022\/03\/31\/precisamos-falar-sobre-moise-e-henry-parte-viii\/"},"wordCount":1010,"commentCount":0,"publisher":{"@id":"https:\/\/jornalfatosenoticias.com.br\/#organization"},"image":{"@id":"https:\/\/jornalfatosenoticias.com.br\/index.php\/2022\/03\/31\/precisamos-falar-sobre-moise-e-henry-parte-viii\/#primaryimage"},"thumbnailUrl":"https:\/\/jornalfatosenoticias.com.br\/wp-content\/uploads\/2022\/03\/abuso-sexual-infantil_comportamento.jpg","keywords":["abuso sexual infantil","desnutri\u00e7\u00e3o infantil","estupro","fome","viol\u00eancia"],"articleSection":["Comportamento &amp; Equil\u00edbrio"],"inLanguage":"pt-BR","potentialAction":[{"@type":"CommentAction","name":"Comment","target":["https:\/\/jornalfatosenoticias.com.br\/index.php\/2022\/03\/31\/precisamos-falar-sobre-moise-e-henry-parte-viii\/#respond"]}]},{"@type":"WebPage","@id":"https:\/\/jornalfatosenoticias.com.br\/index.php\/2022\/03\/31\/precisamos-falar-sobre-moise-e-henry-parte-viii\/","url":"https:\/\/jornalfatosenoticias.com.br\/index.php\/2022\/03\/31\/precisamos-falar-sobre-moise-e-henry-parte-viii\/","name":"Precisamos falar sobre Mo\u00efse e Henry \u2014 Parte VIII - Jornal Fatos e Not\u00edcias","isPartOf":{"@id":"https:\/\/jornalfatosenoticias.com.br\/#website"},"primaryImageOfPage":{"@id":"https:\/\/jornalfatosenoticias.com.br\/index.php\/2022\/03\/31\/precisamos-falar-sobre-moise-e-henry-parte-viii\/#primaryimage"},"image":{"@id":"https:\/\/jornalfatosenoticias.com.br\/index.php\/2022\/03\/31\/precisamos-falar-sobre-moise-e-henry-parte-viii\/#primaryimage"},"thumbnailUrl":"https:\/\/jornalfatosenoticias.com.br\/wp-content\/uploads\/2022\/03\/abuso-sexual-infantil_comportamento.jpg","datePublished":"2022-03-31T17:10:51+00:00","dateModified":"2022-03-31T17:10:55+00:00","breadcrumb":{"@id":"https:\/\/jornalfatosenoticias.com.br\/index.php\/2022\/03\/31\/precisamos-falar-sobre-moise-e-henry-parte-viii\/#breadcrumb"},"inLanguage":"pt-BR","potentialAction":[{"@type":"ReadAction","target":["https:\/\/jornalfatosenoticias.com.br\/index.php\/2022\/03\/31\/precisamos-falar-sobre-moise-e-henry-parte-viii\/"]}]},{"@type":"ImageObject","inLanguage":"pt-BR","@id":"https:\/\/jornalfatosenoticias.com.br\/index.php\/2022\/03\/31\/precisamos-falar-sobre-moise-e-henry-parte-viii\/#primaryimage","url":"https:\/\/jornalfatosenoticias.com.br\/wp-content\/uploads\/2022\/03\/abuso-sexual-infantil_comportamento.jpg","contentUrl":"https:\/\/jornalfatosenoticias.com.br\/wp-content\/uploads\/2022\/03\/abuso-sexual-infantil_comportamento.jpg","width":1000,"height":562},{"@type":"BreadcrumbList","@id":"https:\/\/jornalfatosenoticias.com.br\/index.php\/2022\/03\/31\/precisamos-falar-sobre-moise-e-henry-parte-viii\/#breadcrumb","itemListElement":[{"@type":"ListItem","position":1,"name":"In\u00edcio","item":"https:\/\/jornalfatosenoticias.com.br\/"},{"@type":"ListItem","position":2,"name":"Precisamos falar sobre Mo\u00efse e Henry \u2014 Parte VIII"}]},{"@type":"WebSite","@id":"https:\/\/jornalfatosenoticias.com.br\/#website","url":"https:\/\/jornalfatosenoticias.com.br\/","name":"Jornal Fatos e Not\u00edcias","description":"Not\u00edcias em geral","publisher":{"@id":"https:\/\/jornalfatosenoticias.com.br\/#organization"},"potentialAction":[{"@type":"SearchAction","target":{"@type":"EntryPoint","urlTemplate":"https:\/\/jornalfatosenoticias.com.br\/?s={search_term_string}"},"query-input":{"@type":"PropertyValueSpecification","valueRequired":true,"valueName":"search_term_string"}}],"inLanguage":"pt-BR"},{"@type":"Organization","@id":"https:\/\/jornalfatosenoticias.com.br\/#organization","name":"Jornal Fatos e Not\u00edcias","url":"https:\/\/jornalfatosenoticias.com.br\/","logo":{"@type":"ImageObject","inLanguage":"pt-BR","@id":"https:\/\/jornalfatosenoticias.com.br\/#\/schema\/logo\/image\/","url":"https:\/\/jornalfatosenoticias.com.br\/wp-content\/uploads\/2020\/02\/logo120.png","contentUrl":"https:\/\/jornalfatosenoticias.com.br\/wp-content\/uploads\/2020\/02\/logo120.png","width":1227,"height":120,"caption":"Jornal Fatos e Not\u00edcias"},"image":{"@id":"https:\/\/jornalfatosenoticias.com.br\/#\/schema\/logo\/image\/"}},{"@type":"Person","@id":"https:\/\/jornalfatosenoticias.com.br\/#\/schema\/person\/c33fcf5fb02d729d3fec92c6737a22d1","name":"Ana Maria Iencarelli","image":{"@type":"ImageObject","inLanguage":"pt-BR","@id":"https:\/\/jornalfatosenoticias.com.br\/#\/schema\/person\/image\/","url":"https:\/\/jornalfatosenoticias.com.br\/wp-content\/uploads\/2020\/02\/Ana-Maria-Iencarelli-1-150x150.jpg","contentUrl":"https:\/\/jornalfatosenoticias.com.br\/wp-content\/uploads\/2020\/02\/Ana-Maria-Iencarelli-1-150x150.jpg","caption":"Ana Maria Iencarelli"},"description":"Psicanalista Cl\u00ednica, especializada no atendimento a Crian\u00e7as e Adolescentes. Presidente da ONG Vozes de Anjos.","url":"https:\/\/jornalfatosenoticias.com.br\/index.php\/author\/anamaria\/"}]}},"cc_featured_image_caption":{"caption_text":"","source_text":"","source_url":""},"jetpack_featured_media_url":"https:\/\/jornalfatosenoticias.com.br\/wp-content\/uploads\/2022\/03\/abuso-sexual-infantil_comportamento.jpg","_links":{"self":[{"href":"https:\/\/jornalfatosenoticias.com.br\/index.php\/wp-json\/wp\/v2\/posts\/29265","targetHints":{"allow":["GET"]}}],"collection":[{"href":"https:\/\/jornalfatosenoticias.com.br\/index.php\/wp-json\/wp\/v2\/posts"}],"about":[{"href":"https:\/\/jornalfatosenoticias.com.br\/index.php\/wp-json\/wp\/v2\/types\/post"}],"author":[{"embeddable":true,"href":"https:\/\/jornalfatosenoticias.com.br\/index.php\/wp-json\/wp\/v2\/users\/8"}],"replies":[{"embeddable":true,"href":"https:\/\/jornalfatosenoticias.com.br\/index.php\/wp-json\/wp\/v2\/comments?post=29265"}],"version-history":[{"count":0,"href":"https:\/\/jornalfatosenoticias.com.br\/index.php\/wp-json\/wp\/v2\/posts\/29265\/revisions"}],"wp:featuredmedia":[{"embeddable":true,"href":"https:\/\/jornalfatosenoticias.com.br\/index.php\/wp-json\/wp\/v2\/media\/29268"}],"wp:attachment":[{"href":"https:\/\/jornalfatosenoticias.com.br\/index.php\/wp-json\/wp\/v2\/media?parent=29265"}],"wp:term":[{"taxonomy":"category","embeddable":true,"href":"https:\/\/jornalfatosenoticias.com.br\/index.php\/wp-json\/wp\/v2\/categories?post=29265"},{"taxonomy":"post_tag","embeddable":true,"href":"https:\/\/jornalfatosenoticias.com.br\/index.php\/wp-json\/wp\/v2\/tags?post=29265"}],"curies":[{"name":"wp","href":"https:\/\/api.w.org\/{rel}","templated":true}]}}