{"id":29314,"date":"2022-04-01T12:28:53","date_gmt":"2022-04-01T15:28:53","guid":{"rendered":"https:\/\/jornalfatosenoticias.com.br\/?p=29314"},"modified":"2022-04-01T12:28:56","modified_gmt":"2022-04-01T15:28:56","slug":"nao-podemos-viver-num-estado-tiranico","status":"publish","type":"post","link":"https:\/\/jornalfatosenoticias.com.br\/index.php\/2022\/04\/01\/nao-podemos-viver-num-estado-tiranico\/","title":{"rendered":"N\u00e3o podemos viver num Estado tir\u00e2nico"},"content":{"rendered":"\n<p><span class=\"has-inline-color has-black-color\"><em>Algo precisa ser feito, urgentemente, para conter essa tirania megaloman\u00edaca do STF, centrada na figura de Alexandre de Moraes ou, caso contr\u00e1rio, estamos correndo o s\u00e9rio risco de uma iminente crise institucional<\/em><\/span><\/p>\n\n\n\n<div class=\"wp-block-image\"><figure class=\"aligncenter size-large is-resized\"><img loading=\"lazy\" decoding=\"async\" src=\"https:\/\/jornalfatosenoticias.com.br\/wp-content\/uploads\/2022\/02\/Banner-1-1024x101.png\" alt=\"\" class=\"wp-image-27923\" width=\"363\" height=\"35\"\/><\/figure><\/div>\n\n\n\n<p>A semana vem sendo devastada com a passagem de um furac\u00e3o tir\u00e2nico, oriundo do Poder Judici\u00e1rio, onde n\u00f3s, meros cidad\u00e3os, s\u00f3 podemos mesmo acompanhar, pelos notici\u00e1rios e pelas redes sociais, as a\u00e7\u00f5es dilacerantes de Alexandre de Moraes, ministro do Supremo Tribunal Federal (STF), com um ego megaloman\u00edaco compar\u00e1vel a Nero, o incendiador de Roma. Com atitudes que ferem a nossa Constitui\u00e7\u00e3o Federal, Moraes atua soberano diante da in\u00e9rcia dos 81 senadores e 513 deputados, ironicamente eleitos para nos representar. Seria covardia ou medo de poss\u00edveis repres\u00e1lias? Diz o ditado que, quem n\u00e3o deve, n\u00e3o teme. Ser\u00e1 isso mesmo?<\/p>\n\n\n\n<div class=\"wp-block-image\"><figure class=\"alignleft size-large is-resized\"><img loading=\"lazy\" decoding=\"async\" src=\"https:\/\/jornalfatosenoticias.com.br\/wp-content\/uploads\/2022\/03\/logo-Suinco-1024x390.jpg\" alt=\"\" class=\"wp-image-28785\" width=\"336\" height=\"127\"\/><\/figure><\/div>\n\n\n\n<p>Em mar\u00e7o de 2021, vimos um grupo de 364 deputados, covardemente, optar pelo \u201cjoguem aos lobos\u201d, quando decidiu pela condena\u00e7\u00e3o do colega parlamentar Daniel Silveira, por crimes n\u00e3o cometidos. Se exaltou? Sim, se exaltou, mas nada que o comprometesse ou o colocasse nessa persegui\u00e7\u00e3o cega de um ministro que deveria usar toda sua energia e atribui\u00e7\u00f5es em processos, de fato, mais relevantes \u00e0 sociedade brasileira.<\/p>\n\n\n\n<div class=\"wp-block-image\"><figure class=\"aligncenter size-large\"><img loading=\"lazy\" decoding=\"async\" width=\"800\" height=\"776\" src=\"https:\/\/jornalfatosenoticias.com.br\/wp-content\/uploads\/2022\/04\/Gandra.jpg\" alt=\"\" class=\"wp-image-29315\" srcset=\"https:\/\/jornalfatosenoticias.com.br\/wp-content\/uploads\/2022\/04\/Gandra.jpg 800w, https:\/\/jornalfatosenoticias.com.br\/wp-content\/uploads\/2022\/04\/Gandra-300x291.jpg 300w, https:\/\/jornalfatosenoticias.com.br\/wp-content\/uploads\/2022\/04\/Gandra-768x745.jpg 768w\" sizes=\"auto, (max-width: 800px) 100vw, 800px\" \/><figcaption><em><span class=\"has-inline-color has-black-color\">Jurista Ives Gandra da Silva Martins (Foto: Advocacia Gandra Martins)<\/span><\/em><\/figcaption><\/figure><\/div>\n\n\n\n<div class=\"wp-block-image\"><figure class=\"aligncenter size-large is-resized\"><img loading=\"lazy\" decoding=\"async\" src=\"https:\/\/jornalfatosenoticias.com.br\/wp-content\/uploads\/2022\/02\/Arte-Autoescola-Galatas_endereco_portal-1024x103.png\" alt=\"\" class=\"wp-image-27869\" width=\"438\" height=\"44\" srcset=\"https:\/\/jornalfatosenoticias.com.br\/wp-content\/uploads\/2022\/02\/Arte-Autoescola-Galatas_endereco_portal-1024x103.png 1024w, https:\/\/jornalfatosenoticias.com.br\/wp-content\/uploads\/2022\/02\/Arte-Autoescola-Galatas_endereco_portal-300x30.png 300w, https:\/\/jornalfatosenoticias.com.br\/wp-content\/uploads\/2022\/02\/Arte-Autoescola-Galatas_endereco_portal-768x77.png 768w, https:\/\/jornalfatosenoticias.com.br\/wp-content\/uploads\/2022\/02\/Arte-Autoescola-Galatas_endereco_portal.png 1223w\" sizes=\"auto, (max-width: 438px) 100vw, 438px\" \/><\/figure><\/div>\n\n\n\n<p>Tanto \u00e9 verdade que, em entrevista a um canal de not\u00edcias no YouTube, o respeitado jurista Ives Gandra Martins, disse que, \u201cpor essas raz\u00f5es (medidas inconstitucionais) \u00e9 que n\u00f3s, doutrinadores, n\u00f3s professores universit\u00e1rios, temos que voltar a bater, at\u00e9 a exaust\u00e3o, naquilo que foi discutido na Constituinte. Cabe ao Poder Judici\u00e1rio, o art. 92\u00ba ao 126\u00ba, ao Poder Legislativo o art. 44\u00ba ao 69\u00ba e ao Poder Executivo, o art. 76\u00ba ao 91\u00ba. O que o Judici\u00e1rio n\u00e3o est\u00e1 compreendendo \u00e9 que, cada poder tem que exercer sua fun\u00e7\u00e3o\u2026 Cada vez que o Judici\u00e1rio entra na compet\u00eancia dos outros poderes, cria essa situa\u00e7\u00e3o que acaba desmoralizando todo o sistema, desmoraliza o Poder Judici\u00e1rio, que est\u00e1 invadindo compet\u00eancias e que, \u00e0s vezes, precisa recuar e desmoraliza os outros dois poderes, porque os outros dois poderes demonstram fragilidade quando concordam em aceitar inconstitucionalidades\u2026\u201d.<\/p>\n\n\n\n<div class=\"wp-block-image\"><figure class=\"aligncenter size-large\"><img loading=\"lazy\" decoding=\"async\" width=\"300\" height=\"250\" src=\"https:\/\/jornalfatosenoticias.com.br\/wp-content\/uploads\/2022\/02\/FERRARI_MAQUINAS-E-FERRAMENTAS2.jpg\" alt=\"\" class=\"wp-image-27860\"\/><\/figure><\/div>\n\n\n\n<figure class=\"wp-block-image size-large\"><img loading=\"lazy\" decoding=\"async\" width=\"1000\" height=\"563\" src=\"https:\/\/jornalfatosenoticias.com.br\/wp-content\/uploads\/2022\/04\/Xandao-CCC.jpg\" alt=\"\" class=\"wp-image-29316\" srcset=\"https:\/\/jornalfatosenoticias.com.br\/wp-content\/uploads\/2022\/04\/Xandao-CCC.jpg 1000w, https:\/\/jornalfatosenoticias.com.br\/wp-content\/uploads\/2022\/04\/Xandao-CCC-300x169.jpg 300w, https:\/\/jornalfatosenoticias.com.br\/wp-content\/uploads\/2022\/04\/Xandao-CCC-768x432.jpg 768w\" sizes=\"auto, (max-width: 1000px) 100vw, 1000px\" \/><figcaption><em><span class=\"has-inline-color has-black-color\">Marco Aur\u00e9lio e Alexandre de Moraes (Fotos: Nelson Jr.)<\/span><\/em><\/figcaption><\/figure>\n\n\n\n<div class=\"wp-block-image\"><figure class=\"aligncenter size-large is-resized\"><img loading=\"lazy\" decoding=\"async\" src=\"https:\/\/jornalfatosenoticias.com.br\/wp-content\/uploads\/2020\/02\/Logo-Mizu-segunda-2-1024x99.png\" alt=\"\" class=\"wp-image-2353\" width=\"436\" height=\"42\" srcset=\"https:\/\/jornalfatosenoticias.com.br\/wp-content\/uploads\/2020\/02\/Logo-Mizu-segunda-2-1024x99.png 1024w, https:\/\/jornalfatosenoticias.com.br\/wp-content\/uploads\/2020\/02\/Logo-Mizu-segunda-2-300x29.png 300w, https:\/\/jornalfatosenoticias.com.br\/wp-content\/uploads\/2020\/02\/Logo-Mizu-segunda-2-768x74.png 768w, https:\/\/jornalfatosenoticias.com.br\/wp-content\/uploads\/2020\/02\/Logo-Mizu-segunda-2.png 1240w\" sizes=\"auto, (max-width: 436px) 100vw, 436px\" \/><\/figure><\/div>\n\n\n\n<p>Para fechar, ontem (31), o ex-ministro Marco Aur\u00e9lio de Mello, se referindo ao deputado federal Daniel Silveira \u2014 que voltou a usar tornozeleira por determina\u00e7\u00e3o de Alexandre de Moraes \u2014 defendeu que a imposi\u00e7\u00e3o da tornozeleira a um parlamentar deveria passar pelo plen\u00e1rio da C\u00e2mara. \u201cEsse ato de constri\u00e7\u00e3o, repito porque \u00e9 um ato de constri\u00e7\u00e3o, limita a liberdade de ir e vir e, a meu ver, fica submetido ao colegiado, com a palavra os pares do deputado Daniel Silveira e que eles se pronunciem de acordo com o figurino legal\u201d.<br>Resumindo, algo precisa ser feito, urgentemente, para conter essa tirania megaloman\u00edaca do STF, centrada na figura de Alexandre de Moraes ou, caso contr\u00e1rio, estamos correndo o s\u00e9rio risco de uma iminente crise institucional.<\/p>\n\n\n\n<div class=\"wp-block-image\"><figure class=\"aligncenter size-large is-resized\"><img loading=\"lazy\" decoding=\"async\" src=\"https:\/\/jornalfatosenoticias.com.br\/wp-content\/uploads\/2022\/02\/Serra-Pack-459.png\" alt=\"\" class=\"wp-image-27471\" width=\"318\" height=\"127\"\/><\/figure><\/div>\n","protected":false},"excerpt":{"rendered":"<p>Algo precisa ser feito, urgentemente, para conter essa tirania megaloman\u00edaca do STF, centrada na figura de Alexandre de Moraes ou, caso contr\u00e1rio, estamos correndo o s\u00e9rio risco de uma iminente crise institucional A semana vem sendo devastada com a passagem de um furac\u00e3o tir\u00e2nico, oriundo do Poder Judici\u00e1rio, onde n\u00f3s, meros cidad\u00e3os, s\u00f3 podemos mesmo [&hellip;]<\/p>\n","protected":false},"author":3,"featured_media":29317,"comment_status":"open","ping_status":"open","sticky":false,"template":"","format":"standard","meta":{"footnotes":""},"categories":[10],"tags":[13889,13938,13890,294,13937],"class_list":["post-29314","post","type-post","status-publish","format-standard","has-post-thumbnail","hentry","category-politica","tag-alexandre-de-moraes","tag-crise-institucional","tag-daniel-silveira","tag-stf","tag-tirania"],"yoast_head":"<!-- This site is optimized with the Yoast SEO plugin v26.5 - https:\/\/yoast.com\/wordpress\/plugins\/seo\/ -->\n<title>N\u00e3o podemos viver num Estado tir\u00e2nico - Jornal Fatos e Not\u00edcias<\/title>\n<meta name=\"robots\" content=\"index, follow, max-snippet:-1, max-image-preview:large, max-video-preview:-1\" \/>\n<link rel=\"canonical\" href=\"https:\/\/jornalfatosenoticias.com.br\/index.php\/2022\/04\/01\/nao-podemos-viver-num-estado-tiranico\/\" \/>\n<meta property=\"og:locale\" content=\"pt_BR\" \/>\n<meta property=\"og:type\" content=\"article\" \/>\n<meta property=\"og:title\" content=\"N\u00e3o podemos viver num Estado tir\u00e2nico - Jornal Fatos e Not\u00edcias\" \/>\n<meta property=\"og:description\" content=\"Algo precisa ser feito, urgentemente, para conter essa tirania megaloman\u00edaca do STF, centrada na figura de Alexandre de Moraes ou, caso contr\u00e1rio, estamos correndo o s\u00e9rio risco de uma iminente crise institucional A semana vem sendo devastada com a passagem de um furac\u00e3o tir\u00e2nico, oriundo do Poder Judici\u00e1rio, onde n\u00f3s, meros cidad\u00e3os, s\u00f3 podemos mesmo [&hellip;]\" \/>\n<meta property=\"og:url\" content=\"https:\/\/jornalfatosenoticias.com.br\/index.php\/2022\/04\/01\/nao-podemos-viver-num-estado-tiranico\/\" \/>\n<meta property=\"og:site_name\" content=\"Jornal Fatos e Not\u00edcias\" \/>\n<meta property=\"article:published_time\" content=\"2022-04-01T15:28:53+00:00\" \/>\n<meta property=\"article:modified_time\" content=\"2022-04-01T15:28:56+00:00\" \/>\n<meta property=\"og:image\" content=\"https:\/\/jornalfatosenoticias.com.br\/wp-content\/uploads\/2022\/04\/IMG_20220401_075041.jpg\" \/>\n\t<meta property=\"og:image:width\" content=\"1000\" \/>\n\t<meta property=\"og:image:height\" content=\"693\" \/>\n\t<meta property=\"og:image:type\" content=\"image\/jpeg\" \/>\n<meta name=\"author\" content=\"Haroldo Filho\" \/>\n<meta name=\"twitter:card\" content=\"summary_large_image\" \/>\n<meta name=\"twitter:label1\" content=\"Escrito por\" \/>\n\t<meta name=\"twitter:data1\" content=\"Haroldo Filho\" \/>\n\t<meta name=\"twitter:label2\" content=\"Est. tempo de leitura\" \/>\n\t<meta name=\"twitter:data2\" content=\"3 minutos\" \/>\n<script type=\"application\/ld+json\" class=\"yoast-schema-graph\">{\"@context\":\"https:\/\/schema.org\",\"@graph\":[{\"@type\":\"Article\",\"@id\":\"https:\/\/jornalfatosenoticias.com.br\/index.php\/2022\/04\/01\/nao-podemos-viver-num-estado-tiranico\/#article\",\"isPartOf\":{\"@id\":\"https:\/\/jornalfatosenoticias.com.br\/index.php\/2022\/04\/01\/nao-podemos-viver-num-estado-tiranico\/\"},\"author\":{\"name\":\"Haroldo Filho\",\"@id\":\"https:\/\/jornalfatosenoticias.com.br\/#\/schema\/person\/05c46cc25b42a5c27e004fb0fa6b4965\"},\"headline\":\"N\u00e3o podemos viver num Estado tir\u00e2nico\",\"datePublished\":\"2022-04-01T15:28:53+00:00\",\"dateModified\":\"2022-04-01T15:28:56+00:00\",\"mainEntityOfPage\":{\"@id\":\"https:\/\/jornalfatosenoticias.com.br\/index.php\/2022\/04\/01\/nao-podemos-viver-num-estado-tiranico\/\"},\"wordCount\":518,\"commentCount\":0,\"publisher\":{\"@id\":\"https:\/\/jornalfatosenoticias.com.br\/#organization\"},\"image\":{\"@id\":\"https:\/\/jornalfatosenoticias.com.br\/index.php\/2022\/04\/01\/nao-podemos-viver-num-estado-tiranico\/#primaryimage\"},\"thumbnailUrl\":\"https:\/\/jornalfatosenoticias.com.br\/wp-content\/uploads\/2022\/04\/IMG_20220401_075041.jpg\",\"keywords\":[\"Alexandre de Moraes\",\"crise institucional\",\"Daniel Silveira\",\"STF\",\"tirania\"],\"articleSection\":[\"Pol\u00edtica\"],\"inLanguage\":\"pt-BR\",\"potentialAction\":[{\"@type\":\"CommentAction\",\"name\":\"Comment\",\"target\":[\"https:\/\/jornalfatosenoticias.com.br\/index.php\/2022\/04\/01\/nao-podemos-viver-num-estado-tiranico\/#respond\"]}]},{\"@type\":\"WebPage\",\"@id\":\"https:\/\/jornalfatosenoticias.com.br\/index.php\/2022\/04\/01\/nao-podemos-viver-num-estado-tiranico\/\",\"url\":\"https:\/\/jornalfatosenoticias.com.br\/index.php\/2022\/04\/01\/nao-podemos-viver-num-estado-tiranico\/\",\"name\":\"N\u00e3o podemos viver num Estado tir\u00e2nico - Jornal Fatos e Not\u00edcias\",\"isPartOf\":{\"@id\":\"https:\/\/jornalfatosenoticias.com.br\/#website\"},\"primaryImageOfPage\":{\"@id\":\"https:\/\/jornalfatosenoticias.com.br\/index.php\/2022\/04\/01\/nao-podemos-viver-num-estado-tiranico\/#primaryimage\"},\"image\":{\"@id\":\"https:\/\/jornalfatosenoticias.com.br\/index.php\/2022\/04\/01\/nao-podemos-viver-num-estado-tiranico\/#primaryimage\"},\"thumbnailUrl\":\"https:\/\/jornalfatosenoticias.com.br\/wp-content\/uploads\/2022\/04\/IMG_20220401_075041.jpg\",\"datePublished\":\"2022-04-01T15:28:53+00:00\",\"dateModified\":\"2022-04-01T15:28:56+00:00\",\"breadcrumb\":{\"@id\":\"https:\/\/jornalfatosenoticias.com.br\/index.php\/2022\/04\/01\/nao-podemos-viver-num-estado-tiranico\/#breadcrumb\"},\"inLanguage\":\"pt-BR\",\"potentialAction\":[{\"@type\":\"ReadAction\",\"target\":[\"https:\/\/jornalfatosenoticias.com.br\/index.php\/2022\/04\/01\/nao-podemos-viver-num-estado-tiranico\/\"]}]},{\"@type\":\"ImageObject\",\"inLanguage\":\"pt-BR\",\"@id\":\"https:\/\/jornalfatosenoticias.com.br\/index.php\/2022\/04\/01\/nao-podemos-viver-num-estado-tiranico\/#primaryimage\",\"url\":\"https:\/\/jornalfatosenoticias.com.br\/wp-content\/uploads\/2022\/04\/IMG_20220401_075041.jpg\",\"contentUrl\":\"https:\/\/jornalfatosenoticias.com.br\/wp-content\/uploads\/2022\/04\/IMG_20220401_075041.jpg\",\"width\":1000,\"height\":693},{\"@type\":\"BreadcrumbList\",\"@id\":\"https:\/\/jornalfatosenoticias.com.br\/index.php\/2022\/04\/01\/nao-podemos-viver-num-estado-tiranico\/#breadcrumb\",\"itemListElement\":[{\"@type\":\"ListItem\",\"position\":1,\"name\":\"In\u00edcio\",\"item\":\"https:\/\/jornalfatosenoticias.com.br\/\"},{\"@type\":\"ListItem\",\"position\":2,\"name\":\"N\u00e3o podemos viver num Estado tir\u00e2nico\"}]},{\"@type\":\"WebSite\",\"@id\":\"https:\/\/jornalfatosenoticias.com.br\/#website\",\"url\":\"https:\/\/jornalfatosenoticias.com.br\/\",\"name\":\"Jornal Fatos e Not\u00edcias\",\"description\":\"Not\u00edcias em geral\",\"publisher\":{\"@id\":\"https:\/\/jornalfatosenoticias.com.br\/#organization\"},\"potentialAction\":[{\"@type\":\"SearchAction\",\"target\":{\"@type\":\"EntryPoint\",\"urlTemplate\":\"https:\/\/jornalfatosenoticias.com.br\/?s={search_term_string}\"},\"query-input\":{\"@type\":\"PropertyValueSpecification\",\"valueRequired\":true,\"valueName\":\"search_term_string\"}}],\"inLanguage\":\"pt-BR\"},{\"@type\":\"Organization\",\"@id\":\"https:\/\/jornalfatosenoticias.com.br\/#organization\",\"name\":\"Jornal Fatos e Not\u00edcias\",\"url\":\"https:\/\/jornalfatosenoticias.com.br\/\",\"logo\":{\"@type\":\"ImageObject\",\"inLanguage\":\"pt-BR\",\"@id\":\"https:\/\/jornalfatosenoticias.com.br\/#\/schema\/logo\/image\/\",\"url\":\"https:\/\/jornalfatosenoticias.com.br\/wp-content\/uploads\/2020\/02\/logo120.png\",\"contentUrl\":\"https:\/\/jornalfatosenoticias.com.br\/wp-content\/uploads\/2020\/02\/logo120.png\",\"width\":1227,\"height\":120,\"caption\":\"Jornal Fatos e Not\u00edcias\"},\"image\":{\"@id\":\"https:\/\/jornalfatosenoticias.com.br\/#\/schema\/logo\/image\/\"}},{\"@type\":\"Person\",\"@id\":\"https:\/\/jornalfatosenoticias.com.br\/#\/schema\/person\/05c46cc25b42a5c27e004fb0fa6b4965\",\"name\":\"Haroldo Filho\",\"image\":{\"@type\":\"ImageObject\",\"inLanguage\":\"pt-BR\",\"@id\":\"https:\/\/jornalfatosenoticias.com.br\/#\/schema\/person\/image\/\",\"url\":\"https:\/\/jornalfatosenoticias.com.br\/wp-content\/uploads\/2025\/08\/WhatsApp-Image-2025-08-18-at-15.30.28-150x150.jpeg\",\"contentUrl\":\"https:\/\/jornalfatosenoticias.com.br\/wp-content\/uploads\/2025\/08\/WhatsApp-Image-2025-08-18-at-15.30.28-150x150.jpeg\",\"caption\":\"Haroldo Filho\"},\"description\":\"Jornalista \u2013 DRT: 0003818\/ES Coordenador-geral da ONG Educar para Crescer\",\"url\":\"https:\/\/jornalfatosenoticias.com.br\/index.php\/author\/haroldo\/\"}]}<\/script>\n<!-- \/ Yoast SEO plugin. -->","yoast_head_json":{"title":"N\u00e3o podemos viver num Estado tir\u00e2nico - Jornal Fatos e Not\u00edcias","robots":{"index":"index","follow":"follow","max-snippet":"max-snippet:-1","max-image-preview":"max-image-preview:large","max-video-preview":"max-video-preview:-1"},"canonical":"https:\/\/jornalfatosenoticias.com.br\/index.php\/2022\/04\/01\/nao-podemos-viver-num-estado-tiranico\/","og_locale":"pt_BR","og_type":"article","og_title":"N\u00e3o podemos viver num Estado tir\u00e2nico - Jornal Fatos e Not\u00edcias","og_description":"Algo precisa ser feito, urgentemente, para conter essa tirania megaloman\u00edaca do STF, centrada na figura de Alexandre de Moraes ou, caso contr\u00e1rio, estamos correndo o s\u00e9rio risco de uma iminente crise institucional A semana vem sendo devastada com a passagem de um furac\u00e3o tir\u00e2nico, oriundo do Poder Judici\u00e1rio, onde n\u00f3s, meros cidad\u00e3os, s\u00f3 podemos mesmo [&hellip;]","og_url":"https:\/\/jornalfatosenoticias.com.br\/index.php\/2022\/04\/01\/nao-podemos-viver-num-estado-tiranico\/","og_site_name":"Jornal Fatos e Not\u00edcias","article_published_time":"2022-04-01T15:28:53+00:00","article_modified_time":"2022-04-01T15:28:56+00:00","og_image":[{"width":1000,"height":693,"url":"https:\/\/jornalfatosenoticias.com.br\/wp-content\/uploads\/2022\/04\/IMG_20220401_075041.jpg","type":"image\/jpeg"}],"author":"Haroldo Filho","twitter_card":"summary_large_image","twitter_misc":{"Escrito por":"Haroldo Filho","Est. tempo de leitura":"3 minutos"},"schema":{"@context":"https:\/\/schema.org","@graph":[{"@type":"Article","@id":"https:\/\/jornalfatosenoticias.com.br\/index.php\/2022\/04\/01\/nao-podemos-viver-num-estado-tiranico\/#article","isPartOf":{"@id":"https:\/\/jornalfatosenoticias.com.br\/index.php\/2022\/04\/01\/nao-podemos-viver-num-estado-tiranico\/"},"author":{"name":"Haroldo Filho","@id":"https:\/\/jornalfatosenoticias.com.br\/#\/schema\/person\/05c46cc25b42a5c27e004fb0fa6b4965"},"headline":"N\u00e3o podemos viver num Estado tir\u00e2nico","datePublished":"2022-04-01T15:28:53+00:00","dateModified":"2022-04-01T15:28:56+00:00","mainEntityOfPage":{"@id":"https:\/\/jornalfatosenoticias.com.br\/index.php\/2022\/04\/01\/nao-podemos-viver-num-estado-tiranico\/"},"wordCount":518,"commentCount":0,"publisher":{"@id":"https:\/\/jornalfatosenoticias.com.br\/#organization"},"image":{"@id":"https:\/\/jornalfatosenoticias.com.br\/index.php\/2022\/04\/01\/nao-podemos-viver-num-estado-tiranico\/#primaryimage"},"thumbnailUrl":"https:\/\/jornalfatosenoticias.com.br\/wp-content\/uploads\/2022\/04\/IMG_20220401_075041.jpg","keywords":["Alexandre de Moraes","crise institucional","Daniel Silveira","STF","tirania"],"articleSection":["Pol\u00edtica"],"inLanguage":"pt-BR","potentialAction":[{"@type":"CommentAction","name":"Comment","target":["https:\/\/jornalfatosenoticias.com.br\/index.php\/2022\/04\/01\/nao-podemos-viver-num-estado-tiranico\/#respond"]}]},{"@type":"WebPage","@id":"https:\/\/jornalfatosenoticias.com.br\/index.php\/2022\/04\/01\/nao-podemos-viver-num-estado-tiranico\/","url":"https:\/\/jornalfatosenoticias.com.br\/index.php\/2022\/04\/01\/nao-podemos-viver-num-estado-tiranico\/","name":"N\u00e3o podemos viver num Estado tir\u00e2nico - Jornal Fatos e Not\u00edcias","isPartOf":{"@id":"https:\/\/jornalfatosenoticias.com.br\/#website"},"primaryImageOfPage":{"@id":"https:\/\/jornalfatosenoticias.com.br\/index.php\/2022\/04\/01\/nao-podemos-viver-num-estado-tiranico\/#primaryimage"},"image":{"@id":"https:\/\/jornalfatosenoticias.com.br\/index.php\/2022\/04\/01\/nao-podemos-viver-num-estado-tiranico\/#primaryimage"},"thumbnailUrl":"https:\/\/jornalfatosenoticias.com.br\/wp-content\/uploads\/2022\/04\/IMG_20220401_075041.jpg","datePublished":"2022-04-01T15:28:53+00:00","dateModified":"2022-04-01T15:28:56+00:00","breadcrumb":{"@id":"https:\/\/jornalfatosenoticias.com.br\/index.php\/2022\/04\/01\/nao-podemos-viver-num-estado-tiranico\/#breadcrumb"},"inLanguage":"pt-BR","potentialAction":[{"@type":"ReadAction","target":["https:\/\/jornalfatosenoticias.com.br\/index.php\/2022\/04\/01\/nao-podemos-viver-num-estado-tiranico\/"]}]},{"@type":"ImageObject","inLanguage":"pt-BR","@id":"https:\/\/jornalfatosenoticias.com.br\/index.php\/2022\/04\/01\/nao-podemos-viver-num-estado-tiranico\/#primaryimage","url":"https:\/\/jornalfatosenoticias.com.br\/wp-content\/uploads\/2022\/04\/IMG_20220401_075041.jpg","contentUrl":"https:\/\/jornalfatosenoticias.com.br\/wp-content\/uploads\/2022\/04\/IMG_20220401_075041.jpg","width":1000,"height":693},{"@type":"BreadcrumbList","@id":"https:\/\/jornalfatosenoticias.com.br\/index.php\/2022\/04\/01\/nao-podemos-viver-num-estado-tiranico\/#breadcrumb","itemListElement":[{"@type":"ListItem","position":1,"name":"In\u00edcio","item":"https:\/\/jornalfatosenoticias.com.br\/"},{"@type":"ListItem","position":2,"name":"N\u00e3o podemos viver num Estado tir\u00e2nico"}]},{"@type":"WebSite","@id":"https:\/\/jornalfatosenoticias.com.br\/#website","url":"https:\/\/jornalfatosenoticias.com.br\/","name":"Jornal Fatos e Not\u00edcias","description":"Not\u00edcias em geral","publisher":{"@id":"https:\/\/jornalfatosenoticias.com.br\/#organization"},"potentialAction":[{"@type":"SearchAction","target":{"@type":"EntryPoint","urlTemplate":"https:\/\/jornalfatosenoticias.com.br\/?s={search_term_string}"},"query-input":{"@type":"PropertyValueSpecification","valueRequired":true,"valueName":"search_term_string"}}],"inLanguage":"pt-BR"},{"@type":"Organization","@id":"https:\/\/jornalfatosenoticias.com.br\/#organization","name":"Jornal Fatos e Not\u00edcias","url":"https:\/\/jornalfatosenoticias.com.br\/","logo":{"@type":"ImageObject","inLanguage":"pt-BR","@id":"https:\/\/jornalfatosenoticias.com.br\/#\/schema\/logo\/image\/","url":"https:\/\/jornalfatosenoticias.com.br\/wp-content\/uploads\/2020\/02\/logo120.png","contentUrl":"https:\/\/jornalfatosenoticias.com.br\/wp-content\/uploads\/2020\/02\/logo120.png","width":1227,"height":120,"caption":"Jornal Fatos e Not\u00edcias"},"image":{"@id":"https:\/\/jornalfatosenoticias.com.br\/#\/schema\/logo\/image\/"}},{"@type":"Person","@id":"https:\/\/jornalfatosenoticias.com.br\/#\/schema\/person\/05c46cc25b42a5c27e004fb0fa6b4965","name":"Haroldo Filho","image":{"@type":"ImageObject","inLanguage":"pt-BR","@id":"https:\/\/jornalfatosenoticias.com.br\/#\/schema\/person\/image\/","url":"https:\/\/jornalfatosenoticias.com.br\/wp-content\/uploads\/2025\/08\/WhatsApp-Image-2025-08-18-at-15.30.28-150x150.jpeg","contentUrl":"https:\/\/jornalfatosenoticias.com.br\/wp-content\/uploads\/2025\/08\/WhatsApp-Image-2025-08-18-at-15.30.28-150x150.jpeg","caption":"Haroldo Filho"},"description":"Jornalista \u2013 DRT: 0003818\/ES Coordenador-geral da ONG Educar para Crescer","url":"https:\/\/jornalfatosenoticias.com.br\/index.php\/author\/haroldo\/"}]}},"cc_featured_image_caption":{"caption_text":"Constitui\u00e7\u00e3o (Foto: Haroldo Filho\/F&N) ","source_text":"","source_url":""},"jetpack_featured_media_url":"https:\/\/jornalfatosenoticias.com.br\/wp-content\/uploads\/2022\/04\/IMG_20220401_075041.jpg","_links":{"self":[{"href":"https:\/\/jornalfatosenoticias.com.br\/index.php\/wp-json\/wp\/v2\/posts\/29314","targetHints":{"allow":["GET"]}}],"collection":[{"href":"https:\/\/jornalfatosenoticias.com.br\/index.php\/wp-json\/wp\/v2\/posts"}],"about":[{"href":"https:\/\/jornalfatosenoticias.com.br\/index.php\/wp-json\/wp\/v2\/types\/post"}],"author":[{"embeddable":true,"href":"https:\/\/jornalfatosenoticias.com.br\/index.php\/wp-json\/wp\/v2\/users\/3"}],"replies":[{"embeddable":true,"href":"https:\/\/jornalfatosenoticias.com.br\/index.php\/wp-json\/wp\/v2\/comments?post=29314"}],"version-history":[{"count":0,"href":"https:\/\/jornalfatosenoticias.com.br\/index.php\/wp-json\/wp\/v2\/posts\/29314\/revisions"}],"wp:featuredmedia":[{"embeddable":true,"href":"https:\/\/jornalfatosenoticias.com.br\/index.php\/wp-json\/wp\/v2\/media\/29317"}],"wp:attachment":[{"href":"https:\/\/jornalfatosenoticias.com.br\/index.php\/wp-json\/wp\/v2\/media?parent=29314"}],"wp:term":[{"taxonomy":"category","embeddable":true,"href":"https:\/\/jornalfatosenoticias.com.br\/index.php\/wp-json\/wp\/v2\/categories?post=29314"},{"taxonomy":"post_tag","embeddable":true,"href":"https:\/\/jornalfatosenoticias.com.br\/index.php\/wp-json\/wp\/v2\/tags?post=29314"}],"curies":[{"name":"wp","href":"https:\/\/api.w.org\/{rel}","templated":true}]}}