{"id":29327,"date":"2022-04-01T13:27:20","date_gmt":"2022-04-01T16:27:20","guid":{"rendered":"https:\/\/jornalfatosenoticias.com.br\/?p=29327"},"modified":"2022-04-01T13:27:25","modified_gmt":"2022-04-01T16:27:25","slug":"abril-amarelo-mostra-a-medicos-melhor-conduta-para-tratar-cancer-osseo","status":"publish","type":"post","link":"https:\/\/jornalfatosenoticias.com.br\/index.php\/2022\/04\/01\/abril-amarelo-mostra-a-medicos-melhor-conduta-para-tratar-cancer-osseo\/","title":{"rendered":"Abril Amarelo mostra a m\u00e9dicos melhor conduta para tratar c\u00e2ncer \u00f3sseo"},"content":{"rendered":"\n<p><em><span class=\"has-inline-color has-black-color\">Campanha \u00e9 da Associa\u00e7\u00e3o Brasileira de Oncologia Ortop\u00e9dica<\/span><\/em><\/p>\n\n\n\n<div class=\"wp-block-image\"><figure class=\"aligncenter size-large is-resized\"><img loading=\"lazy\" decoding=\"async\" src=\"https:\/\/jornalfatosenoticias.com.br\/wp-content\/uploads\/2020\/02\/Logo_Mizu.png\" alt=\"\" class=\"wp-image-1441\" width=\"438\" height=\"54\" srcset=\"https:\/\/jornalfatosenoticias.com.br\/wp-content\/uploads\/2020\/02\/Logo_Mizu.png 729w, https:\/\/jornalfatosenoticias.com.br\/wp-content\/uploads\/2020\/02\/Logo_Mizu-300x37.png 300w\" sizes=\"auto, (max-width: 438px) 100vw, 438px\" \/><\/figure><\/div>\n\n\n\n<p>A campanha <em><strong>\u201cAbril Amarelo\u201d,<\/strong><\/em> que a Associa\u00e7\u00e3o Brasileira de Oncologia Ortop\u00e9dica (ABOO) desenvolve este m\u00eas para alertar a popula\u00e7\u00e3o sobre a import\u00e2ncia do diagn\u00f3stico precoce do c\u00e2ncer \u00f3sseo, tem os m\u00e9dicos como foco principal. O presidente da ABOO, Edgard Engel, disse que por se tratar de doen\u00e7a rara, os pr\u00f3prios profissionais t\u00eam dificuldade de saber qual \u00e9 a melhor conduta para o tratamento.<\/p>\n\n\n\n<blockquote class=\"wp-block-quote is-layout-flow wp-block-quote-is-layout-flow\"><p><span class=\"has-inline-color has-luminous-vivid-orange-color\">&#8220;Por isso, a gente optou por fazer uma campanha direcionada ao m\u00e9dico que se depara com um paciente com tumor \u00f3sseo, para que possa ser encaminhado a um centro especializado onde fa\u00e7a o diagn\u00f3stico e seja submetido ao melhor tratamento poss\u00edvel\u201d.<\/span><\/p><\/blockquote>\n\n\n\n<div class=\"wp-block-image\"><figure class=\"alignleft size-large is-resized\"><img loading=\"lazy\" decoding=\"async\" src=\"https:\/\/jornalfatosenoticias.com.br\/wp-content\/uploads\/2020\/02\/nova-logo-Marquetti.jpg\" alt=\"\" class=\"wp-image-22331\" width=\"325\" height=\"219\" srcset=\"https:\/\/jornalfatosenoticias.com.br\/wp-content\/uploads\/2020\/02\/nova-logo-Marquetti.jpg 643w, https:\/\/jornalfatosenoticias.com.br\/wp-content\/uploads\/2020\/02\/nova-logo-Marquetti-300x202.jpg 300w\" sizes=\"auto, (max-width: 325px) 100vw, 325px\" \/><\/figure><\/div>\n\n\n\n<p>Apesar de corresponder a somente 1% ou 2% dos c\u00e2nceres em geral, o \u00f3sseo constitui foco muito importante de dissemina\u00e7\u00e3o do c\u00e2ncer de outros \u00f3rg\u00e3os. \u201cS\u00e3o as met\u00e1stases \u00f3sseas. Por isso, acaba tendo duplo interesse\u201d, comentou o ortopedista oncol\u00f3gico. Na popula\u00e7\u00e3o infantojuvenil, o c\u00e2ncer \u00f3sseo \u00e9 o terceiro mais frequente, depois das leucemias e do c\u00e2ncer do c\u00e9rebro.<br>Edgard Engel explicou que o c\u00e2ncer \u00f3sseo prim\u00e1rio tem dois picos de incid\u00eancia, sendo um em crian\u00e7as, adolescentes e adultos jovens e outro no paciente mais idoso, onde o principal diagn\u00f3stico \u00e9 o mieloma m\u00faltiplo. Na faixa et\u00e1ria mais jovem, uma das manifesta\u00e7\u00f5es comuns da neoplasia \u00f3ssea \u00e9 o aparecimento de uma massa dura, ou massa \u00f3ssea, muitas vezes acompanhada de dor mais ou menos intensa.<\/p>\n\n\n\n<blockquote class=\"wp-block-quote is-layout-flow wp-block-quote-is-layout-flow\"><p><span class=\"has-inline-color has-luminous-vivid-orange-color\">\u201cEventualmente, pode ter outro sintoma relacionado \u00e0 localiza\u00e7\u00e3o, como limita\u00e7\u00e3o de movimento, dificuldade de andar\u201d.<\/span><\/p><\/blockquote>\n\n\n\n<div class=\"wp-block-image\"><figure class=\"aligncenter size-large is-resized\"><img loading=\"lazy\" decoding=\"async\" src=\"https:\/\/jornalfatosenoticias.com.br\/wp-content\/uploads\/2022\/02\/Arte-Autoescola-Galatas_endereco_portal-1024x103.png\" alt=\"\" class=\"wp-image-27869\" width=\"457\" height=\"46\" srcset=\"https:\/\/jornalfatosenoticias.com.br\/wp-content\/uploads\/2022\/02\/Arte-Autoescola-Galatas_endereco_portal-1024x103.png 1024w, https:\/\/jornalfatosenoticias.com.br\/wp-content\/uploads\/2022\/02\/Arte-Autoescola-Galatas_endereco_portal-300x30.png 300w, https:\/\/jornalfatosenoticias.com.br\/wp-content\/uploads\/2022\/02\/Arte-Autoescola-Galatas_endereco_portal-768x77.png 768w, https:\/\/jornalfatosenoticias.com.br\/wp-content\/uploads\/2022\/02\/Arte-Autoescola-Galatas_endereco_portal.png 1223w\" sizes=\"auto, (max-width: 457px) 100vw, 457px\" \/><\/figure><\/div>\n\n\n\n<p><strong><span class=\"has-inline-color has-black-color\">Radiografia<br><\/span><\/strong>O m\u00e9dico esclareceu que o c\u00e2ncer \u00f3sseo, com exce\u00e7\u00e3o do sarcoma de Ewing, em geral n\u00e3o apresenta sintomas cl\u00ednicos sist\u00eamicos, como febre e perda de peso. A primeira avalia\u00e7\u00e3o no paciente pode ser feita por um cl\u00ednico geral em um posto de sa\u00fade, orientou o presidente da ABOO.<\/p>\n\n\n\n<blockquote class=\"wp-block-quote is-layout-flow wp-block-quote-is-layout-flow\"><p><span class=\"has-inline-color has-luminous-vivid-orange-color\">\u201cUma dor \u00f3ssea que aparece e n\u00e3o tem explica\u00e7\u00e3o, que limita a atividade, n\u00e3o passa com o tempo, uma dor que persiste ap\u00f3s duas semanas, merece investiga\u00e7\u00e3o com radiografia\u201d.<\/span><\/p><\/blockquote>\n\n\n\n<div class=\"wp-block-image\"><figure class=\"alignright size-large\"><img decoding=\"async\" src=\"https:\/\/jornalfatosenoticias.com.br\/wp-content\/uploads\/2020\/02\/logo_esteio.jpg\" alt=\"\" class=\"wp-image-1214\"\/><\/figure><\/div>\n\n\n\n<p>A radiografia feita com qualidade vai mostrar qual \u00e9 a causa e, se for um c\u00e2ncer, v\u00e3o aparecer as altera\u00e7\u00f5es do esqueleto. Uma observa\u00e7\u00e3o mais cautelosa da radiografia j\u00e1 permite ao m\u00e9dico dizer que alguma coisa est\u00e1 errada e, ent\u00e3o, encaminhar para um ortopedista ou, se j\u00e1 houver a confirma\u00e7\u00e3o de c\u00e2ncer, encaminhar a um centro de refer\u00eancia.<br>\u201cA gente faz muita quest\u00e3o de que esse encaminhamento, depois de confirmada a suspeita de c\u00e2ncer \u00f3sseo, seja para um centro de refer\u00eancia, porque a bi\u00f3psia, um dos primeiros procedimentos a serem feitos, tem que ser realizada com parcim\u00f4nia. O ideal \u00e9 que o cirurgi\u00e3o que vai fazer o tratamento definitivo fa\u00e7a tamb\u00e9m a bi\u00f3psia. A gente refor\u00e7a a ideia de que esse encaminhamento seja precoce\u201d. Esses centros especializados t\u00eam mais presteza e rapidez para fazer os exames necess\u00e1rios, observou.<br>A neoplasia \u00f3ssea \u00e9 um crescimento descontrolado das c\u00e9lulas que provoca tumores s\u00f3lidos ou crescimento grande de c\u00e9lulas anormais. Quando esse tumor tem a capacidade de se disseminar para outros \u00f3rg\u00e3os e passa a ser uma neoplasia que oferece risco \u00e0 vida, \u00e9 denominado tumor maligno.<br>J\u00e1 as neoplasias em que existe crescimento e, eventualmente, destrui\u00e7\u00e3o do osso ou dos tecidos vizinhos, mas sem capacidade de se disseminar para o resto do corpo e afetar outros \u00f3rg\u00e3os, s\u00e3o chamadas tumores benignos. Em sua maioria, n\u00e3o oferecem risco \u00e0 vida, a n\u00e3o ser que estejam localizadas em regi\u00e3o de muito dif\u00edcil acesso ou tratamento.<br>A estimativa \u00e9 que 6,3 mil novos casos de tumor \u00f3sseo maligno surgem no Brasil a cada ano. N\u00e3o h\u00e1 estat\u00edstica para tumores \u00f3sseos benignos, explicou o presidente da ABOO. Isso se explica porque muitos desses tumores s\u00e3o assintom\u00e1ticos. N\u00e3o t\u00eam nenhum tipo de dano \u00e0 sa\u00fade, de queixa, dor. \u201cNada disso aparece. Muitos deles s\u00e3o encontrados, fortuitamente, em exame simples de Raios-X ou uma resson\u00e2ncia\u201d.<\/p>\n\n\n\n<div class=\"wp-block-image\"><figure class=\"aligncenter size-large is-resized\"><img loading=\"lazy\" decoding=\"async\" src=\"https:\/\/jornalfatosenoticias.com.br\/wp-content\/uploads\/2020\/02\/Serra-Grande-1024x160.png\" alt=\"\" class=\"wp-image-7836\" width=\"398\" height=\"62\"\/><\/figure><\/div>\n\n\n\n<p><strong><span class=\"has-inline-color has-black-color\">Tratamento<\/span><\/strong><br>Como existem v\u00e1rios tipos de c\u00e2ncer \u00f3sseo que podem afetar diferentes faixas et\u00e1rias, o tratamento varia bastante. Os tumores mais comuns, que acometem crian\u00e7as e adolescentes, s\u00e3o o osteossarcoma e o sarcoma de Ewing, Eles s\u00e3o tratados inicialmente com quimioterapia durante cerca de tr\u00eas a quatro meses, para que os exames de sangue sejam normalizados. A\u00ed, \u00e9 poss\u00edvel fazer a cirurgia para retirada do tumor, seguida de reconstru\u00e7\u00e3o. O paciente, ent\u00e3o, volta \u00e0 quimioterapia. O tratamento completo dura de oito a dez meses. \u201c\u00c9 importante que ele volte \u00e0 quimioterapia para consolidar o tratamento e conseguir o resultado esperado\u201d.<br>No caso dos idosos, alguns pacientes s\u00e3o operados de imediato, logo ap\u00f3s o diagn\u00f3stico, e outros dispensam o tratamento com quimioterapia. Alguns tumores s\u00e3o tratados inicialmente com quimioterapia e, eventualmente, nem precisam de cirurgia. Vai depender da avalia\u00e7\u00e3o inicial do m\u00e9dico, feita com o aux\u00edlio de exames.<\/p>\n\n\n\n<div class=\"wp-block-image\"><figure class=\"alignleft size-large is-resized\"><img loading=\"lazy\" decoding=\"async\" src=\"https:\/\/jornalfatosenoticias.com.br\/wp-content\/uploads\/2022\/02\/Precisao-Contabilidade-1024x724.jpg\" alt=\"\" class=\"wp-image-28088\" width=\"345\" height=\"244\"\/><\/figure><\/div>\n\n\n\n<p>A campanha <em><strong>\u201cAbril Amarelo\u201d<\/strong><\/em> alerta para a import\u00e2ncia do diagn\u00f3stico precoce do c\u00e2ncer \u00f3sseo. Edgard Engel destacou que a raridade da doen\u00e7a \u00e9 a principal dificuldade para o diagn\u00f3stico precoce, uma vez que a dor pode ser confundida com outras afec\u00e7\u00f5es mais comuns e tratada de forma sintom\u00e1tica.<br>As met\u00e1stases s\u00e3o os tumores malignos mais frequentes dos ossos. Os c\u00e2nceres prim\u00e1rios que mais comumente podem levar ao desenvolvimento das met\u00e1stases \u00f3sseas s\u00e3o pr\u00f3stata, mama, pulm\u00e3o, rim, tireoide, bexiga, intestino e est\u00f4mago. Os ossos mais acometidos s\u00e3o os do cr\u00e2nio, das costelas, da coluna, bacia, do \u00famero (osso do bra\u00e7o) e f\u00eamur (osso da coxa).<\/p>\n\n\n\n<p><strong><span class=\"has-inline-color has-black-color\">Oncologia ortop\u00e9dica<br><\/span><\/strong>A oncologia ortop\u00e9dica se ocupa do tratamento dos tumores \u00f3sseos benignos e malignos, prim\u00e1rios e metast\u00e1ticos e dos tumores de tecidos moles. Alguns c\u00e2nceres, como osteossarcoma e sarcoma de Ewing, t\u00eam grande capacidade de produzir met\u00e1stases, enquanto outros, como o condrossarcoma, raramente o fazem, informou a associa\u00e7\u00e3o.<\/p>\n\n\n\n<div class=\"wp-block-image\"><figure class=\"alignright size-large is-resized\"><img loading=\"lazy\" decoding=\"async\" src=\"https:\/\/jornalfatosenoticias.com.br\/wp-content\/uploads\/2022\/02\/Serra-Pack-459.png\" alt=\"\" class=\"wp-image-27471\" width=\"318\" height=\"127\"\/><\/figure><\/div>\n\n\n\n<p>A entidade realiza o Congresso Brasileiro de Oncologia Ortop\u00e9dica, considerado o maior evento de tumores musculoesquel\u00e9tico do Brasil. Este ano, a d\u00e9cima segunda edi\u00e7\u00e3o do congresso ser\u00e1 de 27 a 30 deste m\u00eas, em Gramado (RS). Conferencistas nacionais e internacionais debater\u00e3o os avan\u00e7os no diagn\u00f3stico por imagem, novidades no tratamento dos sarcomas \u00f3sseos e de partes moles, tumor desmoide, met\u00e1stases \u00f3sseas, entre outros temas.<\/p>\n\n\n\n<p><strong><em>Fonte: <a href=\"https:\/\/agenciabrasil.ebc.com.br\/saude\/noticia\/2022-04\/abril-amarelo-mostra-medicos-melhor-conduta-para-tratar-cancer-osseo\">Ag\u00eancia Brasil<\/a><\/em><\/strong><\/p>\n","protected":false},"excerpt":{"rendered":"<p>Campanha \u00e9 da Associa\u00e7\u00e3o Brasileira de Oncologia Ortop\u00e9dica A campanha \u201cAbril Amarelo\u201d, que a Associa\u00e7\u00e3o Brasileira de Oncologia Ortop\u00e9dica (ABOO) desenvolve este m\u00eas para alertar a popula\u00e7\u00e3o sobre a import\u00e2ncia do diagn\u00f3stico precoce do c\u00e2ncer \u00f3sseo, tem os m\u00e9dicos como foco principal. O presidente da ABOO, Edgard Engel, disse que por se tratar de doen\u00e7a [&hellip;]<\/p>\n","protected":false},"author":2,"featured_media":29328,"comment_status":"open","ping_status":"open","sticky":false,"template":"","format":"standard","meta":{"footnotes":""},"categories":[11],"tags":[13939,829,13940,1120],"class_list":["post-29327","post","type-post","status-publish","format-standard","has-post-thumbnail","hentry","category-saude","tag-abril-amarelo","tag-campanha","tag-cancer-osseo","tag-tratamento"],"yoast_head":"<!-- This site is optimized with the Yoast SEO plugin v26.5 - https:\/\/yoast.com\/wordpress\/plugins\/seo\/ -->\n<title>Abril Amarelo mostra a m\u00e9dicos melhor conduta para tratar c\u00e2ncer \u00f3sseo - Jornal Fatos e Not\u00edcias<\/title>\n<meta name=\"robots\" content=\"index, follow, max-snippet:-1, max-image-preview:large, max-video-preview:-1\" \/>\n<link rel=\"canonical\" href=\"https:\/\/jornalfatosenoticias.com.br\/index.php\/2022\/04\/01\/abril-amarelo-mostra-a-medicos-melhor-conduta-para-tratar-cancer-osseo\/\" \/>\n<meta property=\"og:locale\" content=\"pt_BR\" \/>\n<meta property=\"og:type\" content=\"article\" \/>\n<meta property=\"og:title\" content=\"Abril Amarelo mostra a m\u00e9dicos melhor conduta para tratar c\u00e2ncer \u00f3sseo - Jornal Fatos e Not\u00edcias\" \/>\n<meta property=\"og:description\" content=\"Campanha \u00e9 da Associa\u00e7\u00e3o Brasileira de Oncologia Ortop\u00e9dica A campanha \u201cAbril Amarelo\u201d, que a Associa\u00e7\u00e3o Brasileira de Oncologia Ortop\u00e9dica (ABOO) desenvolve este m\u00eas para alertar a popula\u00e7\u00e3o sobre a import\u00e2ncia do diagn\u00f3stico precoce do c\u00e2ncer \u00f3sseo, tem os m\u00e9dicos como foco principal. O presidente da ABOO, Edgard Engel, disse que por se tratar de doen\u00e7a [&hellip;]\" \/>\n<meta property=\"og:url\" content=\"https:\/\/jornalfatosenoticias.com.br\/index.php\/2022\/04\/01\/abril-amarelo-mostra-a-medicos-melhor-conduta-para-tratar-cancer-osseo\/\" \/>\n<meta property=\"og:site_name\" content=\"Jornal Fatos e Not\u00edcias\" \/>\n<meta property=\"article:published_time\" content=\"2022-04-01T16:27:20+00:00\" \/>\n<meta property=\"article:modified_time\" content=\"2022-04-01T16:27:25+00:00\" \/>\n<meta property=\"og:image\" content=\"https:\/\/jornalfatosenoticias.com.br\/wp-content\/uploads\/2022\/04\/abril-amarelo.png\" \/>\n\t<meta property=\"og:image:width\" content=\"1000\" \/>\n\t<meta property=\"og:image:height\" content=\"525\" \/>\n\t<meta property=\"og:image:type\" content=\"image\/png\" \/>\n<meta name=\"author\" content=\"Luzimara Fernandes\" \/>\n<meta name=\"twitter:card\" content=\"summary_large_image\" \/>\n<meta name=\"twitter:label1\" content=\"Escrito por\" \/>\n\t<meta name=\"twitter:data1\" content=\"Luzimara Fernandes\" \/>\n\t<meta name=\"twitter:label2\" content=\"Est. tempo de leitura\" \/>\n\t<meta name=\"twitter:data2\" content=\"6 minutos\" \/>\n<script type=\"application\/ld+json\" class=\"yoast-schema-graph\">{\"@context\":\"https:\/\/schema.org\",\"@graph\":[{\"@type\":\"Article\",\"@id\":\"https:\/\/jornalfatosenoticias.com.br\/index.php\/2022\/04\/01\/abril-amarelo-mostra-a-medicos-melhor-conduta-para-tratar-cancer-osseo\/#article\",\"isPartOf\":{\"@id\":\"https:\/\/jornalfatosenoticias.com.br\/index.php\/2022\/04\/01\/abril-amarelo-mostra-a-medicos-melhor-conduta-para-tratar-cancer-osseo\/\"},\"author\":{\"name\":\"Luzimara Fernandes\",\"@id\":\"https:\/\/jornalfatosenoticias.com.br\/#\/schema\/person\/d63837fa13ac8666eb9e74e0985d6f81\"},\"headline\":\"Abril Amarelo mostra a m\u00e9dicos melhor conduta para tratar c\u00e2ncer \u00f3sseo\",\"datePublished\":\"2022-04-01T16:27:20+00:00\",\"dateModified\":\"2022-04-01T16:27:25+00:00\",\"mainEntityOfPage\":{\"@id\":\"https:\/\/jornalfatosenoticias.com.br\/index.php\/2022\/04\/01\/abril-amarelo-mostra-a-medicos-melhor-conduta-para-tratar-cancer-osseo\/\"},\"wordCount\":1140,\"commentCount\":0,\"publisher\":{\"@id\":\"https:\/\/jornalfatosenoticias.com.br\/#organization\"},\"image\":{\"@id\":\"https:\/\/jornalfatosenoticias.com.br\/index.php\/2022\/04\/01\/abril-amarelo-mostra-a-medicos-melhor-conduta-para-tratar-cancer-osseo\/#primaryimage\"},\"thumbnailUrl\":\"https:\/\/jornalfatosenoticias.com.br\/wp-content\/uploads\/2022\/04\/abril-amarelo.png\",\"keywords\":[\"Abril Amarelo\",\"campanha\",\"c\u00e2ncer \u00f3sseo\",\"tratamento\"],\"articleSection\":[\"Sa\u00fade\"],\"inLanguage\":\"pt-BR\",\"potentialAction\":[{\"@type\":\"CommentAction\",\"name\":\"Comment\",\"target\":[\"https:\/\/jornalfatosenoticias.com.br\/index.php\/2022\/04\/01\/abril-amarelo-mostra-a-medicos-melhor-conduta-para-tratar-cancer-osseo\/#respond\"]}]},{\"@type\":\"WebPage\",\"@id\":\"https:\/\/jornalfatosenoticias.com.br\/index.php\/2022\/04\/01\/abril-amarelo-mostra-a-medicos-melhor-conduta-para-tratar-cancer-osseo\/\",\"url\":\"https:\/\/jornalfatosenoticias.com.br\/index.php\/2022\/04\/01\/abril-amarelo-mostra-a-medicos-melhor-conduta-para-tratar-cancer-osseo\/\",\"name\":\"Abril Amarelo mostra a m\u00e9dicos melhor conduta para tratar c\u00e2ncer \u00f3sseo - Jornal Fatos e Not\u00edcias\",\"isPartOf\":{\"@id\":\"https:\/\/jornalfatosenoticias.com.br\/#website\"},\"primaryImageOfPage\":{\"@id\":\"https:\/\/jornalfatosenoticias.com.br\/index.php\/2022\/04\/01\/abril-amarelo-mostra-a-medicos-melhor-conduta-para-tratar-cancer-osseo\/#primaryimage\"},\"image\":{\"@id\":\"https:\/\/jornalfatosenoticias.com.br\/index.php\/2022\/04\/01\/abril-amarelo-mostra-a-medicos-melhor-conduta-para-tratar-cancer-osseo\/#primaryimage\"},\"thumbnailUrl\":\"https:\/\/jornalfatosenoticias.com.br\/wp-content\/uploads\/2022\/04\/abril-amarelo.png\",\"datePublished\":\"2022-04-01T16:27:20+00:00\",\"dateModified\":\"2022-04-01T16:27:25+00:00\",\"breadcrumb\":{\"@id\":\"https:\/\/jornalfatosenoticias.com.br\/index.php\/2022\/04\/01\/abril-amarelo-mostra-a-medicos-melhor-conduta-para-tratar-cancer-osseo\/#breadcrumb\"},\"inLanguage\":\"pt-BR\",\"potentialAction\":[{\"@type\":\"ReadAction\",\"target\":[\"https:\/\/jornalfatosenoticias.com.br\/index.php\/2022\/04\/01\/abril-amarelo-mostra-a-medicos-melhor-conduta-para-tratar-cancer-osseo\/\"]}]},{\"@type\":\"ImageObject\",\"inLanguage\":\"pt-BR\",\"@id\":\"https:\/\/jornalfatosenoticias.com.br\/index.php\/2022\/04\/01\/abril-amarelo-mostra-a-medicos-melhor-conduta-para-tratar-cancer-osseo\/#primaryimage\",\"url\":\"https:\/\/jornalfatosenoticias.com.br\/wp-content\/uploads\/2022\/04\/abril-amarelo.png\",\"contentUrl\":\"https:\/\/jornalfatosenoticias.com.br\/wp-content\/uploads\/2022\/04\/abril-amarelo.png\",\"width\":1000,\"height\":525},{\"@type\":\"BreadcrumbList\",\"@id\":\"https:\/\/jornalfatosenoticias.com.br\/index.php\/2022\/04\/01\/abril-amarelo-mostra-a-medicos-melhor-conduta-para-tratar-cancer-osseo\/#breadcrumb\",\"itemListElement\":[{\"@type\":\"ListItem\",\"position\":1,\"name\":\"In\u00edcio\",\"item\":\"https:\/\/jornalfatosenoticias.com.br\/\"},{\"@type\":\"ListItem\",\"position\":2,\"name\":\"Abril Amarelo mostra a m\u00e9dicos melhor conduta para tratar c\u00e2ncer \u00f3sseo\"}]},{\"@type\":\"WebSite\",\"@id\":\"https:\/\/jornalfatosenoticias.com.br\/#website\",\"url\":\"https:\/\/jornalfatosenoticias.com.br\/\",\"name\":\"Jornal Fatos e Not\u00edcias\",\"description\":\"Not\u00edcias em geral\",\"publisher\":{\"@id\":\"https:\/\/jornalfatosenoticias.com.br\/#organization\"},\"potentialAction\":[{\"@type\":\"SearchAction\",\"target\":{\"@type\":\"EntryPoint\",\"urlTemplate\":\"https:\/\/jornalfatosenoticias.com.br\/?s={search_term_string}\"},\"query-input\":{\"@type\":\"PropertyValueSpecification\",\"valueRequired\":true,\"valueName\":\"search_term_string\"}}],\"inLanguage\":\"pt-BR\"},{\"@type\":\"Organization\",\"@id\":\"https:\/\/jornalfatosenoticias.com.br\/#organization\",\"name\":\"Jornal Fatos e Not\u00edcias\",\"url\":\"https:\/\/jornalfatosenoticias.com.br\/\",\"logo\":{\"@type\":\"ImageObject\",\"inLanguage\":\"pt-BR\",\"@id\":\"https:\/\/jornalfatosenoticias.com.br\/#\/schema\/logo\/image\/\",\"url\":\"https:\/\/jornalfatosenoticias.com.br\/wp-content\/uploads\/2020\/02\/logo120.png\",\"contentUrl\":\"https:\/\/jornalfatosenoticias.com.br\/wp-content\/uploads\/2020\/02\/logo120.png\",\"width\":1227,\"height\":120,\"caption\":\"Jornal Fatos e Not\u00edcias\"},\"image\":{\"@id\":\"https:\/\/jornalfatosenoticias.com.br\/#\/schema\/logo\/image\/\"}},{\"@type\":\"Person\",\"@id\":\"https:\/\/jornalfatosenoticias.com.br\/#\/schema\/person\/d63837fa13ac8666eb9e74e0985d6f81\",\"name\":\"Luzimara Fernandes\",\"image\":{\"@type\":\"ImageObject\",\"inLanguage\":\"pt-BR\",\"@id\":\"https:\/\/jornalfatosenoticias.com.br\/#\/schema\/person\/image\/\",\"url\":\"https:\/\/jornalfatosenoticias.com.br\/wp-content\/uploads\/2025\/05\/EU_portal.jpg\",\"contentUrl\":\"https:\/\/jornalfatosenoticias.com.br\/wp-content\/uploads\/2025\/05\/EU_portal.jpg\",\"caption\":\"Luzimara Fernandes\"},\"description\":\"Jornalista MTB 2358-ES\",\"sameAs\":[\"https:\/\/jornalfatosenoticias.com.br\"],\"url\":\"https:\/\/jornalfatosenoticias.com.br\/index.php\/author\/luzimara\/\"}]}<\/script>\n<!-- \/ Yoast SEO plugin. -->","yoast_head_json":{"title":"Abril Amarelo mostra a m\u00e9dicos melhor conduta para tratar c\u00e2ncer \u00f3sseo - Jornal Fatos e Not\u00edcias","robots":{"index":"index","follow":"follow","max-snippet":"max-snippet:-1","max-image-preview":"max-image-preview:large","max-video-preview":"max-video-preview:-1"},"canonical":"https:\/\/jornalfatosenoticias.com.br\/index.php\/2022\/04\/01\/abril-amarelo-mostra-a-medicos-melhor-conduta-para-tratar-cancer-osseo\/","og_locale":"pt_BR","og_type":"article","og_title":"Abril Amarelo mostra a m\u00e9dicos melhor conduta para tratar c\u00e2ncer \u00f3sseo - Jornal Fatos e Not\u00edcias","og_description":"Campanha \u00e9 da Associa\u00e7\u00e3o Brasileira de Oncologia Ortop\u00e9dica A campanha \u201cAbril Amarelo\u201d, que a Associa\u00e7\u00e3o Brasileira de Oncologia Ortop\u00e9dica (ABOO) desenvolve este m\u00eas para alertar a popula\u00e7\u00e3o sobre a import\u00e2ncia do diagn\u00f3stico precoce do c\u00e2ncer \u00f3sseo, tem os m\u00e9dicos como foco principal. O presidente da ABOO, Edgard Engel, disse que por se tratar de doen\u00e7a [&hellip;]","og_url":"https:\/\/jornalfatosenoticias.com.br\/index.php\/2022\/04\/01\/abril-amarelo-mostra-a-medicos-melhor-conduta-para-tratar-cancer-osseo\/","og_site_name":"Jornal Fatos e Not\u00edcias","article_published_time":"2022-04-01T16:27:20+00:00","article_modified_time":"2022-04-01T16:27:25+00:00","og_image":[{"width":1000,"height":525,"url":"https:\/\/jornalfatosenoticias.com.br\/wp-content\/uploads\/2022\/04\/abril-amarelo.png","type":"image\/png"}],"author":"Luzimara Fernandes","twitter_card":"summary_large_image","twitter_misc":{"Escrito por":"Luzimara Fernandes","Est. tempo de leitura":"6 minutos"},"schema":{"@context":"https:\/\/schema.org","@graph":[{"@type":"Article","@id":"https:\/\/jornalfatosenoticias.com.br\/index.php\/2022\/04\/01\/abril-amarelo-mostra-a-medicos-melhor-conduta-para-tratar-cancer-osseo\/#article","isPartOf":{"@id":"https:\/\/jornalfatosenoticias.com.br\/index.php\/2022\/04\/01\/abril-amarelo-mostra-a-medicos-melhor-conduta-para-tratar-cancer-osseo\/"},"author":{"name":"Luzimara Fernandes","@id":"https:\/\/jornalfatosenoticias.com.br\/#\/schema\/person\/d63837fa13ac8666eb9e74e0985d6f81"},"headline":"Abril Amarelo mostra a m\u00e9dicos melhor conduta para tratar c\u00e2ncer \u00f3sseo","datePublished":"2022-04-01T16:27:20+00:00","dateModified":"2022-04-01T16:27:25+00:00","mainEntityOfPage":{"@id":"https:\/\/jornalfatosenoticias.com.br\/index.php\/2022\/04\/01\/abril-amarelo-mostra-a-medicos-melhor-conduta-para-tratar-cancer-osseo\/"},"wordCount":1140,"commentCount":0,"publisher":{"@id":"https:\/\/jornalfatosenoticias.com.br\/#organization"},"image":{"@id":"https:\/\/jornalfatosenoticias.com.br\/index.php\/2022\/04\/01\/abril-amarelo-mostra-a-medicos-melhor-conduta-para-tratar-cancer-osseo\/#primaryimage"},"thumbnailUrl":"https:\/\/jornalfatosenoticias.com.br\/wp-content\/uploads\/2022\/04\/abril-amarelo.png","keywords":["Abril Amarelo","campanha","c\u00e2ncer \u00f3sseo","tratamento"],"articleSection":["Sa\u00fade"],"inLanguage":"pt-BR","potentialAction":[{"@type":"CommentAction","name":"Comment","target":["https:\/\/jornalfatosenoticias.com.br\/index.php\/2022\/04\/01\/abril-amarelo-mostra-a-medicos-melhor-conduta-para-tratar-cancer-osseo\/#respond"]}]},{"@type":"WebPage","@id":"https:\/\/jornalfatosenoticias.com.br\/index.php\/2022\/04\/01\/abril-amarelo-mostra-a-medicos-melhor-conduta-para-tratar-cancer-osseo\/","url":"https:\/\/jornalfatosenoticias.com.br\/index.php\/2022\/04\/01\/abril-amarelo-mostra-a-medicos-melhor-conduta-para-tratar-cancer-osseo\/","name":"Abril Amarelo mostra a m\u00e9dicos melhor conduta para tratar c\u00e2ncer \u00f3sseo - Jornal Fatos e Not\u00edcias","isPartOf":{"@id":"https:\/\/jornalfatosenoticias.com.br\/#website"},"primaryImageOfPage":{"@id":"https:\/\/jornalfatosenoticias.com.br\/index.php\/2022\/04\/01\/abril-amarelo-mostra-a-medicos-melhor-conduta-para-tratar-cancer-osseo\/#primaryimage"},"image":{"@id":"https:\/\/jornalfatosenoticias.com.br\/index.php\/2022\/04\/01\/abril-amarelo-mostra-a-medicos-melhor-conduta-para-tratar-cancer-osseo\/#primaryimage"},"thumbnailUrl":"https:\/\/jornalfatosenoticias.com.br\/wp-content\/uploads\/2022\/04\/abril-amarelo.png","datePublished":"2022-04-01T16:27:20+00:00","dateModified":"2022-04-01T16:27:25+00:00","breadcrumb":{"@id":"https:\/\/jornalfatosenoticias.com.br\/index.php\/2022\/04\/01\/abril-amarelo-mostra-a-medicos-melhor-conduta-para-tratar-cancer-osseo\/#breadcrumb"},"inLanguage":"pt-BR","potentialAction":[{"@type":"ReadAction","target":["https:\/\/jornalfatosenoticias.com.br\/index.php\/2022\/04\/01\/abril-amarelo-mostra-a-medicos-melhor-conduta-para-tratar-cancer-osseo\/"]}]},{"@type":"ImageObject","inLanguage":"pt-BR","@id":"https:\/\/jornalfatosenoticias.com.br\/index.php\/2022\/04\/01\/abril-amarelo-mostra-a-medicos-melhor-conduta-para-tratar-cancer-osseo\/#primaryimage","url":"https:\/\/jornalfatosenoticias.com.br\/wp-content\/uploads\/2022\/04\/abril-amarelo.png","contentUrl":"https:\/\/jornalfatosenoticias.com.br\/wp-content\/uploads\/2022\/04\/abril-amarelo.png","width":1000,"height":525},{"@type":"BreadcrumbList","@id":"https:\/\/jornalfatosenoticias.com.br\/index.php\/2022\/04\/01\/abril-amarelo-mostra-a-medicos-melhor-conduta-para-tratar-cancer-osseo\/#breadcrumb","itemListElement":[{"@type":"ListItem","position":1,"name":"In\u00edcio","item":"https:\/\/jornalfatosenoticias.com.br\/"},{"@type":"ListItem","position":2,"name":"Abril Amarelo mostra a m\u00e9dicos melhor conduta para tratar c\u00e2ncer \u00f3sseo"}]},{"@type":"WebSite","@id":"https:\/\/jornalfatosenoticias.com.br\/#website","url":"https:\/\/jornalfatosenoticias.com.br\/","name":"Jornal Fatos e Not\u00edcias","description":"Not\u00edcias em geral","publisher":{"@id":"https:\/\/jornalfatosenoticias.com.br\/#organization"},"potentialAction":[{"@type":"SearchAction","target":{"@type":"EntryPoint","urlTemplate":"https:\/\/jornalfatosenoticias.com.br\/?s={search_term_string}"},"query-input":{"@type":"PropertyValueSpecification","valueRequired":true,"valueName":"search_term_string"}}],"inLanguage":"pt-BR"},{"@type":"Organization","@id":"https:\/\/jornalfatosenoticias.com.br\/#organization","name":"Jornal Fatos e Not\u00edcias","url":"https:\/\/jornalfatosenoticias.com.br\/","logo":{"@type":"ImageObject","inLanguage":"pt-BR","@id":"https:\/\/jornalfatosenoticias.com.br\/#\/schema\/logo\/image\/","url":"https:\/\/jornalfatosenoticias.com.br\/wp-content\/uploads\/2020\/02\/logo120.png","contentUrl":"https:\/\/jornalfatosenoticias.com.br\/wp-content\/uploads\/2020\/02\/logo120.png","width":1227,"height":120,"caption":"Jornal Fatos e Not\u00edcias"},"image":{"@id":"https:\/\/jornalfatosenoticias.com.br\/#\/schema\/logo\/image\/"}},{"@type":"Person","@id":"https:\/\/jornalfatosenoticias.com.br\/#\/schema\/person\/d63837fa13ac8666eb9e74e0985d6f81","name":"Luzimara Fernandes","image":{"@type":"ImageObject","inLanguage":"pt-BR","@id":"https:\/\/jornalfatosenoticias.com.br\/#\/schema\/person\/image\/","url":"https:\/\/jornalfatosenoticias.com.br\/wp-content\/uploads\/2025\/05\/EU_portal.jpg","contentUrl":"https:\/\/jornalfatosenoticias.com.br\/wp-content\/uploads\/2025\/05\/EU_portal.jpg","caption":"Luzimara Fernandes"},"description":"Jornalista MTB 2358-ES","sameAs":["https:\/\/jornalfatosenoticias.com.br"],"url":"https:\/\/jornalfatosenoticias.com.br\/index.php\/author\/luzimara\/"}]}},"cc_featured_image_caption":{"caption_text":"(Foto: Konimagem) ","source_text":"","source_url":""},"jetpack_featured_media_url":"https:\/\/jornalfatosenoticias.com.br\/wp-content\/uploads\/2022\/04\/abril-amarelo.png","_links":{"self":[{"href":"https:\/\/jornalfatosenoticias.com.br\/index.php\/wp-json\/wp\/v2\/posts\/29327","targetHints":{"allow":["GET"]}}],"collection":[{"href":"https:\/\/jornalfatosenoticias.com.br\/index.php\/wp-json\/wp\/v2\/posts"}],"about":[{"href":"https:\/\/jornalfatosenoticias.com.br\/index.php\/wp-json\/wp\/v2\/types\/post"}],"author":[{"embeddable":true,"href":"https:\/\/jornalfatosenoticias.com.br\/index.php\/wp-json\/wp\/v2\/users\/2"}],"replies":[{"embeddable":true,"href":"https:\/\/jornalfatosenoticias.com.br\/index.php\/wp-json\/wp\/v2\/comments?post=29327"}],"version-history":[{"count":0,"href":"https:\/\/jornalfatosenoticias.com.br\/index.php\/wp-json\/wp\/v2\/posts\/29327\/revisions"}],"wp:featuredmedia":[{"embeddable":true,"href":"https:\/\/jornalfatosenoticias.com.br\/index.php\/wp-json\/wp\/v2\/media\/29328"}],"wp:attachment":[{"href":"https:\/\/jornalfatosenoticias.com.br\/index.php\/wp-json\/wp\/v2\/media?parent=29327"}],"wp:term":[{"taxonomy":"category","embeddable":true,"href":"https:\/\/jornalfatosenoticias.com.br\/index.php\/wp-json\/wp\/v2\/categories?post=29327"},{"taxonomy":"post_tag","embeddable":true,"href":"https:\/\/jornalfatosenoticias.com.br\/index.php\/wp-json\/wp\/v2\/tags?post=29327"}],"curies":[{"name":"wp","href":"https:\/\/api.w.org\/{rel}","templated":true}]}}