{"id":29420,"date":"2022-04-05T12:17:36","date_gmt":"2022-04-05T15:17:36","guid":{"rendered":"https:\/\/jornalfatosenoticias.com.br\/?p=29420"},"modified":"2022-04-05T12:17:40","modified_gmt":"2022-04-05T15:17:40","slug":"ocidente-planeja-impor-mais-sancoes-contra-russia-por-mortes-de-civis","status":"publish","type":"post","link":"https:\/\/jornalfatosenoticias.com.br\/index.php\/2022\/04\/05\/ocidente-planeja-impor-mais-sancoes-contra-russia-por-mortes-de-civis\/","title":{"rendered":"Ocidente planeja impor mais san\u00e7\u00f5es contra R\u00fassia por mortes de civis"},"content":{"rendered":"\n<p><em><span class=\"has-inline-color has-black-color\">Presidente ucraniano pediu investiga\u00e7\u00e3o minuciosa<\/span><\/em><\/p>\n\n\n\n<div class=\"wp-block-image\"><figure class=\"aligncenter size-large is-resized\"><img loading=\"lazy\" decoding=\"async\" src=\"https:\/\/jornalfatosenoticias.com.br\/wp-content\/uploads\/2020\/02\/Logo_Mizu.png\" alt=\"\" class=\"wp-image-1441\" width=\"413\" height=\"51\" srcset=\"https:\/\/jornalfatosenoticias.com.br\/wp-content\/uploads\/2020\/02\/Logo_Mizu.png 729w, https:\/\/jornalfatosenoticias.com.br\/wp-content\/uploads\/2020\/02\/Logo_Mizu-300x37.png 300w\" sizes=\"auto, (max-width: 413px) 100vw, 413px\" \/><\/figure><\/div>\n\n\n\n<p>A R\u00fassia enfrenta nesta ter\u00e7a-feira (5) a perspectiva de sofrer mais san\u00e7\u00f5es ocidentais em retalia\u00e7\u00e3o pelas mortes de civis no norte da Ucr\u00e2nia. O presidente ucraniano, Volodymyr Zelenskiy, pediu uma investiga\u00e7\u00e3o minuciosa, dizendo que mais corpos podem ser encontrados em \u00e1reas recuperadas de invasores russos.<br>Moscou acusou o Ocidente de encenar as mortes para desacreditar suas tropas, negou ter cometido quaisquer atrocidades e amea\u00e7ou expulsar diplomatas ocidentais.<br>A R\u00fassia retirou suas for\u00e7as de cidades ao norte da capital ucraniana, Kiev, na semana passada, quando decidiu concentrar suas opera\u00e7\u00f5es no Sul e no Leste da Ucr\u00e2nia.<\/p>\n\n\n\n<div class=\"wp-block-image\"><figure class=\"aligncenter size-large is-resized\"><img loading=\"lazy\" decoding=\"async\" src=\"https:\/\/jornalfatosenoticias.com.br\/wp-content\/uploads\/2022\/02\/Arte-Autoescola-Galatas_endereco_portal-1024x103.png\" alt=\"\" class=\"wp-image-27869\" width=\"447\" height=\"45\" srcset=\"https:\/\/jornalfatosenoticias.com.br\/wp-content\/uploads\/2022\/02\/Arte-Autoescola-Galatas_endereco_portal-1024x103.png 1024w, https:\/\/jornalfatosenoticias.com.br\/wp-content\/uploads\/2022\/02\/Arte-Autoescola-Galatas_endereco_portal-300x30.png 300w, https:\/\/jornalfatosenoticias.com.br\/wp-content\/uploads\/2022\/02\/Arte-Autoescola-Galatas_endereco_portal-768x77.png 768w, https:\/\/jornalfatosenoticias.com.br\/wp-content\/uploads\/2022\/02\/Arte-Autoescola-Galatas_endereco_portal.png 1223w\" sizes=\"auto, (max-width: 447px) 100vw, 447px\" \/><\/figure><\/div>\n\n\n\n<div class=\"wp-block-image\"><figure class=\"alignright size-large is-resized\"><img loading=\"lazy\" decoding=\"async\" src=\"https:\/\/jornalfatosenoticias.com.br\/wp-content\/uploads\/2022\/02\/Serra-Pack-459.png\" alt=\"\" class=\"wp-image-27471\" width=\"378\" height=\"151\"\/><\/figure><\/div>\n\n\n\n<p>V\u00e1rios <strong><a href=\"https:\/\/agenciabrasil.ebc.com.br\/internacional\/noticia\/2022-04\/ucrania-diz-que-410-corpos-foram-encontrados-perto-de-kiev\" target=\"_blank\" rel=\"noreferrer noopener\">civis mortos foram encontrados<\/a><\/strong> nas ruas de diversas cidades, incluindo Bucha, \u00e0 medida em que as tropas ucranianas recapturavam \u00e1reas devastadas por quase seis semanas de guerra.<br>Imagens de uma vala comum em Bucha e de corpos de pessoas mortas com tiros \u00e0 queima-roupa provocaram indigna\u00e7\u00e3o internacional e promessas de mais san\u00e7\u00f5es contra Moscou.<br>O presidente norte-americano, Joe Biden, pediu um julgamento por crimes de guerra contra o presidente russo, Vladimir Putin, e os EUA v\u00e3o pedir \u00e0 Assembleia Geral da ONU que suspenda a R\u00fassia do Conselho de Direitos Humanos da organiza\u00e7\u00e3o.<\/p>\n\n\n\n<div class=\"wp-block-image\"><figure class=\"aligncenter size-large is-resized\"><img loading=\"lazy\" decoding=\"async\" src=\"https:\/\/jornalfatosenoticias.com.br\/wp-content\/uploads\/2022\/03\/logo-Suinco-1024x390.jpg\" alt=\"\" class=\"wp-image-28785\" width=\"264\" height=\"100\"\/><\/figure><\/div>\n\n\n\n<div class=\"wp-block-image\"><figure class=\"alignleft size-large\"><img loading=\"lazy\" decoding=\"async\" width=\"300\" height=\"250\" src=\"https:\/\/jornalfatosenoticias.com.br\/wp-content\/uploads\/2022\/02\/Banner-2.png\" alt=\"\" class=\"wp-image-27877\"\/><\/figure><\/div>\n\n\n\n<p>Dmitry Medvedev, ex-presidente da R\u00fassia e aliado pr\u00f3ximo de Putin que agora serve como chefe adjunto de seu Conselho de Seguran\u00e7a, disse que os relatos de assassinatos de civis em Bucha eram &#8220;falsos&#8221;, com o objetivo de desacreditar a R\u00fassia.<br>Moscou disse que apresentaria &#8220;provas emp\u00edricas&#8221; para uma reuni\u00e3o do Conselho de Seguran\u00e7a das Na\u00e7\u00f5es Unidas hoje, provando que suas for\u00e7as n\u00e3o estavam envolvidas.<\/p>\n\n\n\n<p><em><span class=\"has-inline-color has-black-color\">(<strong>Foto:<\/strong> Reuters\/Vladyslav Musiienko\/Direitos Reservados)<\/span><\/em><\/p>\n\n\n\n<p><strong><em>Fonte: <a href=\"https:\/\/agenciabrasil.ebc.com.br\/internacional\/noticia\/2022-04\/ocidente-planeja-impor-mais-sancoes-contra-russia-por-mortes-de-civis\">Ag\u00eancia Brasil<\/a><\/em><\/strong><\/p>\n","protected":false},"excerpt":{"rendered":"<p>Presidente ucraniano pediu investiga\u00e7\u00e3o minuciosa A R\u00fassia enfrenta nesta ter\u00e7a-feira (5) a perspectiva de sofrer mais san\u00e7\u00f5es ocidentais em retalia\u00e7\u00e3o pelas mortes de civis no norte da Ucr\u00e2nia. O presidente ucraniano, Volodymyr Zelenskiy, pediu uma investiga\u00e7\u00e3o minuciosa, dizendo que mais corpos podem ser encontrados em \u00e1reas recuperadas de invasores russos.Moscou acusou o Ocidente de encenar [&hellip;]<\/p>\n","protected":false},"author":2,"featured_media":29421,"comment_status":"open","ping_status":"open","sticky":false,"template":"","format":"standard","meta":{"footnotes":""},"categories":[41],"tags":[13975,4491,13461,12964,991,13976,10577],"class_list":["post-29420","post","type-post","status-publish","format-standard","has-post-thumbnail","hentry","category-internacional","tag-bucha","tag-guerra","tag-invasao-da-ucrania","tag-operacao-militar","tag-russia","tag-sancao","tag-ucrania"],"yoast_head":"<!-- This site is optimized with the Yoast SEO plugin v26.5 - https:\/\/yoast.com\/wordpress\/plugins\/seo\/ -->\n<title>Ocidente planeja impor mais san\u00e7\u00f5es contra R\u00fassia por mortes de civis - Jornal Fatos e Not\u00edcias<\/title>\n<meta name=\"robots\" content=\"index, follow, max-snippet:-1, max-image-preview:large, max-video-preview:-1\" \/>\n<link rel=\"canonical\" href=\"https:\/\/jornalfatosenoticias.com.br\/index.php\/2022\/04\/05\/ocidente-planeja-impor-mais-sancoes-contra-russia-por-mortes-de-civis\/\" \/>\n<meta property=\"og:locale\" content=\"pt_BR\" \/>\n<meta property=\"og:type\" content=\"article\" \/>\n<meta property=\"og:title\" content=\"Ocidente planeja impor mais san\u00e7\u00f5es contra R\u00fassia por mortes de civis - Jornal Fatos e Not\u00edcias\" \/>\n<meta property=\"og:description\" content=\"Presidente ucraniano pediu investiga\u00e7\u00e3o minuciosa A R\u00fassia enfrenta nesta ter\u00e7a-feira (5) a perspectiva de sofrer mais san\u00e7\u00f5es ocidentais em retalia\u00e7\u00e3o pelas mortes de civis no norte da Ucr\u00e2nia. O presidente ucraniano, Volodymyr Zelenskiy, pediu uma investiga\u00e7\u00e3o minuciosa, dizendo que mais corpos podem ser encontrados em \u00e1reas recuperadas de invasores russos.Moscou acusou o Ocidente de encenar [&hellip;]\" \/>\n<meta property=\"og:url\" content=\"https:\/\/jornalfatosenoticias.com.br\/index.php\/2022\/04\/05\/ocidente-planeja-impor-mais-sancoes-contra-russia-por-mortes-de-civis\/\" \/>\n<meta property=\"og:site_name\" content=\"Jornal Fatos e Not\u00edcias\" \/>\n<meta property=\"article:published_time\" content=\"2022-04-05T15:17:36+00:00\" \/>\n<meta property=\"article:modified_time\" content=\"2022-04-05T15:17:40+00:00\" \/>\n<meta property=\"og:image\" content=\"https:\/\/jornalfatosenoticias.com.br\/wp-content\/uploads\/2022\/04\/ukraine-crisis.jpg\" \/>\n\t<meta property=\"og:image:width\" content=\"1000\" \/>\n\t<meta property=\"og:image:height\" content=\"598\" \/>\n\t<meta property=\"og:image:type\" content=\"image\/jpeg\" \/>\n<meta name=\"author\" content=\"Luzimara Fernandes\" \/>\n<meta name=\"twitter:card\" content=\"summary_large_image\" \/>\n<meta name=\"twitter:label1\" content=\"Escrito por\" \/>\n\t<meta name=\"twitter:data1\" content=\"Luzimara Fernandes\" \/>\n\t<meta name=\"twitter:label2\" content=\"Est. tempo de leitura\" \/>\n\t<meta name=\"twitter:data2\" content=\"1 minuto\" \/>\n<script type=\"application\/ld+json\" class=\"yoast-schema-graph\">{\"@context\":\"https:\/\/schema.org\",\"@graph\":[{\"@type\":\"Article\",\"@id\":\"https:\/\/jornalfatosenoticias.com.br\/index.php\/2022\/04\/05\/ocidente-planeja-impor-mais-sancoes-contra-russia-por-mortes-de-civis\/#article\",\"isPartOf\":{\"@id\":\"https:\/\/jornalfatosenoticias.com.br\/index.php\/2022\/04\/05\/ocidente-planeja-impor-mais-sancoes-contra-russia-por-mortes-de-civis\/\"},\"author\":{\"name\":\"Luzimara Fernandes\",\"@id\":\"https:\/\/jornalfatosenoticias.com.br\/#\/schema\/person\/d63837fa13ac8666eb9e74e0985d6f81\"},\"headline\":\"Ocidente planeja impor mais san\u00e7\u00f5es contra R\u00fassia por mortes de civis\",\"datePublished\":\"2022-04-05T15:17:36+00:00\",\"dateModified\":\"2022-04-05T15:17:40+00:00\",\"mainEntityOfPage\":{\"@id\":\"https:\/\/jornalfatosenoticias.com.br\/index.php\/2022\/04\/05\/ocidente-planeja-impor-mais-sancoes-contra-russia-por-mortes-de-civis\/\"},\"wordCount\":305,\"commentCount\":0,\"publisher\":{\"@id\":\"https:\/\/jornalfatosenoticias.com.br\/#organization\"},\"image\":{\"@id\":\"https:\/\/jornalfatosenoticias.com.br\/index.php\/2022\/04\/05\/ocidente-planeja-impor-mais-sancoes-contra-russia-por-mortes-de-civis\/#primaryimage\"},\"thumbnailUrl\":\"https:\/\/jornalfatosenoticias.com.br\/wp-content\/uploads\/2022\/04\/ukraine-crisis.jpg\",\"keywords\":[\"Bucha\",\"guerra\",\"invas\u00e3o da Ucr\u00e2nia\",\"opera\u00e7\u00e3o militar\",\"R\u00fassia\",\"san\u00e7\u00e3o\",\"Ucr\u00e2nia\"],\"articleSection\":[\"Internacional\"],\"inLanguage\":\"pt-BR\",\"potentialAction\":[{\"@type\":\"CommentAction\",\"name\":\"Comment\",\"target\":[\"https:\/\/jornalfatosenoticias.com.br\/index.php\/2022\/04\/05\/ocidente-planeja-impor-mais-sancoes-contra-russia-por-mortes-de-civis\/#respond\"]}]},{\"@type\":\"WebPage\",\"@id\":\"https:\/\/jornalfatosenoticias.com.br\/index.php\/2022\/04\/05\/ocidente-planeja-impor-mais-sancoes-contra-russia-por-mortes-de-civis\/\",\"url\":\"https:\/\/jornalfatosenoticias.com.br\/index.php\/2022\/04\/05\/ocidente-planeja-impor-mais-sancoes-contra-russia-por-mortes-de-civis\/\",\"name\":\"Ocidente planeja impor mais san\u00e7\u00f5es contra R\u00fassia por mortes de civis - Jornal Fatos e Not\u00edcias\",\"isPartOf\":{\"@id\":\"https:\/\/jornalfatosenoticias.com.br\/#website\"},\"primaryImageOfPage\":{\"@id\":\"https:\/\/jornalfatosenoticias.com.br\/index.php\/2022\/04\/05\/ocidente-planeja-impor-mais-sancoes-contra-russia-por-mortes-de-civis\/#primaryimage\"},\"image\":{\"@id\":\"https:\/\/jornalfatosenoticias.com.br\/index.php\/2022\/04\/05\/ocidente-planeja-impor-mais-sancoes-contra-russia-por-mortes-de-civis\/#primaryimage\"},\"thumbnailUrl\":\"https:\/\/jornalfatosenoticias.com.br\/wp-content\/uploads\/2022\/04\/ukraine-crisis.jpg\",\"datePublished\":\"2022-04-05T15:17:36+00:00\",\"dateModified\":\"2022-04-05T15:17:40+00:00\",\"breadcrumb\":{\"@id\":\"https:\/\/jornalfatosenoticias.com.br\/index.php\/2022\/04\/05\/ocidente-planeja-impor-mais-sancoes-contra-russia-por-mortes-de-civis\/#breadcrumb\"},\"inLanguage\":\"pt-BR\",\"potentialAction\":[{\"@type\":\"ReadAction\",\"target\":[\"https:\/\/jornalfatosenoticias.com.br\/index.php\/2022\/04\/05\/ocidente-planeja-impor-mais-sancoes-contra-russia-por-mortes-de-civis\/\"]}]},{\"@type\":\"ImageObject\",\"inLanguage\":\"pt-BR\",\"@id\":\"https:\/\/jornalfatosenoticias.com.br\/index.php\/2022\/04\/05\/ocidente-planeja-impor-mais-sancoes-contra-russia-por-mortes-de-civis\/#primaryimage\",\"url\":\"https:\/\/jornalfatosenoticias.com.br\/wp-content\/uploads\/2022\/04\/ukraine-crisis.jpg\",\"contentUrl\":\"https:\/\/jornalfatosenoticias.com.br\/wp-content\/uploads\/2022\/04\/ukraine-crisis.jpg\",\"width\":1000,\"height\":598},{\"@type\":\"BreadcrumbList\",\"@id\":\"https:\/\/jornalfatosenoticias.com.br\/index.php\/2022\/04\/05\/ocidente-planeja-impor-mais-sancoes-contra-russia-por-mortes-de-civis\/#breadcrumb\",\"itemListElement\":[{\"@type\":\"ListItem\",\"position\":1,\"name\":\"In\u00edcio\",\"item\":\"https:\/\/jornalfatosenoticias.com.br\/\"},{\"@type\":\"ListItem\",\"position\":2,\"name\":\"Ocidente planeja impor mais san\u00e7\u00f5es contra R\u00fassia por mortes de civis\"}]},{\"@type\":\"WebSite\",\"@id\":\"https:\/\/jornalfatosenoticias.com.br\/#website\",\"url\":\"https:\/\/jornalfatosenoticias.com.br\/\",\"name\":\"Jornal Fatos e Not\u00edcias\",\"description\":\"Not\u00edcias em geral\",\"publisher\":{\"@id\":\"https:\/\/jornalfatosenoticias.com.br\/#organization\"},\"potentialAction\":[{\"@type\":\"SearchAction\",\"target\":{\"@type\":\"EntryPoint\",\"urlTemplate\":\"https:\/\/jornalfatosenoticias.com.br\/?s={search_term_string}\"},\"query-input\":{\"@type\":\"PropertyValueSpecification\",\"valueRequired\":true,\"valueName\":\"search_term_string\"}}],\"inLanguage\":\"pt-BR\"},{\"@type\":\"Organization\",\"@id\":\"https:\/\/jornalfatosenoticias.com.br\/#organization\",\"name\":\"Jornal Fatos e Not\u00edcias\",\"url\":\"https:\/\/jornalfatosenoticias.com.br\/\",\"logo\":{\"@type\":\"ImageObject\",\"inLanguage\":\"pt-BR\",\"@id\":\"https:\/\/jornalfatosenoticias.com.br\/#\/schema\/logo\/image\/\",\"url\":\"https:\/\/jornalfatosenoticias.com.br\/wp-content\/uploads\/2020\/02\/logo120.png\",\"contentUrl\":\"https:\/\/jornalfatosenoticias.com.br\/wp-content\/uploads\/2020\/02\/logo120.png\",\"width\":1227,\"height\":120,\"caption\":\"Jornal Fatos e Not\u00edcias\"},\"image\":{\"@id\":\"https:\/\/jornalfatosenoticias.com.br\/#\/schema\/logo\/image\/\"}},{\"@type\":\"Person\",\"@id\":\"https:\/\/jornalfatosenoticias.com.br\/#\/schema\/person\/d63837fa13ac8666eb9e74e0985d6f81\",\"name\":\"Luzimara Fernandes\",\"image\":{\"@type\":\"ImageObject\",\"inLanguage\":\"pt-BR\",\"@id\":\"https:\/\/jornalfatosenoticias.com.br\/#\/schema\/person\/image\/\",\"url\":\"https:\/\/jornalfatosenoticias.com.br\/wp-content\/uploads\/2025\/05\/EU_portal.jpg\",\"contentUrl\":\"https:\/\/jornalfatosenoticias.com.br\/wp-content\/uploads\/2025\/05\/EU_portal.jpg\",\"caption\":\"Luzimara Fernandes\"},\"description\":\"Jornalista MTB 2358-ES\",\"sameAs\":[\"https:\/\/jornalfatosenoticias.com.br\"],\"url\":\"https:\/\/jornalfatosenoticias.com.br\/index.php\/author\/luzimara\/\"}]}<\/script>\n<!-- \/ Yoast SEO plugin. -->","yoast_head_json":{"title":"Ocidente planeja impor mais san\u00e7\u00f5es contra R\u00fassia por mortes de civis - Jornal Fatos e Not\u00edcias","robots":{"index":"index","follow":"follow","max-snippet":"max-snippet:-1","max-image-preview":"max-image-preview:large","max-video-preview":"max-video-preview:-1"},"canonical":"https:\/\/jornalfatosenoticias.com.br\/index.php\/2022\/04\/05\/ocidente-planeja-impor-mais-sancoes-contra-russia-por-mortes-de-civis\/","og_locale":"pt_BR","og_type":"article","og_title":"Ocidente planeja impor mais san\u00e7\u00f5es contra R\u00fassia por mortes de civis - Jornal Fatos e Not\u00edcias","og_description":"Presidente ucraniano pediu investiga\u00e7\u00e3o minuciosa A R\u00fassia enfrenta nesta ter\u00e7a-feira (5) a perspectiva de sofrer mais san\u00e7\u00f5es ocidentais em retalia\u00e7\u00e3o pelas mortes de civis no norte da Ucr\u00e2nia. O presidente ucraniano, Volodymyr Zelenskiy, pediu uma investiga\u00e7\u00e3o minuciosa, dizendo que mais corpos podem ser encontrados em \u00e1reas recuperadas de invasores russos.Moscou acusou o Ocidente de encenar [&hellip;]","og_url":"https:\/\/jornalfatosenoticias.com.br\/index.php\/2022\/04\/05\/ocidente-planeja-impor-mais-sancoes-contra-russia-por-mortes-de-civis\/","og_site_name":"Jornal Fatos e Not\u00edcias","article_published_time":"2022-04-05T15:17:36+00:00","article_modified_time":"2022-04-05T15:17:40+00:00","og_image":[{"width":1000,"height":598,"url":"https:\/\/jornalfatosenoticias.com.br\/wp-content\/uploads\/2022\/04\/ukraine-crisis.jpg","type":"image\/jpeg"}],"author":"Luzimara Fernandes","twitter_card":"summary_large_image","twitter_misc":{"Escrito por":"Luzimara Fernandes","Est. tempo de leitura":"1 minuto"},"schema":{"@context":"https:\/\/schema.org","@graph":[{"@type":"Article","@id":"https:\/\/jornalfatosenoticias.com.br\/index.php\/2022\/04\/05\/ocidente-planeja-impor-mais-sancoes-contra-russia-por-mortes-de-civis\/#article","isPartOf":{"@id":"https:\/\/jornalfatosenoticias.com.br\/index.php\/2022\/04\/05\/ocidente-planeja-impor-mais-sancoes-contra-russia-por-mortes-de-civis\/"},"author":{"name":"Luzimara Fernandes","@id":"https:\/\/jornalfatosenoticias.com.br\/#\/schema\/person\/d63837fa13ac8666eb9e74e0985d6f81"},"headline":"Ocidente planeja impor mais san\u00e7\u00f5es contra R\u00fassia por mortes de civis","datePublished":"2022-04-05T15:17:36+00:00","dateModified":"2022-04-05T15:17:40+00:00","mainEntityOfPage":{"@id":"https:\/\/jornalfatosenoticias.com.br\/index.php\/2022\/04\/05\/ocidente-planeja-impor-mais-sancoes-contra-russia-por-mortes-de-civis\/"},"wordCount":305,"commentCount":0,"publisher":{"@id":"https:\/\/jornalfatosenoticias.com.br\/#organization"},"image":{"@id":"https:\/\/jornalfatosenoticias.com.br\/index.php\/2022\/04\/05\/ocidente-planeja-impor-mais-sancoes-contra-russia-por-mortes-de-civis\/#primaryimage"},"thumbnailUrl":"https:\/\/jornalfatosenoticias.com.br\/wp-content\/uploads\/2022\/04\/ukraine-crisis.jpg","keywords":["Bucha","guerra","invas\u00e3o da Ucr\u00e2nia","opera\u00e7\u00e3o militar","R\u00fassia","san\u00e7\u00e3o","Ucr\u00e2nia"],"articleSection":["Internacional"],"inLanguage":"pt-BR","potentialAction":[{"@type":"CommentAction","name":"Comment","target":["https:\/\/jornalfatosenoticias.com.br\/index.php\/2022\/04\/05\/ocidente-planeja-impor-mais-sancoes-contra-russia-por-mortes-de-civis\/#respond"]}]},{"@type":"WebPage","@id":"https:\/\/jornalfatosenoticias.com.br\/index.php\/2022\/04\/05\/ocidente-planeja-impor-mais-sancoes-contra-russia-por-mortes-de-civis\/","url":"https:\/\/jornalfatosenoticias.com.br\/index.php\/2022\/04\/05\/ocidente-planeja-impor-mais-sancoes-contra-russia-por-mortes-de-civis\/","name":"Ocidente planeja impor mais san\u00e7\u00f5es contra R\u00fassia por mortes de civis - Jornal Fatos e Not\u00edcias","isPartOf":{"@id":"https:\/\/jornalfatosenoticias.com.br\/#website"},"primaryImageOfPage":{"@id":"https:\/\/jornalfatosenoticias.com.br\/index.php\/2022\/04\/05\/ocidente-planeja-impor-mais-sancoes-contra-russia-por-mortes-de-civis\/#primaryimage"},"image":{"@id":"https:\/\/jornalfatosenoticias.com.br\/index.php\/2022\/04\/05\/ocidente-planeja-impor-mais-sancoes-contra-russia-por-mortes-de-civis\/#primaryimage"},"thumbnailUrl":"https:\/\/jornalfatosenoticias.com.br\/wp-content\/uploads\/2022\/04\/ukraine-crisis.jpg","datePublished":"2022-04-05T15:17:36+00:00","dateModified":"2022-04-05T15:17:40+00:00","breadcrumb":{"@id":"https:\/\/jornalfatosenoticias.com.br\/index.php\/2022\/04\/05\/ocidente-planeja-impor-mais-sancoes-contra-russia-por-mortes-de-civis\/#breadcrumb"},"inLanguage":"pt-BR","potentialAction":[{"@type":"ReadAction","target":["https:\/\/jornalfatosenoticias.com.br\/index.php\/2022\/04\/05\/ocidente-planeja-impor-mais-sancoes-contra-russia-por-mortes-de-civis\/"]}]},{"@type":"ImageObject","inLanguage":"pt-BR","@id":"https:\/\/jornalfatosenoticias.com.br\/index.php\/2022\/04\/05\/ocidente-planeja-impor-mais-sancoes-contra-russia-por-mortes-de-civis\/#primaryimage","url":"https:\/\/jornalfatosenoticias.com.br\/wp-content\/uploads\/2022\/04\/ukraine-crisis.jpg","contentUrl":"https:\/\/jornalfatosenoticias.com.br\/wp-content\/uploads\/2022\/04\/ukraine-crisis.jpg","width":1000,"height":598},{"@type":"BreadcrumbList","@id":"https:\/\/jornalfatosenoticias.com.br\/index.php\/2022\/04\/05\/ocidente-planeja-impor-mais-sancoes-contra-russia-por-mortes-de-civis\/#breadcrumb","itemListElement":[{"@type":"ListItem","position":1,"name":"In\u00edcio","item":"https:\/\/jornalfatosenoticias.com.br\/"},{"@type":"ListItem","position":2,"name":"Ocidente planeja impor mais san\u00e7\u00f5es contra R\u00fassia por mortes de civis"}]},{"@type":"WebSite","@id":"https:\/\/jornalfatosenoticias.com.br\/#website","url":"https:\/\/jornalfatosenoticias.com.br\/","name":"Jornal Fatos e Not\u00edcias","description":"Not\u00edcias em geral","publisher":{"@id":"https:\/\/jornalfatosenoticias.com.br\/#organization"},"potentialAction":[{"@type":"SearchAction","target":{"@type":"EntryPoint","urlTemplate":"https:\/\/jornalfatosenoticias.com.br\/?s={search_term_string}"},"query-input":{"@type":"PropertyValueSpecification","valueRequired":true,"valueName":"search_term_string"}}],"inLanguage":"pt-BR"},{"@type":"Organization","@id":"https:\/\/jornalfatosenoticias.com.br\/#organization","name":"Jornal Fatos e Not\u00edcias","url":"https:\/\/jornalfatosenoticias.com.br\/","logo":{"@type":"ImageObject","inLanguage":"pt-BR","@id":"https:\/\/jornalfatosenoticias.com.br\/#\/schema\/logo\/image\/","url":"https:\/\/jornalfatosenoticias.com.br\/wp-content\/uploads\/2020\/02\/logo120.png","contentUrl":"https:\/\/jornalfatosenoticias.com.br\/wp-content\/uploads\/2020\/02\/logo120.png","width":1227,"height":120,"caption":"Jornal Fatos e Not\u00edcias"},"image":{"@id":"https:\/\/jornalfatosenoticias.com.br\/#\/schema\/logo\/image\/"}},{"@type":"Person","@id":"https:\/\/jornalfatosenoticias.com.br\/#\/schema\/person\/d63837fa13ac8666eb9e74e0985d6f81","name":"Luzimara Fernandes","image":{"@type":"ImageObject","inLanguage":"pt-BR","@id":"https:\/\/jornalfatosenoticias.com.br\/#\/schema\/person\/image\/","url":"https:\/\/jornalfatosenoticias.com.br\/wp-content\/uploads\/2025\/05\/EU_portal.jpg","contentUrl":"https:\/\/jornalfatosenoticias.com.br\/wp-content\/uploads\/2025\/05\/EU_portal.jpg","caption":"Luzimara Fernandes"},"description":"Jornalista MTB 2358-ES","sameAs":["https:\/\/jornalfatosenoticias.com.br"],"url":"https:\/\/jornalfatosenoticias.com.br\/index.php\/author\/luzimara\/"}]}},"cc_featured_image_caption":{"caption_text":"","source_text":"","source_url":""},"jetpack_featured_media_url":"https:\/\/jornalfatosenoticias.com.br\/wp-content\/uploads\/2022\/04\/ukraine-crisis.jpg","_links":{"self":[{"href":"https:\/\/jornalfatosenoticias.com.br\/index.php\/wp-json\/wp\/v2\/posts\/29420","targetHints":{"allow":["GET"]}}],"collection":[{"href":"https:\/\/jornalfatosenoticias.com.br\/index.php\/wp-json\/wp\/v2\/posts"}],"about":[{"href":"https:\/\/jornalfatosenoticias.com.br\/index.php\/wp-json\/wp\/v2\/types\/post"}],"author":[{"embeddable":true,"href":"https:\/\/jornalfatosenoticias.com.br\/index.php\/wp-json\/wp\/v2\/users\/2"}],"replies":[{"embeddable":true,"href":"https:\/\/jornalfatosenoticias.com.br\/index.php\/wp-json\/wp\/v2\/comments?post=29420"}],"version-history":[{"count":0,"href":"https:\/\/jornalfatosenoticias.com.br\/index.php\/wp-json\/wp\/v2\/posts\/29420\/revisions"}],"wp:featuredmedia":[{"embeddable":true,"href":"https:\/\/jornalfatosenoticias.com.br\/index.php\/wp-json\/wp\/v2\/media\/29421"}],"wp:attachment":[{"href":"https:\/\/jornalfatosenoticias.com.br\/index.php\/wp-json\/wp\/v2\/media?parent=29420"}],"wp:term":[{"taxonomy":"category","embeddable":true,"href":"https:\/\/jornalfatosenoticias.com.br\/index.php\/wp-json\/wp\/v2\/categories?post=29420"},{"taxonomy":"post_tag","embeddable":true,"href":"https:\/\/jornalfatosenoticias.com.br\/index.php\/wp-json\/wp\/v2\/tags?post=29420"}],"curies":[{"name":"wp","href":"https:\/\/api.w.org\/{rel}","templated":true}]}}