{"id":29446,"date":"2022-04-05T14:58:54","date_gmt":"2022-04-05T17:58:54","guid":{"rendered":"https:\/\/jornalfatosenoticias.com.br\/?p=29446"},"modified":"2022-04-05T14:58:55","modified_gmt":"2022-04-05T17:58:55","slug":"irmao-gemeo-de-jupiter-e-descoberto-pelo-finado-telescopio-espacial-kepler","status":"publish","type":"post","link":"https:\/\/jornalfatosenoticias.com.br\/index.php\/2022\/04\/05\/irmao-gemeo-de-jupiter-e-descoberto-pelo-finado-telescopio-espacial-kepler\/","title":{"rendered":"\u201cIrm\u00e3o g\u00eameo\u201d de J\u00fapiter \u00e9 descoberto pelo finado telesc\u00f3pio espacial Kepler"},"content":{"rendered":"\n<div class=\"wp-block-image\"><figure class=\"aligncenter size-large is-resized\"><img loading=\"lazy\" decoding=\"async\" src=\"https:\/\/jornalfatosenoticias.com.br\/wp-content\/uploads\/2020\/02\/Logo-Mizu-segunda-2-1024x99.png\" alt=\"\" class=\"wp-image-2353\" width=\"332\" height=\"32\" srcset=\"https:\/\/jornalfatosenoticias.com.br\/wp-content\/uploads\/2020\/02\/Logo-Mizu-segunda-2-1024x99.png 1024w, https:\/\/jornalfatosenoticias.com.br\/wp-content\/uploads\/2020\/02\/Logo-Mizu-segunda-2-300x29.png 300w, https:\/\/jornalfatosenoticias.com.br\/wp-content\/uploads\/2020\/02\/Logo-Mizu-segunda-2-768x74.png 768w, https:\/\/jornalfatosenoticias.com.br\/wp-content\/uploads\/2020\/02\/Logo-Mizu-segunda-2.png 1240w\" sizes=\"auto, (max-width: 332px) 100vw, 332px\" \/><\/figure><\/div>\n\n\n\n<p>Apesar de estar tecnicamente \u201cmorto\u201d ap\u00f3s ter parado de operar em 2018, o <a href=\"https:\/\/olhardigital.com.br\/tag\/kepler\/\">telesc\u00f3pio espacial Kepler<\/a>\u00a0continua trabalhando e, desta vez, fez uma descoberta bem interessante: um\u00a0<a href=\"https:\/\/olhardigital.com.br\/tag\/exoplanetas\/\">exoplaneta<\/a> localizado a 17 mil anos-luz da Terra, que astr\u00f4nomos v\u00eam chamando de \u201cirm\u00e3o g\u00eameo de J\u00fapiter\u201d.<br>O exoplaneta em quest\u00e3o foi chamado oficialmente de <em>\u201cK2-2016-BLG-0005Lb\u201d <\/em>(embora \u201cirm\u00e3o g\u00eameo de J\u00fapiter\u201d seja um apelido mais simples, convenhamos). Ele foi originalmente observado pelo Kepler em 2016, o que o torna o planeta mais distante visto pelo telesc\u00f3pio, que catalogou 2,7 mil planetas confirmados em seus nove anos de trabalho.<\/p>\n\n\n\n<div class=\"wp-block-image\"><figure class=\"aligncenter size-large is-resized\"><img loading=\"lazy\" decoding=\"async\" src=\"https:\/\/jornalfatosenoticias.com.br\/wp-content\/uploads\/2022\/03\/logo-Suinco-1024x390.jpg\" alt=\"\" class=\"wp-image-28785\" width=\"256\" height=\"97\"\/><\/figure><\/div>\n\n\n\n<blockquote class=\"wp-block-quote is-layout-flow wp-block-quote-is-layout-flow\"><p><span class=\"has-inline-color has-luminous-vivid-orange-color\">\u201cO Kepler tamb\u00e9m foi capaz de observar [o irm\u00e3o g\u00eameo de J\u00fapiter] sem interrup\u00e7\u00e3o do clima ou da luz do dia, o que nos permitiu determinar de forma precisa a massa desse exoplaneta e a dist\u00e2ncia de sua <a href=\"https:\/\/olhardigital.com.br\/tag\/orbita\/\">\u00f3rbita<\/a>\u00a0em rela\u00e7\u00e3o \u00e0\u00a0<a href=\"https:\/\/olhardigital.com.br\/tag\/estrelas\/\">estrela<\/a>\u00a0que o hospeda\u201d, disse Eamonn Kerins, astr\u00f4nomo a servi\u00e7o da Universidade de Manchester, no\u00a0<a href=\"https:\/\/olhardigital.com.br\/tag\/reino-unido\/\">Reino Unido<\/a>. \u201cEle \u00e9, basicamente, igual a J\u00fapiter em termos de massa e posi\u00e7\u00e3o de seu \u2018Sol\u2019, que tem mais ou menos 60% da massa\u00a0<a href=\"https:\/\/olhardigital.com.br\/tag\/sol\/\">do nosso pr\u00f3prio Sol<\/a>\u201d.<\/span><\/p><\/blockquote>\n\n\n\n<div class=\"wp-block-image\"><figure class=\"alignright size-large is-resized\"><img loading=\"lazy\" decoding=\"async\" src=\"https:\/\/jornalfatosenoticias.com.br\/wp-content\/uploads\/2020\/02\/nova-logo-Marquetti.jpg\" alt=\"\" class=\"wp-image-22331\" width=\"266\" height=\"179\" srcset=\"https:\/\/jornalfatosenoticias.com.br\/wp-content\/uploads\/2020\/02\/nova-logo-Marquetti.jpg 643w, https:\/\/jornalfatosenoticias.com.br\/wp-content\/uploads\/2020\/02\/nova-logo-Marquetti-300x202.jpg 300w\" sizes=\"auto, (max-width: 266px) 100vw, 266px\" \/><\/figure><\/div>\n\n\n\n<p>A observa\u00e7\u00e3o do <em>\u201cK2-2016-BLG-0005Lb\u201d<\/em> tamb\u00e9m foi facilitada por um efeito que j\u00e1 est\u00e1 se tornando um velho conhecido: a <a href=\"https:\/\/olhardigital.com.br\/tag\/lente-gravitacional\/\">lente gravitacional<\/a>. Esse efeito \u2014 previsto por\u00a0<a href=\"https:\/\/olhardigital.com.br\/tag\/albert-einstein\/\">Albert Einstein<\/a> em 1916 (ano onde o not\u00f3rio f\u00edsico postulou sua famosa \u201cTeoria Geral da Relatividade\u201d) consiste na observa\u00e7\u00e3o de um objeto no espa\u00e7o por meio da distor\u00e7\u00e3o da luz de uma estrela por tr\u00e1s dele. Basicamente, olhamos para a estrela e o exoplaneta passou no meio do caminho.<\/p>\n\n\n\n<blockquote class=\"wp-block-quote is-layout-flow wp-block-quote-is-layout-flow\"><p><span class=\"has-inline-color has-luminous-vivid-orange-color\">\u201cPara vermos esse efeito, \u00e9 necess\u00e1rio um alinhamento quase perfeito entre o sistema planet\u00e1rio \u00e0 frente e a estrela ao fundo\u201d, disse Kerins. \u201cA chance de uma estrela passando por tr\u00e1s ser afetada desta forma \u00e9 de uma em dezenas de milh\u00f5es. Mas existem centenas de milh\u00f5es de estrelas na dire\u00e7\u00e3o do centro <a href=\"https:\/\/olhardigital.com.br\/tag\/via-lactea\/\">de nossa gal\u00e1xia<\/a>. Ent\u00e3o o Kepler basicamente \u2018sentou e esperou\u2019 algo acontecer por tr\u00eas meses\u201d.<\/span><\/p><\/blockquote>\n\n\n\n<div class=\"wp-block-image\"><figure class=\"alignleft size-large is-resized\"><img loading=\"lazy\" decoding=\"async\" src=\"https:\/\/jornalfatosenoticias.com.br\/wp-content\/uploads\/2022\/02\/Precisao-Contabilidade-1024x724.jpg\" alt=\"\" class=\"wp-image-28088\" width=\"262\" height=\"185\"\/><\/figure><\/div>\n\n\n\n<p>Esses \u201ctr\u00eas meses\u201d de observa\u00e7\u00e3o foram os dados observados pelos cientistas de Manchester. A equipe trabalhou junto com Ian McDonald, outro astr\u00f4nomo da mesma universidade, que desenvolveu <a href=\"https:\/\/olhardigital.com.br\/tag\/algoritmo\/\">um novo algoritmo de busca<\/a> que exibiu cinco candidatos a corpos planet\u00e1rios \u2014 com um mostrando todos os sinais de um exoplaneta. Os mesmos sinais foram corroborados por diversos telesc\u00f3pios na superf\u00edcie da Terra, confirmando a descoberta.<\/p>\n\n\n\n<div class=\"wp-block-image\"><figure class=\"aligncenter size-large is-resized\"><img loading=\"lazy\" decoding=\"async\" src=\"https:\/\/jornalfatosenoticias.com.br\/wp-content\/uploads\/2020\/02\/banner_ferramentas-1024x100.jpg\" alt=\"\" class=\"wp-image-1258\" width=\"358\" height=\"34\" srcset=\"https:\/\/jornalfatosenoticias.com.br\/wp-content\/uploads\/2020\/02\/banner_ferramentas-1024x100.jpg 1024w, https:\/\/jornalfatosenoticias.com.br\/wp-content\/uploads\/2020\/02\/banner_ferramentas-300x29.jpg 300w, https:\/\/jornalfatosenoticias.com.br\/wp-content\/uploads\/2020\/02\/banner_ferramentas-768x75.jpg 768w, https:\/\/jornalfatosenoticias.com.br\/wp-content\/uploads\/2020\/02\/banner_ferramentas.jpg 1227w\" sizes=\"auto, (max-width: 358px) 100vw, 358px\" \/><\/figure><\/div>\n\n\n\n<blockquote class=\"wp-block-quote is-layout-flow wp-block-quote-is-layout-flow\"><p><span class=\"has-inline-color has-luminous-vivid-orange-color\">\u201cO Kepler n\u00e3o foi desenhado para encontrar planetas por meio da lente gravitacional, ent\u00e3o o fato de ele ter conseguido fazer justamente isso \u00e9 bem espetacular\u201d, disse Kerins, que ressaltou que futuros lan\u00e7amentos, como os telesc\u00f3pios espaciais <a href=\"https:\/\/olhardigital.com.br\/tag\/nancy-grace-roman\/\">Nancy Grace Roman<\/a>\u00a0(<a href=\"https:\/\/olhardigital.com.br\/tag\/nasa\/\">Nasa<\/a>) e\u00a0<a href=\"https:\/\/olhardigital.com.br\/tag\/euclid\/\">Euclid<\/a>\u00a0(<a href=\"https:\/\/olhardigital.com.br\/tag\/esa\/\">ESA<\/a>) \u00e9 quem dever\u00e3o tirar o m\u00e1ximo deste efeito e, consequentemente, nos permitir estudar em maior detalhe esse exoplaneta, al\u00e9m de descobrir milhares de outros.<\/span><\/p><\/blockquote>\n\n\n\n<div class=\"wp-block-image\"><figure class=\"aligncenter size-large is-resized\"><img loading=\"lazy\" decoding=\"async\" src=\"https:\/\/jornalfatosenoticias.com.br\/wp-content\/uploads\/2020\/02\/Serra-Grande-1024x160.png\" alt=\"\" class=\"wp-image-7836\" width=\"295\" height=\"46\"\/><\/figure><\/div>\n\n\n\n<p>Um artigo com a nova descoberta\u00a0<a href=\"https:\/\/arxiv.org\/abs\/2203.16959\">est\u00e1 dispon\u00edvel para pr\u00e9-revis\u00e3o no arXiv<\/a>\u00a0e deve ser publicado no\u00a0<em>Monthly Notices of the Royal Astronomical Society<\/em>\u00a0ap\u00f3s revis\u00e3o.<\/p>\n\n\n\n<p><strong><em>Fonte: <a href=\"https:\/\/olhardigital.com.br\/2022\/04\/05\/ciencia-e-espaco\/irmao-gemeo-de-jupiter-e-descoberto-pelo-finado-telescopio-espacial-kepler\/\">Olhar Digital<\/a><\/em><\/strong><\/p>\n","protected":false},"excerpt":{"rendered":"<p>Apesar de estar tecnicamente \u201cmorto\u201d ap\u00f3s ter parado de operar em 2018, o telesc\u00f3pio espacial Kepler\u00a0continua trabalhando e, desta vez, fez uma descoberta bem interessante: um\u00a0exoplaneta localizado a 17 mil anos-luz da Terra, que astr\u00f4nomos v\u00eam chamando de \u201cirm\u00e3o g\u00eameo de J\u00fapiter\u201d.O exoplaneta em quest\u00e3o foi chamado oficialmente de \u201cK2-2016-BLG-0005Lb\u201d (embora \u201cirm\u00e3o g\u00eameo de J\u00fapiter\u201d [&hellip;]<\/p>\n","protected":false},"author":2,"featured_media":29447,"comment_status":"open","ping_status":"open","sticky":false,"template":"","format":"standard","meta":{"footnotes":""},"categories":[2],"tags":[1444,1745,13985,13986],"class_list":["post-29446","post","type-post","status-publish","format-standard","has-post-thumbnail","hentry","category-ciencia","tag-exoplanetas","tag-jupiter","tag-kepler","tag-telescopio-espacial"],"yoast_head":"<!-- This site is optimized with the Yoast SEO plugin v26.5 - https:\/\/yoast.com\/wordpress\/plugins\/seo\/ -->\n<title>\u201cIrm\u00e3o g\u00eameo\u201d de J\u00fapiter \u00e9 descoberto pelo finado telesc\u00f3pio espacial Kepler - Jornal Fatos e Not\u00edcias<\/title>\n<meta name=\"robots\" content=\"index, follow, max-snippet:-1, max-image-preview:large, max-video-preview:-1\" \/>\n<link rel=\"canonical\" href=\"https:\/\/jornalfatosenoticias.com.br\/index.php\/2022\/04\/05\/irmao-gemeo-de-jupiter-e-descoberto-pelo-finado-telescopio-espacial-kepler\/\" \/>\n<meta property=\"og:locale\" content=\"pt_BR\" \/>\n<meta property=\"og:type\" content=\"article\" \/>\n<meta property=\"og:title\" content=\"\u201cIrm\u00e3o g\u00eameo\u201d de J\u00fapiter \u00e9 descoberto pelo finado telesc\u00f3pio espacial Kepler - Jornal Fatos e Not\u00edcias\" \/>\n<meta property=\"og:description\" content=\"Apesar de estar tecnicamente \u201cmorto\u201d ap\u00f3s ter parado de operar em 2018, o telesc\u00f3pio espacial Kepler\u00a0continua trabalhando e, desta vez, fez uma descoberta bem interessante: um\u00a0exoplaneta localizado a 17 mil anos-luz da Terra, que astr\u00f4nomos v\u00eam chamando de \u201cirm\u00e3o g\u00eameo de J\u00fapiter\u201d.O exoplaneta em quest\u00e3o foi chamado oficialmente de \u201cK2-2016-BLG-0005Lb\u201d (embora \u201cirm\u00e3o g\u00eameo de J\u00fapiter\u201d [&hellip;]\" \/>\n<meta property=\"og:url\" content=\"https:\/\/jornalfatosenoticias.com.br\/index.php\/2022\/04\/05\/irmao-gemeo-de-jupiter-e-descoberto-pelo-finado-telescopio-espacial-kepler\/\" \/>\n<meta property=\"og:site_name\" content=\"Jornal Fatos e Not\u00edcias\" \/>\n<meta property=\"article:published_time\" content=\"2022-04-05T17:58:54+00:00\" \/>\n<meta property=\"article:modified_time\" content=\"2022-04-05T17:58:55+00:00\" \/>\n<meta property=\"og:image\" content=\"https:\/\/jornalfatosenoticias.com.br\/wp-content\/uploads\/2022\/04\/irmao-gemeo-de-jupiter-capa.jpg\" \/>\n\t<meta property=\"og:image:width\" content=\"1000\" \/>\n\t<meta property=\"og:image:height\" content=\"562\" \/>\n\t<meta property=\"og:image:type\" content=\"image\/jpeg\" \/>\n<meta name=\"author\" content=\"Luzimara Fernandes\" \/>\n<meta name=\"twitter:card\" content=\"summary_large_image\" \/>\n<meta name=\"twitter:label1\" content=\"Escrito por\" \/>\n\t<meta name=\"twitter:data1\" content=\"Luzimara Fernandes\" \/>\n\t<meta name=\"twitter:label2\" content=\"Est. tempo de leitura\" \/>\n\t<meta name=\"twitter:data2\" content=\"3 minutos\" \/>\n<script type=\"application\/ld+json\" class=\"yoast-schema-graph\">{\"@context\":\"https:\/\/schema.org\",\"@graph\":[{\"@type\":\"Article\",\"@id\":\"https:\/\/jornalfatosenoticias.com.br\/index.php\/2022\/04\/05\/irmao-gemeo-de-jupiter-e-descoberto-pelo-finado-telescopio-espacial-kepler\/#article\",\"isPartOf\":{\"@id\":\"https:\/\/jornalfatosenoticias.com.br\/index.php\/2022\/04\/05\/irmao-gemeo-de-jupiter-e-descoberto-pelo-finado-telescopio-espacial-kepler\/\"},\"author\":{\"name\":\"Luzimara Fernandes\",\"@id\":\"https:\/\/jornalfatosenoticias.com.br\/#\/schema\/person\/d63837fa13ac8666eb9e74e0985d6f81\"},\"headline\":\"\u201cIrm\u00e3o g\u00eameo\u201d de J\u00fapiter \u00e9 descoberto pelo finado telesc\u00f3pio espacial Kepler\",\"datePublished\":\"2022-04-05T17:58:54+00:00\",\"dateModified\":\"2022-04-05T17:58:55+00:00\",\"mainEntityOfPage\":{\"@id\":\"https:\/\/jornalfatosenoticias.com.br\/index.php\/2022\/04\/05\/irmao-gemeo-de-jupiter-e-descoberto-pelo-finado-telescopio-espacial-kepler\/\"},\"wordCount\":549,\"commentCount\":0,\"publisher\":{\"@id\":\"https:\/\/jornalfatosenoticias.com.br\/#organization\"},\"image\":{\"@id\":\"https:\/\/jornalfatosenoticias.com.br\/index.php\/2022\/04\/05\/irmao-gemeo-de-jupiter-e-descoberto-pelo-finado-telescopio-espacial-kepler\/#primaryimage\"},\"thumbnailUrl\":\"https:\/\/jornalfatosenoticias.com.br\/wp-content\/uploads\/2022\/04\/irmao-gemeo-de-jupiter-capa.jpg\",\"keywords\":[\"exoplanetas\",\"J\u00fapiter\",\"Kepler\",\"telesc\u00f3pio espacial\"],\"articleSection\":[\"Ci\u00eancia\"],\"inLanguage\":\"pt-BR\",\"potentialAction\":[{\"@type\":\"CommentAction\",\"name\":\"Comment\",\"target\":[\"https:\/\/jornalfatosenoticias.com.br\/index.php\/2022\/04\/05\/irmao-gemeo-de-jupiter-e-descoberto-pelo-finado-telescopio-espacial-kepler\/#respond\"]}]},{\"@type\":\"WebPage\",\"@id\":\"https:\/\/jornalfatosenoticias.com.br\/index.php\/2022\/04\/05\/irmao-gemeo-de-jupiter-e-descoberto-pelo-finado-telescopio-espacial-kepler\/\",\"url\":\"https:\/\/jornalfatosenoticias.com.br\/index.php\/2022\/04\/05\/irmao-gemeo-de-jupiter-e-descoberto-pelo-finado-telescopio-espacial-kepler\/\",\"name\":\"\u201cIrm\u00e3o g\u00eameo\u201d de J\u00fapiter \u00e9 descoberto pelo finado telesc\u00f3pio espacial Kepler - Jornal Fatos e Not\u00edcias\",\"isPartOf\":{\"@id\":\"https:\/\/jornalfatosenoticias.com.br\/#website\"},\"primaryImageOfPage\":{\"@id\":\"https:\/\/jornalfatosenoticias.com.br\/index.php\/2022\/04\/05\/irmao-gemeo-de-jupiter-e-descoberto-pelo-finado-telescopio-espacial-kepler\/#primaryimage\"},\"image\":{\"@id\":\"https:\/\/jornalfatosenoticias.com.br\/index.php\/2022\/04\/05\/irmao-gemeo-de-jupiter-e-descoberto-pelo-finado-telescopio-espacial-kepler\/#primaryimage\"},\"thumbnailUrl\":\"https:\/\/jornalfatosenoticias.com.br\/wp-content\/uploads\/2022\/04\/irmao-gemeo-de-jupiter-capa.jpg\",\"datePublished\":\"2022-04-05T17:58:54+00:00\",\"dateModified\":\"2022-04-05T17:58:55+00:00\",\"breadcrumb\":{\"@id\":\"https:\/\/jornalfatosenoticias.com.br\/index.php\/2022\/04\/05\/irmao-gemeo-de-jupiter-e-descoberto-pelo-finado-telescopio-espacial-kepler\/#breadcrumb\"},\"inLanguage\":\"pt-BR\",\"potentialAction\":[{\"@type\":\"ReadAction\",\"target\":[\"https:\/\/jornalfatosenoticias.com.br\/index.php\/2022\/04\/05\/irmao-gemeo-de-jupiter-e-descoberto-pelo-finado-telescopio-espacial-kepler\/\"]}]},{\"@type\":\"ImageObject\",\"inLanguage\":\"pt-BR\",\"@id\":\"https:\/\/jornalfatosenoticias.com.br\/index.php\/2022\/04\/05\/irmao-gemeo-de-jupiter-e-descoberto-pelo-finado-telescopio-espacial-kepler\/#primaryimage\",\"url\":\"https:\/\/jornalfatosenoticias.com.br\/wp-content\/uploads\/2022\/04\/irmao-gemeo-de-jupiter-capa.jpg\",\"contentUrl\":\"https:\/\/jornalfatosenoticias.com.br\/wp-content\/uploads\/2022\/04\/irmao-gemeo-de-jupiter-capa.jpg\",\"width\":1000,\"height\":562},{\"@type\":\"BreadcrumbList\",\"@id\":\"https:\/\/jornalfatosenoticias.com.br\/index.php\/2022\/04\/05\/irmao-gemeo-de-jupiter-e-descoberto-pelo-finado-telescopio-espacial-kepler\/#breadcrumb\",\"itemListElement\":[{\"@type\":\"ListItem\",\"position\":1,\"name\":\"In\u00edcio\",\"item\":\"https:\/\/jornalfatosenoticias.com.br\/\"},{\"@type\":\"ListItem\",\"position\":2,\"name\":\"\u201cIrm\u00e3o g\u00eameo\u201d de J\u00fapiter \u00e9 descoberto pelo finado telesc\u00f3pio espacial Kepler\"}]},{\"@type\":\"WebSite\",\"@id\":\"https:\/\/jornalfatosenoticias.com.br\/#website\",\"url\":\"https:\/\/jornalfatosenoticias.com.br\/\",\"name\":\"Jornal Fatos e Not\u00edcias\",\"description\":\"Not\u00edcias em geral\",\"publisher\":{\"@id\":\"https:\/\/jornalfatosenoticias.com.br\/#organization\"},\"potentialAction\":[{\"@type\":\"SearchAction\",\"target\":{\"@type\":\"EntryPoint\",\"urlTemplate\":\"https:\/\/jornalfatosenoticias.com.br\/?s={search_term_string}\"},\"query-input\":{\"@type\":\"PropertyValueSpecification\",\"valueRequired\":true,\"valueName\":\"search_term_string\"}}],\"inLanguage\":\"pt-BR\"},{\"@type\":\"Organization\",\"@id\":\"https:\/\/jornalfatosenoticias.com.br\/#organization\",\"name\":\"Jornal Fatos e Not\u00edcias\",\"url\":\"https:\/\/jornalfatosenoticias.com.br\/\",\"logo\":{\"@type\":\"ImageObject\",\"inLanguage\":\"pt-BR\",\"@id\":\"https:\/\/jornalfatosenoticias.com.br\/#\/schema\/logo\/image\/\",\"url\":\"https:\/\/jornalfatosenoticias.com.br\/wp-content\/uploads\/2020\/02\/logo120.png\",\"contentUrl\":\"https:\/\/jornalfatosenoticias.com.br\/wp-content\/uploads\/2020\/02\/logo120.png\",\"width\":1227,\"height\":120,\"caption\":\"Jornal Fatos e Not\u00edcias\"},\"image\":{\"@id\":\"https:\/\/jornalfatosenoticias.com.br\/#\/schema\/logo\/image\/\"}},{\"@type\":\"Person\",\"@id\":\"https:\/\/jornalfatosenoticias.com.br\/#\/schema\/person\/d63837fa13ac8666eb9e74e0985d6f81\",\"name\":\"Luzimara Fernandes\",\"image\":{\"@type\":\"ImageObject\",\"inLanguage\":\"pt-BR\",\"@id\":\"https:\/\/jornalfatosenoticias.com.br\/#\/schema\/person\/image\/\",\"url\":\"https:\/\/jornalfatosenoticias.com.br\/wp-content\/uploads\/2025\/05\/EU_portal.jpg\",\"contentUrl\":\"https:\/\/jornalfatosenoticias.com.br\/wp-content\/uploads\/2025\/05\/EU_portal.jpg\",\"caption\":\"Luzimara Fernandes\"},\"description\":\"Jornalista MTB 2358-ES\",\"sameAs\":[\"https:\/\/jornalfatosenoticias.com.br\"],\"url\":\"https:\/\/jornalfatosenoticias.com.br\/index.php\/author\/luzimara\/\"}]}<\/script>\n<!-- \/ Yoast SEO plugin. -->","yoast_head_json":{"title":"\u201cIrm\u00e3o g\u00eameo\u201d de J\u00fapiter \u00e9 descoberto pelo finado telesc\u00f3pio espacial Kepler - Jornal Fatos e Not\u00edcias","robots":{"index":"index","follow":"follow","max-snippet":"max-snippet:-1","max-image-preview":"max-image-preview:large","max-video-preview":"max-video-preview:-1"},"canonical":"https:\/\/jornalfatosenoticias.com.br\/index.php\/2022\/04\/05\/irmao-gemeo-de-jupiter-e-descoberto-pelo-finado-telescopio-espacial-kepler\/","og_locale":"pt_BR","og_type":"article","og_title":"\u201cIrm\u00e3o g\u00eameo\u201d de J\u00fapiter \u00e9 descoberto pelo finado telesc\u00f3pio espacial Kepler - Jornal Fatos e Not\u00edcias","og_description":"Apesar de estar tecnicamente \u201cmorto\u201d ap\u00f3s ter parado de operar em 2018, o telesc\u00f3pio espacial Kepler\u00a0continua trabalhando e, desta vez, fez uma descoberta bem interessante: um\u00a0exoplaneta localizado a 17 mil anos-luz da Terra, que astr\u00f4nomos v\u00eam chamando de \u201cirm\u00e3o g\u00eameo de J\u00fapiter\u201d.O exoplaneta em quest\u00e3o foi chamado oficialmente de \u201cK2-2016-BLG-0005Lb\u201d (embora \u201cirm\u00e3o g\u00eameo de J\u00fapiter\u201d [&hellip;]","og_url":"https:\/\/jornalfatosenoticias.com.br\/index.php\/2022\/04\/05\/irmao-gemeo-de-jupiter-e-descoberto-pelo-finado-telescopio-espacial-kepler\/","og_site_name":"Jornal Fatos e Not\u00edcias","article_published_time":"2022-04-05T17:58:54+00:00","article_modified_time":"2022-04-05T17:58:55+00:00","og_image":[{"width":1000,"height":562,"url":"https:\/\/jornalfatosenoticias.com.br\/wp-content\/uploads\/2022\/04\/irmao-gemeo-de-jupiter-capa.jpg","type":"image\/jpeg"}],"author":"Luzimara Fernandes","twitter_card":"summary_large_image","twitter_misc":{"Escrito por":"Luzimara Fernandes","Est. tempo de leitura":"3 minutos"},"schema":{"@context":"https:\/\/schema.org","@graph":[{"@type":"Article","@id":"https:\/\/jornalfatosenoticias.com.br\/index.php\/2022\/04\/05\/irmao-gemeo-de-jupiter-e-descoberto-pelo-finado-telescopio-espacial-kepler\/#article","isPartOf":{"@id":"https:\/\/jornalfatosenoticias.com.br\/index.php\/2022\/04\/05\/irmao-gemeo-de-jupiter-e-descoberto-pelo-finado-telescopio-espacial-kepler\/"},"author":{"name":"Luzimara Fernandes","@id":"https:\/\/jornalfatosenoticias.com.br\/#\/schema\/person\/d63837fa13ac8666eb9e74e0985d6f81"},"headline":"\u201cIrm\u00e3o g\u00eameo\u201d de J\u00fapiter \u00e9 descoberto pelo finado telesc\u00f3pio espacial Kepler","datePublished":"2022-04-05T17:58:54+00:00","dateModified":"2022-04-05T17:58:55+00:00","mainEntityOfPage":{"@id":"https:\/\/jornalfatosenoticias.com.br\/index.php\/2022\/04\/05\/irmao-gemeo-de-jupiter-e-descoberto-pelo-finado-telescopio-espacial-kepler\/"},"wordCount":549,"commentCount":0,"publisher":{"@id":"https:\/\/jornalfatosenoticias.com.br\/#organization"},"image":{"@id":"https:\/\/jornalfatosenoticias.com.br\/index.php\/2022\/04\/05\/irmao-gemeo-de-jupiter-e-descoberto-pelo-finado-telescopio-espacial-kepler\/#primaryimage"},"thumbnailUrl":"https:\/\/jornalfatosenoticias.com.br\/wp-content\/uploads\/2022\/04\/irmao-gemeo-de-jupiter-capa.jpg","keywords":["exoplanetas","J\u00fapiter","Kepler","telesc\u00f3pio espacial"],"articleSection":["Ci\u00eancia"],"inLanguage":"pt-BR","potentialAction":[{"@type":"CommentAction","name":"Comment","target":["https:\/\/jornalfatosenoticias.com.br\/index.php\/2022\/04\/05\/irmao-gemeo-de-jupiter-e-descoberto-pelo-finado-telescopio-espacial-kepler\/#respond"]}]},{"@type":"WebPage","@id":"https:\/\/jornalfatosenoticias.com.br\/index.php\/2022\/04\/05\/irmao-gemeo-de-jupiter-e-descoberto-pelo-finado-telescopio-espacial-kepler\/","url":"https:\/\/jornalfatosenoticias.com.br\/index.php\/2022\/04\/05\/irmao-gemeo-de-jupiter-e-descoberto-pelo-finado-telescopio-espacial-kepler\/","name":"\u201cIrm\u00e3o g\u00eameo\u201d de J\u00fapiter \u00e9 descoberto pelo finado telesc\u00f3pio espacial Kepler - Jornal Fatos e Not\u00edcias","isPartOf":{"@id":"https:\/\/jornalfatosenoticias.com.br\/#website"},"primaryImageOfPage":{"@id":"https:\/\/jornalfatosenoticias.com.br\/index.php\/2022\/04\/05\/irmao-gemeo-de-jupiter-e-descoberto-pelo-finado-telescopio-espacial-kepler\/#primaryimage"},"image":{"@id":"https:\/\/jornalfatosenoticias.com.br\/index.php\/2022\/04\/05\/irmao-gemeo-de-jupiter-e-descoberto-pelo-finado-telescopio-espacial-kepler\/#primaryimage"},"thumbnailUrl":"https:\/\/jornalfatosenoticias.com.br\/wp-content\/uploads\/2022\/04\/irmao-gemeo-de-jupiter-capa.jpg","datePublished":"2022-04-05T17:58:54+00:00","dateModified":"2022-04-05T17:58:55+00:00","breadcrumb":{"@id":"https:\/\/jornalfatosenoticias.com.br\/index.php\/2022\/04\/05\/irmao-gemeo-de-jupiter-e-descoberto-pelo-finado-telescopio-espacial-kepler\/#breadcrumb"},"inLanguage":"pt-BR","potentialAction":[{"@type":"ReadAction","target":["https:\/\/jornalfatosenoticias.com.br\/index.php\/2022\/04\/05\/irmao-gemeo-de-jupiter-e-descoberto-pelo-finado-telescopio-espacial-kepler\/"]}]},{"@type":"ImageObject","inLanguage":"pt-BR","@id":"https:\/\/jornalfatosenoticias.com.br\/index.php\/2022\/04\/05\/irmao-gemeo-de-jupiter-e-descoberto-pelo-finado-telescopio-espacial-kepler\/#primaryimage","url":"https:\/\/jornalfatosenoticias.com.br\/wp-content\/uploads\/2022\/04\/irmao-gemeo-de-jupiter-capa.jpg","contentUrl":"https:\/\/jornalfatosenoticias.com.br\/wp-content\/uploads\/2022\/04\/irmao-gemeo-de-jupiter-capa.jpg","width":1000,"height":562},{"@type":"BreadcrumbList","@id":"https:\/\/jornalfatosenoticias.com.br\/index.php\/2022\/04\/05\/irmao-gemeo-de-jupiter-e-descoberto-pelo-finado-telescopio-espacial-kepler\/#breadcrumb","itemListElement":[{"@type":"ListItem","position":1,"name":"In\u00edcio","item":"https:\/\/jornalfatosenoticias.com.br\/"},{"@type":"ListItem","position":2,"name":"\u201cIrm\u00e3o g\u00eameo\u201d de J\u00fapiter \u00e9 descoberto pelo finado telesc\u00f3pio espacial Kepler"}]},{"@type":"WebSite","@id":"https:\/\/jornalfatosenoticias.com.br\/#website","url":"https:\/\/jornalfatosenoticias.com.br\/","name":"Jornal Fatos e Not\u00edcias","description":"Not\u00edcias em geral","publisher":{"@id":"https:\/\/jornalfatosenoticias.com.br\/#organization"},"potentialAction":[{"@type":"SearchAction","target":{"@type":"EntryPoint","urlTemplate":"https:\/\/jornalfatosenoticias.com.br\/?s={search_term_string}"},"query-input":{"@type":"PropertyValueSpecification","valueRequired":true,"valueName":"search_term_string"}}],"inLanguage":"pt-BR"},{"@type":"Organization","@id":"https:\/\/jornalfatosenoticias.com.br\/#organization","name":"Jornal Fatos e Not\u00edcias","url":"https:\/\/jornalfatosenoticias.com.br\/","logo":{"@type":"ImageObject","inLanguage":"pt-BR","@id":"https:\/\/jornalfatosenoticias.com.br\/#\/schema\/logo\/image\/","url":"https:\/\/jornalfatosenoticias.com.br\/wp-content\/uploads\/2020\/02\/logo120.png","contentUrl":"https:\/\/jornalfatosenoticias.com.br\/wp-content\/uploads\/2020\/02\/logo120.png","width":1227,"height":120,"caption":"Jornal Fatos e Not\u00edcias"},"image":{"@id":"https:\/\/jornalfatosenoticias.com.br\/#\/schema\/logo\/image\/"}},{"@type":"Person","@id":"https:\/\/jornalfatosenoticias.com.br\/#\/schema\/person\/d63837fa13ac8666eb9e74e0985d6f81","name":"Luzimara Fernandes","image":{"@type":"ImageObject","inLanguage":"pt-BR","@id":"https:\/\/jornalfatosenoticias.com.br\/#\/schema\/person\/image\/","url":"https:\/\/jornalfatosenoticias.com.br\/wp-content\/uploads\/2025\/05\/EU_portal.jpg","contentUrl":"https:\/\/jornalfatosenoticias.com.br\/wp-content\/uploads\/2025\/05\/EU_portal.jpg","caption":"Luzimara Fernandes"},"description":"Jornalista MTB 2358-ES","sameAs":["https:\/\/jornalfatosenoticias.com.br"],"url":"https:\/\/jornalfatosenoticias.com.br\/index.php\/author\/luzimara\/"}]}},"cc_featured_image_caption":{"caption_text":"(Foto: Shutterstock) ","source_text":"","source_url":""},"jetpack_featured_media_url":"https:\/\/jornalfatosenoticias.com.br\/wp-content\/uploads\/2022\/04\/irmao-gemeo-de-jupiter-capa.jpg","_links":{"self":[{"href":"https:\/\/jornalfatosenoticias.com.br\/index.php\/wp-json\/wp\/v2\/posts\/29446","targetHints":{"allow":["GET"]}}],"collection":[{"href":"https:\/\/jornalfatosenoticias.com.br\/index.php\/wp-json\/wp\/v2\/posts"}],"about":[{"href":"https:\/\/jornalfatosenoticias.com.br\/index.php\/wp-json\/wp\/v2\/types\/post"}],"author":[{"embeddable":true,"href":"https:\/\/jornalfatosenoticias.com.br\/index.php\/wp-json\/wp\/v2\/users\/2"}],"replies":[{"embeddable":true,"href":"https:\/\/jornalfatosenoticias.com.br\/index.php\/wp-json\/wp\/v2\/comments?post=29446"}],"version-history":[{"count":0,"href":"https:\/\/jornalfatosenoticias.com.br\/index.php\/wp-json\/wp\/v2\/posts\/29446\/revisions"}],"wp:featuredmedia":[{"embeddable":true,"href":"https:\/\/jornalfatosenoticias.com.br\/index.php\/wp-json\/wp\/v2\/media\/29447"}],"wp:attachment":[{"href":"https:\/\/jornalfatosenoticias.com.br\/index.php\/wp-json\/wp\/v2\/media?parent=29446"}],"wp:term":[{"taxonomy":"category","embeddable":true,"href":"https:\/\/jornalfatosenoticias.com.br\/index.php\/wp-json\/wp\/v2\/categories?post=29446"},{"taxonomy":"post_tag","embeddable":true,"href":"https:\/\/jornalfatosenoticias.com.br\/index.php\/wp-json\/wp\/v2\/tags?post=29446"}],"curies":[{"name":"wp","href":"https:\/\/api.w.org\/{rel}","templated":true}]}}