{"id":29508,"date":"2022-04-07T13:53:48","date_gmt":"2022-04-07T16:53:48","guid":{"rendered":"https:\/\/jornalfatosenoticias.com.br\/?p=29508"},"modified":"2022-04-07T13:53:49","modified_gmt":"2022-04-07T16:53:49","slug":"precisamos-falar-sobre-moise-e-henry-parte-ix","status":"publish","type":"post","link":"https:\/\/jornalfatosenoticias.com.br\/index.php\/2022\/04\/07\/precisamos-falar-sobre-moise-e-henry-parte-ix\/","title":{"rendered":"Precisamos falar sobre Mo\u00efse e Henry \u2014 Parte IX"},"content":{"rendered":"\n<p><em><span class=\"has-inline-color has-black-color\">A revitimiza\u00e7\u00e3o em s\u00e9rie s\u00e3o sequ\u00eancias de \u201csess\u00f5es\u201d onde a crian\u00e7a \u00e9 atirada de novo diante da cena do abuso, e o requinte de crueldade fica por conta da presen\u00e7a do genitor<\/span><\/em><\/p>\n\n\n\n<div class=\"wp-block-image\"><figure class=\"aligncenter size-large is-resized\"><img loading=\"lazy\" decoding=\"async\" src=\"https:\/\/jornalfatosenoticias.com.br\/wp-content\/uploads\/2020\/02\/Serra-Grande-1024x160.png\" alt=\"\" class=\"wp-image-7836\" width=\"353\" height=\"55\"\/><\/figure><\/div>\n\n\n\n<p>O que leva um Magistrado a se recusar a ver uma m\u00eddia registrada por uma entrevista forense, seguindo a Metodologia da Lei, em vigor desde 2017, dizendo-se \u201cdescrente\u201d no Profissional capacitado para tal procedimento. Vale ressaltar que este <em><strong><span class=\"has-inline-color has-black-color\">Profissional \u00e9 do Servi\u00e7o P\u00fablico.<\/span><\/strong><\/em> Ju\u00edzes e Ju\u00edzas chegam a afirmar e escrever que s\u00f3 acreditam em laudo de \u201cPsic\u00f3loga da sua confian\u00e7a\u201d. N\u00e3o s\u00e3o de confian\u00e7a os servidores p\u00fablicos concursados? Assim, \u00e9 promovida uma revitimiza\u00e7\u00e3o em s\u00e9rie. S\u00e3o sequ\u00eancias de \u201csess\u00f5es\u201d onde a crian\u00e7a \u00e9 atirada de novo diante da cena do abuso, e o requinte de crueldade fica por conta da presen\u00e7a do genitor, em acarea\u00e7\u00e3o, de participa\u00e7\u00e3o com total liberdade, at\u00e9 para oferecer doces, mimos, e presentes para a Crian\u00e7a. A acarea\u00e7\u00e3o usada por todos os que fazem o chamado \u201claudo psicossocial\u201d, hoje j\u00e1 estendido para um estudo \u201cbiopsicossocial\u201d, para dar um ar de que seria multiprofissional, \u00e9 um crime de tortura para a Crian\u00e7a. Repetir o relato das pr\u00e1ticas de abuso de frente para o abusador \u00e9 mais um trauma para a Crian\u00e7a. E ainda encontramos psic\u00f3logas que n\u00e3o se contentam com as palavras e exigem que o menino, a menina, demonstre como o pai fazia, e n\u00e3o serve demonstra\u00e7\u00e3o por cima da roupa, empurrando a Crian\u00e7a, vulner\u00e1vel, para o abismo da revitimiza\u00e7\u00e3o, fazendo com que ela mesma tenha a experi\u00eancia de se autoabusar ao se confrontar, repetidamente, \u00e0s imagens traum\u00e1ticas que viveu. E essa barb\u00e1rie vai se transformar em frases afirmativas: \u201cN\u00e3o houve abuso sexual pelo pai, \u00e9 aliena\u00e7\u00e3o parental da m\u00e3e\u201d. Ou: \u201cA Crian\u00e7a tem a viv\u00eancia do abuso, mas a m\u00e3e deve ser afastada porque acreditou na Crian\u00e7a, reverta-se a guarda e afaste-se a m\u00e3e\u201d. Ou ainda: \u201c\u00c9 implanta\u00e7\u00e3o de falsas mem\u00f3rias feita pela m\u00e3e, n\u00e3o houve abuso, a m\u00e3e \u00e9 alienadora\u201d.<\/p>\n\n\n\n<div class=\"wp-block-image\"><figure class=\"aligncenter size-large is-resized\"><img loading=\"lazy\" decoding=\"async\" src=\"https:\/\/jornalfatosenoticias.com.br\/wp-content\/uploads\/2022\/02\/Serra-Pack-459.png\" alt=\"\" class=\"wp-image-27471\" width=\"333\" height=\"133\"\/><\/figure><\/div>\n\n\n\n<figure class=\"wp-block-image size-large\"><img loading=\"lazy\" decoding=\"async\" width=\"1000\" height=\"880\" src=\"https:\/\/jornalfatosenoticias.com.br\/wp-content\/uploads\/2022\/04\/ABUSADOR_BALA.jpg\" alt=\"\" class=\"wp-image-29509\" srcset=\"https:\/\/jornalfatosenoticias.com.br\/wp-content\/uploads\/2022\/04\/ABUSADOR_BALA.jpg 1000w, https:\/\/jornalfatosenoticias.com.br\/wp-content\/uploads\/2022\/04\/ABUSADOR_BALA-300x264.jpg 300w, https:\/\/jornalfatosenoticias.com.br\/wp-content\/uploads\/2022\/04\/ABUSADOR_BALA-768x676.jpg 768w\" sizes=\"auto, (max-width: 1000px) 100vw, 1000px\" \/><figcaption><em><span class=\"has-inline-color has-black-color\">Presen\u00e7a do genitor, em acarea\u00e7\u00e3o, de participa\u00e7\u00e3o com total liberdade, at\u00e9 para oferecer doces, mimos, e presentes para a Crian\u00e7a (Imagem: Pinterest)<\/span><\/em><\/figcaption><\/figure>\n\n\n\n<p>Esta \u00e9 uma barb\u00e1rie que aniquila nossas Crian\u00e7as v\u00edtimas de viola\u00e7\u00e3o de seus corpinhos ainda pequenos. Os laudos s\u00e3o emitidos com essas afirma\u00e7\u00f5es levianas e irrespons\u00e1veis. Se a Crian\u00e7a tem a viv\u00eancia \u00e9 porque <em><strong><span class=\"has-inline-color has-black-color\">viveu a situa\u00e7\u00e3o, <\/span><\/strong><\/em>mas a m\u00e3e deve ser afastada e perder a guarda porque <strong><em><span class=\"has-inline-color has-black-color\">acreditou na Crian\u00e7a. <\/span><\/em><\/strong>Onde est\u00e1 escrito e provado que acreditar na Crian\u00e7a se torna uma terr\u00edvel amea\u00e7a \u00e0 integridade do Filho ou Filha, a tal ponto que deve ficar proibida por completo de qualquer aproxima\u00e7\u00e3o? A desonestidade intelectual e profissional chega a fabricar \u201claudos fantasmas\u201d, ou seja, laudos onde psic\u00f3logas afirmam essas quase senten\u00e7as jur\u00eddicas com a desclassifica\u00e7\u00e3o da voz da Crian\u00e7a em seu relato de abuso e com atribui\u00e7\u00e3o <em><strong><span class=\"has-inline-color has-black-color\">indevida<\/span><\/strong><\/em> de quadros psiqui\u00e1tricos severos da m\u00e3e. Al\u00e9m de \u201calienadoras\u201d, recebem diagn\u00f3sticos de esquizofr\u00eanicas, delirantes, depressivas, perseguidas, narcisistas, etc., sem autoriza\u00e7\u00e3o pelo C\u00f3digo Profissional, e sem nunca ter visto essa m\u00e3e. Apenas o detalhe que a \u201cperita\u201d nunca viu a Crian\u00e7a, e nunca viu a m\u00e3e. D.A.D., diagn\u00f3stico \u00e0 dist\u00e2ncia. Mas, a Douta Psic\u00f3loga sabe que \u00e9 tudo aliena\u00e7\u00e3o parental. Ela \u00e9 acreditada pelo Ju\u00edzo, de maneira absoluta. Lembrando que Psic\u00f3logos n\u00e3o est\u00e3o autorizados a dar diagn\u00f3stico psiqui\u00e1trico, e menos ainda sem nunca ter visto a pessoa. \u201cCrente\u201d ou \u201cdescrente\u201d no que deveria ser um documento objetivo e contest\u00e1vel, e, n\u00e3o opinativo e interpretativo, baseado numa cren\u00e7a. <\/p>\n\n\n\n<div class=\"wp-block-image\"><figure class=\"alignleft size-large is-resized\"><img loading=\"lazy\" decoding=\"async\" src=\"https:\/\/jornalfatosenoticias.com.br\/wp-content\/uploads\/2022\/03\/logo-Suinco-1024x390.jpg\" alt=\"\" class=\"wp-image-28785\" width=\"331\" height=\"125\"\/><\/figure><\/div>\n\n\n\n<p>Escutar o relato de uma Crian\u00e7a, que em sua linguagem et\u00e1ria, com coer\u00eancia et\u00e1ria, com seu n\u00edvel et\u00e1rio de conhecimento, \u00e9 de clareza rara, pois \u00e9 uma obra da l\u00f3gica, deveria ser tarefa a ser cumprida por profissionais que se capacitaram para tal. No entanto, encontramos profissionais que atribuem \u00e0 Crian\u00e7a \u201cproezas\u201d cognitivas inimagin\u00e1veis, para induzir o Ju\u00edzo ao erro. \u00c9 como se afirmassem que para elas, e s\u00f3 para elas, um beb\u00ea de seis meses tivesse executado uma corrida de obst\u00e1culos em pista de atletismo. Ele ainda n\u00e3o adquiriu a marcha, mas lhe \u00e9 atribu\u00edda a proeza de uma corrida de obst\u00e1culos em pista oficial. Algu\u00e9m repara nesse absurdo?<\/p>\n\n\n\n<figure class=\"wp-block-image size-large\"><img loading=\"lazy\" decoding=\"async\" width=\"1000\" height=\"589\" src=\"https:\/\/jornalfatosenoticias.com.br\/wp-content\/uploads\/2022\/04\/abuso-infantil1.jpg\" alt=\"\" class=\"wp-image-29510\" srcset=\"https:\/\/jornalfatosenoticias.com.br\/wp-content\/uploads\/2022\/04\/abuso-infantil1.jpg 1000w, https:\/\/jornalfatosenoticias.com.br\/wp-content\/uploads\/2022\/04\/abuso-infantil1-300x177.jpg 300w, https:\/\/jornalfatosenoticias.com.br\/wp-content\/uploads\/2022\/04\/abuso-infantil1-768x452.jpg 768w\" sizes=\"auto, (max-width: 1000px) 100vw, 1000px\" \/><figcaption><em><span class=\"has-inline-color has-black-color\">Ilustra\u00e7\u00e3o de den\u00fancias de viol\u00eancia contra crian\u00e7as e adolescentes (Imagem: Luiza Pannunzio)<\/span><\/em><\/figcaption><\/figure>\n\n\n\n<div class=\"wp-block-image\"><figure class=\"alignright size-large\"><img loading=\"lazy\" decoding=\"async\" width=\"300\" height=\"250\" src=\"https:\/\/jornalfatosenoticias.com.br\/wp-content\/uploads\/2022\/02\/Banner-2.png\" alt=\"\" class=\"wp-image-27877\"\/><\/figure><\/div>\n\n\n\n<p>Como j\u00e1 falei em outras ocasi\u00f5es, e volto a repetir, uma Crian\u00e7a n\u00e3o pode descrever com imagens e linguagem de sua idade a ere\u00e7\u00e3o e a ejacula\u00e7\u00e3o de um homem adulto, se ela n\u00e3o passou pela experi\u00eancia concreta desse conhecimento. Para uma crian\u00e7a de tr\u00eas, quatro, cinco, seis anos, o p\u00eanis s\u00f3 serve para eliminar a urina. \u00c9 desconhecido para ela que esse p\u00eanis tenha outras caracter\u00edsticas, fun\u00e7\u00f5es, e assuma outros formatos. Como conseguir que uma Crian\u00e7a de quatro anos descreva o \u201cpiupiu grande que sai uma gosma branca\u201d, que ele\/ela desenhe esse piupiu pingando em ere\u00e7\u00e3o, que ele\/ela encene com os bonecos beijos de l\u00edngua e uma cena de sexo oral? Se assim fosse poss\u00edvel, a tal implanta\u00e7\u00e3o de falsas mem\u00f3rias nessa extens\u00e3o toda, palavras, representa\u00e7\u00e3o gr\u00e1fica, representa\u00e7\u00e3o de cena, certamente, essa Crian\u00e7a estaria apta a demonstrar o teorema de Pit\u00e1goras.<br>Apedeutas? N\u00e3o s\u00e3o. N\u00e3o ignoram esse conhecimento. Usam muito bem os conte\u00fados dos conceitos da Psicologia, mas com distor\u00e7\u00f5es perversas, manipula\u00e7\u00f5es, e sem nenhum compromisso com a sustenta\u00e7\u00e3o te\u00f3rica, nem mesmo com a realidade, com o bom senso. H\u00e1 intencionalidade em prop\u00f3sito desviado. H\u00e1 monetiza\u00e7\u00e3o compartilhada por grupos que misturam operadores de justi\u00e7a de todos os n\u00edveis e peritos, em conv\u00edvio social e profissional intenso, incluindo nepotismo e suspei\u00e7\u00e3o.<br>As den\u00fancias sobre os desvios de prop\u00f3sito, raramente, evoluem nos \u00f3rg\u00e3os competentes. Na maioria das vezes, elas s\u00e3o arquivadas porque recaem no que os Conselhos entendem como \u201cuma pessoa de not\u00f3rio saber\u201d. Pessoas com essa \u201cclassifica\u00e7\u00e3o\u201d, por exemplo, espalham uma afirma\u00e7\u00e3o de que 80% das den\u00fancias de abuso sexual intrafamiliar s\u00e3o falsas. Um dia, uma \u201cpessoa de not\u00f3rio saber\u201d somou os laudos de um F\u00f3rum de uma cidade, todos feitos por ela e pela equipe que chefiava, e jogou na calculadora, obtendo esse incr\u00edvel \u00edndice de 80% de falsas den\u00fancias. N\u00e3o houve nenhum crit\u00e9rio, minimamente, objetiv\u00e1vel para fazer essa afirma\u00e7\u00e3o. Mas, como j\u00e1 falava Goebbels, na Alemanha de Hitler, uma mentira dita cem vezes passa a ser verdade. E, verdade dogm\u00e1tica, incontest\u00e1vel.<\/p>\n\n\n\n<div class=\"wp-block-image\"><figure class=\"aligncenter size-large is-resized\"><img loading=\"lazy\" decoding=\"async\" src=\"https:\/\/jornalfatosenoticias.com.br\/wp-content\/uploads\/2022\/02\/Precisao-Contabilidade-1024x724.jpg\" alt=\"\" class=\"wp-image-28088\" width=\"296\" height=\"209\"\/><\/figure><\/div>\n\n\n\n<figure class=\"wp-block-image size-large\"><img loading=\"lazy\" decoding=\"async\" width=\"1000\" height=\"666\" src=\"https:\/\/jornalfatosenoticias.com.br\/wp-content\/uploads\/2022\/04\/Ilustracao-denuncias-de-violencia-contra-criancas-e-adolescentes.jpg\" alt=\"\" class=\"wp-image-29511\" srcset=\"https:\/\/jornalfatosenoticias.com.br\/wp-content\/uploads\/2022\/04\/Ilustracao-denuncias-de-violencia-contra-criancas-e-adolescentes.jpg 1000w, https:\/\/jornalfatosenoticias.com.br\/wp-content\/uploads\/2022\/04\/Ilustracao-denuncias-de-violencia-contra-criancas-e-adolescentes-300x200.jpg 300w, https:\/\/jornalfatosenoticias.com.br\/wp-content\/uploads\/2022\/04\/Ilustracao-denuncias-de-violencia-contra-criancas-e-adolescentes-768x511.jpg 768w\" sizes=\"auto, (max-width: 1000px) 100vw, 1000px\" \/><\/figure>\n\n\n\n<div class=\"wp-block-image\"><figure class=\"aligncenter size-large is-resized\"><img loading=\"lazy\" decoding=\"async\" src=\"https:\/\/jornalfatosenoticias.com.br\/wp-content\/uploads\/2020\/02\/Logo-Mizu-segunda-2-1024x99.png\" alt=\"\" class=\"wp-image-2353\" width=\"415\" height=\"40\" srcset=\"https:\/\/jornalfatosenoticias.com.br\/wp-content\/uploads\/2020\/02\/Logo-Mizu-segunda-2-1024x99.png 1024w, https:\/\/jornalfatosenoticias.com.br\/wp-content\/uploads\/2020\/02\/Logo-Mizu-segunda-2-300x29.png 300w, https:\/\/jornalfatosenoticias.com.br\/wp-content\/uploads\/2020\/02\/Logo-Mizu-segunda-2-768x74.png 768w, https:\/\/jornalfatosenoticias.com.br\/wp-content\/uploads\/2020\/02\/Logo-Mizu-segunda-2.png 1240w\" sizes=\"auto, (max-width: 415px) 100vw, 415px\" \/><\/figure><\/div>\n\n\n\n<p>Assim, nesse combo de barb\u00e1rie contra a Crian\u00e7a, temos agora o nascedouro de uma nova especializa\u00e7\u00e3o de psic\u00f3loga: a <em><strong><span class=\"has-inline-color has-black-color\">Reprogramadora. <\/span><\/strong><\/em>Sim, ela ir\u00e1 <em><strong><span class=\"has-inline-color has-black-color\">reprogramar a mente da Crian\u00e7a que alegou ter sido abusada pelo pai.<\/span><\/strong><\/em> Como se uma m\u00e1quina tecnol\u00f3gica fosse, e n\u00e3o um Sujeito de Direitos, a Crian\u00e7a ser\u00e1 submetida a um trabalho de convencimento de que aquilo que ela passou nunca existiu. Ou seja, ela ser\u00e1 descreditada, repetidamente, no seu relato das pr\u00e1ticas de abuso, e haver\u00e1 uma massiva introdu\u00e7\u00e3o de uma distor\u00e7\u00e3o dos fatos, de cenas similares que trar\u00e3o a confus\u00e3o para seu pensamento, e da\u00ed ao auto descr\u00e9dito \u00e9 um pulo. Esse projeto de interfer\u00eancia ps\u00edquica conta com uma ajuda dos mecanismos de defesa normais da mente da Crian\u00e7a para a sobreviv\u00eancia ps\u00edquica, que, em se vendo entregue ao seu abusador e proibido do conv\u00edvio com a m\u00e3e que buscou prote\u00e7\u00e3o, a Crian\u00e7a desiste e, quase todas nessa situa\u00e7\u00e3o, buscam uma retrata\u00e7\u00e3o, o autodesmentido para apaziguar sua mente, se esfor\u00e7ando para esquecer os epis\u00f3dios de viola\u00e7\u00e3o. E \u00e9 operada a adapta\u00e7\u00e3o \u00e0 tortura. Assim, mais uma vez, a Ci\u00eancia \u00e9 usada de maneira perversa, \u00e9 transformada em arma.<\/p>\n\n\n\n<div class=\"wp-block-image\"><figure class=\"aligncenter size-large is-resized\"><img loading=\"lazy\" decoding=\"async\" src=\"https:\/\/jornalfatosenoticias.com.br\/wp-content\/uploads\/2020\/02\/banner_ferramentas-1024x100.jpg\" alt=\"\" class=\"wp-image-1258\" width=\"431\" height=\"41\" srcset=\"https:\/\/jornalfatosenoticias.com.br\/wp-content\/uploads\/2020\/02\/banner_ferramentas-1024x100.jpg 1024w, https:\/\/jornalfatosenoticias.com.br\/wp-content\/uploads\/2020\/02\/banner_ferramentas-300x29.jpg 300w, https:\/\/jornalfatosenoticias.com.br\/wp-content\/uploads\/2020\/02\/banner_ferramentas-768x75.jpg 768w, https:\/\/jornalfatosenoticias.com.br\/wp-content\/uploads\/2020\/02\/banner_ferramentas.jpg 1227w\" sizes=\"auto, (max-width: 431px) 100vw, 431px\" \/><\/figure><\/div>\n","protected":false},"excerpt":{"rendered":"<p>A revitimiza\u00e7\u00e3o em s\u00e9rie s\u00e3o sequ\u00eancias de \u201csess\u00f5es\u201d onde a crian\u00e7a \u00e9 atirada de novo diante da cena do abuso, e o requinte de crueldade fica por conta da presen\u00e7a do genitor O que leva um Magistrado a se recusar a ver uma m\u00eddia registrada por uma entrevista forense, seguindo a Metodologia da Lei, em [&hellip;]<\/p>\n","protected":false},"author":8,"featured_media":29511,"comment_status":"open","ping_status":"open","sticky":false,"template":"","format":"standard","meta":{"footnotes":""},"categories":[2522],"tags":[2768,4400,2811,1317,14017,14018,8655],"class_list":["post-29508","post","type-post","status-publish","format-standard","has-post-thumbnail","hentry","category-comportamento","tag-abuso-sexual","tag-abuso-sexual-infantil","tag-adolescentes","tag-crianca","tag-depoimento-sem-dano","tag-interdisciplinaridade","tag-revitimizacao"],"yoast_head":"<!-- This site is optimized with the Yoast SEO plugin v26.5 - https:\/\/yoast.com\/wordpress\/plugins\/seo\/ -->\n<title>Precisamos falar sobre Mo\u00efse e Henry \u2014 Parte IX - Jornal Fatos e Not\u00edcias<\/title>\n<meta name=\"robots\" content=\"index, follow, max-snippet:-1, max-image-preview:large, max-video-preview:-1\" \/>\n<link rel=\"canonical\" href=\"https:\/\/jornalfatosenoticias.com.br\/index.php\/2022\/04\/07\/precisamos-falar-sobre-moise-e-henry-parte-ix\/\" \/>\n<meta property=\"og:locale\" content=\"pt_BR\" \/>\n<meta property=\"og:type\" content=\"article\" \/>\n<meta property=\"og:title\" content=\"Precisamos falar sobre Mo\u00efse e Henry \u2014 Parte IX - Jornal Fatos e Not\u00edcias\" \/>\n<meta property=\"og:description\" content=\"A revitimiza\u00e7\u00e3o em s\u00e9rie s\u00e3o sequ\u00eancias de \u201csess\u00f5es\u201d onde a crian\u00e7a \u00e9 atirada de novo diante da cena do abuso, e o requinte de crueldade fica por conta da presen\u00e7a do genitor O que leva um Magistrado a se recusar a ver uma m\u00eddia registrada por uma entrevista forense, seguindo a Metodologia da Lei, em [&hellip;]\" \/>\n<meta property=\"og:url\" content=\"https:\/\/jornalfatosenoticias.com.br\/index.php\/2022\/04\/07\/precisamos-falar-sobre-moise-e-henry-parte-ix\/\" \/>\n<meta property=\"og:site_name\" content=\"Jornal Fatos e Not\u00edcias\" \/>\n<meta property=\"article:published_time\" content=\"2022-04-07T16:53:48+00:00\" \/>\n<meta property=\"article:modified_time\" content=\"2022-04-07T16:53:49+00:00\" \/>\n<meta property=\"og:image\" content=\"https:\/\/jornalfatosenoticias.com.br\/wp-content\/uploads\/2022\/04\/Ilustracao-denuncias-de-violencia-contra-criancas-e-adolescentes.jpg\" \/>\n\t<meta property=\"og:image:width\" content=\"1000\" \/>\n\t<meta property=\"og:image:height\" content=\"666\" \/>\n\t<meta property=\"og:image:type\" content=\"image\/jpeg\" \/>\n<meta name=\"author\" content=\"Ana Maria Iencarelli\" \/>\n<meta name=\"twitter:card\" content=\"summary_large_image\" \/>\n<meta name=\"twitter:label1\" content=\"Escrito por\" \/>\n\t<meta name=\"twitter:data1\" content=\"Ana Maria Iencarelli\" \/>\n\t<meta name=\"twitter:label2\" content=\"Est. tempo de leitura\" \/>\n\t<meta name=\"twitter:data2\" content=\"7 minutos\" \/>\n<script type=\"application\/ld+json\" class=\"yoast-schema-graph\">{\"@context\":\"https:\/\/schema.org\",\"@graph\":[{\"@type\":\"Article\",\"@id\":\"https:\/\/jornalfatosenoticias.com.br\/index.php\/2022\/04\/07\/precisamos-falar-sobre-moise-e-henry-parte-ix\/#article\",\"isPartOf\":{\"@id\":\"https:\/\/jornalfatosenoticias.com.br\/index.php\/2022\/04\/07\/precisamos-falar-sobre-moise-e-henry-parte-ix\/\"},\"author\":{\"name\":\"Ana Maria Iencarelli\",\"@id\":\"https:\/\/jornalfatosenoticias.com.br\/#\/schema\/person\/c33fcf5fb02d729d3fec92c6737a22d1\"},\"headline\":\"Precisamos falar sobre Mo\u00efse e Henry \u2014 Parte IX\",\"datePublished\":\"2022-04-07T16:53:48+00:00\",\"dateModified\":\"2022-04-07T16:53:49+00:00\",\"mainEntityOfPage\":{\"@id\":\"https:\/\/jornalfatosenoticias.com.br\/index.php\/2022\/04\/07\/precisamos-falar-sobre-moise-e-henry-parte-ix\/\"},\"wordCount\":1419,\"commentCount\":0,\"publisher\":{\"@id\":\"https:\/\/jornalfatosenoticias.com.br\/#organization\"},\"image\":{\"@id\":\"https:\/\/jornalfatosenoticias.com.br\/index.php\/2022\/04\/07\/precisamos-falar-sobre-moise-e-henry-parte-ix\/#primaryimage\"},\"thumbnailUrl\":\"https:\/\/jornalfatosenoticias.com.br\/wp-content\/uploads\/2022\/04\/Ilustracao-denuncias-de-violencia-contra-criancas-e-adolescentes.jpg\",\"keywords\":[\"abuso sexual\",\"abuso sexual infantil\",\"adolescentes\",\"crian\u00e7a\",\"Depoimento sem Dano\",\"interdisciplinaridade\",\"revitimiza\u00e7\u00e3o\"],\"articleSection\":[\"Comportamento &amp; Equil\u00edbrio\"],\"inLanguage\":\"pt-BR\",\"potentialAction\":[{\"@type\":\"CommentAction\",\"name\":\"Comment\",\"target\":[\"https:\/\/jornalfatosenoticias.com.br\/index.php\/2022\/04\/07\/precisamos-falar-sobre-moise-e-henry-parte-ix\/#respond\"]}]},{\"@type\":\"WebPage\",\"@id\":\"https:\/\/jornalfatosenoticias.com.br\/index.php\/2022\/04\/07\/precisamos-falar-sobre-moise-e-henry-parte-ix\/\",\"url\":\"https:\/\/jornalfatosenoticias.com.br\/index.php\/2022\/04\/07\/precisamos-falar-sobre-moise-e-henry-parte-ix\/\",\"name\":\"Precisamos falar sobre Mo\u00efse e Henry \u2014 Parte IX - Jornal Fatos e Not\u00edcias\",\"isPartOf\":{\"@id\":\"https:\/\/jornalfatosenoticias.com.br\/#website\"},\"primaryImageOfPage\":{\"@id\":\"https:\/\/jornalfatosenoticias.com.br\/index.php\/2022\/04\/07\/precisamos-falar-sobre-moise-e-henry-parte-ix\/#primaryimage\"},\"image\":{\"@id\":\"https:\/\/jornalfatosenoticias.com.br\/index.php\/2022\/04\/07\/precisamos-falar-sobre-moise-e-henry-parte-ix\/#primaryimage\"},\"thumbnailUrl\":\"https:\/\/jornalfatosenoticias.com.br\/wp-content\/uploads\/2022\/04\/Ilustracao-denuncias-de-violencia-contra-criancas-e-adolescentes.jpg\",\"datePublished\":\"2022-04-07T16:53:48+00:00\",\"dateModified\":\"2022-04-07T16:53:49+00:00\",\"breadcrumb\":{\"@id\":\"https:\/\/jornalfatosenoticias.com.br\/index.php\/2022\/04\/07\/precisamos-falar-sobre-moise-e-henry-parte-ix\/#breadcrumb\"},\"inLanguage\":\"pt-BR\",\"potentialAction\":[{\"@type\":\"ReadAction\",\"target\":[\"https:\/\/jornalfatosenoticias.com.br\/index.php\/2022\/04\/07\/precisamos-falar-sobre-moise-e-henry-parte-ix\/\"]}]},{\"@type\":\"ImageObject\",\"inLanguage\":\"pt-BR\",\"@id\":\"https:\/\/jornalfatosenoticias.com.br\/index.php\/2022\/04\/07\/precisamos-falar-sobre-moise-e-henry-parte-ix\/#primaryimage\",\"url\":\"https:\/\/jornalfatosenoticias.com.br\/wp-content\/uploads\/2022\/04\/Ilustracao-denuncias-de-violencia-contra-criancas-e-adolescentes.jpg\",\"contentUrl\":\"https:\/\/jornalfatosenoticias.com.br\/wp-content\/uploads\/2022\/04\/Ilustracao-denuncias-de-violencia-contra-criancas-e-adolescentes.jpg\",\"width\":1000,\"height\":666},{\"@type\":\"BreadcrumbList\",\"@id\":\"https:\/\/jornalfatosenoticias.com.br\/index.php\/2022\/04\/07\/precisamos-falar-sobre-moise-e-henry-parte-ix\/#breadcrumb\",\"itemListElement\":[{\"@type\":\"ListItem\",\"position\":1,\"name\":\"In\u00edcio\",\"item\":\"https:\/\/jornalfatosenoticias.com.br\/\"},{\"@type\":\"ListItem\",\"position\":2,\"name\":\"Precisamos falar sobre Mo\u00efse e Henry \u2014 Parte IX\"}]},{\"@type\":\"WebSite\",\"@id\":\"https:\/\/jornalfatosenoticias.com.br\/#website\",\"url\":\"https:\/\/jornalfatosenoticias.com.br\/\",\"name\":\"Jornal Fatos e Not\u00edcias\",\"description\":\"Not\u00edcias em geral\",\"publisher\":{\"@id\":\"https:\/\/jornalfatosenoticias.com.br\/#organization\"},\"potentialAction\":[{\"@type\":\"SearchAction\",\"target\":{\"@type\":\"EntryPoint\",\"urlTemplate\":\"https:\/\/jornalfatosenoticias.com.br\/?s={search_term_string}\"},\"query-input\":{\"@type\":\"PropertyValueSpecification\",\"valueRequired\":true,\"valueName\":\"search_term_string\"}}],\"inLanguage\":\"pt-BR\"},{\"@type\":\"Organization\",\"@id\":\"https:\/\/jornalfatosenoticias.com.br\/#organization\",\"name\":\"Jornal Fatos e Not\u00edcias\",\"url\":\"https:\/\/jornalfatosenoticias.com.br\/\",\"logo\":{\"@type\":\"ImageObject\",\"inLanguage\":\"pt-BR\",\"@id\":\"https:\/\/jornalfatosenoticias.com.br\/#\/schema\/logo\/image\/\",\"url\":\"https:\/\/jornalfatosenoticias.com.br\/wp-content\/uploads\/2020\/02\/logo120.png\",\"contentUrl\":\"https:\/\/jornalfatosenoticias.com.br\/wp-content\/uploads\/2020\/02\/logo120.png\",\"width\":1227,\"height\":120,\"caption\":\"Jornal Fatos e Not\u00edcias\"},\"image\":{\"@id\":\"https:\/\/jornalfatosenoticias.com.br\/#\/schema\/logo\/image\/\"}},{\"@type\":\"Person\",\"@id\":\"https:\/\/jornalfatosenoticias.com.br\/#\/schema\/person\/c33fcf5fb02d729d3fec92c6737a22d1\",\"name\":\"Ana Maria Iencarelli\",\"image\":{\"@type\":\"ImageObject\",\"inLanguage\":\"pt-BR\",\"@id\":\"https:\/\/jornalfatosenoticias.com.br\/#\/schema\/person\/image\/\",\"url\":\"https:\/\/jornalfatosenoticias.com.br\/wp-content\/uploads\/2020\/02\/Ana-Maria-Iencarelli-1-150x150.jpg\",\"contentUrl\":\"https:\/\/jornalfatosenoticias.com.br\/wp-content\/uploads\/2020\/02\/Ana-Maria-Iencarelli-1-150x150.jpg\",\"caption\":\"Ana Maria Iencarelli\"},\"description\":\"Psicanalista Cl\u00ednica, especializada no atendimento a Crian\u00e7as e Adolescentes. Presidente da ONG Vozes de Anjos.\",\"url\":\"https:\/\/jornalfatosenoticias.com.br\/index.php\/author\/anamaria\/\"}]}<\/script>\n<!-- \/ Yoast SEO plugin. -->","yoast_head_json":{"title":"Precisamos falar sobre Mo\u00efse e Henry \u2014 Parte IX - Jornal Fatos e Not\u00edcias","robots":{"index":"index","follow":"follow","max-snippet":"max-snippet:-1","max-image-preview":"max-image-preview:large","max-video-preview":"max-video-preview:-1"},"canonical":"https:\/\/jornalfatosenoticias.com.br\/index.php\/2022\/04\/07\/precisamos-falar-sobre-moise-e-henry-parte-ix\/","og_locale":"pt_BR","og_type":"article","og_title":"Precisamos falar sobre Mo\u00efse e Henry \u2014 Parte IX - Jornal Fatos e Not\u00edcias","og_description":"A revitimiza\u00e7\u00e3o em s\u00e9rie s\u00e3o sequ\u00eancias de \u201csess\u00f5es\u201d onde a crian\u00e7a \u00e9 atirada de novo diante da cena do abuso, e o requinte de crueldade fica por conta da presen\u00e7a do genitor O que leva um Magistrado a se recusar a ver uma m\u00eddia registrada por uma entrevista forense, seguindo a Metodologia da Lei, em [&hellip;]","og_url":"https:\/\/jornalfatosenoticias.com.br\/index.php\/2022\/04\/07\/precisamos-falar-sobre-moise-e-henry-parte-ix\/","og_site_name":"Jornal Fatos e Not\u00edcias","article_published_time":"2022-04-07T16:53:48+00:00","article_modified_time":"2022-04-07T16:53:49+00:00","og_image":[{"width":1000,"height":666,"url":"https:\/\/jornalfatosenoticias.com.br\/wp-content\/uploads\/2022\/04\/Ilustracao-denuncias-de-violencia-contra-criancas-e-adolescentes.jpg","type":"image\/jpeg"}],"author":"Ana Maria Iencarelli","twitter_card":"summary_large_image","twitter_misc":{"Escrito por":"Ana Maria Iencarelli","Est. tempo de leitura":"7 minutos"},"schema":{"@context":"https:\/\/schema.org","@graph":[{"@type":"Article","@id":"https:\/\/jornalfatosenoticias.com.br\/index.php\/2022\/04\/07\/precisamos-falar-sobre-moise-e-henry-parte-ix\/#article","isPartOf":{"@id":"https:\/\/jornalfatosenoticias.com.br\/index.php\/2022\/04\/07\/precisamos-falar-sobre-moise-e-henry-parte-ix\/"},"author":{"name":"Ana Maria Iencarelli","@id":"https:\/\/jornalfatosenoticias.com.br\/#\/schema\/person\/c33fcf5fb02d729d3fec92c6737a22d1"},"headline":"Precisamos falar sobre Mo\u00efse e Henry \u2014 Parte IX","datePublished":"2022-04-07T16:53:48+00:00","dateModified":"2022-04-07T16:53:49+00:00","mainEntityOfPage":{"@id":"https:\/\/jornalfatosenoticias.com.br\/index.php\/2022\/04\/07\/precisamos-falar-sobre-moise-e-henry-parte-ix\/"},"wordCount":1419,"commentCount":0,"publisher":{"@id":"https:\/\/jornalfatosenoticias.com.br\/#organization"},"image":{"@id":"https:\/\/jornalfatosenoticias.com.br\/index.php\/2022\/04\/07\/precisamos-falar-sobre-moise-e-henry-parte-ix\/#primaryimage"},"thumbnailUrl":"https:\/\/jornalfatosenoticias.com.br\/wp-content\/uploads\/2022\/04\/Ilustracao-denuncias-de-violencia-contra-criancas-e-adolescentes.jpg","keywords":["abuso sexual","abuso sexual infantil","adolescentes","crian\u00e7a","Depoimento sem Dano","interdisciplinaridade","revitimiza\u00e7\u00e3o"],"articleSection":["Comportamento &amp; Equil\u00edbrio"],"inLanguage":"pt-BR","potentialAction":[{"@type":"CommentAction","name":"Comment","target":["https:\/\/jornalfatosenoticias.com.br\/index.php\/2022\/04\/07\/precisamos-falar-sobre-moise-e-henry-parte-ix\/#respond"]}]},{"@type":"WebPage","@id":"https:\/\/jornalfatosenoticias.com.br\/index.php\/2022\/04\/07\/precisamos-falar-sobre-moise-e-henry-parte-ix\/","url":"https:\/\/jornalfatosenoticias.com.br\/index.php\/2022\/04\/07\/precisamos-falar-sobre-moise-e-henry-parte-ix\/","name":"Precisamos falar sobre Mo\u00efse e Henry \u2014 Parte IX - Jornal Fatos e Not\u00edcias","isPartOf":{"@id":"https:\/\/jornalfatosenoticias.com.br\/#website"},"primaryImageOfPage":{"@id":"https:\/\/jornalfatosenoticias.com.br\/index.php\/2022\/04\/07\/precisamos-falar-sobre-moise-e-henry-parte-ix\/#primaryimage"},"image":{"@id":"https:\/\/jornalfatosenoticias.com.br\/index.php\/2022\/04\/07\/precisamos-falar-sobre-moise-e-henry-parte-ix\/#primaryimage"},"thumbnailUrl":"https:\/\/jornalfatosenoticias.com.br\/wp-content\/uploads\/2022\/04\/Ilustracao-denuncias-de-violencia-contra-criancas-e-adolescentes.jpg","datePublished":"2022-04-07T16:53:48+00:00","dateModified":"2022-04-07T16:53:49+00:00","breadcrumb":{"@id":"https:\/\/jornalfatosenoticias.com.br\/index.php\/2022\/04\/07\/precisamos-falar-sobre-moise-e-henry-parte-ix\/#breadcrumb"},"inLanguage":"pt-BR","potentialAction":[{"@type":"ReadAction","target":["https:\/\/jornalfatosenoticias.com.br\/index.php\/2022\/04\/07\/precisamos-falar-sobre-moise-e-henry-parte-ix\/"]}]},{"@type":"ImageObject","inLanguage":"pt-BR","@id":"https:\/\/jornalfatosenoticias.com.br\/index.php\/2022\/04\/07\/precisamos-falar-sobre-moise-e-henry-parte-ix\/#primaryimage","url":"https:\/\/jornalfatosenoticias.com.br\/wp-content\/uploads\/2022\/04\/Ilustracao-denuncias-de-violencia-contra-criancas-e-adolescentes.jpg","contentUrl":"https:\/\/jornalfatosenoticias.com.br\/wp-content\/uploads\/2022\/04\/Ilustracao-denuncias-de-violencia-contra-criancas-e-adolescentes.jpg","width":1000,"height":666},{"@type":"BreadcrumbList","@id":"https:\/\/jornalfatosenoticias.com.br\/index.php\/2022\/04\/07\/precisamos-falar-sobre-moise-e-henry-parte-ix\/#breadcrumb","itemListElement":[{"@type":"ListItem","position":1,"name":"In\u00edcio","item":"https:\/\/jornalfatosenoticias.com.br\/"},{"@type":"ListItem","position":2,"name":"Precisamos falar sobre Mo\u00efse e Henry \u2014 Parte IX"}]},{"@type":"WebSite","@id":"https:\/\/jornalfatosenoticias.com.br\/#website","url":"https:\/\/jornalfatosenoticias.com.br\/","name":"Jornal Fatos e Not\u00edcias","description":"Not\u00edcias em geral","publisher":{"@id":"https:\/\/jornalfatosenoticias.com.br\/#organization"},"potentialAction":[{"@type":"SearchAction","target":{"@type":"EntryPoint","urlTemplate":"https:\/\/jornalfatosenoticias.com.br\/?s={search_term_string}"},"query-input":{"@type":"PropertyValueSpecification","valueRequired":true,"valueName":"search_term_string"}}],"inLanguage":"pt-BR"},{"@type":"Organization","@id":"https:\/\/jornalfatosenoticias.com.br\/#organization","name":"Jornal Fatos e Not\u00edcias","url":"https:\/\/jornalfatosenoticias.com.br\/","logo":{"@type":"ImageObject","inLanguage":"pt-BR","@id":"https:\/\/jornalfatosenoticias.com.br\/#\/schema\/logo\/image\/","url":"https:\/\/jornalfatosenoticias.com.br\/wp-content\/uploads\/2020\/02\/logo120.png","contentUrl":"https:\/\/jornalfatosenoticias.com.br\/wp-content\/uploads\/2020\/02\/logo120.png","width":1227,"height":120,"caption":"Jornal Fatos e Not\u00edcias"},"image":{"@id":"https:\/\/jornalfatosenoticias.com.br\/#\/schema\/logo\/image\/"}},{"@type":"Person","@id":"https:\/\/jornalfatosenoticias.com.br\/#\/schema\/person\/c33fcf5fb02d729d3fec92c6737a22d1","name":"Ana Maria Iencarelli","image":{"@type":"ImageObject","inLanguage":"pt-BR","@id":"https:\/\/jornalfatosenoticias.com.br\/#\/schema\/person\/image\/","url":"https:\/\/jornalfatosenoticias.com.br\/wp-content\/uploads\/2020\/02\/Ana-Maria-Iencarelli-1-150x150.jpg","contentUrl":"https:\/\/jornalfatosenoticias.com.br\/wp-content\/uploads\/2020\/02\/Ana-Maria-Iencarelli-1-150x150.jpg","caption":"Ana Maria Iencarelli"},"description":"Psicanalista Cl\u00ednica, especializada no atendimento a Crian\u00e7as e Adolescentes. Presidente da ONG Vozes de Anjos.","url":"https:\/\/jornalfatosenoticias.com.br\/index.php\/author\/anamaria\/"}]}},"cc_featured_image_caption":{"caption_text":"","source_text":"","source_url":""},"jetpack_featured_media_url":"https:\/\/jornalfatosenoticias.com.br\/wp-content\/uploads\/2022\/04\/Ilustracao-denuncias-de-violencia-contra-criancas-e-adolescentes.jpg","_links":{"self":[{"href":"https:\/\/jornalfatosenoticias.com.br\/index.php\/wp-json\/wp\/v2\/posts\/29508","targetHints":{"allow":["GET"]}}],"collection":[{"href":"https:\/\/jornalfatosenoticias.com.br\/index.php\/wp-json\/wp\/v2\/posts"}],"about":[{"href":"https:\/\/jornalfatosenoticias.com.br\/index.php\/wp-json\/wp\/v2\/types\/post"}],"author":[{"embeddable":true,"href":"https:\/\/jornalfatosenoticias.com.br\/index.php\/wp-json\/wp\/v2\/users\/8"}],"replies":[{"embeddable":true,"href":"https:\/\/jornalfatosenoticias.com.br\/index.php\/wp-json\/wp\/v2\/comments?post=29508"}],"version-history":[{"count":0,"href":"https:\/\/jornalfatosenoticias.com.br\/index.php\/wp-json\/wp\/v2\/posts\/29508\/revisions"}],"wp:featuredmedia":[{"embeddable":true,"href":"https:\/\/jornalfatosenoticias.com.br\/index.php\/wp-json\/wp\/v2\/media\/29511"}],"wp:attachment":[{"href":"https:\/\/jornalfatosenoticias.com.br\/index.php\/wp-json\/wp\/v2\/media?parent=29508"}],"wp:term":[{"taxonomy":"category","embeddable":true,"href":"https:\/\/jornalfatosenoticias.com.br\/index.php\/wp-json\/wp\/v2\/categories?post=29508"},{"taxonomy":"post_tag","embeddable":true,"href":"https:\/\/jornalfatosenoticias.com.br\/index.php\/wp-json\/wp\/v2\/tags?post=29508"}],"curies":[{"name":"wp","href":"https:\/\/api.w.org\/{rel}","templated":true}]}}