{"id":29531,"date":"2022-04-07T14:38:37","date_gmt":"2022-04-07T17:38:37","guid":{"rendered":"https:\/\/jornalfatosenoticias.com.br\/?p=29531"},"modified":"2022-04-07T14:38:38","modified_gmt":"2022-04-07T17:38:38","slug":"planeta-habitavel-projeto-pesquisa-novas-formas-de-sustentabilidade-em-politicas-locais","status":"publish","type":"post","link":"https:\/\/jornalfatosenoticias.com.br\/index.php\/2022\/04\/07\/planeta-habitavel-projeto-pesquisa-novas-formas-de-sustentabilidade-em-politicas-locais\/","title":{"rendered":"Planeta habit\u00e1vel: projeto pesquisa novas formas de sustentabilidade em pol\u00edticas locais"},"content":{"rendered":"\n<p><em><span class=\"has-inline-color has-black-color\">Universidade Leiden cria um programa para compartilhar conhecimentos sobre a sustentabilidade<\/span><\/em><\/p>\n\n\n\n<div class=\"wp-block-image\"><figure class=\"aligncenter size-large is-resized\"><img loading=\"lazy\" decoding=\"async\" src=\"https:\/\/jornalfatosenoticias.com.br\/wp-content\/uploads\/2020\/02\/Logo_Mizu.png\" alt=\"\" class=\"wp-image-1441\" width=\"349\" height=\"43\" srcset=\"https:\/\/jornalfatosenoticias.com.br\/wp-content\/uploads\/2020\/02\/Logo_Mizu.png 729w, https:\/\/jornalfatosenoticias.com.br\/wp-content\/uploads\/2020\/02\/Logo_Mizu-300x37.png 300w\" sizes=\"auto, (max-width: 349px) 100vw, 349px\" \/><\/figure><\/div>\n\n\n\n<p>O programa <em>Liveable Planet<\/em>, ou Planeta Habit\u00e1vel em tradu\u00e7\u00e3o livre, foi criado na Universidade Leiden da Holanda para compartilhar informa\u00e7\u00f5es sobre projetos sustent\u00e1veis acontecendo ao redor do mundo, e para aplic\u00e1-los em pol\u00edticas locais. Embora muitos munic\u00edpios acreditem que est\u00e3o isentos da responsabilidade ambiental, na Holanda esse n\u00e3o \u00e9 o caso. Cobrindo assuntos como transi\u00e7\u00e3o energ\u00e9tica,\u00a0<a href=\"https:\/\/www.ecycle.com.br\/mudancas-climaticas\">mudan\u00e7as clim\u00e1ticas<\/a>\u00a0e perda de\u00a0<a href=\"https:\/\/www.ecycle.com.br\/biodiversidade\/\">biodiversidade<\/a>, o prop\u00f3sito do Planeta Habit\u00e1vel \u00e9 de compartilhar conhecimentos sobre pr\u00e1ticas sustent\u00e1veis e suas poss\u00edveis instala\u00e7\u00f5es dentro do pa\u00eds.<br>Em conjunto com a Associa\u00e7\u00e3o de Munic\u00edpios da Holanda, o projeto realizar\u00e1 um simp\u00f3sio dia 14 de abril. O objetivo do simp\u00f3sio \u00e9 reunir e compartilhar novas ideias e pol\u00edticas aplic\u00e1veis ao redor do pa\u00eds \u2014 o que funciona e o que n\u00e3o funciona.<\/p>\n\n\n\n<div class=\"wp-block-image\"><figure class=\"aligncenter size-large is-resized\"><img loading=\"lazy\" decoding=\"async\" src=\"https:\/\/jornalfatosenoticias.com.br\/wp-content\/uploads\/2022\/02\/Arte-Autoescola-Galatas_endereco_portal-1024x103.png\" alt=\"\" class=\"wp-image-27869\" width=\"368\" height=\"37\" srcset=\"https:\/\/jornalfatosenoticias.com.br\/wp-content\/uploads\/2022\/02\/Arte-Autoescola-Galatas_endereco_portal-1024x103.png 1024w, https:\/\/jornalfatosenoticias.com.br\/wp-content\/uploads\/2022\/02\/Arte-Autoescola-Galatas_endereco_portal-300x30.png 300w, https:\/\/jornalfatosenoticias.com.br\/wp-content\/uploads\/2022\/02\/Arte-Autoescola-Galatas_endereco_portal-768x77.png 768w, https:\/\/jornalfatosenoticias.com.br\/wp-content\/uploads\/2022\/02\/Arte-Autoescola-Galatas_endereco_portal.png 1223w\" sizes=\"auto, (max-width: 368px) 100vw, 368px\" \/><\/figure><\/div>\n\n\n\n<p>O <em>Liveable Planet<\/em> trabalha em ambas \u00e1reas rurais e urbanas da Holanda, para conseguir realizar a\u00e7\u00f5es condizentes com cada ambiente. Ela tamb\u00e9m conta com a inclus\u00e3o local, para a conscientiza\u00e7\u00e3o dos poss\u00edveis impactos ambientais criados e experienciados nas \u00e1reas. Isso possibilita uma nova perspectiva de ambos os lados para quais quest\u00f5es socioambientais possuem mais exig\u00eancia para serem resolvidos por pol\u00edticas locais.<br>Um dos respons\u00e1veis pela idealiza\u00e7\u00e3o do projeto, o Professor Eefje Cuppen, justifica a cria\u00e7\u00e3o do projeto h\u00e1 dois anos atr\u00e1s como algo essencial. De acordo com ele, criar uma sociedade sustent\u00e1vel \u00e9 complexo, portanto, todas as \u00e1reas locais devem estar envolvidas. Esse envolvimento \u00e9 necess\u00e1rio para o descobrimento de novas ideias e projetos que possam ser aplicados futuramente.<br>Al\u00e9m disso, o projeto tamb\u00e9m conta com a efici\u00eancia de seus colaboradores, de acordo com outro representante do <em>Liveable Planet.<\/em> A ambi\u00e7\u00e3o presente no programa \u00e9 inspiradora e conta com a ajuda de v\u00e1rios colaboradores que trabalham para cumprir a\u00e7\u00f5es sustent\u00e1veis e seus respectivos prazos.<\/p>\n\n\n\n<div class=\"wp-block-image\"><figure class=\"alignleft size-large is-resized\"><img loading=\"lazy\" decoding=\"async\" src=\"https:\/\/jornalfatosenoticias.com.br\/wp-content\/uploads\/2022\/03\/logo-Suinco-1024x390.jpg\" alt=\"\" class=\"wp-image-28785\" width=\"259\" height=\"98\"\/><\/figure><\/div>\n\n\n\n<p>Um dos motivos para o simp\u00f3sio que ocorrer\u00e1 em abril \u00e9 novas solu\u00e7\u00f5es para a transi\u00e7\u00e3o energ\u00e9tica. Ap\u00f3s os conflitos da R\u00fassia com a Ucr\u00e2nia, a Holanda procura outras op\u00e7\u00f5es para n\u00e3o se tornarem dependentes do g\u00e1s russo que \u00e9 utilizado na produ\u00e7\u00e3o de energia do pa\u00eds. O projeto conta com implementa\u00e7\u00f5es pr\u00e1ticas atrav\u00e9s das experi\u00eancias pessoais das \u00e1reas rurais e urbanas do pa\u00eds e age com disciplina para bater seus objetivos e inspirar a popula\u00e7\u00e3o.<\/p>\n\n\n\n<div class=\"wp-block-image\"><figure class=\"aligncenter size-large is-resized\"><img loading=\"lazy\" decoding=\"async\" src=\"https:\/\/jornalfatosenoticias.com.br\/wp-content\/uploads\/2020\/02\/Serra-Grande-1024x160.png\" alt=\"\" class=\"wp-image-7836\" width=\"334\" height=\"52\"\/><\/figure><\/div>\n\n\n\n<p><strong><em>Fonte: <a href=\"https:\/\/www.ecycle.com.br\/planeta-habitavel-projeto-pesquisa-novas-formas-de-sustentabilidade-em-politicas-locais\/\">eCycle<\/a><\/em><\/strong><\/p>\n","protected":false},"excerpt":{"rendered":"<p>Universidade Leiden cria um programa para compartilhar conhecimentos sobre a sustentabilidade O programa Liveable Planet, ou Planeta Habit\u00e1vel em tradu\u00e7\u00e3o livre, foi criado na Universidade Leiden da Holanda para compartilhar informa\u00e7\u00f5es sobre projetos sustent\u00e1veis acontecendo ao redor do mundo, e para aplic\u00e1-los em pol\u00edticas locais. Embora muitos munic\u00edpios acreditem que est\u00e3o isentos da responsabilidade ambiental, [&hellip;]<\/p>\n","protected":false},"author":2,"featured_media":29532,"comment_status":"open","ping_status":"open","sticky":false,"template":"","format":"standard","meta":{"footnotes":""},"categories":[744],"tags":[334,14032,360,14031,734],"class_list":["post-29531","post","type-post","status-publish","format-standard","has-post-thumbnail","hentry","category-arq-urbanismo","tag-biodiversidade","tag-liveable-planet","tag-mudancas-climaticas","tag-planeta-habitavel","tag-sustentabilidade"],"yoast_head":"<!-- This site is optimized with the Yoast SEO plugin v26.5 - https:\/\/yoast.com\/wordpress\/plugins\/seo\/ -->\n<title>Planeta habit\u00e1vel: projeto pesquisa novas formas de sustentabilidade em pol\u00edticas locais - Jornal Fatos e Not\u00edcias<\/title>\n<meta name=\"robots\" content=\"index, follow, max-snippet:-1, max-image-preview:large, max-video-preview:-1\" \/>\n<link rel=\"canonical\" href=\"https:\/\/jornalfatosenoticias.com.br\/index.php\/2022\/04\/07\/planeta-habitavel-projeto-pesquisa-novas-formas-de-sustentabilidade-em-politicas-locais\/\" \/>\n<meta property=\"og:locale\" content=\"pt_BR\" \/>\n<meta property=\"og:type\" content=\"article\" \/>\n<meta property=\"og:title\" content=\"Planeta habit\u00e1vel: projeto pesquisa novas formas de sustentabilidade em pol\u00edticas locais - Jornal Fatos e Not\u00edcias\" \/>\n<meta property=\"og:description\" content=\"Universidade Leiden cria um programa para compartilhar conhecimentos sobre a sustentabilidade O programa Liveable Planet, ou Planeta Habit\u00e1vel em tradu\u00e7\u00e3o livre, foi criado na Universidade Leiden da Holanda para compartilhar informa\u00e7\u00f5es sobre projetos sustent\u00e1veis acontecendo ao redor do mundo, e para aplic\u00e1-los em pol\u00edticas locais. Embora muitos munic\u00edpios acreditem que est\u00e3o isentos da responsabilidade ambiental, [&hellip;]\" \/>\n<meta property=\"og:url\" content=\"https:\/\/jornalfatosenoticias.com.br\/index.php\/2022\/04\/07\/planeta-habitavel-projeto-pesquisa-novas-formas-de-sustentabilidade-em-politicas-locais\/\" \/>\n<meta property=\"og:site_name\" content=\"Jornal Fatos e Not\u00edcias\" \/>\n<meta property=\"article:published_time\" content=\"2022-04-07T17:38:37+00:00\" \/>\n<meta property=\"article:modified_time\" content=\"2022-04-07T17:38:38+00:00\" \/>\n<meta property=\"og:image\" content=\"https:\/\/jornalfatosenoticias.com.br\/wp-content\/uploads\/2022\/04\/Planeta-habitavel_hendrik-kuterman-unsplash.jpg\" \/>\n\t<meta property=\"og:image:width\" content=\"1000\" \/>\n\t<meta property=\"og:image:height\" content=\"608\" \/>\n\t<meta property=\"og:image:type\" content=\"image\/jpeg\" \/>\n<meta name=\"author\" content=\"Luzimara Fernandes\" \/>\n<meta name=\"twitter:card\" content=\"summary_large_image\" \/>\n<meta name=\"twitter:label1\" content=\"Escrito por\" \/>\n\t<meta name=\"twitter:data1\" content=\"Luzimara Fernandes\" \/>\n\t<meta name=\"twitter:label2\" content=\"Est. tempo de leitura\" \/>\n\t<meta name=\"twitter:data2\" content=\"2 minutos\" \/>\n<script type=\"application\/ld+json\" class=\"yoast-schema-graph\">{\"@context\":\"https:\/\/schema.org\",\"@graph\":[{\"@type\":\"Article\",\"@id\":\"https:\/\/jornalfatosenoticias.com.br\/index.php\/2022\/04\/07\/planeta-habitavel-projeto-pesquisa-novas-formas-de-sustentabilidade-em-politicas-locais\/#article\",\"isPartOf\":{\"@id\":\"https:\/\/jornalfatosenoticias.com.br\/index.php\/2022\/04\/07\/planeta-habitavel-projeto-pesquisa-novas-formas-de-sustentabilidade-em-politicas-locais\/\"},\"author\":{\"name\":\"Luzimara Fernandes\",\"@id\":\"https:\/\/jornalfatosenoticias.com.br\/#\/schema\/person\/d63837fa13ac8666eb9e74e0985d6f81\"},\"headline\":\"Planeta habit\u00e1vel: projeto pesquisa novas formas de sustentabilidade em pol\u00edticas locais\",\"datePublished\":\"2022-04-07T17:38:37+00:00\",\"dateModified\":\"2022-04-07T17:38:38+00:00\",\"mainEntityOfPage\":{\"@id\":\"https:\/\/jornalfatosenoticias.com.br\/index.php\/2022\/04\/07\/planeta-habitavel-projeto-pesquisa-novas-formas-de-sustentabilidade-em-politicas-locais\/\"},\"wordCount\":448,\"commentCount\":0,\"publisher\":{\"@id\":\"https:\/\/jornalfatosenoticias.com.br\/#organization\"},\"image\":{\"@id\":\"https:\/\/jornalfatosenoticias.com.br\/index.php\/2022\/04\/07\/planeta-habitavel-projeto-pesquisa-novas-formas-de-sustentabilidade-em-politicas-locais\/#primaryimage\"},\"thumbnailUrl\":\"https:\/\/jornalfatosenoticias.com.br\/wp-content\/uploads\/2022\/04\/Planeta-habitavel_hendrik-kuterman-unsplash.jpg\",\"keywords\":[\"biodiversidade\",\"Liveable Planet\",\"mudan\u00e7as clim\u00e1ticas\",\"planeta habit\u00e1vel\",\"sustentabilidade\"],\"articleSection\":[\"Arq &amp; Urb\"],\"inLanguage\":\"pt-BR\",\"potentialAction\":[{\"@type\":\"CommentAction\",\"name\":\"Comment\",\"target\":[\"https:\/\/jornalfatosenoticias.com.br\/index.php\/2022\/04\/07\/planeta-habitavel-projeto-pesquisa-novas-formas-de-sustentabilidade-em-politicas-locais\/#respond\"]}]},{\"@type\":\"WebPage\",\"@id\":\"https:\/\/jornalfatosenoticias.com.br\/index.php\/2022\/04\/07\/planeta-habitavel-projeto-pesquisa-novas-formas-de-sustentabilidade-em-politicas-locais\/\",\"url\":\"https:\/\/jornalfatosenoticias.com.br\/index.php\/2022\/04\/07\/planeta-habitavel-projeto-pesquisa-novas-formas-de-sustentabilidade-em-politicas-locais\/\",\"name\":\"Planeta habit\u00e1vel: projeto pesquisa novas formas de sustentabilidade em pol\u00edticas locais - Jornal Fatos e Not\u00edcias\",\"isPartOf\":{\"@id\":\"https:\/\/jornalfatosenoticias.com.br\/#website\"},\"primaryImageOfPage\":{\"@id\":\"https:\/\/jornalfatosenoticias.com.br\/index.php\/2022\/04\/07\/planeta-habitavel-projeto-pesquisa-novas-formas-de-sustentabilidade-em-politicas-locais\/#primaryimage\"},\"image\":{\"@id\":\"https:\/\/jornalfatosenoticias.com.br\/index.php\/2022\/04\/07\/planeta-habitavel-projeto-pesquisa-novas-formas-de-sustentabilidade-em-politicas-locais\/#primaryimage\"},\"thumbnailUrl\":\"https:\/\/jornalfatosenoticias.com.br\/wp-content\/uploads\/2022\/04\/Planeta-habitavel_hendrik-kuterman-unsplash.jpg\",\"datePublished\":\"2022-04-07T17:38:37+00:00\",\"dateModified\":\"2022-04-07T17:38:38+00:00\",\"breadcrumb\":{\"@id\":\"https:\/\/jornalfatosenoticias.com.br\/index.php\/2022\/04\/07\/planeta-habitavel-projeto-pesquisa-novas-formas-de-sustentabilidade-em-politicas-locais\/#breadcrumb\"},\"inLanguage\":\"pt-BR\",\"potentialAction\":[{\"@type\":\"ReadAction\",\"target\":[\"https:\/\/jornalfatosenoticias.com.br\/index.php\/2022\/04\/07\/planeta-habitavel-projeto-pesquisa-novas-formas-de-sustentabilidade-em-politicas-locais\/\"]}]},{\"@type\":\"ImageObject\",\"inLanguage\":\"pt-BR\",\"@id\":\"https:\/\/jornalfatosenoticias.com.br\/index.php\/2022\/04\/07\/planeta-habitavel-projeto-pesquisa-novas-formas-de-sustentabilidade-em-politicas-locais\/#primaryimage\",\"url\":\"https:\/\/jornalfatosenoticias.com.br\/wp-content\/uploads\/2022\/04\/Planeta-habitavel_hendrik-kuterman-unsplash.jpg\",\"contentUrl\":\"https:\/\/jornalfatosenoticias.com.br\/wp-content\/uploads\/2022\/04\/Planeta-habitavel_hendrik-kuterman-unsplash.jpg\",\"width\":1000,\"height\":608},{\"@type\":\"BreadcrumbList\",\"@id\":\"https:\/\/jornalfatosenoticias.com.br\/index.php\/2022\/04\/07\/planeta-habitavel-projeto-pesquisa-novas-formas-de-sustentabilidade-em-politicas-locais\/#breadcrumb\",\"itemListElement\":[{\"@type\":\"ListItem\",\"position\":1,\"name\":\"In\u00edcio\",\"item\":\"https:\/\/jornalfatosenoticias.com.br\/\"},{\"@type\":\"ListItem\",\"position\":2,\"name\":\"Planeta habit\u00e1vel: projeto pesquisa novas formas de sustentabilidade em pol\u00edticas locais\"}]},{\"@type\":\"WebSite\",\"@id\":\"https:\/\/jornalfatosenoticias.com.br\/#website\",\"url\":\"https:\/\/jornalfatosenoticias.com.br\/\",\"name\":\"Jornal Fatos e Not\u00edcias\",\"description\":\"Not\u00edcias em geral\",\"publisher\":{\"@id\":\"https:\/\/jornalfatosenoticias.com.br\/#organization\"},\"potentialAction\":[{\"@type\":\"SearchAction\",\"target\":{\"@type\":\"EntryPoint\",\"urlTemplate\":\"https:\/\/jornalfatosenoticias.com.br\/?s={search_term_string}\"},\"query-input\":{\"@type\":\"PropertyValueSpecification\",\"valueRequired\":true,\"valueName\":\"search_term_string\"}}],\"inLanguage\":\"pt-BR\"},{\"@type\":\"Organization\",\"@id\":\"https:\/\/jornalfatosenoticias.com.br\/#organization\",\"name\":\"Jornal Fatos e Not\u00edcias\",\"url\":\"https:\/\/jornalfatosenoticias.com.br\/\",\"logo\":{\"@type\":\"ImageObject\",\"inLanguage\":\"pt-BR\",\"@id\":\"https:\/\/jornalfatosenoticias.com.br\/#\/schema\/logo\/image\/\",\"url\":\"https:\/\/jornalfatosenoticias.com.br\/wp-content\/uploads\/2020\/02\/logo120.png\",\"contentUrl\":\"https:\/\/jornalfatosenoticias.com.br\/wp-content\/uploads\/2020\/02\/logo120.png\",\"width\":1227,\"height\":120,\"caption\":\"Jornal Fatos e Not\u00edcias\"},\"image\":{\"@id\":\"https:\/\/jornalfatosenoticias.com.br\/#\/schema\/logo\/image\/\"}},{\"@type\":\"Person\",\"@id\":\"https:\/\/jornalfatosenoticias.com.br\/#\/schema\/person\/d63837fa13ac8666eb9e74e0985d6f81\",\"name\":\"Luzimara Fernandes\",\"image\":{\"@type\":\"ImageObject\",\"inLanguage\":\"pt-BR\",\"@id\":\"https:\/\/jornalfatosenoticias.com.br\/#\/schema\/person\/image\/\",\"url\":\"https:\/\/jornalfatosenoticias.com.br\/wp-content\/uploads\/2025\/05\/EU_portal.jpg\",\"contentUrl\":\"https:\/\/jornalfatosenoticias.com.br\/wp-content\/uploads\/2025\/05\/EU_portal.jpg\",\"caption\":\"Luzimara Fernandes\"},\"description\":\"Jornalista MTB 2358-ES\",\"sameAs\":[\"https:\/\/jornalfatosenoticias.com.br\"],\"url\":\"https:\/\/jornalfatosenoticias.com.br\/index.php\/author\/luzimara\/\"}]}<\/script>\n<!-- \/ Yoast SEO plugin. -->","yoast_head_json":{"title":"Planeta habit\u00e1vel: projeto pesquisa novas formas de sustentabilidade em pol\u00edticas locais - Jornal Fatos e Not\u00edcias","robots":{"index":"index","follow":"follow","max-snippet":"max-snippet:-1","max-image-preview":"max-image-preview:large","max-video-preview":"max-video-preview:-1"},"canonical":"https:\/\/jornalfatosenoticias.com.br\/index.php\/2022\/04\/07\/planeta-habitavel-projeto-pesquisa-novas-formas-de-sustentabilidade-em-politicas-locais\/","og_locale":"pt_BR","og_type":"article","og_title":"Planeta habit\u00e1vel: projeto pesquisa novas formas de sustentabilidade em pol\u00edticas locais - Jornal Fatos e Not\u00edcias","og_description":"Universidade Leiden cria um programa para compartilhar conhecimentos sobre a sustentabilidade O programa Liveable Planet, ou Planeta Habit\u00e1vel em tradu\u00e7\u00e3o livre, foi criado na Universidade Leiden da Holanda para compartilhar informa\u00e7\u00f5es sobre projetos sustent\u00e1veis acontecendo ao redor do mundo, e para aplic\u00e1-los em pol\u00edticas locais. Embora muitos munic\u00edpios acreditem que est\u00e3o isentos da responsabilidade ambiental, [&hellip;]","og_url":"https:\/\/jornalfatosenoticias.com.br\/index.php\/2022\/04\/07\/planeta-habitavel-projeto-pesquisa-novas-formas-de-sustentabilidade-em-politicas-locais\/","og_site_name":"Jornal Fatos e Not\u00edcias","article_published_time":"2022-04-07T17:38:37+00:00","article_modified_time":"2022-04-07T17:38:38+00:00","og_image":[{"width":1000,"height":608,"url":"https:\/\/jornalfatosenoticias.com.br\/wp-content\/uploads\/2022\/04\/Planeta-habitavel_hendrik-kuterman-unsplash.jpg","type":"image\/jpeg"}],"author":"Luzimara Fernandes","twitter_card":"summary_large_image","twitter_misc":{"Escrito por":"Luzimara Fernandes","Est. tempo de leitura":"2 minutos"},"schema":{"@context":"https:\/\/schema.org","@graph":[{"@type":"Article","@id":"https:\/\/jornalfatosenoticias.com.br\/index.php\/2022\/04\/07\/planeta-habitavel-projeto-pesquisa-novas-formas-de-sustentabilidade-em-politicas-locais\/#article","isPartOf":{"@id":"https:\/\/jornalfatosenoticias.com.br\/index.php\/2022\/04\/07\/planeta-habitavel-projeto-pesquisa-novas-formas-de-sustentabilidade-em-politicas-locais\/"},"author":{"name":"Luzimara Fernandes","@id":"https:\/\/jornalfatosenoticias.com.br\/#\/schema\/person\/d63837fa13ac8666eb9e74e0985d6f81"},"headline":"Planeta habit\u00e1vel: projeto pesquisa novas formas de sustentabilidade em pol\u00edticas locais","datePublished":"2022-04-07T17:38:37+00:00","dateModified":"2022-04-07T17:38:38+00:00","mainEntityOfPage":{"@id":"https:\/\/jornalfatosenoticias.com.br\/index.php\/2022\/04\/07\/planeta-habitavel-projeto-pesquisa-novas-formas-de-sustentabilidade-em-politicas-locais\/"},"wordCount":448,"commentCount":0,"publisher":{"@id":"https:\/\/jornalfatosenoticias.com.br\/#organization"},"image":{"@id":"https:\/\/jornalfatosenoticias.com.br\/index.php\/2022\/04\/07\/planeta-habitavel-projeto-pesquisa-novas-formas-de-sustentabilidade-em-politicas-locais\/#primaryimage"},"thumbnailUrl":"https:\/\/jornalfatosenoticias.com.br\/wp-content\/uploads\/2022\/04\/Planeta-habitavel_hendrik-kuterman-unsplash.jpg","keywords":["biodiversidade","Liveable Planet","mudan\u00e7as clim\u00e1ticas","planeta habit\u00e1vel","sustentabilidade"],"articleSection":["Arq &amp; Urb"],"inLanguage":"pt-BR","potentialAction":[{"@type":"CommentAction","name":"Comment","target":["https:\/\/jornalfatosenoticias.com.br\/index.php\/2022\/04\/07\/planeta-habitavel-projeto-pesquisa-novas-formas-de-sustentabilidade-em-politicas-locais\/#respond"]}]},{"@type":"WebPage","@id":"https:\/\/jornalfatosenoticias.com.br\/index.php\/2022\/04\/07\/planeta-habitavel-projeto-pesquisa-novas-formas-de-sustentabilidade-em-politicas-locais\/","url":"https:\/\/jornalfatosenoticias.com.br\/index.php\/2022\/04\/07\/planeta-habitavel-projeto-pesquisa-novas-formas-de-sustentabilidade-em-politicas-locais\/","name":"Planeta habit\u00e1vel: projeto pesquisa novas formas de sustentabilidade em pol\u00edticas locais - Jornal Fatos e Not\u00edcias","isPartOf":{"@id":"https:\/\/jornalfatosenoticias.com.br\/#website"},"primaryImageOfPage":{"@id":"https:\/\/jornalfatosenoticias.com.br\/index.php\/2022\/04\/07\/planeta-habitavel-projeto-pesquisa-novas-formas-de-sustentabilidade-em-politicas-locais\/#primaryimage"},"image":{"@id":"https:\/\/jornalfatosenoticias.com.br\/index.php\/2022\/04\/07\/planeta-habitavel-projeto-pesquisa-novas-formas-de-sustentabilidade-em-politicas-locais\/#primaryimage"},"thumbnailUrl":"https:\/\/jornalfatosenoticias.com.br\/wp-content\/uploads\/2022\/04\/Planeta-habitavel_hendrik-kuterman-unsplash.jpg","datePublished":"2022-04-07T17:38:37+00:00","dateModified":"2022-04-07T17:38:38+00:00","breadcrumb":{"@id":"https:\/\/jornalfatosenoticias.com.br\/index.php\/2022\/04\/07\/planeta-habitavel-projeto-pesquisa-novas-formas-de-sustentabilidade-em-politicas-locais\/#breadcrumb"},"inLanguage":"pt-BR","potentialAction":[{"@type":"ReadAction","target":["https:\/\/jornalfatosenoticias.com.br\/index.php\/2022\/04\/07\/planeta-habitavel-projeto-pesquisa-novas-formas-de-sustentabilidade-em-politicas-locais\/"]}]},{"@type":"ImageObject","inLanguage":"pt-BR","@id":"https:\/\/jornalfatosenoticias.com.br\/index.php\/2022\/04\/07\/planeta-habitavel-projeto-pesquisa-novas-formas-de-sustentabilidade-em-politicas-locais\/#primaryimage","url":"https:\/\/jornalfatosenoticias.com.br\/wp-content\/uploads\/2022\/04\/Planeta-habitavel_hendrik-kuterman-unsplash.jpg","contentUrl":"https:\/\/jornalfatosenoticias.com.br\/wp-content\/uploads\/2022\/04\/Planeta-habitavel_hendrik-kuterman-unsplash.jpg","width":1000,"height":608},{"@type":"BreadcrumbList","@id":"https:\/\/jornalfatosenoticias.com.br\/index.php\/2022\/04\/07\/planeta-habitavel-projeto-pesquisa-novas-formas-de-sustentabilidade-em-politicas-locais\/#breadcrumb","itemListElement":[{"@type":"ListItem","position":1,"name":"In\u00edcio","item":"https:\/\/jornalfatosenoticias.com.br\/"},{"@type":"ListItem","position":2,"name":"Planeta habit\u00e1vel: projeto pesquisa novas formas de sustentabilidade em pol\u00edticas locais"}]},{"@type":"WebSite","@id":"https:\/\/jornalfatosenoticias.com.br\/#website","url":"https:\/\/jornalfatosenoticias.com.br\/","name":"Jornal Fatos e Not\u00edcias","description":"Not\u00edcias em geral","publisher":{"@id":"https:\/\/jornalfatosenoticias.com.br\/#organization"},"potentialAction":[{"@type":"SearchAction","target":{"@type":"EntryPoint","urlTemplate":"https:\/\/jornalfatosenoticias.com.br\/?s={search_term_string}"},"query-input":{"@type":"PropertyValueSpecification","valueRequired":true,"valueName":"search_term_string"}}],"inLanguage":"pt-BR"},{"@type":"Organization","@id":"https:\/\/jornalfatosenoticias.com.br\/#organization","name":"Jornal Fatos e Not\u00edcias","url":"https:\/\/jornalfatosenoticias.com.br\/","logo":{"@type":"ImageObject","inLanguage":"pt-BR","@id":"https:\/\/jornalfatosenoticias.com.br\/#\/schema\/logo\/image\/","url":"https:\/\/jornalfatosenoticias.com.br\/wp-content\/uploads\/2020\/02\/logo120.png","contentUrl":"https:\/\/jornalfatosenoticias.com.br\/wp-content\/uploads\/2020\/02\/logo120.png","width":1227,"height":120,"caption":"Jornal Fatos e Not\u00edcias"},"image":{"@id":"https:\/\/jornalfatosenoticias.com.br\/#\/schema\/logo\/image\/"}},{"@type":"Person","@id":"https:\/\/jornalfatosenoticias.com.br\/#\/schema\/person\/d63837fa13ac8666eb9e74e0985d6f81","name":"Luzimara Fernandes","image":{"@type":"ImageObject","inLanguage":"pt-BR","@id":"https:\/\/jornalfatosenoticias.com.br\/#\/schema\/person\/image\/","url":"https:\/\/jornalfatosenoticias.com.br\/wp-content\/uploads\/2025\/05\/EU_portal.jpg","contentUrl":"https:\/\/jornalfatosenoticias.com.br\/wp-content\/uploads\/2025\/05\/EU_portal.jpg","caption":"Luzimara Fernandes"},"description":"Jornalista MTB 2358-ES","sameAs":["https:\/\/jornalfatosenoticias.com.br"],"url":"https:\/\/jornalfatosenoticias.com.br\/index.php\/author\/luzimara\/"}]}},"cc_featured_image_caption":{"caption_text":"(Foto: Hendrik Kuterman\/Unsplash)","source_text":"","source_url":""},"jetpack_featured_media_url":"https:\/\/jornalfatosenoticias.com.br\/wp-content\/uploads\/2022\/04\/Planeta-habitavel_hendrik-kuterman-unsplash.jpg","_links":{"self":[{"href":"https:\/\/jornalfatosenoticias.com.br\/index.php\/wp-json\/wp\/v2\/posts\/29531","targetHints":{"allow":["GET"]}}],"collection":[{"href":"https:\/\/jornalfatosenoticias.com.br\/index.php\/wp-json\/wp\/v2\/posts"}],"about":[{"href":"https:\/\/jornalfatosenoticias.com.br\/index.php\/wp-json\/wp\/v2\/types\/post"}],"author":[{"embeddable":true,"href":"https:\/\/jornalfatosenoticias.com.br\/index.php\/wp-json\/wp\/v2\/users\/2"}],"replies":[{"embeddable":true,"href":"https:\/\/jornalfatosenoticias.com.br\/index.php\/wp-json\/wp\/v2\/comments?post=29531"}],"version-history":[{"count":0,"href":"https:\/\/jornalfatosenoticias.com.br\/index.php\/wp-json\/wp\/v2\/posts\/29531\/revisions"}],"wp:featuredmedia":[{"embeddable":true,"href":"https:\/\/jornalfatosenoticias.com.br\/index.php\/wp-json\/wp\/v2\/media\/29532"}],"wp:attachment":[{"href":"https:\/\/jornalfatosenoticias.com.br\/index.php\/wp-json\/wp\/v2\/media?parent=29531"}],"wp:term":[{"taxonomy":"category","embeddable":true,"href":"https:\/\/jornalfatosenoticias.com.br\/index.php\/wp-json\/wp\/v2\/categories?post=29531"},{"taxonomy":"post_tag","embeddable":true,"href":"https:\/\/jornalfatosenoticias.com.br\/index.php\/wp-json\/wp\/v2\/tags?post=29531"}],"curies":[{"name":"wp","href":"https:\/\/api.w.org\/{rel}","templated":true}]}}