{"id":29534,"date":"2022-04-07T14:47:38","date_gmt":"2022-04-07T17:47:38","guid":{"rendered":"https:\/\/jornalfatosenoticias.com.br\/?p=29534"},"modified":"2022-04-07T14:47:40","modified_gmt":"2022-04-07T17:47:40","slug":"psicologos-tambem-devem-fazer-terapia-saiba-por-que-e-como-funciona","status":"publish","type":"post","link":"https:\/\/jornalfatosenoticias.com.br\/index.php\/2022\/04\/07\/psicologos-tambem-devem-fazer-terapia-saiba-por-que-e-como-funciona\/","title":{"rendered":"Psic\u00f3logos tamb\u00e9m devem fazer terapia; saiba por que e como funciona"},"content":{"rendered":"\n<div class=\"wp-block-image\"><figure class=\"aligncenter size-large is-resized\"><img loading=\"lazy\" decoding=\"async\" src=\"https:\/\/jornalfatosenoticias.com.br\/wp-content\/uploads\/2022\/02\/Banner-1-1024x101.png\" alt=\"\" class=\"wp-image-27923\" width=\"363\" height=\"35\"\/><\/figure><\/div>\n\n\n\n<p>No primeiro ano da pandemia, a busca por atendimento de sa\u00fade mental aumentou. Mas quem cuida da mente dos pacientes tamb\u00e9m precisa de algu\u00e9m para cuidar da sua, e \u00e9 por isso que muitos profissionais tamb\u00e9m recorrem \u00e0s terapias. O fato n\u00e3o \u00e9 novo e nada tem a ver com a pandemia. Psic\u00f3logos sempre precisaram de psic\u00f3logos para lidar com os pr\u00f3prios sentimentos.<\/p>\n\n\n\n<blockquote class=\"wp-block-quote is-layout-flow wp-block-quote-is-layout-flow\"><p><span class=\"has-inline-color has-luminous-vivid-orange-color\">&#8220;O psic\u00f3logo cuida de pessoas, mas tamb\u00e9m precisa de cuidado&#8221;, diz Andr\u00e9a Ferrari Carvalho de Agrela, psic\u00f3loga da Rede de Hospitais S\u00e3o Camilo de S\u00e3o Paulo. Segundo ela, a pr\u00e1tica \u00e9 t\u00e3o comum entre os profissionais que \u00e9 recomendada desde a gradua\u00e7\u00e3o. &#8220;Durante a forma\u00e7\u00e3o, os futuros psic\u00f3logos j\u00e1 s\u00e3o orientados a iniciar a psicoterapia como um processo de autoconhecimento&#8221;, afirma.<\/span><\/p><\/blockquote>\n\n\n\n<div class=\"wp-block-image\"><figure class=\"aligncenter size-large is-resized\"><img loading=\"lazy\" decoding=\"async\" src=\"https:\/\/jornalfatosenoticias.com.br\/wp-content\/uploads\/2022\/02\/Precisao-Contabilidade-1024x724.jpg\" alt=\"\" class=\"wp-image-28088\" width=\"257\" height=\"182\"\/><\/figure><\/div>\n\n\n\n<p>O psic\u00f3logo \u00e9 um indiv\u00edduo que possui suas necessidades como qualquer outro ser humano e, como tal, apresenta seus desafios e quest\u00f5es emocionais, neste sentido torna-se vital o cuidado com a sa\u00fade mental, de acordo com Agrela.<br>Psic\u00f3logos precisam estar bem emocionalmente para poder tratar outras pessoas. <\/p>\n\n\n\n<blockquote class=\"wp-block-quote is-layout-flow wp-block-quote-is-layout-flow\"><p><span class=\"has-inline-color has-luminous-vivid-orange-color\">&#8220;Devemos estar bem com as nossas dores para atender e ouvir sem julgamentos. Mais do que isso, estarmos melhores emocionalmente que o paciente, para n\u00e3o ocorrer transfer\u00eancia negativa das queixas&#8221;, diz o psicanalista Gregor Osipoff.<\/span><\/p><\/blockquote>\n\n\n\n<div class=\"wp-block-image\"><figure class=\"alignleft size-large\"><img decoding=\"async\" src=\"https:\/\/jornalfatosenoticias.com.br\/wp-content\/uploads\/2020\/02\/logo_esteio.jpg\" alt=\"\" class=\"wp-image-1214\"\/><\/figure><\/div>\n\n\n\n<p>A terapia tamb\u00e9m ajuda os profissionais a evitar misturar a vida pessoal com a do paciente, segundo Luiz Gonzaga Leite, coordenador do Departamento de Psicologia do Hospital Santa Paula, em S\u00e3o Paulo. &#8220;O profissional precisa ter uma estrutura bem legal para n\u00e3o misturar ou confundir as situa\u00e7\u00f5es que ocorrem em sua vida com ocasi\u00f5es similares trazidas at\u00e9 ele pelos pacientes&#8221;, diz.<br>Por esses motivos, al\u00e9m de a an\u00e1lise pessoal ser obrigat\u00f3ria desde o in\u00edcio da gradua\u00e7\u00e3o, o ideal \u00e9 que ela seja feita sempre. <\/p>\n\n\n\n<blockquote class=\"wp-block-quote is-layout-flow wp-block-quote-is-layout-flow\"><p><span class=\"has-inline-color has-luminous-vivid-orange-color\">&#8220;Isso faz parte do trip\u00e9 do psicanalista, que \u00e9 a forma\u00e7\u00e3o em psican\u00e1lise, an\u00e1lise pessoal e supervis\u00e3o. A an\u00e1lise pessoal \u00e9 muito importante. \u00c9 onde o profissional vai entendendo o manejo da cl\u00ednica e, ao mesmo tempo, vai olhando para suas quest\u00f5es pessoais&#8221;.<\/span><\/p><\/blockquote>\n\n\n\n<div class=\"wp-block-image\"><figure class=\"aligncenter size-large is-resized\"><img loading=\"lazy\" decoding=\"async\" src=\"https:\/\/jornalfatosenoticias.com.br\/wp-content\/uploads\/2020\/02\/Serra-Grande-1024x160.png\" alt=\"\" class=\"wp-image-7836\" width=\"327\" height=\"51\"\/><\/figure><\/div>\n\n\n\n<p><strong><span class=\"has-inline-color has-vivid-red-color\">N\u00e3o existe autocura<br><\/span><\/strong>Outro ponto importante para um acompanhamento profissional \u00e9 que n\u00e3o existe autocura e, necessariamente, o psic\u00f3logo ou psicanalista precisar\u00e1 de ajuda para tratar suas quest\u00f5es pessoais. <\/p>\n\n\n\n<blockquote class=\"wp-block-quote is-layout-flow wp-block-quote-is-layout-flow\"><p><span class=\"has-inline-color has-luminous-vivid-orange-color\">&#8220;Cada profissional tem de ter um olhar para suas pr\u00f3prias quest\u00f5es, dores, ang\u00fastias, ansiedades. N\u00e3o existe autoan\u00e1lise, autocura, como se ele conhecesse a teoria e aplicasse em si. Cada ser humano \u00e9 \u00fanico e n\u00e3o pode ser enquadrado, mas sim tratado para seguir a vida com conforto e dentro de uma perspectiva de seus desejos&#8221;, diz Gregor Osipoff.<\/span><\/p><\/blockquote>\n\n\n\n<div class=\"wp-block-image\"><figure class=\"alignright size-large is-resized\"><img loading=\"lazy\" decoding=\"async\" src=\"https:\/\/jornalfatosenoticias.com.br\/wp-content\/uploads\/2022\/03\/logo-Suinco-1024x390.jpg\" alt=\"\" class=\"wp-image-28785\" width=\"305\" height=\"115\"\/><\/figure><\/div>\n\n\n\n<p>Gonzaga Leite destaca que o profissional possui fragilidades e dificuldades normais do ser humano e que, obviamente, tamb\u00e9m precisam ser tratadas. &#8220;As pessoas possuem a fantasia de que o psic\u00f3logo \u00e9 um ser resolvido, por exemplo, que ele tem a melhor sexualidade do mundo, casamento maravilhoso, filhos estupendos, mas nem sempre \u00e9 assim. Muitas vezes o psic\u00f3logo recebe um paciente que traz uma viv\u00eancia ou situa\u00e7\u00e3o bem parecida com a dele, algo que n\u00e3o foi poss\u00edvel alcan\u00e7ar uma resolu\u00e7\u00e3o at\u00e9 aquele momento, e o profissional de psicologia precisa saber lidar com isso para n\u00e3o misturar as coisas&#8221;.<\/p>\n\n\n\n<div class=\"wp-block-image\"><figure class=\"aligncenter size-large is-resized\"><img loading=\"lazy\" decoding=\"async\" src=\"https:\/\/jornalfatosenoticias.com.br\/wp-content\/uploads\/2022\/02\/Arte-Autoescola-Galatas_endereco_portal-1024x103.png\" alt=\"\" class=\"wp-image-27869\" width=\"387\" height=\"39\" srcset=\"https:\/\/jornalfatosenoticias.com.br\/wp-content\/uploads\/2022\/02\/Arte-Autoescola-Galatas_endereco_portal-1024x103.png 1024w, https:\/\/jornalfatosenoticias.com.br\/wp-content\/uploads\/2022\/02\/Arte-Autoescola-Galatas_endereco_portal-300x30.png 300w, https:\/\/jornalfatosenoticias.com.br\/wp-content\/uploads\/2022\/02\/Arte-Autoescola-Galatas_endereco_portal-768x77.png 768w, https:\/\/jornalfatosenoticias.com.br\/wp-content\/uploads\/2022\/02\/Arte-Autoescola-Galatas_endereco_portal.png 1223w\" sizes=\"auto, (max-width: 387px) 100vw, 387px\" \/><\/figure><\/div>\n\n\n\n<p><strong><span class=\"has-inline-color has-vivid-red-color\">Psic\u00f3logos n\u00e3o t\u00eam melhor entendimento de tudo<br><\/span><\/strong>Engana-se quem pensa que, por saber da teoria, o profissional de psicologia n\u00e3o precisa da pr\u00e1tica. Apesar do atendimento entre profissionais ter uma din\u00e2mica um pouco diferente, n\u00e3o quer dizer que o psic\u00f3logo, como paciente, assimile melhor o que lhe \u00e9 passado.<br>Muitas vezes, os anos de an\u00e1lise v\u00e3o passando e o profissional pode enxergar alguma coisa em si que n\u00e3o havia percebido e agora isso faz toda a diferen\u00e7a em sua vida, assim como qualquer paciente. &#8220;O tempo passa e as quest\u00f5es pessoais tamb\u00e9m evoluem para outros lugares, para outras demandas. A vida n\u00e3o \u00e9 est\u00e1tica. Mesmo que n\u00e3o queiramos entrar em contato com coisas do passado, elas emergem aos poucos e, com isso associado \u00e0 vida cotidiana, pode levar a outras formas de olhar a mesma quest\u00e3o&#8221;, destaca Gregor Osipoff.<\/p>\n\n\n\n<div class=\"wp-block-image\"><figure class=\"alignleft size-large\"><img loading=\"lazy\" decoding=\"async\" width=\"300\" height=\"250\" src=\"https:\/\/jornalfatosenoticias.com.br\/wp-content\/uploads\/2022\/02\/FERRARI_MAQUINAS-E-FERRAMENTAS2.jpg\" alt=\"\" class=\"wp-image-27860\"\/><\/figure><\/div>\n\n\n\n<p><strong><span class=\"has-inline-color has-vivid-red-color\">Quem cuida do psic\u00f3logo?<br><\/span><\/strong>Andr\u00e9a Agrela explica que psic\u00f3logos t\u00eam a liberdade de escolher o profissional que realizar\u00e1 a psicoterapia. Segundo ela, geralmente eles optam por fazer o acompanhamento com algu\u00e9m que siga a mesma abordagem te\u00f3rica norteadora de seu trabalho. &#8220;Mas por uma quest\u00e3o de afinidade, n\u00e3o \u00e9 uma regra&#8221;, diz.<br>Casos cl\u00ednicos, em hip\u00f3tese alguma, s\u00e3o discutidos nas sess\u00f5es de terapia do psic\u00f3logo com o psic\u00f3logo dele. O profissional segue um c\u00f3digo de \u00e9tica que prev\u00ea o sigilo das informa\u00e7\u00f5es relatadas e trabalhadas durante os atendimentos.<br>Conselhos sobre tratamentos e condutas, de acordo com os especialistas, n\u00e3o s\u00e3o o foco da psicoterapia pessoal. Esses assuntos s\u00e3o tratados em supervis\u00e3o, que, justamente, t\u00eam essa finalidade. Diferente da psicoterapia pessoal, a supervis\u00e3o serve justamente para discutir casos a partir de um sigilo profissional que deve ser respeitado. <\/p>\n\n\n\n<blockquote class=\"wp-block-quote is-layout-flow wp-block-quote-is-layout-flow\"><p><span class=\"has-inline-color has-luminous-vivid-orange-color\">&#8220;Quando um psic\u00f3logo vai discutir um caso de um paciente seu com o supervisor, todos os assuntos s\u00e3o tratados, mas se preserva a identidade&#8221;, diz Leite.<\/span><\/p><\/blockquote>\n\n\n\n<div class=\"wp-block-image\"><figure class=\"alignright size-large is-resized\"><img loading=\"lazy\" decoding=\"async\" src=\"https:\/\/jornalfatosenoticias.com.br\/wp-content\/uploads\/2020\/02\/nova-logo-Marquetti.jpg\" alt=\"\" class=\"wp-image-22331\" width=\"252\" height=\"170\" srcset=\"https:\/\/jornalfatosenoticias.com.br\/wp-content\/uploads\/2020\/02\/nova-logo-Marquetti.jpg 643w, https:\/\/jornalfatosenoticias.com.br\/wp-content\/uploads\/2020\/02\/nova-logo-Marquetti-300x202.jpg 300w\" sizes=\"auto, (max-width: 252px) 100vw, 252px\" \/><\/figure><\/div>\n\n\n\n<p>Fala-se sobre o caso, os acontecimentos, as fragilidades, sobre tudo o que aconteceu com o paciente, preservando-se o nome dele. O supervisor fornece orienta\u00e7\u00f5es, mas ele n\u00e3o sabe exatamente quem \u00e9 o paciente, n\u00e3o tem uma foto dele e n\u00e3o tem acesso \u00e0 sua identidade de fato.<br>Leite destaca que cada psic\u00f3logo tem o seu supervisor. <\/p>\n\n\n\n<blockquote class=\"wp-block-quote is-layout-flow wp-block-quote-is-layout-flow\"><p><span class=\"has-inline-color has-luminous-vivid-orange-color\">&#8220;\u00c0s vezes \u00e9 um professor, um colega, algu\u00e9m com mais experi\u00eancia e essa escolha \u00e9 feita pelo pr\u00f3prio psic\u00f3logo, n\u00e3o \u00e9 determinado pelo conselho regional ou qualquer outra entidade. Geralmente \u00e9 algu\u00e9m que ele tenha afinidade, admira\u00e7\u00e3o e vai auxili\u00e1-lo nos casos em que ele est\u00e1 atendendo&#8221;, explica.<\/span><\/p><\/blockquote>\n\n\n\n<div class=\"wp-block-image\"><figure class=\"aligncenter size-large is-resized\"><img loading=\"lazy\" decoding=\"async\" src=\"https:\/\/jornalfatosenoticias.com.br\/wp-content\/uploads\/2022\/02\/Serra-Pack-459.png\" alt=\"\" class=\"wp-image-27471\" width=\"225\" height=\"90\"\/><\/figure><\/div>\n\n\n\n<p><em><strong>Fonte: <a href=\"https:\/\/www.uol.com.br\/vivabem\/noticias\/redacao\/2022\/03\/30\/psicologos-tambem-devem-fazer-terapia.htm\">UOL<\/a><\/strong><\/em><\/p>\n","protected":false},"excerpt":{"rendered":"<p>No primeiro ano da pandemia, a busca por atendimento de sa\u00fade mental aumentou. Mas quem cuida da mente dos pacientes tamb\u00e9m precisa de algu\u00e9m para cuidar da sua, e \u00e9 por isso que muitos profissionais tamb\u00e9m recorrem \u00e0s terapias. O fato n\u00e3o \u00e9 novo e nada tem a ver com a pandemia. Psic\u00f3logos sempre precisaram [&hellip;]<\/p>\n","protected":false},"author":2,"featured_media":29535,"comment_status":"open","ping_status":"open","sticky":false,"template":"","format":"standard","meta":{"footnotes":""},"categories":[2522],"tags":[1359,14033,688,2267],"class_list":["post-29534","post","type-post","status-publish","format-standard","has-post-thumbnail","hentry","category-comportamento","tag-autoconhecimento","tag-psicologos","tag-saude-mental","tag-terapia"],"yoast_head":"<!-- This site is optimized with the Yoast SEO plugin v26.5 - https:\/\/yoast.com\/wordpress\/plugins\/seo\/ -->\n<title>Psic\u00f3logos tamb\u00e9m devem fazer terapia; saiba por que e como funciona - Jornal Fatos e Not\u00edcias<\/title>\n<meta name=\"robots\" content=\"index, follow, max-snippet:-1, max-image-preview:large, max-video-preview:-1\" \/>\n<link rel=\"canonical\" href=\"https:\/\/jornalfatosenoticias.com.br\/index.php\/2022\/04\/07\/psicologos-tambem-devem-fazer-terapia-saiba-por-que-e-como-funciona\/\" \/>\n<meta property=\"og:locale\" content=\"pt_BR\" \/>\n<meta property=\"og:type\" content=\"article\" \/>\n<meta property=\"og:title\" content=\"Psic\u00f3logos tamb\u00e9m devem fazer terapia; saiba por que e como funciona - Jornal Fatos e Not\u00edcias\" \/>\n<meta property=\"og:description\" content=\"No primeiro ano da pandemia, a busca por atendimento de sa\u00fade mental aumentou. Mas quem cuida da mente dos pacientes tamb\u00e9m precisa de algu\u00e9m para cuidar da sua, e \u00e9 por isso que muitos profissionais tamb\u00e9m recorrem \u00e0s terapias. O fato n\u00e3o \u00e9 novo e nada tem a ver com a pandemia. Psic\u00f3logos sempre precisaram [&hellip;]\" \/>\n<meta property=\"og:url\" content=\"https:\/\/jornalfatosenoticias.com.br\/index.php\/2022\/04\/07\/psicologos-tambem-devem-fazer-terapia-saiba-por-que-e-como-funciona\/\" \/>\n<meta property=\"og:site_name\" content=\"Jornal Fatos e Not\u00edcias\" \/>\n<meta property=\"article:published_time\" content=\"2022-04-07T17:47:38+00:00\" \/>\n<meta property=\"article:modified_time\" content=\"2022-04-07T17:47:40+00:00\" \/>\n<meta property=\"og:image\" content=\"https:\/\/jornalfatosenoticias.com.br\/wp-content\/uploads\/2022\/04\/Psicologos-tambem-devem-fazer-terapia.jpeg\" \/>\n\t<meta property=\"og:image:width\" content=\"1000\" \/>\n\t<meta property=\"og:image:height\" content=\"666\" \/>\n\t<meta property=\"og:image:type\" content=\"image\/jpeg\" \/>\n<meta name=\"author\" content=\"Luzimara Fernandes\" \/>\n<meta name=\"twitter:card\" content=\"summary_large_image\" \/>\n<meta name=\"twitter:label1\" content=\"Escrito por\" \/>\n\t<meta name=\"twitter:data1\" content=\"Luzimara Fernandes\" \/>\n\t<meta name=\"twitter:label2\" content=\"Est. tempo de leitura\" \/>\n\t<meta name=\"twitter:data2\" content=\"5 minutos\" \/>\n<script type=\"application\/ld+json\" class=\"yoast-schema-graph\">{\"@context\":\"https:\/\/schema.org\",\"@graph\":[{\"@type\":\"Article\",\"@id\":\"https:\/\/jornalfatosenoticias.com.br\/index.php\/2022\/04\/07\/psicologos-tambem-devem-fazer-terapia-saiba-por-que-e-como-funciona\/#article\",\"isPartOf\":{\"@id\":\"https:\/\/jornalfatosenoticias.com.br\/index.php\/2022\/04\/07\/psicologos-tambem-devem-fazer-terapia-saiba-por-que-e-como-funciona\/\"},\"author\":{\"name\":\"Luzimara Fernandes\",\"@id\":\"https:\/\/jornalfatosenoticias.com.br\/#\/schema\/person\/d63837fa13ac8666eb9e74e0985d6f81\"},\"headline\":\"Psic\u00f3logos tamb\u00e9m devem fazer terapia; saiba por que e como funciona\",\"datePublished\":\"2022-04-07T17:47:38+00:00\",\"dateModified\":\"2022-04-07T17:47:40+00:00\",\"mainEntityOfPage\":{\"@id\":\"https:\/\/jornalfatosenoticias.com.br\/index.php\/2022\/04\/07\/psicologos-tambem-devem-fazer-terapia-saiba-por-que-e-como-funciona\/\"},\"wordCount\":1034,\"commentCount\":0,\"publisher\":{\"@id\":\"https:\/\/jornalfatosenoticias.com.br\/#organization\"},\"image\":{\"@id\":\"https:\/\/jornalfatosenoticias.com.br\/index.php\/2022\/04\/07\/psicologos-tambem-devem-fazer-terapia-saiba-por-que-e-como-funciona\/#primaryimage\"},\"thumbnailUrl\":\"https:\/\/jornalfatosenoticias.com.br\/wp-content\/uploads\/2022\/04\/Psicologos-tambem-devem-fazer-terapia.jpeg\",\"keywords\":[\"autoconhecimento\",\"psic\u00f3logos\",\"sa\u00fade mental\",\"terapia\"],\"articleSection\":[\"Comportamento &amp; Equil\u00edbrio\"],\"inLanguage\":\"pt-BR\",\"potentialAction\":[{\"@type\":\"CommentAction\",\"name\":\"Comment\",\"target\":[\"https:\/\/jornalfatosenoticias.com.br\/index.php\/2022\/04\/07\/psicologos-tambem-devem-fazer-terapia-saiba-por-que-e-como-funciona\/#respond\"]}]},{\"@type\":\"WebPage\",\"@id\":\"https:\/\/jornalfatosenoticias.com.br\/index.php\/2022\/04\/07\/psicologos-tambem-devem-fazer-terapia-saiba-por-que-e-como-funciona\/\",\"url\":\"https:\/\/jornalfatosenoticias.com.br\/index.php\/2022\/04\/07\/psicologos-tambem-devem-fazer-terapia-saiba-por-que-e-como-funciona\/\",\"name\":\"Psic\u00f3logos tamb\u00e9m devem fazer terapia; saiba por que e como funciona - Jornal Fatos e Not\u00edcias\",\"isPartOf\":{\"@id\":\"https:\/\/jornalfatosenoticias.com.br\/#website\"},\"primaryImageOfPage\":{\"@id\":\"https:\/\/jornalfatosenoticias.com.br\/index.php\/2022\/04\/07\/psicologos-tambem-devem-fazer-terapia-saiba-por-que-e-como-funciona\/#primaryimage\"},\"image\":{\"@id\":\"https:\/\/jornalfatosenoticias.com.br\/index.php\/2022\/04\/07\/psicologos-tambem-devem-fazer-terapia-saiba-por-que-e-como-funciona\/#primaryimage\"},\"thumbnailUrl\":\"https:\/\/jornalfatosenoticias.com.br\/wp-content\/uploads\/2022\/04\/Psicologos-tambem-devem-fazer-terapia.jpeg\",\"datePublished\":\"2022-04-07T17:47:38+00:00\",\"dateModified\":\"2022-04-07T17:47:40+00:00\",\"breadcrumb\":{\"@id\":\"https:\/\/jornalfatosenoticias.com.br\/index.php\/2022\/04\/07\/psicologos-tambem-devem-fazer-terapia-saiba-por-que-e-como-funciona\/#breadcrumb\"},\"inLanguage\":\"pt-BR\",\"potentialAction\":[{\"@type\":\"ReadAction\",\"target\":[\"https:\/\/jornalfatosenoticias.com.br\/index.php\/2022\/04\/07\/psicologos-tambem-devem-fazer-terapia-saiba-por-que-e-como-funciona\/\"]}]},{\"@type\":\"ImageObject\",\"inLanguage\":\"pt-BR\",\"@id\":\"https:\/\/jornalfatosenoticias.com.br\/index.php\/2022\/04\/07\/psicologos-tambem-devem-fazer-terapia-saiba-por-que-e-como-funciona\/#primaryimage\",\"url\":\"https:\/\/jornalfatosenoticias.com.br\/wp-content\/uploads\/2022\/04\/Psicologos-tambem-devem-fazer-terapia.jpeg\",\"contentUrl\":\"https:\/\/jornalfatosenoticias.com.br\/wp-content\/uploads\/2022\/04\/Psicologos-tambem-devem-fazer-terapia.jpeg\",\"width\":1000,\"height\":666},{\"@type\":\"BreadcrumbList\",\"@id\":\"https:\/\/jornalfatosenoticias.com.br\/index.php\/2022\/04\/07\/psicologos-tambem-devem-fazer-terapia-saiba-por-que-e-como-funciona\/#breadcrumb\",\"itemListElement\":[{\"@type\":\"ListItem\",\"position\":1,\"name\":\"In\u00edcio\",\"item\":\"https:\/\/jornalfatosenoticias.com.br\/\"},{\"@type\":\"ListItem\",\"position\":2,\"name\":\"Psic\u00f3logos tamb\u00e9m devem fazer terapia; saiba por que e como funciona\"}]},{\"@type\":\"WebSite\",\"@id\":\"https:\/\/jornalfatosenoticias.com.br\/#website\",\"url\":\"https:\/\/jornalfatosenoticias.com.br\/\",\"name\":\"Jornal Fatos e Not\u00edcias\",\"description\":\"Not\u00edcias em geral\",\"publisher\":{\"@id\":\"https:\/\/jornalfatosenoticias.com.br\/#organization\"},\"potentialAction\":[{\"@type\":\"SearchAction\",\"target\":{\"@type\":\"EntryPoint\",\"urlTemplate\":\"https:\/\/jornalfatosenoticias.com.br\/?s={search_term_string}\"},\"query-input\":{\"@type\":\"PropertyValueSpecification\",\"valueRequired\":true,\"valueName\":\"search_term_string\"}}],\"inLanguage\":\"pt-BR\"},{\"@type\":\"Organization\",\"@id\":\"https:\/\/jornalfatosenoticias.com.br\/#organization\",\"name\":\"Jornal Fatos e Not\u00edcias\",\"url\":\"https:\/\/jornalfatosenoticias.com.br\/\",\"logo\":{\"@type\":\"ImageObject\",\"inLanguage\":\"pt-BR\",\"@id\":\"https:\/\/jornalfatosenoticias.com.br\/#\/schema\/logo\/image\/\",\"url\":\"https:\/\/jornalfatosenoticias.com.br\/wp-content\/uploads\/2020\/02\/logo120.png\",\"contentUrl\":\"https:\/\/jornalfatosenoticias.com.br\/wp-content\/uploads\/2020\/02\/logo120.png\",\"width\":1227,\"height\":120,\"caption\":\"Jornal Fatos e Not\u00edcias\"},\"image\":{\"@id\":\"https:\/\/jornalfatosenoticias.com.br\/#\/schema\/logo\/image\/\"}},{\"@type\":\"Person\",\"@id\":\"https:\/\/jornalfatosenoticias.com.br\/#\/schema\/person\/d63837fa13ac8666eb9e74e0985d6f81\",\"name\":\"Luzimara Fernandes\",\"image\":{\"@type\":\"ImageObject\",\"inLanguage\":\"pt-BR\",\"@id\":\"https:\/\/jornalfatosenoticias.com.br\/#\/schema\/person\/image\/\",\"url\":\"https:\/\/jornalfatosenoticias.com.br\/wp-content\/uploads\/2025\/05\/EU_portal.jpg\",\"contentUrl\":\"https:\/\/jornalfatosenoticias.com.br\/wp-content\/uploads\/2025\/05\/EU_portal.jpg\",\"caption\":\"Luzimara Fernandes\"},\"description\":\"Jornalista MTB 2358-ES\",\"sameAs\":[\"https:\/\/jornalfatosenoticias.com.br\"],\"url\":\"https:\/\/jornalfatosenoticias.com.br\/index.php\/author\/luzimara\/\"}]}<\/script>\n<!-- \/ Yoast SEO plugin. -->","yoast_head_json":{"title":"Psic\u00f3logos tamb\u00e9m devem fazer terapia; saiba por que e como funciona - Jornal Fatos e Not\u00edcias","robots":{"index":"index","follow":"follow","max-snippet":"max-snippet:-1","max-image-preview":"max-image-preview:large","max-video-preview":"max-video-preview:-1"},"canonical":"https:\/\/jornalfatosenoticias.com.br\/index.php\/2022\/04\/07\/psicologos-tambem-devem-fazer-terapia-saiba-por-que-e-como-funciona\/","og_locale":"pt_BR","og_type":"article","og_title":"Psic\u00f3logos tamb\u00e9m devem fazer terapia; saiba por que e como funciona - Jornal Fatos e Not\u00edcias","og_description":"No primeiro ano da pandemia, a busca por atendimento de sa\u00fade mental aumentou. Mas quem cuida da mente dos pacientes tamb\u00e9m precisa de algu\u00e9m para cuidar da sua, e \u00e9 por isso que muitos profissionais tamb\u00e9m recorrem \u00e0s terapias. O fato n\u00e3o \u00e9 novo e nada tem a ver com a pandemia. Psic\u00f3logos sempre precisaram [&hellip;]","og_url":"https:\/\/jornalfatosenoticias.com.br\/index.php\/2022\/04\/07\/psicologos-tambem-devem-fazer-terapia-saiba-por-que-e-como-funciona\/","og_site_name":"Jornal Fatos e Not\u00edcias","article_published_time":"2022-04-07T17:47:38+00:00","article_modified_time":"2022-04-07T17:47:40+00:00","og_image":[{"width":1000,"height":666,"url":"https:\/\/jornalfatosenoticias.com.br\/wp-content\/uploads\/2022\/04\/Psicologos-tambem-devem-fazer-terapia.jpeg","type":"image\/jpeg"}],"author":"Luzimara Fernandes","twitter_card":"summary_large_image","twitter_misc":{"Escrito por":"Luzimara Fernandes","Est. tempo de leitura":"5 minutos"},"schema":{"@context":"https:\/\/schema.org","@graph":[{"@type":"Article","@id":"https:\/\/jornalfatosenoticias.com.br\/index.php\/2022\/04\/07\/psicologos-tambem-devem-fazer-terapia-saiba-por-que-e-como-funciona\/#article","isPartOf":{"@id":"https:\/\/jornalfatosenoticias.com.br\/index.php\/2022\/04\/07\/psicologos-tambem-devem-fazer-terapia-saiba-por-que-e-como-funciona\/"},"author":{"name":"Luzimara Fernandes","@id":"https:\/\/jornalfatosenoticias.com.br\/#\/schema\/person\/d63837fa13ac8666eb9e74e0985d6f81"},"headline":"Psic\u00f3logos tamb\u00e9m devem fazer terapia; saiba por que e como funciona","datePublished":"2022-04-07T17:47:38+00:00","dateModified":"2022-04-07T17:47:40+00:00","mainEntityOfPage":{"@id":"https:\/\/jornalfatosenoticias.com.br\/index.php\/2022\/04\/07\/psicologos-tambem-devem-fazer-terapia-saiba-por-que-e-como-funciona\/"},"wordCount":1034,"commentCount":0,"publisher":{"@id":"https:\/\/jornalfatosenoticias.com.br\/#organization"},"image":{"@id":"https:\/\/jornalfatosenoticias.com.br\/index.php\/2022\/04\/07\/psicologos-tambem-devem-fazer-terapia-saiba-por-que-e-como-funciona\/#primaryimage"},"thumbnailUrl":"https:\/\/jornalfatosenoticias.com.br\/wp-content\/uploads\/2022\/04\/Psicologos-tambem-devem-fazer-terapia.jpeg","keywords":["autoconhecimento","psic\u00f3logos","sa\u00fade mental","terapia"],"articleSection":["Comportamento &amp; Equil\u00edbrio"],"inLanguage":"pt-BR","potentialAction":[{"@type":"CommentAction","name":"Comment","target":["https:\/\/jornalfatosenoticias.com.br\/index.php\/2022\/04\/07\/psicologos-tambem-devem-fazer-terapia-saiba-por-que-e-como-funciona\/#respond"]}]},{"@type":"WebPage","@id":"https:\/\/jornalfatosenoticias.com.br\/index.php\/2022\/04\/07\/psicologos-tambem-devem-fazer-terapia-saiba-por-que-e-como-funciona\/","url":"https:\/\/jornalfatosenoticias.com.br\/index.php\/2022\/04\/07\/psicologos-tambem-devem-fazer-terapia-saiba-por-que-e-como-funciona\/","name":"Psic\u00f3logos tamb\u00e9m devem fazer terapia; saiba por que e como funciona - Jornal Fatos e Not\u00edcias","isPartOf":{"@id":"https:\/\/jornalfatosenoticias.com.br\/#website"},"primaryImageOfPage":{"@id":"https:\/\/jornalfatosenoticias.com.br\/index.php\/2022\/04\/07\/psicologos-tambem-devem-fazer-terapia-saiba-por-que-e-como-funciona\/#primaryimage"},"image":{"@id":"https:\/\/jornalfatosenoticias.com.br\/index.php\/2022\/04\/07\/psicologos-tambem-devem-fazer-terapia-saiba-por-que-e-como-funciona\/#primaryimage"},"thumbnailUrl":"https:\/\/jornalfatosenoticias.com.br\/wp-content\/uploads\/2022\/04\/Psicologos-tambem-devem-fazer-terapia.jpeg","datePublished":"2022-04-07T17:47:38+00:00","dateModified":"2022-04-07T17:47:40+00:00","breadcrumb":{"@id":"https:\/\/jornalfatosenoticias.com.br\/index.php\/2022\/04\/07\/psicologos-tambem-devem-fazer-terapia-saiba-por-que-e-como-funciona\/#breadcrumb"},"inLanguage":"pt-BR","potentialAction":[{"@type":"ReadAction","target":["https:\/\/jornalfatosenoticias.com.br\/index.php\/2022\/04\/07\/psicologos-tambem-devem-fazer-terapia-saiba-por-que-e-como-funciona\/"]}]},{"@type":"ImageObject","inLanguage":"pt-BR","@id":"https:\/\/jornalfatosenoticias.com.br\/index.php\/2022\/04\/07\/psicologos-tambem-devem-fazer-terapia-saiba-por-que-e-como-funciona\/#primaryimage","url":"https:\/\/jornalfatosenoticias.com.br\/wp-content\/uploads\/2022\/04\/Psicologos-tambem-devem-fazer-terapia.jpeg","contentUrl":"https:\/\/jornalfatosenoticias.com.br\/wp-content\/uploads\/2022\/04\/Psicologos-tambem-devem-fazer-terapia.jpeg","width":1000,"height":666},{"@type":"BreadcrumbList","@id":"https:\/\/jornalfatosenoticias.com.br\/index.php\/2022\/04\/07\/psicologos-tambem-devem-fazer-terapia-saiba-por-que-e-como-funciona\/#breadcrumb","itemListElement":[{"@type":"ListItem","position":1,"name":"In\u00edcio","item":"https:\/\/jornalfatosenoticias.com.br\/"},{"@type":"ListItem","position":2,"name":"Psic\u00f3logos tamb\u00e9m devem fazer terapia; saiba por que e como funciona"}]},{"@type":"WebSite","@id":"https:\/\/jornalfatosenoticias.com.br\/#website","url":"https:\/\/jornalfatosenoticias.com.br\/","name":"Jornal Fatos e Not\u00edcias","description":"Not\u00edcias em geral","publisher":{"@id":"https:\/\/jornalfatosenoticias.com.br\/#organization"},"potentialAction":[{"@type":"SearchAction","target":{"@type":"EntryPoint","urlTemplate":"https:\/\/jornalfatosenoticias.com.br\/?s={search_term_string}"},"query-input":{"@type":"PropertyValueSpecification","valueRequired":true,"valueName":"search_term_string"}}],"inLanguage":"pt-BR"},{"@type":"Organization","@id":"https:\/\/jornalfatosenoticias.com.br\/#organization","name":"Jornal Fatos e Not\u00edcias","url":"https:\/\/jornalfatosenoticias.com.br\/","logo":{"@type":"ImageObject","inLanguage":"pt-BR","@id":"https:\/\/jornalfatosenoticias.com.br\/#\/schema\/logo\/image\/","url":"https:\/\/jornalfatosenoticias.com.br\/wp-content\/uploads\/2020\/02\/logo120.png","contentUrl":"https:\/\/jornalfatosenoticias.com.br\/wp-content\/uploads\/2020\/02\/logo120.png","width":1227,"height":120,"caption":"Jornal Fatos e Not\u00edcias"},"image":{"@id":"https:\/\/jornalfatosenoticias.com.br\/#\/schema\/logo\/image\/"}},{"@type":"Person","@id":"https:\/\/jornalfatosenoticias.com.br\/#\/schema\/person\/d63837fa13ac8666eb9e74e0985d6f81","name":"Luzimara Fernandes","image":{"@type":"ImageObject","inLanguage":"pt-BR","@id":"https:\/\/jornalfatosenoticias.com.br\/#\/schema\/person\/image\/","url":"https:\/\/jornalfatosenoticias.com.br\/wp-content\/uploads\/2025\/05\/EU_portal.jpg","contentUrl":"https:\/\/jornalfatosenoticias.com.br\/wp-content\/uploads\/2025\/05\/EU_portal.jpg","caption":"Luzimara Fernandes"},"description":"Jornalista MTB 2358-ES","sameAs":["https:\/\/jornalfatosenoticias.com.br"],"url":"https:\/\/jornalfatosenoticias.com.br\/index.php\/author\/luzimara\/"}]}},"cc_featured_image_caption":{"caption_text":"(Foto: iStock) ","source_text":"","source_url":""},"jetpack_featured_media_url":"https:\/\/jornalfatosenoticias.com.br\/wp-content\/uploads\/2022\/04\/Psicologos-tambem-devem-fazer-terapia.jpeg","_links":{"self":[{"href":"https:\/\/jornalfatosenoticias.com.br\/index.php\/wp-json\/wp\/v2\/posts\/29534","targetHints":{"allow":["GET"]}}],"collection":[{"href":"https:\/\/jornalfatosenoticias.com.br\/index.php\/wp-json\/wp\/v2\/posts"}],"about":[{"href":"https:\/\/jornalfatosenoticias.com.br\/index.php\/wp-json\/wp\/v2\/types\/post"}],"author":[{"embeddable":true,"href":"https:\/\/jornalfatosenoticias.com.br\/index.php\/wp-json\/wp\/v2\/users\/2"}],"replies":[{"embeddable":true,"href":"https:\/\/jornalfatosenoticias.com.br\/index.php\/wp-json\/wp\/v2\/comments?post=29534"}],"version-history":[{"count":0,"href":"https:\/\/jornalfatosenoticias.com.br\/index.php\/wp-json\/wp\/v2\/posts\/29534\/revisions"}],"wp:featuredmedia":[{"embeddable":true,"href":"https:\/\/jornalfatosenoticias.com.br\/index.php\/wp-json\/wp\/v2\/media\/29535"}],"wp:attachment":[{"href":"https:\/\/jornalfatosenoticias.com.br\/index.php\/wp-json\/wp\/v2\/media?parent=29534"}],"wp:term":[{"taxonomy":"category","embeddable":true,"href":"https:\/\/jornalfatosenoticias.com.br\/index.php\/wp-json\/wp\/v2\/categories?post=29534"},{"taxonomy":"post_tag","embeddable":true,"href":"https:\/\/jornalfatosenoticias.com.br\/index.php\/wp-json\/wp\/v2\/tags?post=29534"}],"curies":[{"name":"wp","href":"https:\/\/api.w.org\/{rel}","templated":true}]}}