{"id":29601,"date":"2022-04-11T15:18:15","date_gmt":"2022-04-11T18:18:15","guid":{"rendered":"https:\/\/jornalfatosenoticias.com.br\/?p=29601"},"modified":"2022-04-11T15:44:14","modified_gmt":"2022-04-11T18:44:14","slug":"fim-do-foro-privilegiado-ja","status":"publish","type":"post","link":"https:\/\/jornalfatosenoticias.com.br\/index.php\/2022\/04\/11\/fim-do-foro-privilegiado-ja\/","title":{"rendered":"Fim do Foro Privilegiado j\u00e1!"},"content":{"rendered":"\n<div class=\"wp-block-image\"><figure class=\"aligncenter size-large is-resized\"><img loading=\"lazy\" decoding=\"async\" src=\"https:\/\/jornalfatosenoticias.com.br\/wp-content\/uploads\/2020\/02\/banner_ferramentas-1024x100.jpg\" alt=\"\" class=\"wp-image-1258\" width=\"438\" height=\"44\" srcset=\"https:\/\/jornalfatosenoticias.com.br\/wp-content\/uploads\/2020\/02\/banner_ferramentas-1024x100.jpg 1024w, https:\/\/jornalfatosenoticias.com.br\/wp-content\/uploads\/2020\/02\/banner_ferramentas-300x29.jpg 300w, https:\/\/jornalfatosenoticias.com.br\/wp-content\/uploads\/2020\/02\/banner_ferramentas-768x75.jpg 768w, https:\/\/jornalfatosenoticias.com.br\/wp-content\/uploads\/2020\/02\/banner_ferramentas.jpg 1227w\" sizes=\"auto, (max-width: 438px) 100vw, 438px\" \/><\/figure><\/div>\n\n\n\n<p>Vergonhosamente, a Proposta de Emenda \u00e0 Constitui\u00e7\u00e3o n\u00ba 333\/2017, que prev\u00ea o fim do foro privilegiado, est\u00e1 parada no Congresso Nacional h\u00e1 mais de quatro anos. De autoria do senador \u00c1lvaro Dias (Podemos-PR), a proposta limita o foro por prerrogativa de fun\u00e7\u00e3o a apenas cinco autoridades: o Presidente da Rep\u00fablica, o Vice-Presidente da Rep\u00fablica, os presidentes da C\u00e2mara e do Senado, e o Presidente do Supremo Tribunal Federal (STF). A t\u00edtulo de compara\u00e7\u00e3o com outros pa\u00edses, dos 193 membros da Organiza\u00e7\u00e3o das Na\u00e7\u00f5es Unidas (ONU), o Brasil \u00e9 o \u00fanico que n\u00e3o prende em primeira ou segunda inst\u00e2ncia.<\/p>\n\n\n\n<div class=\"wp-block-image\"><figure class=\"alignleft size-large is-resized\"><img loading=\"lazy\" decoding=\"async\" src=\"https:\/\/jornalfatosenoticias.com.br\/wp-content\/uploads\/2022\/02\/Precisao-Contabilidade-1024x724.jpg\" alt=\"\" class=\"wp-image-28088\" width=\"338\" height=\"239\"\/><\/figure><\/div>\n\n\n\n<p>Segundo \u00c1lvaro Dias, o projeto foi apresentado em 2013, mas houve uma emenda e se restringiu a cinco autoridades. \u201cHoje, essas autoridades s\u00e3o julgadas pelo Supremo Tribunal Federal, ent\u00e3o, est\u00e3o colocadas no pedestal da superioridade que eu considero como guarda-chuva protetor para eventuais delitos praticados por esses que s\u00e3o do colarinho branco. Enquanto isso, entre as na\u00e7\u00f5es que n\u00e3o possuem o foro privilegiado houve 285 condena\u00e7\u00f5es em primeira inst\u00e2ncia e mais de 165 condena\u00e7\u00f5es em segunda inst\u00e2ncia. Antes, t\u00ednhamos a possibilidade da pris\u00e3o do condenado em segunda inst\u00e2ncia, mas, infelizmente, o STF derrubou\u201d, lamenta o senador.<\/p>\n\n\n\n<div class=\"wp-block-image\"><figure class=\"aligncenter size-large\"><img loading=\"lazy\" decoding=\"async\" width=\"1000\" height=\"716\" src=\"https:\/\/jornalfatosenoticias.com.br\/wp-content\/uploads\/2022\/04\/alvaro-dias_fim-do-foro.jpeg\" alt=\"\" class=\"wp-image-29602\" srcset=\"https:\/\/jornalfatosenoticias.com.br\/wp-content\/uploads\/2022\/04\/alvaro-dias_fim-do-foro.jpeg 1000w, https:\/\/jornalfatosenoticias.com.br\/wp-content\/uploads\/2022\/04\/alvaro-dias_fim-do-foro-300x215.jpeg 300w, https:\/\/jornalfatosenoticias.com.br\/wp-content\/uploads\/2022\/04\/alvaro-dias_fim-do-foro-768x550.jpeg 768w\" sizes=\"auto, (max-width: 1000px) 100vw, 1000px\" \/><figcaption><em><span class=\"has-inline-color has-black-color\">\u00c1lvaro Dias (Foto: alvarodias.com.br)<\/span><\/em><\/figcaption><\/figure><\/div>\n\n\n\n<div class=\"wp-block-image\"><figure class=\"aligncenter size-large is-resized\"><img loading=\"lazy\" decoding=\"async\" src=\"https:\/\/jornalfatosenoticias.com.br\/wp-content\/uploads\/2020\/02\/nova-logo-Marquetti.jpg\" alt=\"\" class=\"wp-image-22331\" width=\"315\" height=\"213\" srcset=\"https:\/\/jornalfatosenoticias.com.br\/wp-content\/uploads\/2020\/02\/nova-logo-Marquetti.jpg 643w, https:\/\/jornalfatosenoticias.com.br\/wp-content\/uploads\/2020\/02\/nova-logo-Marquetti-300x202.jpg 300w\" sizes=\"auto, (max-width: 315px) 100vw, 315px\" \/><\/figure><\/div>\n\n\n\n<blockquote class=\"wp-block-quote is-layout-flow wp-block-quote-is-layout-flow\"><p><span class=\"has-inline-color has-luminous-vivid-amber-color\">\u201cN\u00f3s queremos acabar com esse privil\u00e9gio, o projeto foi aprovado em 2017, no Senado Federal, depois de quatro anos e, em 06 de junho, deste mesmo ano, chegou \u00e0 C\u00e2mara. Em 11 de dezembro de 2018 foi aprovado pela comiss\u00e3o especial e ficou pronto para o Plen\u00e1rio, basta levar ao Plen\u00e1rio, uma \u00fanica sess\u00e3o, com duas vota\u00e7\u00f5es, que n\u00f3s teremos o fim do foro privilegiado e todos seremos iguais perante a lei. Todos seremos julgados igualmente a partir da primeira inst\u00e2ncia\u201d, explicou \u00c1lvaro Dias, em entrevista a um canal de TV no YouTube.<\/span><\/p><\/blockquote>\n\n\n\n<div class=\"wp-block-image\"><figure class=\"aligncenter size-large is-resized\"><img loading=\"lazy\" decoding=\"async\" src=\"https:\/\/jornalfatosenoticias.com.br\/wp-content\/uploads\/2020\/02\/Serra-Grande-1024x160.png\" alt=\"\" class=\"wp-image-7836\" width=\"409\" height=\"64\"\/><\/figure><\/div>\n\n\n\n<p>Em suma, sabemos que o preju\u00edzo \u00e9 enorme ao Pa\u00eds, j\u00e1 que essa prerrogativa blinda o corrupto e todo esquema montado com o \u00fanico objetivo de roubar e desviar recursos p\u00fablicos. Chega a ser vexat\u00f3rio, se compararmos o Brasil com outras na\u00e7\u00f5es. H\u00e1 pa\u00edses que nem foro possuem. Como \u00e9 o caso dos Estados Unidos da Am\u00e9rica (EUA), de Cabo Verde e da Inglaterra, por exemplo. Na Alemanha, o presidente \u00e9 o \u00fanico com a prerrogativa. Na Su\u00e9cia, o \u00fanico com imunidade absoluta \u00e9 o rei e, em Portugal, o presidente, o primeiro-ministro e o presidente da Assembleia Nacional, gozam do direito.<\/p>\n\n\n\n<div class=\"wp-block-image\"><figure class=\"alignright size-large\"><img decoding=\"async\" src=\"https:\/\/jornalfatosenoticias.com.br\/wp-content\/uploads\/2020\/02\/logo_esteio.jpg\" alt=\"\" class=\"wp-image-1214\"\/><\/figure><\/div>\n\n\n\n<p>Aqui, em terras tupiniquins, as farras v\u00e3o muito al\u00e9m do foro, pois as mais de 55 mil autoridades beneficiadas pela prerrogativa gozam, al\u00e9m da impunidade, de mandatos regados a vinhos, lagostas, carros de luxo, com direito a motoristas, moradia, planos de sa\u00fade, incluindo dent\u00e1rio, aux\u00edlio educa\u00e7\u00e3o para filhos e passagens a\u00e9reas. Tudo pago com o dinheiro do contribuinte, que vive \u00e0 merc\u00ea dos desmandos desses mercen\u00e1rios sanguessugas.<br>At\u00e9 quando teremos que carregar essa carga e conviver com essa mancha?<\/p>\n\n\n\n<div class=\"wp-block-image\"><figure class=\"aligncenter size-large is-resized\"><img loading=\"lazy\" decoding=\"async\" src=\"https:\/\/jornalfatosenoticias.com.br\/wp-content\/uploads\/2022\/02\/Banner-1-1024x101.png\" alt=\"\" class=\"wp-image-27923\" width=\"508\" height=\"50\"\/><\/figure><\/div>\n","protected":false},"excerpt":{"rendered":"<p>Vergonhosamente, a Proposta de Emenda \u00e0 Constitui\u00e7\u00e3o n\u00ba 333\/2017, que prev\u00ea o fim do foro privilegiado, est\u00e1 parada no Congresso Nacional h\u00e1 mais de quatro anos. De autoria do senador \u00c1lvaro Dias (Podemos-PR), a proposta limita o foro por prerrogativa de fun\u00e7\u00e3o a apenas cinco autoridades: o Presidente da Rep\u00fablica, o Vice-Presidente da Rep\u00fablica, os [&hellip;]<\/p>\n","protected":false},"author":3,"featured_media":29603,"comment_status":"open","ping_status":"open","sticky":false,"template":"","format":"standard","meta":{"footnotes":""},"categories":[10],"tags":[14067,2129,11823,14065,14066,14068],"class_list":["post-29601","post","type-post","status-publish","format-standard","has-post-thumbnail","hentry","category-politica","tag-alvaro-dias","tag-corrupcao","tag-deputados","tag-fim-do-foro-privilegiado","tag-foro","tag-senadores"],"yoast_head":"<!-- This site is optimized with the Yoast SEO plugin v26.5 - https:\/\/yoast.com\/wordpress\/plugins\/seo\/ -->\n<title>Fim do Foro Privilegiado j\u00e1! - Jornal Fatos e Not\u00edcias<\/title>\n<meta name=\"robots\" content=\"index, follow, max-snippet:-1, max-image-preview:large, max-video-preview:-1\" \/>\n<link rel=\"canonical\" href=\"https:\/\/jornalfatosenoticias.com.br\/index.php\/2022\/04\/11\/fim-do-foro-privilegiado-ja\/\" \/>\n<meta property=\"og:locale\" content=\"pt_BR\" \/>\n<meta property=\"og:type\" content=\"article\" \/>\n<meta property=\"og:title\" content=\"Fim do Foro Privilegiado j\u00e1! - Jornal Fatos e Not\u00edcias\" \/>\n<meta property=\"og:description\" content=\"Vergonhosamente, a Proposta de Emenda \u00e0 Constitui\u00e7\u00e3o n\u00ba 333\/2017, que prev\u00ea o fim do foro privilegiado, est\u00e1 parada no Congresso Nacional h\u00e1 mais de quatro anos. De autoria do senador \u00c1lvaro Dias (Podemos-PR), a proposta limita o foro por prerrogativa de fun\u00e7\u00e3o a apenas cinco autoridades: o Presidente da Rep\u00fablica, o Vice-Presidente da Rep\u00fablica, os [&hellip;]\" \/>\n<meta property=\"og:url\" content=\"https:\/\/jornalfatosenoticias.com.br\/index.php\/2022\/04\/11\/fim-do-foro-privilegiado-ja\/\" \/>\n<meta property=\"og:site_name\" content=\"Jornal Fatos e Not\u00edcias\" \/>\n<meta property=\"article:published_time\" content=\"2022-04-11T18:18:15+00:00\" \/>\n<meta property=\"article:modified_time\" content=\"2022-04-11T18:44:14+00:00\" \/>\n<meta property=\"og:image\" content=\"https:\/\/jornalfatosenoticias.com.br\/wp-content\/uploads\/2022\/04\/foro-privilegiado-Aniele-nascimento.jpg\" \/>\n\t<meta property=\"og:image:width\" content=\"1000\" \/>\n\t<meta property=\"og:image:height\" content=\"593\" \/>\n\t<meta property=\"og:image:type\" content=\"image\/jpeg\" \/>\n<meta name=\"author\" content=\"Haroldo Filho\" \/>\n<meta name=\"twitter:card\" content=\"summary_large_image\" \/>\n<meta name=\"twitter:label1\" content=\"Escrito por\" \/>\n\t<meta name=\"twitter:data1\" content=\"Haroldo Filho\" \/>\n\t<meta name=\"twitter:label2\" content=\"Est. tempo de leitura\" \/>\n\t<meta name=\"twitter:data2\" content=\"3 minutos\" \/>\n<script type=\"application\/ld+json\" class=\"yoast-schema-graph\">{\"@context\":\"https:\/\/schema.org\",\"@graph\":[{\"@type\":\"Article\",\"@id\":\"https:\/\/jornalfatosenoticias.com.br\/index.php\/2022\/04\/11\/fim-do-foro-privilegiado-ja\/#article\",\"isPartOf\":{\"@id\":\"https:\/\/jornalfatosenoticias.com.br\/index.php\/2022\/04\/11\/fim-do-foro-privilegiado-ja\/\"},\"author\":{\"name\":\"Haroldo Filho\",\"@id\":\"https:\/\/jornalfatosenoticias.com.br\/#\/schema\/person\/05c46cc25b42a5c27e004fb0fa6b4965\"},\"headline\":\"Fim do Foro Privilegiado j\u00e1!\",\"datePublished\":\"2022-04-11T18:18:15+00:00\",\"dateModified\":\"2022-04-11T18:44:14+00:00\",\"mainEntityOfPage\":{\"@id\":\"https:\/\/jornalfatosenoticias.com.br\/index.php\/2022\/04\/11\/fim-do-foro-privilegiado-ja\/\"},\"wordCount\":513,\"commentCount\":0,\"publisher\":{\"@id\":\"https:\/\/jornalfatosenoticias.com.br\/#organization\"},\"image\":{\"@id\":\"https:\/\/jornalfatosenoticias.com.br\/index.php\/2022\/04\/11\/fim-do-foro-privilegiado-ja\/#primaryimage\"},\"thumbnailUrl\":\"https:\/\/jornalfatosenoticias.com.br\/wp-content\/uploads\/2022\/04\/foro-privilegiado-Aniele-nascimento.jpg\",\"keywords\":[\"\u00c1lvaro Dias\",\"corrup\u00e7\u00e3o\",\"deputados\",\"fim do foro privilegiado\",\"foro\",\"senadores\"],\"articleSection\":[\"Pol\u00edtica\"],\"inLanguage\":\"pt-BR\",\"potentialAction\":[{\"@type\":\"CommentAction\",\"name\":\"Comment\",\"target\":[\"https:\/\/jornalfatosenoticias.com.br\/index.php\/2022\/04\/11\/fim-do-foro-privilegiado-ja\/#respond\"]}]},{\"@type\":\"WebPage\",\"@id\":\"https:\/\/jornalfatosenoticias.com.br\/index.php\/2022\/04\/11\/fim-do-foro-privilegiado-ja\/\",\"url\":\"https:\/\/jornalfatosenoticias.com.br\/index.php\/2022\/04\/11\/fim-do-foro-privilegiado-ja\/\",\"name\":\"Fim do Foro Privilegiado j\u00e1! - Jornal Fatos e Not\u00edcias\",\"isPartOf\":{\"@id\":\"https:\/\/jornalfatosenoticias.com.br\/#website\"},\"primaryImageOfPage\":{\"@id\":\"https:\/\/jornalfatosenoticias.com.br\/index.php\/2022\/04\/11\/fim-do-foro-privilegiado-ja\/#primaryimage\"},\"image\":{\"@id\":\"https:\/\/jornalfatosenoticias.com.br\/index.php\/2022\/04\/11\/fim-do-foro-privilegiado-ja\/#primaryimage\"},\"thumbnailUrl\":\"https:\/\/jornalfatosenoticias.com.br\/wp-content\/uploads\/2022\/04\/foro-privilegiado-Aniele-nascimento.jpg\",\"datePublished\":\"2022-04-11T18:18:15+00:00\",\"dateModified\":\"2022-04-11T18:44:14+00:00\",\"breadcrumb\":{\"@id\":\"https:\/\/jornalfatosenoticias.com.br\/index.php\/2022\/04\/11\/fim-do-foro-privilegiado-ja\/#breadcrumb\"},\"inLanguage\":\"pt-BR\",\"potentialAction\":[{\"@type\":\"ReadAction\",\"target\":[\"https:\/\/jornalfatosenoticias.com.br\/index.php\/2022\/04\/11\/fim-do-foro-privilegiado-ja\/\"]}]},{\"@type\":\"ImageObject\",\"inLanguage\":\"pt-BR\",\"@id\":\"https:\/\/jornalfatosenoticias.com.br\/index.php\/2022\/04\/11\/fim-do-foro-privilegiado-ja\/#primaryimage\",\"url\":\"https:\/\/jornalfatosenoticias.com.br\/wp-content\/uploads\/2022\/04\/foro-privilegiado-Aniele-nascimento.jpg\",\"contentUrl\":\"https:\/\/jornalfatosenoticias.com.br\/wp-content\/uploads\/2022\/04\/foro-privilegiado-Aniele-nascimento.jpg\",\"width\":1000,\"height\":593},{\"@type\":\"BreadcrumbList\",\"@id\":\"https:\/\/jornalfatosenoticias.com.br\/index.php\/2022\/04\/11\/fim-do-foro-privilegiado-ja\/#breadcrumb\",\"itemListElement\":[{\"@type\":\"ListItem\",\"position\":1,\"name\":\"In\u00edcio\",\"item\":\"https:\/\/jornalfatosenoticias.com.br\/\"},{\"@type\":\"ListItem\",\"position\":2,\"name\":\"Fim do Foro Privilegiado j\u00e1!\"}]},{\"@type\":\"WebSite\",\"@id\":\"https:\/\/jornalfatosenoticias.com.br\/#website\",\"url\":\"https:\/\/jornalfatosenoticias.com.br\/\",\"name\":\"Jornal Fatos e Not\u00edcias\",\"description\":\"Not\u00edcias em geral\",\"publisher\":{\"@id\":\"https:\/\/jornalfatosenoticias.com.br\/#organization\"},\"potentialAction\":[{\"@type\":\"SearchAction\",\"target\":{\"@type\":\"EntryPoint\",\"urlTemplate\":\"https:\/\/jornalfatosenoticias.com.br\/?s={search_term_string}\"},\"query-input\":{\"@type\":\"PropertyValueSpecification\",\"valueRequired\":true,\"valueName\":\"search_term_string\"}}],\"inLanguage\":\"pt-BR\"},{\"@type\":\"Organization\",\"@id\":\"https:\/\/jornalfatosenoticias.com.br\/#organization\",\"name\":\"Jornal Fatos e Not\u00edcias\",\"url\":\"https:\/\/jornalfatosenoticias.com.br\/\",\"logo\":{\"@type\":\"ImageObject\",\"inLanguage\":\"pt-BR\",\"@id\":\"https:\/\/jornalfatosenoticias.com.br\/#\/schema\/logo\/image\/\",\"url\":\"https:\/\/jornalfatosenoticias.com.br\/wp-content\/uploads\/2020\/02\/logo120.png\",\"contentUrl\":\"https:\/\/jornalfatosenoticias.com.br\/wp-content\/uploads\/2020\/02\/logo120.png\",\"width\":1227,\"height\":120,\"caption\":\"Jornal Fatos e Not\u00edcias\"},\"image\":{\"@id\":\"https:\/\/jornalfatosenoticias.com.br\/#\/schema\/logo\/image\/\"}},{\"@type\":\"Person\",\"@id\":\"https:\/\/jornalfatosenoticias.com.br\/#\/schema\/person\/05c46cc25b42a5c27e004fb0fa6b4965\",\"name\":\"Haroldo Filho\",\"image\":{\"@type\":\"ImageObject\",\"inLanguage\":\"pt-BR\",\"@id\":\"https:\/\/jornalfatosenoticias.com.br\/#\/schema\/person\/image\/\",\"url\":\"https:\/\/jornalfatosenoticias.com.br\/wp-content\/uploads\/2025\/08\/WhatsApp-Image-2025-08-18-at-15.30.28-150x150.jpeg\",\"contentUrl\":\"https:\/\/jornalfatosenoticias.com.br\/wp-content\/uploads\/2025\/08\/WhatsApp-Image-2025-08-18-at-15.30.28-150x150.jpeg\",\"caption\":\"Haroldo Filho\"},\"description\":\"Jornalista \u2013 DRT: 0003818\/ES Coordenador-geral da ONG Educar para Crescer\",\"url\":\"https:\/\/jornalfatosenoticias.com.br\/index.php\/author\/haroldo\/\"}]}<\/script>\n<!-- \/ Yoast SEO plugin. -->","yoast_head_json":{"title":"Fim do Foro Privilegiado j\u00e1! - Jornal Fatos e Not\u00edcias","robots":{"index":"index","follow":"follow","max-snippet":"max-snippet:-1","max-image-preview":"max-image-preview:large","max-video-preview":"max-video-preview:-1"},"canonical":"https:\/\/jornalfatosenoticias.com.br\/index.php\/2022\/04\/11\/fim-do-foro-privilegiado-ja\/","og_locale":"pt_BR","og_type":"article","og_title":"Fim do Foro Privilegiado j\u00e1! - Jornal Fatos e Not\u00edcias","og_description":"Vergonhosamente, a Proposta de Emenda \u00e0 Constitui\u00e7\u00e3o n\u00ba 333\/2017, que prev\u00ea o fim do foro privilegiado, est\u00e1 parada no Congresso Nacional h\u00e1 mais de quatro anos. De autoria do senador \u00c1lvaro Dias (Podemos-PR), a proposta limita o foro por prerrogativa de fun\u00e7\u00e3o a apenas cinco autoridades: o Presidente da Rep\u00fablica, o Vice-Presidente da Rep\u00fablica, os [&hellip;]","og_url":"https:\/\/jornalfatosenoticias.com.br\/index.php\/2022\/04\/11\/fim-do-foro-privilegiado-ja\/","og_site_name":"Jornal Fatos e Not\u00edcias","article_published_time":"2022-04-11T18:18:15+00:00","article_modified_time":"2022-04-11T18:44:14+00:00","og_image":[{"width":1000,"height":593,"url":"https:\/\/jornalfatosenoticias.com.br\/wp-content\/uploads\/2022\/04\/foro-privilegiado-Aniele-nascimento.jpg","type":"image\/jpeg"}],"author":"Haroldo Filho","twitter_card":"summary_large_image","twitter_misc":{"Escrito por":"Haroldo Filho","Est. tempo de leitura":"3 minutos"},"schema":{"@context":"https:\/\/schema.org","@graph":[{"@type":"Article","@id":"https:\/\/jornalfatosenoticias.com.br\/index.php\/2022\/04\/11\/fim-do-foro-privilegiado-ja\/#article","isPartOf":{"@id":"https:\/\/jornalfatosenoticias.com.br\/index.php\/2022\/04\/11\/fim-do-foro-privilegiado-ja\/"},"author":{"name":"Haroldo Filho","@id":"https:\/\/jornalfatosenoticias.com.br\/#\/schema\/person\/05c46cc25b42a5c27e004fb0fa6b4965"},"headline":"Fim do Foro Privilegiado j\u00e1!","datePublished":"2022-04-11T18:18:15+00:00","dateModified":"2022-04-11T18:44:14+00:00","mainEntityOfPage":{"@id":"https:\/\/jornalfatosenoticias.com.br\/index.php\/2022\/04\/11\/fim-do-foro-privilegiado-ja\/"},"wordCount":513,"commentCount":0,"publisher":{"@id":"https:\/\/jornalfatosenoticias.com.br\/#organization"},"image":{"@id":"https:\/\/jornalfatosenoticias.com.br\/index.php\/2022\/04\/11\/fim-do-foro-privilegiado-ja\/#primaryimage"},"thumbnailUrl":"https:\/\/jornalfatosenoticias.com.br\/wp-content\/uploads\/2022\/04\/foro-privilegiado-Aniele-nascimento.jpg","keywords":["\u00c1lvaro Dias","corrup\u00e7\u00e3o","deputados","fim do foro privilegiado","foro","senadores"],"articleSection":["Pol\u00edtica"],"inLanguage":"pt-BR","potentialAction":[{"@type":"CommentAction","name":"Comment","target":["https:\/\/jornalfatosenoticias.com.br\/index.php\/2022\/04\/11\/fim-do-foro-privilegiado-ja\/#respond"]}]},{"@type":"WebPage","@id":"https:\/\/jornalfatosenoticias.com.br\/index.php\/2022\/04\/11\/fim-do-foro-privilegiado-ja\/","url":"https:\/\/jornalfatosenoticias.com.br\/index.php\/2022\/04\/11\/fim-do-foro-privilegiado-ja\/","name":"Fim do Foro Privilegiado j\u00e1! - Jornal Fatos e Not\u00edcias","isPartOf":{"@id":"https:\/\/jornalfatosenoticias.com.br\/#website"},"primaryImageOfPage":{"@id":"https:\/\/jornalfatosenoticias.com.br\/index.php\/2022\/04\/11\/fim-do-foro-privilegiado-ja\/#primaryimage"},"image":{"@id":"https:\/\/jornalfatosenoticias.com.br\/index.php\/2022\/04\/11\/fim-do-foro-privilegiado-ja\/#primaryimage"},"thumbnailUrl":"https:\/\/jornalfatosenoticias.com.br\/wp-content\/uploads\/2022\/04\/foro-privilegiado-Aniele-nascimento.jpg","datePublished":"2022-04-11T18:18:15+00:00","dateModified":"2022-04-11T18:44:14+00:00","breadcrumb":{"@id":"https:\/\/jornalfatosenoticias.com.br\/index.php\/2022\/04\/11\/fim-do-foro-privilegiado-ja\/#breadcrumb"},"inLanguage":"pt-BR","potentialAction":[{"@type":"ReadAction","target":["https:\/\/jornalfatosenoticias.com.br\/index.php\/2022\/04\/11\/fim-do-foro-privilegiado-ja\/"]}]},{"@type":"ImageObject","inLanguage":"pt-BR","@id":"https:\/\/jornalfatosenoticias.com.br\/index.php\/2022\/04\/11\/fim-do-foro-privilegiado-ja\/#primaryimage","url":"https:\/\/jornalfatosenoticias.com.br\/wp-content\/uploads\/2022\/04\/foro-privilegiado-Aniele-nascimento.jpg","contentUrl":"https:\/\/jornalfatosenoticias.com.br\/wp-content\/uploads\/2022\/04\/foro-privilegiado-Aniele-nascimento.jpg","width":1000,"height":593},{"@type":"BreadcrumbList","@id":"https:\/\/jornalfatosenoticias.com.br\/index.php\/2022\/04\/11\/fim-do-foro-privilegiado-ja\/#breadcrumb","itemListElement":[{"@type":"ListItem","position":1,"name":"In\u00edcio","item":"https:\/\/jornalfatosenoticias.com.br\/"},{"@type":"ListItem","position":2,"name":"Fim do Foro Privilegiado j\u00e1!"}]},{"@type":"WebSite","@id":"https:\/\/jornalfatosenoticias.com.br\/#website","url":"https:\/\/jornalfatosenoticias.com.br\/","name":"Jornal Fatos e Not\u00edcias","description":"Not\u00edcias em geral","publisher":{"@id":"https:\/\/jornalfatosenoticias.com.br\/#organization"},"potentialAction":[{"@type":"SearchAction","target":{"@type":"EntryPoint","urlTemplate":"https:\/\/jornalfatosenoticias.com.br\/?s={search_term_string}"},"query-input":{"@type":"PropertyValueSpecification","valueRequired":true,"valueName":"search_term_string"}}],"inLanguage":"pt-BR"},{"@type":"Organization","@id":"https:\/\/jornalfatosenoticias.com.br\/#organization","name":"Jornal Fatos e Not\u00edcias","url":"https:\/\/jornalfatosenoticias.com.br\/","logo":{"@type":"ImageObject","inLanguage":"pt-BR","@id":"https:\/\/jornalfatosenoticias.com.br\/#\/schema\/logo\/image\/","url":"https:\/\/jornalfatosenoticias.com.br\/wp-content\/uploads\/2020\/02\/logo120.png","contentUrl":"https:\/\/jornalfatosenoticias.com.br\/wp-content\/uploads\/2020\/02\/logo120.png","width":1227,"height":120,"caption":"Jornal Fatos e Not\u00edcias"},"image":{"@id":"https:\/\/jornalfatosenoticias.com.br\/#\/schema\/logo\/image\/"}},{"@type":"Person","@id":"https:\/\/jornalfatosenoticias.com.br\/#\/schema\/person\/05c46cc25b42a5c27e004fb0fa6b4965","name":"Haroldo Filho","image":{"@type":"ImageObject","inLanguage":"pt-BR","@id":"https:\/\/jornalfatosenoticias.com.br\/#\/schema\/person\/image\/","url":"https:\/\/jornalfatosenoticias.com.br\/wp-content\/uploads\/2025\/08\/WhatsApp-Image-2025-08-18-at-15.30.28-150x150.jpeg","contentUrl":"https:\/\/jornalfatosenoticias.com.br\/wp-content\/uploads\/2025\/08\/WhatsApp-Image-2025-08-18-at-15.30.28-150x150.jpeg","caption":"Haroldo Filho"},"description":"Jornalista \u2013 DRT: 0003818\/ES Coordenador-geral da ONG Educar para Crescer","url":"https:\/\/jornalfatosenoticias.com.br\/index.php\/author\/haroldo\/"}]}},"cc_featured_image_caption":{"caption_text":"\r\n\r\n\r\n(Foto: Aniele Nascimento\/Gazeta do Povo)\r\n\r\n","source_text":"","source_url":""},"jetpack_featured_media_url":"https:\/\/jornalfatosenoticias.com.br\/wp-content\/uploads\/2022\/04\/foro-privilegiado-Aniele-nascimento.jpg","_links":{"self":[{"href":"https:\/\/jornalfatosenoticias.com.br\/index.php\/wp-json\/wp\/v2\/posts\/29601","targetHints":{"allow":["GET"]}}],"collection":[{"href":"https:\/\/jornalfatosenoticias.com.br\/index.php\/wp-json\/wp\/v2\/posts"}],"about":[{"href":"https:\/\/jornalfatosenoticias.com.br\/index.php\/wp-json\/wp\/v2\/types\/post"}],"author":[{"embeddable":true,"href":"https:\/\/jornalfatosenoticias.com.br\/index.php\/wp-json\/wp\/v2\/users\/3"}],"replies":[{"embeddable":true,"href":"https:\/\/jornalfatosenoticias.com.br\/index.php\/wp-json\/wp\/v2\/comments?post=29601"}],"version-history":[{"count":0,"href":"https:\/\/jornalfatosenoticias.com.br\/index.php\/wp-json\/wp\/v2\/posts\/29601\/revisions"}],"wp:featuredmedia":[{"embeddable":true,"href":"https:\/\/jornalfatosenoticias.com.br\/index.php\/wp-json\/wp\/v2\/media\/29603"}],"wp:attachment":[{"href":"https:\/\/jornalfatosenoticias.com.br\/index.php\/wp-json\/wp\/v2\/media?parent=29601"}],"wp:term":[{"taxonomy":"category","embeddable":true,"href":"https:\/\/jornalfatosenoticias.com.br\/index.php\/wp-json\/wp\/v2\/categories?post=29601"},{"taxonomy":"post_tag","embeddable":true,"href":"https:\/\/jornalfatosenoticias.com.br\/index.php\/wp-json\/wp\/v2\/tags?post=29601"}],"curies":[{"name":"wp","href":"https:\/\/api.w.org\/{rel}","templated":true}]}}