{"id":29672,"date":"2022-04-13T12:22:25","date_gmt":"2022-04-13T15:22:25","guid":{"rendered":"https:\/\/jornalfatosenoticias.com.br\/?p=29672"},"modified":"2022-04-13T12:22:27","modified_gmt":"2022-04-13T15:22:27","slug":"onu-alerta-que-guerra-agravara-realidade-de-refugiados-na-africa","status":"publish","type":"post","link":"https:\/\/jornalfatosenoticias.com.br\/index.php\/2022\/04\/13\/onu-alerta-que-guerra-agravara-realidade-de-refugiados-na-africa\/","title":{"rendered":"ONU alerta que guerra agravar\u00e1 realidade de refugiados na \u00c1frica"},"content":{"rendered":"\n<p><em><span class=\"has-inline-color has-black-color\">Organiza\u00e7\u00e3o diz que aumento dos alimentos levar\u00e1 \u00e0 onda de fome<\/span><\/em><\/p>\n\n\n\n<div class=\"wp-block-image\"><figure class=\"aligncenter size-large is-resized\"><img loading=\"lazy\" decoding=\"async\" src=\"https:\/\/jornalfatosenoticias.com.br\/wp-content\/uploads\/2020\/02\/Logo-Mizu-segunda-2-1024x99.png\" alt=\"\" class=\"wp-image-2353\" width=\"395\" height=\"38\" srcset=\"https:\/\/jornalfatosenoticias.com.br\/wp-content\/uploads\/2020\/02\/Logo-Mizu-segunda-2-1024x99.png 1024w, https:\/\/jornalfatosenoticias.com.br\/wp-content\/uploads\/2020\/02\/Logo-Mizu-segunda-2-300x29.png 300w, https:\/\/jornalfatosenoticias.com.br\/wp-content\/uploads\/2020\/02\/Logo-Mizu-segunda-2-768x74.png 768w, https:\/\/jornalfatosenoticias.com.br\/wp-content\/uploads\/2020\/02\/Logo-Mizu-segunda-2.png 1240w\" sizes=\"auto, (max-width: 395px) 100vw, 395px\" \/><\/figure><\/div>\n\n\n\n<p>A situa\u00e7\u00e3o dos refugiados e das pessoas deslocadas internamente na \u00c1frica Oriental ser\u00e1 agravada pelo aumento dos pre\u00e7os dos alimentos causado pela guerra na Ucr\u00e2nia, advertiu hoje (13) a Organiza\u00e7\u00e3o das Na\u00e7\u00f5es Unidas (ONU).<\/p>\n\n\n\n<blockquote class=\"wp-block-quote is-layout-flow wp-block-quote-is-layout-flow\"><p><span class=\"has-inline-color has-luminous-vivid-orange-color\">&#8220;O conflito na Ucr\u00e2nia causar\u00e1 onda colateral de fome ao agravar ainda mais os problemas existentes, como o pre\u00e7o recorde dos alimentos&#8221;, alertaram o Programa Alimentar Mundial (PAM) e a Ag\u00eancia das Na\u00e7\u00f5es Unidas para os Refugiados (Acnur), em declara\u00e7\u00e3o conjunta.<\/span><\/p><\/blockquote>\n\n\n\n<div class=\"wp-block-image\"><figure class=\"alignleft size-large is-resized\"><img loading=\"lazy\" decoding=\"async\" src=\"https:\/\/jornalfatosenoticias.com.br\/wp-content\/uploads\/2022\/02\/FERRARI_MAQUINAS-E-FERRAMENTAS2.jpg\" alt=\"\" class=\"wp-image-27860\" width=\"253\" height=\"211\"\/><\/figure><\/div>\n\n\n\n<p>O PAM e o Acnur alertaram ainda que milh\u00f5es de fam\u00edlias deslocadas na \u00c1frica Oriental &#8220;ser\u00e3o mergulhadas na fome, \u00e0 medida que as quantidades de ra\u00e7\u00f5es de alimentos dispon\u00edveis diminuem, porque os recursos humanit\u00e1rios s\u00e3o esticados at\u00e9 o limite&#8221;.<br>O custo crescente dos alimentos e do combust\u00edvel vem juntar-se a problemas pr\u00e9-existentes, como os conflitos, a crise clim\u00e1tica e a pandemia de covid-19. Al\u00e9m disso, mais de 70% dos refugiados que necessitam de assist\u00eancia n\u00e3o est\u00e3o recebendo uma ra\u00e7\u00e3o completa devido \u00e0 escassez de financiamento.<\/p>\n\n\n\n<blockquote class=\"wp-block-quote is-layout-flow wp-block-quote-is-layout-flow\"><p><span class=\"has-inline-color has-luminous-vivid-orange-color\">&#8220;Refugiados e deslocados est\u00e3o no centro dos cortes de ra\u00e7\u00f5es alimentares, agravando uma situa\u00e7\u00e3o j\u00e1 desesperadora para milh\u00f5es de pessoas retiradas de suas casas e frequentemente dependentes de ajuda para sobreviver&#8221;, afirmou Clementine Nkweta-Salami, diretora do gabinete regional do Acnur para a \u00c1frica Oriental, Chifre da \u00c1frica e Grandes Lagos.<\/span><\/p><\/blockquote>\n\n\n\n<div class=\"wp-block-image\"><figure class=\"aligncenter size-large\"><img decoding=\"async\" src=\"https:\/\/jornalfatosenoticias.com.br\/wp-content\/uploads\/2020\/02\/logo_esteio.jpg\" alt=\"\" class=\"wp-image-1214\"\/><\/figure><\/div>\n\n\n\n<p>Al\u00e9m disso, as inunda\u00e7\u00f5es e secas est\u00e3o se tornando mais frequentes e intensas em n\u00edvel mundial e afetam gravemente pa\u00edses como Eti\u00f3pia, Qu\u00eania, Som\u00e1lia, Sud\u00e3o do Sul e Sud\u00e3o, agravando a inseguran\u00e7a alimentar.<\/p>\n\n\n\n<blockquote class=\"wp-block-quote is-layout-flow wp-block-quote-is-layout-flow\"><p><span class=\"has-inline-color has-luminous-vivid-orange-color\">&#8220;A infeliz realidade \u00e9 que a \u00c1frica Oriental enfrenta ano de necessidades humanit\u00e1rias sem precedentes&#8221;, afirmou Michael Dunford, diretor regional do PAM para a regi\u00e3o.<\/span><\/p><\/blockquote>\n\n\n\n<div class=\"wp-block-image\"><figure class=\"alignleft size-large is-resized\"><img loading=\"lazy\" decoding=\"async\" src=\"https:\/\/jornalfatosenoticias.com.br\/wp-content\/uploads\/2020\/02\/nova-logo-Marquetti.jpg\" alt=\"\" class=\"wp-image-22331\" width=\"256\" height=\"172\" srcset=\"https:\/\/jornalfatosenoticias.com.br\/wp-content\/uploads\/2020\/02\/nova-logo-Marquetti.jpg 643w, https:\/\/jornalfatosenoticias.com.br\/wp-content\/uploads\/2020\/02\/nova-logo-Marquetti-300x202.jpg 300w\" sizes=\"auto, (max-width: 256px) 100vw, 256px\" \/><\/figure><\/div>\n\n\n\n<p>&#8220;As necessidades crescentes s\u00e3o um reflexo do que vemos acontecer no mundo, e imploramos ao mundo que n\u00e3o vire as costas \u00e0 regi\u00e3o e, em particular, \u00e0s comunidades de refugiados extremamente vulner\u00e1veis, que t\u00eam acesso limitado a meios de subsist\u00eancia e dependem do PAM para sobreviver&#8221;, acrescentou.<br>Na \u00faltima d\u00e9cada, o n\u00famero de refugiados na \u00c1frica Oriental quase triplicou, de 1,82 milh\u00e3o, em 2012, para quase cinco milh\u00f5es atualmente, incluindo 300 mil novos refugiados s\u00f3 em 2021, de acordo com n\u00fameros da ONU.<br>Segundo a Acnur e o PAM, o crescimento do n\u00famero de refugiados n\u00e3o foi acompanhado pelo aumento dos recursos.<\/p>\n\n\n\n<div class=\"wp-block-image\"><figure class=\"aligncenter size-large is-resized\"><img loading=\"lazy\" decoding=\"async\" src=\"https:\/\/jornalfatosenoticias.com.br\/wp-content\/uploads\/2020\/02\/Serra-Grande-1024x160.png\" alt=\"\" class=\"wp-image-7836\" width=\"424\" height=\"66\"\/><\/figure><\/div>\n\n\n\n<p><strong><em>Fonte: <a href=\"https:\/\/agenciabrasil.ebc.com.br\/internacional\/noticia\/2022-04\/onu-alerta-que-guerra-agravara-realidade-de-refugiados-na-africa\">Ag\u00eancia Brasil<\/a><\/em><\/strong><\/p>\n","protected":false},"excerpt":{"rendered":"<p>Organiza\u00e7\u00e3o diz que aumento dos alimentos levar\u00e1 \u00e0 onda de fome A situa\u00e7\u00e3o dos refugiados e das pessoas deslocadas internamente na \u00c1frica Oriental ser\u00e1 agravada pelo aumento dos pre\u00e7os dos alimentos causado pela guerra na Ucr\u00e2nia, advertiu hoje (13) a Organiza\u00e7\u00e3o das Na\u00e7\u00f5es Unidas (ONU). &#8220;O conflito na Ucr\u00e2nia causar\u00e1 onda colateral de fome ao [&hellip;]<\/p>\n","protected":false},"author":2,"featured_media":29673,"comment_status":"open","ping_status":"open","sticky":false,"template":"","format":"standard","meta":{"footnotes":""},"categories":[41],"tags":[8179,182,1266,1203,4491,669,1869],"class_list":["post-29672","post","type-post","status-publish","format-standard","has-post-thumbnail","hentry","category-internacional","tag-acnur","tag-africa","tag-alerta","tag-fome","tag-guerra","tag-refugiados","tag-unicef"],"yoast_head":"<!-- This site is optimized with the Yoast SEO plugin v26.5 - https:\/\/yoast.com\/wordpress\/plugins\/seo\/ -->\n<title>ONU alerta que guerra agravar\u00e1 realidade de refugiados na \u00c1frica - Jornal Fatos e Not\u00edcias<\/title>\n<meta name=\"robots\" content=\"index, follow, max-snippet:-1, max-image-preview:large, max-video-preview:-1\" \/>\n<link rel=\"canonical\" href=\"https:\/\/jornalfatosenoticias.com.br\/index.php\/2022\/04\/13\/onu-alerta-que-guerra-agravara-realidade-de-refugiados-na-africa\/\" \/>\n<meta property=\"og:locale\" content=\"pt_BR\" \/>\n<meta property=\"og:type\" content=\"article\" \/>\n<meta property=\"og:title\" content=\"ONU alerta que guerra agravar\u00e1 realidade de refugiados na \u00c1frica - Jornal Fatos e Not\u00edcias\" \/>\n<meta property=\"og:description\" content=\"Organiza\u00e7\u00e3o diz que aumento dos alimentos levar\u00e1 \u00e0 onda de fome A situa\u00e7\u00e3o dos refugiados e das pessoas deslocadas internamente na \u00c1frica Oriental ser\u00e1 agravada pelo aumento dos pre\u00e7os dos alimentos causado pela guerra na Ucr\u00e2nia, advertiu hoje (13) a Organiza\u00e7\u00e3o das Na\u00e7\u00f5es Unidas (ONU). &#8220;O conflito na Ucr\u00e2nia causar\u00e1 onda colateral de fome ao [&hellip;]\" \/>\n<meta property=\"og:url\" content=\"https:\/\/jornalfatosenoticias.com.br\/index.php\/2022\/04\/13\/onu-alerta-que-guerra-agravara-realidade-de-refugiados-na-africa\/\" \/>\n<meta property=\"og:site_name\" content=\"Jornal Fatos e Not\u00edcias\" \/>\n<meta property=\"article:published_time\" content=\"2022-04-13T15:22:25+00:00\" \/>\n<meta property=\"article:modified_time\" content=\"2022-04-13T15:22:27+00:00\" \/>\n<meta property=\"og:image\" content=\"https:\/\/jornalfatosenoticias.com.br\/wp-content\/uploads\/2022\/04\/unicef-africa.jpg\" \/>\n\t<meta property=\"og:image:width\" content=\"1000\" \/>\n\t<meta property=\"og:image:height\" content=\"598\" \/>\n\t<meta property=\"og:image:type\" content=\"image\/jpeg\" \/>\n<meta name=\"author\" content=\"Luzimara Fernandes\" \/>\n<meta name=\"twitter:card\" content=\"summary_large_image\" \/>\n<meta name=\"twitter:label1\" content=\"Escrito por\" \/>\n\t<meta name=\"twitter:data1\" content=\"Luzimara Fernandes\" \/>\n\t<meta name=\"twitter:label2\" content=\"Est. tempo de leitura\" \/>\n\t<meta name=\"twitter:data2\" content=\"2 minutos\" \/>\n<script type=\"application\/ld+json\" class=\"yoast-schema-graph\">{\"@context\":\"https:\/\/schema.org\",\"@graph\":[{\"@type\":\"Article\",\"@id\":\"https:\/\/jornalfatosenoticias.com.br\/index.php\/2022\/04\/13\/onu-alerta-que-guerra-agravara-realidade-de-refugiados-na-africa\/#article\",\"isPartOf\":{\"@id\":\"https:\/\/jornalfatosenoticias.com.br\/index.php\/2022\/04\/13\/onu-alerta-que-guerra-agravara-realidade-de-refugiados-na-africa\/\"},\"author\":{\"name\":\"Luzimara Fernandes\",\"@id\":\"https:\/\/jornalfatosenoticias.com.br\/#\/schema\/person\/d63837fa13ac8666eb9e74e0985d6f81\"},\"headline\":\"ONU alerta que guerra agravar\u00e1 realidade de refugiados na \u00c1frica\",\"datePublished\":\"2022-04-13T15:22:25+00:00\",\"dateModified\":\"2022-04-13T15:22:27+00:00\",\"mainEntityOfPage\":{\"@id\":\"https:\/\/jornalfatosenoticias.com.br\/index.php\/2022\/04\/13\/onu-alerta-que-guerra-agravara-realidade-de-refugiados-na-africa\/\"},\"wordCount\":440,\"commentCount\":0,\"publisher\":{\"@id\":\"https:\/\/jornalfatosenoticias.com.br\/#organization\"},\"image\":{\"@id\":\"https:\/\/jornalfatosenoticias.com.br\/index.php\/2022\/04\/13\/onu-alerta-que-guerra-agravara-realidade-de-refugiados-na-africa\/#primaryimage\"},\"thumbnailUrl\":\"https:\/\/jornalfatosenoticias.com.br\/wp-content\/uploads\/2022\/04\/unicef-africa.jpg\",\"keywords\":[\"Acnur\",\"\u00e1frica\",\"alerta\",\"fome\",\"guerra\",\"refugiados\",\"Unicef\"],\"articleSection\":[\"Internacional\"],\"inLanguage\":\"pt-BR\",\"potentialAction\":[{\"@type\":\"CommentAction\",\"name\":\"Comment\",\"target\":[\"https:\/\/jornalfatosenoticias.com.br\/index.php\/2022\/04\/13\/onu-alerta-que-guerra-agravara-realidade-de-refugiados-na-africa\/#respond\"]}]},{\"@type\":\"WebPage\",\"@id\":\"https:\/\/jornalfatosenoticias.com.br\/index.php\/2022\/04\/13\/onu-alerta-que-guerra-agravara-realidade-de-refugiados-na-africa\/\",\"url\":\"https:\/\/jornalfatosenoticias.com.br\/index.php\/2022\/04\/13\/onu-alerta-que-guerra-agravara-realidade-de-refugiados-na-africa\/\",\"name\":\"ONU alerta que guerra agravar\u00e1 realidade de refugiados na \u00c1frica - Jornal Fatos e Not\u00edcias\",\"isPartOf\":{\"@id\":\"https:\/\/jornalfatosenoticias.com.br\/#website\"},\"primaryImageOfPage\":{\"@id\":\"https:\/\/jornalfatosenoticias.com.br\/index.php\/2022\/04\/13\/onu-alerta-que-guerra-agravara-realidade-de-refugiados-na-africa\/#primaryimage\"},\"image\":{\"@id\":\"https:\/\/jornalfatosenoticias.com.br\/index.php\/2022\/04\/13\/onu-alerta-que-guerra-agravara-realidade-de-refugiados-na-africa\/#primaryimage\"},\"thumbnailUrl\":\"https:\/\/jornalfatosenoticias.com.br\/wp-content\/uploads\/2022\/04\/unicef-africa.jpg\",\"datePublished\":\"2022-04-13T15:22:25+00:00\",\"dateModified\":\"2022-04-13T15:22:27+00:00\",\"breadcrumb\":{\"@id\":\"https:\/\/jornalfatosenoticias.com.br\/index.php\/2022\/04\/13\/onu-alerta-que-guerra-agravara-realidade-de-refugiados-na-africa\/#breadcrumb\"},\"inLanguage\":\"pt-BR\",\"potentialAction\":[{\"@type\":\"ReadAction\",\"target\":[\"https:\/\/jornalfatosenoticias.com.br\/index.php\/2022\/04\/13\/onu-alerta-que-guerra-agravara-realidade-de-refugiados-na-africa\/\"]}]},{\"@type\":\"ImageObject\",\"inLanguage\":\"pt-BR\",\"@id\":\"https:\/\/jornalfatosenoticias.com.br\/index.php\/2022\/04\/13\/onu-alerta-que-guerra-agravara-realidade-de-refugiados-na-africa\/#primaryimage\",\"url\":\"https:\/\/jornalfatosenoticias.com.br\/wp-content\/uploads\/2022\/04\/unicef-africa.jpg\",\"contentUrl\":\"https:\/\/jornalfatosenoticias.com.br\/wp-content\/uploads\/2022\/04\/unicef-africa.jpg\",\"width\":1000,\"height\":598},{\"@type\":\"BreadcrumbList\",\"@id\":\"https:\/\/jornalfatosenoticias.com.br\/index.php\/2022\/04\/13\/onu-alerta-que-guerra-agravara-realidade-de-refugiados-na-africa\/#breadcrumb\",\"itemListElement\":[{\"@type\":\"ListItem\",\"position\":1,\"name\":\"In\u00edcio\",\"item\":\"https:\/\/jornalfatosenoticias.com.br\/\"},{\"@type\":\"ListItem\",\"position\":2,\"name\":\"ONU alerta que guerra agravar\u00e1 realidade de refugiados na \u00c1frica\"}]},{\"@type\":\"WebSite\",\"@id\":\"https:\/\/jornalfatosenoticias.com.br\/#website\",\"url\":\"https:\/\/jornalfatosenoticias.com.br\/\",\"name\":\"Jornal Fatos e Not\u00edcias\",\"description\":\"Not\u00edcias em geral\",\"publisher\":{\"@id\":\"https:\/\/jornalfatosenoticias.com.br\/#organization\"},\"potentialAction\":[{\"@type\":\"SearchAction\",\"target\":{\"@type\":\"EntryPoint\",\"urlTemplate\":\"https:\/\/jornalfatosenoticias.com.br\/?s={search_term_string}\"},\"query-input\":{\"@type\":\"PropertyValueSpecification\",\"valueRequired\":true,\"valueName\":\"search_term_string\"}}],\"inLanguage\":\"pt-BR\"},{\"@type\":\"Organization\",\"@id\":\"https:\/\/jornalfatosenoticias.com.br\/#organization\",\"name\":\"Jornal Fatos e Not\u00edcias\",\"url\":\"https:\/\/jornalfatosenoticias.com.br\/\",\"logo\":{\"@type\":\"ImageObject\",\"inLanguage\":\"pt-BR\",\"@id\":\"https:\/\/jornalfatosenoticias.com.br\/#\/schema\/logo\/image\/\",\"url\":\"https:\/\/jornalfatosenoticias.com.br\/wp-content\/uploads\/2020\/02\/logo120.png\",\"contentUrl\":\"https:\/\/jornalfatosenoticias.com.br\/wp-content\/uploads\/2020\/02\/logo120.png\",\"width\":1227,\"height\":120,\"caption\":\"Jornal Fatos e Not\u00edcias\"},\"image\":{\"@id\":\"https:\/\/jornalfatosenoticias.com.br\/#\/schema\/logo\/image\/\"}},{\"@type\":\"Person\",\"@id\":\"https:\/\/jornalfatosenoticias.com.br\/#\/schema\/person\/d63837fa13ac8666eb9e74e0985d6f81\",\"name\":\"Luzimara Fernandes\",\"image\":{\"@type\":\"ImageObject\",\"inLanguage\":\"pt-BR\",\"@id\":\"https:\/\/jornalfatosenoticias.com.br\/#\/schema\/person\/image\/\",\"url\":\"https:\/\/jornalfatosenoticias.com.br\/wp-content\/uploads\/2025\/05\/EU_portal.jpg\",\"contentUrl\":\"https:\/\/jornalfatosenoticias.com.br\/wp-content\/uploads\/2025\/05\/EU_portal.jpg\",\"caption\":\"Luzimara Fernandes\"},\"description\":\"Jornalista MTB 2358-ES\",\"sameAs\":[\"https:\/\/jornalfatosenoticias.com.br\"],\"url\":\"https:\/\/jornalfatosenoticias.com.br\/index.php\/author\/luzimara\/\"}]}<\/script>\n<!-- \/ Yoast SEO plugin. -->","yoast_head_json":{"title":"ONU alerta que guerra agravar\u00e1 realidade de refugiados na \u00c1frica - Jornal Fatos e Not\u00edcias","robots":{"index":"index","follow":"follow","max-snippet":"max-snippet:-1","max-image-preview":"max-image-preview:large","max-video-preview":"max-video-preview:-1"},"canonical":"https:\/\/jornalfatosenoticias.com.br\/index.php\/2022\/04\/13\/onu-alerta-que-guerra-agravara-realidade-de-refugiados-na-africa\/","og_locale":"pt_BR","og_type":"article","og_title":"ONU alerta que guerra agravar\u00e1 realidade de refugiados na \u00c1frica - Jornal Fatos e Not\u00edcias","og_description":"Organiza\u00e7\u00e3o diz que aumento dos alimentos levar\u00e1 \u00e0 onda de fome A situa\u00e7\u00e3o dos refugiados e das pessoas deslocadas internamente na \u00c1frica Oriental ser\u00e1 agravada pelo aumento dos pre\u00e7os dos alimentos causado pela guerra na Ucr\u00e2nia, advertiu hoje (13) a Organiza\u00e7\u00e3o das Na\u00e7\u00f5es Unidas (ONU). &#8220;O conflito na Ucr\u00e2nia causar\u00e1 onda colateral de fome ao [&hellip;]","og_url":"https:\/\/jornalfatosenoticias.com.br\/index.php\/2022\/04\/13\/onu-alerta-que-guerra-agravara-realidade-de-refugiados-na-africa\/","og_site_name":"Jornal Fatos e Not\u00edcias","article_published_time":"2022-04-13T15:22:25+00:00","article_modified_time":"2022-04-13T15:22:27+00:00","og_image":[{"width":1000,"height":598,"url":"https:\/\/jornalfatosenoticias.com.br\/wp-content\/uploads\/2022\/04\/unicef-africa.jpg","type":"image\/jpeg"}],"author":"Luzimara Fernandes","twitter_card":"summary_large_image","twitter_misc":{"Escrito por":"Luzimara Fernandes","Est. tempo de leitura":"2 minutos"},"schema":{"@context":"https:\/\/schema.org","@graph":[{"@type":"Article","@id":"https:\/\/jornalfatosenoticias.com.br\/index.php\/2022\/04\/13\/onu-alerta-que-guerra-agravara-realidade-de-refugiados-na-africa\/#article","isPartOf":{"@id":"https:\/\/jornalfatosenoticias.com.br\/index.php\/2022\/04\/13\/onu-alerta-que-guerra-agravara-realidade-de-refugiados-na-africa\/"},"author":{"name":"Luzimara Fernandes","@id":"https:\/\/jornalfatosenoticias.com.br\/#\/schema\/person\/d63837fa13ac8666eb9e74e0985d6f81"},"headline":"ONU alerta que guerra agravar\u00e1 realidade de refugiados na \u00c1frica","datePublished":"2022-04-13T15:22:25+00:00","dateModified":"2022-04-13T15:22:27+00:00","mainEntityOfPage":{"@id":"https:\/\/jornalfatosenoticias.com.br\/index.php\/2022\/04\/13\/onu-alerta-que-guerra-agravara-realidade-de-refugiados-na-africa\/"},"wordCount":440,"commentCount":0,"publisher":{"@id":"https:\/\/jornalfatosenoticias.com.br\/#organization"},"image":{"@id":"https:\/\/jornalfatosenoticias.com.br\/index.php\/2022\/04\/13\/onu-alerta-que-guerra-agravara-realidade-de-refugiados-na-africa\/#primaryimage"},"thumbnailUrl":"https:\/\/jornalfatosenoticias.com.br\/wp-content\/uploads\/2022\/04\/unicef-africa.jpg","keywords":["Acnur","\u00e1frica","alerta","fome","guerra","refugiados","Unicef"],"articleSection":["Internacional"],"inLanguage":"pt-BR","potentialAction":[{"@type":"CommentAction","name":"Comment","target":["https:\/\/jornalfatosenoticias.com.br\/index.php\/2022\/04\/13\/onu-alerta-que-guerra-agravara-realidade-de-refugiados-na-africa\/#respond"]}]},{"@type":"WebPage","@id":"https:\/\/jornalfatosenoticias.com.br\/index.php\/2022\/04\/13\/onu-alerta-que-guerra-agravara-realidade-de-refugiados-na-africa\/","url":"https:\/\/jornalfatosenoticias.com.br\/index.php\/2022\/04\/13\/onu-alerta-que-guerra-agravara-realidade-de-refugiados-na-africa\/","name":"ONU alerta que guerra agravar\u00e1 realidade de refugiados na \u00c1frica - Jornal Fatos e Not\u00edcias","isPartOf":{"@id":"https:\/\/jornalfatosenoticias.com.br\/#website"},"primaryImageOfPage":{"@id":"https:\/\/jornalfatosenoticias.com.br\/index.php\/2022\/04\/13\/onu-alerta-que-guerra-agravara-realidade-de-refugiados-na-africa\/#primaryimage"},"image":{"@id":"https:\/\/jornalfatosenoticias.com.br\/index.php\/2022\/04\/13\/onu-alerta-que-guerra-agravara-realidade-de-refugiados-na-africa\/#primaryimage"},"thumbnailUrl":"https:\/\/jornalfatosenoticias.com.br\/wp-content\/uploads\/2022\/04\/unicef-africa.jpg","datePublished":"2022-04-13T15:22:25+00:00","dateModified":"2022-04-13T15:22:27+00:00","breadcrumb":{"@id":"https:\/\/jornalfatosenoticias.com.br\/index.php\/2022\/04\/13\/onu-alerta-que-guerra-agravara-realidade-de-refugiados-na-africa\/#breadcrumb"},"inLanguage":"pt-BR","potentialAction":[{"@type":"ReadAction","target":["https:\/\/jornalfatosenoticias.com.br\/index.php\/2022\/04\/13\/onu-alerta-que-guerra-agravara-realidade-de-refugiados-na-africa\/"]}]},{"@type":"ImageObject","inLanguage":"pt-BR","@id":"https:\/\/jornalfatosenoticias.com.br\/index.php\/2022\/04\/13\/onu-alerta-que-guerra-agravara-realidade-de-refugiados-na-africa\/#primaryimage","url":"https:\/\/jornalfatosenoticias.com.br\/wp-content\/uploads\/2022\/04\/unicef-africa.jpg","contentUrl":"https:\/\/jornalfatosenoticias.com.br\/wp-content\/uploads\/2022\/04\/unicef-africa.jpg","width":1000,"height":598},{"@type":"BreadcrumbList","@id":"https:\/\/jornalfatosenoticias.com.br\/index.php\/2022\/04\/13\/onu-alerta-que-guerra-agravara-realidade-de-refugiados-na-africa\/#breadcrumb","itemListElement":[{"@type":"ListItem","position":1,"name":"In\u00edcio","item":"https:\/\/jornalfatosenoticias.com.br\/"},{"@type":"ListItem","position":2,"name":"ONU alerta que guerra agravar\u00e1 realidade de refugiados na \u00c1frica"}]},{"@type":"WebSite","@id":"https:\/\/jornalfatosenoticias.com.br\/#website","url":"https:\/\/jornalfatosenoticias.com.br\/","name":"Jornal Fatos e Not\u00edcias","description":"Not\u00edcias em geral","publisher":{"@id":"https:\/\/jornalfatosenoticias.com.br\/#organization"},"potentialAction":[{"@type":"SearchAction","target":{"@type":"EntryPoint","urlTemplate":"https:\/\/jornalfatosenoticias.com.br\/?s={search_term_string}"},"query-input":{"@type":"PropertyValueSpecification","valueRequired":true,"valueName":"search_term_string"}}],"inLanguage":"pt-BR"},{"@type":"Organization","@id":"https:\/\/jornalfatosenoticias.com.br\/#organization","name":"Jornal Fatos e Not\u00edcias","url":"https:\/\/jornalfatosenoticias.com.br\/","logo":{"@type":"ImageObject","inLanguage":"pt-BR","@id":"https:\/\/jornalfatosenoticias.com.br\/#\/schema\/logo\/image\/","url":"https:\/\/jornalfatosenoticias.com.br\/wp-content\/uploads\/2020\/02\/logo120.png","contentUrl":"https:\/\/jornalfatosenoticias.com.br\/wp-content\/uploads\/2020\/02\/logo120.png","width":1227,"height":120,"caption":"Jornal Fatos e Not\u00edcias"},"image":{"@id":"https:\/\/jornalfatosenoticias.com.br\/#\/schema\/logo\/image\/"}},{"@type":"Person","@id":"https:\/\/jornalfatosenoticias.com.br\/#\/schema\/person\/d63837fa13ac8666eb9e74e0985d6f81","name":"Luzimara Fernandes","image":{"@type":"ImageObject","inLanguage":"pt-BR","@id":"https:\/\/jornalfatosenoticias.com.br\/#\/schema\/person\/image\/","url":"https:\/\/jornalfatosenoticias.com.br\/wp-content\/uploads\/2025\/05\/EU_portal.jpg","contentUrl":"https:\/\/jornalfatosenoticias.com.br\/wp-content\/uploads\/2025\/05\/EU_portal.jpg","caption":"Luzimara Fernandes"},"description":"Jornalista MTB 2358-ES","sameAs":["https:\/\/jornalfatosenoticias.com.br"],"url":"https:\/\/jornalfatosenoticias.com.br\/index.php\/author\/luzimara\/"}]}},"cc_featured_image_caption":{"caption_text":"(Foto: Unicef\/J. Ose\/Arquivo) ","source_text":"","source_url":""},"jetpack_featured_media_url":"https:\/\/jornalfatosenoticias.com.br\/wp-content\/uploads\/2022\/04\/unicef-africa.jpg","_links":{"self":[{"href":"https:\/\/jornalfatosenoticias.com.br\/index.php\/wp-json\/wp\/v2\/posts\/29672","targetHints":{"allow":["GET"]}}],"collection":[{"href":"https:\/\/jornalfatosenoticias.com.br\/index.php\/wp-json\/wp\/v2\/posts"}],"about":[{"href":"https:\/\/jornalfatosenoticias.com.br\/index.php\/wp-json\/wp\/v2\/types\/post"}],"author":[{"embeddable":true,"href":"https:\/\/jornalfatosenoticias.com.br\/index.php\/wp-json\/wp\/v2\/users\/2"}],"replies":[{"embeddable":true,"href":"https:\/\/jornalfatosenoticias.com.br\/index.php\/wp-json\/wp\/v2\/comments?post=29672"}],"version-history":[{"count":0,"href":"https:\/\/jornalfatosenoticias.com.br\/index.php\/wp-json\/wp\/v2\/posts\/29672\/revisions"}],"wp:featuredmedia":[{"embeddable":true,"href":"https:\/\/jornalfatosenoticias.com.br\/index.php\/wp-json\/wp\/v2\/media\/29673"}],"wp:attachment":[{"href":"https:\/\/jornalfatosenoticias.com.br\/index.php\/wp-json\/wp\/v2\/media?parent=29672"}],"wp:term":[{"taxonomy":"category","embeddable":true,"href":"https:\/\/jornalfatosenoticias.com.br\/index.php\/wp-json\/wp\/v2\/categories?post=29672"},{"taxonomy":"post_tag","embeddable":true,"href":"https:\/\/jornalfatosenoticias.com.br\/index.php\/wp-json\/wp\/v2\/tags?post=29672"}],"curies":[{"name":"wp","href":"https:\/\/api.w.org\/{rel}","templated":true}]}}