{"id":29675,"date":"2022-04-13T12:44:37","date_gmt":"2022-04-13T15:44:37","guid":{"rendered":"https:\/\/jornalfatosenoticias.com.br\/?p=29675"},"modified":"2022-04-13T12:44:37","modified_gmt":"2022-04-13T15:44:37","slug":"brasil-registra-reciclagem-de-987-de-latas-de-aluminio-em-2021","status":"publish","type":"post","link":"https:\/\/jornalfatosenoticias.com.br\/index.php\/2022\/04\/13\/brasil-registra-reciclagem-de-987-de-latas-de-aluminio-em-2021\/","title":{"rendered":"Brasil registra reciclagem de 98,7% de latas de alum\u00ednio em 2021"},"content":{"rendered":"\n<p><span class=\"has-inline-color has-black-color\"><em>\u00cdndice \u00e9 o maior j\u00e1 alcan\u00e7ado pelo setor<\/em><\/span><\/p>\n\n\n\n<div class=\"wp-block-image\"><figure class=\"aligncenter size-large is-resized\"><img loading=\"lazy\" decoding=\"async\" src=\"https:\/\/jornalfatosenoticias.com.br\/wp-content\/uploads\/2022\/02\/Serra-Pack-459.png\" alt=\"\" class=\"wp-image-27471\" width=\"295\" height=\"118\"\/><\/figure><\/div>\n\n\n\n<p>O Brasil reciclou aproximadamente 33 bilh\u00f5es de latinhas de alum\u00ednio em 2021, o que representa 98,7% de reaproveitamento do material produzido ao longo do ano. Os n\u00fameros foram divulgados nesta quarta-feira (13) pela Associa\u00e7\u00e3o Brasileira do Alum\u00ednio (Abal) e a Associa\u00e7\u00e3o Brasileira dos Fabricantes de Latas de Alum\u00ednio (Abralatas).<br>As duas entidades formam juntas a Recicla Latas, organiza\u00e7\u00e3o que atua como gestora do termo de compromisso para o aperfei\u00e7oamento do sistema de log\u00edstica reversa de latas de alum\u00ednio para bebidas. Esse termo foi firmado pelas associa\u00e7\u00f5es do setor com o Minist\u00e9rio do Meio Ambiente em 2020. Nele, as associa\u00e7\u00f5es garantiram a manuten\u00e7\u00e3o do \u00edndice de reciclagem das latinhas no patamar de 95%, em cumprimento \u00e0 Pol\u00edtica Nacional de Res\u00edduos S\u00f3lidos (PNRS). A log\u00edstica reversa \u00e9 o processo de reinser\u00e7\u00e3o do material descartado na cadeia produtiva.<\/p>\n\n\n\n<div class=\"wp-block-image\"><figure class=\"aligncenter size-large is-resized\"><img loading=\"lazy\" decoding=\"async\" src=\"https:\/\/jornalfatosenoticias.com.br\/wp-content\/uploads\/2022\/02\/Precisao-Contabilidade-1024x724.jpg\" alt=\"\" class=\"wp-image-28088\" width=\"345\" height=\"244\"\/><\/figure><\/div>\n\n\n\n<blockquote class=\"wp-block-quote is-layout-flow wp-block-quote-is-layout-flow\"><p><span class=\"has-inline-color has-luminous-vivid-orange-color\">Segundo as entidades, trata-se do maior \u00edndice da hist\u00f3ria da reciclagem de latas no Pa\u00eds, desde o in\u00edcio do mapeamento em 1990, sendo tamb\u00e9m um dos maiores do mundo. De um total de 33,4 bilh\u00f5es de latas vendidas, cerca de 33 bilh\u00f5es foram coletadas para o processo de reciclagem. Com isso, aproximadamente 1,9 milh\u00e3o de toneladas de gases de efeito estufa deixaram de ser emitidos na atmosfera, de acordo com c\u00e1lculos das associa\u00e7\u00f5es empresariais.<\/span><\/p><\/blockquote>\n\n\n\n<div class=\"wp-block-image\"><figure class=\"aligncenter size-large is-resized\"><img loading=\"lazy\" decoding=\"async\" src=\"https:\/\/jornalfatosenoticias.com.br\/wp-content\/uploads\/2022\/02\/Banner-1-1024x101.png\" alt=\"\" class=\"wp-image-27923\" width=\"474\" height=\"46\"\/><\/figure><\/div>\n\n\n\n<p>As taxas de reciclagem de alum\u00ednio no Brasil s\u00e3o consideradas exemplares, especialmente nos \u00faltimos anos, com \u00edndices que superam os 96% de latinhas reaproveitadas, ap\u00f3s cumprirem seu ciclo de produ\u00e7\u00e3o, consumo e descarte. Esse ciclo de vida costuma ser curto, aproximadamente 60 dias separam a fabrica\u00e7\u00e3o de uma nova latinha de alum\u00ednio e seu retorno, como mat\u00e9ria prima, para a ind\u00fastria.<\/p>\n\n\n\n<blockquote class=\"wp-block-quote is-layout-flow wp-block-quote-is-layout-flow\"><p><span class=\"has-inline-color has-luminous-vivid-orange-color\">\u201cH\u00e1 mais de dez anos, o \u00edndice de reciclagem de latas de alum\u00ednio se encontra em patamares superiores a 96%. O Brasil \u00e9 benchmark (refer\u00eancia) no setor para o mundo, gra\u00e7as aos esfor\u00e7os conjuntos de toda a cadeia de suprimento e dos investimentos da ind\u00fastria do alum\u00ednio na moderniza\u00e7\u00e3o do setor e na amplia\u00e7\u00e3o dos centros de coleta e reciclagem\u201d, destaca Jana\u00edna Donas, presidente da Abal.<\/span><\/p><\/blockquote>\n\n\n\n<div class=\"wp-block-image\"><figure class=\"alignleft size-large is-resized\"><img loading=\"lazy\" decoding=\"async\" src=\"https:\/\/jornalfatosenoticias.com.br\/wp-content\/uploads\/2022\/03\/logo-Suinco-1024x390.jpg\" alt=\"\" class=\"wp-image-28785\" width=\"349\" height=\"132\"\/><\/figure><\/div>\n\n\n\n<p><strong><span class=\"has-inline-color has-vivid-red-color\">\u00cdndice geral baixo<br><\/span><\/strong>Apesar dos excelentes resultados do setor de alum\u00ednio, a <a href=\"https:\/\/agenciabrasil.ebc.com.br\/internacional\/noticia\/2019-03\/brasil-e-o-4o-pais-que-mais-produz-lixo-no-mundo-diz-wwf]\" target=\"_blank\" rel=\"noreferrer noopener\"><strong>reciclagem<\/strong><\/a>\u00a0de outros produtos largamente consumidos no pa\u00eds \u00e9 baixa. O caso mais desafiador \u00e9 o do pl\u00e1stico. Apesar de ser o quarto maior consumidor da mat\u00e9ria-prima no mundo, o Brasil recicla apenas 1,29% de pl\u00e1stico, segundo estudo da WWF Brasil com dados do Banco Mundial, divulgado em 2019.\u00a0O percentual difere bastante dos n\u00fameros informados pela Associa\u00e7\u00e3o Brasileira da Ind\u00fastria de Pl\u00e1stico (Abiplast), que indica\u00a0que pouco mais 23% dos\u00a0<a href=\"http:\/\/www.abiplast.org.br\/noticias\/estudo-aponta-que-231-dos-residuos-plasticos-pos-consumo-foram-reciclados-em-2020-no-brasil\/\" target=\"_blank\" rel=\"noreferrer noopener\"><strong>res\u00edduos pl\u00e1sticos<\/strong><\/a>\u00a0s\u00e3o reciclados no Pa\u00eds, segundo n\u00fameros de 2020.<br>Seja como for, o \u00edndice geral de reciclagem dos res\u00edduos s\u00f3lidos no pa\u00eds ainda \u00e9 de cerca de 5,3% do total potencialmente recuper\u00e1vel, segundo dados do Sistema Nacional de Informa\u00e7\u00f5es sobre Saneamento (SNIS). O levantamento consta da edi\u00e7\u00e3o mais recente do <strong><a href=\"http:\/\/www.snis.gov.br\/downloads\/diagnosticos\/rs\/2020\/DIAGNOSTICO_TEMATICO_VISAO_GERAL_RS_SNIS_2021.pdf\" target=\"_blank\" rel=\"noreferrer noopener\">Diagn\u00f3stico de Manejo de Res\u00edduos S\u00f3lidos Urbanos<\/a><\/strong>, publicado em dezembro do ano passado, mas com dados consolidados de 2020.<\/p>\n\n\n\n<div class=\"wp-block-image\"><figure class=\"aligncenter size-large is-resized\"><img loading=\"lazy\" decoding=\"async\" src=\"https:\/\/jornalfatosenoticias.com.br\/wp-content\/uploads\/2022\/02\/Arte-Autoescola-Galatas_endereco_portal-1024x103.png\" alt=\"\" class=\"wp-image-27869\" width=\"507\" height=\"51\" srcset=\"https:\/\/jornalfatosenoticias.com.br\/wp-content\/uploads\/2022\/02\/Arte-Autoescola-Galatas_endereco_portal-1024x103.png 1024w, https:\/\/jornalfatosenoticias.com.br\/wp-content\/uploads\/2022\/02\/Arte-Autoescola-Galatas_endereco_portal-300x30.png 300w, https:\/\/jornalfatosenoticias.com.br\/wp-content\/uploads\/2022\/02\/Arte-Autoescola-Galatas_endereco_portal-768x77.png 768w, https:\/\/jornalfatosenoticias.com.br\/wp-content\/uploads\/2022\/02\/Arte-Autoescola-Galatas_endereco_portal.png 1223w\" sizes=\"auto, (max-width: 507px) 100vw, 507px\" \/><\/figure><\/div>\n\n\n\n<p><em><strong>Fonte: <a href=\"https:\/\/agenciabrasil.ebc.com.br\/geral\/noticia\/2022-04\/brasil-registra-reciclagem-de-987-de-latas-de-aluminio-em-2021\">Ag\u00eancia Brasil<\/a><\/strong><\/em><\/p>\n","protected":false},"excerpt":{"rendered":"<p>\u00cdndice \u00e9 o maior j\u00e1 alcan\u00e7ado pelo setor O Brasil reciclou aproximadamente 33 bilh\u00f5es de latinhas de alum\u00ednio em 2021, o que representa 98,7% de reaproveitamento do material produzido ao longo do ano. Os n\u00fameros foram divulgados nesta quarta-feira (13) pela Associa\u00e7\u00e3o Brasileira do Alum\u00ednio (Abal) e a Associa\u00e7\u00e3o Brasileira dos Fabricantes de Latas de [&hellip;]<\/p>\n","protected":false},"author":2,"featured_media":29676,"comment_status":"open","ping_status":"open","sticky":false,"template":"","format":"standard","meta":{"footnotes":""},"categories":[5],"tags":[14095,14096,14097,6399,2851,8789],"class_list":["post-29675","post","type-post","status-publish","format-standard","has-post-thumbnail","hentry","category-geral","tag-abal","tag-abralatas","tag-aluminio","tag-latas","tag-reciclagem","tag-reciclagem-de-latinhas"],"yoast_head":"<!-- This site is optimized with the Yoast SEO plugin v26.5 - https:\/\/yoast.com\/wordpress\/plugins\/seo\/ -->\n<title>Brasil registra reciclagem de 98,7% de latas de alum\u00ednio em 2021 - Jornal Fatos e Not\u00edcias<\/title>\n<meta name=\"robots\" content=\"index, follow, max-snippet:-1, max-image-preview:large, max-video-preview:-1\" \/>\n<link rel=\"canonical\" href=\"https:\/\/jornalfatosenoticias.com.br\/index.php\/2022\/04\/13\/brasil-registra-reciclagem-de-987-de-latas-de-aluminio-em-2021\/\" \/>\n<meta property=\"og:locale\" content=\"pt_BR\" \/>\n<meta property=\"og:type\" content=\"article\" \/>\n<meta property=\"og:title\" content=\"Brasil registra reciclagem de 98,7% de latas de alum\u00ednio em 2021 - Jornal Fatos e Not\u00edcias\" \/>\n<meta property=\"og:description\" content=\"\u00cdndice \u00e9 o maior j\u00e1 alcan\u00e7ado pelo setor O Brasil reciclou aproximadamente 33 bilh\u00f5es de latinhas de alum\u00ednio em 2021, o que representa 98,7% de reaproveitamento do material produzido ao longo do ano. Os n\u00fameros foram divulgados nesta quarta-feira (13) pela Associa\u00e7\u00e3o Brasileira do Alum\u00ednio (Abal) e a Associa\u00e7\u00e3o Brasileira dos Fabricantes de Latas de [&hellip;]\" \/>\n<meta property=\"og:url\" content=\"https:\/\/jornalfatosenoticias.com.br\/index.php\/2022\/04\/13\/brasil-registra-reciclagem-de-987-de-latas-de-aluminio-em-2021\/\" \/>\n<meta property=\"og:site_name\" content=\"Jornal Fatos e Not\u00edcias\" \/>\n<meta property=\"article:published_time\" content=\"2022-04-13T15:44:37+00:00\" \/>\n<meta property=\"og:image\" content=\"https:\/\/jornalfatosenoticias.com.br\/wp-content\/uploads\/2022\/04\/reciclagem.jpg\" \/>\n\t<meta property=\"og:image:width\" content=\"1000\" \/>\n\t<meta property=\"og:image:height\" content=\"598\" \/>\n\t<meta property=\"og:image:type\" content=\"image\/jpeg\" \/>\n<meta name=\"author\" content=\"Luzimara Fernandes\" \/>\n<meta name=\"twitter:card\" content=\"summary_large_image\" \/>\n<meta name=\"twitter:label1\" content=\"Escrito por\" \/>\n\t<meta name=\"twitter:data1\" content=\"Luzimara Fernandes\" \/>\n\t<meta name=\"twitter:label2\" content=\"Est. tempo de leitura\" \/>\n\t<meta name=\"twitter:data2\" content=\"3 minutos\" \/>\n<script type=\"application\/ld+json\" class=\"yoast-schema-graph\">{\"@context\":\"https:\/\/schema.org\",\"@graph\":[{\"@type\":\"Article\",\"@id\":\"https:\/\/jornalfatosenoticias.com.br\/index.php\/2022\/04\/13\/brasil-registra-reciclagem-de-987-de-latas-de-aluminio-em-2021\/#article\",\"isPartOf\":{\"@id\":\"https:\/\/jornalfatosenoticias.com.br\/index.php\/2022\/04\/13\/brasil-registra-reciclagem-de-987-de-latas-de-aluminio-em-2021\/\"},\"author\":{\"name\":\"Luzimara Fernandes\",\"@id\":\"https:\/\/jornalfatosenoticias.com.br\/#\/schema\/person\/d63837fa13ac8666eb9e74e0985d6f81\"},\"headline\":\"Brasil registra reciclagem de 98,7% de latas de alum\u00ednio em 2021\",\"datePublished\":\"2022-04-13T15:44:37+00:00\",\"mainEntityOfPage\":{\"@id\":\"https:\/\/jornalfatosenoticias.com.br\/index.php\/2022\/04\/13\/brasil-registra-reciclagem-de-987-de-latas-de-aluminio-em-2021\/\"},\"wordCount\":555,\"commentCount\":0,\"publisher\":{\"@id\":\"https:\/\/jornalfatosenoticias.com.br\/#organization\"},\"image\":{\"@id\":\"https:\/\/jornalfatosenoticias.com.br\/index.php\/2022\/04\/13\/brasil-registra-reciclagem-de-987-de-latas-de-aluminio-em-2021\/#primaryimage\"},\"thumbnailUrl\":\"https:\/\/jornalfatosenoticias.com.br\/wp-content\/uploads\/2022\/04\/reciclagem.jpg\",\"keywords\":[\"Abal\",\"Abralatas\",\"alum\u00ednio\",\"latas\",\"reciclagem\",\"reciclagem de latinhas\"],\"articleSection\":[\"Geral\"],\"inLanguage\":\"pt-BR\",\"potentialAction\":[{\"@type\":\"CommentAction\",\"name\":\"Comment\",\"target\":[\"https:\/\/jornalfatosenoticias.com.br\/index.php\/2022\/04\/13\/brasil-registra-reciclagem-de-987-de-latas-de-aluminio-em-2021\/#respond\"]}]},{\"@type\":\"WebPage\",\"@id\":\"https:\/\/jornalfatosenoticias.com.br\/index.php\/2022\/04\/13\/brasil-registra-reciclagem-de-987-de-latas-de-aluminio-em-2021\/\",\"url\":\"https:\/\/jornalfatosenoticias.com.br\/index.php\/2022\/04\/13\/brasil-registra-reciclagem-de-987-de-latas-de-aluminio-em-2021\/\",\"name\":\"Brasil registra reciclagem de 98,7% de latas de alum\u00ednio em 2021 - Jornal Fatos e Not\u00edcias\",\"isPartOf\":{\"@id\":\"https:\/\/jornalfatosenoticias.com.br\/#website\"},\"primaryImageOfPage\":{\"@id\":\"https:\/\/jornalfatosenoticias.com.br\/index.php\/2022\/04\/13\/brasil-registra-reciclagem-de-987-de-latas-de-aluminio-em-2021\/#primaryimage\"},\"image\":{\"@id\":\"https:\/\/jornalfatosenoticias.com.br\/index.php\/2022\/04\/13\/brasil-registra-reciclagem-de-987-de-latas-de-aluminio-em-2021\/#primaryimage\"},\"thumbnailUrl\":\"https:\/\/jornalfatosenoticias.com.br\/wp-content\/uploads\/2022\/04\/reciclagem.jpg\",\"datePublished\":\"2022-04-13T15:44:37+00:00\",\"breadcrumb\":{\"@id\":\"https:\/\/jornalfatosenoticias.com.br\/index.php\/2022\/04\/13\/brasil-registra-reciclagem-de-987-de-latas-de-aluminio-em-2021\/#breadcrumb\"},\"inLanguage\":\"pt-BR\",\"potentialAction\":[{\"@type\":\"ReadAction\",\"target\":[\"https:\/\/jornalfatosenoticias.com.br\/index.php\/2022\/04\/13\/brasil-registra-reciclagem-de-987-de-latas-de-aluminio-em-2021\/\"]}]},{\"@type\":\"ImageObject\",\"inLanguage\":\"pt-BR\",\"@id\":\"https:\/\/jornalfatosenoticias.com.br\/index.php\/2022\/04\/13\/brasil-registra-reciclagem-de-987-de-latas-de-aluminio-em-2021\/#primaryimage\",\"url\":\"https:\/\/jornalfatosenoticias.com.br\/wp-content\/uploads\/2022\/04\/reciclagem.jpg\",\"contentUrl\":\"https:\/\/jornalfatosenoticias.com.br\/wp-content\/uploads\/2022\/04\/reciclagem.jpg\",\"width\":1000,\"height\":598,\"caption\":\"S\u00e3o Paulo - Latas de alum\u00ednio destinadas a reciclagem.\"},{\"@type\":\"BreadcrumbList\",\"@id\":\"https:\/\/jornalfatosenoticias.com.br\/index.php\/2022\/04\/13\/brasil-registra-reciclagem-de-987-de-latas-de-aluminio-em-2021\/#breadcrumb\",\"itemListElement\":[{\"@type\":\"ListItem\",\"position\":1,\"name\":\"In\u00edcio\",\"item\":\"https:\/\/jornalfatosenoticias.com.br\/\"},{\"@type\":\"ListItem\",\"position\":2,\"name\":\"Brasil registra reciclagem de 98,7% de latas de alum\u00ednio em 2021\"}]},{\"@type\":\"WebSite\",\"@id\":\"https:\/\/jornalfatosenoticias.com.br\/#website\",\"url\":\"https:\/\/jornalfatosenoticias.com.br\/\",\"name\":\"Jornal Fatos e Not\u00edcias\",\"description\":\"Not\u00edcias em geral\",\"publisher\":{\"@id\":\"https:\/\/jornalfatosenoticias.com.br\/#organization\"},\"potentialAction\":[{\"@type\":\"SearchAction\",\"target\":{\"@type\":\"EntryPoint\",\"urlTemplate\":\"https:\/\/jornalfatosenoticias.com.br\/?s={search_term_string}\"},\"query-input\":{\"@type\":\"PropertyValueSpecification\",\"valueRequired\":true,\"valueName\":\"search_term_string\"}}],\"inLanguage\":\"pt-BR\"},{\"@type\":\"Organization\",\"@id\":\"https:\/\/jornalfatosenoticias.com.br\/#organization\",\"name\":\"Jornal Fatos e Not\u00edcias\",\"url\":\"https:\/\/jornalfatosenoticias.com.br\/\",\"logo\":{\"@type\":\"ImageObject\",\"inLanguage\":\"pt-BR\",\"@id\":\"https:\/\/jornalfatosenoticias.com.br\/#\/schema\/logo\/image\/\",\"url\":\"https:\/\/jornalfatosenoticias.com.br\/wp-content\/uploads\/2020\/02\/logo120.png\",\"contentUrl\":\"https:\/\/jornalfatosenoticias.com.br\/wp-content\/uploads\/2020\/02\/logo120.png\",\"width\":1227,\"height\":120,\"caption\":\"Jornal Fatos e Not\u00edcias\"},\"image\":{\"@id\":\"https:\/\/jornalfatosenoticias.com.br\/#\/schema\/logo\/image\/\"}},{\"@type\":\"Person\",\"@id\":\"https:\/\/jornalfatosenoticias.com.br\/#\/schema\/person\/d63837fa13ac8666eb9e74e0985d6f81\",\"name\":\"Luzimara Fernandes\",\"image\":{\"@type\":\"ImageObject\",\"inLanguage\":\"pt-BR\",\"@id\":\"https:\/\/jornalfatosenoticias.com.br\/#\/schema\/person\/image\/\",\"url\":\"https:\/\/jornalfatosenoticias.com.br\/wp-content\/uploads\/2025\/05\/EU_portal.jpg\",\"contentUrl\":\"https:\/\/jornalfatosenoticias.com.br\/wp-content\/uploads\/2025\/05\/EU_portal.jpg\",\"caption\":\"Luzimara Fernandes\"},\"description\":\"Jornalista MTB 2358-ES\",\"sameAs\":[\"https:\/\/jornalfatosenoticias.com.br\"],\"url\":\"https:\/\/jornalfatosenoticias.com.br\/index.php\/author\/luzimara\/\"}]}<\/script>\n<!-- \/ Yoast SEO plugin. -->","yoast_head_json":{"title":"Brasil registra reciclagem de 98,7% de latas de alum\u00ednio em 2021 - Jornal Fatos e Not\u00edcias","robots":{"index":"index","follow":"follow","max-snippet":"max-snippet:-1","max-image-preview":"max-image-preview:large","max-video-preview":"max-video-preview:-1"},"canonical":"https:\/\/jornalfatosenoticias.com.br\/index.php\/2022\/04\/13\/brasil-registra-reciclagem-de-987-de-latas-de-aluminio-em-2021\/","og_locale":"pt_BR","og_type":"article","og_title":"Brasil registra reciclagem de 98,7% de latas de alum\u00ednio em 2021 - Jornal Fatos e Not\u00edcias","og_description":"\u00cdndice \u00e9 o maior j\u00e1 alcan\u00e7ado pelo setor O Brasil reciclou aproximadamente 33 bilh\u00f5es de latinhas de alum\u00ednio em 2021, o que representa 98,7% de reaproveitamento do material produzido ao longo do ano. Os n\u00fameros foram divulgados nesta quarta-feira (13) pela Associa\u00e7\u00e3o Brasileira do Alum\u00ednio (Abal) e a Associa\u00e7\u00e3o Brasileira dos Fabricantes de Latas de [&hellip;]","og_url":"https:\/\/jornalfatosenoticias.com.br\/index.php\/2022\/04\/13\/brasil-registra-reciclagem-de-987-de-latas-de-aluminio-em-2021\/","og_site_name":"Jornal Fatos e Not\u00edcias","article_published_time":"2022-04-13T15:44:37+00:00","og_image":[{"width":1000,"height":598,"url":"https:\/\/jornalfatosenoticias.com.br\/wp-content\/uploads\/2022\/04\/reciclagem.jpg","type":"image\/jpeg"}],"author":"Luzimara Fernandes","twitter_card":"summary_large_image","twitter_misc":{"Escrito por":"Luzimara Fernandes","Est. tempo de leitura":"3 minutos"},"schema":{"@context":"https:\/\/schema.org","@graph":[{"@type":"Article","@id":"https:\/\/jornalfatosenoticias.com.br\/index.php\/2022\/04\/13\/brasil-registra-reciclagem-de-987-de-latas-de-aluminio-em-2021\/#article","isPartOf":{"@id":"https:\/\/jornalfatosenoticias.com.br\/index.php\/2022\/04\/13\/brasil-registra-reciclagem-de-987-de-latas-de-aluminio-em-2021\/"},"author":{"name":"Luzimara Fernandes","@id":"https:\/\/jornalfatosenoticias.com.br\/#\/schema\/person\/d63837fa13ac8666eb9e74e0985d6f81"},"headline":"Brasil registra reciclagem de 98,7% de latas de alum\u00ednio em 2021","datePublished":"2022-04-13T15:44:37+00:00","mainEntityOfPage":{"@id":"https:\/\/jornalfatosenoticias.com.br\/index.php\/2022\/04\/13\/brasil-registra-reciclagem-de-987-de-latas-de-aluminio-em-2021\/"},"wordCount":555,"commentCount":0,"publisher":{"@id":"https:\/\/jornalfatosenoticias.com.br\/#organization"},"image":{"@id":"https:\/\/jornalfatosenoticias.com.br\/index.php\/2022\/04\/13\/brasil-registra-reciclagem-de-987-de-latas-de-aluminio-em-2021\/#primaryimage"},"thumbnailUrl":"https:\/\/jornalfatosenoticias.com.br\/wp-content\/uploads\/2022\/04\/reciclagem.jpg","keywords":["Abal","Abralatas","alum\u00ednio","latas","reciclagem","reciclagem de latinhas"],"articleSection":["Geral"],"inLanguage":"pt-BR","potentialAction":[{"@type":"CommentAction","name":"Comment","target":["https:\/\/jornalfatosenoticias.com.br\/index.php\/2022\/04\/13\/brasil-registra-reciclagem-de-987-de-latas-de-aluminio-em-2021\/#respond"]}]},{"@type":"WebPage","@id":"https:\/\/jornalfatosenoticias.com.br\/index.php\/2022\/04\/13\/brasil-registra-reciclagem-de-987-de-latas-de-aluminio-em-2021\/","url":"https:\/\/jornalfatosenoticias.com.br\/index.php\/2022\/04\/13\/brasil-registra-reciclagem-de-987-de-latas-de-aluminio-em-2021\/","name":"Brasil registra reciclagem de 98,7% de latas de alum\u00ednio em 2021 - Jornal Fatos e Not\u00edcias","isPartOf":{"@id":"https:\/\/jornalfatosenoticias.com.br\/#website"},"primaryImageOfPage":{"@id":"https:\/\/jornalfatosenoticias.com.br\/index.php\/2022\/04\/13\/brasil-registra-reciclagem-de-987-de-latas-de-aluminio-em-2021\/#primaryimage"},"image":{"@id":"https:\/\/jornalfatosenoticias.com.br\/index.php\/2022\/04\/13\/brasil-registra-reciclagem-de-987-de-latas-de-aluminio-em-2021\/#primaryimage"},"thumbnailUrl":"https:\/\/jornalfatosenoticias.com.br\/wp-content\/uploads\/2022\/04\/reciclagem.jpg","datePublished":"2022-04-13T15:44:37+00:00","breadcrumb":{"@id":"https:\/\/jornalfatosenoticias.com.br\/index.php\/2022\/04\/13\/brasil-registra-reciclagem-de-987-de-latas-de-aluminio-em-2021\/#breadcrumb"},"inLanguage":"pt-BR","potentialAction":[{"@type":"ReadAction","target":["https:\/\/jornalfatosenoticias.com.br\/index.php\/2022\/04\/13\/brasil-registra-reciclagem-de-987-de-latas-de-aluminio-em-2021\/"]}]},{"@type":"ImageObject","inLanguage":"pt-BR","@id":"https:\/\/jornalfatosenoticias.com.br\/index.php\/2022\/04\/13\/brasil-registra-reciclagem-de-987-de-latas-de-aluminio-em-2021\/#primaryimage","url":"https:\/\/jornalfatosenoticias.com.br\/wp-content\/uploads\/2022\/04\/reciclagem.jpg","contentUrl":"https:\/\/jornalfatosenoticias.com.br\/wp-content\/uploads\/2022\/04\/reciclagem.jpg","width":1000,"height":598,"caption":"S\u00e3o Paulo - Latas de alum\u00ednio destinadas a reciclagem."},{"@type":"BreadcrumbList","@id":"https:\/\/jornalfatosenoticias.com.br\/index.php\/2022\/04\/13\/brasil-registra-reciclagem-de-987-de-latas-de-aluminio-em-2021\/#breadcrumb","itemListElement":[{"@type":"ListItem","position":1,"name":"In\u00edcio","item":"https:\/\/jornalfatosenoticias.com.br\/"},{"@type":"ListItem","position":2,"name":"Brasil registra reciclagem de 98,7% de latas de alum\u00ednio em 2021"}]},{"@type":"WebSite","@id":"https:\/\/jornalfatosenoticias.com.br\/#website","url":"https:\/\/jornalfatosenoticias.com.br\/","name":"Jornal Fatos e Not\u00edcias","description":"Not\u00edcias em geral","publisher":{"@id":"https:\/\/jornalfatosenoticias.com.br\/#organization"},"potentialAction":[{"@type":"SearchAction","target":{"@type":"EntryPoint","urlTemplate":"https:\/\/jornalfatosenoticias.com.br\/?s={search_term_string}"},"query-input":{"@type":"PropertyValueSpecification","valueRequired":true,"valueName":"search_term_string"}}],"inLanguage":"pt-BR"},{"@type":"Organization","@id":"https:\/\/jornalfatosenoticias.com.br\/#organization","name":"Jornal Fatos e Not\u00edcias","url":"https:\/\/jornalfatosenoticias.com.br\/","logo":{"@type":"ImageObject","inLanguage":"pt-BR","@id":"https:\/\/jornalfatosenoticias.com.br\/#\/schema\/logo\/image\/","url":"https:\/\/jornalfatosenoticias.com.br\/wp-content\/uploads\/2020\/02\/logo120.png","contentUrl":"https:\/\/jornalfatosenoticias.com.br\/wp-content\/uploads\/2020\/02\/logo120.png","width":1227,"height":120,"caption":"Jornal Fatos e Not\u00edcias"},"image":{"@id":"https:\/\/jornalfatosenoticias.com.br\/#\/schema\/logo\/image\/"}},{"@type":"Person","@id":"https:\/\/jornalfatosenoticias.com.br\/#\/schema\/person\/d63837fa13ac8666eb9e74e0985d6f81","name":"Luzimara Fernandes","image":{"@type":"ImageObject","inLanguage":"pt-BR","@id":"https:\/\/jornalfatosenoticias.com.br\/#\/schema\/person\/image\/","url":"https:\/\/jornalfatosenoticias.com.br\/wp-content\/uploads\/2025\/05\/EU_portal.jpg","contentUrl":"https:\/\/jornalfatosenoticias.com.br\/wp-content\/uploads\/2025\/05\/EU_portal.jpg","caption":"Luzimara Fernandes"},"description":"Jornalista MTB 2358-ES","sameAs":["https:\/\/jornalfatosenoticias.com.br"],"url":"https:\/\/jornalfatosenoticias.com.br\/index.php\/author\/luzimara\/"}]}},"cc_featured_image_caption":{"caption_text":"(Foto: Rovena Rosa\/Ag\u00eancia Brasil)","source_text":"","source_url":""},"jetpack_featured_media_url":"https:\/\/jornalfatosenoticias.com.br\/wp-content\/uploads\/2022\/04\/reciclagem.jpg","_links":{"self":[{"href":"https:\/\/jornalfatosenoticias.com.br\/index.php\/wp-json\/wp\/v2\/posts\/29675","targetHints":{"allow":["GET"]}}],"collection":[{"href":"https:\/\/jornalfatosenoticias.com.br\/index.php\/wp-json\/wp\/v2\/posts"}],"about":[{"href":"https:\/\/jornalfatosenoticias.com.br\/index.php\/wp-json\/wp\/v2\/types\/post"}],"author":[{"embeddable":true,"href":"https:\/\/jornalfatosenoticias.com.br\/index.php\/wp-json\/wp\/v2\/users\/2"}],"replies":[{"embeddable":true,"href":"https:\/\/jornalfatosenoticias.com.br\/index.php\/wp-json\/wp\/v2\/comments?post=29675"}],"version-history":[{"count":0,"href":"https:\/\/jornalfatosenoticias.com.br\/index.php\/wp-json\/wp\/v2\/posts\/29675\/revisions"}],"wp:featuredmedia":[{"embeddable":true,"href":"https:\/\/jornalfatosenoticias.com.br\/index.php\/wp-json\/wp\/v2\/media\/29676"}],"wp:attachment":[{"href":"https:\/\/jornalfatosenoticias.com.br\/index.php\/wp-json\/wp\/v2\/media?parent=29675"}],"wp:term":[{"taxonomy":"category","embeddable":true,"href":"https:\/\/jornalfatosenoticias.com.br\/index.php\/wp-json\/wp\/v2\/categories?post=29675"},{"taxonomy":"post_tag","embeddable":true,"href":"https:\/\/jornalfatosenoticias.com.br\/index.php\/wp-json\/wp\/v2\/tags?post=29675"}],"curies":[{"name":"wp","href":"https:\/\/api.w.org\/{rel}","templated":true}]}}