{"id":29695,"date":"2022-04-13T14:20:28","date_gmt":"2022-04-13T17:20:28","guid":{"rendered":"https:\/\/jornalfatosenoticias.com.br\/?p=29695"},"modified":"2022-04-13T14:20:29","modified_gmt":"2022-04-13T17:20:29","slug":"forca-aerea-dos-eua-vai-usar-micro-helicoptero-de-assento-unico-que-qualquer-pessoa-pode-pilotar-sem-habilitacao","status":"publish","type":"post","link":"https:\/\/jornalfatosenoticias.com.br\/index.php\/2022\/04\/13\/forca-aerea-dos-eua-vai-usar-micro-helicoptero-de-assento-unico-que-qualquer-pessoa-pode-pilotar-sem-habilitacao\/","title":{"rendered":"For\u00e7a A\u00e9rea dos EUA vai usar micro-helic\u00f3ptero de assento \u00fanico que qualquer pessoa pode pilotar sem habilita\u00e7\u00e3o"},"content":{"rendered":"\n<div class=\"wp-block-image\"><figure class=\"aligncenter size-large is-resized\"><img loading=\"lazy\" decoding=\"async\" src=\"https:\/\/jornalfatosenoticias.com.br\/wp-content\/uploads\/2022\/02\/Arte-Autoescola-Galatas_endereco_portal-1024x103.png\" alt=\"\" class=\"wp-image-27869\" width=\"457\" height=\"46\" srcset=\"https:\/\/jornalfatosenoticias.com.br\/wp-content\/uploads\/2022\/02\/Arte-Autoescola-Galatas_endereco_portal-1024x103.png 1024w, https:\/\/jornalfatosenoticias.com.br\/wp-content\/uploads\/2022\/02\/Arte-Autoescola-Galatas_endereco_portal-300x30.png 300w, https:\/\/jornalfatosenoticias.com.br\/wp-content\/uploads\/2022\/02\/Arte-Autoescola-Galatas_endereco_portal-768x77.png 768w, https:\/\/jornalfatosenoticias.com.br\/wp-content\/uploads\/2022\/02\/Arte-Autoescola-Galatas_endereco_portal.png 1223w\" sizes=\"auto, (max-width: 457px) 100vw, 457px\" \/><\/figure><\/div>\n\n\n\n<p>A For\u00e7a <a href=\"https:\/\/olhardigital.com.br\/2021\/10\/05\/carros-e-tecnologia\/caca-americano-f-35a-conclui-testes-de-voo-com-bomba-nuclear\/amp\/\" target=\"_blank\" rel=\"noreferrer noopener\">A\u00e9rea<\/a> dos EUA (USAF) dever\u00e1 usar muito em breve um mini-helic\u00f3ptero de 18 rotores e assento \u00fanico da empresa americana Lift Aircraft, que pode ser pilotado por qualquer pessoa, sem que seja exigida uma habilita\u00e7\u00e3o. Com estrutura de cockpit aberto, o ve\u00edculo el\u00e9trico de pouso e decolagem vertical (eVTOL) Hexa \u00e9 operado por meio de um joystick, de maneira f\u00e1cil e a qualquer hora.<br>Dentre outras caracter\u00edsticas do micro-helic\u00f3ptero <a href=\"https:\/\/olhardigital.com.br\/2021\/11\/17\/carros-e-tecnologia\/evtol-eve-senna-marca-criada-por-ayrton-senna-faz-parceria-com-embraer-para-criar-carro-voador\/amp\/\" target=\"_blank\" rel=\"noreferrer noopener\">el\u00e9trico<\/a> est\u00e3o o peso leve e seu baixo pre\u00e7o com rela\u00e7\u00e3o ao transporte terrestre. Sua atua\u00e7\u00e3o militar seria em cen\u00e1rios como suporte para resposta r\u00e1pida de emerg\u00eancia, log\u00edstica de base, miss\u00f5es de busca e salvamento e por a\u00ed vai.<\/p>\n\n\n\n<figure class=\"wp-block-embed-youtube wp-block-embed is-type-video is-provider-youtube wp-embed-aspect-16-9 wp-has-aspect-ratio\"><div class=\"wp-block-embed__wrapper\">\n<iframe loading=\"lazy\" title=\"Mini-helic\u00f3ptero que pode ser pilotado sem habilita\u00e7\u00e3o ser\u00e1 usado pela For\u00e7a A\u00e9rea dos EUA\" width=\"660\" height=\"371\" src=\"https:\/\/www.youtube.com\/embed\/yLYxRC41wOo?feature=oembed\" frameborder=\"0\" allow=\"accelerometer; autoplay; clipboard-write; encrypted-media; gyroscope; picture-in-picture; web-share\" referrerpolicy=\"strict-origin-when-cross-origin\" allowfullscreen><\/iframe>\n<\/div><\/figure>\n\n\n\n<div class=\"wp-block-image\"><figure class=\"aligncenter size-large is-resized\"><img loading=\"lazy\" decoding=\"async\" src=\"https:\/\/jornalfatosenoticias.com.br\/wp-content\/uploads\/2020\/02\/Serra-Grande-1024x160.png\" alt=\"\" class=\"wp-image-7836\" width=\"456\" height=\"71\"\/><\/figure><\/div>\n\n\n\n<p><strong><span class=\"has-inline-color has-black-color\">Voando sem licen\u00e7a<br><\/span><\/strong>Essa condi\u00e7\u00e3o leve (peso de 196 kg, em uma estrutura constru\u00edda inteiramente em fibra de carbono) permite que, de acordo com a Administra\u00e7\u00e3o Federal de Avia\u00e7\u00e3o americana, o Hexa n\u00e3o exija licen\u00e7a de <a href=\"https:\/\/olhardigital.com.br\/2022\/01\/17\/carros-e-tecnologia\/aero3-evtol-de-asa-inclinada-tem-8-lugares-e-autonomia-de-1-020-km\/amp\/\" target=\"_blank\" rel=\"noreferrer noopener\">piloto<\/a> \u2014 j\u00e1 que se qualifica como um \u201cultraleve motorizado\u201d. De qualquer forma, a Lift diz que vai oferecer bastante treinamento para o usu\u00e1rio do e-VTOL.<\/p>\n\n\n\n<div class=\"wp-block-image\"><figure class=\"alignleft size-large\"><img decoding=\"async\" src=\"https:\/\/jornalfatosenoticias.com.br\/wp-content\/uploads\/2020\/02\/logo_esteio.jpg\" alt=\"\" class=\"wp-image-1214\"\/><\/figure><\/div>\n\n\n\n<p>Um computador de piloto autom\u00e1tico com um \u00fanico joystick de tr\u00eas eixos \u00e9 tudo o que a pessoa usa para voar com o micro-helic\u00f3ptero. H\u00e1 tamb\u00e9m uma tela sens\u00edvel ao toque de sete polegadas para um modo de <a href=\"https:\/\/olhardigital.com.br\/2021\/11\/17\/carros-e-tecnologia\/multicoptero-evtol\/amp\/\" target=\"_blank\" rel=\"noreferrer noopener\">voo<\/a> \u201csem as m\u00e3os\u201d. A aeronave tamb\u00e9m pode ser controlada remotamente e traz um paraquedas bal\u00edstico que se desdobra de forma aut\u00f4noma em caso de emerg\u00eancia.<br>O Hexa \u00e9 anf\u00edbio, ou seja, \u00e9 capaz de <a href=\"https:\/\/olhardigital.com.br\/2021\/10\/08\/carros-e-tecnologia\/conheca-o-mk-5-o-evtol-japones-com-33-helices\/amp\/\" target=\"_blank\" rel=\"noreferrer noopener\">pousar<\/a> em terra e \u00e1gua. Seu design oferece quatro flutuadores de per\u00edmetro para flutuabilidade e estabilidade e um quinto flutuador central preenchido com espuma absorvente de energia \u2014 que tamb\u00e9m funciona na prote\u00e7\u00e3o contra pouso for\u00e7ado.<\/p>\n\n\n\n<div class=\"wp-block-jetpack-slideshow aligncenter\" data-effect=\"slide\"><div class=\"wp-block-jetpack-slideshow_container swiper-container\"><ul class=\"wp-block-jetpack-slideshow_swiper-wrapper swiper-wrapper\"><li class=\"wp-block-jetpack-slideshow_slide swiper-slide\"><figure><img loading=\"lazy\" decoding=\"async\" width=\"800\" height=\"787\" alt=\"\" class=\"wp-block-jetpack-slideshow_image wp-image-29696\" data-id=\"29696\" src=\"https:\/\/jornalfatosenoticias.com.br\/wp-content\/uploads\/2022\/04\/FORCA-AEREA-DOS-EUA.jpg\" srcset=\"https:\/\/jornalfatosenoticias.com.br\/wp-content\/uploads\/2022\/04\/FORCA-AEREA-DOS-EUA.jpg 800w, https:\/\/jornalfatosenoticias.com.br\/wp-content\/uploads\/2022\/04\/FORCA-AEREA-DOS-EUA-300x295.jpg 300w, https:\/\/jornalfatosenoticias.com.br\/wp-content\/uploads\/2022\/04\/FORCA-AEREA-DOS-EUA-768x756.jpg 768w\" sizes=\"auto, (max-width: 800px) 100vw, 800px\" \/><figcaption class=\"wp-block-jetpack-slideshow_caption gallery-caption\">(Foto: Divulga\u00e7\u00e3o\/Lift Aircraft) <\/figcaption><\/figure><\/li><li class=\"wp-block-jetpack-slideshow_slide swiper-slide\"><figure><img loading=\"lazy\" decoding=\"async\" width=\"1000\" height=\"693\" alt=\"\" class=\"wp-block-jetpack-slideshow_image wp-image-29697\" data-id=\"29697\" src=\"https:\/\/jornalfatosenoticias.com.br\/wp-content\/uploads\/2022\/04\/FORCA-AEREA-DOS-EUA3.jpg\" srcset=\"https:\/\/jornalfatosenoticias.com.br\/wp-content\/uploads\/2022\/04\/FORCA-AEREA-DOS-EUA3.jpg 1000w, https:\/\/jornalfatosenoticias.com.br\/wp-content\/uploads\/2022\/04\/FORCA-AEREA-DOS-EUA3-300x208.jpg 300w, https:\/\/jornalfatosenoticias.com.br\/wp-content\/uploads\/2022\/04\/FORCA-AEREA-DOS-EUA3-768x532.jpg 768w\" sizes=\"auto, (max-width: 1000px) 100vw, 1000px\" \/><figcaption class=\"wp-block-jetpack-slideshow_caption gallery-caption\">(Foto: Divulga\u00e7\u00e3o\/Lift Aircraft) <\/figcaption><\/figure><\/li><li class=\"wp-block-jetpack-slideshow_slide swiper-slide\"><figure><img loading=\"lazy\" decoding=\"async\" width=\"1000\" height=\"744\" alt=\"\" class=\"wp-block-jetpack-slideshow_image wp-image-29698\" data-id=\"29698\" src=\"https:\/\/jornalfatosenoticias.com.br\/wp-content\/uploads\/2022\/04\/FORCA-AEREA-DOS-EUA4.jpg\" srcset=\"https:\/\/jornalfatosenoticias.com.br\/wp-content\/uploads\/2022\/04\/FORCA-AEREA-DOS-EUA4.jpg 1000w, https:\/\/jornalfatosenoticias.com.br\/wp-content\/uploads\/2022\/04\/FORCA-AEREA-DOS-EUA4-300x223.jpg 300w, https:\/\/jornalfatosenoticias.com.br\/wp-content\/uploads\/2022\/04\/FORCA-AEREA-DOS-EUA4-768x571.jpg 768w\" sizes=\"auto, (max-width: 1000px) 100vw, 1000px\" \/><figcaption class=\"wp-block-jetpack-slideshow_caption gallery-caption\">(Foto: Divulga\u00e7\u00e3o\/Lift Aircraft) <\/figcaption><\/figure><\/li><\/ul><a class=\"wp-block-jetpack-slideshow_button-prev swiper-button-prev swiper-button-white\" role=\"button\"><\/a><a class=\"wp-block-jetpack-slideshow_button-next swiper-button-next swiper-button-white\" role=\"button\"><\/a><a aria-label=\"Pause Slideshow\" class=\"wp-block-jetpack-slideshow_button-pause\" role=\"button\"><\/a><div class=\"wp-block-jetpack-slideshow_pagination swiper-pagination swiper-pagination-white\"><\/div><\/div><\/div>\n\n\n\n<p><strong><span class=\"has-inline-color has-black-color\">Acelerando tamb\u00e9m para voos comerciais<br><\/span><\/strong><a href=\"https:\/\/olhardigital.com.br\/2020\/08\/25\/videos\/eua-testam-veiculo-voador\/amp\/\" target=\"_blank\" rel=\"noreferrer noopener\">Desde 2020<\/a>, a Lift Aircraft realiza testes de voo com o apoio da USAF sob um contrato de Fase 2 Small Business Innovation Research (SBIR). Recentemente, a empresa passou a contar com um contrato de Fase 3 por meio do Programa Agility Prime da For\u00e7a A\u00e9rea americana.<\/p>\n\n\n\n<div class=\"wp-block-image\"><figure class=\"alignright size-large is-resized\"><img loading=\"lazy\" decoding=\"async\" src=\"https:\/\/jornalfatosenoticias.com.br\/wp-content\/uploads\/2020\/02\/nova-logo-Marquetti.jpg\" alt=\"\" class=\"wp-image-22331\" width=\"322\" height=\"217\" srcset=\"https:\/\/jornalfatosenoticias.com.br\/wp-content\/uploads\/2020\/02\/nova-logo-Marquetti.jpg 643w, https:\/\/jornalfatosenoticias.com.br\/wp-content\/uploads\/2020\/02\/nova-logo-Marquetti-300x202.jpg 300w\" sizes=\"auto, (max-width: 322px) 100vw, 322px\" \/><\/figure><\/div>\n\n\n\n<p>Agora, testes mais rigorosos devem come\u00e7ar na Base A\u00e9rea de Eglin e incluir\u00e3o testes ac\u00fasticos e desenvolvimento de uma adapta\u00e7\u00e3o modular de carga para a estrutura da aeronave. Esse esfor\u00e7o visa acelerar o micro-helic\u00f3ptero para futuras <a href=\"https:\/\/olhardigital.com.br\/2021\/12\/27\/carros-e-tecnologia\/primeiro-voo-do-evtol-ultrassilencioso-da-archer-assista\/amp\/\" target=\"_blank\" rel=\"noreferrer noopener\">aplica\u00e7\u00f5es<\/a> p\u00fablicas (al\u00e9m das militares), como o lan\u00e7amento planejado da Lift em locais de voos comerciais.<br>A empresa de modelos eVTOL planeja lan\u00e7ar um neg\u00f3cio de entretenimento experimental oferecendo ao p\u00fablico a chance de alugar o Hexa e experimentar voar. Seus planos incluem possuir e <a href=\"https:\/\/olhardigital.com.br\/2022\/01\/28\/carros-e-tecnologia\/video-mostra-transicao-de-voo-vertical-para-horizontal-no-ar-de-evtol-da-autoflight-assista\/amp\/\" target=\"_blank\" rel=\"noreferrer noopener\">operar<\/a> frotas de aeronaves em locais c\u00eanicos e n\u00e3o congestionados perto das principais \u00e1reas metropolitanas, bem como destinos tur\u00edsticos e centros de entretenimento.<\/p>\n\n\n\n<p><strong><em>Fonte: <a href=\"https:\/\/olhardigital.com.br\/2022\/04\/11\/carros-e-tecnologia\/forca-aerea-dos-eua-vai-usar-micro-helicoptero-de-assento-unico-que-qualquer-pessoa-pode-pilotar-sem-habilitacao\/amp\/\">Olhar Digital<\/a><\/em><\/strong><\/p>\n","protected":false},"excerpt":{"rendered":"<p>A For\u00e7a A\u00e9rea dos EUA (USAF) dever\u00e1 usar muito em breve um mini-helic\u00f3ptero de 18 rotores e assento \u00fanico da empresa americana Lift Aircraft, que pode ser pilotado por qualquer pessoa, sem que seja exigida uma habilita\u00e7\u00e3o. Com estrutura de cockpit aberto, o ve\u00edculo el\u00e9trico de pouso e decolagem vertical (eVTOL) Hexa \u00e9 operado por [&hellip;]<\/p>\n","protected":false},"author":2,"featured_media":29699,"comment_status":"open","ping_status":"open","sticky":false,"template":"","format":"standard","meta":{"footnotes":""},"categories":[3],"tags":[3048,159,8724,14110,14111,14109,14108],"class_list":["post-29695","post","type-post","status-publish","format-standard","has-post-thumbnail","hentry","category-tecnologia","tag-aviacao","tag-eua","tag-evtol","tag-lift-aircraft","tag-micro-helicoptero-eletrico","tag-mini-helicoptero","tag-usaf"],"yoast_head":"<!-- This site is optimized with the Yoast SEO plugin v26.5 - https:\/\/yoast.com\/wordpress\/plugins\/seo\/ -->\n<title>For\u00e7a A\u00e9rea dos EUA vai usar micro-helic\u00f3ptero de assento \u00fanico que qualquer pessoa pode pilotar sem habilita\u00e7\u00e3o - Jornal Fatos e Not\u00edcias<\/title>\n<meta name=\"robots\" content=\"index, follow, max-snippet:-1, max-image-preview:large, max-video-preview:-1\" \/>\n<link rel=\"canonical\" href=\"https:\/\/jornalfatosenoticias.com.br\/index.php\/2022\/04\/13\/forca-aerea-dos-eua-vai-usar-micro-helicoptero-de-assento-unico-que-qualquer-pessoa-pode-pilotar-sem-habilitacao\/\" \/>\n<meta property=\"og:locale\" content=\"pt_BR\" \/>\n<meta property=\"og:type\" content=\"article\" \/>\n<meta property=\"og:title\" content=\"For\u00e7a A\u00e9rea dos EUA vai usar micro-helic\u00f3ptero de assento \u00fanico que qualquer pessoa pode pilotar sem habilita\u00e7\u00e3o - Jornal Fatos e Not\u00edcias\" \/>\n<meta property=\"og:description\" content=\"A For\u00e7a A\u00e9rea dos EUA (USAF) dever\u00e1 usar muito em breve um mini-helic\u00f3ptero de 18 rotores e assento \u00fanico da empresa americana Lift Aircraft, que pode ser pilotado por qualquer pessoa, sem que seja exigida uma habilita\u00e7\u00e3o. Com estrutura de cockpit aberto, o ve\u00edculo el\u00e9trico de pouso e decolagem vertical (eVTOL) Hexa \u00e9 operado por [&hellip;]\" \/>\n<meta property=\"og:url\" content=\"https:\/\/jornalfatosenoticias.com.br\/index.php\/2022\/04\/13\/forca-aerea-dos-eua-vai-usar-micro-helicoptero-de-assento-unico-que-qualquer-pessoa-pode-pilotar-sem-habilitacao\/\" \/>\n<meta property=\"og:site_name\" content=\"Jornal Fatos e Not\u00edcias\" \/>\n<meta property=\"article:published_time\" content=\"2022-04-13T17:20:28+00:00\" \/>\n<meta property=\"article:modified_time\" content=\"2022-04-13T17:20:29+00:00\" \/>\n<meta property=\"og:image\" content=\"https:\/\/jornalfatosenoticias.com.br\/wp-content\/uploads\/2022\/04\/FORCA-AEREA-DOS-EUA2.jpg\" \/>\n\t<meta property=\"og:image:width\" content=\"1000\" \/>\n\t<meta property=\"og:image:height\" content=\"690\" \/>\n\t<meta property=\"og:image:type\" content=\"image\/jpeg\" \/>\n<meta name=\"author\" content=\"Luzimara Fernandes\" \/>\n<meta name=\"twitter:card\" content=\"summary_large_image\" \/>\n<meta name=\"twitter:label1\" content=\"Escrito por\" \/>\n\t<meta name=\"twitter:data1\" content=\"Luzimara Fernandes\" \/>\n\t<meta name=\"twitter:label2\" content=\"Est. tempo de leitura\" \/>\n\t<meta name=\"twitter:data2\" content=\"3 minutos\" \/>\n<script type=\"application\/ld+json\" class=\"yoast-schema-graph\">{\"@context\":\"https:\/\/schema.org\",\"@graph\":[{\"@type\":\"Article\",\"@id\":\"https:\/\/jornalfatosenoticias.com.br\/index.php\/2022\/04\/13\/forca-aerea-dos-eua-vai-usar-micro-helicoptero-de-assento-unico-que-qualquer-pessoa-pode-pilotar-sem-habilitacao\/#article\",\"isPartOf\":{\"@id\":\"https:\/\/jornalfatosenoticias.com.br\/index.php\/2022\/04\/13\/forca-aerea-dos-eua-vai-usar-micro-helicoptero-de-assento-unico-que-qualquer-pessoa-pode-pilotar-sem-habilitacao\/\"},\"author\":{\"name\":\"Luzimara Fernandes\",\"@id\":\"https:\/\/jornalfatosenoticias.com.br\/#\/schema\/person\/d63837fa13ac8666eb9e74e0985d6f81\"},\"headline\":\"For\u00e7a A\u00e9rea dos EUA vai usar micro-helic\u00f3ptero de assento \u00fanico que qualquer pessoa pode pilotar sem habilita\u00e7\u00e3o\",\"datePublished\":\"2022-04-13T17:20:28+00:00\",\"dateModified\":\"2022-04-13T17:20:29+00:00\",\"mainEntityOfPage\":{\"@id\":\"https:\/\/jornalfatosenoticias.com.br\/index.php\/2022\/04\/13\/forca-aerea-dos-eua-vai-usar-micro-helicoptero-de-assento-unico-que-qualquer-pessoa-pode-pilotar-sem-habilitacao\/\"},\"wordCount\":539,\"commentCount\":0,\"publisher\":{\"@id\":\"https:\/\/jornalfatosenoticias.com.br\/#organization\"},\"image\":{\"@id\":\"https:\/\/jornalfatosenoticias.com.br\/index.php\/2022\/04\/13\/forca-aerea-dos-eua-vai-usar-micro-helicoptero-de-assento-unico-que-qualquer-pessoa-pode-pilotar-sem-habilitacao\/#primaryimage\"},\"thumbnailUrl\":\"https:\/\/jornalfatosenoticias.com.br\/wp-content\/uploads\/2022\/04\/FORCA-AEREA-DOS-EUA2.jpg\",\"keywords\":[\"avia\u00e7\u00e3o\",\"EUA\",\"eVTOL\",\"Lift Aircraft\",\"micro-helic\u00f3ptero el\u00e9trico\",\"mini-helic\u00f3ptero\",\"USAF\"],\"articleSection\":[\"Tecnologia &amp; Inova\u00e7\u00e3o\"],\"inLanguage\":\"pt-BR\",\"potentialAction\":[{\"@type\":\"CommentAction\",\"name\":\"Comment\",\"target\":[\"https:\/\/jornalfatosenoticias.com.br\/index.php\/2022\/04\/13\/forca-aerea-dos-eua-vai-usar-micro-helicoptero-de-assento-unico-que-qualquer-pessoa-pode-pilotar-sem-habilitacao\/#respond\"]}]},{\"@type\":\"WebPage\",\"@id\":\"https:\/\/jornalfatosenoticias.com.br\/index.php\/2022\/04\/13\/forca-aerea-dos-eua-vai-usar-micro-helicoptero-de-assento-unico-que-qualquer-pessoa-pode-pilotar-sem-habilitacao\/\",\"url\":\"https:\/\/jornalfatosenoticias.com.br\/index.php\/2022\/04\/13\/forca-aerea-dos-eua-vai-usar-micro-helicoptero-de-assento-unico-que-qualquer-pessoa-pode-pilotar-sem-habilitacao\/\",\"name\":\"For\u00e7a A\u00e9rea dos EUA vai usar micro-helic\u00f3ptero de assento \u00fanico que qualquer pessoa pode pilotar sem habilita\u00e7\u00e3o - Jornal Fatos e Not\u00edcias\",\"isPartOf\":{\"@id\":\"https:\/\/jornalfatosenoticias.com.br\/#website\"},\"primaryImageOfPage\":{\"@id\":\"https:\/\/jornalfatosenoticias.com.br\/index.php\/2022\/04\/13\/forca-aerea-dos-eua-vai-usar-micro-helicoptero-de-assento-unico-que-qualquer-pessoa-pode-pilotar-sem-habilitacao\/#primaryimage\"},\"image\":{\"@id\":\"https:\/\/jornalfatosenoticias.com.br\/index.php\/2022\/04\/13\/forca-aerea-dos-eua-vai-usar-micro-helicoptero-de-assento-unico-que-qualquer-pessoa-pode-pilotar-sem-habilitacao\/#primaryimage\"},\"thumbnailUrl\":\"https:\/\/jornalfatosenoticias.com.br\/wp-content\/uploads\/2022\/04\/FORCA-AEREA-DOS-EUA2.jpg\",\"datePublished\":\"2022-04-13T17:20:28+00:00\",\"dateModified\":\"2022-04-13T17:20:29+00:00\",\"breadcrumb\":{\"@id\":\"https:\/\/jornalfatosenoticias.com.br\/index.php\/2022\/04\/13\/forca-aerea-dos-eua-vai-usar-micro-helicoptero-de-assento-unico-que-qualquer-pessoa-pode-pilotar-sem-habilitacao\/#breadcrumb\"},\"inLanguage\":\"pt-BR\",\"potentialAction\":[{\"@type\":\"ReadAction\",\"target\":[\"https:\/\/jornalfatosenoticias.com.br\/index.php\/2022\/04\/13\/forca-aerea-dos-eua-vai-usar-micro-helicoptero-de-assento-unico-que-qualquer-pessoa-pode-pilotar-sem-habilitacao\/\"]}]},{\"@type\":\"ImageObject\",\"inLanguage\":\"pt-BR\",\"@id\":\"https:\/\/jornalfatosenoticias.com.br\/index.php\/2022\/04\/13\/forca-aerea-dos-eua-vai-usar-micro-helicoptero-de-assento-unico-que-qualquer-pessoa-pode-pilotar-sem-habilitacao\/#primaryimage\",\"url\":\"https:\/\/jornalfatosenoticias.com.br\/wp-content\/uploads\/2022\/04\/FORCA-AEREA-DOS-EUA2.jpg\",\"contentUrl\":\"https:\/\/jornalfatosenoticias.com.br\/wp-content\/uploads\/2022\/04\/FORCA-AEREA-DOS-EUA2.jpg\",\"width\":1000,\"height\":690},{\"@type\":\"BreadcrumbList\",\"@id\":\"https:\/\/jornalfatosenoticias.com.br\/index.php\/2022\/04\/13\/forca-aerea-dos-eua-vai-usar-micro-helicoptero-de-assento-unico-que-qualquer-pessoa-pode-pilotar-sem-habilitacao\/#breadcrumb\",\"itemListElement\":[{\"@type\":\"ListItem\",\"position\":1,\"name\":\"In\u00edcio\",\"item\":\"https:\/\/jornalfatosenoticias.com.br\/\"},{\"@type\":\"ListItem\",\"position\":2,\"name\":\"For\u00e7a A\u00e9rea dos EUA vai usar micro-helic\u00f3ptero de assento \u00fanico que qualquer pessoa pode pilotar sem habilita\u00e7\u00e3o\"}]},{\"@type\":\"WebSite\",\"@id\":\"https:\/\/jornalfatosenoticias.com.br\/#website\",\"url\":\"https:\/\/jornalfatosenoticias.com.br\/\",\"name\":\"Jornal Fatos e Not\u00edcias\",\"description\":\"Not\u00edcias em geral\",\"publisher\":{\"@id\":\"https:\/\/jornalfatosenoticias.com.br\/#organization\"},\"potentialAction\":[{\"@type\":\"SearchAction\",\"target\":{\"@type\":\"EntryPoint\",\"urlTemplate\":\"https:\/\/jornalfatosenoticias.com.br\/?s={search_term_string}\"},\"query-input\":{\"@type\":\"PropertyValueSpecification\",\"valueRequired\":true,\"valueName\":\"search_term_string\"}}],\"inLanguage\":\"pt-BR\"},{\"@type\":\"Organization\",\"@id\":\"https:\/\/jornalfatosenoticias.com.br\/#organization\",\"name\":\"Jornal Fatos e Not\u00edcias\",\"url\":\"https:\/\/jornalfatosenoticias.com.br\/\",\"logo\":{\"@type\":\"ImageObject\",\"inLanguage\":\"pt-BR\",\"@id\":\"https:\/\/jornalfatosenoticias.com.br\/#\/schema\/logo\/image\/\",\"url\":\"https:\/\/jornalfatosenoticias.com.br\/wp-content\/uploads\/2020\/02\/logo120.png\",\"contentUrl\":\"https:\/\/jornalfatosenoticias.com.br\/wp-content\/uploads\/2020\/02\/logo120.png\",\"width\":1227,\"height\":120,\"caption\":\"Jornal Fatos e Not\u00edcias\"},\"image\":{\"@id\":\"https:\/\/jornalfatosenoticias.com.br\/#\/schema\/logo\/image\/\"}},{\"@type\":\"Person\",\"@id\":\"https:\/\/jornalfatosenoticias.com.br\/#\/schema\/person\/d63837fa13ac8666eb9e74e0985d6f81\",\"name\":\"Luzimara Fernandes\",\"image\":{\"@type\":\"ImageObject\",\"inLanguage\":\"pt-BR\",\"@id\":\"https:\/\/jornalfatosenoticias.com.br\/#\/schema\/person\/image\/\",\"url\":\"https:\/\/jornalfatosenoticias.com.br\/wp-content\/uploads\/2025\/05\/EU_portal.jpg\",\"contentUrl\":\"https:\/\/jornalfatosenoticias.com.br\/wp-content\/uploads\/2025\/05\/EU_portal.jpg\",\"caption\":\"Luzimara Fernandes\"},\"description\":\"Jornalista MTB 2358-ES\",\"sameAs\":[\"https:\/\/jornalfatosenoticias.com.br\"],\"url\":\"https:\/\/jornalfatosenoticias.com.br\/index.php\/author\/luzimara\/\"}]}<\/script>\n<!-- \/ Yoast SEO plugin. -->","yoast_head_json":{"title":"For\u00e7a A\u00e9rea dos EUA vai usar micro-helic\u00f3ptero de assento \u00fanico que qualquer pessoa pode pilotar sem habilita\u00e7\u00e3o - Jornal Fatos e Not\u00edcias","robots":{"index":"index","follow":"follow","max-snippet":"max-snippet:-1","max-image-preview":"max-image-preview:large","max-video-preview":"max-video-preview:-1"},"canonical":"https:\/\/jornalfatosenoticias.com.br\/index.php\/2022\/04\/13\/forca-aerea-dos-eua-vai-usar-micro-helicoptero-de-assento-unico-que-qualquer-pessoa-pode-pilotar-sem-habilitacao\/","og_locale":"pt_BR","og_type":"article","og_title":"For\u00e7a A\u00e9rea dos EUA vai usar micro-helic\u00f3ptero de assento \u00fanico que qualquer pessoa pode pilotar sem habilita\u00e7\u00e3o - Jornal Fatos e Not\u00edcias","og_description":"A For\u00e7a A\u00e9rea dos EUA (USAF) dever\u00e1 usar muito em breve um mini-helic\u00f3ptero de 18 rotores e assento \u00fanico da empresa americana Lift Aircraft, que pode ser pilotado por qualquer pessoa, sem que seja exigida uma habilita\u00e7\u00e3o. Com estrutura de cockpit aberto, o ve\u00edculo el\u00e9trico de pouso e decolagem vertical (eVTOL) Hexa \u00e9 operado por [&hellip;]","og_url":"https:\/\/jornalfatosenoticias.com.br\/index.php\/2022\/04\/13\/forca-aerea-dos-eua-vai-usar-micro-helicoptero-de-assento-unico-que-qualquer-pessoa-pode-pilotar-sem-habilitacao\/","og_site_name":"Jornal Fatos e Not\u00edcias","article_published_time":"2022-04-13T17:20:28+00:00","article_modified_time":"2022-04-13T17:20:29+00:00","og_image":[{"width":1000,"height":690,"url":"https:\/\/jornalfatosenoticias.com.br\/wp-content\/uploads\/2022\/04\/FORCA-AEREA-DOS-EUA2.jpg","type":"image\/jpeg"}],"author":"Luzimara Fernandes","twitter_card":"summary_large_image","twitter_misc":{"Escrito por":"Luzimara Fernandes","Est. tempo de leitura":"3 minutos"},"schema":{"@context":"https:\/\/schema.org","@graph":[{"@type":"Article","@id":"https:\/\/jornalfatosenoticias.com.br\/index.php\/2022\/04\/13\/forca-aerea-dos-eua-vai-usar-micro-helicoptero-de-assento-unico-que-qualquer-pessoa-pode-pilotar-sem-habilitacao\/#article","isPartOf":{"@id":"https:\/\/jornalfatosenoticias.com.br\/index.php\/2022\/04\/13\/forca-aerea-dos-eua-vai-usar-micro-helicoptero-de-assento-unico-que-qualquer-pessoa-pode-pilotar-sem-habilitacao\/"},"author":{"name":"Luzimara Fernandes","@id":"https:\/\/jornalfatosenoticias.com.br\/#\/schema\/person\/d63837fa13ac8666eb9e74e0985d6f81"},"headline":"For\u00e7a A\u00e9rea dos EUA vai usar micro-helic\u00f3ptero de assento \u00fanico que qualquer pessoa pode pilotar sem habilita\u00e7\u00e3o","datePublished":"2022-04-13T17:20:28+00:00","dateModified":"2022-04-13T17:20:29+00:00","mainEntityOfPage":{"@id":"https:\/\/jornalfatosenoticias.com.br\/index.php\/2022\/04\/13\/forca-aerea-dos-eua-vai-usar-micro-helicoptero-de-assento-unico-que-qualquer-pessoa-pode-pilotar-sem-habilitacao\/"},"wordCount":539,"commentCount":0,"publisher":{"@id":"https:\/\/jornalfatosenoticias.com.br\/#organization"},"image":{"@id":"https:\/\/jornalfatosenoticias.com.br\/index.php\/2022\/04\/13\/forca-aerea-dos-eua-vai-usar-micro-helicoptero-de-assento-unico-que-qualquer-pessoa-pode-pilotar-sem-habilitacao\/#primaryimage"},"thumbnailUrl":"https:\/\/jornalfatosenoticias.com.br\/wp-content\/uploads\/2022\/04\/FORCA-AEREA-DOS-EUA2.jpg","keywords":["avia\u00e7\u00e3o","EUA","eVTOL","Lift Aircraft","micro-helic\u00f3ptero el\u00e9trico","mini-helic\u00f3ptero","USAF"],"articleSection":["Tecnologia &amp; Inova\u00e7\u00e3o"],"inLanguage":"pt-BR","potentialAction":[{"@type":"CommentAction","name":"Comment","target":["https:\/\/jornalfatosenoticias.com.br\/index.php\/2022\/04\/13\/forca-aerea-dos-eua-vai-usar-micro-helicoptero-de-assento-unico-que-qualquer-pessoa-pode-pilotar-sem-habilitacao\/#respond"]}]},{"@type":"WebPage","@id":"https:\/\/jornalfatosenoticias.com.br\/index.php\/2022\/04\/13\/forca-aerea-dos-eua-vai-usar-micro-helicoptero-de-assento-unico-que-qualquer-pessoa-pode-pilotar-sem-habilitacao\/","url":"https:\/\/jornalfatosenoticias.com.br\/index.php\/2022\/04\/13\/forca-aerea-dos-eua-vai-usar-micro-helicoptero-de-assento-unico-que-qualquer-pessoa-pode-pilotar-sem-habilitacao\/","name":"For\u00e7a A\u00e9rea dos EUA vai usar micro-helic\u00f3ptero de assento \u00fanico que qualquer pessoa pode pilotar sem habilita\u00e7\u00e3o - Jornal Fatos e Not\u00edcias","isPartOf":{"@id":"https:\/\/jornalfatosenoticias.com.br\/#website"},"primaryImageOfPage":{"@id":"https:\/\/jornalfatosenoticias.com.br\/index.php\/2022\/04\/13\/forca-aerea-dos-eua-vai-usar-micro-helicoptero-de-assento-unico-que-qualquer-pessoa-pode-pilotar-sem-habilitacao\/#primaryimage"},"image":{"@id":"https:\/\/jornalfatosenoticias.com.br\/index.php\/2022\/04\/13\/forca-aerea-dos-eua-vai-usar-micro-helicoptero-de-assento-unico-que-qualquer-pessoa-pode-pilotar-sem-habilitacao\/#primaryimage"},"thumbnailUrl":"https:\/\/jornalfatosenoticias.com.br\/wp-content\/uploads\/2022\/04\/FORCA-AEREA-DOS-EUA2.jpg","datePublished":"2022-04-13T17:20:28+00:00","dateModified":"2022-04-13T17:20:29+00:00","breadcrumb":{"@id":"https:\/\/jornalfatosenoticias.com.br\/index.php\/2022\/04\/13\/forca-aerea-dos-eua-vai-usar-micro-helicoptero-de-assento-unico-que-qualquer-pessoa-pode-pilotar-sem-habilitacao\/#breadcrumb"},"inLanguage":"pt-BR","potentialAction":[{"@type":"ReadAction","target":["https:\/\/jornalfatosenoticias.com.br\/index.php\/2022\/04\/13\/forca-aerea-dos-eua-vai-usar-micro-helicoptero-de-assento-unico-que-qualquer-pessoa-pode-pilotar-sem-habilitacao\/"]}]},{"@type":"ImageObject","inLanguage":"pt-BR","@id":"https:\/\/jornalfatosenoticias.com.br\/index.php\/2022\/04\/13\/forca-aerea-dos-eua-vai-usar-micro-helicoptero-de-assento-unico-que-qualquer-pessoa-pode-pilotar-sem-habilitacao\/#primaryimage","url":"https:\/\/jornalfatosenoticias.com.br\/wp-content\/uploads\/2022\/04\/FORCA-AEREA-DOS-EUA2.jpg","contentUrl":"https:\/\/jornalfatosenoticias.com.br\/wp-content\/uploads\/2022\/04\/FORCA-AEREA-DOS-EUA2.jpg","width":1000,"height":690},{"@type":"BreadcrumbList","@id":"https:\/\/jornalfatosenoticias.com.br\/index.php\/2022\/04\/13\/forca-aerea-dos-eua-vai-usar-micro-helicoptero-de-assento-unico-que-qualquer-pessoa-pode-pilotar-sem-habilitacao\/#breadcrumb","itemListElement":[{"@type":"ListItem","position":1,"name":"In\u00edcio","item":"https:\/\/jornalfatosenoticias.com.br\/"},{"@type":"ListItem","position":2,"name":"For\u00e7a A\u00e9rea dos EUA vai usar micro-helic\u00f3ptero de assento \u00fanico que qualquer pessoa pode pilotar sem habilita\u00e7\u00e3o"}]},{"@type":"WebSite","@id":"https:\/\/jornalfatosenoticias.com.br\/#website","url":"https:\/\/jornalfatosenoticias.com.br\/","name":"Jornal Fatos e Not\u00edcias","description":"Not\u00edcias em geral","publisher":{"@id":"https:\/\/jornalfatosenoticias.com.br\/#organization"},"potentialAction":[{"@type":"SearchAction","target":{"@type":"EntryPoint","urlTemplate":"https:\/\/jornalfatosenoticias.com.br\/?s={search_term_string}"},"query-input":{"@type":"PropertyValueSpecification","valueRequired":true,"valueName":"search_term_string"}}],"inLanguage":"pt-BR"},{"@type":"Organization","@id":"https:\/\/jornalfatosenoticias.com.br\/#organization","name":"Jornal Fatos e Not\u00edcias","url":"https:\/\/jornalfatosenoticias.com.br\/","logo":{"@type":"ImageObject","inLanguage":"pt-BR","@id":"https:\/\/jornalfatosenoticias.com.br\/#\/schema\/logo\/image\/","url":"https:\/\/jornalfatosenoticias.com.br\/wp-content\/uploads\/2020\/02\/logo120.png","contentUrl":"https:\/\/jornalfatosenoticias.com.br\/wp-content\/uploads\/2020\/02\/logo120.png","width":1227,"height":120,"caption":"Jornal Fatos e Not\u00edcias"},"image":{"@id":"https:\/\/jornalfatosenoticias.com.br\/#\/schema\/logo\/image\/"}},{"@type":"Person","@id":"https:\/\/jornalfatosenoticias.com.br\/#\/schema\/person\/d63837fa13ac8666eb9e74e0985d6f81","name":"Luzimara Fernandes","image":{"@type":"ImageObject","inLanguage":"pt-BR","@id":"https:\/\/jornalfatosenoticias.com.br\/#\/schema\/person\/image\/","url":"https:\/\/jornalfatosenoticias.com.br\/wp-content\/uploads\/2025\/05\/EU_portal.jpg","contentUrl":"https:\/\/jornalfatosenoticias.com.br\/wp-content\/uploads\/2025\/05\/EU_portal.jpg","caption":"Luzimara Fernandes"},"description":"Jornalista MTB 2358-ES","sameAs":["https:\/\/jornalfatosenoticias.com.br"],"url":"https:\/\/jornalfatosenoticias.com.br\/index.php\/author\/luzimara\/"}]}},"cc_featured_image_caption":{"caption_text":"(Foto: Divulga\u00e7\u00e3o\/Lift Aircraft) \r\n","source_text":"","source_url":""},"jetpack_featured_media_url":"https:\/\/jornalfatosenoticias.com.br\/wp-content\/uploads\/2022\/04\/FORCA-AEREA-DOS-EUA2.jpg","_links":{"self":[{"href":"https:\/\/jornalfatosenoticias.com.br\/index.php\/wp-json\/wp\/v2\/posts\/29695","targetHints":{"allow":["GET"]}}],"collection":[{"href":"https:\/\/jornalfatosenoticias.com.br\/index.php\/wp-json\/wp\/v2\/posts"}],"about":[{"href":"https:\/\/jornalfatosenoticias.com.br\/index.php\/wp-json\/wp\/v2\/types\/post"}],"author":[{"embeddable":true,"href":"https:\/\/jornalfatosenoticias.com.br\/index.php\/wp-json\/wp\/v2\/users\/2"}],"replies":[{"embeddable":true,"href":"https:\/\/jornalfatosenoticias.com.br\/index.php\/wp-json\/wp\/v2\/comments?post=29695"}],"version-history":[{"count":0,"href":"https:\/\/jornalfatosenoticias.com.br\/index.php\/wp-json\/wp\/v2\/posts\/29695\/revisions"}],"wp:featuredmedia":[{"embeddable":true,"href":"https:\/\/jornalfatosenoticias.com.br\/index.php\/wp-json\/wp\/v2\/media\/29699"}],"wp:attachment":[{"href":"https:\/\/jornalfatosenoticias.com.br\/index.php\/wp-json\/wp\/v2\/media?parent=29695"}],"wp:term":[{"taxonomy":"category","embeddable":true,"href":"https:\/\/jornalfatosenoticias.com.br\/index.php\/wp-json\/wp\/v2\/categories?post=29695"},{"taxonomy":"post_tag","embeddable":true,"href":"https:\/\/jornalfatosenoticias.com.br\/index.php\/wp-json\/wp\/v2\/tags?post=29695"}],"curies":[{"name":"wp","href":"https:\/\/api.w.org\/{rel}","templated":true}]}}