{"id":29702,"date":"2022-04-13T14:30:06","date_gmt":"2022-04-13T17:30:06","guid":{"rendered":"https:\/\/jornalfatosenoticias.com.br\/?p=29702"},"modified":"2022-04-13T14:30:09","modified_gmt":"2022-04-13T17:30:09","slug":"memorias-da-infancia-por-que-nao-nos-lembramos-dos-primeiros-anos","status":"publish","type":"post","link":"https:\/\/jornalfatosenoticias.com.br\/index.php\/2022\/04\/13\/memorias-da-infancia-por-que-nao-nos-lembramos-dos-primeiros-anos\/","title":{"rendered":"Mem\u00f3rias da inf\u00e2ncia: por que n\u00e3o nos lembramos dos primeiros anos?"},"content":{"rendered":"\n<p><em><span class=\"has-inline-color has-black-color\">Especialistas ao longo da hist\u00f3ria esclarecem por que n\u00e3o lembramos dos primeiros anos<\/span><\/em><\/p>\n\n\n\n<div class=\"wp-block-image\"><figure class=\"aligncenter size-large is-resized\"><img loading=\"lazy\" decoding=\"async\" src=\"https:\/\/jornalfatosenoticias.com.br\/wp-content\/uploads\/2020\/02\/Logo_Mizu.png\" alt=\"\" class=\"wp-image-1441\" width=\"446\" height=\"55\" srcset=\"https:\/\/jornalfatosenoticias.com.br\/wp-content\/uploads\/2020\/02\/Logo_Mizu.png 729w, https:\/\/jornalfatosenoticias.com.br\/wp-content\/uploads\/2020\/02\/Logo_Mizu-300x37.png 300w\" sizes=\"auto, (max-width: 446px) 100vw, 446px\" \/><\/figure><\/div>\n\n\n\n<p>Qual a mem\u00f3ria de inf\u00e2ncia mais antiga que voc\u00ea tem? Especialistas j\u00e1 chegaram no consenso de que o ser humano costuma lembrar do que aconteceu apenas a partir dos tr\u00eas anos de idade. Algumas pessoas pensam que s\u00e3o capazes de recordar momentos muito mais antigos, mas para a ci\u00eancia, isso provavelmente \u00e9 parte de um efeito chamado &#8220;confabula\u00e7\u00e3o&#8221;.<br>Esse termo foi criado pelo psiquiatra alem\u00e3o Karl Bonhoeffer, em 1900. Trata-se, basicamente, de supostas mem\u00f3rias v\u00edvidas e detalhadas de um acontecimento do qual a pessoa apenas ouviu falar. No caso, o epis\u00f3dio de fato aconteceu, mas a crian\u00e7a era muito nova para gravar aqueles detalhes, que v\u00eam \u00e0 tona conforme os pais ficam relembrando.<\/p>\n\n\n\n<div class=\"wp-block-image\"><figure class=\"aligncenter size-large is-resized\"><img loading=\"lazy\" decoding=\"async\" src=\"https:\/\/jornalfatosenoticias.com.br\/wp-content\/uploads\/2022\/02\/Banner-1-1024x101.png\" alt=\"\" class=\"wp-image-27923\" width=\"424\" height=\"41\"\/><\/figure><\/div>\n\n\n\n<p>A impress\u00e3o que fica, ent\u00e3o, \u00e9 que se trata de uma mem\u00f3ria genu\u00edna, quando na verdade a mente apenas assimilou o que foi contado. Alguns estudos da \u00e1rea sugerem que as mulheres t\u00eam mem\u00f3rias de mais cedo na vida do que os homens, mas isso n\u00e3o \u00e9 encontrado em todos os estudos, e que o filho primog\u00eanito tamb\u00e9m tende a ter mem\u00f3rias mais antigas do que os outros.<\/p>\n\n\n\n<div class=\"wp-block-image\"><figure class=\"alignright size-large\"><img decoding=\"async\" src=\"https:\/\/jornalfatosenoticias.com.br\/wp-content\/uploads\/2020\/02\/logo_esteio.jpg\" alt=\"\" class=\"wp-image-1214\"\/><\/figure><\/div>\n\n\n\n<p>Outro fator que pode influenciar \u00e9 se a pessoa se mudou antes dos tr\u00eas anos de idade. Nesse caso, os neurocientistas costumam relacionar com a capacidade de datar a mem\u00f3ria, ou seja: fica marcado quando isso aconteceu<br>Para Herman Ebbinghaus, pioneiro no estudo da mem\u00f3ria (s\u00e9culo XIX), o processo do esquecimento acontece de maneira exponencial: \u00e9 mais intenso no in\u00edcio, e depois se estabiliza. O psic\u00f3logo chegou a relatar que as crian\u00e7as se esquecem mais rapidamente, porque o c\u00e9rebro est\u00e1 se desenvolvendo r\u00e1pido, e precisa se desfazer de algumas mem\u00f3rias, fazendo uma &#8220;limpeza&#8221;, uma vez que <a href=\"https:\/\/canaltech.com.br\/saude\/excesso-de-memorias-armazenadas-tende-a-atrapalhar-o-cerebro-dos-idosos-209470\/\" target=\"_blank\" rel=\"noreferrer noopener\">o excesso de mem\u00f3rias armazenadas tende a atrapalhar<\/a>.<\/p>\n\n\n\n<div class=\"wp-block-image\"><figure class=\"alignleft size-large is-resized\"><img loading=\"lazy\" decoding=\"async\" src=\"https:\/\/jornalfatosenoticias.com.br\/wp-content\/uploads\/2022\/02\/Precisao-Contabilidade-1024x724.jpg\" alt=\"\" class=\"wp-image-28088\" width=\"307\" height=\"217\"\/><\/figure><\/div>\n\n\n\n<p>Tamb\u00e9m j\u00e1 vimos no <strong>Canaltech<\/strong>\u00a0que o\u00a0<a href=\"https:\/\/canaltech.com.br\/saude\/cerebro-rotaciona-as-memorias-para-nao-serem-substituidas-por-novas-informacoes-183548\/\" target=\"_blank\" rel=\"noreferrer noopener\">c\u00e9rebro precisa distinguir a percep\u00e7\u00e3o e a mem\u00f3ria<\/a> para que o fluxo de dados recebidos n\u00e3o interfira nos est\u00edmulos obtidos anteriormente, ou ainda interprete informa\u00e7\u00f5es importantes de forma incorreta.<br>Em um estudo publicado em 2020, o professor Blake Richards, da Universidade de Toronto (Canad\u00e1), chegou a afirmar que <a href=\"https:\/\/canaltech.com.br\/comportamento\/dos-misterios-do-cerebro-por-que-esquecemos-as-coisas-163954\/\" target=\"_blank\" rel=\"noreferrer noopener\">\u00e9 importante que o c\u00e9rebro esque\u00e7a detalhes irrelevantes<\/a> e, em vez disso, concentre-se nas coisas que ajudar\u00e3o a tomar decis\u00f5es no mundo real.<\/p>\n\n\n\n<div class=\"wp-block-image\"><figure class=\"aligncenter size-large is-resized\"><img loading=\"lazy\" decoding=\"async\" src=\"https:\/\/jornalfatosenoticias.com.br\/wp-content\/uploads\/2022\/02\/Serra-Pack-459.png\" alt=\"\" class=\"wp-image-27471\" width=\"383\" height=\"153\"\/><\/figure><\/div>\n\n\n\n<p><strong><em>Fonte: <a href=\"https:\/\/canaltech.com.br\/saude\/memorias-da-infancia-por-que-nao-nos-lembramos-dos-primeiros-anos-213611\/\">Canaltech<\/a><\/em><\/strong><\/p>\n","protected":false},"excerpt":{"rendered":"<p>Especialistas ao longo da hist\u00f3ria esclarecem por que n\u00e3o lembramos dos primeiros anos Qual a mem\u00f3ria de inf\u00e2ncia mais antiga que voc\u00ea tem? Especialistas j\u00e1 chegaram no consenso de que o ser humano costuma lembrar do que aconteceu apenas a partir dos tr\u00eas anos de idade. Algumas pessoas pensam que s\u00e3o capazes de recordar momentos [&hellip;]<\/p>\n","protected":false},"author":2,"featured_media":29703,"comment_status":"open","ping_status":"open","sticky":false,"template":"","format":"standard","meta":{"footnotes":""},"categories":[2522],"tags":[8764,6335,14112,14113],"class_list":["post-29702","post","type-post","status-publish","format-standard","has-post-thumbnail","hentry","category-comportamento","tag-lembrancas","tag-memorias","tag-memorias-da-infancia","tag-primeiros-anos"],"yoast_head":"<!-- This site is optimized with the Yoast SEO plugin v26.5 - https:\/\/yoast.com\/wordpress\/plugins\/seo\/ -->\n<title>Mem\u00f3rias da inf\u00e2ncia: por que n\u00e3o nos lembramos dos primeiros anos? - Jornal Fatos e Not\u00edcias<\/title>\n<meta name=\"robots\" content=\"index, follow, max-snippet:-1, max-image-preview:large, max-video-preview:-1\" \/>\n<link rel=\"canonical\" href=\"https:\/\/jornalfatosenoticias.com.br\/index.php\/2022\/04\/13\/memorias-da-infancia-por-que-nao-nos-lembramos-dos-primeiros-anos\/\" \/>\n<meta property=\"og:locale\" content=\"pt_BR\" \/>\n<meta property=\"og:type\" content=\"article\" \/>\n<meta property=\"og:title\" content=\"Mem\u00f3rias da inf\u00e2ncia: por que n\u00e3o nos lembramos dos primeiros anos? - Jornal Fatos e Not\u00edcias\" \/>\n<meta property=\"og:description\" content=\"Especialistas ao longo da hist\u00f3ria esclarecem por que n\u00e3o lembramos dos primeiros anos Qual a mem\u00f3ria de inf\u00e2ncia mais antiga que voc\u00ea tem? Especialistas j\u00e1 chegaram no consenso de que o ser humano costuma lembrar do que aconteceu apenas a partir dos tr\u00eas anos de idade. Algumas pessoas pensam que s\u00e3o capazes de recordar momentos [&hellip;]\" \/>\n<meta property=\"og:url\" content=\"https:\/\/jornalfatosenoticias.com.br\/index.php\/2022\/04\/13\/memorias-da-infancia-por-que-nao-nos-lembramos-dos-primeiros-anos\/\" \/>\n<meta property=\"og:site_name\" content=\"Jornal Fatos e Not\u00edcias\" \/>\n<meta property=\"article:published_time\" content=\"2022-04-13T17:30:06+00:00\" \/>\n<meta property=\"article:modified_time\" content=\"2022-04-13T17:30:09+00:00\" \/>\n<meta property=\"og:image\" content=\"https:\/\/jornalfatosenoticias.com.br\/wp-content\/uploads\/2022\/04\/memorias-da-infancia.jpg\" \/>\n\t<meta property=\"og:image:width\" content=\"1000\" \/>\n\t<meta property=\"og:image:height\" content=\"562\" \/>\n\t<meta property=\"og:image:type\" content=\"image\/jpeg\" \/>\n<meta name=\"author\" content=\"Luzimara Fernandes\" \/>\n<meta name=\"twitter:card\" content=\"summary_large_image\" \/>\n<meta name=\"twitter:label1\" content=\"Escrito por\" \/>\n\t<meta name=\"twitter:data1\" content=\"Luzimara Fernandes\" \/>\n\t<meta name=\"twitter:label2\" content=\"Est. tempo de leitura\" \/>\n\t<meta name=\"twitter:data2\" content=\"2 minutos\" \/>\n<script type=\"application\/ld+json\" class=\"yoast-schema-graph\">{\"@context\":\"https:\/\/schema.org\",\"@graph\":[{\"@type\":\"Article\",\"@id\":\"https:\/\/jornalfatosenoticias.com.br\/index.php\/2022\/04\/13\/memorias-da-infancia-por-que-nao-nos-lembramos-dos-primeiros-anos\/#article\",\"isPartOf\":{\"@id\":\"https:\/\/jornalfatosenoticias.com.br\/index.php\/2022\/04\/13\/memorias-da-infancia-por-que-nao-nos-lembramos-dos-primeiros-anos\/\"},\"author\":{\"name\":\"Luzimara Fernandes\",\"@id\":\"https:\/\/jornalfatosenoticias.com.br\/#\/schema\/person\/d63837fa13ac8666eb9e74e0985d6f81\"},\"headline\":\"Mem\u00f3rias da inf\u00e2ncia: por que n\u00e3o nos lembramos dos primeiros anos?\",\"datePublished\":\"2022-04-13T17:30:06+00:00\",\"dateModified\":\"2022-04-13T17:30:09+00:00\",\"mainEntityOfPage\":{\"@id\":\"https:\/\/jornalfatosenoticias.com.br\/index.php\/2022\/04\/13\/memorias-da-infancia-por-que-nao-nos-lembramos-dos-primeiros-anos\/\"},\"wordCount\":428,\"commentCount\":0,\"publisher\":{\"@id\":\"https:\/\/jornalfatosenoticias.com.br\/#organization\"},\"image\":{\"@id\":\"https:\/\/jornalfatosenoticias.com.br\/index.php\/2022\/04\/13\/memorias-da-infancia-por-que-nao-nos-lembramos-dos-primeiros-anos\/#primaryimage\"},\"thumbnailUrl\":\"https:\/\/jornalfatosenoticias.com.br\/wp-content\/uploads\/2022\/04\/memorias-da-infancia.jpg\",\"keywords\":[\"lembran\u00e7as\",\"mem\u00f3rias\",\"mem\u00f3rias da inf\u00e2ncia\",\"primeiros anos\"],\"articleSection\":[\"Comportamento &amp; Equil\u00edbrio\"],\"inLanguage\":\"pt-BR\",\"potentialAction\":[{\"@type\":\"CommentAction\",\"name\":\"Comment\",\"target\":[\"https:\/\/jornalfatosenoticias.com.br\/index.php\/2022\/04\/13\/memorias-da-infancia-por-que-nao-nos-lembramos-dos-primeiros-anos\/#respond\"]}]},{\"@type\":\"WebPage\",\"@id\":\"https:\/\/jornalfatosenoticias.com.br\/index.php\/2022\/04\/13\/memorias-da-infancia-por-que-nao-nos-lembramos-dos-primeiros-anos\/\",\"url\":\"https:\/\/jornalfatosenoticias.com.br\/index.php\/2022\/04\/13\/memorias-da-infancia-por-que-nao-nos-lembramos-dos-primeiros-anos\/\",\"name\":\"Mem\u00f3rias da inf\u00e2ncia: por que n\u00e3o nos lembramos dos primeiros anos? - Jornal Fatos e Not\u00edcias\",\"isPartOf\":{\"@id\":\"https:\/\/jornalfatosenoticias.com.br\/#website\"},\"primaryImageOfPage\":{\"@id\":\"https:\/\/jornalfatosenoticias.com.br\/index.php\/2022\/04\/13\/memorias-da-infancia-por-que-nao-nos-lembramos-dos-primeiros-anos\/#primaryimage\"},\"image\":{\"@id\":\"https:\/\/jornalfatosenoticias.com.br\/index.php\/2022\/04\/13\/memorias-da-infancia-por-que-nao-nos-lembramos-dos-primeiros-anos\/#primaryimage\"},\"thumbnailUrl\":\"https:\/\/jornalfatosenoticias.com.br\/wp-content\/uploads\/2022\/04\/memorias-da-infancia.jpg\",\"datePublished\":\"2022-04-13T17:30:06+00:00\",\"dateModified\":\"2022-04-13T17:30:09+00:00\",\"breadcrumb\":{\"@id\":\"https:\/\/jornalfatosenoticias.com.br\/index.php\/2022\/04\/13\/memorias-da-infancia-por-que-nao-nos-lembramos-dos-primeiros-anos\/#breadcrumb\"},\"inLanguage\":\"pt-BR\",\"potentialAction\":[{\"@type\":\"ReadAction\",\"target\":[\"https:\/\/jornalfatosenoticias.com.br\/index.php\/2022\/04\/13\/memorias-da-infancia-por-que-nao-nos-lembramos-dos-primeiros-anos\/\"]}]},{\"@type\":\"ImageObject\",\"inLanguage\":\"pt-BR\",\"@id\":\"https:\/\/jornalfatosenoticias.com.br\/index.php\/2022\/04\/13\/memorias-da-infancia-por-que-nao-nos-lembramos-dos-primeiros-anos\/#primaryimage\",\"url\":\"https:\/\/jornalfatosenoticias.com.br\/wp-content\/uploads\/2022\/04\/memorias-da-infancia.jpg\",\"contentUrl\":\"https:\/\/jornalfatosenoticias.com.br\/wp-content\/uploads\/2022\/04\/memorias-da-infancia.jpg\",\"width\":1000,\"height\":562},{\"@type\":\"BreadcrumbList\",\"@id\":\"https:\/\/jornalfatosenoticias.com.br\/index.php\/2022\/04\/13\/memorias-da-infancia-por-que-nao-nos-lembramos-dos-primeiros-anos\/#breadcrumb\",\"itemListElement\":[{\"@type\":\"ListItem\",\"position\":1,\"name\":\"In\u00edcio\",\"item\":\"https:\/\/jornalfatosenoticias.com.br\/\"},{\"@type\":\"ListItem\",\"position\":2,\"name\":\"Mem\u00f3rias da inf\u00e2ncia: por que n\u00e3o nos lembramos dos primeiros anos?\"}]},{\"@type\":\"WebSite\",\"@id\":\"https:\/\/jornalfatosenoticias.com.br\/#website\",\"url\":\"https:\/\/jornalfatosenoticias.com.br\/\",\"name\":\"Jornal Fatos e Not\u00edcias\",\"description\":\"Not\u00edcias em geral\",\"publisher\":{\"@id\":\"https:\/\/jornalfatosenoticias.com.br\/#organization\"},\"potentialAction\":[{\"@type\":\"SearchAction\",\"target\":{\"@type\":\"EntryPoint\",\"urlTemplate\":\"https:\/\/jornalfatosenoticias.com.br\/?s={search_term_string}\"},\"query-input\":{\"@type\":\"PropertyValueSpecification\",\"valueRequired\":true,\"valueName\":\"search_term_string\"}}],\"inLanguage\":\"pt-BR\"},{\"@type\":\"Organization\",\"@id\":\"https:\/\/jornalfatosenoticias.com.br\/#organization\",\"name\":\"Jornal Fatos e Not\u00edcias\",\"url\":\"https:\/\/jornalfatosenoticias.com.br\/\",\"logo\":{\"@type\":\"ImageObject\",\"inLanguage\":\"pt-BR\",\"@id\":\"https:\/\/jornalfatosenoticias.com.br\/#\/schema\/logo\/image\/\",\"url\":\"https:\/\/jornalfatosenoticias.com.br\/wp-content\/uploads\/2020\/02\/logo120.png\",\"contentUrl\":\"https:\/\/jornalfatosenoticias.com.br\/wp-content\/uploads\/2020\/02\/logo120.png\",\"width\":1227,\"height\":120,\"caption\":\"Jornal Fatos e Not\u00edcias\"},\"image\":{\"@id\":\"https:\/\/jornalfatosenoticias.com.br\/#\/schema\/logo\/image\/\"}},{\"@type\":\"Person\",\"@id\":\"https:\/\/jornalfatosenoticias.com.br\/#\/schema\/person\/d63837fa13ac8666eb9e74e0985d6f81\",\"name\":\"Luzimara Fernandes\",\"image\":{\"@type\":\"ImageObject\",\"inLanguage\":\"pt-BR\",\"@id\":\"https:\/\/jornalfatosenoticias.com.br\/#\/schema\/person\/image\/\",\"url\":\"https:\/\/jornalfatosenoticias.com.br\/wp-content\/uploads\/2025\/05\/EU_portal.jpg\",\"contentUrl\":\"https:\/\/jornalfatosenoticias.com.br\/wp-content\/uploads\/2025\/05\/EU_portal.jpg\",\"caption\":\"Luzimara Fernandes\"},\"description\":\"Jornalista MTB 2358-ES\",\"sameAs\":[\"https:\/\/jornalfatosenoticias.com.br\"],\"url\":\"https:\/\/jornalfatosenoticias.com.br\/index.php\/author\/luzimara\/\"}]}<\/script>\n<!-- \/ Yoast SEO plugin. -->","yoast_head_json":{"title":"Mem\u00f3rias da inf\u00e2ncia: por que n\u00e3o nos lembramos dos primeiros anos? - Jornal Fatos e Not\u00edcias","robots":{"index":"index","follow":"follow","max-snippet":"max-snippet:-1","max-image-preview":"max-image-preview:large","max-video-preview":"max-video-preview:-1"},"canonical":"https:\/\/jornalfatosenoticias.com.br\/index.php\/2022\/04\/13\/memorias-da-infancia-por-que-nao-nos-lembramos-dos-primeiros-anos\/","og_locale":"pt_BR","og_type":"article","og_title":"Mem\u00f3rias da inf\u00e2ncia: por que n\u00e3o nos lembramos dos primeiros anos? - Jornal Fatos e Not\u00edcias","og_description":"Especialistas ao longo da hist\u00f3ria esclarecem por que n\u00e3o lembramos dos primeiros anos Qual a mem\u00f3ria de inf\u00e2ncia mais antiga que voc\u00ea tem? Especialistas j\u00e1 chegaram no consenso de que o ser humano costuma lembrar do que aconteceu apenas a partir dos tr\u00eas anos de idade. Algumas pessoas pensam que s\u00e3o capazes de recordar momentos [&hellip;]","og_url":"https:\/\/jornalfatosenoticias.com.br\/index.php\/2022\/04\/13\/memorias-da-infancia-por-que-nao-nos-lembramos-dos-primeiros-anos\/","og_site_name":"Jornal Fatos e Not\u00edcias","article_published_time":"2022-04-13T17:30:06+00:00","article_modified_time":"2022-04-13T17:30:09+00:00","og_image":[{"width":1000,"height":562,"url":"https:\/\/jornalfatosenoticias.com.br\/wp-content\/uploads\/2022\/04\/memorias-da-infancia.jpg","type":"image\/jpeg"}],"author":"Luzimara Fernandes","twitter_card":"summary_large_image","twitter_misc":{"Escrito por":"Luzimara Fernandes","Est. tempo de leitura":"2 minutos"},"schema":{"@context":"https:\/\/schema.org","@graph":[{"@type":"Article","@id":"https:\/\/jornalfatosenoticias.com.br\/index.php\/2022\/04\/13\/memorias-da-infancia-por-que-nao-nos-lembramos-dos-primeiros-anos\/#article","isPartOf":{"@id":"https:\/\/jornalfatosenoticias.com.br\/index.php\/2022\/04\/13\/memorias-da-infancia-por-que-nao-nos-lembramos-dos-primeiros-anos\/"},"author":{"name":"Luzimara Fernandes","@id":"https:\/\/jornalfatosenoticias.com.br\/#\/schema\/person\/d63837fa13ac8666eb9e74e0985d6f81"},"headline":"Mem\u00f3rias da inf\u00e2ncia: por que n\u00e3o nos lembramos dos primeiros anos?","datePublished":"2022-04-13T17:30:06+00:00","dateModified":"2022-04-13T17:30:09+00:00","mainEntityOfPage":{"@id":"https:\/\/jornalfatosenoticias.com.br\/index.php\/2022\/04\/13\/memorias-da-infancia-por-que-nao-nos-lembramos-dos-primeiros-anos\/"},"wordCount":428,"commentCount":0,"publisher":{"@id":"https:\/\/jornalfatosenoticias.com.br\/#organization"},"image":{"@id":"https:\/\/jornalfatosenoticias.com.br\/index.php\/2022\/04\/13\/memorias-da-infancia-por-que-nao-nos-lembramos-dos-primeiros-anos\/#primaryimage"},"thumbnailUrl":"https:\/\/jornalfatosenoticias.com.br\/wp-content\/uploads\/2022\/04\/memorias-da-infancia.jpg","keywords":["lembran\u00e7as","mem\u00f3rias","mem\u00f3rias da inf\u00e2ncia","primeiros anos"],"articleSection":["Comportamento &amp; Equil\u00edbrio"],"inLanguage":"pt-BR","potentialAction":[{"@type":"CommentAction","name":"Comment","target":["https:\/\/jornalfatosenoticias.com.br\/index.php\/2022\/04\/13\/memorias-da-infancia-por-que-nao-nos-lembramos-dos-primeiros-anos\/#respond"]}]},{"@type":"WebPage","@id":"https:\/\/jornalfatosenoticias.com.br\/index.php\/2022\/04\/13\/memorias-da-infancia-por-que-nao-nos-lembramos-dos-primeiros-anos\/","url":"https:\/\/jornalfatosenoticias.com.br\/index.php\/2022\/04\/13\/memorias-da-infancia-por-que-nao-nos-lembramos-dos-primeiros-anos\/","name":"Mem\u00f3rias da inf\u00e2ncia: por que n\u00e3o nos lembramos dos primeiros anos? - Jornal Fatos e Not\u00edcias","isPartOf":{"@id":"https:\/\/jornalfatosenoticias.com.br\/#website"},"primaryImageOfPage":{"@id":"https:\/\/jornalfatosenoticias.com.br\/index.php\/2022\/04\/13\/memorias-da-infancia-por-que-nao-nos-lembramos-dos-primeiros-anos\/#primaryimage"},"image":{"@id":"https:\/\/jornalfatosenoticias.com.br\/index.php\/2022\/04\/13\/memorias-da-infancia-por-que-nao-nos-lembramos-dos-primeiros-anos\/#primaryimage"},"thumbnailUrl":"https:\/\/jornalfatosenoticias.com.br\/wp-content\/uploads\/2022\/04\/memorias-da-infancia.jpg","datePublished":"2022-04-13T17:30:06+00:00","dateModified":"2022-04-13T17:30:09+00:00","breadcrumb":{"@id":"https:\/\/jornalfatosenoticias.com.br\/index.php\/2022\/04\/13\/memorias-da-infancia-por-que-nao-nos-lembramos-dos-primeiros-anos\/#breadcrumb"},"inLanguage":"pt-BR","potentialAction":[{"@type":"ReadAction","target":["https:\/\/jornalfatosenoticias.com.br\/index.php\/2022\/04\/13\/memorias-da-infancia-por-que-nao-nos-lembramos-dos-primeiros-anos\/"]}]},{"@type":"ImageObject","inLanguage":"pt-BR","@id":"https:\/\/jornalfatosenoticias.com.br\/index.php\/2022\/04\/13\/memorias-da-infancia-por-que-nao-nos-lembramos-dos-primeiros-anos\/#primaryimage","url":"https:\/\/jornalfatosenoticias.com.br\/wp-content\/uploads\/2022\/04\/memorias-da-infancia.jpg","contentUrl":"https:\/\/jornalfatosenoticias.com.br\/wp-content\/uploads\/2022\/04\/memorias-da-infancia.jpg","width":1000,"height":562},{"@type":"BreadcrumbList","@id":"https:\/\/jornalfatosenoticias.com.br\/index.php\/2022\/04\/13\/memorias-da-infancia-por-que-nao-nos-lembramos-dos-primeiros-anos\/#breadcrumb","itemListElement":[{"@type":"ListItem","position":1,"name":"In\u00edcio","item":"https:\/\/jornalfatosenoticias.com.br\/"},{"@type":"ListItem","position":2,"name":"Mem\u00f3rias da inf\u00e2ncia: por que n\u00e3o nos lembramos dos primeiros anos?"}]},{"@type":"WebSite","@id":"https:\/\/jornalfatosenoticias.com.br\/#website","url":"https:\/\/jornalfatosenoticias.com.br\/","name":"Jornal Fatos e Not\u00edcias","description":"Not\u00edcias em geral","publisher":{"@id":"https:\/\/jornalfatosenoticias.com.br\/#organization"},"potentialAction":[{"@type":"SearchAction","target":{"@type":"EntryPoint","urlTemplate":"https:\/\/jornalfatosenoticias.com.br\/?s={search_term_string}"},"query-input":{"@type":"PropertyValueSpecification","valueRequired":true,"valueName":"search_term_string"}}],"inLanguage":"pt-BR"},{"@type":"Organization","@id":"https:\/\/jornalfatosenoticias.com.br\/#organization","name":"Jornal Fatos e Not\u00edcias","url":"https:\/\/jornalfatosenoticias.com.br\/","logo":{"@type":"ImageObject","inLanguage":"pt-BR","@id":"https:\/\/jornalfatosenoticias.com.br\/#\/schema\/logo\/image\/","url":"https:\/\/jornalfatosenoticias.com.br\/wp-content\/uploads\/2020\/02\/logo120.png","contentUrl":"https:\/\/jornalfatosenoticias.com.br\/wp-content\/uploads\/2020\/02\/logo120.png","width":1227,"height":120,"caption":"Jornal Fatos e Not\u00edcias"},"image":{"@id":"https:\/\/jornalfatosenoticias.com.br\/#\/schema\/logo\/image\/"}},{"@type":"Person","@id":"https:\/\/jornalfatosenoticias.com.br\/#\/schema\/person\/d63837fa13ac8666eb9e74e0985d6f81","name":"Luzimara Fernandes","image":{"@type":"ImageObject","inLanguage":"pt-BR","@id":"https:\/\/jornalfatosenoticias.com.br\/#\/schema\/person\/image\/","url":"https:\/\/jornalfatosenoticias.com.br\/wp-content\/uploads\/2025\/05\/EU_portal.jpg","contentUrl":"https:\/\/jornalfatosenoticias.com.br\/wp-content\/uploads\/2025\/05\/EU_portal.jpg","caption":"Luzimara Fernandes"},"description":"Jornalista MTB 2358-ES","sameAs":["https:\/\/jornalfatosenoticias.com.br"],"url":"https:\/\/jornalfatosenoticias.com.br\/index.php\/author\/luzimara\/"}]}},"cc_featured_image_caption":{"caption_text":"(Foto: mstandret\/Envato) ","source_text":"","source_url":""},"jetpack_featured_media_url":"https:\/\/jornalfatosenoticias.com.br\/wp-content\/uploads\/2022\/04\/memorias-da-infancia.jpg","_links":{"self":[{"href":"https:\/\/jornalfatosenoticias.com.br\/index.php\/wp-json\/wp\/v2\/posts\/29702","targetHints":{"allow":["GET"]}}],"collection":[{"href":"https:\/\/jornalfatosenoticias.com.br\/index.php\/wp-json\/wp\/v2\/posts"}],"about":[{"href":"https:\/\/jornalfatosenoticias.com.br\/index.php\/wp-json\/wp\/v2\/types\/post"}],"author":[{"embeddable":true,"href":"https:\/\/jornalfatosenoticias.com.br\/index.php\/wp-json\/wp\/v2\/users\/2"}],"replies":[{"embeddable":true,"href":"https:\/\/jornalfatosenoticias.com.br\/index.php\/wp-json\/wp\/v2\/comments?post=29702"}],"version-history":[{"count":0,"href":"https:\/\/jornalfatosenoticias.com.br\/index.php\/wp-json\/wp\/v2\/posts\/29702\/revisions"}],"wp:featuredmedia":[{"embeddable":true,"href":"https:\/\/jornalfatosenoticias.com.br\/index.php\/wp-json\/wp\/v2\/media\/29703"}],"wp:attachment":[{"href":"https:\/\/jornalfatosenoticias.com.br\/index.php\/wp-json\/wp\/v2\/media?parent=29702"}],"wp:term":[{"taxonomy":"category","embeddable":true,"href":"https:\/\/jornalfatosenoticias.com.br\/index.php\/wp-json\/wp\/v2\/categories?post=29702"},{"taxonomy":"post_tag","embeddable":true,"href":"https:\/\/jornalfatosenoticias.com.br\/index.php\/wp-json\/wp\/v2\/tags?post=29702"}],"curies":[{"name":"wp","href":"https:\/\/api.w.org\/{rel}","templated":true}]}}